{"id":42121,"date":"2022-11-07T14:28:34","date_gmt":"2022-11-07T12:28:34","guid":{"rendered":"https:\/\/www.laguiadepamplona.com\/actualidad\/?p=42121"},"modified":"2023-04-11T11:47:37","modified_gmt":"2023-04-11T09:47:37","slug":"semana-terrorifica-en-la-casa-de-la-juventud-el-xi-festival-de-cine-fantastico-y-de-terror-de-navarra-y-actividades-de-animacion-todas-las-tardes-del-8-al-12-de-noviembre","status":"publish","type":"post","link":"https:\/\/www.laguiadepamplona.com\/actualidad\/semana-terrorifica-en-la-casa-de-la-juventud-el-xi-festival-de-cine-fantastico-y-de-terror-de-navarra-y-actividades-de-animacion-todas-las-tardes-del-8-al-12-de-noviembre\/","title":{"rendered":"Semana terror\u00edfica en la Casa de la Juventud: el XI Festival de Cine Fant\u00e1stico y de Terror de Navarra y actividades de animaci\u00f3n todas las tardes del 8 al 12 de noviembre"},"content":{"rendered":"<h5>Las tardes comenzar\u00e1n a las 17 horas, y actividades y proyecciones propuestas ser\u00e1n gratuitas<\/h5>\n<p><!--more--><\/p>\n<p><a href=\"https:\/\/www.laguiadepamplona.com\/actualidad\/wp-content\/uploads\/2022\/11\/fgqdrlrx0amdxij_1.jpeg\"><img loading=\"lazy\" decoding=\"async\" class=\"alignleft wp-image-42123 size-medium\" src=\"https:\/\/www.laguiadepamplona.com\/actualidad\/wp-content\/uploads\/2022\/11\/fgqdrlrx0amdxij_1-300x300.jpeg\" alt=\"\" width=\"300\" height=\"300\" srcset=\"https:\/\/www.laguiadepamplona.com\/actualidad\/wp-content\/uploads\/2022\/11\/fgqdrlrx0amdxij_1-300x300.jpeg 300w, https:\/\/www.laguiadepamplona.com\/actualidad\/wp-content\/uploads\/2022\/11\/fgqdrlrx0amdxij_1-682x682.jpeg 682w, https:\/\/www.laguiadepamplona.com\/actualidad\/wp-content\/uploads\/2022\/11\/fgqdrlrx0amdxij_1-150x150.jpeg 150w, https:\/\/www.laguiadepamplona.com\/actualidad\/wp-content\/uploads\/2022\/11\/fgqdrlrx0amdxij_1-768x768.jpeg 768w, https:\/\/www.laguiadepamplona.com\/actualidad\/wp-content\/uploads\/2022\/11\/fgqdrlrx0amdxij_1-64x64.jpeg 64w, https:\/\/www.laguiadepamplona.com\/actualidad\/wp-content\/uploads\/2022\/11\/fgqdrlrx0amdxij_1-640x640.jpeg 640w, https:\/\/www.laguiadepamplona.com\/actualidad\/wp-content\/uploads\/2022\/11\/fgqdrlrx0amdxij_1-550x550.jpeg 550w, https:\/\/www.laguiadepamplona.com\/actualidad\/wp-content\/uploads\/2022\/11\/fgqdrlrx0amdxij_1.jpeg 1080w\" sizes=\"auto, (max-width: 300px) 100vw, 300px\" \/><\/a> <a href=\"https:\/\/www.laguiadepamplona.com\/actualidad\/wp-content\/uploads\/2022\/11\/fgqeo0exoaeflza.jpeg\"><img loading=\"lazy\" decoding=\"async\" class=\"alignleft wp-image-42124 size-medium\" src=\"https:\/\/www.laguiadepamplona.com\/actualidad\/wp-content\/uploads\/2022\/11\/fgqeo0exoaeflza-300x300.jpeg\" alt=\"\" width=\"300\" height=\"300\" srcset=\"https:\/\/www.laguiadepamplona.com\/actualidad\/wp-content\/uploads\/2022\/11\/fgqeo0exoaeflza-300x300.jpeg 300w, https:\/\/www.laguiadepamplona.com\/actualidad\/wp-content\/uploads\/2022\/11\/fgqeo0exoaeflza-682x682.jpeg 682w, https:\/\/www.laguiadepamplona.com\/actualidad\/wp-content\/uploads\/2022\/11\/fgqeo0exoaeflza-150x150.jpeg 150w, https:\/\/www.laguiadepamplona.com\/actualidad\/wp-content\/uploads\/2022\/11\/fgqeo0exoaeflza-768x768.jpeg 768w, https:\/\/www.laguiadepamplona.com\/actualidad\/wp-content\/uploads\/2022\/11\/fgqeo0exoaeflza-64x64.jpeg 64w, https:\/\/www.laguiadepamplona.com\/actualidad\/wp-content\/uploads\/2022\/11\/fgqeo0exoaeflza-640x640.jpeg 640w, https:\/\/www.laguiadepamplona.com\/actualidad\/wp-content\/uploads\/2022\/11\/fgqeo0exoaeflza-550x550.jpeg 550w, https:\/\/www.laguiadepamplona.com\/actualidad\/wp-content\/uploads\/2022\/11\/fgqeo0exoaeflza.jpeg 1080w\" sizes=\"auto, (max-width: 300px) 100vw, 300px\" \/><\/a>Este pr\u00f3ximo martes 8 de noviembre se inicia una Semana Terror\u00edfica en la Casa de la Juventud, un conjunto de actividades que se programan por las tardes para ambientar y complementar el XI Festival de Cine Fant\u00e1stico y de Terror de Navarra, una cita con el g\u00e9nero que se desarrollar\u00e1 en ese mismo entorno del 9 al 12 de noviembre.<\/p>\n<p>Lo previsto en la Casa son 10 sesiones de un escape room, diferentes actividades dentro del programa Cafeteando y un concurso que repartir\u00e1 libros de terror. Estas actividades se desarrollar\u00e1n de 17 a 19 horas. Luego, comenzar\u00e1n las proyecciones.<\/p>\n<p>El festival <a href=\"http:\/\/www.horroronlineart.com\/\" target=\"_blank\" rel=\"noopener\">proyectar\u00e1 cortometrajes nacionales e internacionales<\/a>. Como es habitual el p\u00fablico podr\u00e1 votar para decidir su premio entre los 18 cortometrajes propuestos de terror, ciencia ficci\u00f3n, comedia negra o fantas\u00eda. Tambi\u00e9n se otorgar\u00e1 un premio al Mejor cortometraje otorgado por un jurado profesiones. Como clausura, el s\u00e1bado 12 de noviembre \u00faltimo d\u00eda del festival se proyectar\u00e1 como pel\u00edcula especial \u201cLa invitaci\u00f3n\u201d, ganadora en el festival de Sitges y dirigida por Karyn Kusama y se anunciar\u00e1n los premios. Las sesiones ser\u00e1n presentadas por el director del festival, Miguel Su\u00e1rez del Cerro, y los miembros de los cortometrajes que acudan a las sesiones.<\/p>\n<p>Todas las actividades y sesiones de los pr\u00f3ximos d\u00edas ser\u00e1n gratuitas.<br \/>\n<script async src=\"\/\/pagead2.googlesyndication.com\/pagead\/js\/adsbygoogle.js\"><\/script><br \/>\n<!-- Noticias La Guia de Pamplona --><br \/>\n<ins class=\"adsbygoogle\"\nstyle=\"display:block\"\ndata-ad-client=\"ca-pub-6943679897239327\"\ndata-ad-slot=\"7048180777\"\ndata-ad-format=\"auto\"><\/ins><br \/>\n<script>\n(adsbygoogle = window.adsbygoogle || []).push({});\n<\/script><\/p>\n<p><strong>El XI Festival de Cine Fant\u00e1stico y de Terror de Navarra<\/strong><\/p>\n<p>Todas las proyecciones comenzar\u00e1n a las 19 horas y tendr\u00e1n entrada libre. En la primera sesi\u00f3n, del mi\u00e9rcoles 9 de noviembre se podr\u00e1n ver \u2018Face not recognized\u2019, \u2018Rhea\u2019, \u2018Nosotros las bestias\u2019, \u2018Operaci\u00f3n Frankenstein\u2019, \u2018La inquilina\u2019 y \u2018Teo\u2019. Al d\u00eda siguiente, jueves 10, la sesi\u00f3n incluir\u00e1 los cortometrajes \u2018La nueva\u2019, \u2018Camouflage\u2019, \u2018Hot dog\u2019, \u2018El viajero\u2019, \u2018Xun\u2019 y \u2018Under the ice\u2019. Y el festival continuar\u00e1 el viernes d\u00eda 11 con \u2018665\u2019, \u2018Voy para tu casa\u2019, \u2018La f\u00e1bula de Quarantamaula\u2019, \u2018El umbral\u2019, \u2018Noche de Ensayo\u2019 y \u2018Amours synth\u00e9tiques\u2019. El certamen se clausura el s\u00e1bado 12 de noviembre con el anuncio de los cortometrajes ganadores y la exhibici\u00f3n de la reconocida pel\u00edcula \u2018La invitaci\u00f3n\u2019, de Karyn Kusama.<\/p>\n<p>Los cortometrajes llegan tanto de distintos pa\u00edses europeos, como del cine americano y asi\u00e1tico m\u00e1s novedoso. En Pamplona son estrenos y algunas se podr\u00e1n ver por primera vez en Espa\u00f1a. Otras aterrizar\u00e1n en la ciudad tras su paso por festivales del g\u00e9nero tan relevantes como Sitges 2022. En esas piezas se podr\u00e1n ver tambi\u00e9n caras conocidas de int\u00e9rpretes nacionales, como Bel\u00e9n Rueda o Pablo Chiapella. En esta edici\u00f3n el festival colabora, por primera vez, con la productora audiovisual CVLTO, que tambi\u00e9n se ha encargado del dise\u00f1o de los carteles de este a\u00f1o.<\/p>\n<p>El p\u00fablico podr\u00e1 votar en cada sesi\u00f3n sus preferencias para el premio que lleva su nombre. El jurado del galard\u00f3n \u2018Mejor cortometraje\u2019 lo compondr\u00e1n el guionista y escritor Agust\u00edn Lara, la promotora cultural e investigadora mexicana Brenda Ram\u00edrez, el actor y productor Fernando Albert Bermejo, la directora de cine Carla Calder\u00f3n, el cr\u00edtico Luis Ortiz Escalante y el creador de podcast sobre el s\u00e9ptimo arte Javier Hern\u00e1ndez.<br \/>\n<script async src=\"\/\/pagead2.googlesyndication.com\/pagead\/js\/adsbygoogle.js\"><\/script><br \/>\n<!-- Noticias La Guia de Pamplona --><br \/>\n<ins class=\"adsbygoogle\"\nstyle=\"display:block\"\ndata-ad-client=\"ca-pub-6943679897239327\"\ndata-ad-slot=\"7048180777\"\ndata-ad-format=\"auto\"><\/ins><br \/>\n<script>\n(adsbygoogle = window.adsbygoogle || []).push({});\n<\/script><\/p>\n<p><strong>19 propuestas terror\u00edficas en la Casa<\/strong><\/p>\n<p>Desde el d\u00eda previo al festival hasta su conclusi\u00f3n, el Ayuntamiento de Pamplona albergar\u00e1 actividades vinculadas al g\u00e9nero y ha reconvertido su programaci\u00f3n en una \u2018oferta terror\u00edfica\u2019 destinada a p\u00fablico de 14 a 30 a\u00f1os. Adem\u00e1s, el espacio f\u00edsico estar\u00e1 ambientado para la ocasi\u00f3n.<\/p>\n<p>Como oferta continuada todos los d\u00edas se propondr\u00e1n dos sesiones del escape room de terror \u2018El retorno del Juguetero: El Juguetero ha escapado\u2019, una propuesta de la Asociaci\u00f3n L&amp;T que admitir\u00e1 grupos de hasta 6 participantes. Las sesiones tendr\u00e1n lugar a las 17 y a las 18 horas, con una duraci\u00f3n de alrededor de 45 minutos. Despu\u00e9s de a\u00f1os en prisi\u00f3n, el conocido asesino en serie ha huido de la prisi\u00f3n de alta seguridad en la que fue encerrado. En su celda s\u00f3lo qued\u00f3 un puzle que nadie ha podido resolver&#8230;hasta ahora. La actividad es gratuita, pero requiere inscripci\u00f3n previa en la Casa de la Juventud de manera presencial o llamando por tel\u00e9fono al 948 23 35 12.<\/p>\n<p>Todas las tardes de martes a viernes tambi\u00e9n se desarrollar\u00e1 el concurso Juego \u201cQue te sea leve\u201d. Las personas participantes deber\u00e1n adivinar el peso exacto de los distintos objetos que se ir\u00e1n proponiendo. Para quienes acierten o se acerquen m\u00e1s a la realidad habr\u00e1 de premio libro de terror.<br \/>\n<script async src=\"\/\/pagead2.googlesyndication.com\/pagead\/js\/adsbygoogle.js\"><\/script><br \/>\n<!-- Noticias La Guia de Pamplona --><br \/>\n<ins class=\"adsbygoogle\"\nstyle=\"display:block\"\ndata-ad-client=\"ca-pub-6943679897239327\"\ndata-ad-slot=\"7048180777\"\ndata-ad-format=\"auto\"><\/ins><br \/>\n<script>\n(adsbygoogle = window.adsbygoogle || []).push({});\n<\/script><\/p>\n<p><strong>Actividades diferentes cada tarde<\/strong><\/p>\n<p>Adem\u00e1s, cada tarde habr\u00e1 propuestas diferentes dentro del programa habitual de #Cafeteando. El martes 8 de noviembre se propone un \u2018Bingo de terror\u2019 en el que, en los cartones, en vez de n\u00fameros habr\u00e1 frases seleccionadas de los guiones de las pel\u00edculas de terror m\u00e1s famosas.<\/p>\n<p>El mi\u00e9rcoles se podr\u00e1 participar en juegos: \u2018Adivina la pel\u00edcula de terror\u2019 y \u2018El fantasma\u2019. Destinado a las personas m\u00e1s cin\u00e9filas el primero es un juego por equipos que consiste en acertar el titulo de la pel\u00edcula que est\u00e1 representando con m\u00edmica el equipo contrario; el segundo es un juego individual eliminatorio de percepci\u00f3n. Una persona ser\u00e1 seleccionada para ser el \u201cfantasma\u201d y se deber\u00e1 colocar detr\u00e1s de alg\u00fan participante (estar\u00e1 situados en c\u00edrculo con los ojos cerrados); la persona tras la que se sit\u00fae deber\u00e1 \u2019adivinar\u2019 que el espectro lo ha escogido.<\/p>\n<p>El jueves 10, la asesor\u00eda de la Casa especializada en temas jur\u00eddicos abordar\u00e1 la sesi\u00f3n \u2018Derechos de Autor, copiar s\u00ed da miedo\u2019. En ella, usando ejemplos reales de pel\u00edculas de terror que fueron denunciadas por plagio, se hablar\u00e1 de la protecci\u00f3n contra el plagio en el cine. Para los cin\u00e9filos y curiosos esta charla ser\u00e1 una forma de conocer cu\u00e1l fue el vericueto judicial de las denuncias y como acab\u00f3. El, como todos los viernes, la semana laborable acabar\u00e1 en un Karaoke, en este caso, terror\u00edfico<br \/>\n<script async src=\"\/\/pagead2.googlesyndication.com\/pagead\/js\/adsbygoogle.js\"><\/script><br \/>\n<!-- Noticias La Guia de Pamplona --><br \/>\n<ins class=\"adsbygoogle\"\nstyle=\"display:block\"\ndata-ad-client=\"ca-pub-6943679897239327\"\ndata-ad-slot=\"7048180777\"\ndata-ad-format=\"auto\"><\/ins><br \/>\n<script>\n(adsbygoogle = window.adsbygoogle || []).push({});\n<\/script><\/p>\n<p>&nbsp;<\/p>\n<h3>Semana Terror\u00edfica en la Casa de la Juventud. Del 8 al 12 de noviembre<\/h3>\n<p><strong>XI Festival de Cine Fant\u00e1stico y de Terror de Navarra<\/strong><\/p>\n<ul>\n<li>PROYECCIONES<\/li>\n<li>Del 9 al 12 de noviembre. 19 horas. Entrada libre<\/li>\n<\/ul>\n<p><strong>El retorno del Juguetero<\/strong><\/p>\n<ul>\n<li>ESCAPE ROOM DE TERROR<\/li>\n<li>Del 8 al 12 de noviembre. 17 y 18 horas<\/li>\n<li>Inscripci\u00f3n en la Casa de la Juventud de manera presencial o llamando por tel\u00e9fono al 948 23 35 12<\/li>\n<\/ul>\n<p><strong>Que te sea leve<\/strong><\/p>\n<ul>\n<li>CONCURSO<\/li>\n<li>Del 8 al 11 de noviembre<\/li>\n<li>Premios: libros de terror<\/li>\n<\/ul>\n<p><strong>Bingo de terror<\/strong><\/p>\n<ul>\n<li>JUEGO<\/li>\n<li>Martes, 8 de noviembre. 17.30 horas.<\/li>\n<\/ul>\n<p><strong>Adivina la pel\u00edcula de terror y El fantasma<\/strong><\/p>\n<ul>\n<li>JUEGOS<\/li>\n<li>Mi\u00e9rcoles, 9 de noviembre. 17.30 horas<\/li>\n<\/ul>\n<p><strong>\u00a1El jueves me entero! Derechos de Autor, copiar s\u00ed da miedo<\/strong><\/p>\n<ul>\n<li>ASESOR\u00cdA<\/li>\n<li>Jueves, 10 de noviembre. 18 horas<\/li>\n<\/ul>\n<p><strong>Karaoke escalofriante<\/strong><\/p>\n<ul>\n<li>M\u00daSICA<\/li>\n<li>Viernes, 11 de noviembre. 17:30 horas<\/li>\n<\/ul>\n<p>&nbsp;<br \/>\n[qodef_button size=\u00bblarge\u00bb type=\u00bb\u00bb text=\u00bbFestival cine terror navarra.pdf\u00bb custom_class=\u00bb\u00bb icon_pack=\u00bbfont_elegant\u00bb fa_icon=\u00bbicon_download\u00bb link=\u00bbhttps:\/\/www.pamplona.es\/sites\/default\/files\/2022-11\/festivalcineterrornavarracortos.pdf\u00bb target=\u00bb_blank\u00bb color=\u00bbffffff\u00bb hover_color=\u00bb\u00bb background_color=\u00bb\u00bb hover_background_color=\u00bb\u00bb border_color=\u00bb\u00bb hover_border_color=\u00bb\u00bb font_size=\u00bb\u00bb font_weight=\u00bb\u00bb margin=\u00bb\u00bb]\n&nbsp;<\/p>\n","protected":false},"excerpt":{"rendered":"<p>Las tardes comenzar\u00e1n a las 17 horas, y actividades y proyecciones propuestas ser\u00e1n gratuitas<\/p>\n","protected":false},"author":1,"featured_media":42122,"comment_status":"open","ping_status":"closed","sticky":false,"template":"","format":"standard","meta":{"footnotes":""},"categories":[2],"tags":[],"class_list":["post-42121","post","type-post","status-publish","format-standard","has-post-thumbnail","hentry","category-ayuntamiento-pamplona"],"yoast_head":"<!-- This site is optimized with the Yoast SEO plugin v27.3 - https:\/\/yoast.com\/product\/yoast-seo-wordpress\/ -->\n<title>Semana terror\u00edfica en la Casa de la Juventud: el XI Festival de Cine Fant\u00e1stico y de Terror de Navarra y actividades de animaci\u00f3n todas las tardes del 8 al 12 de noviembre<\/title>\n<meta name=\"description\" content=\"Las tardes comenzar\u00e1n a las 17 horas, y actividades y proyecciones propuestas ser\u00e1n gratuitas\" \/>\n<meta name=\"robots\" content=\"index, follow, max-snippet:-1, max-image-preview:large, max-video-preview:-1\" \/>\n<link rel=\"canonical\" href=\"https:\/\/www.laguiadepamplona.com\/actualidad\/semana-terrorifica-en-la-casa-de-la-juventud-el-xi-festival-de-cine-fantastico-y-de-terror-de-navarra-y-actividades-de-animacion-todas-las-tardes-del-8-al-12-de-noviembre\/\" \/>\n<meta property=\"og:locale\" content=\"es_ES\" \/>\n<meta property=\"og:type\" content=\"article\" \/>\n<meta property=\"og:title\" content=\"Semana terror\u00edfica en la Casa de la Juventud: el XI Festival de Cine Fant\u00e1stico y de Terror de Navarra y actividades de animaci\u00f3n todas las tardes del 8 al 12 de noviembre\" \/>\n<meta property=\"og:description\" content=\"Las tardes comenzar\u00e1n a las 17 horas, y actividades y proyecciones propuestas ser\u00e1n gratuitas\" \/>\n<meta property=\"og:url\" content=\"https:\/\/www.laguiadepamplona.com\/actualidad\/semana-terrorifica-en-la-casa-de-la-juventud-el-xi-festival-de-cine-fantastico-y-de-terror-de-navarra-y-actividades-de-animacion-todas-las-tardes-del-8-al-12-de-noviembre\/\" \/>\n<meta property=\"og:site_name\" content=\"La Gu\u00eda de Pamplona\" \/>\n<meta property=\"article:publisher\" content=\"https:\/\/www.facebook.com\/laguiadepamplonacom-133175176762273\/?ref=hl\" \/>\n<meta property=\"article:published_time\" content=\"2022-11-07T12:28:34+00:00\" \/>\n<meta property=\"article:modified_time\" content=\"2023-04-11T09:47:37+00:00\" \/>\n<meta property=\"og:image\" content=\"https:\/\/www.laguiadepamplona.com\/actualidad\/wp-content\/uploads\/2022\/11\/festival-cine-terror-navarra-cortos.webp\" \/>\n\t<meta property=\"og:image:width\" content=\"1920\" \/>\n\t<meta property=\"og:image:height\" content=\"591\" \/>\n\t<meta property=\"og:image:type\" content=\"image\/webp\" \/>\n<meta name=\"author\" content=\"La Gu\u00eda de Pamplona\" \/>\n<meta name=\"twitter:card\" content=\"summary_large_image\" \/>\n<meta name=\"twitter:creator\" content=\"@LaGuiadPamplona\" \/>\n<meta name=\"twitter:site\" content=\"@LaGuiadPamplona\" \/>\n<meta name=\"twitter:label1\" content=\"Escrito por\" \/>\n\t<meta name=\"twitter:data1\" content=\"La Gu\u00eda de Pamplona\" \/>\n\t<meta name=\"twitter:label2\" content=\"Tiempo de lectura\" \/>\n\t<meta name=\"twitter:data2\" content=\"6 minutos\" \/>\n<script type=\"application\/ld+json\" class=\"yoast-schema-graph\">{\"@context\":\"https:\\\/\\\/schema.org\",\"@graph\":[{\"@type\":\"Article\",\"@id\":\"https:\\\/\\\/www.laguiadepamplona.com\\\/actualidad\\\/semana-terrorifica-en-la-casa-de-la-juventud-el-xi-festival-de-cine-fantastico-y-de-terror-de-navarra-y-actividades-de-animacion-todas-las-tardes-del-8-al-12-de-noviembre\\\/#article\",\"isPartOf\":{\"@id\":\"https:\\\/\\\/www.laguiadepamplona.com\\\/actualidad\\\/semana-terrorifica-en-la-casa-de-la-juventud-el-xi-festival-de-cine-fantastico-y-de-terror-de-navarra-y-actividades-de-animacion-todas-las-tardes-del-8-al-12-de-noviembre\\\/\"},\"author\":{\"name\":\"La Gu\u00eda de Pamplona\",\"@id\":\"https:\\\/\\\/www.laguiadepamplona.com\\\/actualidad\\\/#\\\/schema\\\/person\\\/efe887376f0213d4657c93adc50b1fdb\"},\"headline\":\"Semana terror\u00edfica en la Casa de la Juventud: el XI Festival de Cine Fant\u00e1stico y de Terror de Navarra y actividades de animaci\u00f3n todas las tardes del 8 al 12 de noviembre\",\"datePublished\":\"2022-11-07T12:28:34+00:00\",\"dateModified\":\"2023-04-11T09:47:37+00:00\",\"mainEntityOfPage\":{\"@id\":\"https:\\\/\\\/www.laguiadepamplona.com\\\/actualidad\\\/semana-terrorifica-en-la-casa-de-la-juventud-el-xi-festival-de-cine-fantastico-y-de-terror-de-navarra-y-actividades-de-animacion-todas-las-tardes-del-8-al-12-de-noviembre\\\/\"},\"wordCount\":1255,\"commentCount\":0,\"publisher\":{\"@id\":\"https:\\\/\\\/www.laguiadepamplona.com\\\/actualidad\\\/#organization\"},\"image\":{\"@id\":\"https:\\\/\\\/www.laguiadepamplona.com\\\/actualidad\\\/semana-terrorifica-en-la-casa-de-la-juventud-el-xi-festival-de-cine-fantastico-y-de-terror-de-navarra-y-actividades-de-animacion-todas-las-tardes-del-8-al-12-de-noviembre\\\/#primaryimage\"},\"thumbnailUrl\":\"https:\\\/\\\/www.laguiadepamplona.com\\\/actualidad\\\/wp-content\\\/uploads\\\/2022\\\/11\\\/festival-cine-terror-navarra-cortos.webp\",\"articleSection\":[\"Ayto Pamplona\"],\"inLanguage\":\"es\",\"potentialAction\":[{\"@type\":\"CommentAction\",\"name\":\"Comment\",\"target\":[\"https:\\\/\\\/www.laguiadepamplona.com\\\/actualidad\\\/semana-terrorifica-en-la-casa-de-la-juventud-el-xi-festival-de-cine-fantastico-y-de-terror-de-navarra-y-actividades-de-animacion-todas-las-tardes-del-8-al-12-de-noviembre\\\/#respond\"]}]},{\"@type\":\"WebPage\",\"@id\":\"https:\\\/\\\/www.laguiadepamplona.com\\\/actualidad\\\/semana-terrorifica-en-la-casa-de-la-juventud-el-xi-festival-de-cine-fantastico-y-de-terror-de-navarra-y-actividades-de-animacion-todas-las-tardes-del-8-al-12-de-noviembre\\\/\",\"url\":\"https:\\\/\\\/www.laguiadepamplona.com\\\/actualidad\\\/semana-terrorifica-en-la-casa-de-la-juventud-el-xi-festival-de-cine-fantastico-y-de-terror-de-navarra-y-actividades-de-animacion-todas-las-tardes-del-8-al-12-de-noviembre\\\/\",\"name\":\"Semana terror\u00edfica en la Casa de la Juventud: el XI Festival de Cine Fant\u00e1stico y de Terror de Navarra y actividades de animaci\u00f3n todas las tardes del 8 al 12 de noviembre\",\"isPartOf\":{\"@id\":\"https:\\\/\\\/www.laguiadepamplona.com\\\/actualidad\\\/#website\"},\"primaryImageOfPage\":{\"@id\":\"https:\\\/\\\/www.laguiadepamplona.com\\\/actualidad\\\/semana-terrorifica-en-la-casa-de-la-juventud-el-xi-festival-de-cine-fantastico-y-de-terror-de-navarra-y-actividades-de-animacion-todas-las-tardes-del-8-al-12-de-noviembre\\\/#primaryimage\"},\"image\":{\"@id\":\"https:\\\/\\\/www.laguiadepamplona.com\\\/actualidad\\\/semana-terrorifica-en-la-casa-de-la-juventud-el-xi-festival-de-cine-fantastico-y-de-terror-de-navarra-y-actividades-de-animacion-todas-las-tardes-del-8-al-12-de-noviembre\\\/#primaryimage\"},\"thumbnailUrl\":\"https:\\\/\\\/www.laguiadepamplona.com\\\/actualidad\\\/wp-content\\\/uploads\\\/2022\\\/11\\\/festival-cine-terror-navarra-cortos.webp\",\"datePublished\":\"2022-11-07T12:28:34+00:00\",\"dateModified\":\"2023-04-11T09:47:37+00:00\",\"description\":\"Las tardes comenzar\u00e1n a las 17 horas, y actividades y proyecciones propuestas ser\u00e1n gratuitas\",\"breadcrumb\":{\"@id\":\"https:\\\/\\\/www.laguiadepamplona.com\\\/actualidad\\\/semana-terrorifica-en-la-casa-de-la-juventud-el-xi-festival-de-cine-fantastico-y-de-terror-de-navarra-y-actividades-de-animacion-todas-las-tardes-del-8-al-12-de-noviembre\\\/#breadcrumb\"},\"inLanguage\":\"es\",\"potentialAction\":[{\"@type\":\"ReadAction\",\"target\":[\"https:\\\/\\\/www.laguiadepamplona.com\\\/actualidad\\\/semana-terrorifica-en-la-casa-de-la-juventud-el-xi-festival-de-cine-fantastico-y-de-terror-de-navarra-y-actividades-de-animacion-todas-las-tardes-del-8-al-12-de-noviembre\\\/\"]}]},{\"@type\":\"ImageObject\",\"inLanguage\":\"es\",\"@id\":\"https:\\\/\\\/www.laguiadepamplona.com\\\/actualidad\\\/semana-terrorifica-en-la-casa-de-la-juventud-el-xi-festival-de-cine-fantastico-y-de-terror-de-navarra-y-actividades-de-animacion-todas-las-tardes-del-8-al-12-de-noviembre\\\/#primaryimage\",\"url\":\"https:\\\/\\\/www.laguiadepamplona.com\\\/actualidad\\\/wp-content\\\/uploads\\\/2022\\\/11\\\/festival-cine-terror-navarra-cortos.webp\",\"contentUrl\":\"https:\\\/\\\/www.laguiadepamplona.com\\\/actualidad\\\/wp-content\\\/uploads\\\/2022\\\/11\\\/festival-cine-terror-navarra-cortos.webp\",\"width\":1920,\"height\":591},{\"@type\":\"BreadcrumbList\",\"@id\":\"https:\\\/\\\/www.laguiadepamplona.com\\\/actualidad\\\/semana-terrorifica-en-la-casa-de-la-juventud-el-xi-festival-de-cine-fantastico-y-de-terror-de-navarra-y-actividades-de-animacion-todas-las-tardes-del-8-al-12-de-noviembre\\\/#breadcrumb\",\"itemListElement\":[{\"@type\":\"ListItem\",\"position\":1,\"name\":\"Portada\",\"item\":\"https:\\\/\\\/www.laguiadepamplona.com\\\/actualidad\\\/\"},{\"@type\":\"ListItem\",\"position\":2,\"name\":\"Semana terror\u00edfica en la Casa de la Juventud: el XI Festival de Cine Fant\u00e1stico y de Terror de Navarra y actividades de animaci\u00f3n todas las tardes del 8 al 12 de noviembre\"}]},{\"@type\":\"WebSite\",\"@id\":\"https:\\\/\\\/www.laguiadepamplona.com\\\/actualidad\\\/#website\",\"url\":\"https:\\\/\\\/www.laguiadepamplona.com\\\/actualidad\\\/\",\"name\":\"La gu\u00eda de Pamplona\",\"description\":\"Noticias de Pamplona\",\"publisher\":{\"@id\":\"https:\\\/\\\/www.laguiadepamplona.com\\\/actualidad\\\/#organization\"},\"potentialAction\":[{\"@type\":\"SearchAction\",\"target\":{\"@type\":\"EntryPoint\",\"urlTemplate\":\"https:\\\/\\\/www.laguiadepamplona.com\\\/actualidad\\\/?s={search_term_string}\"},\"query-input\":{\"@type\":\"PropertyValueSpecification\",\"valueRequired\":true,\"valueName\":\"search_term_string\"}}],\"inLanguage\":\"es\"},{\"@type\":\"Organization\",\"@id\":\"https:\\\/\\\/www.laguiadepamplona.com\\\/actualidad\\\/#organization\",\"name\":\"La Gu\u00eda de Pamplona \\\/ Noticias\",\"url\":\"https:\\\/\\\/www.laguiadepamplona.com\\\/actualidad\\\/\",\"logo\":{\"@type\":\"ImageObject\",\"inLanguage\":\"es\",\"@id\":\"https:\\\/\\\/www.laguiadepamplona.com\\\/actualidad\\\/#\\\/schema\\\/logo\\\/image\\\/\",\"url\":\"https:\\\/\\\/www.laguiadepamplona.com\\\/actualidad\\\/wp-content\\\/uploads\\\/2018\\\/11\\\/logo-laguiadepamplona18-web1.png\",\"contentUrl\":\"https:\\\/\\\/www.laguiadepamplona.com\\\/actualidad\\\/wp-content\\\/uploads\\\/2018\\\/11\\\/logo-laguiadepamplona18-web1.png\",\"width\":600,\"height\":196,\"caption\":\"La Gu\u00eda de Pamplona \\\/ Noticias\"},\"image\":{\"@id\":\"https:\\\/\\\/www.laguiadepamplona.com\\\/actualidad\\\/#\\\/schema\\\/logo\\\/image\\\/\"},\"sameAs\":[\"https:\\\/\\\/www.facebook.com\\\/laguiadepamplonacom-133175176762273\\\/?ref=hl\",\"https:\\\/\\\/x.com\\\/LaGuiadPamplona\",\"https:\\\/\\\/www.instagram.com\\\/la_guia_de_pamplona\\\/\",\"https:\\\/\\\/www.youtube.com\\\/user\\\/laguiadepamplona\"]},{\"@type\":\"Person\",\"@id\":\"https:\\\/\\\/www.laguiadepamplona.com\\\/actualidad\\\/#\\\/schema\\\/person\\\/efe887376f0213d4657c93adc50b1fdb\",\"name\":\"La Gu\u00eda de Pamplona\",\"image\":{\"@type\":\"ImageObject\",\"inLanguage\":\"es\",\"@id\":\"https:\\\/\\\/secure.gravatar.com\\\/avatar\\\/b6992f131dc8d30ab0dff15446e9d346d9dbd95992de0fef795073f5ea83a81c?s=96&d=mm&r=g\",\"url\":\"https:\\\/\\\/secure.gravatar.com\\\/avatar\\\/b6992f131dc8d30ab0dff15446e9d346d9dbd95992de0fef795073f5ea83a81c?s=96&d=mm&r=g\",\"contentUrl\":\"https:\\\/\\\/secure.gravatar.com\\\/avatar\\\/b6992f131dc8d30ab0dff15446e9d346d9dbd95992de0fef795073f5ea83a81c?s=96&d=mm&r=g\",\"caption\":\"La Gu\u00eda de Pamplona\"}}]}<\/script>\n<!-- \/ Yoast SEO plugin. -->","yoast_head_json":{"title":"Semana terror\u00edfica en la Casa de la Juventud: el XI Festival de Cine Fant\u00e1stico y de Terror de Navarra y actividades de animaci\u00f3n todas las tardes del 8 al 12 de noviembre","description":"Las tardes comenzar\u00e1n a las 17 horas, y actividades y proyecciones propuestas ser\u00e1n gratuitas","robots":{"index":"index","follow":"follow","max-snippet":"max-snippet:-1","max-image-preview":"max-image-preview:large","max-video-preview":"max-video-preview:-1"},"canonical":"https:\/\/www.laguiadepamplona.com\/actualidad\/semana-terrorifica-en-la-casa-de-la-juventud-el-xi-festival-de-cine-fantastico-y-de-terror-de-navarra-y-actividades-de-animacion-todas-las-tardes-del-8-al-12-de-noviembre\/","og_locale":"es_ES","og_type":"article","og_title":"Semana terror\u00edfica en la Casa de la Juventud: el XI Festival de Cine Fant\u00e1stico y de Terror de Navarra y actividades de animaci\u00f3n todas las tardes del 8 al 12 de noviembre","og_description":"Las tardes comenzar\u00e1n a las 17 horas, y actividades y proyecciones propuestas ser\u00e1n gratuitas","og_url":"https:\/\/www.laguiadepamplona.com\/actualidad\/semana-terrorifica-en-la-casa-de-la-juventud-el-xi-festival-de-cine-fantastico-y-de-terror-de-navarra-y-actividades-de-animacion-todas-las-tardes-del-8-al-12-de-noviembre\/","og_site_name":"La Gu\u00eda de Pamplona","article_publisher":"https:\/\/www.facebook.com\/laguiadepamplonacom-133175176762273\/?ref=hl","article_published_time":"2022-11-07T12:28:34+00:00","article_modified_time":"2023-04-11T09:47:37+00:00","og_image":[{"width":1920,"height":591,"url":"https:\/\/www.laguiadepamplona.com\/actualidad\/wp-content\/uploads\/2022\/11\/festival-cine-terror-navarra-cortos.webp","type":"image\/webp"}],"author":"La Gu\u00eda de Pamplona","twitter_card":"summary_large_image","twitter_creator":"@LaGuiadPamplona","twitter_site":"@LaGuiadPamplona","twitter_misc":{"Escrito por":"La Gu\u00eda de Pamplona","Tiempo de lectura":"6 minutos"},"schema":{"@context":"https:\/\/schema.org","@graph":[{"@type":"Article","@id":"https:\/\/www.laguiadepamplona.com\/actualidad\/semana-terrorifica-en-la-casa-de-la-juventud-el-xi-festival-de-cine-fantastico-y-de-terror-de-navarra-y-actividades-de-animacion-todas-las-tardes-del-8-al-12-de-noviembre\/#article","isPartOf":{"@id":"https:\/\/www.laguiadepamplona.com\/actualidad\/semana-terrorifica-en-la-casa-de-la-juventud-el-xi-festival-de-cine-fantastico-y-de-terror-de-navarra-y-actividades-de-animacion-todas-las-tardes-del-8-al-12-de-noviembre\/"},"author":{"name":"La Gu\u00eda de Pamplona","@id":"https:\/\/www.laguiadepamplona.com\/actualidad\/#\/schema\/person\/efe887376f0213d4657c93adc50b1fdb"},"headline":"Semana terror\u00edfica en la Casa de la Juventud: el XI Festival de Cine Fant\u00e1stico y de Terror de Navarra y actividades de animaci\u00f3n todas las tardes del 8 al 12 de noviembre","datePublished":"2022-11-07T12:28:34+00:00","dateModified":"2023-04-11T09:47:37+00:00","mainEntityOfPage":{"@id":"https:\/\/www.laguiadepamplona.com\/actualidad\/semana-terrorifica-en-la-casa-de-la-juventud-el-xi-festival-de-cine-fantastico-y-de-terror-de-navarra-y-actividades-de-animacion-todas-las-tardes-del-8-al-12-de-noviembre\/"},"wordCount":1255,"commentCount":0,"publisher":{"@id":"https:\/\/www.laguiadepamplona.com\/actualidad\/#organization"},"image":{"@id":"https:\/\/www.laguiadepamplona.com\/actualidad\/semana-terrorifica-en-la-casa-de-la-juventud-el-xi-festival-de-cine-fantastico-y-de-terror-de-navarra-y-actividades-de-animacion-todas-las-tardes-del-8-al-12-de-noviembre\/#primaryimage"},"thumbnailUrl":"https:\/\/www.laguiadepamplona.com\/actualidad\/wp-content\/uploads\/2022\/11\/festival-cine-terror-navarra-cortos.webp","articleSection":["Ayto Pamplona"],"inLanguage":"es","potentialAction":[{"@type":"CommentAction","name":"Comment","target":["https:\/\/www.laguiadepamplona.com\/actualidad\/semana-terrorifica-en-la-casa-de-la-juventud-el-xi-festival-de-cine-fantastico-y-de-terror-de-navarra-y-actividades-de-animacion-todas-las-tardes-del-8-al-12-de-noviembre\/#respond"]}]},{"@type":"WebPage","@id":"https:\/\/www.laguiadepamplona.com\/actualidad\/semana-terrorifica-en-la-casa-de-la-juventud-el-xi-festival-de-cine-fantastico-y-de-terror-de-navarra-y-actividades-de-animacion-todas-las-tardes-del-8-al-12-de-noviembre\/","url":"https:\/\/www.laguiadepamplona.com\/actualidad\/semana-terrorifica-en-la-casa-de-la-juventud-el-xi-festival-de-cine-fantastico-y-de-terror-de-navarra-y-actividades-de-animacion-todas-las-tardes-del-8-al-12-de-noviembre\/","name":"Semana terror\u00edfica en la Casa de la Juventud: el XI Festival de Cine Fant\u00e1stico y de Terror de Navarra y actividades de animaci\u00f3n todas las tardes del 8 al 12 de noviembre","isPartOf":{"@id":"https:\/\/www.laguiadepamplona.com\/actualidad\/#website"},"primaryImageOfPage":{"@id":"https:\/\/www.laguiadepamplona.com\/actualidad\/semana-terrorifica-en-la-casa-de-la-juventud-el-xi-festival-de-cine-fantastico-y-de-terror-de-navarra-y-actividades-de-animacion-todas-las-tardes-del-8-al-12-de-noviembre\/#primaryimage"},"image":{"@id":"https:\/\/www.laguiadepamplona.com\/actualidad\/semana-terrorifica-en-la-casa-de-la-juventud-el-xi-festival-de-cine-fantastico-y-de-terror-de-navarra-y-actividades-de-animacion-todas-las-tardes-del-8-al-12-de-noviembre\/#primaryimage"},"thumbnailUrl":"https:\/\/www.laguiadepamplona.com\/actualidad\/wp-content\/uploads\/2022\/11\/festival-cine-terror-navarra-cortos.webp","datePublished":"2022-11-07T12:28:34+00:00","dateModified":"2023-04-11T09:47:37+00:00","description":"Las tardes comenzar\u00e1n a las 17 horas, y actividades y proyecciones propuestas ser\u00e1n gratuitas","breadcrumb":{"@id":"https:\/\/www.laguiadepamplona.com\/actualidad\/semana-terrorifica-en-la-casa-de-la-juventud-el-xi-festival-de-cine-fantastico-y-de-terror-de-navarra-y-actividades-de-animacion-todas-las-tardes-del-8-al-12-de-noviembre\/#breadcrumb"},"inLanguage":"es","potentialAction":[{"@type":"ReadAction","target":["https:\/\/www.laguiadepamplona.com\/actualidad\/semana-terrorifica-en-la-casa-de-la-juventud-el-xi-festival-de-cine-fantastico-y-de-terror-de-navarra-y-actividades-de-animacion-todas-las-tardes-del-8-al-12-de-noviembre\/"]}]},{"@type":"ImageObject","inLanguage":"es","@id":"https:\/\/www.laguiadepamplona.com\/actualidad\/semana-terrorifica-en-la-casa-de-la-juventud-el-xi-festival-de-cine-fantastico-y-de-terror-de-navarra-y-actividades-de-animacion-todas-las-tardes-del-8-al-12-de-noviembre\/#primaryimage","url":"https:\/\/www.laguiadepamplona.com\/actualidad\/wp-content\/uploads\/2022\/11\/festival-cine-terror-navarra-cortos.webp","contentUrl":"https:\/\/www.laguiadepamplona.com\/actualidad\/wp-content\/uploads\/2022\/11\/festival-cine-terror-navarra-cortos.webp","width":1920,"height":591},{"@type":"BreadcrumbList","@id":"https:\/\/www.laguiadepamplona.com\/actualidad\/semana-terrorifica-en-la-casa-de-la-juventud-el-xi-festival-de-cine-fantastico-y-de-terror-de-navarra-y-actividades-de-animacion-todas-las-tardes-del-8-al-12-de-noviembre\/#breadcrumb","itemListElement":[{"@type":"ListItem","position":1,"name":"Portada","item":"https:\/\/www.laguiadepamplona.com\/actualidad\/"},{"@type":"ListItem","position":2,"name":"Semana terror\u00edfica en la Casa de la Juventud: el XI Festival de Cine Fant\u00e1stico y de Terror de Navarra y actividades de animaci\u00f3n todas las tardes del 8 al 12 de noviembre"}]},{"@type":"WebSite","@id":"https:\/\/www.laguiadepamplona.com\/actualidad\/#website","url":"https:\/\/www.laguiadepamplona.com\/actualidad\/","name":"La gu\u00eda de Pamplona","description":"Noticias de Pamplona","publisher":{"@id":"https:\/\/www.laguiadepamplona.com\/actualidad\/#organization"},"potentialAction":[{"@type":"SearchAction","target":{"@type":"EntryPoint","urlTemplate":"https:\/\/www.laguiadepamplona.com\/actualidad\/?s={search_term_string}"},"query-input":{"@type":"PropertyValueSpecification","valueRequired":true,"valueName":"search_term_string"}}],"inLanguage":"es"},{"@type":"Organization","@id":"https:\/\/www.laguiadepamplona.com\/actualidad\/#organization","name":"La Gu\u00eda de Pamplona \/ Noticias","url":"https:\/\/www.laguiadepamplona.com\/actualidad\/","logo":{"@type":"ImageObject","inLanguage":"es","@id":"https:\/\/www.laguiadepamplona.com\/actualidad\/#\/schema\/logo\/image\/","url":"https:\/\/www.laguiadepamplona.com\/actualidad\/wp-content\/uploads\/2018\/11\/logo-laguiadepamplona18-web1.png","contentUrl":"https:\/\/www.laguiadepamplona.com\/actualidad\/wp-content\/uploads\/2018\/11\/logo-laguiadepamplona18-web1.png","width":600,"height":196,"caption":"La Gu\u00eda de Pamplona \/ Noticias"},"image":{"@id":"https:\/\/www.laguiadepamplona.com\/actualidad\/#\/schema\/logo\/image\/"},"sameAs":["https:\/\/www.facebook.com\/laguiadepamplonacom-133175176762273\/?ref=hl","https:\/\/x.com\/LaGuiadPamplona","https:\/\/www.instagram.com\/la_guia_de_pamplona\/","https:\/\/www.youtube.com\/user\/laguiadepamplona"]},{"@type":"Person","@id":"https:\/\/www.laguiadepamplona.com\/actualidad\/#\/schema\/person\/efe887376f0213d4657c93adc50b1fdb","name":"La Gu\u00eda de Pamplona","image":{"@type":"ImageObject","inLanguage":"es","@id":"https:\/\/secure.gravatar.com\/avatar\/b6992f131dc8d30ab0dff15446e9d346d9dbd95992de0fef795073f5ea83a81c?s=96&d=mm&r=g","url":"https:\/\/secure.gravatar.com\/avatar\/b6992f131dc8d30ab0dff15446e9d346d9dbd95992de0fef795073f5ea83a81c?s=96&d=mm&r=g","contentUrl":"https:\/\/secure.gravatar.com\/avatar\/b6992f131dc8d30ab0dff15446e9d346d9dbd95992de0fef795073f5ea83a81c?s=96&d=mm&r=g","caption":"La Gu\u00eda de Pamplona"}}]}},"post_mailing_queue_ids":[],"_links":{"self":[{"href":"https:\/\/www.laguiadepamplona.com\/actualidad\/wp-json\/wp\/v2\/posts\/42121","targetHints":{"allow":["GET"]}}],"collection":[{"href":"https:\/\/www.laguiadepamplona.com\/actualidad\/wp-json\/wp\/v2\/posts"}],"about":[{"href":"https:\/\/www.laguiadepamplona.com\/actualidad\/wp-json\/wp\/v2\/types\/post"}],"author":[{"embeddable":true,"href":"https:\/\/www.laguiadepamplona.com\/actualidad\/wp-json\/wp\/v2\/users\/1"}],"replies":[{"embeddable":true,"href":"https:\/\/www.laguiadepamplona.com\/actualidad\/wp-json\/wp\/v2\/comments?post=42121"}],"version-history":[{"count":0,"href":"https:\/\/www.laguiadepamplona.com\/actualidad\/wp-json\/wp\/v2\/posts\/42121\/revisions"}],"wp:featuredmedia":[{"embeddable":true,"href":"https:\/\/www.laguiadepamplona.com\/actualidad\/wp-json\/wp\/v2\/media\/42122"}],"wp:attachment":[{"href":"https:\/\/www.laguiadepamplona.com\/actualidad\/wp-json\/wp\/v2\/media?parent=42121"}],"wp:term":[{"taxonomy":"category","embeddable":true,"href":"https:\/\/www.laguiadepamplona.com\/actualidad\/wp-json\/wp\/v2\/categories?post=42121"},{"taxonomy":"post_tag","embeddable":true,"href":"https:\/\/www.laguiadepamplona.com\/actualidad\/wp-json\/wp\/v2\/tags?post=42121"}],"curies":[{"name":"wp","href":"https:\/\/api.w.org\/{rel}","templated":true}]}}