{"id":42118,"date":"2022-11-07T14:22:27","date_gmt":"2022-11-07T12:22:27","guid":{"rendered":"https:\/\/www.laguiadepamplona.com\/actualidad\/?p=42118"},"modified":"2023-04-11T11:47:37","modified_gmt":"2023-04-11T09:47:37","slug":"vuelve-el-festival-mapping-con-el-que-pamplona-quiere-acercar-las-artes-a-la-primera-infancia-a-traves-de-espectaculos-instalaciones-y-talleres","status":"publish","type":"post","link":"https:\/\/www.laguiadepamplona.com\/actualidad\/vuelve-el-festival-mapping-con-el-que-pamplona-quiere-acercar-las-artes-a-la-primera-infancia-a-traves-de-espectaculos-instalaciones-y-talleres\/","title":{"rendered":"Vuelve el Festival Mapping con el que Pamplona quiere acercar las artes a la primera infancia a trav\u00e9s de espect\u00e1culos, instalaciones y talleres"},"content":{"rendered":"<h5>El festival, que celebra su segunda edici\u00f3n, se desarrollar\u00e1 en Civivox Mendillorri y Civivox Iturrama entre los d\u00edas 12 y 26 de este mes<\/h5>\n<p><!--more--><\/p>\n<p>Pamplona acoge este mes de noviembre la segunda edici\u00f3n del Festival Internacional Mapping para Familias y Primera Infancia, una herramienta para fomentar la creatividad entre los m\u00e1s peque\u00f1os a trav\u00e9s de espect\u00e1culos, talleres e instalaciones sensoriales. El Ayuntamiento de Pamplona, a trav\u00e9s de la red Civivox, colabora con Teatro Para\u00edso en la puesta en marcha de este festival, que se desarrollar\u00e1 entre los d\u00edas 12 y 26 de noviembre, con una programaci\u00f3n especialmente dirigida a familias con beb\u00e9s. La concejala delegada de Cultura e Igualdad, Mar\u00eda Garc\u00eda-Barberena, junto con la directora de Teatro Para\u00edso Antzerkia, Mar\u00eda Pilar L\u00f3pez; y la actriz y directora de La Piel Teatro, Jaione Urtasun, ha presentado hoy la programaci\u00f3n del festival, que se desarrollar\u00e1 en Civivox Mendillorri y Civivox Iturrama.<\/p>\n<p>El festival, que surge de la mano del proyecto europeo del mismo nombre, propone abordar, desde el Consistorio, un servicio de alfabetizaci\u00f3n cultural para la peque\u00f1a infancia, un acercamiento a las artes desde la experimentaci\u00f3n y la contemplaci\u00f3n, para promover la curiosidad y el inter\u00e9s desde edades tempranas. Como a\u00f1adidura, el festival permite impulsar la cultura contempor\u00e1nea entre la poblaci\u00f3n y afianzar un modelo colaborativo en el mundo de las artes.<br \/>\n<script async src=\"\/\/pagead2.googlesyndication.com\/pagead\/js\/adsbygoogle.js\"><\/script><br \/>\n<!-- Noticias La Guia de Pamplona --><br \/>\n<ins class=\"adsbygoogle\"\nstyle=\"display:block\"\ndata-ad-client=\"ca-pub-6943679897239327\"\ndata-ad-slot=\"7048180777\"\ndata-ad-format=\"auto\"><\/ins><br \/>\n<script>\n(adsbygoogle = window.adsbygoogle || []).push({});\n<\/script><\/p>\n<p>LUDI es el nombre que recibe el espect\u00e1culo interactivo con el que dar\u00e1 comienzo el festival, este s\u00e1bado, d\u00eda 12, en Civivox Mendillorri. Se trata, tal y como explican los organizadores, de un poema esc\u00e9nico, en el que artistas y p\u00fablico se sumergir\u00e1n en los elementos que conforman la naturaleza con el objetivo de experimentar desde la sensorialidad. Se han previsto cuatro sesiones, dos en castellano (a las 10.30 y a las 18.30 horas) y dos en euskera (a las 12 y a las 17.15 horas). La actividad, pensada para menores de 2 a 4 a\u00f1os acompa\u00f1ados de una persona adulta, es gratuita.<\/p>\n<p>Tambi\u00e9n en s\u00e1bado tendr\u00e1n lugar los dos espect\u00e1culos programados para esta segunda edici\u00f3n. As\u00ed, el d\u00eda 19, los peque\u00f1os de entre 1 y 3 a\u00f1os podr\u00e1n disfrutar de la propuesta esc\u00e9nica \u2018Aqualuz \/ Urargi\u2019 en Civivox Mendillorri. En ella, la compa\u00f1\u00eda La Piel Teatro busca que los m\u00e1s peque\u00f1os experimenten con la luz y con el agua, como fuente de distintas emociones. El espect\u00e1culo surge del acompa\u00f1amiento y el asesoramiento de Teatro Para\u00edso Antzerkia. Esta colaboraci\u00f3n es, precisamente, una novedad de esta edici\u00f3n, en la que ambas compa\u00f1\u00edas han trabajado juntas para amplificar sus capacidades art\u00edsticas y de producci\u00f3n.<\/p>\n<p>Por su parte, el s\u00e1bado d\u00eda 26, ser\u00e1 el turno de la compa\u00f1\u00eda belga Th\u00e9\u00e2tre de la Guimbarde, que ofrecer\u00e1 a los ni\u00f1os y ni\u00f1as de entre 2 y 4 a\u00f1os la obra \u2018Cache-Cache\u2019. Se trata de un espect\u00e1culo que explora todo lo que rodea al juego del escondite: emociones, miedo, sorpresa y alegr\u00eda. En ambos casos, se han previsto dos sesiones cada d\u00eda, a las 10.30 horas y a las 12.30 horas, todas ellas en Civivox Mendillorri.\u00a0 La sesi\u00f3n de las 12.30 horas del espect\u00e1culo \u2018Aqualuz \/ Urargi\u2019 ser\u00e1 en euskera.<br \/>\n<script async src=\"\/\/pagead2.googlesyndication.com\/pagead\/js\/adsbygoogle.js\"><\/script><br \/>\n<!-- Noticias La Guia de Pamplona --><br \/>\n<ins class=\"adsbygoogle\"\nstyle=\"display:block\"\ndata-ad-client=\"ca-pub-6943679897239327\"\ndata-ad-slot=\"7048180777\"\ndata-ad-format=\"auto\"><\/ins><br \/>\n<script>\n(adsbygoogle = window.adsbygoogle || []).push({});\n<\/script><\/p>\n<p><strong>Charlas y talleres<\/strong><\/p>\n<p>El festival incluye, asimismo, una charla formativa para adultos, con la que madres, padres y personal docente puedan ahondar en la dimensi\u00f3n del juego en casa y en la escuela, y el componente educativo y de aprendizaje que conlleva el juego. La charla, que tendr\u00e1 lugar el jueves 24 de noviembre, tendr\u00e1 lugar a las seis de la tarde. A lo largo de hora y media, Elena Eraso, de Art&amp;Peques, abordar\u00e1 el papel de los minimundos que los ni\u00f1os y ni\u00f1as crean durante sus juegos, solos o en compa\u00f1\u00eda, y las similitudes que esto tiene con la escenificaci\u00f3n teatral. La charla, que es gratuita, tendr\u00e1 lugar en Civivox Iturrama.<\/p>\n<p>La propuesta art\u00edstica para primera infancia incluye, tambi\u00e9n, dos talleres de expresi\u00f3n art\u00edstica y pl\u00e1stica para beb\u00e9s, desde los 15 meses hasta los 4 a\u00f1os, inspirados en los espect\u00e1culos Aqualuz y Cache-Cache. Ambos se han programado en viernes, en horario de 17.30 a 18.30 horas, uno el viernes 18 y otro el d\u00eda 25. El primero de ellos, programado en Civivox Mendillorri, lleva por t\u00edtulo \u2018Contenedores luminosos\u2019 y se trata de una experiencia sensorial con luz negra. El segundo, \u2018Pintando el escondite\u2019, se celebrar\u00e1 en Civivox Iturrama.<br \/>\n<script async src=\"\/\/pagead2.googlesyndication.com\/pagead\/js\/adsbygoogle.js\"><\/script><br \/>\n<!-- Noticias La Guia de Pamplona --><br \/>\n<ins class=\"adsbygoogle\"\nstyle=\"display:block\"\ndata-ad-client=\"ca-pub-6943679897239327\"\ndata-ad-slot=\"7048180777\"\ndata-ad-format=\"auto\"><\/ins><br \/>\n<script>\n(adsbygoogle = window.adsbygoogle || []).push({});\n<\/script><\/p>\n<p><strong>Festival internacional<\/strong><\/p>\n<p>Los festivales MAPPING forman parte del proyecto europeo del mismo nombre y se constituyen como momentos de investigaci\u00f3n y divulgaci\u00f3n en torno a la est\u00e9tica de las artes esc\u00e9nicas para la peque\u00f1a infancia. Se celebran en cada uno de los territorios de los 18 socios que integran el proyecto hasta 2023.<\/p>\n<p>Teatros, instituciones y artistas colaboran en este proyecto europeo. As\u00ed, adem\u00e1s del Teatro Para\u00edso, como participante navarro, se han implicado en Mapping el Teatro Toihaus, de Austria; el Th\u00e9\u00e2tre de La Guimbarde, de B\u00e9lgica; Madame Bach, de Dinamarca; el Teatro de danza Auraco, de Finlandia; el Ayuntamiento de Limoges, en Francia; el Teatro Helios, de Alemania;\u00a0 Artika, de Grecia; el Teatro de marionetas Kolibri, de Hungr\u00eda; Baboro Festival Internacional, de Irlanda; La Baracca ONLUS, de Italia, que ejerce como l\u00edder del proyecto;\u00a0 la Feria del Libro Infantil de Bolonia, de Italia; De Stilte, de Pa\u00edses Bajos; Teatr Animaczy, de Polonia; Teatrul Ion Creanga, de Rumania; dLutkovno Gledalisce Ljubljana, de Eslovenia; Teater Tre, de Suecia; y el Teatro Polka, de Reino Unido.<br \/>\n<script async src=\"\/\/pagead2.googlesyndication.com\/pagead\/js\/adsbygoogle.js\"><\/script><br \/>\n<!-- Noticias La Guia de Pamplona --><br \/>\n<ins class=\"adsbygoogle\"\nstyle=\"display:block\"\ndata-ad-client=\"ca-pub-6943679897239327\"\ndata-ad-slot=\"7048180777\"\ndata-ad-format=\"auto\"><\/ins><br \/>\n<script>\n(adsbygoogle = window.adsbygoogle || []).push({});\n<\/script><\/p>\n<p>&nbsp;<\/p>\n<h3>Programaci\u00f3n del II Festival Mapping<\/h3>\n<ul>\n<li><strong>Instalaci\u00f3n-espect\u00e1culo<\/strong>\n<ul>\n<li>S\u00e1bado, d\u00eda 12. <strong> Poemas esc\u00e9nicos<\/strong>. En Civivox Iturrama. En castellano a las 10.30 y 18.30 horas. En euskera, a las 12 y 17.15 horas. Dirigido a menores de entre 2 y 4 a\u00f1os, acompa\u00f1ados por una persona adulta. La entrada es gratuita, previa inscripci\u00f3n.<\/li>\n<\/ul>\n<\/li>\n<li><strong>Espect\u00e1culos<\/strong>\n<ul>\n<li>S\u00e1bado, d\u00eda 19. <strong>Aqualuz-Urargi<\/strong>. En Civivox Mendillorri. En castellano a las 10.30 horas y en euskera a las 12.30 horas. Dirigido a menores de entre 1 y 3 a\u00f1os, acompa\u00f1ados de una persona adulta. La entrada cuesta 3 euros y es necesaria inscripci\u00f3n previa.<\/li>\n<li>S\u00e1bado, d\u00eda 26. <strong>Cache-Cache<\/strong>. En Civivox Mendillorri. En castellano a las 10.30 horas y en euskera a las 12.30 horas. Dirigido a menores de entre 2 y 4 a\u00f1os, acompa\u00f1ados de una persona adulta. La entrada cuesta 3 euros y es necesaria inscripci\u00f3n previa.<\/li>\n<\/ul>\n<\/li>\n<li><strong>Charla informativa<\/strong>\n<ul>\n<li>Jueves, d\u00eda 24. <strong>Minimundos<\/strong>. Juego y aprendizaje multidimensional en casa y en la escuela. En Civivox Iturrama. En castellano. A las 18 horas. Dirigido a personas adultas, madres, padres y personal docente. La entrada es gratuita, previa inscripci\u00f3n.<\/li>\n<\/ul>\n<\/li>\n<li><strong>Talleres de experimentaci\u00f3n art\u00edstica y pl\u00e1stica para beb\u00e9s<\/strong>\n<ul>\n<li>Viernes, d\u00eda 18. <strong>Contenedores luminosos. Experiencia sensorial con luz negra<\/strong>. En Civivox Mendillorri. A las 17.30 horas en castellano. Dirigido a menores de entre 15 meses y 3 a\u00f1os. Entrada: 4 euros, con inscripci\u00f3n previa.<\/li>\n<li>Viernes, d\u00eda 25. <strong>Pintando el escondite<\/strong>. En Civivox Iturrama. A las 17.30 horas. Dirigido a menores de 2 a 4 a\u00f1os, en compa\u00f1\u00eda de una persona adulta. Entrada: 4 euros, con inscripci\u00f3n previa.<\/li>\n<\/ul>\n<\/li>\n<li>Las inscripciones y las entradas pueden adquirirse a trav\u00e9s del tel\u00e9fono 010, de la red Civivox y de la web pamplonaescultura.es<\/li>\n<\/ul>\n","protected":false},"excerpt":{"rendered":"<p>El festival, que celebra su segunda edici\u00f3n, se desarrollar\u00e1 en Civivox Mendillorri y Civivox Iturrama entre los d\u00edas 12 y 26 de este mes<\/p>\n","protected":false},"author":1,"featured_media":42119,"comment_status":"open","ping_status":"closed","sticky":false,"template":"","format":"standard","meta":{"footnotes":""},"categories":[2],"tags":[],"class_list":["post-42118","post","type-post","status-publish","format-standard","has-post-thumbnail","hentry","category-ayuntamiento-pamplona"],"yoast_head":"<!-- This site is optimized with the Yoast SEO plugin v27.3 - https:\/\/yoast.com\/product\/yoast-seo-wordpress\/ -->\n<title>Vuelve el Festival Mapping con el que Pamplona quiere acercar las artes a la primera infancia a trav\u00e9s de espect\u00e1culos, instalaciones y talleres<\/title>\n<meta name=\"description\" content=\"El festival, que celebra su segunda edici\u00f3n, se desarrollar\u00e1 en Civivox Mendillorri y Civivox Iturrama entre los d\u00edas 12 y 26 de este mes\" \/>\n<meta name=\"robots\" content=\"index, follow, max-snippet:-1, max-image-preview:large, max-video-preview:-1\" \/>\n<link rel=\"canonical\" href=\"https:\/\/www.laguiadepamplona.com\/actualidad\/vuelve-el-festival-mapping-con-el-que-pamplona-quiere-acercar-las-artes-a-la-primera-infancia-a-traves-de-espectaculos-instalaciones-y-talleres\/\" \/>\n<meta property=\"og:locale\" content=\"es_ES\" \/>\n<meta property=\"og:type\" content=\"article\" \/>\n<meta property=\"og:title\" content=\"Vuelve el Festival Mapping con el que Pamplona quiere acercar las artes a la primera infancia a trav\u00e9s de espect\u00e1culos, instalaciones y talleres\" \/>\n<meta property=\"og:description\" content=\"El festival, que celebra su segunda edici\u00f3n, se desarrollar\u00e1 en Civivox Mendillorri y Civivox Iturrama entre los d\u00edas 12 y 26 de este mes\" \/>\n<meta property=\"og:url\" content=\"https:\/\/www.laguiadepamplona.com\/actualidad\/vuelve-el-festival-mapping-con-el-que-pamplona-quiere-acercar-las-artes-a-la-primera-infancia-a-traves-de-espectaculos-instalaciones-y-talleres\/\" \/>\n<meta property=\"og:site_name\" content=\"La Gu\u00eda de Pamplona\" \/>\n<meta property=\"article:publisher\" content=\"https:\/\/www.facebook.com\/laguiadepamplonacom-133175176762273\/?ref=hl\" \/>\n<meta property=\"article:published_time\" content=\"2022-11-07T12:22:27+00:00\" \/>\n<meta property=\"article:modified_time\" content=\"2023-04-11T09:47:37+00:00\" \/>\n<meta property=\"og:image\" content=\"https:\/\/www.laguiadepamplona.com\/actualidad\/wp-content\/uploads\/2022\/11\/festival-mapping-copia.webp\" \/>\n\t<meta property=\"og:image:width\" content=\"1920\" \/>\n\t<meta property=\"og:image:height\" content=\"1282\" \/>\n\t<meta property=\"og:image:type\" content=\"image\/webp\" \/>\n<meta name=\"author\" content=\"La Gu\u00eda de Pamplona\" \/>\n<meta name=\"twitter:card\" content=\"summary_large_image\" \/>\n<meta name=\"twitter:creator\" content=\"@LaGuiadPamplona\" \/>\n<meta name=\"twitter:site\" content=\"@LaGuiadPamplona\" \/>\n<meta name=\"twitter:label1\" content=\"Escrito por\" \/>\n\t<meta name=\"twitter:data1\" content=\"La Gu\u00eda de Pamplona\" \/>\n\t<meta name=\"twitter:label2\" content=\"Tiempo de lectura\" \/>\n\t<meta name=\"twitter:data2\" content=\"6 minutos\" \/>\n<script type=\"application\/ld+json\" class=\"yoast-schema-graph\">{\"@context\":\"https:\\\/\\\/schema.org\",\"@graph\":[{\"@type\":\"Article\",\"@id\":\"https:\\\/\\\/www.laguiadepamplona.com\\\/actualidad\\\/vuelve-el-festival-mapping-con-el-que-pamplona-quiere-acercar-las-artes-a-la-primera-infancia-a-traves-de-espectaculos-instalaciones-y-talleres\\\/#article\",\"isPartOf\":{\"@id\":\"https:\\\/\\\/www.laguiadepamplona.com\\\/actualidad\\\/vuelve-el-festival-mapping-con-el-que-pamplona-quiere-acercar-las-artes-a-la-primera-infancia-a-traves-de-espectaculos-instalaciones-y-talleres\\\/\"},\"author\":{\"name\":\"La Gu\u00eda de Pamplona\",\"@id\":\"https:\\\/\\\/www.laguiadepamplona.com\\\/actualidad\\\/#\\\/schema\\\/person\\\/efe887376f0213d4657c93adc50b1fdb\"},\"headline\":\"Vuelve el Festival Mapping con el que Pamplona quiere acercar las artes a la primera infancia a trav\u00e9s de espect\u00e1culos, instalaciones y talleres\",\"datePublished\":\"2022-11-07T12:22:27+00:00\",\"dateModified\":\"2023-04-11T09:47:37+00:00\",\"mainEntityOfPage\":{\"@id\":\"https:\\\/\\\/www.laguiadepamplona.com\\\/actualidad\\\/vuelve-el-festival-mapping-con-el-que-pamplona-quiere-acercar-las-artes-a-la-primera-infancia-a-traves-de-espectaculos-instalaciones-y-talleres\\\/\"},\"wordCount\":1258,\"commentCount\":0,\"publisher\":{\"@id\":\"https:\\\/\\\/www.laguiadepamplona.com\\\/actualidad\\\/#organization\"},\"image\":{\"@id\":\"https:\\\/\\\/www.laguiadepamplona.com\\\/actualidad\\\/vuelve-el-festival-mapping-con-el-que-pamplona-quiere-acercar-las-artes-a-la-primera-infancia-a-traves-de-espectaculos-instalaciones-y-talleres\\\/#primaryimage\"},\"thumbnailUrl\":\"https:\\\/\\\/www.laguiadepamplona.com\\\/actualidad\\\/wp-content\\\/uploads\\\/2022\\\/11\\\/festival-mapping-copia.webp\",\"articleSection\":[\"Ayto Pamplona\"],\"inLanguage\":\"es\",\"potentialAction\":[{\"@type\":\"CommentAction\",\"name\":\"Comment\",\"target\":[\"https:\\\/\\\/www.laguiadepamplona.com\\\/actualidad\\\/vuelve-el-festival-mapping-con-el-que-pamplona-quiere-acercar-las-artes-a-la-primera-infancia-a-traves-de-espectaculos-instalaciones-y-talleres\\\/#respond\"]}]},{\"@type\":\"WebPage\",\"@id\":\"https:\\\/\\\/www.laguiadepamplona.com\\\/actualidad\\\/vuelve-el-festival-mapping-con-el-que-pamplona-quiere-acercar-las-artes-a-la-primera-infancia-a-traves-de-espectaculos-instalaciones-y-talleres\\\/\",\"url\":\"https:\\\/\\\/www.laguiadepamplona.com\\\/actualidad\\\/vuelve-el-festival-mapping-con-el-que-pamplona-quiere-acercar-las-artes-a-la-primera-infancia-a-traves-de-espectaculos-instalaciones-y-talleres\\\/\",\"name\":\"Vuelve el Festival Mapping con el que Pamplona quiere acercar las artes a la primera infancia a trav\u00e9s de espect\u00e1culos, instalaciones y talleres\",\"isPartOf\":{\"@id\":\"https:\\\/\\\/www.laguiadepamplona.com\\\/actualidad\\\/#website\"},\"primaryImageOfPage\":{\"@id\":\"https:\\\/\\\/www.laguiadepamplona.com\\\/actualidad\\\/vuelve-el-festival-mapping-con-el-que-pamplona-quiere-acercar-las-artes-a-la-primera-infancia-a-traves-de-espectaculos-instalaciones-y-talleres\\\/#primaryimage\"},\"image\":{\"@id\":\"https:\\\/\\\/www.laguiadepamplona.com\\\/actualidad\\\/vuelve-el-festival-mapping-con-el-que-pamplona-quiere-acercar-las-artes-a-la-primera-infancia-a-traves-de-espectaculos-instalaciones-y-talleres\\\/#primaryimage\"},\"thumbnailUrl\":\"https:\\\/\\\/www.laguiadepamplona.com\\\/actualidad\\\/wp-content\\\/uploads\\\/2022\\\/11\\\/festival-mapping-copia.webp\",\"datePublished\":\"2022-11-07T12:22:27+00:00\",\"dateModified\":\"2023-04-11T09:47:37+00:00\",\"description\":\"El festival, que celebra su segunda edici\u00f3n, se desarrollar\u00e1 en Civivox Mendillorri y Civivox Iturrama entre los d\u00edas 12 y 26 de este mes\",\"breadcrumb\":{\"@id\":\"https:\\\/\\\/www.laguiadepamplona.com\\\/actualidad\\\/vuelve-el-festival-mapping-con-el-que-pamplona-quiere-acercar-las-artes-a-la-primera-infancia-a-traves-de-espectaculos-instalaciones-y-talleres\\\/#breadcrumb\"},\"inLanguage\":\"es\",\"potentialAction\":[{\"@type\":\"ReadAction\",\"target\":[\"https:\\\/\\\/www.laguiadepamplona.com\\\/actualidad\\\/vuelve-el-festival-mapping-con-el-que-pamplona-quiere-acercar-las-artes-a-la-primera-infancia-a-traves-de-espectaculos-instalaciones-y-talleres\\\/\"]}]},{\"@type\":\"ImageObject\",\"inLanguage\":\"es\",\"@id\":\"https:\\\/\\\/www.laguiadepamplona.com\\\/actualidad\\\/vuelve-el-festival-mapping-con-el-que-pamplona-quiere-acercar-las-artes-a-la-primera-infancia-a-traves-de-espectaculos-instalaciones-y-talleres\\\/#primaryimage\",\"url\":\"https:\\\/\\\/www.laguiadepamplona.com\\\/actualidad\\\/wp-content\\\/uploads\\\/2022\\\/11\\\/festival-mapping-copia.webp\",\"contentUrl\":\"https:\\\/\\\/www.laguiadepamplona.com\\\/actualidad\\\/wp-content\\\/uploads\\\/2022\\\/11\\\/festival-mapping-copia.webp\",\"width\":1920,\"height\":1282},{\"@type\":\"BreadcrumbList\",\"@id\":\"https:\\\/\\\/www.laguiadepamplona.com\\\/actualidad\\\/vuelve-el-festival-mapping-con-el-que-pamplona-quiere-acercar-las-artes-a-la-primera-infancia-a-traves-de-espectaculos-instalaciones-y-talleres\\\/#breadcrumb\",\"itemListElement\":[{\"@type\":\"ListItem\",\"position\":1,\"name\":\"Portada\",\"item\":\"https:\\\/\\\/www.laguiadepamplona.com\\\/actualidad\\\/\"},{\"@type\":\"ListItem\",\"position\":2,\"name\":\"Vuelve el Festival Mapping con el que Pamplona quiere acercar las artes a la primera infancia a trav\u00e9s de espect\u00e1culos, instalaciones y talleres\"}]},{\"@type\":\"WebSite\",\"@id\":\"https:\\\/\\\/www.laguiadepamplona.com\\\/actualidad\\\/#website\",\"url\":\"https:\\\/\\\/www.laguiadepamplona.com\\\/actualidad\\\/\",\"name\":\"La gu\u00eda de Pamplona\",\"description\":\"Noticias de Pamplona\",\"publisher\":{\"@id\":\"https:\\\/\\\/www.laguiadepamplona.com\\\/actualidad\\\/#organization\"},\"potentialAction\":[{\"@type\":\"SearchAction\",\"target\":{\"@type\":\"EntryPoint\",\"urlTemplate\":\"https:\\\/\\\/www.laguiadepamplona.com\\\/actualidad\\\/?s={search_term_string}\"},\"query-input\":{\"@type\":\"PropertyValueSpecification\",\"valueRequired\":true,\"valueName\":\"search_term_string\"}}],\"inLanguage\":\"es\"},{\"@type\":\"Organization\",\"@id\":\"https:\\\/\\\/www.laguiadepamplona.com\\\/actualidad\\\/#organization\",\"name\":\"La Gu\u00eda de Pamplona \\\/ Noticias\",\"url\":\"https:\\\/\\\/www.laguiadepamplona.com\\\/actualidad\\\/\",\"logo\":{\"@type\":\"ImageObject\",\"inLanguage\":\"es\",\"@id\":\"https:\\\/\\\/www.laguiadepamplona.com\\\/actualidad\\\/#\\\/schema\\\/logo\\\/image\\\/\",\"url\":\"https:\\\/\\\/www.laguiadepamplona.com\\\/actualidad\\\/wp-content\\\/uploads\\\/2018\\\/11\\\/logo-laguiadepamplona18-web1.png\",\"contentUrl\":\"https:\\\/\\\/www.laguiadepamplona.com\\\/actualidad\\\/wp-content\\\/uploads\\\/2018\\\/11\\\/logo-laguiadepamplona18-web1.png\",\"width\":600,\"height\":196,\"caption\":\"La Gu\u00eda de Pamplona \\\/ Noticias\"},\"image\":{\"@id\":\"https:\\\/\\\/www.laguiadepamplona.com\\\/actualidad\\\/#\\\/schema\\\/logo\\\/image\\\/\"},\"sameAs\":[\"https:\\\/\\\/www.facebook.com\\\/laguiadepamplonacom-133175176762273\\\/?ref=hl\",\"https:\\\/\\\/x.com\\\/LaGuiadPamplona\",\"https:\\\/\\\/www.instagram.com\\\/la_guia_de_pamplona\\\/\",\"https:\\\/\\\/www.youtube.com\\\/user\\\/laguiadepamplona\"]},{\"@type\":\"Person\",\"@id\":\"https:\\\/\\\/www.laguiadepamplona.com\\\/actualidad\\\/#\\\/schema\\\/person\\\/efe887376f0213d4657c93adc50b1fdb\",\"name\":\"La Gu\u00eda de Pamplona\",\"image\":{\"@type\":\"ImageObject\",\"inLanguage\":\"es\",\"@id\":\"https:\\\/\\\/secure.gravatar.com\\\/avatar\\\/b6992f131dc8d30ab0dff15446e9d346d9dbd95992de0fef795073f5ea83a81c?s=96&d=mm&r=g\",\"url\":\"https:\\\/\\\/secure.gravatar.com\\\/avatar\\\/b6992f131dc8d30ab0dff15446e9d346d9dbd95992de0fef795073f5ea83a81c?s=96&d=mm&r=g\",\"contentUrl\":\"https:\\\/\\\/secure.gravatar.com\\\/avatar\\\/b6992f131dc8d30ab0dff15446e9d346d9dbd95992de0fef795073f5ea83a81c?s=96&d=mm&r=g\",\"caption\":\"La Gu\u00eda de Pamplona\"}}]}<\/script>\n<!-- \/ Yoast SEO plugin. -->","yoast_head_json":{"title":"Vuelve el Festival Mapping con el que Pamplona quiere acercar las artes a la primera infancia a trav\u00e9s de espect\u00e1culos, instalaciones y talleres","description":"El festival, que celebra su segunda edici\u00f3n, se desarrollar\u00e1 en Civivox Mendillorri y Civivox Iturrama entre los d\u00edas 12 y 26 de este mes","robots":{"index":"index","follow":"follow","max-snippet":"max-snippet:-1","max-image-preview":"max-image-preview:large","max-video-preview":"max-video-preview:-1"},"canonical":"https:\/\/www.laguiadepamplona.com\/actualidad\/vuelve-el-festival-mapping-con-el-que-pamplona-quiere-acercar-las-artes-a-la-primera-infancia-a-traves-de-espectaculos-instalaciones-y-talleres\/","og_locale":"es_ES","og_type":"article","og_title":"Vuelve el Festival Mapping con el que Pamplona quiere acercar las artes a la primera infancia a trav\u00e9s de espect\u00e1culos, instalaciones y talleres","og_description":"El festival, que celebra su segunda edici\u00f3n, se desarrollar\u00e1 en Civivox Mendillorri y Civivox Iturrama entre los d\u00edas 12 y 26 de este mes","og_url":"https:\/\/www.laguiadepamplona.com\/actualidad\/vuelve-el-festival-mapping-con-el-que-pamplona-quiere-acercar-las-artes-a-la-primera-infancia-a-traves-de-espectaculos-instalaciones-y-talleres\/","og_site_name":"La Gu\u00eda de Pamplona","article_publisher":"https:\/\/www.facebook.com\/laguiadepamplonacom-133175176762273\/?ref=hl","article_published_time":"2022-11-07T12:22:27+00:00","article_modified_time":"2023-04-11T09:47:37+00:00","og_image":[{"width":1920,"height":1282,"url":"https:\/\/www.laguiadepamplona.com\/actualidad\/wp-content\/uploads\/2022\/11\/festival-mapping-copia.webp","type":"image\/webp"}],"author":"La Gu\u00eda de Pamplona","twitter_card":"summary_large_image","twitter_creator":"@LaGuiadPamplona","twitter_site":"@LaGuiadPamplona","twitter_misc":{"Escrito por":"La Gu\u00eda de Pamplona","Tiempo de lectura":"6 minutos"},"schema":{"@context":"https:\/\/schema.org","@graph":[{"@type":"Article","@id":"https:\/\/www.laguiadepamplona.com\/actualidad\/vuelve-el-festival-mapping-con-el-que-pamplona-quiere-acercar-las-artes-a-la-primera-infancia-a-traves-de-espectaculos-instalaciones-y-talleres\/#article","isPartOf":{"@id":"https:\/\/www.laguiadepamplona.com\/actualidad\/vuelve-el-festival-mapping-con-el-que-pamplona-quiere-acercar-las-artes-a-la-primera-infancia-a-traves-de-espectaculos-instalaciones-y-talleres\/"},"author":{"name":"La Gu\u00eda de Pamplona","@id":"https:\/\/www.laguiadepamplona.com\/actualidad\/#\/schema\/person\/efe887376f0213d4657c93adc50b1fdb"},"headline":"Vuelve el Festival Mapping con el que Pamplona quiere acercar las artes a la primera infancia a trav\u00e9s de espect\u00e1culos, instalaciones y talleres","datePublished":"2022-11-07T12:22:27+00:00","dateModified":"2023-04-11T09:47:37+00:00","mainEntityOfPage":{"@id":"https:\/\/www.laguiadepamplona.com\/actualidad\/vuelve-el-festival-mapping-con-el-que-pamplona-quiere-acercar-las-artes-a-la-primera-infancia-a-traves-de-espectaculos-instalaciones-y-talleres\/"},"wordCount":1258,"commentCount":0,"publisher":{"@id":"https:\/\/www.laguiadepamplona.com\/actualidad\/#organization"},"image":{"@id":"https:\/\/www.laguiadepamplona.com\/actualidad\/vuelve-el-festival-mapping-con-el-que-pamplona-quiere-acercar-las-artes-a-la-primera-infancia-a-traves-de-espectaculos-instalaciones-y-talleres\/#primaryimage"},"thumbnailUrl":"https:\/\/www.laguiadepamplona.com\/actualidad\/wp-content\/uploads\/2022\/11\/festival-mapping-copia.webp","articleSection":["Ayto Pamplona"],"inLanguage":"es","potentialAction":[{"@type":"CommentAction","name":"Comment","target":["https:\/\/www.laguiadepamplona.com\/actualidad\/vuelve-el-festival-mapping-con-el-que-pamplona-quiere-acercar-las-artes-a-la-primera-infancia-a-traves-de-espectaculos-instalaciones-y-talleres\/#respond"]}]},{"@type":"WebPage","@id":"https:\/\/www.laguiadepamplona.com\/actualidad\/vuelve-el-festival-mapping-con-el-que-pamplona-quiere-acercar-las-artes-a-la-primera-infancia-a-traves-de-espectaculos-instalaciones-y-talleres\/","url":"https:\/\/www.laguiadepamplona.com\/actualidad\/vuelve-el-festival-mapping-con-el-que-pamplona-quiere-acercar-las-artes-a-la-primera-infancia-a-traves-de-espectaculos-instalaciones-y-talleres\/","name":"Vuelve el Festival Mapping con el que Pamplona quiere acercar las artes a la primera infancia a trav\u00e9s de espect\u00e1culos, instalaciones y talleres","isPartOf":{"@id":"https:\/\/www.laguiadepamplona.com\/actualidad\/#website"},"primaryImageOfPage":{"@id":"https:\/\/www.laguiadepamplona.com\/actualidad\/vuelve-el-festival-mapping-con-el-que-pamplona-quiere-acercar-las-artes-a-la-primera-infancia-a-traves-de-espectaculos-instalaciones-y-talleres\/#primaryimage"},"image":{"@id":"https:\/\/www.laguiadepamplona.com\/actualidad\/vuelve-el-festival-mapping-con-el-que-pamplona-quiere-acercar-las-artes-a-la-primera-infancia-a-traves-de-espectaculos-instalaciones-y-talleres\/#primaryimage"},"thumbnailUrl":"https:\/\/www.laguiadepamplona.com\/actualidad\/wp-content\/uploads\/2022\/11\/festival-mapping-copia.webp","datePublished":"2022-11-07T12:22:27+00:00","dateModified":"2023-04-11T09:47:37+00:00","description":"El festival, que celebra su segunda edici\u00f3n, se desarrollar\u00e1 en Civivox Mendillorri y Civivox Iturrama entre los d\u00edas 12 y 26 de este mes","breadcrumb":{"@id":"https:\/\/www.laguiadepamplona.com\/actualidad\/vuelve-el-festival-mapping-con-el-que-pamplona-quiere-acercar-las-artes-a-la-primera-infancia-a-traves-de-espectaculos-instalaciones-y-talleres\/#breadcrumb"},"inLanguage":"es","potentialAction":[{"@type":"ReadAction","target":["https:\/\/www.laguiadepamplona.com\/actualidad\/vuelve-el-festival-mapping-con-el-que-pamplona-quiere-acercar-las-artes-a-la-primera-infancia-a-traves-de-espectaculos-instalaciones-y-talleres\/"]}]},{"@type":"ImageObject","inLanguage":"es","@id":"https:\/\/www.laguiadepamplona.com\/actualidad\/vuelve-el-festival-mapping-con-el-que-pamplona-quiere-acercar-las-artes-a-la-primera-infancia-a-traves-de-espectaculos-instalaciones-y-talleres\/#primaryimage","url":"https:\/\/www.laguiadepamplona.com\/actualidad\/wp-content\/uploads\/2022\/11\/festival-mapping-copia.webp","contentUrl":"https:\/\/www.laguiadepamplona.com\/actualidad\/wp-content\/uploads\/2022\/11\/festival-mapping-copia.webp","width":1920,"height":1282},{"@type":"BreadcrumbList","@id":"https:\/\/www.laguiadepamplona.com\/actualidad\/vuelve-el-festival-mapping-con-el-que-pamplona-quiere-acercar-las-artes-a-la-primera-infancia-a-traves-de-espectaculos-instalaciones-y-talleres\/#breadcrumb","itemListElement":[{"@type":"ListItem","position":1,"name":"Portada","item":"https:\/\/www.laguiadepamplona.com\/actualidad\/"},{"@type":"ListItem","position":2,"name":"Vuelve el Festival Mapping con el que Pamplona quiere acercar las artes a la primera infancia a trav\u00e9s de espect\u00e1culos, instalaciones y talleres"}]},{"@type":"WebSite","@id":"https:\/\/www.laguiadepamplona.com\/actualidad\/#website","url":"https:\/\/www.laguiadepamplona.com\/actualidad\/","name":"La gu\u00eda de Pamplona","description":"Noticias de Pamplona","publisher":{"@id":"https:\/\/www.laguiadepamplona.com\/actualidad\/#organization"},"potentialAction":[{"@type":"SearchAction","target":{"@type":"EntryPoint","urlTemplate":"https:\/\/www.laguiadepamplona.com\/actualidad\/?s={search_term_string}"},"query-input":{"@type":"PropertyValueSpecification","valueRequired":true,"valueName":"search_term_string"}}],"inLanguage":"es"},{"@type":"Organization","@id":"https:\/\/www.laguiadepamplona.com\/actualidad\/#organization","name":"La Gu\u00eda de Pamplona \/ Noticias","url":"https:\/\/www.laguiadepamplona.com\/actualidad\/","logo":{"@type":"ImageObject","inLanguage":"es","@id":"https:\/\/www.laguiadepamplona.com\/actualidad\/#\/schema\/logo\/image\/","url":"https:\/\/www.laguiadepamplona.com\/actualidad\/wp-content\/uploads\/2018\/11\/logo-laguiadepamplona18-web1.png","contentUrl":"https:\/\/www.laguiadepamplona.com\/actualidad\/wp-content\/uploads\/2018\/11\/logo-laguiadepamplona18-web1.png","width":600,"height":196,"caption":"La Gu\u00eda de Pamplona \/ Noticias"},"image":{"@id":"https:\/\/www.laguiadepamplona.com\/actualidad\/#\/schema\/logo\/image\/"},"sameAs":["https:\/\/www.facebook.com\/laguiadepamplonacom-133175176762273\/?ref=hl","https:\/\/x.com\/LaGuiadPamplona","https:\/\/www.instagram.com\/la_guia_de_pamplona\/","https:\/\/www.youtube.com\/user\/laguiadepamplona"]},{"@type":"Person","@id":"https:\/\/www.laguiadepamplona.com\/actualidad\/#\/schema\/person\/efe887376f0213d4657c93adc50b1fdb","name":"La Gu\u00eda de Pamplona","image":{"@type":"ImageObject","inLanguage":"es","@id":"https:\/\/secure.gravatar.com\/avatar\/b6992f131dc8d30ab0dff15446e9d346d9dbd95992de0fef795073f5ea83a81c?s=96&d=mm&r=g","url":"https:\/\/secure.gravatar.com\/avatar\/b6992f131dc8d30ab0dff15446e9d346d9dbd95992de0fef795073f5ea83a81c?s=96&d=mm&r=g","contentUrl":"https:\/\/secure.gravatar.com\/avatar\/b6992f131dc8d30ab0dff15446e9d346d9dbd95992de0fef795073f5ea83a81c?s=96&d=mm&r=g","caption":"La Gu\u00eda de Pamplona"}}]}},"post_mailing_queue_ids":[],"_links":{"self":[{"href":"https:\/\/www.laguiadepamplona.com\/actualidad\/wp-json\/wp\/v2\/posts\/42118","targetHints":{"allow":["GET"]}}],"collection":[{"href":"https:\/\/www.laguiadepamplona.com\/actualidad\/wp-json\/wp\/v2\/posts"}],"about":[{"href":"https:\/\/www.laguiadepamplona.com\/actualidad\/wp-json\/wp\/v2\/types\/post"}],"author":[{"embeddable":true,"href":"https:\/\/www.laguiadepamplona.com\/actualidad\/wp-json\/wp\/v2\/users\/1"}],"replies":[{"embeddable":true,"href":"https:\/\/www.laguiadepamplona.com\/actualidad\/wp-json\/wp\/v2\/comments?post=42118"}],"version-history":[{"count":0,"href":"https:\/\/www.laguiadepamplona.com\/actualidad\/wp-json\/wp\/v2\/posts\/42118\/revisions"}],"wp:featuredmedia":[{"embeddable":true,"href":"https:\/\/www.laguiadepamplona.com\/actualidad\/wp-json\/wp\/v2\/media\/42119"}],"wp:attachment":[{"href":"https:\/\/www.laguiadepamplona.com\/actualidad\/wp-json\/wp\/v2\/media?parent=42118"}],"wp:term":[{"taxonomy":"category","embeddable":true,"href":"https:\/\/www.laguiadepamplona.com\/actualidad\/wp-json\/wp\/v2\/categories?post=42118"},{"taxonomy":"post_tag","embeddable":true,"href":"https:\/\/www.laguiadepamplona.com\/actualidad\/wp-json\/wp\/v2\/tags?post=42118"}],"curies":[{"name":"wp","href":"https:\/\/api.w.org\/{rel}","templated":true}]}}