{"id":42116,"date":"2022-11-04T18:44:03","date_gmt":"2022-11-04T16:44:03","guid":{"rendered":"https:\/\/www.laguiadepamplona.com\/actualidad\/?p=42116"},"modified":"2023-04-11T11:47:37","modified_gmt":"2023-04-11T09:47:37","slug":"el-alcalde-de-pamplona-preside-el-encuentro-de-municipios-del-camino-que-se-celebra-este-fin-de-semana-en-santiago-de-compostela","status":"publish","type":"post","link":"https:\/\/www.laguiadepamplona.com\/actualidad\/el-alcalde-de-pamplona-preside-el-encuentro-de-municipios-del-camino-que-se-celebra-este-fin-de-semana-en-santiago-de-compostela\/","title":{"rendered":"El alcalde de Pamplona preside el encuentro de municipios del Camino, que se celebra este fin de semana en Santiago de Compostela"},"content":{"rendered":"<h5>La reuni\u00f3n servir\u00e1 para preparar el trig\u00e9simo aniversario de la declaraci\u00f3n del Camino como Patrimonio de la Humanidad<\/h5>\n<p><!--more--><\/p>\n<p>Los representantes de los municipios del Camino se re\u00fanen este fin de semana en Santiago de Compostela, en un encuentro organizado por la Asociaci\u00f3n de Municipios del Camino de Santiago (AMCS), que preside el alcalde de Pamplona, Enrique Maya. Las jornadas servir\u00e1n para preparar el trig\u00e9simo aniversario de la declaraci\u00f3n de esta ruta hist\u00f3rico-art\u00edstica y religiosa como Patrimonio de la Humanidad, que tuvo lugar en 1993. Esa declaraci\u00f3n se ampli\u00f3 en 1998 y 2015, con las rutas jacobeas francesa y del norte de la Pen\u00ednsula, respectivamente.<br \/>\n<script async src=\"\/\/pagead2.googlesyndication.com\/pagead\/js\/adsbygoogle.js\"><\/script><br \/>\n<!-- Noticias La Guia de Pamplona --><br \/>\n<ins class=\"adsbygoogle\"\nstyle=\"display:block\"\ndata-ad-client=\"ca-pub-6943679897239327\"\ndata-ad-slot=\"7048180777\"\ndata-ad-format=\"auto\"><\/ins><br \/>\n<script>\n(adsbygoogle = window.adsbygoogle || []).push({});\n<\/script><\/p>\n<p>El viaje tiene como objetivo ahondar en la confraternizaci\u00f3n de los alcaldes de las 109 localidades por las que discurre el Camino de Santiago y que son miembros de la Asociaci\u00f3n de Municipios del Camino, entidad sin \u00e1nimo de lucro, que persigue impulsar esta ruta de peregrinaci\u00f3n como eje generador de desarrollo sostenible. Asimismo, la cita de este fin de semana incluye encuentros con distintos representantes institucionales implicados en la organizaci\u00f3n del aniversario de su declaraci\u00f3n como Patrimonio de la Humanidad. En este sentido, una delegaci\u00f3n de alcaldes de la asociaci\u00f3n, encabezada por el alcalde de Pamplona, Enrique Maya, ser\u00e1 recibida ma\u00f1ana, s\u00e1bado, por el presidente de la Xunta, Alfonso Rueda, y el alcalde de Santiago, Xos\u00e9 S\u00e1nchez. Adem\u00e1s, hay prevista una reuni\u00f3n con el arzobispo de Santiago de Compostela, Juli\u00e1n Barrio. El objetivo de estas reuniones ser\u00e1 dar a conocer el trabajo de la Asociaci\u00f3n de Municipios del Camino y presentar la propuesta de actividades que est\u00e1 previsto llevar a cabo en 2023, en la celebraci\u00f3n del trig\u00e9simo aniversario de la declaraci\u00f3n como Patrimonio de la Humanidad.<\/p>\n<p>Por su parte, el domingo, los miembros de la asociaci\u00f3n llevar\u00e1n a cabo, por primera vez y durante la misa del peregrino, una ofrenda al ap\u00f3stol, sum\u00e1ndose as\u00ed a una tradici\u00f3n que se remonta al a\u00f1o 1643, cuando el entonces rey Felipe IV, oficializ\u00f3 la ofrenda como v\u00eda para encomendarse al ap\u00f3stol y contar con su bendici\u00f3n y gu\u00eda. Los representantes municipales participar\u00e1n, asimismo, en un recorrido guiado por el casco hist\u00f3rico y una visita guiada al P\u00f3rtico de la Gloria de la catedral.<\/p>\n","protected":false},"excerpt":{"rendered":"<p>La reuni\u00f3n servir\u00e1 para preparar el trig\u00e9simo aniversario de la declaraci\u00f3n del Camino como Patrimonio de la Humanidad<\/p>\n","protected":false},"author":1,"featured_media":15072,"comment_status":"open","ping_status":"closed","sticky":false,"template":"","format":"standard","meta":{"footnotes":""},"categories":[2],"tags":[],"class_list":["post-42116","post","type-post","status-publish","format-standard","has-post-thumbnail","hentry","category-ayuntamiento-pamplona"],"yoast_head":"<!-- This site is optimized with the Yoast SEO plugin v27.3 - https:\/\/yoast.com\/product\/yoast-seo-wordpress\/ -->\n<title>El alcalde de Pamplona preside el encuentro de municipios del Camino, que se celebra este fin de semana en Santiago de Compostela<\/title>\n<meta name=\"description\" content=\"La reuni\u00f3n servir\u00e1 para preparar el trig\u00e9simo aniversario de la declaraci\u00f3n del Camino como Patrimonio de la Humanidad\" \/>\n<meta name=\"robots\" content=\"index, follow, max-snippet:-1, max-image-preview:large, max-video-preview:-1\" \/>\n<link rel=\"canonical\" href=\"https:\/\/www.laguiadepamplona.com\/actualidad\/el-alcalde-de-pamplona-preside-el-encuentro-de-municipios-del-camino-que-se-celebra-este-fin-de-semana-en-santiago-de-compostela\/\" \/>\n<meta property=\"og:locale\" content=\"es_ES\" \/>\n<meta property=\"og:type\" content=\"article\" \/>\n<meta property=\"og:title\" content=\"El alcalde de Pamplona preside el encuentro de municipios del Camino, que se celebra este fin de semana en Santiago de Compostela\" \/>\n<meta property=\"og:description\" content=\"La reuni\u00f3n servir\u00e1 para preparar el trig\u00e9simo aniversario de la declaraci\u00f3n del Camino como Patrimonio de la Humanidad\" \/>\n<meta property=\"og:url\" content=\"https:\/\/www.laguiadepamplona.com\/actualidad\/el-alcalde-de-pamplona-preside-el-encuentro-de-municipios-del-camino-que-se-celebra-este-fin-de-semana-en-santiago-de-compostela\/\" \/>\n<meta property=\"og:site_name\" content=\"La Gu\u00eda de Pamplona\" \/>\n<meta property=\"article:publisher\" content=\"https:\/\/www.facebook.com\/laguiadepamplonacom-133175176762273\/?ref=hl\" \/>\n<meta property=\"article:published_time\" content=\"2022-11-04T16:44:03+00:00\" \/>\n<meta property=\"article:modified_time\" content=\"2023-04-11T09:47:37+00:00\" \/>\n<meta property=\"og:image\" content=\"https:\/\/www.laguiadepamplona.com\/actualidad\/wp-content\/uploads\/2017\/11\/camino-santiago.jpg\" \/>\n\t<meta property=\"og:image:width\" content=\"1000\" \/>\n\t<meta property=\"og:image:height\" content=\"683\" \/>\n\t<meta property=\"og:image:type\" content=\"image\/jpeg\" \/>\n<meta name=\"author\" content=\"La Gu\u00eda de Pamplona\" \/>\n<meta name=\"twitter:card\" content=\"summary_large_image\" \/>\n<meta name=\"twitter:creator\" content=\"@LaGuiadPamplona\" \/>\n<meta name=\"twitter:site\" content=\"@LaGuiadPamplona\" \/>\n<meta name=\"twitter:label1\" content=\"Escrito por\" \/>\n\t<meta name=\"twitter:data1\" content=\"La Gu\u00eda de Pamplona\" \/>\n\t<meta name=\"twitter:label2\" content=\"Tiempo de lectura\" \/>\n\t<meta name=\"twitter:data2\" content=\"2 minutos\" \/>\n<script type=\"application\/ld+json\" class=\"yoast-schema-graph\">{\"@context\":\"https:\\\/\\\/schema.org\",\"@graph\":[{\"@type\":\"Article\",\"@id\":\"https:\\\/\\\/www.laguiadepamplona.com\\\/actualidad\\\/el-alcalde-de-pamplona-preside-el-encuentro-de-municipios-del-camino-que-se-celebra-este-fin-de-semana-en-santiago-de-compostela\\\/#article\",\"isPartOf\":{\"@id\":\"https:\\\/\\\/www.laguiadepamplona.com\\\/actualidad\\\/el-alcalde-de-pamplona-preside-el-encuentro-de-municipios-del-camino-que-se-celebra-este-fin-de-semana-en-santiago-de-compostela\\\/\"},\"author\":{\"name\":\"La Gu\u00eda de Pamplona\",\"@id\":\"https:\\\/\\\/www.laguiadepamplona.com\\\/actualidad\\\/#\\\/schema\\\/person\\\/efe887376f0213d4657c93adc50b1fdb\"},\"headline\":\"El alcalde de Pamplona preside el encuentro de municipios del Camino, que se celebra este fin de semana en Santiago de Compostela\",\"datePublished\":\"2022-11-04T16:44:03+00:00\",\"dateModified\":\"2023-04-11T09:47:37+00:00\",\"mainEntityOfPage\":{\"@id\":\"https:\\\/\\\/www.laguiadepamplona.com\\\/actualidad\\\/el-alcalde-de-pamplona-preside-el-encuentro-de-municipios-del-camino-que-se-celebra-este-fin-de-semana-en-santiago-de-compostela\\\/\"},\"wordCount\":424,\"commentCount\":0,\"publisher\":{\"@id\":\"https:\\\/\\\/www.laguiadepamplona.com\\\/actualidad\\\/#organization\"},\"image\":{\"@id\":\"https:\\\/\\\/www.laguiadepamplona.com\\\/actualidad\\\/el-alcalde-de-pamplona-preside-el-encuentro-de-municipios-del-camino-que-se-celebra-este-fin-de-semana-en-santiago-de-compostela\\\/#primaryimage\"},\"thumbnailUrl\":\"https:\\\/\\\/www.laguiadepamplona.com\\\/actualidad\\\/wp-content\\\/uploads\\\/2017\\\/11\\\/camino-santiago.jpg\",\"articleSection\":[\"Ayto Pamplona\"],\"inLanguage\":\"es\",\"potentialAction\":[{\"@type\":\"CommentAction\",\"name\":\"Comment\",\"target\":[\"https:\\\/\\\/www.laguiadepamplona.com\\\/actualidad\\\/el-alcalde-de-pamplona-preside-el-encuentro-de-municipios-del-camino-que-se-celebra-este-fin-de-semana-en-santiago-de-compostela\\\/#respond\"]}]},{\"@type\":\"WebPage\",\"@id\":\"https:\\\/\\\/www.laguiadepamplona.com\\\/actualidad\\\/el-alcalde-de-pamplona-preside-el-encuentro-de-municipios-del-camino-que-se-celebra-este-fin-de-semana-en-santiago-de-compostela\\\/\",\"url\":\"https:\\\/\\\/www.laguiadepamplona.com\\\/actualidad\\\/el-alcalde-de-pamplona-preside-el-encuentro-de-municipios-del-camino-que-se-celebra-este-fin-de-semana-en-santiago-de-compostela\\\/\",\"name\":\"El alcalde de Pamplona preside el encuentro de municipios del Camino, que se celebra este fin de semana en Santiago de Compostela\",\"isPartOf\":{\"@id\":\"https:\\\/\\\/www.laguiadepamplona.com\\\/actualidad\\\/#website\"},\"primaryImageOfPage\":{\"@id\":\"https:\\\/\\\/www.laguiadepamplona.com\\\/actualidad\\\/el-alcalde-de-pamplona-preside-el-encuentro-de-municipios-del-camino-que-se-celebra-este-fin-de-semana-en-santiago-de-compostela\\\/#primaryimage\"},\"image\":{\"@id\":\"https:\\\/\\\/www.laguiadepamplona.com\\\/actualidad\\\/el-alcalde-de-pamplona-preside-el-encuentro-de-municipios-del-camino-que-se-celebra-este-fin-de-semana-en-santiago-de-compostela\\\/#primaryimage\"},\"thumbnailUrl\":\"https:\\\/\\\/www.laguiadepamplona.com\\\/actualidad\\\/wp-content\\\/uploads\\\/2017\\\/11\\\/camino-santiago.jpg\",\"datePublished\":\"2022-11-04T16:44:03+00:00\",\"dateModified\":\"2023-04-11T09:47:37+00:00\",\"description\":\"La reuni\u00f3n servir\u00e1 para preparar el trig\u00e9simo aniversario de la declaraci\u00f3n del Camino como Patrimonio de la Humanidad\",\"breadcrumb\":{\"@id\":\"https:\\\/\\\/www.laguiadepamplona.com\\\/actualidad\\\/el-alcalde-de-pamplona-preside-el-encuentro-de-municipios-del-camino-que-se-celebra-este-fin-de-semana-en-santiago-de-compostela\\\/#breadcrumb\"},\"inLanguage\":\"es\",\"potentialAction\":[{\"@type\":\"ReadAction\",\"target\":[\"https:\\\/\\\/www.laguiadepamplona.com\\\/actualidad\\\/el-alcalde-de-pamplona-preside-el-encuentro-de-municipios-del-camino-que-se-celebra-este-fin-de-semana-en-santiago-de-compostela\\\/\"]}]},{\"@type\":\"ImageObject\",\"inLanguage\":\"es\",\"@id\":\"https:\\\/\\\/www.laguiadepamplona.com\\\/actualidad\\\/el-alcalde-de-pamplona-preside-el-encuentro-de-municipios-del-camino-que-se-celebra-este-fin-de-semana-en-santiago-de-compostela\\\/#primaryimage\",\"url\":\"https:\\\/\\\/www.laguiadepamplona.com\\\/actualidad\\\/wp-content\\\/uploads\\\/2017\\\/11\\\/camino-santiago.jpg\",\"contentUrl\":\"https:\\\/\\\/www.laguiadepamplona.com\\\/actualidad\\\/wp-content\\\/uploads\\\/2017\\\/11\\\/camino-santiago.jpg\",\"width\":1000,\"height\":683},{\"@type\":\"BreadcrumbList\",\"@id\":\"https:\\\/\\\/www.laguiadepamplona.com\\\/actualidad\\\/el-alcalde-de-pamplona-preside-el-encuentro-de-municipios-del-camino-que-se-celebra-este-fin-de-semana-en-santiago-de-compostela\\\/#breadcrumb\",\"itemListElement\":[{\"@type\":\"ListItem\",\"position\":1,\"name\":\"Portada\",\"item\":\"https:\\\/\\\/www.laguiadepamplona.com\\\/actualidad\\\/\"},{\"@type\":\"ListItem\",\"position\":2,\"name\":\"El alcalde de Pamplona preside el encuentro de municipios del Camino, que se celebra este fin de semana en Santiago de Compostela\"}]},{\"@type\":\"WebSite\",\"@id\":\"https:\\\/\\\/www.laguiadepamplona.com\\\/actualidad\\\/#website\",\"url\":\"https:\\\/\\\/www.laguiadepamplona.com\\\/actualidad\\\/\",\"name\":\"La gu\u00eda de Pamplona\",\"description\":\"Noticias de Pamplona\",\"publisher\":{\"@id\":\"https:\\\/\\\/www.laguiadepamplona.com\\\/actualidad\\\/#organization\"},\"potentialAction\":[{\"@type\":\"SearchAction\",\"target\":{\"@type\":\"EntryPoint\",\"urlTemplate\":\"https:\\\/\\\/www.laguiadepamplona.com\\\/actualidad\\\/?s={search_term_string}\"},\"query-input\":{\"@type\":\"PropertyValueSpecification\",\"valueRequired\":true,\"valueName\":\"search_term_string\"}}],\"inLanguage\":\"es\"},{\"@type\":\"Organization\",\"@id\":\"https:\\\/\\\/www.laguiadepamplona.com\\\/actualidad\\\/#organization\",\"name\":\"La Gu\u00eda de Pamplona \\\/ Noticias\",\"url\":\"https:\\\/\\\/www.laguiadepamplona.com\\\/actualidad\\\/\",\"logo\":{\"@type\":\"ImageObject\",\"inLanguage\":\"es\",\"@id\":\"https:\\\/\\\/www.laguiadepamplona.com\\\/actualidad\\\/#\\\/schema\\\/logo\\\/image\\\/\",\"url\":\"https:\\\/\\\/www.laguiadepamplona.com\\\/actualidad\\\/wp-content\\\/uploads\\\/2018\\\/11\\\/logo-laguiadepamplona18-web1.png\",\"contentUrl\":\"https:\\\/\\\/www.laguiadepamplona.com\\\/actualidad\\\/wp-content\\\/uploads\\\/2018\\\/11\\\/logo-laguiadepamplona18-web1.png\",\"width\":600,\"height\":196,\"caption\":\"La Gu\u00eda de Pamplona \\\/ Noticias\"},\"image\":{\"@id\":\"https:\\\/\\\/www.laguiadepamplona.com\\\/actualidad\\\/#\\\/schema\\\/logo\\\/image\\\/\"},\"sameAs\":[\"https:\\\/\\\/www.facebook.com\\\/laguiadepamplonacom-133175176762273\\\/?ref=hl\",\"https:\\\/\\\/x.com\\\/LaGuiadPamplona\",\"https:\\\/\\\/www.instagram.com\\\/la_guia_de_pamplona\\\/\",\"https:\\\/\\\/www.youtube.com\\\/user\\\/laguiadepamplona\"]},{\"@type\":\"Person\",\"@id\":\"https:\\\/\\\/www.laguiadepamplona.com\\\/actualidad\\\/#\\\/schema\\\/person\\\/efe887376f0213d4657c93adc50b1fdb\",\"name\":\"La Gu\u00eda de Pamplona\",\"image\":{\"@type\":\"ImageObject\",\"inLanguage\":\"es\",\"@id\":\"https:\\\/\\\/secure.gravatar.com\\\/avatar\\\/b6992f131dc8d30ab0dff15446e9d346d9dbd95992de0fef795073f5ea83a81c?s=96&d=mm&r=g\",\"url\":\"https:\\\/\\\/secure.gravatar.com\\\/avatar\\\/b6992f131dc8d30ab0dff15446e9d346d9dbd95992de0fef795073f5ea83a81c?s=96&d=mm&r=g\",\"contentUrl\":\"https:\\\/\\\/secure.gravatar.com\\\/avatar\\\/b6992f131dc8d30ab0dff15446e9d346d9dbd95992de0fef795073f5ea83a81c?s=96&d=mm&r=g\",\"caption\":\"La Gu\u00eda de Pamplona\"}}]}<\/script>\n<!-- \/ Yoast SEO plugin. -->","yoast_head_json":{"title":"El alcalde de Pamplona preside el encuentro de municipios del Camino, que se celebra este fin de semana en Santiago de Compostela","description":"La reuni\u00f3n servir\u00e1 para preparar el trig\u00e9simo aniversario de la declaraci\u00f3n del Camino como Patrimonio de la Humanidad","robots":{"index":"index","follow":"follow","max-snippet":"max-snippet:-1","max-image-preview":"max-image-preview:large","max-video-preview":"max-video-preview:-1"},"canonical":"https:\/\/www.laguiadepamplona.com\/actualidad\/el-alcalde-de-pamplona-preside-el-encuentro-de-municipios-del-camino-que-se-celebra-este-fin-de-semana-en-santiago-de-compostela\/","og_locale":"es_ES","og_type":"article","og_title":"El alcalde de Pamplona preside el encuentro de municipios del Camino, que se celebra este fin de semana en Santiago de Compostela","og_description":"La reuni\u00f3n servir\u00e1 para preparar el trig\u00e9simo aniversario de la declaraci\u00f3n del Camino como Patrimonio de la Humanidad","og_url":"https:\/\/www.laguiadepamplona.com\/actualidad\/el-alcalde-de-pamplona-preside-el-encuentro-de-municipios-del-camino-que-se-celebra-este-fin-de-semana-en-santiago-de-compostela\/","og_site_name":"La Gu\u00eda de Pamplona","article_publisher":"https:\/\/www.facebook.com\/laguiadepamplonacom-133175176762273\/?ref=hl","article_published_time":"2022-11-04T16:44:03+00:00","article_modified_time":"2023-04-11T09:47:37+00:00","og_image":[{"width":1000,"height":683,"url":"https:\/\/www.laguiadepamplona.com\/actualidad\/wp-content\/uploads\/2017\/11\/camino-santiago.jpg","type":"image\/jpeg"}],"author":"La Gu\u00eda de Pamplona","twitter_card":"summary_large_image","twitter_creator":"@LaGuiadPamplona","twitter_site":"@LaGuiadPamplona","twitter_misc":{"Escrito por":"La Gu\u00eda de Pamplona","Tiempo de lectura":"2 minutos"},"schema":{"@context":"https:\/\/schema.org","@graph":[{"@type":"Article","@id":"https:\/\/www.laguiadepamplona.com\/actualidad\/el-alcalde-de-pamplona-preside-el-encuentro-de-municipios-del-camino-que-se-celebra-este-fin-de-semana-en-santiago-de-compostela\/#article","isPartOf":{"@id":"https:\/\/www.laguiadepamplona.com\/actualidad\/el-alcalde-de-pamplona-preside-el-encuentro-de-municipios-del-camino-que-se-celebra-este-fin-de-semana-en-santiago-de-compostela\/"},"author":{"name":"La Gu\u00eda de Pamplona","@id":"https:\/\/www.laguiadepamplona.com\/actualidad\/#\/schema\/person\/efe887376f0213d4657c93adc50b1fdb"},"headline":"El alcalde de Pamplona preside el encuentro de municipios del Camino, que se celebra este fin de semana en Santiago de Compostela","datePublished":"2022-11-04T16:44:03+00:00","dateModified":"2023-04-11T09:47:37+00:00","mainEntityOfPage":{"@id":"https:\/\/www.laguiadepamplona.com\/actualidad\/el-alcalde-de-pamplona-preside-el-encuentro-de-municipios-del-camino-que-se-celebra-este-fin-de-semana-en-santiago-de-compostela\/"},"wordCount":424,"commentCount":0,"publisher":{"@id":"https:\/\/www.laguiadepamplona.com\/actualidad\/#organization"},"image":{"@id":"https:\/\/www.laguiadepamplona.com\/actualidad\/el-alcalde-de-pamplona-preside-el-encuentro-de-municipios-del-camino-que-se-celebra-este-fin-de-semana-en-santiago-de-compostela\/#primaryimage"},"thumbnailUrl":"https:\/\/www.laguiadepamplona.com\/actualidad\/wp-content\/uploads\/2017\/11\/camino-santiago.jpg","articleSection":["Ayto Pamplona"],"inLanguage":"es","potentialAction":[{"@type":"CommentAction","name":"Comment","target":["https:\/\/www.laguiadepamplona.com\/actualidad\/el-alcalde-de-pamplona-preside-el-encuentro-de-municipios-del-camino-que-se-celebra-este-fin-de-semana-en-santiago-de-compostela\/#respond"]}]},{"@type":"WebPage","@id":"https:\/\/www.laguiadepamplona.com\/actualidad\/el-alcalde-de-pamplona-preside-el-encuentro-de-municipios-del-camino-que-se-celebra-este-fin-de-semana-en-santiago-de-compostela\/","url":"https:\/\/www.laguiadepamplona.com\/actualidad\/el-alcalde-de-pamplona-preside-el-encuentro-de-municipios-del-camino-que-se-celebra-este-fin-de-semana-en-santiago-de-compostela\/","name":"El alcalde de Pamplona preside el encuentro de municipios del Camino, que se celebra este fin de semana en Santiago de Compostela","isPartOf":{"@id":"https:\/\/www.laguiadepamplona.com\/actualidad\/#website"},"primaryImageOfPage":{"@id":"https:\/\/www.laguiadepamplona.com\/actualidad\/el-alcalde-de-pamplona-preside-el-encuentro-de-municipios-del-camino-que-se-celebra-este-fin-de-semana-en-santiago-de-compostela\/#primaryimage"},"image":{"@id":"https:\/\/www.laguiadepamplona.com\/actualidad\/el-alcalde-de-pamplona-preside-el-encuentro-de-municipios-del-camino-que-se-celebra-este-fin-de-semana-en-santiago-de-compostela\/#primaryimage"},"thumbnailUrl":"https:\/\/www.laguiadepamplona.com\/actualidad\/wp-content\/uploads\/2017\/11\/camino-santiago.jpg","datePublished":"2022-11-04T16:44:03+00:00","dateModified":"2023-04-11T09:47:37+00:00","description":"La reuni\u00f3n servir\u00e1 para preparar el trig\u00e9simo aniversario de la declaraci\u00f3n del Camino como Patrimonio de la Humanidad","breadcrumb":{"@id":"https:\/\/www.laguiadepamplona.com\/actualidad\/el-alcalde-de-pamplona-preside-el-encuentro-de-municipios-del-camino-que-se-celebra-este-fin-de-semana-en-santiago-de-compostela\/#breadcrumb"},"inLanguage":"es","potentialAction":[{"@type":"ReadAction","target":["https:\/\/www.laguiadepamplona.com\/actualidad\/el-alcalde-de-pamplona-preside-el-encuentro-de-municipios-del-camino-que-se-celebra-este-fin-de-semana-en-santiago-de-compostela\/"]}]},{"@type":"ImageObject","inLanguage":"es","@id":"https:\/\/www.laguiadepamplona.com\/actualidad\/el-alcalde-de-pamplona-preside-el-encuentro-de-municipios-del-camino-que-se-celebra-este-fin-de-semana-en-santiago-de-compostela\/#primaryimage","url":"https:\/\/www.laguiadepamplona.com\/actualidad\/wp-content\/uploads\/2017\/11\/camino-santiago.jpg","contentUrl":"https:\/\/www.laguiadepamplona.com\/actualidad\/wp-content\/uploads\/2017\/11\/camino-santiago.jpg","width":1000,"height":683},{"@type":"BreadcrumbList","@id":"https:\/\/www.laguiadepamplona.com\/actualidad\/el-alcalde-de-pamplona-preside-el-encuentro-de-municipios-del-camino-que-se-celebra-este-fin-de-semana-en-santiago-de-compostela\/#breadcrumb","itemListElement":[{"@type":"ListItem","position":1,"name":"Portada","item":"https:\/\/www.laguiadepamplona.com\/actualidad\/"},{"@type":"ListItem","position":2,"name":"El alcalde de Pamplona preside el encuentro de municipios del Camino, que se celebra este fin de semana en Santiago de Compostela"}]},{"@type":"WebSite","@id":"https:\/\/www.laguiadepamplona.com\/actualidad\/#website","url":"https:\/\/www.laguiadepamplona.com\/actualidad\/","name":"La gu\u00eda de Pamplona","description":"Noticias de Pamplona","publisher":{"@id":"https:\/\/www.laguiadepamplona.com\/actualidad\/#organization"},"potentialAction":[{"@type":"SearchAction","target":{"@type":"EntryPoint","urlTemplate":"https:\/\/www.laguiadepamplona.com\/actualidad\/?s={search_term_string}"},"query-input":{"@type":"PropertyValueSpecification","valueRequired":true,"valueName":"search_term_string"}}],"inLanguage":"es"},{"@type":"Organization","@id":"https:\/\/www.laguiadepamplona.com\/actualidad\/#organization","name":"La Gu\u00eda de Pamplona \/ Noticias","url":"https:\/\/www.laguiadepamplona.com\/actualidad\/","logo":{"@type":"ImageObject","inLanguage":"es","@id":"https:\/\/www.laguiadepamplona.com\/actualidad\/#\/schema\/logo\/image\/","url":"https:\/\/www.laguiadepamplona.com\/actualidad\/wp-content\/uploads\/2018\/11\/logo-laguiadepamplona18-web1.png","contentUrl":"https:\/\/www.laguiadepamplona.com\/actualidad\/wp-content\/uploads\/2018\/11\/logo-laguiadepamplona18-web1.png","width":600,"height":196,"caption":"La Gu\u00eda de Pamplona \/ Noticias"},"image":{"@id":"https:\/\/www.laguiadepamplona.com\/actualidad\/#\/schema\/logo\/image\/"},"sameAs":["https:\/\/www.facebook.com\/laguiadepamplonacom-133175176762273\/?ref=hl","https:\/\/x.com\/LaGuiadPamplona","https:\/\/www.instagram.com\/la_guia_de_pamplona\/","https:\/\/www.youtube.com\/user\/laguiadepamplona"]},{"@type":"Person","@id":"https:\/\/www.laguiadepamplona.com\/actualidad\/#\/schema\/person\/efe887376f0213d4657c93adc50b1fdb","name":"La Gu\u00eda de Pamplona","image":{"@type":"ImageObject","inLanguage":"es","@id":"https:\/\/secure.gravatar.com\/avatar\/b6992f131dc8d30ab0dff15446e9d346d9dbd95992de0fef795073f5ea83a81c?s=96&d=mm&r=g","url":"https:\/\/secure.gravatar.com\/avatar\/b6992f131dc8d30ab0dff15446e9d346d9dbd95992de0fef795073f5ea83a81c?s=96&d=mm&r=g","contentUrl":"https:\/\/secure.gravatar.com\/avatar\/b6992f131dc8d30ab0dff15446e9d346d9dbd95992de0fef795073f5ea83a81c?s=96&d=mm&r=g","caption":"La Gu\u00eda de Pamplona"}}]}},"post_mailing_queue_ids":[],"_links":{"self":[{"href":"https:\/\/www.laguiadepamplona.com\/actualidad\/wp-json\/wp\/v2\/posts\/42116","targetHints":{"allow":["GET"]}}],"collection":[{"href":"https:\/\/www.laguiadepamplona.com\/actualidad\/wp-json\/wp\/v2\/posts"}],"about":[{"href":"https:\/\/www.laguiadepamplona.com\/actualidad\/wp-json\/wp\/v2\/types\/post"}],"author":[{"embeddable":true,"href":"https:\/\/www.laguiadepamplona.com\/actualidad\/wp-json\/wp\/v2\/users\/1"}],"replies":[{"embeddable":true,"href":"https:\/\/www.laguiadepamplona.com\/actualidad\/wp-json\/wp\/v2\/comments?post=42116"}],"version-history":[{"count":0,"href":"https:\/\/www.laguiadepamplona.com\/actualidad\/wp-json\/wp\/v2\/posts\/42116\/revisions"}],"wp:featuredmedia":[{"embeddable":true,"href":"https:\/\/www.laguiadepamplona.com\/actualidad\/wp-json\/wp\/v2\/media\/15072"}],"wp:attachment":[{"href":"https:\/\/www.laguiadepamplona.com\/actualidad\/wp-json\/wp\/v2\/media?parent=42116"}],"wp:term":[{"taxonomy":"category","embeddable":true,"href":"https:\/\/www.laguiadepamplona.com\/actualidad\/wp-json\/wp\/v2\/categories?post=42116"},{"taxonomy":"post_tag","embeddable":true,"href":"https:\/\/www.laguiadepamplona.com\/actualidad\/wp-json\/wp\/v2\/tags?post=42116"}],"curies":[{"name":"wp","href":"https:\/\/api.w.org\/{rel}","templated":true}]}}