{"id":42108,"date":"2022-11-04T14:05:10","date_gmt":"2022-11-04T12:05:10","guid":{"rendered":"https:\/\/www.laguiadepamplona.com\/actualidad\/?p=42108"},"modified":"2023-04-11T11:47:37","modified_gmt":"2023-04-11T09:47:37","slug":"hacer-un-bosque-en-comun-para-que-una-ciudad-respire-mejor","status":"publish","type":"post","link":"https:\/\/www.laguiadepamplona.com\/actualidad\/hacer-un-bosque-en-comun-para-que-una-ciudad-respire-mejor\/","title":{"rendered":"Hacer un bosque en com\u00fan para que una ciudad respire mejor"},"content":{"rendered":"<h5>Ma\u00f1ana en el Pol\u00edgono de Agustinos decenas de personas participar\u00e1n en una jornada de voluntariado ambiental que se repetir\u00e1 el 12 de noviembre<\/h5>\n<p><!--more--><\/p>\n<p>Ma\u00f1ana, <strong><u>s\u00e1bado 5 de noviembre<\/u><\/strong>, 66 personas, acompa\u00f1ados por alumnado del ciclo de Educaci\u00f3n y Calidad Ambiental del CI Agroforestal, t\u00e9cnicas municipales y alumnado de la escuela taller municipal de Jardiner\u00eda, plantar\u00e1n 212 ejemplares de \u00e1rbol en el bosque aut\u00f3ctono en el pol\u00edgono de Agustinos (Comarca 1). De 10 a 12 horas la ciudadan\u00eda, convertida en voluntariado ambiental, seguir\u00e1 ampliando la futura masa boscosa y repondr\u00e1 las \u201cmarras\u201d (planta que no ha prosperado) de la plantaci\u00f3n del pasado a\u00f1o. En esta primera jornada de voluntariado de 2022, a la que seguir\u00e1 otra el pr\u00f3ximo 12 de noviembre, <strong><u>participar\u00e1 Ferm\u00edn Alonso, concejal delegado de Proyectos Estrat\u00e9gicos, Movilidad y Sostenibilidad<\/u><\/strong>, el \u00e1rea que est\u00e1 gestionando este proyecto. El punto de encuentro es la calle F del pol\u00edgono de Agustinos (pasadas las instalaciones de Escene Zero Eventos).<\/p>\n<p>Aunque dentro de tres o cuatro a\u00f1os el tama\u00f1o de los \u00e1rboles ya comenzar\u00e1 a apreciarse de forma clara, en estos momentos arces, nogales, pinos, serbales, encinas y robles son peque\u00f1os; las distintas velocidades de crecimiento dependen en gran medida de la especie: las hay de crecimiento r\u00e1pido como los pinos o muy lento, como las encinas. Los \u00e1rboles est\u00e1n acompa\u00f1ados de arbustos de la serie vegetal t\u00edpica de la zona que servir\u00e1n para albergar aves y roedores silvestres, mejorando los \u00edndices de biodiversidad de la ciudad. Parte de esta plata es cedida por el CI Agroforestal.<br \/>\n<script async src=\"\/\/pagead2.googlesyndication.com\/pagead\/js\/adsbygoogle.js\"><\/script><br \/>\n<!-- Noticias La Guia de Pamplona --><br \/>\n<ins class=\"adsbygoogle\"\nstyle=\"display:block\"\ndata-ad-client=\"ca-pub-6943679897239327\"\ndata-ad-slot=\"7048180777\"\ndata-ad-format=\"auto\"><\/ins><br \/>\n<script>\n(adsbygoogle = window.adsbygoogle || []).push({});\n<\/script><\/p>\n<p>La jornada se iniciar\u00e1 con unas nociones bot\u00e1nicas y forestales sobre la actividad. A continuaci\u00f3n, en grupos de 15-17 personas acompa\u00f1ados por especialistas, se ir\u00e1n preparando las \u2018ollas\u2019 (espacios de plantaci\u00f3n abiertos con excavadora) con compost, usando un capazo y una azada. A continuaci\u00f3n, se pondr\u00e1 la planta y se cubrir\u00e1 el cuello con una malla antigerminaci\u00f3n biodegradable de unos 50 cm de di\u00e1metro, para acabar instalando <span style=\"text-decoration: line-through;\">y<\/span> el protector que rodea el tronco con un tutor. El protector escogido tiene \u2018altura conejo\u2019, ya que en la zona hay ejemplares de esta especie, y suelen gustar de los tallos j\u00f3venes. Finalmente, se regar\u00e1n los \u00e1rboles plantados gracias a una cisterna de 1.000 litros desplazada al terreno por el Ayuntamiento.<\/p>\n<p>Tras la plantaci\u00f3n se plantear\u00e1n algunas actividades para que las personas participantes se conozcan y aprendan algo m\u00e1s sobre el bosque. As\u00ed, se har\u00e1 un juego sobre \u00e1rboles y p\u00e1jaros y estar\u00e1 disponible una mesa con materiales como siluetas de aves, huellas, memori de aves y especies, bolsas m\u00e1gicas para adivinar que hay dentro\u2026 Y para los m\u00e1s peque\u00f1os se ofrecer\u00e1 un juego en grupo sobre colores y bichos.<br \/>\n<script async src=\"\/\/pagead2.googlesyndication.com\/pagead\/js\/adsbygoogle.js\"><\/script><br \/>\n<!-- Noticias La Guia de Pamplona --><br \/>\n<ins class=\"adsbygoogle\"\nstyle=\"display:block\"\ndata-ad-client=\"ca-pub-6943679897239327\"\ndata-ad-slot=\"7048180777\"\ndata-ad-format=\"auto\"><\/ins><br \/>\n<script>\n(adsbygoogle = window.adsbygoogle || []).push({});\n<\/script><\/p>\n<p><strong>Una generaci\u00f3n para verlo crecer<\/strong><\/p>\n<p>La plantaci\u00f3n se har\u00e1 tanto en las ollas preparadas para ma\u00f1ana, como en las de los ejemplares que hay que reponer y que se abrieron el pasado a\u00f1o. De los 625 ejemplares plantados en 2021, habr\u00e1 que replantar 118, un 19% de los colocados inicialmente. Este porcentaje es, seg\u00fan los t\u00e9cnicos, un buen resultado tras el largu\u00edsimo verano de altas temperaturas y la prohibici\u00f3n de tareas en zonas agr\u00edcolas durante el mes de junio por riesgo de incendios. En ese sentido, el bosque solo se pudo regar dos veces: la primera tras los Sanfermines y en una segunda ocasi\u00f3n en agosto. Para mejorar la retenci\u00f3n de agua en el suelo se ha utilizado un material absorbente. La enmienda org\u00e1nica se ha hecho con compost vegetal de la Mancomunidad de la Comarca de Pamplona. En total 18 toneladas de compost, la mitad de las cuales est\u00e1 ya en el espacio de plantaci\u00f3n.<\/p>\n<p>Las plazas para participar en las dos jornadas de voluntariado previstas est\u00e1n ya completas y con lista de espera. Quienes participen solo deber\u00e1n llevar guantes de trabajo, el agua y el almuerzo que vayan a consumir, adem\u00e1s de la ropa adecuada para la tarea al aire libre. El alumnado de la escuela taller municipal de jardiner\u00eda, dentro del periodo de \u2018obra social\u2019 y como parte de su aprendizaje de un oficio, se encargar\u00e1 a lo largo del a\u00f1o de completar las dos \u00faltimas hect\u00e1reas hasta finalizar un bosque que terminar\u00e1 de crecer en una generaci\u00f3n. La escuela taller de carpinter\u00eda va a realizar el soporte para los carteles que den publicidad al proyecto.<br \/>\n<script async src=\"\/\/pagead2.googlesyndication.com\/pagead\/js\/adsbygoogle.js\"><\/script><br \/>\n<!-- Noticias La Guia de Pamplona --><br \/>\n<ins class=\"adsbygoogle\"\nstyle=\"display:block\"\ndata-ad-client=\"ca-pub-6943679897239327\"\ndata-ad-slot=\"7048180777\"\ndata-ad-format=\"auto\"><\/ins><br \/>\n<script>\n(adsbygoogle = window.adsbygoogle || []).push({});\n<\/script><\/p>\n<p>La creaci\u00f3n del bosque y la consiguiente reducci\u00f3n de las emisiones de Gases de Efecto Invernadero (GEI) se enmarca dentro de la iniciativa \u2018Go Green Pamplona\u2019 y la Estrategia de Transici\u00f3n Energ\u00e9tica y Cambio Clim\u00e1tico 2030, que persigue un modelo de ciudad sostenible y descarbonizada. Esta nueva zona arbolada, dise\u00f1ada en una parcela municipal como bosque de absorci\u00f3n, permitir\u00e1 a la ciudad compensar una parte de las emisiones de CO2 que produce, mejorando su situaci\u00f3n ante el llamado efecto invernadero y luchando contra el cambio clim\u00e1tico.<\/p>\n","protected":false},"excerpt":{"rendered":"<p>Ma\u00f1ana en el Pol\u00edgono de Agustinos decenas de personas participar\u00e1n en una jornada de voluntariado ambiental que se repetir\u00e1 el 12 de noviembre<\/p>\n","protected":false},"author":1,"featured_media":42109,"comment_status":"open","ping_status":"closed","sticky":false,"template":"","format":"standard","meta":{"footnotes":""},"categories":[2],"tags":[],"class_list":["post-42108","post","type-post","status-publish","format-standard","has-post-thumbnail","hentry","category-ayuntamiento-pamplona"],"yoast_head":"<!-- This site is optimized with the Yoast SEO plugin v27.3 - https:\/\/yoast.com\/product\/yoast-seo-wordpress\/ -->\n<title>Hacer un bosque en com\u00fan para que una ciudad respire mejor<\/title>\n<meta name=\"description\" content=\"Ma\u00f1ana en el Pol\u00edgono de Agustinos decenas de personas participar\u00e1n en una jornada de voluntariado ambiental que se repetir\u00e1 el 12 de noviembre\" \/>\n<meta name=\"robots\" content=\"index, follow, max-snippet:-1, max-image-preview:large, max-video-preview:-1\" \/>\n<link rel=\"canonical\" href=\"https:\/\/www.laguiadepamplona.com\/actualidad\/hacer-un-bosque-en-comun-para-que-una-ciudad-respire-mejor\/\" \/>\n<meta property=\"og:locale\" content=\"es_ES\" \/>\n<meta property=\"og:type\" content=\"article\" \/>\n<meta property=\"og:title\" content=\"Hacer un bosque en com\u00fan para que una ciudad respire mejor\" \/>\n<meta property=\"og:description\" content=\"Ma\u00f1ana en el Pol\u00edgono de Agustinos decenas de personas participar\u00e1n en una jornada de voluntariado ambiental que se repetir\u00e1 el 12 de noviembre\" \/>\n<meta property=\"og:url\" content=\"https:\/\/www.laguiadepamplona.com\/actualidad\/hacer-un-bosque-en-comun-para-que-una-ciudad-respire-mejor\/\" \/>\n<meta property=\"og:site_name\" content=\"La Gu\u00eda de Pamplona\" \/>\n<meta property=\"article:publisher\" content=\"https:\/\/www.facebook.com\/laguiadepamplonacom-133175176762273\/?ref=hl\" \/>\n<meta property=\"article:published_time\" content=\"2022-11-04T12:05:10+00:00\" \/>\n<meta property=\"article:modified_time\" content=\"2023-04-11T09:47:37+00:00\" \/>\n<meta property=\"og:image\" content=\"https:\/\/www.laguiadepamplona.com\/actualidad\/wp-content\/uploads\/2022\/11\/voluntariadobosqueagustinosee5a6247.webp\" \/>\n\t<meta property=\"og:image:width\" content=\"1920\" \/>\n\t<meta property=\"og:image:height\" content=\"1280\" \/>\n\t<meta property=\"og:image:type\" content=\"image\/webp\" \/>\n<meta name=\"author\" content=\"La Gu\u00eda de Pamplona\" \/>\n<meta name=\"twitter:card\" content=\"summary_large_image\" \/>\n<meta name=\"twitter:creator\" content=\"@LaGuiadPamplona\" \/>\n<meta name=\"twitter:site\" content=\"@LaGuiadPamplona\" \/>\n<meta name=\"twitter:label1\" content=\"Escrito por\" \/>\n\t<meta name=\"twitter:data1\" content=\"La Gu\u00eda de Pamplona\" \/>\n\t<meta name=\"twitter:label2\" content=\"Tiempo de lectura\" \/>\n\t<meta name=\"twitter:data2\" content=\"4 minutos\" \/>\n<script type=\"application\/ld+json\" class=\"yoast-schema-graph\">{\"@context\":\"https:\\\/\\\/schema.org\",\"@graph\":[{\"@type\":\"Article\",\"@id\":\"https:\\\/\\\/www.laguiadepamplona.com\\\/actualidad\\\/hacer-un-bosque-en-comun-para-que-una-ciudad-respire-mejor\\\/#article\",\"isPartOf\":{\"@id\":\"https:\\\/\\\/www.laguiadepamplona.com\\\/actualidad\\\/hacer-un-bosque-en-comun-para-que-una-ciudad-respire-mejor\\\/\"},\"author\":{\"name\":\"La Gu\u00eda de Pamplona\",\"@id\":\"https:\\\/\\\/www.laguiadepamplona.com\\\/actualidad\\\/#\\\/schema\\\/person\\\/efe887376f0213d4657c93adc50b1fdb\"},\"headline\":\"Hacer un bosque en com\u00fan para que una ciudad respire mejor\",\"datePublished\":\"2022-11-04T12:05:10+00:00\",\"dateModified\":\"2023-04-11T09:47:37+00:00\",\"mainEntityOfPage\":{\"@id\":\"https:\\\/\\\/www.laguiadepamplona.com\\\/actualidad\\\/hacer-un-bosque-en-comun-para-que-una-ciudad-respire-mejor\\\/\"},\"wordCount\":866,\"commentCount\":0,\"publisher\":{\"@id\":\"https:\\\/\\\/www.laguiadepamplona.com\\\/actualidad\\\/#organization\"},\"image\":{\"@id\":\"https:\\\/\\\/www.laguiadepamplona.com\\\/actualidad\\\/hacer-un-bosque-en-comun-para-que-una-ciudad-respire-mejor\\\/#primaryimage\"},\"thumbnailUrl\":\"https:\\\/\\\/www.laguiadepamplona.com\\\/actualidad\\\/wp-content\\\/uploads\\\/2022\\\/11\\\/voluntariadobosqueagustinosee5a6247.webp\",\"articleSection\":[\"Ayto Pamplona\"],\"inLanguage\":\"es\",\"potentialAction\":[{\"@type\":\"CommentAction\",\"name\":\"Comment\",\"target\":[\"https:\\\/\\\/www.laguiadepamplona.com\\\/actualidad\\\/hacer-un-bosque-en-comun-para-que-una-ciudad-respire-mejor\\\/#respond\"]}]},{\"@type\":\"WebPage\",\"@id\":\"https:\\\/\\\/www.laguiadepamplona.com\\\/actualidad\\\/hacer-un-bosque-en-comun-para-que-una-ciudad-respire-mejor\\\/\",\"url\":\"https:\\\/\\\/www.laguiadepamplona.com\\\/actualidad\\\/hacer-un-bosque-en-comun-para-que-una-ciudad-respire-mejor\\\/\",\"name\":\"Hacer un bosque en com\u00fan para que una ciudad respire mejor\",\"isPartOf\":{\"@id\":\"https:\\\/\\\/www.laguiadepamplona.com\\\/actualidad\\\/#website\"},\"primaryImageOfPage\":{\"@id\":\"https:\\\/\\\/www.laguiadepamplona.com\\\/actualidad\\\/hacer-un-bosque-en-comun-para-que-una-ciudad-respire-mejor\\\/#primaryimage\"},\"image\":{\"@id\":\"https:\\\/\\\/www.laguiadepamplona.com\\\/actualidad\\\/hacer-un-bosque-en-comun-para-que-una-ciudad-respire-mejor\\\/#primaryimage\"},\"thumbnailUrl\":\"https:\\\/\\\/www.laguiadepamplona.com\\\/actualidad\\\/wp-content\\\/uploads\\\/2022\\\/11\\\/voluntariadobosqueagustinosee5a6247.webp\",\"datePublished\":\"2022-11-04T12:05:10+00:00\",\"dateModified\":\"2023-04-11T09:47:37+00:00\",\"description\":\"Ma\u00f1ana en el Pol\u00edgono de Agustinos decenas de personas participar\u00e1n en una jornada de voluntariado ambiental que se repetir\u00e1 el 12 de noviembre\",\"breadcrumb\":{\"@id\":\"https:\\\/\\\/www.laguiadepamplona.com\\\/actualidad\\\/hacer-un-bosque-en-comun-para-que-una-ciudad-respire-mejor\\\/#breadcrumb\"},\"inLanguage\":\"es\",\"potentialAction\":[{\"@type\":\"ReadAction\",\"target\":[\"https:\\\/\\\/www.laguiadepamplona.com\\\/actualidad\\\/hacer-un-bosque-en-comun-para-que-una-ciudad-respire-mejor\\\/\"]}]},{\"@type\":\"ImageObject\",\"inLanguage\":\"es\",\"@id\":\"https:\\\/\\\/www.laguiadepamplona.com\\\/actualidad\\\/hacer-un-bosque-en-comun-para-que-una-ciudad-respire-mejor\\\/#primaryimage\",\"url\":\"https:\\\/\\\/www.laguiadepamplona.com\\\/actualidad\\\/wp-content\\\/uploads\\\/2022\\\/11\\\/voluntariadobosqueagustinosee5a6247.webp\",\"contentUrl\":\"https:\\\/\\\/www.laguiadepamplona.com\\\/actualidad\\\/wp-content\\\/uploads\\\/2022\\\/11\\\/voluntariadobosqueagustinosee5a6247.webp\",\"width\":1920,\"height\":1280},{\"@type\":\"BreadcrumbList\",\"@id\":\"https:\\\/\\\/www.laguiadepamplona.com\\\/actualidad\\\/hacer-un-bosque-en-comun-para-que-una-ciudad-respire-mejor\\\/#breadcrumb\",\"itemListElement\":[{\"@type\":\"ListItem\",\"position\":1,\"name\":\"Portada\",\"item\":\"https:\\\/\\\/www.laguiadepamplona.com\\\/actualidad\\\/\"},{\"@type\":\"ListItem\",\"position\":2,\"name\":\"Hacer un bosque en com\u00fan para que una ciudad respire mejor\"}]},{\"@type\":\"WebSite\",\"@id\":\"https:\\\/\\\/www.laguiadepamplona.com\\\/actualidad\\\/#website\",\"url\":\"https:\\\/\\\/www.laguiadepamplona.com\\\/actualidad\\\/\",\"name\":\"La gu\u00eda de Pamplona\",\"description\":\"Noticias de Pamplona\",\"publisher\":{\"@id\":\"https:\\\/\\\/www.laguiadepamplona.com\\\/actualidad\\\/#organization\"},\"potentialAction\":[{\"@type\":\"SearchAction\",\"target\":{\"@type\":\"EntryPoint\",\"urlTemplate\":\"https:\\\/\\\/www.laguiadepamplona.com\\\/actualidad\\\/?s={search_term_string}\"},\"query-input\":{\"@type\":\"PropertyValueSpecification\",\"valueRequired\":true,\"valueName\":\"search_term_string\"}}],\"inLanguage\":\"es\"},{\"@type\":\"Organization\",\"@id\":\"https:\\\/\\\/www.laguiadepamplona.com\\\/actualidad\\\/#organization\",\"name\":\"La Gu\u00eda de Pamplona \\\/ Noticias\",\"url\":\"https:\\\/\\\/www.laguiadepamplona.com\\\/actualidad\\\/\",\"logo\":{\"@type\":\"ImageObject\",\"inLanguage\":\"es\",\"@id\":\"https:\\\/\\\/www.laguiadepamplona.com\\\/actualidad\\\/#\\\/schema\\\/logo\\\/image\\\/\",\"url\":\"https:\\\/\\\/www.laguiadepamplona.com\\\/actualidad\\\/wp-content\\\/uploads\\\/2018\\\/11\\\/logo-laguiadepamplona18-web1.png\",\"contentUrl\":\"https:\\\/\\\/www.laguiadepamplona.com\\\/actualidad\\\/wp-content\\\/uploads\\\/2018\\\/11\\\/logo-laguiadepamplona18-web1.png\",\"width\":600,\"height\":196,\"caption\":\"La Gu\u00eda de Pamplona \\\/ Noticias\"},\"image\":{\"@id\":\"https:\\\/\\\/www.laguiadepamplona.com\\\/actualidad\\\/#\\\/schema\\\/logo\\\/image\\\/\"},\"sameAs\":[\"https:\\\/\\\/www.facebook.com\\\/laguiadepamplonacom-133175176762273\\\/?ref=hl\",\"https:\\\/\\\/x.com\\\/LaGuiadPamplona\",\"https:\\\/\\\/www.instagram.com\\\/la_guia_de_pamplona\\\/\",\"https:\\\/\\\/www.youtube.com\\\/user\\\/laguiadepamplona\"]},{\"@type\":\"Person\",\"@id\":\"https:\\\/\\\/www.laguiadepamplona.com\\\/actualidad\\\/#\\\/schema\\\/person\\\/efe887376f0213d4657c93adc50b1fdb\",\"name\":\"La Gu\u00eda de Pamplona\",\"image\":{\"@type\":\"ImageObject\",\"inLanguage\":\"es\",\"@id\":\"https:\\\/\\\/secure.gravatar.com\\\/avatar\\\/b6992f131dc8d30ab0dff15446e9d346d9dbd95992de0fef795073f5ea83a81c?s=96&d=mm&r=g\",\"url\":\"https:\\\/\\\/secure.gravatar.com\\\/avatar\\\/b6992f131dc8d30ab0dff15446e9d346d9dbd95992de0fef795073f5ea83a81c?s=96&d=mm&r=g\",\"contentUrl\":\"https:\\\/\\\/secure.gravatar.com\\\/avatar\\\/b6992f131dc8d30ab0dff15446e9d346d9dbd95992de0fef795073f5ea83a81c?s=96&d=mm&r=g\",\"caption\":\"La Gu\u00eda de Pamplona\"}}]}<\/script>\n<!-- \/ Yoast SEO plugin. -->","yoast_head_json":{"title":"Hacer un bosque en com\u00fan para que una ciudad respire mejor","description":"Ma\u00f1ana en el Pol\u00edgono de Agustinos decenas de personas participar\u00e1n en una jornada de voluntariado ambiental que se repetir\u00e1 el 12 de noviembre","robots":{"index":"index","follow":"follow","max-snippet":"max-snippet:-1","max-image-preview":"max-image-preview:large","max-video-preview":"max-video-preview:-1"},"canonical":"https:\/\/www.laguiadepamplona.com\/actualidad\/hacer-un-bosque-en-comun-para-que-una-ciudad-respire-mejor\/","og_locale":"es_ES","og_type":"article","og_title":"Hacer un bosque en com\u00fan para que una ciudad respire mejor","og_description":"Ma\u00f1ana en el Pol\u00edgono de Agustinos decenas de personas participar\u00e1n en una jornada de voluntariado ambiental que se repetir\u00e1 el 12 de noviembre","og_url":"https:\/\/www.laguiadepamplona.com\/actualidad\/hacer-un-bosque-en-comun-para-que-una-ciudad-respire-mejor\/","og_site_name":"La Gu\u00eda de Pamplona","article_publisher":"https:\/\/www.facebook.com\/laguiadepamplonacom-133175176762273\/?ref=hl","article_published_time":"2022-11-04T12:05:10+00:00","article_modified_time":"2023-04-11T09:47:37+00:00","og_image":[{"width":1920,"height":1280,"url":"https:\/\/www.laguiadepamplona.com\/actualidad\/wp-content\/uploads\/2022\/11\/voluntariadobosqueagustinosee5a6247.webp","type":"image\/webp"}],"author":"La Gu\u00eda de Pamplona","twitter_card":"summary_large_image","twitter_creator":"@LaGuiadPamplona","twitter_site":"@LaGuiadPamplona","twitter_misc":{"Escrito por":"La Gu\u00eda de Pamplona","Tiempo de lectura":"4 minutos"},"schema":{"@context":"https:\/\/schema.org","@graph":[{"@type":"Article","@id":"https:\/\/www.laguiadepamplona.com\/actualidad\/hacer-un-bosque-en-comun-para-que-una-ciudad-respire-mejor\/#article","isPartOf":{"@id":"https:\/\/www.laguiadepamplona.com\/actualidad\/hacer-un-bosque-en-comun-para-que-una-ciudad-respire-mejor\/"},"author":{"name":"La Gu\u00eda de Pamplona","@id":"https:\/\/www.laguiadepamplona.com\/actualidad\/#\/schema\/person\/efe887376f0213d4657c93adc50b1fdb"},"headline":"Hacer un bosque en com\u00fan para que una ciudad respire mejor","datePublished":"2022-11-04T12:05:10+00:00","dateModified":"2023-04-11T09:47:37+00:00","mainEntityOfPage":{"@id":"https:\/\/www.laguiadepamplona.com\/actualidad\/hacer-un-bosque-en-comun-para-que-una-ciudad-respire-mejor\/"},"wordCount":866,"commentCount":0,"publisher":{"@id":"https:\/\/www.laguiadepamplona.com\/actualidad\/#organization"},"image":{"@id":"https:\/\/www.laguiadepamplona.com\/actualidad\/hacer-un-bosque-en-comun-para-que-una-ciudad-respire-mejor\/#primaryimage"},"thumbnailUrl":"https:\/\/www.laguiadepamplona.com\/actualidad\/wp-content\/uploads\/2022\/11\/voluntariadobosqueagustinosee5a6247.webp","articleSection":["Ayto Pamplona"],"inLanguage":"es","potentialAction":[{"@type":"CommentAction","name":"Comment","target":["https:\/\/www.laguiadepamplona.com\/actualidad\/hacer-un-bosque-en-comun-para-que-una-ciudad-respire-mejor\/#respond"]}]},{"@type":"WebPage","@id":"https:\/\/www.laguiadepamplona.com\/actualidad\/hacer-un-bosque-en-comun-para-que-una-ciudad-respire-mejor\/","url":"https:\/\/www.laguiadepamplona.com\/actualidad\/hacer-un-bosque-en-comun-para-que-una-ciudad-respire-mejor\/","name":"Hacer un bosque en com\u00fan para que una ciudad respire mejor","isPartOf":{"@id":"https:\/\/www.laguiadepamplona.com\/actualidad\/#website"},"primaryImageOfPage":{"@id":"https:\/\/www.laguiadepamplona.com\/actualidad\/hacer-un-bosque-en-comun-para-que-una-ciudad-respire-mejor\/#primaryimage"},"image":{"@id":"https:\/\/www.laguiadepamplona.com\/actualidad\/hacer-un-bosque-en-comun-para-que-una-ciudad-respire-mejor\/#primaryimage"},"thumbnailUrl":"https:\/\/www.laguiadepamplona.com\/actualidad\/wp-content\/uploads\/2022\/11\/voluntariadobosqueagustinosee5a6247.webp","datePublished":"2022-11-04T12:05:10+00:00","dateModified":"2023-04-11T09:47:37+00:00","description":"Ma\u00f1ana en el Pol\u00edgono de Agustinos decenas de personas participar\u00e1n en una jornada de voluntariado ambiental que se repetir\u00e1 el 12 de noviembre","breadcrumb":{"@id":"https:\/\/www.laguiadepamplona.com\/actualidad\/hacer-un-bosque-en-comun-para-que-una-ciudad-respire-mejor\/#breadcrumb"},"inLanguage":"es","potentialAction":[{"@type":"ReadAction","target":["https:\/\/www.laguiadepamplona.com\/actualidad\/hacer-un-bosque-en-comun-para-que-una-ciudad-respire-mejor\/"]}]},{"@type":"ImageObject","inLanguage":"es","@id":"https:\/\/www.laguiadepamplona.com\/actualidad\/hacer-un-bosque-en-comun-para-que-una-ciudad-respire-mejor\/#primaryimage","url":"https:\/\/www.laguiadepamplona.com\/actualidad\/wp-content\/uploads\/2022\/11\/voluntariadobosqueagustinosee5a6247.webp","contentUrl":"https:\/\/www.laguiadepamplona.com\/actualidad\/wp-content\/uploads\/2022\/11\/voluntariadobosqueagustinosee5a6247.webp","width":1920,"height":1280},{"@type":"BreadcrumbList","@id":"https:\/\/www.laguiadepamplona.com\/actualidad\/hacer-un-bosque-en-comun-para-que-una-ciudad-respire-mejor\/#breadcrumb","itemListElement":[{"@type":"ListItem","position":1,"name":"Portada","item":"https:\/\/www.laguiadepamplona.com\/actualidad\/"},{"@type":"ListItem","position":2,"name":"Hacer un bosque en com\u00fan para que una ciudad respire mejor"}]},{"@type":"WebSite","@id":"https:\/\/www.laguiadepamplona.com\/actualidad\/#website","url":"https:\/\/www.laguiadepamplona.com\/actualidad\/","name":"La gu\u00eda de Pamplona","description":"Noticias de Pamplona","publisher":{"@id":"https:\/\/www.laguiadepamplona.com\/actualidad\/#organization"},"potentialAction":[{"@type":"SearchAction","target":{"@type":"EntryPoint","urlTemplate":"https:\/\/www.laguiadepamplona.com\/actualidad\/?s={search_term_string}"},"query-input":{"@type":"PropertyValueSpecification","valueRequired":true,"valueName":"search_term_string"}}],"inLanguage":"es"},{"@type":"Organization","@id":"https:\/\/www.laguiadepamplona.com\/actualidad\/#organization","name":"La Gu\u00eda de Pamplona \/ Noticias","url":"https:\/\/www.laguiadepamplona.com\/actualidad\/","logo":{"@type":"ImageObject","inLanguage":"es","@id":"https:\/\/www.laguiadepamplona.com\/actualidad\/#\/schema\/logo\/image\/","url":"https:\/\/www.laguiadepamplona.com\/actualidad\/wp-content\/uploads\/2018\/11\/logo-laguiadepamplona18-web1.png","contentUrl":"https:\/\/www.laguiadepamplona.com\/actualidad\/wp-content\/uploads\/2018\/11\/logo-laguiadepamplona18-web1.png","width":600,"height":196,"caption":"La Gu\u00eda de Pamplona \/ Noticias"},"image":{"@id":"https:\/\/www.laguiadepamplona.com\/actualidad\/#\/schema\/logo\/image\/"},"sameAs":["https:\/\/www.facebook.com\/laguiadepamplonacom-133175176762273\/?ref=hl","https:\/\/x.com\/LaGuiadPamplona","https:\/\/www.instagram.com\/la_guia_de_pamplona\/","https:\/\/www.youtube.com\/user\/laguiadepamplona"]},{"@type":"Person","@id":"https:\/\/www.laguiadepamplona.com\/actualidad\/#\/schema\/person\/efe887376f0213d4657c93adc50b1fdb","name":"La Gu\u00eda de Pamplona","image":{"@type":"ImageObject","inLanguage":"es","@id":"https:\/\/secure.gravatar.com\/avatar\/b6992f131dc8d30ab0dff15446e9d346d9dbd95992de0fef795073f5ea83a81c?s=96&d=mm&r=g","url":"https:\/\/secure.gravatar.com\/avatar\/b6992f131dc8d30ab0dff15446e9d346d9dbd95992de0fef795073f5ea83a81c?s=96&d=mm&r=g","contentUrl":"https:\/\/secure.gravatar.com\/avatar\/b6992f131dc8d30ab0dff15446e9d346d9dbd95992de0fef795073f5ea83a81c?s=96&d=mm&r=g","caption":"La Gu\u00eda de Pamplona"}}]}},"post_mailing_queue_ids":[],"_links":{"self":[{"href":"https:\/\/www.laguiadepamplona.com\/actualidad\/wp-json\/wp\/v2\/posts\/42108","targetHints":{"allow":["GET"]}}],"collection":[{"href":"https:\/\/www.laguiadepamplona.com\/actualidad\/wp-json\/wp\/v2\/posts"}],"about":[{"href":"https:\/\/www.laguiadepamplona.com\/actualidad\/wp-json\/wp\/v2\/types\/post"}],"author":[{"embeddable":true,"href":"https:\/\/www.laguiadepamplona.com\/actualidad\/wp-json\/wp\/v2\/users\/1"}],"replies":[{"embeddable":true,"href":"https:\/\/www.laguiadepamplona.com\/actualidad\/wp-json\/wp\/v2\/comments?post=42108"}],"version-history":[{"count":0,"href":"https:\/\/www.laguiadepamplona.com\/actualidad\/wp-json\/wp\/v2\/posts\/42108\/revisions"}],"wp:featuredmedia":[{"embeddable":true,"href":"https:\/\/www.laguiadepamplona.com\/actualidad\/wp-json\/wp\/v2\/media\/42109"}],"wp:attachment":[{"href":"https:\/\/www.laguiadepamplona.com\/actualidad\/wp-json\/wp\/v2\/media?parent=42108"}],"wp:term":[{"taxonomy":"category","embeddable":true,"href":"https:\/\/www.laguiadepamplona.com\/actualidad\/wp-json\/wp\/v2\/categories?post=42108"},{"taxonomy":"post_tag","embeddable":true,"href":"https:\/\/www.laguiadepamplona.com\/actualidad\/wp-json\/wp\/v2\/tags?post=42108"}],"curies":[{"name":"wp","href":"https:\/\/api.w.org\/{rel}","templated":true}]}}