{"id":42105,"date":"2022-11-04T14:03:03","date_gmt":"2022-11-04T12:03:03","guid":{"rendered":"https:\/\/www.laguiadepamplona.com\/actualidad\/?p=42105"},"modified":"2023-04-11T11:47:38","modified_gmt":"2023-04-11T09:47:38","slug":"la-historia-del-universo-contextualizada-con-intervenciones-artisticas-se-recorre-en-doce-etapas-en-estancias-adaptadas-especificamente-en-el-palacio-de-condestable","status":"publish","type":"post","link":"https:\/\/www.laguiadepamplona.com\/actualidad\/la-historia-del-universo-contextualizada-con-intervenciones-artisticas-se-recorre-en-doce-etapas-en-estancias-adaptadas-especificamente-en-el-palacio-de-condestable\/","title":{"rendered":"La historia del universo, contextualizada con intervenciones art\u00edsticas, se recorre en doce etapas en estancias adaptadas espec\u00edficamente en el Palacio de Condestable"},"content":{"rendered":"<h5>\u2018Farfarout\u2019 propone, del 7 al 10 de noviembre, un di\u00e1logo interdisciplinar entre ciencia, m\u00fasica, danza, paisajes sonoros, mediaci\u00f3n e investigaci\u00f3n<\/h5>\n<p><!--more--><\/p>\n<p>El Palacio de Condestable acoge entre el 7 y el 10 de noviembre la experiencia cient\u00edfica \u2018Farfarout\u2019, dise\u00f1ada para todos los p\u00fablicos con entrada libre y gratuita. Se trata de una adaptaci\u00f3n de la exposici\u00f3n ideada por el astrofi\u0301sico Karl Sagan que recrea la historia del universo a escala de los doce meses del a\u00f1o en los espacios del Palacio. El punto de partida, el bigbang, se sit\u00faa en el patio central y desde all\u00ed se distribuye en doce estancias interconectadas, seg\u00fan su distancia con ese momento inicial. Las personas visitantes recorren esta historia c\u00f3smica con acompa\u00f1amiento de paisajes sonoros y silencio, momentos de reflexi\u00f3n y de participaci\u00f3n.<br \/>\n<script async src=\"\/\/pagead2.googlesyndication.com\/pagead\/js\/adsbygoogle.js\"><\/script><br \/>\n<!-- Noticias La Guia de Pamplona --><br \/>\n<ins class=\"adsbygoogle\"\nstyle=\"display:block\"\ndata-ad-client=\"ca-pub-6943679897239327\"\ndata-ad-slot=\"7048180777\"\ndata-ad-format=\"auto\"><\/ins><br \/>\n<script>\n(adsbygoogle = window.adsbygoogle || []).push({});\n<\/script><\/p>\n<p>Este acompa\u00f1amiento ser\u00e1 en directo el lunes 7, martes 8 y mi\u00e9rcoles 9, a las 20 horas. Los m\u00fasicos del conjunto alem\u00e1n Flex Ensemble (Kana Sugimura, Anna Szulc, Martha Bijlsma y Johannes Nies) actuar\u00e1n desde algunas de las etapas del calendario c\u00f3smico, jugando con la ac\u00fastica y resonancias del edificio, y complementando la experiencia. La propuesta se cierra el jueves 10 con un recorrido por el calendario c\u00f3smico y una mesa redonda y abierta, protagonizada por los astrofi\u0301sicos y divulgadores Francisco Colomer (JIVE Institute) y Javier Armentia (Planetario de Pamplona), en la que se hablara\u0301 de las inquietudes compartidas entre ciencia, arte y ser humano, y de co\u0301mo la conjuncio\u0301n de ambas puede generar nuevas impresiones y nuevo conocimiento.<\/p>\n<p>El t\u00edtulo de esta exposici\u00f3n, \u2018Farfarout\u2019, que en ingl\u00e9s significa muy muy remoto, hace referencia al objeto m\u00e1s alejado del Sistema Solar. Su descubrimiento ampl\u00eda los l\u00edmites del universo conocido y lleva a la creaci\u00f3n, desde la ciencia, de esta performance art\u00edstica en la que dialogan la ciencia, la m\u00fasica, la danza, los paisajes sonoros, la mediaci\u00f3n y la investigaci\u00f3n.<\/p>\n<p>El dise\u00f1o de la exposici\u00f3n es obra de Farout Artistic Research, equipo de investigadores, inte\u0301rpretes y creadores formado por Beatriz Pom\u00e9s, Sef Hermans e Igor S\u00e1enz, mientras que el dise\u00f1o gr\u00e1fico corre a cargo de Francisco Xabier Go\u00f1i Casta\u00f1\u00f3n.<br \/>\n<script async src=\"\/\/pagead2.googlesyndication.com\/pagead\/js\/adsbygoogle.js\"><\/script><br \/>\n<!-- Noticias La Guia de Pamplona --><br \/>\n<ins class=\"adsbygoogle\"\nstyle=\"display:block\"\ndata-ad-client=\"ca-pub-6943679897239327\"\ndata-ad-slot=\"7048180777\"\ndata-ad-format=\"auto\"><\/ins><br \/>\n<script>\n(adsbygoogle = window.adsbygoogle || []).push({});\n<\/script><\/p>\n<p>&nbsp;<\/p>\n<h3>\u2018Farfarout\u2019. Del 7 al 10 de Noviembre. Palacio de Condestable<\/h3>\n<ul>\n<li>Exposici\u00f3n gratuita para todos los p\u00fablicos, con entrada libre hasta completar aforo<\/li>\n<li>M\u00fasica en directo el lunes 7, martes 8 y mi\u00e9rcoles 9, a las 20 horas, con Flex Ensemble<\/li>\n<li>Recorrido de la instalaci\u00f3n y mesa redonda abierta, el jueves 10, con los astrofi\u0301sicos y divulgadores Francisco Colomer (JIVE Institute) y Javier Armentia (Planetario de Pamplona)<\/li>\n<\/ul>\n","protected":false},"excerpt":{"rendered":"<p>\u2018Farfarout\u2019 propone, del 7 al 10 de noviembre, un di\u00e1logo interdisciplinar entre ciencia, m\u00fasica, danza, paisajes sonoros, mediaci\u00f3n e investigaci\u00f3n<\/p>\n","protected":false},"author":1,"featured_media":42106,"comment_status":"open","ping_status":"closed","sticky":false,"template":"","format":"standard","meta":{"footnotes":""},"categories":[2],"tags":[],"class_list":["post-42105","post","type-post","status-publish","format-standard","has-post-thumbnail","hentry","category-ayuntamiento-pamplona"],"yoast_head":"<!-- This site is optimized with the Yoast SEO plugin v27.3 - https:\/\/yoast.com\/product\/yoast-seo-wordpress\/ -->\n<title>La historia del universo, contextualizada con intervenciones art\u00edsticas, se recorre en doce etapas en estancias adaptadas espec\u00edficamente en el Palacio de Condestable<\/title>\n<meta name=\"description\" content=\"\u2018Farfarout\u2019 propone, del 7 al 10 de noviembre, un di\u00e1logo interdisciplinar entre ciencia, m\u00fasica, danza, paisajes sonoros, mediaci\u00f3n e investigaci\u00f3n\" \/>\n<meta name=\"robots\" content=\"index, follow, max-snippet:-1, max-image-preview:large, max-video-preview:-1\" \/>\n<link rel=\"canonical\" href=\"https:\/\/www.laguiadepamplona.com\/actualidad\/la-historia-del-universo-contextualizada-con-intervenciones-artisticas-se-recorre-en-doce-etapas-en-estancias-adaptadas-especificamente-en-el-palacio-de-condestable\/\" \/>\n<meta property=\"og:locale\" content=\"es_ES\" \/>\n<meta property=\"og:type\" content=\"article\" \/>\n<meta property=\"og:title\" content=\"La historia del universo, contextualizada con intervenciones art\u00edsticas, se recorre en doce etapas en estancias adaptadas espec\u00edficamente en el Palacio de Condestable\" \/>\n<meta property=\"og:description\" content=\"\u2018Farfarout\u2019 propone, del 7 al 10 de noviembre, un di\u00e1logo interdisciplinar entre ciencia, m\u00fasica, danza, paisajes sonoros, mediaci\u00f3n e investigaci\u00f3n\" \/>\n<meta property=\"og:url\" content=\"https:\/\/www.laguiadepamplona.com\/actualidad\/la-historia-del-universo-contextualizada-con-intervenciones-artisticas-se-recorre-en-doce-etapas-en-estancias-adaptadas-especificamente-en-el-palacio-de-condestable\/\" \/>\n<meta property=\"og:site_name\" content=\"La Gu\u00eda de Pamplona\" \/>\n<meta property=\"article:publisher\" content=\"https:\/\/www.facebook.com\/laguiadepamplonacom-133175176762273\/?ref=hl\" \/>\n<meta property=\"article:published_time\" content=\"2022-11-04T12:03:03+00:00\" \/>\n<meta property=\"article:modified_time\" content=\"2023-04-11T09:47:38+00:00\" \/>\n<meta property=\"og:image\" content=\"https:\/\/www.laguiadepamplona.com\/actualidad\/wp-content\/uploads\/2022\/11\/Banner-farout-1250x500_web-870x480_0-copia.webp\" \/>\n\t<meta property=\"og:image:width\" content=\"870\" \/>\n\t<meta property=\"og:image:height\" content=\"480\" \/>\n\t<meta property=\"og:image:type\" content=\"image\/webp\" \/>\n<meta name=\"author\" content=\"La Gu\u00eda de Pamplona\" \/>\n<meta name=\"twitter:card\" content=\"summary_large_image\" \/>\n<meta name=\"twitter:creator\" content=\"@LaGuiadPamplona\" \/>\n<meta name=\"twitter:site\" content=\"@LaGuiadPamplona\" \/>\n<meta name=\"twitter:label1\" content=\"Escrito por\" \/>\n\t<meta name=\"twitter:data1\" content=\"La Gu\u00eda de Pamplona\" \/>\n\t<meta name=\"twitter:label2\" content=\"Tiempo de lectura\" \/>\n\t<meta name=\"twitter:data2\" content=\"2 minutos\" \/>\n<script type=\"application\/ld+json\" class=\"yoast-schema-graph\">{\"@context\":\"https:\\\/\\\/schema.org\",\"@graph\":[{\"@type\":\"Article\",\"@id\":\"https:\\\/\\\/www.laguiadepamplona.com\\\/actualidad\\\/la-historia-del-universo-contextualizada-con-intervenciones-artisticas-se-recorre-en-doce-etapas-en-estancias-adaptadas-especificamente-en-el-palacio-de-condestable\\\/#article\",\"isPartOf\":{\"@id\":\"https:\\\/\\\/www.laguiadepamplona.com\\\/actualidad\\\/la-historia-del-universo-contextualizada-con-intervenciones-artisticas-se-recorre-en-doce-etapas-en-estancias-adaptadas-especificamente-en-el-palacio-de-condestable\\\/\"},\"author\":{\"name\":\"La Gu\u00eda de Pamplona\",\"@id\":\"https:\\\/\\\/www.laguiadepamplona.com\\\/actualidad\\\/#\\\/schema\\\/person\\\/efe887376f0213d4657c93adc50b1fdb\"},\"headline\":\"La historia del universo, contextualizada con intervenciones art\u00edsticas, se recorre en doce etapas en estancias adaptadas espec\u00edficamente en el Palacio de Condestable\",\"datePublished\":\"2022-11-04T12:03:03+00:00\",\"dateModified\":\"2023-04-11T09:47:38+00:00\",\"mainEntityOfPage\":{\"@id\":\"https:\\\/\\\/www.laguiadepamplona.com\\\/actualidad\\\/la-historia-del-universo-contextualizada-con-intervenciones-artisticas-se-recorre-en-doce-etapas-en-estancias-adaptadas-especificamente-en-el-palacio-de-condestable\\\/\"},\"wordCount\":475,\"commentCount\":0,\"publisher\":{\"@id\":\"https:\\\/\\\/www.laguiadepamplona.com\\\/actualidad\\\/#organization\"},\"image\":{\"@id\":\"https:\\\/\\\/www.laguiadepamplona.com\\\/actualidad\\\/la-historia-del-universo-contextualizada-con-intervenciones-artisticas-se-recorre-en-doce-etapas-en-estancias-adaptadas-especificamente-en-el-palacio-de-condestable\\\/#primaryimage\"},\"thumbnailUrl\":\"https:\\\/\\\/www.laguiadepamplona.com\\\/actualidad\\\/wp-content\\\/uploads\\\/2022\\\/11\\\/Banner-farout-1250x500_web-870x480_0-copia.webp\",\"articleSection\":[\"Ayto Pamplona\"],\"inLanguage\":\"es\",\"potentialAction\":[{\"@type\":\"CommentAction\",\"name\":\"Comment\",\"target\":[\"https:\\\/\\\/www.laguiadepamplona.com\\\/actualidad\\\/la-historia-del-universo-contextualizada-con-intervenciones-artisticas-se-recorre-en-doce-etapas-en-estancias-adaptadas-especificamente-en-el-palacio-de-condestable\\\/#respond\"]}]},{\"@type\":\"WebPage\",\"@id\":\"https:\\\/\\\/www.laguiadepamplona.com\\\/actualidad\\\/la-historia-del-universo-contextualizada-con-intervenciones-artisticas-se-recorre-en-doce-etapas-en-estancias-adaptadas-especificamente-en-el-palacio-de-condestable\\\/\",\"url\":\"https:\\\/\\\/www.laguiadepamplona.com\\\/actualidad\\\/la-historia-del-universo-contextualizada-con-intervenciones-artisticas-se-recorre-en-doce-etapas-en-estancias-adaptadas-especificamente-en-el-palacio-de-condestable\\\/\",\"name\":\"La historia del universo, contextualizada con intervenciones art\u00edsticas, se recorre en doce etapas en estancias adaptadas espec\u00edficamente en el Palacio de Condestable\",\"isPartOf\":{\"@id\":\"https:\\\/\\\/www.laguiadepamplona.com\\\/actualidad\\\/#website\"},\"primaryImageOfPage\":{\"@id\":\"https:\\\/\\\/www.laguiadepamplona.com\\\/actualidad\\\/la-historia-del-universo-contextualizada-con-intervenciones-artisticas-se-recorre-en-doce-etapas-en-estancias-adaptadas-especificamente-en-el-palacio-de-condestable\\\/#primaryimage\"},\"image\":{\"@id\":\"https:\\\/\\\/www.laguiadepamplona.com\\\/actualidad\\\/la-historia-del-universo-contextualizada-con-intervenciones-artisticas-se-recorre-en-doce-etapas-en-estancias-adaptadas-especificamente-en-el-palacio-de-condestable\\\/#primaryimage\"},\"thumbnailUrl\":\"https:\\\/\\\/www.laguiadepamplona.com\\\/actualidad\\\/wp-content\\\/uploads\\\/2022\\\/11\\\/Banner-farout-1250x500_web-870x480_0-copia.webp\",\"datePublished\":\"2022-11-04T12:03:03+00:00\",\"dateModified\":\"2023-04-11T09:47:38+00:00\",\"description\":\"\u2018Farfarout\u2019 propone, del 7 al 10 de noviembre, un di\u00e1logo interdisciplinar entre ciencia, m\u00fasica, danza, paisajes sonoros, mediaci\u00f3n e investigaci\u00f3n\",\"breadcrumb\":{\"@id\":\"https:\\\/\\\/www.laguiadepamplona.com\\\/actualidad\\\/la-historia-del-universo-contextualizada-con-intervenciones-artisticas-se-recorre-en-doce-etapas-en-estancias-adaptadas-especificamente-en-el-palacio-de-condestable\\\/#breadcrumb\"},\"inLanguage\":\"es\",\"potentialAction\":[{\"@type\":\"ReadAction\",\"target\":[\"https:\\\/\\\/www.laguiadepamplona.com\\\/actualidad\\\/la-historia-del-universo-contextualizada-con-intervenciones-artisticas-se-recorre-en-doce-etapas-en-estancias-adaptadas-especificamente-en-el-palacio-de-condestable\\\/\"]}]},{\"@type\":\"ImageObject\",\"inLanguage\":\"es\",\"@id\":\"https:\\\/\\\/www.laguiadepamplona.com\\\/actualidad\\\/la-historia-del-universo-contextualizada-con-intervenciones-artisticas-se-recorre-en-doce-etapas-en-estancias-adaptadas-especificamente-en-el-palacio-de-condestable\\\/#primaryimage\",\"url\":\"https:\\\/\\\/www.laguiadepamplona.com\\\/actualidad\\\/wp-content\\\/uploads\\\/2022\\\/11\\\/Banner-farout-1250x500_web-870x480_0-copia.webp\",\"contentUrl\":\"https:\\\/\\\/www.laguiadepamplona.com\\\/actualidad\\\/wp-content\\\/uploads\\\/2022\\\/11\\\/Banner-farout-1250x500_web-870x480_0-copia.webp\",\"width\":870,\"height\":480},{\"@type\":\"BreadcrumbList\",\"@id\":\"https:\\\/\\\/www.laguiadepamplona.com\\\/actualidad\\\/la-historia-del-universo-contextualizada-con-intervenciones-artisticas-se-recorre-en-doce-etapas-en-estancias-adaptadas-especificamente-en-el-palacio-de-condestable\\\/#breadcrumb\",\"itemListElement\":[{\"@type\":\"ListItem\",\"position\":1,\"name\":\"Portada\",\"item\":\"https:\\\/\\\/www.laguiadepamplona.com\\\/actualidad\\\/\"},{\"@type\":\"ListItem\",\"position\":2,\"name\":\"La historia del universo, contextualizada con intervenciones art\u00edsticas, se recorre en doce etapas en estancias adaptadas espec\u00edficamente en el Palacio de Condestable\"}]},{\"@type\":\"WebSite\",\"@id\":\"https:\\\/\\\/www.laguiadepamplona.com\\\/actualidad\\\/#website\",\"url\":\"https:\\\/\\\/www.laguiadepamplona.com\\\/actualidad\\\/\",\"name\":\"La gu\u00eda de Pamplona\",\"description\":\"Noticias de Pamplona\",\"publisher\":{\"@id\":\"https:\\\/\\\/www.laguiadepamplona.com\\\/actualidad\\\/#organization\"},\"potentialAction\":[{\"@type\":\"SearchAction\",\"target\":{\"@type\":\"EntryPoint\",\"urlTemplate\":\"https:\\\/\\\/www.laguiadepamplona.com\\\/actualidad\\\/?s={search_term_string}\"},\"query-input\":{\"@type\":\"PropertyValueSpecification\",\"valueRequired\":true,\"valueName\":\"search_term_string\"}}],\"inLanguage\":\"es\"},{\"@type\":\"Organization\",\"@id\":\"https:\\\/\\\/www.laguiadepamplona.com\\\/actualidad\\\/#organization\",\"name\":\"La Gu\u00eda de Pamplona \\\/ Noticias\",\"url\":\"https:\\\/\\\/www.laguiadepamplona.com\\\/actualidad\\\/\",\"logo\":{\"@type\":\"ImageObject\",\"inLanguage\":\"es\",\"@id\":\"https:\\\/\\\/www.laguiadepamplona.com\\\/actualidad\\\/#\\\/schema\\\/logo\\\/image\\\/\",\"url\":\"https:\\\/\\\/www.laguiadepamplona.com\\\/actualidad\\\/wp-content\\\/uploads\\\/2018\\\/11\\\/logo-laguiadepamplona18-web1.png\",\"contentUrl\":\"https:\\\/\\\/www.laguiadepamplona.com\\\/actualidad\\\/wp-content\\\/uploads\\\/2018\\\/11\\\/logo-laguiadepamplona18-web1.png\",\"width\":600,\"height\":196,\"caption\":\"La Gu\u00eda de Pamplona \\\/ Noticias\"},\"image\":{\"@id\":\"https:\\\/\\\/www.laguiadepamplona.com\\\/actualidad\\\/#\\\/schema\\\/logo\\\/image\\\/\"},\"sameAs\":[\"https:\\\/\\\/www.facebook.com\\\/laguiadepamplonacom-133175176762273\\\/?ref=hl\",\"https:\\\/\\\/x.com\\\/LaGuiadPamplona\",\"https:\\\/\\\/www.instagram.com\\\/la_guia_de_pamplona\\\/\",\"https:\\\/\\\/www.youtube.com\\\/user\\\/laguiadepamplona\"]},{\"@type\":\"Person\",\"@id\":\"https:\\\/\\\/www.laguiadepamplona.com\\\/actualidad\\\/#\\\/schema\\\/person\\\/efe887376f0213d4657c93adc50b1fdb\",\"name\":\"La Gu\u00eda de Pamplona\",\"image\":{\"@type\":\"ImageObject\",\"inLanguage\":\"es\",\"@id\":\"https:\\\/\\\/secure.gravatar.com\\\/avatar\\\/b6992f131dc8d30ab0dff15446e9d346d9dbd95992de0fef795073f5ea83a81c?s=96&d=mm&r=g\",\"url\":\"https:\\\/\\\/secure.gravatar.com\\\/avatar\\\/b6992f131dc8d30ab0dff15446e9d346d9dbd95992de0fef795073f5ea83a81c?s=96&d=mm&r=g\",\"contentUrl\":\"https:\\\/\\\/secure.gravatar.com\\\/avatar\\\/b6992f131dc8d30ab0dff15446e9d346d9dbd95992de0fef795073f5ea83a81c?s=96&d=mm&r=g\",\"caption\":\"La Gu\u00eda de Pamplona\"}}]}<\/script>\n<!-- \/ Yoast SEO plugin. -->","yoast_head_json":{"title":"La historia del universo, contextualizada con intervenciones art\u00edsticas, se recorre en doce etapas en estancias adaptadas espec\u00edficamente en el Palacio de Condestable","description":"\u2018Farfarout\u2019 propone, del 7 al 10 de noviembre, un di\u00e1logo interdisciplinar entre ciencia, m\u00fasica, danza, paisajes sonoros, mediaci\u00f3n e investigaci\u00f3n","robots":{"index":"index","follow":"follow","max-snippet":"max-snippet:-1","max-image-preview":"max-image-preview:large","max-video-preview":"max-video-preview:-1"},"canonical":"https:\/\/www.laguiadepamplona.com\/actualidad\/la-historia-del-universo-contextualizada-con-intervenciones-artisticas-se-recorre-en-doce-etapas-en-estancias-adaptadas-especificamente-en-el-palacio-de-condestable\/","og_locale":"es_ES","og_type":"article","og_title":"La historia del universo, contextualizada con intervenciones art\u00edsticas, se recorre en doce etapas en estancias adaptadas espec\u00edficamente en el Palacio de Condestable","og_description":"\u2018Farfarout\u2019 propone, del 7 al 10 de noviembre, un di\u00e1logo interdisciplinar entre ciencia, m\u00fasica, danza, paisajes sonoros, mediaci\u00f3n e investigaci\u00f3n","og_url":"https:\/\/www.laguiadepamplona.com\/actualidad\/la-historia-del-universo-contextualizada-con-intervenciones-artisticas-se-recorre-en-doce-etapas-en-estancias-adaptadas-especificamente-en-el-palacio-de-condestable\/","og_site_name":"La Gu\u00eda de Pamplona","article_publisher":"https:\/\/www.facebook.com\/laguiadepamplonacom-133175176762273\/?ref=hl","article_published_time":"2022-11-04T12:03:03+00:00","article_modified_time":"2023-04-11T09:47:38+00:00","og_image":[{"width":870,"height":480,"url":"https:\/\/www.laguiadepamplona.com\/actualidad\/wp-content\/uploads\/2022\/11\/Banner-farout-1250x500_web-870x480_0-copia.webp","type":"image\/webp"}],"author":"La Gu\u00eda de Pamplona","twitter_card":"summary_large_image","twitter_creator":"@LaGuiadPamplona","twitter_site":"@LaGuiadPamplona","twitter_misc":{"Escrito por":"La Gu\u00eda de Pamplona","Tiempo de lectura":"2 minutos"},"schema":{"@context":"https:\/\/schema.org","@graph":[{"@type":"Article","@id":"https:\/\/www.laguiadepamplona.com\/actualidad\/la-historia-del-universo-contextualizada-con-intervenciones-artisticas-se-recorre-en-doce-etapas-en-estancias-adaptadas-especificamente-en-el-palacio-de-condestable\/#article","isPartOf":{"@id":"https:\/\/www.laguiadepamplona.com\/actualidad\/la-historia-del-universo-contextualizada-con-intervenciones-artisticas-se-recorre-en-doce-etapas-en-estancias-adaptadas-especificamente-en-el-palacio-de-condestable\/"},"author":{"name":"La Gu\u00eda de Pamplona","@id":"https:\/\/www.laguiadepamplona.com\/actualidad\/#\/schema\/person\/efe887376f0213d4657c93adc50b1fdb"},"headline":"La historia del universo, contextualizada con intervenciones art\u00edsticas, se recorre en doce etapas en estancias adaptadas espec\u00edficamente en el Palacio de Condestable","datePublished":"2022-11-04T12:03:03+00:00","dateModified":"2023-04-11T09:47:38+00:00","mainEntityOfPage":{"@id":"https:\/\/www.laguiadepamplona.com\/actualidad\/la-historia-del-universo-contextualizada-con-intervenciones-artisticas-se-recorre-en-doce-etapas-en-estancias-adaptadas-especificamente-en-el-palacio-de-condestable\/"},"wordCount":475,"commentCount":0,"publisher":{"@id":"https:\/\/www.laguiadepamplona.com\/actualidad\/#organization"},"image":{"@id":"https:\/\/www.laguiadepamplona.com\/actualidad\/la-historia-del-universo-contextualizada-con-intervenciones-artisticas-se-recorre-en-doce-etapas-en-estancias-adaptadas-especificamente-en-el-palacio-de-condestable\/#primaryimage"},"thumbnailUrl":"https:\/\/www.laguiadepamplona.com\/actualidad\/wp-content\/uploads\/2022\/11\/Banner-farout-1250x500_web-870x480_0-copia.webp","articleSection":["Ayto Pamplona"],"inLanguage":"es","potentialAction":[{"@type":"CommentAction","name":"Comment","target":["https:\/\/www.laguiadepamplona.com\/actualidad\/la-historia-del-universo-contextualizada-con-intervenciones-artisticas-se-recorre-en-doce-etapas-en-estancias-adaptadas-especificamente-en-el-palacio-de-condestable\/#respond"]}]},{"@type":"WebPage","@id":"https:\/\/www.laguiadepamplona.com\/actualidad\/la-historia-del-universo-contextualizada-con-intervenciones-artisticas-se-recorre-en-doce-etapas-en-estancias-adaptadas-especificamente-en-el-palacio-de-condestable\/","url":"https:\/\/www.laguiadepamplona.com\/actualidad\/la-historia-del-universo-contextualizada-con-intervenciones-artisticas-se-recorre-en-doce-etapas-en-estancias-adaptadas-especificamente-en-el-palacio-de-condestable\/","name":"La historia del universo, contextualizada con intervenciones art\u00edsticas, se recorre en doce etapas en estancias adaptadas espec\u00edficamente en el Palacio de Condestable","isPartOf":{"@id":"https:\/\/www.laguiadepamplona.com\/actualidad\/#website"},"primaryImageOfPage":{"@id":"https:\/\/www.laguiadepamplona.com\/actualidad\/la-historia-del-universo-contextualizada-con-intervenciones-artisticas-se-recorre-en-doce-etapas-en-estancias-adaptadas-especificamente-en-el-palacio-de-condestable\/#primaryimage"},"image":{"@id":"https:\/\/www.laguiadepamplona.com\/actualidad\/la-historia-del-universo-contextualizada-con-intervenciones-artisticas-se-recorre-en-doce-etapas-en-estancias-adaptadas-especificamente-en-el-palacio-de-condestable\/#primaryimage"},"thumbnailUrl":"https:\/\/www.laguiadepamplona.com\/actualidad\/wp-content\/uploads\/2022\/11\/Banner-farout-1250x500_web-870x480_0-copia.webp","datePublished":"2022-11-04T12:03:03+00:00","dateModified":"2023-04-11T09:47:38+00:00","description":"\u2018Farfarout\u2019 propone, del 7 al 10 de noviembre, un di\u00e1logo interdisciplinar entre ciencia, m\u00fasica, danza, paisajes sonoros, mediaci\u00f3n e investigaci\u00f3n","breadcrumb":{"@id":"https:\/\/www.laguiadepamplona.com\/actualidad\/la-historia-del-universo-contextualizada-con-intervenciones-artisticas-se-recorre-en-doce-etapas-en-estancias-adaptadas-especificamente-en-el-palacio-de-condestable\/#breadcrumb"},"inLanguage":"es","potentialAction":[{"@type":"ReadAction","target":["https:\/\/www.laguiadepamplona.com\/actualidad\/la-historia-del-universo-contextualizada-con-intervenciones-artisticas-se-recorre-en-doce-etapas-en-estancias-adaptadas-especificamente-en-el-palacio-de-condestable\/"]}]},{"@type":"ImageObject","inLanguage":"es","@id":"https:\/\/www.laguiadepamplona.com\/actualidad\/la-historia-del-universo-contextualizada-con-intervenciones-artisticas-se-recorre-en-doce-etapas-en-estancias-adaptadas-especificamente-en-el-palacio-de-condestable\/#primaryimage","url":"https:\/\/www.laguiadepamplona.com\/actualidad\/wp-content\/uploads\/2022\/11\/Banner-farout-1250x500_web-870x480_0-copia.webp","contentUrl":"https:\/\/www.laguiadepamplona.com\/actualidad\/wp-content\/uploads\/2022\/11\/Banner-farout-1250x500_web-870x480_0-copia.webp","width":870,"height":480},{"@type":"BreadcrumbList","@id":"https:\/\/www.laguiadepamplona.com\/actualidad\/la-historia-del-universo-contextualizada-con-intervenciones-artisticas-se-recorre-en-doce-etapas-en-estancias-adaptadas-especificamente-en-el-palacio-de-condestable\/#breadcrumb","itemListElement":[{"@type":"ListItem","position":1,"name":"Portada","item":"https:\/\/www.laguiadepamplona.com\/actualidad\/"},{"@type":"ListItem","position":2,"name":"La historia del universo, contextualizada con intervenciones art\u00edsticas, se recorre en doce etapas en estancias adaptadas espec\u00edficamente en el Palacio de Condestable"}]},{"@type":"WebSite","@id":"https:\/\/www.laguiadepamplona.com\/actualidad\/#website","url":"https:\/\/www.laguiadepamplona.com\/actualidad\/","name":"La gu\u00eda de Pamplona","description":"Noticias de Pamplona","publisher":{"@id":"https:\/\/www.laguiadepamplona.com\/actualidad\/#organization"},"potentialAction":[{"@type":"SearchAction","target":{"@type":"EntryPoint","urlTemplate":"https:\/\/www.laguiadepamplona.com\/actualidad\/?s={search_term_string}"},"query-input":{"@type":"PropertyValueSpecification","valueRequired":true,"valueName":"search_term_string"}}],"inLanguage":"es"},{"@type":"Organization","@id":"https:\/\/www.laguiadepamplona.com\/actualidad\/#organization","name":"La Gu\u00eda de Pamplona \/ Noticias","url":"https:\/\/www.laguiadepamplona.com\/actualidad\/","logo":{"@type":"ImageObject","inLanguage":"es","@id":"https:\/\/www.laguiadepamplona.com\/actualidad\/#\/schema\/logo\/image\/","url":"https:\/\/www.laguiadepamplona.com\/actualidad\/wp-content\/uploads\/2018\/11\/logo-laguiadepamplona18-web1.png","contentUrl":"https:\/\/www.laguiadepamplona.com\/actualidad\/wp-content\/uploads\/2018\/11\/logo-laguiadepamplona18-web1.png","width":600,"height":196,"caption":"La Gu\u00eda de Pamplona \/ Noticias"},"image":{"@id":"https:\/\/www.laguiadepamplona.com\/actualidad\/#\/schema\/logo\/image\/"},"sameAs":["https:\/\/www.facebook.com\/laguiadepamplonacom-133175176762273\/?ref=hl","https:\/\/x.com\/LaGuiadPamplona","https:\/\/www.instagram.com\/la_guia_de_pamplona\/","https:\/\/www.youtube.com\/user\/laguiadepamplona"]},{"@type":"Person","@id":"https:\/\/www.laguiadepamplona.com\/actualidad\/#\/schema\/person\/efe887376f0213d4657c93adc50b1fdb","name":"La Gu\u00eda de Pamplona","image":{"@type":"ImageObject","inLanguage":"es","@id":"https:\/\/secure.gravatar.com\/avatar\/b6992f131dc8d30ab0dff15446e9d346d9dbd95992de0fef795073f5ea83a81c?s=96&d=mm&r=g","url":"https:\/\/secure.gravatar.com\/avatar\/b6992f131dc8d30ab0dff15446e9d346d9dbd95992de0fef795073f5ea83a81c?s=96&d=mm&r=g","contentUrl":"https:\/\/secure.gravatar.com\/avatar\/b6992f131dc8d30ab0dff15446e9d346d9dbd95992de0fef795073f5ea83a81c?s=96&d=mm&r=g","caption":"La Gu\u00eda de Pamplona"}}]}},"post_mailing_queue_ids":[],"_links":{"self":[{"href":"https:\/\/www.laguiadepamplona.com\/actualidad\/wp-json\/wp\/v2\/posts\/42105","targetHints":{"allow":["GET"]}}],"collection":[{"href":"https:\/\/www.laguiadepamplona.com\/actualidad\/wp-json\/wp\/v2\/posts"}],"about":[{"href":"https:\/\/www.laguiadepamplona.com\/actualidad\/wp-json\/wp\/v2\/types\/post"}],"author":[{"embeddable":true,"href":"https:\/\/www.laguiadepamplona.com\/actualidad\/wp-json\/wp\/v2\/users\/1"}],"replies":[{"embeddable":true,"href":"https:\/\/www.laguiadepamplona.com\/actualidad\/wp-json\/wp\/v2\/comments?post=42105"}],"version-history":[{"count":0,"href":"https:\/\/www.laguiadepamplona.com\/actualidad\/wp-json\/wp\/v2\/posts\/42105\/revisions"}],"wp:featuredmedia":[{"embeddable":true,"href":"https:\/\/www.laguiadepamplona.com\/actualidad\/wp-json\/wp\/v2\/media\/42106"}],"wp:attachment":[{"href":"https:\/\/www.laguiadepamplona.com\/actualidad\/wp-json\/wp\/v2\/media?parent=42105"}],"wp:term":[{"taxonomy":"category","embeddable":true,"href":"https:\/\/www.laguiadepamplona.com\/actualidad\/wp-json\/wp\/v2\/categories?post=42105"},{"taxonomy":"post_tag","embeddable":true,"href":"https:\/\/www.laguiadepamplona.com\/actualidad\/wp-json\/wp\/v2\/tags?post=42105"}],"curies":[{"name":"wp","href":"https:\/\/api.w.org\/{rel}","templated":true}]}}