{"id":42098,"date":"2022-11-03T19:07:43","date_gmt":"2022-11-03T17:07:43","guid":{"rendered":"https:\/\/www.laguiadepamplona.com\/actualidad\/?p=42098"},"modified":"2023-04-11T11:47:38","modified_gmt":"2023-04-11T09:47:38","slug":"jovenes-estudiantes-ofreceran-ayuda-y-formacion-en-el-uso-del-telefono-movil-a-personas-mayores-de-65-anos-a-traves-de-un-taller-intergeneracional-en-el-centro-san-juan-bosco","status":"publish","type":"post","link":"https:\/\/www.laguiadepamplona.com\/actualidad\/jovenes-estudiantes-ofreceran-ayuda-y-formacion-en-el-uso-del-telefono-movil-a-personas-mayores-de-65-anos-a-traves-de-un-taller-intergeneracional-en-el-centro-san-juan-bosco\/","title":{"rendered":"J\u00f3venes estudiantes ofrecer\u00e1n ayuda y formaci\u00f3n en el uso del tel\u00e9fono m\u00f3vil a personas mayores de 65 a\u00f1os a trav\u00e9s de un taller intergeneracional en el Centro San Juan Bosco"},"content":{"rendered":"<h5>Este viernes se abren las inscripciones gratuitas en el tel\u00e9fono 010; las sesiones las imparten voluntarios y voluntarias de La Embajada COworkids<\/h5>\n<p><!--more--><\/p>\n<p><a href=\"https:\/\/www.laguiadepamplona.com\/actualidad\/wp-content\/uploads\/2022\/11\/221103-viernesintergeneracionales-cartel.webp\" target=\"_blank\" rel=\"noopener\"><img loading=\"lazy\" decoding=\"async\" class=\"alignleft wp-image-42099 size-medium\" src=\"https:\/\/www.laguiadepamplona.com\/actualidad\/wp-content\/uploads\/2022\/11\/221103-viernesintergeneracionales-cartel-215x300.webp\" alt=\"\" width=\"215\" height=\"300\" srcset=\"https:\/\/www.laguiadepamplona.com\/actualidad\/wp-content\/uploads\/2022\/11\/221103-viernesintergeneracionales-cartel-215x300.webp 215w, https:\/\/www.laguiadepamplona.com\/actualidad\/wp-content\/uploads\/2022\/11\/221103-viernesintergeneracionales-cartel-488x682.webp 488w, https:\/\/www.laguiadepamplona.com\/actualidad\/wp-content\/uploads\/2022\/11\/221103-viernesintergeneracionales-cartel-768x1073.webp 768w, https:\/\/www.laguiadepamplona.com\/actualidad\/wp-content\/uploads\/2022\/11\/221103-viernesintergeneracionales-cartel-1100x1536.webp 1100w, https:\/\/www.laguiadepamplona.com\/actualidad\/wp-content\/uploads\/2022\/11\/221103-viernesintergeneracionales-cartel-640x894.webp 640w, https:\/\/www.laguiadepamplona.com\/actualidad\/wp-content\/uploads\/2022\/11\/221103-viernesintergeneracionales-cartel.webp 1432w\" sizes=\"auto, (max-width: 215px) 100vw, 215px\" \/><\/a>Los \u2018Viernes intergeneracionales\u2019 son un nuevo programa del Ayuntamiento, dentro de la estrategia \u2018Pamplona te cuida\u2019, en el que j\u00f3venes estudiantes formar\u00e1n y ayudar\u00e1n a mayores de 65 a\u00f1os en el uso de las nuevas tecnolog\u00edas. En noviembre y diciembre, en cuatro sesiones, se ense\u00f1ar\u00e1 en el Centro San Juan Bosco a sacarle todo el partido al tel\u00e9fono m\u00f3vil, uso de aplicaciones, redes sociales, Whatsapp, navegaci\u00f3n por internet o videollamadas.<br \/>\n<script async src=\"\/\/pagead2.googlesyndication.com\/pagead\/js\/adsbygoogle.js\"><\/script><br \/>\n<!-- Noticias La Guia de Pamplona --><br \/>\n<ins class=\"adsbygoogle\"\nstyle=\"display:block\"\ndata-ad-client=\"ca-pub-6943679897239327\"\ndata-ad-slot=\"7048180777\"\ndata-ad-format=\"auto\"><\/ins><br \/>\n<script>\n(adsbygoogle = window.adsbygoogle || []).push({});\n<\/script><\/p>\n<p>Este viernes 4 de noviembre se abre el periodo de inscripci\u00f3n para este taller gratuito. Se podr\u00e1 realizar llamando al tel\u00e9fono 010 \u2013 948 420 100, con inscripciones por orden de llamada. Esta primera actividad de los \u2018Viernes intergeneracionales\u2019 comenzar\u00e1 el 11 de noviembre y se desarrollar\u00e1 tambi\u00e9n el 18 y 25 de este mes y el 2 de diciembre. El horario de las clases ser\u00e1 vespertino, de 17.30 a 18.30 horas, y las impartir\u00e1n j\u00f3venes de La Embajada COworkids, de manera voluntaria.<\/p>\n<p>Las\u00a0actividades intergeneracionales\u00a0son medios para el intercambio intencionado y continuado de recursos y aprendizaje entre personas mayores y j\u00f3venes con el fin de conseguir beneficios individuales y sociales. El prop\u00f3sito, por tanto, consiste en aumentar la cooperaci\u00f3n, la interacci\u00f3n y el intercambio de conocimientos y experiencias. Los esfuerzos para garantizar este contacto y mantenerlo en el tiempo deben estar orientados a aumentar la solidaridad entre personas de distinta edad, aprendizajes mutuos, promover el envejecimiento activo desde una perspectiva f\u00edsica, psicol\u00f3gica y emocional o acabar con la discriminaci\u00f3n y desterrar estereotipos asociados a la edad.<br \/>\n<script async src=\"\/\/pagead2.googlesyndication.com\/pagead\/js\/adsbygoogle.js\"><\/script><br \/>\n<!-- Noticias La Guia de Pamplona --><br \/>\n<ins class=\"adsbygoogle\"\nstyle=\"display:block\"\ndata-ad-client=\"ca-pub-6943679897239327\"\ndata-ad-slot=\"7048180777\"\ndata-ad-format=\"auto\"><\/ins><br \/>\n<script>\n(adsbygoogle = window.adsbygoogle || []).push({});\n<\/script><\/p>\n<p><strong>La Embajada COworkids<\/strong><\/p>\n<p>Treinta j\u00f3venes de 13 a 17 a\u00f1os forman parte del equipo de voluntariado de La Embajada COworkids, un proyecto puesto en marcha por Alexia (14 a\u00f1os), Steven (16 a\u00f1os), Miguel y Daniel (17 a\u00f1os), tras participar en el programa Erasmus+, con el que viajaron a Bruselas en junio de 2022 compartiendo experiencias con representantes europeos. All\u00ed se despert\u00f3 su inquietud por movilizar a la adolescencia de Pamplona a trav\u00e9s del voluntariado y la formaci\u00f3n.<\/p>\n<p>La Embajada COworkids tiene entre sus objetivos difundir con gente adolescente las oportunidades de voluntariado de COworkids, identificar temas de inter\u00e9s y organizar sesiones formativas mensuales, y celebrar encuentros entre voluntariado adolescente, con m\u00fasica, merienda y debates con temas de actualidad. En definitiva, generar un espacio de voluntariado, formaci\u00f3n y diversi\u00f3n, que tiene entre sus primeras actuaciones la formaci\u00f3n de estos viernes intergeneracionales.<\/p>\n","protected":false},"excerpt":{"rendered":"<p>Este viernes se abren las inscripciones gratuitas en el tel\u00e9fono 010; las sesiones las imparten voluntarios y voluntarias de La Embajada COworkids<\/p>\n","protected":false},"author":1,"featured_media":42100,"comment_status":"open","ping_status":"closed","sticky":false,"template":"","format":"standard","meta":{"footnotes":""},"categories":[2],"tags":[],"class_list":["post-42098","post","type-post","status-publish","format-standard","has-post-thumbnail","hentry","category-ayuntamiento-pamplona"],"yoast_head":"<!-- This site is optimized with the Yoast SEO plugin v27.3 - https:\/\/yoast.com\/product\/yoast-seo-wordpress\/ -->\n<title>J\u00f3venes estudiantes ofrecer\u00e1n ayuda y formaci\u00f3n en el uso del tel\u00e9fono m\u00f3vil a personas mayores de 65 a\u00f1os a trav\u00e9s de un taller intergeneracional en el Centro San Juan Bosco<\/title>\n<meta name=\"robots\" content=\"index, follow, max-snippet:-1, max-image-preview:large, max-video-preview:-1\" \/>\n<link rel=\"canonical\" href=\"https:\/\/www.laguiadepamplona.com\/actualidad\/jovenes-estudiantes-ofreceran-ayuda-y-formacion-en-el-uso-del-telefono-movil-a-personas-mayores-de-65-anos-a-traves-de-un-taller-intergeneracional-en-el-centro-san-juan-bosco\/\" \/>\n<meta property=\"og:locale\" content=\"es_ES\" \/>\n<meta property=\"og:type\" content=\"article\" \/>\n<meta property=\"og:title\" content=\"J\u00f3venes estudiantes ofrecer\u00e1n ayuda y formaci\u00f3n en el uso del tel\u00e9fono m\u00f3vil a personas mayores de 65 a\u00f1os a trav\u00e9s de un taller intergeneracional en el Centro San Juan Bosco\" \/>\n<meta property=\"og:description\" content=\"Este viernes se abren las inscripciones gratuitas en el tel\u00e9fono 010; las sesiones las imparten voluntarios y voluntarias de La Embajada COworkids\" \/>\n<meta property=\"og:url\" content=\"https:\/\/www.laguiadepamplona.com\/actualidad\/jovenes-estudiantes-ofreceran-ayuda-y-formacion-en-el-uso-del-telefono-movil-a-personas-mayores-de-65-anos-a-traves-de-un-taller-intergeneracional-en-el-centro-san-juan-bosco\/\" \/>\n<meta property=\"og:site_name\" content=\"La Gu\u00eda de Pamplona\" \/>\n<meta property=\"article:publisher\" content=\"https:\/\/www.facebook.com\/laguiadepamplonacom-133175176762273\/?ref=hl\" \/>\n<meta property=\"article:published_time\" content=\"2022-11-03T17:07:43+00:00\" \/>\n<meta property=\"article:modified_time\" content=\"2023-04-11T09:47:38+00:00\" \/>\n<meta property=\"og:image\" content=\"https:\/\/www.laguiadepamplona.com\/actualidad\/wp-content\/uploads\/2022\/11\/jovenes-ayuda-uso-movil-mayores.webp\" \/>\n\t<meta property=\"og:image:width\" content=\"1920\" \/>\n\t<meta property=\"og:image:height\" content=\"1341\" \/>\n\t<meta property=\"og:image:type\" content=\"image\/webp\" \/>\n<meta name=\"author\" content=\"La Gu\u00eda de Pamplona\" \/>\n<meta name=\"twitter:card\" content=\"summary_large_image\" \/>\n<meta name=\"twitter:creator\" content=\"@LaGuiadPamplona\" \/>\n<meta name=\"twitter:site\" content=\"@LaGuiadPamplona\" \/>\n<meta name=\"twitter:label1\" content=\"Escrito por\" \/>\n\t<meta name=\"twitter:data1\" content=\"La Gu\u00eda de Pamplona\" \/>\n\t<meta name=\"twitter:label2\" content=\"Tiempo de lectura\" \/>\n\t<meta name=\"twitter:data2\" content=\"3 minutos\" \/>\n<script type=\"application\/ld+json\" class=\"yoast-schema-graph\">{\"@context\":\"https:\\\/\\\/schema.org\",\"@graph\":[{\"@type\":\"Article\",\"@id\":\"https:\\\/\\\/www.laguiadepamplona.com\\\/actualidad\\\/jovenes-estudiantes-ofreceran-ayuda-y-formacion-en-el-uso-del-telefono-movil-a-personas-mayores-de-65-anos-a-traves-de-un-taller-intergeneracional-en-el-centro-san-juan-bosco\\\/#article\",\"isPartOf\":{\"@id\":\"https:\\\/\\\/www.laguiadepamplona.com\\\/actualidad\\\/jovenes-estudiantes-ofreceran-ayuda-y-formacion-en-el-uso-del-telefono-movil-a-personas-mayores-de-65-anos-a-traves-de-un-taller-intergeneracional-en-el-centro-san-juan-bosco\\\/\"},\"author\":{\"name\":\"La Gu\u00eda de Pamplona\",\"@id\":\"https:\\\/\\\/www.laguiadepamplona.com\\\/actualidad\\\/#\\\/schema\\\/person\\\/efe887376f0213d4657c93adc50b1fdb\"},\"headline\":\"J\u00f3venes estudiantes ofrecer\u00e1n ayuda y formaci\u00f3n en el uso del tel\u00e9fono m\u00f3vil a personas mayores de 65 a\u00f1os a trav\u00e9s de un taller intergeneracional en el Centro San Juan Bosco\",\"datePublished\":\"2022-11-03T17:07:43+00:00\",\"dateModified\":\"2023-04-11T09:47:38+00:00\",\"mainEntityOfPage\":{\"@id\":\"https:\\\/\\\/www.laguiadepamplona.com\\\/actualidad\\\/jovenes-estudiantes-ofreceran-ayuda-y-formacion-en-el-uso-del-telefono-movil-a-personas-mayores-de-65-anos-a-traves-de-un-taller-intergeneracional-en-el-centro-san-juan-bosco\\\/\"},\"wordCount\":460,\"commentCount\":0,\"publisher\":{\"@id\":\"https:\\\/\\\/www.laguiadepamplona.com\\\/actualidad\\\/#organization\"},\"image\":{\"@id\":\"https:\\\/\\\/www.laguiadepamplona.com\\\/actualidad\\\/jovenes-estudiantes-ofreceran-ayuda-y-formacion-en-el-uso-del-telefono-movil-a-personas-mayores-de-65-anos-a-traves-de-un-taller-intergeneracional-en-el-centro-san-juan-bosco\\\/#primaryimage\"},\"thumbnailUrl\":\"https:\\\/\\\/www.laguiadepamplona.com\\\/actualidad\\\/wp-content\\\/uploads\\\/2022\\\/11\\\/jovenes-ayuda-uso-movil-mayores.webp\",\"articleSection\":[\"Ayto Pamplona\"],\"inLanguage\":\"es\",\"potentialAction\":[{\"@type\":\"CommentAction\",\"name\":\"Comment\",\"target\":[\"https:\\\/\\\/www.laguiadepamplona.com\\\/actualidad\\\/jovenes-estudiantes-ofreceran-ayuda-y-formacion-en-el-uso-del-telefono-movil-a-personas-mayores-de-65-anos-a-traves-de-un-taller-intergeneracional-en-el-centro-san-juan-bosco\\\/#respond\"]}]},{\"@type\":\"WebPage\",\"@id\":\"https:\\\/\\\/www.laguiadepamplona.com\\\/actualidad\\\/jovenes-estudiantes-ofreceran-ayuda-y-formacion-en-el-uso-del-telefono-movil-a-personas-mayores-de-65-anos-a-traves-de-un-taller-intergeneracional-en-el-centro-san-juan-bosco\\\/\",\"url\":\"https:\\\/\\\/www.laguiadepamplona.com\\\/actualidad\\\/jovenes-estudiantes-ofreceran-ayuda-y-formacion-en-el-uso-del-telefono-movil-a-personas-mayores-de-65-anos-a-traves-de-un-taller-intergeneracional-en-el-centro-san-juan-bosco\\\/\",\"name\":\"J\u00f3venes estudiantes ofrecer\u00e1n ayuda y formaci\u00f3n en el uso del tel\u00e9fono m\u00f3vil a personas mayores de 65 a\u00f1os a trav\u00e9s de un taller intergeneracional en el Centro San Juan Bosco\",\"isPartOf\":{\"@id\":\"https:\\\/\\\/www.laguiadepamplona.com\\\/actualidad\\\/#website\"},\"primaryImageOfPage\":{\"@id\":\"https:\\\/\\\/www.laguiadepamplona.com\\\/actualidad\\\/jovenes-estudiantes-ofreceran-ayuda-y-formacion-en-el-uso-del-telefono-movil-a-personas-mayores-de-65-anos-a-traves-de-un-taller-intergeneracional-en-el-centro-san-juan-bosco\\\/#primaryimage\"},\"image\":{\"@id\":\"https:\\\/\\\/www.laguiadepamplona.com\\\/actualidad\\\/jovenes-estudiantes-ofreceran-ayuda-y-formacion-en-el-uso-del-telefono-movil-a-personas-mayores-de-65-anos-a-traves-de-un-taller-intergeneracional-en-el-centro-san-juan-bosco\\\/#primaryimage\"},\"thumbnailUrl\":\"https:\\\/\\\/www.laguiadepamplona.com\\\/actualidad\\\/wp-content\\\/uploads\\\/2022\\\/11\\\/jovenes-ayuda-uso-movil-mayores.webp\",\"datePublished\":\"2022-11-03T17:07:43+00:00\",\"dateModified\":\"2023-04-11T09:47:38+00:00\",\"breadcrumb\":{\"@id\":\"https:\\\/\\\/www.laguiadepamplona.com\\\/actualidad\\\/jovenes-estudiantes-ofreceran-ayuda-y-formacion-en-el-uso-del-telefono-movil-a-personas-mayores-de-65-anos-a-traves-de-un-taller-intergeneracional-en-el-centro-san-juan-bosco\\\/#breadcrumb\"},\"inLanguage\":\"es\",\"potentialAction\":[{\"@type\":\"ReadAction\",\"target\":[\"https:\\\/\\\/www.laguiadepamplona.com\\\/actualidad\\\/jovenes-estudiantes-ofreceran-ayuda-y-formacion-en-el-uso-del-telefono-movil-a-personas-mayores-de-65-anos-a-traves-de-un-taller-intergeneracional-en-el-centro-san-juan-bosco\\\/\"]}]},{\"@type\":\"ImageObject\",\"inLanguage\":\"es\",\"@id\":\"https:\\\/\\\/www.laguiadepamplona.com\\\/actualidad\\\/jovenes-estudiantes-ofreceran-ayuda-y-formacion-en-el-uso-del-telefono-movil-a-personas-mayores-de-65-anos-a-traves-de-un-taller-intergeneracional-en-el-centro-san-juan-bosco\\\/#primaryimage\",\"url\":\"https:\\\/\\\/www.laguiadepamplona.com\\\/actualidad\\\/wp-content\\\/uploads\\\/2022\\\/11\\\/jovenes-ayuda-uso-movil-mayores.webp\",\"contentUrl\":\"https:\\\/\\\/www.laguiadepamplona.com\\\/actualidad\\\/wp-content\\\/uploads\\\/2022\\\/11\\\/jovenes-ayuda-uso-movil-mayores.webp\",\"width\":1920,\"height\":1341},{\"@type\":\"BreadcrumbList\",\"@id\":\"https:\\\/\\\/www.laguiadepamplona.com\\\/actualidad\\\/jovenes-estudiantes-ofreceran-ayuda-y-formacion-en-el-uso-del-telefono-movil-a-personas-mayores-de-65-anos-a-traves-de-un-taller-intergeneracional-en-el-centro-san-juan-bosco\\\/#breadcrumb\",\"itemListElement\":[{\"@type\":\"ListItem\",\"position\":1,\"name\":\"Portada\",\"item\":\"https:\\\/\\\/www.laguiadepamplona.com\\\/actualidad\\\/\"},{\"@type\":\"ListItem\",\"position\":2,\"name\":\"J\u00f3venes estudiantes ofrecer\u00e1n ayuda y formaci\u00f3n en el uso del tel\u00e9fono m\u00f3vil a personas mayores de 65 a\u00f1os a trav\u00e9s de un taller intergeneracional en el Centro San Juan Bosco\"}]},{\"@type\":\"WebSite\",\"@id\":\"https:\\\/\\\/www.laguiadepamplona.com\\\/actualidad\\\/#website\",\"url\":\"https:\\\/\\\/www.laguiadepamplona.com\\\/actualidad\\\/\",\"name\":\"La gu\u00eda de Pamplona\",\"description\":\"Noticias de Pamplona\",\"publisher\":{\"@id\":\"https:\\\/\\\/www.laguiadepamplona.com\\\/actualidad\\\/#organization\"},\"potentialAction\":[{\"@type\":\"SearchAction\",\"target\":{\"@type\":\"EntryPoint\",\"urlTemplate\":\"https:\\\/\\\/www.laguiadepamplona.com\\\/actualidad\\\/?s={search_term_string}\"},\"query-input\":{\"@type\":\"PropertyValueSpecification\",\"valueRequired\":true,\"valueName\":\"search_term_string\"}}],\"inLanguage\":\"es\"},{\"@type\":\"Organization\",\"@id\":\"https:\\\/\\\/www.laguiadepamplona.com\\\/actualidad\\\/#organization\",\"name\":\"La Gu\u00eda de Pamplona \\\/ Noticias\",\"url\":\"https:\\\/\\\/www.laguiadepamplona.com\\\/actualidad\\\/\",\"logo\":{\"@type\":\"ImageObject\",\"inLanguage\":\"es\",\"@id\":\"https:\\\/\\\/www.laguiadepamplona.com\\\/actualidad\\\/#\\\/schema\\\/logo\\\/image\\\/\",\"url\":\"https:\\\/\\\/www.laguiadepamplona.com\\\/actualidad\\\/wp-content\\\/uploads\\\/2018\\\/11\\\/logo-laguiadepamplona18-web1.png\",\"contentUrl\":\"https:\\\/\\\/www.laguiadepamplona.com\\\/actualidad\\\/wp-content\\\/uploads\\\/2018\\\/11\\\/logo-laguiadepamplona18-web1.png\",\"width\":600,\"height\":196,\"caption\":\"La Gu\u00eda de Pamplona \\\/ Noticias\"},\"image\":{\"@id\":\"https:\\\/\\\/www.laguiadepamplona.com\\\/actualidad\\\/#\\\/schema\\\/logo\\\/image\\\/\"},\"sameAs\":[\"https:\\\/\\\/www.facebook.com\\\/laguiadepamplonacom-133175176762273\\\/?ref=hl\",\"https:\\\/\\\/x.com\\\/LaGuiadPamplona\",\"https:\\\/\\\/www.instagram.com\\\/la_guia_de_pamplona\\\/\",\"https:\\\/\\\/www.youtube.com\\\/user\\\/laguiadepamplona\"]},{\"@type\":\"Person\",\"@id\":\"https:\\\/\\\/www.laguiadepamplona.com\\\/actualidad\\\/#\\\/schema\\\/person\\\/efe887376f0213d4657c93adc50b1fdb\",\"name\":\"La Gu\u00eda de Pamplona\",\"image\":{\"@type\":\"ImageObject\",\"inLanguage\":\"es\",\"@id\":\"https:\\\/\\\/secure.gravatar.com\\\/avatar\\\/b6992f131dc8d30ab0dff15446e9d346d9dbd95992de0fef795073f5ea83a81c?s=96&d=mm&r=g\",\"url\":\"https:\\\/\\\/secure.gravatar.com\\\/avatar\\\/b6992f131dc8d30ab0dff15446e9d346d9dbd95992de0fef795073f5ea83a81c?s=96&d=mm&r=g\",\"contentUrl\":\"https:\\\/\\\/secure.gravatar.com\\\/avatar\\\/b6992f131dc8d30ab0dff15446e9d346d9dbd95992de0fef795073f5ea83a81c?s=96&d=mm&r=g\",\"caption\":\"La Gu\u00eda de Pamplona\"}}]}<\/script>\n<!-- \/ Yoast SEO plugin. -->","yoast_head_json":{"title":"J\u00f3venes estudiantes ofrecer\u00e1n ayuda y formaci\u00f3n en el uso del tel\u00e9fono m\u00f3vil a personas mayores de 65 a\u00f1os a trav\u00e9s de un taller intergeneracional en el Centro San Juan Bosco","robots":{"index":"index","follow":"follow","max-snippet":"max-snippet:-1","max-image-preview":"max-image-preview:large","max-video-preview":"max-video-preview:-1"},"canonical":"https:\/\/www.laguiadepamplona.com\/actualidad\/jovenes-estudiantes-ofreceran-ayuda-y-formacion-en-el-uso-del-telefono-movil-a-personas-mayores-de-65-anos-a-traves-de-un-taller-intergeneracional-en-el-centro-san-juan-bosco\/","og_locale":"es_ES","og_type":"article","og_title":"J\u00f3venes estudiantes ofrecer\u00e1n ayuda y formaci\u00f3n en el uso del tel\u00e9fono m\u00f3vil a personas mayores de 65 a\u00f1os a trav\u00e9s de un taller intergeneracional en el Centro San Juan Bosco","og_description":"Este viernes se abren las inscripciones gratuitas en el tel\u00e9fono 010; las sesiones las imparten voluntarios y voluntarias de La Embajada COworkids","og_url":"https:\/\/www.laguiadepamplona.com\/actualidad\/jovenes-estudiantes-ofreceran-ayuda-y-formacion-en-el-uso-del-telefono-movil-a-personas-mayores-de-65-anos-a-traves-de-un-taller-intergeneracional-en-el-centro-san-juan-bosco\/","og_site_name":"La Gu\u00eda de Pamplona","article_publisher":"https:\/\/www.facebook.com\/laguiadepamplonacom-133175176762273\/?ref=hl","article_published_time":"2022-11-03T17:07:43+00:00","article_modified_time":"2023-04-11T09:47:38+00:00","og_image":[{"width":1920,"height":1341,"url":"https:\/\/www.laguiadepamplona.com\/actualidad\/wp-content\/uploads\/2022\/11\/jovenes-ayuda-uso-movil-mayores.webp","type":"image\/webp"}],"author":"La Gu\u00eda de Pamplona","twitter_card":"summary_large_image","twitter_creator":"@LaGuiadPamplona","twitter_site":"@LaGuiadPamplona","twitter_misc":{"Escrito por":"La Gu\u00eda de Pamplona","Tiempo de lectura":"3 minutos"},"schema":{"@context":"https:\/\/schema.org","@graph":[{"@type":"Article","@id":"https:\/\/www.laguiadepamplona.com\/actualidad\/jovenes-estudiantes-ofreceran-ayuda-y-formacion-en-el-uso-del-telefono-movil-a-personas-mayores-de-65-anos-a-traves-de-un-taller-intergeneracional-en-el-centro-san-juan-bosco\/#article","isPartOf":{"@id":"https:\/\/www.laguiadepamplona.com\/actualidad\/jovenes-estudiantes-ofreceran-ayuda-y-formacion-en-el-uso-del-telefono-movil-a-personas-mayores-de-65-anos-a-traves-de-un-taller-intergeneracional-en-el-centro-san-juan-bosco\/"},"author":{"name":"La Gu\u00eda de Pamplona","@id":"https:\/\/www.laguiadepamplona.com\/actualidad\/#\/schema\/person\/efe887376f0213d4657c93adc50b1fdb"},"headline":"J\u00f3venes estudiantes ofrecer\u00e1n ayuda y formaci\u00f3n en el uso del tel\u00e9fono m\u00f3vil a personas mayores de 65 a\u00f1os a trav\u00e9s de un taller intergeneracional en el Centro San Juan Bosco","datePublished":"2022-11-03T17:07:43+00:00","dateModified":"2023-04-11T09:47:38+00:00","mainEntityOfPage":{"@id":"https:\/\/www.laguiadepamplona.com\/actualidad\/jovenes-estudiantes-ofreceran-ayuda-y-formacion-en-el-uso-del-telefono-movil-a-personas-mayores-de-65-anos-a-traves-de-un-taller-intergeneracional-en-el-centro-san-juan-bosco\/"},"wordCount":460,"commentCount":0,"publisher":{"@id":"https:\/\/www.laguiadepamplona.com\/actualidad\/#organization"},"image":{"@id":"https:\/\/www.laguiadepamplona.com\/actualidad\/jovenes-estudiantes-ofreceran-ayuda-y-formacion-en-el-uso-del-telefono-movil-a-personas-mayores-de-65-anos-a-traves-de-un-taller-intergeneracional-en-el-centro-san-juan-bosco\/#primaryimage"},"thumbnailUrl":"https:\/\/www.laguiadepamplona.com\/actualidad\/wp-content\/uploads\/2022\/11\/jovenes-ayuda-uso-movil-mayores.webp","articleSection":["Ayto Pamplona"],"inLanguage":"es","potentialAction":[{"@type":"CommentAction","name":"Comment","target":["https:\/\/www.laguiadepamplona.com\/actualidad\/jovenes-estudiantes-ofreceran-ayuda-y-formacion-en-el-uso-del-telefono-movil-a-personas-mayores-de-65-anos-a-traves-de-un-taller-intergeneracional-en-el-centro-san-juan-bosco\/#respond"]}]},{"@type":"WebPage","@id":"https:\/\/www.laguiadepamplona.com\/actualidad\/jovenes-estudiantes-ofreceran-ayuda-y-formacion-en-el-uso-del-telefono-movil-a-personas-mayores-de-65-anos-a-traves-de-un-taller-intergeneracional-en-el-centro-san-juan-bosco\/","url":"https:\/\/www.laguiadepamplona.com\/actualidad\/jovenes-estudiantes-ofreceran-ayuda-y-formacion-en-el-uso-del-telefono-movil-a-personas-mayores-de-65-anos-a-traves-de-un-taller-intergeneracional-en-el-centro-san-juan-bosco\/","name":"J\u00f3venes estudiantes ofrecer\u00e1n ayuda y formaci\u00f3n en el uso del tel\u00e9fono m\u00f3vil a personas mayores de 65 a\u00f1os a trav\u00e9s de un taller intergeneracional en el Centro San Juan Bosco","isPartOf":{"@id":"https:\/\/www.laguiadepamplona.com\/actualidad\/#website"},"primaryImageOfPage":{"@id":"https:\/\/www.laguiadepamplona.com\/actualidad\/jovenes-estudiantes-ofreceran-ayuda-y-formacion-en-el-uso-del-telefono-movil-a-personas-mayores-de-65-anos-a-traves-de-un-taller-intergeneracional-en-el-centro-san-juan-bosco\/#primaryimage"},"image":{"@id":"https:\/\/www.laguiadepamplona.com\/actualidad\/jovenes-estudiantes-ofreceran-ayuda-y-formacion-en-el-uso-del-telefono-movil-a-personas-mayores-de-65-anos-a-traves-de-un-taller-intergeneracional-en-el-centro-san-juan-bosco\/#primaryimage"},"thumbnailUrl":"https:\/\/www.laguiadepamplona.com\/actualidad\/wp-content\/uploads\/2022\/11\/jovenes-ayuda-uso-movil-mayores.webp","datePublished":"2022-11-03T17:07:43+00:00","dateModified":"2023-04-11T09:47:38+00:00","breadcrumb":{"@id":"https:\/\/www.laguiadepamplona.com\/actualidad\/jovenes-estudiantes-ofreceran-ayuda-y-formacion-en-el-uso-del-telefono-movil-a-personas-mayores-de-65-anos-a-traves-de-un-taller-intergeneracional-en-el-centro-san-juan-bosco\/#breadcrumb"},"inLanguage":"es","potentialAction":[{"@type":"ReadAction","target":["https:\/\/www.laguiadepamplona.com\/actualidad\/jovenes-estudiantes-ofreceran-ayuda-y-formacion-en-el-uso-del-telefono-movil-a-personas-mayores-de-65-anos-a-traves-de-un-taller-intergeneracional-en-el-centro-san-juan-bosco\/"]}]},{"@type":"ImageObject","inLanguage":"es","@id":"https:\/\/www.laguiadepamplona.com\/actualidad\/jovenes-estudiantes-ofreceran-ayuda-y-formacion-en-el-uso-del-telefono-movil-a-personas-mayores-de-65-anos-a-traves-de-un-taller-intergeneracional-en-el-centro-san-juan-bosco\/#primaryimage","url":"https:\/\/www.laguiadepamplona.com\/actualidad\/wp-content\/uploads\/2022\/11\/jovenes-ayuda-uso-movil-mayores.webp","contentUrl":"https:\/\/www.laguiadepamplona.com\/actualidad\/wp-content\/uploads\/2022\/11\/jovenes-ayuda-uso-movil-mayores.webp","width":1920,"height":1341},{"@type":"BreadcrumbList","@id":"https:\/\/www.laguiadepamplona.com\/actualidad\/jovenes-estudiantes-ofreceran-ayuda-y-formacion-en-el-uso-del-telefono-movil-a-personas-mayores-de-65-anos-a-traves-de-un-taller-intergeneracional-en-el-centro-san-juan-bosco\/#breadcrumb","itemListElement":[{"@type":"ListItem","position":1,"name":"Portada","item":"https:\/\/www.laguiadepamplona.com\/actualidad\/"},{"@type":"ListItem","position":2,"name":"J\u00f3venes estudiantes ofrecer\u00e1n ayuda y formaci\u00f3n en el uso del tel\u00e9fono m\u00f3vil a personas mayores de 65 a\u00f1os a trav\u00e9s de un taller intergeneracional en el Centro San Juan Bosco"}]},{"@type":"WebSite","@id":"https:\/\/www.laguiadepamplona.com\/actualidad\/#website","url":"https:\/\/www.laguiadepamplona.com\/actualidad\/","name":"La gu\u00eda de Pamplona","description":"Noticias de Pamplona","publisher":{"@id":"https:\/\/www.laguiadepamplona.com\/actualidad\/#organization"},"potentialAction":[{"@type":"SearchAction","target":{"@type":"EntryPoint","urlTemplate":"https:\/\/www.laguiadepamplona.com\/actualidad\/?s={search_term_string}"},"query-input":{"@type":"PropertyValueSpecification","valueRequired":true,"valueName":"search_term_string"}}],"inLanguage":"es"},{"@type":"Organization","@id":"https:\/\/www.laguiadepamplona.com\/actualidad\/#organization","name":"La Gu\u00eda de Pamplona \/ Noticias","url":"https:\/\/www.laguiadepamplona.com\/actualidad\/","logo":{"@type":"ImageObject","inLanguage":"es","@id":"https:\/\/www.laguiadepamplona.com\/actualidad\/#\/schema\/logo\/image\/","url":"https:\/\/www.laguiadepamplona.com\/actualidad\/wp-content\/uploads\/2018\/11\/logo-laguiadepamplona18-web1.png","contentUrl":"https:\/\/www.laguiadepamplona.com\/actualidad\/wp-content\/uploads\/2018\/11\/logo-laguiadepamplona18-web1.png","width":600,"height":196,"caption":"La Gu\u00eda de Pamplona \/ Noticias"},"image":{"@id":"https:\/\/www.laguiadepamplona.com\/actualidad\/#\/schema\/logo\/image\/"},"sameAs":["https:\/\/www.facebook.com\/laguiadepamplonacom-133175176762273\/?ref=hl","https:\/\/x.com\/LaGuiadPamplona","https:\/\/www.instagram.com\/la_guia_de_pamplona\/","https:\/\/www.youtube.com\/user\/laguiadepamplona"]},{"@type":"Person","@id":"https:\/\/www.laguiadepamplona.com\/actualidad\/#\/schema\/person\/efe887376f0213d4657c93adc50b1fdb","name":"La Gu\u00eda de Pamplona","image":{"@type":"ImageObject","inLanguage":"es","@id":"https:\/\/secure.gravatar.com\/avatar\/b6992f131dc8d30ab0dff15446e9d346d9dbd95992de0fef795073f5ea83a81c?s=96&d=mm&r=g","url":"https:\/\/secure.gravatar.com\/avatar\/b6992f131dc8d30ab0dff15446e9d346d9dbd95992de0fef795073f5ea83a81c?s=96&d=mm&r=g","contentUrl":"https:\/\/secure.gravatar.com\/avatar\/b6992f131dc8d30ab0dff15446e9d346d9dbd95992de0fef795073f5ea83a81c?s=96&d=mm&r=g","caption":"La Gu\u00eda de Pamplona"}}]}},"post_mailing_queue_ids":[],"_links":{"self":[{"href":"https:\/\/www.laguiadepamplona.com\/actualidad\/wp-json\/wp\/v2\/posts\/42098","targetHints":{"allow":["GET"]}}],"collection":[{"href":"https:\/\/www.laguiadepamplona.com\/actualidad\/wp-json\/wp\/v2\/posts"}],"about":[{"href":"https:\/\/www.laguiadepamplona.com\/actualidad\/wp-json\/wp\/v2\/types\/post"}],"author":[{"embeddable":true,"href":"https:\/\/www.laguiadepamplona.com\/actualidad\/wp-json\/wp\/v2\/users\/1"}],"replies":[{"embeddable":true,"href":"https:\/\/www.laguiadepamplona.com\/actualidad\/wp-json\/wp\/v2\/comments?post=42098"}],"version-history":[{"count":0,"href":"https:\/\/www.laguiadepamplona.com\/actualidad\/wp-json\/wp\/v2\/posts\/42098\/revisions"}],"wp:featuredmedia":[{"embeddable":true,"href":"https:\/\/www.laguiadepamplona.com\/actualidad\/wp-json\/wp\/v2\/media\/42100"}],"wp:attachment":[{"href":"https:\/\/www.laguiadepamplona.com\/actualidad\/wp-json\/wp\/v2\/media?parent=42098"}],"wp:term":[{"taxonomy":"category","embeddable":true,"href":"https:\/\/www.laguiadepamplona.com\/actualidad\/wp-json\/wp\/v2\/categories?post=42098"},{"taxonomy":"post_tag","embeddable":true,"href":"https:\/\/www.laguiadepamplona.com\/actualidad\/wp-json\/wp\/v2\/tags?post=42098"}],"curies":[{"name":"wp","href":"https:\/\/api.w.org\/{rel}","templated":true}]}}