{"id":42092,"date":"2022-11-03T18:57:42","date_gmt":"2022-11-03T16:57:42","guid":{"rendered":"https:\/\/www.laguiadepamplona.com\/actualidad\/?p=42092"},"modified":"2023-04-11T11:47:38","modified_gmt":"2023-04-11T09:47:38","slug":"la-creacion-artistica-de-16-jovenes-fotografas-africanas-aborda-la-violencia-sexo-especifica-en-africa-y-los-mecanismos-de-discriminacion-en-el-mundo-de-la-fotografia","status":"publish","type":"post","link":"https:\/\/www.laguiadepamplona.com\/actualidad\/la-creacion-artistica-de-16-jovenes-fotografas-africanas-aborda-la-violencia-sexo-especifica-en-africa-y-los-mecanismos-de-discriminacion-en-el-mundo-de-la-fotografia\/","title":{"rendered":"La creaci\u00f3n art\u00edstica de 16 j\u00f3venes fot\u00f3grafas africanas aborda la violencia sexo-espec\u00edfica en \u00c1frica y los mecanismos de discriminaci\u00f3n en el mundo de la fotograf\u00eda"},"content":{"rendered":"<h5>\u2018El grito interior\u2019 muestra, a trav\u00e9s de 66 fotograf\u00edas, las desigualdades de poder en el seno de las familias, las comunidades o los estados<\/h5>\n<p><!--more--><\/p>\n<p>La violencia sexo-espec\u00edfica en \u00c1frica y la discriminaci\u00f3n en el mundo de la fotograf\u00eda son los ejes principales de la exposici\u00f3n \u2018El grito interior\u2019, que se inaugura hoy en el Pabell\u00f3n de Mixtos de la Ciudadela. La primera planta alberga la muestra de 66 fotograf\u00edas, realizada por 16 j\u00f3venes artistas del continente africano, en su mayor\u00eda mujeres, nacidas en Senegal, Mali, Togo, Ben\u00edn, Congo, Costa de Marfil y Guinea. Estas j\u00f3venes fot\u00f3grafas, integrantes de la Federaci\u00f3n Africana sobre Arte Fotogr\u00e1fico (FAAP), reflexionan en su creaci\u00f3n art\u00edstica sobre las desigualdades de poder en todos los \u00e1mbitos sociales.<\/p>\n<p>En la presentaci\u00f3n de la exposici\u00f3n han participado Mar\u00eda Garc\u00eda-Barberena, concejala delegada de Cultura e Igualdad del Ayuntamiento de Pamplona; Andr\u00e9s Carbonero, director general de Protecci\u00f3n Social y Cooperaci\u00f3n al Desarrollo del Gobierno de Navarra; Javier Torrens, tesorero del Ateneo Navarro; Javier Usoz, responsable de la organizaci\u00f3n de \u2018\u00c1frica Imprescindible\u2019; y Mamadou Gomis, comisario de la exposici\u00f3n y presidente de la Federaci\u00f3n Africana sobre el Arte Fotogr\u00e1fico. El comisario ofrece esta tarde, a las 19 horas, una visita guiada a la muestra.<\/p>\n<p>\u2018El grito interior. Violencias de g\u00e9nero. Fotograf\u00edas africanas contempor\u00e1neas\u2019 muestra el compromiso de las mujeres fot\u00f3grafas en su lucha por la protecci\u00f3n de los derechos de las mujeres. Su arte permite sensibilizar y denunciar en profundidad cuestiones en torno a los derechos y el g\u00e9nero, adem\u00e1s de poner en valor el papel esencial de la mujer africana en el mundo de la fotograf\u00eda. La iniciativa, nacida en Senegal, promueve intercambios que enriquecen los procesos creativos y actualizan el aprendizaje.<br \/>\n<script async src=\"\/\/pagead2.googlesyndication.com\/pagead\/js\/adsbygoogle.js\"><\/script><br \/>\n<!-- Noticias La Guia de Pamplona --><br \/>\n<ins class=\"adsbygoogle\"\nstyle=\"display:block\"\ndata-ad-client=\"ca-pub-6943679897239327\"\ndata-ad-slot=\"7048180777\"\ndata-ad-format=\"auto\"><\/ins><br \/>\n<script>\n(adsbygoogle = window.adsbygoogle || []).push({});\n<\/script><\/p>\n<p><strong>Las 16 artistas y sus reivindicaciones<\/strong><\/p>\n<p>Entre las autoras se encuentra Roxane N&#8217;daque, que se centra en la discriminaci\u00f3n contra las mujeres que presentan una apariencia masculinizada. Ousmane Go\u00efta busca poner en valor a la mujer en la sociedad maliense a trav\u00e9s de la est\u00e9tica femenina y, en el mismo sentido, Pyspic (Papa Youssoupha Seck) interpreta y pone de relieve el papel de la mujer en Guinea.<\/p>\n<p>Emmanuele Aholou reclama la igualdad de derechos, deberes y oportunidades para hombres y mujeres, mientras Lina Mensah reivindica la necesidad de respetar los derechos de las mujeres en Togo, sobre todo en su vida profesional. Este aspecto profesional y las capacidades de la mujer son el centro de Nana Marie H\u00e9l\u00e8ne Faye. Beatrice-Nicole Nyom Kouadio denuncia la perversidad maquiav\u00e9lica de sociedades como la marfile\u00f1a y Koukambakana Matthieu Urielle desmonta discursos sexistas a partir de sus vivencias. Otras vivencias, las de las mujeres combatientes en Benin, centran el arte de Emmanuel Alexis Aiko.<\/p>\n<p>El drama de la violaci\u00f3n es la clave de Oumou Kalsoum Bald\u00e9. Con un mensaje optimista, Ly Lagazelle muestra su esperanza en las posibilidades de las mujeres africanas en papeles considerados masculinos, y Samuelle Paul Banga y Nadi Jessica abordan la discriminaci\u00f3n de las mujeres en el hogar y la violencia f\u00edsica y verbal en el \u00e1mbito dom\u00e9stico. Ismaila Diouf, por su lado, hace hincapi\u00e9 en el estatus del hombre en el hogar, Mystic Bram\u2019s (Ibrahima Dia) pone su mirada en los mensajes sobre los derechos de las mujeres en el mundo de las religiones y Hamien N\u2019goran Yanick Michael denuncia la \u2018segregaci\u00f3n\u2019 impuesta a las mujeres.<br \/>\n<script async src=\"\/\/pagead2.googlesyndication.com\/pagead\/js\/adsbygoogle.js\"><\/script><br \/>\n<!-- Noticias La Guia de Pamplona --><br \/>\n<ins class=\"adsbygoogle\"\nstyle=\"display:block\"\ndata-ad-client=\"ca-pub-6943679897239327\"\ndata-ad-slot=\"7048180777\"\ndata-ad-format=\"auto\"><\/ins><br \/>\n<script>\n(adsbygoogle = window.adsbygoogle || []).push({});\n<\/script><\/p>\n<p><strong>\u2018\u00c1frica imprescindible\u2019<\/strong><\/p>\n<p>La exposici\u00f3n \u2018El grito interior\u2019 est\u00e1 integrada en la programaci\u00f3n \u2018\u00c1frica Imprescindible\u2019, que celebra este oto\u00f1o su vig\u00e9sima segunda edici\u00f3n. El ciclo se completa con otras dos exposiciones fotogr\u00e1ficas, ciclos de cine, clubes de lectura y di\u00e1logos, centrados en el tema de la mujer africana, las violencias de g\u00e9nero, la crisis clim\u00e1tica, asuntos de actualidad y conflictos. El Ayuntamiento de Pamplona colabora desde sus inicios con este ciclo, a trav\u00e9s del Programa Municipal de Cooperaci\u00f3n al Desarrollo, mediante la convocatoria de subvenciones municipales de sensibilizaci\u00f3n.<\/p>\n<p>\u2018\u00c1frica Imprescindible\u2019 lo promueven las ONG Asamblea de Cooperaci\u00f3n por la Paz; Fundaci\u00f3n Felipe Rinaldi; Medicus Mundi; Oxfam Intermon; Proclade Yanapay; Solidaridad, Educaci\u00f3n, Desarrollo; y Tau Fundazioa. Las actividades intentar desmontar estereotipos sobre el \u00c1frica Subsahariana y fomentar la cooperaci\u00f3n en t\u00e9rminos de equidad y apoyo mutuo, con enfoque de g\u00e9nero y ofreciendo especial protagonismo a las mujeres. La programaci\u00f3n se puede consultar en la web <a href=\"https:\/\/africaesimprescindible.org\/\" target=\"_blank\" rel=\"noopener\">\u00c1frica Imprescindible<\/a>.<\/p>\n<p>&nbsp;<br \/>\n<script async src=\"\/\/pagead2.googlesyndication.com\/pagead\/js\/adsbygoogle.js\"><\/script><br \/>\n<!-- Noticias La Guia de Pamplona --><br \/>\n<ins class=\"adsbygoogle\"\nstyle=\"display:block\"\ndata-ad-client=\"ca-pub-6943679897239327\"\ndata-ad-slot=\"7048180777\"\ndata-ad-format=\"auto\"><\/ins><br \/>\n<script>\n(adsbygoogle = window.adsbygoogle || []).push({});\n<\/script><\/p>\n<p>&nbsp;<\/p>\n<h3>\u2018El Grito Interior. Violencias de G\u00e9nero\u2019. Fotograf\u00edas Contempor\u00e1neas<\/h3>\n<ul>\n<li>66 fotograf\u00edas de 16 artistas, mujeres en su mayor\u00eda:\n<ul>\n<li>B\u00e9atrice-Nicole Nyom Kouadio, Costa de Marfil<\/li>\n<li>Lina Mensah, Togo<\/li>\n<li>Emmanuele Aholou, Costa de Marfil\/Togo<\/li>\n<li>Ousmane Go\u00efta, Mali<\/li>\n<li>Isma\u00efla Diouf, Senegal<\/li>\n<li>Koukambakana M. Urielle, Congo\/Senegal<\/li>\n<li>Mystic Bram\u2019s, Senegal<\/li>\n<li>Dago Nadi Jessica, Costa de Marfil<\/li>\n<li>Oumou K. Bald\u00e9, Senegal<\/li>\n<li>Nana Marie H\u00e9l\u00e8ne Faye, Senegal<\/li>\n<li>Samuelle P. Banga, Congo\/Senegal<\/li>\n<li>Roxane N\u2019da, Costa de Marfil<\/li>\n<li>Yanick Hamien, Costa de Marfil<\/li>\n<li>Ly Lagazelle, Costa de Marfil<\/li>\n<li>Emmanuel Alexis A\u00efko, Benin<\/li>\n<li>Pyspic, Senegal, Guinea-Conakry<\/li>\n<\/ul>\n<\/li>\n<li>Pabell\u00f3n de Mixtos. Primera Planta. Del 3 de noviembre al 15 de enero de 2023<\/li>\n<li>Entrada libre. Horarios de visita:\n<ul>\n<li>Martes a s\u00e1bados: de 11.30 a 13.30 y de 18.00 a 20.30 horas<\/li>\n<li>Domingos y festivos: de 12.00 a 13.30 horas<\/li>\n<\/ul>\n<\/li>\n<\/ul>\n","protected":false},"excerpt":{"rendered":"<p>\u2018El grito interior\u2019 muestra, a trav\u00e9s de 66 fotograf\u00edas, las desigualdades de poder en el seno de las familias, las comunidades o los estados<\/p>\n","protected":false},"author":1,"featured_media":42093,"comment_status":"open","ping_status":"closed","sticky":false,"template":"","format":"standard","meta":{"footnotes":""},"categories":[2],"tags":[],"class_list":["post-42092","post","type-post","status-publish","format-standard","has-post-thumbnail","hentry","category-ayuntamiento-pamplona"],"yoast_head":"<!-- This site is optimized with the Yoast SEO plugin v27.3 - https:\/\/yoast.com\/product\/yoast-seo-wordpress\/ -->\n<title>La creaci\u00f3n art\u00edstica de 16 j\u00f3venes fot\u00f3grafas africanas aborda la violencia sexo-espec\u00edfica en \u00c1frica y los mecanismos de discriminaci\u00f3n en el mundo de la fotograf\u00eda<\/title>\n<meta name=\"description\" content=\"\u2018El grito interior\u2019 muestra, a trav\u00e9s de 66 fotograf\u00edas, las desigualdades de poder en el seno de las familias, las comunidades o los estados\" \/>\n<meta name=\"robots\" content=\"index, follow, max-snippet:-1, max-image-preview:large, max-video-preview:-1\" \/>\n<link rel=\"canonical\" href=\"https:\/\/www.laguiadepamplona.com\/actualidad\/la-creacion-artistica-de-16-jovenes-fotografas-africanas-aborda-la-violencia-sexo-especifica-en-africa-y-los-mecanismos-de-discriminacion-en-el-mundo-de-la-fotografia\/\" \/>\n<meta property=\"og:locale\" content=\"es_ES\" \/>\n<meta property=\"og:type\" content=\"article\" \/>\n<meta property=\"og:title\" content=\"La creaci\u00f3n art\u00edstica de 16 j\u00f3venes fot\u00f3grafas africanas aborda la violencia sexo-espec\u00edfica en \u00c1frica y los mecanismos de discriminaci\u00f3n en el mundo de la fotograf\u00eda\" \/>\n<meta property=\"og:description\" content=\"\u2018El grito interior\u2019 muestra, a trav\u00e9s de 66 fotograf\u00edas, las desigualdades de poder en el seno de las familias, las comunidades o los estados\" \/>\n<meta property=\"og:url\" content=\"https:\/\/www.laguiadepamplona.com\/actualidad\/la-creacion-artistica-de-16-jovenes-fotografas-africanas-aborda-la-violencia-sexo-especifica-en-africa-y-los-mecanismos-de-discriminacion-en-el-mundo-de-la-fotografia\/\" \/>\n<meta property=\"og:site_name\" content=\"La Gu\u00eda de Pamplona\" \/>\n<meta property=\"article:publisher\" content=\"https:\/\/www.facebook.com\/laguiadepamplonacom-133175176762273\/?ref=hl\" \/>\n<meta property=\"article:published_time\" content=\"2022-11-03T16:57:42+00:00\" \/>\n<meta property=\"article:modified_time\" content=\"2023-04-11T09:47:38+00:00\" \/>\n<meta property=\"og:image\" content=\"https:\/\/www.laguiadepamplona.com\/actualidad\/wp-content\/uploads\/2022\/11\/expo-jovenes-fotografas-africanas.jpg\" \/>\n\t<meta property=\"og:image:width\" content=\"1132\" \/>\n\t<meta property=\"og:image:height\" content=\"851\" \/>\n\t<meta property=\"og:image:type\" content=\"image\/jpeg\" \/>\n<meta name=\"author\" content=\"La Gu\u00eda de Pamplona\" \/>\n<meta name=\"twitter:card\" content=\"summary_large_image\" \/>\n<meta name=\"twitter:creator\" content=\"@LaGuiadPamplona\" \/>\n<meta name=\"twitter:site\" content=\"@LaGuiadPamplona\" \/>\n<meta name=\"twitter:label1\" content=\"Escrito por\" \/>\n\t<meta name=\"twitter:data1\" content=\"La Gu\u00eda de Pamplona\" \/>\n\t<meta name=\"twitter:label2\" content=\"Tiempo de lectura\" \/>\n\t<meta name=\"twitter:data2\" content=\"4 minutos\" \/>\n<script type=\"application\/ld+json\" class=\"yoast-schema-graph\">{\"@context\":\"https:\\\/\\\/schema.org\",\"@graph\":[{\"@type\":\"Article\",\"@id\":\"https:\\\/\\\/www.laguiadepamplona.com\\\/actualidad\\\/la-creacion-artistica-de-16-jovenes-fotografas-africanas-aborda-la-violencia-sexo-especifica-en-africa-y-los-mecanismos-de-discriminacion-en-el-mundo-de-la-fotografia\\\/#article\",\"isPartOf\":{\"@id\":\"https:\\\/\\\/www.laguiadepamplona.com\\\/actualidad\\\/la-creacion-artistica-de-16-jovenes-fotografas-africanas-aborda-la-violencia-sexo-especifica-en-africa-y-los-mecanismos-de-discriminacion-en-el-mundo-de-la-fotografia\\\/\"},\"author\":{\"name\":\"La Gu\u00eda de Pamplona\",\"@id\":\"https:\\\/\\\/www.laguiadepamplona.com\\\/actualidad\\\/#\\\/schema\\\/person\\\/efe887376f0213d4657c93adc50b1fdb\"},\"headline\":\"La creaci\u00f3n art\u00edstica de 16 j\u00f3venes fot\u00f3grafas africanas aborda la violencia sexo-espec\u00edfica en \u00c1frica y los mecanismos de discriminaci\u00f3n en el mundo de la fotograf\u00eda\",\"datePublished\":\"2022-11-03T16:57:42+00:00\",\"dateModified\":\"2023-04-11T09:47:38+00:00\",\"mainEntityOfPage\":{\"@id\":\"https:\\\/\\\/www.laguiadepamplona.com\\\/actualidad\\\/la-creacion-artistica-de-16-jovenes-fotografas-africanas-aborda-la-violencia-sexo-especifica-en-africa-y-los-mecanismos-de-discriminacion-en-el-mundo-de-la-fotografia\\\/\"},\"wordCount\":934,\"commentCount\":0,\"publisher\":{\"@id\":\"https:\\\/\\\/www.laguiadepamplona.com\\\/actualidad\\\/#organization\"},\"image\":{\"@id\":\"https:\\\/\\\/www.laguiadepamplona.com\\\/actualidad\\\/la-creacion-artistica-de-16-jovenes-fotografas-africanas-aborda-la-violencia-sexo-especifica-en-africa-y-los-mecanismos-de-discriminacion-en-el-mundo-de-la-fotografia\\\/#primaryimage\"},\"thumbnailUrl\":\"https:\\\/\\\/www.laguiadepamplona.com\\\/actualidad\\\/wp-content\\\/uploads\\\/2022\\\/11\\\/expo-jovenes-fotografas-africanas.jpg\",\"articleSection\":[\"Ayto Pamplona\"],\"inLanguage\":\"es\",\"potentialAction\":[{\"@type\":\"CommentAction\",\"name\":\"Comment\",\"target\":[\"https:\\\/\\\/www.laguiadepamplona.com\\\/actualidad\\\/la-creacion-artistica-de-16-jovenes-fotografas-africanas-aborda-la-violencia-sexo-especifica-en-africa-y-los-mecanismos-de-discriminacion-en-el-mundo-de-la-fotografia\\\/#respond\"]}]},{\"@type\":\"WebPage\",\"@id\":\"https:\\\/\\\/www.laguiadepamplona.com\\\/actualidad\\\/la-creacion-artistica-de-16-jovenes-fotografas-africanas-aborda-la-violencia-sexo-especifica-en-africa-y-los-mecanismos-de-discriminacion-en-el-mundo-de-la-fotografia\\\/\",\"url\":\"https:\\\/\\\/www.laguiadepamplona.com\\\/actualidad\\\/la-creacion-artistica-de-16-jovenes-fotografas-africanas-aborda-la-violencia-sexo-especifica-en-africa-y-los-mecanismos-de-discriminacion-en-el-mundo-de-la-fotografia\\\/\",\"name\":\"La creaci\u00f3n art\u00edstica de 16 j\u00f3venes fot\u00f3grafas africanas aborda la violencia sexo-espec\u00edfica en \u00c1frica y los mecanismos de discriminaci\u00f3n en el mundo de la fotograf\u00eda\",\"isPartOf\":{\"@id\":\"https:\\\/\\\/www.laguiadepamplona.com\\\/actualidad\\\/#website\"},\"primaryImageOfPage\":{\"@id\":\"https:\\\/\\\/www.laguiadepamplona.com\\\/actualidad\\\/la-creacion-artistica-de-16-jovenes-fotografas-africanas-aborda-la-violencia-sexo-especifica-en-africa-y-los-mecanismos-de-discriminacion-en-el-mundo-de-la-fotografia\\\/#primaryimage\"},\"image\":{\"@id\":\"https:\\\/\\\/www.laguiadepamplona.com\\\/actualidad\\\/la-creacion-artistica-de-16-jovenes-fotografas-africanas-aborda-la-violencia-sexo-especifica-en-africa-y-los-mecanismos-de-discriminacion-en-el-mundo-de-la-fotografia\\\/#primaryimage\"},\"thumbnailUrl\":\"https:\\\/\\\/www.laguiadepamplona.com\\\/actualidad\\\/wp-content\\\/uploads\\\/2022\\\/11\\\/expo-jovenes-fotografas-africanas.jpg\",\"datePublished\":\"2022-11-03T16:57:42+00:00\",\"dateModified\":\"2023-04-11T09:47:38+00:00\",\"description\":\"\u2018El grito interior\u2019 muestra, a trav\u00e9s de 66 fotograf\u00edas, las desigualdades de poder en el seno de las familias, las comunidades o los estados\",\"breadcrumb\":{\"@id\":\"https:\\\/\\\/www.laguiadepamplona.com\\\/actualidad\\\/la-creacion-artistica-de-16-jovenes-fotografas-africanas-aborda-la-violencia-sexo-especifica-en-africa-y-los-mecanismos-de-discriminacion-en-el-mundo-de-la-fotografia\\\/#breadcrumb\"},\"inLanguage\":\"es\",\"potentialAction\":[{\"@type\":\"ReadAction\",\"target\":[\"https:\\\/\\\/www.laguiadepamplona.com\\\/actualidad\\\/la-creacion-artistica-de-16-jovenes-fotografas-africanas-aborda-la-violencia-sexo-especifica-en-africa-y-los-mecanismos-de-discriminacion-en-el-mundo-de-la-fotografia\\\/\"]}]},{\"@type\":\"ImageObject\",\"inLanguage\":\"es\",\"@id\":\"https:\\\/\\\/www.laguiadepamplona.com\\\/actualidad\\\/la-creacion-artistica-de-16-jovenes-fotografas-africanas-aborda-la-violencia-sexo-especifica-en-africa-y-los-mecanismos-de-discriminacion-en-el-mundo-de-la-fotografia\\\/#primaryimage\",\"url\":\"https:\\\/\\\/www.laguiadepamplona.com\\\/actualidad\\\/wp-content\\\/uploads\\\/2022\\\/11\\\/expo-jovenes-fotografas-africanas.jpg\",\"contentUrl\":\"https:\\\/\\\/www.laguiadepamplona.com\\\/actualidad\\\/wp-content\\\/uploads\\\/2022\\\/11\\\/expo-jovenes-fotografas-africanas.jpg\",\"width\":1132,\"height\":851},{\"@type\":\"BreadcrumbList\",\"@id\":\"https:\\\/\\\/www.laguiadepamplona.com\\\/actualidad\\\/la-creacion-artistica-de-16-jovenes-fotografas-africanas-aborda-la-violencia-sexo-especifica-en-africa-y-los-mecanismos-de-discriminacion-en-el-mundo-de-la-fotografia\\\/#breadcrumb\",\"itemListElement\":[{\"@type\":\"ListItem\",\"position\":1,\"name\":\"Portada\",\"item\":\"https:\\\/\\\/www.laguiadepamplona.com\\\/actualidad\\\/\"},{\"@type\":\"ListItem\",\"position\":2,\"name\":\"La creaci\u00f3n art\u00edstica de 16 j\u00f3venes fot\u00f3grafas africanas aborda la violencia sexo-espec\u00edfica en \u00c1frica y los mecanismos de discriminaci\u00f3n en el mundo de la fotograf\u00eda\"}]},{\"@type\":\"WebSite\",\"@id\":\"https:\\\/\\\/www.laguiadepamplona.com\\\/actualidad\\\/#website\",\"url\":\"https:\\\/\\\/www.laguiadepamplona.com\\\/actualidad\\\/\",\"name\":\"La gu\u00eda de Pamplona\",\"description\":\"Noticias de Pamplona\",\"publisher\":{\"@id\":\"https:\\\/\\\/www.laguiadepamplona.com\\\/actualidad\\\/#organization\"},\"potentialAction\":[{\"@type\":\"SearchAction\",\"target\":{\"@type\":\"EntryPoint\",\"urlTemplate\":\"https:\\\/\\\/www.laguiadepamplona.com\\\/actualidad\\\/?s={search_term_string}\"},\"query-input\":{\"@type\":\"PropertyValueSpecification\",\"valueRequired\":true,\"valueName\":\"search_term_string\"}}],\"inLanguage\":\"es\"},{\"@type\":\"Organization\",\"@id\":\"https:\\\/\\\/www.laguiadepamplona.com\\\/actualidad\\\/#organization\",\"name\":\"La Gu\u00eda de Pamplona \\\/ Noticias\",\"url\":\"https:\\\/\\\/www.laguiadepamplona.com\\\/actualidad\\\/\",\"logo\":{\"@type\":\"ImageObject\",\"inLanguage\":\"es\",\"@id\":\"https:\\\/\\\/www.laguiadepamplona.com\\\/actualidad\\\/#\\\/schema\\\/logo\\\/image\\\/\",\"url\":\"https:\\\/\\\/www.laguiadepamplona.com\\\/actualidad\\\/wp-content\\\/uploads\\\/2018\\\/11\\\/logo-laguiadepamplona18-web1.png\",\"contentUrl\":\"https:\\\/\\\/www.laguiadepamplona.com\\\/actualidad\\\/wp-content\\\/uploads\\\/2018\\\/11\\\/logo-laguiadepamplona18-web1.png\",\"width\":600,\"height\":196,\"caption\":\"La Gu\u00eda de Pamplona \\\/ Noticias\"},\"image\":{\"@id\":\"https:\\\/\\\/www.laguiadepamplona.com\\\/actualidad\\\/#\\\/schema\\\/logo\\\/image\\\/\"},\"sameAs\":[\"https:\\\/\\\/www.facebook.com\\\/laguiadepamplonacom-133175176762273\\\/?ref=hl\",\"https:\\\/\\\/x.com\\\/LaGuiadPamplona\",\"https:\\\/\\\/www.instagram.com\\\/la_guia_de_pamplona\\\/\",\"https:\\\/\\\/www.youtube.com\\\/user\\\/laguiadepamplona\"]},{\"@type\":\"Person\",\"@id\":\"https:\\\/\\\/www.laguiadepamplona.com\\\/actualidad\\\/#\\\/schema\\\/person\\\/efe887376f0213d4657c93adc50b1fdb\",\"name\":\"La Gu\u00eda de Pamplona\",\"image\":{\"@type\":\"ImageObject\",\"inLanguage\":\"es\",\"@id\":\"https:\\\/\\\/secure.gravatar.com\\\/avatar\\\/b6992f131dc8d30ab0dff15446e9d346d9dbd95992de0fef795073f5ea83a81c?s=96&d=mm&r=g\",\"url\":\"https:\\\/\\\/secure.gravatar.com\\\/avatar\\\/b6992f131dc8d30ab0dff15446e9d346d9dbd95992de0fef795073f5ea83a81c?s=96&d=mm&r=g\",\"contentUrl\":\"https:\\\/\\\/secure.gravatar.com\\\/avatar\\\/b6992f131dc8d30ab0dff15446e9d346d9dbd95992de0fef795073f5ea83a81c?s=96&d=mm&r=g\",\"caption\":\"La Gu\u00eda de Pamplona\"}}]}<\/script>\n<!-- \/ Yoast SEO plugin. -->","yoast_head_json":{"title":"La creaci\u00f3n art\u00edstica de 16 j\u00f3venes fot\u00f3grafas africanas aborda la violencia sexo-espec\u00edfica en \u00c1frica y los mecanismos de discriminaci\u00f3n en el mundo de la fotograf\u00eda","description":"\u2018El grito interior\u2019 muestra, a trav\u00e9s de 66 fotograf\u00edas, las desigualdades de poder en el seno de las familias, las comunidades o los estados","robots":{"index":"index","follow":"follow","max-snippet":"max-snippet:-1","max-image-preview":"max-image-preview:large","max-video-preview":"max-video-preview:-1"},"canonical":"https:\/\/www.laguiadepamplona.com\/actualidad\/la-creacion-artistica-de-16-jovenes-fotografas-africanas-aborda-la-violencia-sexo-especifica-en-africa-y-los-mecanismos-de-discriminacion-en-el-mundo-de-la-fotografia\/","og_locale":"es_ES","og_type":"article","og_title":"La creaci\u00f3n art\u00edstica de 16 j\u00f3venes fot\u00f3grafas africanas aborda la violencia sexo-espec\u00edfica en \u00c1frica y los mecanismos de discriminaci\u00f3n en el mundo de la fotograf\u00eda","og_description":"\u2018El grito interior\u2019 muestra, a trav\u00e9s de 66 fotograf\u00edas, las desigualdades de poder en el seno de las familias, las comunidades o los estados","og_url":"https:\/\/www.laguiadepamplona.com\/actualidad\/la-creacion-artistica-de-16-jovenes-fotografas-africanas-aborda-la-violencia-sexo-especifica-en-africa-y-los-mecanismos-de-discriminacion-en-el-mundo-de-la-fotografia\/","og_site_name":"La Gu\u00eda de Pamplona","article_publisher":"https:\/\/www.facebook.com\/laguiadepamplonacom-133175176762273\/?ref=hl","article_published_time":"2022-11-03T16:57:42+00:00","article_modified_time":"2023-04-11T09:47:38+00:00","og_image":[{"width":1132,"height":851,"url":"https:\/\/www.laguiadepamplona.com\/actualidad\/wp-content\/uploads\/2022\/11\/expo-jovenes-fotografas-africanas.jpg","type":"image\/jpeg"}],"author":"La Gu\u00eda de Pamplona","twitter_card":"summary_large_image","twitter_creator":"@LaGuiadPamplona","twitter_site":"@LaGuiadPamplona","twitter_misc":{"Escrito por":"La Gu\u00eda de Pamplona","Tiempo de lectura":"4 minutos"},"schema":{"@context":"https:\/\/schema.org","@graph":[{"@type":"Article","@id":"https:\/\/www.laguiadepamplona.com\/actualidad\/la-creacion-artistica-de-16-jovenes-fotografas-africanas-aborda-la-violencia-sexo-especifica-en-africa-y-los-mecanismos-de-discriminacion-en-el-mundo-de-la-fotografia\/#article","isPartOf":{"@id":"https:\/\/www.laguiadepamplona.com\/actualidad\/la-creacion-artistica-de-16-jovenes-fotografas-africanas-aborda-la-violencia-sexo-especifica-en-africa-y-los-mecanismos-de-discriminacion-en-el-mundo-de-la-fotografia\/"},"author":{"name":"La Gu\u00eda de Pamplona","@id":"https:\/\/www.laguiadepamplona.com\/actualidad\/#\/schema\/person\/efe887376f0213d4657c93adc50b1fdb"},"headline":"La creaci\u00f3n art\u00edstica de 16 j\u00f3venes fot\u00f3grafas africanas aborda la violencia sexo-espec\u00edfica en \u00c1frica y los mecanismos de discriminaci\u00f3n en el mundo de la fotograf\u00eda","datePublished":"2022-11-03T16:57:42+00:00","dateModified":"2023-04-11T09:47:38+00:00","mainEntityOfPage":{"@id":"https:\/\/www.laguiadepamplona.com\/actualidad\/la-creacion-artistica-de-16-jovenes-fotografas-africanas-aborda-la-violencia-sexo-especifica-en-africa-y-los-mecanismos-de-discriminacion-en-el-mundo-de-la-fotografia\/"},"wordCount":934,"commentCount":0,"publisher":{"@id":"https:\/\/www.laguiadepamplona.com\/actualidad\/#organization"},"image":{"@id":"https:\/\/www.laguiadepamplona.com\/actualidad\/la-creacion-artistica-de-16-jovenes-fotografas-africanas-aborda-la-violencia-sexo-especifica-en-africa-y-los-mecanismos-de-discriminacion-en-el-mundo-de-la-fotografia\/#primaryimage"},"thumbnailUrl":"https:\/\/www.laguiadepamplona.com\/actualidad\/wp-content\/uploads\/2022\/11\/expo-jovenes-fotografas-africanas.jpg","articleSection":["Ayto Pamplona"],"inLanguage":"es","potentialAction":[{"@type":"CommentAction","name":"Comment","target":["https:\/\/www.laguiadepamplona.com\/actualidad\/la-creacion-artistica-de-16-jovenes-fotografas-africanas-aborda-la-violencia-sexo-especifica-en-africa-y-los-mecanismos-de-discriminacion-en-el-mundo-de-la-fotografia\/#respond"]}]},{"@type":"WebPage","@id":"https:\/\/www.laguiadepamplona.com\/actualidad\/la-creacion-artistica-de-16-jovenes-fotografas-africanas-aborda-la-violencia-sexo-especifica-en-africa-y-los-mecanismos-de-discriminacion-en-el-mundo-de-la-fotografia\/","url":"https:\/\/www.laguiadepamplona.com\/actualidad\/la-creacion-artistica-de-16-jovenes-fotografas-africanas-aborda-la-violencia-sexo-especifica-en-africa-y-los-mecanismos-de-discriminacion-en-el-mundo-de-la-fotografia\/","name":"La creaci\u00f3n art\u00edstica de 16 j\u00f3venes fot\u00f3grafas africanas aborda la violencia sexo-espec\u00edfica en \u00c1frica y los mecanismos de discriminaci\u00f3n en el mundo de la fotograf\u00eda","isPartOf":{"@id":"https:\/\/www.laguiadepamplona.com\/actualidad\/#website"},"primaryImageOfPage":{"@id":"https:\/\/www.laguiadepamplona.com\/actualidad\/la-creacion-artistica-de-16-jovenes-fotografas-africanas-aborda-la-violencia-sexo-especifica-en-africa-y-los-mecanismos-de-discriminacion-en-el-mundo-de-la-fotografia\/#primaryimage"},"image":{"@id":"https:\/\/www.laguiadepamplona.com\/actualidad\/la-creacion-artistica-de-16-jovenes-fotografas-africanas-aborda-la-violencia-sexo-especifica-en-africa-y-los-mecanismos-de-discriminacion-en-el-mundo-de-la-fotografia\/#primaryimage"},"thumbnailUrl":"https:\/\/www.laguiadepamplona.com\/actualidad\/wp-content\/uploads\/2022\/11\/expo-jovenes-fotografas-africanas.jpg","datePublished":"2022-11-03T16:57:42+00:00","dateModified":"2023-04-11T09:47:38+00:00","description":"\u2018El grito interior\u2019 muestra, a trav\u00e9s de 66 fotograf\u00edas, las desigualdades de poder en el seno de las familias, las comunidades o los estados","breadcrumb":{"@id":"https:\/\/www.laguiadepamplona.com\/actualidad\/la-creacion-artistica-de-16-jovenes-fotografas-africanas-aborda-la-violencia-sexo-especifica-en-africa-y-los-mecanismos-de-discriminacion-en-el-mundo-de-la-fotografia\/#breadcrumb"},"inLanguage":"es","potentialAction":[{"@type":"ReadAction","target":["https:\/\/www.laguiadepamplona.com\/actualidad\/la-creacion-artistica-de-16-jovenes-fotografas-africanas-aborda-la-violencia-sexo-especifica-en-africa-y-los-mecanismos-de-discriminacion-en-el-mundo-de-la-fotografia\/"]}]},{"@type":"ImageObject","inLanguage":"es","@id":"https:\/\/www.laguiadepamplona.com\/actualidad\/la-creacion-artistica-de-16-jovenes-fotografas-africanas-aborda-la-violencia-sexo-especifica-en-africa-y-los-mecanismos-de-discriminacion-en-el-mundo-de-la-fotografia\/#primaryimage","url":"https:\/\/www.laguiadepamplona.com\/actualidad\/wp-content\/uploads\/2022\/11\/expo-jovenes-fotografas-africanas.jpg","contentUrl":"https:\/\/www.laguiadepamplona.com\/actualidad\/wp-content\/uploads\/2022\/11\/expo-jovenes-fotografas-africanas.jpg","width":1132,"height":851},{"@type":"BreadcrumbList","@id":"https:\/\/www.laguiadepamplona.com\/actualidad\/la-creacion-artistica-de-16-jovenes-fotografas-africanas-aborda-la-violencia-sexo-especifica-en-africa-y-los-mecanismos-de-discriminacion-en-el-mundo-de-la-fotografia\/#breadcrumb","itemListElement":[{"@type":"ListItem","position":1,"name":"Portada","item":"https:\/\/www.laguiadepamplona.com\/actualidad\/"},{"@type":"ListItem","position":2,"name":"La creaci\u00f3n art\u00edstica de 16 j\u00f3venes fot\u00f3grafas africanas aborda la violencia sexo-espec\u00edfica en \u00c1frica y los mecanismos de discriminaci\u00f3n en el mundo de la fotograf\u00eda"}]},{"@type":"WebSite","@id":"https:\/\/www.laguiadepamplona.com\/actualidad\/#website","url":"https:\/\/www.laguiadepamplona.com\/actualidad\/","name":"La gu\u00eda de Pamplona","description":"Noticias de Pamplona","publisher":{"@id":"https:\/\/www.laguiadepamplona.com\/actualidad\/#organization"},"potentialAction":[{"@type":"SearchAction","target":{"@type":"EntryPoint","urlTemplate":"https:\/\/www.laguiadepamplona.com\/actualidad\/?s={search_term_string}"},"query-input":{"@type":"PropertyValueSpecification","valueRequired":true,"valueName":"search_term_string"}}],"inLanguage":"es"},{"@type":"Organization","@id":"https:\/\/www.laguiadepamplona.com\/actualidad\/#organization","name":"La Gu\u00eda de Pamplona \/ Noticias","url":"https:\/\/www.laguiadepamplona.com\/actualidad\/","logo":{"@type":"ImageObject","inLanguage":"es","@id":"https:\/\/www.laguiadepamplona.com\/actualidad\/#\/schema\/logo\/image\/","url":"https:\/\/www.laguiadepamplona.com\/actualidad\/wp-content\/uploads\/2018\/11\/logo-laguiadepamplona18-web1.png","contentUrl":"https:\/\/www.laguiadepamplona.com\/actualidad\/wp-content\/uploads\/2018\/11\/logo-laguiadepamplona18-web1.png","width":600,"height":196,"caption":"La Gu\u00eda de Pamplona \/ Noticias"},"image":{"@id":"https:\/\/www.laguiadepamplona.com\/actualidad\/#\/schema\/logo\/image\/"},"sameAs":["https:\/\/www.facebook.com\/laguiadepamplonacom-133175176762273\/?ref=hl","https:\/\/x.com\/LaGuiadPamplona","https:\/\/www.instagram.com\/la_guia_de_pamplona\/","https:\/\/www.youtube.com\/user\/laguiadepamplona"]},{"@type":"Person","@id":"https:\/\/www.laguiadepamplona.com\/actualidad\/#\/schema\/person\/efe887376f0213d4657c93adc50b1fdb","name":"La Gu\u00eda de Pamplona","image":{"@type":"ImageObject","inLanguage":"es","@id":"https:\/\/secure.gravatar.com\/avatar\/b6992f131dc8d30ab0dff15446e9d346d9dbd95992de0fef795073f5ea83a81c?s=96&d=mm&r=g","url":"https:\/\/secure.gravatar.com\/avatar\/b6992f131dc8d30ab0dff15446e9d346d9dbd95992de0fef795073f5ea83a81c?s=96&d=mm&r=g","contentUrl":"https:\/\/secure.gravatar.com\/avatar\/b6992f131dc8d30ab0dff15446e9d346d9dbd95992de0fef795073f5ea83a81c?s=96&d=mm&r=g","caption":"La Gu\u00eda de Pamplona"}}]}},"post_mailing_queue_ids":[],"_links":{"self":[{"href":"https:\/\/www.laguiadepamplona.com\/actualidad\/wp-json\/wp\/v2\/posts\/42092","targetHints":{"allow":["GET"]}}],"collection":[{"href":"https:\/\/www.laguiadepamplona.com\/actualidad\/wp-json\/wp\/v2\/posts"}],"about":[{"href":"https:\/\/www.laguiadepamplona.com\/actualidad\/wp-json\/wp\/v2\/types\/post"}],"author":[{"embeddable":true,"href":"https:\/\/www.laguiadepamplona.com\/actualidad\/wp-json\/wp\/v2\/users\/1"}],"replies":[{"embeddable":true,"href":"https:\/\/www.laguiadepamplona.com\/actualidad\/wp-json\/wp\/v2\/comments?post=42092"}],"version-history":[{"count":0,"href":"https:\/\/www.laguiadepamplona.com\/actualidad\/wp-json\/wp\/v2\/posts\/42092\/revisions"}],"wp:featuredmedia":[{"embeddable":true,"href":"https:\/\/www.laguiadepamplona.com\/actualidad\/wp-json\/wp\/v2\/media\/42093"}],"wp:attachment":[{"href":"https:\/\/www.laguiadepamplona.com\/actualidad\/wp-json\/wp\/v2\/media?parent=42092"}],"wp:term":[{"taxonomy":"category","embeddable":true,"href":"https:\/\/www.laguiadepamplona.com\/actualidad\/wp-json\/wp\/v2\/categories?post=42092"},{"taxonomy":"post_tag","embeddable":true,"href":"https:\/\/www.laguiadepamplona.com\/actualidad\/wp-json\/wp\/v2\/tags?post=42092"}],"curies":[{"name":"wp","href":"https:\/\/api.w.org\/{rel}","templated":true}]}}