{"id":42086,"date":"2022-11-03T14:21:32","date_gmt":"2022-11-03T12:21:32","guid":{"rendered":"https:\/\/www.laguiadepamplona.com\/actualidad\/?p=42086"},"modified":"2023-04-11T11:47:38","modified_gmt":"2023-04-11T09:47:38","slug":"la-pamplonesa-ofrece-cuatro-conciertos-en-noviembre-y-diciembre-dentro-de-su-programacion-anual-en-la-que-recuperan-las-colaboraciones-de-caracter-pedagogico","status":"publish","type":"post","link":"https:\/\/www.laguiadepamplona.com\/actualidad\/la-pamplonesa-ofrece-cuatro-conciertos-en-noviembre-y-diciembre-dentro-de-su-programacion-anual-en-la-que-recuperan-las-colaboraciones-de-caracter-pedagogico\/","title":{"rendered":"La Pamplonesa ofrece cuatro conciertos en noviembre y diciembre dentro de su programaci\u00f3n anual, en la que recuperan las colaboraciones de car\u00e1cter pedag\u00f3gico"},"content":{"rendered":"<h5>Las entradas, ya a la venta, est\u00e1n disponibles en la taquilla y la web del Teatro Gayarre<\/h5>\n<p><!--more--><\/p>\n<p>La Banda de M\u00fasica La Pamplonesa ha programado para estos \u00faltimos meses del a\u00f1o cuatro conciertos dentro del primer ciclo de su propuesta anual en el Teatro Gayarre. La propuesta musical, que comenzar\u00e1 este domingo, incluye colaboraciones con el Conservatorio Superior de M\u00fasica de Navarra, con la Escuela de Danza del Gobierno de Navarra y con el director Iker S\u00e1nchez Silva. La concejala delegada de Cultura e Igualdad del Ayuntamiento de Pamplona, Mar\u00eda Garc\u00eda-Barbarena; el director de La Pamplonesa, J. Vicent Egea; el coordinador de la banda de m\u00fasica, Luis Mar\u00eda Remesar, han presentado esta ma\u00f1ana en rueda de prensa los entresijos de esta programaci\u00f3n, cuyas entradas est\u00e1n ya disponibles en la taquilla y la web del Teatro Gayarre. En el acto de presentaci\u00f3n tambi\u00e9n han participado la profesora del Aula de Canto del Conservatorio Superior de Navarra, Carmen Arbizu L\u00f3pez, y la directora de la Escuela de Danza de Navarra, Ainara Aramendia Elizalde.<br \/>\n<script async src=\"\/\/pagead2.googlesyndication.com\/pagead\/js\/adsbygoogle.js\"><\/script><br \/>\n<!-- Noticias La Guia de Pamplona --><br \/>\n<ins class=\"adsbygoogle\"\nstyle=\"display:block\"\ndata-ad-client=\"ca-pub-6943679897239327\"\ndata-ad-slot=\"7048180777\"\ndata-ad-format=\"auto\"><\/ins><br \/>\n<script>\n(adsbygoogle = window.adsbygoogle || []).push({});\n<\/script><\/p>\n<p>De hecho, la propuesta \u2018Relatos Cercanos\u2019, lanzada por La Pamplonesa para noviembre y diciembre, recupera las colaboraciones con car\u00e1cter pedag\u00f3gico, que ya se realizaron en ediciones anteriores, creando as\u00ed sinergias entre las nuevas generaciones y los m\u00fasicos ya consolidados. Adem\u00e1s, en esta ocasi\u00f3n cuenta con la presencia del director de orquesta Iker S\u00e1nchez Silva, que abrir\u00e1 el ciclo este mismo domingo, d\u00eda 6 de noviembre, dirigiendo a La Pamplonesa en un repertorio de m\u00fasica original para banda. El concierto, que lleva por t\u00edtulo \u2018El rumor de la aurora\u2019, tendr\u00e1 lugar a las 12 del mediod\u00eda, y tendr\u00e1 una duraci\u00f3n aproximada de 80 minutos. Ser\u00e1 la oportunidad de ver juntos a los m\u00fasicos de La Pamplonesa y este director, que debut\u00f3 en 2007 dirigiendo la Orquesta Sinf\u00f3nica de Euskadi.<\/p>\n<p>En estos quince a\u00f1os, S\u00e1nchez Silva ha sido invitado a dirigir algunas de las mejores orquestas de Espa\u00f1a, como la Orquesta Sinf\u00f3nica de Tenerife, de Barcelona, del Principado de Asturias, de Bilbao y la Oviedo Filarmon\u00eda. Pero tambi\u00e9n ha dirigido orquestas sinf\u00f3nicas en Portugal, Francia, Alemania, Montenegro, Venezuela y Colombia. Ahora acude como director invitado con La Pamplonesa en este concierto matinal que invita a la reflexi\u00f3n sobre los nombres de mujer inspirados en la naturaleza.<br \/>\n<script async src=\"\/\/pagead2.googlesyndication.com\/pagead\/js\/adsbygoogle.js\"><\/script><br \/>\n<!-- Noticias La Guia de Pamplona --><br \/>\n<ins class=\"adsbygoogle\"\nstyle=\"display:block\"\ndata-ad-client=\"ca-pub-6943679897239327\"\ndata-ad-slot=\"7048180777\"\ndata-ad-format=\"auto\"><\/ins><br \/>\n<script>\n(adsbygoogle = window.adsbygoogle || []).push({});\n<\/script><\/p>\n<p><strong>Danza, canto y m\u00fasica<\/strong><\/p>\n<p>Dentro de las colaboraciones pedag\u00f3gicas, La Pamplonesa ofrecer\u00e1 dos conciertos con el aula de canto del Conservatorio Superior de M\u00fasica de Navarra. Juntos interpretar\u00e1n la zarzuela \u2018La del manojo de rosas\u2019, dirigida por J. Vicent Egea. Compuesta por Pablo Soroz\u00e1bal, a quien La Pamplonesa homenaje\u00f3 en el mes de abril al cumplirse este a\u00f1o el 125 aniversario de su nacimiento, \u2018La del manojo de rosas\u2019 es una historia de amor contada a trav\u00e9s de ritmos como el pasodoble, la mazurca, el chotis, el foxtrot o la farruca. Los conciertos tendr\u00e1n lugar los d\u00edas 28 y 29 de noviembre, coincidiendo con la festividad de San Saturnino. El primer d\u00eda, el concierto ser\u00e1 a las ocho de la tarde y el segundo, a las siete.<\/p>\n<p>El programa se cerrar\u00e1 con el tradicional Concierto de Navidad de La Pamplonesa, que en esta ocasi\u00f3n contar\u00e1 con la colaboraci\u00f3n especial de la Escuela de Danza del Gobierno de Navarra. La cita ser\u00e1 el domingo 18 de diciembre en horario matinal, a las 12 del mediod\u00eda. J. Vicent Egea volver\u00e1 a dirigir este concierto que combinar\u00e1 danza y m\u00fasica, dos especialidades con las que el p\u00fablico podr\u00e1 disfrutar de 70 minutos de ritmo, armon\u00eda y movimiento sobre el escenario. El concierto \u2018Danza Navide\u00f1a\u2019 incluir\u00e1 una gran selecci\u00f3n de piezas variadas del repertorio cl\u00e1sico de danza, en el que disfrutar de la profesionalidad y el buen hacer de las j\u00f3venes promesas de la danza en Navarra.<br \/>\n<script async src=\"\/\/pagead2.googlesyndication.com\/pagead\/js\/adsbygoogle.js\"><\/script><br \/>\n<!-- Noticias La Guia de Pamplona --><br \/>\n<ins class=\"adsbygoogle\"\nstyle=\"display:block\"\ndata-ad-client=\"ca-pub-6943679897239327\"\ndata-ad-slot=\"7048180777\"\ndata-ad-format=\"auto\"><\/ins><br \/>\n<script>\n(adsbygoogle = window.adsbygoogle || []).push({});\n<\/script><\/p>\n<p>&nbsp;<\/p>\n<h3>Calendario de Conciertos<\/h3>\n<ul>\n<li>6 de noviembre. Domingo. 12 horas. Entrada: 4 euros\n<ul>\n<li>\u2018El rumor de la aurora\u2019<\/li>\n<\/ul>\n<\/li>\n<li>28 de noviembre. Lunes. 20 horas. Entrada: 10 euros\n<ul>\n<li>\u2018La del manojo de rosas\u2019<\/li>\n<\/ul>\n<\/li>\n<li>29 de noviembre. Martes. 19 horas. Entrada: 10 euros\n<ul>\n<li>\u2018La del manojo de rosas\u2019<\/li>\n<\/ul>\n<\/li>\n<li>18 de diciembre. Domingo. 12 horas. Entrada: 10 euros\n<ul>\n<li>\u2018Danza navide\u00f1a\u2019<\/li>\n<\/ul>\n<\/li>\n<\/ul>\n","protected":false},"excerpt":{"rendered":"<p>Las entradas, ya a la venta, est\u00e1n disponibles en la taquilla y la web del Teatro Gayarre<\/p>\n","protected":false},"author":1,"featured_media":42087,"comment_status":"open","ping_status":"closed","sticky":false,"template":"","format":"standard","meta":{"footnotes":""},"categories":[2],"tags":[],"class_list":["post-42086","post","type-post","status-publish","format-standard","has-post-thumbnail","hentry","category-ayuntamiento-pamplona"],"yoast_head":"<!-- This site is optimized with the Yoast SEO plugin v27.3 - https:\/\/yoast.com\/product\/yoast-seo-wordpress\/ -->\n<title>La Pamplonesa ofrece cuatro conciertos en noviembre y diciembre dentro de su programaci\u00f3n anual, en la que recuperan las colaboraciones de car\u00e1cter pedag\u00f3gico<\/title>\n<meta name=\"description\" content=\"Las entradas, ya a la venta, est\u00e1n disponibles en la taquilla y la web del Teatro Gayarre\" \/>\n<meta name=\"robots\" content=\"index, follow, max-snippet:-1, max-image-preview:large, max-video-preview:-1\" \/>\n<link rel=\"canonical\" href=\"https:\/\/www.laguiadepamplona.com\/actualidad\/la-pamplonesa-ofrece-cuatro-conciertos-en-noviembre-y-diciembre-dentro-de-su-programacion-anual-en-la-que-recuperan-las-colaboraciones-de-caracter-pedagogico\/\" \/>\n<meta property=\"og:locale\" content=\"es_ES\" \/>\n<meta property=\"og:type\" content=\"article\" \/>\n<meta property=\"og:title\" content=\"La Pamplonesa ofrece cuatro conciertos en noviembre y diciembre dentro de su programaci\u00f3n anual, en la que recuperan las colaboraciones de car\u00e1cter pedag\u00f3gico\" \/>\n<meta property=\"og:description\" content=\"Las entradas, ya a la venta, est\u00e1n disponibles en la taquilla y la web del Teatro Gayarre\" \/>\n<meta property=\"og:url\" content=\"https:\/\/www.laguiadepamplona.com\/actualidad\/la-pamplonesa-ofrece-cuatro-conciertos-en-noviembre-y-diciembre-dentro-de-su-programacion-anual-en-la-que-recuperan-las-colaboraciones-de-caracter-pedagogico\/\" \/>\n<meta property=\"og:site_name\" content=\"La Gu\u00eda de Pamplona\" \/>\n<meta property=\"article:publisher\" content=\"https:\/\/www.facebook.com\/laguiadepamplonacom-133175176762273\/?ref=hl\" \/>\n<meta property=\"article:published_time\" content=\"2022-11-03T12:21:32+00:00\" \/>\n<meta property=\"article:modified_time\" content=\"2023-04-11T09:47:38+00:00\" \/>\n<meta property=\"og:image\" content=\"https:\/\/www.laguiadepamplona.com\/actualidad\/wp-content\/uploads\/2022\/11\/gayarre-pamplonesa.webp\" \/>\n\t<meta property=\"og:image:width\" content=\"1920\" \/>\n\t<meta property=\"og:image:height\" content=\"1396\" \/>\n\t<meta property=\"og:image:type\" content=\"image\/webp\" \/>\n<meta name=\"author\" content=\"La Gu\u00eda de Pamplona\" \/>\n<meta name=\"twitter:card\" content=\"summary_large_image\" \/>\n<meta name=\"twitter:creator\" content=\"@LaGuiadPamplona\" \/>\n<meta name=\"twitter:site\" content=\"@LaGuiadPamplona\" \/>\n<meta name=\"twitter:label1\" content=\"Escrito por\" \/>\n\t<meta name=\"twitter:data1\" content=\"La Gu\u00eda de Pamplona\" \/>\n\t<meta name=\"twitter:label2\" content=\"Tiempo de lectura\" \/>\n\t<meta name=\"twitter:data2\" content=\"4 minutos\" \/>\n<script type=\"application\/ld+json\" class=\"yoast-schema-graph\">{\"@context\":\"https:\\\/\\\/schema.org\",\"@graph\":[{\"@type\":\"Article\",\"@id\":\"https:\\\/\\\/www.laguiadepamplona.com\\\/actualidad\\\/la-pamplonesa-ofrece-cuatro-conciertos-en-noviembre-y-diciembre-dentro-de-su-programacion-anual-en-la-que-recuperan-las-colaboraciones-de-caracter-pedagogico\\\/#article\",\"isPartOf\":{\"@id\":\"https:\\\/\\\/www.laguiadepamplona.com\\\/actualidad\\\/la-pamplonesa-ofrece-cuatro-conciertos-en-noviembre-y-diciembre-dentro-de-su-programacion-anual-en-la-que-recuperan-las-colaboraciones-de-caracter-pedagogico\\\/\"},\"author\":{\"name\":\"La Gu\u00eda de Pamplona\",\"@id\":\"https:\\\/\\\/www.laguiadepamplona.com\\\/actualidad\\\/#\\\/schema\\\/person\\\/efe887376f0213d4657c93adc50b1fdb\"},\"headline\":\"La Pamplonesa ofrece cuatro conciertos en noviembre y diciembre dentro de su programaci\u00f3n anual, en la que recuperan las colaboraciones de car\u00e1cter pedag\u00f3gico\",\"datePublished\":\"2022-11-03T12:21:32+00:00\",\"dateModified\":\"2023-04-11T09:47:38+00:00\",\"mainEntityOfPage\":{\"@id\":\"https:\\\/\\\/www.laguiadepamplona.com\\\/actualidad\\\/la-pamplonesa-ofrece-cuatro-conciertos-en-noviembre-y-diciembre-dentro-de-su-programacion-anual-en-la-que-recuperan-las-colaboraciones-de-caracter-pedagogico\\\/\"},\"wordCount\":736,\"commentCount\":0,\"publisher\":{\"@id\":\"https:\\\/\\\/www.laguiadepamplona.com\\\/actualidad\\\/#organization\"},\"image\":{\"@id\":\"https:\\\/\\\/www.laguiadepamplona.com\\\/actualidad\\\/la-pamplonesa-ofrece-cuatro-conciertos-en-noviembre-y-diciembre-dentro-de-su-programacion-anual-en-la-que-recuperan-las-colaboraciones-de-caracter-pedagogico\\\/#primaryimage\"},\"thumbnailUrl\":\"https:\\\/\\\/www.laguiadepamplona.com\\\/actualidad\\\/wp-content\\\/uploads\\\/2022\\\/11\\\/gayarre-pamplonesa.webp\",\"articleSection\":[\"Ayto Pamplona\"],\"inLanguage\":\"es\",\"potentialAction\":[{\"@type\":\"CommentAction\",\"name\":\"Comment\",\"target\":[\"https:\\\/\\\/www.laguiadepamplona.com\\\/actualidad\\\/la-pamplonesa-ofrece-cuatro-conciertos-en-noviembre-y-diciembre-dentro-de-su-programacion-anual-en-la-que-recuperan-las-colaboraciones-de-caracter-pedagogico\\\/#respond\"]}]},{\"@type\":\"WebPage\",\"@id\":\"https:\\\/\\\/www.laguiadepamplona.com\\\/actualidad\\\/la-pamplonesa-ofrece-cuatro-conciertos-en-noviembre-y-diciembre-dentro-de-su-programacion-anual-en-la-que-recuperan-las-colaboraciones-de-caracter-pedagogico\\\/\",\"url\":\"https:\\\/\\\/www.laguiadepamplona.com\\\/actualidad\\\/la-pamplonesa-ofrece-cuatro-conciertos-en-noviembre-y-diciembre-dentro-de-su-programacion-anual-en-la-que-recuperan-las-colaboraciones-de-caracter-pedagogico\\\/\",\"name\":\"La Pamplonesa ofrece cuatro conciertos en noviembre y diciembre dentro de su programaci\u00f3n anual, en la que recuperan las colaboraciones de car\u00e1cter pedag\u00f3gico\",\"isPartOf\":{\"@id\":\"https:\\\/\\\/www.laguiadepamplona.com\\\/actualidad\\\/#website\"},\"primaryImageOfPage\":{\"@id\":\"https:\\\/\\\/www.laguiadepamplona.com\\\/actualidad\\\/la-pamplonesa-ofrece-cuatro-conciertos-en-noviembre-y-diciembre-dentro-de-su-programacion-anual-en-la-que-recuperan-las-colaboraciones-de-caracter-pedagogico\\\/#primaryimage\"},\"image\":{\"@id\":\"https:\\\/\\\/www.laguiadepamplona.com\\\/actualidad\\\/la-pamplonesa-ofrece-cuatro-conciertos-en-noviembre-y-diciembre-dentro-de-su-programacion-anual-en-la-que-recuperan-las-colaboraciones-de-caracter-pedagogico\\\/#primaryimage\"},\"thumbnailUrl\":\"https:\\\/\\\/www.laguiadepamplona.com\\\/actualidad\\\/wp-content\\\/uploads\\\/2022\\\/11\\\/gayarre-pamplonesa.webp\",\"datePublished\":\"2022-11-03T12:21:32+00:00\",\"dateModified\":\"2023-04-11T09:47:38+00:00\",\"description\":\"Las entradas, ya a la venta, est\u00e1n disponibles en la taquilla y la web del Teatro Gayarre\",\"breadcrumb\":{\"@id\":\"https:\\\/\\\/www.laguiadepamplona.com\\\/actualidad\\\/la-pamplonesa-ofrece-cuatro-conciertos-en-noviembre-y-diciembre-dentro-de-su-programacion-anual-en-la-que-recuperan-las-colaboraciones-de-caracter-pedagogico\\\/#breadcrumb\"},\"inLanguage\":\"es\",\"potentialAction\":[{\"@type\":\"ReadAction\",\"target\":[\"https:\\\/\\\/www.laguiadepamplona.com\\\/actualidad\\\/la-pamplonesa-ofrece-cuatro-conciertos-en-noviembre-y-diciembre-dentro-de-su-programacion-anual-en-la-que-recuperan-las-colaboraciones-de-caracter-pedagogico\\\/\"]}]},{\"@type\":\"ImageObject\",\"inLanguage\":\"es\",\"@id\":\"https:\\\/\\\/www.laguiadepamplona.com\\\/actualidad\\\/la-pamplonesa-ofrece-cuatro-conciertos-en-noviembre-y-diciembre-dentro-de-su-programacion-anual-en-la-que-recuperan-las-colaboraciones-de-caracter-pedagogico\\\/#primaryimage\",\"url\":\"https:\\\/\\\/www.laguiadepamplona.com\\\/actualidad\\\/wp-content\\\/uploads\\\/2022\\\/11\\\/gayarre-pamplonesa.webp\",\"contentUrl\":\"https:\\\/\\\/www.laguiadepamplona.com\\\/actualidad\\\/wp-content\\\/uploads\\\/2022\\\/11\\\/gayarre-pamplonesa.webp\",\"width\":1920,\"height\":1396},{\"@type\":\"BreadcrumbList\",\"@id\":\"https:\\\/\\\/www.laguiadepamplona.com\\\/actualidad\\\/la-pamplonesa-ofrece-cuatro-conciertos-en-noviembre-y-diciembre-dentro-de-su-programacion-anual-en-la-que-recuperan-las-colaboraciones-de-caracter-pedagogico\\\/#breadcrumb\",\"itemListElement\":[{\"@type\":\"ListItem\",\"position\":1,\"name\":\"Portada\",\"item\":\"https:\\\/\\\/www.laguiadepamplona.com\\\/actualidad\\\/\"},{\"@type\":\"ListItem\",\"position\":2,\"name\":\"La Pamplonesa ofrece cuatro conciertos en noviembre y diciembre dentro de su programaci\u00f3n anual, en la que recuperan las colaboraciones de car\u00e1cter pedag\u00f3gico\"}]},{\"@type\":\"WebSite\",\"@id\":\"https:\\\/\\\/www.laguiadepamplona.com\\\/actualidad\\\/#website\",\"url\":\"https:\\\/\\\/www.laguiadepamplona.com\\\/actualidad\\\/\",\"name\":\"La gu\u00eda de Pamplona\",\"description\":\"Noticias de Pamplona\",\"publisher\":{\"@id\":\"https:\\\/\\\/www.laguiadepamplona.com\\\/actualidad\\\/#organization\"},\"potentialAction\":[{\"@type\":\"SearchAction\",\"target\":{\"@type\":\"EntryPoint\",\"urlTemplate\":\"https:\\\/\\\/www.laguiadepamplona.com\\\/actualidad\\\/?s={search_term_string}\"},\"query-input\":{\"@type\":\"PropertyValueSpecification\",\"valueRequired\":true,\"valueName\":\"search_term_string\"}}],\"inLanguage\":\"es\"},{\"@type\":\"Organization\",\"@id\":\"https:\\\/\\\/www.laguiadepamplona.com\\\/actualidad\\\/#organization\",\"name\":\"La Gu\u00eda de Pamplona \\\/ Noticias\",\"url\":\"https:\\\/\\\/www.laguiadepamplona.com\\\/actualidad\\\/\",\"logo\":{\"@type\":\"ImageObject\",\"inLanguage\":\"es\",\"@id\":\"https:\\\/\\\/www.laguiadepamplona.com\\\/actualidad\\\/#\\\/schema\\\/logo\\\/image\\\/\",\"url\":\"https:\\\/\\\/www.laguiadepamplona.com\\\/actualidad\\\/wp-content\\\/uploads\\\/2018\\\/11\\\/logo-laguiadepamplona18-web1.png\",\"contentUrl\":\"https:\\\/\\\/www.laguiadepamplona.com\\\/actualidad\\\/wp-content\\\/uploads\\\/2018\\\/11\\\/logo-laguiadepamplona18-web1.png\",\"width\":600,\"height\":196,\"caption\":\"La Gu\u00eda de Pamplona \\\/ Noticias\"},\"image\":{\"@id\":\"https:\\\/\\\/www.laguiadepamplona.com\\\/actualidad\\\/#\\\/schema\\\/logo\\\/image\\\/\"},\"sameAs\":[\"https:\\\/\\\/www.facebook.com\\\/laguiadepamplonacom-133175176762273\\\/?ref=hl\",\"https:\\\/\\\/x.com\\\/LaGuiadPamplona\",\"https:\\\/\\\/www.instagram.com\\\/la_guia_de_pamplona\\\/\",\"https:\\\/\\\/www.youtube.com\\\/user\\\/laguiadepamplona\"]},{\"@type\":\"Person\",\"@id\":\"https:\\\/\\\/www.laguiadepamplona.com\\\/actualidad\\\/#\\\/schema\\\/person\\\/efe887376f0213d4657c93adc50b1fdb\",\"name\":\"La Gu\u00eda de Pamplona\",\"image\":{\"@type\":\"ImageObject\",\"inLanguage\":\"es\",\"@id\":\"https:\\\/\\\/secure.gravatar.com\\\/avatar\\\/b6992f131dc8d30ab0dff15446e9d346d9dbd95992de0fef795073f5ea83a81c?s=96&d=mm&r=g\",\"url\":\"https:\\\/\\\/secure.gravatar.com\\\/avatar\\\/b6992f131dc8d30ab0dff15446e9d346d9dbd95992de0fef795073f5ea83a81c?s=96&d=mm&r=g\",\"contentUrl\":\"https:\\\/\\\/secure.gravatar.com\\\/avatar\\\/b6992f131dc8d30ab0dff15446e9d346d9dbd95992de0fef795073f5ea83a81c?s=96&d=mm&r=g\",\"caption\":\"La Gu\u00eda de Pamplona\"}}]}<\/script>\n<!-- \/ Yoast SEO plugin. -->","yoast_head_json":{"title":"La Pamplonesa ofrece cuatro conciertos en noviembre y diciembre dentro de su programaci\u00f3n anual, en la que recuperan las colaboraciones de car\u00e1cter pedag\u00f3gico","description":"Las entradas, ya a la venta, est\u00e1n disponibles en la taquilla y la web del Teatro Gayarre","robots":{"index":"index","follow":"follow","max-snippet":"max-snippet:-1","max-image-preview":"max-image-preview:large","max-video-preview":"max-video-preview:-1"},"canonical":"https:\/\/www.laguiadepamplona.com\/actualidad\/la-pamplonesa-ofrece-cuatro-conciertos-en-noviembre-y-diciembre-dentro-de-su-programacion-anual-en-la-que-recuperan-las-colaboraciones-de-caracter-pedagogico\/","og_locale":"es_ES","og_type":"article","og_title":"La Pamplonesa ofrece cuatro conciertos en noviembre y diciembre dentro de su programaci\u00f3n anual, en la que recuperan las colaboraciones de car\u00e1cter pedag\u00f3gico","og_description":"Las entradas, ya a la venta, est\u00e1n disponibles en la taquilla y la web del Teatro Gayarre","og_url":"https:\/\/www.laguiadepamplona.com\/actualidad\/la-pamplonesa-ofrece-cuatro-conciertos-en-noviembre-y-diciembre-dentro-de-su-programacion-anual-en-la-que-recuperan-las-colaboraciones-de-caracter-pedagogico\/","og_site_name":"La Gu\u00eda de Pamplona","article_publisher":"https:\/\/www.facebook.com\/laguiadepamplonacom-133175176762273\/?ref=hl","article_published_time":"2022-11-03T12:21:32+00:00","article_modified_time":"2023-04-11T09:47:38+00:00","og_image":[{"width":1920,"height":1396,"url":"https:\/\/www.laguiadepamplona.com\/actualidad\/wp-content\/uploads\/2022\/11\/gayarre-pamplonesa.webp","type":"image\/webp"}],"author":"La Gu\u00eda de Pamplona","twitter_card":"summary_large_image","twitter_creator":"@LaGuiadPamplona","twitter_site":"@LaGuiadPamplona","twitter_misc":{"Escrito por":"La Gu\u00eda de Pamplona","Tiempo de lectura":"4 minutos"},"schema":{"@context":"https:\/\/schema.org","@graph":[{"@type":"Article","@id":"https:\/\/www.laguiadepamplona.com\/actualidad\/la-pamplonesa-ofrece-cuatro-conciertos-en-noviembre-y-diciembre-dentro-de-su-programacion-anual-en-la-que-recuperan-las-colaboraciones-de-caracter-pedagogico\/#article","isPartOf":{"@id":"https:\/\/www.laguiadepamplona.com\/actualidad\/la-pamplonesa-ofrece-cuatro-conciertos-en-noviembre-y-diciembre-dentro-de-su-programacion-anual-en-la-que-recuperan-las-colaboraciones-de-caracter-pedagogico\/"},"author":{"name":"La Gu\u00eda de Pamplona","@id":"https:\/\/www.laguiadepamplona.com\/actualidad\/#\/schema\/person\/efe887376f0213d4657c93adc50b1fdb"},"headline":"La Pamplonesa ofrece cuatro conciertos en noviembre y diciembre dentro de su programaci\u00f3n anual, en la que recuperan las colaboraciones de car\u00e1cter pedag\u00f3gico","datePublished":"2022-11-03T12:21:32+00:00","dateModified":"2023-04-11T09:47:38+00:00","mainEntityOfPage":{"@id":"https:\/\/www.laguiadepamplona.com\/actualidad\/la-pamplonesa-ofrece-cuatro-conciertos-en-noviembre-y-diciembre-dentro-de-su-programacion-anual-en-la-que-recuperan-las-colaboraciones-de-caracter-pedagogico\/"},"wordCount":736,"commentCount":0,"publisher":{"@id":"https:\/\/www.laguiadepamplona.com\/actualidad\/#organization"},"image":{"@id":"https:\/\/www.laguiadepamplona.com\/actualidad\/la-pamplonesa-ofrece-cuatro-conciertos-en-noviembre-y-diciembre-dentro-de-su-programacion-anual-en-la-que-recuperan-las-colaboraciones-de-caracter-pedagogico\/#primaryimage"},"thumbnailUrl":"https:\/\/www.laguiadepamplona.com\/actualidad\/wp-content\/uploads\/2022\/11\/gayarre-pamplonesa.webp","articleSection":["Ayto Pamplona"],"inLanguage":"es","potentialAction":[{"@type":"CommentAction","name":"Comment","target":["https:\/\/www.laguiadepamplona.com\/actualidad\/la-pamplonesa-ofrece-cuatro-conciertos-en-noviembre-y-diciembre-dentro-de-su-programacion-anual-en-la-que-recuperan-las-colaboraciones-de-caracter-pedagogico\/#respond"]}]},{"@type":"WebPage","@id":"https:\/\/www.laguiadepamplona.com\/actualidad\/la-pamplonesa-ofrece-cuatro-conciertos-en-noviembre-y-diciembre-dentro-de-su-programacion-anual-en-la-que-recuperan-las-colaboraciones-de-caracter-pedagogico\/","url":"https:\/\/www.laguiadepamplona.com\/actualidad\/la-pamplonesa-ofrece-cuatro-conciertos-en-noviembre-y-diciembre-dentro-de-su-programacion-anual-en-la-que-recuperan-las-colaboraciones-de-caracter-pedagogico\/","name":"La Pamplonesa ofrece cuatro conciertos en noviembre y diciembre dentro de su programaci\u00f3n anual, en la que recuperan las colaboraciones de car\u00e1cter pedag\u00f3gico","isPartOf":{"@id":"https:\/\/www.laguiadepamplona.com\/actualidad\/#website"},"primaryImageOfPage":{"@id":"https:\/\/www.laguiadepamplona.com\/actualidad\/la-pamplonesa-ofrece-cuatro-conciertos-en-noviembre-y-diciembre-dentro-de-su-programacion-anual-en-la-que-recuperan-las-colaboraciones-de-caracter-pedagogico\/#primaryimage"},"image":{"@id":"https:\/\/www.laguiadepamplona.com\/actualidad\/la-pamplonesa-ofrece-cuatro-conciertos-en-noviembre-y-diciembre-dentro-de-su-programacion-anual-en-la-que-recuperan-las-colaboraciones-de-caracter-pedagogico\/#primaryimage"},"thumbnailUrl":"https:\/\/www.laguiadepamplona.com\/actualidad\/wp-content\/uploads\/2022\/11\/gayarre-pamplonesa.webp","datePublished":"2022-11-03T12:21:32+00:00","dateModified":"2023-04-11T09:47:38+00:00","description":"Las entradas, ya a la venta, est\u00e1n disponibles en la taquilla y la web del Teatro Gayarre","breadcrumb":{"@id":"https:\/\/www.laguiadepamplona.com\/actualidad\/la-pamplonesa-ofrece-cuatro-conciertos-en-noviembre-y-diciembre-dentro-de-su-programacion-anual-en-la-que-recuperan-las-colaboraciones-de-caracter-pedagogico\/#breadcrumb"},"inLanguage":"es","potentialAction":[{"@type":"ReadAction","target":["https:\/\/www.laguiadepamplona.com\/actualidad\/la-pamplonesa-ofrece-cuatro-conciertos-en-noviembre-y-diciembre-dentro-de-su-programacion-anual-en-la-que-recuperan-las-colaboraciones-de-caracter-pedagogico\/"]}]},{"@type":"ImageObject","inLanguage":"es","@id":"https:\/\/www.laguiadepamplona.com\/actualidad\/la-pamplonesa-ofrece-cuatro-conciertos-en-noviembre-y-diciembre-dentro-de-su-programacion-anual-en-la-que-recuperan-las-colaboraciones-de-caracter-pedagogico\/#primaryimage","url":"https:\/\/www.laguiadepamplona.com\/actualidad\/wp-content\/uploads\/2022\/11\/gayarre-pamplonesa.webp","contentUrl":"https:\/\/www.laguiadepamplona.com\/actualidad\/wp-content\/uploads\/2022\/11\/gayarre-pamplonesa.webp","width":1920,"height":1396},{"@type":"BreadcrumbList","@id":"https:\/\/www.laguiadepamplona.com\/actualidad\/la-pamplonesa-ofrece-cuatro-conciertos-en-noviembre-y-diciembre-dentro-de-su-programacion-anual-en-la-que-recuperan-las-colaboraciones-de-caracter-pedagogico\/#breadcrumb","itemListElement":[{"@type":"ListItem","position":1,"name":"Portada","item":"https:\/\/www.laguiadepamplona.com\/actualidad\/"},{"@type":"ListItem","position":2,"name":"La Pamplonesa ofrece cuatro conciertos en noviembre y diciembre dentro de su programaci\u00f3n anual, en la que recuperan las colaboraciones de car\u00e1cter pedag\u00f3gico"}]},{"@type":"WebSite","@id":"https:\/\/www.laguiadepamplona.com\/actualidad\/#website","url":"https:\/\/www.laguiadepamplona.com\/actualidad\/","name":"La gu\u00eda de Pamplona","description":"Noticias de Pamplona","publisher":{"@id":"https:\/\/www.laguiadepamplona.com\/actualidad\/#organization"},"potentialAction":[{"@type":"SearchAction","target":{"@type":"EntryPoint","urlTemplate":"https:\/\/www.laguiadepamplona.com\/actualidad\/?s={search_term_string}"},"query-input":{"@type":"PropertyValueSpecification","valueRequired":true,"valueName":"search_term_string"}}],"inLanguage":"es"},{"@type":"Organization","@id":"https:\/\/www.laguiadepamplona.com\/actualidad\/#organization","name":"La Gu\u00eda de Pamplona \/ Noticias","url":"https:\/\/www.laguiadepamplona.com\/actualidad\/","logo":{"@type":"ImageObject","inLanguage":"es","@id":"https:\/\/www.laguiadepamplona.com\/actualidad\/#\/schema\/logo\/image\/","url":"https:\/\/www.laguiadepamplona.com\/actualidad\/wp-content\/uploads\/2018\/11\/logo-laguiadepamplona18-web1.png","contentUrl":"https:\/\/www.laguiadepamplona.com\/actualidad\/wp-content\/uploads\/2018\/11\/logo-laguiadepamplona18-web1.png","width":600,"height":196,"caption":"La Gu\u00eda de Pamplona \/ Noticias"},"image":{"@id":"https:\/\/www.laguiadepamplona.com\/actualidad\/#\/schema\/logo\/image\/"},"sameAs":["https:\/\/www.facebook.com\/laguiadepamplonacom-133175176762273\/?ref=hl","https:\/\/x.com\/LaGuiadPamplona","https:\/\/www.instagram.com\/la_guia_de_pamplona\/","https:\/\/www.youtube.com\/user\/laguiadepamplona"]},{"@type":"Person","@id":"https:\/\/www.laguiadepamplona.com\/actualidad\/#\/schema\/person\/efe887376f0213d4657c93adc50b1fdb","name":"La Gu\u00eda de Pamplona","image":{"@type":"ImageObject","inLanguage":"es","@id":"https:\/\/secure.gravatar.com\/avatar\/b6992f131dc8d30ab0dff15446e9d346d9dbd95992de0fef795073f5ea83a81c?s=96&d=mm&r=g","url":"https:\/\/secure.gravatar.com\/avatar\/b6992f131dc8d30ab0dff15446e9d346d9dbd95992de0fef795073f5ea83a81c?s=96&d=mm&r=g","contentUrl":"https:\/\/secure.gravatar.com\/avatar\/b6992f131dc8d30ab0dff15446e9d346d9dbd95992de0fef795073f5ea83a81c?s=96&d=mm&r=g","caption":"La Gu\u00eda de Pamplona"}}]}},"post_mailing_queue_ids":[],"_links":{"self":[{"href":"https:\/\/www.laguiadepamplona.com\/actualidad\/wp-json\/wp\/v2\/posts\/42086","targetHints":{"allow":["GET"]}}],"collection":[{"href":"https:\/\/www.laguiadepamplona.com\/actualidad\/wp-json\/wp\/v2\/posts"}],"about":[{"href":"https:\/\/www.laguiadepamplona.com\/actualidad\/wp-json\/wp\/v2\/types\/post"}],"author":[{"embeddable":true,"href":"https:\/\/www.laguiadepamplona.com\/actualidad\/wp-json\/wp\/v2\/users\/1"}],"replies":[{"embeddable":true,"href":"https:\/\/www.laguiadepamplona.com\/actualidad\/wp-json\/wp\/v2\/comments?post=42086"}],"version-history":[{"count":0,"href":"https:\/\/www.laguiadepamplona.com\/actualidad\/wp-json\/wp\/v2\/posts\/42086\/revisions"}],"wp:featuredmedia":[{"embeddable":true,"href":"https:\/\/www.laguiadepamplona.com\/actualidad\/wp-json\/wp\/v2\/media\/42087"}],"wp:attachment":[{"href":"https:\/\/www.laguiadepamplona.com\/actualidad\/wp-json\/wp\/v2\/media?parent=42086"}],"wp:term":[{"taxonomy":"category","embeddable":true,"href":"https:\/\/www.laguiadepamplona.com\/actualidad\/wp-json\/wp\/v2\/categories?post=42086"},{"taxonomy":"post_tag","embeddable":true,"href":"https:\/\/www.laguiadepamplona.com\/actualidad\/wp-json\/wp\/v2\/tags?post=42086"}],"curies":[{"name":"wp","href":"https:\/\/api.w.org\/{rel}","templated":true}]}}