{"id":42079,"date":"2022-11-02T14:34:18","date_gmt":"2022-11-02T12:34:18","guid":{"rendered":"https:\/\/www.laguiadepamplona.com\/actualidad\/?p=42079"},"modified":"2023-04-11T11:47:38","modified_gmt":"2023-04-11T09:47:38","slug":"convocada-una-nueva-edicion-del-certamen-de-proyectos-de-aprendizaje-servicio-aps-organizado-por-el-ayuntamiento-de-pamplona","status":"publish","type":"post","link":"https:\/\/www.laguiadepamplona.com\/actualidad\/convocada-una-nueva-edicion-del-certamen-de-proyectos-de-aprendizaje-servicio-aps-organizado-por-el-ayuntamiento-de-pamplona\/","title":{"rendered":"Convocada una nueva edici\u00f3n del Certamen de Proyectos de Aprendizaje \u2013 Servicio (APS) organizado por el Ayuntamiento de Pamplona"},"content":{"rendered":"<h5>El plazo de presentaci\u00f3n de proyectos finaliza el 11 de noviembre; el certamen est\u00e1 dirigido a centros educativos y asociaciones sin \u00e1nimo de lucro<\/h5>\n<p><!--more--><\/p>\n<p>El 11 de noviembre finaliza el plazo para que centros educativos y asociaciones sin \u00e1nimo de lucro presenten proyectos de aprendizaje \u2013 servicio (APS). El Ayuntamiento de Pamplona vuelve a convocar una nueva edici\u00f3n de este certamen que busca hacer visible el compromiso solidario y c\u00edvico de los centros y las entidades locales para fortalecer la cohesi\u00f3n social y la participaci\u00f3n de todos los agentes de la comunidad en la mejora de las condiciones de vida locales.<br \/>\n<script async src=\"\/\/pagead2.googlesyndication.com\/pagead\/js\/adsbygoogle.js\"><\/script><br \/>\n<!-- Noticias La Guia de Pamplona --><br \/>\n<ins class=\"adsbygoogle\"\nstyle=\"display:block\"\ndata-ad-client=\"ca-pub-6943679897239327\"\ndata-ad-slot=\"7048180777\"\ndata-ad-format=\"auto\"><\/ins><br \/>\n<script>\n(adsbygoogle = window.adsbygoogle || []).push({});\n<\/script><\/p>\n<p>El certamen pretende promover la elaboraci\u00f3n e implementaci\u00f3n de proyectos educativos de aprendizaje \u2013 servicio en los centros docentes p\u00fablicos y concertados de Pamplona y en entidades sin \u00e1nimo de lucro, como una metodolog\u00eda did\u00e1ctica que combina procesos de aprendizaje basados en el curr\u00edculo de cada etapa y de servicio a la comunidad local por parte del alumnado. Los proyectos se remitir\u00e1n al Registro General del Ayuntamiento, a los registros auxiliares u otros recogidos en la normativa o, de forma telem\u00e1tica, a trav\u00e9s de la Sede Electr\u00f3nica municipal. Las bases de la convocatoria se pueden consultar en el <a href=\"https:\/\/bon.navarra.es\/es\/anuncio\/-\/texto\/2022\/213\/47\" target=\"_blank\" rel=\"noopener\">Bolet\u00edn Oficial de Navarra n\u00famero 213<\/a> de 27 de octubre.<\/p>\n<p>Las bases establecen cuatro modalidades, seg\u00fan el nivel educativo. La modalidad 1 est\u00e1 dirigida a proyectos de centros de Educaci\u00f3n Infantil y Primaria; la modalidad 2, para centros de ESO \u2013 Bachillerato; la modalidad 3 para Formaci\u00f3n Profesional y centros de ense\u00f1anzas art\u00edsticas regladas; y la modalidad 4, para proyectos de entidades y asociaciones sin \u00e1nimo de lucro con personalidad jur\u00eddica y entre cuyas finalidades est\u00e9 la realizaci\u00f3n de proyectos de car\u00e1cter educativo, reconocido en sus estatutos. Se recogen dos premios por modalidad, dotados con 1.500 y 1.000 euros, respectivamente, que se deben invertir en el desarrollo del proyecto galardonado.<br \/>\n<script async src=\"\/\/pagead2.googlesyndication.com\/pagead\/js\/adsbygoogle.js\"><\/script><br \/>\n<!-- Noticias La Guia de Pamplona --><br \/>\n<ins class=\"adsbygoogle\"\nstyle=\"display:block\"\ndata-ad-client=\"ca-pub-6943679897239327\"\ndata-ad-slot=\"7048180777\"\ndata-ad-format=\"auto\"><\/ins><br \/>\n<script>\n(adsbygoogle = window.adsbygoogle || []).push({});\n<\/script><\/p>\n<p><strong>Proyectos y criterios de valoraci\u00f3n<\/strong><\/p>\n<p>Los proyectos presentados deben ser originales y estar elaborados y dise\u00f1ados para su implementaci\u00f3n en el curso 2022 \u2013 2023, conforme a la metodolog\u00eda de aprendizaje \u2013 servicio. Podr\u00e1n ser presentados en castellano o en euskera. Cada centro escolar o entidad participante podr\u00e1 remitir un \u00fanico proyecto de aprendizaje \u2013 servicio por etapa educativa, excepto los centros de FP, que podr\u00e1n presentar un proyecto por cada uno de los ciclos formativos presenciales que imparte. Las entidades o asociaciones que presenten proyecto deber\u00e1n acreditar la participaci\u00f3n de, al menos, un centro escolar mediante un documento en el que este acepte esa participaci\u00f3n.<\/p>\n<p>El jurado valorar\u00e1 los proyectos presentados seg\u00fan criterios como la vinculaci\u00f3n entre los aprendizajes curriculares y el servicio que se pretende realizar, la envergadura de la pr\u00e1ctica (volumen de alumnado implicado), la relevancia e impacto en la ciudad del proyecto de servicio o el trabajo en red entre los centros educativos y las entidades sociales de la zona. Adem\u00e1s, se valorar\u00e1 la participaci\u00f3n activa del alumnado, las acciones que promuevan la reflexi\u00f3n y el pensamiento cr\u00edtico, que sean proyectos dirigidos a poblaci\u00f3n en riesgo de exclusi\u00f3n social o que sean proyectos de difusi\u00f3n y apoyo a los derechos humanos y los derechos de la infancia.<\/p>\n","protected":false},"excerpt":{"rendered":"<p>El plazo de presentaci\u00f3n de proyectos finaliza el 11 de noviembre; el certamen est\u00e1 dirigido a centros educativos y asociaciones sin \u00e1nimo de lucro<\/p>\n","protected":false},"author":1,"featured_media":42080,"comment_status":"open","ping_status":"closed","sticky":false,"template":"","format":"standard","meta":{"footnotes":""},"categories":[2],"tags":[],"class_list":["post-42079","post","type-post","status-publish","format-standard","has-post-thumbnail","hentry","category-ayuntamiento-pamplona"],"yoast_head":"<!-- This site is optimized with the Yoast SEO plugin v27.3 - https:\/\/yoast.com\/product\/yoast-seo-wordpress\/ -->\n<title>Convocada una nueva edici\u00f3n del Certamen de Proyectos de Aprendizaje \u2013 Servicio (APS) organizado por el Ayuntamiento de Pamplona<\/title>\n<meta name=\"description\" content=\"El plazo de presentaci\u00f3n de proyectos finaliza el 11 de noviembre; el certamen est\u00e1 dirigido a centros educativos y asociaciones sin \u00e1nimo de lucro\" \/>\n<meta name=\"robots\" content=\"index, follow, max-snippet:-1, max-image-preview:large, max-video-preview:-1\" \/>\n<link rel=\"canonical\" href=\"https:\/\/www.laguiadepamplona.com\/actualidad\/convocada-una-nueva-edicion-del-certamen-de-proyectos-de-aprendizaje-servicio-aps-organizado-por-el-ayuntamiento-de-pamplona\/\" \/>\n<meta property=\"og:locale\" content=\"es_ES\" \/>\n<meta property=\"og:type\" content=\"article\" \/>\n<meta property=\"og:title\" content=\"Convocada una nueva edici\u00f3n del Certamen de Proyectos de Aprendizaje \u2013 Servicio (APS) organizado por el Ayuntamiento de Pamplona\" \/>\n<meta property=\"og:description\" content=\"El plazo de presentaci\u00f3n de proyectos finaliza el 11 de noviembre; el certamen est\u00e1 dirigido a centros educativos y asociaciones sin \u00e1nimo de lucro\" \/>\n<meta property=\"og:url\" content=\"https:\/\/www.laguiadepamplona.com\/actualidad\/convocada-una-nueva-edicion-del-certamen-de-proyectos-de-aprendizaje-servicio-aps-organizado-por-el-ayuntamiento-de-pamplona\/\" \/>\n<meta property=\"og:site_name\" content=\"La Gu\u00eda de Pamplona\" \/>\n<meta property=\"article:publisher\" content=\"https:\/\/www.facebook.com\/laguiadepamplonacom-133175176762273\/?ref=hl\" \/>\n<meta property=\"article:published_time\" content=\"2022-11-02T12:34:18+00:00\" \/>\n<meta property=\"article:modified_time\" content=\"2023-04-11T09:47:38+00:00\" \/>\n<meta property=\"og:image\" content=\"https:\/\/www.laguiadepamplona.com\/actualidad\/wp-content\/uploads\/2022\/11\/educacion_formacion.webp\" \/>\n\t<meta property=\"og:image:width\" content=\"1920\" \/>\n\t<meta property=\"og:image:height\" content=\"1031\" \/>\n\t<meta property=\"og:image:type\" content=\"image\/webp\" \/>\n<meta name=\"author\" content=\"La Gu\u00eda de Pamplona\" \/>\n<meta name=\"twitter:card\" content=\"summary_large_image\" \/>\n<meta name=\"twitter:creator\" content=\"@LaGuiadPamplona\" \/>\n<meta name=\"twitter:site\" content=\"@LaGuiadPamplona\" \/>\n<meta name=\"twitter:label1\" content=\"Escrito por\" \/>\n\t<meta name=\"twitter:data1\" content=\"La Gu\u00eda de Pamplona\" \/>\n\t<meta name=\"twitter:label2\" content=\"Tiempo de lectura\" \/>\n\t<meta name=\"twitter:data2\" content=\"3 minutos\" \/>\n<script type=\"application\/ld+json\" class=\"yoast-schema-graph\">{\"@context\":\"https:\\\/\\\/schema.org\",\"@graph\":[{\"@type\":\"Article\",\"@id\":\"https:\\\/\\\/www.laguiadepamplona.com\\\/actualidad\\\/convocada-una-nueva-edicion-del-certamen-de-proyectos-de-aprendizaje-servicio-aps-organizado-por-el-ayuntamiento-de-pamplona\\\/#article\",\"isPartOf\":{\"@id\":\"https:\\\/\\\/www.laguiadepamplona.com\\\/actualidad\\\/convocada-una-nueva-edicion-del-certamen-de-proyectos-de-aprendizaje-servicio-aps-organizado-por-el-ayuntamiento-de-pamplona\\\/\"},\"author\":{\"name\":\"La Gu\u00eda de Pamplona\",\"@id\":\"https:\\\/\\\/www.laguiadepamplona.com\\\/actualidad\\\/#\\\/schema\\\/person\\\/efe887376f0213d4657c93adc50b1fdb\"},\"headline\":\"Convocada una nueva edici\u00f3n del Certamen de Proyectos de Aprendizaje \u2013 Servicio (APS) organizado por el Ayuntamiento de Pamplona\",\"datePublished\":\"2022-11-02T12:34:18+00:00\",\"dateModified\":\"2023-04-11T09:47:38+00:00\",\"mainEntityOfPage\":{\"@id\":\"https:\\\/\\\/www.laguiadepamplona.com\\\/actualidad\\\/convocada-una-nueva-edicion-del-certamen-de-proyectos-de-aprendizaje-servicio-aps-organizado-por-el-ayuntamiento-de-pamplona\\\/\"},\"wordCount\":565,\"commentCount\":0,\"publisher\":{\"@id\":\"https:\\\/\\\/www.laguiadepamplona.com\\\/actualidad\\\/#organization\"},\"image\":{\"@id\":\"https:\\\/\\\/www.laguiadepamplona.com\\\/actualidad\\\/convocada-una-nueva-edicion-del-certamen-de-proyectos-de-aprendizaje-servicio-aps-organizado-por-el-ayuntamiento-de-pamplona\\\/#primaryimage\"},\"thumbnailUrl\":\"https:\\\/\\\/www.laguiadepamplona.com\\\/actualidad\\\/wp-content\\\/uploads\\\/2022\\\/11\\\/educacion_formacion.webp\",\"articleSection\":[\"Ayto Pamplona\"],\"inLanguage\":\"es\",\"potentialAction\":[{\"@type\":\"CommentAction\",\"name\":\"Comment\",\"target\":[\"https:\\\/\\\/www.laguiadepamplona.com\\\/actualidad\\\/convocada-una-nueva-edicion-del-certamen-de-proyectos-de-aprendizaje-servicio-aps-organizado-por-el-ayuntamiento-de-pamplona\\\/#respond\"]}]},{\"@type\":\"WebPage\",\"@id\":\"https:\\\/\\\/www.laguiadepamplona.com\\\/actualidad\\\/convocada-una-nueva-edicion-del-certamen-de-proyectos-de-aprendizaje-servicio-aps-organizado-por-el-ayuntamiento-de-pamplona\\\/\",\"url\":\"https:\\\/\\\/www.laguiadepamplona.com\\\/actualidad\\\/convocada-una-nueva-edicion-del-certamen-de-proyectos-de-aprendizaje-servicio-aps-organizado-por-el-ayuntamiento-de-pamplona\\\/\",\"name\":\"Convocada una nueva edici\u00f3n del Certamen de Proyectos de Aprendizaje \u2013 Servicio (APS) organizado por el Ayuntamiento de Pamplona\",\"isPartOf\":{\"@id\":\"https:\\\/\\\/www.laguiadepamplona.com\\\/actualidad\\\/#website\"},\"primaryImageOfPage\":{\"@id\":\"https:\\\/\\\/www.laguiadepamplona.com\\\/actualidad\\\/convocada-una-nueva-edicion-del-certamen-de-proyectos-de-aprendizaje-servicio-aps-organizado-por-el-ayuntamiento-de-pamplona\\\/#primaryimage\"},\"image\":{\"@id\":\"https:\\\/\\\/www.laguiadepamplona.com\\\/actualidad\\\/convocada-una-nueva-edicion-del-certamen-de-proyectos-de-aprendizaje-servicio-aps-organizado-por-el-ayuntamiento-de-pamplona\\\/#primaryimage\"},\"thumbnailUrl\":\"https:\\\/\\\/www.laguiadepamplona.com\\\/actualidad\\\/wp-content\\\/uploads\\\/2022\\\/11\\\/educacion_formacion.webp\",\"datePublished\":\"2022-11-02T12:34:18+00:00\",\"dateModified\":\"2023-04-11T09:47:38+00:00\",\"description\":\"El plazo de presentaci\u00f3n de proyectos finaliza el 11 de noviembre; el certamen est\u00e1 dirigido a centros educativos y asociaciones sin \u00e1nimo de lucro\",\"breadcrumb\":{\"@id\":\"https:\\\/\\\/www.laguiadepamplona.com\\\/actualidad\\\/convocada-una-nueva-edicion-del-certamen-de-proyectos-de-aprendizaje-servicio-aps-organizado-por-el-ayuntamiento-de-pamplona\\\/#breadcrumb\"},\"inLanguage\":\"es\",\"potentialAction\":[{\"@type\":\"ReadAction\",\"target\":[\"https:\\\/\\\/www.laguiadepamplona.com\\\/actualidad\\\/convocada-una-nueva-edicion-del-certamen-de-proyectos-de-aprendizaje-servicio-aps-organizado-por-el-ayuntamiento-de-pamplona\\\/\"]}]},{\"@type\":\"ImageObject\",\"inLanguage\":\"es\",\"@id\":\"https:\\\/\\\/www.laguiadepamplona.com\\\/actualidad\\\/convocada-una-nueva-edicion-del-certamen-de-proyectos-de-aprendizaje-servicio-aps-organizado-por-el-ayuntamiento-de-pamplona\\\/#primaryimage\",\"url\":\"https:\\\/\\\/www.laguiadepamplona.com\\\/actualidad\\\/wp-content\\\/uploads\\\/2022\\\/11\\\/educacion_formacion.webp\",\"contentUrl\":\"https:\\\/\\\/www.laguiadepamplona.com\\\/actualidad\\\/wp-content\\\/uploads\\\/2022\\\/11\\\/educacion_formacion.webp\",\"width\":1920,\"height\":1031},{\"@type\":\"BreadcrumbList\",\"@id\":\"https:\\\/\\\/www.laguiadepamplona.com\\\/actualidad\\\/convocada-una-nueva-edicion-del-certamen-de-proyectos-de-aprendizaje-servicio-aps-organizado-por-el-ayuntamiento-de-pamplona\\\/#breadcrumb\",\"itemListElement\":[{\"@type\":\"ListItem\",\"position\":1,\"name\":\"Portada\",\"item\":\"https:\\\/\\\/www.laguiadepamplona.com\\\/actualidad\\\/\"},{\"@type\":\"ListItem\",\"position\":2,\"name\":\"Convocada una nueva edici\u00f3n del Certamen de Proyectos de Aprendizaje \u2013 Servicio (APS) organizado por el Ayuntamiento de Pamplona\"}]},{\"@type\":\"WebSite\",\"@id\":\"https:\\\/\\\/www.laguiadepamplona.com\\\/actualidad\\\/#website\",\"url\":\"https:\\\/\\\/www.laguiadepamplona.com\\\/actualidad\\\/\",\"name\":\"La gu\u00eda de Pamplona\",\"description\":\"Noticias de Pamplona\",\"publisher\":{\"@id\":\"https:\\\/\\\/www.laguiadepamplona.com\\\/actualidad\\\/#organization\"},\"potentialAction\":[{\"@type\":\"SearchAction\",\"target\":{\"@type\":\"EntryPoint\",\"urlTemplate\":\"https:\\\/\\\/www.laguiadepamplona.com\\\/actualidad\\\/?s={search_term_string}\"},\"query-input\":{\"@type\":\"PropertyValueSpecification\",\"valueRequired\":true,\"valueName\":\"search_term_string\"}}],\"inLanguage\":\"es\"},{\"@type\":\"Organization\",\"@id\":\"https:\\\/\\\/www.laguiadepamplona.com\\\/actualidad\\\/#organization\",\"name\":\"La Gu\u00eda de Pamplona \\\/ Noticias\",\"url\":\"https:\\\/\\\/www.laguiadepamplona.com\\\/actualidad\\\/\",\"logo\":{\"@type\":\"ImageObject\",\"inLanguage\":\"es\",\"@id\":\"https:\\\/\\\/www.laguiadepamplona.com\\\/actualidad\\\/#\\\/schema\\\/logo\\\/image\\\/\",\"url\":\"https:\\\/\\\/www.laguiadepamplona.com\\\/actualidad\\\/wp-content\\\/uploads\\\/2018\\\/11\\\/logo-laguiadepamplona18-web1.png\",\"contentUrl\":\"https:\\\/\\\/www.laguiadepamplona.com\\\/actualidad\\\/wp-content\\\/uploads\\\/2018\\\/11\\\/logo-laguiadepamplona18-web1.png\",\"width\":600,\"height\":196,\"caption\":\"La Gu\u00eda de Pamplona \\\/ Noticias\"},\"image\":{\"@id\":\"https:\\\/\\\/www.laguiadepamplona.com\\\/actualidad\\\/#\\\/schema\\\/logo\\\/image\\\/\"},\"sameAs\":[\"https:\\\/\\\/www.facebook.com\\\/laguiadepamplonacom-133175176762273\\\/?ref=hl\",\"https:\\\/\\\/x.com\\\/LaGuiadPamplona\",\"https:\\\/\\\/www.instagram.com\\\/la_guia_de_pamplona\\\/\",\"https:\\\/\\\/www.youtube.com\\\/user\\\/laguiadepamplona\"]},{\"@type\":\"Person\",\"@id\":\"https:\\\/\\\/www.laguiadepamplona.com\\\/actualidad\\\/#\\\/schema\\\/person\\\/efe887376f0213d4657c93adc50b1fdb\",\"name\":\"La Gu\u00eda de Pamplona\",\"image\":{\"@type\":\"ImageObject\",\"inLanguage\":\"es\",\"@id\":\"https:\\\/\\\/secure.gravatar.com\\\/avatar\\\/b6992f131dc8d30ab0dff15446e9d346d9dbd95992de0fef795073f5ea83a81c?s=96&d=mm&r=g\",\"url\":\"https:\\\/\\\/secure.gravatar.com\\\/avatar\\\/b6992f131dc8d30ab0dff15446e9d346d9dbd95992de0fef795073f5ea83a81c?s=96&d=mm&r=g\",\"contentUrl\":\"https:\\\/\\\/secure.gravatar.com\\\/avatar\\\/b6992f131dc8d30ab0dff15446e9d346d9dbd95992de0fef795073f5ea83a81c?s=96&d=mm&r=g\",\"caption\":\"La Gu\u00eda de Pamplona\"}}]}<\/script>\n<!-- \/ Yoast SEO plugin. -->","yoast_head_json":{"title":"Convocada una nueva edici\u00f3n del Certamen de Proyectos de Aprendizaje \u2013 Servicio (APS) organizado por el Ayuntamiento de Pamplona","description":"El plazo de presentaci\u00f3n de proyectos finaliza el 11 de noviembre; el certamen est\u00e1 dirigido a centros educativos y asociaciones sin \u00e1nimo de lucro","robots":{"index":"index","follow":"follow","max-snippet":"max-snippet:-1","max-image-preview":"max-image-preview:large","max-video-preview":"max-video-preview:-1"},"canonical":"https:\/\/www.laguiadepamplona.com\/actualidad\/convocada-una-nueva-edicion-del-certamen-de-proyectos-de-aprendizaje-servicio-aps-organizado-por-el-ayuntamiento-de-pamplona\/","og_locale":"es_ES","og_type":"article","og_title":"Convocada una nueva edici\u00f3n del Certamen de Proyectos de Aprendizaje \u2013 Servicio (APS) organizado por el Ayuntamiento de Pamplona","og_description":"El plazo de presentaci\u00f3n de proyectos finaliza el 11 de noviembre; el certamen est\u00e1 dirigido a centros educativos y asociaciones sin \u00e1nimo de lucro","og_url":"https:\/\/www.laguiadepamplona.com\/actualidad\/convocada-una-nueva-edicion-del-certamen-de-proyectos-de-aprendizaje-servicio-aps-organizado-por-el-ayuntamiento-de-pamplona\/","og_site_name":"La Gu\u00eda de Pamplona","article_publisher":"https:\/\/www.facebook.com\/laguiadepamplonacom-133175176762273\/?ref=hl","article_published_time":"2022-11-02T12:34:18+00:00","article_modified_time":"2023-04-11T09:47:38+00:00","og_image":[{"width":1920,"height":1031,"url":"https:\/\/www.laguiadepamplona.com\/actualidad\/wp-content\/uploads\/2022\/11\/educacion_formacion.webp","type":"image\/webp"}],"author":"La Gu\u00eda de Pamplona","twitter_card":"summary_large_image","twitter_creator":"@LaGuiadPamplona","twitter_site":"@LaGuiadPamplona","twitter_misc":{"Escrito por":"La Gu\u00eda de Pamplona","Tiempo de lectura":"3 minutos"},"schema":{"@context":"https:\/\/schema.org","@graph":[{"@type":"Article","@id":"https:\/\/www.laguiadepamplona.com\/actualidad\/convocada-una-nueva-edicion-del-certamen-de-proyectos-de-aprendizaje-servicio-aps-organizado-por-el-ayuntamiento-de-pamplona\/#article","isPartOf":{"@id":"https:\/\/www.laguiadepamplona.com\/actualidad\/convocada-una-nueva-edicion-del-certamen-de-proyectos-de-aprendizaje-servicio-aps-organizado-por-el-ayuntamiento-de-pamplona\/"},"author":{"name":"La Gu\u00eda de Pamplona","@id":"https:\/\/www.laguiadepamplona.com\/actualidad\/#\/schema\/person\/efe887376f0213d4657c93adc50b1fdb"},"headline":"Convocada una nueva edici\u00f3n del Certamen de Proyectos de Aprendizaje \u2013 Servicio (APS) organizado por el Ayuntamiento de Pamplona","datePublished":"2022-11-02T12:34:18+00:00","dateModified":"2023-04-11T09:47:38+00:00","mainEntityOfPage":{"@id":"https:\/\/www.laguiadepamplona.com\/actualidad\/convocada-una-nueva-edicion-del-certamen-de-proyectos-de-aprendizaje-servicio-aps-organizado-por-el-ayuntamiento-de-pamplona\/"},"wordCount":565,"commentCount":0,"publisher":{"@id":"https:\/\/www.laguiadepamplona.com\/actualidad\/#organization"},"image":{"@id":"https:\/\/www.laguiadepamplona.com\/actualidad\/convocada-una-nueva-edicion-del-certamen-de-proyectos-de-aprendizaje-servicio-aps-organizado-por-el-ayuntamiento-de-pamplona\/#primaryimage"},"thumbnailUrl":"https:\/\/www.laguiadepamplona.com\/actualidad\/wp-content\/uploads\/2022\/11\/educacion_formacion.webp","articleSection":["Ayto Pamplona"],"inLanguage":"es","potentialAction":[{"@type":"CommentAction","name":"Comment","target":["https:\/\/www.laguiadepamplona.com\/actualidad\/convocada-una-nueva-edicion-del-certamen-de-proyectos-de-aprendizaje-servicio-aps-organizado-por-el-ayuntamiento-de-pamplona\/#respond"]}]},{"@type":"WebPage","@id":"https:\/\/www.laguiadepamplona.com\/actualidad\/convocada-una-nueva-edicion-del-certamen-de-proyectos-de-aprendizaje-servicio-aps-organizado-por-el-ayuntamiento-de-pamplona\/","url":"https:\/\/www.laguiadepamplona.com\/actualidad\/convocada-una-nueva-edicion-del-certamen-de-proyectos-de-aprendizaje-servicio-aps-organizado-por-el-ayuntamiento-de-pamplona\/","name":"Convocada una nueva edici\u00f3n del Certamen de Proyectos de Aprendizaje \u2013 Servicio (APS) organizado por el Ayuntamiento de Pamplona","isPartOf":{"@id":"https:\/\/www.laguiadepamplona.com\/actualidad\/#website"},"primaryImageOfPage":{"@id":"https:\/\/www.laguiadepamplona.com\/actualidad\/convocada-una-nueva-edicion-del-certamen-de-proyectos-de-aprendizaje-servicio-aps-organizado-por-el-ayuntamiento-de-pamplona\/#primaryimage"},"image":{"@id":"https:\/\/www.laguiadepamplona.com\/actualidad\/convocada-una-nueva-edicion-del-certamen-de-proyectos-de-aprendizaje-servicio-aps-organizado-por-el-ayuntamiento-de-pamplona\/#primaryimage"},"thumbnailUrl":"https:\/\/www.laguiadepamplona.com\/actualidad\/wp-content\/uploads\/2022\/11\/educacion_formacion.webp","datePublished":"2022-11-02T12:34:18+00:00","dateModified":"2023-04-11T09:47:38+00:00","description":"El plazo de presentaci\u00f3n de proyectos finaliza el 11 de noviembre; el certamen est\u00e1 dirigido a centros educativos y asociaciones sin \u00e1nimo de lucro","breadcrumb":{"@id":"https:\/\/www.laguiadepamplona.com\/actualidad\/convocada-una-nueva-edicion-del-certamen-de-proyectos-de-aprendizaje-servicio-aps-organizado-por-el-ayuntamiento-de-pamplona\/#breadcrumb"},"inLanguage":"es","potentialAction":[{"@type":"ReadAction","target":["https:\/\/www.laguiadepamplona.com\/actualidad\/convocada-una-nueva-edicion-del-certamen-de-proyectos-de-aprendizaje-servicio-aps-organizado-por-el-ayuntamiento-de-pamplona\/"]}]},{"@type":"ImageObject","inLanguage":"es","@id":"https:\/\/www.laguiadepamplona.com\/actualidad\/convocada-una-nueva-edicion-del-certamen-de-proyectos-de-aprendizaje-servicio-aps-organizado-por-el-ayuntamiento-de-pamplona\/#primaryimage","url":"https:\/\/www.laguiadepamplona.com\/actualidad\/wp-content\/uploads\/2022\/11\/educacion_formacion.webp","contentUrl":"https:\/\/www.laguiadepamplona.com\/actualidad\/wp-content\/uploads\/2022\/11\/educacion_formacion.webp","width":1920,"height":1031},{"@type":"BreadcrumbList","@id":"https:\/\/www.laguiadepamplona.com\/actualidad\/convocada-una-nueva-edicion-del-certamen-de-proyectos-de-aprendizaje-servicio-aps-organizado-por-el-ayuntamiento-de-pamplona\/#breadcrumb","itemListElement":[{"@type":"ListItem","position":1,"name":"Portada","item":"https:\/\/www.laguiadepamplona.com\/actualidad\/"},{"@type":"ListItem","position":2,"name":"Convocada una nueva edici\u00f3n del Certamen de Proyectos de Aprendizaje \u2013 Servicio (APS) organizado por el Ayuntamiento de Pamplona"}]},{"@type":"WebSite","@id":"https:\/\/www.laguiadepamplona.com\/actualidad\/#website","url":"https:\/\/www.laguiadepamplona.com\/actualidad\/","name":"La gu\u00eda de Pamplona","description":"Noticias de Pamplona","publisher":{"@id":"https:\/\/www.laguiadepamplona.com\/actualidad\/#organization"},"potentialAction":[{"@type":"SearchAction","target":{"@type":"EntryPoint","urlTemplate":"https:\/\/www.laguiadepamplona.com\/actualidad\/?s={search_term_string}"},"query-input":{"@type":"PropertyValueSpecification","valueRequired":true,"valueName":"search_term_string"}}],"inLanguage":"es"},{"@type":"Organization","@id":"https:\/\/www.laguiadepamplona.com\/actualidad\/#organization","name":"La Gu\u00eda de Pamplona \/ Noticias","url":"https:\/\/www.laguiadepamplona.com\/actualidad\/","logo":{"@type":"ImageObject","inLanguage":"es","@id":"https:\/\/www.laguiadepamplona.com\/actualidad\/#\/schema\/logo\/image\/","url":"https:\/\/www.laguiadepamplona.com\/actualidad\/wp-content\/uploads\/2018\/11\/logo-laguiadepamplona18-web1.png","contentUrl":"https:\/\/www.laguiadepamplona.com\/actualidad\/wp-content\/uploads\/2018\/11\/logo-laguiadepamplona18-web1.png","width":600,"height":196,"caption":"La Gu\u00eda de Pamplona \/ Noticias"},"image":{"@id":"https:\/\/www.laguiadepamplona.com\/actualidad\/#\/schema\/logo\/image\/"},"sameAs":["https:\/\/www.facebook.com\/laguiadepamplonacom-133175176762273\/?ref=hl","https:\/\/x.com\/LaGuiadPamplona","https:\/\/www.instagram.com\/la_guia_de_pamplona\/","https:\/\/www.youtube.com\/user\/laguiadepamplona"]},{"@type":"Person","@id":"https:\/\/www.laguiadepamplona.com\/actualidad\/#\/schema\/person\/efe887376f0213d4657c93adc50b1fdb","name":"La Gu\u00eda de Pamplona","image":{"@type":"ImageObject","inLanguage":"es","@id":"https:\/\/secure.gravatar.com\/avatar\/b6992f131dc8d30ab0dff15446e9d346d9dbd95992de0fef795073f5ea83a81c?s=96&d=mm&r=g","url":"https:\/\/secure.gravatar.com\/avatar\/b6992f131dc8d30ab0dff15446e9d346d9dbd95992de0fef795073f5ea83a81c?s=96&d=mm&r=g","contentUrl":"https:\/\/secure.gravatar.com\/avatar\/b6992f131dc8d30ab0dff15446e9d346d9dbd95992de0fef795073f5ea83a81c?s=96&d=mm&r=g","caption":"La Gu\u00eda de Pamplona"}}]}},"post_mailing_queue_ids":[],"_links":{"self":[{"href":"https:\/\/www.laguiadepamplona.com\/actualidad\/wp-json\/wp\/v2\/posts\/42079","targetHints":{"allow":["GET"]}}],"collection":[{"href":"https:\/\/www.laguiadepamplona.com\/actualidad\/wp-json\/wp\/v2\/posts"}],"about":[{"href":"https:\/\/www.laguiadepamplona.com\/actualidad\/wp-json\/wp\/v2\/types\/post"}],"author":[{"embeddable":true,"href":"https:\/\/www.laguiadepamplona.com\/actualidad\/wp-json\/wp\/v2\/users\/1"}],"replies":[{"embeddable":true,"href":"https:\/\/www.laguiadepamplona.com\/actualidad\/wp-json\/wp\/v2\/comments?post=42079"}],"version-history":[{"count":0,"href":"https:\/\/www.laguiadepamplona.com\/actualidad\/wp-json\/wp\/v2\/posts\/42079\/revisions"}],"wp:featuredmedia":[{"embeddable":true,"href":"https:\/\/www.laguiadepamplona.com\/actualidad\/wp-json\/wp\/v2\/media\/42080"}],"wp:attachment":[{"href":"https:\/\/www.laguiadepamplona.com\/actualidad\/wp-json\/wp\/v2\/media?parent=42079"}],"wp:term":[{"taxonomy":"category","embeddable":true,"href":"https:\/\/www.laguiadepamplona.com\/actualidad\/wp-json\/wp\/v2\/categories?post=42079"},{"taxonomy":"post_tag","embeddable":true,"href":"https:\/\/www.laguiadepamplona.com\/actualidad\/wp-json\/wp\/v2\/tags?post=42079"}],"curies":[{"name":"wp","href":"https:\/\/api.w.org\/{rel}","templated":true}]}}