{"id":42076,"date":"2022-11-02T14:32:24","date_gmt":"2022-11-02T12:32:24","guid":{"rendered":"https:\/\/www.laguiadepamplona.com\/actualidad\/?p=42076"},"modified":"2023-04-11T11:47:38","modified_gmt":"2023-04-11T09:47:38","slug":"el-ayuntamiento-presenta-el-sabado-el-programa-itinerarios-matematicos-por-pamplona-en-las-vii-jornadas-de-ensenanza-y-aprendizaje-de-las-matematicas-en-navarra","status":"publish","type":"post","link":"https:\/\/www.laguiadepamplona.com\/actualidad\/el-ayuntamiento-presenta-el-sabado-el-programa-itinerarios-matematicos-por-pamplona-en-las-vii-jornadas-de-ensenanza-y-aprendizaje-de-las-matematicas-en-navarra\/","title":{"rendered":"El Ayuntamiento presenta el s\u00e1bado el programa \u2018Itinerarios Matem\u00e1ticos por Pamplona\u2019 en las VII Jornadas de ense\u00f1anza y aprendizaje de las matem\u00e1ticas en Navarra"},"content":{"rendered":"<h5>Las jornadas, organizadas por la UPNA y la Asociaci\u00f3n de Profesores de Matem\u00e1ticas Tornamira, se inauguran hoy por la tarde en Condestable<\/h5>\n<p><!--more--><\/p>\n<p>Las calles de la ciudad son el escenario del programa municipal \u2018Itinerarios Matem\u00e1ticos por Pamplona\u2019, que utiliza el entorno m\u00e1s pr\u00f3ximo del estudiante como objeto de estudio y motivaci\u00f3n para aprender matem\u00e1ticas. Este programa se presenta el s\u00e1bado 5 de noviembre en el marco de las VII Jornadas de ense\u00f1anza y aprendizaje de las matem\u00e1ticas en Navarra, dentro del apartado de Innovaci\u00f3n Educativa. El concejal delegado del \u00c1rea de Educaci\u00f3n, Participaci\u00f3n Ciudadana y Juventud, Fernando Sesma, junto al profesor de la UPNA Aitzol Lasa, autor de los contenidos, expondr\u00e1n a los asistentes esta iniciativa municipal que permite aprender y experimentar las matem\u00e1ticas en la ciudad de un modo diferente. Este programa se incluye dentro de los programas desarrollados por el \u00c1rea de Educaci\u00f3n, Participaci\u00f3n Ciudadana y Juventud para impulsar las vocaciones del \u00e1mbito STEM, acr\u00f3nimo ingl\u00e9s de Ciencias-Tecnolog\u00eda-Ingenier\u00eda y Matem\u00e1ticas (Sciences-Technology-Engineering-Mathematics).<br \/>\n<script async src=\"\/\/pagead2.googlesyndication.com\/pagead\/js\/adsbygoogle.js\"><\/script><br \/>\n<!-- Noticias La Guia de Pamplona --><br \/>\n<ins class=\"adsbygoogle\"\nstyle=\"display:block\"\ndata-ad-client=\"ca-pub-6943679897239327\"\ndata-ad-slot=\"7048180777\"\ndata-ad-format=\"auto\"><\/ins><br \/>\n<script>\n(adsbygoogle = window.adsbygoogle || []).push({});\n<\/script><\/p>\n<p>El Ayuntamiento ha editado unos cuadernillos de dise\u00f1o atractivo, dirigidos a alumnado y profesorado, con itinerarios en los que resolver una serie de problemas matem\u00e1ticos en relaci\u00f3n con unas localizaciones de inter\u00e9s. Para ello se incluye informaci\u00f3n y pistas tanto de manera gr\u00e1fica como textual. Las edificaciones, las calles, infraestructuras y ciertos servicios municipales, el mobiliario urbano y puntos emblem\u00e1ticos de la ciudad se convierten en objeto y herramientas de aprendizaje y sirven de motivaci\u00f3n para el estudio, conectando adem\u00e1s las matem\u00e1ticas con otras disciplinas tales como la geograf\u00eda, la sostenibilidad, la historia local, etc\u00e9tera. Los escenarios no se limitan a una zona concreta, sino que buscan abarcar toda la ciudad. Hasta el momento se han elaborado los recorridos de Casco Viejo, Iturrama, San Juan-Ermitaga\u00f1a, Txantrea y Mendillorri, y para comienzos de 2023 est\u00e1n previstos Rochapea y San Jorge- Buztintxuri.<\/p>\n<p>Los itinerarios tambi\u00e9n incluyen una adaptaci\u00f3n a la app gratuita para m\u00f3viles MathCitymaps. En los primeros meses del programa, m\u00e1s de 750 estudiantes de Primaria de 11 centros educativos han realizado estos itinerarios con el material editado, a los que hay que sumar el alumnado de Secundaria que lo ha seguido a trav\u00e9s de la aplicaci\u00f3n. Todo el material se ofrece a los centros educativos para que el profesorado interesado y su alumnado realicen estas rutas a pie, con una duraci\u00f3n aproximada de 2 horas. El profesor act\u00faa como gu\u00eda y mentor para que sean los escolares quienes activa y cooperativamente resuelvan los problemas o retos.<br \/>\n<script async src=\"\/\/pagead2.googlesyndication.com\/pagead\/js\/adsbygoogle.js\"><\/script><br \/>\n<!-- Noticias La Guia de Pamplona --><br \/>\n<ins class=\"adsbygoogle\"\nstyle=\"display:block\"\ndata-ad-client=\"ca-pub-6943679897239327\"\ndata-ad-slot=\"7048180777\"\ndata-ad-format=\"auto\"><\/ins><br \/>\n<script>\n(adsbygoogle = window.adsbygoogle || []).push({});\n<\/script><\/p>\n<p><strong>Cultura matem\u00e1tica<\/strong><\/p>\n<p>Las Jornadas de ense\u00f1anza y aprendizaje de las matem\u00e1ticas en Navarra, organizadas por la UPNA y la Asociaci\u00f3n de Profesores de Matem\u00e1ticas Tornamira, se plantean como un punto de encuentro de docentes de todas las etapas educativas, desde infantil hasta universidad. En este foro se comparten trabajos, experiencias e inquietudes del profesorado de matem\u00e1ticas, con el objetivo de transmitir y visibilizar la cultura matem\u00e1tica en la sociedad.<\/p>\n<p>La s\u00e9ptima edici\u00f3n se desarrolla desde hoy hasta el s\u00e1bado 5 de noviembre, en dos escenarios diferentes. En el acto de apertura, esta tarde a las 17 en el Palacio de Condestable, participar\u00e1n el rector de la UPNA, Ram\u00f3n Gonzalo Garc\u00eda; el consejero de Educaci\u00f3n del Gobierno de Navarra, Carlos Gimeno; el concejal delegado del \u00c1rea de Educaci\u00f3n, Participaci\u00f3n Ciudadana y Juventud del Ayuntamiento de Pamplona, Fernando Sesma; y el presidente de la Asociaci\u00f3n Tornamira, Javier Jim\u00e9nez. A continuaci\u00f3n, est\u00e1 prevista la conferencia inaugural, con el t\u00edtulo \u2018Fusi\u00f3n de informaci\u00f3n en el cerebro computacional y en el tratamiento de imagen m\u00e9dica: el caso de la COVID-19 en Navarra\u2019, a cargo del catedr\u00e1tico de la UPNA Humberto Bustince.<br \/>\n<script async src=\"\/\/pagead2.googlesyndication.com\/pagead\/js\/adsbygoogle.js\"><\/script><br \/>\n<!-- Noticias La Guia de Pamplona --><br \/>\n<ins class=\"adsbygoogle\"\nstyle=\"display:block\"\ndata-ad-client=\"ca-pub-6943679897239327\"\ndata-ad-slot=\"7048180777\"\ndata-ad-format=\"auto\"><\/ins><br \/>\n<script>\n(adsbygoogle = window.adsbygoogle || []).push({});\n<\/script><\/p>\n<p>La siguiente cita del programa, el viernes d\u00eda 4, por la tarde en el Aulario de la UPNA, se abre con la conferencia plenaria \u2018Planificaci\u00f3n y gesti\u00f3n de situaciones de aprendizaje competencial de las matem\u00e1ticas\u2019, por el catedr\u00e1tico de la Universidad de Girona Angel Alsina. Tras la conferencia habr\u00e1 exposici\u00f3n de materiales educativos en el vest\u00edbulo del Aulario y comunicaciones de experiencias docentes, en tres sesiones paralelas. Estas experiencias se agrupan en educaci\u00f3n Primaria, aprendizaje por proyectos y experiencias matem\u00e1ticas.<\/p>\n<p>El s\u00e1bado por la ma\u00f1ana, las jornadas proponen varios talleres, las presentaciones de innovaci\u00f3n educativa y la presentaci\u00f3n de Mates GG. El punto final es la conferencia de clausura \u2018Provocaciones de suelo bajo y techo alto\u2019, a cargo de Celia Calvo, profesora investigadora de la Universidad Aut\u00f3noma de Barcelona.<br \/>\n<script async src=\"\/\/pagead2.googlesyndication.com\/pagead\/js\/adsbygoogle.js\"><\/script><br \/>\n<!-- Noticias La Guia de Pamplona --><br \/>\n<ins class=\"adsbygoogle\"\nstyle=\"display:block\"\ndata-ad-client=\"ca-pub-6943679897239327\"\ndata-ad-slot=\"7048180777\"\ndata-ad-format=\"auto\"><\/ins><br \/>\n<script>\n(adsbygoogle = window.adsbygoogle || []).push({});\n<\/script><\/p>\n<p>&nbsp;<\/p>\n<h3>VII Jornadas de Ense\u00f1anza y Aprendizaje de las Matem\u00e1ticas en Navarra<\/h3>\n<ul>\n<li>Mi\u00e9rcoles 2 de noviembre. Palacio de Condestable. De 17 a 19 horas<\/li>\n<li>Viernes 4 de noviembre. Aulario de la Universidad P\u00fablica de Navarra. De 16 a 20 horas<\/li>\n<li>S\u00e1bado 5 de noviembre. Aulario de Universidad P\u00fablica de Navarra. De 9 a 14 horas<\/li>\n<\/ul>\n<p>&nbsp;<\/p>\n<p>Retos Matem\u00e1ticos Por Las Calles de Pamplona. S\u00e1bado 5, 11.30 horas<\/p>\n<ul>\n<li>Itinerarios disponibles: Casco Viejo, Iturrama, San Juan-Ermitaga\u00f1a, Txantrea y Mendillorri<\/li>\n<li>Se pueden consultar en la web <a href=\"https:\/\/pamplonaciudadeducadora.es\/programa-educativo\/rutas-matematicas-por-pamplona-calle-math\/\">Pamplona Ciudad Educadora<\/a><\/li>\n<li>En realizaci\u00f3n: Rochapea y San Jorge- Buztintxuri<\/li>\n<\/ul>\n","protected":false},"excerpt":{"rendered":"<p>Las jornadas, organizadas por la UPNA y la Asociaci\u00f3n de Profesores de Matem\u00e1ticas Tornamira, se inauguran hoy por la tarde en Condestable<\/p>\n","protected":false},"author":1,"featured_media":42077,"comment_status":"open","ping_status":"closed","sticky":false,"template":"","format":"standard","meta":{"footnotes":""},"categories":[2],"tags":[],"class_list":["post-42076","post","type-post","status-publish","format-standard","has-post-thumbnail","hentry","category-ayuntamiento-pamplona"],"yoast_head":"<!-- This site is optimized with the Yoast SEO plugin v27.3 - https:\/\/yoast.com\/product\/yoast-seo-wordpress\/ -->\n<title>El Ayuntamiento presenta el s\u00e1bado el programa \u2018Itinerarios Matem\u00e1ticos por Pamplona\u2019 en las VII Jornadas de ense\u00f1anza y aprendizaje de las matem\u00e1ticas en Navarra<\/title>\n<meta name=\"description\" content=\"Las jornadas, organizadas por la UPNA y la Asociaci\u00f3n de Profesores de Matem\u00e1ticas Tornamira, se inauguran hoy por la tarde en Condestable\" \/>\n<meta name=\"robots\" content=\"index, follow, max-snippet:-1, max-image-preview:large, max-video-preview:-1\" \/>\n<link rel=\"canonical\" href=\"https:\/\/www.laguiadepamplona.com\/actualidad\/el-ayuntamiento-presenta-el-sabado-el-programa-itinerarios-matematicos-por-pamplona-en-las-vii-jornadas-de-ensenanza-y-aprendizaje-de-las-matematicas-en-navarra\/\" \/>\n<meta property=\"og:locale\" content=\"es_ES\" \/>\n<meta property=\"og:type\" content=\"article\" \/>\n<meta property=\"og:title\" content=\"El Ayuntamiento presenta el s\u00e1bado el programa \u2018Itinerarios Matem\u00e1ticos por Pamplona\u2019 en las VII Jornadas de ense\u00f1anza y aprendizaje de las matem\u00e1ticas en Navarra\" \/>\n<meta property=\"og:description\" content=\"Las jornadas, organizadas por la UPNA y la Asociaci\u00f3n de Profesores de Matem\u00e1ticas Tornamira, se inauguran hoy por la tarde en Condestable\" \/>\n<meta property=\"og:url\" content=\"https:\/\/www.laguiadepamplona.com\/actualidad\/el-ayuntamiento-presenta-el-sabado-el-programa-itinerarios-matematicos-por-pamplona-en-las-vii-jornadas-de-ensenanza-y-aprendizaje-de-las-matematicas-en-navarra\/\" \/>\n<meta property=\"og:site_name\" content=\"La Gu\u00eda de Pamplona\" \/>\n<meta property=\"article:publisher\" content=\"https:\/\/www.facebook.com\/laguiadepamplonacom-133175176762273\/?ref=hl\" \/>\n<meta property=\"article:published_time\" content=\"2022-11-02T12:32:24+00:00\" \/>\n<meta property=\"article:modified_time\" content=\"2023-04-11T09:47:38+00:00\" \/>\n<meta property=\"og:image\" content=\"https:\/\/www.laguiadepamplona.com\/actualidad\/wp-content\/uploads\/2022\/11\/itinerarios-tematicos-pamplona.webp\" \/>\n\t<meta property=\"og:image:width\" content=\"1920\" \/>\n\t<meta property=\"og:image:height\" content=\"1281\" \/>\n\t<meta property=\"og:image:type\" content=\"image\/webp\" \/>\n<meta name=\"author\" content=\"La Gu\u00eda de Pamplona\" \/>\n<meta name=\"twitter:card\" content=\"summary_large_image\" \/>\n<meta name=\"twitter:creator\" content=\"@LaGuiadPamplona\" \/>\n<meta name=\"twitter:site\" content=\"@LaGuiadPamplona\" \/>\n<meta name=\"twitter:label1\" content=\"Escrito por\" \/>\n\t<meta name=\"twitter:data1\" content=\"La Gu\u00eda de Pamplona\" \/>\n\t<meta name=\"twitter:label2\" content=\"Tiempo de lectura\" \/>\n\t<meta name=\"twitter:data2\" content=\"4 minutos\" \/>\n<script type=\"application\/ld+json\" class=\"yoast-schema-graph\">{\"@context\":\"https:\\\/\\\/schema.org\",\"@graph\":[{\"@type\":\"Article\",\"@id\":\"https:\\\/\\\/www.laguiadepamplona.com\\\/actualidad\\\/el-ayuntamiento-presenta-el-sabado-el-programa-itinerarios-matematicos-por-pamplona-en-las-vii-jornadas-de-ensenanza-y-aprendizaje-de-las-matematicas-en-navarra\\\/#article\",\"isPartOf\":{\"@id\":\"https:\\\/\\\/www.laguiadepamplona.com\\\/actualidad\\\/el-ayuntamiento-presenta-el-sabado-el-programa-itinerarios-matematicos-por-pamplona-en-las-vii-jornadas-de-ensenanza-y-aprendizaje-de-las-matematicas-en-navarra\\\/\"},\"author\":{\"name\":\"La Gu\u00eda de Pamplona\",\"@id\":\"https:\\\/\\\/www.laguiadepamplona.com\\\/actualidad\\\/#\\\/schema\\\/person\\\/efe887376f0213d4657c93adc50b1fdb\"},\"headline\":\"El Ayuntamiento presenta el s\u00e1bado el programa \u2018Itinerarios Matem\u00e1ticos por Pamplona\u2019 en las VII Jornadas de ense\u00f1anza y aprendizaje de las matem\u00e1ticas en Navarra\",\"datePublished\":\"2022-11-02T12:32:24+00:00\",\"dateModified\":\"2023-04-11T09:47:38+00:00\",\"mainEntityOfPage\":{\"@id\":\"https:\\\/\\\/www.laguiadepamplona.com\\\/actualidad\\\/el-ayuntamiento-presenta-el-sabado-el-programa-itinerarios-matematicos-por-pamplona-en-las-vii-jornadas-de-ensenanza-y-aprendizaje-de-las-matematicas-en-navarra\\\/\"},\"wordCount\":919,\"commentCount\":0,\"publisher\":{\"@id\":\"https:\\\/\\\/www.laguiadepamplona.com\\\/actualidad\\\/#organization\"},\"image\":{\"@id\":\"https:\\\/\\\/www.laguiadepamplona.com\\\/actualidad\\\/el-ayuntamiento-presenta-el-sabado-el-programa-itinerarios-matematicos-por-pamplona-en-las-vii-jornadas-de-ensenanza-y-aprendizaje-de-las-matematicas-en-navarra\\\/#primaryimage\"},\"thumbnailUrl\":\"https:\\\/\\\/www.laguiadepamplona.com\\\/actualidad\\\/wp-content\\\/uploads\\\/2022\\\/11\\\/itinerarios-tematicos-pamplona.webp\",\"articleSection\":[\"Ayto Pamplona\"],\"inLanguage\":\"es\",\"potentialAction\":[{\"@type\":\"CommentAction\",\"name\":\"Comment\",\"target\":[\"https:\\\/\\\/www.laguiadepamplona.com\\\/actualidad\\\/el-ayuntamiento-presenta-el-sabado-el-programa-itinerarios-matematicos-por-pamplona-en-las-vii-jornadas-de-ensenanza-y-aprendizaje-de-las-matematicas-en-navarra\\\/#respond\"]}]},{\"@type\":\"WebPage\",\"@id\":\"https:\\\/\\\/www.laguiadepamplona.com\\\/actualidad\\\/el-ayuntamiento-presenta-el-sabado-el-programa-itinerarios-matematicos-por-pamplona-en-las-vii-jornadas-de-ensenanza-y-aprendizaje-de-las-matematicas-en-navarra\\\/\",\"url\":\"https:\\\/\\\/www.laguiadepamplona.com\\\/actualidad\\\/el-ayuntamiento-presenta-el-sabado-el-programa-itinerarios-matematicos-por-pamplona-en-las-vii-jornadas-de-ensenanza-y-aprendizaje-de-las-matematicas-en-navarra\\\/\",\"name\":\"El Ayuntamiento presenta el s\u00e1bado el programa \u2018Itinerarios Matem\u00e1ticos por Pamplona\u2019 en las VII Jornadas de ense\u00f1anza y aprendizaje de las matem\u00e1ticas en Navarra\",\"isPartOf\":{\"@id\":\"https:\\\/\\\/www.laguiadepamplona.com\\\/actualidad\\\/#website\"},\"primaryImageOfPage\":{\"@id\":\"https:\\\/\\\/www.laguiadepamplona.com\\\/actualidad\\\/el-ayuntamiento-presenta-el-sabado-el-programa-itinerarios-matematicos-por-pamplona-en-las-vii-jornadas-de-ensenanza-y-aprendizaje-de-las-matematicas-en-navarra\\\/#primaryimage\"},\"image\":{\"@id\":\"https:\\\/\\\/www.laguiadepamplona.com\\\/actualidad\\\/el-ayuntamiento-presenta-el-sabado-el-programa-itinerarios-matematicos-por-pamplona-en-las-vii-jornadas-de-ensenanza-y-aprendizaje-de-las-matematicas-en-navarra\\\/#primaryimage\"},\"thumbnailUrl\":\"https:\\\/\\\/www.laguiadepamplona.com\\\/actualidad\\\/wp-content\\\/uploads\\\/2022\\\/11\\\/itinerarios-tematicos-pamplona.webp\",\"datePublished\":\"2022-11-02T12:32:24+00:00\",\"dateModified\":\"2023-04-11T09:47:38+00:00\",\"description\":\"Las jornadas, organizadas por la UPNA y la Asociaci\u00f3n de Profesores de Matem\u00e1ticas Tornamira, se inauguran hoy por la tarde en Condestable\",\"breadcrumb\":{\"@id\":\"https:\\\/\\\/www.laguiadepamplona.com\\\/actualidad\\\/el-ayuntamiento-presenta-el-sabado-el-programa-itinerarios-matematicos-por-pamplona-en-las-vii-jornadas-de-ensenanza-y-aprendizaje-de-las-matematicas-en-navarra\\\/#breadcrumb\"},\"inLanguage\":\"es\",\"potentialAction\":[{\"@type\":\"ReadAction\",\"target\":[\"https:\\\/\\\/www.laguiadepamplona.com\\\/actualidad\\\/el-ayuntamiento-presenta-el-sabado-el-programa-itinerarios-matematicos-por-pamplona-en-las-vii-jornadas-de-ensenanza-y-aprendizaje-de-las-matematicas-en-navarra\\\/\"]}]},{\"@type\":\"ImageObject\",\"inLanguage\":\"es\",\"@id\":\"https:\\\/\\\/www.laguiadepamplona.com\\\/actualidad\\\/el-ayuntamiento-presenta-el-sabado-el-programa-itinerarios-matematicos-por-pamplona-en-las-vii-jornadas-de-ensenanza-y-aprendizaje-de-las-matematicas-en-navarra\\\/#primaryimage\",\"url\":\"https:\\\/\\\/www.laguiadepamplona.com\\\/actualidad\\\/wp-content\\\/uploads\\\/2022\\\/11\\\/itinerarios-tematicos-pamplona.webp\",\"contentUrl\":\"https:\\\/\\\/www.laguiadepamplona.com\\\/actualidad\\\/wp-content\\\/uploads\\\/2022\\\/11\\\/itinerarios-tematicos-pamplona.webp\",\"width\":1920,\"height\":1281},{\"@type\":\"BreadcrumbList\",\"@id\":\"https:\\\/\\\/www.laguiadepamplona.com\\\/actualidad\\\/el-ayuntamiento-presenta-el-sabado-el-programa-itinerarios-matematicos-por-pamplona-en-las-vii-jornadas-de-ensenanza-y-aprendizaje-de-las-matematicas-en-navarra\\\/#breadcrumb\",\"itemListElement\":[{\"@type\":\"ListItem\",\"position\":1,\"name\":\"Portada\",\"item\":\"https:\\\/\\\/www.laguiadepamplona.com\\\/actualidad\\\/\"},{\"@type\":\"ListItem\",\"position\":2,\"name\":\"El Ayuntamiento presenta el s\u00e1bado el programa \u2018Itinerarios Matem\u00e1ticos por Pamplona\u2019 en las VII Jornadas de ense\u00f1anza y aprendizaje de las matem\u00e1ticas en Navarra\"}]},{\"@type\":\"WebSite\",\"@id\":\"https:\\\/\\\/www.laguiadepamplona.com\\\/actualidad\\\/#website\",\"url\":\"https:\\\/\\\/www.laguiadepamplona.com\\\/actualidad\\\/\",\"name\":\"La gu\u00eda de Pamplona\",\"description\":\"Noticias de Pamplona\",\"publisher\":{\"@id\":\"https:\\\/\\\/www.laguiadepamplona.com\\\/actualidad\\\/#organization\"},\"potentialAction\":[{\"@type\":\"SearchAction\",\"target\":{\"@type\":\"EntryPoint\",\"urlTemplate\":\"https:\\\/\\\/www.laguiadepamplona.com\\\/actualidad\\\/?s={search_term_string}\"},\"query-input\":{\"@type\":\"PropertyValueSpecification\",\"valueRequired\":true,\"valueName\":\"search_term_string\"}}],\"inLanguage\":\"es\"},{\"@type\":\"Organization\",\"@id\":\"https:\\\/\\\/www.laguiadepamplona.com\\\/actualidad\\\/#organization\",\"name\":\"La Gu\u00eda de Pamplona \\\/ Noticias\",\"url\":\"https:\\\/\\\/www.laguiadepamplona.com\\\/actualidad\\\/\",\"logo\":{\"@type\":\"ImageObject\",\"inLanguage\":\"es\",\"@id\":\"https:\\\/\\\/www.laguiadepamplona.com\\\/actualidad\\\/#\\\/schema\\\/logo\\\/image\\\/\",\"url\":\"https:\\\/\\\/www.laguiadepamplona.com\\\/actualidad\\\/wp-content\\\/uploads\\\/2018\\\/11\\\/logo-laguiadepamplona18-web1.png\",\"contentUrl\":\"https:\\\/\\\/www.laguiadepamplona.com\\\/actualidad\\\/wp-content\\\/uploads\\\/2018\\\/11\\\/logo-laguiadepamplona18-web1.png\",\"width\":600,\"height\":196,\"caption\":\"La Gu\u00eda de Pamplona \\\/ Noticias\"},\"image\":{\"@id\":\"https:\\\/\\\/www.laguiadepamplona.com\\\/actualidad\\\/#\\\/schema\\\/logo\\\/image\\\/\"},\"sameAs\":[\"https:\\\/\\\/www.facebook.com\\\/laguiadepamplonacom-133175176762273\\\/?ref=hl\",\"https:\\\/\\\/x.com\\\/LaGuiadPamplona\",\"https:\\\/\\\/www.instagram.com\\\/la_guia_de_pamplona\\\/\",\"https:\\\/\\\/www.youtube.com\\\/user\\\/laguiadepamplona\"]},{\"@type\":\"Person\",\"@id\":\"https:\\\/\\\/www.laguiadepamplona.com\\\/actualidad\\\/#\\\/schema\\\/person\\\/efe887376f0213d4657c93adc50b1fdb\",\"name\":\"La Gu\u00eda de Pamplona\",\"image\":{\"@type\":\"ImageObject\",\"inLanguage\":\"es\",\"@id\":\"https:\\\/\\\/secure.gravatar.com\\\/avatar\\\/b6992f131dc8d30ab0dff15446e9d346d9dbd95992de0fef795073f5ea83a81c?s=96&d=mm&r=g\",\"url\":\"https:\\\/\\\/secure.gravatar.com\\\/avatar\\\/b6992f131dc8d30ab0dff15446e9d346d9dbd95992de0fef795073f5ea83a81c?s=96&d=mm&r=g\",\"contentUrl\":\"https:\\\/\\\/secure.gravatar.com\\\/avatar\\\/b6992f131dc8d30ab0dff15446e9d346d9dbd95992de0fef795073f5ea83a81c?s=96&d=mm&r=g\",\"caption\":\"La Gu\u00eda de Pamplona\"}}]}<\/script>\n<!-- \/ Yoast SEO plugin. -->","yoast_head_json":{"title":"El Ayuntamiento presenta el s\u00e1bado el programa \u2018Itinerarios Matem\u00e1ticos por Pamplona\u2019 en las VII Jornadas de ense\u00f1anza y aprendizaje de las matem\u00e1ticas en Navarra","description":"Las jornadas, organizadas por la UPNA y la Asociaci\u00f3n de Profesores de Matem\u00e1ticas Tornamira, se inauguran hoy por la tarde en Condestable","robots":{"index":"index","follow":"follow","max-snippet":"max-snippet:-1","max-image-preview":"max-image-preview:large","max-video-preview":"max-video-preview:-1"},"canonical":"https:\/\/www.laguiadepamplona.com\/actualidad\/el-ayuntamiento-presenta-el-sabado-el-programa-itinerarios-matematicos-por-pamplona-en-las-vii-jornadas-de-ensenanza-y-aprendizaje-de-las-matematicas-en-navarra\/","og_locale":"es_ES","og_type":"article","og_title":"El Ayuntamiento presenta el s\u00e1bado el programa \u2018Itinerarios Matem\u00e1ticos por Pamplona\u2019 en las VII Jornadas de ense\u00f1anza y aprendizaje de las matem\u00e1ticas en Navarra","og_description":"Las jornadas, organizadas por la UPNA y la Asociaci\u00f3n de Profesores de Matem\u00e1ticas Tornamira, se inauguran hoy por la tarde en Condestable","og_url":"https:\/\/www.laguiadepamplona.com\/actualidad\/el-ayuntamiento-presenta-el-sabado-el-programa-itinerarios-matematicos-por-pamplona-en-las-vii-jornadas-de-ensenanza-y-aprendizaje-de-las-matematicas-en-navarra\/","og_site_name":"La Gu\u00eda de Pamplona","article_publisher":"https:\/\/www.facebook.com\/laguiadepamplonacom-133175176762273\/?ref=hl","article_published_time":"2022-11-02T12:32:24+00:00","article_modified_time":"2023-04-11T09:47:38+00:00","og_image":[{"width":1920,"height":1281,"url":"https:\/\/www.laguiadepamplona.com\/actualidad\/wp-content\/uploads\/2022\/11\/itinerarios-tematicos-pamplona.webp","type":"image\/webp"}],"author":"La Gu\u00eda de Pamplona","twitter_card":"summary_large_image","twitter_creator":"@LaGuiadPamplona","twitter_site":"@LaGuiadPamplona","twitter_misc":{"Escrito por":"La Gu\u00eda de Pamplona","Tiempo de lectura":"4 minutos"},"schema":{"@context":"https:\/\/schema.org","@graph":[{"@type":"Article","@id":"https:\/\/www.laguiadepamplona.com\/actualidad\/el-ayuntamiento-presenta-el-sabado-el-programa-itinerarios-matematicos-por-pamplona-en-las-vii-jornadas-de-ensenanza-y-aprendizaje-de-las-matematicas-en-navarra\/#article","isPartOf":{"@id":"https:\/\/www.laguiadepamplona.com\/actualidad\/el-ayuntamiento-presenta-el-sabado-el-programa-itinerarios-matematicos-por-pamplona-en-las-vii-jornadas-de-ensenanza-y-aprendizaje-de-las-matematicas-en-navarra\/"},"author":{"name":"La Gu\u00eda de Pamplona","@id":"https:\/\/www.laguiadepamplona.com\/actualidad\/#\/schema\/person\/efe887376f0213d4657c93adc50b1fdb"},"headline":"El Ayuntamiento presenta el s\u00e1bado el programa \u2018Itinerarios Matem\u00e1ticos por Pamplona\u2019 en las VII Jornadas de ense\u00f1anza y aprendizaje de las matem\u00e1ticas en Navarra","datePublished":"2022-11-02T12:32:24+00:00","dateModified":"2023-04-11T09:47:38+00:00","mainEntityOfPage":{"@id":"https:\/\/www.laguiadepamplona.com\/actualidad\/el-ayuntamiento-presenta-el-sabado-el-programa-itinerarios-matematicos-por-pamplona-en-las-vii-jornadas-de-ensenanza-y-aprendizaje-de-las-matematicas-en-navarra\/"},"wordCount":919,"commentCount":0,"publisher":{"@id":"https:\/\/www.laguiadepamplona.com\/actualidad\/#organization"},"image":{"@id":"https:\/\/www.laguiadepamplona.com\/actualidad\/el-ayuntamiento-presenta-el-sabado-el-programa-itinerarios-matematicos-por-pamplona-en-las-vii-jornadas-de-ensenanza-y-aprendizaje-de-las-matematicas-en-navarra\/#primaryimage"},"thumbnailUrl":"https:\/\/www.laguiadepamplona.com\/actualidad\/wp-content\/uploads\/2022\/11\/itinerarios-tematicos-pamplona.webp","articleSection":["Ayto Pamplona"],"inLanguage":"es","potentialAction":[{"@type":"CommentAction","name":"Comment","target":["https:\/\/www.laguiadepamplona.com\/actualidad\/el-ayuntamiento-presenta-el-sabado-el-programa-itinerarios-matematicos-por-pamplona-en-las-vii-jornadas-de-ensenanza-y-aprendizaje-de-las-matematicas-en-navarra\/#respond"]}]},{"@type":"WebPage","@id":"https:\/\/www.laguiadepamplona.com\/actualidad\/el-ayuntamiento-presenta-el-sabado-el-programa-itinerarios-matematicos-por-pamplona-en-las-vii-jornadas-de-ensenanza-y-aprendizaje-de-las-matematicas-en-navarra\/","url":"https:\/\/www.laguiadepamplona.com\/actualidad\/el-ayuntamiento-presenta-el-sabado-el-programa-itinerarios-matematicos-por-pamplona-en-las-vii-jornadas-de-ensenanza-y-aprendizaje-de-las-matematicas-en-navarra\/","name":"El Ayuntamiento presenta el s\u00e1bado el programa \u2018Itinerarios Matem\u00e1ticos por Pamplona\u2019 en las VII Jornadas de ense\u00f1anza y aprendizaje de las matem\u00e1ticas en Navarra","isPartOf":{"@id":"https:\/\/www.laguiadepamplona.com\/actualidad\/#website"},"primaryImageOfPage":{"@id":"https:\/\/www.laguiadepamplona.com\/actualidad\/el-ayuntamiento-presenta-el-sabado-el-programa-itinerarios-matematicos-por-pamplona-en-las-vii-jornadas-de-ensenanza-y-aprendizaje-de-las-matematicas-en-navarra\/#primaryimage"},"image":{"@id":"https:\/\/www.laguiadepamplona.com\/actualidad\/el-ayuntamiento-presenta-el-sabado-el-programa-itinerarios-matematicos-por-pamplona-en-las-vii-jornadas-de-ensenanza-y-aprendizaje-de-las-matematicas-en-navarra\/#primaryimage"},"thumbnailUrl":"https:\/\/www.laguiadepamplona.com\/actualidad\/wp-content\/uploads\/2022\/11\/itinerarios-tematicos-pamplona.webp","datePublished":"2022-11-02T12:32:24+00:00","dateModified":"2023-04-11T09:47:38+00:00","description":"Las jornadas, organizadas por la UPNA y la Asociaci\u00f3n de Profesores de Matem\u00e1ticas Tornamira, se inauguran hoy por la tarde en Condestable","breadcrumb":{"@id":"https:\/\/www.laguiadepamplona.com\/actualidad\/el-ayuntamiento-presenta-el-sabado-el-programa-itinerarios-matematicos-por-pamplona-en-las-vii-jornadas-de-ensenanza-y-aprendizaje-de-las-matematicas-en-navarra\/#breadcrumb"},"inLanguage":"es","potentialAction":[{"@type":"ReadAction","target":["https:\/\/www.laguiadepamplona.com\/actualidad\/el-ayuntamiento-presenta-el-sabado-el-programa-itinerarios-matematicos-por-pamplona-en-las-vii-jornadas-de-ensenanza-y-aprendizaje-de-las-matematicas-en-navarra\/"]}]},{"@type":"ImageObject","inLanguage":"es","@id":"https:\/\/www.laguiadepamplona.com\/actualidad\/el-ayuntamiento-presenta-el-sabado-el-programa-itinerarios-matematicos-por-pamplona-en-las-vii-jornadas-de-ensenanza-y-aprendizaje-de-las-matematicas-en-navarra\/#primaryimage","url":"https:\/\/www.laguiadepamplona.com\/actualidad\/wp-content\/uploads\/2022\/11\/itinerarios-tematicos-pamplona.webp","contentUrl":"https:\/\/www.laguiadepamplona.com\/actualidad\/wp-content\/uploads\/2022\/11\/itinerarios-tematicos-pamplona.webp","width":1920,"height":1281},{"@type":"BreadcrumbList","@id":"https:\/\/www.laguiadepamplona.com\/actualidad\/el-ayuntamiento-presenta-el-sabado-el-programa-itinerarios-matematicos-por-pamplona-en-las-vii-jornadas-de-ensenanza-y-aprendizaje-de-las-matematicas-en-navarra\/#breadcrumb","itemListElement":[{"@type":"ListItem","position":1,"name":"Portada","item":"https:\/\/www.laguiadepamplona.com\/actualidad\/"},{"@type":"ListItem","position":2,"name":"El Ayuntamiento presenta el s\u00e1bado el programa \u2018Itinerarios Matem\u00e1ticos por Pamplona\u2019 en las VII Jornadas de ense\u00f1anza y aprendizaje de las matem\u00e1ticas en Navarra"}]},{"@type":"WebSite","@id":"https:\/\/www.laguiadepamplona.com\/actualidad\/#website","url":"https:\/\/www.laguiadepamplona.com\/actualidad\/","name":"La gu\u00eda de Pamplona","description":"Noticias de Pamplona","publisher":{"@id":"https:\/\/www.laguiadepamplona.com\/actualidad\/#organization"},"potentialAction":[{"@type":"SearchAction","target":{"@type":"EntryPoint","urlTemplate":"https:\/\/www.laguiadepamplona.com\/actualidad\/?s={search_term_string}"},"query-input":{"@type":"PropertyValueSpecification","valueRequired":true,"valueName":"search_term_string"}}],"inLanguage":"es"},{"@type":"Organization","@id":"https:\/\/www.laguiadepamplona.com\/actualidad\/#organization","name":"La Gu\u00eda de Pamplona \/ Noticias","url":"https:\/\/www.laguiadepamplona.com\/actualidad\/","logo":{"@type":"ImageObject","inLanguage":"es","@id":"https:\/\/www.laguiadepamplona.com\/actualidad\/#\/schema\/logo\/image\/","url":"https:\/\/www.laguiadepamplona.com\/actualidad\/wp-content\/uploads\/2018\/11\/logo-laguiadepamplona18-web1.png","contentUrl":"https:\/\/www.laguiadepamplona.com\/actualidad\/wp-content\/uploads\/2018\/11\/logo-laguiadepamplona18-web1.png","width":600,"height":196,"caption":"La Gu\u00eda de Pamplona \/ Noticias"},"image":{"@id":"https:\/\/www.laguiadepamplona.com\/actualidad\/#\/schema\/logo\/image\/"},"sameAs":["https:\/\/www.facebook.com\/laguiadepamplonacom-133175176762273\/?ref=hl","https:\/\/x.com\/LaGuiadPamplona","https:\/\/www.instagram.com\/la_guia_de_pamplona\/","https:\/\/www.youtube.com\/user\/laguiadepamplona"]},{"@type":"Person","@id":"https:\/\/www.laguiadepamplona.com\/actualidad\/#\/schema\/person\/efe887376f0213d4657c93adc50b1fdb","name":"La Gu\u00eda de Pamplona","image":{"@type":"ImageObject","inLanguage":"es","@id":"https:\/\/secure.gravatar.com\/avatar\/b6992f131dc8d30ab0dff15446e9d346d9dbd95992de0fef795073f5ea83a81c?s=96&d=mm&r=g","url":"https:\/\/secure.gravatar.com\/avatar\/b6992f131dc8d30ab0dff15446e9d346d9dbd95992de0fef795073f5ea83a81c?s=96&d=mm&r=g","contentUrl":"https:\/\/secure.gravatar.com\/avatar\/b6992f131dc8d30ab0dff15446e9d346d9dbd95992de0fef795073f5ea83a81c?s=96&d=mm&r=g","caption":"La Gu\u00eda de Pamplona"}}]}},"post_mailing_queue_ids":[],"_links":{"self":[{"href":"https:\/\/www.laguiadepamplona.com\/actualidad\/wp-json\/wp\/v2\/posts\/42076","targetHints":{"allow":["GET"]}}],"collection":[{"href":"https:\/\/www.laguiadepamplona.com\/actualidad\/wp-json\/wp\/v2\/posts"}],"about":[{"href":"https:\/\/www.laguiadepamplona.com\/actualidad\/wp-json\/wp\/v2\/types\/post"}],"author":[{"embeddable":true,"href":"https:\/\/www.laguiadepamplona.com\/actualidad\/wp-json\/wp\/v2\/users\/1"}],"replies":[{"embeddable":true,"href":"https:\/\/www.laguiadepamplona.com\/actualidad\/wp-json\/wp\/v2\/comments?post=42076"}],"version-history":[{"count":0,"href":"https:\/\/www.laguiadepamplona.com\/actualidad\/wp-json\/wp\/v2\/posts\/42076\/revisions"}],"wp:featuredmedia":[{"embeddable":true,"href":"https:\/\/www.laguiadepamplona.com\/actualidad\/wp-json\/wp\/v2\/media\/42077"}],"wp:attachment":[{"href":"https:\/\/www.laguiadepamplona.com\/actualidad\/wp-json\/wp\/v2\/media?parent=42076"}],"wp:term":[{"taxonomy":"category","embeddable":true,"href":"https:\/\/www.laguiadepamplona.com\/actualidad\/wp-json\/wp\/v2\/categories?post=42076"},{"taxonomy":"post_tag","embeddable":true,"href":"https:\/\/www.laguiadepamplona.com\/actualidad\/wp-json\/wp\/v2\/tags?post=42076"}],"curies":[{"name":"wp","href":"https:\/\/api.w.org\/{rel}","templated":true}]}}