{"id":42072,"date":"2022-10-28T17:16:02","date_gmt":"2022-10-28T15:16:02","guid":{"rendered":"https:\/\/www.laguiadepamplona.com\/actualidad\/?p=42072"},"modified":"2023-04-11T11:47:38","modified_gmt":"2023-04-11T09:47:38","slug":"el-ayuntamiento-destinara-249-858-euros-para-contratar-el-servicio-de-dinamizacion-de-la-participacion-de-zentro","status":"publish","type":"post","link":"https:\/\/www.laguiadepamplona.com\/actualidad\/el-ayuntamiento-destinara-249-858-euros-para-contratar-el-servicio-de-dinamizacion-de-la-participacion-de-zentro\/","title":{"rendered":"El Ayuntamiento destinar\u00e1 249.858 euros para contratar el Servicio de Dinamizaci\u00f3n de la Participaci\u00f3n de Zentro"},"content":{"rendered":"<h5>El objetivo es promover la participaci\u00f3n de la ciudadan\u00eda, asociaciones, colectivos y entidades<\/h5>\n<p><!--more--><\/p>\n<p>La Junta de Gobierno Local del Ayuntamiento de Pamplona ha acordado destinar un total de 249.858,22 euros para el desarrollo del Servicio de Dinamizaci\u00f3n de la Participaci\u00f3n Ciudadana, con el que se quiere impulsar la colaboraci\u00f3n de personas, asociaciones, colectivos y entidades en la vida municipal. Se trata de una actividad que forma parte del Centro de Participaci\u00f3n Ciudadana del Ayuntamiento, Zentro, con sede en el Palacio de Condestable. La adjudicaci\u00f3n, que ha reca\u00eddo en Sedena, ir\u00e1 desde el 1 de noviembre hasta el 31 de octubre de pr\u00f3ximo a\u00f1o.<br \/>\n<script async src=\"\/\/pagead2.googlesyndication.com\/pagead\/js\/adsbygoogle.js\"><\/script><br \/>\n<!-- Noticias La Guia de Pamplona --><br \/>\n<ins class=\"adsbygoogle\"\nstyle=\"display:block\"\ndata-ad-client=\"ca-pub-6943679897239327\"\ndata-ad-slot=\"7048180777\"\ndata-ad-format=\"auto\"><\/ins><br \/>\n<script>\n(adsbygoogle = window.adsbygoogle || []).push({});\n<\/script><\/p>\n<p>Este servicio apoya y dinamiza los diferentes espacios, mecanismos y formas de participaci\u00f3n ciudadana que desarrolla el Ayuntamiento. Adem\u00e1s, asiste t\u00e9cnicamente a los servicios municipales para impulsar y favorecer procesos de transformaci\u00f3n e innovaci\u00f3n social en la comunidad local y presta asistencia a las asociaciones ciudadanas que le demandan ayuda, informaci\u00f3n o colaboraci\u00f3n para el desarrollo o puesta en marcha de sus propias actividades. Se trata, en definitiva, de lograr una ciudadan\u00eda activa, comprometida e implicada en el desarrollo de la comunidad local.<\/p>\n<p>En este sentido, el servicio promueve la participaci\u00f3n a trav\u00e9s de los servicios, \u00f3rganos, procesos, mecanismos y canales participativos del Ayuntamiento; colabora en el dise\u00f1o, programaci\u00f3n, desarrollo y evaluaci\u00f3n de esos procesos y actuaciones; identifica y analiza las caracter\u00edsticas y necesidades del municipio en materia de participaci\u00f3n; establece y mantiene relaci\u00f3n con los principales agentes del municipio dinamizando su relaci\u00f3n rec\u00edproca; o interviene, apoya y acompa\u00f1a la creaci\u00f3n y desarrollo del tejido asociativo.<br \/>\n<script async src=\"\/\/pagead2.googlesyndication.com\/pagead\/js\/adsbygoogle.js\"><\/script><br \/>\n<!-- Noticias La Guia de Pamplona --><br \/>\n<ins class=\"adsbygoogle\"\nstyle=\"display:block\"\ndata-ad-client=\"ca-pub-6943679897239327\"\ndata-ad-slot=\"7048180777\"\ndata-ad-format=\"auto\"><\/ins><br \/>\n<script>\n(adsbygoogle = window.adsbygoogle || []).push({});\n<\/script><\/p>\n<p>Entre las actividades incluidas en el Servicio de Dinamizaci\u00f3n se encuentra la organizaci\u00f3n de sesiones de participaci\u00f3n, la preparaci\u00f3n de materiales, el establecimiento de relaciones con agentes comunitarios y la organizaci\u00f3n de cursos de formaci\u00f3n sobre facilitaci\u00f3n y din\u00e1micas participativas, dentro de las programaciones trimestrales de los cursos municipales de formaci\u00f3n en Participaci\u00f3n Ciudadana del \u00c1rea, dirigidos a asociaciones, colectivos y ciudadan\u00eda en general.<\/p>\n","protected":false},"excerpt":{"rendered":"<p>El objetivo es promover la participaci\u00f3n de la ciudadan\u00eda, asociaciones, colectivos y entidades<\/p>\n","protected":false},"author":1,"featured_media":16811,"comment_status":"open","ping_status":"closed","sticky":false,"template":"","format":"standard","meta":{"footnotes":""},"categories":[2],"tags":[],"class_list":["post-42072","post","type-post","status-publish","format-standard","has-post-thumbnail","hentry","category-ayuntamiento-pamplona"],"yoast_head":"<!-- This site is optimized with the Yoast SEO plugin v27.3 - https:\/\/yoast.com\/product\/yoast-seo-wordpress\/ -->\n<title>El Ayuntamiento destinar\u00e1 249.858 euros para contratar el Servicio de Dinamizaci\u00f3n de la Participaci\u00f3n de Zentro<\/title>\n<meta name=\"description\" content=\"El objetivo es promover la participaci\u00f3n de la ciudadan\u00eda, asociaciones, colectivos y entidades\" \/>\n<meta name=\"robots\" content=\"index, follow, max-snippet:-1, max-image-preview:large, max-video-preview:-1\" \/>\n<link rel=\"canonical\" href=\"https:\/\/www.laguiadepamplona.com\/actualidad\/el-ayuntamiento-destinara-249-858-euros-para-contratar-el-servicio-de-dinamizacion-de-la-participacion-de-zentro\/\" \/>\n<meta property=\"og:locale\" content=\"es_ES\" \/>\n<meta property=\"og:type\" content=\"article\" \/>\n<meta property=\"og:title\" content=\"El Ayuntamiento destinar\u00e1 249.858 euros para contratar el Servicio de Dinamizaci\u00f3n de la Participaci\u00f3n de Zentro\" \/>\n<meta property=\"og:description\" content=\"El objetivo es promover la participaci\u00f3n de la ciudadan\u00eda, asociaciones, colectivos y entidades\" \/>\n<meta property=\"og:url\" content=\"https:\/\/www.laguiadepamplona.com\/actualidad\/el-ayuntamiento-destinara-249-858-euros-para-contratar-el-servicio-de-dinamizacion-de-la-participacion-de-zentro\/\" \/>\n<meta property=\"og:site_name\" content=\"La Gu\u00eda de Pamplona\" \/>\n<meta property=\"article:publisher\" content=\"https:\/\/www.facebook.com\/laguiadepamplonacom-133175176762273\/?ref=hl\" \/>\n<meta property=\"article:published_time\" content=\"2022-10-28T15:16:02+00:00\" \/>\n<meta property=\"article:modified_time\" content=\"2023-04-11T09:47:38+00:00\" \/>\n<meta property=\"og:image\" content=\"https:\/\/www.laguiadepamplona.com\/actualidad\/wp-content\/uploads\/2018\/04\/18.04.05_Zentro.jpg\" \/>\n\t<meta property=\"og:image:width\" content=\"1000\" \/>\n\t<meta property=\"og:image:height\" content=\"668\" \/>\n\t<meta property=\"og:image:type\" content=\"image\/jpeg\" \/>\n<meta name=\"author\" content=\"La Gu\u00eda de Pamplona\" \/>\n<meta name=\"twitter:card\" content=\"summary_large_image\" \/>\n<meta name=\"twitter:creator\" content=\"@LaGuiadPamplona\" \/>\n<meta name=\"twitter:site\" content=\"@LaGuiadPamplona\" \/>\n<meta name=\"twitter:label1\" content=\"Escrito por\" \/>\n\t<meta name=\"twitter:data1\" content=\"La Gu\u00eda de Pamplona\" \/>\n\t<meta name=\"twitter:label2\" content=\"Tiempo de lectura\" \/>\n\t<meta name=\"twitter:data2\" content=\"2 minutos\" \/>\n<script type=\"application\/ld+json\" class=\"yoast-schema-graph\">{\"@context\":\"https:\\\/\\\/schema.org\",\"@graph\":[{\"@type\":\"Article\",\"@id\":\"https:\\\/\\\/www.laguiadepamplona.com\\\/actualidad\\\/el-ayuntamiento-destinara-249-858-euros-para-contratar-el-servicio-de-dinamizacion-de-la-participacion-de-zentro\\\/#article\",\"isPartOf\":{\"@id\":\"https:\\\/\\\/www.laguiadepamplona.com\\\/actualidad\\\/el-ayuntamiento-destinara-249-858-euros-para-contratar-el-servicio-de-dinamizacion-de-la-participacion-de-zentro\\\/\"},\"author\":{\"name\":\"La Gu\u00eda de Pamplona\",\"@id\":\"https:\\\/\\\/www.laguiadepamplona.com\\\/actualidad\\\/#\\\/schema\\\/person\\\/efe887376f0213d4657c93adc50b1fdb\"},\"headline\":\"El Ayuntamiento destinar\u00e1 249.858 euros para contratar el Servicio de Dinamizaci\u00f3n de la Participaci\u00f3n de Zentro\",\"datePublished\":\"2022-10-28T15:16:02+00:00\",\"dateModified\":\"2023-04-11T09:47:38+00:00\",\"mainEntityOfPage\":{\"@id\":\"https:\\\/\\\/www.laguiadepamplona.com\\\/actualidad\\\/el-ayuntamiento-destinara-249-858-euros-para-contratar-el-servicio-de-dinamizacion-de-la-participacion-de-zentro\\\/\"},\"wordCount\":378,\"commentCount\":0,\"publisher\":{\"@id\":\"https:\\\/\\\/www.laguiadepamplona.com\\\/actualidad\\\/#organization\"},\"image\":{\"@id\":\"https:\\\/\\\/www.laguiadepamplona.com\\\/actualidad\\\/el-ayuntamiento-destinara-249-858-euros-para-contratar-el-servicio-de-dinamizacion-de-la-participacion-de-zentro\\\/#primaryimage\"},\"thumbnailUrl\":\"https:\\\/\\\/www.laguiadepamplona.com\\\/actualidad\\\/wp-content\\\/uploads\\\/2018\\\/04\\\/18.04.05_Zentro.jpg\",\"articleSection\":[\"Ayto Pamplona\"],\"inLanguage\":\"es\",\"potentialAction\":[{\"@type\":\"CommentAction\",\"name\":\"Comment\",\"target\":[\"https:\\\/\\\/www.laguiadepamplona.com\\\/actualidad\\\/el-ayuntamiento-destinara-249-858-euros-para-contratar-el-servicio-de-dinamizacion-de-la-participacion-de-zentro\\\/#respond\"]}]},{\"@type\":\"WebPage\",\"@id\":\"https:\\\/\\\/www.laguiadepamplona.com\\\/actualidad\\\/el-ayuntamiento-destinara-249-858-euros-para-contratar-el-servicio-de-dinamizacion-de-la-participacion-de-zentro\\\/\",\"url\":\"https:\\\/\\\/www.laguiadepamplona.com\\\/actualidad\\\/el-ayuntamiento-destinara-249-858-euros-para-contratar-el-servicio-de-dinamizacion-de-la-participacion-de-zentro\\\/\",\"name\":\"El Ayuntamiento destinar\u00e1 249.858 euros para contratar el Servicio de Dinamizaci\u00f3n de la Participaci\u00f3n de Zentro\",\"isPartOf\":{\"@id\":\"https:\\\/\\\/www.laguiadepamplona.com\\\/actualidad\\\/#website\"},\"primaryImageOfPage\":{\"@id\":\"https:\\\/\\\/www.laguiadepamplona.com\\\/actualidad\\\/el-ayuntamiento-destinara-249-858-euros-para-contratar-el-servicio-de-dinamizacion-de-la-participacion-de-zentro\\\/#primaryimage\"},\"image\":{\"@id\":\"https:\\\/\\\/www.laguiadepamplona.com\\\/actualidad\\\/el-ayuntamiento-destinara-249-858-euros-para-contratar-el-servicio-de-dinamizacion-de-la-participacion-de-zentro\\\/#primaryimage\"},\"thumbnailUrl\":\"https:\\\/\\\/www.laguiadepamplona.com\\\/actualidad\\\/wp-content\\\/uploads\\\/2018\\\/04\\\/18.04.05_Zentro.jpg\",\"datePublished\":\"2022-10-28T15:16:02+00:00\",\"dateModified\":\"2023-04-11T09:47:38+00:00\",\"description\":\"El objetivo es promover la participaci\u00f3n de la ciudadan\u00eda, asociaciones, colectivos y entidades\",\"breadcrumb\":{\"@id\":\"https:\\\/\\\/www.laguiadepamplona.com\\\/actualidad\\\/el-ayuntamiento-destinara-249-858-euros-para-contratar-el-servicio-de-dinamizacion-de-la-participacion-de-zentro\\\/#breadcrumb\"},\"inLanguage\":\"es\",\"potentialAction\":[{\"@type\":\"ReadAction\",\"target\":[\"https:\\\/\\\/www.laguiadepamplona.com\\\/actualidad\\\/el-ayuntamiento-destinara-249-858-euros-para-contratar-el-servicio-de-dinamizacion-de-la-participacion-de-zentro\\\/\"]}]},{\"@type\":\"ImageObject\",\"inLanguage\":\"es\",\"@id\":\"https:\\\/\\\/www.laguiadepamplona.com\\\/actualidad\\\/el-ayuntamiento-destinara-249-858-euros-para-contratar-el-servicio-de-dinamizacion-de-la-participacion-de-zentro\\\/#primaryimage\",\"url\":\"https:\\\/\\\/www.laguiadepamplona.com\\\/actualidad\\\/wp-content\\\/uploads\\\/2018\\\/04\\\/18.04.05_Zentro.jpg\",\"contentUrl\":\"https:\\\/\\\/www.laguiadepamplona.com\\\/actualidad\\\/wp-content\\\/uploads\\\/2018\\\/04\\\/18.04.05_Zentro.jpg\",\"width\":1000,\"height\":668},{\"@type\":\"BreadcrumbList\",\"@id\":\"https:\\\/\\\/www.laguiadepamplona.com\\\/actualidad\\\/el-ayuntamiento-destinara-249-858-euros-para-contratar-el-servicio-de-dinamizacion-de-la-participacion-de-zentro\\\/#breadcrumb\",\"itemListElement\":[{\"@type\":\"ListItem\",\"position\":1,\"name\":\"Portada\",\"item\":\"https:\\\/\\\/www.laguiadepamplona.com\\\/actualidad\\\/\"},{\"@type\":\"ListItem\",\"position\":2,\"name\":\"El Ayuntamiento destinar\u00e1 249.858 euros para contratar el Servicio de Dinamizaci\u00f3n de la Participaci\u00f3n de Zentro\"}]},{\"@type\":\"WebSite\",\"@id\":\"https:\\\/\\\/www.laguiadepamplona.com\\\/actualidad\\\/#website\",\"url\":\"https:\\\/\\\/www.laguiadepamplona.com\\\/actualidad\\\/\",\"name\":\"La gu\u00eda de Pamplona\",\"description\":\"Noticias de Pamplona\",\"publisher\":{\"@id\":\"https:\\\/\\\/www.laguiadepamplona.com\\\/actualidad\\\/#organization\"},\"potentialAction\":[{\"@type\":\"SearchAction\",\"target\":{\"@type\":\"EntryPoint\",\"urlTemplate\":\"https:\\\/\\\/www.laguiadepamplona.com\\\/actualidad\\\/?s={search_term_string}\"},\"query-input\":{\"@type\":\"PropertyValueSpecification\",\"valueRequired\":true,\"valueName\":\"search_term_string\"}}],\"inLanguage\":\"es\"},{\"@type\":\"Organization\",\"@id\":\"https:\\\/\\\/www.laguiadepamplona.com\\\/actualidad\\\/#organization\",\"name\":\"La Gu\u00eda de Pamplona \\\/ Noticias\",\"url\":\"https:\\\/\\\/www.laguiadepamplona.com\\\/actualidad\\\/\",\"logo\":{\"@type\":\"ImageObject\",\"inLanguage\":\"es\",\"@id\":\"https:\\\/\\\/www.laguiadepamplona.com\\\/actualidad\\\/#\\\/schema\\\/logo\\\/image\\\/\",\"url\":\"https:\\\/\\\/www.laguiadepamplona.com\\\/actualidad\\\/wp-content\\\/uploads\\\/2018\\\/11\\\/logo-laguiadepamplona18-web1.png\",\"contentUrl\":\"https:\\\/\\\/www.laguiadepamplona.com\\\/actualidad\\\/wp-content\\\/uploads\\\/2018\\\/11\\\/logo-laguiadepamplona18-web1.png\",\"width\":600,\"height\":196,\"caption\":\"La Gu\u00eda de Pamplona \\\/ Noticias\"},\"image\":{\"@id\":\"https:\\\/\\\/www.laguiadepamplona.com\\\/actualidad\\\/#\\\/schema\\\/logo\\\/image\\\/\"},\"sameAs\":[\"https:\\\/\\\/www.facebook.com\\\/laguiadepamplonacom-133175176762273\\\/?ref=hl\",\"https:\\\/\\\/x.com\\\/LaGuiadPamplona\",\"https:\\\/\\\/www.instagram.com\\\/la_guia_de_pamplona\\\/\",\"https:\\\/\\\/www.youtube.com\\\/user\\\/laguiadepamplona\"]},{\"@type\":\"Person\",\"@id\":\"https:\\\/\\\/www.laguiadepamplona.com\\\/actualidad\\\/#\\\/schema\\\/person\\\/efe887376f0213d4657c93adc50b1fdb\",\"name\":\"La Gu\u00eda de Pamplona\",\"image\":{\"@type\":\"ImageObject\",\"inLanguage\":\"es\",\"@id\":\"https:\\\/\\\/secure.gravatar.com\\\/avatar\\\/b6992f131dc8d30ab0dff15446e9d346d9dbd95992de0fef795073f5ea83a81c?s=96&d=mm&r=g\",\"url\":\"https:\\\/\\\/secure.gravatar.com\\\/avatar\\\/b6992f131dc8d30ab0dff15446e9d346d9dbd95992de0fef795073f5ea83a81c?s=96&d=mm&r=g\",\"contentUrl\":\"https:\\\/\\\/secure.gravatar.com\\\/avatar\\\/b6992f131dc8d30ab0dff15446e9d346d9dbd95992de0fef795073f5ea83a81c?s=96&d=mm&r=g\",\"caption\":\"La Gu\u00eda de Pamplona\"}}]}<\/script>\n<!-- \/ Yoast SEO plugin. -->","yoast_head_json":{"title":"El Ayuntamiento destinar\u00e1 249.858 euros para contratar el Servicio de Dinamizaci\u00f3n de la Participaci\u00f3n de Zentro","description":"El objetivo es promover la participaci\u00f3n de la ciudadan\u00eda, asociaciones, colectivos y entidades","robots":{"index":"index","follow":"follow","max-snippet":"max-snippet:-1","max-image-preview":"max-image-preview:large","max-video-preview":"max-video-preview:-1"},"canonical":"https:\/\/www.laguiadepamplona.com\/actualidad\/el-ayuntamiento-destinara-249-858-euros-para-contratar-el-servicio-de-dinamizacion-de-la-participacion-de-zentro\/","og_locale":"es_ES","og_type":"article","og_title":"El Ayuntamiento destinar\u00e1 249.858 euros para contratar el Servicio de Dinamizaci\u00f3n de la Participaci\u00f3n de Zentro","og_description":"El objetivo es promover la participaci\u00f3n de la ciudadan\u00eda, asociaciones, colectivos y entidades","og_url":"https:\/\/www.laguiadepamplona.com\/actualidad\/el-ayuntamiento-destinara-249-858-euros-para-contratar-el-servicio-de-dinamizacion-de-la-participacion-de-zentro\/","og_site_name":"La Gu\u00eda de Pamplona","article_publisher":"https:\/\/www.facebook.com\/laguiadepamplonacom-133175176762273\/?ref=hl","article_published_time":"2022-10-28T15:16:02+00:00","article_modified_time":"2023-04-11T09:47:38+00:00","og_image":[{"width":1000,"height":668,"url":"https:\/\/www.laguiadepamplona.com\/actualidad\/wp-content\/uploads\/2018\/04\/18.04.05_Zentro.jpg","type":"image\/jpeg"}],"author":"La Gu\u00eda de Pamplona","twitter_card":"summary_large_image","twitter_creator":"@LaGuiadPamplona","twitter_site":"@LaGuiadPamplona","twitter_misc":{"Escrito por":"La Gu\u00eda de Pamplona","Tiempo de lectura":"2 minutos"},"schema":{"@context":"https:\/\/schema.org","@graph":[{"@type":"Article","@id":"https:\/\/www.laguiadepamplona.com\/actualidad\/el-ayuntamiento-destinara-249-858-euros-para-contratar-el-servicio-de-dinamizacion-de-la-participacion-de-zentro\/#article","isPartOf":{"@id":"https:\/\/www.laguiadepamplona.com\/actualidad\/el-ayuntamiento-destinara-249-858-euros-para-contratar-el-servicio-de-dinamizacion-de-la-participacion-de-zentro\/"},"author":{"name":"La Gu\u00eda de Pamplona","@id":"https:\/\/www.laguiadepamplona.com\/actualidad\/#\/schema\/person\/efe887376f0213d4657c93adc50b1fdb"},"headline":"El Ayuntamiento destinar\u00e1 249.858 euros para contratar el Servicio de Dinamizaci\u00f3n de la Participaci\u00f3n de Zentro","datePublished":"2022-10-28T15:16:02+00:00","dateModified":"2023-04-11T09:47:38+00:00","mainEntityOfPage":{"@id":"https:\/\/www.laguiadepamplona.com\/actualidad\/el-ayuntamiento-destinara-249-858-euros-para-contratar-el-servicio-de-dinamizacion-de-la-participacion-de-zentro\/"},"wordCount":378,"commentCount":0,"publisher":{"@id":"https:\/\/www.laguiadepamplona.com\/actualidad\/#organization"},"image":{"@id":"https:\/\/www.laguiadepamplona.com\/actualidad\/el-ayuntamiento-destinara-249-858-euros-para-contratar-el-servicio-de-dinamizacion-de-la-participacion-de-zentro\/#primaryimage"},"thumbnailUrl":"https:\/\/www.laguiadepamplona.com\/actualidad\/wp-content\/uploads\/2018\/04\/18.04.05_Zentro.jpg","articleSection":["Ayto Pamplona"],"inLanguage":"es","potentialAction":[{"@type":"CommentAction","name":"Comment","target":["https:\/\/www.laguiadepamplona.com\/actualidad\/el-ayuntamiento-destinara-249-858-euros-para-contratar-el-servicio-de-dinamizacion-de-la-participacion-de-zentro\/#respond"]}]},{"@type":"WebPage","@id":"https:\/\/www.laguiadepamplona.com\/actualidad\/el-ayuntamiento-destinara-249-858-euros-para-contratar-el-servicio-de-dinamizacion-de-la-participacion-de-zentro\/","url":"https:\/\/www.laguiadepamplona.com\/actualidad\/el-ayuntamiento-destinara-249-858-euros-para-contratar-el-servicio-de-dinamizacion-de-la-participacion-de-zentro\/","name":"El Ayuntamiento destinar\u00e1 249.858 euros para contratar el Servicio de Dinamizaci\u00f3n de la Participaci\u00f3n de Zentro","isPartOf":{"@id":"https:\/\/www.laguiadepamplona.com\/actualidad\/#website"},"primaryImageOfPage":{"@id":"https:\/\/www.laguiadepamplona.com\/actualidad\/el-ayuntamiento-destinara-249-858-euros-para-contratar-el-servicio-de-dinamizacion-de-la-participacion-de-zentro\/#primaryimage"},"image":{"@id":"https:\/\/www.laguiadepamplona.com\/actualidad\/el-ayuntamiento-destinara-249-858-euros-para-contratar-el-servicio-de-dinamizacion-de-la-participacion-de-zentro\/#primaryimage"},"thumbnailUrl":"https:\/\/www.laguiadepamplona.com\/actualidad\/wp-content\/uploads\/2018\/04\/18.04.05_Zentro.jpg","datePublished":"2022-10-28T15:16:02+00:00","dateModified":"2023-04-11T09:47:38+00:00","description":"El objetivo es promover la participaci\u00f3n de la ciudadan\u00eda, asociaciones, colectivos y entidades","breadcrumb":{"@id":"https:\/\/www.laguiadepamplona.com\/actualidad\/el-ayuntamiento-destinara-249-858-euros-para-contratar-el-servicio-de-dinamizacion-de-la-participacion-de-zentro\/#breadcrumb"},"inLanguage":"es","potentialAction":[{"@type":"ReadAction","target":["https:\/\/www.laguiadepamplona.com\/actualidad\/el-ayuntamiento-destinara-249-858-euros-para-contratar-el-servicio-de-dinamizacion-de-la-participacion-de-zentro\/"]}]},{"@type":"ImageObject","inLanguage":"es","@id":"https:\/\/www.laguiadepamplona.com\/actualidad\/el-ayuntamiento-destinara-249-858-euros-para-contratar-el-servicio-de-dinamizacion-de-la-participacion-de-zentro\/#primaryimage","url":"https:\/\/www.laguiadepamplona.com\/actualidad\/wp-content\/uploads\/2018\/04\/18.04.05_Zentro.jpg","contentUrl":"https:\/\/www.laguiadepamplona.com\/actualidad\/wp-content\/uploads\/2018\/04\/18.04.05_Zentro.jpg","width":1000,"height":668},{"@type":"BreadcrumbList","@id":"https:\/\/www.laguiadepamplona.com\/actualidad\/el-ayuntamiento-destinara-249-858-euros-para-contratar-el-servicio-de-dinamizacion-de-la-participacion-de-zentro\/#breadcrumb","itemListElement":[{"@type":"ListItem","position":1,"name":"Portada","item":"https:\/\/www.laguiadepamplona.com\/actualidad\/"},{"@type":"ListItem","position":2,"name":"El Ayuntamiento destinar\u00e1 249.858 euros para contratar el Servicio de Dinamizaci\u00f3n de la Participaci\u00f3n de Zentro"}]},{"@type":"WebSite","@id":"https:\/\/www.laguiadepamplona.com\/actualidad\/#website","url":"https:\/\/www.laguiadepamplona.com\/actualidad\/","name":"La gu\u00eda de Pamplona","description":"Noticias de Pamplona","publisher":{"@id":"https:\/\/www.laguiadepamplona.com\/actualidad\/#organization"},"potentialAction":[{"@type":"SearchAction","target":{"@type":"EntryPoint","urlTemplate":"https:\/\/www.laguiadepamplona.com\/actualidad\/?s={search_term_string}"},"query-input":{"@type":"PropertyValueSpecification","valueRequired":true,"valueName":"search_term_string"}}],"inLanguage":"es"},{"@type":"Organization","@id":"https:\/\/www.laguiadepamplona.com\/actualidad\/#organization","name":"La Gu\u00eda de Pamplona \/ Noticias","url":"https:\/\/www.laguiadepamplona.com\/actualidad\/","logo":{"@type":"ImageObject","inLanguage":"es","@id":"https:\/\/www.laguiadepamplona.com\/actualidad\/#\/schema\/logo\/image\/","url":"https:\/\/www.laguiadepamplona.com\/actualidad\/wp-content\/uploads\/2018\/11\/logo-laguiadepamplona18-web1.png","contentUrl":"https:\/\/www.laguiadepamplona.com\/actualidad\/wp-content\/uploads\/2018\/11\/logo-laguiadepamplona18-web1.png","width":600,"height":196,"caption":"La Gu\u00eda de Pamplona \/ Noticias"},"image":{"@id":"https:\/\/www.laguiadepamplona.com\/actualidad\/#\/schema\/logo\/image\/"},"sameAs":["https:\/\/www.facebook.com\/laguiadepamplonacom-133175176762273\/?ref=hl","https:\/\/x.com\/LaGuiadPamplona","https:\/\/www.instagram.com\/la_guia_de_pamplona\/","https:\/\/www.youtube.com\/user\/laguiadepamplona"]},{"@type":"Person","@id":"https:\/\/www.laguiadepamplona.com\/actualidad\/#\/schema\/person\/efe887376f0213d4657c93adc50b1fdb","name":"La Gu\u00eda de Pamplona","image":{"@type":"ImageObject","inLanguage":"es","@id":"https:\/\/secure.gravatar.com\/avatar\/b6992f131dc8d30ab0dff15446e9d346d9dbd95992de0fef795073f5ea83a81c?s=96&d=mm&r=g","url":"https:\/\/secure.gravatar.com\/avatar\/b6992f131dc8d30ab0dff15446e9d346d9dbd95992de0fef795073f5ea83a81c?s=96&d=mm&r=g","contentUrl":"https:\/\/secure.gravatar.com\/avatar\/b6992f131dc8d30ab0dff15446e9d346d9dbd95992de0fef795073f5ea83a81c?s=96&d=mm&r=g","caption":"La Gu\u00eda de Pamplona"}}]}},"post_mailing_queue_ids":[],"_links":{"self":[{"href":"https:\/\/www.laguiadepamplona.com\/actualidad\/wp-json\/wp\/v2\/posts\/42072","targetHints":{"allow":["GET"]}}],"collection":[{"href":"https:\/\/www.laguiadepamplona.com\/actualidad\/wp-json\/wp\/v2\/posts"}],"about":[{"href":"https:\/\/www.laguiadepamplona.com\/actualidad\/wp-json\/wp\/v2\/types\/post"}],"author":[{"embeddable":true,"href":"https:\/\/www.laguiadepamplona.com\/actualidad\/wp-json\/wp\/v2\/users\/1"}],"replies":[{"embeddable":true,"href":"https:\/\/www.laguiadepamplona.com\/actualidad\/wp-json\/wp\/v2\/comments?post=42072"}],"version-history":[{"count":0,"href":"https:\/\/www.laguiadepamplona.com\/actualidad\/wp-json\/wp\/v2\/posts\/42072\/revisions"}],"wp:featuredmedia":[{"embeddable":true,"href":"https:\/\/www.laguiadepamplona.com\/actualidad\/wp-json\/wp\/v2\/media\/16811"}],"wp:attachment":[{"href":"https:\/\/www.laguiadepamplona.com\/actualidad\/wp-json\/wp\/v2\/media?parent=42072"}],"wp:term":[{"taxonomy":"category","embeddable":true,"href":"https:\/\/www.laguiadepamplona.com\/actualidad\/wp-json\/wp\/v2\/categories?post=42072"},{"taxonomy":"post_tag","embeddable":true,"href":"https:\/\/www.laguiadepamplona.com\/actualidad\/wp-json\/wp\/v2\/tags?post=42072"}],"curies":[{"name":"wp","href":"https:\/\/api.w.org\/{rel}","templated":true}]}}