{"id":42067,"date":"2022-10-28T11:46:52","date_gmt":"2022-10-28T09:46:52","guid":{"rendered":"https:\/\/www.laguiadepamplona.com\/actualidad\/?p=42067"},"modified":"2023-04-11T11:47:39","modified_gmt":"2023-04-11T09:47:39","slug":"el-servicio-de-educacion-ambiental-y-el-consejo-de-la-produccion-agraria-ecologica-de-navarra-firman-un-convenio-para-promover-la-maleta-viajera-de-la-alimentacion","status":"publish","type":"post","link":"https:\/\/www.laguiadepamplona.com\/actualidad\/el-servicio-de-educacion-ambiental-y-el-consejo-de-la-produccion-agraria-ecologica-de-navarra-firman-un-convenio-para-promover-la-maleta-viajera-de-la-alimentacion\/","title":{"rendered":"El Servicio de Educaci\u00f3n Ambiental y el Consejo de la Producci\u00f3n Agraria Ecol\u00f3gica de Navarra firman un convenio para promover la \u2018Maleta viajera de la alimentaci\u00f3n\u2019"},"content":{"rendered":"<h5>Este proyecto educativo sobre alimentaci\u00f3n sostenible y saludable consta de dos maletas prestables gratuitamente a centros de Infantil y Primaria<\/h5>\n<p><!--more--><\/p>\n<p>El proyecto educativo de aula \u2018Maleta viajera de la alimentaci\u00f3n\u2019 ya est\u00e1 disponible para los centros escolares de Infantil y Primaria. El Servicio de Educaci\u00f3n Ambiental del Ayuntamiento de Pamplona y el Consejo de la Producci\u00f3n Agraria Ecol\u00f3gica de Navarra han firmado un convenio de colaboraci\u00f3n para promocionar el uso de este recurso, prestable a los centros educativos de Navarra, y a otros grupos en la \u00e9poca estival. La maleta incluye una serie de materiales did\u00e1cticos para que el alumnado profundice en el tema de la alimentaci\u00f3n de manera pr\u00e1ctica y manipulativa, y conozca su importancia en la salud y en su vertiente ambiental y social.<br \/>\n<script async src=\"\/\/pagead2.googlesyndication.com\/pagead\/js\/adsbygoogle.js\"><\/script><br \/>\n<!-- Noticias La Guia de Pamplona --><br \/>\n<ins class=\"adsbygoogle\"\nstyle=\"display:block\"\ndata-ad-client=\"ca-pub-6943679897239327\"\ndata-ad-slot=\"7048180777\"\ndata-ad-format=\"auto\"><\/ins><br \/>\n<script>\n(adsbygoogle = window.adsbygoogle || []).push({});\n<\/script><\/p>\n<p>La maleta consta de una gu\u00eda para el profesorado, en castellano y en euskera, con contenidos \u00fatiles en el planteamiento de las actividades y la propuesta de actividades, que est\u00e1n divididas por etapas educativas para que se puedan aplicar curricularmente. Adem\u00e1s, contiene una serie de materiales tanto para realizar las actividades propuestas como para trabajar la tem\u00e1tica: libros, juegos y juguetes, materiales complementarios, etc\u00e9tera. Las reservas se realizan a trav\u00e9s del sistema de reservas de la p\u00e1gina web del Servicio de Educaci\u00f3n Ambiental <a href=\"https:\/\/educacionambiental.pamplona.es\/\" target=\"_blank\" rel=\"noopener\">https:\/\/educacionambiental.pamplona.es\/<\/a>.<\/p>\n<p>El pr\u00e9stamo de las maletas es gratuito y el centro escolar interesado se ha de encargar de su recogida y devoluci\u00f3n, as\u00ed como de completar un formulario de evaluaci\u00f3n una vez utilizado el recurso. Hay dos maletas disponibles y, una vez terminado el curso escolar, otros grupos interesados pueden solicitarlas.<\/p>\n<p>Este proyecto educativo se enmarca dentro de la iniciativa \u2018Go Green Pamplona\u2019 y la Estrategia de Transici\u00f3n Energ\u00e9tica y Cambio Clim\u00e1tico 2030, que persigue un modelo de ciudad sostenible y descarbonizada.<\/p>\n<p><script async src=\"\/\/pagead2.googlesyndication.com\/pagead\/js\/adsbygoogle.js\"><\/script><br \/>\n<!-- Noticias La Guia de Pamplona --><br \/>\n<ins class=\"adsbygoogle\"\nstyle=\"display:block\"\ndata-ad-client=\"ca-pub-6943679897239327\"\ndata-ad-slot=\"7048180777\"\ndata-ad-format=\"auto\"><\/ins><br \/>\n<script>\n(adsbygoogle = window.adsbygoogle || []).push({});\n<\/script><\/p>\n<p><strong>Objetivos compartidos<\/strong><\/p>\n<p>El programa dirigido al p\u00fablico escolar \u2018Educ\u00e1ndonos en la sostenibilidad\u2019, promovido por el Servicio de Educaci\u00f3n Ambiental del Ayuntamiento de Pamplona, y el \u2018Proyecto educativo de aula\u2019 promovido por el Consejo de la Producci\u00f3n Agraria Ecol\u00f3gica de Navarra, coinciden en algunos de sus objetivos, como la promoci\u00f3n de h\u00e1bitos de alimentaci\u00f3n y consumo saludables y respetuosos con el entorno. Ambos abogan por difundir, potenciar, valorar y promocionar el consumo de alimentos ecol\u00f3gicos, locales, frescos y de temporada. Para ello, es preciso aprender c\u00f3mo se cultivan los alimentos y conocer las caracter\u00edsticas de las plantas que sirven para la alimentaci\u00f3n, de forma que se pongan en valor los ecosistemas hort\u00edcolas como parte del paisaje, biodiversidad y cultura urbana. Las dos instituciones buscan despertar el inter\u00e9s del alumnado hacia la realidad del medio natural, incidiendo en el entorno m\u00e1s cercano a su poblaci\u00f3n. Tambi\u00e9n destacan la importancia de la alimentaci\u00f3n sostenible en el cuidado y mejora del entorno y la necesidad de poner en valor el trabajo de las personas agricultoras y ganaderas ecol\u00f3gicas.<br \/>\n<script async src=\"\/\/pagead2.googlesyndication.com\/pagead\/js\/adsbygoogle.js\"><\/script><br \/>\n<!-- Noticias La Guia de Pamplona --><br \/>\n<ins class=\"adsbygoogle\"\nstyle=\"display:block\"\ndata-ad-client=\"ca-pub-6943679897239327\"\ndata-ad-slot=\"7048180777\"\ndata-ad-format=\"auto\"><\/ins><br \/>\n<script>\n(adsbygoogle = window.adsbygoogle || []).push({});\n<\/script><\/p>\n<p>&nbsp;<\/p>\n<h3>El Contenido De La Maleta Viajera<\/h3>\n<ul>\n<li>Gu\u00eda pedag\u00f3gica, en castellano y euskera<\/li>\n<li>Materiales: los juegos \u2018El huerto de los yayos\u2019 y \u2018El huerto encantado\u2019, juego de cartas sobre alimentos ecol\u00f3gicos, memory; kit del plato saludable; plato Harvard, kit de frutas y verduras de madera; y los libros \u2018La peque\u00f1a oruga glotona\u2019, \u2018Beldar gosetia\u2019, \u2018Qu\u00e9 rico\u2019, \u2018100 kontu ondo ezagutzeko JANARIA\u2019, \u2018Inventario de frutas y verduras\u2019 y \u2018Fruta eta barazkien inbentarioa.<\/li>\n<li>Las reservas se realizan a trav\u00e9s de la <a href=\"https:\/\/educacionambiental.pamplona.es\/\">web del Servicio de Educaci\u00f3n Ambiental<\/a><\/li>\n<\/ul>\n","protected":false},"excerpt":{"rendered":"<p>Este proyecto educativo sobre alimentaci\u00f3n sostenible y saludable consta de dos maletas prestables gratuitamente a centros de Infantil y Primaria<\/p>\n","protected":false},"author":1,"featured_media":42069,"comment_status":"open","ping_status":"closed","sticky":false,"template":"","format":"standard","meta":{"footnotes":""},"categories":[2],"tags":[],"class_list":["post-42067","post","type-post","status-publish","format-standard","has-post-thumbnail","hentry","category-ayuntamiento-pamplona"],"yoast_head":"<!-- This site is optimized with the Yoast SEO plugin v27.3 - https:\/\/yoast.com\/product\/yoast-seo-wordpress\/ -->\n<title>El Servicio de Educaci\u00f3n Ambiental y el Consejo de la Producci\u00f3n Agraria Ecol\u00f3gica de Navarra firman un convenio para promover la \u2018Maleta viajera de la alimentaci\u00f3n\u2019<\/title>\n<meta name=\"description\" content=\"Este proyecto educativo sobre alimentaci\u00f3n sostenible y saludable consta de dos maletas prestables gratuitamente a centros de Infantil y Primaria\" \/>\n<meta name=\"robots\" content=\"index, follow, max-snippet:-1, max-image-preview:large, max-video-preview:-1\" \/>\n<link rel=\"canonical\" href=\"https:\/\/www.laguiadepamplona.com\/actualidad\/el-servicio-de-educacion-ambiental-y-el-consejo-de-la-produccion-agraria-ecologica-de-navarra-firman-un-convenio-para-promover-la-maleta-viajera-de-la-alimentacion\/\" \/>\n<meta property=\"og:locale\" content=\"es_ES\" \/>\n<meta property=\"og:type\" content=\"article\" \/>\n<meta property=\"og:title\" content=\"El Servicio de Educaci\u00f3n Ambiental y el Consejo de la Producci\u00f3n Agraria Ecol\u00f3gica de Navarra firman un convenio para promover la \u2018Maleta viajera de la alimentaci\u00f3n\u2019\" \/>\n<meta property=\"og:description\" content=\"Este proyecto educativo sobre alimentaci\u00f3n sostenible y saludable consta de dos maletas prestables gratuitamente a centros de Infantil y Primaria\" \/>\n<meta property=\"og:url\" content=\"https:\/\/www.laguiadepamplona.com\/actualidad\/el-servicio-de-educacion-ambiental-y-el-consejo-de-la-produccion-agraria-ecologica-de-navarra-firman-un-convenio-para-promover-la-maleta-viajera-de-la-alimentacion\/\" \/>\n<meta property=\"og:site_name\" content=\"La Gu\u00eda de Pamplona\" \/>\n<meta property=\"article:publisher\" content=\"https:\/\/www.facebook.com\/laguiadepamplonacom-133175176762273\/?ref=hl\" \/>\n<meta property=\"article:published_time\" content=\"2022-10-28T09:46:52+00:00\" \/>\n<meta property=\"article:modified_time\" content=\"2023-04-11T09:47:39+00:00\" \/>\n<meta property=\"og:image\" content=\"https:\/\/www.laguiadepamplona.com\/actualidad\/wp-content\/uploads\/2022\/10\/maleta-viajera-alimentaria-ee5a1845_0.webp\" \/>\n\t<meta property=\"og:image:width\" content=\"1920\" \/>\n\t<meta property=\"og:image:height\" content=\"1280\" \/>\n\t<meta property=\"og:image:type\" content=\"image\/webp\" \/>\n<meta name=\"author\" content=\"La Gu\u00eda de Pamplona\" \/>\n<meta name=\"twitter:card\" content=\"summary_large_image\" \/>\n<meta name=\"twitter:creator\" content=\"@LaGuiadPamplona\" \/>\n<meta name=\"twitter:site\" content=\"@LaGuiadPamplona\" \/>\n<meta name=\"twitter:label1\" content=\"Escrito por\" \/>\n\t<meta name=\"twitter:data1\" content=\"La Gu\u00eda de Pamplona\" \/>\n\t<meta name=\"twitter:label2\" content=\"Tiempo de lectura\" \/>\n\t<meta name=\"twitter:data2\" content=\"3 minutos\" \/>\n<script type=\"application\/ld+json\" class=\"yoast-schema-graph\">{\"@context\":\"https:\\\/\\\/schema.org\",\"@graph\":[{\"@type\":\"Article\",\"@id\":\"https:\\\/\\\/www.laguiadepamplona.com\\\/actualidad\\\/el-servicio-de-educacion-ambiental-y-el-consejo-de-la-produccion-agraria-ecologica-de-navarra-firman-un-convenio-para-promover-la-maleta-viajera-de-la-alimentacion\\\/#article\",\"isPartOf\":{\"@id\":\"https:\\\/\\\/www.laguiadepamplona.com\\\/actualidad\\\/el-servicio-de-educacion-ambiental-y-el-consejo-de-la-produccion-agraria-ecologica-de-navarra-firman-un-convenio-para-promover-la-maleta-viajera-de-la-alimentacion\\\/\"},\"author\":{\"name\":\"La Gu\u00eda de Pamplona\",\"@id\":\"https:\\\/\\\/www.laguiadepamplona.com\\\/actualidad\\\/#\\\/schema\\\/person\\\/efe887376f0213d4657c93adc50b1fdb\"},\"headline\":\"El Servicio de Educaci\u00f3n Ambiental y el Consejo de la Producci\u00f3n Agraria Ecol\u00f3gica de Navarra firman un convenio para promover la \u2018Maleta viajera de la alimentaci\u00f3n\u2019\",\"datePublished\":\"2022-10-28T09:46:52+00:00\",\"dateModified\":\"2023-04-11T09:47:39+00:00\",\"mainEntityOfPage\":{\"@id\":\"https:\\\/\\\/www.laguiadepamplona.com\\\/actualidad\\\/el-servicio-de-educacion-ambiental-y-el-consejo-de-la-produccion-agraria-ecologica-de-navarra-firman-un-convenio-para-promover-la-maleta-viajera-de-la-alimentacion\\\/\"},\"wordCount\":629,\"commentCount\":0,\"publisher\":{\"@id\":\"https:\\\/\\\/www.laguiadepamplona.com\\\/actualidad\\\/#organization\"},\"image\":{\"@id\":\"https:\\\/\\\/www.laguiadepamplona.com\\\/actualidad\\\/el-servicio-de-educacion-ambiental-y-el-consejo-de-la-produccion-agraria-ecologica-de-navarra-firman-un-convenio-para-promover-la-maleta-viajera-de-la-alimentacion\\\/#primaryimage\"},\"thumbnailUrl\":\"https:\\\/\\\/www.laguiadepamplona.com\\\/actualidad\\\/wp-content\\\/uploads\\\/2022\\\/10\\\/maleta-viajera-alimentaria-ee5a1845_0.webp\",\"articleSection\":[\"Ayto Pamplona\"],\"inLanguage\":\"es\",\"potentialAction\":[{\"@type\":\"CommentAction\",\"name\":\"Comment\",\"target\":[\"https:\\\/\\\/www.laguiadepamplona.com\\\/actualidad\\\/el-servicio-de-educacion-ambiental-y-el-consejo-de-la-produccion-agraria-ecologica-de-navarra-firman-un-convenio-para-promover-la-maleta-viajera-de-la-alimentacion\\\/#respond\"]}]},{\"@type\":\"WebPage\",\"@id\":\"https:\\\/\\\/www.laguiadepamplona.com\\\/actualidad\\\/el-servicio-de-educacion-ambiental-y-el-consejo-de-la-produccion-agraria-ecologica-de-navarra-firman-un-convenio-para-promover-la-maleta-viajera-de-la-alimentacion\\\/\",\"url\":\"https:\\\/\\\/www.laguiadepamplona.com\\\/actualidad\\\/el-servicio-de-educacion-ambiental-y-el-consejo-de-la-produccion-agraria-ecologica-de-navarra-firman-un-convenio-para-promover-la-maleta-viajera-de-la-alimentacion\\\/\",\"name\":\"El Servicio de Educaci\u00f3n Ambiental y el Consejo de la Producci\u00f3n Agraria Ecol\u00f3gica de Navarra firman un convenio para promover la \u2018Maleta viajera de la alimentaci\u00f3n\u2019\",\"isPartOf\":{\"@id\":\"https:\\\/\\\/www.laguiadepamplona.com\\\/actualidad\\\/#website\"},\"primaryImageOfPage\":{\"@id\":\"https:\\\/\\\/www.laguiadepamplona.com\\\/actualidad\\\/el-servicio-de-educacion-ambiental-y-el-consejo-de-la-produccion-agraria-ecologica-de-navarra-firman-un-convenio-para-promover-la-maleta-viajera-de-la-alimentacion\\\/#primaryimage\"},\"image\":{\"@id\":\"https:\\\/\\\/www.laguiadepamplona.com\\\/actualidad\\\/el-servicio-de-educacion-ambiental-y-el-consejo-de-la-produccion-agraria-ecologica-de-navarra-firman-un-convenio-para-promover-la-maleta-viajera-de-la-alimentacion\\\/#primaryimage\"},\"thumbnailUrl\":\"https:\\\/\\\/www.laguiadepamplona.com\\\/actualidad\\\/wp-content\\\/uploads\\\/2022\\\/10\\\/maleta-viajera-alimentaria-ee5a1845_0.webp\",\"datePublished\":\"2022-10-28T09:46:52+00:00\",\"dateModified\":\"2023-04-11T09:47:39+00:00\",\"description\":\"Este proyecto educativo sobre alimentaci\u00f3n sostenible y saludable consta de dos maletas prestables gratuitamente a centros de Infantil y Primaria\",\"breadcrumb\":{\"@id\":\"https:\\\/\\\/www.laguiadepamplona.com\\\/actualidad\\\/el-servicio-de-educacion-ambiental-y-el-consejo-de-la-produccion-agraria-ecologica-de-navarra-firman-un-convenio-para-promover-la-maleta-viajera-de-la-alimentacion\\\/#breadcrumb\"},\"inLanguage\":\"es\",\"potentialAction\":[{\"@type\":\"ReadAction\",\"target\":[\"https:\\\/\\\/www.laguiadepamplona.com\\\/actualidad\\\/el-servicio-de-educacion-ambiental-y-el-consejo-de-la-produccion-agraria-ecologica-de-navarra-firman-un-convenio-para-promover-la-maleta-viajera-de-la-alimentacion\\\/\"]}]},{\"@type\":\"ImageObject\",\"inLanguage\":\"es\",\"@id\":\"https:\\\/\\\/www.laguiadepamplona.com\\\/actualidad\\\/el-servicio-de-educacion-ambiental-y-el-consejo-de-la-produccion-agraria-ecologica-de-navarra-firman-un-convenio-para-promover-la-maleta-viajera-de-la-alimentacion\\\/#primaryimage\",\"url\":\"https:\\\/\\\/www.laguiadepamplona.com\\\/actualidad\\\/wp-content\\\/uploads\\\/2022\\\/10\\\/maleta-viajera-alimentaria-ee5a1845_0.webp\",\"contentUrl\":\"https:\\\/\\\/www.laguiadepamplona.com\\\/actualidad\\\/wp-content\\\/uploads\\\/2022\\\/10\\\/maleta-viajera-alimentaria-ee5a1845_0.webp\",\"width\":1920,\"height\":1280},{\"@type\":\"BreadcrumbList\",\"@id\":\"https:\\\/\\\/www.laguiadepamplona.com\\\/actualidad\\\/el-servicio-de-educacion-ambiental-y-el-consejo-de-la-produccion-agraria-ecologica-de-navarra-firman-un-convenio-para-promover-la-maleta-viajera-de-la-alimentacion\\\/#breadcrumb\",\"itemListElement\":[{\"@type\":\"ListItem\",\"position\":1,\"name\":\"Portada\",\"item\":\"https:\\\/\\\/www.laguiadepamplona.com\\\/actualidad\\\/\"},{\"@type\":\"ListItem\",\"position\":2,\"name\":\"El Servicio de Educaci\u00f3n Ambiental y el Consejo de la Producci\u00f3n Agraria Ecol\u00f3gica de Navarra firman un convenio para promover la \u2018Maleta viajera de la alimentaci\u00f3n\u2019\"}]},{\"@type\":\"WebSite\",\"@id\":\"https:\\\/\\\/www.laguiadepamplona.com\\\/actualidad\\\/#website\",\"url\":\"https:\\\/\\\/www.laguiadepamplona.com\\\/actualidad\\\/\",\"name\":\"La gu\u00eda de Pamplona\",\"description\":\"Noticias de Pamplona\",\"publisher\":{\"@id\":\"https:\\\/\\\/www.laguiadepamplona.com\\\/actualidad\\\/#organization\"},\"potentialAction\":[{\"@type\":\"SearchAction\",\"target\":{\"@type\":\"EntryPoint\",\"urlTemplate\":\"https:\\\/\\\/www.laguiadepamplona.com\\\/actualidad\\\/?s={search_term_string}\"},\"query-input\":{\"@type\":\"PropertyValueSpecification\",\"valueRequired\":true,\"valueName\":\"search_term_string\"}}],\"inLanguage\":\"es\"},{\"@type\":\"Organization\",\"@id\":\"https:\\\/\\\/www.laguiadepamplona.com\\\/actualidad\\\/#organization\",\"name\":\"La Gu\u00eda de Pamplona \\\/ Noticias\",\"url\":\"https:\\\/\\\/www.laguiadepamplona.com\\\/actualidad\\\/\",\"logo\":{\"@type\":\"ImageObject\",\"inLanguage\":\"es\",\"@id\":\"https:\\\/\\\/www.laguiadepamplona.com\\\/actualidad\\\/#\\\/schema\\\/logo\\\/image\\\/\",\"url\":\"https:\\\/\\\/www.laguiadepamplona.com\\\/actualidad\\\/wp-content\\\/uploads\\\/2018\\\/11\\\/logo-laguiadepamplona18-web1.png\",\"contentUrl\":\"https:\\\/\\\/www.laguiadepamplona.com\\\/actualidad\\\/wp-content\\\/uploads\\\/2018\\\/11\\\/logo-laguiadepamplona18-web1.png\",\"width\":600,\"height\":196,\"caption\":\"La Gu\u00eda de Pamplona \\\/ Noticias\"},\"image\":{\"@id\":\"https:\\\/\\\/www.laguiadepamplona.com\\\/actualidad\\\/#\\\/schema\\\/logo\\\/image\\\/\"},\"sameAs\":[\"https:\\\/\\\/www.facebook.com\\\/laguiadepamplonacom-133175176762273\\\/?ref=hl\",\"https:\\\/\\\/x.com\\\/LaGuiadPamplona\",\"https:\\\/\\\/www.instagram.com\\\/la_guia_de_pamplona\\\/\",\"https:\\\/\\\/www.youtube.com\\\/user\\\/laguiadepamplona\"]},{\"@type\":\"Person\",\"@id\":\"https:\\\/\\\/www.laguiadepamplona.com\\\/actualidad\\\/#\\\/schema\\\/person\\\/efe887376f0213d4657c93adc50b1fdb\",\"name\":\"La Gu\u00eda de Pamplona\",\"image\":{\"@type\":\"ImageObject\",\"inLanguage\":\"es\",\"@id\":\"https:\\\/\\\/secure.gravatar.com\\\/avatar\\\/b6992f131dc8d30ab0dff15446e9d346d9dbd95992de0fef795073f5ea83a81c?s=96&d=mm&r=g\",\"url\":\"https:\\\/\\\/secure.gravatar.com\\\/avatar\\\/b6992f131dc8d30ab0dff15446e9d346d9dbd95992de0fef795073f5ea83a81c?s=96&d=mm&r=g\",\"contentUrl\":\"https:\\\/\\\/secure.gravatar.com\\\/avatar\\\/b6992f131dc8d30ab0dff15446e9d346d9dbd95992de0fef795073f5ea83a81c?s=96&d=mm&r=g\",\"caption\":\"La Gu\u00eda de Pamplona\"}}]}<\/script>\n<!-- \/ Yoast SEO plugin. -->","yoast_head_json":{"title":"El Servicio de Educaci\u00f3n Ambiental y el Consejo de la Producci\u00f3n Agraria Ecol\u00f3gica de Navarra firman un convenio para promover la \u2018Maleta viajera de la alimentaci\u00f3n\u2019","description":"Este proyecto educativo sobre alimentaci\u00f3n sostenible y saludable consta de dos maletas prestables gratuitamente a centros de Infantil y Primaria","robots":{"index":"index","follow":"follow","max-snippet":"max-snippet:-1","max-image-preview":"max-image-preview:large","max-video-preview":"max-video-preview:-1"},"canonical":"https:\/\/www.laguiadepamplona.com\/actualidad\/el-servicio-de-educacion-ambiental-y-el-consejo-de-la-produccion-agraria-ecologica-de-navarra-firman-un-convenio-para-promover-la-maleta-viajera-de-la-alimentacion\/","og_locale":"es_ES","og_type":"article","og_title":"El Servicio de Educaci\u00f3n Ambiental y el Consejo de la Producci\u00f3n Agraria Ecol\u00f3gica de Navarra firman un convenio para promover la \u2018Maleta viajera de la alimentaci\u00f3n\u2019","og_description":"Este proyecto educativo sobre alimentaci\u00f3n sostenible y saludable consta de dos maletas prestables gratuitamente a centros de Infantil y Primaria","og_url":"https:\/\/www.laguiadepamplona.com\/actualidad\/el-servicio-de-educacion-ambiental-y-el-consejo-de-la-produccion-agraria-ecologica-de-navarra-firman-un-convenio-para-promover-la-maleta-viajera-de-la-alimentacion\/","og_site_name":"La Gu\u00eda de Pamplona","article_publisher":"https:\/\/www.facebook.com\/laguiadepamplonacom-133175176762273\/?ref=hl","article_published_time":"2022-10-28T09:46:52+00:00","article_modified_time":"2023-04-11T09:47:39+00:00","og_image":[{"width":1920,"height":1280,"url":"https:\/\/www.laguiadepamplona.com\/actualidad\/wp-content\/uploads\/2022\/10\/maleta-viajera-alimentaria-ee5a1845_0.webp","type":"image\/webp"}],"author":"La Gu\u00eda de Pamplona","twitter_card":"summary_large_image","twitter_creator":"@LaGuiadPamplona","twitter_site":"@LaGuiadPamplona","twitter_misc":{"Escrito por":"La Gu\u00eda de Pamplona","Tiempo de lectura":"3 minutos"},"schema":{"@context":"https:\/\/schema.org","@graph":[{"@type":"Article","@id":"https:\/\/www.laguiadepamplona.com\/actualidad\/el-servicio-de-educacion-ambiental-y-el-consejo-de-la-produccion-agraria-ecologica-de-navarra-firman-un-convenio-para-promover-la-maleta-viajera-de-la-alimentacion\/#article","isPartOf":{"@id":"https:\/\/www.laguiadepamplona.com\/actualidad\/el-servicio-de-educacion-ambiental-y-el-consejo-de-la-produccion-agraria-ecologica-de-navarra-firman-un-convenio-para-promover-la-maleta-viajera-de-la-alimentacion\/"},"author":{"name":"La Gu\u00eda de Pamplona","@id":"https:\/\/www.laguiadepamplona.com\/actualidad\/#\/schema\/person\/efe887376f0213d4657c93adc50b1fdb"},"headline":"El Servicio de Educaci\u00f3n Ambiental y el Consejo de la Producci\u00f3n Agraria Ecol\u00f3gica de Navarra firman un convenio para promover la \u2018Maleta viajera de la alimentaci\u00f3n\u2019","datePublished":"2022-10-28T09:46:52+00:00","dateModified":"2023-04-11T09:47:39+00:00","mainEntityOfPage":{"@id":"https:\/\/www.laguiadepamplona.com\/actualidad\/el-servicio-de-educacion-ambiental-y-el-consejo-de-la-produccion-agraria-ecologica-de-navarra-firman-un-convenio-para-promover-la-maleta-viajera-de-la-alimentacion\/"},"wordCount":629,"commentCount":0,"publisher":{"@id":"https:\/\/www.laguiadepamplona.com\/actualidad\/#organization"},"image":{"@id":"https:\/\/www.laguiadepamplona.com\/actualidad\/el-servicio-de-educacion-ambiental-y-el-consejo-de-la-produccion-agraria-ecologica-de-navarra-firman-un-convenio-para-promover-la-maleta-viajera-de-la-alimentacion\/#primaryimage"},"thumbnailUrl":"https:\/\/www.laguiadepamplona.com\/actualidad\/wp-content\/uploads\/2022\/10\/maleta-viajera-alimentaria-ee5a1845_0.webp","articleSection":["Ayto Pamplona"],"inLanguage":"es","potentialAction":[{"@type":"CommentAction","name":"Comment","target":["https:\/\/www.laguiadepamplona.com\/actualidad\/el-servicio-de-educacion-ambiental-y-el-consejo-de-la-produccion-agraria-ecologica-de-navarra-firman-un-convenio-para-promover-la-maleta-viajera-de-la-alimentacion\/#respond"]}]},{"@type":"WebPage","@id":"https:\/\/www.laguiadepamplona.com\/actualidad\/el-servicio-de-educacion-ambiental-y-el-consejo-de-la-produccion-agraria-ecologica-de-navarra-firman-un-convenio-para-promover-la-maleta-viajera-de-la-alimentacion\/","url":"https:\/\/www.laguiadepamplona.com\/actualidad\/el-servicio-de-educacion-ambiental-y-el-consejo-de-la-produccion-agraria-ecologica-de-navarra-firman-un-convenio-para-promover-la-maleta-viajera-de-la-alimentacion\/","name":"El Servicio de Educaci\u00f3n Ambiental y el Consejo de la Producci\u00f3n Agraria Ecol\u00f3gica de Navarra firman un convenio para promover la \u2018Maleta viajera de la alimentaci\u00f3n\u2019","isPartOf":{"@id":"https:\/\/www.laguiadepamplona.com\/actualidad\/#website"},"primaryImageOfPage":{"@id":"https:\/\/www.laguiadepamplona.com\/actualidad\/el-servicio-de-educacion-ambiental-y-el-consejo-de-la-produccion-agraria-ecologica-de-navarra-firman-un-convenio-para-promover-la-maleta-viajera-de-la-alimentacion\/#primaryimage"},"image":{"@id":"https:\/\/www.laguiadepamplona.com\/actualidad\/el-servicio-de-educacion-ambiental-y-el-consejo-de-la-produccion-agraria-ecologica-de-navarra-firman-un-convenio-para-promover-la-maleta-viajera-de-la-alimentacion\/#primaryimage"},"thumbnailUrl":"https:\/\/www.laguiadepamplona.com\/actualidad\/wp-content\/uploads\/2022\/10\/maleta-viajera-alimentaria-ee5a1845_0.webp","datePublished":"2022-10-28T09:46:52+00:00","dateModified":"2023-04-11T09:47:39+00:00","description":"Este proyecto educativo sobre alimentaci\u00f3n sostenible y saludable consta de dos maletas prestables gratuitamente a centros de Infantil y Primaria","breadcrumb":{"@id":"https:\/\/www.laguiadepamplona.com\/actualidad\/el-servicio-de-educacion-ambiental-y-el-consejo-de-la-produccion-agraria-ecologica-de-navarra-firman-un-convenio-para-promover-la-maleta-viajera-de-la-alimentacion\/#breadcrumb"},"inLanguage":"es","potentialAction":[{"@type":"ReadAction","target":["https:\/\/www.laguiadepamplona.com\/actualidad\/el-servicio-de-educacion-ambiental-y-el-consejo-de-la-produccion-agraria-ecologica-de-navarra-firman-un-convenio-para-promover-la-maleta-viajera-de-la-alimentacion\/"]}]},{"@type":"ImageObject","inLanguage":"es","@id":"https:\/\/www.laguiadepamplona.com\/actualidad\/el-servicio-de-educacion-ambiental-y-el-consejo-de-la-produccion-agraria-ecologica-de-navarra-firman-un-convenio-para-promover-la-maleta-viajera-de-la-alimentacion\/#primaryimage","url":"https:\/\/www.laguiadepamplona.com\/actualidad\/wp-content\/uploads\/2022\/10\/maleta-viajera-alimentaria-ee5a1845_0.webp","contentUrl":"https:\/\/www.laguiadepamplona.com\/actualidad\/wp-content\/uploads\/2022\/10\/maleta-viajera-alimentaria-ee5a1845_0.webp","width":1920,"height":1280},{"@type":"BreadcrumbList","@id":"https:\/\/www.laguiadepamplona.com\/actualidad\/el-servicio-de-educacion-ambiental-y-el-consejo-de-la-produccion-agraria-ecologica-de-navarra-firman-un-convenio-para-promover-la-maleta-viajera-de-la-alimentacion\/#breadcrumb","itemListElement":[{"@type":"ListItem","position":1,"name":"Portada","item":"https:\/\/www.laguiadepamplona.com\/actualidad\/"},{"@type":"ListItem","position":2,"name":"El Servicio de Educaci\u00f3n Ambiental y el Consejo de la Producci\u00f3n Agraria Ecol\u00f3gica de Navarra firman un convenio para promover la \u2018Maleta viajera de la alimentaci\u00f3n\u2019"}]},{"@type":"WebSite","@id":"https:\/\/www.laguiadepamplona.com\/actualidad\/#website","url":"https:\/\/www.laguiadepamplona.com\/actualidad\/","name":"La gu\u00eda de Pamplona","description":"Noticias de Pamplona","publisher":{"@id":"https:\/\/www.laguiadepamplona.com\/actualidad\/#organization"},"potentialAction":[{"@type":"SearchAction","target":{"@type":"EntryPoint","urlTemplate":"https:\/\/www.laguiadepamplona.com\/actualidad\/?s={search_term_string}"},"query-input":{"@type":"PropertyValueSpecification","valueRequired":true,"valueName":"search_term_string"}}],"inLanguage":"es"},{"@type":"Organization","@id":"https:\/\/www.laguiadepamplona.com\/actualidad\/#organization","name":"La Gu\u00eda de Pamplona \/ Noticias","url":"https:\/\/www.laguiadepamplona.com\/actualidad\/","logo":{"@type":"ImageObject","inLanguage":"es","@id":"https:\/\/www.laguiadepamplona.com\/actualidad\/#\/schema\/logo\/image\/","url":"https:\/\/www.laguiadepamplona.com\/actualidad\/wp-content\/uploads\/2018\/11\/logo-laguiadepamplona18-web1.png","contentUrl":"https:\/\/www.laguiadepamplona.com\/actualidad\/wp-content\/uploads\/2018\/11\/logo-laguiadepamplona18-web1.png","width":600,"height":196,"caption":"La Gu\u00eda de Pamplona \/ Noticias"},"image":{"@id":"https:\/\/www.laguiadepamplona.com\/actualidad\/#\/schema\/logo\/image\/"},"sameAs":["https:\/\/www.facebook.com\/laguiadepamplonacom-133175176762273\/?ref=hl","https:\/\/x.com\/LaGuiadPamplona","https:\/\/www.instagram.com\/la_guia_de_pamplona\/","https:\/\/www.youtube.com\/user\/laguiadepamplona"]},{"@type":"Person","@id":"https:\/\/www.laguiadepamplona.com\/actualidad\/#\/schema\/person\/efe887376f0213d4657c93adc50b1fdb","name":"La Gu\u00eda de Pamplona","image":{"@type":"ImageObject","inLanguage":"es","@id":"https:\/\/secure.gravatar.com\/avatar\/b6992f131dc8d30ab0dff15446e9d346d9dbd95992de0fef795073f5ea83a81c?s=96&d=mm&r=g","url":"https:\/\/secure.gravatar.com\/avatar\/b6992f131dc8d30ab0dff15446e9d346d9dbd95992de0fef795073f5ea83a81c?s=96&d=mm&r=g","contentUrl":"https:\/\/secure.gravatar.com\/avatar\/b6992f131dc8d30ab0dff15446e9d346d9dbd95992de0fef795073f5ea83a81c?s=96&d=mm&r=g","caption":"La Gu\u00eda de Pamplona"}}]}},"post_mailing_queue_ids":[],"_links":{"self":[{"href":"https:\/\/www.laguiadepamplona.com\/actualidad\/wp-json\/wp\/v2\/posts\/42067","targetHints":{"allow":["GET"]}}],"collection":[{"href":"https:\/\/www.laguiadepamplona.com\/actualidad\/wp-json\/wp\/v2\/posts"}],"about":[{"href":"https:\/\/www.laguiadepamplona.com\/actualidad\/wp-json\/wp\/v2\/types\/post"}],"author":[{"embeddable":true,"href":"https:\/\/www.laguiadepamplona.com\/actualidad\/wp-json\/wp\/v2\/users\/1"}],"replies":[{"embeddable":true,"href":"https:\/\/www.laguiadepamplona.com\/actualidad\/wp-json\/wp\/v2\/comments?post=42067"}],"version-history":[{"count":0,"href":"https:\/\/www.laguiadepamplona.com\/actualidad\/wp-json\/wp\/v2\/posts\/42067\/revisions"}],"wp:featuredmedia":[{"embeddable":true,"href":"https:\/\/www.laguiadepamplona.com\/actualidad\/wp-json\/wp\/v2\/media\/42069"}],"wp:attachment":[{"href":"https:\/\/www.laguiadepamplona.com\/actualidad\/wp-json\/wp\/v2\/media?parent=42067"}],"wp:term":[{"taxonomy":"category","embeddable":true,"href":"https:\/\/www.laguiadepamplona.com\/actualidad\/wp-json\/wp\/v2\/categories?post=42067"},{"taxonomy":"post_tag","embeddable":true,"href":"https:\/\/www.laguiadepamplona.com\/actualidad\/wp-json\/wp\/v2\/tags?post=42067"}],"curies":[{"name":"wp","href":"https:\/\/api.w.org\/{rel}","templated":true}]}}