{"id":42058,"date":"2022-10-28T11:34:51","date_gmt":"2022-10-28T09:34:51","guid":{"rendered":"https:\/\/www.laguiadepamplona.com\/actualidad\/?p=42058"},"modified":"2023-04-11T11:47:39","modified_gmt":"2023-04-11T09:47:39","slug":"el-ayuntamiento-de-pamplona-y-fundacion-lacaixa-colaboraran-para-desarrollar-acciones-de-apoyo-a-menores-en-situacion-de-vulnerabilidad","status":"publish","type":"post","link":"https:\/\/www.laguiadepamplona.com\/actualidad\/el-ayuntamiento-de-pamplona-y-fundacion-lacaixa-colaboraran-para-desarrollar-acciones-de-apoyo-a-menores-en-situacion-de-vulnerabilidad\/","title":{"rendered":"El Ayuntamiento de Pamplona y Fundaci\u00f3n laCaixa colaborar\u00e1n para desarrollar acciones de apoyo a menores en situaci\u00f3n de vulnerabilidad"},"content":{"rendered":"<h5>A trav\u00e9s del programa CaixaProinfancia se llevar\u00e1n a cabo iniciativas de atenci\u00f3n psicoterapeutica, de promoci\u00f3n de la salud y de atenci\u00f3n familiar en Milagrosa y Azpilaga\u00f1a<\/h5>\n<p><!--more--><\/p>\n<p>El alcalde de Pamplona, Enrique Maya, y el director general de la Fundaci\u00f3n laCaixa, Antoni Vila Bertr\u00e1n, han suscrito un convenio de colaboraci\u00f3n por el que el Consistorio se suma al programa CaixaProinfancia, que lleva a cabo distintas acciones de apoyo a menores en situaci\u00f3n de pobreza y vulnerabilidad. A trav\u00e9s de este acuerdo, ambas instituciones colaborar\u00e1n durante cuatro a\u00f1os, si bien podr\u00e1 prorrogarse para cuatro a\u00f1os adicionales.<\/p>\n<p>En concreto, a ra\u00edz de la inclusi\u00f3n de Pamplona en el programa CaixaProinfancia, se pondr\u00e1n en marcha en los barrios pamploneses de Milagrosa y Azpilaga\u00f1a varias acciones y servicios como logopedia, psicomotricidad, apoyo a trastornos de aprendizaje, el apoyo educativo familiar, la atenci\u00f3n psicoterap\u00e9utica personal y familiar y la paromoci\u00f3n de la salud. As\u00ed, se ofrecer\u00e1 atenci\u00f3n psicosocial personalizada, atenci\u00f3n terap\u00e9utica con familias, talleres terap\u00e9uticos grupales, soporte educativo familiar y ayuda econ\u00f3mica para equipamiento escolar.<br \/>\n<script async src=\"\/\/pagead2.googlesyndication.com\/pagead\/js\/adsbygoogle.js\"><\/script><br \/>\n<!-- Noticias La Guia de Pamplona --><br \/>\n<ins class=\"adsbygoogle\"\nstyle=\"display:block\"\ndata-ad-client=\"ca-pub-6943679897239327\"\ndata-ad-slot=\"7048180777\"\ndata-ad-format=\"auto\"><\/ins><br \/>\n<script>\n(adsbygoogle = window.adsbygoogle || []).push({});\n<\/script><\/p>\n<p>En todos los casos, las personas beneficiarias ser\u00e1n menores de cero a 18 a\u00f1os en situaci\u00f3n de pobreza y vulnerabilidad y sus familias. El objetivo es dise\u00f1ar itinerarios que ofrezcan oportunidades de mejora a estos ni\u00f1os y ni\u00f1as.<\/p>\n<p>Todos estos servicios se prestar\u00e1n en coordinaci\u00f3n con el \u00c1rea de Servicios Sociales, Acci\u00f3n Comunitaria y Deporte del Ayuntamiento de Pamplona y como complemento a las acciones que ya viene realizando el Consistorio. Se trata, por tanto, de un apoyo complementario, en funci\u00f3n de las necesidades que presenten las familias. Para ello, se ha contactado con los cuatro centros escolares establecidos en el barrio, como son el CPEIP Azpilaga\u00f1a, la ikastola Hegoalde, el colegio Santa Catalina y el centro Paderborn-V\u00edctor Pradera. Adem\u00e1s, se ha informado a los equipos de infancia de la unidad de barrio y a la red infancia presente en los barrios de Milagrosa y Azpilaga\u00f1a.<\/p>\n<p>El convenio, que no implica obligaci\u00f3n econ\u00f3mica para el Ayuntamiento, supone la aportaci\u00f3n por parte de la Fundaci\u00f3n laCaixa de un total de 100.000 euros anuales para el impulso del proyecto. Para llevar a cabo estas acciones, la Fundaci\u00f3n, con la supervisi\u00f3n del Consistorio, ha abierto una convocatoria dirigida a entidades del tercer sector sin \u00e1nimo de lucro con arraigo en Pamplona. Finalmente, han sido dos las entidades seleccionadas: M\u00e9dicos del Mundo y Posthac.<br \/>\n<script async src=\"\/\/pagead2.googlesyndication.com\/pagead\/js\/adsbygoogle.js\"><\/script><br \/>\n<!-- Noticias La Guia de Pamplona --><br \/>\n<ins class=\"adsbygoogle\"\nstyle=\"display:block\"\ndata-ad-client=\"ca-pub-6943679897239327\"\ndata-ad-slot=\"7048180777\"\ndata-ad-format=\"auto\"><\/ins><br \/>\n<script>\n(adsbygoogle = window.adsbygoogle || []).push({});\n<\/script><\/p>\n<p>Se ha creado una comisi\u00f3n de evaluaci\u00f3n en la que el Ayuntamiento y la Fundaci\u00f3n realizar\u00e1n un seguimiento t\u00e9cnico del programa y trabajar\u00e1n en la coordinaci\u00f3n de las acciones previstas. Adem\u00e1s, el Consistorio participa en la mesa de valoraci\u00f3n para identificar los casos de situaci\u00f3n de pobreza y garantiza la vinculaci\u00f3n del programa con las l\u00edneas de trabajo que realiza habitualmente. Asimismo, se ha creado un grupo con los agentes y profesionales implicados y miembros del Ayuntamiento, para colaborar en las labores de dise\u00f1o y organizaci\u00f3n de las distintas actividades.<\/p>\n","protected":false},"excerpt":{"rendered":"<p>A trav\u00e9s del programa CaixaProinfancia se llevar\u00e1n a cabo iniciativas de atenci\u00f3n psicoterapeutica, de promoci\u00f3n de la salud y de atenci\u00f3n familiar en Milagrosa y Azpilaga\u00f1a<\/p>\n","protected":false},"author":1,"featured_media":42059,"comment_status":"open","ping_status":"closed","sticky":false,"template":"","format":"standard","meta":{"footnotes":""},"categories":[2],"tags":[],"class_list":["post-42058","post","type-post","status-publish","format-standard","has-post-thumbnail","hentry","category-ayuntamiento-pamplona"],"yoast_head":"<!-- This site is optimized with the Yoast SEO plugin v27.3 - https:\/\/yoast.com\/product\/yoast-seo-wordpress\/ -->\n<title>El Ayuntamiento de Pamplona y Fundaci\u00f3n laCaixa colaborar\u00e1n para desarrollar acciones de apoyo a menores en situaci\u00f3n de vulnerabilidad<\/title>\n<meta name=\"description\" content=\"A trav\u00e9s del programa CaixaProinfancia se llevar\u00e1n a cabo iniciativas de atenci\u00f3n psicoterapeutica, de promoci\u00f3n de la salud ...\" \/>\n<meta name=\"robots\" content=\"index, follow, max-snippet:-1, max-image-preview:large, max-video-preview:-1\" \/>\n<link rel=\"canonical\" href=\"https:\/\/www.laguiadepamplona.com\/actualidad\/el-ayuntamiento-de-pamplona-y-fundacion-lacaixa-colaboraran-para-desarrollar-acciones-de-apoyo-a-menores-en-situacion-de-vulnerabilidad\/\" \/>\n<meta property=\"og:locale\" content=\"es_ES\" \/>\n<meta property=\"og:type\" content=\"article\" \/>\n<meta property=\"og:title\" content=\"El Ayuntamiento de Pamplona y Fundaci\u00f3n laCaixa colaborar\u00e1n para desarrollar acciones de apoyo a menores en situaci\u00f3n de vulnerabilidad\" \/>\n<meta property=\"og:description\" content=\"A trav\u00e9s del programa CaixaProinfancia se llevar\u00e1n a cabo iniciativas de atenci\u00f3n psicoterapeutica, de promoci\u00f3n de la salud ...\" \/>\n<meta property=\"og:url\" content=\"https:\/\/www.laguiadepamplona.com\/actualidad\/el-ayuntamiento-de-pamplona-y-fundacion-lacaixa-colaboraran-para-desarrollar-acciones-de-apoyo-a-menores-en-situacion-de-vulnerabilidad\/\" \/>\n<meta property=\"og:site_name\" content=\"La Gu\u00eda de Pamplona\" \/>\n<meta property=\"article:publisher\" content=\"https:\/\/www.facebook.com\/laguiadepamplonacom-133175176762273\/?ref=hl\" \/>\n<meta property=\"article:published_time\" content=\"2022-10-28T09:34:51+00:00\" \/>\n<meta property=\"article:modified_time\" content=\"2023-04-11T09:47:39+00:00\" \/>\n<meta property=\"og:image\" content=\"https:\/\/www.laguiadepamplona.com\/actualidad\/wp-content\/uploads\/2022\/10\/firma-convenio-fundacion-caixa-ee5a1206.webp\" \/>\n\t<meta property=\"og:image:width\" content=\"1920\" \/>\n\t<meta property=\"og:image:height\" content=\"1280\" \/>\n\t<meta property=\"og:image:type\" content=\"image\/webp\" \/>\n<meta name=\"author\" content=\"La Gu\u00eda de Pamplona\" \/>\n<meta name=\"twitter:card\" content=\"summary_large_image\" \/>\n<meta name=\"twitter:creator\" content=\"@LaGuiadPamplona\" \/>\n<meta name=\"twitter:site\" content=\"@LaGuiadPamplona\" \/>\n<meta name=\"twitter:label1\" content=\"Escrito por\" \/>\n\t<meta name=\"twitter:data1\" content=\"La Gu\u00eda de Pamplona\" \/>\n\t<meta name=\"twitter:label2\" content=\"Tiempo de lectura\" \/>\n\t<meta name=\"twitter:data2\" content=\"3 minutos\" \/>\n<script type=\"application\/ld+json\" class=\"yoast-schema-graph\">{\"@context\":\"https:\\\/\\\/schema.org\",\"@graph\":[{\"@type\":\"Article\",\"@id\":\"https:\\\/\\\/www.laguiadepamplona.com\\\/actualidad\\\/el-ayuntamiento-de-pamplona-y-fundacion-lacaixa-colaboraran-para-desarrollar-acciones-de-apoyo-a-menores-en-situacion-de-vulnerabilidad\\\/#article\",\"isPartOf\":{\"@id\":\"https:\\\/\\\/www.laguiadepamplona.com\\\/actualidad\\\/el-ayuntamiento-de-pamplona-y-fundacion-lacaixa-colaboraran-para-desarrollar-acciones-de-apoyo-a-menores-en-situacion-de-vulnerabilidad\\\/\"},\"author\":{\"name\":\"La Gu\u00eda de Pamplona\",\"@id\":\"https:\\\/\\\/www.laguiadepamplona.com\\\/actualidad\\\/#\\\/schema\\\/person\\\/efe887376f0213d4657c93adc50b1fdb\"},\"headline\":\"El Ayuntamiento de Pamplona y Fundaci\u00f3n laCaixa colaborar\u00e1n para desarrollar acciones de apoyo a menores en situaci\u00f3n de vulnerabilidad\",\"datePublished\":\"2022-10-28T09:34:51+00:00\",\"dateModified\":\"2023-04-11T09:47:39+00:00\",\"mainEntityOfPage\":{\"@id\":\"https:\\\/\\\/www.laguiadepamplona.com\\\/actualidad\\\/el-ayuntamiento-de-pamplona-y-fundacion-lacaixa-colaboraran-para-desarrollar-acciones-de-apoyo-a-menores-en-situacion-de-vulnerabilidad\\\/\"},\"wordCount\":560,\"commentCount\":0,\"publisher\":{\"@id\":\"https:\\\/\\\/www.laguiadepamplona.com\\\/actualidad\\\/#organization\"},\"image\":{\"@id\":\"https:\\\/\\\/www.laguiadepamplona.com\\\/actualidad\\\/el-ayuntamiento-de-pamplona-y-fundacion-lacaixa-colaboraran-para-desarrollar-acciones-de-apoyo-a-menores-en-situacion-de-vulnerabilidad\\\/#primaryimage\"},\"thumbnailUrl\":\"https:\\\/\\\/www.laguiadepamplona.com\\\/actualidad\\\/wp-content\\\/uploads\\\/2022\\\/10\\\/firma-convenio-fundacion-caixa-ee5a1206.webp\",\"articleSection\":[\"Ayto Pamplona\"],\"inLanguage\":\"es\",\"potentialAction\":[{\"@type\":\"CommentAction\",\"name\":\"Comment\",\"target\":[\"https:\\\/\\\/www.laguiadepamplona.com\\\/actualidad\\\/el-ayuntamiento-de-pamplona-y-fundacion-lacaixa-colaboraran-para-desarrollar-acciones-de-apoyo-a-menores-en-situacion-de-vulnerabilidad\\\/#respond\"]}]},{\"@type\":\"WebPage\",\"@id\":\"https:\\\/\\\/www.laguiadepamplona.com\\\/actualidad\\\/el-ayuntamiento-de-pamplona-y-fundacion-lacaixa-colaboraran-para-desarrollar-acciones-de-apoyo-a-menores-en-situacion-de-vulnerabilidad\\\/\",\"url\":\"https:\\\/\\\/www.laguiadepamplona.com\\\/actualidad\\\/el-ayuntamiento-de-pamplona-y-fundacion-lacaixa-colaboraran-para-desarrollar-acciones-de-apoyo-a-menores-en-situacion-de-vulnerabilidad\\\/\",\"name\":\"El Ayuntamiento de Pamplona y Fundaci\u00f3n laCaixa colaborar\u00e1n para desarrollar acciones de apoyo a menores en situaci\u00f3n de vulnerabilidad\",\"isPartOf\":{\"@id\":\"https:\\\/\\\/www.laguiadepamplona.com\\\/actualidad\\\/#website\"},\"primaryImageOfPage\":{\"@id\":\"https:\\\/\\\/www.laguiadepamplona.com\\\/actualidad\\\/el-ayuntamiento-de-pamplona-y-fundacion-lacaixa-colaboraran-para-desarrollar-acciones-de-apoyo-a-menores-en-situacion-de-vulnerabilidad\\\/#primaryimage\"},\"image\":{\"@id\":\"https:\\\/\\\/www.laguiadepamplona.com\\\/actualidad\\\/el-ayuntamiento-de-pamplona-y-fundacion-lacaixa-colaboraran-para-desarrollar-acciones-de-apoyo-a-menores-en-situacion-de-vulnerabilidad\\\/#primaryimage\"},\"thumbnailUrl\":\"https:\\\/\\\/www.laguiadepamplona.com\\\/actualidad\\\/wp-content\\\/uploads\\\/2022\\\/10\\\/firma-convenio-fundacion-caixa-ee5a1206.webp\",\"datePublished\":\"2022-10-28T09:34:51+00:00\",\"dateModified\":\"2023-04-11T09:47:39+00:00\",\"description\":\"A trav\u00e9s del programa CaixaProinfancia se llevar\u00e1n a cabo iniciativas de atenci\u00f3n psicoterapeutica, de promoci\u00f3n de la salud ...\",\"breadcrumb\":{\"@id\":\"https:\\\/\\\/www.laguiadepamplona.com\\\/actualidad\\\/el-ayuntamiento-de-pamplona-y-fundacion-lacaixa-colaboraran-para-desarrollar-acciones-de-apoyo-a-menores-en-situacion-de-vulnerabilidad\\\/#breadcrumb\"},\"inLanguage\":\"es\",\"potentialAction\":[{\"@type\":\"ReadAction\",\"target\":[\"https:\\\/\\\/www.laguiadepamplona.com\\\/actualidad\\\/el-ayuntamiento-de-pamplona-y-fundacion-lacaixa-colaboraran-para-desarrollar-acciones-de-apoyo-a-menores-en-situacion-de-vulnerabilidad\\\/\"]}]},{\"@type\":\"ImageObject\",\"inLanguage\":\"es\",\"@id\":\"https:\\\/\\\/www.laguiadepamplona.com\\\/actualidad\\\/el-ayuntamiento-de-pamplona-y-fundacion-lacaixa-colaboraran-para-desarrollar-acciones-de-apoyo-a-menores-en-situacion-de-vulnerabilidad\\\/#primaryimage\",\"url\":\"https:\\\/\\\/www.laguiadepamplona.com\\\/actualidad\\\/wp-content\\\/uploads\\\/2022\\\/10\\\/firma-convenio-fundacion-caixa-ee5a1206.webp\",\"contentUrl\":\"https:\\\/\\\/www.laguiadepamplona.com\\\/actualidad\\\/wp-content\\\/uploads\\\/2022\\\/10\\\/firma-convenio-fundacion-caixa-ee5a1206.webp\",\"width\":1920,\"height\":1280},{\"@type\":\"BreadcrumbList\",\"@id\":\"https:\\\/\\\/www.laguiadepamplona.com\\\/actualidad\\\/el-ayuntamiento-de-pamplona-y-fundacion-lacaixa-colaboraran-para-desarrollar-acciones-de-apoyo-a-menores-en-situacion-de-vulnerabilidad\\\/#breadcrumb\",\"itemListElement\":[{\"@type\":\"ListItem\",\"position\":1,\"name\":\"Portada\",\"item\":\"https:\\\/\\\/www.laguiadepamplona.com\\\/actualidad\\\/\"},{\"@type\":\"ListItem\",\"position\":2,\"name\":\"El Ayuntamiento de Pamplona y Fundaci\u00f3n laCaixa colaborar\u00e1n para desarrollar acciones de apoyo a menores en situaci\u00f3n de vulnerabilidad\"}]},{\"@type\":\"WebSite\",\"@id\":\"https:\\\/\\\/www.laguiadepamplona.com\\\/actualidad\\\/#website\",\"url\":\"https:\\\/\\\/www.laguiadepamplona.com\\\/actualidad\\\/\",\"name\":\"La gu\u00eda de Pamplona\",\"description\":\"Noticias de Pamplona\",\"publisher\":{\"@id\":\"https:\\\/\\\/www.laguiadepamplona.com\\\/actualidad\\\/#organization\"},\"potentialAction\":[{\"@type\":\"SearchAction\",\"target\":{\"@type\":\"EntryPoint\",\"urlTemplate\":\"https:\\\/\\\/www.laguiadepamplona.com\\\/actualidad\\\/?s={search_term_string}\"},\"query-input\":{\"@type\":\"PropertyValueSpecification\",\"valueRequired\":true,\"valueName\":\"search_term_string\"}}],\"inLanguage\":\"es\"},{\"@type\":\"Organization\",\"@id\":\"https:\\\/\\\/www.laguiadepamplona.com\\\/actualidad\\\/#organization\",\"name\":\"La Gu\u00eda de Pamplona \\\/ Noticias\",\"url\":\"https:\\\/\\\/www.laguiadepamplona.com\\\/actualidad\\\/\",\"logo\":{\"@type\":\"ImageObject\",\"inLanguage\":\"es\",\"@id\":\"https:\\\/\\\/www.laguiadepamplona.com\\\/actualidad\\\/#\\\/schema\\\/logo\\\/image\\\/\",\"url\":\"https:\\\/\\\/www.laguiadepamplona.com\\\/actualidad\\\/wp-content\\\/uploads\\\/2018\\\/11\\\/logo-laguiadepamplona18-web1.png\",\"contentUrl\":\"https:\\\/\\\/www.laguiadepamplona.com\\\/actualidad\\\/wp-content\\\/uploads\\\/2018\\\/11\\\/logo-laguiadepamplona18-web1.png\",\"width\":600,\"height\":196,\"caption\":\"La Gu\u00eda de Pamplona \\\/ Noticias\"},\"image\":{\"@id\":\"https:\\\/\\\/www.laguiadepamplona.com\\\/actualidad\\\/#\\\/schema\\\/logo\\\/image\\\/\"},\"sameAs\":[\"https:\\\/\\\/www.facebook.com\\\/laguiadepamplonacom-133175176762273\\\/?ref=hl\",\"https:\\\/\\\/x.com\\\/LaGuiadPamplona\",\"https:\\\/\\\/www.instagram.com\\\/la_guia_de_pamplona\\\/\",\"https:\\\/\\\/www.youtube.com\\\/user\\\/laguiadepamplona\"]},{\"@type\":\"Person\",\"@id\":\"https:\\\/\\\/www.laguiadepamplona.com\\\/actualidad\\\/#\\\/schema\\\/person\\\/efe887376f0213d4657c93adc50b1fdb\",\"name\":\"La Gu\u00eda de Pamplona\",\"image\":{\"@type\":\"ImageObject\",\"inLanguage\":\"es\",\"@id\":\"https:\\\/\\\/secure.gravatar.com\\\/avatar\\\/b6992f131dc8d30ab0dff15446e9d346d9dbd95992de0fef795073f5ea83a81c?s=96&d=mm&r=g\",\"url\":\"https:\\\/\\\/secure.gravatar.com\\\/avatar\\\/b6992f131dc8d30ab0dff15446e9d346d9dbd95992de0fef795073f5ea83a81c?s=96&d=mm&r=g\",\"contentUrl\":\"https:\\\/\\\/secure.gravatar.com\\\/avatar\\\/b6992f131dc8d30ab0dff15446e9d346d9dbd95992de0fef795073f5ea83a81c?s=96&d=mm&r=g\",\"caption\":\"La Gu\u00eda de Pamplona\"}}]}<\/script>\n<!-- \/ Yoast SEO plugin. -->","yoast_head_json":{"title":"El Ayuntamiento de Pamplona y Fundaci\u00f3n laCaixa colaborar\u00e1n para desarrollar acciones de apoyo a menores en situaci\u00f3n de vulnerabilidad","description":"A trav\u00e9s del programa CaixaProinfancia se llevar\u00e1n a cabo iniciativas de atenci\u00f3n psicoterapeutica, de promoci\u00f3n de la salud ...","robots":{"index":"index","follow":"follow","max-snippet":"max-snippet:-1","max-image-preview":"max-image-preview:large","max-video-preview":"max-video-preview:-1"},"canonical":"https:\/\/www.laguiadepamplona.com\/actualidad\/el-ayuntamiento-de-pamplona-y-fundacion-lacaixa-colaboraran-para-desarrollar-acciones-de-apoyo-a-menores-en-situacion-de-vulnerabilidad\/","og_locale":"es_ES","og_type":"article","og_title":"El Ayuntamiento de Pamplona y Fundaci\u00f3n laCaixa colaborar\u00e1n para desarrollar acciones de apoyo a menores en situaci\u00f3n de vulnerabilidad","og_description":"A trav\u00e9s del programa CaixaProinfancia se llevar\u00e1n a cabo iniciativas de atenci\u00f3n psicoterapeutica, de promoci\u00f3n de la salud ...","og_url":"https:\/\/www.laguiadepamplona.com\/actualidad\/el-ayuntamiento-de-pamplona-y-fundacion-lacaixa-colaboraran-para-desarrollar-acciones-de-apoyo-a-menores-en-situacion-de-vulnerabilidad\/","og_site_name":"La Gu\u00eda de Pamplona","article_publisher":"https:\/\/www.facebook.com\/laguiadepamplonacom-133175176762273\/?ref=hl","article_published_time":"2022-10-28T09:34:51+00:00","article_modified_time":"2023-04-11T09:47:39+00:00","og_image":[{"width":1920,"height":1280,"url":"https:\/\/www.laguiadepamplona.com\/actualidad\/wp-content\/uploads\/2022\/10\/firma-convenio-fundacion-caixa-ee5a1206.webp","type":"image\/webp"}],"author":"La Gu\u00eda de Pamplona","twitter_card":"summary_large_image","twitter_creator":"@LaGuiadPamplona","twitter_site":"@LaGuiadPamplona","twitter_misc":{"Escrito por":"La Gu\u00eda de Pamplona","Tiempo de lectura":"3 minutos"},"schema":{"@context":"https:\/\/schema.org","@graph":[{"@type":"Article","@id":"https:\/\/www.laguiadepamplona.com\/actualidad\/el-ayuntamiento-de-pamplona-y-fundacion-lacaixa-colaboraran-para-desarrollar-acciones-de-apoyo-a-menores-en-situacion-de-vulnerabilidad\/#article","isPartOf":{"@id":"https:\/\/www.laguiadepamplona.com\/actualidad\/el-ayuntamiento-de-pamplona-y-fundacion-lacaixa-colaboraran-para-desarrollar-acciones-de-apoyo-a-menores-en-situacion-de-vulnerabilidad\/"},"author":{"name":"La Gu\u00eda de Pamplona","@id":"https:\/\/www.laguiadepamplona.com\/actualidad\/#\/schema\/person\/efe887376f0213d4657c93adc50b1fdb"},"headline":"El Ayuntamiento de Pamplona y Fundaci\u00f3n laCaixa colaborar\u00e1n para desarrollar acciones de apoyo a menores en situaci\u00f3n de vulnerabilidad","datePublished":"2022-10-28T09:34:51+00:00","dateModified":"2023-04-11T09:47:39+00:00","mainEntityOfPage":{"@id":"https:\/\/www.laguiadepamplona.com\/actualidad\/el-ayuntamiento-de-pamplona-y-fundacion-lacaixa-colaboraran-para-desarrollar-acciones-de-apoyo-a-menores-en-situacion-de-vulnerabilidad\/"},"wordCount":560,"commentCount":0,"publisher":{"@id":"https:\/\/www.laguiadepamplona.com\/actualidad\/#organization"},"image":{"@id":"https:\/\/www.laguiadepamplona.com\/actualidad\/el-ayuntamiento-de-pamplona-y-fundacion-lacaixa-colaboraran-para-desarrollar-acciones-de-apoyo-a-menores-en-situacion-de-vulnerabilidad\/#primaryimage"},"thumbnailUrl":"https:\/\/www.laguiadepamplona.com\/actualidad\/wp-content\/uploads\/2022\/10\/firma-convenio-fundacion-caixa-ee5a1206.webp","articleSection":["Ayto Pamplona"],"inLanguage":"es","potentialAction":[{"@type":"CommentAction","name":"Comment","target":["https:\/\/www.laguiadepamplona.com\/actualidad\/el-ayuntamiento-de-pamplona-y-fundacion-lacaixa-colaboraran-para-desarrollar-acciones-de-apoyo-a-menores-en-situacion-de-vulnerabilidad\/#respond"]}]},{"@type":"WebPage","@id":"https:\/\/www.laguiadepamplona.com\/actualidad\/el-ayuntamiento-de-pamplona-y-fundacion-lacaixa-colaboraran-para-desarrollar-acciones-de-apoyo-a-menores-en-situacion-de-vulnerabilidad\/","url":"https:\/\/www.laguiadepamplona.com\/actualidad\/el-ayuntamiento-de-pamplona-y-fundacion-lacaixa-colaboraran-para-desarrollar-acciones-de-apoyo-a-menores-en-situacion-de-vulnerabilidad\/","name":"El Ayuntamiento de Pamplona y Fundaci\u00f3n laCaixa colaborar\u00e1n para desarrollar acciones de apoyo a menores en situaci\u00f3n de vulnerabilidad","isPartOf":{"@id":"https:\/\/www.laguiadepamplona.com\/actualidad\/#website"},"primaryImageOfPage":{"@id":"https:\/\/www.laguiadepamplona.com\/actualidad\/el-ayuntamiento-de-pamplona-y-fundacion-lacaixa-colaboraran-para-desarrollar-acciones-de-apoyo-a-menores-en-situacion-de-vulnerabilidad\/#primaryimage"},"image":{"@id":"https:\/\/www.laguiadepamplona.com\/actualidad\/el-ayuntamiento-de-pamplona-y-fundacion-lacaixa-colaboraran-para-desarrollar-acciones-de-apoyo-a-menores-en-situacion-de-vulnerabilidad\/#primaryimage"},"thumbnailUrl":"https:\/\/www.laguiadepamplona.com\/actualidad\/wp-content\/uploads\/2022\/10\/firma-convenio-fundacion-caixa-ee5a1206.webp","datePublished":"2022-10-28T09:34:51+00:00","dateModified":"2023-04-11T09:47:39+00:00","description":"A trav\u00e9s del programa CaixaProinfancia se llevar\u00e1n a cabo iniciativas de atenci\u00f3n psicoterapeutica, de promoci\u00f3n de la salud ...","breadcrumb":{"@id":"https:\/\/www.laguiadepamplona.com\/actualidad\/el-ayuntamiento-de-pamplona-y-fundacion-lacaixa-colaboraran-para-desarrollar-acciones-de-apoyo-a-menores-en-situacion-de-vulnerabilidad\/#breadcrumb"},"inLanguage":"es","potentialAction":[{"@type":"ReadAction","target":["https:\/\/www.laguiadepamplona.com\/actualidad\/el-ayuntamiento-de-pamplona-y-fundacion-lacaixa-colaboraran-para-desarrollar-acciones-de-apoyo-a-menores-en-situacion-de-vulnerabilidad\/"]}]},{"@type":"ImageObject","inLanguage":"es","@id":"https:\/\/www.laguiadepamplona.com\/actualidad\/el-ayuntamiento-de-pamplona-y-fundacion-lacaixa-colaboraran-para-desarrollar-acciones-de-apoyo-a-menores-en-situacion-de-vulnerabilidad\/#primaryimage","url":"https:\/\/www.laguiadepamplona.com\/actualidad\/wp-content\/uploads\/2022\/10\/firma-convenio-fundacion-caixa-ee5a1206.webp","contentUrl":"https:\/\/www.laguiadepamplona.com\/actualidad\/wp-content\/uploads\/2022\/10\/firma-convenio-fundacion-caixa-ee5a1206.webp","width":1920,"height":1280},{"@type":"BreadcrumbList","@id":"https:\/\/www.laguiadepamplona.com\/actualidad\/el-ayuntamiento-de-pamplona-y-fundacion-lacaixa-colaboraran-para-desarrollar-acciones-de-apoyo-a-menores-en-situacion-de-vulnerabilidad\/#breadcrumb","itemListElement":[{"@type":"ListItem","position":1,"name":"Portada","item":"https:\/\/www.laguiadepamplona.com\/actualidad\/"},{"@type":"ListItem","position":2,"name":"El Ayuntamiento de Pamplona y Fundaci\u00f3n laCaixa colaborar\u00e1n para desarrollar acciones de apoyo a menores en situaci\u00f3n de vulnerabilidad"}]},{"@type":"WebSite","@id":"https:\/\/www.laguiadepamplona.com\/actualidad\/#website","url":"https:\/\/www.laguiadepamplona.com\/actualidad\/","name":"La gu\u00eda de Pamplona","description":"Noticias de Pamplona","publisher":{"@id":"https:\/\/www.laguiadepamplona.com\/actualidad\/#organization"},"potentialAction":[{"@type":"SearchAction","target":{"@type":"EntryPoint","urlTemplate":"https:\/\/www.laguiadepamplona.com\/actualidad\/?s={search_term_string}"},"query-input":{"@type":"PropertyValueSpecification","valueRequired":true,"valueName":"search_term_string"}}],"inLanguage":"es"},{"@type":"Organization","@id":"https:\/\/www.laguiadepamplona.com\/actualidad\/#organization","name":"La Gu\u00eda de Pamplona \/ Noticias","url":"https:\/\/www.laguiadepamplona.com\/actualidad\/","logo":{"@type":"ImageObject","inLanguage":"es","@id":"https:\/\/www.laguiadepamplona.com\/actualidad\/#\/schema\/logo\/image\/","url":"https:\/\/www.laguiadepamplona.com\/actualidad\/wp-content\/uploads\/2018\/11\/logo-laguiadepamplona18-web1.png","contentUrl":"https:\/\/www.laguiadepamplona.com\/actualidad\/wp-content\/uploads\/2018\/11\/logo-laguiadepamplona18-web1.png","width":600,"height":196,"caption":"La Gu\u00eda de Pamplona \/ Noticias"},"image":{"@id":"https:\/\/www.laguiadepamplona.com\/actualidad\/#\/schema\/logo\/image\/"},"sameAs":["https:\/\/www.facebook.com\/laguiadepamplonacom-133175176762273\/?ref=hl","https:\/\/x.com\/LaGuiadPamplona","https:\/\/www.instagram.com\/la_guia_de_pamplona\/","https:\/\/www.youtube.com\/user\/laguiadepamplona"]},{"@type":"Person","@id":"https:\/\/www.laguiadepamplona.com\/actualidad\/#\/schema\/person\/efe887376f0213d4657c93adc50b1fdb","name":"La Gu\u00eda de Pamplona","image":{"@type":"ImageObject","inLanguage":"es","@id":"https:\/\/secure.gravatar.com\/avatar\/b6992f131dc8d30ab0dff15446e9d346d9dbd95992de0fef795073f5ea83a81c?s=96&d=mm&r=g","url":"https:\/\/secure.gravatar.com\/avatar\/b6992f131dc8d30ab0dff15446e9d346d9dbd95992de0fef795073f5ea83a81c?s=96&d=mm&r=g","contentUrl":"https:\/\/secure.gravatar.com\/avatar\/b6992f131dc8d30ab0dff15446e9d346d9dbd95992de0fef795073f5ea83a81c?s=96&d=mm&r=g","caption":"La Gu\u00eda de Pamplona"}}]}},"post_mailing_queue_ids":[],"_links":{"self":[{"href":"https:\/\/www.laguiadepamplona.com\/actualidad\/wp-json\/wp\/v2\/posts\/42058","targetHints":{"allow":["GET"]}}],"collection":[{"href":"https:\/\/www.laguiadepamplona.com\/actualidad\/wp-json\/wp\/v2\/posts"}],"about":[{"href":"https:\/\/www.laguiadepamplona.com\/actualidad\/wp-json\/wp\/v2\/types\/post"}],"author":[{"embeddable":true,"href":"https:\/\/www.laguiadepamplona.com\/actualidad\/wp-json\/wp\/v2\/users\/1"}],"replies":[{"embeddable":true,"href":"https:\/\/www.laguiadepamplona.com\/actualidad\/wp-json\/wp\/v2\/comments?post=42058"}],"version-history":[{"count":0,"href":"https:\/\/www.laguiadepamplona.com\/actualidad\/wp-json\/wp\/v2\/posts\/42058\/revisions"}],"wp:featuredmedia":[{"embeddable":true,"href":"https:\/\/www.laguiadepamplona.com\/actualidad\/wp-json\/wp\/v2\/media\/42059"}],"wp:attachment":[{"href":"https:\/\/www.laguiadepamplona.com\/actualidad\/wp-json\/wp\/v2\/media?parent=42058"}],"wp:term":[{"taxonomy":"category","embeddable":true,"href":"https:\/\/www.laguiadepamplona.com\/actualidad\/wp-json\/wp\/v2\/categories?post=42058"},{"taxonomy":"post_tag","embeddable":true,"href":"https:\/\/www.laguiadepamplona.com\/actualidad\/wp-json\/wp\/v2\/tags?post=42058"}],"curies":[{"name":"wp","href":"https:\/\/api.w.org\/{rel}","templated":true}]}}