{"id":42055,"date":"2022-10-27T13:35:27","date_gmt":"2022-10-27T11:35:27","guid":{"rendered":"https:\/\/www.laguiadepamplona.com\/actualidad\/?p=42055"},"modified":"2023-04-11T11:47:39","modified_gmt":"2023-04-11T09:47:39","slug":"retrato-apocrifo-de-manuel-jose-de-lara-e-insomnioa-de-gotzon-plaza-reciben-el-xvi-premio-de-poesia-ciudad-de-pamplona-en-las-categorias-de-castellano-y-euskera","status":"publish","type":"post","link":"https:\/\/www.laguiadepamplona.com\/actualidad\/retrato-apocrifo-de-manuel-jose-de-lara-e-insomnioa-de-gotzon-plaza-reciben-el-xvi-premio-de-poesia-ciudad-de-pamplona-en-las-categorias-de-castellano-y-euskera\/","title":{"rendered":"\u2018Retrato ap\u00f3crifo\u2019 de Manuel Jos\u00e9 de Lara e \u2018Insomnioa\u2019 de Gotzon Plaza reciben el XVI Premio de Poes\u00eda Ciudad de Pamplona en las categor\u00edas de castellano y euskera"},"content":{"rendered":"<h5>El alcalde de Pamplona y el presidente del Ateneo Navarro han entregado los premios esta ma\u00f1ana en el patio del Palacio del Condestable<\/h5>\n<p><!--more--><\/p>\n<p>Manuel Jos\u00e9 de Lara y Gotzon Plaza han recibido esta ma\u00f1ana el XVI Premio Internacional de Poes\u00eda \u2018Ciudad de Pamplona\u2019. Sus obras \u2018Retrato ap\u00f3crifo\u2019 e \u2018Insomnioa\u2019 han sido los poemarios ganadores en las categor\u00edas de castellano y euskera, respectivamente. El certamen, organizado por el Ayuntamiento de Pamplona y el Ateneo Navarro, ha contado en esta edici\u00f3n con la participaci\u00f3n de 424 obras, 409 en castellano y 15 en euskera.<\/p>\n<p>El alcalde de Pamplona, Enrique Maya, y el presidente del Ateneo Navarro, Pedro Salaberri, han entregado los premios esta ma\u00f1ana en el patio del Palacio del Condestable. Antes de la entrega, el secretario del jurado y vocal de Premios Literarios, Javier Asi\u00e1in, ha le\u00eddo el acto del certamen con las obras premiadas. Manuel Jos\u00e9 de Lara y Gotzon Plaza han recibido el premio dotado con 3.000 euros y el libro con la edici\u00f3n de sus respectivas obras, as\u00ed como una reproducci\u00f3n de la fachada de la Casa Consistorial.<br \/>\n<script async src=\"\/\/pagead2.googlesyndication.com\/pagead\/js\/adsbygoogle.js\"><\/script><br \/>\n<!-- Noticias La Guia de Pamplona --><br \/>\n<ins class=\"adsbygoogle\"\nstyle=\"display:block\"\ndata-ad-client=\"ca-pub-6943679897239327\"\ndata-ad-slot=\"7048180777\"\ndata-ad-format=\"auto\"><\/ins><br \/>\n<script>\n(adsbygoogle = window.adsbygoogle || []).push({});\n<\/script><\/p>\n<p>Cuatro de cada diez obras presentadas en la modalidad de castellano, es decir 160 de 409, llegaron desde fuera de Espa\u00f1a, lo que confirma el car\u00e1cter internacional del premio. Argentina, Cuba, M\u00e9xico o Per\u00fa son solo unos ejemplos de la veintena de pa\u00edses desde los que se remitieron textos. Otros 249 poemarios proced\u00edan de distintas comunidades aut\u00f3nomas, principalmente Andaluc\u00eda y Madrid. De Navarra llegaron 6 obras en castellano y otras 6 en euskera. El resto de la participaci\u00f3n en la modalidad de euskera se ha completado con 3 obras de Gipuzkoa y otras tres de Bizkaia, 1 de \u00c1lava, y 2 del Pa\u00eds Vasco franc\u00e9s.<\/p>\n<p>El jurado ha estado compuesto, en la modalidad de castellano, por el presidente del Ateneo Navarro, Pedro Salaberri; el editor, traductor y poeta, Jes\u00fas Mun\u00e1rriz Peralta; la poeta y licenciada en Filolog\u00eda Hisp\u00e1nica, Ana Mart\u00ednez Mongay; y el poeta Javier Asi\u00e1in Urtasun. En la modalidad en euskera, el jurado lo han integrado Lierni Azkargorta Ruiz de Egino, ganadora de la edici\u00f3n anterior; Unai Pascual Loyarte, editor de Denonartean, e In\u00e9s Castilla Imaz, vocal de Euskera del Ateneo Navarro.<br \/>\n<script async src=\"\/\/pagead2.googlesyndication.com\/pagead\/js\/adsbygoogle.js\"><\/script><br \/>\n<!-- Noticias La Guia de Pamplona --><br \/>\n<ins class=\"adsbygoogle\"\nstyle=\"display:block\"\ndata-ad-client=\"ca-pub-6943679897239327\"\ndata-ad-slot=\"7048180777\"\ndata-ad-format=\"auto\"><\/ins><br \/>\n<script>\n(adsbygoogle = window.adsbygoogle || []).push({});\n<\/script><\/p>\n<p><strong>Sobre las obras ganadoras y sus autores<\/strong><\/p>\n<p>De \u2018Retrato ap\u00f3crifo\u2019 de Manuel Jos\u00e9 de Lara R\u00f3denas, el jurado destaca su poes\u00eda, que \u201cbrilla con luz propia, con un lenguaje accesible para todo tipo de lector, que habla de verdades personales que hace universales a trav\u00e9s de la palabra\u201d. Asimismo, se resalta que se trata de un libro \u201ccon oficio y muy bien cuajado por su autor, en donde brillan de manera especial los poemas meta literarios\u201d.<\/p>\n<p>El onubense Manuel Jos\u00e9 de Lara es doctor en Historia por la Universidad de Sevilla, profesor titular de Historia Moderna en la Universidad de Huelva y acad\u00e9mico de la Real Academia Sevillana de Buenas Letras. Como historiador, ha escrito art\u00edculos, ha realizado ponencias en congresos cient\u00edficos y ha publicado varios libros. Como poeta, ha publicado tres obras, y ha recibido el premio de poes\u00eda Salvador Rueda en 2020, adem\u00e1s de escribir poemas y art\u00edculos en prensa y revistas literarias.<br \/>\n<script async src=\"\/\/pagead2.googlesyndication.com\/pagead\/js\/adsbygoogle.js\"><\/script><br \/>\n<!-- Noticias La Guia de Pamplona --><br \/>\n<ins class=\"adsbygoogle\"\nstyle=\"display:block\"\ndata-ad-client=\"ca-pub-6943679897239327\"\ndata-ad-slot=\"7048180777\"\ndata-ad-format=\"auto\"><\/ins><br \/>\n<script>\n(adsbygoogle = window.adsbygoogle || []).push({});\n<\/script><\/p>\n<p>La obra \u2018Insomnioa\u2019 de Gotzon Plaza Jaio plasma el \u201cgran dominio t\u00e9cnico, que dota al poemario de un nivel de elegancia rese\u00f1able\u201d. El autor \u201clogra dar un sentido \u00edntegro a la tem\u00e1tica elegida, planteando a su vez reflexiones diversas\u201d y \u201ctanto por su estructura como por el estilo, logra dinamismo en la lectura de los versos que forman el poemario\u201d.<\/p>\n<p>El bilba\u00edno Gotzon Plaza es licenciado en Inform\u00e1tica por la Universidad de Deusto y desde 2015 ha participado en una treintena de concursos y cert\u00e1menes de literatura, en los que ha obtenido dos segundos puestos, en el Premio de Poes\u00eda Lauaxeta en Mungia, en 2016 y 2017, y ha quedado finalista en dos ocasiones en Kimetz Ordiziako Kontaketa Lehiaketa en Ordizia y en Aztarnak Ipuin Laburren Lehiaketa, en San Sebasti\u00e1n, ambos en 2021. Asimismo, ha publicado dos de sus obras, \u2018Mintzairak\u2019 en 2016 y \u2018Orfeoren jaitsiera\u2019 en 2017.<\/p>\n","protected":false},"excerpt":{"rendered":"<p>El alcalde de Pamplona y el presidente del Ateneo Navarro han entregado los premios esta ma\u00f1ana en el patio del Palacio del Condestable<\/p>\n","protected":false},"author":1,"featured_media":42056,"comment_status":"open","ping_status":"closed","sticky":false,"template":"","format":"standard","meta":{"footnotes":""},"categories":[2],"tags":[],"class_list":["post-42055","post","type-post","status-publish","format-standard","has-post-thumbnail","hentry","category-ayuntamiento-pamplona"],"yoast_head":"<!-- This site is optimized with the Yoast SEO plugin v27.3 - https:\/\/yoast.com\/product\/yoast-seo-wordpress\/ -->\n<title>\u2018Retrato ap\u00f3crifo\u2019 de Manuel Jos\u00e9 de Lara e \u2018Insomnioa\u2019 de Gotzon Plaza reciben el XVI Premio de Poes\u00eda Ciudad de Pamplona en las categor\u00edas de castellano y euskera<\/title>\n<meta name=\"description\" content=\"El alcalde de Pamplona y el presidente del Ateneo Navarro han entregado los premios esta ma\u00f1ana en el patio del Palacio del Condestable\" \/>\n<meta name=\"robots\" content=\"index, follow, max-snippet:-1, max-image-preview:large, max-video-preview:-1\" \/>\n<link rel=\"canonical\" href=\"https:\/\/www.laguiadepamplona.com\/actualidad\/retrato-apocrifo-de-manuel-jose-de-lara-e-insomnioa-de-gotzon-plaza-reciben-el-xvi-premio-de-poesia-ciudad-de-pamplona-en-las-categorias-de-castellano-y-euskera\/\" \/>\n<meta property=\"og:locale\" content=\"es_ES\" \/>\n<meta property=\"og:type\" content=\"article\" \/>\n<meta property=\"og:title\" content=\"\u2018Retrato ap\u00f3crifo\u2019 de Manuel Jos\u00e9 de Lara e \u2018Insomnioa\u2019 de Gotzon Plaza reciben el XVI Premio de Poes\u00eda Ciudad de Pamplona en las categor\u00edas de castellano y euskera\" \/>\n<meta property=\"og:description\" content=\"El alcalde de Pamplona y el presidente del Ateneo Navarro han entregado los premios esta ma\u00f1ana en el patio del Palacio del Condestable\" \/>\n<meta property=\"og:url\" content=\"https:\/\/www.laguiadepamplona.com\/actualidad\/retrato-apocrifo-de-manuel-jose-de-lara-e-insomnioa-de-gotzon-plaza-reciben-el-xvi-premio-de-poesia-ciudad-de-pamplona-en-las-categorias-de-castellano-y-euskera\/\" \/>\n<meta property=\"og:site_name\" content=\"La Gu\u00eda de Pamplona\" \/>\n<meta property=\"article:publisher\" content=\"https:\/\/www.facebook.com\/laguiadepamplonacom-133175176762273\/?ref=hl\" \/>\n<meta property=\"article:published_time\" content=\"2022-10-27T11:35:27+00:00\" \/>\n<meta property=\"article:modified_time\" content=\"2023-04-11T09:47:39+00:00\" \/>\n<meta property=\"og:image\" content=\"https:\/\/www.laguiadepamplona.com\/actualidad\/wp-content\/uploads\/2022\/10\/q5a0134poesia22-10-27_0.webp\" \/>\n\t<meta property=\"og:image:width\" content=\"1920\" \/>\n\t<meta property=\"og:image:height\" content=\"1281\" \/>\n\t<meta property=\"og:image:type\" content=\"image\/webp\" \/>\n<meta name=\"author\" content=\"La Gu\u00eda de Pamplona\" \/>\n<meta name=\"twitter:card\" content=\"summary_large_image\" \/>\n<meta name=\"twitter:creator\" content=\"@LaGuiadPamplona\" \/>\n<meta name=\"twitter:site\" content=\"@LaGuiadPamplona\" \/>\n<meta name=\"twitter:label1\" content=\"Escrito por\" \/>\n\t<meta name=\"twitter:data1\" content=\"La Gu\u00eda de Pamplona\" \/>\n\t<meta name=\"twitter:label2\" content=\"Tiempo de lectura\" \/>\n\t<meta name=\"twitter:data2\" content=\"4 minutos\" \/>\n<script type=\"application\/ld+json\" class=\"yoast-schema-graph\">{\"@context\":\"https:\\\/\\\/schema.org\",\"@graph\":[{\"@type\":\"Article\",\"@id\":\"https:\\\/\\\/www.laguiadepamplona.com\\\/actualidad\\\/retrato-apocrifo-de-manuel-jose-de-lara-e-insomnioa-de-gotzon-plaza-reciben-el-xvi-premio-de-poesia-ciudad-de-pamplona-en-las-categorias-de-castellano-y-euskera\\\/#article\",\"isPartOf\":{\"@id\":\"https:\\\/\\\/www.laguiadepamplona.com\\\/actualidad\\\/retrato-apocrifo-de-manuel-jose-de-lara-e-insomnioa-de-gotzon-plaza-reciben-el-xvi-premio-de-poesia-ciudad-de-pamplona-en-las-categorias-de-castellano-y-euskera\\\/\"},\"author\":{\"name\":\"La Gu\u00eda de Pamplona\",\"@id\":\"https:\\\/\\\/www.laguiadepamplona.com\\\/actualidad\\\/#\\\/schema\\\/person\\\/efe887376f0213d4657c93adc50b1fdb\"},\"headline\":\"\u2018Retrato ap\u00f3crifo\u2019 de Manuel Jos\u00e9 de Lara e \u2018Insomnioa\u2019 de Gotzon Plaza reciben el XVI Premio de Poes\u00eda Ciudad de Pamplona en las categor\u00edas de castellano y euskera\",\"datePublished\":\"2022-10-27T11:35:27+00:00\",\"dateModified\":\"2023-04-11T09:47:39+00:00\",\"mainEntityOfPage\":{\"@id\":\"https:\\\/\\\/www.laguiadepamplona.com\\\/actualidad\\\/retrato-apocrifo-de-manuel-jose-de-lara-e-insomnioa-de-gotzon-plaza-reciben-el-xvi-premio-de-poesia-ciudad-de-pamplona-en-las-categorias-de-castellano-y-euskera\\\/\"},\"wordCount\":726,\"commentCount\":0,\"publisher\":{\"@id\":\"https:\\\/\\\/www.laguiadepamplona.com\\\/actualidad\\\/#organization\"},\"image\":{\"@id\":\"https:\\\/\\\/www.laguiadepamplona.com\\\/actualidad\\\/retrato-apocrifo-de-manuel-jose-de-lara-e-insomnioa-de-gotzon-plaza-reciben-el-xvi-premio-de-poesia-ciudad-de-pamplona-en-las-categorias-de-castellano-y-euskera\\\/#primaryimage\"},\"thumbnailUrl\":\"https:\\\/\\\/www.laguiadepamplona.com\\\/actualidad\\\/wp-content\\\/uploads\\\/2022\\\/10\\\/q5a0134poesia22-10-27_0.webp\",\"articleSection\":[\"Ayto Pamplona\"],\"inLanguage\":\"es\",\"potentialAction\":[{\"@type\":\"CommentAction\",\"name\":\"Comment\",\"target\":[\"https:\\\/\\\/www.laguiadepamplona.com\\\/actualidad\\\/retrato-apocrifo-de-manuel-jose-de-lara-e-insomnioa-de-gotzon-plaza-reciben-el-xvi-premio-de-poesia-ciudad-de-pamplona-en-las-categorias-de-castellano-y-euskera\\\/#respond\"]}]},{\"@type\":\"WebPage\",\"@id\":\"https:\\\/\\\/www.laguiadepamplona.com\\\/actualidad\\\/retrato-apocrifo-de-manuel-jose-de-lara-e-insomnioa-de-gotzon-plaza-reciben-el-xvi-premio-de-poesia-ciudad-de-pamplona-en-las-categorias-de-castellano-y-euskera\\\/\",\"url\":\"https:\\\/\\\/www.laguiadepamplona.com\\\/actualidad\\\/retrato-apocrifo-de-manuel-jose-de-lara-e-insomnioa-de-gotzon-plaza-reciben-el-xvi-premio-de-poesia-ciudad-de-pamplona-en-las-categorias-de-castellano-y-euskera\\\/\",\"name\":\"\u2018Retrato ap\u00f3crifo\u2019 de Manuel Jos\u00e9 de Lara e \u2018Insomnioa\u2019 de Gotzon Plaza reciben el XVI Premio de Poes\u00eda Ciudad de Pamplona en las categor\u00edas de castellano y euskera\",\"isPartOf\":{\"@id\":\"https:\\\/\\\/www.laguiadepamplona.com\\\/actualidad\\\/#website\"},\"primaryImageOfPage\":{\"@id\":\"https:\\\/\\\/www.laguiadepamplona.com\\\/actualidad\\\/retrato-apocrifo-de-manuel-jose-de-lara-e-insomnioa-de-gotzon-plaza-reciben-el-xvi-premio-de-poesia-ciudad-de-pamplona-en-las-categorias-de-castellano-y-euskera\\\/#primaryimage\"},\"image\":{\"@id\":\"https:\\\/\\\/www.laguiadepamplona.com\\\/actualidad\\\/retrato-apocrifo-de-manuel-jose-de-lara-e-insomnioa-de-gotzon-plaza-reciben-el-xvi-premio-de-poesia-ciudad-de-pamplona-en-las-categorias-de-castellano-y-euskera\\\/#primaryimage\"},\"thumbnailUrl\":\"https:\\\/\\\/www.laguiadepamplona.com\\\/actualidad\\\/wp-content\\\/uploads\\\/2022\\\/10\\\/q5a0134poesia22-10-27_0.webp\",\"datePublished\":\"2022-10-27T11:35:27+00:00\",\"dateModified\":\"2023-04-11T09:47:39+00:00\",\"description\":\"El alcalde de Pamplona y el presidente del Ateneo Navarro han entregado los premios esta ma\u00f1ana en el patio del Palacio del Condestable\",\"breadcrumb\":{\"@id\":\"https:\\\/\\\/www.laguiadepamplona.com\\\/actualidad\\\/retrato-apocrifo-de-manuel-jose-de-lara-e-insomnioa-de-gotzon-plaza-reciben-el-xvi-premio-de-poesia-ciudad-de-pamplona-en-las-categorias-de-castellano-y-euskera\\\/#breadcrumb\"},\"inLanguage\":\"es\",\"potentialAction\":[{\"@type\":\"ReadAction\",\"target\":[\"https:\\\/\\\/www.laguiadepamplona.com\\\/actualidad\\\/retrato-apocrifo-de-manuel-jose-de-lara-e-insomnioa-de-gotzon-plaza-reciben-el-xvi-premio-de-poesia-ciudad-de-pamplona-en-las-categorias-de-castellano-y-euskera\\\/\"]}]},{\"@type\":\"ImageObject\",\"inLanguage\":\"es\",\"@id\":\"https:\\\/\\\/www.laguiadepamplona.com\\\/actualidad\\\/retrato-apocrifo-de-manuel-jose-de-lara-e-insomnioa-de-gotzon-plaza-reciben-el-xvi-premio-de-poesia-ciudad-de-pamplona-en-las-categorias-de-castellano-y-euskera\\\/#primaryimage\",\"url\":\"https:\\\/\\\/www.laguiadepamplona.com\\\/actualidad\\\/wp-content\\\/uploads\\\/2022\\\/10\\\/q5a0134poesia22-10-27_0.webp\",\"contentUrl\":\"https:\\\/\\\/www.laguiadepamplona.com\\\/actualidad\\\/wp-content\\\/uploads\\\/2022\\\/10\\\/q5a0134poesia22-10-27_0.webp\",\"width\":1920,\"height\":1281},{\"@type\":\"BreadcrumbList\",\"@id\":\"https:\\\/\\\/www.laguiadepamplona.com\\\/actualidad\\\/retrato-apocrifo-de-manuel-jose-de-lara-e-insomnioa-de-gotzon-plaza-reciben-el-xvi-premio-de-poesia-ciudad-de-pamplona-en-las-categorias-de-castellano-y-euskera\\\/#breadcrumb\",\"itemListElement\":[{\"@type\":\"ListItem\",\"position\":1,\"name\":\"Portada\",\"item\":\"https:\\\/\\\/www.laguiadepamplona.com\\\/actualidad\\\/\"},{\"@type\":\"ListItem\",\"position\":2,\"name\":\"\u2018Retrato ap\u00f3crifo\u2019 de Manuel Jos\u00e9 de Lara e \u2018Insomnioa\u2019 de Gotzon Plaza reciben el XVI Premio de Poes\u00eda Ciudad de Pamplona en las categor\u00edas de castellano y euskera\"}]},{\"@type\":\"WebSite\",\"@id\":\"https:\\\/\\\/www.laguiadepamplona.com\\\/actualidad\\\/#website\",\"url\":\"https:\\\/\\\/www.laguiadepamplona.com\\\/actualidad\\\/\",\"name\":\"La gu\u00eda de Pamplona\",\"description\":\"Noticias de Pamplona\",\"publisher\":{\"@id\":\"https:\\\/\\\/www.laguiadepamplona.com\\\/actualidad\\\/#organization\"},\"potentialAction\":[{\"@type\":\"SearchAction\",\"target\":{\"@type\":\"EntryPoint\",\"urlTemplate\":\"https:\\\/\\\/www.laguiadepamplona.com\\\/actualidad\\\/?s={search_term_string}\"},\"query-input\":{\"@type\":\"PropertyValueSpecification\",\"valueRequired\":true,\"valueName\":\"search_term_string\"}}],\"inLanguage\":\"es\"},{\"@type\":\"Organization\",\"@id\":\"https:\\\/\\\/www.laguiadepamplona.com\\\/actualidad\\\/#organization\",\"name\":\"La Gu\u00eda de Pamplona \\\/ Noticias\",\"url\":\"https:\\\/\\\/www.laguiadepamplona.com\\\/actualidad\\\/\",\"logo\":{\"@type\":\"ImageObject\",\"inLanguage\":\"es\",\"@id\":\"https:\\\/\\\/www.laguiadepamplona.com\\\/actualidad\\\/#\\\/schema\\\/logo\\\/image\\\/\",\"url\":\"https:\\\/\\\/www.laguiadepamplona.com\\\/actualidad\\\/wp-content\\\/uploads\\\/2018\\\/11\\\/logo-laguiadepamplona18-web1.png\",\"contentUrl\":\"https:\\\/\\\/www.laguiadepamplona.com\\\/actualidad\\\/wp-content\\\/uploads\\\/2018\\\/11\\\/logo-laguiadepamplona18-web1.png\",\"width\":600,\"height\":196,\"caption\":\"La Gu\u00eda de Pamplona \\\/ Noticias\"},\"image\":{\"@id\":\"https:\\\/\\\/www.laguiadepamplona.com\\\/actualidad\\\/#\\\/schema\\\/logo\\\/image\\\/\"},\"sameAs\":[\"https:\\\/\\\/www.facebook.com\\\/laguiadepamplonacom-133175176762273\\\/?ref=hl\",\"https:\\\/\\\/x.com\\\/LaGuiadPamplona\",\"https:\\\/\\\/www.instagram.com\\\/la_guia_de_pamplona\\\/\",\"https:\\\/\\\/www.youtube.com\\\/user\\\/laguiadepamplona\"]},{\"@type\":\"Person\",\"@id\":\"https:\\\/\\\/www.laguiadepamplona.com\\\/actualidad\\\/#\\\/schema\\\/person\\\/efe887376f0213d4657c93adc50b1fdb\",\"name\":\"La Gu\u00eda de Pamplona\",\"image\":{\"@type\":\"ImageObject\",\"inLanguage\":\"es\",\"@id\":\"https:\\\/\\\/secure.gravatar.com\\\/avatar\\\/b6992f131dc8d30ab0dff15446e9d346d9dbd95992de0fef795073f5ea83a81c?s=96&d=mm&r=g\",\"url\":\"https:\\\/\\\/secure.gravatar.com\\\/avatar\\\/b6992f131dc8d30ab0dff15446e9d346d9dbd95992de0fef795073f5ea83a81c?s=96&d=mm&r=g\",\"contentUrl\":\"https:\\\/\\\/secure.gravatar.com\\\/avatar\\\/b6992f131dc8d30ab0dff15446e9d346d9dbd95992de0fef795073f5ea83a81c?s=96&d=mm&r=g\",\"caption\":\"La Gu\u00eda de Pamplona\"}}]}<\/script>\n<!-- \/ Yoast SEO plugin. -->","yoast_head_json":{"title":"\u2018Retrato ap\u00f3crifo\u2019 de Manuel Jos\u00e9 de Lara e \u2018Insomnioa\u2019 de Gotzon Plaza reciben el XVI Premio de Poes\u00eda Ciudad de Pamplona en las categor\u00edas de castellano y euskera","description":"El alcalde de Pamplona y el presidente del Ateneo Navarro han entregado los premios esta ma\u00f1ana en el patio del Palacio del Condestable","robots":{"index":"index","follow":"follow","max-snippet":"max-snippet:-1","max-image-preview":"max-image-preview:large","max-video-preview":"max-video-preview:-1"},"canonical":"https:\/\/www.laguiadepamplona.com\/actualidad\/retrato-apocrifo-de-manuel-jose-de-lara-e-insomnioa-de-gotzon-plaza-reciben-el-xvi-premio-de-poesia-ciudad-de-pamplona-en-las-categorias-de-castellano-y-euskera\/","og_locale":"es_ES","og_type":"article","og_title":"\u2018Retrato ap\u00f3crifo\u2019 de Manuel Jos\u00e9 de Lara e \u2018Insomnioa\u2019 de Gotzon Plaza reciben el XVI Premio de Poes\u00eda Ciudad de Pamplona en las categor\u00edas de castellano y euskera","og_description":"El alcalde de Pamplona y el presidente del Ateneo Navarro han entregado los premios esta ma\u00f1ana en el patio del Palacio del Condestable","og_url":"https:\/\/www.laguiadepamplona.com\/actualidad\/retrato-apocrifo-de-manuel-jose-de-lara-e-insomnioa-de-gotzon-plaza-reciben-el-xvi-premio-de-poesia-ciudad-de-pamplona-en-las-categorias-de-castellano-y-euskera\/","og_site_name":"La Gu\u00eda de Pamplona","article_publisher":"https:\/\/www.facebook.com\/laguiadepamplonacom-133175176762273\/?ref=hl","article_published_time":"2022-10-27T11:35:27+00:00","article_modified_time":"2023-04-11T09:47:39+00:00","og_image":[{"width":1920,"height":1281,"url":"https:\/\/www.laguiadepamplona.com\/actualidad\/wp-content\/uploads\/2022\/10\/q5a0134poesia22-10-27_0.webp","type":"image\/webp"}],"author":"La Gu\u00eda de Pamplona","twitter_card":"summary_large_image","twitter_creator":"@LaGuiadPamplona","twitter_site":"@LaGuiadPamplona","twitter_misc":{"Escrito por":"La Gu\u00eda de Pamplona","Tiempo de lectura":"4 minutos"},"schema":{"@context":"https:\/\/schema.org","@graph":[{"@type":"Article","@id":"https:\/\/www.laguiadepamplona.com\/actualidad\/retrato-apocrifo-de-manuel-jose-de-lara-e-insomnioa-de-gotzon-plaza-reciben-el-xvi-premio-de-poesia-ciudad-de-pamplona-en-las-categorias-de-castellano-y-euskera\/#article","isPartOf":{"@id":"https:\/\/www.laguiadepamplona.com\/actualidad\/retrato-apocrifo-de-manuel-jose-de-lara-e-insomnioa-de-gotzon-plaza-reciben-el-xvi-premio-de-poesia-ciudad-de-pamplona-en-las-categorias-de-castellano-y-euskera\/"},"author":{"name":"La Gu\u00eda de Pamplona","@id":"https:\/\/www.laguiadepamplona.com\/actualidad\/#\/schema\/person\/efe887376f0213d4657c93adc50b1fdb"},"headline":"\u2018Retrato ap\u00f3crifo\u2019 de Manuel Jos\u00e9 de Lara e \u2018Insomnioa\u2019 de Gotzon Plaza reciben el XVI Premio de Poes\u00eda Ciudad de Pamplona en las categor\u00edas de castellano y euskera","datePublished":"2022-10-27T11:35:27+00:00","dateModified":"2023-04-11T09:47:39+00:00","mainEntityOfPage":{"@id":"https:\/\/www.laguiadepamplona.com\/actualidad\/retrato-apocrifo-de-manuel-jose-de-lara-e-insomnioa-de-gotzon-plaza-reciben-el-xvi-premio-de-poesia-ciudad-de-pamplona-en-las-categorias-de-castellano-y-euskera\/"},"wordCount":726,"commentCount":0,"publisher":{"@id":"https:\/\/www.laguiadepamplona.com\/actualidad\/#organization"},"image":{"@id":"https:\/\/www.laguiadepamplona.com\/actualidad\/retrato-apocrifo-de-manuel-jose-de-lara-e-insomnioa-de-gotzon-plaza-reciben-el-xvi-premio-de-poesia-ciudad-de-pamplona-en-las-categorias-de-castellano-y-euskera\/#primaryimage"},"thumbnailUrl":"https:\/\/www.laguiadepamplona.com\/actualidad\/wp-content\/uploads\/2022\/10\/q5a0134poesia22-10-27_0.webp","articleSection":["Ayto Pamplona"],"inLanguage":"es","potentialAction":[{"@type":"CommentAction","name":"Comment","target":["https:\/\/www.laguiadepamplona.com\/actualidad\/retrato-apocrifo-de-manuel-jose-de-lara-e-insomnioa-de-gotzon-plaza-reciben-el-xvi-premio-de-poesia-ciudad-de-pamplona-en-las-categorias-de-castellano-y-euskera\/#respond"]}]},{"@type":"WebPage","@id":"https:\/\/www.laguiadepamplona.com\/actualidad\/retrato-apocrifo-de-manuel-jose-de-lara-e-insomnioa-de-gotzon-plaza-reciben-el-xvi-premio-de-poesia-ciudad-de-pamplona-en-las-categorias-de-castellano-y-euskera\/","url":"https:\/\/www.laguiadepamplona.com\/actualidad\/retrato-apocrifo-de-manuel-jose-de-lara-e-insomnioa-de-gotzon-plaza-reciben-el-xvi-premio-de-poesia-ciudad-de-pamplona-en-las-categorias-de-castellano-y-euskera\/","name":"\u2018Retrato ap\u00f3crifo\u2019 de Manuel Jos\u00e9 de Lara e \u2018Insomnioa\u2019 de Gotzon Plaza reciben el XVI Premio de Poes\u00eda Ciudad de Pamplona en las categor\u00edas de castellano y euskera","isPartOf":{"@id":"https:\/\/www.laguiadepamplona.com\/actualidad\/#website"},"primaryImageOfPage":{"@id":"https:\/\/www.laguiadepamplona.com\/actualidad\/retrato-apocrifo-de-manuel-jose-de-lara-e-insomnioa-de-gotzon-plaza-reciben-el-xvi-premio-de-poesia-ciudad-de-pamplona-en-las-categorias-de-castellano-y-euskera\/#primaryimage"},"image":{"@id":"https:\/\/www.laguiadepamplona.com\/actualidad\/retrato-apocrifo-de-manuel-jose-de-lara-e-insomnioa-de-gotzon-plaza-reciben-el-xvi-premio-de-poesia-ciudad-de-pamplona-en-las-categorias-de-castellano-y-euskera\/#primaryimage"},"thumbnailUrl":"https:\/\/www.laguiadepamplona.com\/actualidad\/wp-content\/uploads\/2022\/10\/q5a0134poesia22-10-27_0.webp","datePublished":"2022-10-27T11:35:27+00:00","dateModified":"2023-04-11T09:47:39+00:00","description":"El alcalde de Pamplona y el presidente del Ateneo Navarro han entregado los premios esta ma\u00f1ana en el patio del Palacio del Condestable","breadcrumb":{"@id":"https:\/\/www.laguiadepamplona.com\/actualidad\/retrato-apocrifo-de-manuel-jose-de-lara-e-insomnioa-de-gotzon-plaza-reciben-el-xvi-premio-de-poesia-ciudad-de-pamplona-en-las-categorias-de-castellano-y-euskera\/#breadcrumb"},"inLanguage":"es","potentialAction":[{"@type":"ReadAction","target":["https:\/\/www.laguiadepamplona.com\/actualidad\/retrato-apocrifo-de-manuel-jose-de-lara-e-insomnioa-de-gotzon-plaza-reciben-el-xvi-premio-de-poesia-ciudad-de-pamplona-en-las-categorias-de-castellano-y-euskera\/"]}]},{"@type":"ImageObject","inLanguage":"es","@id":"https:\/\/www.laguiadepamplona.com\/actualidad\/retrato-apocrifo-de-manuel-jose-de-lara-e-insomnioa-de-gotzon-plaza-reciben-el-xvi-premio-de-poesia-ciudad-de-pamplona-en-las-categorias-de-castellano-y-euskera\/#primaryimage","url":"https:\/\/www.laguiadepamplona.com\/actualidad\/wp-content\/uploads\/2022\/10\/q5a0134poesia22-10-27_0.webp","contentUrl":"https:\/\/www.laguiadepamplona.com\/actualidad\/wp-content\/uploads\/2022\/10\/q5a0134poesia22-10-27_0.webp","width":1920,"height":1281},{"@type":"BreadcrumbList","@id":"https:\/\/www.laguiadepamplona.com\/actualidad\/retrato-apocrifo-de-manuel-jose-de-lara-e-insomnioa-de-gotzon-plaza-reciben-el-xvi-premio-de-poesia-ciudad-de-pamplona-en-las-categorias-de-castellano-y-euskera\/#breadcrumb","itemListElement":[{"@type":"ListItem","position":1,"name":"Portada","item":"https:\/\/www.laguiadepamplona.com\/actualidad\/"},{"@type":"ListItem","position":2,"name":"\u2018Retrato ap\u00f3crifo\u2019 de Manuel Jos\u00e9 de Lara e \u2018Insomnioa\u2019 de Gotzon Plaza reciben el XVI Premio de Poes\u00eda Ciudad de Pamplona en las categor\u00edas de castellano y euskera"}]},{"@type":"WebSite","@id":"https:\/\/www.laguiadepamplona.com\/actualidad\/#website","url":"https:\/\/www.laguiadepamplona.com\/actualidad\/","name":"La gu\u00eda de Pamplona","description":"Noticias de Pamplona","publisher":{"@id":"https:\/\/www.laguiadepamplona.com\/actualidad\/#organization"},"potentialAction":[{"@type":"SearchAction","target":{"@type":"EntryPoint","urlTemplate":"https:\/\/www.laguiadepamplona.com\/actualidad\/?s={search_term_string}"},"query-input":{"@type":"PropertyValueSpecification","valueRequired":true,"valueName":"search_term_string"}}],"inLanguage":"es"},{"@type":"Organization","@id":"https:\/\/www.laguiadepamplona.com\/actualidad\/#organization","name":"La Gu\u00eda de Pamplona \/ Noticias","url":"https:\/\/www.laguiadepamplona.com\/actualidad\/","logo":{"@type":"ImageObject","inLanguage":"es","@id":"https:\/\/www.laguiadepamplona.com\/actualidad\/#\/schema\/logo\/image\/","url":"https:\/\/www.laguiadepamplona.com\/actualidad\/wp-content\/uploads\/2018\/11\/logo-laguiadepamplona18-web1.png","contentUrl":"https:\/\/www.laguiadepamplona.com\/actualidad\/wp-content\/uploads\/2018\/11\/logo-laguiadepamplona18-web1.png","width":600,"height":196,"caption":"La Gu\u00eda de Pamplona \/ Noticias"},"image":{"@id":"https:\/\/www.laguiadepamplona.com\/actualidad\/#\/schema\/logo\/image\/"},"sameAs":["https:\/\/www.facebook.com\/laguiadepamplonacom-133175176762273\/?ref=hl","https:\/\/x.com\/LaGuiadPamplona","https:\/\/www.instagram.com\/la_guia_de_pamplona\/","https:\/\/www.youtube.com\/user\/laguiadepamplona"]},{"@type":"Person","@id":"https:\/\/www.laguiadepamplona.com\/actualidad\/#\/schema\/person\/efe887376f0213d4657c93adc50b1fdb","name":"La Gu\u00eda de Pamplona","image":{"@type":"ImageObject","inLanguage":"es","@id":"https:\/\/secure.gravatar.com\/avatar\/b6992f131dc8d30ab0dff15446e9d346d9dbd95992de0fef795073f5ea83a81c?s=96&d=mm&r=g","url":"https:\/\/secure.gravatar.com\/avatar\/b6992f131dc8d30ab0dff15446e9d346d9dbd95992de0fef795073f5ea83a81c?s=96&d=mm&r=g","contentUrl":"https:\/\/secure.gravatar.com\/avatar\/b6992f131dc8d30ab0dff15446e9d346d9dbd95992de0fef795073f5ea83a81c?s=96&d=mm&r=g","caption":"La Gu\u00eda de Pamplona"}}]}},"post_mailing_queue_ids":[],"_links":{"self":[{"href":"https:\/\/www.laguiadepamplona.com\/actualidad\/wp-json\/wp\/v2\/posts\/42055","targetHints":{"allow":["GET"]}}],"collection":[{"href":"https:\/\/www.laguiadepamplona.com\/actualidad\/wp-json\/wp\/v2\/posts"}],"about":[{"href":"https:\/\/www.laguiadepamplona.com\/actualidad\/wp-json\/wp\/v2\/types\/post"}],"author":[{"embeddable":true,"href":"https:\/\/www.laguiadepamplona.com\/actualidad\/wp-json\/wp\/v2\/users\/1"}],"replies":[{"embeddable":true,"href":"https:\/\/www.laguiadepamplona.com\/actualidad\/wp-json\/wp\/v2\/comments?post=42055"}],"version-history":[{"count":0,"href":"https:\/\/www.laguiadepamplona.com\/actualidad\/wp-json\/wp\/v2\/posts\/42055\/revisions"}],"wp:featuredmedia":[{"embeddable":true,"href":"https:\/\/www.laguiadepamplona.com\/actualidad\/wp-json\/wp\/v2\/media\/42056"}],"wp:attachment":[{"href":"https:\/\/www.laguiadepamplona.com\/actualidad\/wp-json\/wp\/v2\/media?parent=42055"}],"wp:term":[{"taxonomy":"category","embeddable":true,"href":"https:\/\/www.laguiadepamplona.com\/actualidad\/wp-json\/wp\/v2\/categories?post=42055"},{"taxonomy":"post_tag","embeddable":true,"href":"https:\/\/www.laguiadepamplona.com\/actualidad\/wp-json\/wp\/v2\/tags?post=42055"}],"curies":[{"name":"wp","href":"https:\/\/api.w.org\/{rel}","templated":true}]}}