{"id":42053,"date":"2022-10-27T13:32:57","date_gmt":"2022-10-27T11:32:57","guid":{"rendered":"https:\/\/www.laguiadepamplona.com\/actualidad\/?p=42053"},"modified":"2023-04-11T11:47:39","modified_gmt":"2023-04-11T09:47:39","slug":"el-acceso-rodado-al-cementerio-se-realizara-por-la-calle-biurdana-con-salida-unica-hacia-miluze-con-motivo-de-la-celebracion-de-todos-los-santos","status":"publish","type":"post","link":"https:\/\/www.laguiadepamplona.com\/actualidad\/el-acceso-rodado-al-cementerio-se-realizara-por-la-calle-biurdana-con-salida-unica-hacia-miluze-con-motivo-de-la-celebracion-de-todos-los-santos\/","title":{"rendered":"El acceso rodado al cementerio se realizar\u00e1 por la calle Biurdana, con salida \u00fanica hacia Miluze, con motivo de la celebraci\u00f3n de Todos los Santos"},"content":{"rendered":"<h5>La entrada desde la avenida de Navarra ser\u00e1 peatonal y podr\u00e1n salir por ella los veh\u00edculos estacionados frente a la puerta principal del camposanto<\/h5>\n<p><!--more--><\/p>\n<p>La Polic\u00eda Municipal de Pamplona ha presentado un dispositivo para regular el tr\u00e1fico con motivo de la celebraci\u00f3n de Todos los Santos. Entre el s\u00e1bado 29 de octubre y el martes 1 de noviembre, el \u00fanico acceso rodado abierto al cementerio de San Jos\u00e9 es desde la calle Biurdana, en la glorieta junto al instituto La Granja, de direcci\u00f3n \u00fanica hasta Miluze. El acceso desde la avenida de Navarra permanecer\u00e1 cerrado para el tr\u00e1fico rodado y abierto para peatones. Los veh\u00edculos estacionados en el aparcamiento frontal del cementerio podr\u00e1n utilizar esta v\u00eda solo para salir. El acceso desde la calle Miluze se cierra, ya que \u00fanicamente se utilizar\u00e1 como salida.<br \/>\n<script async src=\"\/\/pagead2.googlesyndication.com\/pagead\/js\/adsbygoogle.js\"><\/script><br \/>\n<!-- Noticias La Guia de Pamplona --><br \/>\n<ins class=\"adsbygoogle\"\nstyle=\"display:block\"\ndata-ad-client=\"ca-pub-6943679897239327\"\ndata-ad-slot=\"7048180777\"\ndata-ad-format=\"auto\"><\/ins><br \/>\n<script>\n(adsbygoogle = window.adsbygoogle || []).push({});\n<\/script><\/p>\n<p>En cuanto a los aparcamientos, se han reservado 25 plazas en la zona comprendida entre la puerta principal y el crematorio. Dos de estas plazas son para personas con problemas de movilidad, ocho para servicios funerarios y quince, para veh\u00edculos que den servicio al cementerio (florister\u00edas, trabajadores del m\u00e1rmol), transporte p\u00fablico o veh\u00edculos de emergencia. El resto de veh\u00edculos que accedan a la zona deber\u00e1n estacionar en el lateral del r\u00edo, donde hay 75 plazas, y en el aparcamiento de las piscinas (170 plazas). Los veh\u00edculos estacionados frente a la puerta principal podr\u00e1n salir hacia la avenida de Navarra, mientras que el resto de veh\u00edculos estacionados (lateral del rio y aparcamiento piscinas) deber\u00e1n salir hacia la calle Miluze.<\/p>\n<p>A diferencia de otros a\u00f1os, no hay medidas excepcionales como las adoptadas con motivo de la pandemia ni se entregan tarjetas para acceder a la zona. S\u00ed se mantienen los horarios de apertura del cementerio: hasta el 2 de noviembre, la puerta principal se abre a las 8 y se cierra a las 19.00, mientras que el resto de puertas se cierran a las 18.30. A partir del 3 de noviembre y hasta el 31 de marzo, entra en vigor el horario de invierno, en el que la puerta principal se cierra a las 18.00 y el resto de puertas, a las 17.30.<br \/>\n<script async src=\"\/\/pagead2.googlesyndication.com\/pagead\/js\/adsbygoogle.js\"><\/script><br \/>\n<!-- Noticias La Guia de Pamplona --><br \/>\n<ins class=\"adsbygoogle\"\nstyle=\"display:block\"\ndata-ad-client=\"ca-pub-6943679897239327\"\ndata-ad-slot=\"7048180777\"\ndata-ad-format=\"auto\"><\/ins><br \/>\n<script>\n(adsbygoogle = window.adsbygoogle || []).push({});\n<\/script><\/p>\n<p>&nbsp;<\/p>\n<h3>Circulaci\u00f3n en la Zona del Cementerio<\/h3>\n<ul>\n<li>Accesos:\n<ul>\n<li>Sin restricciones desde la calle Biurdana (glorieta junto al instituto La Granja)<\/li>\n<li>Acceso desde avenida de Navarra abierto \u00fanicamente para tr\u00e1fico peatonal<\/li>\n<li>Acceso desde Miluze, cerrado, se utiliza \u00fanicamente como salida<\/li>\n<\/ul>\n<\/li>\n<li>Salidas:\n<ul>\n<li>Los veh\u00edculos estacionados frente a la puerta principal pueden salir hacia la avenida de Navarra<\/li>\n<li>El resto de veh\u00edculos estacionados (lateral del r\u00edo y aparcamiento de las piscinas) deben salir hacia Miluze<\/li>\n<\/ul>\n<\/li>\n<\/ul>\n","protected":false},"excerpt":{"rendered":"<p>La entrada desde la avenida de Navarra ser\u00e1 peatonal y podr\u00e1n salir por ella los veh\u00edculos estacionados frente a la puerta principal del camposanto<\/p>\n","protected":false},"author":1,"featured_media":36018,"comment_status":"open","ping_status":"closed","sticky":false,"template":"","format":"standard","meta":{"footnotes":""},"categories":[2],"tags":[],"class_list":["post-42053","post","type-post","status-publish","format-standard","has-post-thumbnail","hentry","category-ayuntamiento-pamplona"],"yoast_head":"<!-- This site is optimized with the Yoast SEO plugin v27.3 - https:\/\/yoast.com\/product\/yoast-seo-wordpress\/ -->\n<title>El acceso rodado al cementerio se realizar\u00e1 por la calle Biurdana, con salida \u00fanica hacia Miluze, con motivo de la celebraci\u00f3n de Todos los Santos<\/title>\n<meta name=\"description\" content=\"La entrada desde la avenida de Navarra ser\u00e1 peatonal y podr\u00e1n salir por ella los veh\u00edculos estacionados frente a la puerta principal del camposanto\" \/>\n<meta name=\"robots\" content=\"index, follow, max-snippet:-1, max-image-preview:large, max-video-preview:-1\" \/>\n<link rel=\"canonical\" href=\"https:\/\/www.laguiadepamplona.com\/actualidad\/el-acceso-rodado-al-cementerio-se-realizara-por-la-calle-biurdana-con-salida-unica-hacia-miluze-con-motivo-de-la-celebracion-de-todos-los-santos\/\" \/>\n<meta property=\"og:locale\" content=\"es_ES\" \/>\n<meta property=\"og:type\" content=\"article\" \/>\n<meta property=\"og:title\" content=\"El acceso rodado al cementerio se realizar\u00e1 por la calle Biurdana, con salida \u00fanica hacia Miluze, con motivo de la celebraci\u00f3n de Todos los Santos\" \/>\n<meta property=\"og:description\" content=\"La entrada desde la avenida de Navarra ser\u00e1 peatonal y podr\u00e1n salir por ella los veh\u00edculos estacionados frente a la puerta principal del camposanto\" \/>\n<meta property=\"og:url\" content=\"https:\/\/www.laguiadepamplona.com\/actualidad\/el-acceso-rodado-al-cementerio-se-realizara-por-la-calle-biurdana-con-salida-unica-hacia-miluze-con-motivo-de-la-celebracion-de-todos-los-santos\/\" \/>\n<meta property=\"og:site_name\" content=\"La Gu\u00eda de Pamplona\" \/>\n<meta property=\"article:publisher\" content=\"https:\/\/www.facebook.com\/laguiadepamplonacom-133175176762273\/?ref=hl\" \/>\n<meta property=\"article:published_time\" content=\"2022-10-27T11:32:57+00:00\" \/>\n<meta property=\"article:modified_time\" content=\"2023-04-11T09:47:39+00:00\" \/>\n<meta property=\"og:image\" content=\"https:\/\/www.laguiadepamplona.com\/actualidad\/wp-content\/uploads\/2021\/07\/cementerio_JMG4903.jpg\" \/>\n\t<meta property=\"og:image:width\" content=\"1920\" \/>\n\t<meta property=\"og:image:height\" content=\"1280\" \/>\n\t<meta property=\"og:image:type\" content=\"image\/jpeg\" \/>\n<meta name=\"author\" content=\"La Gu\u00eda de Pamplona\" \/>\n<meta name=\"twitter:card\" content=\"summary_large_image\" \/>\n<meta name=\"twitter:creator\" content=\"@LaGuiadPamplona\" \/>\n<meta name=\"twitter:site\" content=\"@LaGuiadPamplona\" \/>\n<meta name=\"twitter:label1\" content=\"Escrito por\" \/>\n\t<meta name=\"twitter:data1\" content=\"La Gu\u00eda de Pamplona\" \/>\n\t<meta name=\"twitter:label2\" content=\"Tiempo de lectura\" \/>\n\t<meta name=\"twitter:data2\" content=\"2 minutos\" \/>\n<script type=\"application\/ld+json\" class=\"yoast-schema-graph\">{\"@context\":\"https:\\\/\\\/schema.org\",\"@graph\":[{\"@type\":\"Article\",\"@id\":\"https:\\\/\\\/www.laguiadepamplona.com\\\/actualidad\\\/el-acceso-rodado-al-cementerio-se-realizara-por-la-calle-biurdana-con-salida-unica-hacia-miluze-con-motivo-de-la-celebracion-de-todos-los-santos\\\/#article\",\"isPartOf\":{\"@id\":\"https:\\\/\\\/www.laguiadepamplona.com\\\/actualidad\\\/el-acceso-rodado-al-cementerio-se-realizara-por-la-calle-biurdana-con-salida-unica-hacia-miluze-con-motivo-de-la-celebracion-de-todos-los-santos\\\/\"},\"author\":{\"name\":\"La Gu\u00eda de Pamplona\",\"@id\":\"https:\\\/\\\/www.laguiadepamplona.com\\\/actualidad\\\/#\\\/schema\\\/person\\\/efe887376f0213d4657c93adc50b1fdb\"},\"headline\":\"El acceso rodado al cementerio se realizar\u00e1 por la calle Biurdana, con salida \u00fanica hacia Miluze, con motivo de la celebraci\u00f3n de Todos los Santos\",\"datePublished\":\"2022-10-27T11:32:57+00:00\",\"dateModified\":\"2023-04-11T09:47:39+00:00\",\"mainEntityOfPage\":{\"@id\":\"https:\\\/\\\/www.laguiadepamplona.com\\\/actualidad\\\/el-acceso-rodado-al-cementerio-se-realizara-por-la-calle-biurdana-con-salida-unica-hacia-miluze-con-motivo-de-la-celebracion-de-todos-los-santos\\\/\"},\"wordCount\":469,\"commentCount\":0,\"publisher\":{\"@id\":\"https:\\\/\\\/www.laguiadepamplona.com\\\/actualidad\\\/#organization\"},\"image\":{\"@id\":\"https:\\\/\\\/www.laguiadepamplona.com\\\/actualidad\\\/el-acceso-rodado-al-cementerio-se-realizara-por-la-calle-biurdana-con-salida-unica-hacia-miluze-con-motivo-de-la-celebracion-de-todos-los-santos\\\/#primaryimage\"},\"thumbnailUrl\":\"https:\\\/\\\/www.laguiadepamplona.com\\\/actualidad\\\/wp-content\\\/uploads\\\/2021\\\/07\\\/cementerio_JMG4903.jpg\",\"articleSection\":[\"Ayto Pamplona\"],\"inLanguage\":\"es\",\"potentialAction\":[{\"@type\":\"CommentAction\",\"name\":\"Comment\",\"target\":[\"https:\\\/\\\/www.laguiadepamplona.com\\\/actualidad\\\/el-acceso-rodado-al-cementerio-se-realizara-por-la-calle-biurdana-con-salida-unica-hacia-miluze-con-motivo-de-la-celebracion-de-todos-los-santos\\\/#respond\"]}]},{\"@type\":\"WebPage\",\"@id\":\"https:\\\/\\\/www.laguiadepamplona.com\\\/actualidad\\\/el-acceso-rodado-al-cementerio-se-realizara-por-la-calle-biurdana-con-salida-unica-hacia-miluze-con-motivo-de-la-celebracion-de-todos-los-santos\\\/\",\"url\":\"https:\\\/\\\/www.laguiadepamplona.com\\\/actualidad\\\/el-acceso-rodado-al-cementerio-se-realizara-por-la-calle-biurdana-con-salida-unica-hacia-miluze-con-motivo-de-la-celebracion-de-todos-los-santos\\\/\",\"name\":\"El acceso rodado al cementerio se realizar\u00e1 por la calle Biurdana, con salida \u00fanica hacia Miluze, con motivo de la celebraci\u00f3n de Todos los Santos\",\"isPartOf\":{\"@id\":\"https:\\\/\\\/www.laguiadepamplona.com\\\/actualidad\\\/#website\"},\"primaryImageOfPage\":{\"@id\":\"https:\\\/\\\/www.laguiadepamplona.com\\\/actualidad\\\/el-acceso-rodado-al-cementerio-se-realizara-por-la-calle-biurdana-con-salida-unica-hacia-miluze-con-motivo-de-la-celebracion-de-todos-los-santos\\\/#primaryimage\"},\"image\":{\"@id\":\"https:\\\/\\\/www.laguiadepamplona.com\\\/actualidad\\\/el-acceso-rodado-al-cementerio-se-realizara-por-la-calle-biurdana-con-salida-unica-hacia-miluze-con-motivo-de-la-celebracion-de-todos-los-santos\\\/#primaryimage\"},\"thumbnailUrl\":\"https:\\\/\\\/www.laguiadepamplona.com\\\/actualidad\\\/wp-content\\\/uploads\\\/2021\\\/07\\\/cementerio_JMG4903.jpg\",\"datePublished\":\"2022-10-27T11:32:57+00:00\",\"dateModified\":\"2023-04-11T09:47:39+00:00\",\"description\":\"La entrada desde la avenida de Navarra ser\u00e1 peatonal y podr\u00e1n salir por ella los veh\u00edculos estacionados frente a la puerta principal del camposanto\",\"breadcrumb\":{\"@id\":\"https:\\\/\\\/www.laguiadepamplona.com\\\/actualidad\\\/el-acceso-rodado-al-cementerio-se-realizara-por-la-calle-biurdana-con-salida-unica-hacia-miluze-con-motivo-de-la-celebracion-de-todos-los-santos\\\/#breadcrumb\"},\"inLanguage\":\"es\",\"potentialAction\":[{\"@type\":\"ReadAction\",\"target\":[\"https:\\\/\\\/www.laguiadepamplona.com\\\/actualidad\\\/el-acceso-rodado-al-cementerio-se-realizara-por-la-calle-biurdana-con-salida-unica-hacia-miluze-con-motivo-de-la-celebracion-de-todos-los-santos\\\/\"]}]},{\"@type\":\"ImageObject\",\"inLanguage\":\"es\",\"@id\":\"https:\\\/\\\/www.laguiadepamplona.com\\\/actualidad\\\/el-acceso-rodado-al-cementerio-se-realizara-por-la-calle-biurdana-con-salida-unica-hacia-miluze-con-motivo-de-la-celebracion-de-todos-los-santos\\\/#primaryimage\",\"url\":\"https:\\\/\\\/www.laguiadepamplona.com\\\/actualidad\\\/wp-content\\\/uploads\\\/2021\\\/07\\\/cementerio_JMG4903.jpg\",\"contentUrl\":\"https:\\\/\\\/www.laguiadepamplona.com\\\/actualidad\\\/wp-content\\\/uploads\\\/2021\\\/07\\\/cementerio_JMG4903.jpg\",\"width\":1920,\"height\":1280},{\"@type\":\"BreadcrumbList\",\"@id\":\"https:\\\/\\\/www.laguiadepamplona.com\\\/actualidad\\\/el-acceso-rodado-al-cementerio-se-realizara-por-la-calle-biurdana-con-salida-unica-hacia-miluze-con-motivo-de-la-celebracion-de-todos-los-santos\\\/#breadcrumb\",\"itemListElement\":[{\"@type\":\"ListItem\",\"position\":1,\"name\":\"Portada\",\"item\":\"https:\\\/\\\/www.laguiadepamplona.com\\\/actualidad\\\/\"},{\"@type\":\"ListItem\",\"position\":2,\"name\":\"El acceso rodado al cementerio se realizar\u00e1 por la calle Biurdana, con salida \u00fanica hacia Miluze, con motivo de la celebraci\u00f3n de Todos los Santos\"}]},{\"@type\":\"WebSite\",\"@id\":\"https:\\\/\\\/www.laguiadepamplona.com\\\/actualidad\\\/#website\",\"url\":\"https:\\\/\\\/www.laguiadepamplona.com\\\/actualidad\\\/\",\"name\":\"La gu\u00eda de Pamplona\",\"description\":\"Noticias de Pamplona\",\"publisher\":{\"@id\":\"https:\\\/\\\/www.laguiadepamplona.com\\\/actualidad\\\/#organization\"},\"potentialAction\":[{\"@type\":\"SearchAction\",\"target\":{\"@type\":\"EntryPoint\",\"urlTemplate\":\"https:\\\/\\\/www.laguiadepamplona.com\\\/actualidad\\\/?s={search_term_string}\"},\"query-input\":{\"@type\":\"PropertyValueSpecification\",\"valueRequired\":true,\"valueName\":\"search_term_string\"}}],\"inLanguage\":\"es\"},{\"@type\":\"Organization\",\"@id\":\"https:\\\/\\\/www.laguiadepamplona.com\\\/actualidad\\\/#organization\",\"name\":\"La Gu\u00eda de Pamplona \\\/ Noticias\",\"url\":\"https:\\\/\\\/www.laguiadepamplona.com\\\/actualidad\\\/\",\"logo\":{\"@type\":\"ImageObject\",\"inLanguage\":\"es\",\"@id\":\"https:\\\/\\\/www.laguiadepamplona.com\\\/actualidad\\\/#\\\/schema\\\/logo\\\/image\\\/\",\"url\":\"https:\\\/\\\/www.laguiadepamplona.com\\\/actualidad\\\/wp-content\\\/uploads\\\/2018\\\/11\\\/logo-laguiadepamplona18-web1.png\",\"contentUrl\":\"https:\\\/\\\/www.laguiadepamplona.com\\\/actualidad\\\/wp-content\\\/uploads\\\/2018\\\/11\\\/logo-laguiadepamplona18-web1.png\",\"width\":600,\"height\":196,\"caption\":\"La Gu\u00eda de Pamplona \\\/ Noticias\"},\"image\":{\"@id\":\"https:\\\/\\\/www.laguiadepamplona.com\\\/actualidad\\\/#\\\/schema\\\/logo\\\/image\\\/\"},\"sameAs\":[\"https:\\\/\\\/www.facebook.com\\\/laguiadepamplonacom-133175176762273\\\/?ref=hl\",\"https:\\\/\\\/x.com\\\/LaGuiadPamplona\",\"https:\\\/\\\/www.instagram.com\\\/la_guia_de_pamplona\\\/\",\"https:\\\/\\\/www.youtube.com\\\/user\\\/laguiadepamplona\"]},{\"@type\":\"Person\",\"@id\":\"https:\\\/\\\/www.laguiadepamplona.com\\\/actualidad\\\/#\\\/schema\\\/person\\\/efe887376f0213d4657c93adc50b1fdb\",\"name\":\"La Gu\u00eda de Pamplona\",\"image\":{\"@type\":\"ImageObject\",\"inLanguage\":\"es\",\"@id\":\"https:\\\/\\\/secure.gravatar.com\\\/avatar\\\/b6992f131dc8d30ab0dff15446e9d346d9dbd95992de0fef795073f5ea83a81c?s=96&d=mm&r=g\",\"url\":\"https:\\\/\\\/secure.gravatar.com\\\/avatar\\\/b6992f131dc8d30ab0dff15446e9d346d9dbd95992de0fef795073f5ea83a81c?s=96&d=mm&r=g\",\"contentUrl\":\"https:\\\/\\\/secure.gravatar.com\\\/avatar\\\/b6992f131dc8d30ab0dff15446e9d346d9dbd95992de0fef795073f5ea83a81c?s=96&d=mm&r=g\",\"caption\":\"La Gu\u00eda de Pamplona\"}}]}<\/script>\n<!-- \/ Yoast SEO plugin. -->","yoast_head_json":{"title":"El acceso rodado al cementerio se realizar\u00e1 por la calle Biurdana, con salida \u00fanica hacia Miluze, con motivo de la celebraci\u00f3n de Todos los Santos","description":"La entrada desde la avenida de Navarra ser\u00e1 peatonal y podr\u00e1n salir por ella los veh\u00edculos estacionados frente a la puerta principal del camposanto","robots":{"index":"index","follow":"follow","max-snippet":"max-snippet:-1","max-image-preview":"max-image-preview:large","max-video-preview":"max-video-preview:-1"},"canonical":"https:\/\/www.laguiadepamplona.com\/actualidad\/el-acceso-rodado-al-cementerio-se-realizara-por-la-calle-biurdana-con-salida-unica-hacia-miluze-con-motivo-de-la-celebracion-de-todos-los-santos\/","og_locale":"es_ES","og_type":"article","og_title":"El acceso rodado al cementerio se realizar\u00e1 por la calle Biurdana, con salida \u00fanica hacia Miluze, con motivo de la celebraci\u00f3n de Todos los Santos","og_description":"La entrada desde la avenida de Navarra ser\u00e1 peatonal y podr\u00e1n salir por ella los veh\u00edculos estacionados frente a la puerta principal del camposanto","og_url":"https:\/\/www.laguiadepamplona.com\/actualidad\/el-acceso-rodado-al-cementerio-se-realizara-por-la-calle-biurdana-con-salida-unica-hacia-miluze-con-motivo-de-la-celebracion-de-todos-los-santos\/","og_site_name":"La Gu\u00eda de Pamplona","article_publisher":"https:\/\/www.facebook.com\/laguiadepamplonacom-133175176762273\/?ref=hl","article_published_time":"2022-10-27T11:32:57+00:00","article_modified_time":"2023-04-11T09:47:39+00:00","og_image":[{"width":1920,"height":1280,"url":"https:\/\/www.laguiadepamplona.com\/actualidad\/wp-content\/uploads\/2021\/07\/cementerio_JMG4903.jpg","type":"image\/jpeg"}],"author":"La Gu\u00eda de Pamplona","twitter_card":"summary_large_image","twitter_creator":"@LaGuiadPamplona","twitter_site":"@LaGuiadPamplona","twitter_misc":{"Escrito por":"La Gu\u00eda de Pamplona","Tiempo de lectura":"2 minutos"},"schema":{"@context":"https:\/\/schema.org","@graph":[{"@type":"Article","@id":"https:\/\/www.laguiadepamplona.com\/actualidad\/el-acceso-rodado-al-cementerio-se-realizara-por-la-calle-biurdana-con-salida-unica-hacia-miluze-con-motivo-de-la-celebracion-de-todos-los-santos\/#article","isPartOf":{"@id":"https:\/\/www.laguiadepamplona.com\/actualidad\/el-acceso-rodado-al-cementerio-se-realizara-por-la-calle-biurdana-con-salida-unica-hacia-miluze-con-motivo-de-la-celebracion-de-todos-los-santos\/"},"author":{"name":"La Gu\u00eda de Pamplona","@id":"https:\/\/www.laguiadepamplona.com\/actualidad\/#\/schema\/person\/efe887376f0213d4657c93adc50b1fdb"},"headline":"El acceso rodado al cementerio se realizar\u00e1 por la calle Biurdana, con salida \u00fanica hacia Miluze, con motivo de la celebraci\u00f3n de Todos los Santos","datePublished":"2022-10-27T11:32:57+00:00","dateModified":"2023-04-11T09:47:39+00:00","mainEntityOfPage":{"@id":"https:\/\/www.laguiadepamplona.com\/actualidad\/el-acceso-rodado-al-cementerio-se-realizara-por-la-calle-biurdana-con-salida-unica-hacia-miluze-con-motivo-de-la-celebracion-de-todos-los-santos\/"},"wordCount":469,"commentCount":0,"publisher":{"@id":"https:\/\/www.laguiadepamplona.com\/actualidad\/#organization"},"image":{"@id":"https:\/\/www.laguiadepamplona.com\/actualidad\/el-acceso-rodado-al-cementerio-se-realizara-por-la-calle-biurdana-con-salida-unica-hacia-miluze-con-motivo-de-la-celebracion-de-todos-los-santos\/#primaryimage"},"thumbnailUrl":"https:\/\/www.laguiadepamplona.com\/actualidad\/wp-content\/uploads\/2021\/07\/cementerio_JMG4903.jpg","articleSection":["Ayto Pamplona"],"inLanguage":"es","potentialAction":[{"@type":"CommentAction","name":"Comment","target":["https:\/\/www.laguiadepamplona.com\/actualidad\/el-acceso-rodado-al-cementerio-se-realizara-por-la-calle-biurdana-con-salida-unica-hacia-miluze-con-motivo-de-la-celebracion-de-todos-los-santos\/#respond"]}]},{"@type":"WebPage","@id":"https:\/\/www.laguiadepamplona.com\/actualidad\/el-acceso-rodado-al-cementerio-se-realizara-por-la-calle-biurdana-con-salida-unica-hacia-miluze-con-motivo-de-la-celebracion-de-todos-los-santos\/","url":"https:\/\/www.laguiadepamplona.com\/actualidad\/el-acceso-rodado-al-cementerio-se-realizara-por-la-calle-biurdana-con-salida-unica-hacia-miluze-con-motivo-de-la-celebracion-de-todos-los-santos\/","name":"El acceso rodado al cementerio se realizar\u00e1 por la calle Biurdana, con salida \u00fanica hacia Miluze, con motivo de la celebraci\u00f3n de Todos los Santos","isPartOf":{"@id":"https:\/\/www.laguiadepamplona.com\/actualidad\/#website"},"primaryImageOfPage":{"@id":"https:\/\/www.laguiadepamplona.com\/actualidad\/el-acceso-rodado-al-cementerio-se-realizara-por-la-calle-biurdana-con-salida-unica-hacia-miluze-con-motivo-de-la-celebracion-de-todos-los-santos\/#primaryimage"},"image":{"@id":"https:\/\/www.laguiadepamplona.com\/actualidad\/el-acceso-rodado-al-cementerio-se-realizara-por-la-calle-biurdana-con-salida-unica-hacia-miluze-con-motivo-de-la-celebracion-de-todos-los-santos\/#primaryimage"},"thumbnailUrl":"https:\/\/www.laguiadepamplona.com\/actualidad\/wp-content\/uploads\/2021\/07\/cementerio_JMG4903.jpg","datePublished":"2022-10-27T11:32:57+00:00","dateModified":"2023-04-11T09:47:39+00:00","description":"La entrada desde la avenida de Navarra ser\u00e1 peatonal y podr\u00e1n salir por ella los veh\u00edculos estacionados frente a la puerta principal del camposanto","breadcrumb":{"@id":"https:\/\/www.laguiadepamplona.com\/actualidad\/el-acceso-rodado-al-cementerio-se-realizara-por-la-calle-biurdana-con-salida-unica-hacia-miluze-con-motivo-de-la-celebracion-de-todos-los-santos\/#breadcrumb"},"inLanguage":"es","potentialAction":[{"@type":"ReadAction","target":["https:\/\/www.laguiadepamplona.com\/actualidad\/el-acceso-rodado-al-cementerio-se-realizara-por-la-calle-biurdana-con-salida-unica-hacia-miluze-con-motivo-de-la-celebracion-de-todos-los-santos\/"]}]},{"@type":"ImageObject","inLanguage":"es","@id":"https:\/\/www.laguiadepamplona.com\/actualidad\/el-acceso-rodado-al-cementerio-se-realizara-por-la-calle-biurdana-con-salida-unica-hacia-miluze-con-motivo-de-la-celebracion-de-todos-los-santos\/#primaryimage","url":"https:\/\/www.laguiadepamplona.com\/actualidad\/wp-content\/uploads\/2021\/07\/cementerio_JMG4903.jpg","contentUrl":"https:\/\/www.laguiadepamplona.com\/actualidad\/wp-content\/uploads\/2021\/07\/cementerio_JMG4903.jpg","width":1920,"height":1280},{"@type":"BreadcrumbList","@id":"https:\/\/www.laguiadepamplona.com\/actualidad\/el-acceso-rodado-al-cementerio-se-realizara-por-la-calle-biurdana-con-salida-unica-hacia-miluze-con-motivo-de-la-celebracion-de-todos-los-santos\/#breadcrumb","itemListElement":[{"@type":"ListItem","position":1,"name":"Portada","item":"https:\/\/www.laguiadepamplona.com\/actualidad\/"},{"@type":"ListItem","position":2,"name":"El acceso rodado al cementerio se realizar\u00e1 por la calle Biurdana, con salida \u00fanica hacia Miluze, con motivo de la celebraci\u00f3n de Todos los Santos"}]},{"@type":"WebSite","@id":"https:\/\/www.laguiadepamplona.com\/actualidad\/#website","url":"https:\/\/www.laguiadepamplona.com\/actualidad\/","name":"La gu\u00eda de Pamplona","description":"Noticias de Pamplona","publisher":{"@id":"https:\/\/www.laguiadepamplona.com\/actualidad\/#organization"},"potentialAction":[{"@type":"SearchAction","target":{"@type":"EntryPoint","urlTemplate":"https:\/\/www.laguiadepamplona.com\/actualidad\/?s={search_term_string}"},"query-input":{"@type":"PropertyValueSpecification","valueRequired":true,"valueName":"search_term_string"}}],"inLanguage":"es"},{"@type":"Organization","@id":"https:\/\/www.laguiadepamplona.com\/actualidad\/#organization","name":"La Gu\u00eda de Pamplona \/ Noticias","url":"https:\/\/www.laguiadepamplona.com\/actualidad\/","logo":{"@type":"ImageObject","inLanguage":"es","@id":"https:\/\/www.laguiadepamplona.com\/actualidad\/#\/schema\/logo\/image\/","url":"https:\/\/www.laguiadepamplona.com\/actualidad\/wp-content\/uploads\/2018\/11\/logo-laguiadepamplona18-web1.png","contentUrl":"https:\/\/www.laguiadepamplona.com\/actualidad\/wp-content\/uploads\/2018\/11\/logo-laguiadepamplona18-web1.png","width":600,"height":196,"caption":"La Gu\u00eda de Pamplona \/ Noticias"},"image":{"@id":"https:\/\/www.laguiadepamplona.com\/actualidad\/#\/schema\/logo\/image\/"},"sameAs":["https:\/\/www.facebook.com\/laguiadepamplonacom-133175176762273\/?ref=hl","https:\/\/x.com\/LaGuiadPamplona","https:\/\/www.instagram.com\/la_guia_de_pamplona\/","https:\/\/www.youtube.com\/user\/laguiadepamplona"]},{"@type":"Person","@id":"https:\/\/www.laguiadepamplona.com\/actualidad\/#\/schema\/person\/efe887376f0213d4657c93adc50b1fdb","name":"La Gu\u00eda de Pamplona","image":{"@type":"ImageObject","inLanguage":"es","@id":"https:\/\/secure.gravatar.com\/avatar\/b6992f131dc8d30ab0dff15446e9d346d9dbd95992de0fef795073f5ea83a81c?s=96&d=mm&r=g","url":"https:\/\/secure.gravatar.com\/avatar\/b6992f131dc8d30ab0dff15446e9d346d9dbd95992de0fef795073f5ea83a81c?s=96&d=mm&r=g","contentUrl":"https:\/\/secure.gravatar.com\/avatar\/b6992f131dc8d30ab0dff15446e9d346d9dbd95992de0fef795073f5ea83a81c?s=96&d=mm&r=g","caption":"La Gu\u00eda de Pamplona"}}]}},"post_mailing_queue_ids":[],"_links":{"self":[{"href":"https:\/\/www.laguiadepamplona.com\/actualidad\/wp-json\/wp\/v2\/posts\/42053","targetHints":{"allow":["GET"]}}],"collection":[{"href":"https:\/\/www.laguiadepamplona.com\/actualidad\/wp-json\/wp\/v2\/posts"}],"about":[{"href":"https:\/\/www.laguiadepamplona.com\/actualidad\/wp-json\/wp\/v2\/types\/post"}],"author":[{"embeddable":true,"href":"https:\/\/www.laguiadepamplona.com\/actualidad\/wp-json\/wp\/v2\/users\/1"}],"replies":[{"embeddable":true,"href":"https:\/\/www.laguiadepamplona.com\/actualidad\/wp-json\/wp\/v2\/comments?post=42053"}],"version-history":[{"count":0,"href":"https:\/\/www.laguiadepamplona.com\/actualidad\/wp-json\/wp\/v2\/posts\/42053\/revisions"}],"wp:featuredmedia":[{"embeddable":true,"href":"https:\/\/www.laguiadepamplona.com\/actualidad\/wp-json\/wp\/v2\/media\/36018"}],"wp:attachment":[{"href":"https:\/\/www.laguiadepamplona.com\/actualidad\/wp-json\/wp\/v2\/media?parent=42053"}],"wp:term":[{"taxonomy":"category","embeddable":true,"href":"https:\/\/www.laguiadepamplona.com\/actualidad\/wp-json\/wp\/v2\/categories?post=42053"},{"taxonomy":"post_tag","embeddable":true,"href":"https:\/\/www.laguiadepamplona.com\/actualidad\/wp-json\/wp\/v2\/tags?post=42053"}],"curies":[{"name":"wp","href":"https:\/\/api.w.org\/{rel}","templated":true}]}}