{"id":42050,"date":"2022-10-27T13:31:08","date_gmt":"2022-10-27T11:31:08","guid":{"rendered":"https:\/\/www.laguiadepamplona.com\/actualidad\/?p=42050"},"modified":"2023-04-11T11:47:39","modified_gmt":"2023-04-11T09:47:39","slug":"la-junta-de-gobierno-local-aprueba-la-primera-prorroga-del-contrato-de-suministro-instalacion-y-mantenimiento-de-la-senalizacion-horizontal-y-vertical-de-la-ciudad","status":"publish","type":"post","link":"https:\/\/www.laguiadepamplona.com\/actualidad\/la-junta-de-gobierno-local-aprueba-la-primera-prorroga-del-contrato-de-suministro-instalacion-y-mantenimiento-de-la-senalizacion-horizontal-y-vertical-de-la-ciudad\/","title":{"rendered":"La Junta de Gobierno Local aprueba la primera pr\u00f3rroga del contrato de suministro, instalaci\u00f3n y mantenimiento de la se\u00f1alizaci\u00f3n horizontal y vertical de la ciudad"},"content":{"rendered":"<h5>La empresa adjudicataria asume tambi\u00e9n la gesti\u00f3n, mantenimiento y actualizaci\u00f3n de la aplicaci\u00f3n inform\u00e1tica que recoge toda la se\u00f1alizaci\u00f3n<\/h5>\n<p><!--more--><\/p>\n<p>La Junta de Gobierno Local del Ayuntamiento de Pamplona aprob\u00f3 el lunes la primera pr\u00f3rroga del contrato de suministro, instalaci\u00f3n y mantenimiento de la se\u00f1alizaci\u00f3n horizontal, vertical, direccional y orientativa, as\u00ed como otros elementos auxiliares de regulaci\u00f3n de tr\u00e1fico. Este contrato, con una dotaci\u00f3n anual de 432.000 euros (IVA incluido), incluye tambi\u00e9n la gesti\u00f3n, mantenimiento y actualizaci\u00f3n de la aplicaci\u00f3n inform\u00e1tica que recoge el inventario de la se\u00f1alizaci\u00f3n vertical y horizontal instalada en la ciudad. La empresa adjudicataria, Se\u00f1alizaciones y Obras Fern\u00e1ndez SL, continuar\u00e1 prestando sus servicios durante el a\u00f1o 2023.<\/p>\n<p>El contrato del mantenimiento y nueva instalaci\u00f3n de la se\u00f1alizaci\u00f3n horizontal y vertical, y su retirada, limpieza y restablecimiento, abarca elementos auxiliares como los sistemas reductores de velocidad (bandas reductoras, cojines berlineses\u2026), elementos separadores de carril, elementos de tope, barreras \u2018new jersey\u2019, vallas \u2018ciudad\u2019, hitos, bolardos, elementos reflectantes y otros elementos similares. El contrato excluye, en general, la se\u00f1alizaci\u00f3n de la zona de estacionamiento limitado, que compete a su adjudicataria, si bien pueden exigirse trabajos puntuales en la zona Z.E.L.-Z.E.R.<br \/>\n<script async src=\"\/\/pagead2.googlesyndication.com\/pagead\/js\/adsbygoogle.js\"><\/script><br \/>\n<!-- Noticias La Guia de Pamplona --><br \/>\n<ins class=\"adsbygoogle\"\nstyle=\"display:block\"\ndata-ad-client=\"ca-pub-6943679897239327\"\ndata-ad-slot=\"7048180777\"\ndata-ad-format=\"auto\"><\/ins><br \/>\n<script>\n(adsbygoogle = window.adsbygoogle || []).push({});\n<\/script><\/p>\n<p>El contrato especifica que la empresa adjudicataria debe ocuparse de oficio de la limpieza de la se\u00f1alizaci\u00f3n vertical (se\u00f1ales de tr\u00e1fico, direccionales y orientativas, postes de sustentaci\u00f3n e hitos que tengan pegatinas, pintadas, suciedad&#8230;); el restablecimiento de postes de sustentaci\u00f3n inclinados cuando sea posible su recuperaci\u00f3n y no sea necesaria la sustituci\u00f3n por otro nuevo; la sujeci\u00f3n de elementos cuando se haya aflojado, suelto o roto parte del sistema de fijaci\u00f3n y, si el elemento est\u00e1 da\u00f1ado y no se puede volver a colocar, ser\u00e1 sustituido. La empresa se encarga tambi\u00e9n de la limpieza y reorientaci\u00f3n de espejos de propiedad municipal, y de la retirada y sustituci\u00f3n de elementos visiblemente deteriorados, se\u00f1ales con m\u00e1s de 12 a\u00f1os de antig\u00fcedad, elementos que no cumplan con su cometido o que supongan riesgo para veh\u00edculos o viandantes.<\/p>\n<p>Es obligaci\u00f3n de la empresa resolver de oficio las anomal\u00edas en un plazo m\u00e1ximo de 7 d\u00edas a trav\u00e9s de las inspecciones peri\u00f3dicas, si no ha recibido aviso de la misma, y de 24 horas si se le ha dado aviso. La empresa adjudicataria ser\u00e1 responsable de las posibles indemnizaciones que resulten por no haber corregido las anomal\u00edas en el plazo m\u00e1ximo establecido. En este grupo de tareas se incluye, tambi\u00e9n, la actualizaci\u00f3n del inventario de se\u00f1alizaci\u00f3n de Pamplona y el mantenimiento del sistema inform\u00e1tico de gesti\u00f3n de este inventario (aplicaci\u00f3n inform\u00e1tica InCA Urbano).<\/p>\n<p>El contrato ahora prorrogado puede incluir trabajos de car\u00e1cter ordinario, de car\u00e1cter urgente y en horario nocturno, si los servicios t\u00e9cnicos municipales as\u00ed lo consideran por motivos de seguridad o de afecci\u00f3n al tr\u00e1fico. Tambi\u00e9n pueden exigirse trabajos en d\u00edas festivos, por motivos de seguridad, reducci\u00f3n de intensidad del tr\u00e1fico o afecciones meteorol\u00f3gicas.<br \/>\n<script async src=\"\/\/pagead2.googlesyndication.com\/pagead\/js\/adsbygoogle.js\"><\/script><br \/>\n<!-- Noticias La Guia de Pamplona --><br \/>\n<ins class=\"adsbygoogle\"\nstyle=\"display:block\"\ndata-ad-client=\"ca-pub-6943679897239327\"\ndata-ad-slot=\"7048180777\"\ndata-ad-format=\"auto\"><\/ins><br \/>\n<script>\n(adsbygoogle = window.adsbygoogle || []).push({});\n<\/script><\/p>\n<p><strong>Se\u00f1alizaci\u00f3n horizontal y vertical<\/strong><\/p>\n<p>La se\u00f1alizaci\u00f3n horizontal de la ciudad incluye los pasos de peatones, los cebreados, los s\u00edmbolos pintados en la calle (flechas, pictogramas, bordes y ejes de calzada) y la se\u00f1alizaci\u00f3n de bordes de rotondas e isletas. La se\u00f1alizaci\u00f3n vertical integra las se\u00f1ales de tr\u00e1fico (advertencia de peligro, se\u00f1ales de reglamentaci\u00f3n: prioridad, prohibici\u00f3n, restricci\u00f3n, obligaci\u00f3n, fin de prohibici\u00f3n o restricci\u00f3n; se\u00f1ales de indicaci\u00f3n: general, de carriles, de servicios; y se\u00f1alizaci\u00f3n de tr\u00e1fico exclusiva para la ciudad: reservados para carga-descarga, motocicletas, transporte escolar, zonas videovigiladas, acceso al Casco Antiguo y otras), adem\u00e1s de se\u00f1alizaci\u00f3n direccional y orientativa.<\/p>\n","protected":false},"excerpt":{"rendered":"<p>La empresa adjudicataria asume tambi\u00e9n la gesti\u00f3n, mantenimiento y actualizaci\u00f3n de la aplicaci\u00f3n inform\u00e1tica que recoge toda la se\u00f1alizaci\u00f3n<\/p>\n","protected":false},"author":1,"featured_media":42051,"comment_status":"open","ping_status":"closed","sticky":false,"template":"","format":"standard","meta":{"footnotes":""},"categories":[2],"tags":[],"class_list":["post-42050","post","type-post","status-publish","format-standard","has-post-thumbnail","hentry","category-ayuntamiento-pamplona"],"yoast_head":"<!-- This site is optimized with the Yoast SEO plugin v27.3 - https:\/\/yoast.com\/product\/yoast-seo-wordpress\/ -->\n<title>La Junta de Gobierno Local aprueba la primera pr\u00f3rroga del contrato de suministro, instalaci\u00f3n y mantenimiento de la se\u00f1alizaci\u00f3n horizontal y vertical de la ciudad<\/title>\n<meta name=\"description\" content=\"La empresa adjudicataria asume tambi\u00e9n la gesti\u00f3n, mantenimiento y actualizaci\u00f3n de la aplicaci\u00f3n inform\u00e1tica que recoge toda la se\u00f1alizaci\u00f3n\" \/>\n<meta name=\"robots\" content=\"index, follow, max-snippet:-1, max-image-preview:large, max-video-preview:-1\" \/>\n<link rel=\"canonical\" href=\"https:\/\/www.laguiadepamplona.com\/actualidad\/la-junta-de-gobierno-local-aprueba-la-primera-prorroga-del-contrato-de-suministro-instalacion-y-mantenimiento-de-la-senalizacion-horizontal-y-vertical-de-la-ciudad\/\" \/>\n<meta property=\"og:locale\" content=\"es_ES\" \/>\n<meta property=\"og:type\" content=\"article\" \/>\n<meta property=\"og:title\" content=\"La Junta de Gobierno Local aprueba la primera pr\u00f3rroga del contrato de suministro, instalaci\u00f3n y mantenimiento de la se\u00f1alizaci\u00f3n horizontal y vertical de la ciudad\" \/>\n<meta property=\"og:description\" content=\"La empresa adjudicataria asume tambi\u00e9n la gesti\u00f3n, mantenimiento y actualizaci\u00f3n de la aplicaci\u00f3n inform\u00e1tica que recoge toda la se\u00f1alizaci\u00f3n\" \/>\n<meta property=\"og:url\" content=\"https:\/\/www.laguiadepamplona.com\/actualidad\/la-junta-de-gobierno-local-aprueba-la-primera-prorroga-del-contrato-de-suministro-instalacion-y-mantenimiento-de-la-senalizacion-horizontal-y-vertical-de-la-ciudad\/\" \/>\n<meta property=\"og:site_name\" content=\"La Gu\u00eda de Pamplona\" \/>\n<meta property=\"article:publisher\" content=\"https:\/\/www.facebook.com\/laguiadepamplonacom-133175176762273\/?ref=hl\" \/>\n<meta property=\"article:published_time\" content=\"2022-10-27T11:31:08+00:00\" \/>\n<meta property=\"article:modified_time\" content=\"2023-04-11T09:47:39+00:00\" \/>\n<meta property=\"og:image\" content=\"https:\/\/www.laguiadepamplona.com\/actualidad\/wp-content\/uploads\/2022\/10\/senales_rotonda_biurdana_1.webp\" \/>\n\t<meta property=\"og:image:width\" content=\"709\" \/>\n\t<meta property=\"og:image:height\" content=\"531\" \/>\n\t<meta property=\"og:image:type\" content=\"image\/webp\" \/>\n<meta name=\"author\" content=\"La Gu\u00eda de Pamplona\" \/>\n<meta name=\"twitter:card\" content=\"summary_large_image\" \/>\n<meta name=\"twitter:creator\" content=\"@LaGuiadPamplona\" \/>\n<meta name=\"twitter:site\" content=\"@LaGuiadPamplona\" \/>\n<meta name=\"twitter:label1\" content=\"Escrito por\" \/>\n\t<meta name=\"twitter:data1\" content=\"La Gu\u00eda de Pamplona\" \/>\n\t<meta name=\"twitter:label2\" content=\"Tiempo de lectura\" \/>\n\t<meta name=\"twitter:data2\" content=\"3 minutos\" \/>\n<script type=\"application\/ld+json\" class=\"yoast-schema-graph\">{\"@context\":\"https:\\\/\\\/schema.org\",\"@graph\":[{\"@type\":\"Article\",\"@id\":\"https:\\\/\\\/www.laguiadepamplona.com\\\/actualidad\\\/la-junta-de-gobierno-local-aprueba-la-primera-prorroga-del-contrato-de-suministro-instalacion-y-mantenimiento-de-la-senalizacion-horizontal-y-vertical-de-la-ciudad\\\/#article\",\"isPartOf\":{\"@id\":\"https:\\\/\\\/www.laguiadepamplona.com\\\/actualidad\\\/la-junta-de-gobierno-local-aprueba-la-primera-prorroga-del-contrato-de-suministro-instalacion-y-mantenimiento-de-la-senalizacion-horizontal-y-vertical-de-la-ciudad\\\/\"},\"author\":{\"name\":\"La Gu\u00eda de Pamplona\",\"@id\":\"https:\\\/\\\/www.laguiadepamplona.com\\\/actualidad\\\/#\\\/schema\\\/person\\\/efe887376f0213d4657c93adc50b1fdb\"},\"headline\":\"La Junta de Gobierno Local aprueba la primera pr\u00f3rroga del contrato de suministro, instalaci\u00f3n y mantenimiento de la se\u00f1alizaci\u00f3n horizontal y vertical de la ciudad\",\"datePublished\":\"2022-10-27T11:31:08+00:00\",\"dateModified\":\"2023-04-11T09:47:39+00:00\",\"mainEntityOfPage\":{\"@id\":\"https:\\\/\\\/www.laguiadepamplona.com\\\/actualidad\\\/la-junta-de-gobierno-local-aprueba-la-primera-prorroga-del-contrato-de-suministro-instalacion-y-mantenimiento-de-la-senalizacion-horizontal-y-vertical-de-la-ciudad\\\/\"},\"wordCount\":698,\"commentCount\":0,\"publisher\":{\"@id\":\"https:\\\/\\\/www.laguiadepamplona.com\\\/actualidad\\\/#organization\"},\"image\":{\"@id\":\"https:\\\/\\\/www.laguiadepamplona.com\\\/actualidad\\\/la-junta-de-gobierno-local-aprueba-la-primera-prorroga-del-contrato-de-suministro-instalacion-y-mantenimiento-de-la-senalizacion-horizontal-y-vertical-de-la-ciudad\\\/#primaryimage\"},\"thumbnailUrl\":\"https:\\\/\\\/www.laguiadepamplona.com\\\/actualidad\\\/wp-content\\\/uploads\\\/2022\\\/10\\\/senales_rotonda_biurdana_1.webp\",\"articleSection\":[\"Ayto Pamplona\"],\"inLanguage\":\"es\",\"potentialAction\":[{\"@type\":\"CommentAction\",\"name\":\"Comment\",\"target\":[\"https:\\\/\\\/www.laguiadepamplona.com\\\/actualidad\\\/la-junta-de-gobierno-local-aprueba-la-primera-prorroga-del-contrato-de-suministro-instalacion-y-mantenimiento-de-la-senalizacion-horizontal-y-vertical-de-la-ciudad\\\/#respond\"]}]},{\"@type\":\"WebPage\",\"@id\":\"https:\\\/\\\/www.laguiadepamplona.com\\\/actualidad\\\/la-junta-de-gobierno-local-aprueba-la-primera-prorroga-del-contrato-de-suministro-instalacion-y-mantenimiento-de-la-senalizacion-horizontal-y-vertical-de-la-ciudad\\\/\",\"url\":\"https:\\\/\\\/www.laguiadepamplona.com\\\/actualidad\\\/la-junta-de-gobierno-local-aprueba-la-primera-prorroga-del-contrato-de-suministro-instalacion-y-mantenimiento-de-la-senalizacion-horizontal-y-vertical-de-la-ciudad\\\/\",\"name\":\"La Junta de Gobierno Local aprueba la primera pr\u00f3rroga del contrato de suministro, instalaci\u00f3n y mantenimiento de la se\u00f1alizaci\u00f3n horizontal y vertical de la ciudad\",\"isPartOf\":{\"@id\":\"https:\\\/\\\/www.laguiadepamplona.com\\\/actualidad\\\/#website\"},\"primaryImageOfPage\":{\"@id\":\"https:\\\/\\\/www.laguiadepamplona.com\\\/actualidad\\\/la-junta-de-gobierno-local-aprueba-la-primera-prorroga-del-contrato-de-suministro-instalacion-y-mantenimiento-de-la-senalizacion-horizontal-y-vertical-de-la-ciudad\\\/#primaryimage\"},\"image\":{\"@id\":\"https:\\\/\\\/www.laguiadepamplona.com\\\/actualidad\\\/la-junta-de-gobierno-local-aprueba-la-primera-prorroga-del-contrato-de-suministro-instalacion-y-mantenimiento-de-la-senalizacion-horizontal-y-vertical-de-la-ciudad\\\/#primaryimage\"},\"thumbnailUrl\":\"https:\\\/\\\/www.laguiadepamplona.com\\\/actualidad\\\/wp-content\\\/uploads\\\/2022\\\/10\\\/senales_rotonda_biurdana_1.webp\",\"datePublished\":\"2022-10-27T11:31:08+00:00\",\"dateModified\":\"2023-04-11T09:47:39+00:00\",\"description\":\"La empresa adjudicataria asume tambi\u00e9n la gesti\u00f3n, mantenimiento y actualizaci\u00f3n de la aplicaci\u00f3n inform\u00e1tica que recoge toda la se\u00f1alizaci\u00f3n\",\"breadcrumb\":{\"@id\":\"https:\\\/\\\/www.laguiadepamplona.com\\\/actualidad\\\/la-junta-de-gobierno-local-aprueba-la-primera-prorroga-del-contrato-de-suministro-instalacion-y-mantenimiento-de-la-senalizacion-horizontal-y-vertical-de-la-ciudad\\\/#breadcrumb\"},\"inLanguage\":\"es\",\"potentialAction\":[{\"@type\":\"ReadAction\",\"target\":[\"https:\\\/\\\/www.laguiadepamplona.com\\\/actualidad\\\/la-junta-de-gobierno-local-aprueba-la-primera-prorroga-del-contrato-de-suministro-instalacion-y-mantenimiento-de-la-senalizacion-horizontal-y-vertical-de-la-ciudad\\\/\"]}]},{\"@type\":\"ImageObject\",\"inLanguage\":\"es\",\"@id\":\"https:\\\/\\\/www.laguiadepamplona.com\\\/actualidad\\\/la-junta-de-gobierno-local-aprueba-la-primera-prorroga-del-contrato-de-suministro-instalacion-y-mantenimiento-de-la-senalizacion-horizontal-y-vertical-de-la-ciudad\\\/#primaryimage\",\"url\":\"https:\\\/\\\/www.laguiadepamplona.com\\\/actualidad\\\/wp-content\\\/uploads\\\/2022\\\/10\\\/senales_rotonda_biurdana_1.webp\",\"contentUrl\":\"https:\\\/\\\/www.laguiadepamplona.com\\\/actualidad\\\/wp-content\\\/uploads\\\/2022\\\/10\\\/senales_rotonda_biurdana_1.webp\",\"width\":709,\"height\":531},{\"@type\":\"BreadcrumbList\",\"@id\":\"https:\\\/\\\/www.laguiadepamplona.com\\\/actualidad\\\/la-junta-de-gobierno-local-aprueba-la-primera-prorroga-del-contrato-de-suministro-instalacion-y-mantenimiento-de-la-senalizacion-horizontal-y-vertical-de-la-ciudad\\\/#breadcrumb\",\"itemListElement\":[{\"@type\":\"ListItem\",\"position\":1,\"name\":\"Portada\",\"item\":\"https:\\\/\\\/www.laguiadepamplona.com\\\/actualidad\\\/\"},{\"@type\":\"ListItem\",\"position\":2,\"name\":\"La Junta de Gobierno Local aprueba la primera pr\u00f3rroga del contrato de suministro, instalaci\u00f3n y mantenimiento de la se\u00f1alizaci\u00f3n horizontal y vertical de la ciudad\"}]},{\"@type\":\"WebSite\",\"@id\":\"https:\\\/\\\/www.laguiadepamplona.com\\\/actualidad\\\/#website\",\"url\":\"https:\\\/\\\/www.laguiadepamplona.com\\\/actualidad\\\/\",\"name\":\"La gu\u00eda de Pamplona\",\"description\":\"Noticias de Pamplona\",\"publisher\":{\"@id\":\"https:\\\/\\\/www.laguiadepamplona.com\\\/actualidad\\\/#organization\"},\"potentialAction\":[{\"@type\":\"SearchAction\",\"target\":{\"@type\":\"EntryPoint\",\"urlTemplate\":\"https:\\\/\\\/www.laguiadepamplona.com\\\/actualidad\\\/?s={search_term_string}\"},\"query-input\":{\"@type\":\"PropertyValueSpecification\",\"valueRequired\":true,\"valueName\":\"search_term_string\"}}],\"inLanguage\":\"es\"},{\"@type\":\"Organization\",\"@id\":\"https:\\\/\\\/www.laguiadepamplona.com\\\/actualidad\\\/#organization\",\"name\":\"La Gu\u00eda de Pamplona \\\/ Noticias\",\"url\":\"https:\\\/\\\/www.laguiadepamplona.com\\\/actualidad\\\/\",\"logo\":{\"@type\":\"ImageObject\",\"inLanguage\":\"es\",\"@id\":\"https:\\\/\\\/www.laguiadepamplona.com\\\/actualidad\\\/#\\\/schema\\\/logo\\\/image\\\/\",\"url\":\"https:\\\/\\\/www.laguiadepamplona.com\\\/actualidad\\\/wp-content\\\/uploads\\\/2018\\\/11\\\/logo-laguiadepamplona18-web1.png\",\"contentUrl\":\"https:\\\/\\\/www.laguiadepamplona.com\\\/actualidad\\\/wp-content\\\/uploads\\\/2018\\\/11\\\/logo-laguiadepamplona18-web1.png\",\"width\":600,\"height\":196,\"caption\":\"La Gu\u00eda de Pamplona \\\/ Noticias\"},\"image\":{\"@id\":\"https:\\\/\\\/www.laguiadepamplona.com\\\/actualidad\\\/#\\\/schema\\\/logo\\\/image\\\/\"},\"sameAs\":[\"https:\\\/\\\/www.facebook.com\\\/laguiadepamplonacom-133175176762273\\\/?ref=hl\",\"https:\\\/\\\/x.com\\\/LaGuiadPamplona\",\"https:\\\/\\\/www.instagram.com\\\/la_guia_de_pamplona\\\/\",\"https:\\\/\\\/www.youtube.com\\\/user\\\/laguiadepamplona\"]},{\"@type\":\"Person\",\"@id\":\"https:\\\/\\\/www.laguiadepamplona.com\\\/actualidad\\\/#\\\/schema\\\/person\\\/efe887376f0213d4657c93adc50b1fdb\",\"name\":\"La Gu\u00eda de Pamplona\",\"image\":{\"@type\":\"ImageObject\",\"inLanguage\":\"es\",\"@id\":\"https:\\\/\\\/secure.gravatar.com\\\/avatar\\\/b6992f131dc8d30ab0dff15446e9d346d9dbd95992de0fef795073f5ea83a81c?s=96&d=mm&r=g\",\"url\":\"https:\\\/\\\/secure.gravatar.com\\\/avatar\\\/b6992f131dc8d30ab0dff15446e9d346d9dbd95992de0fef795073f5ea83a81c?s=96&d=mm&r=g\",\"contentUrl\":\"https:\\\/\\\/secure.gravatar.com\\\/avatar\\\/b6992f131dc8d30ab0dff15446e9d346d9dbd95992de0fef795073f5ea83a81c?s=96&d=mm&r=g\",\"caption\":\"La Gu\u00eda de Pamplona\"}}]}<\/script>\n<!-- \/ Yoast SEO plugin. -->","yoast_head_json":{"title":"La Junta de Gobierno Local aprueba la primera pr\u00f3rroga del contrato de suministro, instalaci\u00f3n y mantenimiento de la se\u00f1alizaci\u00f3n horizontal y vertical de la ciudad","description":"La empresa adjudicataria asume tambi\u00e9n la gesti\u00f3n, mantenimiento y actualizaci\u00f3n de la aplicaci\u00f3n inform\u00e1tica que recoge toda la se\u00f1alizaci\u00f3n","robots":{"index":"index","follow":"follow","max-snippet":"max-snippet:-1","max-image-preview":"max-image-preview:large","max-video-preview":"max-video-preview:-1"},"canonical":"https:\/\/www.laguiadepamplona.com\/actualidad\/la-junta-de-gobierno-local-aprueba-la-primera-prorroga-del-contrato-de-suministro-instalacion-y-mantenimiento-de-la-senalizacion-horizontal-y-vertical-de-la-ciudad\/","og_locale":"es_ES","og_type":"article","og_title":"La Junta de Gobierno Local aprueba la primera pr\u00f3rroga del contrato de suministro, instalaci\u00f3n y mantenimiento de la se\u00f1alizaci\u00f3n horizontal y vertical de la ciudad","og_description":"La empresa adjudicataria asume tambi\u00e9n la gesti\u00f3n, mantenimiento y actualizaci\u00f3n de la aplicaci\u00f3n inform\u00e1tica que recoge toda la se\u00f1alizaci\u00f3n","og_url":"https:\/\/www.laguiadepamplona.com\/actualidad\/la-junta-de-gobierno-local-aprueba-la-primera-prorroga-del-contrato-de-suministro-instalacion-y-mantenimiento-de-la-senalizacion-horizontal-y-vertical-de-la-ciudad\/","og_site_name":"La Gu\u00eda de Pamplona","article_publisher":"https:\/\/www.facebook.com\/laguiadepamplonacom-133175176762273\/?ref=hl","article_published_time":"2022-10-27T11:31:08+00:00","article_modified_time":"2023-04-11T09:47:39+00:00","og_image":[{"width":709,"height":531,"url":"https:\/\/www.laguiadepamplona.com\/actualidad\/wp-content\/uploads\/2022\/10\/senales_rotonda_biurdana_1.webp","type":"image\/webp"}],"author":"La Gu\u00eda de Pamplona","twitter_card":"summary_large_image","twitter_creator":"@LaGuiadPamplona","twitter_site":"@LaGuiadPamplona","twitter_misc":{"Escrito por":"La Gu\u00eda de Pamplona","Tiempo de lectura":"3 minutos"},"schema":{"@context":"https:\/\/schema.org","@graph":[{"@type":"Article","@id":"https:\/\/www.laguiadepamplona.com\/actualidad\/la-junta-de-gobierno-local-aprueba-la-primera-prorroga-del-contrato-de-suministro-instalacion-y-mantenimiento-de-la-senalizacion-horizontal-y-vertical-de-la-ciudad\/#article","isPartOf":{"@id":"https:\/\/www.laguiadepamplona.com\/actualidad\/la-junta-de-gobierno-local-aprueba-la-primera-prorroga-del-contrato-de-suministro-instalacion-y-mantenimiento-de-la-senalizacion-horizontal-y-vertical-de-la-ciudad\/"},"author":{"name":"La Gu\u00eda de Pamplona","@id":"https:\/\/www.laguiadepamplona.com\/actualidad\/#\/schema\/person\/efe887376f0213d4657c93adc50b1fdb"},"headline":"La Junta de Gobierno Local aprueba la primera pr\u00f3rroga del contrato de suministro, instalaci\u00f3n y mantenimiento de la se\u00f1alizaci\u00f3n horizontal y vertical de la ciudad","datePublished":"2022-10-27T11:31:08+00:00","dateModified":"2023-04-11T09:47:39+00:00","mainEntityOfPage":{"@id":"https:\/\/www.laguiadepamplona.com\/actualidad\/la-junta-de-gobierno-local-aprueba-la-primera-prorroga-del-contrato-de-suministro-instalacion-y-mantenimiento-de-la-senalizacion-horizontal-y-vertical-de-la-ciudad\/"},"wordCount":698,"commentCount":0,"publisher":{"@id":"https:\/\/www.laguiadepamplona.com\/actualidad\/#organization"},"image":{"@id":"https:\/\/www.laguiadepamplona.com\/actualidad\/la-junta-de-gobierno-local-aprueba-la-primera-prorroga-del-contrato-de-suministro-instalacion-y-mantenimiento-de-la-senalizacion-horizontal-y-vertical-de-la-ciudad\/#primaryimage"},"thumbnailUrl":"https:\/\/www.laguiadepamplona.com\/actualidad\/wp-content\/uploads\/2022\/10\/senales_rotonda_biurdana_1.webp","articleSection":["Ayto Pamplona"],"inLanguage":"es","potentialAction":[{"@type":"CommentAction","name":"Comment","target":["https:\/\/www.laguiadepamplona.com\/actualidad\/la-junta-de-gobierno-local-aprueba-la-primera-prorroga-del-contrato-de-suministro-instalacion-y-mantenimiento-de-la-senalizacion-horizontal-y-vertical-de-la-ciudad\/#respond"]}]},{"@type":"WebPage","@id":"https:\/\/www.laguiadepamplona.com\/actualidad\/la-junta-de-gobierno-local-aprueba-la-primera-prorroga-del-contrato-de-suministro-instalacion-y-mantenimiento-de-la-senalizacion-horizontal-y-vertical-de-la-ciudad\/","url":"https:\/\/www.laguiadepamplona.com\/actualidad\/la-junta-de-gobierno-local-aprueba-la-primera-prorroga-del-contrato-de-suministro-instalacion-y-mantenimiento-de-la-senalizacion-horizontal-y-vertical-de-la-ciudad\/","name":"La Junta de Gobierno Local aprueba la primera pr\u00f3rroga del contrato de suministro, instalaci\u00f3n y mantenimiento de la se\u00f1alizaci\u00f3n horizontal y vertical de la ciudad","isPartOf":{"@id":"https:\/\/www.laguiadepamplona.com\/actualidad\/#website"},"primaryImageOfPage":{"@id":"https:\/\/www.laguiadepamplona.com\/actualidad\/la-junta-de-gobierno-local-aprueba-la-primera-prorroga-del-contrato-de-suministro-instalacion-y-mantenimiento-de-la-senalizacion-horizontal-y-vertical-de-la-ciudad\/#primaryimage"},"image":{"@id":"https:\/\/www.laguiadepamplona.com\/actualidad\/la-junta-de-gobierno-local-aprueba-la-primera-prorroga-del-contrato-de-suministro-instalacion-y-mantenimiento-de-la-senalizacion-horizontal-y-vertical-de-la-ciudad\/#primaryimage"},"thumbnailUrl":"https:\/\/www.laguiadepamplona.com\/actualidad\/wp-content\/uploads\/2022\/10\/senales_rotonda_biurdana_1.webp","datePublished":"2022-10-27T11:31:08+00:00","dateModified":"2023-04-11T09:47:39+00:00","description":"La empresa adjudicataria asume tambi\u00e9n la gesti\u00f3n, mantenimiento y actualizaci\u00f3n de la aplicaci\u00f3n inform\u00e1tica que recoge toda la se\u00f1alizaci\u00f3n","breadcrumb":{"@id":"https:\/\/www.laguiadepamplona.com\/actualidad\/la-junta-de-gobierno-local-aprueba-la-primera-prorroga-del-contrato-de-suministro-instalacion-y-mantenimiento-de-la-senalizacion-horizontal-y-vertical-de-la-ciudad\/#breadcrumb"},"inLanguage":"es","potentialAction":[{"@type":"ReadAction","target":["https:\/\/www.laguiadepamplona.com\/actualidad\/la-junta-de-gobierno-local-aprueba-la-primera-prorroga-del-contrato-de-suministro-instalacion-y-mantenimiento-de-la-senalizacion-horizontal-y-vertical-de-la-ciudad\/"]}]},{"@type":"ImageObject","inLanguage":"es","@id":"https:\/\/www.laguiadepamplona.com\/actualidad\/la-junta-de-gobierno-local-aprueba-la-primera-prorroga-del-contrato-de-suministro-instalacion-y-mantenimiento-de-la-senalizacion-horizontal-y-vertical-de-la-ciudad\/#primaryimage","url":"https:\/\/www.laguiadepamplona.com\/actualidad\/wp-content\/uploads\/2022\/10\/senales_rotonda_biurdana_1.webp","contentUrl":"https:\/\/www.laguiadepamplona.com\/actualidad\/wp-content\/uploads\/2022\/10\/senales_rotonda_biurdana_1.webp","width":709,"height":531},{"@type":"BreadcrumbList","@id":"https:\/\/www.laguiadepamplona.com\/actualidad\/la-junta-de-gobierno-local-aprueba-la-primera-prorroga-del-contrato-de-suministro-instalacion-y-mantenimiento-de-la-senalizacion-horizontal-y-vertical-de-la-ciudad\/#breadcrumb","itemListElement":[{"@type":"ListItem","position":1,"name":"Portada","item":"https:\/\/www.laguiadepamplona.com\/actualidad\/"},{"@type":"ListItem","position":2,"name":"La Junta de Gobierno Local aprueba la primera pr\u00f3rroga del contrato de suministro, instalaci\u00f3n y mantenimiento de la se\u00f1alizaci\u00f3n horizontal y vertical de la ciudad"}]},{"@type":"WebSite","@id":"https:\/\/www.laguiadepamplona.com\/actualidad\/#website","url":"https:\/\/www.laguiadepamplona.com\/actualidad\/","name":"La gu\u00eda de Pamplona","description":"Noticias de Pamplona","publisher":{"@id":"https:\/\/www.laguiadepamplona.com\/actualidad\/#organization"},"potentialAction":[{"@type":"SearchAction","target":{"@type":"EntryPoint","urlTemplate":"https:\/\/www.laguiadepamplona.com\/actualidad\/?s={search_term_string}"},"query-input":{"@type":"PropertyValueSpecification","valueRequired":true,"valueName":"search_term_string"}}],"inLanguage":"es"},{"@type":"Organization","@id":"https:\/\/www.laguiadepamplona.com\/actualidad\/#organization","name":"La Gu\u00eda de Pamplona \/ Noticias","url":"https:\/\/www.laguiadepamplona.com\/actualidad\/","logo":{"@type":"ImageObject","inLanguage":"es","@id":"https:\/\/www.laguiadepamplona.com\/actualidad\/#\/schema\/logo\/image\/","url":"https:\/\/www.laguiadepamplona.com\/actualidad\/wp-content\/uploads\/2018\/11\/logo-laguiadepamplona18-web1.png","contentUrl":"https:\/\/www.laguiadepamplona.com\/actualidad\/wp-content\/uploads\/2018\/11\/logo-laguiadepamplona18-web1.png","width":600,"height":196,"caption":"La Gu\u00eda de Pamplona \/ Noticias"},"image":{"@id":"https:\/\/www.laguiadepamplona.com\/actualidad\/#\/schema\/logo\/image\/"},"sameAs":["https:\/\/www.facebook.com\/laguiadepamplonacom-133175176762273\/?ref=hl","https:\/\/x.com\/LaGuiadPamplona","https:\/\/www.instagram.com\/la_guia_de_pamplona\/","https:\/\/www.youtube.com\/user\/laguiadepamplona"]},{"@type":"Person","@id":"https:\/\/www.laguiadepamplona.com\/actualidad\/#\/schema\/person\/efe887376f0213d4657c93adc50b1fdb","name":"La Gu\u00eda de Pamplona","image":{"@type":"ImageObject","inLanguage":"es","@id":"https:\/\/secure.gravatar.com\/avatar\/b6992f131dc8d30ab0dff15446e9d346d9dbd95992de0fef795073f5ea83a81c?s=96&d=mm&r=g","url":"https:\/\/secure.gravatar.com\/avatar\/b6992f131dc8d30ab0dff15446e9d346d9dbd95992de0fef795073f5ea83a81c?s=96&d=mm&r=g","contentUrl":"https:\/\/secure.gravatar.com\/avatar\/b6992f131dc8d30ab0dff15446e9d346d9dbd95992de0fef795073f5ea83a81c?s=96&d=mm&r=g","caption":"La Gu\u00eda de Pamplona"}}]}},"post_mailing_queue_ids":[],"_links":{"self":[{"href":"https:\/\/www.laguiadepamplona.com\/actualidad\/wp-json\/wp\/v2\/posts\/42050","targetHints":{"allow":["GET"]}}],"collection":[{"href":"https:\/\/www.laguiadepamplona.com\/actualidad\/wp-json\/wp\/v2\/posts"}],"about":[{"href":"https:\/\/www.laguiadepamplona.com\/actualidad\/wp-json\/wp\/v2\/types\/post"}],"author":[{"embeddable":true,"href":"https:\/\/www.laguiadepamplona.com\/actualidad\/wp-json\/wp\/v2\/users\/1"}],"replies":[{"embeddable":true,"href":"https:\/\/www.laguiadepamplona.com\/actualidad\/wp-json\/wp\/v2\/comments?post=42050"}],"version-history":[{"count":0,"href":"https:\/\/www.laguiadepamplona.com\/actualidad\/wp-json\/wp\/v2\/posts\/42050\/revisions"}],"wp:featuredmedia":[{"embeddable":true,"href":"https:\/\/www.laguiadepamplona.com\/actualidad\/wp-json\/wp\/v2\/media\/42051"}],"wp:attachment":[{"href":"https:\/\/www.laguiadepamplona.com\/actualidad\/wp-json\/wp\/v2\/media?parent=42050"}],"wp:term":[{"taxonomy":"category","embeddable":true,"href":"https:\/\/www.laguiadepamplona.com\/actualidad\/wp-json\/wp\/v2\/categories?post=42050"},{"taxonomy":"post_tag","embeddable":true,"href":"https:\/\/www.laguiadepamplona.com\/actualidad\/wp-json\/wp\/v2\/tags?post=42050"}],"curies":[{"name":"wp","href":"https:\/\/api.w.org\/{rel}","templated":true}]}}