{"id":42048,"date":"2022-10-27T13:28:04","date_gmt":"2022-10-27T11:28:04","guid":{"rendered":"https:\/\/www.laguiadepamplona.com\/actualidad\/?p=42048"},"modified":"2023-04-11T11:47:39","modified_gmt":"2023-04-11T09:47:39","slug":"el-ayuntamiento-se-une-a-la-fiesta-nacional-de-la-republica-checa-iluminando-hoy-la-fachada-en-blanco-rojo-y-azul","status":"publish","type":"post","link":"https:\/\/www.laguiadepamplona.com\/actualidad\/el-ayuntamiento-se-une-a-la-fiesta-nacional-de-la-republica-checa-iluminando-hoy-la-fachada-en-blanco-rojo-y-azul\/","title":{"rendered":"El Ayuntamiento se une a la fiesta nacional de la Rep\u00fablica Checa iluminando hoy la fachada en blanco, rojo y azul"},"content":{"rendered":"<h5>Se conmemora la fundaci\u00f3n de Checoslovaquia como estado independiente, que se dividi\u00f3 en 1993 en la Rep\u00fablica Checa y Eslovaquia<\/h5>\n<p><!--more--><\/p>\n<p>La fachada del Ayuntamiento de Pamplona se ilumina hoy en blanco, rojo y azul para unirse a la celebraci\u00f3n de la fiesta nacional de la Rep\u00fablica Checa. La iluminaci\u00f3n replica los colores de la bandera de la Rep\u00fablica Checa, surgida tras la fundaci\u00f3n de Checoslovaquia como estado independiente y su posterior divisi\u00f3n en dos estados diferentes, la Rep\u00fablica Checa y Eslovaquia.<br \/>\n<script async src=\"\/\/pagead2.googlesyndication.com\/pagead\/js\/adsbygoogle.js\"><\/script><br \/>\n<!-- Noticias La Guia de Pamplona --><br \/>\n<ins class=\"adsbygoogle\"\nstyle=\"display:block\"\ndata-ad-client=\"ca-pub-6943679897239327\"\ndata-ad-slot=\"7048180777\"\ndata-ad-format=\"auto\"><\/ins><br \/>\n<script>\n(adsbygoogle = window.adsbygoogle || []).push({});\n<\/script><\/p>\n<p>La iluminaci\u00f3n municipal, a iniciativa de la Embajada de la Rep\u00fablica Checa, brinda mayor visibilidad a la jornada que conmemora la independencia del estado en 1918, al t\u00e9rmino de la primera Guerra Mundial, declarada en la simb\u00f3lica plaza de San Venceslao en Praga, patr\u00f3n de la naci\u00f3n checa. La Rep\u00fablica Checa es una democracia consolidada, despu\u00e9s de dos periodos de dictaduras.<\/p>\n<p>La fiesta se celebra en diversos puntos de la rep\u00fablica, entre los que destaca el Monumento Nacional en V\u00edtkov en Praga, donde tiene lugar el desfile militar tradicional y la colocaci\u00f3n de coronas, seguida al anochecer por la entrega de condecoraciones y medallas al m\u00e9rito a destacadas personalidades de la vida pol\u00edtica, cultural y social en el Castillo de Praga. Si bien las celebraciones de esta fiesta nacional en la capital se suelen asociar con el desfile militar, este no tiene lugar todos los a\u00f1os.<\/p>\n","protected":false},"excerpt":{"rendered":"<p>Se conmemora la fundaci\u00f3n de Checoslovaquia como estado independiente, que se dividi\u00f3 en 1993 en la Rep\u00fablica Checa y Eslovaquia<\/p>\n","protected":false},"author":1,"featured_media":41287,"comment_status":"open","ping_status":"closed","sticky":false,"template":"","format":"standard","meta":{"footnotes":""},"categories":[2],"tags":[],"class_list":["post-42048","post","type-post","status-publish","format-standard","has-post-thumbnail","hentry","category-ayuntamiento-pamplona"],"yoast_head":"<!-- This site is optimized with the Yoast SEO plugin v27.3 - https:\/\/yoast.com\/product\/yoast-seo-wordpress\/ -->\n<title>El Ayuntamiento se une a la fiesta nacional de la Rep\u00fablica Checa iluminando hoy la fachada en blanco, rojo y azul<\/title>\n<meta name=\"description\" content=\"Se conmemora la fundaci\u00f3n de Checoslovaquia como estado independiente, que se dividi\u00f3 en 1993 en la Rep\u00fablica Checa y Eslovaquia\" \/>\n<meta name=\"robots\" content=\"index, follow, max-snippet:-1, max-image-preview:large, max-video-preview:-1\" \/>\n<link rel=\"canonical\" href=\"https:\/\/www.laguiadepamplona.com\/actualidad\/el-ayuntamiento-se-une-a-la-fiesta-nacional-de-la-republica-checa-iluminando-hoy-la-fachada-en-blanco-rojo-y-azul\/\" \/>\n<meta property=\"og:locale\" content=\"es_ES\" \/>\n<meta property=\"og:type\" content=\"article\" \/>\n<meta property=\"og:title\" content=\"El Ayuntamiento se une a la fiesta nacional de la Rep\u00fablica Checa iluminando hoy la fachada en blanco, rojo y azul\" \/>\n<meta property=\"og:description\" content=\"Se conmemora la fundaci\u00f3n de Checoslovaquia como estado independiente, que se dividi\u00f3 en 1993 en la Rep\u00fablica Checa y Eslovaquia\" \/>\n<meta property=\"og:url\" content=\"https:\/\/www.laguiadepamplona.com\/actualidad\/el-ayuntamiento-se-une-a-la-fiesta-nacional-de-la-republica-checa-iluminando-hoy-la-fachada-en-blanco-rojo-y-azul\/\" \/>\n<meta property=\"og:site_name\" content=\"La Gu\u00eda de Pamplona\" \/>\n<meta property=\"article:publisher\" content=\"https:\/\/www.facebook.com\/laguiadepamplonacom-133175176762273\/?ref=hl\" \/>\n<meta property=\"article:published_time\" content=\"2022-10-27T11:28:04+00:00\" \/>\n<meta property=\"article:modified_time\" content=\"2023-04-11T09:47:39+00:00\" \/>\n<meta property=\"og:image\" content=\"https:\/\/www.laguiadepamplona.com\/actualidad\/wp-content\/uploads\/2022\/08\/fachadaazulverde7956.webp\" \/>\n\t<meta property=\"og:image:width\" content=\"1920\" \/>\n\t<meta property=\"og:image:height\" content=\"1280\" \/>\n\t<meta property=\"og:image:type\" content=\"image\/webp\" \/>\n<meta name=\"author\" content=\"La Gu\u00eda de Pamplona\" \/>\n<meta name=\"twitter:card\" content=\"summary_large_image\" \/>\n<meta name=\"twitter:creator\" content=\"@LaGuiadPamplona\" \/>\n<meta name=\"twitter:site\" content=\"@LaGuiadPamplona\" \/>\n<meta name=\"twitter:label1\" content=\"Escrito por\" \/>\n\t<meta name=\"twitter:data1\" content=\"La Gu\u00eda de Pamplona\" \/>\n\t<meta name=\"twitter:label2\" content=\"Tiempo de lectura\" \/>\n\t<meta name=\"twitter:data2\" content=\"2 minutos\" \/>\n<script type=\"application\/ld+json\" class=\"yoast-schema-graph\">{\"@context\":\"https:\\\/\\\/schema.org\",\"@graph\":[{\"@type\":\"Article\",\"@id\":\"https:\\\/\\\/www.laguiadepamplona.com\\\/actualidad\\\/el-ayuntamiento-se-une-a-la-fiesta-nacional-de-la-republica-checa-iluminando-hoy-la-fachada-en-blanco-rojo-y-azul\\\/#article\",\"isPartOf\":{\"@id\":\"https:\\\/\\\/www.laguiadepamplona.com\\\/actualidad\\\/el-ayuntamiento-se-une-a-la-fiesta-nacional-de-la-republica-checa-iluminando-hoy-la-fachada-en-blanco-rojo-y-azul\\\/\"},\"author\":{\"name\":\"La Gu\u00eda de Pamplona\",\"@id\":\"https:\\\/\\\/www.laguiadepamplona.com\\\/actualidad\\\/#\\\/schema\\\/person\\\/efe887376f0213d4657c93adc50b1fdb\"},\"headline\":\"El Ayuntamiento se une a la fiesta nacional de la Rep\u00fablica Checa iluminando hoy la fachada en blanco, rojo y azul\",\"datePublished\":\"2022-10-27T11:28:04+00:00\",\"dateModified\":\"2023-04-11T09:47:39+00:00\",\"mainEntityOfPage\":{\"@id\":\"https:\\\/\\\/www.laguiadepamplona.com\\\/actualidad\\\/el-ayuntamiento-se-une-a-la-fiesta-nacional-de-la-republica-checa-iluminando-hoy-la-fachada-en-blanco-rojo-y-azul\\\/\"},\"wordCount\":270,\"commentCount\":0,\"publisher\":{\"@id\":\"https:\\\/\\\/www.laguiadepamplona.com\\\/actualidad\\\/#organization\"},\"image\":{\"@id\":\"https:\\\/\\\/www.laguiadepamplona.com\\\/actualidad\\\/el-ayuntamiento-se-une-a-la-fiesta-nacional-de-la-republica-checa-iluminando-hoy-la-fachada-en-blanco-rojo-y-azul\\\/#primaryimage\"},\"thumbnailUrl\":\"https:\\\/\\\/www.laguiadepamplona.com\\\/actualidad\\\/wp-content\\\/uploads\\\/2022\\\/08\\\/fachadaazulverde7956.webp\",\"articleSection\":[\"Ayto Pamplona\"],\"inLanguage\":\"es\",\"potentialAction\":[{\"@type\":\"CommentAction\",\"name\":\"Comment\",\"target\":[\"https:\\\/\\\/www.laguiadepamplona.com\\\/actualidad\\\/el-ayuntamiento-se-une-a-la-fiesta-nacional-de-la-republica-checa-iluminando-hoy-la-fachada-en-blanco-rojo-y-azul\\\/#respond\"]}]},{\"@type\":\"WebPage\",\"@id\":\"https:\\\/\\\/www.laguiadepamplona.com\\\/actualidad\\\/el-ayuntamiento-se-une-a-la-fiesta-nacional-de-la-republica-checa-iluminando-hoy-la-fachada-en-blanco-rojo-y-azul\\\/\",\"url\":\"https:\\\/\\\/www.laguiadepamplona.com\\\/actualidad\\\/el-ayuntamiento-se-une-a-la-fiesta-nacional-de-la-republica-checa-iluminando-hoy-la-fachada-en-blanco-rojo-y-azul\\\/\",\"name\":\"El Ayuntamiento se une a la fiesta nacional de la Rep\u00fablica Checa iluminando hoy la fachada en blanco, rojo y azul\",\"isPartOf\":{\"@id\":\"https:\\\/\\\/www.laguiadepamplona.com\\\/actualidad\\\/#website\"},\"primaryImageOfPage\":{\"@id\":\"https:\\\/\\\/www.laguiadepamplona.com\\\/actualidad\\\/el-ayuntamiento-se-une-a-la-fiesta-nacional-de-la-republica-checa-iluminando-hoy-la-fachada-en-blanco-rojo-y-azul\\\/#primaryimage\"},\"image\":{\"@id\":\"https:\\\/\\\/www.laguiadepamplona.com\\\/actualidad\\\/el-ayuntamiento-se-une-a-la-fiesta-nacional-de-la-republica-checa-iluminando-hoy-la-fachada-en-blanco-rojo-y-azul\\\/#primaryimage\"},\"thumbnailUrl\":\"https:\\\/\\\/www.laguiadepamplona.com\\\/actualidad\\\/wp-content\\\/uploads\\\/2022\\\/08\\\/fachadaazulverde7956.webp\",\"datePublished\":\"2022-10-27T11:28:04+00:00\",\"dateModified\":\"2023-04-11T09:47:39+00:00\",\"description\":\"Se conmemora la fundaci\u00f3n de Checoslovaquia como estado independiente, que se dividi\u00f3 en 1993 en la Rep\u00fablica Checa y Eslovaquia\",\"breadcrumb\":{\"@id\":\"https:\\\/\\\/www.laguiadepamplona.com\\\/actualidad\\\/el-ayuntamiento-se-une-a-la-fiesta-nacional-de-la-republica-checa-iluminando-hoy-la-fachada-en-blanco-rojo-y-azul\\\/#breadcrumb\"},\"inLanguage\":\"es\",\"potentialAction\":[{\"@type\":\"ReadAction\",\"target\":[\"https:\\\/\\\/www.laguiadepamplona.com\\\/actualidad\\\/el-ayuntamiento-se-une-a-la-fiesta-nacional-de-la-republica-checa-iluminando-hoy-la-fachada-en-blanco-rojo-y-azul\\\/\"]}]},{\"@type\":\"ImageObject\",\"inLanguage\":\"es\",\"@id\":\"https:\\\/\\\/www.laguiadepamplona.com\\\/actualidad\\\/el-ayuntamiento-se-une-a-la-fiesta-nacional-de-la-republica-checa-iluminando-hoy-la-fachada-en-blanco-rojo-y-azul\\\/#primaryimage\",\"url\":\"https:\\\/\\\/www.laguiadepamplona.com\\\/actualidad\\\/wp-content\\\/uploads\\\/2022\\\/08\\\/fachadaazulverde7956.webp\",\"contentUrl\":\"https:\\\/\\\/www.laguiadepamplona.com\\\/actualidad\\\/wp-content\\\/uploads\\\/2022\\\/08\\\/fachadaazulverde7956.webp\",\"width\":1920,\"height\":1280},{\"@type\":\"BreadcrumbList\",\"@id\":\"https:\\\/\\\/www.laguiadepamplona.com\\\/actualidad\\\/el-ayuntamiento-se-une-a-la-fiesta-nacional-de-la-republica-checa-iluminando-hoy-la-fachada-en-blanco-rojo-y-azul\\\/#breadcrumb\",\"itemListElement\":[{\"@type\":\"ListItem\",\"position\":1,\"name\":\"Portada\",\"item\":\"https:\\\/\\\/www.laguiadepamplona.com\\\/actualidad\\\/\"},{\"@type\":\"ListItem\",\"position\":2,\"name\":\"El Ayuntamiento se une a la fiesta nacional de la Rep\u00fablica Checa iluminando hoy la fachada en blanco, rojo y azul\"}]},{\"@type\":\"WebSite\",\"@id\":\"https:\\\/\\\/www.laguiadepamplona.com\\\/actualidad\\\/#website\",\"url\":\"https:\\\/\\\/www.laguiadepamplona.com\\\/actualidad\\\/\",\"name\":\"La gu\u00eda de Pamplona\",\"description\":\"Noticias de Pamplona\",\"publisher\":{\"@id\":\"https:\\\/\\\/www.laguiadepamplona.com\\\/actualidad\\\/#organization\"},\"potentialAction\":[{\"@type\":\"SearchAction\",\"target\":{\"@type\":\"EntryPoint\",\"urlTemplate\":\"https:\\\/\\\/www.laguiadepamplona.com\\\/actualidad\\\/?s={search_term_string}\"},\"query-input\":{\"@type\":\"PropertyValueSpecification\",\"valueRequired\":true,\"valueName\":\"search_term_string\"}}],\"inLanguage\":\"es\"},{\"@type\":\"Organization\",\"@id\":\"https:\\\/\\\/www.laguiadepamplona.com\\\/actualidad\\\/#organization\",\"name\":\"La Gu\u00eda de Pamplona \\\/ Noticias\",\"url\":\"https:\\\/\\\/www.laguiadepamplona.com\\\/actualidad\\\/\",\"logo\":{\"@type\":\"ImageObject\",\"inLanguage\":\"es\",\"@id\":\"https:\\\/\\\/www.laguiadepamplona.com\\\/actualidad\\\/#\\\/schema\\\/logo\\\/image\\\/\",\"url\":\"https:\\\/\\\/www.laguiadepamplona.com\\\/actualidad\\\/wp-content\\\/uploads\\\/2018\\\/11\\\/logo-laguiadepamplona18-web1.png\",\"contentUrl\":\"https:\\\/\\\/www.laguiadepamplona.com\\\/actualidad\\\/wp-content\\\/uploads\\\/2018\\\/11\\\/logo-laguiadepamplona18-web1.png\",\"width\":600,\"height\":196,\"caption\":\"La Gu\u00eda de Pamplona \\\/ Noticias\"},\"image\":{\"@id\":\"https:\\\/\\\/www.laguiadepamplona.com\\\/actualidad\\\/#\\\/schema\\\/logo\\\/image\\\/\"},\"sameAs\":[\"https:\\\/\\\/www.facebook.com\\\/laguiadepamplonacom-133175176762273\\\/?ref=hl\",\"https:\\\/\\\/x.com\\\/LaGuiadPamplona\",\"https:\\\/\\\/www.instagram.com\\\/la_guia_de_pamplona\\\/\",\"https:\\\/\\\/www.youtube.com\\\/user\\\/laguiadepamplona\"]},{\"@type\":\"Person\",\"@id\":\"https:\\\/\\\/www.laguiadepamplona.com\\\/actualidad\\\/#\\\/schema\\\/person\\\/efe887376f0213d4657c93adc50b1fdb\",\"name\":\"La Gu\u00eda de Pamplona\",\"image\":{\"@type\":\"ImageObject\",\"inLanguage\":\"es\",\"@id\":\"https:\\\/\\\/secure.gravatar.com\\\/avatar\\\/b6992f131dc8d30ab0dff15446e9d346d9dbd95992de0fef795073f5ea83a81c?s=96&d=mm&r=g\",\"url\":\"https:\\\/\\\/secure.gravatar.com\\\/avatar\\\/b6992f131dc8d30ab0dff15446e9d346d9dbd95992de0fef795073f5ea83a81c?s=96&d=mm&r=g\",\"contentUrl\":\"https:\\\/\\\/secure.gravatar.com\\\/avatar\\\/b6992f131dc8d30ab0dff15446e9d346d9dbd95992de0fef795073f5ea83a81c?s=96&d=mm&r=g\",\"caption\":\"La Gu\u00eda de Pamplona\"}}]}<\/script>\n<!-- \/ Yoast SEO plugin. -->","yoast_head_json":{"title":"El Ayuntamiento se une a la fiesta nacional de la Rep\u00fablica Checa iluminando hoy la fachada en blanco, rojo y azul","description":"Se conmemora la fundaci\u00f3n de Checoslovaquia como estado independiente, que se dividi\u00f3 en 1993 en la Rep\u00fablica Checa y Eslovaquia","robots":{"index":"index","follow":"follow","max-snippet":"max-snippet:-1","max-image-preview":"max-image-preview:large","max-video-preview":"max-video-preview:-1"},"canonical":"https:\/\/www.laguiadepamplona.com\/actualidad\/el-ayuntamiento-se-une-a-la-fiesta-nacional-de-la-republica-checa-iluminando-hoy-la-fachada-en-blanco-rojo-y-azul\/","og_locale":"es_ES","og_type":"article","og_title":"El Ayuntamiento se une a la fiesta nacional de la Rep\u00fablica Checa iluminando hoy la fachada en blanco, rojo y azul","og_description":"Se conmemora la fundaci\u00f3n de Checoslovaquia como estado independiente, que se dividi\u00f3 en 1993 en la Rep\u00fablica Checa y Eslovaquia","og_url":"https:\/\/www.laguiadepamplona.com\/actualidad\/el-ayuntamiento-se-une-a-la-fiesta-nacional-de-la-republica-checa-iluminando-hoy-la-fachada-en-blanco-rojo-y-azul\/","og_site_name":"La Gu\u00eda de Pamplona","article_publisher":"https:\/\/www.facebook.com\/laguiadepamplonacom-133175176762273\/?ref=hl","article_published_time":"2022-10-27T11:28:04+00:00","article_modified_time":"2023-04-11T09:47:39+00:00","og_image":[{"width":1920,"height":1280,"url":"https:\/\/www.laguiadepamplona.com\/actualidad\/wp-content\/uploads\/2022\/08\/fachadaazulverde7956.webp","type":"image\/webp"}],"author":"La Gu\u00eda de Pamplona","twitter_card":"summary_large_image","twitter_creator":"@LaGuiadPamplona","twitter_site":"@LaGuiadPamplona","twitter_misc":{"Escrito por":"La Gu\u00eda de Pamplona","Tiempo de lectura":"2 minutos"},"schema":{"@context":"https:\/\/schema.org","@graph":[{"@type":"Article","@id":"https:\/\/www.laguiadepamplona.com\/actualidad\/el-ayuntamiento-se-une-a-la-fiesta-nacional-de-la-republica-checa-iluminando-hoy-la-fachada-en-blanco-rojo-y-azul\/#article","isPartOf":{"@id":"https:\/\/www.laguiadepamplona.com\/actualidad\/el-ayuntamiento-se-une-a-la-fiesta-nacional-de-la-republica-checa-iluminando-hoy-la-fachada-en-blanco-rojo-y-azul\/"},"author":{"name":"La Gu\u00eda de Pamplona","@id":"https:\/\/www.laguiadepamplona.com\/actualidad\/#\/schema\/person\/efe887376f0213d4657c93adc50b1fdb"},"headline":"El Ayuntamiento se une a la fiesta nacional de la Rep\u00fablica Checa iluminando hoy la fachada en blanco, rojo y azul","datePublished":"2022-10-27T11:28:04+00:00","dateModified":"2023-04-11T09:47:39+00:00","mainEntityOfPage":{"@id":"https:\/\/www.laguiadepamplona.com\/actualidad\/el-ayuntamiento-se-une-a-la-fiesta-nacional-de-la-republica-checa-iluminando-hoy-la-fachada-en-blanco-rojo-y-azul\/"},"wordCount":270,"commentCount":0,"publisher":{"@id":"https:\/\/www.laguiadepamplona.com\/actualidad\/#organization"},"image":{"@id":"https:\/\/www.laguiadepamplona.com\/actualidad\/el-ayuntamiento-se-une-a-la-fiesta-nacional-de-la-republica-checa-iluminando-hoy-la-fachada-en-blanco-rojo-y-azul\/#primaryimage"},"thumbnailUrl":"https:\/\/www.laguiadepamplona.com\/actualidad\/wp-content\/uploads\/2022\/08\/fachadaazulverde7956.webp","articleSection":["Ayto Pamplona"],"inLanguage":"es","potentialAction":[{"@type":"CommentAction","name":"Comment","target":["https:\/\/www.laguiadepamplona.com\/actualidad\/el-ayuntamiento-se-une-a-la-fiesta-nacional-de-la-republica-checa-iluminando-hoy-la-fachada-en-blanco-rojo-y-azul\/#respond"]}]},{"@type":"WebPage","@id":"https:\/\/www.laguiadepamplona.com\/actualidad\/el-ayuntamiento-se-une-a-la-fiesta-nacional-de-la-republica-checa-iluminando-hoy-la-fachada-en-blanco-rojo-y-azul\/","url":"https:\/\/www.laguiadepamplona.com\/actualidad\/el-ayuntamiento-se-une-a-la-fiesta-nacional-de-la-republica-checa-iluminando-hoy-la-fachada-en-blanco-rojo-y-azul\/","name":"El Ayuntamiento se une a la fiesta nacional de la Rep\u00fablica Checa iluminando hoy la fachada en blanco, rojo y azul","isPartOf":{"@id":"https:\/\/www.laguiadepamplona.com\/actualidad\/#website"},"primaryImageOfPage":{"@id":"https:\/\/www.laguiadepamplona.com\/actualidad\/el-ayuntamiento-se-une-a-la-fiesta-nacional-de-la-republica-checa-iluminando-hoy-la-fachada-en-blanco-rojo-y-azul\/#primaryimage"},"image":{"@id":"https:\/\/www.laguiadepamplona.com\/actualidad\/el-ayuntamiento-se-une-a-la-fiesta-nacional-de-la-republica-checa-iluminando-hoy-la-fachada-en-blanco-rojo-y-azul\/#primaryimage"},"thumbnailUrl":"https:\/\/www.laguiadepamplona.com\/actualidad\/wp-content\/uploads\/2022\/08\/fachadaazulverde7956.webp","datePublished":"2022-10-27T11:28:04+00:00","dateModified":"2023-04-11T09:47:39+00:00","description":"Se conmemora la fundaci\u00f3n de Checoslovaquia como estado independiente, que se dividi\u00f3 en 1993 en la Rep\u00fablica Checa y Eslovaquia","breadcrumb":{"@id":"https:\/\/www.laguiadepamplona.com\/actualidad\/el-ayuntamiento-se-une-a-la-fiesta-nacional-de-la-republica-checa-iluminando-hoy-la-fachada-en-blanco-rojo-y-azul\/#breadcrumb"},"inLanguage":"es","potentialAction":[{"@type":"ReadAction","target":["https:\/\/www.laguiadepamplona.com\/actualidad\/el-ayuntamiento-se-une-a-la-fiesta-nacional-de-la-republica-checa-iluminando-hoy-la-fachada-en-blanco-rojo-y-azul\/"]}]},{"@type":"ImageObject","inLanguage":"es","@id":"https:\/\/www.laguiadepamplona.com\/actualidad\/el-ayuntamiento-se-une-a-la-fiesta-nacional-de-la-republica-checa-iluminando-hoy-la-fachada-en-blanco-rojo-y-azul\/#primaryimage","url":"https:\/\/www.laguiadepamplona.com\/actualidad\/wp-content\/uploads\/2022\/08\/fachadaazulverde7956.webp","contentUrl":"https:\/\/www.laguiadepamplona.com\/actualidad\/wp-content\/uploads\/2022\/08\/fachadaazulverde7956.webp","width":1920,"height":1280},{"@type":"BreadcrumbList","@id":"https:\/\/www.laguiadepamplona.com\/actualidad\/el-ayuntamiento-se-une-a-la-fiesta-nacional-de-la-republica-checa-iluminando-hoy-la-fachada-en-blanco-rojo-y-azul\/#breadcrumb","itemListElement":[{"@type":"ListItem","position":1,"name":"Portada","item":"https:\/\/www.laguiadepamplona.com\/actualidad\/"},{"@type":"ListItem","position":2,"name":"El Ayuntamiento se une a la fiesta nacional de la Rep\u00fablica Checa iluminando hoy la fachada en blanco, rojo y azul"}]},{"@type":"WebSite","@id":"https:\/\/www.laguiadepamplona.com\/actualidad\/#website","url":"https:\/\/www.laguiadepamplona.com\/actualidad\/","name":"La gu\u00eda de Pamplona","description":"Noticias de Pamplona","publisher":{"@id":"https:\/\/www.laguiadepamplona.com\/actualidad\/#organization"},"potentialAction":[{"@type":"SearchAction","target":{"@type":"EntryPoint","urlTemplate":"https:\/\/www.laguiadepamplona.com\/actualidad\/?s={search_term_string}"},"query-input":{"@type":"PropertyValueSpecification","valueRequired":true,"valueName":"search_term_string"}}],"inLanguage":"es"},{"@type":"Organization","@id":"https:\/\/www.laguiadepamplona.com\/actualidad\/#organization","name":"La Gu\u00eda de Pamplona \/ Noticias","url":"https:\/\/www.laguiadepamplona.com\/actualidad\/","logo":{"@type":"ImageObject","inLanguage":"es","@id":"https:\/\/www.laguiadepamplona.com\/actualidad\/#\/schema\/logo\/image\/","url":"https:\/\/www.laguiadepamplona.com\/actualidad\/wp-content\/uploads\/2018\/11\/logo-laguiadepamplona18-web1.png","contentUrl":"https:\/\/www.laguiadepamplona.com\/actualidad\/wp-content\/uploads\/2018\/11\/logo-laguiadepamplona18-web1.png","width":600,"height":196,"caption":"La Gu\u00eda de Pamplona \/ Noticias"},"image":{"@id":"https:\/\/www.laguiadepamplona.com\/actualidad\/#\/schema\/logo\/image\/"},"sameAs":["https:\/\/www.facebook.com\/laguiadepamplonacom-133175176762273\/?ref=hl","https:\/\/x.com\/LaGuiadPamplona","https:\/\/www.instagram.com\/la_guia_de_pamplona\/","https:\/\/www.youtube.com\/user\/laguiadepamplona"]},{"@type":"Person","@id":"https:\/\/www.laguiadepamplona.com\/actualidad\/#\/schema\/person\/efe887376f0213d4657c93adc50b1fdb","name":"La Gu\u00eda de Pamplona","image":{"@type":"ImageObject","inLanguage":"es","@id":"https:\/\/secure.gravatar.com\/avatar\/b6992f131dc8d30ab0dff15446e9d346d9dbd95992de0fef795073f5ea83a81c?s=96&d=mm&r=g","url":"https:\/\/secure.gravatar.com\/avatar\/b6992f131dc8d30ab0dff15446e9d346d9dbd95992de0fef795073f5ea83a81c?s=96&d=mm&r=g","contentUrl":"https:\/\/secure.gravatar.com\/avatar\/b6992f131dc8d30ab0dff15446e9d346d9dbd95992de0fef795073f5ea83a81c?s=96&d=mm&r=g","caption":"La Gu\u00eda de Pamplona"}}]}},"post_mailing_queue_ids":[],"_links":{"self":[{"href":"https:\/\/www.laguiadepamplona.com\/actualidad\/wp-json\/wp\/v2\/posts\/42048","targetHints":{"allow":["GET"]}}],"collection":[{"href":"https:\/\/www.laguiadepamplona.com\/actualidad\/wp-json\/wp\/v2\/posts"}],"about":[{"href":"https:\/\/www.laguiadepamplona.com\/actualidad\/wp-json\/wp\/v2\/types\/post"}],"author":[{"embeddable":true,"href":"https:\/\/www.laguiadepamplona.com\/actualidad\/wp-json\/wp\/v2\/users\/1"}],"replies":[{"embeddable":true,"href":"https:\/\/www.laguiadepamplona.com\/actualidad\/wp-json\/wp\/v2\/comments?post=42048"}],"version-history":[{"count":0,"href":"https:\/\/www.laguiadepamplona.com\/actualidad\/wp-json\/wp\/v2\/posts\/42048\/revisions"}],"wp:featuredmedia":[{"embeddable":true,"href":"https:\/\/www.laguiadepamplona.com\/actualidad\/wp-json\/wp\/v2\/media\/41287"}],"wp:attachment":[{"href":"https:\/\/www.laguiadepamplona.com\/actualidad\/wp-json\/wp\/v2\/media?parent=42048"}],"wp:term":[{"taxonomy":"category","embeddable":true,"href":"https:\/\/www.laguiadepamplona.com\/actualidad\/wp-json\/wp\/v2\/categories?post=42048"},{"taxonomy":"post_tag","embeddable":true,"href":"https:\/\/www.laguiadepamplona.com\/actualidad\/wp-json\/wp\/v2\/tags?post=42048"}],"curies":[{"name":"wp","href":"https:\/\/api.w.org\/{rel}","templated":true}]}}