{"id":42045,"date":"2022-10-27T13:26:06","date_gmt":"2022-10-27T11:26:06","guid":{"rendered":"https:\/\/www.laguiadepamplona.com\/actualidad\/?p=42045"},"modified":"2023-04-11T11:47:39","modified_gmt":"2023-04-11T09:47:39","slug":"el-libro-encuentros-1972-pamplona-una-revision-en-perspectiva-profundiza-en-el-contexto-origen-protagonistas-y-repercusion-de-esta-cita-historica-que-cumple-50-anos","status":"publish","type":"post","link":"https:\/\/www.laguiadepamplona.com\/actualidad\/el-libro-encuentros-1972-pamplona-una-revision-en-perspectiva-profundiza-en-el-contexto-origen-protagonistas-y-repercusion-de-esta-cita-historica-que-cumple-50-anos\/","title":{"rendered":"El libro \u2018Encuentros 1972 Pamplona. Una revisi\u00f3n en perspectiva\u2019 profundiza en el contexto, origen, protagonistas y repercusi\u00f3n de esta cita hist\u00f3rica que cumple 50 a\u00f1os"},"content":{"rendered":"<h5>Su autora, Silvia D. S\u00e1bada, encuadra los Encuentros del 72 en su tiempo y reivindica la importancia de ese evento rupturista e innovador<\/h5>\n<p><!--more--><\/p>\n<p>Fueron concebidos como un festival bienal, como una cita con el arte m\u00e1s rupturista e innovador, como un evento multidisciplinar que llegara tambi\u00e9n a la calle. Los Encuentros de Pamplona de 1972 fueron organizados por la familia Huarte, el Ayuntamiento de Pamplona y la Diputaci\u00f3n Foral de Navarra, del 26 de junio al 3 de julio y reunieron en la ciudad a m\u00e1s de 300 artistas de todo el mundo. Su origen, su contexto, su programa y su incidencia se analizan en el libro \u2018Encuentros 1972 Pamplona. Una revisi\u00f3n en perspectiva\u2019.<br \/>\n<script async src=\"\/\/pagead2.googlesyndication.com\/pagead\/js\/adsbygoogle.js\"><\/script><br \/>\n<!-- Noticias La Guia de Pamplona --><br \/>\n<ins class=\"adsbygoogle\"\nstyle=\"display:block\"\ndata-ad-client=\"ca-pub-6943679897239327\"\ndata-ad-slot=\"7048180777\"\ndata-ad-format=\"auto\"><\/ins><br \/>\n<script>\n(adsbygoogle = window.adsbygoogle || []).push({});\n<\/script><\/p>\n<p>La concejala delegada de Cultura e Igualdad, Mar\u00eda Garc\u00eda-Barberena, la autora del libro, Silvia S\u00e1daba Cipri\u00e1n, y el t\u00e9cnico de Cultura del Ayuntamiento de Pamplona, Jose Luis D\u00edez Garde, han presentado esta ma\u00f1ana la publicaci\u00f3n en el Polvor\u00edn de la Ciudadela. Con los carteles del artista pl\u00e1stico Jos\u00e9 Luis Alexanco, una de las almas de los Encuentros, como marco de la presentaci\u00f3n y la ic\u00f3nica figura del \u2018Espectador de espectadores\u2019, de Equipo Cr\u00f3nica, de testigo, se quiere con este libro reivindicar la aportaci\u00f3n de esa hist\u00f3rica cita cultural y art\u00edstica, anclarlos firmemente en su tiempo y reconocer su importancia ahora que se cumple el quincuag\u00e9simo aniversario de su celebraci\u00f3n.<\/p>\n<p>La publicaci\u00f3n cuenta con m\u00e1s de 200 p\u00e1ginas y se subdivide en ocho apartados, que repasan aspectos como el punto de partida de los Encuentros, la situaci\u00f3n del pa\u00eds en los a\u00f1os 70, el programa de actos, el legado, sus promotores o el contexto internacional de festivales de arte similares. Adem\u00e1s, incluye documentaci\u00f3n bibliogr\u00e1fica, hemerograf\u00eda, menciones a recursos audiovisuales y diferentes anexos con cartas, art\u00edculos o las solicitudes registradas en su d\u00eda para celebrar los Encuentros. Cuenta tambi\u00e9n con seis carteles anunciadores de actos de la programaci\u00f3n en formato desplegable, a modo de homenaje al cat\u00e1logo original de los Encuentros de Pamplona editado por Alea en 1972.<\/p>\n<p>El Ayuntamiento de Pamplona ha editado 400 ejemplares de esta publicaci\u00f3n, que se podr\u00e1n adquirir a partir de la semana que viene en las librer\u00edas. El precio ser\u00e1 de 15 euros, con la idea de poder llegar al m\u00e1ximo de personas interesadas y continuar con la difusi\u00f3n de los Encuentros de Pamplona de 1972<br \/>\n<script async src=\"\/\/pagead2.googlesyndication.com\/pagead\/js\/adsbygoogle.js\"><\/script><br \/>\n<!-- Noticias La Guia de Pamplona --><br \/>\n<ins class=\"adsbygoogle\"\nstyle=\"display:block\"\ndata-ad-client=\"ca-pub-6943679897239327\"\ndata-ad-slot=\"7048180777\"\ndata-ad-format=\"auto\"><\/ins><br \/>\n<script>\n(adsbygoogle = window.adsbygoogle || []).push({});\n<\/script><\/p>\n<p><strong>Tesis doctoral sobre los Encuentros del 72<\/strong><\/p>\n<p>El libro tiene su origen en la tesis doctoral de la autora, dirigida por Francisco Javier Zubiaur y defendida en la Universidad de Navarra en 2013. Unos a\u00f1os antes, cuando Silvia D. S\u00e1bada decidi\u00f3 que los Encuentros de Pamplona de 1972 iban a ser el tema central de su tesis, lo que m\u00e1s le llam\u00f3 la atenci\u00f3n fue la escasez y superficialidad de la informaci\u00f3n que se conoc\u00eda. El contexto de los Encuentros, el mecenazgo de la familia Huarte o la b\u00fasqueda de referentes en otros festivales de caracter\u00edsticas parecidas o presididos por un esp\u00edritu similar centraron su investigaci\u00f3n.<\/p>\n<p>Tanto la tesis como este libro posterior y actualizado abordan la tarea de encuadrarlos en el entorno econ\u00f3mico, pol\u00edtico y social en el que tuvieron lugar, que intervino decisivamente en su devenir. Se recuerdan, asimismo, las condiciones hist\u00f3rico\u2013culturales concretas del pa\u00eds en el que se desarrollaron, los objetivos de su organizaci\u00f3n, las fuentes de las que se bebi\u00f3 para idear el evento y el poso que dejaron respecto al arte local, nacional e internacional.<\/p>\n<p>Cincuenta a\u00f1os despu\u00e9s de los Encuentros de Pamplona de 1972, su estudio y reconocimientos posteriores han ido creciendo y recogiendo la importancia de una cita art\u00edstica y cultural de vanguardia. Unos Encuentros del 72 que pasaron del abandono del proyecto en los mismos a\u00f1os 70, pues se ide\u00f3 como cita bienal y no hubo m\u00e1s que una edici\u00f3n, a la celebraci\u00f3n en este 2022 de su aniversario con un variado programa organizado tanto por el Ayuntamiento de Pamplona como por el Gobierno de Navarra, pasando por la exposici\u00f3n itinerante en el Museo Nacional Centro de Arte Reina Sof\u00eda y en diferentes salas navarras organizada en 2009.<br \/>\n<script async src=\"\/\/pagead2.googlesyndication.com\/pagead\/js\/adsbygoogle.js\"><\/script><br \/>\n<!-- Noticias La Guia de Pamplona --><br \/>\n<ins class=\"adsbygoogle\"\nstyle=\"display:block\"\ndata-ad-client=\"ca-pub-6943679897239327\"\ndata-ad-slot=\"7048180777\"\ndata-ad-format=\"auto\"><\/ins><br \/>\n<script>\n(adsbygoogle = window.adsbygoogle || []).push({});\n<\/script><\/p>\n<p><strong>Sobre la autora<\/strong><\/p>\n<p>Silvia D. S\u00e1bada (Pamplona, 1980) es licenciada es Historia del Arte por la Universidad del Pa\u00eds Vasco y doctora en Historia del Arte por la Universidad de Navarra. Complet\u00f3 su formaci\u00f3n con cursos de tasaci\u00f3n y mercados del arte, desarrollando su carrera profesional en galer\u00edas y museos de arte contempor\u00e1neo como Artium Museoa, de Vitoria, o en el Museo Gustavo de Maeztu. Ha participado en grupos de investigaci\u00f3n y ha publicado art\u00edculos sobre temas de arte, labor que ha compaginado con el comisariado de exposiciones y la docencia. Este a\u00f1o, con motivo del aniversario de los Encuentros de Pamplona, S\u00e1daba ha comisariado en el Museo de Navarra la exposici\u00f3n \u201950 a\u00f1os despu\u00e9s. Inmersi\u00f3n en los Encuentros de Pamplona 1972\u2019, que permanecer\u00e1 abierta hasta el 26 de febrero.<\/p>\n<p>En 2017 fue comisaria, junto a Mikel Calvo, del proyecto \u2018Lecturas naturales de la colecci\u00f3n municipal\u2019, seleccionado por el Ayuntamiento de Pamplona en la convocatoria Re-visiones\/Nuevas miradas a la Colecci\u00f3n de Arte Contempor\u00e1neo dirigida a j\u00f3venes comisarios y comisarias.\u00a0\u2018Lecturas naturales de la colecci\u00f3n municipal\u2019 era un recorrido por la relaci\u00f3n del ser humano con el mundo natural a lo largo de la historia, a trav\u00e9s de obras de la Colecci\u00f3n de Arte Contempor\u00e1neo del propio Ayuntamiento.<\/p>\n","protected":false},"excerpt":{"rendered":"<p>Su autora, Silvia D. S\u00e1bada, encuadra los Encuentros del 72 en su tiempo y reivindica la importancia de ese evento rupturista e innovador<\/p>\n","protected":false},"author":1,"featured_media":42046,"comment_status":"open","ping_status":"closed","sticky":false,"template":"","format":"standard","meta":{"footnotes":""},"categories":[2],"tags":[],"class_list":["post-42045","post","type-post","status-publish","format-standard","has-post-thumbnail","hentry","category-ayuntamiento-pamplona"],"yoast_head":"<!-- This site is optimized with the Yoast SEO plugin v27.3 - https:\/\/yoast.com\/product\/yoast-seo-wordpress\/ -->\n<title>El libro \u2018Encuentros 1972 Pamplona. Una revisi\u00f3n en perspectiva\u2019 profundiza en el contexto, origen, protagonistas y repercusi\u00f3n de esta cita hist\u00f3rica que cumple 50 a\u00f1os<\/title>\n<meta name=\"description\" content=\"Su autora, Silvia D. S\u00e1bada, encuadra los Encuentros del 72 en su tiempo y reivindica la importancia de ese evento rupturista e innovador\" \/>\n<meta name=\"robots\" content=\"index, follow, max-snippet:-1, max-image-preview:large, max-video-preview:-1\" \/>\n<link rel=\"canonical\" href=\"https:\/\/www.laguiadepamplona.com\/actualidad\/el-libro-encuentros-1972-pamplona-una-revision-en-perspectiva-profundiza-en-el-contexto-origen-protagonistas-y-repercusion-de-esta-cita-historica-que-cumple-50-anos\/\" \/>\n<meta property=\"og:locale\" content=\"es_ES\" \/>\n<meta property=\"og:type\" content=\"article\" \/>\n<meta property=\"og:title\" content=\"El libro \u2018Encuentros 1972 Pamplona. Una revisi\u00f3n en perspectiva\u2019 profundiza en el contexto, origen, protagonistas y repercusi\u00f3n de esta cita hist\u00f3rica que cumple 50 a\u00f1os\" \/>\n<meta property=\"og:description\" content=\"Su autora, Silvia D. S\u00e1bada, encuadra los Encuentros del 72 en su tiempo y reivindica la importancia de ese evento rupturista e innovador\" \/>\n<meta property=\"og:url\" content=\"https:\/\/www.laguiadepamplona.com\/actualidad\/el-libro-encuentros-1972-pamplona-una-revision-en-perspectiva-profundiza-en-el-contexto-origen-protagonistas-y-repercusion-de-esta-cita-historica-que-cumple-50-anos\/\" \/>\n<meta property=\"og:site_name\" content=\"La Gu\u00eda de Pamplona\" \/>\n<meta property=\"article:publisher\" content=\"https:\/\/www.facebook.com\/laguiadepamplonacom-133175176762273\/?ref=hl\" \/>\n<meta property=\"article:published_time\" content=\"2022-10-27T11:26:06+00:00\" \/>\n<meta property=\"article:modified_time\" content=\"2023-04-11T09:47:39+00:00\" \/>\n<meta property=\"og:image\" content=\"https:\/\/www.laguiadepamplona.com\/actualidad\/wp-content\/uploads\/2022\/10\/encuentros724.jpeg\" \/>\n\t<meta property=\"og:image:width\" content=\"446\" \/>\n\t<meta property=\"og:image:height\" content=\"300\" \/>\n\t<meta property=\"og:image:type\" content=\"image\/jpeg\" \/>\n<meta name=\"author\" content=\"La Gu\u00eda de Pamplona\" \/>\n<meta name=\"twitter:card\" content=\"summary_large_image\" \/>\n<meta name=\"twitter:creator\" content=\"@LaGuiadPamplona\" \/>\n<meta name=\"twitter:site\" content=\"@LaGuiadPamplona\" \/>\n<meta name=\"twitter:label1\" content=\"Escrito por\" \/>\n\t<meta name=\"twitter:data1\" content=\"La Gu\u00eda de Pamplona\" \/>\n\t<meta name=\"twitter:label2\" content=\"Tiempo de lectura\" \/>\n\t<meta name=\"twitter:data2\" content=\"5 minutos\" \/>\n<script type=\"application\/ld+json\" class=\"yoast-schema-graph\">{\"@context\":\"https:\\\/\\\/schema.org\",\"@graph\":[{\"@type\":\"Article\",\"@id\":\"https:\\\/\\\/www.laguiadepamplona.com\\\/actualidad\\\/el-libro-encuentros-1972-pamplona-una-revision-en-perspectiva-profundiza-en-el-contexto-origen-protagonistas-y-repercusion-de-esta-cita-historica-que-cumple-50-anos\\\/#article\",\"isPartOf\":{\"@id\":\"https:\\\/\\\/www.laguiadepamplona.com\\\/actualidad\\\/el-libro-encuentros-1972-pamplona-una-revision-en-perspectiva-profundiza-en-el-contexto-origen-protagonistas-y-repercusion-de-esta-cita-historica-que-cumple-50-anos\\\/\"},\"author\":{\"name\":\"La Gu\u00eda de Pamplona\",\"@id\":\"https:\\\/\\\/www.laguiadepamplona.com\\\/actualidad\\\/#\\\/schema\\\/person\\\/efe887376f0213d4657c93adc50b1fdb\"},\"headline\":\"El libro \u2018Encuentros 1972 Pamplona. Una revisi\u00f3n en perspectiva\u2019 profundiza en el contexto, origen, protagonistas y repercusi\u00f3n de esta cita hist\u00f3rica que cumple 50 a\u00f1os\",\"datePublished\":\"2022-10-27T11:26:06+00:00\",\"dateModified\":\"2023-04-11T09:47:39+00:00\",\"mainEntityOfPage\":{\"@id\":\"https:\\\/\\\/www.laguiadepamplona.com\\\/actualidad\\\/el-libro-encuentros-1972-pamplona-una-revision-en-perspectiva-profundiza-en-el-contexto-origen-protagonistas-y-repercusion-de-esta-cita-historica-que-cumple-50-anos\\\/\"},\"wordCount\":972,\"commentCount\":0,\"publisher\":{\"@id\":\"https:\\\/\\\/www.laguiadepamplona.com\\\/actualidad\\\/#organization\"},\"image\":{\"@id\":\"https:\\\/\\\/www.laguiadepamplona.com\\\/actualidad\\\/el-libro-encuentros-1972-pamplona-una-revision-en-perspectiva-profundiza-en-el-contexto-origen-protagonistas-y-repercusion-de-esta-cita-historica-que-cumple-50-anos\\\/#primaryimage\"},\"thumbnailUrl\":\"https:\\\/\\\/www.laguiadepamplona.com\\\/actualidad\\\/wp-content\\\/uploads\\\/2022\\\/10\\\/encuentros724.jpeg\",\"articleSection\":[\"Ayto Pamplona\"],\"inLanguage\":\"es\",\"potentialAction\":[{\"@type\":\"CommentAction\",\"name\":\"Comment\",\"target\":[\"https:\\\/\\\/www.laguiadepamplona.com\\\/actualidad\\\/el-libro-encuentros-1972-pamplona-una-revision-en-perspectiva-profundiza-en-el-contexto-origen-protagonistas-y-repercusion-de-esta-cita-historica-que-cumple-50-anos\\\/#respond\"]}]},{\"@type\":\"WebPage\",\"@id\":\"https:\\\/\\\/www.laguiadepamplona.com\\\/actualidad\\\/el-libro-encuentros-1972-pamplona-una-revision-en-perspectiva-profundiza-en-el-contexto-origen-protagonistas-y-repercusion-de-esta-cita-historica-que-cumple-50-anos\\\/\",\"url\":\"https:\\\/\\\/www.laguiadepamplona.com\\\/actualidad\\\/el-libro-encuentros-1972-pamplona-una-revision-en-perspectiva-profundiza-en-el-contexto-origen-protagonistas-y-repercusion-de-esta-cita-historica-que-cumple-50-anos\\\/\",\"name\":\"El libro \u2018Encuentros 1972 Pamplona. Una revisi\u00f3n en perspectiva\u2019 profundiza en el contexto, origen, protagonistas y repercusi\u00f3n de esta cita hist\u00f3rica que cumple 50 a\u00f1os\",\"isPartOf\":{\"@id\":\"https:\\\/\\\/www.laguiadepamplona.com\\\/actualidad\\\/#website\"},\"primaryImageOfPage\":{\"@id\":\"https:\\\/\\\/www.laguiadepamplona.com\\\/actualidad\\\/el-libro-encuentros-1972-pamplona-una-revision-en-perspectiva-profundiza-en-el-contexto-origen-protagonistas-y-repercusion-de-esta-cita-historica-que-cumple-50-anos\\\/#primaryimage\"},\"image\":{\"@id\":\"https:\\\/\\\/www.laguiadepamplona.com\\\/actualidad\\\/el-libro-encuentros-1972-pamplona-una-revision-en-perspectiva-profundiza-en-el-contexto-origen-protagonistas-y-repercusion-de-esta-cita-historica-que-cumple-50-anos\\\/#primaryimage\"},\"thumbnailUrl\":\"https:\\\/\\\/www.laguiadepamplona.com\\\/actualidad\\\/wp-content\\\/uploads\\\/2022\\\/10\\\/encuentros724.jpeg\",\"datePublished\":\"2022-10-27T11:26:06+00:00\",\"dateModified\":\"2023-04-11T09:47:39+00:00\",\"description\":\"Su autora, Silvia D. S\u00e1bada, encuadra los Encuentros del 72 en su tiempo y reivindica la importancia de ese evento rupturista e innovador\",\"breadcrumb\":{\"@id\":\"https:\\\/\\\/www.laguiadepamplona.com\\\/actualidad\\\/el-libro-encuentros-1972-pamplona-una-revision-en-perspectiva-profundiza-en-el-contexto-origen-protagonistas-y-repercusion-de-esta-cita-historica-que-cumple-50-anos\\\/#breadcrumb\"},\"inLanguage\":\"es\",\"potentialAction\":[{\"@type\":\"ReadAction\",\"target\":[\"https:\\\/\\\/www.laguiadepamplona.com\\\/actualidad\\\/el-libro-encuentros-1972-pamplona-una-revision-en-perspectiva-profundiza-en-el-contexto-origen-protagonistas-y-repercusion-de-esta-cita-historica-que-cumple-50-anos\\\/\"]}]},{\"@type\":\"ImageObject\",\"inLanguage\":\"es\",\"@id\":\"https:\\\/\\\/www.laguiadepamplona.com\\\/actualidad\\\/el-libro-encuentros-1972-pamplona-una-revision-en-perspectiva-profundiza-en-el-contexto-origen-protagonistas-y-repercusion-de-esta-cita-historica-que-cumple-50-anos\\\/#primaryimage\",\"url\":\"https:\\\/\\\/www.laguiadepamplona.com\\\/actualidad\\\/wp-content\\\/uploads\\\/2022\\\/10\\\/encuentros724.jpeg\",\"contentUrl\":\"https:\\\/\\\/www.laguiadepamplona.com\\\/actualidad\\\/wp-content\\\/uploads\\\/2022\\\/10\\\/encuentros724.jpeg\",\"width\":446,\"height\":300},{\"@type\":\"BreadcrumbList\",\"@id\":\"https:\\\/\\\/www.laguiadepamplona.com\\\/actualidad\\\/el-libro-encuentros-1972-pamplona-una-revision-en-perspectiva-profundiza-en-el-contexto-origen-protagonistas-y-repercusion-de-esta-cita-historica-que-cumple-50-anos\\\/#breadcrumb\",\"itemListElement\":[{\"@type\":\"ListItem\",\"position\":1,\"name\":\"Portada\",\"item\":\"https:\\\/\\\/www.laguiadepamplona.com\\\/actualidad\\\/\"},{\"@type\":\"ListItem\",\"position\":2,\"name\":\"El libro \u2018Encuentros 1972 Pamplona. Una revisi\u00f3n en perspectiva\u2019 profundiza en el contexto, origen, protagonistas y repercusi\u00f3n de esta cita hist\u00f3rica que cumple 50 a\u00f1os\"}]},{\"@type\":\"WebSite\",\"@id\":\"https:\\\/\\\/www.laguiadepamplona.com\\\/actualidad\\\/#website\",\"url\":\"https:\\\/\\\/www.laguiadepamplona.com\\\/actualidad\\\/\",\"name\":\"La gu\u00eda de Pamplona\",\"description\":\"Noticias de Pamplona\",\"publisher\":{\"@id\":\"https:\\\/\\\/www.laguiadepamplona.com\\\/actualidad\\\/#organization\"},\"potentialAction\":[{\"@type\":\"SearchAction\",\"target\":{\"@type\":\"EntryPoint\",\"urlTemplate\":\"https:\\\/\\\/www.laguiadepamplona.com\\\/actualidad\\\/?s={search_term_string}\"},\"query-input\":{\"@type\":\"PropertyValueSpecification\",\"valueRequired\":true,\"valueName\":\"search_term_string\"}}],\"inLanguage\":\"es\"},{\"@type\":\"Organization\",\"@id\":\"https:\\\/\\\/www.laguiadepamplona.com\\\/actualidad\\\/#organization\",\"name\":\"La Gu\u00eda de Pamplona \\\/ Noticias\",\"url\":\"https:\\\/\\\/www.laguiadepamplona.com\\\/actualidad\\\/\",\"logo\":{\"@type\":\"ImageObject\",\"inLanguage\":\"es\",\"@id\":\"https:\\\/\\\/www.laguiadepamplona.com\\\/actualidad\\\/#\\\/schema\\\/logo\\\/image\\\/\",\"url\":\"https:\\\/\\\/www.laguiadepamplona.com\\\/actualidad\\\/wp-content\\\/uploads\\\/2018\\\/11\\\/logo-laguiadepamplona18-web1.png\",\"contentUrl\":\"https:\\\/\\\/www.laguiadepamplona.com\\\/actualidad\\\/wp-content\\\/uploads\\\/2018\\\/11\\\/logo-laguiadepamplona18-web1.png\",\"width\":600,\"height\":196,\"caption\":\"La Gu\u00eda de Pamplona \\\/ Noticias\"},\"image\":{\"@id\":\"https:\\\/\\\/www.laguiadepamplona.com\\\/actualidad\\\/#\\\/schema\\\/logo\\\/image\\\/\"},\"sameAs\":[\"https:\\\/\\\/www.facebook.com\\\/laguiadepamplonacom-133175176762273\\\/?ref=hl\",\"https:\\\/\\\/x.com\\\/LaGuiadPamplona\",\"https:\\\/\\\/www.instagram.com\\\/la_guia_de_pamplona\\\/\",\"https:\\\/\\\/www.youtube.com\\\/user\\\/laguiadepamplona\"]},{\"@type\":\"Person\",\"@id\":\"https:\\\/\\\/www.laguiadepamplona.com\\\/actualidad\\\/#\\\/schema\\\/person\\\/efe887376f0213d4657c93adc50b1fdb\",\"name\":\"La Gu\u00eda de Pamplona\",\"image\":{\"@type\":\"ImageObject\",\"inLanguage\":\"es\",\"@id\":\"https:\\\/\\\/secure.gravatar.com\\\/avatar\\\/b6992f131dc8d30ab0dff15446e9d346d9dbd95992de0fef795073f5ea83a81c?s=96&d=mm&r=g\",\"url\":\"https:\\\/\\\/secure.gravatar.com\\\/avatar\\\/b6992f131dc8d30ab0dff15446e9d346d9dbd95992de0fef795073f5ea83a81c?s=96&d=mm&r=g\",\"contentUrl\":\"https:\\\/\\\/secure.gravatar.com\\\/avatar\\\/b6992f131dc8d30ab0dff15446e9d346d9dbd95992de0fef795073f5ea83a81c?s=96&d=mm&r=g\",\"caption\":\"La Gu\u00eda de Pamplona\"}}]}<\/script>\n<!-- \/ Yoast SEO plugin. -->","yoast_head_json":{"title":"El libro \u2018Encuentros 1972 Pamplona. Una revisi\u00f3n en perspectiva\u2019 profundiza en el contexto, origen, protagonistas y repercusi\u00f3n de esta cita hist\u00f3rica que cumple 50 a\u00f1os","description":"Su autora, Silvia D. S\u00e1bada, encuadra los Encuentros del 72 en su tiempo y reivindica la importancia de ese evento rupturista e innovador","robots":{"index":"index","follow":"follow","max-snippet":"max-snippet:-1","max-image-preview":"max-image-preview:large","max-video-preview":"max-video-preview:-1"},"canonical":"https:\/\/www.laguiadepamplona.com\/actualidad\/el-libro-encuentros-1972-pamplona-una-revision-en-perspectiva-profundiza-en-el-contexto-origen-protagonistas-y-repercusion-de-esta-cita-historica-que-cumple-50-anos\/","og_locale":"es_ES","og_type":"article","og_title":"El libro \u2018Encuentros 1972 Pamplona. Una revisi\u00f3n en perspectiva\u2019 profundiza en el contexto, origen, protagonistas y repercusi\u00f3n de esta cita hist\u00f3rica que cumple 50 a\u00f1os","og_description":"Su autora, Silvia D. S\u00e1bada, encuadra los Encuentros del 72 en su tiempo y reivindica la importancia de ese evento rupturista e innovador","og_url":"https:\/\/www.laguiadepamplona.com\/actualidad\/el-libro-encuentros-1972-pamplona-una-revision-en-perspectiva-profundiza-en-el-contexto-origen-protagonistas-y-repercusion-de-esta-cita-historica-que-cumple-50-anos\/","og_site_name":"La Gu\u00eda de Pamplona","article_publisher":"https:\/\/www.facebook.com\/laguiadepamplonacom-133175176762273\/?ref=hl","article_published_time":"2022-10-27T11:26:06+00:00","article_modified_time":"2023-04-11T09:47:39+00:00","og_image":[{"width":446,"height":300,"url":"https:\/\/www.laguiadepamplona.com\/actualidad\/wp-content\/uploads\/2022\/10\/encuentros724.jpeg","type":"image\/jpeg"}],"author":"La Gu\u00eda de Pamplona","twitter_card":"summary_large_image","twitter_creator":"@LaGuiadPamplona","twitter_site":"@LaGuiadPamplona","twitter_misc":{"Escrito por":"La Gu\u00eda de Pamplona","Tiempo de lectura":"5 minutos"},"schema":{"@context":"https:\/\/schema.org","@graph":[{"@type":"Article","@id":"https:\/\/www.laguiadepamplona.com\/actualidad\/el-libro-encuentros-1972-pamplona-una-revision-en-perspectiva-profundiza-en-el-contexto-origen-protagonistas-y-repercusion-de-esta-cita-historica-que-cumple-50-anos\/#article","isPartOf":{"@id":"https:\/\/www.laguiadepamplona.com\/actualidad\/el-libro-encuentros-1972-pamplona-una-revision-en-perspectiva-profundiza-en-el-contexto-origen-protagonistas-y-repercusion-de-esta-cita-historica-que-cumple-50-anos\/"},"author":{"name":"La Gu\u00eda de Pamplona","@id":"https:\/\/www.laguiadepamplona.com\/actualidad\/#\/schema\/person\/efe887376f0213d4657c93adc50b1fdb"},"headline":"El libro \u2018Encuentros 1972 Pamplona. Una revisi\u00f3n en perspectiva\u2019 profundiza en el contexto, origen, protagonistas y repercusi\u00f3n de esta cita hist\u00f3rica que cumple 50 a\u00f1os","datePublished":"2022-10-27T11:26:06+00:00","dateModified":"2023-04-11T09:47:39+00:00","mainEntityOfPage":{"@id":"https:\/\/www.laguiadepamplona.com\/actualidad\/el-libro-encuentros-1972-pamplona-una-revision-en-perspectiva-profundiza-en-el-contexto-origen-protagonistas-y-repercusion-de-esta-cita-historica-que-cumple-50-anos\/"},"wordCount":972,"commentCount":0,"publisher":{"@id":"https:\/\/www.laguiadepamplona.com\/actualidad\/#organization"},"image":{"@id":"https:\/\/www.laguiadepamplona.com\/actualidad\/el-libro-encuentros-1972-pamplona-una-revision-en-perspectiva-profundiza-en-el-contexto-origen-protagonistas-y-repercusion-de-esta-cita-historica-que-cumple-50-anos\/#primaryimage"},"thumbnailUrl":"https:\/\/www.laguiadepamplona.com\/actualidad\/wp-content\/uploads\/2022\/10\/encuentros724.jpeg","articleSection":["Ayto Pamplona"],"inLanguage":"es","potentialAction":[{"@type":"CommentAction","name":"Comment","target":["https:\/\/www.laguiadepamplona.com\/actualidad\/el-libro-encuentros-1972-pamplona-una-revision-en-perspectiva-profundiza-en-el-contexto-origen-protagonistas-y-repercusion-de-esta-cita-historica-que-cumple-50-anos\/#respond"]}]},{"@type":"WebPage","@id":"https:\/\/www.laguiadepamplona.com\/actualidad\/el-libro-encuentros-1972-pamplona-una-revision-en-perspectiva-profundiza-en-el-contexto-origen-protagonistas-y-repercusion-de-esta-cita-historica-que-cumple-50-anos\/","url":"https:\/\/www.laguiadepamplona.com\/actualidad\/el-libro-encuentros-1972-pamplona-una-revision-en-perspectiva-profundiza-en-el-contexto-origen-protagonistas-y-repercusion-de-esta-cita-historica-que-cumple-50-anos\/","name":"El libro \u2018Encuentros 1972 Pamplona. Una revisi\u00f3n en perspectiva\u2019 profundiza en el contexto, origen, protagonistas y repercusi\u00f3n de esta cita hist\u00f3rica que cumple 50 a\u00f1os","isPartOf":{"@id":"https:\/\/www.laguiadepamplona.com\/actualidad\/#website"},"primaryImageOfPage":{"@id":"https:\/\/www.laguiadepamplona.com\/actualidad\/el-libro-encuentros-1972-pamplona-una-revision-en-perspectiva-profundiza-en-el-contexto-origen-protagonistas-y-repercusion-de-esta-cita-historica-que-cumple-50-anos\/#primaryimage"},"image":{"@id":"https:\/\/www.laguiadepamplona.com\/actualidad\/el-libro-encuentros-1972-pamplona-una-revision-en-perspectiva-profundiza-en-el-contexto-origen-protagonistas-y-repercusion-de-esta-cita-historica-que-cumple-50-anos\/#primaryimage"},"thumbnailUrl":"https:\/\/www.laguiadepamplona.com\/actualidad\/wp-content\/uploads\/2022\/10\/encuentros724.jpeg","datePublished":"2022-10-27T11:26:06+00:00","dateModified":"2023-04-11T09:47:39+00:00","description":"Su autora, Silvia D. S\u00e1bada, encuadra los Encuentros del 72 en su tiempo y reivindica la importancia de ese evento rupturista e innovador","breadcrumb":{"@id":"https:\/\/www.laguiadepamplona.com\/actualidad\/el-libro-encuentros-1972-pamplona-una-revision-en-perspectiva-profundiza-en-el-contexto-origen-protagonistas-y-repercusion-de-esta-cita-historica-que-cumple-50-anos\/#breadcrumb"},"inLanguage":"es","potentialAction":[{"@type":"ReadAction","target":["https:\/\/www.laguiadepamplona.com\/actualidad\/el-libro-encuentros-1972-pamplona-una-revision-en-perspectiva-profundiza-en-el-contexto-origen-protagonistas-y-repercusion-de-esta-cita-historica-que-cumple-50-anos\/"]}]},{"@type":"ImageObject","inLanguage":"es","@id":"https:\/\/www.laguiadepamplona.com\/actualidad\/el-libro-encuentros-1972-pamplona-una-revision-en-perspectiva-profundiza-en-el-contexto-origen-protagonistas-y-repercusion-de-esta-cita-historica-que-cumple-50-anos\/#primaryimage","url":"https:\/\/www.laguiadepamplona.com\/actualidad\/wp-content\/uploads\/2022\/10\/encuentros724.jpeg","contentUrl":"https:\/\/www.laguiadepamplona.com\/actualidad\/wp-content\/uploads\/2022\/10\/encuentros724.jpeg","width":446,"height":300},{"@type":"BreadcrumbList","@id":"https:\/\/www.laguiadepamplona.com\/actualidad\/el-libro-encuentros-1972-pamplona-una-revision-en-perspectiva-profundiza-en-el-contexto-origen-protagonistas-y-repercusion-de-esta-cita-historica-que-cumple-50-anos\/#breadcrumb","itemListElement":[{"@type":"ListItem","position":1,"name":"Portada","item":"https:\/\/www.laguiadepamplona.com\/actualidad\/"},{"@type":"ListItem","position":2,"name":"El libro \u2018Encuentros 1972 Pamplona. Una revisi\u00f3n en perspectiva\u2019 profundiza en el contexto, origen, protagonistas y repercusi\u00f3n de esta cita hist\u00f3rica que cumple 50 a\u00f1os"}]},{"@type":"WebSite","@id":"https:\/\/www.laguiadepamplona.com\/actualidad\/#website","url":"https:\/\/www.laguiadepamplona.com\/actualidad\/","name":"La gu\u00eda de Pamplona","description":"Noticias de Pamplona","publisher":{"@id":"https:\/\/www.laguiadepamplona.com\/actualidad\/#organization"},"potentialAction":[{"@type":"SearchAction","target":{"@type":"EntryPoint","urlTemplate":"https:\/\/www.laguiadepamplona.com\/actualidad\/?s={search_term_string}"},"query-input":{"@type":"PropertyValueSpecification","valueRequired":true,"valueName":"search_term_string"}}],"inLanguage":"es"},{"@type":"Organization","@id":"https:\/\/www.laguiadepamplona.com\/actualidad\/#organization","name":"La Gu\u00eda de Pamplona \/ Noticias","url":"https:\/\/www.laguiadepamplona.com\/actualidad\/","logo":{"@type":"ImageObject","inLanguage":"es","@id":"https:\/\/www.laguiadepamplona.com\/actualidad\/#\/schema\/logo\/image\/","url":"https:\/\/www.laguiadepamplona.com\/actualidad\/wp-content\/uploads\/2018\/11\/logo-laguiadepamplona18-web1.png","contentUrl":"https:\/\/www.laguiadepamplona.com\/actualidad\/wp-content\/uploads\/2018\/11\/logo-laguiadepamplona18-web1.png","width":600,"height":196,"caption":"La Gu\u00eda de Pamplona \/ Noticias"},"image":{"@id":"https:\/\/www.laguiadepamplona.com\/actualidad\/#\/schema\/logo\/image\/"},"sameAs":["https:\/\/www.facebook.com\/laguiadepamplonacom-133175176762273\/?ref=hl","https:\/\/x.com\/LaGuiadPamplona","https:\/\/www.instagram.com\/la_guia_de_pamplona\/","https:\/\/www.youtube.com\/user\/laguiadepamplona"]},{"@type":"Person","@id":"https:\/\/www.laguiadepamplona.com\/actualidad\/#\/schema\/person\/efe887376f0213d4657c93adc50b1fdb","name":"La Gu\u00eda de Pamplona","image":{"@type":"ImageObject","inLanguage":"es","@id":"https:\/\/secure.gravatar.com\/avatar\/b6992f131dc8d30ab0dff15446e9d346d9dbd95992de0fef795073f5ea83a81c?s=96&d=mm&r=g","url":"https:\/\/secure.gravatar.com\/avatar\/b6992f131dc8d30ab0dff15446e9d346d9dbd95992de0fef795073f5ea83a81c?s=96&d=mm&r=g","contentUrl":"https:\/\/secure.gravatar.com\/avatar\/b6992f131dc8d30ab0dff15446e9d346d9dbd95992de0fef795073f5ea83a81c?s=96&d=mm&r=g","caption":"La Gu\u00eda de Pamplona"}}]}},"post_mailing_queue_ids":[],"_links":{"self":[{"href":"https:\/\/www.laguiadepamplona.com\/actualidad\/wp-json\/wp\/v2\/posts\/42045","targetHints":{"allow":["GET"]}}],"collection":[{"href":"https:\/\/www.laguiadepamplona.com\/actualidad\/wp-json\/wp\/v2\/posts"}],"about":[{"href":"https:\/\/www.laguiadepamplona.com\/actualidad\/wp-json\/wp\/v2\/types\/post"}],"author":[{"embeddable":true,"href":"https:\/\/www.laguiadepamplona.com\/actualidad\/wp-json\/wp\/v2\/users\/1"}],"replies":[{"embeddable":true,"href":"https:\/\/www.laguiadepamplona.com\/actualidad\/wp-json\/wp\/v2\/comments?post=42045"}],"version-history":[{"count":0,"href":"https:\/\/www.laguiadepamplona.com\/actualidad\/wp-json\/wp\/v2\/posts\/42045\/revisions"}],"wp:featuredmedia":[{"embeddable":true,"href":"https:\/\/www.laguiadepamplona.com\/actualidad\/wp-json\/wp\/v2\/media\/42046"}],"wp:attachment":[{"href":"https:\/\/www.laguiadepamplona.com\/actualidad\/wp-json\/wp\/v2\/media?parent=42045"}],"wp:term":[{"taxonomy":"category","embeddable":true,"href":"https:\/\/www.laguiadepamplona.com\/actualidad\/wp-json\/wp\/v2\/categories?post=42045"},{"taxonomy":"post_tag","embeddable":true,"href":"https:\/\/www.laguiadepamplona.com\/actualidad\/wp-json\/wp\/v2\/tags?post=42045"}],"curies":[{"name":"wp","href":"https:\/\/api.w.org\/{rel}","templated":true}]}}