{"id":42042,"date":"2022-10-26T17:48:53","date_gmt":"2022-10-26T15:48:53","guid":{"rendered":"https:\/\/www.laguiadepamplona.com\/actualidad\/?p=42042"},"modified":"2023-04-11T11:47:39","modified_gmt":"2023-04-11T09:47:39","slug":"escuelas-infantiles-contratara-una-mutua-para-la-gestion-de-las-contingencias-profesionales-del-personal-del-organismo-autonomo","status":"publish","type":"post","link":"https:\/\/www.laguiadepamplona.com\/actualidad\/escuelas-infantiles-contratara-una-mutua-para-la-gestion-de-las-contingencias-profesionales-del-personal-del-organismo-autonomo\/","title":{"rendered":"Escuelas Infantiles contratar\u00e1 una mutua para la gesti\u00f3n de las contingencias profesionales del personal del organismo aut\u00f3nomo"},"content":{"rendered":"<h5>La cuant\u00eda del contrato es de 121.974 euros anuales y se gestionar\u00e1 a trav\u00e9s de un convenio con la entidad adjudicataria<\/h5>\n<p><!--more--><\/p>\n<p>La Junta de Gobierno del organismo aut\u00f3nomo Escuelas Infantiles Municipales ha aprobado la licitaci\u00f3n de un contrato para la gesti\u00f3n de las contingencias profesionales de su personal con una mutua colaboradora de la Seguridad Social. Al igual que hizo el Ayuntamiento de Pamplona el pasado 1 de julio, el organismo aut\u00f3nomo apuesta por la gesti\u00f3n de una mutua en lugar de por la propia Seguridad Social como hasta ahora. El presupuesto del contrato asciende a 121.974 euros para 2023, con opci\u00f3n a cuatro pr\u00f3rrogas anuales m\u00e1s.<br \/>\n<script async src=\"\/\/pagead2.googlesyndication.com\/pagead\/js\/adsbygoogle.js\"><\/script><br \/>\n<!-- Noticias La Guia de Pamplona --><br \/>\n<ins class=\"adsbygoogle\"\nstyle=\"display:block\"\ndata-ad-client=\"ca-pub-6943679897239327\"\ndata-ad-slot=\"7048180777\"\ndata-ad-format=\"auto\"><\/ins><br \/>\n<script>\n(adsbygoogle = window.adsbygoogle || []).push({});\n<\/script><\/p>\n<p>El contrato busca la selecci\u00f3n de una Mutua de Accidentes de Trabajo y Enfermedades Profesionales como entidad colaboradora en la gesti\u00f3n de la Seguridad Social para su asociaci\u00f3n con el organismo aut\u00f3nomo de Escuelas Infantiles Municipales a trav\u00e9s de la formalizaci\u00f3n del correspondiente convenio. Ese convenio afectar\u00e1 a todo el personal funcionario y laboral del organismo aut\u00f3nomo acogido al sistema de la Seguridad Social.<\/p>\n<p>Son mutuas colaboradoras con la Seguridad Social las asociaciones privadas de empresarios constituidas mediante autorizaci\u00f3n del Ministerio de Empleo y Seguridad Social e inscripci\u00f3n especial dependiente de este, que tienen por finalidad colaborar en la gesti\u00f3n de la Seguridad Social, bajo la direcci\u00f3n y tutela del mismo, sin \u00e1nimo de lucro y asumiendo sus asociados responsabilidad mancomunada en los supuestos y con el alcance establecidos en la ley.<br \/>\n<script async src=\"\/\/pagead2.googlesyndication.com\/pagead\/js\/adsbygoogle.js\"><\/script><br \/>\n<!-- Noticias La Guia de Pamplona --><br \/>\n<ins class=\"adsbygoogle\"\nstyle=\"display:block\"\ndata-ad-client=\"ca-pub-6943679897239327\"\ndata-ad-slot=\"7048180777\"\ndata-ad-format=\"auto\"><\/ins><br \/>\n<script>\n(adsbygoogle = window.adsbygoogle || []).push({});\n<\/script><\/p>\n<p>Los servicios a prestar por la mutua son, principalmente, de dos tipos, bien relacionados con actividades de la Seguridad Social, bien con actividades a desarrollar en materia de prevenci\u00f3n de riesgos laborales. Entre otras cuestiones, la entidad adjudicataria se encargar\u00e1 de la gesti\u00f3n de las prestaciones econ\u00f3micas y de la asistencia sanitaria, incluidas la rehabilitaci\u00f3n, las prestaciones por riesgos de embarazo y lactancia o cuidado de menores, as\u00ed como la notificaci\u00f3n de asistencias sanitarias por contingencias laborales, la informaci\u00f3n de la evoluci\u00f3n al Servicio de Prevenci\u00f3n de Riesgos Laborales, el asesoramiento en materia preventiva o la promoci\u00f3n de comportamientos seguros.<\/p>\n","protected":false},"excerpt":{"rendered":"<p>La cuant\u00eda del contrato es de 121.974 euros anuales y se gestionar\u00e1 a trav\u00e9s de un convenio con la entidad adjudicataria<\/p>\n","protected":false},"author":1,"featured_media":42043,"comment_status":"open","ping_status":"closed","sticky":false,"template":"","format":"standard","meta":{"footnotes":""},"categories":[2],"tags":[],"class_list":["post-42042","post","type-post","status-publish","format-standard","has-post-thumbnail","hentry","category-ayuntamiento-pamplona"],"yoast_head":"<!-- This site is optimized with the Yoast SEO plugin v27.3 - https:\/\/yoast.com\/product\/yoast-seo-wordpress\/ -->\n<title>Escuelas Infantiles contratar\u00e1 una mutua para la gesti\u00f3n de las contingencias profesionales del personal del organismo aut\u00f3nomo<\/title>\n<meta name=\"description\" content=\"La cuant\u00eda del contrato es de 121.974 euros anuales y se gestionar\u00e1 a trav\u00e9s de un convenio con la entidad adjudicataria\" \/>\n<meta name=\"robots\" content=\"index, follow, max-snippet:-1, max-image-preview:large, max-video-preview:-1\" \/>\n<link rel=\"canonical\" href=\"https:\/\/www.laguiadepamplona.com\/actualidad\/escuelas-infantiles-contratara-una-mutua-para-la-gestion-de-las-contingencias-profesionales-del-personal-del-organismo-autonomo\/\" \/>\n<meta property=\"og:locale\" content=\"es_ES\" \/>\n<meta property=\"og:type\" content=\"article\" \/>\n<meta property=\"og:title\" content=\"Escuelas Infantiles contratar\u00e1 una mutua para la gesti\u00f3n de las contingencias profesionales del personal del organismo aut\u00f3nomo\" \/>\n<meta property=\"og:description\" content=\"La cuant\u00eda del contrato es de 121.974 euros anuales y se gestionar\u00e1 a trav\u00e9s de un convenio con la entidad adjudicataria\" \/>\n<meta property=\"og:url\" content=\"https:\/\/www.laguiadepamplona.com\/actualidad\/escuelas-infantiles-contratara-una-mutua-para-la-gestion-de-las-contingencias-profesionales-del-personal-del-organismo-autonomo\/\" \/>\n<meta property=\"og:site_name\" content=\"La Gu\u00eda de Pamplona\" \/>\n<meta property=\"article:publisher\" content=\"https:\/\/www.facebook.com\/laguiadepamplonacom-133175176762273\/?ref=hl\" \/>\n<meta property=\"article:published_time\" content=\"2022-10-26T15:48:53+00:00\" \/>\n<meta property=\"article:modified_time\" content=\"2023-04-11T09:47:39+00:00\" \/>\n<meta property=\"og:image\" content=\"https:\/\/www.laguiadepamplona.com\/actualidad\/wp-content\/uploads\/2022\/10\/ESCUELA-MUNIC-MENDEBALDEA_EE5A6237.webp\" \/>\n\t<meta property=\"og:image:width\" content=\"1920\" \/>\n\t<meta property=\"og:image:height\" content=\"1280\" \/>\n\t<meta property=\"og:image:type\" content=\"image\/webp\" \/>\n<meta name=\"author\" content=\"La Gu\u00eda de Pamplona\" \/>\n<meta name=\"twitter:card\" content=\"summary_large_image\" \/>\n<meta name=\"twitter:creator\" content=\"@LaGuiadPamplona\" \/>\n<meta name=\"twitter:site\" content=\"@LaGuiadPamplona\" \/>\n<meta name=\"twitter:label1\" content=\"Escrito por\" \/>\n\t<meta name=\"twitter:data1\" content=\"La Gu\u00eda de Pamplona\" \/>\n\t<meta name=\"twitter:label2\" content=\"Tiempo de lectura\" \/>\n\t<meta name=\"twitter:data2\" content=\"2 minutos\" \/>\n<script type=\"application\/ld+json\" class=\"yoast-schema-graph\">{\"@context\":\"https:\\\/\\\/schema.org\",\"@graph\":[{\"@type\":\"Article\",\"@id\":\"https:\\\/\\\/www.laguiadepamplona.com\\\/actualidad\\\/escuelas-infantiles-contratara-una-mutua-para-la-gestion-de-las-contingencias-profesionales-del-personal-del-organismo-autonomo\\\/#article\",\"isPartOf\":{\"@id\":\"https:\\\/\\\/www.laguiadepamplona.com\\\/actualidad\\\/escuelas-infantiles-contratara-una-mutua-para-la-gestion-de-las-contingencias-profesionales-del-personal-del-organismo-autonomo\\\/\"},\"author\":{\"name\":\"La Gu\u00eda de Pamplona\",\"@id\":\"https:\\\/\\\/www.laguiadepamplona.com\\\/actualidad\\\/#\\\/schema\\\/person\\\/efe887376f0213d4657c93adc50b1fdb\"},\"headline\":\"Escuelas Infantiles contratar\u00e1 una mutua para la gesti\u00f3n de las contingencias profesionales del personal del organismo aut\u00f3nomo\",\"datePublished\":\"2022-10-26T15:48:53+00:00\",\"dateModified\":\"2023-04-11T09:47:39+00:00\",\"mainEntityOfPage\":{\"@id\":\"https:\\\/\\\/www.laguiadepamplona.com\\\/actualidad\\\/escuelas-infantiles-contratara-una-mutua-para-la-gestion-de-las-contingencias-profesionales-del-personal-del-organismo-autonomo\\\/\"},\"wordCount\":384,\"commentCount\":0,\"publisher\":{\"@id\":\"https:\\\/\\\/www.laguiadepamplona.com\\\/actualidad\\\/#organization\"},\"image\":{\"@id\":\"https:\\\/\\\/www.laguiadepamplona.com\\\/actualidad\\\/escuelas-infantiles-contratara-una-mutua-para-la-gestion-de-las-contingencias-profesionales-del-personal-del-organismo-autonomo\\\/#primaryimage\"},\"thumbnailUrl\":\"https:\\\/\\\/www.laguiadepamplona.com\\\/actualidad\\\/wp-content\\\/uploads\\\/2022\\\/10\\\/ESCUELA-MUNIC-MENDEBALDEA_EE5A6237.webp\",\"articleSection\":[\"Ayto Pamplona\"],\"inLanguage\":\"es\",\"potentialAction\":[{\"@type\":\"CommentAction\",\"name\":\"Comment\",\"target\":[\"https:\\\/\\\/www.laguiadepamplona.com\\\/actualidad\\\/escuelas-infantiles-contratara-una-mutua-para-la-gestion-de-las-contingencias-profesionales-del-personal-del-organismo-autonomo\\\/#respond\"]}]},{\"@type\":\"WebPage\",\"@id\":\"https:\\\/\\\/www.laguiadepamplona.com\\\/actualidad\\\/escuelas-infantiles-contratara-una-mutua-para-la-gestion-de-las-contingencias-profesionales-del-personal-del-organismo-autonomo\\\/\",\"url\":\"https:\\\/\\\/www.laguiadepamplona.com\\\/actualidad\\\/escuelas-infantiles-contratara-una-mutua-para-la-gestion-de-las-contingencias-profesionales-del-personal-del-organismo-autonomo\\\/\",\"name\":\"Escuelas Infantiles contratar\u00e1 una mutua para la gesti\u00f3n de las contingencias profesionales del personal del organismo aut\u00f3nomo\",\"isPartOf\":{\"@id\":\"https:\\\/\\\/www.laguiadepamplona.com\\\/actualidad\\\/#website\"},\"primaryImageOfPage\":{\"@id\":\"https:\\\/\\\/www.laguiadepamplona.com\\\/actualidad\\\/escuelas-infantiles-contratara-una-mutua-para-la-gestion-de-las-contingencias-profesionales-del-personal-del-organismo-autonomo\\\/#primaryimage\"},\"image\":{\"@id\":\"https:\\\/\\\/www.laguiadepamplona.com\\\/actualidad\\\/escuelas-infantiles-contratara-una-mutua-para-la-gestion-de-las-contingencias-profesionales-del-personal-del-organismo-autonomo\\\/#primaryimage\"},\"thumbnailUrl\":\"https:\\\/\\\/www.laguiadepamplona.com\\\/actualidad\\\/wp-content\\\/uploads\\\/2022\\\/10\\\/ESCUELA-MUNIC-MENDEBALDEA_EE5A6237.webp\",\"datePublished\":\"2022-10-26T15:48:53+00:00\",\"dateModified\":\"2023-04-11T09:47:39+00:00\",\"description\":\"La cuant\u00eda del contrato es de 121.974 euros anuales y se gestionar\u00e1 a trav\u00e9s de un convenio con la entidad adjudicataria\",\"breadcrumb\":{\"@id\":\"https:\\\/\\\/www.laguiadepamplona.com\\\/actualidad\\\/escuelas-infantiles-contratara-una-mutua-para-la-gestion-de-las-contingencias-profesionales-del-personal-del-organismo-autonomo\\\/#breadcrumb\"},\"inLanguage\":\"es\",\"potentialAction\":[{\"@type\":\"ReadAction\",\"target\":[\"https:\\\/\\\/www.laguiadepamplona.com\\\/actualidad\\\/escuelas-infantiles-contratara-una-mutua-para-la-gestion-de-las-contingencias-profesionales-del-personal-del-organismo-autonomo\\\/\"]}]},{\"@type\":\"ImageObject\",\"inLanguage\":\"es\",\"@id\":\"https:\\\/\\\/www.laguiadepamplona.com\\\/actualidad\\\/escuelas-infantiles-contratara-una-mutua-para-la-gestion-de-las-contingencias-profesionales-del-personal-del-organismo-autonomo\\\/#primaryimage\",\"url\":\"https:\\\/\\\/www.laguiadepamplona.com\\\/actualidad\\\/wp-content\\\/uploads\\\/2022\\\/10\\\/ESCUELA-MUNIC-MENDEBALDEA_EE5A6237.webp\",\"contentUrl\":\"https:\\\/\\\/www.laguiadepamplona.com\\\/actualidad\\\/wp-content\\\/uploads\\\/2022\\\/10\\\/ESCUELA-MUNIC-MENDEBALDEA_EE5A6237.webp\",\"width\":1920,\"height\":1280},{\"@type\":\"BreadcrumbList\",\"@id\":\"https:\\\/\\\/www.laguiadepamplona.com\\\/actualidad\\\/escuelas-infantiles-contratara-una-mutua-para-la-gestion-de-las-contingencias-profesionales-del-personal-del-organismo-autonomo\\\/#breadcrumb\",\"itemListElement\":[{\"@type\":\"ListItem\",\"position\":1,\"name\":\"Portada\",\"item\":\"https:\\\/\\\/www.laguiadepamplona.com\\\/actualidad\\\/\"},{\"@type\":\"ListItem\",\"position\":2,\"name\":\"Escuelas Infantiles contratar\u00e1 una mutua para la gesti\u00f3n de las contingencias profesionales del personal del organismo aut\u00f3nomo\"}]},{\"@type\":\"WebSite\",\"@id\":\"https:\\\/\\\/www.laguiadepamplona.com\\\/actualidad\\\/#website\",\"url\":\"https:\\\/\\\/www.laguiadepamplona.com\\\/actualidad\\\/\",\"name\":\"La gu\u00eda de Pamplona\",\"description\":\"Noticias de Pamplona\",\"publisher\":{\"@id\":\"https:\\\/\\\/www.laguiadepamplona.com\\\/actualidad\\\/#organization\"},\"potentialAction\":[{\"@type\":\"SearchAction\",\"target\":{\"@type\":\"EntryPoint\",\"urlTemplate\":\"https:\\\/\\\/www.laguiadepamplona.com\\\/actualidad\\\/?s={search_term_string}\"},\"query-input\":{\"@type\":\"PropertyValueSpecification\",\"valueRequired\":true,\"valueName\":\"search_term_string\"}}],\"inLanguage\":\"es\"},{\"@type\":\"Organization\",\"@id\":\"https:\\\/\\\/www.laguiadepamplona.com\\\/actualidad\\\/#organization\",\"name\":\"La Gu\u00eda de Pamplona \\\/ Noticias\",\"url\":\"https:\\\/\\\/www.laguiadepamplona.com\\\/actualidad\\\/\",\"logo\":{\"@type\":\"ImageObject\",\"inLanguage\":\"es\",\"@id\":\"https:\\\/\\\/www.laguiadepamplona.com\\\/actualidad\\\/#\\\/schema\\\/logo\\\/image\\\/\",\"url\":\"https:\\\/\\\/www.laguiadepamplona.com\\\/actualidad\\\/wp-content\\\/uploads\\\/2018\\\/11\\\/logo-laguiadepamplona18-web1.png\",\"contentUrl\":\"https:\\\/\\\/www.laguiadepamplona.com\\\/actualidad\\\/wp-content\\\/uploads\\\/2018\\\/11\\\/logo-laguiadepamplona18-web1.png\",\"width\":600,\"height\":196,\"caption\":\"La Gu\u00eda de Pamplona \\\/ Noticias\"},\"image\":{\"@id\":\"https:\\\/\\\/www.laguiadepamplona.com\\\/actualidad\\\/#\\\/schema\\\/logo\\\/image\\\/\"},\"sameAs\":[\"https:\\\/\\\/www.facebook.com\\\/laguiadepamplonacom-133175176762273\\\/?ref=hl\",\"https:\\\/\\\/x.com\\\/LaGuiadPamplona\",\"https:\\\/\\\/www.instagram.com\\\/la_guia_de_pamplona\\\/\",\"https:\\\/\\\/www.youtube.com\\\/user\\\/laguiadepamplona\"]},{\"@type\":\"Person\",\"@id\":\"https:\\\/\\\/www.laguiadepamplona.com\\\/actualidad\\\/#\\\/schema\\\/person\\\/efe887376f0213d4657c93adc50b1fdb\",\"name\":\"La Gu\u00eda de Pamplona\",\"image\":{\"@type\":\"ImageObject\",\"inLanguage\":\"es\",\"@id\":\"https:\\\/\\\/secure.gravatar.com\\\/avatar\\\/b6992f131dc8d30ab0dff15446e9d346d9dbd95992de0fef795073f5ea83a81c?s=96&d=mm&r=g\",\"url\":\"https:\\\/\\\/secure.gravatar.com\\\/avatar\\\/b6992f131dc8d30ab0dff15446e9d346d9dbd95992de0fef795073f5ea83a81c?s=96&d=mm&r=g\",\"contentUrl\":\"https:\\\/\\\/secure.gravatar.com\\\/avatar\\\/b6992f131dc8d30ab0dff15446e9d346d9dbd95992de0fef795073f5ea83a81c?s=96&d=mm&r=g\",\"caption\":\"La Gu\u00eda de Pamplona\"}}]}<\/script>\n<!-- \/ Yoast SEO plugin. -->","yoast_head_json":{"title":"Escuelas Infantiles contratar\u00e1 una mutua para la gesti\u00f3n de las contingencias profesionales del personal del organismo aut\u00f3nomo","description":"La cuant\u00eda del contrato es de 121.974 euros anuales y se gestionar\u00e1 a trav\u00e9s de un convenio con la entidad adjudicataria","robots":{"index":"index","follow":"follow","max-snippet":"max-snippet:-1","max-image-preview":"max-image-preview:large","max-video-preview":"max-video-preview:-1"},"canonical":"https:\/\/www.laguiadepamplona.com\/actualidad\/escuelas-infantiles-contratara-una-mutua-para-la-gestion-de-las-contingencias-profesionales-del-personal-del-organismo-autonomo\/","og_locale":"es_ES","og_type":"article","og_title":"Escuelas Infantiles contratar\u00e1 una mutua para la gesti\u00f3n de las contingencias profesionales del personal del organismo aut\u00f3nomo","og_description":"La cuant\u00eda del contrato es de 121.974 euros anuales y se gestionar\u00e1 a trav\u00e9s de un convenio con la entidad adjudicataria","og_url":"https:\/\/www.laguiadepamplona.com\/actualidad\/escuelas-infantiles-contratara-una-mutua-para-la-gestion-de-las-contingencias-profesionales-del-personal-del-organismo-autonomo\/","og_site_name":"La Gu\u00eda de Pamplona","article_publisher":"https:\/\/www.facebook.com\/laguiadepamplonacom-133175176762273\/?ref=hl","article_published_time":"2022-10-26T15:48:53+00:00","article_modified_time":"2023-04-11T09:47:39+00:00","og_image":[{"width":1920,"height":1280,"url":"https:\/\/www.laguiadepamplona.com\/actualidad\/wp-content\/uploads\/2022\/10\/ESCUELA-MUNIC-MENDEBALDEA_EE5A6237.webp","type":"image\/webp"}],"author":"La Gu\u00eda de Pamplona","twitter_card":"summary_large_image","twitter_creator":"@LaGuiadPamplona","twitter_site":"@LaGuiadPamplona","twitter_misc":{"Escrito por":"La Gu\u00eda de Pamplona","Tiempo de lectura":"2 minutos"},"schema":{"@context":"https:\/\/schema.org","@graph":[{"@type":"Article","@id":"https:\/\/www.laguiadepamplona.com\/actualidad\/escuelas-infantiles-contratara-una-mutua-para-la-gestion-de-las-contingencias-profesionales-del-personal-del-organismo-autonomo\/#article","isPartOf":{"@id":"https:\/\/www.laguiadepamplona.com\/actualidad\/escuelas-infantiles-contratara-una-mutua-para-la-gestion-de-las-contingencias-profesionales-del-personal-del-organismo-autonomo\/"},"author":{"name":"La Gu\u00eda de Pamplona","@id":"https:\/\/www.laguiadepamplona.com\/actualidad\/#\/schema\/person\/efe887376f0213d4657c93adc50b1fdb"},"headline":"Escuelas Infantiles contratar\u00e1 una mutua para la gesti\u00f3n de las contingencias profesionales del personal del organismo aut\u00f3nomo","datePublished":"2022-10-26T15:48:53+00:00","dateModified":"2023-04-11T09:47:39+00:00","mainEntityOfPage":{"@id":"https:\/\/www.laguiadepamplona.com\/actualidad\/escuelas-infantiles-contratara-una-mutua-para-la-gestion-de-las-contingencias-profesionales-del-personal-del-organismo-autonomo\/"},"wordCount":384,"commentCount":0,"publisher":{"@id":"https:\/\/www.laguiadepamplona.com\/actualidad\/#organization"},"image":{"@id":"https:\/\/www.laguiadepamplona.com\/actualidad\/escuelas-infantiles-contratara-una-mutua-para-la-gestion-de-las-contingencias-profesionales-del-personal-del-organismo-autonomo\/#primaryimage"},"thumbnailUrl":"https:\/\/www.laguiadepamplona.com\/actualidad\/wp-content\/uploads\/2022\/10\/ESCUELA-MUNIC-MENDEBALDEA_EE5A6237.webp","articleSection":["Ayto Pamplona"],"inLanguage":"es","potentialAction":[{"@type":"CommentAction","name":"Comment","target":["https:\/\/www.laguiadepamplona.com\/actualidad\/escuelas-infantiles-contratara-una-mutua-para-la-gestion-de-las-contingencias-profesionales-del-personal-del-organismo-autonomo\/#respond"]}]},{"@type":"WebPage","@id":"https:\/\/www.laguiadepamplona.com\/actualidad\/escuelas-infantiles-contratara-una-mutua-para-la-gestion-de-las-contingencias-profesionales-del-personal-del-organismo-autonomo\/","url":"https:\/\/www.laguiadepamplona.com\/actualidad\/escuelas-infantiles-contratara-una-mutua-para-la-gestion-de-las-contingencias-profesionales-del-personal-del-organismo-autonomo\/","name":"Escuelas Infantiles contratar\u00e1 una mutua para la gesti\u00f3n de las contingencias profesionales del personal del organismo aut\u00f3nomo","isPartOf":{"@id":"https:\/\/www.laguiadepamplona.com\/actualidad\/#website"},"primaryImageOfPage":{"@id":"https:\/\/www.laguiadepamplona.com\/actualidad\/escuelas-infantiles-contratara-una-mutua-para-la-gestion-de-las-contingencias-profesionales-del-personal-del-organismo-autonomo\/#primaryimage"},"image":{"@id":"https:\/\/www.laguiadepamplona.com\/actualidad\/escuelas-infantiles-contratara-una-mutua-para-la-gestion-de-las-contingencias-profesionales-del-personal-del-organismo-autonomo\/#primaryimage"},"thumbnailUrl":"https:\/\/www.laguiadepamplona.com\/actualidad\/wp-content\/uploads\/2022\/10\/ESCUELA-MUNIC-MENDEBALDEA_EE5A6237.webp","datePublished":"2022-10-26T15:48:53+00:00","dateModified":"2023-04-11T09:47:39+00:00","description":"La cuant\u00eda del contrato es de 121.974 euros anuales y se gestionar\u00e1 a trav\u00e9s de un convenio con la entidad adjudicataria","breadcrumb":{"@id":"https:\/\/www.laguiadepamplona.com\/actualidad\/escuelas-infantiles-contratara-una-mutua-para-la-gestion-de-las-contingencias-profesionales-del-personal-del-organismo-autonomo\/#breadcrumb"},"inLanguage":"es","potentialAction":[{"@type":"ReadAction","target":["https:\/\/www.laguiadepamplona.com\/actualidad\/escuelas-infantiles-contratara-una-mutua-para-la-gestion-de-las-contingencias-profesionales-del-personal-del-organismo-autonomo\/"]}]},{"@type":"ImageObject","inLanguage":"es","@id":"https:\/\/www.laguiadepamplona.com\/actualidad\/escuelas-infantiles-contratara-una-mutua-para-la-gestion-de-las-contingencias-profesionales-del-personal-del-organismo-autonomo\/#primaryimage","url":"https:\/\/www.laguiadepamplona.com\/actualidad\/wp-content\/uploads\/2022\/10\/ESCUELA-MUNIC-MENDEBALDEA_EE5A6237.webp","contentUrl":"https:\/\/www.laguiadepamplona.com\/actualidad\/wp-content\/uploads\/2022\/10\/ESCUELA-MUNIC-MENDEBALDEA_EE5A6237.webp","width":1920,"height":1280},{"@type":"BreadcrumbList","@id":"https:\/\/www.laguiadepamplona.com\/actualidad\/escuelas-infantiles-contratara-una-mutua-para-la-gestion-de-las-contingencias-profesionales-del-personal-del-organismo-autonomo\/#breadcrumb","itemListElement":[{"@type":"ListItem","position":1,"name":"Portada","item":"https:\/\/www.laguiadepamplona.com\/actualidad\/"},{"@type":"ListItem","position":2,"name":"Escuelas Infantiles contratar\u00e1 una mutua para la gesti\u00f3n de las contingencias profesionales del personal del organismo aut\u00f3nomo"}]},{"@type":"WebSite","@id":"https:\/\/www.laguiadepamplona.com\/actualidad\/#website","url":"https:\/\/www.laguiadepamplona.com\/actualidad\/","name":"La gu\u00eda de Pamplona","description":"Noticias de Pamplona","publisher":{"@id":"https:\/\/www.laguiadepamplona.com\/actualidad\/#organization"},"potentialAction":[{"@type":"SearchAction","target":{"@type":"EntryPoint","urlTemplate":"https:\/\/www.laguiadepamplona.com\/actualidad\/?s={search_term_string}"},"query-input":{"@type":"PropertyValueSpecification","valueRequired":true,"valueName":"search_term_string"}}],"inLanguage":"es"},{"@type":"Organization","@id":"https:\/\/www.laguiadepamplona.com\/actualidad\/#organization","name":"La Gu\u00eda de Pamplona \/ Noticias","url":"https:\/\/www.laguiadepamplona.com\/actualidad\/","logo":{"@type":"ImageObject","inLanguage":"es","@id":"https:\/\/www.laguiadepamplona.com\/actualidad\/#\/schema\/logo\/image\/","url":"https:\/\/www.laguiadepamplona.com\/actualidad\/wp-content\/uploads\/2018\/11\/logo-laguiadepamplona18-web1.png","contentUrl":"https:\/\/www.laguiadepamplona.com\/actualidad\/wp-content\/uploads\/2018\/11\/logo-laguiadepamplona18-web1.png","width":600,"height":196,"caption":"La Gu\u00eda de Pamplona \/ Noticias"},"image":{"@id":"https:\/\/www.laguiadepamplona.com\/actualidad\/#\/schema\/logo\/image\/"},"sameAs":["https:\/\/www.facebook.com\/laguiadepamplonacom-133175176762273\/?ref=hl","https:\/\/x.com\/LaGuiadPamplona","https:\/\/www.instagram.com\/la_guia_de_pamplona\/","https:\/\/www.youtube.com\/user\/laguiadepamplona"]},{"@type":"Person","@id":"https:\/\/www.laguiadepamplona.com\/actualidad\/#\/schema\/person\/efe887376f0213d4657c93adc50b1fdb","name":"La Gu\u00eda de Pamplona","image":{"@type":"ImageObject","inLanguage":"es","@id":"https:\/\/secure.gravatar.com\/avatar\/b6992f131dc8d30ab0dff15446e9d346d9dbd95992de0fef795073f5ea83a81c?s=96&d=mm&r=g","url":"https:\/\/secure.gravatar.com\/avatar\/b6992f131dc8d30ab0dff15446e9d346d9dbd95992de0fef795073f5ea83a81c?s=96&d=mm&r=g","contentUrl":"https:\/\/secure.gravatar.com\/avatar\/b6992f131dc8d30ab0dff15446e9d346d9dbd95992de0fef795073f5ea83a81c?s=96&d=mm&r=g","caption":"La Gu\u00eda de Pamplona"}}]}},"post_mailing_queue_ids":[],"_links":{"self":[{"href":"https:\/\/www.laguiadepamplona.com\/actualidad\/wp-json\/wp\/v2\/posts\/42042","targetHints":{"allow":["GET"]}}],"collection":[{"href":"https:\/\/www.laguiadepamplona.com\/actualidad\/wp-json\/wp\/v2\/posts"}],"about":[{"href":"https:\/\/www.laguiadepamplona.com\/actualidad\/wp-json\/wp\/v2\/types\/post"}],"author":[{"embeddable":true,"href":"https:\/\/www.laguiadepamplona.com\/actualidad\/wp-json\/wp\/v2\/users\/1"}],"replies":[{"embeddable":true,"href":"https:\/\/www.laguiadepamplona.com\/actualidad\/wp-json\/wp\/v2\/comments?post=42042"}],"version-history":[{"count":0,"href":"https:\/\/www.laguiadepamplona.com\/actualidad\/wp-json\/wp\/v2\/posts\/42042\/revisions"}],"wp:featuredmedia":[{"embeddable":true,"href":"https:\/\/www.laguiadepamplona.com\/actualidad\/wp-json\/wp\/v2\/media\/42043"}],"wp:attachment":[{"href":"https:\/\/www.laguiadepamplona.com\/actualidad\/wp-json\/wp\/v2\/media?parent=42042"}],"wp:term":[{"taxonomy":"category","embeddable":true,"href":"https:\/\/www.laguiadepamplona.com\/actualidad\/wp-json\/wp\/v2\/categories?post=42042"},{"taxonomy":"post_tag","embeddable":true,"href":"https:\/\/www.laguiadepamplona.com\/actualidad\/wp-json\/wp\/v2\/tags?post=42042"}],"curies":[{"name":"wp","href":"https:\/\/api.w.org\/{rel}","templated":true}]}}