{"id":42037,"date":"2022-10-26T11:54:43","date_gmt":"2022-10-26T09:54:43","guid":{"rendered":"https:\/\/www.laguiadepamplona.com\/actualidad\/?p=42037"},"modified":"2023-04-11T11:47:39","modified_gmt":"2023-04-11T09:47:39","slug":"ultimos-dias-de-inscripcion-a-los-talleres-para-trabajar-el-bienestar-personal-y-entender-la-depresion-dirigidos-a-personas-mayores-de-65-anos","status":"publish","type":"post","link":"https:\/\/www.laguiadepamplona.com\/actualidad\/ultimos-dias-de-inscripcion-a-los-talleres-para-trabajar-el-bienestar-personal-y-entender-la-depresion-dirigidos-a-personas-mayores-de-65-anos\/","title":{"rendered":"\u00daltimos d\u00edas de inscripci\u00f3n a los talleres para trabajar el bienestar personal y entender la depresi\u00f3n, dirigidos a personas mayores de 65 a\u00f1os"},"content":{"rendered":"<h5>El Ayuntamiento colabora con el Tel\u00e9fono de la Esperanza para mejorar la calidad de vida de la ciudadan\u00eda con talleres gratuitos de apoyo emocional<\/h5>\n<p><!--more--><\/p>\n<p>Los talleres de apoyo emocional organizados por el Tel\u00e9fono de la Esperanza en colaboraci\u00f3n con el Ayuntamiento de Pamplona y el Gobierno de Navarra cuentan todav\u00eda con plazas disponibles. Se ofrecen dos talleres en el mes de noviembre, Trabajar el bienestar personal y Entender la depresi\u00f3n, dirigidos a personas mayores de 65 a\u00f1os, con preferencia para empadronados en la capital. Cada taller consta de 8 horas en total, divididas en cuatro sesiones de dos horas, todas ellas por la ma\u00f1ana. La inscripci\u00f3n se realiza llamando al tel\u00e9fono 948 24 30 40 y las plazas se adjudican por orden de inscripci\u00f3n.<br \/>\n<script async src=\"\/\/pagead2.googlesyndication.com\/pagead\/js\/adsbygoogle.js\"><\/script><br \/>\n<!-- Noticias La Guia de Pamplona --><br \/>\n<ins class=\"adsbygoogle\"\nstyle=\"display:block\"\ndata-ad-client=\"ca-pub-6943679897239327\"\ndata-ad-slot=\"7048180777\"\ndata-ad-format=\"auto\"><\/ins><br \/>\n<script>\n(adsbygoogle = window.adsbygoogle || []).push({});\n<\/script><\/p>\n<p>El primero de los talleres, Trabajar el bienestar personal, se celebra los lunes 7, 14, 21 y 28 de noviembre, de 10 a 12 horas, en el Centro comunitario La Carbonilla (Avenida Marcelo Celayeta, 51). Este curso incide en el fomento del autocuidado personal, c\u00f3mo afrontar los pensamientos limitantes, c\u00f3mo hacer que las relaciones sociales sean saludables y positivas y maneras de aportar a la sociedad desde la experiencia personal de cada individuo.<\/p>\n<p>El segundo taller que tambi\u00e9n tiene a\u00fan plazas es el que aborda v\u00edas para entender la depresi\u00f3n. Este taller est\u00e1 previsto para los mi\u00e9rcoles 9, 16, 23 y 30 de noviembre, de 10 a 12, en el local de Santa Mar\u00eda la Real (Calle Mutilva Baja, 19). La clave de esta iniciativa es prevenir la depresi\u00f3n o buscar modos de sobrellevarla, trabajando los pensamientos ante situaciones complicadas y la influencia del entorno social.<\/p>\n<p>Estos dos talleres se encuadran en el convenio firmado entre Ayuntamiento de Pamplona y el Tel\u00e9fono de la Esperanza para desarrollar un programa de apoyo psicol\u00f3gico dirigido a personas mayores de 65 a\u00f1os. El convenio se renov\u00f3 el pasado mes de junio por un periodo de un a\u00f1o. El objetivo es poner al alcance de esa poblaci\u00f3n un servicio cualificado y gratuito que ayude a superar las consecuencias emocionales derivadas de la crisis sanitaria de la pandemia. El Consistorio aporta a la iniciativa 20.000 euros, a los que se suma la subvenci\u00f3n del Departamento de Derechos Sociales del Gobierno de Navarra.<br \/>\n<script async src=\"\/\/pagead2.googlesyndication.com\/pagead\/js\/adsbygoogle.js\"><\/script><br \/>\n<!-- Noticias La Guia de Pamplona --><br \/>\n<ins class=\"adsbygoogle\"\nstyle=\"display:block\"\ndata-ad-client=\"ca-pub-6943679897239327\"\ndata-ad-slot=\"7048180777\"\ndata-ad-format=\"auto\"><\/ins><br \/>\n<script>\n(adsbygoogle = window.adsbygoogle || []).push({});\n<\/script><\/p>\n<p>&nbsp;<\/p>\n<h3>Los Dos Talleres para Mayores de 65 a\u00f1os<\/h3>\n<ul>\n<li><strong>Trabajar el bienestar personal<\/strong>\n<ul>\n<li>D\u00edas: 7, 14, 21 y 28 de noviembre (lunes)<\/li>\n<li>Horario: 10 a 12 horas<\/li>\n<li>Lugar: Centro comunitario La Carbonilla (Avenida Marcelo Celayeta, 51)<\/li>\n<\/ul>\n<\/li>\n<li><strong>Entender la depresi\u00f3n<\/strong>\n<ul>\n<li>D\u00edas: 9, 16, 23 y 30 de noviembre (mi\u00e9rcoles)<\/li>\n<li>Horario: 10 a 12 horas<\/li>\n<li>Lugar: Local Santa Mar\u00eda la Real (Calle Mutilva Baja, 19)<\/li>\n<\/ul>\n<\/li>\n<\/ul>\n","protected":false},"excerpt":{"rendered":"<p>El Ayuntamiento colabora con el Tel\u00e9fono de la Esperanza para mejorar la calidad de vida de la ciudadan\u00eda con talleres gratuitos de apoyo emocional<\/p>\n","protected":false},"author":1,"featured_media":41912,"comment_status":"open","ping_status":"closed","sticky":false,"template":"","format":"standard","meta":{"footnotes":""},"categories":[2],"tags":[],"class_list":["post-42037","post","type-post","status-publish","format-standard","has-post-thumbnail","hentry","category-ayuntamiento-pamplona"],"yoast_head":"<!-- This site is optimized with the Yoast SEO plugin v27.3 - https:\/\/yoast.com\/product\/yoast-seo-wordpress\/ -->\n<title>\u00daltimos d\u00edas de inscripci\u00f3n a los talleres para trabajar el bienestar personal y entender la depresi\u00f3n, dirigidos a personas mayores de 65 a\u00f1os<\/title>\n<meta name=\"description\" content=\"El Ayuntamiento colabora con el Tel\u00e9fono de la Esperanza para mejorar la calidad de vida de la ciudadan\u00eda con talleres gratuitos de apoyo emocional\" \/>\n<meta name=\"robots\" content=\"index, follow, max-snippet:-1, max-image-preview:large, max-video-preview:-1\" \/>\n<link rel=\"canonical\" href=\"https:\/\/www.laguiadepamplona.com\/actualidad\/ultimos-dias-de-inscripcion-a-los-talleres-para-trabajar-el-bienestar-personal-y-entender-la-depresion-dirigidos-a-personas-mayores-de-65-anos\/\" \/>\n<meta property=\"og:locale\" content=\"es_ES\" \/>\n<meta property=\"og:type\" content=\"article\" \/>\n<meta property=\"og:title\" content=\"\u00daltimos d\u00edas de inscripci\u00f3n a los talleres para trabajar el bienestar personal y entender la depresi\u00f3n, dirigidos a personas mayores de 65 a\u00f1os\" \/>\n<meta property=\"og:description\" content=\"El Ayuntamiento colabora con el Tel\u00e9fono de la Esperanza para mejorar la calidad de vida de la ciudadan\u00eda con talleres gratuitos de apoyo emocional\" \/>\n<meta property=\"og:url\" content=\"https:\/\/www.laguiadepamplona.com\/actualidad\/ultimos-dias-de-inscripcion-a-los-talleres-para-trabajar-el-bienestar-personal-y-entender-la-depresion-dirigidos-a-personas-mayores-de-65-anos\/\" \/>\n<meta property=\"og:site_name\" content=\"La Gu\u00eda de Pamplona\" \/>\n<meta property=\"article:publisher\" content=\"https:\/\/www.facebook.com\/laguiadepamplonacom-133175176762273\/?ref=hl\" \/>\n<meta property=\"article:published_time\" content=\"2022-10-26T09:54:43+00:00\" \/>\n<meta property=\"article:modified_time\" content=\"2023-04-11T09:47:39+00:00\" \/>\n<meta property=\"og:image\" content=\"https:\/\/www.laguiadepamplona.com\/actualidad\/wp-content\/uploads\/2022\/10\/personas-mayores_anciano_01_0.webp\" \/>\n\t<meta property=\"og:image:width\" content=\"1920\" \/>\n\t<meta property=\"og:image:height\" content=\"1194\" \/>\n\t<meta property=\"og:image:type\" content=\"image\/webp\" \/>\n<meta name=\"author\" content=\"La Gu\u00eda de Pamplona\" \/>\n<meta name=\"twitter:card\" content=\"summary_large_image\" \/>\n<meta name=\"twitter:creator\" content=\"@LaGuiadPamplona\" \/>\n<meta name=\"twitter:site\" content=\"@LaGuiadPamplona\" \/>\n<meta name=\"twitter:label1\" content=\"Escrito por\" \/>\n\t<meta name=\"twitter:data1\" content=\"La Gu\u00eda de Pamplona\" \/>\n\t<meta name=\"twitter:label2\" content=\"Tiempo de lectura\" \/>\n\t<meta name=\"twitter:data2\" content=\"2 minutos\" \/>\n<script type=\"application\/ld+json\" class=\"yoast-schema-graph\">{\"@context\":\"https:\\\/\\\/schema.org\",\"@graph\":[{\"@type\":\"Article\",\"@id\":\"https:\\\/\\\/www.laguiadepamplona.com\\\/actualidad\\\/ultimos-dias-de-inscripcion-a-los-talleres-para-trabajar-el-bienestar-personal-y-entender-la-depresion-dirigidos-a-personas-mayores-de-65-anos\\\/#article\",\"isPartOf\":{\"@id\":\"https:\\\/\\\/www.laguiadepamplona.com\\\/actualidad\\\/ultimos-dias-de-inscripcion-a-los-talleres-para-trabajar-el-bienestar-personal-y-entender-la-depresion-dirigidos-a-personas-mayores-de-65-anos\\\/\"},\"author\":{\"name\":\"La Gu\u00eda de Pamplona\",\"@id\":\"https:\\\/\\\/www.laguiadepamplona.com\\\/actualidad\\\/#\\\/schema\\\/person\\\/efe887376f0213d4657c93adc50b1fdb\"},\"headline\":\"\u00daltimos d\u00edas de inscripci\u00f3n a los talleres para trabajar el bienestar personal y entender la depresi\u00f3n, dirigidos a personas mayores de 65 a\u00f1os\",\"datePublished\":\"2022-10-26T09:54:43+00:00\",\"dateModified\":\"2023-04-11T09:47:39+00:00\",\"mainEntityOfPage\":{\"@id\":\"https:\\\/\\\/www.laguiadepamplona.com\\\/actualidad\\\/ultimos-dias-de-inscripcion-a-los-talleres-para-trabajar-el-bienestar-personal-y-entender-la-depresion-dirigidos-a-personas-mayores-de-65-anos\\\/\"},\"wordCount\":455,\"commentCount\":0,\"publisher\":{\"@id\":\"https:\\\/\\\/www.laguiadepamplona.com\\\/actualidad\\\/#organization\"},\"image\":{\"@id\":\"https:\\\/\\\/www.laguiadepamplona.com\\\/actualidad\\\/ultimos-dias-de-inscripcion-a-los-talleres-para-trabajar-el-bienestar-personal-y-entender-la-depresion-dirigidos-a-personas-mayores-de-65-anos\\\/#primaryimage\"},\"thumbnailUrl\":\"https:\\\/\\\/www.laguiadepamplona.com\\\/actualidad\\\/wp-content\\\/uploads\\\/2022\\\/10\\\/personas-mayores_anciano_01_0.webp\",\"articleSection\":[\"Ayto Pamplona\"],\"inLanguage\":\"es\",\"potentialAction\":[{\"@type\":\"CommentAction\",\"name\":\"Comment\",\"target\":[\"https:\\\/\\\/www.laguiadepamplona.com\\\/actualidad\\\/ultimos-dias-de-inscripcion-a-los-talleres-para-trabajar-el-bienestar-personal-y-entender-la-depresion-dirigidos-a-personas-mayores-de-65-anos\\\/#respond\"]}]},{\"@type\":\"WebPage\",\"@id\":\"https:\\\/\\\/www.laguiadepamplona.com\\\/actualidad\\\/ultimos-dias-de-inscripcion-a-los-talleres-para-trabajar-el-bienestar-personal-y-entender-la-depresion-dirigidos-a-personas-mayores-de-65-anos\\\/\",\"url\":\"https:\\\/\\\/www.laguiadepamplona.com\\\/actualidad\\\/ultimos-dias-de-inscripcion-a-los-talleres-para-trabajar-el-bienestar-personal-y-entender-la-depresion-dirigidos-a-personas-mayores-de-65-anos\\\/\",\"name\":\"\u00daltimos d\u00edas de inscripci\u00f3n a los talleres para trabajar el bienestar personal y entender la depresi\u00f3n, dirigidos a personas mayores de 65 a\u00f1os\",\"isPartOf\":{\"@id\":\"https:\\\/\\\/www.laguiadepamplona.com\\\/actualidad\\\/#website\"},\"primaryImageOfPage\":{\"@id\":\"https:\\\/\\\/www.laguiadepamplona.com\\\/actualidad\\\/ultimos-dias-de-inscripcion-a-los-talleres-para-trabajar-el-bienestar-personal-y-entender-la-depresion-dirigidos-a-personas-mayores-de-65-anos\\\/#primaryimage\"},\"image\":{\"@id\":\"https:\\\/\\\/www.laguiadepamplona.com\\\/actualidad\\\/ultimos-dias-de-inscripcion-a-los-talleres-para-trabajar-el-bienestar-personal-y-entender-la-depresion-dirigidos-a-personas-mayores-de-65-anos\\\/#primaryimage\"},\"thumbnailUrl\":\"https:\\\/\\\/www.laguiadepamplona.com\\\/actualidad\\\/wp-content\\\/uploads\\\/2022\\\/10\\\/personas-mayores_anciano_01_0.webp\",\"datePublished\":\"2022-10-26T09:54:43+00:00\",\"dateModified\":\"2023-04-11T09:47:39+00:00\",\"description\":\"El Ayuntamiento colabora con el Tel\u00e9fono de la Esperanza para mejorar la calidad de vida de la ciudadan\u00eda con talleres gratuitos de apoyo emocional\",\"breadcrumb\":{\"@id\":\"https:\\\/\\\/www.laguiadepamplona.com\\\/actualidad\\\/ultimos-dias-de-inscripcion-a-los-talleres-para-trabajar-el-bienestar-personal-y-entender-la-depresion-dirigidos-a-personas-mayores-de-65-anos\\\/#breadcrumb\"},\"inLanguage\":\"es\",\"potentialAction\":[{\"@type\":\"ReadAction\",\"target\":[\"https:\\\/\\\/www.laguiadepamplona.com\\\/actualidad\\\/ultimos-dias-de-inscripcion-a-los-talleres-para-trabajar-el-bienestar-personal-y-entender-la-depresion-dirigidos-a-personas-mayores-de-65-anos\\\/\"]}]},{\"@type\":\"ImageObject\",\"inLanguage\":\"es\",\"@id\":\"https:\\\/\\\/www.laguiadepamplona.com\\\/actualidad\\\/ultimos-dias-de-inscripcion-a-los-talleres-para-trabajar-el-bienestar-personal-y-entender-la-depresion-dirigidos-a-personas-mayores-de-65-anos\\\/#primaryimage\",\"url\":\"https:\\\/\\\/www.laguiadepamplona.com\\\/actualidad\\\/wp-content\\\/uploads\\\/2022\\\/10\\\/personas-mayores_anciano_01_0.webp\",\"contentUrl\":\"https:\\\/\\\/www.laguiadepamplona.com\\\/actualidad\\\/wp-content\\\/uploads\\\/2022\\\/10\\\/personas-mayores_anciano_01_0.webp\",\"width\":1920,\"height\":1194},{\"@type\":\"BreadcrumbList\",\"@id\":\"https:\\\/\\\/www.laguiadepamplona.com\\\/actualidad\\\/ultimos-dias-de-inscripcion-a-los-talleres-para-trabajar-el-bienestar-personal-y-entender-la-depresion-dirigidos-a-personas-mayores-de-65-anos\\\/#breadcrumb\",\"itemListElement\":[{\"@type\":\"ListItem\",\"position\":1,\"name\":\"Portada\",\"item\":\"https:\\\/\\\/www.laguiadepamplona.com\\\/actualidad\\\/\"},{\"@type\":\"ListItem\",\"position\":2,\"name\":\"\u00daltimos d\u00edas de inscripci\u00f3n a los talleres para trabajar el bienestar personal y entender la depresi\u00f3n, dirigidos a personas mayores de 65 a\u00f1os\"}]},{\"@type\":\"WebSite\",\"@id\":\"https:\\\/\\\/www.laguiadepamplona.com\\\/actualidad\\\/#website\",\"url\":\"https:\\\/\\\/www.laguiadepamplona.com\\\/actualidad\\\/\",\"name\":\"La gu\u00eda de Pamplona\",\"description\":\"Noticias de Pamplona\",\"publisher\":{\"@id\":\"https:\\\/\\\/www.laguiadepamplona.com\\\/actualidad\\\/#organization\"},\"potentialAction\":[{\"@type\":\"SearchAction\",\"target\":{\"@type\":\"EntryPoint\",\"urlTemplate\":\"https:\\\/\\\/www.laguiadepamplona.com\\\/actualidad\\\/?s={search_term_string}\"},\"query-input\":{\"@type\":\"PropertyValueSpecification\",\"valueRequired\":true,\"valueName\":\"search_term_string\"}}],\"inLanguage\":\"es\"},{\"@type\":\"Organization\",\"@id\":\"https:\\\/\\\/www.laguiadepamplona.com\\\/actualidad\\\/#organization\",\"name\":\"La Gu\u00eda de Pamplona \\\/ Noticias\",\"url\":\"https:\\\/\\\/www.laguiadepamplona.com\\\/actualidad\\\/\",\"logo\":{\"@type\":\"ImageObject\",\"inLanguage\":\"es\",\"@id\":\"https:\\\/\\\/www.laguiadepamplona.com\\\/actualidad\\\/#\\\/schema\\\/logo\\\/image\\\/\",\"url\":\"https:\\\/\\\/www.laguiadepamplona.com\\\/actualidad\\\/wp-content\\\/uploads\\\/2018\\\/11\\\/logo-laguiadepamplona18-web1.png\",\"contentUrl\":\"https:\\\/\\\/www.laguiadepamplona.com\\\/actualidad\\\/wp-content\\\/uploads\\\/2018\\\/11\\\/logo-laguiadepamplona18-web1.png\",\"width\":600,\"height\":196,\"caption\":\"La Gu\u00eda de Pamplona \\\/ Noticias\"},\"image\":{\"@id\":\"https:\\\/\\\/www.laguiadepamplona.com\\\/actualidad\\\/#\\\/schema\\\/logo\\\/image\\\/\"},\"sameAs\":[\"https:\\\/\\\/www.facebook.com\\\/laguiadepamplonacom-133175176762273\\\/?ref=hl\",\"https:\\\/\\\/x.com\\\/LaGuiadPamplona\",\"https:\\\/\\\/www.instagram.com\\\/la_guia_de_pamplona\\\/\",\"https:\\\/\\\/www.youtube.com\\\/user\\\/laguiadepamplona\"]},{\"@type\":\"Person\",\"@id\":\"https:\\\/\\\/www.laguiadepamplona.com\\\/actualidad\\\/#\\\/schema\\\/person\\\/efe887376f0213d4657c93adc50b1fdb\",\"name\":\"La Gu\u00eda de Pamplona\",\"image\":{\"@type\":\"ImageObject\",\"inLanguage\":\"es\",\"@id\":\"https:\\\/\\\/secure.gravatar.com\\\/avatar\\\/b6992f131dc8d30ab0dff15446e9d346d9dbd95992de0fef795073f5ea83a81c?s=96&d=mm&r=g\",\"url\":\"https:\\\/\\\/secure.gravatar.com\\\/avatar\\\/b6992f131dc8d30ab0dff15446e9d346d9dbd95992de0fef795073f5ea83a81c?s=96&d=mm&r=g\",\"contentUrl\":\"https:\\\/\\\/secure.gravatar.com\\\/avatar\\\/b6992f131dc8d30ab0dff15446e9d346d9dbd95992de0fef795073f5ea83a81c?s=96&d=mm&r=g\",\"caption\":\"La Gu\u00eda de Pamplona\"}}]}<\/script>\n<!-- \/ Yoast SEO plugin. -->","yoast_head_json":{"title":"\u00daltimos d\u00edas de inscripci\u00f3n a los talleres para trabajar el bienestar personal y entender la depresi\u00f3n, dirigidos a personas mayores de 65 a\u00f1os","description":"El Ayuntamiento colabora con el Tel\u00e9fono de la Esperanza para mejorar la calidad de vida de la ciudadan\u00eda con talleres gratuitos de apoyo emocional","robots":{"index":"index","follow":"follow","max-snippet":"max-snippet:-1","max-image-preview":"max-image-preview:large","max-video-preview":"max-video-preview:-1"},"canonical":"https:\/\/www.laguiadepamplona.com\/actualidad\/ultimos-dias-de-inscripcion-a-los-talleres-para-trabajar-el-bienestar-personal-y-entender-la-depresion-dirigidos-a-personas-mayores-de-65-anos\/","og_locale":"es_ES","og_type":"article","og_title":"\u00daltimos d\u00edas de inscripci\u00f3n a los talleres para trabajar el bienestar personal y entender la depresi\u00f3n, dirigidos a personas mayores de 65 a\u00f1os","og_description":"El Ayuntamiento colabora con el Tel\u00e9fono de la Esperanza para mejorar la calidad de vida de la ciudadan\u00eda con talleres gratuitos de apoyo emocional","og_url":"https:\/\/www.laguiadepamplona.com\/actualidad\/ultimos-dias-de-inscripcion-a-los-talleres-para-trabajar-el-bienestar-personal-y-entender-la-depresion-dirigidos-a-personas-mayores-de-65-anos\/","og_site_name":"La Gu\u00eda de Pamplona","article_publisher":"https:\/\/www.facebook.com\/laguiadepamplonacom-133175176762273\/?ref=hl","article_published_time":"2022-10-26T09:54:43+00:00","article_modified_time":"2023-04-11T09:47:39+00:00","og_image":[{"width":1920,"height":1194,"url":"https:\/\/www.laguiadepamplona.com\/actualidad\/wp-content\/uploads\/2022\/10\/personas-mayores_anciano_01_0.webp","type":"image\/webp"}],"author":"La Gu\u00eda de Pamplona","twitter_card":"summary_large_image","twitter_creator":"@LaGuiadPamplona","twitter_site":"@LaGuiadPamplona","twitter_misc":{"Escrito por":"La Gu\u00eda de Pamplona","Tiempo de lectura":"2 minutos"},"schema":{"@context":"https:\/\/schema.org","@graph":[{"@type":"Article","@id":"https:\/\/www.laguiadepamplona.com\/actualidad\/ultimos-dias-de-inscripcion-a-los-talleres-para-trabajar-el-bienestar-personal-y-entender-la-depresion-dirigidos-a-personas-mayores-de-65-anos\/#article","isPartOf":{"@id":"https:\/\/www.laguiadepamplona.com\/actualidad\/ultimos-dias-de-inscripcion-a-los-talleres-para-trabajar-el-bienestar-personal-y-entender-la-depresion-dirigidos-a-personas-mayores-de-65-anos\/"},"author":{"name":"La Gu\u00eda de Pamplona","@id":"https:\/\/www.laguiadepamplona.com\/actualidad\/#\/schema\/person\/efe887376f0213d4657c93adc50b1fdb"},"headline":"\u00daltimos d\u00edas de inscripci\u00f3n a los talleres para trabajar el bienestar personal y entender la depresi\u00f3n, dirigidos a personas mayores de 65 a\u00f1os","datePublished":"2022-10-26T09:54:43+00:00","dateModified":"2023-04-11T09:47:39+00:00","mainEntityOfPage":{"@id":"https:\/\/www.laguiadepamplona.com\/actualidad\/ultimos-dias-de-inscripcion-a-los-talleres-para-trabajar-el-bienestar-personal-y-entender-la-depresion-dirigidos-a-personas-mayores-de-65-anos\/"},"wordCount":455,"commentCount":0,"publisher":{"@id":"https:\/\/www.laguiadepamplona.com\/actualidad\/#organization"},"image":{"@id":"https:\/\/www.laguiadepamplona.com\/actualidad\/ultimos-dias-de-inscripcion-a-los-talleres-para-trabajar-el-bienestar-personal-y-entender-la-depresion-dirigidos-a-personas-mayores-de-65-anos\/#primaryimage"},"thumbnailUrl":"https:\/\/www.laguiadepamplona.com\/actualidad\/wp-content\/uploads\/2022\/10\/personas-mayores_anciano_01_0.webp","articleSection":["Ayto Pamplona"],"inLanguage":"es","potentialAction":[{"@type":"CommentAction","name":"Comment","target":["https:\/\/www.laguiadepamplona.com\/actualidad\/ultimos-dias-de-inscripcion-a-los-talleres-para-trabajar-el-bienestar-personal-y-entender-la-depresion-dirigidos-a-personas-mayores-de-65-anos\/#respond"]}]},{"@type":"WebPage","@id":"https:\/\/www.laguiadepamplona.com\/actualidad\/ultimos-dias-de-inscripcion-a-los-talleres-para-trabajar-el-bienestar-personal-y-entender-la-depresion-dirigidos-a-personas-mayores-de-65-anos\/","url":"https:\/\/www.laguiadepamplona.com\/actualidad\/ultimos-dias-de-inscripcion-a-los-talleres-para-trabajar-el-bienestar-personal-y-entender-la-depresion-dirigidos-a-personas-mayores-de-65-anos\/","name":"\u00daltimos d\u00edas de inscripci\u00f3n a los talleres para trabajar el bienestar personal y entender la depresi\u00f3n, dirigidos a personas mayores de 65 a\u00f1os","isPartOf":{"@id":"https:\/\/www.laguiadepamplona.com\/actualidad\/#website"},"primaryImageOfPage":{"@id":"https:\/\/www.laguiadepamplona.com\/actualidad\/ultimos-dias-de-inscripcion-a-los-talleres-para-trabajar-el-bienestar-personal-y-entender-la-depresion-dirigidos-a-personas-mayores-de-65-anos\/#primaryimage"},"image":{"@id":"https:\/\/www.laguiadepamplona.com\/actualidad\/ultimos-dias-de-inscripcion-a-los-talleres-para-trabajar-el-bienestar-personal-y-entender-la-depresion-dirigidos-a-personas-mayores-de-65-anos\/#primaryimage"},"thumbnailUrl":"https:\/\/www.laguiadepamplona.com\/actualidad\/wp-content\/uploads\/2022\/10\/personas-mayores_anciano_01_0.webp","datePublished":"2022-10-26T09:54:43+00:00","dateModified":"2023-04-11T09:47:39+00:00","description":"El Ayuntamiento colabora con el Tel\u00e9fono de la Esperanza para mejorar la calidad de vida de la ciudadan\u00eda con talleres gratuitos de apoyo emocional","breadcrumb":{"@id":"https:\/\/www.laguiadepamplona.com\/actualidad\/ultimos-dias-de-inscripcion-a-los-talleres-para-trabajar-el-bienestar-personal-y-entender-la-depresion-dirigidos-a-personas-mayores-de-65-anos\/#breadcrumb"},"inLanguage":"es","potentialAction":[{"@type":"ReadAction","target":["https:\/\/www.laguiadepamplona.com\/actualidad\/ultimos-dias-de-inscripcion-a-los-talleres-para-trabajar-el-bienestar-personal-y-entender-la-depresion-dirigidos-a-personas-mayores-de-65-anos\/"]}]},{"@type":"ImageObject","inLanguage":"es","@id":"https:\/\/www.laguiadepamplona.com\/actualidad\/ultimos-dias-de-inscripcion-a-los-talleres-para-trabajar-el-bienestar-personal-y-entender-la-depresion-dirigidos-a-personas-mayores-de-65-anos\/#primaryimage","url":"https:\/\/www.laguiadepamplona.com\/actualidad\/wp-content\/uploads\/2022\/10\/personas-mayores_anciano_01_0.webp","contentUrl":"https:\/\/www.laguiadepamplona.com\/actualidad\/wp-content\/uploads\/2022\/10\/personas-mayores_anciano_01_0.webp","width":1920,"height":1194},{"@type":"BreadcrumbList","@id":"https:\/\/www.laguiadepamplona.com\/actualidad\/ultimos-dias-de-inscripcion-a-los-talleres-para-trabajar-el-bienestar-personal-y-entender-la-depresion-dirigidos-a-personas-mayores-de-65-anos\/#breadcrumb","itemListElement":[{"@type":"ListItem","position":1,"name":"Portada","item":"https:\/\/www.laguiadepamplona.com\/actualidad\/"},{"@type":"ListItem","position":2,"name":"\u00daltimos d\u00edas de inscripci\u00f3n a los talleres para trabajar el bienestar personal y entender la depresi\u00f3n, dirigidos a personas mayores de 65 a\u00f1os"}]},{"@type":"WebSite","@id":"https:\/\/www.laguiadepamplona.com\/actualidad\/#website","url":"https:\/\/www.laguiadepamplona.com\/actualidad\/","name":"La gu\u00eda de Pamplona","description":"Noticias de Pamplona","publisher":{"@id":"https:\/\/www.laguiadepamplona.com\/actualidad\/#organization"},"potentialAction":[{"@type":"SearchAction","target":{"@type":"EntryPoint","urlTemplate":"https:\/\/www.laguiadepamplona.com\/actualidad\/?s={search_term_string}"},"query-input":{"@type":"PropertyValueSpecification","valueRequired":true,"valueName":"search_term_string"}}],"inLanguage":"es"},{"@type":"Organization","@id":"https:\/\/www.laguiadepamplona.com\/actualidad\/#organization","name":"La Gu\u00eda de Pamplona \/ Noticias","url":"https:\/\/www.laguiadepamplona.com\/actualidad\/","logo":{"@type":"ImageObject","inLanguage":"es","@id":"https:\/\/www.laguiadepamplona.com\/actualidad\/#\/schema\/logo\/image\/","url":"https:\/\/www.laguiadepamplona.com\/actualidad\/wp-content\/uploads\/2018\/11\/logo-laguiadepamplona18-web1.png","contentUrl":"https:\/\/www.laguiadepamplona.com\/actualidad\/wp-content\/uploads\/2018\/11\/logo-laguiadepamplona18-web1.png","width":600,"height":196,"caption":"La Gu\u00eda de Pamplona \/ Noticias"},"image":{"@id":"https:\/\/www.laguiadepamplona.com\/actualidad\/#\/schema\/logo\/image\/"},"sameAs":["https:\/\/www.facebook.com\/laguiadepamplonacom-133175176762273\/?ref=hl","https:\/\/x.com\/LaGuiadPamplona","https:\/\/www.instagram.com\/la_guia_de_pamplona\/","https:\/\/www.youtube.com\/user\/laguiadepamplona"]},{"@type":"Person","@id":"https:\/\/www.laguiadepamplona.com\/actualidad\/#\/schema\/person\/efe887376f0213d4657c93adc50b1fdb","name":"La Gu\u00eda de Pamplona","image":{"@type":"ImageObject","inLanguage":"es","@id":"https:\/\/secure.gravatar.com\/avatar\/b6992f131dc8d30ab0dff15446e9d346d9dbd95992de0fef795073f5ea83a81c?s=96&d=mm&r=g","url":"https:\/\/secure.gravatar.com\/avatar\/b6992f131dc8d30ab0dff15446e9d346d9dbd95992de0fef795073f5ea83a81c?s=96&d=mm&r=g","contentUrl":"https:\/\/secure.gravatar.com\/avatar\/b6992f131dc8d30ab0dff15446e9d346d9dbd95992de0fef795073f5ea83a81c?s=96&d=mm&r=g","caption":"La Gu\u00eda de Pamplona"}}]}},"post_mailing_queue_ids":[],"_links":{"self":[{"href":"https:\/\/www.laguiadepamplona.com\/actualidad\/wp-json\/wp\/v2\/posts\/42037","targetHints":{"allow":["GET"]}}],"collection":[{"href":"https:\/\/www.laguiadepamplona.com\/actualidad\/wp-json\/wp\/v2\/posts"}],"about":[{"href":"https:\/\/www.laguiadepamplona.com\/actualidad\/wp-json\/wp\/v2\/types\/post"}],"author":[{"embeddable":true,"href":"https:\/\/www.laguiadepamplona.com\/actualidad\/wp-json\/wp\/v2\/users\/1"}],"replies":[{"embeddable":true,"href":"https:\/\/www.laguiadepamplona.com\/actualidad\/wp-json\/wp\/v2\/comments?post=42037"}],"version-history":[{"count":0,"href":"https:\/\/www.laguiadepamplona.com\/actualidad\/wp-json\/wp\/v2\/posts\/42037\/revisions"}],"wp:featuredmedia":[{"embeddable":true,"href":"https:\/\/www.laguiadepamplona.com\/actualidad\/wp-json\/wp\/v2\/media\/41912"}],"wp:attachment":[{"href":"https:\/\/www.laguiadepamplona.com\/actualidad\/wp-json\/wp\/v2\/media?parent=42037"}],"wp:term":[{"taxonomy":"category","embeddable":true,"href":"https:\/\/www.laguiadepamplona.com\/actualidad\/wp-json\/wp\/v2\/categories?post=42037"},{"taxonomy":"post_tag","embeddable":true,"href":"https:\/\/www.laguiadepamplona.com\/actualidad\/wp-json\/wp\/v2\/tags?post=42037"}],"curies":[{"name":"wp","href":"https:\/\/api.w.org\/{rel}","templated":true}]}}