{"id":42022,"date":"2022-10-25T18:10:41","date_gmt":"2022-10-25T16:10:41","guid":{"rendered":"https:\/\/www.laguiadepamplona.com\/actualidad\/?p=42022"},"modified":"2023-04-11T11:47:40","modified_gmt":"2023-04-11T09:47:40","slug":"el-alcalde-de-pamplona-recibe-a-los-miembros-de-la-comision-de-coordinacion-autonomica-del-tribunal-de-cuentas-y-de-los-organos-de-control-externo","status":"publish","type":"post","link":"https:\/\/www.laguiadepamplona.com\/actualidad\/el-alcalde-de-pamplona-recibe-a-los-miembros-de-la-comision-de-coordinacion-autonomica-del-tribunal-de-cuentas-y-de-los-organos-de-control-externo\/","title":{"rendered":"El alcalde de Pamplona recibe a los miembros de la Comisi\u00f3n de Coordinaci\u00f3n auton\u00f3mica del Tribunal de Cuentas y de los \u00f3rganos de control externo"},"content":{"rendered":"<p><!--more--><\/p>\n<p>El alcalde de Pamplona, Enrique Maya, ha recibido hoy en el Sal\u00f3n de Recepciones de la Casa Consistorial a los miembros de la Comisi\u00f3n de Coordinaci\u00f3n en el \u00e1mbito auton\u00f3mico del Tribunal de Cuentas y las instituciones y \u00f3rganos auton\u00f3micos de control externo. El encuentro en el Ayuntamiento coincide con la celebraci\u00f3n en Pamplona de la reuni\u00f3n de la comisi\u00f3n de coordinaci\u00f3n, con representantes de una docena de comunidades aut\u00f3nomas, incluido el presidente de la C\u00e1mara de Comptos, Ignacio Cabeza, en la que se ha analizado el programa de fiscalizaci\u00f3n del pr\u00f3ximo a\u00f1o.<br \/>\n<script async src=\"\/\/pagead2.googlesyndication.com\/pagead\/js\/adsbygoogle.js\"><\/script><br \/>\n<!-- Noticias La Guia de Pamplona --><br \/>\n<ins class=\"adsbygoogle\"\nstyle=\"display:block\"\ndata-ad-client=\"ca-pub-6943679897239327\"\ndata-ad-slot=\"7048180777\"\ndata-ad-format=\"auto\"><\/ins><br \/>\n<script>\n(adsbygoogle = window.adsbygoogle || []).push({});\n<\/script><\/p>\n<p>As\u00ed, hasta la capital navarra se han desplazado Luis Antonio Padua Ortiz de Mendivil, consejero de Comunidades Aut\u00f3nomas del Tribunal de Cuentas; Miquel Salazar, sindic de la Sindicatura de Comptes de Catalunya; Ana Helguera, presidenta del Tribunal Vasco de Cuentas P\u00fablicas; Pedro Pacheco, presidente de la Audiencia de Cuentas de Canarias; Joan Rosell\u00f3, presidente de la Sindicatura de Comptes de Illes Balears;\u00a0 Fernando And\u00fajar, presidente de la C\u00e1mara de Cuentas de Castilla-La Mancha; Marcela Mir\u00f3, s\u00edndica de la Sindicatura de Comptes de la Comunitat Valenciana; Sandra Garrido, vicepresidenta de la C\u00e1mara de Cuentas de Andaluc\u00eda; Mar\u00eda Victoria Malav\u00e9, consejera de la C\u00e1mara de Cuentas de la Comunidad de Madrid; Miguel \u00c1ngel Jim\u00e9nez, consejero del Consejo de Cuentas de Castilla y Le\u00f3n; Eduardo Rodr\u00edguez, s\u00edndico de la Sindicatura de Cuentas de Asturias; y Luis Rufas de Benito, vicepresidente de la C\u00e1mara de Cuentas de Arag\u00f3n.<br \/>\n<script async src=\"\/\/pagead2.googlesyndication.com\/pagead\/js\/adsbygoogle.js\"><\/script><br \/>\n<!-- Noticias La Guia de Pamplona --><br \/>\n<ins class=\"adsbygoogle\"\nstyle=\"display:block\"\ndata-ad-client=\"ca-pub-6943679897239327\"\ndata-ad-slot=\"7048180777\"\ndata-ad-format=\"auto\"><\/ins><br \/>\n<script>\n(adsbygoogle = window.adsbygoogle || []).push({});\n<\/script><\/p>\n<p>Tras la reuni\u00f3n con el alcalde, todos ellos han realizado una visita a la planta noble, donde han podido contemplar la riqueza patrimonial de la Casa Consistorial, con obras del pintor navarro Ciga, por ejemplo, y de espacios como el sal\u00f3n de plenos.<\/p>\n","protected":false},"excerpt":{"rendered":"","protected":false},"author":1,"featured_media":42024,"comment_status":"open","ping_status":"closed","sticky":false,"template":"","format":"standard","meta":{"footnotes":""},"categories":[2],"tags":[],"class_list":["post-42022","post","type-post","status-publish","format-standard","has-post-thumbnail","hentry","category-ayuntamiento-pamplona"],"yoast_head":"<!-- This site is optimized with the Yoast SEO plugin v27.3 - https:\/\/yoast.com\/product\/yoast-seo-wordpress\/ -->\n<title>El alcalde de Pamplona recibe a los miembros de la Comisi\u00f3n de Coordinaci\u00f3n auton\u00f3mica del Tribunal de Cuentas y de los \u00f3rganos de control externo<\/title>\n<meta name=\"description\" content=\"El encuentro coincide con la celebraci\u00f3n en Pamplona de la reuni\u00f3n de la comisi\u00f3n de coordinaci\u00f3n, con representantes de una docena de comunidades aut\u00f3nomas\" \/>\n<meta name=\"robots\" content=\"index, follow, max-snippet:-1, max-image-preview:large, max-video-preview:-1\" \/>\n<link rel=\"canonical\" href=\"https:\/\/www.laguiadepamplona.com\/actualidad\/el-alcalde-de-pamplona-recibe-a-los-miembros-de-la-comision-de-coordinacion-autonomica-del-tribunal-de-cuentas-y-de-los-organos-de-control-externo\/\" \/>\n<meta property=\"og:locale\" content=\"es_ES\" \/>\n<meta property=\"og:type\" content=\"article\" \/>\n<meta property=\"og:title\" content=\"El alcalde de Pamplona recibe a los miembros de la Comisi\u00f3n de Coordinaci\u00f3n auton\u00f3mica del Tribunal de Cuentas y de los \u00f3rganos de control externo\" \/>\n<meta property=\"og:description\" content=\"El encuentro coincide con la celebraci\u00f3n en Pamplona de la reuni\u00f3n de la comisi\u00f3n de coordinaci\u00f3n, con representantes de una docena de comunidades aut\u00f3nomas\" \/>\n<meta property=\"og:url\" content=\"https:\/\/www.laguiadepamplona.com\/actualidad\/el-alcalde-de-pamplona-recibe-a-los-miembros-de-la-comision-de-coordinacion-autonomica-del-tribunal-de-cuentas-y-de-los-organos-de-control-externo\/\" \/>\n<meta property=\"og:site_name\" content=\"La Gu\u00eda de Pamplona\" \/>\n<meta property=\"article:publisher\" content=\"https:\/\/www.facebook.com\/laguiadepamplonacom-133175176762273\/?ref=hl\" \/>\n<meta property=\"article:published_time\" content=\"2022-10-25T16:10:41+00:00\" \/>\n<meta property=\"article:modified_time\" content=\"2023-04-11T09:47:40+00:00\" \/>\n<meta property=\"og:image\" content=\"https:\/\/www.laguiadepamplona.com\/actualidad\/wp-content\/uploads\/2022\/10\/22.10.25_Tribunal_de_cuentas.webp\" \/>\n\t<meta property=\"og:image:width\" content=\"1920\" \/>\n\t<meta property=\"og:image:height\" content=\"1281\" \/>\n\t<meta property=\"og:image:type\" content=\"image\/webp\" \/>\n<meta name=\"author\" content=\"La Gu\u00eda de Pamplona\" \/>\n<meta name=\"twitter:card\" content=\"summary_large_image\" \/>\n<meta name=\"twitter:creator\" content=\"@LaGuiadPamplona\" \/>\n<meta name=\"twitter:site\" content=\"@LaGuiadPamplona\" \/>\n<meta name=\"twitter:label1\" content=\"Escrito por\" \/>\n\t<meta name=\"twitter:data1\" content=\"La Gu\u00eda de Pamplona\" \/>\n\t<meta name=\"twitter:label2\" content=\"Tiempo de lectura\" \/>\n\t<meta name=\"twitter:data2\" content=\"2 minutos\" \/>\n<script type=\"application\/ld+json\" class=\"yoast-schema-graph\">{\"@context\":\"https:\\\/\\\/schema.org\",\"@graph\":[{\"@type\":\"Article\",\"@id\":\"https:\\\/\\\/www.laguiadepamplona.com\\\/actualidad\\\/el-alcalde-de-pamplona-recibe-a-los-miembros-de-la-comision-de-coordinacion-autonomica-del-tribunal-de-cuentas-y-de-los-organos-de-control-externo\\\/#article\",\"isPartOf\":{\"@id\":\"https:\\\/\\\/www.laguiadepamplona.com\\\/actualidad\\\/el-alcalde-de-pamplona-recibe-a-los-miembros-de-la-comision-de-coordinacion-autonomica-del-tribunal-de-cuentas-y-de-los-organos-de-control-externo\\\/\"},\"author\":{\"name\":\"La Gu\u00eda de Pamplona\",\"@id\":\"https:\\\/\\\/www.laguiadepamplona.com\\\/actualidad\\\/#\\\/schema\\\/person\\\/efe887376f0213d4657c93adc50b1fdb\"},\"headline\":\"El alcalde de Pamplona recibe a los miembros de la Comisi\u00f3n de Coordinaci\u00f3n auton\u00f3mica del Tribunal de Cuentas y de los \u00f3rganos de control externo\",\"datePublished\":\"2022-10-25T16:10:41+00:00\",\"dateModified\":\"2023-04-11T09:47:40+00:00\",\"mainEntityOfPage\":{\"@id\":\"https:\\\/\\\/www.laguiadepamplona.com\\\/actualidad\\\/el-alcalde-de-pamplona-recibe-a-los-miembros-de-la-comision-de-coordinacion-autonomica-del-tribunal-de-cuentas-y-de-los-organos-de-control-externo\\\/\"},\"wordCount\":339,\"commentCount\":0,\"publisher\":{\"@id\":\"https:\\\/\\\/www.laguiadepamplona.com\\\/actualidad\\\/#organization\"},\"image\":{\"@id\":\"https:\\\/\\\/www.laguiadepamplona.com\\\/actualidad\\\/el-alcalde-de-pamplona-recibe-a-los-miembros-de-la-comision-de-coordinacion-autonomica-del-tribunal-de-cuentas-y-de-los-organos-de-control-externo\\\/#primaryimage\"},\"thumbnailUrl\":\"https:\\\/\\\/www.laguiadepamplona.com\\\/actualidad\\\/wp-content\\\/uploads\\\/2022\\\/10\\\/22.10.25_Tribunal_de_cuentas.webp\",\"articleSection\":[\"Ayto Pamplona\"],\"inLanguage\":\"es\",\"potentialAction\":[{\"@type\":\"CommentAction\",\"name\":\"Comment\",\"target\":[\"https:\\\/\\\/www.laguiadepamplona.com\\\/actualidad\\\/el-alcalde-de-pamplona-recibe-a-los-miembros-de-la-comision-de-coordinacion-autonomica-del-tribunal-de-cuentas-y-de-los-organos-de-control-externo\\\/#respond\"]}]},{\"@type\":\"WebPage\",\"@id\":\"https:\\\/\\\/www.laguiadepamplona.com\\\/actualidad\\\/el-alcalde-de-pamplona-recibe-a-los-miembros-de-la-comision-de-coordinacion-autonomica-del-tribunal-de-cuentas-y-de-los-organos-de-control-externo\\\/\",\"url\":\"https:\\\/\\\/www.laguiadepamplona.com\\\/actualidad\\\/el-alcalde-de-pamplona-recibe-a-los-miembros-de-la-comision-de-coordinacion-autonomica-del-tribunal-de-cuentas-y-de-los-organos-de-control-externo\\\/\",\"name\":\"El alcalde de Pamplona recibe a los miembros de la Comisi\u00f3n de Coordinaci\u00f3n auton\u00f3mica del Tribunal de Cuentas y de los \u00f3rganos de control externo\",\"isPartOf\":{\"@id\":\"https:\\\/\\\/www.laguiadepamplona.com\\\/actualidad\\\/#website\"},\"primaryImageOfPage\":{\"@id\":\"https:\\\/\\\/www.laguiadepamplona.com\\\/actualidad\\\/el-alcalde-de-pamplona-recibe-a-los-miembros-de-la-comision-de-coordinacion-autonomica-del-tribunal-de-cuentas-y-de-los-organos-de-control-externo\\\/#primaryimage\"},\"image\":{\"@id\":\"https:\\\/\\\/www.laguiadepamplona.com\\\/actualidad\\\/el-alcalde-de-pamplona-recibe-a-los-miembros-de-la-comision-de-coordinacion-autonomica-del-tribunal-de-cuentas-y-de-los-organos-de-control-externo\\\/#primaryimage\"},\"thumbnailUrl\":\"https:\\\/\\\/www.laguiadepamplona.com\\\/actualidad\\\/wp-content\\\/uploads\\\/2022\\\/10\\\/22.10.25_Tribunal_de_cuentas.webp\",\"datePublished\":\"2022-10-25T16:10:41+00:00\",\"dateModified\":\"2023-04-11T09:47:40+00:00\",\"description\":\"El encuentro coincide con la celebraci\u00f3n en Pamplona de la reuni\u00f3n de la comisi\u00f3n de coordinaci\u00f3n, con representantes de una docena de comunidades aut\u00f3nomas\",\"breadcrumb\":{\"@id\":\"https:\\\/\\\/www.laguiadepamplona.com\\\/actualidad\\\/el-alcalde-de-pamplona-recibe-a-los-miembros-de-la-comision-de-coordinacion-autonomica-del-tribunal-de-cuentas-y-de-los-organos-de-control-externo\\\/#breadcrumb\"},\"inLanguage\":\"es\",\"potentialAction\":[{\"@type\":\"ReadAction\",\"target\":[\"https:\\\/\\\/www.laguiadepamplona.com\\\/actualidad\\\/el-alcalde-de-pamplona-recibe-a-los-miembros-de-la-comision-de-coordinacion-autonomica-del-tribunal-de-cuentas-y-de-los-organos-de-control-externo\\\/\"]}]},{\"@type\":\"ImageObject\",\"inLanguage\":\"es\",\"@id\":\"https:\\\/\\\/www.laguiadepamplona.com\\\/actualidad\\\/el-alcalde-de-pamplona-recibe-a-los-miembros-de-la-comision-de-coordinacion-autonomica-del-tribunal-de-cuentas-y-de-los-organos-de-control-externo\\\/#primaryimage\",\"url\":\"https:\\\/\\\/www.laguiadepamplona.com\\\/actualidad\\\/wp-content\\\/uploads\\\/2022\\\/10\\\/22.10.25_Tribunal_de_cuentas.webp\",\"contentUrl\":\"https:\\\/\\\/www.laguiadepamplona.com\\\/actualidad\\\/wp-content\\\/uploads\\\/2022\\\/10\\\/22.10.25_Tribunal_de_cuentas.webp\",\"width\":1920,\"height\":1281},{\"@type\":\"BreadcrumbList\",\"@id\":\"https:\\\/\\\/www.laguiadepamplona.com\\\/actualidad\\\/el-alcalde-de-pamplona-recibe-a-los-miembros-de-la-comision-de-coordinacion-autonomica-del-tribunal-de-cuentas-y-de-los-organos-de-control-externo\\\/#breadcrumb\",\"itemListElement\":[{\"@type\":\"ListItem\",\"position\":1,\"name\":\"Portada\",\"item\":\"https:\\\/\\\/www.laguiadepamplona.com\\\/actualidad\\\/\"},{\"@type\":\"ListItem\",\"position\":2,\"name\":\"El alcalde de Pamplona recibe a los miembros de la Comisi\u00f3n de Coordinaci\u00f3n auton\u00f3mica del Tribunal de Cuentas y de los \u00f3rganos de control externo\"}]},{\"@type\":\"WebSite\",\"@id\":\"https:\\\/\\\/www.laguiadepamplona.com\\\/actualidad\\\/#website\",\"url\":\"https:\\\/\\\/www.laguiadepamplona.com\\\/actualidad\\\/\",\"name\":\"La gu\u00eda de Pamplona\",\"description\":\"Noticias de Pamplona\",\"publisher\":{\"@id\":\"https:\\\/\\\/www.laguiadepamplona.com\\\/actualidad\\\/#organization\"},\"potentialAction\":[{\"@type\":\"SearchAction\",\"target\":{\"@type\":\"EntryPoint\",\"urlTemplate\":\"https:\\\/\\\/www.laguiadepamplona.com\\\/actualidad\\\/?s={search_term_string}\"},\"query-input\":{\"@type\":\"PropertyValueSpecification\",\"valueRequired\":true,\"valueName\":\"search_term_string\"}}],\"inLanguage\":\"es\"},{\"@type\":\"Organization\",\"@id\":\"https:\\\/\\\/www.laguiadepamplona.com\\\/actualidad\\\/#organization\",\"name\":\"La Gu\u00eda de Pamplona \\\/ Noticias\",\"url\":\"https:\\\/\\\/www.laguiadepamplona.com\\\/actualidad\\\/\",\"logo\":{\"@type\":\"ImageObject\",\"inLanguage\":\"es\",\"@id\":\"https:\\\/\\\/www.laguiadepamplona.com\\\/actualidad\\\/#\\\/schema\\\/logo\\\/image\\\/\",\"url\":\"https:\\\/\\\/www.laguiadepamplona.com\\\/actualidad\\\/wp-content\\\/uploads\\\/2018\\\/11\\\/logo-laguiadepamplona18-web1.png\",\"contentUrl\":\"https:\\\/\\\/www.laguiadepamplona.com\\\/actualidad\\\/wp-content\\\/uploads\\\/2018\\\/11\\\/logo-laguiadepamplona18-web1.png\",\"width\":600,\"height\":196,\"caption\":\"La Gu\u00eda de Pamplona \\\/ Noticias\"},\"image\":{\"@id\":\"https:\\\/\\\/www.laguiadepamplona.com\\\/actualidad\\\/#\\\/schema\\\/logo\\\/image\\\/\"},\"sameAs\":[\"https:\\\/\\\/www.facebook.com\\\/laguiadepamplonacom-133175176762273\\\/?ref=hl\",\"https:\\\/\\\/x.com\\\/LaGuiadPamplona\",\"https:\\\/\\\/www.instagram.com\\\/la_guia_de_pamplona\\\/\",\"https:\\\/\\\/www.youtube.com\\\/user\\\/laguiadepamplona\"]},{\"@type\":\"Person\",\"@id\":\"https:\\\/\\\/www.laguiadepamplona.com\\\/actualidad\\\/#\\\/schema\\\/person\\\/efe887376f0213d4657c93adc50b1fdb\",\"name\":\"La Gu\u00eda de Pamplona\",\"image\":{\"@type\":\"ImageObject\",\"inLanguage\":\"es\",\"@id\":\"https:\\\/\\\/secure.gravatar.com\\\/avatar\\\/b6992f131dc8d30ab0dff15446e9d346d9dbd95992de0fef795073f5ea83a81c?s=96&d=mm&r=g\",\"url\":\"https:\\\/\\\/secure.gravatar.com\\\/avatar\\\/b6992f131dc8d30ab0dff15446e9d346d9dbd95992de0fef795073f5ea83a81c?s=96&d=mm&r=g\",\"contentUrl\":\"https:\\\/\\\/secure.gravatar.com\\\/avatar\\\/b6992f131dc8d30ab0dff15446e9d346d9dbd95992de0fef795073f5ea83a81c?s=96&d=mm&r=g\",\"caption\":\"La Gu\u00eda de Pamplona\"}}]}<\/script>\n<!-- \/ Yoast SEO plugin. -->","yoast_head_json":{"title":"El alcalde de Pamplona recibe a los miembros de la Comisi\u00f3n de Coordinaci\u00f3n auton\u00f3mica del Tribunal de Cuentas y de los \u00f3rganos de control externo","description":"El encuentro coincide con la celebraci\u00f3n en Pamplona de la reuni\u00f3n de la comisi\u00f3n de coordinaci\u00f3n, con representantes de una docena de comunidades aut\u00f3nomas","robots":{"index":"index","follow":"follow","max-snippet":"max-snippet:-1","max-image-preview":"max-image-preview:large","max-video-preview":"max-video-preview:-1"},"canonical":"https:\/\/www.laguiadepamplona.com\/actualidad\/el-alcalde-de-pamplona-recibe-a-los-miembros-de-la-comision-de-coordinacion-autonomica-del-tribunal-de-cuentas-y-de-los-organos-de-control-externo\/","og_locale":"es_ES","og_type":"article","og_title":"El alcalde de Pamplona recibe a los miembros de la Comisi\u00f3n de Coordinaci\u00f3n auton\u00f3mica del Tribunal de Cuentas y de los \u00f3rganos de control externo","og_description":"El encuentro coincide con la celebraci\u00f3n en Pamplona de la reuni\u00f3n de la comisi\u00f3n de coordinaci\u00f3n, con representantes de una docena de comunidades aut\u00f3nomas","og_url":"https:\/\/www.laguiadepamplona.com\/actualidad\/el-alcalde-de-pamplona-recibe-a-los-miembros-de-la-comision-de-coordinacion-autonomica-del-tribunal-de-cuentas-y-de-los-organos-de-control-externo\/","og_site_name":"La Gu\u00eda de Pamplona","article_publisher":"https:\/\/www.facebook.com\/laguiadepamplonacom-133175176762273\/?ref=hl","article_published_time":"2022-10-25T16:10:41+00:00","article_modified_time":"2023-04-11T09:47:40+00:00","og_image":[{"width":1920,"height":1281,"url":"https:\/\/www.laguiadepamplona.com\/actualidad\/wp-content\/uploads\/2022\/10\/22.10.25_Tribunal_de_cuentas.webp","type":"image\/webp"}],"author":"La Gu\u00eda de Pamplona","twitter_card":"summary_large_image","twitter_creator":"@LaGuiadPamplona","twitter_site":"@LaGuiadPamplona","twitter_misc":{"Escrito por":"La Gu\u00eda de Pamplona","Tiempo de lectura":"2 minutos"},"schema":{"@context":"https:\/\/schema.org","@graph":[{"@type":"Article","@id":"https:\/\/www.laguiadepamplona.com\/actualidad\/el-alcalde-de-pamplona-recibe-a-los-miembros-de-la-comision-de-coordinacion-autonomica-del-tribunal-de-cuentas-y-de-los-organos-de-control-externo\/#article","isPartOf":{"@id":"https:\/\/www.laguiadepamplona.com\/actualidad\/el-alcalde-de-pamplona-recibe-a-los-miembros-de-la-comision-de-coordinacion-autonomica-del-tribunal-de-cuentas-y-de-los-organos-de-control-externo\/"},"author":{"name":"La Gu\u00eda de Pamplona","@id":"https:\/\/www.laguiadepamplona.com\/actualidad\/#\/schema\/person\/efe887376f0213d4657c93adc50b1fdb"},"headline":"El alcalde de Pamplona recibe a los miembros de la Comisi\u00f3n de Coordinaci\u00f3n auton\u00f3mica del Tribunal de Cuentas y de los \u00f3rganos de control externo","datePublished":"2022-10-25T16:10:41+00:00","dateModified":"2023-04-11T09:47:40+00:00","mainEntityOfPage":{"@id":"https:\/\/www.laguiadepamplona.com\/actualidad\/el-alcalde-de-pamplona-recibe-a-los-miembros-de-la-comision-de-coordinacion-autonomica-del-tribunal-de-cuentas-y-de-los-organos-de-control-externo\/"},"wordCount":339,"commentCount":0,"publisher":{"@id":"https:\/\/www.laguiadepamplona.com\/actualidad\/#organization"},"image":{"@id":"https:\/\/www.laguiadepamplona.com\/actualidad\/el-alcalde-de-pamplona-recibe-a-los-miembros-de-la-comision-de-coordinacion-autonomica-del-tribunal-de-cuentas-y-de-los-organos-de-control-externo\/#primaryimage"},"thumbnailUrl":"https:\/\/www.laguiadepamplona.com\/actualidad\/wp-content\/uploads\/2022\/10\/22.10.25_Tribunal_de_cuentas.webp","articleSection":["Ayto Pamplona"],"inLanguage":"es","potentialAction":[{"@type":"CommentAction","name":"Comment","target":["https:\/\/www.laguiadepamplona.com\/actualidad\/el-alcalde-de-pamplona-recibe-a-los-miembros-de-la-comision-de-coordinacion-autonomica-del-tribunal-de-cuentas-y-de-los-organos-de-control-externo\/#respond"]}]},{"@type":"WebPage","@id":"https:\/\/www.laguiadepamplona.com\/actualidad\/el-alcalde-de-pamplona-recibe-a-los-miembros-de-la-comision-de-coordinacion-autonomica-del-tribunal-de-cuentas-y-de-los-organos-de-control-externo\/","url":"https:\/\/www.laguiadepamplona.com\/actualidad\/el-alcalde-de-pamplona-recibe-a-los-miembros-de-la-comision-de-coordinacion-autonomica-del-tribunal-de-cuentas-y-de-los-organos-de-control-externo\/","name":"El alcalde de Pamplona recibe a los miembros de la Comisi\u00f3n de Coordinaci\u00f3n auton\u00f3mica del Tribunal de Cuentas y de los \u00f3rganos de control externo","isPartOf":{"@id":"https:\/\/www.laguiadepamplona.com\/actualidad\/#website"},"primaryImageOfPage":{"@id":"https:\/\/www.laguiadepamplona.com\/actualidad\/el-alcalde-de-pamplona-recibe-a-los-miembros-de-la-comision-de-coordinacion-autonomica-del-tribunal-de-cuentas-y-de-los-organos-de-control-externo\/#primaryimage"},"image":{"@id":"https:\/\/www.laguiadepamplona.com\/actualidad\/el-alcalde-de-pamplona-recibe-a-los-miembros-de-la-comision-de-coordinacion-autonomica-del-tribunal-de-cuentas-y-de-los-organos-de-control-externo\/#primaryimage"},"thumbnailUrl":"https:\/\/www.laguiadepamplona.com\/actualidad\/wp-content\/uploads\/2022\/10\/22.10.25_Tribunal_de_cuentas.webp","datePublished":"2022-10-25T16:10:41+00:00","dateModified":"2023-04-11T09:47:40+00:00","description":"El encuentro coincide con la celebraci\u00f3n en Pamplona de la reuni\u00f3n de la comisi\u00f3n de coordinaci\u00f3n, con representantes de una docena de comunidades aut\u00f3nomas","breadcrumb":{"@id":"https:\/\/www.laguiadepamplona.com\/actualidad\/el-alcalde-de-pamplona-recibe-a-los-miembros-de-la-comision-de-coordinacion-autonomica-del-tribunal-de-cuentas-y-de-los-organos-de-control-externo\/#breadcrumb"},"inLanguage":"es","potentialAction":[{"@type":"ReadAction","target":["https:\/\/www.laguiadepamplona.com\/actualidad\/el-alcalde-de-pamplona-recibe-a-los-miembros-de-la-comision-de-coordinacion-autonomica-del-tribunal-de-cuentas-y-de-los-organos-de-control-externo\/"]}]},{"@type":"ImageObject","inLanguage":"es","@id":"https:\/\/www.laguiadepamplona.com\/actualidad\/el-alcalde-de-pamplona-recibe-a-los-miembros-de-la-comision-de-coordinacion-autonomica-del-tribunal-de-cuentas-y-de-los-organos-de-control-externo\/#primaryimage","url":"https:\/\/www.laguiadepamplona.com\/actualidad\/wp-content\/uploads\/2022\/10\/22.10.25_Tribunal_de_cuentas.webp","contentUrl":"https:\/\/www.laguiadepamplona.com\/actualidad\/wp-content\/uploads\/2022\/10\/22.10.25_Tribunal_de_cuentas.webp","width":1920,"height":1281},{"@type":"BreadcrumbList","@id":"https:\/\/www.laguiadepamplona.com\/actualidad\/el-alcalde-de-pamplona-recibe-a-los-miembros-de-la-comision-de-coordinacion-autonomica-del-tribunal-de-cuentas-y-de-los-organos-de-control-externo\/#breadcrumb","itemListElement":[{"@type":"ListItem","position":1,"name":"Portada","item":"https:\/\/www.laguiadepamplona.com\/actualidad\/"},{"@type":"ListItem","position":2,"name":"El alcalde de Pamplona recibe a los miembros de la Comisi\u00f3n de Coordinaci\u00f3n auton\u00f3mica del Tribunal de Cuentas y de los \u00f3rganos de control externo"}]},{"@type":"WebSite","@id":"https:\/\/www.laguiadepamplona.com\/actualidad\/#website","url":"https:\/\/www.laguiadepamplona.com\/actualidad\/","name":"La gu\u00eda de Pamplona","description":"Noticias de Pamplona","publisher":{"@id":"https:\/\/www.laguiadepamplona.com\/actualidad\/#organization"},"potentialAction":[{"@type":"SearchAction","target":{"@type":"EntryPoint","urlTemplate":"https:\/\/www.laguiadepamplona.com\/actualidad\/?s={search_term_string}"},"query-input":{"@type":"PropertyValueSpecification","valueRequired":true,"valueName":"search_term_string"}}],"inLanguage":"es"},{"@type":"Organization","@id":"https:\/\/www.laguiadepamplona.com\/actualidad\/#organization","name":"La Gu\u00eda de Pamplona \/ Noticias","url":"https:\/\/www.laguiadepamplona.com\/actualidad\/","logo":{"@type":"ImageObject","inLanguage":"es","@id":"https:\/\/www.laguiadepamplona.com\/actualidad\/#\/schema\/logo\/image\/","url":"https:\/\/www.laguiadepamplona.com\/actualidad\/wp-content\/uploads\/2018\/11\/logo-laguiadepamplona18-web1.png","contentUrl":"https:\/\/www.laguiadepamplona.com\/actualidad\/wp-content\/uploads\/2018\/11\/logo-laguiadepamplona18-web1.png","width":600,"height":196,"caption":"La Gu\u00eda de Pamplona \/ Noticias"},"image":{"@id":"https:\/\/www.laguiadepamplona.com\/actualidad\/#\/schema\/logo\/image\/"},"sameAs":["https:\/\/www.facebook.com\/laguiadepamplonacom-133175176762273\/?ref=hl","https:\/\/x.com\/LaGuiadPamplona","https:\/\/www.instagram.com\/la_guia_de_pamplona\/","https:\/\/www.youtube.com\/user\/laguiadepamplona"]},{"@type":"Person","@id":"https:\/\/www.laguiadepamplona.com\/actualidad\/#\/schema\/person\/efe887376f0213d4657c93adc50b1fdb","name":"La Gu\u00eda de Pamplona","image":{"@type":"ImageObject","inLanguage":"es","@id":"https:\/\/secure.gravatar.com\/avatar\/b6992f131dc8d30ab0dff15446e9d346d9dbd95992de0fef795073f5ea83a81c?s=96&d=mm&r=g","url":"https:\/\/secure.gravatar.com\/avatar\/b6992f131dc8d30ab0dff15446e9d346d9dbd95992de0fef795073f5ea83a81c?s=96&d=mm&r=g","contentUrl":"https:\/\/secure.gravatar.com\/avatar\/b6992f131dc8d30ab0dff15446e9d346d9dbd95992de0fef795073f5ea83a81c?s=96&d=mm&r=g","caption":"La Gu\u00eda de Pamplona"}}]}},"post_mailing_queue_ids":[],"_links":{"self":[{"href":"https:\/\/www.laguiadepamplona.com\/actualidad\/wp-json\/wp\/v2\/posts\/42022","targetHints":{"allow":["GET"]}}],"collection":[{"href":"https:\/\/www.laguiadepamplona.com\/actualidad\/wp-json\/wp\/v2\/posts"}],"about":[{"href":"https:\/\/www.laguiadepamplona.com\/actualidad\/wp-json\/wp\/v2\/types\/post"}],"author":[{"embeddable":true,"href":"https:\/\/www.laguiadepamplona.com\/actualidad\/wp-json\/wp\/v2\/users\/1"}],"replies":[{"embeddable":true,"href":"https:\/\/www.laguiadepamplona.com\/actualidad\/wp-json\/wp\/v2\/comments?post=42022"}],"version-history":[{"count":0,"href":"https:\/\/www.laguiadepamplona.com\/actualidad\/wp-json\/wp\/v2\/posts\/42022\/revisions"}],"wp:featuredmedia":[{"embeddable":true,"href":"https:\/\/www.laguiadepamplona.com\/actualidad\/wp-json\/wp\/v2\/media\/42024"}],"wp:attachment":[{"href":"https:\/\/www.laguiadepamplona.com\/actualidad\/wp-json\/wp\/v2\/media?parent=42022"}],"wp:term":[{"taxonomy":"category","embeddable":true,"href":"https:\/\/www.laguiadepamplona.com\/actualidad\/wp-json\/wp\/v2\/categories?post=42022"},{"taxonomy":"post_tag","embeddable":true,"href":"https:\/\/www.laguiadepamplona.com\/actualidad\/wp-json\/wp\/v2\/tags?post=42022"}],"curies":[{"name":"wp","href":"https:\/\/api.w.org\/{rel}","templated":true}]}}