{"id":42019,"date":"2022-10-25T18:08:05","date_gmt":"2022-10-25T16:08:05","guid":{"rendered":"https:\/\/www.laguiadepamplona.com\/actualidad\/?p=42019"},"modified":"2023-04-11T11:47:40","modified_gmt":"2023-04-11T09:47:40","slug":"el-alcalde-de-pamplona-recibe-a-la-presidenta-de-la-asociacion-hiru-hamabi-3-12-de-dano-cerebral-adquirido-infantil-dcai","status":"publish","type":"post","link":"https:\/\/www.laguiadepamplona.com\/actualidad\/el-alcalde-de-pamplona-recibe-a-la-presidenta-de-la-asociacion-hiru-hamabi-3-12-de-dano-cerebral-adquirido-infantil-dcai\/","title":{"rendered":"El alcalde de Pamplona recibe a la presidenta de la asociaci\u00f3n Hiru Hamabi 3\/12 de Da\u00f1o Cerebral Adquirido infantil (DCAi)"},"content":{"rendered":"<h5>El encuentro se produce la v\u00edspera del d\u00eda nacional en el que la fachada del Ayuntamiento lucir\u00e1 en azul a solicitud de esta asociaci\u00f3n y de ADACEN<\/h5>\n<p><!--more--><\/p>\n<p>El alcalde de Pamplona, Enrique Maya, ha recibido hoy a la junta de la asociaci\u00f3n Hiru Hamabi 3\/12 de Da\u00f1o Cerebral Adquirido infantil (DCAi), encabezada por su presidenta, Yolanda Fonseca. El encuentro se produce el d\u00eda antes de la conmemoraci\u00f3n del d\u00eda nacional dedicado a esta dolencia, este pr\u00f3ximo mi\u00e9rcoles 26 de octubre. Como viene siendo habitual, la fachada de la Casa Consistorial se unir\u00e1 a la campa\u00f1a de sensibilizaci\u00f3n emprendida en todo el pa\u00eds mediante iluminaci\u00f3n, en este caso con luz azul.<br \/>\n<script async src=\"\/\/pagead2.googlesyndication.com\/pagead\/js\/adsbygoogle.js\"><\/script><br \/>\n<!-- Noticias La Guia de Pamplona --><br \/>\n<ins class=\"adsbygoogle\"\nstyle=\"display:block\"\ndata-ad-client=\"ca-pub-6943679897239327\"\ndata-ad-slot=\"7048180777\"\ndata-ad-format=\"auto\"><\/ins><br \/>\n<script>\n(adsbygoogle = window.adsbygoogle || []).push({});\n<\/script><\/p>\n<p>Esta asociaci\u00f3n, que colabora habitualmente con el Consistorio, lleva nueve a\u00f1os de andadura recordando que el DCA tambi\u00e9n afecta a los m\u00e1s peque\u00f1os que tambi\u00e9n pueden padecer traumatismos craneoencef\u00e1licos, enfermedades del sistema nervioso central, tumores o ictus. El Consistorio pamplon\u00e9s fue una de las primeras instituciones en presar apoyo y visibilidad a los esfuerzos de la asociaci\u00f3n navarra que hoy cuenta con alrededor de 70 familias entre sus miembros. Desde su creaci\u00f3n ha colaborado con el Ayuntamiento de Pamplona, tanto en las campa\u00f1as de seguridad vial (distintas ediciones de la Semana de la Movilidad) o realizando encuentros de car\u00e1cter institucional.<\/p>\n<p>En estos momentos la asociaci\u00f3n est\u00e1 trabajando en un material did\u00e1ctico propio destinado al profesorado que pr\u00f3ximamente pondr\u00e1 a disposici\u00f3n de los centros escolares de la ciudad, junto con la traducci\u00f3n de una gu\u00eda especializada. Sus contenidos, que se centran en las consecuencias que tiene la invisibilidad (falta de apreciaci\u00f3n) de su dolencia, se centra en las edades que se engloban en las etapas de Infantil y Primaria. Asimismo, este a\u00f1o la asociaci\u00f3n ha comenzado a ofertar un proyecto de visibilizaci\u00f3n de esta dolencia en centros escolares a trav\u00e9s de los talleres \u2018Debe esforzarse m\u00e1s\u2019 que tambi\u00e9n podr\u00eda extenderse a Pamplona.<\/p>\n<p>La asociaci\u00f3n Hiru Hamabi 3\/12 de Da\u00f1o Cerebral Adquirido infantil (DCAi) es la \u00fanica a nivel nacional que trabaja con menores afectados por da\u00f1o cerebral adquirido tras el nacimiento y con sus familias demandando recursos espec\u00edficos para ellos ya que una vez superado el episodio traum\u00e1tico inicial, la rehabilitaci\u00f3n de ni\u00f1as y ni\u00f1os tiene perfiles espec\u00edficos que requieren atenciones concretas y coordinadas.<br \/>\n<script async src=\"\/\/pagead2.googlesyndication.com\/pagead\/js\/adsbygoogle.js\"><\/script><br \/>\n<!-- Noticias La Guia de Pamplona --><br \/>\n<ins class=\"adsbygoogle\"\nstyle=\"display:block\"\ndata-ad-client=\"ca-pub-6943679897239327\"\ndata-ad-slot=\"7048180777\"\ndata-ad-format=\"auto\"><\/ins><br \/>\n<script>\n(adsbygoogle = window.adsbygoogle || []).push({});\n<\/script><\/p>\n<p><strong>Una fachada azul<\/strong><\/p>\n<p>Este pr\u00f3ximo d\u00eda 26 la fachada de la Casa Consistorial estar\u00e1 te\u00f1ida de azul a solicitud de la asociaci\u00f3n Hiru Hamabi 3\/12 de Da\u00f1o Cerebral Adquirido infantil (DCAi) y de la asociaci\u00f3n ADACEN (Da\u00f1o Cerebral Navarra) una entidad con experiencia en la atenci\u00f3n integral a personas con da\u00f1o cerebral y otras enfermedades neurol\u00f3gicas desde los a\u00f1os 90.<\/p>\n<p>Esta \u00faltima, con un \u00e1mbito de cobertura geogr\u00e1fico determinado por la Comunidad foral, cuenta con m\u00e1s de 1.000 personas asociadas y una plantilla de 50 profesionales. Entre sus servicios cuenta con un centro de d\u00eda y una residencia, recursos destinados a personas de 18 a 65 a\u00f1os. Cuenta, adem\u00e1s, con una unidad de I+D+i que tiene como misi\u00f3n contribuir al desarrollo de capacidades y estrategias innovadoras alrededor del envejecimiento, la cronicidad y la dependencia.<br \/>\n<script async src=\"\/\/pagead2.googlesyndication.com\/pagead\/js\/adsbygoogle.js\"><\/script><br \/>\n<!-- Noticias La Guia de Pamplona --><br \/>\n<ins class=\"adsbygoogle\"\nstyle=\"display:block\"\ndata-ad-client=\"ca-pub-6943679897239327\"\ndata-ad-slot=\"7048180777\"\ndata-ad-format=\"auto\"><\/ins><br \/>\n<script>\n(adsbygoogle = window.adsbygoogle || []).push({});\n<\/script><\/p>\n<p>El DCA es una lesi\u00f3n cerebral que se produce de forma s\u00fabita debido, principalmente, a ictus o traumatismos craneoencef\u00e1licos, una circunstancia que afecta tanto a personas adultas, como a menores de edad. El abanico de severidad y secuelas del da\u00f1o cerebral es muy amplio, desde la recuperaci\u00f3n completa hasta producir estados vegetativos. El da\u00f1o cerebral puede afectar a todas las \u00e1reas del funcionamiento del cerebro por lo que las secuelas de una lesi\u00f3n pueden ser muy distintas y complejas, desde afectar a la movilidad, hasta modificar el comportamiento.<\/p>\n","protected":false},"excerpt":{"rendered":"<p>El encuentro se produce la v\u00edspera del d\u00eda nacional en el que la fachada del Ayuntamiento lucir\u00e1 en azul a solicitud de esta asociaci\u00f3n y de ADACEN<\/p>\n","protected":false},"author":1,"featured_media":42020,"comment_status":"open","ping_status":"closed","sticky":false,"template":"","format":"standard","meta":{"footnotes":""},"categories":[2],"tags":[],"class_list":["post-42019","post","type-post","status-publish","format-standard","has-post-thumbnail","hentry","category-ayuntamiento-pamplona"],"yoast_head":"<!-- This site is optimized with the Yoast SEO plugin v27.3 - https:\/\/yoast.com\/product\/yoast-seo-wordpress\/ -->\n<title>El alcalde de Pamplona recibe a la presidenta de la asociaci\u00f3n Hiru Hamabi 3\/12 de Da\u00f1o Cerebral Adquirido infantil (DCAi)<\/title>\n<meta name=\"description\" content=\"El encuentro se produce la v\u00edspera del d\u00eda nacional en el que la fachada del Ayuntamiento lucir\u00e1 en azul a solicitud de esta asociaci\u00f3n y de ADACEN\" \/>\n<meta name=\"robots\" content=\"index, follow, max-snippet:-1, max-image-preview:large, max-video-preview:-1\" \/>\n<link rel=\"canonical\" href=\"https:\/\/www.laguiadepamplona.com\/actualidad\/el-alcalde-de-pamplona-recibe-a-la-presidenta-de-la-asociacion-hiru-hamabi-3-12-de-dano-cerebral-adquirido-infantil-dcai\/\" \/>\n<meta property=\"og:locale\" content=\"es_ES\" \/>\n<meta property=\"og:type\" content=\"article\" \/>\n<meta property=\"og:title\" content=\"El alcalde de Pamplona recibe a la presidenta de la asociaci\u00f3n Hiru Hamabi 3\/12 de Da\u00f1o Cerebral Adquirido infantil (DCAi)\" \/>\n<meta property=\"og:description\" content=\"El encuentro se produce la v\u00edspera del d\u00eda nacional en el que la fachada del Ayuntamiento lucir\u00e1 en azul a solicitud de esta asociaci\u00f3n y de ADACEN\" \/>\n<meta property=\"og:url\" content=\"https:\/\/www.laguiadepamplona.com\/actualidad\/el-alcalde-de-pamplona-recibe-a-la-presidenta-de-la-asociacion-hiru-hamabi-3-12-de-dano-cerebral-adquirido-infantil-dcai\/\" \/>\n<meta property=\"og:site_name\" content=\"La Gu\u00eda de Pamplona\" \/>\n<meta property=\"article:publisher\" content=\"https:\/\/www.facebook.com\/laguiadepamplonacom-133175176762273\/?ref=hl\" \/>\n<meta property=\"article:published_time\" content=\"2022-10-25T16:08:05+00:00\" \/>\n<meta property=\"article:modified_time\" content=\"2023-04-11T09:47:40+00:00\" \/>\n<meta property=\"og:image\" content=\"https:\/\/www.laguiadepamplona.com\/actualidad\/wp-content\/uploads\/2022\/10\/asociacion-hiru-hamabi-ee5a1801_0.webp\" \/>\n\t<meta property=\"og:image:width\" content=\"1920\" \/>\n\t<meta property=\"og:image:height\" content=\"1280\" \/>\n\t<meta property=\"og:image:type\" content=\"image\/webp\" \/>\n<meta name=\"author\" content=\"La Gu\u00eda de Pamplona\" \/>\n<meta name=\"twitter:card\" content=\"summary_large_image\" \/>\n<meta name=\"twitter:creator\" content=\"@LaGuiadPamplona\" \/>\n<meta name=\"twitter:site\" content=\"@LaGuiadPamplona\" \/>\n<meta name=\"twitter:label1\" content=\"Escrito por\" \/>\n\t<meta name=\"twitter:data1\" content=\"La Gu\u00eda de Pamplona\" \/>\n\t<meta name=\"twitter:label2\" content=\"Tiempo de lectura\" \/>\n\t<meta name=\"twitter:data2\" content=\"3 minutos\" \/>\n<script type=\"application\/ld+json\" class=\"yoast-schema-graph\">{\"@context\":\"https:\\\/\\\/schema.org\",\"@graph\":[{\"@type\":\"Article\",\"@id\":\"https:\\\/\\\/www.laguiadepamplona.com\\\/actualidad\\\/el-alcalde-de-pamplona-recibe-a-la-presidenta-de-la-asociacion-hiru-hamabi-3-12-de-dano-cerebral-adquirido-infantil-dcai\\\/#article\",\"isPartOf\":{\"@id\":\"https:\\\/\\\/www.laguiadepamplona.com\\\/actualidad\\\/el-alcalde-de-pamplona-recibe-a-la-presidenta-de-la-asociacion-hiru-hamabi-3-12-de-dano-cerebral-adquirido-infantil-dcai\\\/\"},\"author\":{\"name\":\"La Gu\u00eda de Pamplona\",\"@id\":\"https:\\\/\\\/www.laguiadepamplona.com\\\/actualidad\\\/#\\\/schema\\\/person\\\/efe887376f0213d4657c93adc50b1fdb\"},\"headline\":\"El alcalde de Pamplona recibe a la presidenta de la asociaci\u00f3n Hiru Hamabi 3\\\/12 de Da\u00f1o Cerebral Adquirido infantil (DCAi)\",\"datePublished\":\"2022-10-25T16:08:05+00:00\",\"dateModified\":\"2023-04-11T09:47:40+00:00\",\"mainEntityOfPage\":{\"@id\":\"https:\\\/\\\/www.laguiadepamplona.com\\\/actualidad\\\/el-alcalde-de-pamplona-recibe-a-la-presidenta-de-la-asociacion-hiru-hamabi-3-12-de-dano-cerebral-adquirido-infantil-dcai\\\/\"},\"wordCount\":680,\"commentCount\":0,\"publisher\":{\"@id\":\"https:\\\/\\\/www.laguiadepamplona.com\\\/actualidad\\\/#organization\"},\"image\":{\"@id\":\"https:\\\/\\\/www.laguiadepamplona.com\\\/actualidad\\\/el-alcalde-de-pamplona-recibe-a-la-presidenta-de-la-asociacion-hiru-hamabi-3-12-de-dano-cerebral-adquirido-infantil-dcai\\\/#primaryimage\"},\"thumbnailUrl\":\"https:\\\/\\\/www.laguiadepamplona.com\\\/actualidad\\\/wp-content\\\/uploads\\\/2022\\\/10\\\/asociacion-hiru-hamabi-ee5a1801_0.webp\",\"articleSection\":[\"Ayto Pamplona\"],\"inLanguage\":\"es\",\"potentialAction\":[{\"@type\":\"CommentAction\",\"name\":\"Comment\",\"target\":[\"https:\\\/\\\/www.laguiadepamplona.com\\\/actualidad\\\/el-alcalde-de-pamplona-recibe-a-la-presidenta-de-la-asociacion-hiru-hamabi-3-12-de-dano-cerebral-adquirido-infantil-dcai\\\/#respond\"]}]},{\"@type\":\"WebPage\",\"@id\":\"https:\\\/\\\/www.laguiadepamplona.com\\\/actualidad\\\/el-alcalde-de-pamplona-recibe-a-la-presidenta-de-la-asociacion-hiru-hamabi-3-12-de-dano-cerebral-adquirido-infantil-dcai\\\/\",\"url\":\"https:\\\/\\\/www.laguiadepamplona.com\\\/actualidad\\\/el-alcalde-de-pamplona-recibe-a-la-presidenta-de-la-asociacion-hiru-hamabi-3-12-de-dano-cerebral-adquirido-infantil-dcai\\\/\",\"name\":\"El alcalde de Pamplona recibe a la presidenta de la asociaci\u00f3n Hiru Hamabi 3\\\/12 de Da\u00f1o Cerebral Adquirido infantil (DCAi)\",\"isPartOf\":{\"@id\":\"https:\\\/\\\/www.laguiadepamplona.com\\\/actualidad\\\/#website\"},\"primaryImageOfPage\":{\"@id\":\"https:\\\/\\\/www.laguiadepamplona.com\\\/actualidad\\\/el-alcalde-de-pamplona-recibe-a-la-presidenta-de-la-asociacion-hiru-hamabi-3-12-de-dano-cerebral-adquirido-infantil-dcai\\\/#primaryimage\"},\"image\":{\"@id\":\"https:\\\/\\\/www.laguiadepamplona.com\\\/actualidad\\\/el-alcalde-de-pamplona-recibe-a-la-presidenta-de-la-asociacion-hiru-hamabi-3-12-de-dano-cerebral-adquirido-infantil-dcai\\\/#primaryimage\"},\"thumbnailUrl\":\"https:\\\/\\\/www.laguiadepamplona.com\\\/actualidad\\\/wp-content\\\/uploads\\\/2022\\\/10\\\/asociacion-hiru-hamabi-ee5a1801_0.webp\",\"datePublished\":\"2022-10-25T16:08:05+00:00\",\"dateModified\":\"2023-04-11T09:47:40+00:00\",\"description\":\"El encuentro se produce la v\u00edspera del d\u00eda nacional en el que la fachada del Ayuntamiento lucir\u00e1 en azul a solicitud de esta asociaci\u00f3n y de ADACEN\",\"breadcrumb\":{\"@id\":\"https:\\\/\\\/www.laguiadepamplona.com\\\/actualidad\\\/el-alcalde-de-pamplona-recibe-a-la-presidenta-de-la-asociacion-hiru-hamabi-3-12-de-dano-cerebral-adquirido-infantil-dcai\\\/#breadcrumb\"},\"inLanguage\":\"es\",\"potentialAction\":[{\"@type\":\"ReadAction\",\"target\":[\"https:\\\/\\\/www.laguiadepamplona.com\\\/actualidad\\\/el-alcalde-de-pamplona-recibe-a-la-presidenta-de-la-asociacion-hiru-hamabi-3-12-de-dano-cerebral-adquirido-infantil-dcai\\\/\"]}]},{\"@type\":\"ImageObject\",\"inLanguage\":\"es\",\"@id\":\"https:\\\/\\\/www.laguiadepamplona.com\\\/actualidad\\\/el-alcalde-de-pamplona-recibe-a-la-presidenta-de-la-asociacion-hiru-hamabi-3-12-de-dano-cerebral-adquirido-infantil-dcai\\\/#primaryimage\",\"url\":\"https:\\\/\\\/www.laguiadepamplona.com\\\/actualidad\\\/wp-content\\\/uploads\\\/2022\\\/10\\\/asociacion-hiru-hamabi-ee5a1801_0.webp\",\"contentUrl\":\"https:\\\/\\\/www.laguiadepamplona.com\\\/actualidad\\\/wp-content\\\/uploads\\\/2022\\\/10\\\/asociacion-hiru-hamabi-ee5a1801_0.webp\",\"width\":1920,\"height\":1280},{\"@type\":\"BreadcrumbList\",\"@id\":\"https:\\\/\\\/www.laguiadepamplona.com\\\/actualidad\\\/el-alcalde-de-pamplona-recibe-a-la-presidenta-de-la-asociacion-hiru-hamabi-3-12-de-dano-cerebral-adquirido-infantil-dcai\\\/#breadcrumb\",\"itemListElement\":[{\"@type\":\"ListItem\",\"position\":1,\"name\":\"Portada\",\"item\":\"https:\\\/\\\/www.laguiadepamplona.com\\\/actualidad\\\/\"},{\"@type\":\"ListItem\",\"position\":2,\"name\":\"El alcalde de Pamplona recibe a la presidenta de la asociaci\u00f3n Hiru Hamabi 3\\\/12 de Da\u00f1o Cerebral Adquirido infantil (DCAi)\"}]},{\"@type\":\"WebSite\",\"@id\":\"https:\\\/\\\/www.laguiadepamplona.com\\\/actualidad\\\/#website\",\"url\":\"https:\\\/\\\/www.laguiadepamplona.com\\\/actualidad\\\/\",\"name\":\"La gu\u00eda de Pamplona\",\"description\":\"Noticias de Pamplona\",\"publisher\":{\"@id\":\"https:\\\/\\\/www.laguiadepamplona.com\\\/actualidad\\\/#organization\"},\"potentialAction\":[{\"@type\":\"SearchAction\",\"target\":{\"@type\":\"EntryPoint\",\"urlTemplate\":\"https:\\\/\\\/www.laguiadepamplona.com\\\/actualidad\\\/?s={search_term_string}\"},\"query-input\":{\"@type\":\"PropertyValueSpecification\",\"valueRequired\":true,\"valueName\":\"search_term_string\"}}],\"inLanguage\":\"es\"},{\"@type\":\"Organization\",\"@id\":\"https:\\\/\\\/www.laguiadepamplona.com\\\/actualidad\\\/#organization\",\"name\":\"La Gu\u00eda de Pamplona \\\/ Noticias\",\"url\":\"https:\\\/\\\/www.laguiadepamplona.com\\\/actualidad\\\/\",\"logo\":{\"@type\":\"ImageObject\",\"inLanguage\":\"es\",\"@id\":\"https:\\\/\\\/www.laguiadepamplona.com\\\/actualidad\\\/#\\\/schema\\\/logo\\\/image\\\/\",\"url\":\"https:\\\/\\\/www.laguiadepamplona.com\\\/actualidad\\\/wp-content\\\/uploads\\\/2018\\\/11\\\/logo-laguiadepamplona18-web1.png\",\"contentUrl\":\"https:\\\/\\\/www.laguiadepamplona.com\\\/actualidad\\\/wp-content\\\/uploads\\\/2018\\\/11\\\/logo-laguiadepamplona18-web1.png\",\"width\":600,\"height\":196,\"caption\":\"La Gu\u00eda de Pamplona \\\/ Noticias\"},\"image\":{\"@id\":\"https:\\\/\\\/www.laguiadepamplona.com\\\/actualidad\\\/#\\\/schema\\\/logo\\\/image\\\/\"},\"sameAs\":[\"https:\\\/\\\/www.facebook.com\\\/laguiadepamplonacom-133175176762273\\\/?ref=hl\",\"https:\\\/\\\/x.com\\\/LaGuiadPamplona\",\"https:\\\/\\\/www.instagram.com\\\/la_guia_de_pamplona\\\/\",\"https:\\\/\\\/www.youtube.com\\\/user\\\/laguiadepamplona\"]},{\"@type\":\"Person\",\"@id\":\"https:\\\/\\\/www.laguiadepamplona.com\\\/actualidad\\\/#\\\/schema\\\/person\\\/efe887376f0213d4657c93adc50b1fdb\",\"name\":\"La Gu\u00eda de Pamplona\",\"image\":{\"@type\":\"ImageObject\",\"inLanguage\":\"es\",\"@id\":\"https:\\\/\\\/secure.gravatar.com\\\/avatar\\\/b6992f131dc8d30ab0dff15446e9d346d9dbd95992de0fef795073f5ea83a81c?s=96&d=mm&r=g\",\"url\":\"https:\\\/\\\/secure.gravatar.com\\\/avatar\\\/b6992f131dc8d30ab0dff15446e9d346d9dbd95992de0fef795073f5ea83a81c?s=96&d=mm&r=g\",\"contentUrl\":\"https:\\\/\\\/secure.gravatar.com\\\/avatar\\\/b6992f131dc8d30ab0dff15446e9d346d9dbd95992de0fef795073f5ea83a81c?s=96&d=mm&r=g\",\"caption\":\"La Gu\u00eda de Pamplona\"}}]}<\/script>\n<!-- \/ Yoast SEO plugin. -->","yoast_head_json":{"title":"El alcalde de Pamplona recibe a la presidenta de la asociaci\u00f3n Hiru Hamabi 3\/12 de Da\u00f1o Cerebral Adquirido infantil (DCAi)","description":"El encuentro se produce la v\u00edspera del d\u00eda nacional en el que la fachada del Ayuntamiento lucir\u00e1 en azul a solicitud de esta asociaci\u00f3n y de ADACEN","robots":{"index":"index","follow":"follow","max-snippet":"max-snippet:-1","max-image-preview":"max-image-preview:large","max-video-preview":"max-video-preview:-1"},"canonical":"https:\/\/www.laguiadepamplona.com\/actualidad\/el-alcalde-de-pamplona-recibe-a-la-presidenta-de-la-asociacion-hiru-hamabi-3-12-de-dano-cerebral-adquirido-infantil-dcai\/","og_locale":"es_ES","og_type":"article","og_title":"El alcalde de Pamplona recibe a la presidenta de la asociaci\u00f3n Hiru Hamabi 3\/12 de Da\u00f1o Cerebral Adquirido infantil (DCAi)","og_description":"El encuentro se produce la v\u00edspera del d\u00eda nacional en el que la fachada del Ayuntamiento lucir\u00e1 en azul a solicitud de esta asociaci\u00f3n y de ADACEN","og_url":"https:\/\/www.laguiadepamplona.com\/actualidad\/el-alcalde-de-pamplona-recibe-a-la-presidenta-de-la-asociacion-hiru-hamabi-3-12-de-dano-cerebral-adquirido-infantil-dcai\/","og_site_name":"La Gu\u00eda de Pamplona","article_publisher":"https:\/\/www.facebook.com\/laguiadepamplonacom-133175176762273\/?ref=hl","article_published_time":"2022-10-25T16:08:05+00:00","article_modified_time":"2023-04-11T09:47:40+00:00","og_image":[{"width":1920,"height":1280,"url":"https:\/\/www.laguiadepamplona.com\/actualidad\/wp-content\/uploads\/2022\/10\/asociacion-hiru-hamabi-ee5a1801_0.webp","type":"image\/webp"}],"author":"La Gu\u00eda de Pamplona","twitter_card":"summary_large_image","twitter_creator":"@LaGuiadPamplona","twitter_site":"@LaGuiadPamplona","twitter_misc":{"Escrito por":"La Gu\u00eda de Pamplona","Tiempo de lectura":"3 minutos"},"schema":{"@context":"https:\/\/schema.org","@graph":[{"@type":"Article","@id":"https:\/\/www.laguiadepamplona.com\/actualidad\/el-alcalde-de-pamplona-recibe-a-la-presidenta-de-la-asociacion-hiru-hamabi-3-12-de-dano-cerebral-adquirido-infantil-dcai\/#article","isPartOf":{"@id":"https:\/\/www.laguiadepamplona.com\/actualidad\/el-alcalde-de-pamplona-recibe-a-la-presidenta-de-la-asociacion-hiru-hamabi-3-12-de-dano-cerebral-adquirido-infantil-dcai\/"},"author":{"name":"La Gu\u00eda de Pamplona","@id":"https:\/\/www.laguiadepamplona.com\/actualidad\/#\/schema\/person\/efe887376f0213d4657c93adc50b1fdb"},"headline":"El alcalde de Pamplona recibe a la presidenta de la asociaci\u00f3n Hiru Hamabi 3\/12 de Da\u00f1o Cerebral Adquirido infantil (DCAi)","datePublished":"2022-10-25T16:08:05+00:00","dateModified":"2023-04-11T09:47:40+00:00","mainEntityOfPage":{"@id":"https:\/\/www.laguiadepamplona.com\/actualidad\/el-alcalde-de-pamplona-recibe-a-la-presidenta-de-la-asociacion-hiru-hamabi-3-12-de-dano-cerebral-adquirido-infantil-dcai\/"},"wordCount":680,"commentCount":0,"publisher":{"@id":"https:\/\/www.laguiadepamplona.com\/actualidad\/#organization"},"image":{"@id":"https:\/\/www.laguiadepamplona.com\/actualidad\/el-alcalde-de-pamplona-recibe-a-la-presidenta-de-la-asociacion-hiru-hamabi-3-12-de-dano-cerebral-adquirido-infantil-dcai\/#primaryimage"},"thumbnailUrl":"https:\/\/www.laguiadepamplona.com\/actualidad\/wp-content\/uploads\/2022\/10\/asociacion-hiru-hamabi-ee5a1801_0.webp","articleSection":["Ayto Pamplona"],"inLanguage":"es","potentialAction":[{"@type":"CommentAction","name":"Comment","target":["https:\/\/www.laguiadepamplona.com\/actualidad\/el-alcalde-de-pamplona-recibe-a-la-presidenta-de-la-asociacion-hiru-hamabi-3-12-de-dano-cerebral-adquirido-infantil-dcai\/#respond"]}]},{"@type":"WebPage","@id":"https:\/\/www.laguiadepamplona.com\/actualidad\/el-alcalde-de-pamplona-recibe-a-la-presidenta-de-la-asociacion-hiru-hamabi-3-12-de-dano-cerebral-adquirido-infantil-dcai\/","url":"https:\/\/www.laguiadepamplona.com\/actualidad\/el-alcalde-de-pamplona-recibe-a-la-presidenta-de-la-asociacion-hiru-hamabi-3-12-de-dano-cerebral-adquirido-infantil-dcai\/","name":"El alcalde de Pamplona recibe a la presidenta de la asociaci\u00f3n Hiru Hamabi 3\/12 de Da\u00f1o Cerebral Adquirido infantil (DCAi)","isPartOf":{"@id":"https:\/\/www.laguiadepamplona.com\/actualidad\/#website"},"primaryImageOfPage":{"@id":"https:\/\/www.laguiadepamplona.com\/actualidad\/el-alcalde-de-pamplona-recibe-a-la-presidenta-de-la-asociacion-hiru-hamabi-3-12-de-dano-cerebral-adquirido-infantil-dcai\/#primaryimage"},"image":{"@id":"https:\/\/www.laguiadepamplona.com\/actualidad\/el-alcalde-de-pamplona-recibe-a-la-presidenta-de-la-asociacion-hiru-hamabi-3-12-de-dano-cerebral-adquirido-infantil-dcai\/#primaryimage"},"thumbnailUrl":"https:\/\/www.laguiadepamplona.com\/actualidad\/wp-content\/uploads\/2022\/10\/asociacion-hiru-hamabi-ee5a1801_0.webp","datePublished":"2022-10-25T16:08:05+00:00","dateModified":"2023-04-11T09:47:40+00:00","description":"El encuentro se produce la v\u00edspera del d\u00eda nacional en el que la fachada del Ayuntamiento lucir\u00e1 en azul a solicitud de esta asociaci\u00f3n y de ADACEN","breadcrumb":{"@id":"https:\/\/www.laguiadepamplona.com\/actualidad\/el-alcalde-de-pamplona-recibe-a-la-presidenta-de-la-asociacion-hiru-hamabi-3-12-de-dano-cerebral-adquirido-infantil-dcai\/#breadcrumb"},"inLanguage":"es","potentialAction":[{"@type":"ReadAction","target":["https:\/\/www.laguiadepamplona.com\/actualidad\/el-alcalde-de-pamplona-recibe-a-la-presidenta-de-la-asociacion-hiru-hamabi-3-12-de-dano-cerebral-adquirido-infantil-dcai\/"]}]},{"@type":"ImageObject","inLanguage":"es","@id":"https:\/\/www.laguiadepamplona.com\/actualidad\/el-alcalde-de-pamplona-recibe-a-la-presidenta-de-la-asociacion-hiru-hamabi-3-12-de-dano-cerebral-adquirido-infantil-dcai\/#primaryimage","url":"https:\/\/www.laguiadepamplona.com\/actualidad\/wp-content\/uploads\/2022\/10\/asociacion-hiru-hamabi-ee5a1801_0.webp","contentUrl":"https:\/\/www.laguiadepamplona.com\/actualidad\/wp-content\/uploads\/2022\/10\/asociacion-hiru-hamabi-ee5a1801_0.webp","width":1920,"height":1280},{"@type":"BreadcrumbList","@id":"https:\/\/www.laguiadepamplona.com\/actualidad\/el-alcalde-de-pamplona-recibe-a-la-presidenta-de-la-asociacion-hiru-hamabi-3-12-de-dano-cerebral-adquirido-infantil-dcai\/#breadcrumb","itemListElement":[{"@type":"ListItem","position":1,"name":"Portada","item":"https:\/\/www.laguiadepamplona.com\/actualidad\/"},{"@type":"ListItem","position":2,"name":"El alcalde de Pamplona recibe a la presidenta de la asociaci\u00f3n Hiru Hamabi 3\/12 de Da\u00f1o Cerebral Adquirido infantil (DCAi)"}]},{"@type":"WebSite","@id":"https:\/\/www.laguiadepamplona.com\/actualidad\/#website","url":"https:\/\/www.laguiadepamplona.com\/actualidad\/","name":"La gu\u00eda de Pamplona","description":"Noticias de Pamplona","publisher":{"@id":"https:\/\/www.laguiadepamplona.com\/actualidad\/#organization"},"potentialAction":[{"@type":"SearchAction","target":{"@type":"EntryPoint","urlTemplate":"https:\/\/www.laguiadepamplona.com\/actualidad\/?s={search_term_string}"},"query-input":{"@type":"PropertyValueSpecification","valueRequired":true,"valueName":"search_term_string"}}],"inLanguage":"es"},{"@type":"Organization","@id":"https:\/\/www.laguiadepamplona.com\/actualidad\/#organization","name":"La Gu\u00eda de Pamplona \/ Noticias","url":"https:\/\/www.laguiadepamplona.com\/actualidad\/","logo":{"@type":"ImageObject","inLanguage":"es","@id":"https:\/\/www.laguiadepamplona.com\/actualidad\/#\/schema\/logo\/image\/","url":"https:\/\/www.laguiadepamplona.com\/actualidad\/wp-content\/uploads\/2018\/11\/logo-laguiadepamplona18-web1.png","contentUrl":"https:\/\/www.laguiadepamplona.com\/actualidad\/wp-content\/uploads\/2018\/11\/logo-laguiadepamplona18-web1.png","width":600,"height":196,"caption":"La Gu\u00eda de Pamplona \/ Noticias"},"image":{"@id":"https:\/\/www.laguiadepamplona.com\/actualidad\/#\/schema\/logo\/image\/"},"sameAs":["https:\/\/www.facebook.com\/laguiadepamplonacom-133175176762273\/?ref=hl","https:\/\/x.com\/LaGuiadPamplona","https:\/\/www.instagram.com\/la_guia_de_pamplona\/","https:\/\/www.youtube.com\/user\/laguiadepamplona"]},{"@type":"Person","@id":"https:\/\/www.laguiadepamplona.com\/actualidad\/#\/schema\/person\/efe887376f0213d4657c93adc50b1fdb","name":"La Gu\u00eda de Pamplona","image":{"@type":"ImageObject","inLanguage":"es","@id":"https:\/\/secure.gravatar.com\/avatar\/b6992f131dc8d30ab0dff15446e9d346d9dbd95992de0fef795073f5ea83a81c?s=96&d=mm&r=g","url":"https:\/\/secure.gravatar.com\/avatar\/b6992f131dc8d30ab0dff15446e9d346d9dbd95992de0fef795073f5ea83a81c?s=96&d=mm&r=g","contentUrl":"https:\/\/secure.gravatar.com\/avatar\/b6992f131dc8d30ab0dff15446e9d346d9dbd95992de0fef795073f5ea83a81c?s=96&d=mm&r=g","caption":"La Gu\u00eda de Pamplona"}}]}},"post_mailing_queue_ids":[],"_links":{"self":[{"href":"https:\/\/www.laguiadepamplona.com\/actualidad\/wp-json\/wp\/v2\/posts\/42019","targetHints":{"allow":["GET"]}}],"collection":[{"href":"https:\/\/www.laguiadepamplona.com\/actualidad\/wp-json\/wp\/v2\/posts"}],"about":[{"href":"https:\/\/www.laguiadepamplona.com\/actualidad\/wp-json\/wp\/v2\/types\/post"}],"author":[{"embeddable":true,"href":"https:\/\/www.laguiadepamplona.com\/actualidad\/wp-json\/wp\/v2\/users\/1"}],"replies":[{"embeddable":true,"href":"https:\/\/www.laguiadepamplona.com\/actualidad\/wp-json\/wp\/v2\/comments?post=42019"}],"version-history":[{"count":0,"href":"https:\/\/www.laguiadepamplona.com\/actualidad\/wp-json\/wp\/v2\/posts\/42019\/revisions"}],"wp:featuredmedia":[{"embeddable":true,"href":"https:\/\/www.laguiadepamplona.com\/actualidad\/wp-json\/wp\/v2\/media\/42020"}],"wp:attachment":[{"href":"https:\/\/www.laguiadepamplona.com\/actualidad\/wp-json\/wp\/v2\/media?parent=42019"}],"wp:term":[{"taxonomy":"category","embeddable":true,"href":"https:\/\/www.laguiadepamplona.com\/actualidad\/wp-json\/wp\/v2\/categories?post=42019"},{"taxonomy":"post_tag","embeddable":true,"href":"https:\/\/www.laguiadepamplona.com\/actualidad\/wp-json\/wp\/v2\/tags?post=42019"}],"curies":[{"name":"wp","href":"https:\/\/api.w.org\/{rel}","templated":true}]}}