{"id":42016,"date":"2022-10-25T18:03:35","date_gmt":"2022-10-25T16:03:35","guid":{"rendered":"https:\/\/www.laguiadepamplona.com\/actualidad\/?p=42016"},"modified":"2023-04-11T11:47:40","modified_gmt":"2023-04-11T09:47:40","slug":"alumnado-de-3o-y-4o-de-la-eso-del-colegio-la-compasion-escolapios-decoran-la-cabina-de-medicion-de-la-calidad-del-aire-dentro-de-una-propuesta-de-sensibilizacion-ambiental","status":"publish","type":"post","link":"https:\/\/www.laguiadepamplona.com\/actualidad\/alumnado-de-3o-y-4o-de-la-eso-del-colegio-la-compasion-escolapios-decoran-la-cabina-de-medicion-de-la-calidad-del-aire-dentro-de-una-propuesta-de-sensibilizacion-ambiental\/","title":{"rendered":"Alumnado de 3\u00ba y 4\u00ba de la ESO del colegio la Compasi\u00f3n-Escolapios decoran la cabina de medici\u00f3n de la calidad del aire, dentro de una propuesta de sensibilizaci\u00f3n ambiental"},"content":{"rendered":"<h5>Acompa\u00f1ados por menores h\u00fangaros y polacos trabajan en el aula sobre la importancia de la red de captadores, la contaminaci\u00f3n y la movilidad limpia<\/h5>\n<p><!--more--><\/p>\n<p>Ayuntamiento de Pamplona desde el a\u00f1o 2016 informa a los ciudadanos diariamente de la calidad del aire en la ciudad, gracias a los captadores que mantiene en colaboraci\u00f3n con el Gobierno de Navarra desde el a\u00f1o 2001. Est\u00e1n situados en los barrios de Iturrama, plaza Felisa Mun\u00e1rriz de Milagrosa (valora la contaminaci\u00f3n por tr\u00e1fico) y Rochapea, una estaci\u00f3n que tiene tambi\u00e9n funci\u00f3n educativa. Precisamente esta \u00faltima se ha convertido en el centro de una acci\u00f3n de sensibilizaci\u00f3n realizada con alumnado de 3\u00aa y4\u00ba de la ESO del colegio La Compasi\u00f3n-Escolapios.<\/p>\n<p>Esta ma\u00f1ana una treintena de menores se ha encargado de pintar de blanco el exterior de la cabina y, sobre ese \u2018lienzo\u2019, han dibujado un mural inspirado en acciones sostenibles que han dise\u00f1ado en el aula con la ayuda de Patxi Pernaut, arquitecto y profesor. Tambi\u00e9n han participado en la jornada un grupo de 12 estudiantes h\u00fangaros y polacos que est\u00e1n de intercambio en el centro gracias al del programa KA122 Erasmus +. Para hacer posible esta acci\u00f3n, que se realiza peri\u00f3dicamente, han colaborado con el colegio el Ayuntamiento de Pamplona, el Gobierno de Navarra, y la Mancomunidad.<br \/>\n<script async src=\"\/\/pagead2.googlesyndication.com\/pagead\/js\/adsbygoogle.js\"><\/script><br \/>\n<!-- Noticias La Guia de Pamplona --><br \/>\n<ins class=\"adsbygoogle\"\nstyle=\"display:block\"\ndata-ad-client=\"ca-pub-6943679897239327\"\ndata-ad-slot=\"7048180777\"\ndata-ad-format=\"auto\"><\/ins><br \/>\n<script>\n(adsbygoogle = window.adsbygoogle || []).push({});\n<\/script><\/p>\n<p>Para completar las actividades de sensibilizaci\u00f3n del alumnado sobre la estrategia \u2018huella verde\u2019 y el cambio clim\u00e1tico, tras pintar la cabina y acompa\u00f1ados por sus profesores, los menores se han ido a dar un paseo por el centro de la ciudad utilizando el servicio de bicicletas el\u00e9ctricas municipales. Entre las actividades previstas por el centro para esta semana tambi\u00e9n est\u00e1 hacer un paseo por el parque fluvial del Arga o la visita al jard\u00edn permeable de la calle Carmen Baroja Nessi.<\/p>\n<p>La creaci\u00f3n de este tipo de jardines, la movilidad ciclista y el trabajo municipal en lo relativo a educaci\u00f3n ambiental de cara a la reducci\u00f3n de las emisiones de Gases de Efecto Invernadero (GEI) se enmarca en el esfuerzo municipal \u2018Go Green Pamplona\u2019 y la Estrategia de Transici\u00f3n Energ\u00e9tica y Cambio Clim\u00e1tico 2030, iniciativas que persiguen un modelo de ciudad sostenible y descarbonizada.<br \/>\n<script async src=\"\/\/pagead2.googlesyndication.com\/pagead\/js\/adsbygoogle.js\"><\/script><br \/>\n<!-- Noticias La Guia de Pamplona --><br \/>\n<ins class=\"adsbygoogle\"\nstyle=\"display:block\"\ndata-ad-client=\"ca-pub-6943679897239327\"\ndata-ad-slot=\"7048180777\"\ndata-ad-format=\"auto\"><\/ins><br \/>\n<script>\n(adsbygoogle = window.adsbygoogle || []).push({});\n<\/script><\/p>\n<p><strong>Una ciudad con calidad de aire<\/strong><\/p>\n<p>Las tres cabinas de medici\u00f3n registran el nivel en aire de varios contaminantes: Di\u00f3xido de Nitr\u00f3geno (NO2), Di\u00f3xido de Azufre (SO2), Ozono (O3) y part\u00edculas en suspensi\u00f3n menores de 10 micras (PM10), las llamadas \u2018humos negros\u2019. Esta Informacion, que registra Gobierno de Navarra, se divulga en la p\u00e1gina <a href=\"https:\/\/www.navarra.es\/es\/calidaddelaire\" target=\"_blank\" rel=\"noopener\">web calidad del aire<\/a>.<\/p>\n<p>Existe un compromiso municipal de activar el protocolo de actuaciones de informaci\u00f3n y alerta a su poblaci\u00f3n si se superara el umbral de alguno de los valores de estos contaminantes que repercuten en la salud. Las horquillas de los <a href=\"https:\/\/www.pamplona.es\/ayuntamiento\/varios\/ozono-indice-de-calidad-del-aire-ica\" target=\"_blank\" rel=\"noopener\">valores de referencia<\/a> est\u00e1n incluidas en <a href=\"http:\/\/www.pamplona.es\" target=\"_blank\" rel=\"noopener\">www.pamplona.es<\/a>.<br \/>\n<script async src=\"\/\/pagead2.googlesyndication.com\/pagead\/js\/adsbygoogle.js\"><\/script><br \/>\n<!-- Noticias La Guia de Pamplona --><br \/>\n<ins class=\"adsbygoogle\"\nstyle=\"display:block\"\ndata-ad-client=\"ca-pub-6943679897239327\"\ndata-ad-slot=\"7048180777\"\ndata-ad-format=\"auto\"><\/ins><br \/>\n<script>\n(adsbygoogle = window.adsbygoogle || []).push({});\n<\/script><\/p>\n<p>En Pamplona, desde que se realizan mediciones, nunca se ha tenido que implementar este procedimiento ya que la calidad del aire en la ciudad es buena. Se estuvo cerca en marzo de este a\u00f1o y de forma puntual por el nivel de polvo en suspensi\u00f3n por el episodio de calima que ti\u00f1o la ciudad de naranja, pero en aquellos momentos la extensi\u00f3n del uso de la mascarilla no lo hizo necesario.<\/p>\n","protected":false},"excerpt":{"rendered":"<p>Acompa\u00f1ados por menores h\u00fangaros y polacos trabajan en el aula sobre la importancia de la red de captadores, la contaminaci\u00f3n y la movilidad limpia<\/p>\n","protected":false},"author":1,"featured_media":42017,"comment_status":"open","ping_status":"closed","sticky":false,"template":"","format":"standard","meta":{"footnotes":""},"categories":[2],"tags":[],"class_list":["post-42016","post","type-post","status-publish","format-standard","has-post-thumbnail","hentry","category-ayuntamiento-pamplona"],"yoast_head":"<!-- This site is optimized with the Yoast SEO plugin v27.3 - https:\/\/yoast.com\/product\/yoast-seo-wordpress\/ -->\n<title>Alumnado de 3\u00ba y 4\u00ba de la ESO del colegio la Compasi\u00f3n-Escolapios decoran la cabina de medici\u00f3n de la calidad del aire, dentro de una propuesta de sensibilizaci\u00f3n ambiental<\/title>\n<meta name=\"description\" content=\"Acompa\u00f1ados por menores h\u00fangaros y polacos trabajan en el aula sobre la importancia de la red de captadores, la contaminaci\u00f3n y la movilidad limpia\" \/>\n<meta name=\"robots\" content=\"index, follow, max-snippet:-1, max-image-preview:large, max-video-preview:-1\" \/>\n<link rel=\"canonical\" href=\"https:\/\/www.laguiadepamplona.com\/actualidad\/alumnado-de-3o-y-4o-de-la-eso-del-colegio-la-compasion-escolapios-decoran-la-cabina-de-medicion-de-la-calidad-del-aire-dentro-de-una-propuesta-de-sensibilizacion-ambiental\/\" \/>\n<meta property=\"og:locale\" content=\"es_ES\" \/>\n<meta property=\"og:type\" content=\"article\" \/>\n<meta property=\"og:title\" content=\"Alumnado de 3\u00ba y 4\u00ba de la ESO del colegio la Compasi\u00f3n-Escolapios decoran la cabina de medici\u00f3n de la calidad del aire, dentro de una propuesta de sensibilizaci\u00f3n ambiental\" \/>\n<meta property=\"og:description\" content=\"Acompa\u00f1ados por menores h\u00fangaros y polacos trabajan en el aula sobre la importancia de la red de captadores, la contaminaci\u00f3n y la movilidad limpia\" \/>\n<meta property=\"og:url\" content=\"https:\/\/www.laguiadepamplona.com\/actualidad\/alumnado-de-3o-y-4o-de-la-eso-del-colegio-la-compasion-escolapios-decoran-la-cabina-de-medicion-de-la-calidad-del-aire-dentro-de-una-propuesta-de-sensibilizacion-ambiental\/\" \/>\n<meta property=\"og:site_name\" content=\"La Gu\u00eda de Pamplona\" \/>\n<meta property=\"article:publisher\" content=\"https:\/\/www.facebook.com\/laguiadepamplonacom-133175176762273\/?ref=hl\" \/>\n<meta property=\"article:published_time\" content=\"2022-10-25T16:03:35+00:00\" \/>\n<meta property=\"article:modified_time\" content=\"2023-04-11T09:47:40+00:00\" \/>\n<meta property=\"og:image\" content=\"https:\/\/www.laguiadepamplona.com\/actualidad\/wp-content\/uploads\/2022\/10\/cabina-medicion-colegio-de-la-compasion-ee5a1670.webp\" \/>\n\t<meta property=\"og:image:width\" content=\"1920\" \/>\n\t<meta property=\"og:image:height\" content=\"1280\" \/>\n\t<meta property=\"og:image:type\" content=\"image\/webp\" \/>\n<meta name=\"author\" content=\"La Gu\u00eda de Pamplona\" \/>\n<meta name=\"twitter:card\" content=\"summary_large_image\" \/>\n<meta name=\"twitter:creator\" content=\"@LaGuiadPamplona\" \/>\n<meta name=\"twitter:site\" content=\"@LaGuiadPamplona\" \/>\n<meta name=\"twitter:label1\" content=\"Escrito por\" \/>\n\t<meta name=\"twitter:data1\" content=\"La Gu\u00eda de Pamplona\" \/>\n\t<meta name=\"twitter:label2\" content=\"Tiempo de lectura\" \/>\n\t<meta name=\"twitter:data2\" content=\"3 minutos\" \/>\n<script type=\"application\/ld+json\" class=\"yoast-schema-graph\">{\"@context\":\"https:\\\/\\\/schema.org\",\"@graph\":[{\"@type\":\"Article\",\"@id\":\"https:\\\/\\\/www.laguiadepamplona.com\\\/actualidad\\\/alumnado-de-3o-y-4o-de-la-eso-del-colegio-la-compasion-escolapios-decoran-la-cabina-de-medicion-de-la-calidad-del-aire-dentro-de-una-propuesta-de-sensibilizacion-ambiental\\\/#article\",\"isPartOf\":{\"@id\":\"https:\\\/\\\/www.laguiadepamplona.com\\\/actualidad\\\/alumnado-de-3o-y-4o-de-la-eso-del-colegio-la-compasion-escolapios-decoran-la-cabina-de-medicion-de-la-calidad-del-aire-dentro-de-una-propuesta-de-sensibilizacion-ambiental\\\/\"},\"author\":{\"name\":\"La Gu\u00eda de Pamplona\",\"@id\":\"https:\\\/\\\/www.laguiadepamplona.com\\\/actualidad\\\/#\\\/schema\\\/person\\\/efe887376f0213d4657c93adc50b1fdb\"},\"headline\":\"Alumnado de 3\u00ba y 4\u00ba de la ESO del colegio la Compasi\u00f3n-Escolapios decoran la cabina de medici\u00f3n de la calidad del aire, dentro de una propuesta de sensibilizaci\u00f3n ambiental\",\"datePublished\":\"2022-10-25T16:03:35+00:00\",\"dateModified\":\"2023-04-11T09:47:40+00:00\",\"mainEntityOfPage\":{\"@id\":\"https:\\\/\\\/www.laguiadepamplona.com\\\/actualidad\\\/alumnado-de-3o-y-4o-de-la-eso-del-colegio-la-compasion-escolapios-decoran-la-cabina-de-medicion-de-la-calidad-del-aire-dentro-de-una-propuesta-de-sensibilizacion-ambiental\\\/\"},\"wordCount\":605,\"commentCount\":0,\"publisher\":{\"@id\":\"https:\\\/\\\/www.laguiadepamplona.com\\\/actualidad\\\/#organization\"},\"image\":{\"@id\":\"https:\\\/\\\/www.laguiadepamplona.com\\\/actualidad\\\/alumnado-de-3o-y-4o-de-la-eso-del-colegio-la-compasion-escolapios-decoran-la-cabina-de-medicion-de-la-calidad-del-aire-dentro-de-una-propuesta-de-sensibilizacion-ambiental\\\/#primaryimage\"},\"thumbnailUrl\":\"https:\\\/\\\/www.laguiadepamplona.com\\\/actualidad\\\/wp-content\\\/uploads\\\/2022\\\/10\\\/cabina-medicion-colegio-de-la-compasion-ee5a1670.webp\",\"articleSection\":[\"Ayto Pamplona\"],\"inLanguage\":\"es\",\"potentialAction\":[{\"@type\":\"CommentAction\",\"name\":\"Comment\",\"target\":[\"https:\\\/\\\/www.laguiadepamplona.com\\\/actualidad\\\/alumnado-de-3o-y-4o-de-la-eso-del-colegio-la-compasion-escolapios-decoran-la-cabina-de-medicion-de-la-calidad-del-aire-dentro-de-una-propuesta-de-sensibilizacion-ambiental\\\/#respond\"]}]},{\"@type\":\"WebPage\",\"@id\":\"https:\\\/\\\/www.laguiadepamplona.com\\\/actualidad\\\/alumnado-de-3o-y-4o-de-la-eso-del-colegio-la-compasion-escolapios-decoran-la-cabina-de-medicion-de-la-calidad-del-aire-dentro-de-una-propuesta-de-sensibilizacion-ambiental\\\/\",\"url\":\"https:\\\/\\\/www.laguiadepamplona.com\\\/actualidad\\\/alumnado-de-3o-y-4o-de-la-eso-del-colegio-la-compasion-escolapios-decoran-la-cabina-de-medicion-de-la-calidad-del-aire-dentro-de-una-propuesta-de-sensibilizacion-ambiental\\\/\",\"name\":\"Alumnado de 3\u00ba y 4\u00ba de la ESO del colegio la Compasi\u00f3n-Escolapios decoran la cabina de medici\u00f3n de la calidad del aire, dentro de una propuesta de sensibilizaci\u00f3n ambiental\",\"isPartOf\":{\"@id\":\"https:\\\/\\\/www.laguiadepamplona.com\\\/actualidad\\\/#website\"},\"primaryImageOfPage\":{\"@id\":\"https:\\\/\\\/www.laguiadepamplona.com\\\/actualidad\\\/alumnado-de-3o-y-4o-de-la-eso-del-colegio-la-compasion-escolapios-decoran-la-cabina-de-medicion-de-la-calidad-del-aire-dentro-de-una-propuesta-de-sensibilizacion-ambiental\\\/#primaryimage\"},\"image\":{\"@id\":\"https:\\\/\\\/www.laguiadepamplona.com\\\/actualidad\\\/alumnado-de-3o-y-4o-de-la-eso-del-colegio-la-compasion-escolapios-decoran-la-cabina-de-medicion-de-la-calidad-del-aire-dentro-de-una-propuesta-de-sensibilizacion-ambiental\\\/#primaryimage\"},\"thumbnailUrl\":\"https:\\\/\\\/www.laguiadepamplona.com\\\/actualidad\\\/wp-content\\\/uploads\\\/2022\\\/10\\\/cabina-medicion-colegio-de-la-compasion-ee5a1670.webp\",\"datePublished\":\"2022-10-25T16:03:35+00:00\",\"dateModified\":\"2023-04-11T09:47:40+00:00\",\"description\":\"Acompa\u00f1ados por menores h\u00fangaros y polacos trabajan en el aula sobre la importancia de la red de captadores, la contaminaci\u00f3n y la movilidad limpia\",\"breadcrumb\":{\"@id\":\"https:\\\/\\\/www.laguiadepamplona.com\\\/actualidad\\\/alumnado-de-3o-y-4o-de-la-eso-del-colegio-la-compasion-escolapios-decoran-la-cabina-de-medicion-de-la-calidad-del-aire-dentro-de-una-propuesta-de-sensibilizacion-ambiental\\\/#breadcrumb\"},\"inLanguage\":\"es\",\"potentialAction\":[{\"@type\":\"ReadAction\",\"target\":[\"https:\\\/\\\/www.laguiadepamplona.com\\\/actualidad\\\/alumnado-de-3o-y-4o-de-la-eso-del-colegio-la-compasion-escolapios-decoran-la-cabina-de-medicion-de-la-calidad-del-aire-dentro-de-una-propuesta-de-sensibilizacion-ambiental\\\/\"]}]},{\"@type\":\"ImageObject\",\"inLanguage\":\"es\",\"@id\":\"https:\\\/\\\/www.laguiadepamplona.com\\\/actualidad\\\/alumnado-de-3o-y-4o-de-la-eso-del-colegio-la-compasion-escolapios-decoran-la-cabina-de-medicion-de-la-calidad-del-aire-dentro-de-una-propuesta-de-sensibilizacion-ambiental\\\/#primaryimage\",\"url\":\"https:\\\/\\\/www.laguiadepamplona.com\\\/actualidad\\\/wp-content\\\/uploads\\\/2022\\\/10\\\/cabina-medicion-colegio-de-la-compasion-ee5a1670.webp\",\"contentUrl\":\"https:\\\/\\\/www.laguiadepamplona.com\\\/actualidad\\\/wp-content\\\/uploads\\\/2022\\\/10\\\/cabina-medicion-colegio-de-la-compasion-ee5a1670.webp\",\"width\":1920,\"height\":1280},{\"@type\":\"BreadcrumbList\",\"@id\":\"https:\\\/\\\/www.laguiadepamplona.com\\\/actualidad\\\/alumnado-de-3o-y-4o-de-la-eso-del-colegio-la-compasion-escolapios-decoran-la-cabina-de-medicion-de-la-calidad-del-aire-dentro-de-una-propuesta-de-sensibilizacion-ambiental\\\/#breadcrumb\",\"itemListElement\":[{\"@type\":\"ListItem\",\"position\":1,\"name\":\"Portada\",\"item\":\"https:\\\/\\\/www.laguiadepamplona.com\\\/actualidad\\\/\"},{\"@type\":\"ListItem\",\"position\":2,\"name\":\"Alumnado de 3\u00ba y 4\u00ba de la ESO del colegio la Compasi\u00f3n-Escolapios decoran la cabina de medici\u00f3n de la calidad del aire, dentro de una propuesta de sensibilizaci\u00f3n ambiental\"}]},{\"@type\":\"WebSite\",\"@id\":\"https:\\\/\\\/www.laguiadepamplona.com\\\/actualidad\\\/#website\",\"url\":\"https:\\\/\\\/www.laguiadepamplona.com\\\/actualidad\\\/\",\"name\":\"La gu\u00eda de Pamplona\",\"description\":\"Noticias de Pamplona\",\"publisher\":{\"@id\":\"https:\\\/\\\/www.laguiadepamplona.com\\\/actualidad\\\/#organization\"},\"potentialAction\":[{\"@type\":\"SearchAction\",\"target\":{\"@type\":\"EntryPoint\",\"urlTemplate\":\"https:\\\/\\\/www.laguiadepamplona.com\\\/actualidad\\\/?s={search_term_string}\"},\"query-input\":{\"@type\":\"PropertyValueSpecification\",\"valueRequired\":true,\"valueName\":\"search_term_string\"}}],\"inLanguage\":\"es\"},{\"@type\":\"Organization\",\"@id\":\"https:\\\/\\\/www.laguiadepamplona.com\\\/actualidad\\\/#organization\",\"name\":\"La Gu\u00eda de Pamplona \\\/ Noticias\",\"url\":\"https:\\\/\\\/www.laguiadepamplona.com\\\/actualidad\\\/\",\"logo\":{\"@type\":\"ImageObject\",\"inLanguage\":\"es\",\"@id\":\"https:\\\/\\\/www.laguiadepamplona.com\\\/actualidad\\\/#\\\/schema\\\/logo\\\/image\\\/\",\"url\":\"https:\\\/\\\/www.laguiadepamplona.com\\\/actualidad\\\/wp-content\\\/uploads\\\/2018\\\/11\\\/logo-laguiadepamplona18-web1.png\",\"contentUrl\":\"https:\\\/\\\/www.laguiadepamplona.com\\\/actualidad\\\/wp-content\\\/uploads\\\/2018\\\/11\\\/logo-laguiadepamplona18-web1.png\",\"width\":600,\"height\":196,\"caption\":\"La Gu\u00eda de Pamplona \\\/ Noticias\"},\"image\":{\"@id\":\"https:\\\/\\\/www.laguiadepamplona.com\\\/actualidad\\\/#\\\/schema\\\/logo\\\/image\\\/\"},\"sameAs\":[\"https:\\\/\\\/www.facebook.com\\\/laguiadepamplonacom-133175176762273\\\/?ref=hl\",\"https:\\\/\\\/x.com\\\/LaGuiadPamplona\",\"https:\\\/\\\/www.instagram.com\\\/la_guia_de_pamplona\\\/\",\"https:\\\/\\\/www.youtube.com\\\/user\\\/laguiadepamplona\"]},{\"@type\":\"Person\",\"@id\":\"https:\\\/\\\/www.laguiadepamplona.com\\\/actualidad\\\/#\\\/schema\\\/person\\\/efe887376f0213d4657c93adc50b1fdb\",\"name\":\"La Gu\u00eda de Pamplona\",\"image\":{\"@type\":\"ImageObject\",\"inLanguage\":\"es\",\"@id\":\"https:\\\/\\\/secure.gravatar.com\\\/avatar\\\/b6992f131dc8d30ab0dff15446e9d346d9dbd95992de0fef795073f5ea83a81c?s=96&d=mm&r=g\",\"url\":\"https:\\\/\\\/secure.gravatar.com\\\/avatar\\\/b6992f131dc8d30ab0dff15446e9d346d9dbd95992de0fef795073f5ea83a81c?s=96&d=mm&r=g\",\"contentUrl\":\"https:\\\/\\\/secure.gravatar.com\\\/avatar\\\/b6992f131dc8d30ab0dff15446e9d346d9dbd95992de0fef795073f5ea83a81c?s=96&d=mm&r=g\",\"caption\":\"La Gu\u00eda de Pamplona\"}}]}<\/script>\n<!-- \/ Yoast SEO plugin. -->","yoast_head_json":{"title":"Alumnado de 3\u00ba y 4\u00ba de la ESO del colegio la Compasi\u00f3n-Escolapios decoran la cabina de medici\u00f3n de la calidad del aire, dentro de una propuesta de sensibilizaci\u00f3n ambiental","description":"Acompa\u00f1ados por menores h\u00fangaros y polacos trabajan en el aula sobre la importancia de la red de captadores, la contaminaci\u00f3n y la movilidad limpia","robots":{"index":"index","follow":"follow","max-snippet":"max-snippet:-1","max-image-preview":"max-image-preview:large","max-video-preview":"max-video-preview:-1"},"canonical":"https:\/\/www.laguiadepamplona.com\/actualidad\/alumnado-de-3o-y-4o-de-la-eso-del-colegio-la-compasion-escolapios-decoran-la-cabina-de-medicion-de-la-calidad-del-aire-dentro-de-una-propuesta-de-sensibilizacion-ambiental\/","og_locale":"es_ES","og_type":"article","og_title":"Alumnado de 3\u00ba y 4\u00ba de la ESO del colegio la Compasi\u00f3n-Escolapios decoran la cabina de medici\u00f3n de la calidad del aire, dentro de una propuesta de sensibilizaci\u00f3n ambiental","og_description":"Acompa\u00f1ados por menores h\u00fangaros y polacos trabajan en el aula sobre la importancia de la red de captadores, la contaminaci\u00f3n y la movilidad limpia","og_url":"https:\/\/www.laguiadepamplona.com\/actualidad\/alumnado-de-3o-y-4o-de-la-eso-del-colegio-la-compasion-escolapios-decoran-la-cabina-de-medicion-de-la-calidad-del-aire-dentro-de-una-propuesta-de-sensibilizacion-ambiental\/","og_site_name":"La Gu\u00eda de Pamplona","article_publisher":"https:\/\/www.facebook.com\/laguiadepamplonacom-133175176762273\/?ref=hl","article_published_time":"2022-10-25T16:03:35+00:00","article_modified_time":"2023-04-11T09:47:40+00:00","og_image":[{"width":1920,"height":1280,"url":"https:\/\/www.laguiadepamplona.com\/actualidad\/wp-content\/uploads\/2022\/10\/cabina-medicion-colegio-de-la-compasion-ee5a1670.webp","type":"image\/webp"}],"author":"La Gu\u00eda de Pamplona","twitter_card":"summary_large_image","twitter_creator":"@LaGuiadPamplona","twitter_site":"@LaGuiadPamplona","twitter_misc":{"Escrito por":"La Gu\u00eda de Pamplona","Tiempo de lectura":"3 minutos"},"schema":{"@context":"https:\/\/schema.org","@graph":[{"@type":"Article","@id":"https:\/\/www.laguiadepamplona.com\/actualidad\/alumnado-de-3o-y-4o-de-la-eso-del-colegio-la-compasion-escolapios-decoran-la-cabina-de-medicion-de-la-calidad-del-aire-dentro-de-una-propuesta-de-sensibilizacion-ambiental\/#article","isPartOf":{"@id":"https:\/\/www.laguiadepamplona.com\/actualidad\/alumnado-de-3o-y-4o-de-la-eso-del-colegio-la-compasion-escolapios-decoran-la-cabina-de-medicion-de-la-calidad-del-aire-dentro-de-una-propuesta-de-sensibilizacion-ambiental\/"},"author":{"name":"La Gu\u00eda de Pamplona","@id":"https:\/\/www.laguiadepamplona.com\/actualidad\/#\/schema\/person\/efe887376f0213d4657c93adc50b1fdb"},"headline":"Alumnado de 3\u00ba y 4\u00ba de la ESO del colegio la Compasi\u00f3n-Escolapios decoran la cabina de medici\u00f3n de la calidad del aire, dentro de una propuesta de sensibilizaci\u00f3n ambiental","datePublished":"2022-10-25T16:03:35+00:00","dateModified":"2023-04-11T09:47:40+00:00","mainEntityOfPage":{"@id":"https:\/\/www.laguiadepamplona.com\/actualidad\/alumnado-de-3o-y-4o-de-la-eso-del-colegio-la-compasion-escolapios-decoran-la-cabina-de-medicion-de-la-calidad-del-aire-dentro-de-una-propuesta-de-sensibilizacion-ambiental\/"},"wordCount":605,"commentCount":0,"publisher":{"@id":"https:\/\/www.laguiadepamplona.com\/actualidad\/#organization"},"image":{"@id":"https:\/\/www.laguiadepamplona.com\/actualidad\/alumnado-de-3o-y-4o-de-la-eso-del-colegio-la-compasion-escolapios-decoran-la-cabina-de-medicion-de-la-calidad-del-aire-dentro-de-una-propuesta-de-sensibilizacion-ambiental\/#primaryimage"},"thumbnailUrl":"https:\/\/www.laguiadepamplona.com\/actualidad\/wp-content\/uploads\/2022\/10\/cabina-medicion-colegio-de-la-compasion-ee5a1670.webp","articleSection":["Ayto Pamplona"],"inLanguage":"es","potentialAction":[{"@type":"CommentAction","name":"Comment","target":["https:\/\/www.laguiadepamplona.com\/actualidad\/alumnado-de-3o-y-4o-de-la-eso-del-colegio-la-compasion-escolapios-decoran-la-cabina-de-medicion-de-la-calidad-del-aire-dentro-de-una-propuesta-de-sensibilizacion-ambiental\/#respond"]}]},{"@type":"WebPage","@id":"https:\/\/www.laguiadepamplona.com\/actualidad\/alumnado-de-3o-y-4o-de-la-eso-del-colegio-la-compasion-escolapios-decoran-la-cabina-de-medicion-de-la-calidad-del-aire-dentro-de-una-propuesta-de-sensibilizacion-ambiental\/","url":"https:\/\/www.laguiadepamplona.com\/actualidad\/alumnado-de-3o-y-4o-de-la-eso-del-colegio-la-compasion-escolapios-decoran-la-cabina-de-medicion-de-la-calidad-del-aire-dentro-de-una-propuesta-de-sensibilizacion-ambiental\/","name":"Alumnado de 3\u00ba y 4\u00ba de la ESO del colegio la Compasi\u00f3n-Escolapios decoran la cabina de medici\u00f3n de la calidad del aire, dentro de una propuesta de sensibilizaci\u00f3n ambiental","isPartOf":{"@id":"https:\/\/www.laguiadepamplona.com\/actualidad\/#website"},"primaryImageOfPage":{"@id":"https:\/\/www.laguiadepamplona.com\/actualidad\/alumnado-de-3o-y-4o-de-la-eso-del-colegio-la-compasion-escolapios-decoran-la-cabina-de-medicion-de-la-calidad-del-aire-dentro-de-una-propuesta-de-sensibilizacion-ambiental\/#primaryimage"},"image":{"@id":"https:\/\/www.laguiadepamplona.com\/actualidad\/alumnado-de-3o-y-4o-de-la-eso-del-colegio-la-compasion-escolapios-decoran-la-cabina-de-medicion-de-la-calidad-del-aire-dentro-de-una-propuesta-de-sensibilizacion-ambiental\/#primaryimage"},"thumbnailUrl":"https:\/\/www.laguiadepamplona.com\/actualidad\/wp-content\/uploads\/2022\/10\/cabina-medicion-colegio-de-la-compasion-ee5a1670.webp","datePublished":"2022-10-25T16:03:35+00:00","dateModified":"2023-04-11T09:47:40+00:00","description":"Acompa\u00f1ados por menores h\u00fangaros y polacos trabajan en el aula sobre la importancia de la red de captadores, la contaminaci\u00f3n y la movilidad limpia","breadcrumb":{"@id":"https:\/\/www.laguiadepamplona.com\/actualidad\/alumnado-de-3o-y-4o-de-la-eso-del-colegio-la-compasion-escolapios-decoran-la-cabina-de-medicion-de-la-calidad-del-aire-dentro-de-una-propuesta-de-sensibilizacion-ambiental\/#breadcrumb"},"inLanguage":"es","potentialAction":[{"@type":"ReadAction","target":["https:\/\/www.laguiadepamplona.com\/actualidad\/alumnado-de-3o-y-4o-de-la-eso-del-colegio-la-compasion-escolapios-decoran-la-cabina-de-medicion-de-la-calidad-del-aire-dentro-de-una-propuesta-de-sensibilizacion-ambiental\/"]}]},{"@type":"ImageObject","inLanguage":"es","@id":"https:\/\/www.laguiadepamplona.com\/actualidad\/alumnado-de-3o-y-4o-de-la-eso-del-colegio-la-compasion-escolapios-decoran-la-cabina-de-medicion-de-la-calidad-del-aire-dentro-de-una-propuesta-de-sensibilizacion-ambiental\/#primaryimage","url":"https:\/\/www.laguiadepamplona.com\/actualidad\/wp-content\/uploads\/2022\/10\/cabina-medicion-colegio-de-la-compasion-ee5a1670.webp","contentUrl":"https:\/\/www.laguiadepamplona.com\/actualidad\/wp-content\/uploads\/2022\/10\/cabina-medicion-colegio-de-la-compasion-ee5a1670.webp","width":1920,"height":1280},{"@type":"BreadcrumbList","@id":"https:\/\/www.laguiadepamplona.com\/actualidad\/alumnado-de-3o-y-4o-de-la-eso-del-colegio-la-compasion-escolapios-decoran-la-cabina-de-medicion-de-la-calidad-del-aire-dentro-de-una-propuesta-de-sensibilizacion-ambiental\/#breadcrumb","itemListElement":[{"@type":"ListItem","position":1,"name":"Portada","item":"https:\/\/www.laguiadepamplona.com\/actualidad\/"},{"@type":"ListItem","position":2,"name":"Alumnado de 3\u00ba y 4\u00ba de la ESO del colegio la Compasi\u00f3n-Escolapios decoran la cabina de medici\u00f3n de la calidad del aire, dentro de una propuesta de sensibilizaci\u00f3n ambiental"}]},{"@type":"WebSite","@id":"https:\/\/www.laguiadepamplona.com\/actualidad\/#website","url":"https:\/\/www.laguiadepamplona.com\/actualidad\/","name":"La gu\u00eda de Pamplona","description":"Noticias de Pamplona","publisher":{"@id":"https:\/\/www.laguiadepamplona.com\/actualidad\/#organization"},"potentialAction":[{"@type":"SearchAction","target":{"@type":"EntryPoint","urlTemplate":"https:\/\/www.laguiadepamplona.com\/actualidad\/?s={search_term_string}"},"query-input":{"@type":"PropertyValueSpecification","valueRequired":true,"valueName":"search_term_string"}}],"inLanguage":"es"},{"@type":"Organization","@id":"https:\/\/www.laguiadepamplona.com\/actualidad\/#organization","name":"La Gu\u00eda de Pamplona \/ Noticias","url":"https:\/\/www.laguiadepamplona.com\/actualidad\/","logo":{"@type":"ImageObject","inLanguage":"es","@id":"https:\/\/www.laguiadepamplona.com\/actualidad\/#\/schema\/logo\/image\/","url":"https:\/\/www.laguiadepamplona.com\/actualidad\/wp-content\/uploads\/2018\/11\/logo-laguiadepamplona18-web1.png","contentUrl":"https:\/\/www.laguiadepamplona.com\/actualidad\/wp-content\/uploads\/2018\/11\/logo-laguiadepamplona18-web1.png","width":600,"height":196,"caption":"La Gu\u00eda de Pamplona \/ Noticias"},"image":{"@id":"https:\/\/www.laguiadepamplona.com\/actualidad\/#\/schema\/logo\/image\/"},"sameAs":["https:\/\/www.facebook.com\/laguiadepamplonacom-133175176762273\/?ref=hl","https:\/\/x.com\/LaGuiadPamplona","https:\/\/www.instagram.com\/la_guia_de_pamplona\/","https:\/\/www.youtube.com\/user\/laguiadepamplona"]},{"@type":"Person","@id":"https:\/\/www.laguiadepamplona.com\/actualidad\/#\/schema\/person\/efe887376f0213d4657c93adc50b1fdb","name":"La Gu\u00eda de Pamplona","image":{"@type":"ImageObject","inLanguage":"es","@id":"https:\/\/secure.gravatar.com\/avatar\/b6992f131dc8d30ab0dff15446e9d346d9dbd95992de0fef795073f5ea83a81c?s=96&d=mm&r=g","url":"https:\/\/secure.gravatar.com\/avatar\/b6992f131dc8d30ab0dff15446e9d346d9dbd95992de0fef795073f5ea83a81c?s=96&d=mm&r=g","contentUrl":"https:\/\/secure.gravatar.com\/avatar\/b6992f131dc8d30ab0dff15446e9d346d9dbd95992de0fef795073f5ea83a81c?s=96&d=mm&r=g","caption":"La Gu\u00eda de Pamplona"}}]}},"post_mailing_queue_ids":[],"_links":{"self":[{"href":"https:\/\/www.laguiadepamplona.com\/actualidad\/wp-json\/wp\/v2\/posts\/42016","targetHints":{"allow":["GET"]}}],"collection":[{"href":"https:\/\/www.laguiadepamplona.com\/actualidad\/wp-json\/wp\/v2\/posts"}],"about":[{"href":"https:\/\/www.laguiadepamplona.com\/actualidad\/wp-json\/wp\/v2\/types\/post"}],"author":[{"embeddable":true,"href":"https:\/\/www.laguiadepamplona.com\/actualidad\/wp-json\/wp\/v2\/users\/1"}],"replies":[{"embeddable":true,"href":"https:\/\/www.laguiadepamplona.com\/actualidad\/wp-json\/wp\/v2\/comments?post=42016"}],"version-history":[{"count":0,"href":"https:\/\/www.laguiadepamplona.com\/actualidad\/wp-json\/wp\/v2\/posts\/42016\/revisions"}],"wp:featuredmedia":[{"embeddable":true,"href":"https:\/\/www.laguiadepamplona.com\/actualidad\/wp-json\/wp\/v2\/media\/42017"}],"wp:attachment":[{"href":"https:\/\/www.laguiadepamplona.com\/actualidad\/wp-json\/wp\/v2\/media?parent=42016"}],"wp:term":[{"taxonomy":"category","embeddable":true,"href":"https:\/\/www.laguiadepamplona.com\/actualidad\/wp-json\/wp\/v2\/categories?post=42016"},{"taxonomy":"post_tag","embeddable":true,"href":"https:\/\/www.laguiadepamplona.com\/actualidad\/wp-json\/wp\/v2\/tags?post=42016"}],"curies":[{"name":"wp","href":"https:\/\/api.w.org\/{rel}","templated":true}]}}