{"id":42014,"date":"2022-10-25T18:00:16","date_gmt":"2022-10-25T16:00:16","guid":{"rendered":"https:\/\/www.laguiadepamplona.com\/actualidad\/?p=42014"},"modified":"2023-04-11T11:47:40","modified_gmt":"2023-04-11T09:47:40","slug":"el-color-amarillo-de-la-fachada-de-la-casa-consistorial-este-martes-recuerda-que-se-celebra-el-dia-mundial-de-la-espina-bifida-e-hidrocefalia","status":"publish","type":"post","link":"https:\/\/www.laguiadepamplona.com\/actualidad\/el-color-amarillo-de-la-fachada-de-la-casa-consistorial-este-martes-recuerda-que-se-celebra-el-dia-mundial-de-la-espina-bifida-e-hidrocefalia\/","title":{"rendered":"El color amarillo de la fachada de la Casa Consistorial este martes recuerda que se celebra el D\u00eda Mundial de la Espina B\u00edfida e Hidrocefalia"},"content":{"rendered":"<p><!--more--><\/p>\n<p>El Ayuntamiento de Pamplona se suma este martes a la celebraci\u00f3n del D\u00eda Mundial de la Espina B\u00edfida e Hidrocefalia e iluminar\u00e1 la fachada de la Casa Consistorial de color amarillo. Desde 2011 se conmemora esta efem\u00e9ride el 25 de octubre, tras el acuerdo alcanzado por la asamblea general de la Federaci\u00f3n Internacional de Espina B\u00edfida e Hidrocefalia. Esta solicitud ha llegado de parte de la Asociaci\u00f3n Navarra de Espina B\u00edfida e Hidrocefalia (ANPHEB).<br \/>\n<script async src=\"\/\/pagead2.googlesyndication.com\/pagead\/js\/adsbygoogle.js\"><\/script><br \/>\n<!-- Noticias La Guia de Pamplona --><br \/>\n<ins class=\"adsbygoogle\"\nstyle=\"display:block\"\ndata-ad-client=\"ca-pub-6943679897239327\"\ndata-ad-slot=\"7048180777\"\ndata-ad-format=\"auto\"><\/ins><br \/>\n<script>\n(adsbygoogle = window.adsbygoogle || []).push({});\n<\/script><\/p>\n<p>La Espina B\u00edfida o Mielomeningocele es una grave malformaci\u00f3n cong\u00e9nita del tubo neural, un canal estrecho que se pliega y cierra entre la tercera y cuarta semana del embarazo para formar el cerebro y la m\u00e9dula espinal. La Espina B\u00edfida se produce cuando la parte del tubo neural que forma la m\u00e9dula espinal no se cierra completamente. Esta malformaci\u00f3n afecta a tres de los principales sistemas del organismo: el sistema nervioso central, el aparato locomotor y el sistema genitourinario.<\/p>\n<p>La\u00a0<strong>Hidrocefalia o \u00abagua en el cerebro\u00bb<\/strong>, es la acumulaci\u00f3n de l\u00edquido cefalorraqu\u00eddeo dentro de la cabeza, generalmente por su inadecuada absorci\u00f3n. Un bloqueo del flujo o drenaje de ese l\u00edquido produce una acumulaci\u00f3n de este, agrandamiento de los ventr\u00edculos y una mayor presi\u00f3n dentro de la cabeza.<br \/>\n<script async src=\"\/\/pagead2.googlesyndication.com\/pagead\/js\/adsbygoogle.js\"><\/script><br \/>\n<!-- Noticias La Guia de Pamplona --><br \/>\n<ins class=\"adsbygoogle\"\nstyle=\"display:block\"\ndata-ad-client=\"ca-pub-6943679897239327\"\ndata-ad-slot=\"7048180777\"\ndata-ad-format=\"auto\"><\/ins><br \/>\n<script>\n(adsbygoogle = window.adsbygoogle || []).push({});\n<\/script><\/p>\n<p>La Asociaci\u00f3n Navarra de Espina B\u00edfida e Hidrocefalia (ANPHEB) naci\u00f3 en 1991, cuando un grupo de madres y padres cuyos hijos e hijas estaban afectados de espina b\u00edfida comenzaron a reunirse para defender sus derechos y compartir su experiencia. En 2005 se ampli\u00f3 la asociaci\u00f3n integrando a las personas con hidrocefalia y enfermedades afines.<\/p>\n","protected":false},"excerpt":{"rendered":"","protected":false},"author":1,"featured_media":34649,"comment_status":"open","ping_status":"closed","sticky":false,"template":"","format":"standard","meta":{"footnotes":""},"categories":[2],"tags":[],"class_list":["post-42014","post","type-post","status-publish","format-standard","has-post-thumbnail","hentry","category-ayuntamiento-pamplona"],"yoast_head":"<!-- This site is optimized with the Yoast SEO plugin v27.3 - https:\/\/yoast.com\/product\/yoast-seo-wordpress\/ -->\n<title>El color amarillo de la fachada de la Casa Consistorial este martes recuerda que se celebra el D\u00eda Mundial de la Espina B\u00edfida e Hidrocefalia<\/title>\n<meta name=\"description\" content=\"La Espina B\u00edfida o Mielomeningocele es una grave malformaci\u00f3n cong\u00e9nita del tubo neural, un canal estrecho que se pliega y cierra...\" \/>\n<meta name=\"robots\" content=\"index, follow, max-snippet:-1, max-image-preview:large, max-video-preview:-1\" \/>\n<link rel=\"canonical\" href=\"https:\/\/www.laguiadepamplona.com\/actualidad\/el-color-amarillo-de-la-fachada-de-la-casa-consistorial-este-martes-recuerda-que-se-celebra-el-dia-mundial-de-la-espina-bifida-e-hidrocefalia\/\" \/>\n<meta property=\"og:locale\" content=\"es_ES\" \/>\n<meta property=\"og:type\" content=\"article\" \/>\n<meta property=\"og:title\" content=\"El color amarillo de la fachada de la Casa Consistorial este martes recuerda que se celebra el D\u00eda Mundial de la Espina B\u00edfida e Hidrocefalia\" \/>\n<meta property=\"og:description\" content=\"La Espina B\u00edfida o Mielomeningocele es una grave malformaci\u00f3n cong\u00e9nita del tubo neural, un canal estrecho que se pliega y cierra...\" \/>\n<meta property=\"og:url\" content=\"https:\/\/www.laguiadepamplona.com\/actualidad\/el-color-amarillo-de-la-fachada-de-la-casa-consistorial-este-martes-recuerda-que-se-celebra-el-dia-mundial-de-la-espina-bifida-e-hidrocefalia\/\" \/>\n<meta property=\"og:site_name\" content=\"La Gu\u00eda de Pamplona\" \/>\n<meta property=\"article:publisher\" content=\"https:\/\/www.facebook.com\/laguiadepamplonacom-133175176762273\/?ref=hl\" \/>\n<meta property=\"article:published_time\" content=\"2022-10-25T16:00:16+00:00\" \/>\n<meta property=\"article:modified_time\" content=\"2023-04-11T09:47:40+00:00\" \/>\n<meta property=\"og:image\" content=\"https:\/\/www.laguiadepamplona.com\/actualidad\/wp-content\/uploads\/2021\/05\/Ayuntamiento_iluminacion_amarillo_nocturna.jpg\" \/>\n\t<meta property=\"og:image:width\" content=\"1529\" \/>\n\t<meta property=\"og:image:height\" content=\"1019\" \/>\n\t<meta property=\"og:image:type\" content=\"image\/jpeg\" \/>\n<meta name=\"author\" content=\"La Gu\u00eda de Pamplona\" \/>\n<meta name=\"twitter:card\" content=\"summary_large_image\" \/>\n<meta name=\"twitter:creator\" content=\"@LaGuiadPamplona\" \/>\n<meta name=\"twitter:site\" content=\"@LaGuiadPamplona\" \/>\n<meta name=\"twitter:label1\" content=\"Escrito por\" \/>\n\t<meta name=\"twitter:data1\" content=\"La Gu\u00eda de Pamplona\" \/>\n\t<meta name=\"twitter:label2\" content=\"Tiempo de lectura\" \/>\n\t<meta name=\"twitter:data2\" content=\"2 minutos\" \/>\n<script type=\"application\/ld+json\" class=\"yoast-schema-graph\">{\"@context\":\"https:\\\/\\\/schema.org\",\"@graph\":[{\"@type\":\"Article\",\"@id\":\"https:\\\/\\\/www.laguiadepamplona.com\\\/actualidad\\\/el-color-amarillo-de-la-fachada-de-la-casa-consistorial-este-martes-recuerda-que-se-celebra-el-dia-mundial-de-la-espina-bifida-e-hidrocefalia\\\/#article\",\"isPartOf\":{\"@id\":\"https:\\\/\\\/www.laguiadepamplona.com\\\/actualidad\\\/el-color-amarillo-de-la-fachada-de-la-casa-consistorial-este-martes-recuerda-que-se-celebra-el-dia-mundial-de-la-espina-bifida-e-hidrocefalia\\\/\"},\"author\":{\"name\":\"La Gu\u00eda de Pamplona\",\"@id\":\"https:\\\/\\\/www.laguiadepamplona.com\\\/actualidad\\\/#\\\/schema\\\/person\\\/efe887376f0213d4657c93adc50b1fdb\"},\"headline\":\"El color amarillo de la fachada de la Casa Consistorial este martes recuerda que se celebra el D\u00eda Mundial de la Espina B\u00edfida e Hidrocefalia\",\"datePublished\":\"2022-10-25T16:00:16+00:00\",\"dateModified\":\"2023-04-11T09:47:40+00:00\",\"mainEntityOfPage\":{\"@id\":\"https:\\\/\\\/www.laguiadepamplona.com\\\/actualidad\\\/el-color-amarillo-de-la-fachada-de-la-casa-consistorial-este-martes-recuerda-que-se-celebra-el-dia-mundial-de-la-espina-bifida-e-hidrocefalia\\\/\"},\"wordCount\":305,\"commentCount\":0,\"publisher\":{\"@id\":\"https:\\\/\\\/www.laguiadepamplona.com\\\/actualidad\\\/#organization\"},\"image\":{\"@id\":\"https:\\\/\\\/www.laguiadepamplona.com\\\/actualidad\\\/el-color-amarillo-de-la-fachada-de-la-casa-consistorial-este-martes-recuerda-que-se-celebra-el-dia-mundial-de-la-espina-bifida-e-hidrocefalia\\\/#primaryimage\"},\"thumbnailUrl\":\"https:\\\/\\\/www.laguiadepamplona.com\\\/actualidad\\\/wp-content\\\/uploads\\\/2021\\\/05\\\/Ayuntamiento_iluminacion_amarillo_nocturna.jpg\",\"articleSection\":[\"Ayto Pamplona\"],\"inLanguage\":\"es\",\"potentialAction\":[{\"@type\":\"CommentAction\",\"name\":\"Comment\",\"target\":[\"https:\\\/\\\/www.laguiadepamplona.com\\\/actualidad\\\/el-color-amarillo-de-la-fachada-de-la-casa-consistorial-este-martes-recuerda-que-se-celebra-el-dia-mundial-de-la-espina-bifida-e-hidrocefalia\\\/#respond\"]}]},{\"@type\":\"WebPage\",\"@id\":\"https:\\\/\\\/www.laguiadepamplona.com\\\/actualidad\\\/el-color-amarillo-de-la-fachada-de-la-casa-consistorial-este-martes-recuerda-que-se-celebra-el-dia-mundial-de-la-espina-bifida-e-hidrocefalia\\\/\",\"url\":\"https:\\\/\\\/www.laguiadepamplona.com\\\/actualidad\\\/el-color-amarillo-de-la-fachada-de-la-casa-consistorial-este-martes-recuerda-que-se-celebra-el-dia-mundial-de-la-espina-bifida-e-hidrocefalia\\\/\",\"name\":\"El color amarillo de la fachada de la Casa Consistorial este martes recuerda que se celebra el D\u00eda Mundial de la Espina B\u00edfida e Hidrocefalia\",\"isPartOf\":{\"@id\":\"https:\\\/\\\/www.laguiadepamplona.com\\\/actualidad\\\/#website\"},\"primaryImageOfPage\":{\"@id\":\"https:\\\/\\\/www.laguiadepamplona.com\\\/actualidad\\\/el-color-amarillo-de-la-fachada-de-la-casa-consistorial-este-martes-recuerda-que-se-celebra-el-dia-mundial-de-la-espina-bifida-e-hidrocefalia\\\/#primaryimage\"},\"image\":{\"@id\":\"https:\\\/\\\/www.laguiadepamplona.com\\\/actualidad\\\/el-color-amarillo-de-la-fachada-de-la-casa-consistorial-este-martes-recuerda-que-se-celebra-el-dia-mundial-de-la-espina-bifida-e-hidrocefalia\\\/#primaryimage\"},\"thumbnailUrl\":\"https:\\\/\\\/www.laguiadepamplona.com\\\/actualidad\\\/wp-content\\\/uploads\\\/2021\\\/05\\\/Ayuntamiento_iluminacion_amarillo_nocturna.jpg\",\"datePublished\":\"2022-10-25T16:00:16+00:00\",\"dateModified\":\"2023-04-11T09:47:40+00:00\",\"description\":\"La Espina B\u00edfida o Mielomeningocele es una grave malformaci\u00f3n cong\u00e9nita del tubo neural, un canal estrecho que se pliega y cierra...\",\"breadcrumb\":{\"@id\":\"https:\\\/\\\/www.laguiadepamplona.com\\\/actualidad\\\/el-color-amarillo-de-la-fachada-de-la-casa-consistorial-este-martes-recuerda-que-se-celebra-el-dia-mundial-de-la-espina-bifida-e-hidrocefalia\\\/#breadcrumb\"},\"inLanguage\":\"es\",\"potentialAction\":[{\"@type\":\"ReadAction\",\"target\":[\"https:\\\/\\\/www.laguiadepamplona.com\\\/actualidad\\\/el-color-amarillo-de-la-fachada-de-la-casa-consistorial-este-martes-recuerda-que-se-celebra-el-dia-mundial-de-la-espina-bifida-e-hidrocefalia\\\/\"]}]},{\"@type\":\"ImageObject\",\"inLanguage\":\"es\",\"@id\":\"https:\\\/\\\/www.laguiadepamplona.com\\\/actualidad\\\/el-color-amarillo-de-la-fachada-de-la-casa-consistorial-este-martes-recuerda-que-se-celebra-el-dia-mundial-de-la-espina-bifida-e-hidrocefalia\\\/#primaryimage\",\"url\":\"https:\\\/\\\/www.laguiadepamplona.com\\\/actualidad\\\/wp-content\\\/uploads\\\/2021\\\/05\\\/Ayuntamiento_iluminacion_amarillo_nocturna.jpg\",\"contentUrl\":\"https:\\\/\\\/www.laguiadepamplona.com\\\/actualidad\\\/wp-content\\\/uploads\\\/2021\\\/05\\\/Ayuntamiento_iluminacion_amarillo_nocturna.jpg\",\"width\":1529,\"height\":1019},{\"@type\":\"BreadcrumbList\",\"@id\":\"https:\\\/\\\/www.laguiadepamplona.com\\\/actualidad\\\/el-color-amarillo-de-la-fachada-de-la-casa-consistorial-este-martes-recuerda-que-se-celebra-el-dia-mundial-de-la-espina-bifida-e-hidrocefalia\\\/#breadcrumb\",\"itemListElement\":[{\"@type\":\"ListItem\",\"position\":1,\"name\":\"Portada\",\"item\":\"https:\\\/\\\/www.laguiadepamplona.com\\\/actualidad\\\/\"},{\"@type\":\"ListItem\",\"position\":2,\"name\":\"El color amarillo de la fachada de la Casa Consistorial este martes recuerda que se celebra el D\u00eda Mundial de la Espina B\u00edfida e Hidrocefalia\"}]},{\"@type\":\"WebSite\",\"@id\":\"https:\\\/\\\/www.laguiadepamplona.com\\\/actualidad\\\/#website\",\"url\":\"https:\\\/\\\/www.laguiadepamplona.com\\\/actualidad\\\/\",\"name\":\"La gu\u00eda de Pamplona\",\"description\":\"Noticias de Pamplona\",\"publisher\":{\"@id\":\"https:\\\/\\\/www.laguiadepamplona.com\\\/actualidad\\\/#organization\"},\"potentialAction\":[{\"@type\":\"SearchAction\",\"target\":{\"@type\":\"EntryPoint\",\"urlTemplate\":\"https:\\\/\\\/www.laguiadepamplona.com\\\/actualidad\\\/?s={search_term_string}\"},\"query-input\":{\"@type\":\"PropertyValueSpecification\",\"valueRequired\":true,\"valueName\":\"search_term_string\"}}],\"inLanguage\":\"es\"},{\"@type\":\"Organization\",\"@id\":\"https:\\\/\\\/www.laguiadepamplona.com\\\/actualidad\\\/#organization\",\"name\":\"La Gu\u00eda de Pamplona \\\/ Noticias\",\"url\":\"https:\\\/\\\/www.laguiadepamplona.com\\\/actualidad\\\/\",\"logo\":{\"@type\":\"ImageObject\",\"inLanguage\":\"es\",\"@id\":\"https:\\\/\\\/www.laguiadepamplona.com\\\/actualidad\\\/#\\\/schema\\\/logo\\\/image\\\/\",\"url\":\"https:\\\/\\\/www.laguiadepamplona.com\\\/actualidad\\\/wp-content\\\/uploads\\\/2018\\\/11\\\/logo-laguiadepamplona18-web1.png\",\"contentUrl\":\"https:\\\/\\\/www.laguiadepamplona.com\\\/actualidad\\\/wp-content\\\/uploads\\\/2018\\\/11\\\/logo-laguiadepamplona18-web1.png\",\"width\":600,\"height\":196,\"caption\":\"La Gu\u00eda de Pamplona \\\/ Noticias\"},\"image\":{\"@id\":\"https:\\\/\\\/www.laguiadepamplona.com\\\/actualidad\\\/#\\\/schema\\\/logo\\\/image\\\/\"},\"sameAs\":[\"https:\\\/\\\/www.facebook.com\\\/laguiadepamplonacom-133175176762273\\\/?ref=hl\",\"https:\\\/\\\/x.com\\\/LaGuiadPamplona\",\"https:\\\/\\\/www.instagram.com\\\/la_guia_de_pamplona\\\/\",\"https:\\\/\\\/www.youtube.com\\\/user\\\/laguiadepamplona\"]},{\"@type\":\"Person\",\"@id\":\"https:\\\/\\\/www.laguiadepamplona.com\\\/actualidad\\\/#\\\/schema\\\/person\\\/efe887376f0213d4657c93adc50b1fdb\",\"name\":\"La Gu\u00eda de Pamplona\",\"image\":{\"@type\":\"ImageObject\",\"inLanguage\":\"es\",\"@id\":\"https:\\\/\\\/secure.gravatar.com\\\/avatar\\\/b6992f131dc8d30ab0dff15446e9d346d9dbd95992de0fef795073f5ea83a81c?s=96&d=mm&r=g\",\"url\":\"https:\\\/\\\/secure.gravatar.com\\\/avatar\\\/b6992f131dc8d30ab0dff15446e9d346d9dbd95992de0fef795073f5ea83a81c?s=96&d=mm&r=g\",\"contentUrl\":\"https:\\\/\\\/secure.gravatar.com\\\/avatar\\\/b6992f131dc8d30ab0dff15446e9d346d9dbd95992de0fef795073f5ea83a81c?s=96&d=mm&r=g\",\"caption\":\"La Gu\u00eda de Pamplona\"}}]}<\/script>\n<!-- \/ Yoast SEO plugin. -->","yoast_head_json":{"title":"El color amarillo de la fachada de la Casa Consistorial este martes recuerda que se celebra el D\u00eda Mundial de la Espina B\u00edfida e Hidrocefalia","description":"La Espina B\u00edfida o Mielomeningocele es una grave malformaci\u00f3n cong\u00e9nita del tubo neural, un canal estrecho que se pliega y cierra...","robots":{"index":"index","follow":"follow","max-snippet":"max-snippet:-1","max-image-preview":"max-image-preview:large","max-video-preview":"max-video-preview:-1"},"canonical":"https:\/\/www.laguiadepamplona.com\/actualidad\/el-color-amarillo-de-la-fachada-de-la-casa-consistorial-este-martes-recuerda-que-se-celebra-el-dia-mundial-de-la-espina-bifida-e-hidrocefalia\/","og_locale":"es_ES","og_type":"article","og_title":"El color amarillo de la fachada de la Casa Consistorial este martes recuerda que se celebra el D\u00eda Mundial de la Espina B\u00edfida e Hidrocefalia","og_description":"La Espina B\u00edfida o Mielomeningocele es una grave malformaci\u00f3n cong\u00e9nita del tubo neural, un canal estrecho que se pliega y cierra...","og_url":"https:\/\/www.laguiadepamplona.com\/actualidad\/el-color-amarillo-de-la-fachada-de-la-casa-consistorial-este-martes-recuerda-que-se-celebra-el-dia-mundial-de-la-espina-bifida-e-hidrocefalia\/","og_site_name":"La Gu\u00eda de Pamplona","article_publisher":"https:\/\/www.facebook.com\/laguiadepamplonacom-133175176762273\/?ref=hl","article_published_time":"2022-10-25T16:00:16+00:00","article_modified_time":"2023-04-11T09:47:40+00:00","og_image":[{"width":1529,"height":1019,"url":"https:\/\/www.laguiadepamplona.com\/actualidad\/wp-content\/uploads\/2021\/05\/Ayuntamiento_iluminacion_amarillo_nocturna.jpg","type":"image\/jpeg"}],"author":"La Gu\u00eda de Pamplona","twitter_card":"summary_large_image","twitter_creator":"@LaGuiadPamplona","twitter_site":"@LaGuiadPamplona","twitter_misc":{"Escrito por":"La Gu\u00eda de Pamplona","Tiempo de lectura":"2 minutos"},"schema":{"@context":"https:\/\/schema.org","@graph":[{"@type":"Article","@id":"https:\/\/www.laguiadepamplona.com\/actualidad\/el-color-amarillo-de-la-fachada-de-la-casa-consistorial-este-martes-recuerda-que-se-celebra-el-dia-mundial-de-la-espina-bifida-e-hidrocefalia\/#article","isPartOf":{"@id":"https:\/\/www.laguiadepamplona.com\/actualidad\/el-color-amarillo-de-la-fachada-de-la-casa-consistorial-este-martes-recuerda-que-se-celebra-el-dia-mundial-de-la-espina-bifida-e-hidrocefalia\/"},"author":{"name":"La Gu\u00eda de Pamplona","@id":"https:\/\/www.laguiadepamplona.com\/actualidad\/#\/schema\/person\/efe887376f0213d4657c93adc50b1fdb"},"headline":"El color amarillo de la fachada de la Casa Consistorial este martes recuerda que se celebra el D\u00eda Mundial de la Espina B\u00edfida e Hidrocefalia","datePublished":"2022-10-25T16:00:16+00:00","dateModified":"2023-04-11T09:47:40+00:00","mainEntityOfPage":{"@id":"https:\/\/www.laguiadepamplona.com\/actualidad\/el-color-amarillo-de-la-fachada-de-la-casa-consistorial-este-martes-recuerda-que-se-celebra-el-dia-mundial-de-la-espina-bifida-e-hidrocefalia\/"},"wordCount":305,"commentCount":0,"publisher":{"@id":"https:\/\/www.laguiadepamplona.com\/actualidad\/#organization"},"image":{"@id":"https:\/\/www.laguiadepamplona.com\/actualidad\/el-color-amarillo-de-la-fachada-de-la-casa-consistorial-este-martes-recuerda-que-se-celebra-el-dia-mundial-de-la-espina-bifida-e-hidrocefalia\/#primaryimage"},"thumbnailUrl":"https:\/\/www.laguiadepamplona.com\/actualidad\/wp-content\/uploads\/2021\/05\/Ayuntamiento_iluminacion_amarillo_nocturna.jpg","articleSection":["Ayto Pamplona"],"inLanguage":"es","potentialAction":[{"@type":"CommentAction","name":"Comment","target":["https:\/\/www.laguiadepamplona.com\/actualidad\/el-color-amarillo-de-la-fachada-de-la-casa-consistorial-este-martes-recuerda-que-se-celebra-el-dia-mundial-de-la-espina-bifida-e-hidrocefalia\/#respond"]}]},{"@type":"WebPage","@id":"https:\/\/www.laguiadepamplona.com\/actualidad\/el-color-amarillo-de-la-fachada-de-la-casa-consistorial-este-martes-recuerda-que-se-celebra-el-dia-mundial-de-la-espina-bifida-e-hidrocefalia\/","url":"https:\/\/www.laguiadepamplona.com\/actualidad\/el-color-amarillo-de-la-fachada-de-la-casa-consistorial-este-martes-recuerda-que-se-celebra-el-dia-mundial-de-la-espina-bifida-e-hidrocefalia\/","name":"El color amarillo de la fachada de la Casa Consistorial este martes recuerda que se celebra el D\u00eda Mundial de la Espina B\u00edfida e Hidrocefalia","isPartOf":{"@id":"https:\/\/www.laguiadepamplona.com\/actualidad\/#website"},"primaryImageOfPage":{"@id":"https:\/\/www.laguiadepamplona.com\/actualidad\/el-color-amarillo-de-la-fachada-de-la-casa-consistorial-este-martes-recuerda-que-se-celebra-el-dia-mundial-de-la-espina-bifida-e-hidrocefalia\/#primaryimage"},"image":{"@id":"https:\/\/www.laguiadepamplona.com\/actualidad\/el-color-amarillo-de-la-fachada-de-la-casa-consistorial-este-martes-recuerda-que-se-celebra-el-dia-mundial-de-la-espina-bifida-e-hidrocefalia\/#primaryimage"},"thumbnailUrl":"https:\/\/www.laguiadepamplona.com\/actualidad\/wp-content\/uploads\/2021\/05\/Ayuntamiento_iluminacion_amarillo_nocturna.jpg","datePublished":"2022-10-25T16:00:16+00:00","dateModified":"2023-04-11T09:47:40+00:00","description":"La Espina B\u00edfida o Mielomeningocele es una grave malformaci\u00f3n cong\u00e9nita del tubo neural, un canal estrecho que se pliega y cierra...","breadcrumb":{"@id":"https:\/\/www.laguiadepamplona.com\/actualidad\/el-color-amarillo-de-la-fachada-de-la-casa-consistorial-este-martes-recuerda-que-se-celebra-el-dia-mundial-de-la-espina-bifida-e-hidrocefalia\/#breadcrumb"},"inLanguage":"es","potentialAction":[{"@type":"ReadAction","target":["https:\/\/www.laguiadepamplona.com\/actualidad\/el-color-amarillo-de-la-fachada-de-la-casa-consistorial-este-martes-recuerda-que-se-celebra-el-dia-mundial-de-la-espina-bifida-e-hidrocefalia\/"]}]},{"@type":"ImageObject","inLanguage":"es","@id":"https:\/\/www.laguiadepamplona.com\/actualidad\/el-color-amarillo-de-la-fachada-de-la-casa-consistorial-este-martes-recuerda-que-se-celebra-el-dia-mundial-de-la-espina-bifida-e-hidrocefalia\/#primaryimage","url":"https:\/\/www.laguiadepamplona.com\/actualidad\/wp-content\/uploads\/2021\/05\/Ayuntamiento_iluminacion_amarillo_nocturna.jpg","contentUrl":"https:\/\/www.laguiadepamplona.com\/actualidad\/wp-content\/uploads\/2021\/05\/Ayuntamiento_iluminacion_amarillo_nocturna.jpg","width":1529,"height":1019},{"@type":"BreadcrumbList","@id":"https:\/\/www.laguiadepamplona.com\/actualidad\/el-color-amarillo-de-la-fachada-de-la-casa-consistorial-este-martes-recuerda-que-se-celebra-el-dia-mundial-de-la-espina-bifida-e-hidrocefalia\/#breadcrumb","itemListElement":[{"@type":"ListItem","position":1,"name":"Portada","item":"https:\/\/www.laguiadepamplona.com\/actualidad\/"},{"@type":"ListItem","position":2,"name":"El color amarillo de la fachada de la Casa Consistorial este martes recuerda que se celebra el D\u00eda Mundial de la Espina B\u00edfida e Hidrocefalia"}]},{"@type":"WebSite","@id":"https:\/\/www.laguiadepamplona.com\/actualidad\/#website","url":"https:\/\/www.laguiadepamplona.com\/actualidad\/","name":"La gu\u00eda de Pamplona","description":"Noticias de Pamplona","publisher":{"@id":"https:\/\/www.laguiadepamplona.com\/actualidad\/#organization"},"potentialAction":[{"@type":"SearchAction","target":{"@type":"EntryPoint","urlTemplate":"https:\/\/www.laguiadepamplona.com\/actualidad\/?s={search_term_string}"},"query-input":{"@type":"PropertyValueSpecification","valueRequired":true,"valueName":"search_term_string"}}],"inLanguage":"es"},{"@type":"Organization","@id":"https:\/\/www.laguiadepamplona.com\/actualidad\/#organization","name":"La Gu\u00eda de Pamplona \/ Noticias","url":"https:\/\/www.laguiadepamplona.com\/actualidad\/","logo":{"@type":"ImageObject","inLanguage":"es","@id":"https:\/\/www.laguiadepamplona.com\/actualidad\/#\/schema\/logo\/image\/","url":"https:\/\/www.laguiadepamplona.com\/actualidad\/wp-content\/uploads\/2018\/11\/logo-laguiadepamplona18-web1.png","contentUrl":"https:\/\/www.laguiadepamplona.com\/actualidad\/wp-content\/uploads\/2018\/11\/logo-laguiadepamplona18-web1.png","width":600,"height":196,"caption":"La Gu\u00eda de Pamplona \/ Noticias"},"image":{"@id":"https:\/\/www.laguiadepamplona.com\/actualidad\/#\/schema\/logo\/image\/"},"sameAs":["https:\/\/www.facebook.com\/laguiadepamplonacom-133175176762273\/?ref=hl","https:\/\/x.com\/LaGuiadPamplona","https:\/\/www.instagram.com\/la_guia_de_pamplona\/","https:\/\/www.youtube.com\/user\/laguiadepamplona"]},{"@type":"Person","@id":"https:\/\/www.laguiadepamplona.com\/actualidad\/#\/schema\/person\/efe887376f0213d4657c93adc50b1fdb","name":"La Gu\u00eda de Pamplona","image":{"@type":"ImageObject","inLanguage":"es","@id":"https:\/\/secure.gravatar.com\/avatar\/b6992f131dc8d30ab0dff15446e9d346d9dbd95992de0fef795073f5ea83a81c?s=96&d=mm&r=g","url":"https:\/\/secure.gravatar.com\/avatar\/b6992f131dc8d30ab0dff15446e9d346d9dbd95992de0fef795073f5ea83a81c?s=96&d=mm&r=g","contentUrl":"https:\/\/secure.gravatar.com\/avatar\/b6992f131dc8d30ab0dff15446e9d346d9dbd95992de0fef795073f5ea83a81c?s=96&d=mm&r=g","caption":"La Gu\u00eda de Pamplona"}}]}},"post_mailing_queue_ids":[],"_links":{"self":[{"href":"https:\/\/www.laguiadepamplona.com\/actualidad\/wp-json\/wp\/v2\/posts\/42014","targetHints":{"allow":["GET"]}}],"collection":[{"href":"https:\/\/www.laguiadepamplona.com\/actualidad\/wp-json\/wp\/v2\/posts"}],"about":[{"href":"https:\/\/www.laguiadepamplona.com\/actualidad\/wp-json\/wp\/v2\/types\/post"}],"author":[{"embeddable":true,"href":"https:\/\/www.laguiadepamplona.com\/actualidad\/wp-json\/wp\/v2\/users\/1"}],"replies":[{"embeddable":true,"href":"https:\/\/www.laguiadepamplona.com\/actualidad\/wp-json\/wp\/v2\/comments?post=42014"}],"version-history":[{"count":0,"href":"https:\/\/www.laguiadepamplona.com\/actualidad\/wp-json\/wp\/v2\/posts\/42014\/revisions"}],"wp:featuredmedia":[{"embeddable":true,"href":"https:\/\/www.laguiadepamplona.com\/actualidad\/wp-json\/wp\/v2\/media\/34649"}],"wp:attachment":[{"href":"https:\/\/www.laguiadepamplona.com\/actualidad\/wp-json\/wp\/v2\/media?parent=42014"}],"wp:term":[{"taxonomy":"category","embeddable":true,"href":"https:\/\/www.laguiadepamplona.com\/actualidad\/wp-json\/wp\/v2\/categories?post=42014"},{"taxonomy":"post_tag","embeddable":true,"href":"https:\/\/www.laguiadepamplona.com\/actualidad\/wp-json\/wp\/v2\/tags?post=42014"}],"curies":[{"name":"wp","href":"https:\/\/api.w.org\/{rel}","templated":true}]}}