{"id":42002,"date":"2022-10-24T16:17:49","date_gmt":"2022-10-24T14:17:49","guid":{"rendered":"https:\/\/www.laguiadepamplona.com\/actualidad\/?p=42002"},"modified":"2023-04-11T11:47:40","modified_gmt":"2023-04-11T09:47:40","slug":"la-fachada-consistorial-se-ilumina-en-azul-en-el-dia-de-las-naciones-unidas-que-busca-mejores-condiciones-de-vida-para-la-ciudadania","status":"publish","type":"post","link":"https:\/\/www.laguiadepamplona.com\/actualidad\/la-fachada-consistorial-se-ilumina-en-azul-en-el-dia-de-las-naciones-unidas-que-busca-mejores-condiciones-de-vida-para-la-ciudadania\/","title":{"rendered":"La fachada consistorial se ilumina en azul en el D\u00eda de las Naciones Unidas, que busca mejores condiciones de vida para la ciudadan\u00eda"},"content":{"rendered":"<h5>Esta jornada conmemora la entrada en vigor de la Carta de las Naciones Unidas, que aboga por los derechos humanos y el desarrollo sostenible<\/h5>\n<p><!--more--><\/p>\n<p>La fachada del Ayuntamiento de Pamplona se ilumina hoy en color azul para conmemorar el D\u00eda de las Naciones Unidas. Esta jornada celebra la entrada en vigor de la Carta de las Naciones Unidas, el 24 de octubre de 1945, y la vigencia de los valores que defiende, entre ellos, los derechos humanos, la paz, la justicia, la amistad entre las naciones, el desarrollo sostenible que limite el calentamiento global o la promoci\u00f3n de la salud y el progreso social. La celebraci\u00f3n tiene como objetivo poner a disposici\u00f3n de la ciudadan\u00eda informaci\u00f3n de temas de inter\u00e9s, movilizar la agenda pol\u00edtica y los recursos frente a problemas que afectan a distintos pa\u00edses, al tiempo que se reivindican los logros de la comunidad internacional.<br \/>\n<script async src=\"\/\/pagead2.googlesyndication.com\/pagead\/js\/adsbygoogle.js\"><\/script><br \/>\n<!-- Noticias La Guia de Pamplona --><br \/>\n<ins class=\"adsbygoogle\"\nstyle=\"display:block\"\ndata-ad-client=\"ca-pub-6943679897239327\"\ndata-ad-slot=\"7048180777\"\ndata-ad-format=\"auto\"><\/ins><br \/>\n<script>\n(adsbygoogle = window.adsbygoogle || []).push({});\n<\/script><\/p>\n<p>La iluminaci\u00f3n de la fachada consistorial aporta visibilidad a la labor de sensibilizaci\u00f3n que apela a los gobiernos, la sociedad civil, el sector p\u00fablico y el privado, las escuelas, las universidades y, en general, a la ciudadan\u00eda. La Organizaci\u00f3n de las Naciones Unidas (ONU) est\u00e1 formada por 195 pa\u00edses en la actualidad, entre ellos, Espa\u00f1a, que fue admitida en el a\u00f1o 1955. La ONU ha intervenido frente a cat\u00e1strofes naturales, conflictos armados y pandemias como la del COVID-19, para la que se cre\u00f3 un Plan de Respuesta Humanitaria Integral. En la actualidad, los principales problemas que aborda son el conflicto entre Rusia y Ucrania, que es miembro de la organizaci\u00f3n, y la acci\u00f3n clim\u00e1tica frente a la crisis ambiental.<\/p>\n<p>Con motivo de la celebraci\u00f3n de esta jornada, el secretario general de la ONU, Ant\u00f3nio Guterres, ha destacado la vigencia de los valores y principios de la Carta de las Naciones Unidas, como clave para lograr la paz y cerrar los conflictos que amenazan el progreso mundial. Los ejes del trabajo de la instituci\u00f3n que ha subrayado son la lucha contra la pobreza extrema y la desigualdad, el fomento de los Objetivos de Desarrollo Sostenible, la defensa de la igualdad de oportunidades y la libertad de las mujeres y las ni\u00f1as, y la reivindicaci\u00f3n de los derechos humanos de todas las personas, apelando a la solidaridad internacional.<\/p>\n","protected":false},"excerpt":{"rendered":"<p>Esta jornada conmemora la entrada en vigor de la Carta de las Naciones Unidas, que aboga por los derechos humanos y el desarrollo sostenible<\/p>\n","protected":false},"author":1,"featured_media":40806,"comment_status":"open","ping_status":"closed","sticky":false,"template":"","format":"standard","meta":{"footnotes":""},"categories":[2],"tags":[],"class_list":["post-42002","post","type-post","status-publish","format-standard","has-post-thumbnail","hentry","category-ayuntamiento-pamplona"],"yoast_head":"<!-- This site is optimized with the Yoast SEO plugin v27.3 - https:\/\/yoast.com\/product\/yoast-seo-wordpress\/ -->\n<title>La fachada consistorial se ilumina en azul en el D\u00eda de las Naciones Unidas, que busca mejores condiciones de vida para la ciudadan\u00eda<\/title>\n<meta name=\"description\" content=\"Esta jornada conmemora la entrada en vigor de la Carta de las Naciones Unidas, que aboga por los derechos humanos y el desarrollo sostenible\" \/>\n<meta name=\"robots\" content=\"index, follow, max-snippet:-1, max-image-preview:large, max-video-preview:-1\" \/>\n<link rel=\"canonical\" href=\"https:\/\/www.laguiadepamplona.com\/actualidad\/la-fachada-consistorial-se-ilumina-en-azul-en-el-dia-de-las-naciones-unidas-que-busca-mejores-condiciones-de-vida-para-la-ciudadania\/\" \/>\n<meta property=\"og:locale\" content=\"es_ES\" \/>\n<meta property=\"og:type\" content=\"article\" \/>\n<meta property=\"og:title\" content=\"La fachada consistorial se ilumina en azul en el D\u00eda de las Naciones Unidas, que busca mejores condiciones de vida para la ciudadan\u00eda\" \/>\n<meta property=\"og:description\" content=\"Esta jornada conmemora la entrada en vigor de la Carta de las Naciones Unidas, que aboga por los derechos humanos y el desarrollo sostenible\" \/>\n<meta property=\"og:url\" content=\"https:\/\/www.laguiadepamplona.com\/actualidad\/la-fachada-consistorial-se-ilumina-en-azul-en-el-dia-de-las-naciones-unidas-que-busca-mejores-condiciones-de-vida-para-la-ciudadania\/\" \/>\n<meta property=\"og:site_name\" content=\"La Gu\u00eda de Pamplona\" \/>\n<meta property=\"article:publisher\" content=\"https:\/\/www.facebook.com\/laguiadepamplonacom-133175176762273\/?ref=hl\" \/>\n<meta property=\"article:published_time\" content=\"2022-10-24T14:17:49+00:00\" \/>\n<meta property=\"article:modified_time\" content=\"2023-04-11T09:47:40+00:00\" \/>\n<meta property=\"og:image\" content=\"https:\/\/www.laguiadepamplona.com\/actualidad\/wp-content\/uploads\/2022\/06\/aytoazul_JGV8938_2.webp\" \/>\n\t<meta property=\"og:image:width\" content=\"1920\" \/>\n\t<meta property=\"og:image:height\" content=\"1280\" \/>\n\t<meta property=\"og:image:type\" content=\"image\/webp\" \/>\n<meta name=\"author\" content=\"La Gu\u00eda de Pamplona\" \/>\n<meta name=\"twitter:card\" content=\"summary_large_image\" \/>\n<meta name=\"twitter:creator\" content=\"@LaGuiadPamplona\" \/>\n<meta name=\"twitter:site\" content=\"@LaGuiadPamplona\" \/>\n<meta name=\"twitter:label1\" content=\"Escrito por\" \/>\n\t<meta name=\"twitter:data1\" content=\"La Gu\u00eda de Pamplona\" \/>\n\t<meta name=\"twitter:label2\" content=\"Tiempo de lectura\" \/>\n\t<meta name=\"twitter:data2\" content=\"2 minutos\" \/>\n<script type=\"application\/ld+json\" class=\"yoast-schema-graph\">{\"@context\":\"https:\\\/\\\/schema.org\",\"@graph\":[{\"@type\":\"Article\",\"@id\":\"https:\\\/\\\/www.laguiadepamplona.com\\\/actualidad\\\/la-fachada-consistorial-se-ilumina-en-azul-en-el-dia-de-las-naciones-unidas-que-busca-mejores-condiciones-de-vida-para-la-ciudadania\\\/#article\",\"isPartOf\":{\"@id\":\"https:\\\/\\\/www.laguiadepamplona.com\\\/actualidad\\\/la-fachada-consistorial-se-ilumina-en-azul-en-el-dia-de-las-naciones-unidas-que-busca-mejores-condiciones-de-vida-para-la-ciudadania\\\/\"},\"author\":{\"name\":\"La Gu\u00eda de Pamplona\",\"@id\":\"https:\\\/\\\/www.laguiadepamplona.com\\\/actualidad\\\/#\\\/schema\\\/person\\\/efe887376f0213d4657c93adc50b1fdb\"},\"headline\":\"La fachada consistorial se ilumina en azul en el D\u00eda de las Naciones Unidas, que busca mejores condiciones de vida para la ciudadan\u00eda\",\"datePublished\":\"2022-10-24T14:17:49+00:00\",\"dateModified\":\"2023-04-11T09:47:40+00:00\",\"mainEntityOfPage\":{\"@id\":\"https:\\\/\\\/www.laguiadepamplona.com\\\/actualidad\\\/la-fachada-consistorial-se-ilumina-en-azul-en-el-dia-de-las-naciones-unidas-que-busca-mejores-condiciones-de-vida-para-la-ciudadania\\\/\"},\"wordCount\":419,\"commentCount\":0,\"publisher\":{\"@id\":\"https:\\\/\\\/www.laguiadepamplona.com\\\/actualidad\\\/#organization\"},\"image\":{\"@id\":\"https:\\\/\\\/www.laguiadepamplona.com\\\/actualidad\\\/la-fachada-consistorial-se-ilumina-en-azul-en-el-dia-de-las-naciones-unidas-que-busca-mejores-condiciones-de-vida-para-la-ciudadania\\\/#primaryimage\"},\"thumbnailUrl\":\"https:\\\/\\\/www.laguiadepamplona.com\\\/actualidad\\\/wp-content\\\/uploads\\\/2022\\\/06\\\/aytoazul_JGV8938_2.webp\",\"articleSection\":[\"Ayto Pamplona\"],\"inLanguage\":\"es\",\"potentialAction\":[{\"@type\":\"CommentAction\",\"name\":\"Comment\",\"target\":[\"https:\\\/\\\/www.laguiadepamplona.com\\\/actualidad\\\/la-fachada-consistorial-se-ilumina-en-azul-en-el-dia-de-las-naciones-unidas-que-busca-mejores-condiciones-de-vida-para-la-ciudadania\\\/#respond\"]}]},{\"@type\":\"WebPage\",\"@id\":\"https:\\\/\\\/www.laguiadepamplona.com\\\/actualidad\\\/la-fachada-consistorial-se-ilumina-en-azul-en-el-dia-de-las-naciones-unidas-que-busca-mejores-condiciones-de-vida-para-la-ciudadania\\\/\",\"url\":\"https:\\\/\\\/www.laguiadepamplona.com\\\/actualidad\\\/la-fachada-consistorial-se-ilumina-en-azul-en-el-dia-de-las-naciones-unidas-que-busca-mejores-condiciones-de-vida-para-la-ciudadania\\\/\",\"name\":\"La fachada consistorial se ilumina en azul en el D\u00eda de las Naciones Unidas, que busca mejores condiciones de vida para la ciudadan\u00eda\",\"isPartOf\":{\"@id\":\"https:\\\/\\\/www.laguiadepamplona.com\\\/actualidad\\\/#website\"},\"primaryImageOfPage\":{\"@id\":\"https:\\\/\\\/www.laguiadepamplona.com\\\/actualidad\\\/la-fachada-consistorial-se-ilumina-en-azul-en-el-dia-de-las-naciones-unidas-que-busca-mejores-condiciones-de-vida-para-la-ciudadania\\\/#primaryimage\"},\"image\":{\"@id\":\"https:\\\/\\\/www.laguiadepamplona.com\\\/actualidad\\\/la-fachada-consistorial-se-ilumina-en-azul-en-el-dia-de-las-naciones-unidas-que-busca-mejores-condiciones-de-vida-para-la-ciudadania\\\/#primaryimage\"},\"thumbnailUrl\":\"https:\\\/\\\/www.laguiadepamplona.com\\\/actualidad\\\/wp-content\\\/uploads\\\/2022\\\/06\\\/aytoazul_JGV8938_2.webp\",\"datePublished\":\"2022-10-24T14:17:49+00:00\",\"dateModified\":\"2023-04-11T09:47:40+00:00\",\"description\":\"Esta jornada conmemora la entrada en vigor de la Carta de las Naciones Unidas, que aboga por los derechos humanos y el desarrollo sostenible\",\"breadcrumb\":{\"@id\":\"https:\\\/\\\/www.laguiadepamplona.com\\\/actualidad\\\/la-fachada-consistorial-se-ilumina-en-azul-en-el-dia-de-las-naciones-unidas-que-busca-mejores-condiciones-de-vida-para-la-ciudadania\\\/#breadcrumb\"},\"inLanguage\":\"es\",\"potentialAction\":[{\"@type\":\"ReadAction\",\"target\":[\"https:\\\/\\\/www.laguiadepamplona.com\\\/actualidad\\\/la-fachada-consistorial-se-ilumina-en-azul-en-el-dia-de-las-naciones-unidas-que-busca-mejores-condiciones-de-vida-para-la-ciudadania\\\/\"]}]},{\"@type\":\"ImageObject\",\"inLanguage\":\"es\",\"@id\":\"https:\\\/\\\/www.laguiadepamplona.com\\\/actualidad\\\/la-fachada-consistorial-se-ilumina-en-azul-en-el-dia-de-las-naciones-unidas-que-busca-mejores-condiciones-de-vida-para-la-ciudadania\\\/#primaryimage\",\"url\":\"https:\\\/\\\/www.laguiadepamplona.com\\\/actualidad\\\/wp-content\\\/uploads\\\/2022\\\/06\\\/aytoazul_JGV8938_2.webp\",\"contentUrl\":\"https:\\\/\\\/www.laguiadepamplona.com\\\/actualidad\\\/wp-content\\\/uploads\\\/2022\\\/06\\\/aytoazul_JGV8938_2.webp\",\"width\":1920,\"height\":1280},{\"@type\":\"BreadcrumbList\",\"@id\":\"https:\\\/\\\/www.laguiadepamplona.com\\\/actualidad\\\/la-fachada-consistorial-se-ilumina-en-azul-en-el-dia-de-las-naciones-unidas-que-busca-mejores-condiciones-de-vida-para-la-ciudadania\\\/#breadcrumb\",\"itemListElement\":[{\"@type\":\"ListItem\",\"position\":1,\"name\":\"Portada\",\"item\":\"https:\\\/\\\/www.laguiadepamplona.com\\\/actualidad\\\/\"},{\"@type\":\"ListItem\",\"position\":2,\"name\":\"La fachada consistorial se ilumina en azul en el D\u00eda de las Naciones Unidas, que busca mejores condiciones de vida para la ciudadan\u00eda\"}]},{\"@type\":\"WebSite\",\"@id\":\"https:\\\/\\\/www.laguiadepamplona.com\\\/actualidad\\\/#website\",\"url\":\"https:\\\/\\\/www.laguiadepamplona.com\\\/actualidad\\\/\",\"name\":\"La gu\u00eda de Pamplona\",\"description\":\"Noticias de Pamplona\",\"publisher\":{\"@id\":\"https:\\\/\\\/www.laguiadepamplona.com\\\/actualidad\\\/#organization\"},\"potentialAction\":[{\"@type\":\"SearchAction\",\"target\":{\"@type\":\"EntryPoint\",\"urlTemplate\":\"https:\\\/\\\/www.laguiadepamplona.com\\\/actualidad\\\/?s={search_term_string}\"},\"query-input\":{\"@type\":\"PropertyValueSpecification\",\"valueRequired\":true,\"valueName\":\"search_term_string\"}}],\"inLanguage\":\"es\"},{\"@type\":\"Organization\",\"@id\":\"https:\\\/\\\/www.laguiadepamplona.com\\\/actualidad\\\/#organization\",\"name\":\"La Gu\u00eda de Pamplona \\\/ Noticias\",\"url\":\"https:\\\/\\\/www.laguiadepamplona.com\\\/actualidad\\\/\",\"logo\":{\"@type\":\"ImageObject\",\"inLanguage\":\"es\",\"@id\":\"https:\\\/\\\/www.laguiadepamplona.com\\\/actualidad\\\/#\\\/schema\\\/logo\\\/image\\\/\",\"url\":\"https:\\\/\\\/www.laguiadepamplona.com\\\/actualidad\\\/wp-content\\\/uploads\\\/2018\\\/11\\\/logo-laguiadepamplona18-web1.png\",\"contentUrl\":\"https:\\\/\\\/www.laguiadepamplona.com\\\/actualidad\\\/wp-content\\\/uploads\\\/2018\\\/11\\\/logo-laguiadepamplona18-web1.png\",\"width\":600,\"height\":196,\"caption\":\"La Gu\u00eda de Pamplona \\\/ Noticias\"},\"image\":{\"@id\":\"https:\\\/\\\/www.laguiadepamplona.com\\\/actualidad\\\/#\\\/schema\\\/logo\\\/image\\\/\"},\"sameAs\":[\"https:\\\/\\\/www.facebook.com\\\/laguiadepamplonacom-133175176762273\\\/?ref=hl\",\"https:\\\/\\\/x.com\\\/LaGuiadPamplona\",\"https:\\\/\\\/www.instagram.com\\\/la_guia_de_pamplona\\\/\",\"https:\\\/\\\/www.youtube.com\\\/user\\\/laguiadepamplona\"]},{\"@type\":\"Person\",\"@id\":\"https:\\\/\\\/www.laguiadepamplona.com\\\/actualidad\\\/#\\\/schema\\\/person\\\/efe887376f0213d4657c93adc50b1fdb\",\"name\":\"La Gu\u00eda de Pamplona\",\"image\":{\"@type\":\"ImageObject\",\"inLanguage\":\"es\",\"@id\":\"https:\\\/\\\/secure.gravatar.com\\\/avatar\\\/b6992f131dc8d30ab0dff15446e9d346d9dbd95992de0fef795073f5ea83a81c?s=96&d=mm&r=g\",\"url\":\"https:\\\/\\\/secure.gravatar.com\\\/avatar\\\/b6992f131dc8d30ab0dff15446e9d346d9dbd95992de0fef795073f5ea83a81c?s=96&d=mm&r=g\",\"contentUrl\":\"https:\\\/\\\/secure.gravatar.com\\\/avatar\\\/b6992f131dc8d30ab0dff15446e9d346d9dbd95992de0fef795073f5ea83a81c?s=96&d=mm&r=g\",\"caption\":\"La Gu\u00eda de Pamplona\"}}]}<\/script>\n<!-- \/ Yoast SEO plugin. -->","yoast_head_json":{"title":"La fachada consistorial se ilumina en azul en el D\u00eda de las Naciones Unidas, que busca mejores condiciones de vida para la ciudadan\u00eda","description":"Esta jornada conmemora la entrada en vigor de la Carta de las Naciones Unidas, que aboga por los derechos humanos y el desarrollo sostenible","robots":{"index":"index","follow":"follow","max-snippet":"max-snippet:-1","max-image-preview":"max-image-preview:large","max-video-preview":"max-video-preview:-1"},"canonical":"https:\/\/www.laguiadepamplona.com\/actualidad\/la-fachada-consistorial-se-ilumina-en-azul-en-el-dia-de-las-naciones-unidas-que-busca-mejores-condiciones-de-vida-para-la-ciudadania\/","og_locale":"es_ES","og_type":"article","og_title":"La fachada consistorial se ilumina en azul en el D\u00eda de las Naciones Unidas, que busca mejores condiciones de vida para la ciudadan\u00eda","og_description":"Esta jornada conmemora la entrada en vigor de la Carta de las Naciones Unidas, que aboga por los derechos humanos y el desarrollo sostenible","og_url":"https:\/\/www.laguiadepamplona.com\/actualidad\/la-fachada-consistorial-se-ilumina-en-azul-en-el-dia-de-las-naciones-unidas-que-busca-mejores-condiciones-de-vida-para-la-ciudadania\/","og_site_name":"La Gu\u00eda de Pamplona","article_publisher":"https:\/\/www.facebook.com\/laguiadepamplonacom-133175176762273\/?ref=hl","article_published_time":"2022-10-24T14:17:49+00:00","article_modified_time":"2023-04-11T09:47:40+00:00","og_image":[{"width":1920,"height":1280,"url":"https:\/\/www.laguiadepamplona.com\/actualidad\/wp-content\/uploads\/2022\/06\/aytoazul_JGV8938_2.webp","type":"image\/webp"}],"author":"La Gu\u00eda de Pamplona","twitter_card":"summary_large_image","twitter_creator":"@LaGuiadPamplona","twitter_site":"@LaGuiadPamplona","twitter_misc":{"Escrito por":"La Gu\u00eda de Pamplona","Tiempo de lectura":"2 minutos"},"schema":{"@context":"https:\/\/schema.org","@graph":[{"@type":"Article","@id":"https:\/\/www.laguiadepamplona.com\/actualidad\/la-fachada-consistorial-se-ilumina-en-azul-en-el-dia-de-las-naciones-unidas-que-busca-mejores-condiciones-de-vida-para-la-ciudadania\/#article","isPartOf":{"@id":"https:\/\/www.laguiadepamplona.com\/actualidad\/la-fachada-consistorial-se-ilumina-en-azul-en-el-dia-de-las-naciones-unidas-que-busca-mejores-condiciones-de-vida-para-la-ciudadania\/"},"author":{"name":"La Gu\u00eda de Pamplona","@id":"https:\/\/www.laguiadepamplona.com\/actualidad\/#\/schema\/person\/efe887376f0213d4657c93adc50b1fdb"},"headline":"La fachada consistorial se ilumina en azul en el D\u00eda de las Naciones Unidas, que busca mejores condiciones de vida para la ciudadan\u00eda","datePublished":"2022-10-24T14:17:49+00:00","dateModified":"2023-04-11T09:47:40+00:00","mainEntityOfPage":{"@id":"https:\/\/www.laguiadepamplona.com\/actualidad\/la-fachada-consistorial-se-ilumina-en-azul-en-el-dia-de-las-naciones-unidas-que-busca-mejores-condiciones-de-vida-para-la-ciudadania\/"},"wordCount":419,"commentCount":0,"publisher":{"@id":"https:\/\/www.laguiadepamplona.com\/actualidad\/#organization"},"image":{"@id":"https:\/\/www.laguiadepamplona.com\/actualidad\/la-fachada-consistorial-se-ilumina-en-azul-en-el-dia-de-las-naciones-unidas-que-busca-mejores-condiciones-de-vida-para-la-ciudadania\/#primaryimage"},"thumbnailUrl":"https:\/\/www.laguiadepamplona.com\/actualidad\/wp-content\/uploads\/2022\/06\/aytoazul_JGV8938_2.webp","articleSection":["Ayto Pamplona"],"inLanguage":"es","potentialAction":[{"@type":"CommentAction","name":"Comment","target":["https:\/\/www.laguiadepamplona.com\/actualidad\/la-fachada-consistorial-se-ilumina-en-azul-en-el-dia-de-las-naciones-unidas-que-busca-mejores-condiciones-de-vida-para-la-ciudadania\/#respond"]}]},{"@type":"WebPage","@id":"https:\/\/www.laguiadepamplona.com\/actualidad\/la-fachada-consistorial-se-ilumina-en-azul-en-el-dia-de-las-naciones-unidas-que-busca-mejores-condiciones-de-vida-para-la-ciudadania\/","url":"https:\/\/www.laguiadepamplona.com\/actualidad\/la-fachada-consistorial-se-ilumina-en-azul-en-el-dia-de-las-naciones-unidas-que-busca-mejores-condiciones-de-vida-para-la-ciudadania\/","name":"La fachada consistorial se ilumina en azul en el D\u00eda de las Naciones Unidas, que busca mejores condiciones de vida para la ciudadan\u00eda","isPartOf":{"@id":"https:\/\/www.laguiadepamplona.com\/actualidad\/#website"},"primaryImageOfPage":{"@id":"https:\/\/www.laguiadepamplona.com\/actualidad\/la-fachada-consistorial-se-ilumina-en-azul-en-el-dia-de-las-naciones-unidas-que-busca-mejores-condiciones-de-vida-para-la-ciudadania\/#primaryimage"},"image":{"@id":"https:\/\/www.laguiadepamplona.com\/actualidad\/la-fachada-consistorial-se-ilumina-en-azul-en-el-dia-de-las-naciones-unidas-que-busca-mejores-condiciones-de-vida-para-la-ciudadania\/#primaryimage"},"thumbnailUrl":"https:\/\/www.laguiadepamplona.com\/actualidad\/wp-content\/uploads\/2022\/06\/aytoazul_JGV8938_2.webp","datePublished":"2022-10-24T14:17:49+00:00","dateModified":"2023-04-11T09:47:40+00:00","description":"Esta jornada conmemora la entrada en vigor de la Carta de las Naciones Unidas, que aboga por los derechos humanos y el desarrollo sostenible","breadcrumb":{"@id":"https:\/\/www.laguiadepamplona.com\/actualidad\/la-fachada-consistorial-se-ilumina-en-azul-en-el-dia-de-las-naciones-unidas-que-busca-mejores-condiciones-de-vida-para-la-ciudadania\/#breadcrumb"},"inLanguage":"es","potentialAction":[{"@type":"ReadAction","target":["https:\/\/www.laguiadepamplona.com\/actualidad\/la-fachada-consistorial-se-ilumina-en-azul-en-el-dia-de-las-naciones-unidas-que-busca-mejores-condiciones-de-vida-para-la-ciudadania\/"]}]},{"@type":"ImageObject","inLanguage":"es","@id":"https:\/\/www.laguiadepamplona.com\/actualidad\/la-fachada-consistorial-se-ilumina-en-azul-en-el-dia-de-las-naciones-unidas-que-busca-mejores-condiciones-de-vida-para-la-ciudadania\/#primaryimage","url":"https:\/\/www.laguiadepamplona.com\/actualidad\/wp-content\/uploads\/2022\/06\/aytoazul_JGV8938_2.webp","contentUrl":"https:\/\/www.laguiadepamplona.com\/actualidad\/wp-content\/uploads\/2022\/06\/aytoazul_JGV8938_2.webp","width":1920,"height":1280},{"@type":"BreadcrumbList","@id":"https:\/\/www.laguiadepamplona.com\/actualidad\/la-fachada-consistorial-se-ilumina-en-azul-en-el-dia-de-las-naciones-unidas-que-busca-mejores-condiciones-de-vida-para-la-ciudadania\/#breadcrumb","itemListElement":[{"@type":"ListItem","position":1,"name":"Portada","item":"https:\/\/www.laguiadepamplona.com\/actualidad\/"},{"@type":"ListItem","position":2,"name":"La fachada consistorial se ilumina en azul en el D\u00eda de las Naciones Unidas, que busca mejores condiciones de vida para la ciudadan\u00eda"}]},{"@type":"WebSite","@id":"https:\/\/www.laguiadepamplona.com\/actualidad\/#website","url":"https:\/\/www.laguiadepamplona.com\/actualidad\/","name":"La gu\u00eda de Pamplona","description":"Noticias de Pamplona","publisher":{"@id":"https:\/\/www.laguiadepamplona.com\/actualidad\/#organization"},"potentialAction":[{"@type":"SearchAction","target":{"@type":"EntryPoint","urlTemplate":"https:\/\/www.laguiadepamplona.com\/actualidad\/?s={search_term_string}"},"query-input":{"@type":"PropertyValueSpecification","valueRequired":true,"valueName":"search_term_string"}}],"inLanguage":"es"},{"@type":"Organization","@id":"https:\/\/www.laguiadepamplona.com\/actualidad\/#organization","name":"La Gu\u00eda de Pamplona \/ Noticias","url":"https:\/\/www.laguiadepamplona.com\/actualidad\/","logo":{"@type":"ImageObject","inLanguage":"es","@id":"https:\/\/www.laguiadepamplona.com\/actualidad\/#\/schema\/logo\/image\/","url":"https:\/\/www.laguiadepamplona.com\/actualidad\/wp-content\/uploads\/2018\/11\/logo-laguiadepamplona18-web1.png","contentUrl":"https:\/\/www.laguiadepamplona.com\/actualidad\/wp-content\/uploads\/2018\/11\/logo-laguiadepamplona18-web1.png","width":600,"height":196,"caption":"La Gu\u00eda de Pamplona \/ Noticias"},"image":{"@id":"https:\/\/www.laguiadepamplona.com\/actualidad\/#\/schema\/logo\/image\/"},"sameAs":["https:\/\/www.facebook.com\/laguiadepamplonacom-133175176762273\/?ref=hl","https:\/\/x.com\/LaGuiadPamplona","https:\/\/www.instagram.com\/la_guia_de_pamplona\/","https:\/\/www.youtube.com\/user\/laguiadepamplona"]},{"@type":"Person","@id":"https:\/\/www.laguiadepamplona.com\/actualidad\/#\/schema\/person\/efe887376f0213d4657c93adc50b1fdb","name":"La Gu\u00eda de Pamplona","image":{"@type":"ImageObject","inLanguage":"es","@id":"https:\/\/secure.gravatar.com\/avatar\/b6992f131dc8d30ab0dff15446e9d346d9dbd95992de0fef795073f5ea83a81c?s=96&d=mm&r=g","url":"https:\/\/secure.gravatar.com\/avatar\/b6992f131dc8d30ab0dff15446e9d346d9dbd95992de0fef795073f5ea83a81c?s=96&d=mm&r=g","contentUrl":"https:\/\/secure.gravatar.com\/avatar\/b6992f131dc8d30ab0dff15446e9d346d9dbd95992de0fef795073f5ea83a81c?s=96&d=mm&r=g","caption":"La Gu\u00eda de Pamplona"}}]}},"post_mailing_queue_ids":[],"_links":{"self":[{"href":"https:\/\/www.laguiadepamplona.com\/actualidad\/wp-json\/wp\/v2\/posts\/42002","targetHints":{"allow":["GET"]}}],"collection":[{"href":"https:\/\/www.laguiadepamplona.com\/actualidad\/wp-json\/wp\/v2\/posts"}],"about":[{"href":"https:\/\/www.laguiadepamplona.com\/actualidad\/wp-json\/wp\/v2\/types\/post"}],"author":[{"embeddable":true,"href":"https:\/\/www.laguiadepamplona.com\/actualidad\/wp-json\/wp\/v2\/users\/1"}],"replies":[{"embeddable":true,"href":"https:\/\/www.laguiadepamplona.com\/actualidad\/wp-json\/wp\/v2\/comments?post=42002"}],"version-history":[{"count":0,"href":"https:\/\/www.laguiadepamplona.com\/actualidad\/wp-json\/wp\/v2\/posts\/42002\/revisions"}],"wp:featuredmedia":[{"embeddable":true,"href":"https:\/\/www.laguiadepamplona.com\/actualidad\/wp-json\/wp\/v2\/media\/40806"}],"wp:attachment":[{"href":"https:\/\/www.laguiadepamplona.com\/actualidad\/wp-json\/wp\/v2\/media?parent=42002"}],"wp:term":[{"taxonomy":"category","embeddable":true,"href":"https:\/\/www.laguiadepamplona.com\/actualidad\/wp-json\/wp\/v2\/categories?post=42002"},{"taxonomy":"post_tag","embeddable":true,"href":"https:\/\/www.laguiadepamplona.com\/actualidad\/wp-json\/wp\/v2\/tags?post=42002"}],"curies":[{"name":"wp","href":"https:\/\/api.w.org\/{rel}","templated":true}]}}