{"id":41993,"date":"2022-10-21T16:40:30","date_gmt":"2022-10-21T14:40:30","guid":{"rendered":"https:\/\/www.laguiadepamplona.com\/actualidad\/?p=41993"},"modified":"2023-04-11T11:47:41","modified_gmt":"2023-04-11T09:47:41","slug":"la-asamblea-general-de-la-red-de-promocion-del-buen-trato-a-las-personas-mayores-del-barrio-de-iturrama-se-reune-para-abordar-actuaciones-conjuntas","status":"publish","type":"post","link":"https:\/\/www.laguiadepamplona.com\/actualidad\/la-asamblea-general-de-la-red-de-promocion-del-buen-trato-a-las-personas-mayores-del-barrio-de-iturrama-se-reune-para-abordar-actuaciones-conjuntas\/","title":{"rendered":"La asamblea general de la red de promoci\u00f3n del buen trato a las personas mayores del barrio de Iturrama se re\u00fane para abordar actuaciones conjuntas"},"content":{"rendered":"<h5>La red que a\u00fana profesionales, asociaciones, instituciones, vecinos y vecinas y recursos para mejorar el trato a esa poblaci\u00f3n se activ\u00f3 en junio<\/h5>\n<p><!--more--><\/p>\n<p>La red de promoci\u00f3n del buen trato a las personas mayores del barrio de Iturrama se ha reunido esta ma\u00f1ana para abordar actuaciones conjuntas que mejoren la calidad de vida de la poblaci\u00f3n de mayor edad. Las redes a\u00fanan recursos, profesionales, instituciones y asociaciones, adem\u00e1s de vecinos y vecinas, para trabajar conjuntamente para una poblaci\u00f3n espec\u00edfica, en este caso, las personas mayores. El espacio de encuentro entre profesionales favorece una atenci\u00f3n m\u00e1s integral, proporciona nuevas formas de trabajar y permite que la atenci\u00f3n a esta poblaci\u00f3n sea m\u00e1s cercana, llegue a m\u00e1s personas y aborde mejor las necesidades que se presenten. La clave es lograr un buen trato a las personas mayores del barrio a trav\u00e9s del dise\u00f1o de actuaciones conjuntas.<br \/>\n<script async src=\"\/\/pagead2.googlesyndication.com\/pagead\/js\/adsbygoogle.js\"><\/script><br \/>\n<!-- Noticias La Guia de Pamplona --><br \/>\n<ins class=\"adsbygoogle\"\nstyle=\"display:block\"\ndata-ad-client=\"ca-pub-6943679897239327\"\ndata-ad-slot=\"7048180777\"\ndata-ad-format=\"auto\"><\/ins><br \/>\n<script>\n(adsbygoogle = window.adsbygoogle || []).push({});\n<\/script><\/p>\n<p>La red de Iturrama se activ\u00f3 el pasado mes de junio y la componen el Ayuntamiento de Pamplona (Acci\u00f3n comunitaria, Polic\u00eda comunitaria, Unidad de barrio de Iturrama, Servicio de Dinamizaci\u00f3n para la Participaci\u00f3n Ciudadana y Civivox Iturrama), el centro de salud de Iturrama, el Foro Social Iturrama, la parroquia de San Francisco de As\u00eds, la asociaci\u00f3n de mayores Padre Ciriano, Solera Asistencial, Fundaci\u00f3n profesionales solidarios, Confederaci\u00f3n tercer tiempo, Casa de la Misericordia, Asociaci\u00f3n Navarra de prejubilados y pensionistas, Seniors espa\u00f1oles para la cooperaci\u00f3n, Teseo Centro de terapia ocupacional, Asociaci\u00f3n de comerciantes de Iturrama, Asociaci\u00f3n de Familiares de personas con Alzheimer y demencia (AFAN) y Colegio oficial de farmac\u00e9uticos de Navarra.<\/p>\n<p>Entre los objetivos de estas redes est\u00e1 la creaci\u00f3n de espacios de encuentro y contacto entre profesionales que integren los entornos de las personas mayores (salud, asociativo, ocio y tiempo libre) para mejorar la detecci\u00f3n de problem\u00e1ticas o necesidades no cubiertas y ofrecer respuestas de manera m\u00e1s eficaz y efectiva. Tambi\u00e9n se comparte informaci\u00f3n, m\u00e9todos de trabajo, se ofrece apoyo entre recursos para agilizar las coordinaciones y diferentes perspectivas para abordar los casos. Por \u00faltimo, se dise\u00f1an acciones y proyectos comunitarios que favorecen la participaci\u00f3n de las propias personas mayores y la dinamizaci\u00f3n del barrio.<\/p>\n","protected":false},"excerpt":{"rendered":"<p>La red que a\u00fana profesionales, asociaciones, instituciones, vecinos y vecinas y recursos para mejorar el trato a esa poblaci\u00f3n se activ\u00f3 en junio<\/p>\n","protected":false},"author":1,"featured_media":41994,"comment_status":"open","ping_status":"closed","sticky":false,"template":"","format":"standard","meta":{"footnotes":""},"categories":[2],"tags":[],"class_list":["post-41993","post","type-post","status-publish","format-standard","has-post-thumbnail","hentry","category-ayuntamiento-pamplona"],"yoast_head":"<!-- This site is optimized with the Yoast SEO plugin v27.3 - https:\/\/yoast.com\/product\/yoast-seo-wordpress\/ -->\n<title>La asamblea general de la red de promoci\u00f3n del buen trato a las personas mayores del barrio de Iturrama se re\u00fane para abordar actuaciones conjuntas<\/title>\n<meta name=\"description\" content=\"La red que a\u00fana profesionales, asociaciones, instituciones, vecinos y vecinas y recursos para mejorar el trato a esa poblaci\u00f3n se activ\u00f3 en junio\" \/>\n<meta name=\"robots\" content=\"index, follow, max-snippet:-1, max-image-preview:large, max-video-preview:-1\" \/>\n<link rel=\"canonical\" href=\"https:\/\/www.laguiadepamplona.com\/actualidad\/la-asamblea-general-de-la-red-de-promocion-del-buen-trato-a-las-personas-mayores-del-barrio-de-iturrama-se-reune-para-abordar-actuaciones-conjuntas\/\" \/>\n<meta property=\"og:locale\" content=\"es_ES\" \/>\n<meta property=\"og:type\" content=\"article\" \/>\n<meta property=\"og:title\" content=\"La asamblea general de la red de promoci\u00f3n del buen trato a las personas mayores del barrio de Iturrama se re\u00fane para abordar actuaciones conjuntas\" \/>\n<meta property=\"og:description\" content=\"La red que a\u00fana profesionales, asociaciones, instituciones, vecinos y vecinas y recursos para mejorar el trato a esa poblaci\u00f3n se activ\u00f3 en junio\" \/>\n<meta property=\"og:url\" content=\"https:\/\/www.laguiadepamplona.com\/actualidad\/la-asamblea-general-de-la-red-de-promocion-del-buen-trato-a-las-personas-mayores-del-barrio-de-iturrama-se-reune-para-abordar-actuaciones-conjuntas\/\" \/>\n<meta property=\"og:site_name\" content=\"La Gu\u00eda de Pamplona\" \/>\n<meta property=\"article:publisher\" content=\"https:\/\/www.facebook.com\/laguiadepamplonacom-133175176762273\/?ref=hl\" \/>\n<meta property=\"article:published_time\" content=\"2022-10-21T14:40:30+00:00\" \/>\n<meta property=\"article:modified_time\" content=\"2023-04-11T09:47:41+00:00\" \/>\n<meta property=\"og:image\" content=\"https:\/\/www.laguiadepamplona.com\/actualidad\/wp-content\/uploads\/2022\/10\/mayores-san-juan-bosco-ee5a1443.webp\" \/>\n\t<meta property=\"og:image:width\" content=\"1920\" \/>\n\t<meta property=\"og:image:height\" content=\"1280\" \/>\n\t<meta property=\"og:image:type\" content=\"image\/webp\" \/>\n<meta name=\"author\" content=\"La Gu\u00eda de Pamplona\" \/>\n<meta name=\"twitter:card\" content=\"summary_large_image\" \/>\n<meta name=\"twitter:creator\" content=\"@LaGuiadPamplona\" \/>\n<meta name=\"twitter:site\" content=\"@LaGuiadPamplona\" \/>\n<meta name=\"twitter:label1\" content=\"Escrito por\" \/>\n\t<meta name=\"twitter:data1\" content=\"La Gu\u00eda de Pamplona\" \/>\n\t<meta name=\"twitter:label2\" content=\"Tiempo de lectura\" \/>\n\t<meta name=\"twitter:data2\" content=\"2 minutos\" \/>\n<script type=\"application\/ld+json\" class=\"yoast-schema-graph\">{\"@context\":\"https:\\\/\\\/schema.org\",\"@graph\":[{\"@type\":\"Article\",\"@id\":\"https:\\\/\\\/www.laguiadepamplona.com\\\/actualidad\\\/la-asamblea-general-de-la-red-de-promocion-del-buen-trato-a-las-personas-mayores-del-barrio-de-iturrama-se-reune-para-abordar-actuaciones-conjuntas\\\/#article\",\"isPartOf\":{\"@id\":\"https:\\\/\\\/www.laguiadepamplona.com\\\/actualidad\\\/la-asamblea-general-de-la-red-de-promocion-del-buen-trato-a-las-personas-mayores-del-barrio-de-iturrama-se-reune-para-abordar-actuaciones-conjuntas\\\/\"},\"author\":{\"name\":\"La Gu\u00eda de Pamplona\",\"@id\":\"https:\\\/\\\/www.laguiadepamplona.com\\\/actualidad\\\/#\\\/schema\\\/person\\\/efe887376f0213d4657c93adc50b1fdb\"},\"headline\":\"La asamblea general de la red de promoci\u00f3n del buen trato a las personas mayores del barrio de Iturrama se re\u00fane para abordar actuaciones conjuntas\",\"datePublished\":\"2022-10-21T14:40:30+00:00\",\"dateModified\":\"2023-04-11T09:47:41+00:00\",\"mainEntityOfPage\":{\"@id\":\"https:\\\/\\\/www.laguiadepamplona.com\\\/actualidad\\\/la-asamblea-general-de-la-red-de-promocion-del-buen-trato-a-las-personas-mayores-del-barrio-de-iturrama-se-reune-para-abordar-actuaciones-conjuntas\\\/\"},\"wordCount\":417,\"commentCount\":0,\"publisher\":{\"@id\":\"https:\\\/\\\/www.laguiadepamplona.com\\\/actualidad\\\/#organization\"},\"image\":{\"@id\":\"https:\\\/\\\/www.laguiadepamplona.com\\\/actualidad\\\/la-asamblea-general-de-la-red-de-promocion-del-buen-trato-a-las-personas-mayores-del-barrio-de-iturrama-se-reune-para-abordar-actuaciones-conjuntas\\\/#primaryimage\"},\"thumbnailUrl\":\"https:\\\/\\\/www.laguiadepamplona.com\\\/actualidad\\\/wp-content\\\/uploads\\\/2022\\\/10\\\/mayores-san-juan-bosco-ee5a1443.webp\",\"articleSection\":[\"Ayto Pamplona\"],\"inLanguage\":\"es\",\"potentialAction\":[{\"@type\":\"CommentAction\",\"name\":\"Comment\",\"target\":[\"https:\\\/\\\/www.laguiadepamplona.com\\\/actualidad\\\/la-asamblea-general-de-la-red-de-promocion-del-buen-trato-a-las-personas-mayores-del-barrio-de-iturrama-se-reune-para-abordar-actuaciones-conjuntas\\\/#respond\"]}]},{\"@type\":\"WebPage\",\"@id\":\"https:\\\/\\\/www.laguiadepamplona.com\\\/actualidad\\\/la-asamblea-general-de-la-red-de-promocion-del-buen-trato-a-las-personas-mayores-del-barrio-de-iturrama-se-reune-para-abordar-actuaciones-conjuntas\\\/\",\"url\":\"https:\\\/\\\/www.laguiadepamplona.com\\\/actualidad\\\/la-asamblea-general-de-la-red-de-promocion-del-buen-trato-a-las-personas-mayores-del-barrio-de-iturrama-se-reune-para-abordar-actuaciones-conjuntas\\\/\",\"name\":\"La asamblea general de la red de promoci\u00f3n del buen trato a las personas mayores del barrio de Iturrama se re\u00fane para abordar actuaciones conjuntas\",\"isPartOf\":{\"@id\":\"https:\\\/\\\/www.laguiadepamplona.com\\\/actualidad\\\/#website\"},\"primaryImageOfPage\":{\"@id\":\"https:\\\/\\\/www.laguiadepamplona.com\\\/actualidad\\\/la-asamblea-general-de-la-red-de-promocion-del-buen-trato-a-las-personas-mayores-del-barrio-de-iturrama-se-reune-para-abordar-actuaciones-conjuntas\\\/#primaryimage\"},\"image\":{\"@id\":\"https:\\\/\\\/www.laguiadepamplona.com\\\/actualidad\\\/la-asamblea-general-de-la-red-de-promocion-del-buen-trato-a-las-personas-mayores-del-barrio-de-iturrama-se-reune-para-abordar-actuaciones-conjuntas\\\/#primaryimage\"},\"thumbnailUrl\":\"https:\\\/\\\/www.laguiadepamplona.com\\\/actualidad\\\/wp-content\\\/uploads\\\/2022\\\/10\\\/mayores-san-juan-bosco-ee5a1443.webp\",\"datePublished\":\"2022-10-21T14:40:30+00:00\",\"dateModified\":\"2023-04-11T09:47:41+00:00\",\"description\":\"La red que a\u00fana profesionales, asociaciones, instituciones, vecinos y vecinas y recursos para mejorar el trato a esa poblaci\u00f3n se activ\u00f3 en junio\",\"breadcrumb\":{\"@id\":\"https:\\\/\\\/www.laguiadepamplona.com\\\/actualidad\\\/la-asamblea-general-de-la-red-de-promocion-del-buen-trato-a-las-personas-mayores-del-barrio-de-iturrama-se-reune-para-abordar-actuaciones-conjuntas\\\/#breadcrumb\"},\"inLanguage\":\"es\",\"potentialAction\":[{\"@type\":\"ReadAction\",\"target\":[\"https:\\\/\\\/www.laguiadepamplona.com\\\/actualidad\\\/la-asamblea-general-de-la-red-de-promocion-del-buen-trato-a-las-personas-mayores-del-barrio-de-iturrama-se-reune-para-abordar-actuaciones-conjuntas\\\/\"]}]},{\"@type\":\"ImageObject\",\"inLanguage\":\"es\",\"@id\":\"https:\\\/\\\/www.laguiadepamplona.com\\\/actualidad\\\/la-asamblea-general-de-la-red-de-promocion-del-buen-trato-a-las-personas-mayores-del-barrio-de-iturrama-se-reune-para-abordar-actuaciones-conjuntas\\\/#primaryimage\",\"url\":\"https:\\\/\\\/www.laguiadepamplona.com\\\/actualidad\\\/wp-content\\\/uploads\\\/2022\\\/10\\\/mayores-san-juan-bosco-ee5a1443.webp\",\"contentUrl\":\"https:\\\/\\\/www.laguiadepamplona.com\\\/actualidad\\\/wp-content\\\/uploads\\\/2022\\\/10\\\/mayores-san-juan-bosco-ee5a1443.webp\",\"width\":1920,\"height\":1280,\"caption\":\"mayores\"},{\"@type\":\"BreadcrumbList\",\"@id\":\"https:\\\/\\\/www.laguiadepamplona.com\\\/actualidad\\\/la-asamblea-general-de-la-red-de-promocion-del-buen-trato-a-las-personas-mayores-del-barrio-de-iturrama-se-reune-para-abordar-actuaciones-conjuntas\\\/#breadcrumb\",\"itemListElement\":[{\"@type\":\"ListItem\",\"position\":1,\"name\":\"Portada\",\"item\":\"https:\\\/\\\/www.laguiadepamplona.com\\\/actualidad\\\/\"},{\"@type\":\"ListItem\",\"position\":2,\"name\":\"La asamblea general de la red de promoci\u00f3n del buen trato a las personas mayores del barrio de Iturrama se re\u00fane para abordar actuaciones conjuntas\"}]},{\"@type\":\"WebSite\",\"@id\":\"https:\\\/\\\/www.laguiadepamplona.com\\\/actualidad\\\/#website\",\"url\":\"https:\\\/\\\/www.laguiadepamplona.com\\\/actualidad\\\/\",\"name\":\"La gu\u00eda de Pamplona\",\"description\":\"Noticias de Pamplona\",\"publisher\":{\"@id\":\"https:\\\/\\\/www.laguiadepamplona.com\\\/actualidad\\\/#organization\"},\"potentialAction\":[{\"@type\":\"SearchAction\",\"target\":{\"@type\":\"EntryPoint\",\"urlTemplate\":\"https:\\\/\\\/www.laguiadepamplona.com\\\/actualidad\\\/?s={search_term_string}\"},\"query-input\":{\"@type\":\"PropertyValueSpecification\",\"valueRequired\":true,\"valueName\":\"search_term_string\"}}],\"inLanguage\":\"es\"},{\"@type\":\"Organization\",\"@id\":\"https:\\\/\\\/www.laguiadepamplona.com\\\/actualidad\\\/#organization\",\"name\":\"La Gu\u00eda de Pamplona \\\/ Noticias\",\"url\":\"https:\\\/\\\/www.laguiadepamplona.com\\\/actualidad\\\/\",\"logo\":{\"@type\":\"ImageObject\",\"inLanguage\":\"es\",\"@id\":\"https:\\\/\\\/www.laguiadepamplona.com\\\/actualidad\\\/#\\\/schema\\\/logo\\\/image\\\/\",\"url\":\"https:\\\/\\\/www.laguiadepamplona.com\\\/actualidad\\\/wp-content\\\/uploads\\\/2018\\\/11\\\/logo-laguiadepamplona18-web1.png\",\"contentUrl\":\"https:\\\/\\\/www.laguiadepamplona.com\\\/actualidad\\\/wp-content\\\/uploads\\\/2018\\\/11\\\/logo-laguiadepamplona18-web1.png\",\"width\":600,\"height\":196,\"caption\":\"La Gu\u00eda de Pamplona \\\/ Noticias\"},\"image\":{\"@id\":\"https:\\\/\\\/www.laguiadepamplona.com\\\/actualidad\\\/#\\\/schema\\\/logo\\\/image\\\/\"},\"sameAs\":[\"https:\\\/\\\/www.facebook.com\\\/laguiadepamplonacom-133175176762273\\\/?ref=hl\",\"https:\\\/\\\/x.com\\\/LaGuiadPamplona\",\"https:\\\/\\\/www.instagram.com\\\/la_guia_de_pamplona\\\/\",\"https:\\\/\\\/www.youtube.com\\\/user\\\/laguiadepamplona\"]},{\"@type\":\"Person\",\"@id\":\"https:\\\/\\\/www.laguiadepamplona.com\\\/actualidad\\\/#\\\/schema\\\/person\\\/efe887376f0213d4657c93adc50b1fdb\",\"name\":\"La Gu\u00eda de Pamplona\",\"image\":{\"@type\":\"ImageObject\",\"inLanguage\":\"es\",\"@id\":\"https:\\\/\\\/secure.gravatar.com\\\/avatar\\\/b6992f131dc8d30ab0dff15446e9d346d9dbd95992de0fef795073f5ea83a81c?s=96&d=mm&r=g\",\"url\":\"https:\\\/\\\/secure.gravatar.com\\\/avatar\\\/b6992f131dc8d30ab0dff15446e9d346d9dbd95992de0fef795073f5ea83a81c?s=96&d=mm&r=g\",\"contentUrl\":\"https:\\\/\\\/secure.gravatar.com\\\/avatar\\\/b6992f131dc8d30ab0dff15446e9d346d9dbd95992de0fef795073f5ea83a81c?s=96&d=mm&r=g\",\"caption\":\"La Gu\u00eda de Pamplona\"}}]}<\/script>\n<!-- \/ Yoast SEO plugin. -->","yoast_head_json":{"title":"La asamblea general de la red de promoci\u00f3n del buen trato a las personas mayores del barrio de Iturrama se re\u00fane para abordar actuaciones conjuntas","description":"La red que a\u00fana profesionales, asociaciones, instituciones, vecinos y vecinas y recursos para mejorar el trato a esa poblaci\u00f3n se activ\u00f3 en junio","robots":{"index":"index","follow":"follow","max-snippet":"max-snippet:-1","max-image-preview":"max-image-preview:large","max-video-preview":"max-video-preview:-1"},"canonical":"https:\/\/www.laguiadepamplona.com\/actualidad\/la-asamblea-general-de-la-red-de-promocion-del-buen-trato-a-las-personas-mayores-del-barrio-de-iturrama-se-reune-para-abordar-actuaciones-conjuntas\/","og_locale":"es_ES","og_type":"article","og_title":"La asamblea general de la red de promoci\u00f3n del buen trato a las personas mayores del barrio de Iturrama se re\u00fane para abordar actuaciones conjuntas","og_description":"La red que a\u00fana profesionales, asociaciones, instituciones, vecinos y vecinas y recursos para mejorar el trato a esa poblaci\u00f3n se activ\u00f3 en junio","og_url":"https:\/\/www.laguiadepamplona.com\/actualidad\/la-asamblea-general-de-la-red-de-promocion-del-buen-trato-a-las-personas-mayores-del-barrio-de-iturrama-se-reune-para-abordar-actuaciones-conjuntas\/","og_site_name":"La Gu\u00eda de Pamplona","article_publisher":"https:\/\/www.facebook.com\/laguiadepamplonacom-133175176762273\/?ref=hl","article_published_time":"2022-10-21T14:40:30+00:00","article_modified_time":"2023-04-11T09:47:41+00:00","og_image":[{"width":1920,"height":1280,"url":"https:\/\/www.laguiadepamplona.com\/actualidad\/wp-content\/uploads\/2022\/10\/mayores-san-juan-bosco-ee5a1443.webp","type":"image\/webp"}],"author":"La Gu\u00eda de Pamplona","twitter_card":"summary_large_image","twitter_creator":"@LaGuiadPamplona","twitter_site":"@LaGuiadPamplona","twitter_misc":{"Escrito por":"La Gu\u00eda de Pamplona","Tiempo de lectura":"2 minutos"},"schema":{"@context":"https:\/\/schema.org","@graph":[{"@type":"Article","@id":"https:\/\/www.laguiadepamplona.com\/actualidad\/la-asamblea-general-de-la-red-de-promocion-del-buen-trato-a-las-personas-mayores-del-barrio-de-iturrama-se-reune-para-abordar-actuaciones-conjuntas\/#article","isPartOf":{"@id":"https:\/\/www.laguiadepamplona.com\/actualidad\/la-asamblea-general-de-la-red-de-promocion-del-buen-trato-a-las-personas-mayores-del-barrio-de-iturrama-se-reune-para-abordar-actuaciones-conjuntas\/"},"author":{"name":"La Gu\u00eda de Pamplona","@id":"https:\/\/www.laguiadepamplona.com\/actualidad\/#\/schema\/person\/efe887376f0213d4657c93adc50b1fdb"},"headline":"La asamblea general de la red de promoci\u00f3n del buen trato a las personas mayores del barrio de Iturrama se re\u00fane para abordar actuaciones conjuntas","datePublished":"2022-10-21T14:40:30+00:00","dateModified":"2023-04-11T09:47:41+00:00","mainEntityOfPage":{"@id":"https:\/\/www.laguiadepamplona.com\/actualidad\/la-asamblea-general-de-la-red-de-promocion-del-buen-trato-a-las-personas-mayores-del-barrio-de-iturrama-se-reune-para-abordar-actuaciones-conjuntas\/"},"wordCount":417,"commentCount":0,"publisher":{"@id":"https:\/\/www.laguiadepamplona.com\/actualidad\/#organization"},"image":{"@id":"https:\/\/www.laguiadepamplona.com\/actualidad\/la-asamblea-general-de-la-red-de-promocion-del-buen-trato-a-las-personas-mayores-del-barrio-de-iturrama-se-reune-para-abordar-actuaciones-conjuntas\/#primaryimage"},"thumbnailUrl":"https:\/\/www.laguiadepamplona.com\/actualidad\/wp-content\/uploads\/2022\/10\/mayores-san-juan-bosco-ee5a1443.webp","articleSection":["Ayto Pamplona"],"inLanguage":"es","potentialAction":[{"@type":"CommentAction","name":"Comment","target":["https:\/\/www.laguiadepamplona.com\/actualidad\/la-asamblea-general-de-la-red-de-promocion-del-buen-trato-a-las-personas-mayores-del-barrio-de-iturrama-se-reune-para-abordar-actuaciones-conjuntas\/#respond"]}]},{"@type":"WebPage","@id":"https:\/\/www.laguiadepamplona.com\/actualidad\/la-asamblea-general-de-la-red-de-promocion-del-buen-trato-a-las-personas-mayores-del-barrio-de-iturrama-se-reune-para-abordar-actuaciones-conjuntas\/","url":"https:\/\/www.laguiadepamplona.com\/actualidad\/la-asamblea-general-de-la-red-de-promocion-del-buen-trato-a-las-personas-mayores-del-barrio-de-iturrama-se-reune-para-abordar-actuaciones-conjuntas\/","name":"La asamblea general de la red de promoci\u00f3n del buen trato a las personas mayores del barrio de Iturrama se re\u00fane para abordar actuaciones conjuntas","isPartOf":{"@id":"https:\/\/www.laguiadepamplona.com\/actualidad\/#website"},"primaryImageOfPage":{"@id":"https:\/\/www.laguiadepamplona.com\/actualidad\/la-asamblea-general-de-la-red-de-promocion-del-buen-trato-a-las-personas-mayores-del-barrio-de-iturrama-se-reune-para-abordar-actuaciones-conjuntas\/#primaryimage"},"image":{"@id":"https:\/\/www.laguiadepamplona.com\/actualidad\/la-asamblea-general-de-la-red-de-promocion-del-buen-trato-a-las-personas-mayores-del-barrio-de-iturrama-se-reune-para-abordar-actuaciones-conjuntas\/#primaryimage"},"thumbnailUrl":"https:\/\/www.laguiadepamplona.com\/actualidad\/wp-content\/uploads\/2022\/10\/mayores-san-juan-bosco-ee5a1443.webp","datePublished":"2022-10-21T14:40:30+00:00","dateModified":"2023-04-11T09:47:41+00:00","description":"La red que a\u00fana profesionales, asociaciones, instituciones, vecinos y vecinas y recursos para mejorar el trato a esa poblaci\u00f3n se activ\u00f3 en junio","breadcrumb":{"@id":"https:\/\/www.laguiadepamplona.com\/actualidad\/la-asamblea-general-de-la-red-de-promocion-del-buen-trato-a-las-personas-mayores-del-barrio-de-iturrama-se-reune-para-abordar-actuaciones-conjuntas\/#breadcrumb"},"inLanguage":"es","potentialAction":[{"@type":"ReadAction","target":["https:\/\/www.laguiadepamplona.com\/actualidad\/la-asamblea-general-de-la-red-de-promocion-del-buen-trato-a-las-personas-mayores-del-barrio-de-iturrama-se-reune-para-abordar-actuaciones-conjuntas\/"]}]},{"@type":"ImageObject","inLanguage":"es","@id":"https:\/\/www.laguiadepamplona.com\/actualidad\/la-asamblea-general-de-la-red-de-promocion-del-buen-trato-a-las-personas-mayores-del-barrio-de-iturrama-se-reune-para-abordar-actuaciones-conjuntas\/#primaryimage","url":"https:\/\/www.laguiadepamplona.com\/actualidad\/wp-content\/uploads\/2022\/10\/mayores-san-juan-bosco-ee5a1443.webp","contentUrl":"https:\/\/www.laguiadepamplona.com\/actualidad\/wp-content\/uploads\/2022\/10\/mayores-san-juan-bosco-ee5a1443.webp","width":1920,"height":1280,"caption":"mayores"},{"@type":"BreadcrumbList","@id":"https:\/\/www.laguiadepamplona.com\/actualidad\/la-asamblea-general-de-la-red-de-promocion-del-buen-trato-a-las-personas-mayores-del-barrio-de-iturrama-se-reune-para-abordar-actuaciones-conjuntas\/#breadcrumb","itemListElement":[{"@type":"ListItem","position":1,"name":"Portada","item":"https:\/\/www.laguiadepamplona.com\/actualidad\/"},{"@type":"ListItem","position":2,"name":"La asamblea general de la red de promoci\u00f3n del buen trato a las personas mayores del barrio de Iturrama se re\u00fane para abordar actuaciones conjuntas"}]},{"@type":"WebSite","@id":"https:\/\/www.laguiadepamplona.com\/actualidad\/#website","url":"https:\/\/www.laguiadepamplona.com\/actualidad\/","name":"La gu\u00eda de Pamplona","description":"Noticias de Pamplona","publisher":{"@id":"https:\/\/www.laguiadepamplona.com\/actualidad\/#organization"},"potentialAction":[{"@type":"SearchAction","target":{"@type":"EntryPoint","urlTemplate":"https:\/\/www.laguiadepamplona.com\/actualidad\/?s={search_term_string}"},"query-input":{"@type":"PropertyValueSpecification","valueRequired":true,"valueName":"search_term_string"}}],"inLanguage":"es"},{"@type":"Organization","@id":"https:\/\/www.laguiadepamplona.com\/actualidad\/#organization","name":"La Gu\u00eda de Pamplona \/ Noticias","url":"https:\/\/www.laguiadepamplona.com\/actualidad\/","logo":{"@type":"ImageObject","inLanguage":"es","@id":"https:\/\/www.laguiadepamplona.com\/actualidad\/#\/schema\/logo\/image\/","url":"https:\/\/www.laguiadepamplona.com\/actualidad\/wp-content\/uploads\/2018\/11\/logo-laguiadepamplona18-web1.png","contentUrl":"https:\/\/www.laguiadepamplona.com\/actualidad\/wp-content\/uploads\/2018\/11\/logo-laguiadepamplona18-web1.png","width":600,"height":196,"caption":"La Gu\u00eda de Pamplona \/ Noticias"},"image":{"@id":"https:\/\/www.laguiadepamplona.com\/actualidad\/#\/schema\/logo\/image\/"},"sameAs":["https:\/\/www.facebook.com\/laguiadepamplonacom-133175176762273\/?ref=hl","https:\/\/x.com\/LaGuiadPamplona","https:\/\/www.instagram.com\/la_guia_de_pamplona\/","https:\/\/www.youtube.com\/user\/laguiadepamplona"]},{"@type":"Person","@id":"https:\/\/www.laguiadepamplona.com\/actualidad\/#\/schema\/person\/efe887376f0213d4657c93adc50b1fdb","name":"La Gu\u00eda de Pamplona","image":{"@type":"ImageObject","inLanguage":"es","@id":"https:\/\/secure.gravatar.com\/avatar\/b6992f131dc8d30ab0dff15446e9d346d9dbd95992de0fef795073f5ea83a81c?s=96&d=mm&r=g","url":"https:\/\/secure.gravatar.com\/avatar\/b6992f131dc8d30ab0dff15446e9d346d9dbd95992de0fef795073f5ea83a81c?s=96&d=mm&r=g","contentUrl":"https:\/\/secure.gravatar.com\/avatar\/b6992f131dc8d30ab0dff15446e9d346d9dbd95992de0fef795073f5ea83a81c?s=96&d=mm&r=g","caption":"La Gu\u00eda de Pamplona"}}]}},"post_mailing_queue_ids":[],"_links":{"self":[{"href":"https:\/\/www.laguiadepamplona.com\/actualidad\/wp-json\/wp\/v2\/posts\/41993","targetHints":{"allow":["GET"]}}],"collection":[{"href":"https:\/\/www.laguiadepamplona.com\/actualidad\/wp-json\/wp\/v2\/posts"}],"about":[{"href":"https:\/\/www.laguiadepamplona.com\/actualidad\/wp-json\/wp\/v2\/types\/post"}],"author":[{"embeddable":true,"href":"https:\/\/www.laguiadepamplona.com\/actualidad\/wp-json\/wp\/v2\/users\/1"}],"replies":[{"embeddable":true,"href":"https:\/\/www.laguiadepamplona.com\/actualidad\/wp-json\/wp\/v2\/comments?post=41993"}],"version-history":[{"count":0,"href":"https:\/\/www.laguiadepamplona.com\/actualidad\/wp-json\/wp\/v2\/posts\/41993\/revisions"}],"wp:featuredmedia":[{"embeddable":true,"href":"https:\/\/www.laguiadepamplona.com\/actualidad\/wp-json\/wp\/v2\/media\/41994"}],"wp:attachment":[{"href":"https:\/\/www.laguiadepamplona.com\/actualidad\/wp-json\/wp\/v2\/media?parent=41993"}],"wp:term":[{"taxonomy":"category","embeddable":true,"href":"https:\/\/www.laguiadepamplona.com\/actualidad\/wp-json\/wp\/v2\/categories?post=41993"},{"taxonomy":"post_tag","embeddable":true,"href":"https:\/\/www.laguiadepamplona.com\/actualidad\/wp-json\/wp\/v2\/tags?post=41993"}],"curies":[{"name":"wp","href":"https:\/\/api.w.org\/{rel}","templated":true}]}}