{"id":41990,"date":"2022-10-21T16:37:12","date_gmt":"2022-10-21T14:37:12","guid":{"rendered":"https:\/\/www.laguiadepamplona.com\/actualidad\/?p=41990"},"modified":"2023-04-11T11:47:41","modified_gmt":"2023-04-11T09:47:41","slug":"el-ayuntamiento-de-pamplona-participa-hoy-en-un-encuentro-de-ciudades-y-territorios-jacobeos-del-mundo","status":"publish","type":"post","link":"https:\/\/www.laguiadepamplona.com\/actualidad\/el-ayuntamiento-de-pamplona-participa-hoy-en-un-encuentro-de-ciudades-y-territorios-jacobeos-del-mundo\/","title":{"rendered":"El Ayuntamiento de Pamplona participa hoy en un encuentro de ciudades y territorios jacobeos del mundo"},"content":{"rendered":"<h5>Las jornadas \u2018Iacobus Mundi\u2019 sobre gesti\u00f3n de movilidad y turismo en el Camino se desarrollan del 20 al 22 de octubre en Santiago de Compostela<\/h5>\n<p><!--more--><\/p>\n<p>La concejala especial de Turismo, Carmen Alba, ha participado esta ma\u00f1ana en la mesa redonda que da inicio al encuentro de ciudades y territorios jacobeos del mundo que, bajo el t\u00edtulo \u2018Iacobus Mundi, se celebrar\u00e1 en Santiago de Compostela desde ayer hasta el 22 de octubre. Organizado por la Xunta de Galicia, es un foro de encuentro internacional de intercambio de saberes la gesti\u00f3n de la movilidad de los flujos de peregrinaci\u00f3n y turismo en diversas ciudades do mundo vinculadas con los caminos de Santiago y a la memoria hist\u00f3rico-cultural xacobea.<\/p>\n<p>En concreto Pamplona ha contado su experiencia en relaci\u00f3n a la gesti\u00f3n el Camino de Santiago franc\u00e9s en Espa\u00f1a en una mesa en la que han participado tambi\u00e9n Jaca, Logro\u00f1o, Bilbao y Oviedo, as\u00ed como la localidad francesa de La Puy-en-Velay. Entre las buenas pr\u00e1cticas sobre las que ha informado Alba est\u00e1n los dos albergues de peregrinos gestionados, uno por Aspace, y otro por hospitaleros alemanes y la creaci\u00f3n del centro de interpretaci\u00f3n ULTREIA cuyos contenidos se han reforzado recientemente que se cre\u00f3 dentro del proyecto europeo Interreg JACOBACCESS.<br \/>\n<script async src=\"\/\/pagead2.googlesyndication.com\/pagead\/js\/adsbygoogle.js\"><\/script><br \/>\n<!-- Noticias La Guia de Pamplona --><br \/>\n<ins class=\"adsbygoogle\"\nstyle=\"display:block\"\ndata-ad-client=\"ca-pub-6943679897239327\"\ndata-ad-slot=\"7048180777\"\ndata-ad-format=\"auto\"><\/ins><br \/>\n<script>\n(adsbygoogle = window.adsbygoogle || []).push({});\n<\/script><\/p>\n<p>El centro tiene como objetivo es facilitar el acceso a la cultura y al patrimonio para todas las personas y es especialmente accesible para personas con discapacidad. Adem\u00e1s de la parte interpretativa, en este centro se ofrece informaci\u00f3n pr\u00e1ctica sobre servicios necesarios y consejos interesantes para hacer el Camino. Desde datos de transporte hasta Roncesvalles, servicios de traslado de mochilas, informaci\u00f3n de alojamientos, restaurantes, lugares que visitar, agenda cultural, detalles de las rutas y tracks de las distintas etapas del camino desde Roncesvalles hasta Santiago de Compostela y un largo etc\u00e9tera. Tambi\u00e9n realiza venta y sellado de credenciales tanto f\u00edsicas como virtuales. Y es que ULTREIA tienen tambi\u00e9n su vertiente virtual gracias a la web <a href=\"http:\/\/www.pamplona.es\/caminodesantiago\" target=\"_blank\" rel=\"noopener\">www.pamplona.es\/caminodesantiago<\/a>.<\/p>\n<p>Este a\u00f1o, adem\u00e1s, el Ayuntamiento de Pamplona y en colaboraci\u00f3n con la Asociaci\u00f3n de Amigos del Camino de Navarra ha mejorado la se\u00f1alizaci\u00f3n de toda la ruta a su paso por la ciudad, tanto para caminantes como para ciclistas. En el primer caso se ha apostado por una se\u00f1al\u00e9tica f\u00edsica muy visual para que los peregrinos sigan f\u00e1cilmente el trazado, pero tambi\u00e9n por una se\u00f1alizaci\u00f3n virtual mediante c\u00f3digos QR.<\/p>\n<p>En los cerca de 790 kil\u00f3metros que recorre el Camino Franc\u00e9s desde Valcarlos y Roncesvalles hasta Santiago, Pamplona ha acu\u00f1ado como lema \u2018Pamplona la Primera del Camino\u2019, y es que el camino franc\u00e9s es ruta oficial desde el siglo XI, desde Sancho el Mayor. As\u00ed, la Ruta Jacobea tiene mucho que ver en la g\u00e9nesis y el desarrollo de la ciudad hasta la actualidad.<br \/>\n<script async src=\"\/\/pagead2.googlesyndication.com\/pagead\/js\/adsbygoogle.js\"><\/script><br \/>\n<!-- Noticias La Guia de Pamplona --><br \/>\n<ins class=\"adsbygoogle\"\nstyle=\"display:block\"\ndata-ad-client=\"ca-pub-6943679897239327\"\ndata-ad-slot=\"7048180777\"\ndata-ad-format=\"auto\"><\/ins><br \/>\n<script>\n(adsbygoogle = window.adsbygoogle || []).push({});\n<\/script><\/p>\n<p><strong>Unas jornadas internacionales<\/strong><\/p>\n<p>A lo largo de las dos jornadas, m\u00e1s de 20 localidades, entidades sociales y culturales y federaciones de Espa\u00f1a, Francia, Portugal, Italia, Eslovenia y Ecuador intercambiar\u00e1n procedimientos, inquietudes, buenas pr\u00e1cticas y sistemas de trabajo en unas mesas redondas que est\u00e1n teniendo lugar en el Hostal dos Reis Cat\u00f3licos, en Santiago de Compostela (Galicia). Entre los actos del programa se encuentra la inauguraci\u00f3n de una exposici\u00f3n fotogr\u00e1fica de peregrinaciones jacobeas en el mundo, en la que tambi\u00e9n hay fotos de Pamplona, o una visita a la Catedral de Santiago.<\/p>\n<p>En seis sesiones se abordar\u00e1 lo relativo a gesti\u00f3n patrimonial, turismo cultural, promoci\u00f3n de ciudades, itinerarios y tradiciones jacobeas, la investigaci\u00f3n y promoci\u00f3n o las implicaciones de la Ruta Jacobea en Am\u00e9rica.<\/p>\n","protected":false},"excerpt":{"rendered":"<p>Las jornadas \u2018Iacobus Mundi\u2019 sobre gesti\u00f3n de movilidad y turismo en el Camino se desarrollan del 20 al 22 de octubre en Santiago de Compostela<\/p>\n","protected":false},"author":1,"featured_media":41991,"comment_status":"open","ping_status":"closed","sticky":false,"template":"","format":"standard","meta":{"footnotes":""},"categories":[2],"tags":[],"class_list":["post-41990","post","type-post","status-publish","format-standard","has-post-thumbnail","hentry","category-ayuntamiento-pamplona"],"yoast_head":"<!-- This site is optimized with the Yoast SEO plugin v27.3 - https:\/\/yoast.com\/product\/yoast-seo-wordpress\/ -->\n<title>El Ayuntamiento de Pamplona participa hoy en un encuentro de ciudades y territorios jacobeos del mundo<\/title>\n<meta name=\"description\" content=\"Las jornadas \u2018Iacobus Mundi\u2019 sobre gesti\u00f3n de movilidad y turismo en el Camino se desarrollan del 20 al 22 de octubre en Santiago de Compostela\" \/>\n<meta name=\"robots\" content=\"index, follow, max-snippet:-1, max-image-preview:large, max-video-preview:-1\" \/>\n<link rel=\"canonical\" href=\"https:\/\/www.laguiadepamplona.com\/actualidad\/el-ayuntamiento-de-pamplona-participa-hoy-en-un-encuentro-de-ciudades-y-territorios-jacobeos-del-mundo\/\" \/>\n<meta property=\"og:locale\" content=\"es_ES\" \/>\n<meta property=\"og:type\" content=\"article\" \/>\n<meta property=\"og:title\" content=\"El Ayuntamiento de Pamplona participa hoy en un encuentro de ciudades y territorios jacobeos del mundo\" \/>\n<meta property=\"og:description\" content=\"Las jornadas \u2018Iacobus Mundi\u2019 sobre gesti\u00f3n de movilidad y turismo en el Camino se desarrollan del 20 al 22 de octubre en Santiago de Compostela\" \/>\n<meta property=\"og:url\" content=\"https:\/\/www.laguiadepamplona.com\/actualidad\/el-ayuntamiento-de-pamplona-participa-hoy-en-un-encuentro-de-ciudades-y-territorios-jacobeos-del-mundo\/\" \/>\n<meta property=\"og:site_name\" content=\"La Gu\u00eda de Pamplona\" \/>\n<meta property=\"article:publisher\" content=\"https:\/\/www.facebook.com\/laguiadepamplonacom-133175176762273\/?ref=hl\" \/>\n<meta property=\"article:published_time\" content=\"2022-10-21T14:37:12+00:00\" \/>\n<meta property=\"article:modified_time\" content=\"2023-04-11T09:47:41+00:00\" \/>\n<meta property=\"og:image\" content=\"https:\/\/www.laguiadepamplona.com\/actualidad\/wp-content\/uploads\/2022\/10\/encuentro-ciudades-terriorios-jacobeos.webp\" \/>\n\t<meta property=\"og:image:width\" content=\"1920\" \/>\n\t<meta property=\"og:image:height\" content=\"1280\" \/>\n\t<meta property=\"og:image:type\" content=\"image\/webp\" \/>\n<meta name=\"author\" content=\"La Gu\u00eda de Pamplona\" \/>\n<meta name=\"twitter:card\" content=\"summary_large_image\" \/>\n<meta name=\"twitter:creator\" content=\"@LaGuiadPamplona\" \/>\n<meta name=\"twitter:site\" content=\"@LaGuiadPamplona\" \/>\n<meta name=\"twitter:label1\" content=\"Escrito por\" \/>\n\t<meta name=\"twitter:data1\" content=\"La Gu\u00eda de Pamplona\" \/>\n\t<meta name=\"twitter:label2\" content=\"Tiempo de lectura\" \/>\n\t<meta name=\"twitter:data2\" content=\"3 minutos\" \/>\n<script type=\"application\/ld+json\" class=\"yoast-schema-graph\">{\"@context\":\"https:\\\/\\\/schema.org\",\"@graph\":[{\"@type\":\"Article\",\"@id\":\"https:\\\/\\\/www.laguiadepamplona.com\\\/actualidad\\\/el-ayuntamiento-de-pamplona-participa-hoy-en-un-encuentro-de-ciudades-y-territorios-jacobeos-del-mundo\\\/#article\",\"isPartOf\":{\"@id\":\"https:\\\/\\\/www.laguiadepamplona.com\\\/actualidad\\\/el-ayuntamiento-de-pamplona-participa-hoy-en-un-encuentro-de-ciudades-y-territorios-jacobeos-del-mundo\\\/\"},\"author\":{\"name\":\"La Gu\u00eda de Pamplona\",\"@id\":\"https:\\\/\\\/www.laguiadepamplona.com\\\/actualidad\\\/#\\\/schema\\\/person\\\/efe887376f0213d4657c93adc50b1fdb\"},\"headline\":\"El Ayuntamiento de Pamplona participa hoy en un encuentro de ciudades y territorios jacobeos del mundo\",\"datePublished\":\"2022-10-21T14:37:12+00:00\",\"dateModified\":\"2023-04-11T09:47:41+00:00\",\"mainEntityOfPage\":{\"@id\":\"https:\\\/\\\/www.laguiadepamplona.com\\\/actualidad\\\/el-ayuntamiento-de-pamplona-participa-hoy-en-un-encuentro-de-ciudades-y-territorios-jacobeos-del-mundo\\\/\"},\"wordCount\":649,\"commentCount\":0,\"publisher\":{\"@id\":\"https:\\\/\\\/www.laguiadepamplona.com\\\/actualidad\\\/#organization\"},\"image\":{\"@id\":\"https:\\\/\\\/www.laguiadepamplona.com\\\/actualidad\\\/el-ayuntamiento-de-pamplona-participa-hoy-en-un-encuentro-de-ciudades-y-territorios-jacobeos-del-mundo\\\/#primaryimage\"},\"thumbnailUrl\":\"https:\\\/\\\/www.laguiadepamplona.com\\\/actualidad\\\/wp-content\\\/uploads\\\/2022\\\/10\\\/encuentro-ciudades-terriorios-jacobeos.webp\",\"articleSection\":[\"Ayto Pamplona\"],\"inLanguage\":\"es\",\"potentialAction\":[{\"@type\":\"CommentAction\",\"name\":\"Comment\",\"target\":[\"https:\\\/\\\/www.laguiadepamplona.com\\\/actualidad\\\/el-ayuntamiento-de-pamplona-participa-hoy-en-un-encuentro-de-ciudades-y-territorios-jacobeos-del-mundo\\\/#respond\"]}]},{\"@type\":\"WebPage\",\"@id\":\"https:\\\/\\\/www.laguiadepamplona.com\\\/actualidad\\\/el-ayuntamiento-de-pamplona-participa-hoy-en-un-encuentro-de-ciudades-y-territorios-jacobeos-del-mundo\\\/\",\"url\":\"https:\\\/\\\/www.laguiadepamplona.com\\\/actualidad\\\/el-ayuntamiento-de-pamplona-participa-hoy-en-un-encuentro-de-ciudades-y-territorios-jacobeos-del-mundo\\\/\",\"name\":\"El Ayuntamiento de Pamplona participa hoy en un encuentro de ciudades y territorios jacobeos del mundo\",\"isPartOf\":{\"@id\":\"https:\\\/\\\/www.laguiadepamplona.com\\\/actualidad\\\/#website\"},\"primaryImageOfPage\":{\"@id\":\"https:\\\/\\\/www.laguiadepamplona.com\\\/actualidad\\\/el-ayuntamiento-de-pamplona-participa-hoy-en-un-encuentro-de-ciudades-y-territorios-jacobeos-del-mundo\\\/#primaryimage\"},\"image\":{\"@id\":\"https:\\\/\\\/www.laguiadepamplona.com\\\/actualidad\\\/el-ayuntamiento-de-pamplona-participa-hoy-en-un-encuentro-de-ciudades-y-territorios-jacobeos-del-mundo\\\/#primaryimage\"},\"thumbnailUrl\":\"https:\\\/\\\/www.laguiadepamplona.com\\\/actualidad\\\/wp-content\\\/uploads\\\/2022\\\/10\\\/encuentro-ciudades-terriorios-jacobeos.webp\",\"datePublished\":\"2022-10-21T14:37:12+00:00\",\"dateModified\":\"2023-04-11T09:47:41+00:00\",\"description\":\"Las jornadas \u2018Iacobus Mundi\u2019 sobre gesti\u00f3n de movilidad y turismo en el Camino se desarrollan del 20 al 22 de octubre en Santiago de Compostela\",\"breadcrumb\":{\"@id\":\"https:\\\/\\\/www.laguiadepamplona.com\\\/actualidad\\\/el-ayuntamiento-de-pamplona-participa-hoy-en-un-encuentro-de-ciudades-y-territorios-jacobeos-del-mundo\\\/#breadcrumb\"},\"inLanguage\":\"es\",\"potentialAction\":[{\"@type\":\"ReadAction\",\"target\":[\"https:\\\/\\\/www.laguiadepamplona.com\\\/actualidad\\\/el-ayuntamiento-de-pamplona-participa-hoy-en-un-encuentro-de-ciudades-y-territorios-jacobeos-del-mundo\\\/\"]}]},{\"@type\":\"ImageObject\",\"inLanguage\":\"es\",\"@id\":\"https:\\\/\\\/www.laguiadepamplona.com\\\/actualidad\\\/el-ayuntamiento-de-pamplona-participa-hoy-en-un-encuentro-de-ciudades-y-territorios-jacobeos-del-mundo\\\/#primaryimage\",\"url\":\"https:\\\/\\\/www.laguiadepamplona.com\\\/actualidad\\\/wp-content\\\/uploads\\\/2022\\\/10\\\/encuentro-ciudades-terriorios-jacobeos.webp\",\"contentUrl\":\"https:\\\/\\\/www.laguiadepamplona.com\\\/actualidad\\\/wp-content\\\/uploads\\\/2022\\\/10\\\/encuentro-ciudades-terriorios-jacobeos.webp\",\"width\":1920,\"height\":1280},{\"@type\":\"BreadcrumbList\",\"@id\":\"https:\\\/\\\/www.laguiadepamplona.com\\\/actualidad\\\/el-ayuntamiento-de-pamplona-participa-hoy-en-un-encuentro-de-ciudades-y-territorios-jacobeos-del-mundo\\\/#breadcrumb\",\"itemListElement\":[{\"@type\":\"ListItem\",\"position\":1,\"name\":\"Portada\",\"item\":\"https:\\\/\\\/www.laguiadepamplona.com\\\/actualidad\\\/\"},{\"@type\":\"ListItem\",\"position\":2,\"name\":\"El Ayuntamiento de Pamplona participa hoy en un encuentro de ciudades y territorios jacobeos del mundo\"}]},{\"@type\":\"WebSite\",\"@id\":\"https:\\\/\\\/www.laguiadepamplona.com\\\/actualidad\\\/#website\",\"url\":\"https:\\\/\\\/www.laguiadepamplona.com\\\/actualidad\\\/\",\"name\":\"La gu\u00eda de Pamplona\",\"description\":\"Noticias de Pamplona\",\"publisher\":{\"@id\":\"https:\\\/\\\/www.laguiadepamplona.com\\\/actualidad\\\/#organization\"},\"potentialAction\":[{\"@type\":\"SearchAction\",\"target\":{\"@type\":\"EntryPoint\",\"urlTemplate\":\"https:\\\/\\\/www.laguiadepamplona.com\\\/actualidad\\\/?s={search_term_string}\"},\"query-input\":{\"@type\":\"PropertyValueSpecification\",\"valueRequired\":true,\"valueName\":\"search_term_string\"}}],\"inLanguage\":\"es\"},{\"@type\":\"Organization\",\"@id\":\"https:\\\/\\\/www.laguiadepamplona.com\\\/actualidad\\\/#organization\",\"name\":\"La Gu\u00eda de Pamplona \\\/ Noticias\",\"url\":\"https:\\\/\\\/www.laguiadepamplona.com\\\/actualidad\\\/\",\"logo\":{\"@type\":\"ImageObject\",\"inLanguage\":\"es\",\"@id\":\"https:\\\/\\\/www.laguiadepamplona.com\\\/actualidad\\\/#\\\/schema\\\/logo\\\/image\\\/\",\"url\":\"https:\\\/\\\/www.laguiadepamplona.com\\\/actualidad\\\/wp-content\\\/uploads\\\/2018\\\/11\\\/logo-laguiadepamplona18-web1.png\",\"contentUrl\":\"https:\\\/\\\/www.laguiadepamplona.com\\\/actualidad\\\/wp-content\\\/uploads\\\/2018\\\/11\\\/logo-laguiadepamplona18-web1.png\",\"width\":600,\"height\":196,\"caption\":\"La Gu\u00eda de Pamplona \\\/ Noticias\"},\"image\":{\"@id\":\"https:\\\/\\\/www.laguiadepamplona.com\\\/actualidad\\\/#\\\/schema\\\/logo\\\/image\\\/\"},\"sameAs\":[\"https:\\\/\\\/www.facebook.com\\\/laguiadepamplonacom-133175176762273\\\/?ref=hl\",\"https:\\\/\\\/x.com\\\/LaGuiadPamplona\",\"https:\\\/\\\/www.instagram.com\\\/la_guia_de_pamplona\\\/\",\"https:\\\/\\\/www.youtube.com\\\/user\\\/laguiadepamplona\"]},{\"@type\":\"Person\",\"@id\":\"https:\\\/\\\/www.laguiadepamplona.com\\\/actualidad\\\/#\\\/schema\\\/person\\\/efe887376f0213d4657c93adc50b1fdb\",\"name\":\"La Gu\u00eda de Pamplona\",\"image\":{\"@type\":\"ImageObject\",\"inLanguage\":\"es\",\"@id\":\"https:\\\/\\\/secure.gravatar.com\\\/avatar\\\/b6992f131dc8d30ab0dff15446e9d346d9dbd95992de0fef795073f5ea83a81c?s=96&d=mm&r=g\",\"url\":\"https:\\\/\\\/secure.gravatar.com\\\/avatar\\\/b6992f131dc8d30ab0dff15446e9d346d9dbd95992de0fef795073f5ea83a81c?s=96&d=mm&r=g\",\"contentUrl\":\"https:\\\/\\\/secure.gravatar.com\\\/avatar\\\/b6992f131dc8d30ab0dff15446e9d346d9dbd95992de0fef795073f5ea83a81c?s=96&d=mm&r=g\",\"caption\":\"La Gu\u00eda de Pamplona\"}}]}<\/script>\n<!-- \/ Yoast SEO plugin. -->","yoast_head_json":{"title":"El Ayuntamiento de Pamplona participa hoy en un encuentro de ciudades y territorios jacobeos del mundo","description":"Las jornadas \u2018Iacobus Mundi\u2019 sobre gesti\u00f3n de movilidad y turismo en el Camino se desarrollan del 20 al 22 de octubre en Santiago de Compostela","robots":{"index":"index","follow":"follow","max-snippet":"max-snippet:-1","max-image-preview":"max-image-preview:large","max-video-preview":"max-video-preview:-1"},"canonical":"https:\/\/www.laguiadepamplona.com\/actualidad\/el-ayuntamiento-de-pamplona-participa-hoy-en-un-encuentro-de-ciudades-y-territorios-jacobeos-del-mundo\/","og_locale":"es_ES","og_type":"article","og_title":"El Ayuntamiento de Pamplona participa hoy en un encuentro de ciudades y territorios jacobeos del mundo","og_description":"Las jornadas \u2018Iacobus Mundi\u2019 sobre gesti\u00f3n de movilidad y turismo en el Camino se desarrollan del 20 al 22 de octubre en Santiago de Compostela","og_url":"https:\/\/www.laguiadepamplona.com\/actualidad\/el-ayuntamiento-de-pamplona-participa-hoy-en-un-encuentro-de-ciudades-y-territorios-jacobeos-del-mundo\/","og_site_name":"La Gu\u00eda de Pamplona","article_publisher":"https:\/\/www.facebook.com\/laguiadepamplonacom-133175176762273\/?ref=hl","article_published_time":"2022-10-21T14:37:12+00:00","article_modified_time":"2023-04-11T09:47:41+00:00","og_image":[{"width":1920,"height":1280,"url":"https:\/\/www.laguiadepamplona.com\/actualidad\/wp-content\/uploads\/2022\/10\/encuentro-ciudades-terriorios-jacobeos.webp","type":"image\/webp"}],"author":"La Gu\u00eda de Pamplona","twitter_card":"summary_large_image","twitter_creator":"@LaGuiadPamplona","twitter_site":"@LaGuiadPamplona","twitter_misc":{"Escrito por":"La Gu\u00eda de Pamplona","Tiempo de lectura":"3 minutos"},"schema":{"@context":"https:\/\/schema.org","@graph":[{"@type":"Article","@id":"https:\/\/www.laguiadepamplona.com\/actualidad\/el-ayuntamiento-de-pamplona-participa-hoy-en-un-encuentro-de-ciudades-y-territorios-jacobeos-del-mundo\/#article","isPartOf":{"@id":"https:\/\/www.laguiadepamplona.com\/actualidad\/el-ayuntamiento-de-pamplona-participa-hoy-en-un-encuentro-de-ciudades-y-territorios-jacobeos-del-mundo\/"},"author":{"name":"La Gu\u00eda de Pamplona","@id":"https:\/\/www.laguiadepamplona.com\/actualidad\/#\/schema\/person\/efe887376f0213d4657c93adc50b1fdb"},"headline":"El Ayuntamiento de Pamplona participa hoy en un encuentro de ciudades y territorios jacobeos del mundo","datePublished":"2022-10-21T14:37:12+00:00","dateModified":"2023-04-11T09:47:41+00:00","mainEntityOfPage":{"@id":"https:\/\/www.laguiadepamplona.com\/actualidad\/el-ayuntamiento-de-pamplona-participa-hoy-en-un-encuentro-de-ciudades-y-territorios-jacobeos-del-mundo\/"},"wordCount":649,"commentCount":0,"publisher":{"@id":"https:\/\/www.laguiadepamplona.com\/actualidad\/#organization"},"image":{"@id":"https:\/\/www.laguiadepamplona.com\/actualidad\/el-ayuntamiento-de-pamplona-participa-hoy-en-un-encuentro-de-ciudades-y-territorios-jacobeos-del-mundo\/#primaryimage"},"thumbnailUrl":"https:\/\/www.laguiadepamplona.com\/actualidad\/wp-content\/uploads\/2022\/10\/encuentro-ciudades-terriorios-jacobeos.webp","articleSection":["Ayto Pamplona"],"inLanguage":"es","potentialAction":[{"@type":"CommentAction","name":"Comment","target":["https:\/\/www.laguiadepamplona.com\/actualidad\/el-ayuntamiento-de-pamplona-participa-hoy-en-un-encuentro-de-ciudades-y-territorios-jacobeos-del-mundo\/#respond"]}]},{"@type":"WebPage","@id":"https:\/\/www.laguiadepamplona.com\/actualidad\/el-ayuntamiento-de-pamplona-participa-hoy-en-un-encuentro-de-ciudades-y-territorios-jacobeos-del-mundo\/","url":"https:\/\/www.laguiadepamplona.com\/actualidad\/el-ayuntamiento-de-pamplona-participa-hoy-en-un-encuentro-de-ciudades-y-territorios-jacobeos-del-mundo\/","name":"El Ayuntamiento de Pamplona participa hoy en un encuentro de ciudades y territorios jacobeos del mundo","isPartOf":{"@id":"https:\/\/www.laguiadepamplona.com\/actualidad\/#website"},"primaryImageOfPage":{"@id":"https:\/\/www.laguiadepamplona.com\/actualidad\/el-ayuntamiento-de-pamplona-participa-hoy-en-un-encuentro-de-ciudades-y-territorios-jacobeos-del-mundo\/#primaryimage"},"image":{"@id":"https:\/\/www.laguiadepamplona.com\/actualidad\/el-ayuntamiento-de-pamplona-participa-hoy-en-un-encuentro-de-ciudades-y-territorios-jacobeos-del-mundo\/#primaryimage"},"thumbnailUrl":"https:\/\/www.laguiadepamplona.com\/actualidad\/wp-content\/uploads\/2022\/10\/encuentro-ciudades-terriorios-jacobeos.webp","datePublished":"2022-10-21T14:37:12+00:00","dateModified":"2023-04-11T09:47:41+00:00","description":"Las jornadas \u2018Iacobus Mundi\u2019 sobre gesti\u00f3n de movilidad y turismo en el Camino se desarrollan del 20 al 22 de octubre en Santiago de Compostela","breadcrumb":{"@id":"https:\/\/www.laguiadepamplona.com\/actualidad\/el-ayuntamiento-de-pamplona-participa-hoy-en-un-encuentro-de-ciudades-y-territorios-jacobeos-del-mundo\/#breadcrumb"},"inLanguage":"es","potentialAction":[{"@type":"ReadAction","target":["https:\/\/www.laguiadepamplona.com\/actualidad\/el-ayuntamiento-de-pamplona-participa-hoy-en-un-encuentro-de-ciudades-y-territorios-jacobeos-del-mundo\/"]}]},{"@type":"ImageObject","inLanguage":"es","@id":"https:\/\/www.laguiadepamplona.com\/actualidad\/el-ayuntamiento-de-pamplona-participa-hoy-en-un-encuentro-de-ciudades-y-territorios-jacobeos-del-mundo\/#primaryimage","url":"https:\/\/www.laguiadepamplona.com\/actualidad\/wp-content\/uploads\/2022\/10\/encuentro-ciudades-terriorios-jacobeos.webp","contentUrl":"https:\/\/www.laguiadepamplona.com\/actualidad\/wp-content\/uploads\/2022\/10\/encuentro-ciudades-terriorios-jacobeos.webp","width":1920,"height":1280},{"@type":"BreadcrumbList","@id":"https:\/\/www.laguiadepamplona.com\/actualidad\/el-ayuntamiento-de-pamplona-participa-hoy-en-un-encuentro-de-ciudades-y-territorios-jacobeos-del-mundo\/#breadcrumb","itemListElement":[{"@type":"ListItem","position":1,"name":"Portada","item":"https:\/\/www.laguiadepamplona.com\/actualidad\/"},{"@type":"ListItem","position":2,"name":"El Ayuntamiento de Pamplona participa hoy en un encuentro de ciudades y territorios jacobeos del mundo"}]},{"@type":"WebSite","@id":"https:\/\/www.laguiadepamplona.com\/actualidad\/#website","url":"https:\/\/www.laguiadepamplona.com\/actualidad\/","name":"La gu\u00eda de Pamplona","description":"Noticias de Pamplona","publisher":{"@id":"https:\/\/www.laguiadepamplona.com\/actualidad\/#organization"},"potentialAction":[{"@type":"SearchAction","target":{"@type":"EntryPoint","urlTemplate":"https:\/\/www.laguiadepamplona.com\/actualidad\/?s={search_term_string}"},"query-input":{"@type":"PropertyValueSpecification","valueRequired":true,"valueName":"search_term_string"}}],"inLanguage":"es"},{"@type":"Organization","@id":"https:\/\/www.laguiadepamplona.com\/actualidad\/#organization","name":"La Gu\u00eda de Pamplona \/ Noticias","url":"https:\/\/www.laguiadepamplona.com\/actualidad\/","logo":{"@type":"ImageObject","inLanguage":"es","@id":"https:\/\/www.laguiadepamplona.com\/actualidad\/#\/schema\/logo\/image\/","url":"https:\/\/www.laguiadepamplona.com\/actualidad\/wp-content\/uploads\/2018\/11\/logo-laguiadepamplona18-web1.png","contentUrl":"https:\/\/www.laguiadepamplona.com\/actualidad\/wp-content\/uploads\/2018\/11\/logo-laguiadepamplona18-web1.png","width":600,"height":196,"caption":"La Gu\u00eda de Pamplona \/ Noticias"},"image":{"@id":"https:\/\/www.laguiadepamplona.com\/actualidad\/#\/schema\/logo\/image\/"},"sameAs":["https:\/\/www.facebook.com\/laguiadepamplonacom-133175176762273\/?ref=hl","https:\/\/x.com\/LaGuiadPamplona","https:\/\/www.instagram.com\/la_guia_de_pamplona\/","https:\/\/www.youtube.com\/user\/laguiadepamplona"]},{"@type":"Person","@id":"https:\/\/www.laguiadepamplona.com\/actualidad\/#\/schema\/person\/efe887376f0213d4657c93adc50b1fdb","name":"La Gu\u00eda de Pamplona","image":{"@type":"ImageObject","inLanguage":"es","@id":"https:\/\/secure.gravatar.com\/avatar\/b6992f131dc8d30ab0dff15446e9d346d9dbd95992de0fef795073f5ea83a81c?s=96&d=mm&r=g","url":"https:\/\/secure.gravatar.com\/avatar\/b6992f131dc8d30ab0dff15446e9d346d9dbd95992de0fef795073f5ea83a81c?s=96&d=mm&r=g","contentUrl":"https:\/\/secure.gravatar.com\/avatar\/b6992f131dc8d30ab0dff15446e9d346d9dbd95992de0fef795073f5ea83a81c?s=96&d=mm&r=g","caption":"La Gu\u00eda de Pamplona"}}]}},"post_mailing_queue_ids":[],"_links":{"self":[{"href":"https:\/\/www.laguiadepamplona.com\/actualidad\/wp-json\/wp\/v2\/posts\/41990","targetHints":{"allow":["GET"]}}],"collection":[{"href":"https:\/\/www.laguiadepamplona.com\/actualidad\/wp-json\/wp\/v2\/posts"}],"about":[{"href":"https:\/\/www.laguiadepamplona.com\/actualidad\/wp-json\/wp\/v2\/types\/post"}],"author":[{"embeddable":true,"href":"https:\/\/www.laguiadepamplona.com\/actualidad\/wp-json\/wp\/v2\/users\/1"}],"replies":[{"embeddable":true,"href":"https:\/\/www.laguiadepamplona.com\/actualidad\/wp-json\/wp\/v2\/comments?post=41990"}],"version-history":[{"count":0,"href":"https:\/\/www.laguiadepamplona.com\/actualidad\/wp-json\/wp\/v2\/posts\/41990\/revisions"}],"wp:featuredmedia":[{"embeddable":true,"href":"https:\/\/www.laguiadepamplona.com\/actualidad\/wp-json\/wp\/v2\/media\/41991"}],"wp:attachment":[{"href":"https:\/\/www.laguiadepamplona.com\/actualidad\/wp-json\/wp\/v2\/media?parent=41990"}],"wp:term":[{"taxonomy":"category","embeddable":true,"href":"https:\/\/www.laguiadepamplona.com\/actualidad\/wp-json\/wp\/v2\/categories?post=41990"},{"taxonomy":"post_tag","embeddable":true,"href":"https:\/\/www.laguiadepamplona.com\/actualidad\/wp-json\/wp\/v2\/tags?post=41990"}],"curies":[{"name":"wp","href":"https:\/\/api.w.org\/{rel}","templated":true}]}}