{"id":41984,"date":"2022-10-21T12:45:45","date_gmt":"2022-10-21T10:45:45","guid":{"rendered":"https:\/\/www.laguiadepamplona.com\/actualidad\/?p=41984"},"modified":"2023-04-11T11:47:41","modified_gmt":"2023-04-11T09:47:41","slug":"el-alcalde-enrique-maya-se-reune-con-la-nueva-directora-de-la-uned-de-pamplona-teresa-imizcoz","status":"publish","type":"post","link":"https:\/\/www.laguiadepamplona.com\/actualidad\/el-alcalde-enrique-maya-se-reune-con-la-nueva-directora-de-la-uned-de-pamplona-teresa-imizcoz\/","title":{"rendered":"El alcalde Enrique Maya se re\u00fane con la nueva directora de la UNED de Pamplona, Teresa Im\u00edzcoz"},"content":{"rendered":"<h5>Im\u00edzcoz, que asumi\u00f3 la direcci\u00f3n en septiembre, releva a Carmen Jusu\u00e9<\/h5>\n<p><!--more--><\/p>\n<p>El alcalde de Pamplona, Enrique Maya, ha recibido en su despacho de la Casa Consistorial a la nueva directora del centro UNED de Pamplona, Teresa Im\u00edzcoz, que asumi\u00f3 la direcci\u00f3n de la universidad a distancia en la capital navarra en el mes de septiembre, en sustituci\u00f3n de Carmen Jusu\u00e9. El encuentro se inscribe dentro de la ronda de contactos que est\u00e1 realizando Im\u00edzcoz entre instituciones y entidades a modo de presentaci\u00f3n con el objetivo de estrechar lazos entre el centro universitario y la sociedad navarra.<br \/>\n<script async src=\"\/\/pagead2.googlesyndication.com\/pagead\/js\/adsbygoogle.js\"><\/script><br \/>\n<!-- Noticias La Guia de Pamplona --><br \/>\n<ins class=\"adsbygoogle\"\nstyle=\"display:block\"\ndata-ad-client=\"ca-pub-6943679897239327\"\ndata-ad-slot=\"7048180777\"\ndata-ad-format=\"auto\"><\/ins><br \/>\n<script>\n(adsbygoogle = window.adsbygoogle || []).push({});\n<\/script><\/p>\n<p>Doctora en Filolog\u00eda Hisp\u00e1nica y profesora de Universidad durante 14 a\u00f1os, Teresa Im\u00edzcoz ha llegado a la direcci\u00f3n de la UNED de Pamplona tras ejercer como directora del centro asociado de la UNED en Vitoria-Gazteiz desde 2011. Adem\u00e1s de labores directivas, ha realizado estancias de investigaci\u00f3n en las universidades de Columbia y Nueva York y es autora de diversos libros, entre los que destaca \u2018Manual para cuentistas. El arte y el oficio de contar historias\u2019.<\/p>\n<p>Su labor docente se ha desarrollado en la Universidad de Navarra y en la Universidad de Georgetown, en Washington DC, principalmente. No obstante, tambi\u00e9n ha impartido numerosos talleres de escritura en distintas ciudades. Adem\u00e1s, durante siete a\u00f1os trabaj\u00f3 como directora del Instituto Cervantes en Burdeos y Toulouse (2003-2010), reforzando los intercambios culturales entre ambos pa\u00edses.<br \/>\n<script async src=\"\/\/pagead2.googlesyndication.com\/pagead\/js\/adsbygoogle.js\"><\/script><br \/>\n<!-- Noticias La Guia de Pamplona --><br \/>\n<ins class=\"adsbygoogle\"\nstyle=\"display:block\"\ndata-ad-client=\"ca-pub-6943679897239327\"\ndata-ad-slot=\"7048180777\"\ndata-ad-format=\"auto\"><\/ins><br \/>\n<script>\n(adsbygoogle = window.adsbygoogle || []).push({});\n<\/script><\/p>\n<p>El centro UNED de Pamplona completa la oferta universitaria de la ciudad junto con la Universidad P\u00fablica de Navarra y la Universidad de Navarra. El centro, que este curso cumple 50 a\u00f1os, espera superar los 4.000 estudiantes. Desde su puesta en marcha en 1973, el centro UNED en Pamplona ha crecido exponencialmente. El curso pasado contaba con 3.948 alumnos, de los que 2.729 eran estudiantes de grado. La oferta de centro incluye m\u00e1steres, cursos de acceso a la universidad, de idiomas y el programa UNED Senior para mayores de 50 a\u00f1os. El plazo de matriculaci\u00f3n est\u00e1 abierto hasta este mismo viernes, de ah\u00ed que todav\u00eda los datos de matr\u00edcula sean provisionales.<\/p>\n","protected":false},"excerpt":{"rendered":"<p>Im\u00edzcoz, que asumi\u00f3 la direcci\u00f3n en septiembre, releva a Carmen Jusu\u00e9<\/p>\n","protected":false},"author":1,"featured_media":41985,"comment_status":"open","ping_status":"closed","sticky":false,"template":"","format":"standard","meta":{"footnotes":""},"categories":[2],"tags":[],"class_list":["post-41984","post","type-post","status-publish","format-standard","has-post-thumbnail","hentry","category-ayuntamiento-pamplona"],"yoast_head":"<!-- This site is optimized with the Yoast SEO plugin v27.3 - https:\/\/yoast.com\/product\/yoast-seo-wordpress\/ -->\n<title>El alcalde Enrique Maya se re\u00fane con la nueva directora de la UNED de Pamplona, Teresa Im\u00edzcoz<\/title>\n<meta name=\"description\" content=\"Im\u00edzcoz, que asumi\u00f3 la direcci\u00f3n en septiembre, releva a Carmen Jusu\u00e9\" \/>\n<meta name=\"robots\" content=\"index, follow, max-snippet:-1, max-image-preview:large, max-video-preview:-1\" \/>\n<link rel=\"canonical\" href=\"https:\/\/www.laguiadepamplona.com\/actualidad\/el-alcalde-enrique-maya-se-reune-con-la-nueva-directora-de-la-uned-de-pamplona-teresa-imizcoz\/\" \/>\n<meta property=\"og:locale\" content=\"es_ES\" \/>\n<meta property=\"og:type\" content=\"article\" \/>\n<meta property=\"og:title\" content=\"El alcalde Enrique Maya se re\u00fane con la nueva directora de la UNED de Pamplona, Teresa Im\u00edzcoz\" \/>\n<meta property=\"og:description\" content=\"Im\u00edzcoz, que asumi\u00f3 la direcci\u00f3n en septiembre, releva a Carmen Jusu\u00e9\" \/>\n<meta property=\"og:url\" content=\"https:\/\/www.laguiadepamplona.com\/actualidad\/el-alcalde-enrique-maya-se-reune-con-la-nueva-directora-de-la-uned-de-pamplona-teresa-imizcoz\/\" \/>\n<meta property=\"og:site_name\" content=\"La Gu\u00eda de Pamplona\" \/>\n<meta property=\"article:publisher\" content=\"https:\/\/www.facebook.com\/laguiadepamplonacom-133175176762273\/?ref=hl\" \/>\n<meta property=\"article:published_time\" content=\"2022-10-21T10:45:45+00:00\" \/>\n<meta property=\"article:modified_time\" content=\"2023-04-11T09:47:41+00:00\" \/>\n<meta property=\"og:image\" content=\"https:\/\/www.laguiadepamplona.com\/actualidad\/wp-content\/uploads\/2022\/10\/directora-uned-ee5a1485_0.webp\" \/>\n\t<meta property=\"og:image:width\" content=\"1920\" \/>\n\t<meta property=\"og:image:height\" content=\"1280\" \/>\n\t<meta property=\"og:image:type\" content=\"image\/webp\" \/>\n<meta name=\"author\" content=\"La Gu\u00eda de Pamplona\" \/>\n<meta name=\"twitter:card\" content=\"summary_large_image\" \/>\n<meta name=\"twitter:creator\" content=\"@LaGuiadPamplona\" \/>\n<meta name=\"twitter:site\" content=\"@LaGuiadPamplona\" \/>\n<meta name=\"twitter:label1\" content=\"Escrito por\" \/>\n\t<meta name=\"twitter:data1\" content=\"La Gu\u00eda de Pamplona\" \/>\n\t<meta name=\"twitter:label2\" content=\"Tiempo de lectura\" \/>\n\t<meta name=\"twitter:data2\" content=\"2 minutos\" \/>\n<script type=\"application\/ld+json\" class=\"yoast-schema-graph\">{\"@context\":\"https:\\\/\\\/schema.org\",\"@graph\":[{\"@type\":\"Article\",\"@id\":\"https:\\\/\\\/www.laguiadepamplona.com\\\/actualidad\\\/el-alcalde-enrique-maya-se-reune-con-la-nueva-directora-de-la-uned-de-pamplona-teresa-imizcoz\\\/#article\",\"isPartOf\":{\"@id\":\"https:\\\/\\\/www.laguiadepamplona.com\\\/actualidad\\\/el-alcalde-enrique-maya-se-reune-con-la-nueva-directora-de-la-uned-de-pamplona-teresa-imizcoz\\\/\"},\"author\":{\"name\":\"La Gu\u00eda de Pamplona\",\"@id\":\"https:\\\/\\\/www.laguiadepamplona.com\\\/actualidad\\\/#\\\/schema\\\/person\\\/efe887376f0213d4657c93adc50b1fdb\"},\"headline\":\"El alcalde Enrique Maya se re\u00fane con la nueva directora de la UNED de Pamplona, Teresa Im\u00edzcoz\",\"datePublished\":\"2022-10-21T10:45:45+00:00\",\"dateModified\":\"2023-04-11T09:47:41+00:00\",\"mainEntityOfPage\":{\"@id\":\"https:\\\/\\\/www.laguiadepamplona.com\\\/actualidad\\\/el-alcalde-enrique-maya-se-reune-con-la-nueva-directora-de-la-uned-de-pamplona-teresa-imizcoz\\\/\"},\"wordCount\":373,\"commentCount\":0,\"publisher\":{\"@id\":\"https:\\\/\\\/www.laguiadepamplona.com\\\/actualidad\\\/#organization\"},\"image\":{\"@id\":\"https:\\\/\\\/www.laguiadepamplona.com\\\/actualidad\\\/el-alcalde-enrique-maya-se-reune-con-la-nueva-directora-de-la-uned-de-pamplona-teresa-imizcoz\\\/#primaryimage\"},\"thumbnailUrl\":\"https:\\\/\\\/www.laguiadepamplona.com\\\/actualidad\\\/wp-content\\\/uploads\\\/2022\\\/10\\\/directora-uned-ee5a1485_0.webp\",\"articleSection\":[\"Ayto Pamplona\"],\"inLanguage\":\"es\",\"potentialAction\":[{\"@type\":\"CommentAction\",\"name\":\"Comment\",\"target\":[\"https:\\\/\\\/www.laguiadepamplona.com\\\/actualidad\\\/el-alcalde-enrique-maya-se-reune-con-la-nueva-directora-de-la-uned-de-pamplona-teresa-imizcoz\\\/#respond\"]}]},{\"@type\":\"WebPage\",\"@id\":\"https:\\\/\\\/www.laguiadepamplona.com\\\/actualidad\\\/el-alcalde-enrique-maya-se-reune-con-la-nueva-directora-de-la-uned-de-pamplona-teresa-imizcoz\\\/\",\"url\":\"https:\\\/\\\/www.laguiadepamplona.com\\\/actualidad\\\/el-alcalde-enrique-maya-se-reune-con-la-nueva-directora-de-la-uned-de-pamplona-teresa-imizcoz\\\/\",\"name\":\"El alcalde Enrique Maya se re\u00fane con la nueva directora de la UNED de Pamplona, Teresa Im\u00edzcoz\",\"isPartOf\":{\"@id\":\"https:\\\/\\\/www.laguiadepamplona.com\\\/actualidad\\\/#website\"},\"primaryImageOfPage\":{\"@id\":\"https:\\\/\\\/www.laguiadepamplona.com\\\/actualidad\\\/el-alcalde-enrique-maya-se-reune-con-la-nueva-directora-de-la-uned-de-pamplona-teresa-imizcoz\\\/#primaryimage\"},\"image\":{\"@id\":\"https:\\\/\\\/www.laguiadepamplona.com\\\/actualidad\\\/el-alcalde-enrique-maya-se-reune-con-la-nueva-directora-de-la-uned-de-pamplona-teresa-imizcoz\\\/#primaryimage\"},\"thumbnailUrl\":\"https:\\\/\\\/www.laguiadepamplona.com\\\/actualidad\\\/wp-content\\\/uploads\\\/2022\\\/10\\\/directora-uned-ee5a1485_0.webp\",\"datePublished\":\"2022-10-21T10:45:45+00:00\",\"dateModified\":\"2023-04-11T09:47:41+00:00\",\"description\":\"Im\u00edzcoz, que asumi\u00f3 la direcci\u00f3n en septiembre, releva a Carmen Jusu\u00e9\",\"breadcrumb\":{\"@id\":\"https:\\\/\\\/www.laguiadepamplona.com\\\/actualidad\\\/el-alcalde-enrique-maya-se-reune-con-la-nueva-directora-de-la-uned-de-pamplona-teresa-imizcoz\\\/#breadcrumb\"},\"inLanguage\":\"es\",\"potentialAction\":[{\"@type\":\"ReadAction\",\"target\":[\"https:\\\/\\\/www.laguiadepamplona.com\\\/actualidad\\\/el-alcalde-enrique-maya-se-reune-con-la-nueva-directora-de-la-uned-de-pamplona-teresa-imizcoz\\\/\"]}]},{\"@type\":\"ImageObject\",\"inLanguage\":\"es\",\"@id\":\"https:\\\/\\\/www.laguiadepamplona.com\\\/actualidad\\\/el-alcalde-enrique-maya-se-reune-con-la-nueva-directora-de-la-uned-de-pamplona-teresa-imizcoz\\\/#primaryimage\",\"url\":\"https:\\\/\\\/www.laguiadepamplona.com\\\/actualidad\\\/wp-content\\\/uploads\\\/2022\\\/10\\\/directora-uned-ee5a1485_0.webp\",\"contentUrl\":\"https:\\\/\\\/www.laguiadepamplona.com\\\/actualidad\\\/wp-content\\\/uploads\\\/2022\\\/10\\\/directora-uned-ee5a1485_0.webp\",\"width\":1920,\"height\":1280},{\"@type\":\"BreadcrumbList\",\"@id\":\"https:\\\/\\\/www.laguiadepamplona.com\\\/actualidad\\\/el-alcalde-enrique-maya-se-reune-con-la-nueva-directora-de-la-uned-de-pamplona-teresa-imizcoz\\\/#breadcrumb\",\"itemListElement\":[{\"@type\":\"ListItem\",\"position\":1,\"name\":\"Portada\",\"item\":\"https:\\\/\\\/www.laguiadepamplona.com\\\/actualidad\\\/\"},{\"@type\":\"ListItem\",\"position\":2,\"name\":\"El alcalde Enrique Maya se re\u00fane con la nueva directora de la UNED de Pamplona, Teresa Im\u00edzcoz\"}]},{\"@type\":\"WebSite\",\"@id\":\"https:\\\/\\\/www.laguiadepamplona.com\\\/actualidad\\\/#website\",\"url\":\"https:\\\/\\\/www.laguiadepamplona.com\\\/actualidad\\\/\",\"name\":\"La gu\u00eda de Pamplona\",\"description\":\"Noticias de Pamplona\",\"publisher\":{\"@id\":\"https:\\\/\\\/www.laguiadepamplona.com\\\/actualidad\\\/#organization\"},\"potentialAction\":[{\"@type\":\"SearchAction\",\"target\":{\"@type\":\"EntryPoint\",\"urlTemplate\":\"https:\\\/\\\/www.laguiadepamplona.com\\\/actualidad\\\/?s={search_term_string}\"},\"query-input\":{\"@type\":\"PropertyValueSpecification\",\"valueRequired\":true,\"valueName\":\"search_term_string\"}}],\"inLanguage\":\"es\"},{\"@type\":\"Organization\",\"@id\":\"https:\\\/\\\/www.laguiadepamplona.com\\\/actualidad\\\/#organization\",\"name\":\"La Gu\u00eda de Pamplona \\\/ Noticias\",\"url\":\"https:\\\/\\\/www.laguiadepamplona.com\\\/actualidad\\\/\",\"logo\":{\"@type\":\"ImageObject\",\"inLanguage\":\"es\",\"@id\":\"https:\\\/\\\/www.laguiadepamplona.com\\\/actualidad\\\/#\\\/schema\\\/logo\\\/image\\\/\",\"url\":\"https:\\\/\\\/www.laguiadepamplona.com\\\/actualidad\\\/wp-content\\\/uploads\\\/2018\\\/11\\\/logo-laguiadepamplona18-web1.png\",\"contentUrl\":\"https:\\\/\\\/www.laguiadepamplona.com\\\/actualidad\\\/wp-content\\\/uploads\\\/2018\\\/11\\\/logo-laguiadepamplona18-web1.png\",\"width\":600,\"height\":196,\"caption\":\"La Gu\u00eda de Pamplona \\\/ Noticias\"},\"image\":{\"@id\":\"https:\\\/\\\/www.laguiadepamplona.com\\\/actualidad\\\/#\\\/schema\\\/logo\\\/image\\\/\"},\"sameAs\":[\"https:\\\/\\\/www.facebook.com\\\/laguiadepamplonacom-133175176762273\\\/?ref=hl\",\"https:\\\/\\\/x.com\\\/LaGuiadPamplona\",\"https:\\\/\\\/www.instagram.com\\\/la_guia_de_pamplona\\\/\",\"https:\\\/\\\/www.youtube.com\\\/user\\\/laguiadepamplona\"]},{\"@type\":\"Person\",\"@id\":\"https:\\\/\\\/www.laguiadepamplona.com\\\/actualidad\\\/#\\\/schema\\\/person\\\/efe887376f0213d4657c93adc50b1fdb\",\"name\":\"La Gu\u00eda de Pamplona\",\"image\":{\"@type\":\"ImageObject\",\"inLanguage\":\"es\",\"@id\":\"https:\\\/\\\/secure.gravatar.com\\\/avatar\\\/b6992f131dc8d30ab0dff15446e9d346d9dbd95992de0fef795073f5ea83a81c?s=96&d=mm&r=g\",\"url\":\"https:\\\/\\\/secure.gravatar.com\\\/avatar\\\/b6992f131dc8d30ab0dff15446e9d346d9dbd95992de0fef795073f5ea83a81c?s=96&d=mm&r=g\",\"contentUrl\":\"https:\\\/\\\/secure.gravatar.com\\\/avatar\\\/b6992f131dc8d30ab0dff15446e9d346d9dbd95992de0fef795073f5ea83a81c?s=96&d=mm&r=g\",\"caption\":\"La Gu\u00eda de Pamplona\"}}]}<\/script>\n<!-- \/ Yoast SEO plugin. -->","yoast_head_json":{"title":"El alcalde Enrique Maya se re\u00fane con la nueva directora de la UNED de Pamplona, Teresa Im\u00edzcoz","description":"Im\u00edzcoz, que asumi\u00f3 la direcci\u00f3n en septiembre, releva a Carmen Jusu\u00e9","robots":{"index":"index","follow":"follow","max-snippet":"max-snippet:-1","max-image-preview":"max-image-preview:large","max-video-preview":"max-video-preview:-1"},"canonical":"https:\/\/www.laguiadepamplona.com\/actualidad\/el-alcalde-enrique-maya-se-reune-con-la-nueva-directora-de-la-uned-de-pamplona-teresa-imizcoz\/","og_locale":"es_ES","og_type":"article","og_title":"El alcalde Enrique Maya se re\u00fane con la nueva directora de la UNED de Pamplona, Teresa Im\u00edzcoz","og_description":"Im\u00edzcoz, que asumi\u00f3 la direcci\u00f3n en septiembre, releva a Carmen Jusu\u00e9","og_url":"https:\/\/www.laguiadepamplona.com\/actualidad\/el-alcalde-enrique-maya-se-reune-con-la-nueva-directora-de-la-uned-de-pamplona-teresa-imizcoz\/","og_site_name":"La Gu\u00eda de Pamplona","article_publisher":"https:\/\/www.facebook.com\/laguiadepamplonacom-133175176762273\/?ref=hl","article_published_time":"2022-10-21T10:45:45+00:00","article_modified_time":"2023-04-11T09:47:41+00:00","og_image":[{"width":1920,"height":1280,"url":"https:\/\/www.laguiadepamplona.com\/actualidad\/wp-content\/uploads\/2022\/10\/directora-uned-ee5a1485_0.webp","type":"image\/webp"}],"author":"La Gu\u00eda de Pamplona","twitter_card":"summary_large_image","twitter_creator":"@LaGuiadPamplona","twitter_site":"@LaGuiadPamplona","twitter_misc":{"Escrito por":"La Gu\u00eda de Pamplona","Tiempo de lectura":"2 minutos"},"schema":{"@context":"https:\/\/schema.org","@graph":[{"@type":"Article","@id":"https:\/\/www.laguiadepamplona.com\/actualidad\/el-alcalde-enrique-maya-se-reune-con-la-nueva-directora-de-la-uned-de-pamplona-teresa-imizcoz\/#article","isPartOf":{"@id":"https:\/\/www.laguiadepamplona.com\/actualidad\/el-alcalde-enrique-maya-se-reune-con-la-nueva-directora-de-la-uned-de-pamplona-teresa-imizcoz\/"},"author":{"name":"La Gu\u00eda de Pamplona","@id":"https:\/\/www.laguiadepamplona.com\/actualidad\/#\/schema\/person\/efe887376f0213d4657c93adc50b1fdb"},"headline":"El alcalde Enrique Maya se re\u00fane con la nueva directora de la UNED de Pamplona, Teresa Im\u00edzcoz","datePublished":"2022-10-21T10:45:45+00:00","dateModified":"2023-04-11T09:47:41+00:00","mainEntityOfPage":{"@id":"https:\/\/www.laguiadepamplona.com\/actualidad\/el-alcalde-enrique-maya-se-reune-con-la-nueva-directora-de-la-uned-de-pamplona-teresa-imizcoz\/"},"wordCount":373,"commentCount":0,"publisher":{"@id":"https:\/\/www.laguiadepamplona.com\/actualidad\/#organization"},"image":{"@id":"https:\/\/www.laguiadepamplona.com\/actualidad\/el-alcalde-enrique-maya-se-reune-con-la-nueva-directora-de-la-uned-de-pamplona-teresa-imizcoz\/#primaryimage"},"thumbnailUrl":"https:\/\/www.laguiadepamplona.com\/actualidad\/wp-content\/uploads\/2022\/10\/directora-uned-ee5a1485_0.webp","articleSection":["Ayto Pamplona"],"inLanguage":"es","potentialAction":[{"@type":"CommentAction","name":"Comment","target":["https:\/\/www.laguiadepamplona.com\/actualidad\/el-alcalde-enrique-maya-se-reune-con-la-nueva-directora-de-la-uned-de-pamplona-teresa-imizcoz\/#respond"]}]},{"@type":"WebPage","@id":"https:\/\/www.laguiadepamplona.com\/actualidad\/el-alcalde-enrique-maya-se-reune-con-la-nueva-directora-de-la-uned-de-pamplona-teresa-imizcoz\/","url":"https:\/\/www.laguiadepamplona.com\/actualidad\/el-alcalde-enrique-maya-se-reune-con-la-nueva-directora-de-la-uned-de-pamplona-teresa-imizcoz\/","name":"El alcalde Enrique Maya se re\u00fane con la nueva directora de la UNED de Pamplona, Teresa Im\u00edzcoz","isPartOf":{"@id":"https:\/\/www.laguiadepamplona.com\/actualidad\/#website"},"primaryImageOfPage":{"@id":"https:\/\/www.laguiadepamplona.com\/actualidad\/el-alcalde-enrique-maya-se-reune-con-la-nueva-directora-de-la-uned-de-pamplona-teresa-imizcoz\/#primaryimage"},"image":{"@id":"https:\/\/www.laguiadepamplona.com\/actualidad\/el-alcalde-enrique-maya-se-reune-con-la-nueva-directora-de-la-uned-de-pamplona-teresa-imizcoz\/#primaryimage"},"thumbnailUrl":"https:\/\/www.laguiadepamplona.com\/actualidad\/wp-content\/uploads\/2022\/10\/directora-uned-ee5a1485_0.webp","datePublished":"2022-10-21T10:45:45+00:00","dateModified":"2023-04-11T09:47:41+00:00","description":"Im\u00edzcoz, que asumi\u00f3 la direcci\u00f3n en septiembre, releva a Carmen Jusu\u00e9","breadcrumb":{"@id":"https:\/\/www.laguiadepamplona.com\/actualidad\/el-alcalde-enrique-maya-se-reune-con-la-nueva-directora-de-la-uned-de-pamplona-teresa-imizcoz\/#breadcrumb"},"inLanguage":"es","potentialAction":[{"@type":"ReadAction","target":["https:\/\/www.laguiadepamplona.com\/actualidad\/el-alcalde-enrique-maya-se-reune-con-la-nueva-directora-de-la-uned-de-pamplona-teresa-imizcoz\/"]}]},{"@type":"ImageObject","inLanguage":"es","@id":"https:\/\/www.laguiadepamplona.com\/actualidad\/el-alcalde-enrique-maya-se-reune-con-la-nueva-directora-de-la-uned-de-pamplona-teresa-imizcoz\/#primaryimage","url":"https:\/\/www.laguiadepamplona.com\/actualidad\/wp-content\/uploads\/2022\/10\/directora-uned-ee5a1485_0.webp","contentUrl":"https:\/\/www.laguiadepamplona.com\/actualidad\/wp-content\/uploads\/2022\/10\/directora-uned-ee5a1485_0.webp","width":1920,"height":1280},{"@type":"BreadcrumbList","@id":"https:\/\/www.laguiadepamplona.com\/actualidad\/el-alcalde-enrique-maya-se-reune-con-la-nueva-directora-de-la-uned-de-pamplona-teresa-imizcoz\/#breadcrumb","itemListElement":[{"@type":"ListItem","position":1,"name":"Portada","item":"https:\/\/www.laguiadepamplona.com\/actualidad\/"},{"@type":"ListItem","position":2,"name":"El alcalde Enrique Maya se re\u00fane con la nueva directora de la UNED de Pamplona, Teresa Im\u00edzcoz"}]},{"@type":"WebSite","@id":"https:\/\/www.laguiadepamplona.com\/actualidad\/#website","url":"https:\/\/www.laguiadepamplona.com\/actualidad\/","name":"La gu\u00eda de Pamplona","description":"Noticias de Pamplona","publisher":{"@id":"https:\/\/www.laguiadepamplona.com\/actualidad\/#organization"},"potentialAction":[{"@type":"SearchAction","target":{"@type":"EntryPoint","urlTemplate":"https:\/\/www.laguiadepamplona.com\/actualidad\/?s={search_term_string}"},"query-input":{"@type":"PropertyValueSpecification","valueRequired":true,"valueName":"search_term_string"}}],"inLanguage":"es"},{"@type":"Organization","@id":"https:\/\/www.laguiadepamplona.com\/actualidad\/#organization","name":"La Gu\u00eda de Pamplona \/ Noticias","url":"https:\/\/www.laguiadepamplona.com\/actualidad\/","logo":{"@type":"ImageObject","inLanguage":"es","@id":"https:\/\/www.laguiadepamplona.com\/actualidad\/#\/schema\/logo\/image\/","url":"https:\/\/www.laguiadepamplona.com\/actualidad\/wp-content\/uploads\/2018\/11\/logo-laguiadepamplona18-web1.png","contentUrl":"https:\/\/www.laguiadepamplona.com\/actualidad\/wp-content\/uploads\/2018\/11\/logo-laguiadepamplona18-web1.png","width":600,"height":196,"caption":"La Gu\u00eda de Pamplona \/ Noticias"},"image":{"@id":"https:\/\/www.laguiadepamplona.com\/actualidad\/#\/schema\/logo\/image\/"},"sameAs":["https:\/\/www.facebook.com\/laguiadepamplonacom-133175176762273\/?ref=hl","https:\/\/x.com\/LaGuiadPamplona","https:\/\/www.instagram.com\/la_guia_de_pamplona\/","https:\/\/www.youtube.com\/user\/laguiadepamplona"]},{"@type":"Person","@id":"https:\/\/www.laguiadepamplona.com\/actualidad\/#\/schema\/person\/efe887376f0213d4657c93adc50b1fdb","name":"La Gu\u00eda de Pamplona","image":{"@type":"ImageObject","inLanguage":"es","@id":"https:\/\/secure.gravatar.com\/avatar\/b6992f131dc8d30ab0dff15446e9d346d9dbd95992de0fef795073f5ea83a81c?s=96&d=mm&r=g","url":"https:\/\/secure.gravatar.com\/avatar\/b6992f131dc8d30ab0dff15446e9d346d9dbd95992de0fef795073f5ea83a81c?s=96&d=mm&r=g","contentUrl":"https:\/\/secure.gravatar.com\/avatar\/b6992f131dc8d30ab0dff15446e9d346d9dbd95992de0fef795073f5ea83a81c?s=96&d=mm&r=g","caption":"La Gu\u00eda de Pamplona"}}]}},"post_mailing_queue_ids":[],"_links":{"self":[{"href":"https:\/\/www.laguiadepamplona.com\/actualidad\/wp-json\/wp\/v2\/posts\/41984","targetHints":{"allow":["GET"]}}],"collection":[{"href":"https:\/\/www.laguiadepamplona.com\/actualidad\/wp-json\/wp\/v2\/posts"}],"about":[{"href":"https:\/\/www.laguiadepamplona.com\/actualidad\/wp-json\/wp\/v2\/types\/post"}],"author":[{"embeddable":true,"href":"https:\/\/www.laguiadepamplona.com\/actualidad\/wp-json\/wp\/v2\/users\/1"}],"replies":[{"embeddable":true,"href":"https:\/\/www.laguiadepamplona.com\/actualidad\/wp-json\/wp\/v2\/comments?post=41984"}],"version-history":[{"count":0,"href":"https:\/\/www.laguiadepamplona.com\/actualidad\/wp-json\/wp\/v2\/posts\/41984\/revisions"}],"wp:featuredmedia":[{"embeddable":true,"href":"https:\/\/www.laguiadepamplona.com\/actualidad\/wp-json\/wp\/v2\/media\/41985"}],"wp:attachment":[{"href":"https:\/\/www.laguiadepamplona.com\/actualidad\/wp-json\/wp\/v2\/media?parent=41984"}],"wp:term":[{"taxonomy":"category","embeddable":true,"href":"https:\/\/www.laguiadepamplona.com\/actualidad\/wp-json\/wp\/v2\/categories?post=41984"},{"taxonomy":"post_tag","embeddable":true,"href":"https:\/\/www.laguiadepamplona.com\/actualidad\/wp-json\/wp\/v2\/tags?post=41984"}],"curies":[{"name":"wp","href":"https:\/\/api.w.org\/{rel}","templated":true}]}}