{"id":41981,"date":"2022-10-21T12:43:49","date_gmt":"2022-10-21T10:43:49","guid":{"rendered":"https:\/\/www.laguiadepamplona.com\/actualidad\/?p=41981"},"modified":"2023-04-11T11:47:41","modified_gmt":"2023-04-11T09:47:41","slug":"el-ayuntamiento-de-pamplona-recibe-a-la-federacion-de-casas-regionales-en-navarra-que-celebra-hasta-el-domingo-su-xxxiii-semana-cultural","status":"publish","type":"post","link":"https:\/\/www.laguiadepamplona.com\/actualidad\/el-ayuntamiento-de-pamplona-recibe-a-la-federacion-de-casas-regionales-en-navarra-que-celebra-hasta-el-domingo-su-xxxiii-semana-cultural\/","title":{"rendered":"El Ayuntamiento de Pamplona recibe a la Federaci\u00f3n de Casas Regionales en Navarra, que celebra hasta el domingo su XXXIII Semana Cultural"},"content":{"rendered":"<h5>El Lar Gallego es la casa anfitriona este a\u00f1o, con un programa que incluye danza, m\u00fasica, gastronom\u00eda y una etapa del Camino de Santiago<\/h5>\n<p><!--more--><\/p>\n<p>El Ayuntamiento de Pamplona ha recibido esta ma\u00f1ana a la Federaci\u00f3n de Casas Regionales en Navarra, que celebra hasta el domingo su XXXIII Semana Cultural. En la recepci\u00f3n han participado el alcalde de la ciudad, Enrique Maya, y miembros de la Corporaci\u00f3n municipal, junto al presidente de la Federaci\u00f3n de Casas Regionales en Navarra, Jaime Valdeolmillos, y representantes de la federaci\u00f3n y de las siete casas regionales que la conforman: la Casa de Arag\u00f3n, la Casa de Cantabria, la Casa de Castilla y Le\u00f3n, el Hogar Extreme\u00f1o de Navarra, la Casa Regional de la Comunidad Valenciana, el Centro Cultural Extreme\u00f1o La Encina de Alsasua y el Lar Gallego, casa anfitriona en la edici\u00f3n de este a\u00f1o.<br \/>\n<script async src=\"\/\/pagead2.googlesyndication.com\/pagead\/js\/adsbygoogle.js\"><\/script><br \/>\n<!-- Noticias La Guia de Pamplona --><br \/>\n<ins class=\"adsbygoogle\"\nstyle=\"display:block\"\ndata-ad-client=\"ca-pub-6943679897239327\"\ndata-ad-slot=\"7048180777\"\ndata-ad-format=\"auto\"><\/ins><br \/>\n<script>\n(adsbygoogle = window.adsbygoogle || []).push({});\n<\/script><\/p>\n<p>La recepci\u00f3n se ha iniciado al son de la gaita con la \u2018Marcha del Antiguo Reino de Galicia\u2019, interpretada por el gaitero Javier Vicente. A continuaci\u00f3n, el alcalde Pamplona, Enrique Maya, ha tomado la palabra para agradecer el trabajo que las Casas Regionales realizan en la comunidad y realzar los valores que representan. El alcalde ha reivindicado la importancia del Camino de Santiago como nexo de uni\u00f3n y ha instado a recorrerlo en su totalidad. El presidente de la Federaci\u00f3n de Casas Regionales en Navarra, Jaime Valdeolmillos, que es tambi\u00e9n presidente de la Casa de la Castilla y Le\u00f3n, ha intervenido entonces para subrayar el trabajo realizado por las personas llegadas desde otras comunidades para enriquecer Navarra y hacer crecer a la sociedad en general.<\/p>\n<p>Durante el acto, que se ha celebrado en el Sal\u00f3n de Recepciones de la Casa Consistorial, ha habido un intercambio de obsequios. La presidenta del Lar Gallego, Mar\u00eda Jes\u00fas Rodr\u00edguez, ha entregado al alcalde una figura de un peregrino, ataviado con su tradicional capa y el bord\u00f3n, regalo que se ha sido correspondido por parte del Ayuntamiento con una r\u00e9plica en cristal de la fachada de la casa consistorial. La gaita ha sonado de nuevo, con el \u2018Pasodoble de Cabezudos\u2019.<br \/>\n<script async src=\"\/\/pagead2.googlesyndication.com\/pagead\/js\/adsbygoogle.js\"><\/script><br \/>\n<!-- Noticias La Guia de Pamplona --><br \/>\n<ins class=\"adsbygoogle\"\nstyle=\"display:block\"\ndata-ad-client=\"ca-pub-6943679897239327\"\ndata-ad-slot=\"7048180777\"\ndata-ad-format=\"auto\"><\/ins><br \/>\n<script>\n(adsbygoogle = window.adsbygoogle || []).push({});\n<\/script><\/p>\n<p><strong>La Semana Cultural de la Federaci\u00f3n<\/strong><\/p>\n<p>La Federaci\u00f3n de Casas Regionales en Navarra se cre\u00f3 hace m\u00e1s de tres d\u00e9cadas para agrupar a residentes de distintas autonom\u00edas con fines culturales y estrechar la relaci\u00f3n entre las administraciones y las comunidades aut\u00f3nomas a las que representan. La federaci\u00f3n apoya y promociona las actividades que se organizan por el conocimiento y la difusi\u00f3n de las costumbres, el arte y el folklore entre las comunidades aut\u00f3nomas y coordina la realizaci\u00f3n de exposiciones, conferencias o coloquios.<\/p>\n<p>Este a\u00f1o celebra la XXXIII Semana Cultural, que se inaugur\u00f3 ayer en el colegio Luis Amig\u00f3 con la recepci\u00f3n de autoridades y grupos, el desfile de banderas, el preg\u00f3n y la imposici\u00f3n de bandas a los representantes de cada casa regional. Esta tarde, en el Lar Gallego, se abre la Exposici\u00f3n sobre el Camino Portugu\u00e9s del A\u00f1o Jubilar Compostelano, seguida de una conferencia a cargo del presidente del Camino de Santiago en Pontevedra, Celestino Lores. Ma\u00f1ana s\u00e1bado, varios grupos se dirigir\u00e1n desde sus sedes hacia el paseo de Sarasate, para acudir a las 11 a la eucarist\u00eda en la iglesia de San Nicol\u00e1s, amenizada con m\u00fasica tradicional del Coro Aturuxo del Centro Gallego de Vitoria. Tras la ofrenda floral a la Virgen del Pilar, los grupos desfilar\u00e1n en el paseo Sarasate y Carlos III, y ser\u00e1n recibidos a las 13 horas en el Palacio de Navarra. A continuaci\u00f3n, habr\u00e1 una demostraci\u00f3n de bailes en Carlos III frente al Palacio, seguida de un almuerzo con autoridades y representantes de las Casas. La jornada se cierra con la actuaci\u00f3n de Emilio R\u00faa en la Sala de Armas de la Ciudadela, a las 18.30.<br \/>\n<script async src=\"\/\/pagead2.googlesyndication.com\/pagead\/js\/adsbygoogle.js\"><\/script><br \/>\n<!-- Noticias La Guia de Pamplona --><br \/>\n<ins class=\"adsbygoogle\"\nstyle=\"display:block\"\ndata-ad-client=\"ca-pub-6943679897239327\"\ndata-ad-slot=\"7048180777\"\ndata-ad-format=\"auto\"><\/ins><br \/>\n<script>\n(adsbygoogle = window.adsbygoogle || []).push({});\n<\/script><\/p>\n<p>El domingo a primera hora se realizar\u00e1 una etapa del Camino de Santiago, la que cierra el recorrido en la Comunidad Foral de Navarra, entre Los Arcos y Viana, donde se celebrar\u00e1 la tradicional comida de hermandad que pone el punto final a la programaci\u00f3n.<\/p>\n","protected":false},"excerpt":{"rendered":"<p>El Lar Gallego es la casa anfitriona este a\u00f1o, con un programa que incluye danza, m\u00fasica, gastronom\u00eda y una etapa del Camino de Santiago<\/p>\n","protected":false},"author":1,"featured_media":41982,"comment_status":"open","ping_status":"closed","sticky":false,"template":"","format":"standard","meta":{"footnotes":""},"categories":[2],"tags":[],"class_list":["post-41981","post","type-post","status-publish","format-standard","has-post-thumbnail","hentry","category-ayuntamiento-pamplona"],"yoast_head":"<!-- This site is optimized with the Yoast SEO plugin v27.3 - https:\/\/yoast.com\/product\/yoast-seo-wordpress\/ -->\n<title>El Ayuntamiento de Pamplona recibe a la Federaci\u00f3n de Casas Regionales en Navarra, que celebra hasta el domingo su XXXIII Semana Cultural<\/title>\n<meta name=\"description\" content=\"El Lar Gallego es la casa anfitriona este a\u00f1o, con un programa que incluye danza, m\u00fasica, gastronom\u00eda y una etapa del Camino de Santiago\" \/>\n<meta name=\"robots\" content=\"index, follow, max-snippet:-1, max-image-preview:large, max-video-preview:-1\" \/>\n<link rel=\"canonical\" href=\"https:\/\/www.laguiadepamplona.com\/actualidad\/el-ayuntamiento-de-pamplona-recibe-a-la-federacion-de-casas-regionales-en-navarra-que-celebra-hasta-el-domingo-su-xxxiii-semana-cultural\/\" \/>\n<meta property=\"og:locale\" content=\"es_ES\" \/>\n<meta property=\"og:type\" content=\"article\" \/>\n<meta property=\"og:title\" content=\"El Ayuntamiento de Pamplona recibe a la Federaci\u00f3n de Casas Regionales en Navarra, que celebra hasta el domingo su XXXIII Semana Cultural\" \/>\n<meta property=\"og:description\" content=\"El Lar Gallego es la casa anfitriona este a\u00f1o, con un programa que incluye danza, m\u00fasica, gastronom\u00eda y una etapa del Camino de Santiago\" \/>\n<meta property=\"og:url\" content=\"https:\/\/www.laguiadepamplona.com\/actualidad\/el-ayuntamiento-de-pamplona-recibe-a-la-federacion-de-casas-regionales-en-navarra-que-celebra-hasta-el-domingo-su-xxxiii-semana-cultural\/\" \/>\n<meta property=\"og:site_name\" content=\"La Gu\u00eda de Pamplona\" \/>\n<meta property=\"article:publisher\" content=\"https:\/\/www.facebook.com\/laguiadepamplonacom-133175176762273\/?ref=hl\" \/>\n<meta property=\"article:published_time\" content=\"2022-10-21T10:43:49+00:00\" \/>\n<meta property=\"article:modified_time\" content=\"2023-04-11T09:47:41+00:00\" \/>\n<meta property=\"og:image\" content=\"https:\/\/www.laguiadepamplona.com\/actualidad\/wp-content\/uploads\/2022\/10\/federacion-casas-regionales22-10-21.webp\" \/>\n\t<meta property=\"og:image:width\" content=\"1920\" \/>\n\t<meta property=\"og:image:height\" content=\"1281\" \/>\n\t<meta property=\"og:image:type\" content=\"image\/webp\" \/>\n<meta name=\"author\" content=\"La Gu\u00eda de Pamplona\" \/>\n<meta name=\"twitter:card\" content=\"summary_large_image\" \/>\n<meta name=\"twitter:creator\" content=\"@LaGuiadPamplona\" \/>\n<meta name=\"twitter:site\" content=\"@LaGuiadPamplona\" \/>\n<meta name=\"twitter:label1\" content=\"Escrito por\" \/>\n\t<meta name=\"twitter:data1\" content=\"La Gu\u00eda de Pamplona\" \/>\n\t<meta name=\"twitter:label2\" content=\"Tiempo de lectura\" \/>\n\t<meta name=\"twitter:data2\" content=\"4 minutos\" \/>\n<script type=\"application\/ld+json\" class=\"yoast-schema-graph\">{\"@context\":\"https:\\\/\\\/schema.org\",\"@graph\":[{\"@type\":\"Article\",\"@id\":\"https:\\\/\\\/www.laguiadepamplona.com\\\/actualidad\\\/el-ayuntamiento-de-pamplona-recibe-a-la-federacion-de-casas-regionales-en-navarra-que-celebra-hasta-el-domingo-su-xxxiii-semana-cultural\\\/#article\",\"isPartOf\":{\"@id\":\"https:\\\/\\\/www.laguiadepamplona.com\\\/actualidad\\\/el-ayuntamiento-de-pamplona-recibe-a-la-federacion-de-casas-regionales-en-navarra-que-celebra-hasta-el-domingo-su-xxxiii-semana-cultural\\\/\"},\"author\":{\"name\":\"La Gu\u00eda de Pamplona\",\"@id\":\"https:\\\/\\\/www.laguiadepamplona.com\\\/actualidad\\\/#\\\/schema\\\/person\\\/efe887376f0213d4657c93adc50b1fdb\"},\"headline\":\"El Ayuntamiento de Pamplona recibe a la Federaci\u00f3n de Casas Regionales en Navarra, que celebra hasta el domingo su XXXIII Semana Cultural\",\"datePublished\":\"2022-10-21T10:43:49+00:00\",\"dateModified\":\"2023-04-11T09:47:41+00:00\",\"mainEntityOfPage\":{\"@id\":\"https:\\\/\\\/www.laguiadepamplona.com\\\/actualidad\\\/el-ayuntamiento-de-pamplona-recibe-a-la-federacion-de-casas-regionales-en-navarra-que-celebra-hasta-el-domingo-su-xxxiii-semana-cultural\\\/\"},\"wordCount\":741,\"commentCount\":0,\"publisher\":{\"@id\":\"https:\\\/\\\/www.laguiadepamplona.com\\\/actualidad\\\/#organization\"},\"image\":{\"@id\":\"https:\\\/\\\/www.laguiadepamplona.com\\\/actualidad\\\/el-ayuntamiento-de-pamplona-recibe-a-la-federacion-de-casas-regionales-en-navarra-que-celebra-hasta-el-domingo-su-xxxiii-semana-cultural\\\/#primaryimage\"},\"thumbnailUrl\":\"https:\\\/\\\/www.laguiadepamplona.com\\\/actualidad\\\/wp-content\\\/uploads\\\/2022\\\/10\\\/federacion-casas-regionales22-10-21.webp\",\"articleSection\":[\"Ayto Pamplona\"],\"inLanguage\":\"es\",\"potentialAction\":[{\"@type\":\"CommentAction\",\"name\":\"Comment\",\"target\":[\"https:\\\/\\\/www.laguiadepamplona.com\\\/actualidad\\\/el-ayuntamiento-de-pamplona-recibe-a-la-federacion-de-casas-regionales-en-navarra-que-celebra-hasta-el-domingo-su-xxxiii-semana-cultural\\\/#respond\"]}]},{\"@type\":\"WebPage\",\"@id\":\"https:\\\/\\\/www.laguiadepamplona.com\\\/actualidad\\\/el-ayuntamiento-de-pamplona-recibe-a-la-federacion-de-casas-regionales-en-navarra-que-celebra-hasta-el-domingo-su-xxxiii-semana-cultural\\\/\",\"url\":\"https:\\\/\\\/www.laguiadepamplona.com\\\/actualidad\\\/el-ayuntamiento-de-pamplona-recibe-a-la-federacion-de-casas-regionales-en-navarra-que-celebra-hasta-el-domingo-su-xxxiii-semana-cultural\\\/\",\"name\":\"El Ayuntamiento de Pamplona recibe a la Federaci\u00f3n de Casas Regionales en Navarra, que celebra hasta el domingo su XXXIII Semana Cultural\",\"isPartOf\":{\"@id\":\"https:\\\/\\\/www.laguiadepamplona.com\\\/actualidad\\\/#website\"},\"primaryImageOfPage\":{\"@id\":\"https:\\\/\\\/www.laguiadepamplona.com\\\/actualidad\\\/el-ayuntamiento-de-pamplona-recibe-a-la-federacion-de-casas-regionales-en-navarra-que-celebra-hasta-el-domingo-su-xxxiii-semana-cultural\\\/#primaryimage\"},\"image\":{\"@id\":\"https:\\\/\\\/www.laguiadepamplona.com\\\/actualidad\\\/el-ayuntamiento-de-pamplona-recibe-a-la-federacion-de-casas-regionales-en-navarra-que-celebra-hasta-el-domingo-su-xxxiii-semana-cultural\\\/#primaryimage\"},\"thumbnailUrl\":\"https:\\\/\\\/www.laguiadepamplona.com\\\/actualidad\\\/wp-content\\\/uploads\\\/2022\\\/10\\\/federacion-casas-regionales22-10-21.webp\",\"datePublished\":\"2022-10-21T10:43:49+00:00\",\"dateModified\":\"2023-04-11T09:47:41+00:00\",\"description\":\"El Lar Gallego es la casa anfitriona este a\u00f1o, con un programa que incluye danza, m\u00fasica, gastronom\u00eda y una etapa del Camino de Santiago\",\"breadcrumb\":{\"@id\":\"https:\\\/\\\/www.laguiadepamplona.com\\\/actualidad\\\/el-ayuntamiento-de-pamplona-recibe-a-la-federacion-de-casas-regionales-en-navarra-que-celebra-hasta-el-domingo-su-xxxiii-semana-cultural\\\/#breadcrumb\"},\"inLanguage\":\"es\",\"potentialAction\":[{\"@type\":\"ReadAction\",\"target\":[\"https:\\\/\\\/www.laguiadepamplona.com\\\/actualidad\\\/el-ayuntamiento-de-pamplona-recibe-a-la-federacion-de-casas-regionales-en-navarra-que-celebra-hasta-el-domingo-su-xxxiii-semana-cultural\\\/\"]}]},{\"@type\":\"ImageObject\",\"inLanguage\":\"es\",\"@id\":\"https:\\\/\\\/www.laguiadepamplona.com\\\/actualidad\\\/el-ayuntamiento-de-pamplona-recibe-a-la-federacion-de-casas-regionales-en-navarra-que-celebra-hasta-el-domingo-su-xxxiii-semana-cultural\\\/#primaryimage\",\"url\":\"https:\\\/\\\/www.laguiadepamplona.com\\\/actualidad\\\/wp-content\\\/uploads\\\/2022\\\/10\\\/federacion-casas-regionales22-10-21.webp\",\"contentUrl\":\"https:\\\/\\\/www.laguiadepamplona.com\\\/actualidad\\\/wp-content\\\/uploads\\\/2022\\\/10\\\/federacion-casas-regionales22-10-21.webp\",\"width\":1920,\"height\":1281},{\"@type\":\"BreadcrumbList\",\"@id\":\"https:\\\/\\\/www.laguiadepamplona.com\\\/actualidad\\\/el-ayuntamiento-de-pamplona-recibe-a-la-federacion-de-casas-regionales-en-navarra-que-celebra-hasta-el-domingo-su-xxxiii-semana-cultural\\\/#breadcrumb\",\"itemListElement\":[{\"@type\":\"ListItem\",\"position\":1,\"name\":\"Portada\",\"item\":\"https:\\\/\\\/www.laguiadepamplona.com\\\/actualidad\\\/\"},{\"@type\":\"ListItem\",\"position\":2,\"name\":\"El Ayuntamiento de Pamplona recibe a la Federaci\u00f3n de Casas Regionales en Navarra, que celebra hasta el domingo su XXXIII Semana Cultural\"}]},{\"@type\":\"WebSite\",\"@id\":\"https:\\\/\\\/www.laguiadepamplona.com\\\/actualidad\\\/#website\",\"url\":\"https:\\\/\\\/www.laguiadepamplona.com\\\/actualidad\\\/\",\"name\":\"La gu\u00eda de Pamplona\",\"description\":\"Noticias de Pamplona\",\"publisher\":{\"@id\":\"https:\\\/\\\/www.laguiadepamplona.com\\\/actualidad\\\/#organization\"},\"potentialAction\":[{\"@type\":\"SearchAction\",\"target\":{\"@type\":\"EntryPoint\",\"urlTemplate\":\"https:\\\/\\\/www.laguiadepamplona.com\\\/actualidad\\\/?s={search_term_string}\"},\"query-input\":{\"@type\":\"PropertyValueSpecification\",\"valueRequired\":true,\"valueName\":\"search_term_string\"}}],\"inLanguage\":\"es\"},{\"@type\":\"Organization\",\"@id\":\"https:\\\/\\\/www.laguiadepamplona.com\\\/actualidad\\\/#organization\",\"name\":\"La Gu\u00eda de Pamplona \\\/ Noticias\",\"url\":\"https:\\\/\\\/www.laguiadepamplona.com\\\/actualidad\\\/\",\"logo\":{\"@type\":\"ImageObject\",\"inLanguage\":\"es\",\"@id\":\"https:\\\/\\\/www.laguiadepamplona.com\\\/actualidad\\\/#\\\/schema\\\/logo\\\/image\\\/\",\"url\":\"https:\\\/\\\/www.laguiadepamplona.com\\\/actualidad\\\/wp-content\\\/uploads\\\/2018\\\/11\\\/logo-laguiadepamplona18-web1.png\",\"contentUrl\":\"https:\\\/\\\/www.laguiadepamplona.com\\\/actualidad\\\/wp-content\\\/uploads\\\/2018\\\/11\\\/logo-laguiadepamplona18-web1.png\",\"width\":600,\"height\":196,\"caption\":\"La Gu\u00eda de Pamplona \\\/ Noticias\"},\"image\":{\"@id\":\"https:\\\/\\\/www.laguiadepamplona.com\\\/actualidad\\\/#\\\/schema\\\/logo\\\/image\\\/\"},\"sameAs\":[\"https:\\\/\\\/www.facebook.com\\\/laguiadepamplonacom-133175176762273\\\/?ref=hl\",\"https:\\\/\\\/x.com\\\/LaGuiadPamplona\",\"https:\\\/\\\/www.instagram.com\\\/la_guia_de_pamplona\\\/\",\"https:\\\/\\\/www.youtube.com\\\/user\\\/laguiadepamplona\"]},{\"@type\":\"Person\",\"@id\":\"https:\\\/\\\/www.laguiadepamplona.com\\\/actualidad\\\/#\\\/schema\\\/person\\\/efe887376f0213d4657c93adc50b1fdb\",\"name\":\"La Gu\u00eda de Pamplona\",\"image\":{\"@type\":\"ImageObject\",\"inLanguage\":\"es\",\"@id\":\"https:\\\/\\\/secure.gravatar.com\\\/avatar\\\/b6992f131dc8d30ab0dff15446e9d346d9dbd95992de0fef795073f5ea83a81c?s=96&d=mm&r=g\",\"url\":\"https:\\\/\\\/secure.gravatar.com\\\/avatar\\\/b6992f131dc8d30ab0dff15446e9d346d9dbd95992de0fef795073f5ea83a81c?s=96&d=mm&r=g\",\"contentUrl\":\"https:\\\/\\\/secure.gravatar.com\\\/avatar\\\/b6992f131dc8d30ab0dff15446e9d346d9dbd95992de0fef795073f5ea83a81c?s=96&d=mm&r=g\",\"caption\":\"La Gu\u00eda de Pamplona\"}}]}<\/script>\n<!-- \/ Yoast SEO plugin. -->","yoast_head_json":{"title":"El Ayuntamiento de Pamplona recibe a la Federaci\u00f3n de Casas Regionales en Navarra, que celebra hasta el domingo su XXXIII Semana Cultural","description":"El Lar Gallego es la casa anfitriona este a\u00f1o, con un programa que incluye danza, m\u00fasica, gastronom\u00eda y una etapa del Camino de Santiago","robots":{"index":"index","follow":"follow","max-snippet":"max-snippet:-1","max-image-preview":"max-image-preview:large","max-video-preview":"max-video-preview:-1"},"canonical":"https:\/\/www.laguiadepamplona.com\/actualidad\/el-ayuntamiento-de-pamplona-recibe-a-la-federacion-de-casas-regionales-en-navarra-que-celebra-hasta-el-domingo-su-xxxiii-semana-cultural\/","og_locale":"es_ES","og_type":"article","og_title":"El Ayuntamiento de Pamplona recibe a la Federaci\u00f3n de Casas Regionales en Navarra, que celebra hasta el domingo su XXXIII Semana Cultural","og_description":"El Lar Gallego es la casa anfitriona este a\u00f1o, con un programa que incluye danza, m\u00fasica, gastronom\u00eda y una etapa del Camino de Santiago","og_url":"https:\/\/www.laguiadepamplona.com\/actualidad\/el-ayuntamiento-de-pamplona-recibe-a-la-federacion-de-casas-regionales-en-navarra-que-celebra-hasta-el-domingo-su-xxxiii-semana-cultural\/","og_site_name":"La Gu\u00eda de Pamplona","article_publisher":"https:\/\/www.facebook.com\/laguiadepamplonacom-133175176762273\/?ref=hl","article_published_time":"2022-10-21T10:43:49+00:00","article_modified_time":"2023-04-11T09:47:41+00:00","og_image":[{"width":1920,"height":1281,"url":"https:\/\/www.laguiadepamplona.com\/actualidad\/wp-content\/uploads\/2022\/10\/federacion-casas-regionales22-10-21.webp","type":"image\/webp"}],"author":"La Gu\u00eda de Pamplona","twitter_card":"summary_large_image","twitter_creator":"@LaGuiadPamplona","twitter_site":"@LaGuiadPamplona","twitter_misc":{"Escrito por":"La Gu\u00eda de Pamplona","Tiempo de lectura":"4 minutos"},"schema":{"@context":"https:\/\/schema.org","@graph":[{"@type":"Article","@id":"https:\/\/www.laguiadepamplona.com\/actualidad\/el-ayuntamiento-de-pamplona-recibe-a-la-federacion-de-casas-regionales-en-navarra-que-celebra-hasta-el-domingo-su-xxxiii-semana-cultural\/#article","isPartOf":{"@id":"https:\/\/www.laguiadepamplona.com\/actualidad\/el-ayuntamiento-de-pamplona-recibe-a-la-federacion-de-casas-regionales-en-navarra-que-celebra-hasta-el-domingo-su-xxxiii-semana-cultural\/"},"author":{"name":"La Gu\u00eda de Pamplona","@id":"https:\/\/www.laguiadepamplona.com\/actualidad\/#\/schema\/person\/efe887376f0213d4657c93adc50b1fdb"},"headline":"El Ayuntamiento de Pamplona recibe a la Federaci\u00f3n de Casas Regionales en Navarra, que celebra hasta el domingo su XXXIII Semana Cultural","datePublished":"2022-10-21T10:43:49+00:00","dateModified":"2023-04-11T09:47:41+00:00","mainEntityOfPage":{"@id":"https:\/\/www.laguiadepamplona.com\/actualidad\/el-ayuntamiento-de-pamplona-recibe-a-la-federacion-de-casas-regionales-en-navarra-que-celebra-hasta-el-domingo-su-xxxiii-semana-cultural\/"},"wordCount":741,"commentCount":0,"publisher":{"@id":"https:\/\/www.laguiadepamplona.com\/actualidad\/#organization"},"image":{"@id":"https:\/\/www.laguiadepamplona.com\/actualidad\/el-ayuntamiento-de-pamplona-recibe-a-la-federacion-de-casas-regionales-en-navarra-que-celebra-hasta-el-domingo-su-xxxiii-semana-cultural\/#primaryimage"},"thumbnailUrl":"https:\/\/www.laguiadepamplona.com\/actualidad\/wp-content\/uploads\/2022\/10\/federacion-casas-regionales22-10-21.webp","articleSection":["Ayto Pamplona"],"inLanguage":"es","potentialAction":[{"@type":"CommentAction","name":"Comment","target":["https:\/\/www.laguiadepamplona.com\/actualidad\/el-ayuntamiento-de-pamplona-recibe-a-la-federacion-de-casas-regionales-en-navarra-que-celebra-hasta-el-domingo-su-xxxiii-semana-cultural\/#respond"]}]},{"@type":"WebPage","@id":"https:\/\/www.laguiadepamplona.com\/actualidad\/el-ayuntamiento-de-pamplona-recibe-a-la-federacion-de-casas-regionales-en-navarra-que-celebra-hasta-el-domingo-su-xxxiii-semana-cultural\/","url":"https:\/\/www.laguiadepamplona.com\/actualidad\/el-ayuntamiento-de-pamplona-recibe-a-la-federacion-de-casas-regionales-en-navarra-que-celebra-hasta-el-domingo-su-xxxiii-semana-cultural\/","name":"El Ayuntamiento de Pamplona recibe a la Federaci\u00f3n de Casas Regionales en Navarra, que celebra hasta el domingo su XXXIII Semana Cultural","isPartOf":{"@id":"https:\/\/www.laguiadepamplona.com\/actualidad\/#website"},"primaryImageOfPage":{"@id":"https:\/\/www.laguiadepamplona.com\/actualidad\/el-ayuntamiento-de-pamplona-recibe-a-la-federacion-de-casas-regionales-en-navarra-que-celebra-hasta-el-domingo-su-xxxiii-semana-cultural\/#primaryimage"},"image":{"@id":"https:\/\/www.laguiadepamplona.com\/actualidad\/el-ayuntamiento-de-pamplona-recibe-a-la-federacion-de-casas-regionales-en-navarra-que-celebra-hasta-el-domingo-su-xxxiii-semana-cultural\/#primaryimage"},"thumbnailUrl":"https:\/\/www.laguiadepamplona.com\/actualidad\/wp-content\/uploads\/2022\/10\/federacion-casas-regionales22-10-21.webp","datePublished":"2022-10-21T10:43:49+00:00","dateModified":"2023-04-11T09:47:41+00:00","description":"El Lar Gallego es la casa anfitriona este a\u00f1o, con un programa que incluye danza, m\u00fasica, gastronom\u00eda y una etapa del Camino de Santiago","breadcrumb":{"@id":"https:\/\/www.laguiadepamplona.com\/actualidad\/el-ayuntamiento-de-pamplona-recibe-a-la-federacion-de-casas-regionales-en-navarra-que-celebra-hasta-el-domingo-su-xxxiii-semana-cultural\/#breadcrumb"},"inLanguage":"es","potentialAction":[{"@type":"ReadAction","target":["https:\/\/www.laguiadepamplona.com\/actualidad\/el-ayuntamiento-de-pamplona-recibe-a-la-federacion-de-casas-regionales-en-navarra-que-celebra-hasta-el-domingo-su-xxxiii-semana-cultural\/"]}]},{"@type":"ImageObject","inLanguage":"es","@id":"https:\/\/www.laguiadepamplona.com\/actualidad\/el-ayuntamiento-de-pamplona-recibe-a-la-federacion-de-casas-regionales-en-navarra-que-celebra-hasta-el-domingo-su-xxxiii-semana-cultural\/#primaryimage","url":"https:\/\/www.laguiadepamplona.com\/actualidad\/wp-content\/uploads\/2022\/10\/federacion-casas-regionales22-10-21.webp","contentUrl":"https:\/\/www.laguiadepamplona.com\/actualidad\/wp-content\/uploads\/2022\/10\/federacion-casas-regionales22-10-21.webp","width":1920,"height":1281},{"@type":"BreadcrumbList","@id":"https:\/\/www.laguiadepamplona.com\/actualidad\/el-ayuntamiento-de-pamplona-recibe-a-la-federacion-de-casas-regionales-en-navarra-que-celebra-hasta-el-domingo-su-xxxiii-semana-cultural\/#breadcrumb","itemListElement":[{"@type":"ListItem","position":1,"name":"Portada","item":"https:\/\/www.laguiadepamplona.com\/actualidad\/"},{"@type":"ListItem","position":2,"name":"El Ayuntamiento de Pamplona recibe a la Federaci\u00f3n de Casas Regionales en Navarra, que celebra hasta el domingo su XXXIII Semana Cultural"}]},{"@type":"WebSite","@id":"https:\/\/www.laguiadepamplona.com\/actualidad\/#website","url":"https:\/\/www.laguiadepamplona.com\/actualidad\/","name":"La gu\u00eda de Pamplona","description":"Noticias de Pamplona","publisher":{"@id":"https:\/\/www.laguiadepamplona.com\/actualidad\/#organization"},"potentialAction":[{"@type":"SearchAction","target":{"@type":"EntryPoint","urlTemplate":"https:\/\/www.laguiadepamplona.com\/actualidad\/?s={search_term_string}"},"query-input":{"@type":"PropertyValueSpecification","valueRequired":true,"valueName":"search_term_string"}}],"inLanguage":"es"},{"@type":"Organization","@id":"https:\/\/www.laguiadepamplona.com\/actualidad\/#organization","name":"La Gu\u00eda de Pamplona \/ Noticias","url":"https:\/\/www.laguiadepamplona.com\/actualidad\/","logo":{"@type":"ImageObject","inLanguage":"es","@id":"https:\/\/www.laguiadepamplona.com\/actualidad\/#\/schema\/logo\/image\/","url":"https:\/\/www.laguiadepamplona.com\/actualidad\/wp-content\/uploads\/2018\/11\/logo-laguiadepamplona18-web1.png","contentUrl":"https:\/\/www.laguiadepamplona.com\/actualidad\/wp-content\/uploads\/2018\/11\/logo-laguiadepamplona18-web1.png","width":600,"height":196,"caption":"La Gu\u00eda de Pamplona \/ Noticias"},"image":{"@id":"https:\/\/www.laguiadepamplona.com\/actualidad\/#\/schema\/logo\/image\/"},"sameAs":["https:\/\/www.facebook.com\/laguiadepamplonacom-133175176762273\/?ref=hl","https:\/\/x.com\/LaGuiadPamplona","https:\/\/www.instagram.com\/la_guia_de_pamplona\/","https:\/\/www.youtube.com\/user\/laguiadepamplona"]},{"@type":"Person","@id":"https:\/\/www.laguiadepamplona.com\/actualidad\/#\/schema\/person\/efe887376f0213d4657c93adc50b1fdb","name":"La Gu\u00eda de Pamplona","image":{"@type":"ImageObject","inLanguage":"es","@id":"https:\/\/secure.gravatar.com\/avatar\/b6992f131dc8d30ab0dff15446e9d346d9dbd95992de0fef795073f5ea83a81c?s=96&d=mm&r=g","url":"https:\/\/secure.gravatar.com\/avatar\/b6992f131dc8d30ab0dff15446e9d346d9dbd95992de0fef795073f5ea83a81c?s=96&d=mm&r=g","contentUrl":"https:\/\/secure.gravatar.com\/avatar\/b6992f131dc8d30ab0dff15446e9d346d9dbd95992de0fef795073f5ea83a81c?s=96&d=mm&r=g","caption":"La Gu\u00eda de Pamplona"}}]}},"post_mailing_queue_ids":[],"_links":{"self":[{"href":"https:\/\/www.laguiadepamplona.com\/actualidad\/wp-json\/wp\/v2\/posts\/41981","targetHints":{"allow":["GET"]}}],"collection":[{"href":"https:\/\/www.laguiadepamplona.com\/actualidad\/wp-json\/wp\/v2\/posts"}],"about":[{"href":"https:\/\/www.laguiadepamplona.com\/actualidad\/wp-json\/wp\/v2\/types\/post"}],"author":[{"embeddable":true,"href":"https:\/\/www.laguiadepamplona.com\/actualidad\/wp-json\/wp\/v2\/users\/1"}],"replies":[{"embeddable":true,"href":"https:\/\/www.laguiadepamplona.com\/actualidad\/wp-json\/wp\/v2\/comments?post=41981"}],"version-history":[{"count":0,"href":"https:\/\/www.laguiadepamplona.com\/actualidad\/wp-json\/wp\/v2\/posts\/41981\/revisions"}],"wp:featuredmedia":[{"embeddable":true,"href":"https:\/\/www.laguiadepamplona.com\/actualidad\/wp-json\/wp\/v2\/media\/41982"}],"wp:attachment":[{"href":"https:\/\/www.laguiadepamplona.com\/actualidad\/wp-json\/wp\/v2\/media?parent=41981"}],"wp:term":[{"taxonomy":"category","embeddable":true,"href":"https:\/\/www.laguiadepamplona.com\/actualidad\/wp-json\/wp\/v2\/categories?post=41981"},{"taxonomy":"post_tag","embeddable":true,"href":"https:\/\/www.laguiadepamplona.com\/actualidad\/wp-json\/wp\/v2\/tags?post=41981"}],"curies":[{"name":"wp","href":"https:\/\/api.w.org\/{rel}","templated":true}]}}