{"id":41972,"date":"2022-10-20T17:13:59","date_gmt":"2022-10-20T15:13:59","guid":{"rendered":"https:\/\/www.laguiadepamplona.com\/actualidad\/?p=41972"},"modified":"2023-04-11T11:47:41","modified_gmt":"2023-04-11T09:47:41","slug":"el-servicio-de-atencion-domiciliaria-incrementa-en-un-4-las-horas-de-atencion-a-personas-usuarias-en-el-ultimo-ano-tras-la-creacion-de-una-empresa-publica-para-su-gestion","status":"publish","type":"post","link":"https:\/\/www.laguiadepamplona.com\/actualidad\/el-servicio-de-atencion-domiciliaria-incrementa-en-un-4-las-horas-de-atencion-a-personas-usuarias-en-el-ultimo-ano-tras-la-creacion-de-una-empresa-publica-para-su-gestion\/","title":{"rendered":"El Servicio de Atenci\u00f3n Domiciliaria incrementa en un 4% las horas de atenci\u00f3n a personas usuarias en el \u00faltimo a\u00f1o, tras la creaci\u00f3n de una empresa p\u00fablica para su gesti\u00f3n"},"content":{"rendered":"<h5>El Ayuntamiento ejecutar\u00e1 el auto judicial por el que, de manera provisional, asume parte de la plantilla de la empresa p\u00fablica SAD Pamplona<\/h5>\n<p><!--more--><\/p>\n<p>Ma\u00f1ana viernes se re\u00fane el Consejo de Administraci\u00f3n de la empresa p\u00fablica SAD Pamplona, que gestiona el servicio municipal de atenci\u00f3n domiciliaria. El auto del Juzgado de Primera Instancia n\u00famero 3 de Pamplona por el que el Ayuntamiento asumir\u00e1, de forma provisional, parte de la plantilla de la empresa p\u00fablica, generar\u00e1 la convivencia de dos gestiones para el personal. Ayuntamiento y SAD Pamplona trabajan en mecanismos para gestionar esta situaci\u00f3n provisional, cuando se va a cumplir un a\u00f1o de la puesta en marcha de la empresa p\u00fablica.<br \/>\n<script async src=\"\/\/pagead2.googlesyndication.com\/pagead\/js\/adsbygoogle.js\"><\/script><br \/>\n<!-- Noticias La Guia de Pamplona --><br \/>\n<ins class=\"adsbygoogle\"\nstyle=\"display:block\"\ndata-ad-client=\"ca-pub-6943679897239327\"\ndata-ad-slot=\"7048180777\"\ndata-ad-format=\"auto\"><\/ins><br \/>\n<script>\n(adsbygoogle = window.adsbygoogle || []).push({});\n<\/script><\/p>\n<p>La empresa p\u00fablica SAD Pamplona S.A. comenz\u00f3 a funcionar el 1 de noviembre de 2021, tras ser aprobada esta nueva forma de gesti\u00f3n por el Pleno municipal. La principal motivaci\u00f3n para llevar a cabo este cambio en el modelo de gesti\u00f3n era prestar el servicio de manera m\u00e1s eficaz y eficiente, atendiendo a las recomendaciones de la C\u00e1mara de Comptos. Cerca ya de cumplir su primer a\u00f1o de funcionamiento, un balance de su actividad recoge, entre otros datos, un incremento del 4% en el n\u00famero de horas de atenci\u00f3n directa prestada a las personas usuarias en sus domicilios (65.574,43 este a\u00f1o respecto a las 63.054,31 de 2021).<\/p>\n<p>Tambi\u00e9n ha aumentado el n\u00famero de personas usuarias en un 2,6%, con 715 en 2022 frente a las 697 de 2021. La pandemia de la COVID-19, con sus afecciones a la poblaci\u00f3n de mayor edad, ha tenido como consecuencia que el n\u00famero de personas usuarias, a pesar del incremento del \u00faltimo a\u00f1o, no llegue a las cifras de 2019 y 2020, con 761 y 742 personas adscritas al servicio.<br \/>\n<script async src=\"\/\/pagead2.googlesyndication.com\/pagead\/js\/adsbygoogle.js\"><\/script><br \/>\n<!-- Noticias La Guia de Pamplona --><br \/>\n<ins class=\"adsbygoogle\"\nstyle=\"display:block\"\ndata-ad-client=\"ca-pub-6943679897239327\"\ndata-ad-slot=\"7048180777\"\ndata-ad-format=\"auto\"><\/ins><br \/>\n<script>\n(adsbygoogle = window.adsbygoogle || []).push({});\n<\/script><\/p>\n<p><strong>M\u00e1s tiempo con cada persona usuaria<\/strong><\/p>\n<p>La intensidad en la prestaci\u00f3n del servicio, es decir, el n\u00famero medio de horas prestadas por persona usuaria, ha mejorado respecto a los dos \u00faltimos a\u00f1os (9,72 en 2022, 90,47 en 2021 y 79,53 en 2020), aunque sin llegar a los valores de 2019 (95,85 horas por persona usuaria). En definitiva, hay menos personas usuarias que entonces, aunque se les atiende un mayor n\u00famero de horas. Asimismo, se ha mejorado el tiempo efectivo de trabajo del personal, lo que revierte en una mejor\u00eda tanto del servicio como de la propia atenci\u00f3n.<\/p>\n<p>Esas mejoras han conllevado un descenso de un 20% en las quejas interpuestas por las personas usuarias sobre la atenci\u00f3n directa. Han pasado de 422 en 2021 a 350 en 2022. En los dos \u00faltimos a\u00f1os han aumentado tambi\u00e9n los reconocimientos a la labor realizada por el personal, con 53 agradecimientos en 2021 y 39 en 2022, respecto a los 12 de 2019 y 15 de 2020, a pesar de que el n\u00famero de personas usuarias era menor.<\/p>\n<p>En este a\u00f1o de gesti\u00f3n de la empresa p\u00fablica, la ejecuci\u00f3n presupuestaria vinculada a este servicio tambi\u00e9n se ha reducido. Ha pasado de suponer un gasto de 7,1 millones de euros a invertirse 6,5 millones. Un ahorro econ\u00f3mico que se suma a otros aspectos de autogobierno, gesti\u00f3n directa de datos o cuestiones t\u00e9cnico \u2013 organizativas, que han derivado en una mejora del servicio, tal y como se apuntaba en los informes que derivaron en la creaci\u00f3n de la empresa p\u00fablica SAD Pamplona para gestionar la atenci\u00f3n domiciliaria.<br \/>\n<script async src=\"\/\/pagead2.googlesyndication.com\/pagead\/js\/adsbygoogle.js\"><\/script><br \/>\n<!-- Noticias La Guia de Pamplona --><br \/>\n<ins class=\"adsbygoogle\"\nstyle=\"display:block\"\ndata-ad-client=\"ca-pub-6943679897239327\"\ndata-ad-slot=\"7048180777\"\ndata-ad-format=\"auto\"><\/ins><br \/>\n<script>\n(adsbygoogle = window.adsbygoogle || []).push({});\n<\/script><\/p>\n<p><strong>Conflicto jur\u00eddico\u00a0pendiente del recurso de casaci\u00f3n en el Tribunal Supremo<\/strong><\/p>\n<p>El Ayuntamiento no va a recurrir el auto del Juzgado de Primera Instancia n\u00famero 3 de Pamplona y lo ejecutar\u00e1, de manera provisional, pues se sigue pendiente de la decisi\u00f3n del Tribunal Supremo sobre el recurso de casaci\u00f3n interpuesto en junio, y en el que el Ayuntamiento defiende que las trabajadoras del SAD son empleadas p\u00fablicas tanto si est\u00e1n en el Ayuntamiento como en una sociedad p\u00fablica, por lo que las trabajadoras deben reintegrarse a \u00e9sta, dado que el Pleno aprob\u00f3 el modo de gesti\u00f3n a trav\u00e9s de una sociedad p\u00fablica.<\/p>\n<p>As\u00ed las cosas, el Ayuntamiento asumir\u00e1 el retorno del personal involucrado en el proceso que pasar\u00e1 a depender del Consistorio, pero la gesti\u00f3n del servicio seguir\u00e1 llev\u00e1ndola a cabo la empresa p\u00fablica, que tambi\u00e9n tendr\u00e1 su personal.<br \/>\n<script async src=\"\/\/pagead2.googlesyndication.com\/pagead\/js\/adsbygoogle.js\"><\/script><br \/>\n<!-- Noticias La Guia de Pamplona --><br \/>\n<ins class=\"adsbygoogle\"\nstyle=\"display:block\"\ndata-ad-client=\"ca-pub-6943679897239327\"\ndata-ad-slot=\"7048180777\"\ndata-ad-format=\"auto\"><\/ins><br \/>\n<script>\n(adsbygoogle = window.adsbygoogle || []).push({});\n<\/script><\/p>\n<p>El Ayuntamiento de Pamplona trabaja en el establecimiento de un mecanismo o sistema de trabajo para que la convivencia de los dos modos de gesti\u00f3n del personal de atenci\u00f3n domiciliaria no genera problemas en las personas usuarias y no perjudique la mejora que se estaba llevando a cabo en el servicio y que fundament\u00f3 en su d\u00eda la creaci\u00f3n de la empresa p\u00fablica SAD Pamplona. Se est\u00e1n estudiando v\u00edas para que los cambios organizativos y de gesti\u00f3n que estaban implementando en la empresa p\u00fablica tengan tambi\u00e9n vigencia para el personal que pasar\u00e1 a depender del Ayuntamiento de Pamplona.<\/p>\n","protected":false},"excerpt":{"rendered":"<p>El Ayuntamiento ejecutar\u00e1 el auto judicial por el que, de manera provisional, asume parte de la plantilla de la empresa p\u00fablica SAD Pamplona<\/p>\n","protected":false},"author":1,"featured_media":41386,"comment_status":"open","ping_status":"closed","sticky":false,"template":"","format":"standard","meta":{"footnotes":""},"categories":[2],"tags":[],"class_list":["post-41972","post","type-post","status-publish","format-standard","has-post-thumbnail","hentry","category-ayuntamiento-pamplona"],"yoast_head":"<!-- This site is optimized with the Yoast SEO plugin v27.3 - https:\/\/yoast.com\/product\/yoast-seo-wordpress\/ -->\n<title>El Servicio de Atenci\u00f3n Domiciliaria incrementa en un 4% las horas de atenci\u00f3n a personas usuarias en el \u00faltimo a\u00f1o, tras la creaci\u00f3n de una empresa p\u00fablica para su gesti\u00f3n<\/title>\n<meta name=\"description\" content=\"El Ayuntamiento ejecutar\u00e1 el auto judicial por el que, de manera provisional, asume parte de la plantilla de la empresa p\u00fablica SAD Pamplona\" \/>\n<meta name=\"robots\" content=\"index, follow, max-snippet:-1, max-image-preview:large, max-video-preview:-1\" \/>\n<link rel=\"canonical\" href=\"https:\/\/www.laguiadepamplona.com\/actualidad\/el-servicio-de-atencion-domiciliaria-incrementa-en-un-4-las-horas-de-atencion-a-personas-usuarias-en-el-ultimo-ano-tras-la-creacion-de-una-empresa-publica-para-su-gestion\/\" \/>\n<meta property=\"og:locale\" content=\"es_ES\" \/>\n<meta property=\"og:type\" content=\"article\" \/>\n<meta property=\"og:title\" content=\"El Servicio de Atenci\u00f3n Domiciliaria incrementa en un 4% las horas de atenci\u00f3n a personas usuarias en el \u00faltimo a\u00f1o, tras la creaci\u00f3n de una empresa p\u00fablica para su gesti\u00f3n\" \/>\n<meta property=\"og:description\" content=\"El Ayuntamiento ejecutar\u00e1 el auto judicial por el que, de manera provisional, asume parte de la plantilla de la empresa p\u00fablica SAD Pamplona\" \/>\n<meta property=\"og:url\" content=\"https:\/\/www.laguiadepamplona.com\/actualidad\/el-servicio-de-atencion-domiciliaria-incrementa-en-un-4-las-horas-de-atencion-a-personas-usuarias-en-el-ultimo-ano-tras-la-creacion-de-una-empresa-publica-para-su-gestion\/\" \/>\n<meta property=\"og:site_name\" content=\"La Gu\u00eda de Pamplona\" \/>\n<meta property=\"article:publisher\" content=\"https:\/\/www.facebook.com\/laguiadepamplonacom-133175176762273\/?ref=hl\" \/>\n<meta property=\"article:published_time\" content=\"2022-10-20T15:13:59+00:00\" \/>\n<meta property=\"article:modified_time\" content=\"2023-04-11T09:47:41+00:00\" \/>\n<meta property=\"og:image\" content=\"https:\/\/www.laguiadepamplona.com\/actualidad\/wp-content\/uploads\/2022\/08\/emad_tercera_edad_atencion_domicilio_apoyo_04_4.webp\" \/>\n\t<meta property=\"og:image:width\" content=\"1920\" \/>\n\t<meta property=\"og:image:height\" content=\"1280\" \/>\n\t<meta property=\"og:image:type\" content=\"image\/webp\" \/>\n<meta name=\"author\" content=\"La Gu\u00eda de Pamplona\" \/>\n<meta name=\"twitter:card\" content=\"summary_large_image\" \/>\n<meta name=\"twitter:creator\" content=\"@LaGuiadPamplona\" \/>\n<meta name=\"twitter:site\" content=\"@LaGuiadPamplona\" \/>\n<meta name=\"twitter:label1\" content=\"Escrito por\" \/>\n\t<meta name=\"twitter:data1\" content=\"La Gu\u00eda de Pamplona\" \/>\n\t<meta name=\"twitter:label2\" content=\"Tiempo de lectura\" \/>\n\t<meta name=\"twitter:data2\" content=\"4 minutos\" \/>\n<script type=\"application\/ld+json\" class=\"yoast-schema-graph\">{\"@context\":\"https:\\\/\\\/schema.org\",\"@graph\":[{\"@type\":\"Article\",\"@id\":\"https:\\\/\\\/www.laguiadepamplona.com\\\/actualidad\\\/el-servicio-de-atencion-domiciliaria-incrementa-en-un-4-las-horas-de-atencion-a-personas-usuarias-en-el-ultimo-ano-tras-la-creacion-de-una-empresa-publica-para-su-gestion\\\/#article\",\"isPartOf\":{\"@id\":\"https:\\\/\\\/www.laguiadepamplona.com\\\/actualidad\\\/el-servicio-de-atencion-domiciliaria-incrementa-en-un-4-las-horas-de-atencion-a-personas-usuarias-en-el-ultimo-ano-tras-la-creacion-de-una-empresa-publica-para-su-gestion\\\/\"},\"author\":{\"name\":\"La Gu\u00eda de Pamplona\",\"@id\":\"https:\\\/\\\/www.laguiadepamplona.com\\\/actualidad\\\/#\\\/schema\\\/person\\\/efe887376f0213d4657c93adc50b1fdb\"},\"headline\":\"El Servicio de Atenci\u00f3n Domiciliaria incrementa en un 4% las horas de atenci\u00f3n a personas usuarias en el \u00faltimo a\u00f1o, tras la creaci\u00f3n de una empresa p\u00fablica para su gesti\u00f3n\",\"datePublished\":\"2022-10-20T15:13:59+00:00\",\"dateModified\":\"2023-04-11T09:47:41+00:00\",\"mainEntityOfPage\":{\"@id\":\"https:\\\/\\\/www.laguiadepamplona.com\\\/actualidad\\\/el-servicio-de-atencion-domiciliaria-incrementa-en-un-4-las-horas-de-atencion-a-personas-usuarias-en-el-ultimo-ano-tras-la-creacion-de-una-empresa-publica-para-su-gestion\\\/\"},\"wordCount\":853,\"commentCount\":0,\"publisher\":{\"@id\":\"https:\\\/\\\/www.laguiadepamplona.com\\\/actualidad\\\/#organization\"},\"image\":{\"@id\":\"https:\\\/\\\/www.laguiadepamplona.com\\\/actualidad\\\/el-servicio-de-atencion-domiciliaria-incrementa-en-un-4-las-horas-de-atencion-a-personas-usuarias-en-el-ultimo-ano-tras-la-creacion-de-una-empresa-publica-para-su-gestion\\\/#primaryimage\"},\"thumbnailUrl\":\"https:\\\/\\\/www.laguiadepamplona.com\\\/actualidad\\\/wp-content\\\/uploads\\\/2022\\\/08\\\/emad_tercera_edad_atencion_domicilio_apoyo_04_4.webp\",\"articleSection\":[\"Ayto Pamplona\"],\"inLanguage\":\"es\",\"potentialAction\":[{\"@type\":\"CommentAction\",\"name\":\"Comment\",\"target\":[\"https:\\\/\\\/www.laguiadepamplona.com\\\/actualidad\\\/el-servicio-de-atencion-domiciliaria-incrementa-en-un-4-las-horas-de-atencion-a-personas-usuarias-en-el-ultimo-ano-tras-la-creacion-de-una-empresa-publica-para-su-gestion\\\/#respond\"]}]},{\"@type\":\"WebPage\",\"@id\":\"https:\\\/\\\/www.laguiadepamplona.com\\\/actualidad\\\/el-servicio-de-atencion-domiciliaria-incrementa-en-un-4-las-horas-de-atencion-a-personas-usuarias-en-el-ultimo-ano-tras-la-creacion-de-una-empresa-publica-para-su-gestion\\\/\",\"url\":\"https:\\\/\\\/www.laguiadepamplona.com\\\/actualidad\\\/el-servicio-de-atencion-domiciliaria-incrementa-en-un-4-las-horas-de-atencion-a-personas-usuarias-en-el-ultimo-ano-tras-la-creacion-de-una-empresa-publica-para-su-gestion\\\/\",\"name\":\"El Servicio de Atenci\u00f3n Domiciliaria incrementa en un 4% las horas de atenci\u00f3n a personas usuarias en el \u00faltimo a\u00f1o, tras la creaci\u00f3n de una empresa p\u00fablica para su gesti\u00f3n\",\"isPartOf\":{\"@id\":\"https:\\\/\\\/www.laguiadepamplona.com\\\/actualidad\\\/#website\"},\"primaryImageOfPage\":{\"@id\":\"https:\\\/\\\/www.laguiadepamplona.com\\\/actualidad\\\/el-servicio-de-atencion-domiciliaria-incrementa-en-un-4-las-horas-de-atencion-a-personas-usuarias-en-el-ultimo-ano-tras-la-creacion-de-una-empresa-publica-para-su-gestion\\\/#primaryimage\"},\"image\":{\"@id\":\"https:\\\/\\\/www.laguiadepamplona.com\\\/actualidad\\\/el-servicio-de-atencion-domiciliaria-incrementa-en-un-4-las-horas-de-atencion-a-personas-usuarias-en-el-ultimo-ano-tras-la-creacion-de-una-empresa-publica-para-su-gestion\\\/#primaryimage\"},\"thumbnailUrl\":\"https:\\\/\\\/www.laguiadepamplona.com\\\/actualidad\\\/wp-content\\\/uploads\\\/2022\\\/08\\\/emad_tercera_edad_atencion_domicilio_apoyo_04_4.webp\",\"datePublished\":\"2022-10-20T15:13:59+00:00\",\"dateModified\":\"2023-04-11T09:47:41+00:00\",\"description\":\"El Ayuntamiento ejecutar\u00e1 el auto judicial por el que, de manera provisional, asume parte de la plantilla de la empresa p\u00fablica SAD Pamplona\",\"breadcrumb\":{\"@id\":\"https:\\\/\\\/www.laguiadepamplona.com\\\/actualidad\\\/el-servicio-de-atencion-domiciliaria-incrementa-en-un-4-las-horas-de-atencion-a-personas-usuarias-en-el-ultimo-ano-tras-la-creacion-de-una-empresa-publica-para-su-gestion\\\/#breadcrumb\"},\"inLanguage\":\"es\",\"potentialAction\":[{\"@type\":\"ReadAction\",\"target\":[\"https:\\\/\\\/www.laguiadepamplona.com\\\/actualidad\\\/el-servicio-de-atencion-domiciliaria-incrementa-en-un-4-las-horas-de-atencion-a-personas-usuarias-en-el-ultimo-ano-tras-la-creacion-de-una-empresa-publica-para-su-gestion\\\/\"]}]},{\"@type\":\"ImageObject\",\"inLanguage\":\"es\",\"@id\":\"https:\\\/\\\/www.laguiadepamplona.com\\\/actualidad\\\/el-servicio-de-atencion-domiciliaria-incrementa-en-un-4-las-horas-de-atencion-a-personas-usuarias-en-el-ultimo-ano-tras-la-creacion-de-una-empresa-publica-para-su-gestion\\\/#primaryimage\",\"url\":\"https:\\\/\\\/www.laguiadepamplona.com\\\/actualidad\\\/wp-content\\\/uploads\\\/2022\\\/08\\\/emad_tercera_edad_atencion_domicilio_apoyo_04_4.webp\",\"contentUrl\":\"https:\\\/\\\/www.laguiadepamplona.com\\\/actualidad\\\/wp-content\\\/uploads\\\/2022\\\/08\\\/emad_tercera_edad_atencion_domicilio_apoyo_04_4.webp\",\"width\":1920,\"height\":1280},{\"@type\":\"BreadcrumbList\",\"@id\":\"https:\\\/\\\/www.laguiadepamplona.com\\\/actualidad\\\/el-servicio-de-atencion-domiciliaria-incrementa-en-un-4-las-horas-de-atencion-a-personas-usuarias-en-el-ultimo-ano-tras-la-creacion-de-una-empresa-publica-para-su-gestion\\\/#breadcrumb\",\"itemListElement\":[{\"@type\":\"ListItem\",\"position\":1,\"name\":\"Portada\",\"item\":\"https:\\\/\\\/www.laguiadepamplona.com\\\/actualidad\\\/\"},{\"@type\":\"ListItem\",\"position\":2,\"name\":\"El Servicio de Atenci\u00f3n Domiciliaria incrementa en un 4% las horas de atenci\u00f3n a personas usuarias en el \u00faltimo a\u00f1o, tras la creaci\u00f3n de una empresa p\u00fablica para su gesti\u00f3n\"}]},{\"@type\":\"WebSite\",\"@id\":\"https:\\\/\\\/www.laguiadepamplona.com\\\/actualidad\\\/#website\",\"url\":\"https:\\\/\\\/www.laguiadepamplona.com\\\/actualidad\\\/\",\"name\":\"La gu\u00eda de Pamplona\",\"description\":\"Noticias de Pamplona\",\"publisher\":{\"@id\":\"https:\\\/\\\/www.laguiadepamplona.com\\\/actualidad\\\/#organization\"},\"potentialAction\":[{\"@type\":\"SearchAction\",\"target\":{\"@type\":\"EntryPoint\",\"urlTemplate\":\"https:\\\/\\\/www.laguiadepamplona.com\\\/actualidad\\\/?s={search_term_string}\"},\"query-input\":{\"@type\":\"PropertyValueSpecification\",\"valueRequired\":true,\"valueName\":\"search_term_string\"}}],\"inLanguage\":\"es\"},{\"@type\":\"Organization\",\"@id\":\"https:\\\/\\\/www.laguiadepamplona.com\\\/actualidad\\\/#organization\",\"name\":\"La Gu\u00eda de Pamplona \\\/ Noticias\",\"url\":\"https:\\\/\\\/www.laguiadepamplona.com\\\/actualidad\\\/\",\"logo\":{\"@type\":\"ImageObject\",\"inLanguage\":\"es\",\"@id\":\"https:\\\/\\\/www.laguiadepamplona.com\\\/actualidad\\\/#\\\/schema\\\/logo\\\/image\\\/\",\"url\":\"https:\\\/\\\/www.laguiadepamplona.com\\\/actualidad\\\/wp-content\\\/uploads\\\/2018\\\/11\\\/logo-laguiadepamplona18-web1.png\",\"contentUrl\":\"https:\\\/\\\/www.laguiadepamplona.com\\\/actualidad\\\/wp-content\\\/uploads\\\/2018\\\/11\\\/logo-laguiadepamplona18-web1.png\",\"width\":600,\"height\":196,\"caption\":\"La Gu\u00eda de Pamplona \\\/ Noticias\"},\"image\":{\"@id\":\"https:\\\/\\\/www.laguiadepamplona.com\\\/actualidad\\\/#\\\/schema\\\/logo\\\/image\\\/\"},\"sameAs\":[\"https:\\\/\\\/www.facebook.com\\\/laguiadepamplonacom-133175176762273\\\/?ref=hl\",\"https:\\\/\\\/x.com\\\/LaGuiadPamplona\",\"https:\\\/\\\/www.instagram.com\\\/la_guia_de_pamplona\\\/\",\"https:\\\/\\\/www.youtube.com\\\/user\\\/laguiadepamplona\"]},{\"@type\":\"Person\",\"@id\":\"https:\\\/\\\/www.laguiadepamplona.com\\\/actualidad\\\/#\\\/schema\\\/person\\\/efe887376f0213d4657c93adc50b1fdb\",\"name\":\"La Gu\u00eda de Pamplona\",\"image\":{\"@type\":\"ImageObject\",\"inLanguage\":\"es\",\"@id\":\"https:\\\/\\\/secure.gravatar.com\\\/avatar\\\/b6992f131dc8d30ab0dff15446e9d346d9dbd95992de0fef795073f5ea83a81c?s=96&d=mm&r=g\",\"url\":\"https:\\\/\\\/secure.gravatar.com\\\/avatar\\\/b6992f131dc8d30ab0dff15446e9d346d9dbd95992de0fef795073f5ea83a81c?s=96&d=mm&r=g\",\"contentUrl\":\"https:\\\/\\\/secure.gravatar.com\\\/avatar\\\/b6992f131dc8d30ab0dff15446e9d346d9dbd95992de0fef795073f5ea83a81c?s=96&d=mm&r=g\",\"caption\":\"La Gu\u00eda de Pamplona\"}}]}<\/script>\n<!-- \/ Yoast SEO plugin. -->","yoast_head_json":{"title":"El Servicio de Atenci\u00f3n Domiciliaria incrementa en un 4% las horas de atenci\u00f3n a personas usuarias en el \u00faltimo a\u00f1o, tras la creaci\u00f3n de una empresa p\u00fablica para su gesti\u00f3n","description":"El Ayuntamiento ejecutar\u00e1 el auto judicial por el que, de manera provisional, asume parte de la plantilla de la empresa p\u00fablica SAD Pamplona","robots":{"index":"index","follow":"follow","max-snippet":"max-snippet:-1","max-image-preview":"max-image-preview:large","max-video-preview":"max-video-preview:-1"},"canonical":"https:\/\/www.laguiadepamplona.com\/actualidad\/el-servicio-de-atencion-domiciliaria-incrementa-en-un-4-las-horas-de-atencion-a-personas-usuarias-en-el-ultimo-ano-tras-la-creacion-de-una-empresa-publica-para-su-gestion\/","og_locale":"es_ES","og_type":"article","og_title":"El Servicio de Atenci\u00f3n Domiciliaria incrementa en un 4% las horas de atenci\u00f3n a personas usuarias en el \u00faltimo a\u00f1o, tras la creaci\u00f3n de una empresa p\u00fablica para su gesti\u00f3n","og_description":"El Ayuntamiento ejecutar\u00e1 el auto judicial por el que, de manera provisional, asume parte de la plantilla de la empresa p\u00fablica SAD Pamplona","og_url":"https:\/\/www.laguiadepamplona.com\/actualidad\/el-servicio-de-atencion-domiciliaria-incrementa-en-un-4-las-horas-de-atencion-a-personas-usuarias-en-el-ultimo-ano-tras-la-creacion-de-una-empresa-publica-para-su-gestion\/","og_site_name":"La Gu\u00eda de Pamplona","article_publisher":"https:\/\/www.facebook.com\/laguiadepamplonacom-133175176762273\/?ref=hl","article_published_time":"2022-10-20T15:13:59+00:00","article_modified_time":"2023-04-11T09:47:41+00:00","og_image":[{"width":1920,"height":1280,"url":"https:\/\/www.laguiadepamplona.com\/actualidad\/wp-content\/uploads\/2022\/08\/emad_tercera_edad_atencion_domicilio_apoyo_04_4.webp","type":"image\/webp"}],"author":"La Gu\u00eda de Pamplona","twitter_card":"summary_large_image","twitter_creator":"@LaGuiadPamplona","twitter_site":"@LaGuiadPamplona","twitter_misc":{"Escrito por":"La Gu\u00eda de Pamplona","Tiempo de lectura":"4 minutos"},"schema":{"@context":"https:\/\/schema.org","@graph":[{"@type":"Article","@id":"https:\/\/www.laguiadepamplona.com\/actualidad\/el-servicio-de-atencion-domiciliaria-incrementa-en-un-4-las-horas-de-atencion-a-personas-usuarias-en-el-ultimo-ano-tras-la-creacion-de-una-empresa-publica-para-su-gestion\/#article","isPartOf":{"@id":"https:\/\/www.laguiadepamplona.com\/actualidad\/el-servicio-de-atencion-domiciliaria-incrementa-en-un-4-las-horas-de-atencion-a-personas-usuarias-en-el-ultimo-ano-tras-la-creacion-de-una-empresa-publica-para-su-gestion\/"},"author":{"name":"La Gu\u00eda de Pamplona","@id":"https:\/\/www.laguiadepamplona.com\/actualidad\/#\/schema\/person\/efe887376f0213d4657c93adc50b1fdb"},"headline":"El Servicio de Atenci\u00f3n Domiciliaria incrementa en un 4% las horas de atenci\u00f3n a personas usuarias en el \u00faltimo a\u00f1o, tras la creaci\u00f3n de una empresa p\u00fablica para su gesti\u00f3n","datePublished":"2022-10-20T15:13:59+00:00","dateModified":"2023-04-11T09:47:41+00:00","mainEntityOfPage":{"@id":"https:\/\/www.laguiadepamplona.com\/actualidad\/el-servicio-de-atencion-domiciliaria-incrementa-en-un-4-las-horas-de-atencion-a-personas-usuarias-en-el-ultimo-ano-tras-la-creacion-de-una-empresa-publica-para-su-gestion\/"},"wordCount":853,"commentCount":0,"publisher":{"@id":"https:\/\/www.laguiadepamplona.com\/actualidad\/#organization"},"image":{"@id":"https:\/\/www.laguiadepamplona.com\/actualidad\/el-servicio-de-atencion-domiciliaria-incrementa-en-un-4-las-horas-de-atencion-a-personas-usuarias-en-el-ultimo-ano-tras-la-creacion-de-una-empresa-publica-para-su-gestion\/#primaryimage"},"thumbnailUrl":"https:\/\/www.laguiadepamplona.com\/actualidad\/wp-content\/uploads\/2022\/08\/emad_tercera_edad_atencion_domicilio_apoyo_04_4.webp","articleSection":["Ayto Pamplona"],"inLanguage":"es","potentialAction":[{"@type":"CommentAction","name":"Comment","target":["https:\/\/www.laguiadepamplona.com\/actualidad\/el-servicio-de-atencion-domiciliaria-incrementa-en-un-4-las-horas-de-atencion-a-personas-usuarias-en-el-ultimo-ano-tras-la-creacion-de-una-empresa-publica-para-su-gestion\/#respond"]}]},{"@type":"WebPage","@id":"https:\/\/www.laguiadepamplona.com\/actualidad\/el-servicio-de-atencion-domiciliaria-incrementa-en-un-4-las-horas-de-atencion-a-personas-usuarias-en-el-ultimo-ano-tras-la-creacion-de-una-empresa-publica-para-su-gestion\/","url":"https:\/\/www.laguiadepamplona.com\/actualidad\/el-servicio-de-atencion-domiciliaria-incrementa-en-un-4-las-horas-de-atencion-a-personas-usuarias-en-el-ultimo-ano-tras-la-creacion-de-una-empresa-publica-para-su-gestion\/","name":"El Servicio de Atenci\u00f3n Domiciliaria incrementa en un 4% las horas de atenci\u00f3n a personas usuarias en el \u00faltimo a\u00f1o, tras la creaci\u00f3n de una empresa p\u00fablica para su gesti\u00f3n","isPartOf":{"@id":"https:\/\/www.laguiadepamplona.com\/actualidad\/#website"},"primaryImageOfPage":{"@id":"https:\/\/www.laguiadepamplona.com\/actualidad\/el-servicio-de-atencion-domiciliaria-incrementa-en-un-4-las-horas-de-atencion-a-personas-usuarias-en-el-ultimo-ano-tras-la-creacion-de-una-empresa-publica-para-su-gestion\/#primaryimage"},"image":{"@id":"https:\/\/www.laguiadepamplona.com\/actualidad\/el-servicio-de-atencion-domiciliaria-incrementa-en-un-4-las-horas-de-atencion-a-personas-usuarias-en-el-ultimo-ano-tras-la-creacion-de-una-empresa-publica-para-su-gestion\/#primaryimage"},"thumbnailUrl":"https:\/\/www.laguiadepamplona.com\/actualidad\/wp-content\/uploads\/2022\/08\/emad_tercera_edad_atencion_domicilio_apoyo_04_4.webp","datePublished":"2022-10-20T15:13:59+00:00","dateModified":"2023-04-11T09:47:41+00:00","description":"El Ayuntamiento ejecutar\u00e1 el auto judicial por el que, de manera provisional, asume parte de la plantilla de la empresa p\u00fablica SAD Pamplona","breadcrumb":{"@id":"https:\/\/www.laguiadepamplona.com\/actualidad\/el-servicio-de-atencion-domiciliaria-incrementa-en-un-4-las-horas-de-atencion-a-personas-usuarias-en-el-ultimo-ano-tras-la-creacion-de-una-empresa-publica-para-su-gestion\/#breadcrumb"},"inLanguage":"es","potentialAction":[{"@type":"ReadAction","target":["https:\/\/www.laguiadepamplona.com\/actualidad\/el-servicio-de-atencion-domiciliaria-incrementa-en-un-4-las-horas-de-atencion-a-personas-usuarias-en-el-ultimo-ano-tras-la-creacion-de-una-empresa-publica-para-su-gestion\/"]}]},{"@type":"ImageObject","inLanguage":"es","@id":"https:\/\/www.laguiadepamplona.com\/actualidad\/el-servicio-de-atencion-domiciliaria-incrementa-en-un-4-las-horas-de-atencion-a-personas-usuarias-en-el-ultimo-ano-tras-la-creacion-de-una-empresa-publica-para-su-gestion\/#primaryimage","url":"https:\/\/www.laguiadepamplona.com\/actualidad\/wp-content\/uploads\/2022\/08\/emad_tercera_edad_atencion_domicilio_apoyo_04_4.webp","contentUrl":"https:\/\/www.laguiadepamplona.com\/actualidad\/wp-content\/uploads\/2022\/08\/emad_tercera_edad_atencion_domicilio_apoyo_04_4.webp","width":1920,"height":1280},{"@type":"BreadcrumbList","@id":"https:\/\/www.laguiadepamplona.com\/actualidad\/el-servicio-de-atencion-domiciliaria-incrementa-en-un-4-las-horas-de-atencion-a-personas-usuarias-en-el-ultimo-ano-tras-la-creacion-de-una-empresa-publica-para-su-gestion\/#breadcrumb","itemListElement":[{"@type":"ListItem","position":1,"name":"Portada","item":"https:\/\/www.laguiadepamplona.com\/actualidad\/"},{"@type":"ListItem","position":2,"name":"El Servicio de Atenci\u00f3n Domiciliaria incrementa en un 4% las horas de atenci\u00f3n a personas usuarias en el \u00faltimo a\u00f1o, tras la creaci\u00f3n de una empresa p\u00fablica para su gesti\u00f3n"}]},{"@type":"WebSite","@id":"https:\/\/www.laguiadepamplona.com\/actualidad\/#website","url":"https:\/\/www.laguiadepamplona.com\/actualidad\/","name":"La gu\u00eda de Pamplona","description":"Noticias de Pamplona","publisher":{"@id":"https:\/\/www.laguiadepamplona.com\/actualidad\/#organization"},"potentialAction":[{"@type":"SearchAction","target":{"@type":"EntryPoint","urlTemplate":"https:\/\/www.laguiadepamplona.com\/actualidad\/?s={search_term_string}"},"query-input":{"@type":"PropertyValueSpecification","valueRequired":true,"valueName":"search_term_string"}}],"inLanguage":"es"},{"@type":"Organization","@id":"https:\/\/www.laguiadepamplona.com\/actualidad\/#organization","name":"La Gu\u00eda de Pamplona \/ Noticias","url":"https:\/\/www.laguiadepamplona.com\/actualidad\/","logo":{"@type":"ImageObject","inLanguage":"es","@id":"https:\/\/www.laguiadepamplona.com\/actualidad\/#\/schema\/logo\/image\/","url":"https:\/\/www.laguiadepamplona.com\/actualidad\/wp-content\/uploads\/2018\/11\/logo-laguiadepamplona18-web1.png","contentUrl":"https:\/\/www.laguiadepamplona.com\/actualidad\/wp-content\/uploads\/2018\/11\/logo-laguiadepamplona18-web1.png","width":600,"height":196,"caption":"La Gu\u00eda de Pamplona \/ Noticias"},"image":{"@id":"https:\/\/www.laguiadepamplona.com\/actualidad\/#\/schema\/logo\/image\/"},"sameAs":["https:\/\/www.facebook.com\/laguiadepamplonacom-133175176762273\/?ref=hl","https:\/\/x.com\/LaGuiadPamplona","https:\/\/www.instagram.com\/la_guia_de_pamplona\/","https:\/\/www.youtube.com\/user\/laguiadepamplona"]},{"@type":"Person","@id":"https:\/\/www.laguiadepamplona.com\/actualidad\/#\/schema\/person\/efe887376f0213d4657c93adc50b1fdb","name":"La Gu\u00eda de Pamplona","image":{"@type":"ImageObject","inLanguage":"es","@id":"https:\/\/secure.gravatar.com\/avatar\/b6992f131dc8d30ab0dff15446e9d346d9dbd95992de0fef795073f5ea83a81c?s=96&d=mm&r=g","url":"https:\/\/secure.gravatar.com\/avatar\/b6992f131dc8d30ab0dff15446e9d346d9dbd95992de0fef795073f5ea83a81c?s=96&d=mm&r=g","contentUrl":"https:\/\/secure.gravatar.com\/avatar\/b6992f131dc8d30ab0dff15446e9d346d9dbd95992de0fef795073f5ea83a81c?s=96&d=mm&r=g","caption":"La Gu\u00eda de Pamplona"}}]}},"post_mailing_queue_ids":[],"_links":{"self":[{"href":"https:\/\/www.laguiadepamplona.com\/actualidad\/wp-json\/wp\/v2\/posts\/41972","targetHints":{"allow":["GET"]}}],"collection":[{"href":"https:\/\/www.laguiadepamplona.com\/actualidad\/wp-json\/wp\/v2\/posts"}],"about":[{"href":"https:\/\/www.laguiadepamplona.com\/actualidad\/wp-json\/wp\/v2\/types\/post"}],"author":[{"embeddable":true,"href":"https:\/\/www.laguiadepamplona.com\/actualidad\/wp-json\/wp\/v2\/users\/1"}],"replies":[{"embeddable":true,"href":"https:\/\/www.laguiadepamplona.com\/actualidad\/wp-json\/wp\/v2\/comments?post=41972"}],"version-history":[{"count":0,"href":"https:\/\/www.laguiadepamplona.com\/actualidad\/wp-json\/wp\/v2\/posts\/41972\/revisions"}],"wp:featuredmedia":[{"embeddable":true,"href":"https:\/\/www.laguiadepamplona.com\/actualidad\/wp-json\/wp\/v2\/media\/41386"}],"wp:attachment":[{"href":"https:\/\/www.laguiadepamplona.com\/actualidad\/wp-json\/wp\/v2\/media?parent=41972"}],"wp:term":[{"taxonomy":"category","embeddable":true,"href":"https:\/\/www.laguiadepamplona.com\/actualidad\/wp-json\/wp\/v2\/categories?post=41972"},{"taxonomy":"post_tag","embeddable":true,"href":"https:\/\/www.laguiadepamplona.com\/actualidad\/wp-json\/wp\/v2\/tags?post=41972"}],"curies":[{"name":"wp","href":"https:\/\/api.w.org\/{rel}","templated":true}]}}