{"id":41968,"date":"2022-10-20T12:55:03","date_gmt":"2022-10-20T10:55:03","guid":{"rendered":"https:\/\/www.laguiadepamplona.com\/actualidad\/?p=41968"},"modified":"2023-04-11T11:47:41","modified_gmt":"2023-04-11T09:47:41","slug":"este-2022-se-incrementan-las-consultas-gratuitas-a-la-agencia-energetica-municipal-especialmente-en-lo-relativo-a-las-tarifas-del-gas-y-energia-electrica","status":"publish","type":"post","link":"https:\/\/www.laguiadepamplona.com\/actualidad\/este-2022-se-incrementan-las-consultas-gratuitas-a-la-agencia-energetica-municipal-especialmente-en-lo-relativo-a-las-tarifas-del-gas-y-energia-electrica\/","title":{"rendered":"Este 2022 se incrementan las consultas gratuitas a la Agencia Energ\u00e9tica municipal, especialmente en lo relativo a las tarifas del gas y energ\u00eda el\u00e9ctrica"},"content":{"rendered":"<h5>La orientaci\u00f3n especializada en este campo funciona desde el nacimiento del servicio en 1999 y se puede usar, bien por v\u00eda telef\u00f3nica, bien por mail<\/h5>\n<p><!--more--><\/p>\n<p>La Agencia Energ\u00e9tica Municipal de Pamplona lleva apreciando un incremento de hasta el 40% en las consultas ciudadanas sobre temas energ\u00e9ticos desde que comenz\u00f3 el a\u00f1o, una tendencia que a\u00fan se ha incrementado m\u00e1s desde el final del verano. Los temas que m\u00e1s preocupaciones aglutinan en este periodo son el relativo a la facturaci\u00f3n energ\u00e9tica, el bono social, subvenciones disponibles para instalaciones renovables, y medidas de ahorro y eficiencia energ\u00e9tica.<br \/>\n<script async src=\"\/\/pagead2.googlesyndication.com\/pagead\/js\/adsbygoogle.js\"><\/script><br \/>\n<!-- Noticias La Guia de Pamplona --><br \/>\n<ins class=\"adsbygoogle\"\nstyle=\"display:block\"\ndata-ad-client=\"ca-pub-6943679897239327\"\ndata-ad-slot=\"7048180777\"\ndata-ad-format=\"auto\"><\/ins><br \/>\n<script>\n(adsbygoogle = window.adsbygoogle || []).push({});\n<\/script><\/p>\n<p>La crisis energ\u00e9tica, agudizada desde la guerra de Ucrania, est\u00e1 teniendo una clara repercusi\u00f3n en la factura energ\u00e9tica de hogares y empresas, en este caso, las recomendaciones son claras: en el caso de la factura de gas, siempre que sea posible acogerse a las tarifas reguladas (TUR) ofrecidas por comercializadoras de referencia; en el caso de la factura de energ\u00eda el\u00e9ctrica, es m\u00e1s complicado saber si es mejor la tarifa del mercado regulado o las ofrecidas en el mercado libre, por lo que la recomendaci\u00f3n en el contexto actual, es ejecutar o participar en una instalaci\u00f3n de autoconsumo fotovoltaico, bien mediante un autoconsumo individual, colectivo o a trav\u00e9s de una comunidad energ\u00e9tica, ya que con los precios actuales de la energ\u00eda y las subvenciones existentes, los periodos de amortizaci\u00f3n son en muchos casos de 2 o 3 a\u00f1os.<\/p>\n<p>El Ayuntamiento de Pamplona ya en 1999 ide\u00f3 un servicio de asesor\u00edas para ciudadan\u00eda y empresas en materia de energ\u00eda y eficiencia energ\u00e9tica. Este servicio municipal presta asesor\u00eda de forma gratuita. Cualquier persona interesada en informaci\u00f3n u orientaci\u00f3n especializada puede llamar al tel\u00e9fono 948 420 991 o escribir al correo <a href=\"mailto:agencia.energetica@pamplona.es\">agencia.energetica@pamplona.es<\/a>. Desde el punto de vista del origen de las preguntas, en lo que va de a\u00f1o el 70% de ella han sido realizadas por personas particulares.<br \/>\n<script async src=\"\/\/pagead2.googlesyndication.com\/pagead\/js\/adsbygoogle.js\"><\/script><br \/>\n<!-- Noticias La Guia de Pamplona --><br \/>\n<ins class=\"adsbygoogle\"\nstyle=\"display:block\"\ndata-ad-client=\"ca-pub-6943679897239327\"\ndata-ad-slot=\"7048180777\"\ndata-ad-format=\"auto\"><\/ins><br \/>\n<script>\n(adsbygoogle = window.adsbygoogle || []).push({});\n<\/script><\/p>\n<p>La asesor\u00eda de la Agencia Energ\u00e9tica es parte del conjunto de actividades de sensibilizaci\u00f3n y educaci\u00f3n en aspectos energ\u00e9ticos y medioambientales que desarrolla el Consistorio buscando un cambio de h\u00e1bitos en toda la sociedad de cara a la sostenibilidad. Para llevar a cabo este servicio la Agencia Energ\u00e9tica dispone tanto de personal t\u00e9cnico especializado. Hoy, este servicio se enmarca dentro de la estrategia Go Green Pamplona, que re\u00fane las iniciativas que el Ayuntamiento de Pamplona lleva a cabo para luchar contra el cambio clim\u00e1tico.<\/p>\n<p>Adem\u00e1s de trabajar a demanda de la ciudadan\u00eda, este servicio de asesor\u00edas desarrolla proactivamente su labor. Si el pasado a\u00f1o se convocaron talleres informativos abiertos en todos los barrios, en estos momentos se est\u00e1 planificando para el mes de noviembre formaciones para 25 personas de personal de trabajo social de los Servicios Sociales municipales. La idea es informar y orientar a las trabajadoras y trabajadores sociales que se encargan de ayudar a los usuarios de los programas municipales, sobre todo a las personas mayores.<\/p>\n<p>La informaci\u00f3n digital de la Agencia Energ\u00e9tica Municipal de Pamplona se encuentra dentro de la <a href=\"https:\/\/www.pamplona.es\/AgenciaEnergetica\" target=\"_blank\" rel=\"noopener\">p\u00e1gina web municipal<\/a>.<\/p>\n","protected":false},"excerpt":{"rendered":"<p>La orientaci\u00f3n especializada en este campo funciona desde el nacimiento del servicio en 1999 y se puede usar, bien por v\u00eda telef\u00f3nica, bien por mail<\/p>\n","protected":false},"author":1,"featured_media":38138,"comment_status":"open","ping_status":"closed","sticky":false,"template":"","format":"standard","meta":{"footnotes":""},"categories":[2],"tags":[],"class_list":["post-41968","post","type-post","status-publish","format-standard","has-post-thumbnail","hentry","category-ayuntamiento-pamplona"],"yoast_head":"<!-- This site is optimized with the Yoast SEO plugin v27.3 - https:\/\/yoast.com\/product\/yoast-seo-wordpress\/ -->\n<title>Este 2022 se incrementan las consultas gratuitas a la Agencia Energ\u00e9tica municipal, especialmente en lo relativo a las tarifas del gas y energ\u00eda el\u00e9ctrica<\/title>\n<meta name=\"description\" content=\"La orientaci\u00f3n especializada en este campo funciona desde el nacimiento del servicio en 1999 y se puede usar, bien por v\u00eda telef\u00f3nica, bien por mail\" \/>\n<meta name=\"robots\" content=\"index, follow, max-snippet:-1, max-image-preview:large, max-video-preview:-1\" \/>\n<link rel=\"canonical\" href=\"https:\/\/www.laguiadepamplona.com\/actualidad\/este-2022-se-incrementan-las-consultas-gratuitas-a-la-agencia-energetica-municipal-especialmente-en-lo-relativo-a-las-tarifas-del-gas-y-energia-electrica\/\" \/>\n<meta property=\"og:locale\" content=\"es_ES\" \/>\n<meta property=\"og:type\" content=\"article\" \/>\n<meta property=\"og:title\" content=\"Este 2022 se incrementan las consultas gratuitas a la Agencia Energ\u00e9tica municipal, especialmente en lo relativo a las tarifas del gas y energ\u00eda el\u00e9ctrica\" \/>\n<meta property=\"og:description\" content=\"La orientaci\u00f3n especializada en este campo funciona desde el nacimiento del servicio en 1999 y se puede usar, bien por v\u00eda telef\u00f3nica, bien por mail\" \/>\n<meta property=\"og:url\" content=\"https:\/\/www.laguiadepamplona.com\/actualidad\/este-2022-se-incrementan-las-consultas-gratuitas-a-la-agencia-energetica-municipal-especialmente-en-lo-relativo-a-las-tarifas-del-gas-y-energia-electrica\/\" \/>\n<meta property=\"og:site_name\" content=\"La Gu\u00eda de Pamplona\" \/>\n<meta property=\"article:publisher\" content=\"https:\/\/www.facebook.com\/laguiadepamplonacom-133175176762273\/?ref=hl\" \/>\n<meta property=\"article:published_time\" content=\"2022-10-20T10:55:03+00:00\" \/>\n<meta property=\"article:modified_time\" content=\"2023-04-11T09:47:41+00:00\" \/>\n<meta property=\"og:image\" content=\"https:\/\/www.laguiadepamplona.com\/actualidad\/wp-content\/uploads\/2021\/12\/energia-fotovoltaica.jpg\" \/>\n\t<meta property=\"og:image:width\" content=\"870\" \/>\n\t<meta property=\"og:image:height\" content=\"593\" \/>\n\t<meta property=\"og:image:type\" content=\"image\/jpeg\" \/>\n<meta name=\"author\" content=\"La Gu\u00eda de Pamplona\" \/>\n<meta name=\"twitter:card\" content=\"summary_large_image\" \/>\n<meta name=\"twitter:creator\" content=\"@LaGuiadPamplona\" \/>\n<meta name=\"twitter:site\" content=\"@LaGuiadPamplona\" \/>\n<meta name=\"twitter:label1\" content=\"Escrito por\" \/>\n\t<meta name=\"twitter:data1\" content=\"La Gu\u00eda de Pamplona\" \/>\n\t<meta name=\"twitter:label2\" content=\"Tiempo de lectura\" \/>\n\t<meta name=\"twitter:data2\" content=\"3 minutos\" \/>\n<script type=\"application\/ld+json\" class=\"yoast-schema-graph\">{\"@context\":\"https:\\\/\\\/schema.org\",\"@graph\":[{\"@type\":\"Article\",\"@id\":\"https:\\\/\\\/www.laguiadepamplona.com\\\/actualidad\\\/este-2022-se-incrementan-las-consultas-gratuitas-a-la-agencia-energetica-municipal-especialmente-en-lo-relativo-a-las-tarifas-del-gas-y-energia-electrica\\\/#article\",\"isPartOf\":{\"@id\":\"https:\\\/\\\/www.laguiadepamplona.com\\\/actualidad\\\/este-2022-se-incrementan-las-consultas-gratuitas-a-la-agencia-energetica-municipal-especialmente-en-lo-relativo-a-las-tarifas-del-gas-y-energia-electrica\\\/\"},\"author\":{\"name\":\"La Gu\u00eda de Pamplona\",\"@id\":\"https:\\\/\\\/www.laguiadepamplona.com\\\/actualidad\\\/#\\\/schema\\\/person\\\/efe887376f0213d4657c93adc50b1fdb\"},\"headline\":\"Este 2022 se incrementan las consultas gratuitas a la Agencia Energ\u00e9tica municipal, especialmente en lo relativo a las tarifas del gas y energ\u00eda el\u00e9ctrica\",\"datePublished\":\"2022-10-20T10:55:03+00:00\",\"dateModified\":\"2023-04-11T09:47:41+00:00\",\"mainEntityOfPage\":{\"@id\":\"https:\\\/\\\/www.laguiadepamplona.com\\\/actualidad\\\/este-2022-se-incrementan-las-consultas-gratuitas-a-la-agencia-energetica-municipal-especialmente-en-lo-relativo-a-las-tarifas-del-gas-y-energia-electrica\\\/\"},\"wordCount\":566,\"commentCount\":0,\"publisher\":{\"@id\":\"https:\\\/\\\/www.laguiadepamplona.com\\\/actualidad\\\/#organization\"},\"image\":{\"@id\":\"https:\\\/\\\/www.laguiadepamplona.com\\\/actualidad\\\/este-2022-se-incrementan-las-consultas-gratuitas-a-la-agencia-energetica-municipal-especialmente-en-lo-relativo-a-las-tarifas-del-gas-y-energia-electrica\\\/#primaryimage\"},\"thumbnailUrl\":\"https:\\\/\\\/www.laguiadepamplona.com\\\/actualidad\\\/wp-content\\\/uploads\\\/2021\\\/12\\\/energia-fotovoltaica.jpg\",\"articleSection\":[\"Ayto Pamplona\"],\"inLanguage\":\"es\",\"potentialAction\":[{\"@type\":\"CommentAction\",\"name\":\"Comment\",\"target\":[\"https:\\\/\\\/www.laguiadepamplona.com\\\/actualidad\\\/este-2022-se-incrementan-las-consultas-gratuitas-a-la-agencia-energetica-municipal-especialmente-en-lo-relativo-a-las-tarifas-del-gas-y-energia-electrica\\\/#respond\"]}]},{\"@type\":\"WebPage\",\"@id\":\"https:\\\/\\\/www.laguiadepamplona.com\\\/actualidad\\\/este-2022-se-incrementan-las-consultas-gratuitas-a-la-agencia-energetica-municipal-especialmente-en-lo-relativo-a-las-tarifas-del-gas-y-energia-electrica\\\/\",\"url\":\"https:\\\/\\\/www.laguiadepamplona.com\\\/actualidad\\\/este-2022-se-incrementan-las-consultas-gratuitas-a-la-agencia-energetica-municipal-especialmente-en-lo-relativo-a-las-tarifas-del-gas-y-energia-electrica\\\/\",\"name\":\"Este 2022 se incrementan las consultas gratuitas a la Agencia Energ\u00e9tica municipal, especialmente en lo relativo a las tarifas del gas y energ\u00eda el\u00e9ctrica\",\"isPartOf\":{\"@id\":\"https:\\\/\\\/www.laguiadepamplona.com\\\/actualidad\\\/#website\"},\"primaryImageOfPage\":{\"@id\":\"https:\\\/\\\/www.laguiadepamplona.com\\\/actualidad\\\/este-2022-se-incrementan-las-consultas-gratuitas-a-la-agencia-energetica-municipal-especialmente-en-lo-relativo-a-las-tarifas-del-gas-y-energia-electrica\\\/#primaryimage\"},\"image\":{\"@id\":\"https:\\\/\\\/www.laguiadepamplona.com\\\/actualidad\\\/este-2022-se-incrementan-las-consultas-gratuitas-a-la-agencia-energetica-municipal-especialmente-en-lo-relativo-a-las-tarifas-del-gas-y-energia-electrica\\\/#primaryimage\"},\"thumbnailUrl\":\"https:\\\/\\\/www.laguiadepamplona.com\\\/actualidad\\\/wp-content\\\/uploads\\\/2021\\\/12\\\/energia-fotovoltaica.jpg\",\"datePublished\":\"2022-10-20T10:55:03+00:00\",\"dateModified\":\"2023-04-11T09:47:41+00:00\",\"description\":\"La orientaci\u00f3n especializada en este campo funciona desde el nacimiento del servicio en 1999 y se puede usar, bien por v\u00eda telef\u00f3nica, bien por mail\",\"breadcrumb\":{\"@id\":\"https:\\\/\\\/www.laguiadepamplona.com\\\/actualidad\\\/este-2022-se-incrementan-las-consultas-gratuitas-a-la-agencia-energetica-municipal-especialmente-en-lo-relativo-a-las-tarifas-del-gas-y-energia-electrica\\\/#breadcrumb\"},\"inLanguage\":\"es\",\"potentialAction\":[{\"@type\":\"ReadAction\",\"target\":[\"https:\\\/\\\/www.laguiadepamplona.com\\\/actualidad\\\/este-2022-se-incrementan-las-consultas-gratuitas-a-la-agencia-energetica-municipal-especialmente-en-lo-relativo-a-las-tarifas-del-gas-y-energia-electrica\\\/\"]}]},{\"@type\":\"ImageObject\",\"inLanguage\":\"es\",\"@id\":\"https:\\\/\\\/www.laguiadepamplona.com\\\/actualidad\\\/este-2022-se-incrementan-las-consultas-gratuitas-a-la-agencia-energetica-municipal-especialmente-en-lo-relativo-a-las-tarifas-del-gas-y-energia-electrica\\\/#primaryimage\",\"url\":\"https:\\\/\\\/www.laguiadepamplona.com\\\/actualidad\\\/wp-content\\\/uploads\\\/2021\\\/12\\\/energia-fotovoltaica.jpg\",\"contentUrl\":\"https:\\\/\\\/www.laguiadepamplona.com\\\/actualidad\\\/wp-content\\\/uploads\\\/2021\\\/12\\\/energia-fotovoltaica.jpg\",\"width\":870,\"height\":593},{\"@type\":\"BreadcrumbList\",\"@id\":\"https:\\\/\\\/www.laguiadepamplona.com\\\/actualidad\\\/este-2022-se-incrementan-las-consultas-gratuitas-a-la-agencia-energetica-municipal-especialmente-en-lo-relativo-a-las-tarifas-del-gas-y-energia-electrica\\\/#breadcrumb\",\"itemListElement\":[{\"@type\":\"ListItem\",\"position\":1,\"name\":\"Portada\",\"item\":\"https:\\\/\\\/www.laguiadepamplona.com\\\/actualidad\\\/\"},{\"@type\":\"ListItem\",\"position\":2,\"name\":\"Este 2022 se incrementan las consultas gratuitas a la Agencia Energ\u00e9tica municipal, especialmente en lo relativo a las tarifas del gas y energ\u00eda el\u00e9ctrica\"}]},{\"@type\":\"WebSite\",\"@id\":\"https:\\\/\\\/www.laguiadepamplona.com\\\/actualidad\\\/#website\",\"url\":\"https:\\\/\\\/www.laguiadepamplona.com\\\/actualidad\\\/\",\"name\":\"La gu\u00eda de Pamplona\",\"description\":\"Noticias de Pamplona\",\"publisher\":{\"@id\":\"https:\\\/\\\/www.laguiadepamplona.com\\\/actualidad\\\/#organization\"},\"potentialAction\":[{\"@type\":\"SearchAction\",\"target\":{\"@type\":\"EntryPoint\",\"urlTemplate\":\"https:\\\/\\\/www.laguiadepamplona.com\\\/actualidad\\\/?s={search_term_string}\"},\"query-input\":{\"@type\":\"PropertyValueSpecification\",\"valueRequired\":true,\"valueName\":\"search_term_string\"}}],\"inLanguage\":\"es\"},{\"@type\":\"Organization\",\"@id\":\"https:\\\/\\\/www.laguiadepamplona.com\\\/actualidad\\\/#organization\",\"name\":\"La Gu\u00eda de Pamplona \\\/ Noticias\",\"url\":\"https:\\\/\\\/www.laguiadepamplona.com\\\/actualidad\\\/\",\"logo\":{\"@type\":\"ImageObject\",\"inLanguage\":\"es\",\"@id\":\"https:\\\/\\\/www.laguiadepamplona.com\\\/actualidad\\\/#\\\/schema\\\/logo\\\/image\\\/\",\"url\":\"https:\\\/\\\/www.laguiadepamplona.com\\\/actualidad\\\/wp-content\\\/uploads\\\/2018\\\/11\\\/logo-laguiadepamplona18-web1.png\",\"contentUrl\":\"https:\\\/\\\/www.laguiadepamplona.com\\\/actualidad\\\/wp-content\\\/uploads\\\/2018\\\/11\\\/logo-laguiadepamplona18-web1.png\",\"width\":600,\"height\":196,\"caption\":\"La Gu\u00eda de Pamplona \\\/ Noticias\"},\"image\":{\"@id\":\"https:\\\/\\\/www.laguiadepamplona.com\\\/actualidad\\\/#\\\/schema\\\/logo\\\/image\\\/\"},\"sameAs\":[\"https:\\\/\\\/www.facebook.com\\\/laguiadepamplonacom-133175176762273\\\/?ref=hl\",\"https:\\\/\\\/x.com\\\/LaGuiadPamplona\",\"https:\\\/\\\/www.instagram.com\\\/la_guia_de_pamplona\\\/\",\"https:\\\/\\\/www.youtube.com\\\/user\\\/laguiadepamplona\"]},{\"@type\":\"Person\",\"@id\":\"https:\\\/\\\/www.laguiadepamplona.com\\\/actualidad\\\/#\\\/schema\\\/person\\\/efe887376f0213d4657c93adc50b1fdb\",\"name\":\"La Gu\u00eda de Pamplona\",\"image\":{\"@type\":\"ImageObject\",\"inLanguage\":\"es\",\"@id\":\"https:\\\/\\\/secure.gravatar.com\\\/avatar\\\/b6992f131dc8d30ab0dff15446e9d346d9dbd95992de0fef795073f5ea83a81c?s=96&d=mm&r=g\",\"url\":\"https:\\\/\\\/secure.gravatar.com\\\/avatar\\\/b6992f131dc8d30ab0dff15446e9d346d9dbd95992de0fef795073f5ea83a81c?s=96&d=mm&r=g\",\"contentUrl\":\"https:\\\/\\\/secure.gravatar.com\\\/avatar\\\/b6992f131dc8d30ab0dff15446e9d346d9dbd95992de0fef795073f5ea83a81c?s=96&d=mm&r=g\",\"caption\":\"La Gu\u00eda de Pamplona\"}}]}<\/script>\n<!-- \/ Yoast SEO plugin. -->","yoast_head_json":{"title":"Este 2022 se incrementan las consultas gratuitas a la Agencia Energ\u00e9tica municipal, especialmente en lo relativo a las tarifas del gas y energ\u00eda el\u00e9ctrica","description":"La orientaci\u00f3n especializada en este campo funciona desde el nacimiento del servicio en 1999 y se puede usar, bien por v\u00eda telef\u00f3nica, bien por mail","robots":{"index":"index","follow":"follow","max-snippet":"max-snippet:-1","max-image-preview":"max-image-preview:large","max-video-preview":"max-video-preview:-1"},"canonical":"https:\/\/www.laguiadepamplona.com\/actualidad\/este-2022-se-incrementan-las-consultas-gratuitas-a-la-agencia-energetica-municipal-especialmente-en-lo-relativo-a-las-tarifas-del-gas-y-energia-electrica\/","og_locale":"es_ES","og_type":"article","og_title":"Este 2022 se incrementan las consultas gratuitas a la Agencia Energ\u00e9tica municipal, especialmente en lo relativo a las tarifas del gas y energ\u00eda el\u00e9ctrica","og_description":"La orientaci\u00f3n especializada en este campo funciona desde el nacimiento del servicio en 1999 y se puede usar, bien por v\u00eda telef\u00f3nica, bien por mail","og_url":"https:\/\/www.laguiadepamplona.com\/actualidad\/este-2022-se-incrementan-las-consultas-gratuitas-a-la-agencia-energetica-municipal-especialmente-en-lo-relativo-a-las-tarifas-del-gas-y-energia-electrica\/","og_site_name":"La Gu\u00eda de Pamplona","article_publisher":"https:\/\/www.facebook.com\/laguiadepamplonacom-133175176762273\/?ref=hl","article_published_time":"2022-10-20T10:55:03+00:00","article_modified_time":"2023-04-11T09:47:41+00:00","og_image":[{"width":870,"height":593,"url":"https:\/\/www.laguiadepamplona.com\/actualidad\/wp-content\/uploads\/2021\/12\/energia-fotovoltaica.jpg","type":"image\/jpeg"}],"author":"La Gu\u00eda de Pamplona","twitter_card":"summary_large_image","twitter_creator":"@LaGuiadPamplona","twitter_site":"@LaGuiadPamplona","twitter_misc":{"Escrito por":"La Gu\u00eda de Pamplona","Tiempo de lectura":"3 minutos"},"schema":{"@context":"https:\/\/schema.org","@graph":[{"@type":"Article","@id":"https:\/\/www.laguiadepamplona.com\/actualidad\/este-2022-se-incrementan-las-consultas-gratuitas-a-la-agencia-energetica-municipal-especialmente-en-lo-relativo-a-las-tarifas-del-gas-y-energia-electrica\/#article","isPartOf":{"@id":"https:\/\/www.laguiadepamplona.com\/actualidad\/este-2022-se-incrementan-las-consultas-gratuitas-a-la-agencia-energetica-municipal-especialmente-en-lo-relativo-a-las-tarifas-del-gas-y-energia-electrica\/"},"author":{"name":"La Gu\u00eda de Pamplona","@id":"https:\/\/www.laguiadepamplona.com\/actualidad\/#\/schema\/person\/efe887376f0213d4657c93adc50b1fdb"},"headline":"Este 2022 se incrementan las consultas gratuitas a la Agencia Energ\u00e9tica municipal, especialmente en lo relativo a las tarifas del gas y energ\u00eda el\u00e9ctrica","datePublished":"2022-10-20T10:55:03+00:00","dateModified":"2023-04-11T09:47:41+00:00","mainEntityOfPage":{"@id":"https:\/\/www.laguiadepamplona.com\/actualidad\/este-2022-se-incrementan-las-consultas-gratuitas-a-la-agencia-energetica-municipal-especialmente-en-lo-relativo-a-las-tarifas-del-gas-y-energia-electrica\/"},"wordCount":566,"commentCount":0,"publisher":{"@id":"https:\/\/www.laguiadepamplona.com\/actualidad\/#organization"},"image":{"@id":"https:\/\/www.laguiadepamplona.com\/actualidad\/este-2022-se-incrementan-las-consultas-gratuitas-a-la-agencia-energetica-municipal-especialmente-en-lo-relativo-a-las-tarifas-del-gas-y-energia-electrica\/#primaryimage"},"thumbnailUrl":"https:\/\/www.laguiadepamplona.com\/actualidad\/wp-content\/uploads\/2021\/12\/energia-fotovoltaica.jpg","articleSection":["Ayto Pamplona"],"inLanguage":"es","potentialAction":[{"@type":"CommentAction","name":"Comment","target":["https:\/\/www.laguiadepamplona.com\/actualidad\/este-2022-se-incrementan-las-consultas-gratuitas-a-la-agencia-energetica-municipal-especialmente-en-lo-relativo-a-las-tarifas-del-gas-y-energia-electrica\/#respond"]}]},{"@type":"WebPage","@id":"https:\/\/www.laguiadepamplona.com\/actualidad\/este-2022-se-incrementan-las-consultas-gratuitas-a-la-agencia-energetica-municipal-especialmente-en-lo-relativo-a-las-tarifas-del-gas-y-energia-electrica\/","url":"https:\/\/www.laguiadepamplona.com\/actualidad\/este-2022-se-incrementan-las-consultas-gratuitas-a-la-agencia-energetica-municipal-especialmente-en-lo-relativo-a-las-tarifas-del-gas-y-energia-electrica\/","name":"Este 2022 se incrementan las consultas gratuitas a la Agencia Energ\u00e9tica municipal, especialmente en lo relativo a las tarifas del gas y energ\u00eda el\u00e9ctrica","isPartOf":{"@id":"https:\/\/www.laguiadepamplona.com\/actualidad\/#website"},"primaryImageOfPage":{"@id":"https:\/\/www.laguiadepamplona.com\/actualidad\/este-2022-se-incrementan-las-consultas-gratuitas-a-la-agencia-energetica-municipal-especialmente-en-lo-relativo-a-las-tarifas-del-gas-y-energia-electrica\/#primaryimage"},"image":{"@id":"https:\/\/www.laguiadepamplona.com\/actualidad\/este-2022-se-incrementan-las-consultas-gratuitas-a-la-agencia-energetica-municipal-especialmente-en-lo-relativo-a-las-tarifas-del-gas-y-energia-electrica\/#primaryimage"},"thumbnailUrl":"https:\/\/www.laguiadepamplona.com\/actualidad\/wp-content\/uploads\/2021\/12\/energia-fotovoltaica.jpg","datePublished":"2022-10-20T10:55:03+00:00","dateModified":"2023-04-11T09:47:41+00:00","description":"La orientaci\u00f3n especializada en este campo funciona desde el nacimiento del servicio en 1999 y se puede usar, bien por v\u00eda telef\u00f3nica, bien por mail","breadcrumb":{"@id":"https:\/\/www.laguiadepamplona.com\/actualidad\/este-2022-se-incrementan-las-consultas-gratuitas-a-la-agencia-energetica-municipal-especialmente-en-lo-relativo-a-las-tarifas-del-gas-y-energia-electrica\/#breadcrumb"},"inLanguage":"es","potentialAction":[{"@type":"ReadAction","target":["https:\/\/www.laguiadepamplona.com\/actualidad\/este-2022-se-incrementan-las-consultas-gratuitas-a-la-agencia-energetica-municipal-especialmente-en-lo-relativo-a-las-tarifas-del-gas-y-energia-electrica\/"]}]},{"@type":"ImageObject","inLanguage":"es","@id":"https:\/\/www.laguiadepamplona.com\/actualidad\/este-2022-se-incrementan-las-consultas-gratuitas-a-la-agencia-energetica-municipal-especialmente-en-lo-relativo-a-las-tarifas-del-gas-y-energia-electrica\/#primaryimage","url":"https:\/\/www.laguiadepamplona.com\/actualidad\/wp-content\/uploads\/2021\/12\/energia-fotovoltaica.jpg","contentUrl":"https:\/\/www.laguiadepamplona.com\/actualidad\/wp-content\/uploads\/2021\/12\/energia-fotovoltaica.jpg","width":870,"height":593},{"@type":"BreadcrumbList","@id":"https:\/\/www.laguiadepamplona.com\/actualidad\/este-2022-se-incrementan-las-consultas-gratuitas-a-la-agencia-energetica-municipal-especialmente-en-lo-relativo-a-las-tarifas-del-gas-y-energia-electrica\/#breadcrumb","itemListElement":[{"@type":"ListItem","position":1,"name":"Portada","item":"https:\/\/www.laguiadepamplona.com\/actualidad\/"},{"@type":"ListItem","position":2,"name":"Este 2022 se incrementan las consultas gratuitas a la Agencia Energ\u00e9tica municipal, especialmente en lo relativo a las tarifas del gas y energ\u00eda el\u00e9ctrica"}]},{"@type":"WebSite","@id":"https:\/\/www.laguiadepamplona.com\/actualidad\/#website","url":"https:\/\/www.laguiadepamplona.com\/actualidad\/","name":"La gu\u00eda de Pamplona","description":"Noticias de Pamplona","publisher":{"@id":"https:\/\/www.laguiadepamplona.com\/actualidad\/#organization"},"potentialAction":[{"@type":"SearchAction","target":{"@type":"EntryPoint","urlTemplate":"https:\/\/www.laguiadepamplona.com\/actualidad\/?s={search_term_string}"},"query-input":{"@type":"PropertyValueSpecification","valueRequired":true,"valueName":"search_term_string"}}],"inLanguage":"es"},{"@type":"Organization","@id":"https:\/\/www.laguiadepamplona.com\/actualidad\/#organization","name":"La Gu\u00eda de Pamplona \/ Noticias","url":"https:\/\/www.laguiadepamplona.com\/actualidad\/","logo":{"@type":"ImageObject","inLanguage":"es","@id":"https:\/\/www.laguiadepamplona.com\/actualidad\/#\/schema\/logo\/image\/","url":"https:\/\/www.laguiadepamplona.com\/actualidad\/wp-content\/uploads\/2018\/11\/logo-laguiadepamplona18-web1.png","contentUrl":"https:\/\/www.laguiadepamplona.com\/actualidad\/wp-content\/uploads\/2018\/11\/logo-laguiadepamplona18-web1.png","width":600,"height":196,"caption":"La Gu\u00eda de Pamplona \/ Noticias"},"image":{"@id":"https:\/\/www.laguiadepamplona.com\/actualidad\/#\/schema\/logo\/image\/"},"sameAs":["https:\/\/www.facebook.com\/laguiadepamplonacom-133175176762273\/?ref=hl","https:\/\/x.com\/LaGuiadPamplona","https:\/\/www.instagram.com\/la_guia_de_pamplona\/","https:\/\/www.youtube.com\/user\/laguiadepamplona"]},{"@type":"Person","@id":"https:\/\/www.laguiadepamplona.com\/actualidad\/#\/schema\/person\/efe887376f0213d4657c93adc50b1fdb","name":"La Gu\u00eda de Pamplona","image":{"@type":"ImageObject","inLanguage":"es","@id":"https:\/\/secure.gravatar.com\/avatar\/b6992f131dc8d30ab0dff15446e9d346d9dbd95992de0fef795073f5ea83a81c?s=96&d=mm&r=g","url":"https:\/\/secure.gravatar.com\/avatar\/b6992f131dc8d30ab0dff15446e9d346d9dbd95992de0fef795073f5ea83a81c?s=96&d=mm&r=g","contentUrl":"https:\/\/secure.gravatar.com\/avatar\/b6992f131dc8d30ab0dff15446e9d346d9dbd95992de0fef795073f5ea83a81c?s=96&d=mm&r=g","caption":"La Gu\u00eda de Pamplona"}}]}},"post_mailing_queue_ids":[],"_links":{"self":[{"href":"https:\/\/www.laguiadepamplona.com\/actualidad\/wp-json\/wp\/v2\/posts\/41968","targetHints":{"allow":["GET"]}}],"collection":[{"href":"https:\/\/www.laguiadepamplona.com\/actualidad\/wp-json\/wp\/v2\/posts"}],"about":[{"href":"https:\/\/www.laguiadepamplona.com\/actualidad\/wp-json\/wp\/v2\/types\/post"}],"author":[{"embeddable":true,"href":"https:\/\/www.laguiadepamplona.com\/actualidad\/wp-json\/wp\/v2\/users\/1"}],"replies":[{"embeddable":true,"href":"https:\/\/www.laguiadepamplona.com\/actualidad\/wp-json\/wp\/v2\/comments?post=41968"}],"version-history":[{"count":0,"href":"https:\/\/www.laguiadepamplona.com\/actualidad\/wp-json\/wp\/v2\/posts\/41968\/revisions"}],"wp:featuredmedia":[{"embeddable":true,"href":"https:\/\/www.laguiadepamplona.com\/actualidad\/wp-json\/wp\/v2\/media\/38138"}],"wp:attachment":[{"href":"https:\/\/www.laguiadepamplona.com\/actualidad\/wp-json\/wp\/v2\/media?parent=41968"}],"wp:term":[{"taxonomy":"category","embeddable":true,"href":"https:\/\/www.laguiadepamplona.com\/actualidad\/wp-json\/wp\/v2\/categories?post=41968"},{"taxonomy":"post_tag","embeddable":true,"href":"https:\/\/www.laguiadepamplona.com\/actualidad\/wp-json\/wp\/v2\/tags?post=41968"}],"curies":[{"name":"wp","href":"https:\/\/api.w.org\/{rel}","templated":true}]}}