{"id":41962,"date":"2022-10-20T11:33:53","date_gmt":"2022-10-20T09:33:53","guid":{"rendered":"https:\/\/www.laguiadepamplona.com\/actualidad\/?p=41962"},"modified":"2023-04-11T11:47:42","modified_gmt":"2023-04-11T09:47:42","slug":"el-28-de-octubre-se-cierra-el-plazo-de-presentacion-de-originales-al-xxxii-certamen-literario-en-euskera-para-autoria-novel-en-las-modalidades-de-poesia-o-narracion","status":"publish","type":"post","link":"https:\/\/www.laguiadepamplona.com\/actualidad\/el-28-de-octubre-se-cierra-el-plazo-de-presentacion-de-originales-al-xxxii-certamen-literario-en-euskera-para-autoria-novel-en-las-modalidades-de-poesia-o-narracion\/","title":{"rendered":"El 28 de octubre se cierra el plazo de presentaci\u00f3n de originales al XXXII Certamen Literario en euskera para autor\u00eda novel en las modalidades de poes\u00eda o narraci\u00f3n"},"content":{"rendered":"<h5>Este concurso tiene como objetivo fomentar y promover la creaci\u00f3n literaria novel en euskera en la ciudad con premios por importe total de 9.500 euros<\/h5>\n<p><!--more--><\/p>\n<p>Hasta el 28 de octubre hay plazo para que las autoras o autores navarros o residentes en Navarra presenten originales de tema libre al Certamen Literario en euskera para autor\u00eda novel del Ayuntamiento de Pamplona. Los trabajos se pueden presentar de forma online en <a href=\"http:\/\/www.irunakulturada.eus\" target=\"_blank\" rel=\"noopener\">www.irunakulturada.eus<\/a> o <a href=\"http:\/\/www.pamplonaescultura.es\" target=\"_blank\" rel=\"noopener\">www.pamplonaescultura.es<\/a>, o de forma presencial a trav\u00e9s del Registro General del Ayuntamiento o de los registros auxiliares del Consistorio.<br \/>\n<script async src=\"\/\/pagead2.googlesyndication.com\/pagead\/js\/adsbygoogle.js\"><\/script><br \/>\n<!-- Noticias La Guia de Pamplona --><br \/>\n<ins class=\"adsbygoogle\"\nstyle=\"display:block\"\ndata-ad-client=\"ca-pub-6943679897239327\"\ndata-ad-slot=\"7048180777\"\ndata-ad-format=\"auto\"><\/ins><br \/>\n<script>\n(adsbygoogle = window.adsbygoogle || []).push({});\n<\/script><\/p>\n<p>En la modalidad de poes\u00eda, los trabajos tendr\u00e1n una extensi\u00f3n m\u00ednima de 200 versos; en narraci\u00f3n, la extensi\u00f3n m\u00ednima ser\u00e1 de 15 p\u00e1ginas. Las bases de la convocatoria establecen para cada categor\u00eda un primer premio de 2.500 euros, un segundo premio de 1.000 euros y un tercer premio de 500 euros por modalidad, adem\u00e1s de la posibilidad de conceder cuatro menciones, dotadas con 250 euros, a otros tantos trabajos, sin tener en cuenta la modalidad a la que hayan sido presentados.<\/p>\n<p>Este concurso lleva 32 a\u00f1os de andadura con el objetivo de fomentar y promover la creaci\u00f3n literaria novel en euskera. En las <a href=\"https:\/\/www.pamplonaescultura.es\/wp-content\/uploads\/2022\/06\/Bases-en-castellano.pdf\" target=\"_blank\" rel=\"noopener\">bases del certamen<\/a> se establece que solo se podr\u00e1 presentar un trabajo por modalidad. Deber\u00e1 estar redactado en euskera y tener car\u00e1cter original y no publicado. No podr\u00e1n presentar obras quienes hayan publicado a nivel individual m\u00e1s de un libro de car\u00e1cter literario (no forman parte de esta limitaci\u00f3n las participaciones o colaboraciones literarias realizadas en revistas, medios period\u00edsticos o publicaciones de car\u00e1cter colectivo, ni tampoco las traducciones de obras literarias). Tampoco pueden participar las personas que hayan obtenido el primer premio en dos ediciones anteriores de este concurso en la misma modalidad, participen de nuevo en esa misma modalidad.<br \/>\n<script async src=\"\/\/pagead2.googlesyndication.com\/pagead\/js\/adsbygoogle.js\"><\/script><br \/>\n<!-- Noticias La Guia de Pamplona --><br \/>\n<ins class=\"adsbygoogle\"\nstyle=\"display:block\"\ndata-ad-client=\"ca-pub-6943679897239327\"\ndata-ad-slot=\"7048180777\"\ndata-ad-format=\"auto\"><\/ins><br \/>\n<script>\n(adsbygoogle = window.adsbygoogle || []).push({});\n<\/script><\/p>\n<p>En el espacio web de la convocatoria se incluye un apartado de explicaci\u00f3n para la <a href=\"https:\/\/www.pamplonaescultura.es\/concursos\/xxxii-certamen-literario-en-euskera-para-autoria-novel-2022\/\" target=\"_blank\" rel=\"noopener\">presentaci\u00f3n online<\/a> de las obras, a trav\u00e9s de un enlace en las webs municipales de Cultura<\/p>\n","protected":false},"excerpt":{"rendered":"<p>Este concurso tiene como objetivo fomentar y promover la creaci\u00f3n literaria novel en euskera en la ciudad con premios por importe total de 9.500 euros<\/p>\n","protected":false},"author":1,"featured_media":41963,"comment_status":"open","ping_status":"closed","sticky":false,"template":"","format":"standard","meta":{"footnotes":""},"categories":[2],"tags":[],"class_list":["post-41962","post","type-post","status-publish","format-standard","has-post-thumbnail","hentry","category-ayuntamiento-pamplona"],"yoast_head":"<!-- This site is optimized with the Yoast SEO plugin v27.3 - https:\/\/yoast.com\/product\/yoast-seo-wordpress\/ -->\n<title>El 28 de octubre se cierra el plazo de presentaci\u00f3n de originales al XXXII Certamen Literario en euskera para autor\u00eda novel en las modalidades de poes\u00eda o narraci\u00f3n<\/title>\n<meta name=\"description\" content=\"Este concurso tiene como objetivo fomentar y promover la creaci\u00f3n literaria novel en euskera en la ciudad con premios por importe total de 9.500 euros\" \/>\n<meta name=\"robots\" content=\"index, follow, max-snippet:-1, max-image-preview:large, max-video-preview:-1\" \/>\n<link rel=\"canonical\" href=\"https:\/\/www.laguiadepamplona.com\/actualidad\/el-28-de-octubre-se-cierra-el-plazo-de-presentacion-de-originales-al-xxxii-certamen-literario-en-euskera-para-autoria-novel-en-las-modalidades-de-poesia-o-narracion\/\" \/>\n<meta property=\"og:locale\" content=\"es_ES\" \/>\n<meta property=\"og:type\" content=\"article\" \/>\n<meta property=\"og:title\" content=\"El 28 de octubre se cierra el plazo de presentaci\u00f3n de originales al XXXII Certamen Literario en euskera para autor\u00eda novel en las modalidades de poes\u00eda o narraci\u00f3n\" \/>\n<meta property=\"og:description\" content=\"Este concurso tiene como objetivo fomentar y promover la creaci\u00f3n literaria novel en euskera en la ciudad con premios por importe total de 9.500 euros\" \/>\n<meta property=\"og:url\" content=\"https:\/\/www.laguiadepamplona.com\/actualidad\/el-28-de-octubre-se-cierra-el-plazo-de-presentacion-de-originales-al-xxxii-certamen-literario-en-euskera-para-autoria-novel-en-las-modalidades-de-poesia-o-narracion\/\" \/>\n<meta property=\"og:site_name\" content=\"La Gu\u00eda de Pamplona\" \/>\n<meta property=\"article:publisher\" content=\"https:\/\/www.facebook.com\/laguiadepamplonacom-133175176762273\/?ref=hl\" \/>\n<meta property=\"article:published_time\" content=\"2022-10-20T09:33:53+00:00\" \/>\n<meta property=\"article:modified_time\" content=\"2023-04-11T09:47:42+00:00\" \/>\n<meta property=\"og:image\" content=\"https:\/\/www.laguiadepamplona.com\/actualidad\/wp-content\/uploads\/2022\/10\/Autoria-Nobel_-Egile-Berriak_Cas.-870x480_0.jpg\" \/>\n\t<meta property=\"og:image:width\" content=\"870\" \/>\n\t<meta property=\"og:image:height\" content=\"480\" \/>\n\t<meta property=\"og:image:type\" content=\"image\/jpeg\" \/>\n<meta name=\"author\" content=\"La Gu\u00eda de Pamplona\" \/>\n<meta name=\"twitter:card\" content=\"summary_large_image\" \/>\n<meta name=\"twitter:creator\" content=\"@LaGuiadPamplona\" \/>\n<meta name=\"twitter:site\" content=\"@LaGuiadPamplona\" \/>\n<meta name=\"twitter:label1\" content=\"Escrito por\" \/>\n\t<meta name=\"twitter:data1\" content=\"La Gu\u00eda de Pamplona\" \/>\n\t<meta name=\"twitter:label2\" content=\"Tiempo de lectura\" \/>\n\t<meta name=\"twitter:data2\" content=\"2 minutos\" \/>\n<script type=\"application\/ld+json\" class=\"yoast-schema-graph\">{\"@context\":\"https:\\\/\\\/schema.org\",\"@graph\":[{\"@type\":\"Article\",\"@id\":\"https:\\\/\\\/www.laguiadepamplona.com\\\/actualidad\\\/el-28-de-octubre-se-cierra-el-plazo-de-presentacion-de-originales-al-xxxii-certamen-literario-en-euskera-para-autoria-novel-en-las-modalidades-de-poesia-o-narracion\\\/#article\",\"isPartOf\":{\"@id\":\"https:\\\/\\\/www.laguiadepamplona.com\\\/actualidad\\\/el-28-de-octubre-se-cierra-el-plazo-de-presentacion-de-originales-al-xxxii-certamen-literario-en-euskera-para-autoria-novel-en-las-modalidades-de-poesia-o-narracion\\\/\"},\"author\":{\"name\":\"La Gu\u00eda de Pamplona\",\"@id\":\"https:\\\/\\\/www.laguiadepamplona.com\\\/actualidad\\\/#\\\/schema\\\/person\\\/efe887376f0213d4657c93adc50b1fdb\"},\"headline\":\"El 28 de octubre se cierra el plazo de presentaci\u00f3n de originales al XXXII Certamen Literario en euskera para autor\u00eda novel en las modalidades de poes\u00eda o narraci\u00f3n\",\"datePublished\":\"2022-10-20T09:33:53+00:00\",\"dateModified\":\"2023-04-11T09:47:42+00:00\",\"mainEntityOfPage\":{\"@id\":\"https:\\\/\\\/www.laguiadepamplona.com\\\/actualidad\\\/el-28-de-octubre-se-cierra-el-plazo-de-presentacion-de-originales-al-xxxii-certamen-literario-en-euskera-para-autoria-novel-en-las-modalidades-de-poesia-o-narracion\\\/\"},\"wordCount\":375,\"commentCount\":0,\"publisher\":{\"@id\":\"https:\\\/\\\/www.laguiadepamplona.com\\\/actualidad\\\/#organization\"},\"image\":{\"@id\":\"https:\\\/\\\/www.laguiadepamplona.com\\\/actualidad\\\/el-28-de-octubre-se-cierra-el-plazo-de-presentacion-de-originales-al-xxxii-certamen-literario-en-euskera-para-autoria-novel-en-las-modalidades-de-poesia-o-narracion\\\/#primaryimage\"},\"thumbnailUrl\":\"https:\\\/\\\/www.laguiadepamplona.com\\\/actualidad\\\/wp-content\\\/uploads\\\/2022\\\/10\\\/Autoria-Nobel_-Egile-Berriak_Cas.-870x480_0.jpg\",\"articleSection\":[\"Ayto Pamplona\"],\"inLanguage\":\"es\",\"potentialAction\":[{\"@type\":\"CommentAction\",\"name\":\"Comment\",\"target\":[\"https:\\\/\\\/www.laguiadepamplona.com\\\/actualidad\\\/el-28-de-octubre-se-cierra-el-plazo-de-presentacion-de-originales-al-xxxii-certamen-literario-en-euskera-para-autoria-novel-en-las-modalidades-de-poesia-o-narracion\\\/#respond\"]}]},{\"@type\":\"WebPage\",\"@id\":\"https:\\\/\\\/www.laguiadepamplona.com\\\/actualidad\\\/el-28-de-octubre-se-cierra-el-plazo-de-presentacion-de-originales-al-xxxii-certamen-literario-en-euskera-para-autoria-novel-en-las-modalidades-de-poesia-o-narracion\\\/\",\"url\":\"https:\\\/\\\/www.laguiadepamplona.com\\\/actualidad\\\/el-28-de-octubre-se-cierra-el-plazo-de-presentacion-de-originales-al-xxxii-certamen-literario-en-euskera-para-autoria-novel-en-las-modalidades-de-poesia-o-narracion\\\/\",\"name\":\"El 28 de octubre se cierra el plazo de presentaci\u00f3n de originales al XXXII Certamen Literario en euskera para autor\u00eda novel en las modalidades de poes\u00eda o narraci\u00f3n\",\"isPartOf\":{\"@id\":\"https:\\\/\\\/www.laguiadepamplona.com\\\/actualidad\\\/#website\"},\"primaryImageOfPage\":{\"@id\":\"https:\\\/\\\/www.laguiadepamplona.com\\\/actualidad\\\/el-28-de-octubre-se-cierra-el-plazo-de-presentacion-de-originales-al-xxxii-certamen-literario-en-euskera-para-autoria-novel-en-las-modalidades-de-poesia-o-narracion\\\/#primaryimage\"},\"image\":{\"@id\":\"https:\\\/\\\/www.laguiadepamplona.com\\\/actualidad\\\/el-28-de-octubre-se-cierra-el-plazo-de-presentacion-de-originales-al-xxxii-certamen-literario-en-euskera-para-autoria-novel-en-las-modalidades-de-poesia-o-narracion\\\/#primaryimage\"},\"thumbnailUrl\":\"https:\\\/\\\/www.laguiadepamplona.com\\\/actualidad\\\/wp-content\\\/uploads\\\/2022\\\/10\\\/Autoria-Nobel_-Egile-Berriak_Cas.-870x480_0.jpg\",\"datePublished\":\"2022-10-20T09:33:53+00:00\",\"dateModified\":\"2023-04-11T09:47:42+00:00\",\"description\":\"Este concurso tiene como objetivo fomentar y promover la creaci\u00f3n literaria novel en euskera en la ciudad con premios por importe total de 9.500 euros\",\"breadcrumb\":{\"@id\":\"https:\\\/\\\/www.laguiadepamplona.com\\\/actualidad\\\/el-28-de-octubre-se-cierra-el-plazo-de-presentacion-de-originales-al-xxxii-certamen-literario-en-euskera-para-autoria-novel-en-las-modalidades-de-poesia-o-narracion\\\/#breadcrumb\"},\"inLanguage\":\"es\",\"potentialAction\":[{\"@type\":\"ReadAction\",\"target\":[\"https:\\\/\\\/www.laguiadepamplona.com\\\/actualidad\\\/el-28-de-octubre-se-cierra-el-plazo-de-presentacion-de-originales-al-xxxii-certamen-literario-en-euskera-para-autoria-novel-en-las-modalidades-de-poesia-o-narracion\\\/\"]}]},{\"@type\":\"ImageObject\",\"inLanguage\":\"es\",\"@id\":\"https:\\\/\\\/www.laguiadepamplona.com\\\/actualidad\\\/el-28-de-octubre-se-cierra-el-plazo-de-presentacion-de-originales-al-xxxii-certamen-literario-en-euskera-para-autoria-novel-en-las-modalidades-de-poesia-o-narracion\\\/#primaryimage\",\"url\":\"https:\\\/\\\/www.laguiadepamplona.com\\\/actualidad\\\/wp-content\\\/uploads\\\/2022\\\/10\\\/Autoria-Nobel_-Egile-Berriak_Cas.-870x480_0.jpg\",\"contentUrl\":\"https:\\\/\\\/www.laguiadepamplona.com\\\/actualidad\\\/wp-content\\\/uploads\\\/2022\\\/10\\\/Autoria-Nobel_-Egile-Berriak_Cas.-870x480_0.jpg\",\"width\":870,\"height\":480},{\"@type\":\"BreadcrumbList\",\"@id\":\"https:\\\/\\\/www.laguiadepamplona.com\\\/actualidad\\\/el-28-de-octubre-se-cierra-el-plazo-de-presentacion-de-originales-al-xxxii-certamen-literario-en-euskera-para-autoria-novel-en-las-modalidades-de-poesia-o-narracion\\\/#breadcrumb\",\"itemListElement\":[{\"@type\":\"ListItem\",\"position\":1,\"name\":\"Portada\",\"item\":\"https:\\\/\\\/www.laguiadepamplona.com\\\/actualidad\\\/\"},{\"@type\":\"ListItem\",\"position\":2,\"name\":\"El 28 de octubre se cierra el plazo de presentaci\u00f3n de originales al XXXII Certamen Literario en euskera para autor\u00eda novel en las modalidades de poes\u00eda o narraci\u00f3n\"}]},{\"@type\":\"WebSite\",\"@id\":\"https:\\\/\\\/www.laguiadepamplona.com\\\/actualidad\\\/#website\",\"url\":\"https:\\\/\\\/www.laguiadepamplona.com\\\/actualidad\\\/\",\"name\":\"La gu\u00eda de Pamplona\",\"description\":\"Noticias de Pamplona\",\"publisher\":{\"@id\":\"https:\\\/\\\/www.laguiadepamplona.com\\\/actualidad\\\/#organization\"},\"potentialAction\":[{\"@type\":\"SearchAction\",\"target\":{\"@type\":\"EntryPoint\",\"urlTemplate\":\"https:\\\/\\\/www.laguiadepamplona.com\\\/actualidad\\\/?s={search_term_string}\"},\"query-input\":{\"@type\":\"PropertyValueSpecification\",\"valueRequired\":true,\"valueName\":\"search_term_string\"}}],\"inLanguage\":\"es\"},{\"@type\":\"Organization\",\"@id\":\"https:\\\/\\\/www.laguiadepamplona.com\\\/actualidad\\\/#organization\",\"name\":\"La Gu\u00eda de Pamplona \\\/ Noticias\",\"url\":\"https:\\\/\\\/www.laguiadepamplona.com\\\/actualidad\\\/\",\"logo\":{\"@type\":\"ImageObject\",\"inLanguage\":\"es\",\"@id\":\"https:\\\/\\\/www.laguiadepamplona.com\\\/actualidad\\\/#\\\/schema\\\/logo\\\/image\\\/\",\"url\":\"https:\\\/\\\/www.laguiadepamplona.com\\\/actualidad\\\/wp-content\\\/uploads\\\/2018\\\/11\\\/logo-laguiadepamplona18-web1.png\",\"contentUrl\":\"https:\\\/\\\/www.laguiadepamplona.com\\\/actualidad\\\/wp-content\\\/uploads\\\/2018\\\/11\\\/logo-laguiadepamplona18-web1.png\",\"width\":600,\"height\":196,\"caption\":\"La Gu\u00eda de Pamplona \\\/ Noticias\"},\"image\":{\"@id\":\"https:\\\/\\\/www.laguiadepamplona.com\\\/actualidad\\\/#\\\/schema\\\/logo\\\/image\\\/\"},\"sameAs\":[\"https:\\\/\\\/www.facebook.com\\\/laguiadepamplonacom-133175176762273\\\/?ref=hl\",\"https:\\\/\\\/x.com\\\/LaGuiadPamplona\",\"https:\\\/\\\/www.instagram.com\\\/la_guia_de_pamplona\\\/\",\"https:\\\/\\\/www.youtube.com\\\/user\\\/laguiadepamplona\"]},{\"@type\":\"Person\",\"@id\":\"https:\\\/\\\/www.laguiadepamplona.com\\\/actualidad\\\/#\\\/schema\\\/person\\\/efe887376f0213d4657c93adc50b1fdb\",\"name\":\"La Gu\u00eda de Pamplona\",\"image\":{\"@type\":\"ImageObject\",\"inLanguage\":\"es\",\"@id\":\"https:\\\/\\\/secure.gravatar.com\\\/avatar\\\/b6992f131dc8d30ab0dff15446e9d346d9dbd95992de0fef795073f5ea83a81c?s=96&d=mm&r=g\",\"url\":\"https:\\\/\\\/secure.gravatar.com\\\/avatar\\\/b6992f131dc8d30ab0dff15446e9d346d9dbd95992de0fef795073f5ea83a81c?s=96&d=mm&r=g\",\"contentUrl\":\"https:\\\/\\\/secure.gravatar.com\\\/avatar\\\/b6992f131dc8d30ab0dff15446e9d346d9dbd95992de0fef795073f5ea83a81c?s=96&d=mm&r=g\",\"caption\":\"La Gu\u00eda de Pamplona\"}}]}<\/script>\n<!-- \/ Yoast SEO plugin. -->","yoast_head_json":{"title":"El 28 de octubre se cierra el plazo de presentaci\u00f3n de originales al XXXII Certamen Literario en euskera para autor\u00eda novel en las modalidades de poes\u00eda o narraci\u00f3n","description":"Este concurso tiene como objetivo fomentar y promover la creaci\u00f3n literaria novel en euskera en la ciudad con premios por importe total de 9.500 euros","robots":{"index":"index","follow":"follow","max-snippet":"max-snippet:-1","max-image-preview":"max-image-preview:large","max-video-preview":"max-video-preview:-1"},"canonical":"https:\/\/www.laguiadepamplona.com\/actualidad\/el-28-de-octubre-se-cierra-el-plazo-de-presentacion-de-originales-al-xxxii-certamen-literario-en-euskera-para-autoria-novel-en-las-modalidades-de-poesia-o-narracion\/","og_locale":"es_ES","og_type":"article","og_title":"El 28 de octubre se cierra el plazo de presentaci\u00f3n de originales al XXXII Certamen Literario en euskera para autor\u00eda novel en las modalidades de poes\u00eda o narraci\u00f3n","og_description":"Este concurso tiene como objetivo fomentar y promover la creaci\u00f3n literaria novel en euskera en la ciudad con premios por importe total de 9.500 euros","og_url":"https:\/\/www.laguiadepamplona.com\/actualidad\/el-28-de-octubre-se-cierra-el-plazo-de-presentacion-de-originales-al-xxxii-certamen-literario-en-euskera-para-autoria-novel-en-las-modalidades-de-poesia-o-narracion\/","og_site_name":"La Gu\u00eda de Pamplona","article_publisher":"https:\/\/www.facebook.com\/laguiadepamplonacom-133175176762273\/?ref=hl","article_published_time":"2022-10-20T09:33:53+00:00","article_modified_time":"2023-04-11T09:47:42+00:00","og_image":[{"width":870,"height":480,"url":"https:\/\/www.laguiadepamplona.com\/actualidad\/wp-content\/uploads\/2022\/10\/Autoria-Nobel_-Egile-Berriak_Cas.-870x480_0.jpg","type":"image\/jpeg"}],"author":"La Gu\u00eda de Pamplona","twitter_card":"summary_large_image","twitter_creator":"@LaGuiadPamplona","twitter_site":"@LaGuiadPamplona","twitter_misc":{"Escrito por":"La Gu\u00eda de Pamplona","Tiempo de lectura":"2 minutos"},"schema":{"@context":"https:\/\/schema.org","@graph":[{"@type":"Article","@id":"https:\/\/www.laguiadepamplona.com\/actualidad\/el-28-de-octubre-se-cierra-el-plazo-de-presentacion-de-originales-al-xxxii-certamen-literario-en-euskera-para-autoria-novel-en-las-modalidades-de-poesia-o-narracion\/#article","isPartOf":{"@id":"https:\/\/www.laguiadepamplona.com\/actualidad\/el-28-de-octubre-se-cierra-el-plazo-de-presentacion-de-originales-al-xxxii-certamen-literario-en-euskera-para-autoria-novel-en-las-modalidades-de-poesia-o-narracion\/"},"author":{"name":"La Gu\u00eda de Pamplona","@id":"https:\/\/www.laguiadepamplona.com\/actualidad\/#\/schema\/person\/efe887376f0213d4657c93adc50b1fdb"},"headline":"El 28 de octubre se cierra el plazo de presentaci\u00f3n de originales al XXXII Certamen Literario en euskera para autor\u00eda novel en las modalidades de poes\u00eda o narraci\u00f3n","datePublished":"2022-10-20T09:33:53+00:00","dateModified":"2023-04-11T09:47:42+00:00","mainEntityOfPage":{"@id":"https:\/\/www.laguiadepamplona.com\/actualidad\/el-28-de-octubre-se-cierra-el-plazo-de-presentacion-de-originales-al-xxxii-certamen-literario-en-euskera-para-autoria-novel-en-las-modalidades-de-poesia-o-narracion\/"},"wordCount":375,"commentCount":0,"publisher":{"@id":"https:\/\/www.laguiadepamplona.com\/actualidad\/#organization"},"image":{"@id":"https:\/\/www.laguiadepamplona.com\/actualidad\/el-28-de-octubre-se-cierra-el-plazo-de-presentacion-de-originales-al-xxxii-certamen-literario-en-euskera-para-autoria-novel-en-las-modalidades-de-poesia-o-narracion\/#primaryimage"},"thumbnailUrl":"https:\/\/www.laguiadepamplona.com\/actualidad\/wp-content\/uploads\/2022\/10\/Autoria-Nobel_-Egile-Berriak_Cas.-870x480_0.jpg","articleSection":["Ayto Pamplona"],"inLanguage":"es","potentialAction":[{"@type":"CommentAction","name":"Comment","target":["https:\/\/www.laguiadepamplona.com\/actualidad\/el-28-de-octubre-se-cierra-el-plazo-de-presentacion-de-originales-al-xxxii-certamen-literario-en-euskera-para-autoria-novel-en-las-modalidades-de-poesia-o-narracion\/#respond"]}]},{"@type":"WebPage","@id":"https:\/\/www.laguiadepamplona.com\/actualidad\/el-28-de-octubre-se-cierra-el-plazo-de-presentacion-de-originales-al-xxxii-certamen-literario-en-euskera-para-autoria-novel-en-las-modalidades-de-poesia-o-narracion\/","url":"https:\/\/www.laguiadepamplona.com\/actualidad\/el-28-de-octubre-se-cierra-el-plazo-de-presentacion-de-originales-al-xxxii-certamen-literario-en-euskera-para-autoria-novel-en-las-modalidades-de-poesia-o-narracion\/","name":"El 28 de octubre se cierra el plazo de presentaci\u00f3n de originales al XXXII Certamen Literario en euskera para autor\u00eda novel en las modalidades de poes\u00eda o narraci\u00f3n","isPartOf":{"@id":"https:\/\/www.laguiadepamplona.com\/actualidad\/#website"},"primaryImageOfPage":{"@id":"https:\/\/www.laguiadepamplona.com\/actualidad\/el-28-de-octubre-se-cierra-el-plazo-de-presentacion-de-originales-al-xxxii-certamen-literario-en-euskera-para-autoria-novel-en-las-modalidades-de-poesia-o-narracion\/#primaryimage"},"image":{"@id":"https:\/\/www.laguiadepamplona.com\/actualidad\/el-28-de-octubre-se-cierra-el-plazo-de-presentacion-de-originales-al-xxxii-certamen-literario-en-euskera-para-autoria-novel-en-las-modalidades-de-poesia-o-narracion\/#primaryimage"},"thumbnailUrl":"https:\/\/www.laguiadepamplona.com\/actualidad\/wp-content\/uploads\/2022\/10\/Autoria-Nobel_-Egile-Berriak_Cas.-870x480_0.jpg","datePublished":"2022-10-20T09:33:53+00:00","dateModified":"2023-04-11T09:47:42+00:00","description":"Este concurso tiene como objetivo fomentar y promover la creaci\u00f3n literaria novel en euskera en la ciudad con premios por importe total de 9.500 euros","breadcrumb":{"@id":"https:\/\/www.laguiadepamplona.com\/actualidad\/el-28-de-octubre-se-cierra-el-plazo-de-presentacion-de-originales-al-xxxii-certamen-literario-en-euskera-para-autoria-novel-en-las-modalidades-de-poesia-o-narracion\/#breadcrumb"},"inLanguage":"es","potentialAction":[{"@type":"ReadAction","target":["https:\/\/www.laguiadepamplona.com\/actualidad\/el-28-de-octubre-se-cierra-el-plazo-de-presentacion-de-originales-al-xxxii-certamen-literario-en-euskera-para-autoria-novel-en-las-modalidades-de-poesia-o-narracion\/"]}]},{"@type":"ImageObject","inLanguage":"es","@id":"https:\/\/www.laguiadepamplona.com\/actualidad\/el-28-de-octubre-se-cierra-el-plazo-de-presentacion-de-originales-al-xxxii-certamen-literario-en-euskera-para-autoria-novel-en-las-modalidades-de-poesia-o-narracion\/#primaryimage","url":"https:\/\/www.laguiadepamplona.com\/actualidad\/wp-content\/uploads\/2022\/10\/Autoria-Nobel_-Egile-Berriak_Cas.-870x480_0.jpg","contentUrl":"https:\/\/www.laguiadepamplona.com\/actualidad\/wp-content\/uploads\/2022\/10\/Autoria-Nobel_-Egile-Berriak_Cas.-870x480_0.jpg","width":870,"height":480},{"@type":"BreadcrumbList","@id":"https:\/\/www.laguiadepamplona.com\/actualidad\/el-28-de-octubre-se-cierra-el-plazo-de-presentacion-de-originales-al-xxxii-certamen-literario-en-euskera-para-autoria-novel-en-las-modalidades-de-poesia-o-narracion\/#breadcrumb","itemListElement":[{"@type":"ListItem","position":1,"name":"Portada","item":"https:\/\/www.laguiadepamplona.com\/actualidad\/"},{"@type":"ListItem","position":2,"name":"El 28 de octubre se cierra el plazo de presentaci\u00f3n de originales al XXXII Certamen Literario en euskera para autor\u00eda novel en las modalidades de poes\u00eda o narraci\u00f3n"}]},{"@type":"WebSite","@id":"https:\/\/www.laguiadepamplona.com\/actualidad\/#website","url":"https:\/\/www.laguiadepamplona.com\/actualidad\/","name":"La gu\u00eda de Pamplona","description":"Noticias de Pamplona","publisher":{"@id":"https:\/\/www.laguiadepamplona.com\/actualidad\/#organization"},"potentialAction":[{"@type":"SearchAction","target":{"@type":"EntryPoint","urlTemplate":"https:\/\/www.laguiadepamplona.com\/actualidad\/?s={search_term_string}"},"query-input":{"@type":"PropertyValueSpecification","valueRequired":true,"valueName":"search_term_string"}}],"inLanguage":"es"},{"@type":"Organization","@id":"https:\/\/www.laguiadepamplona.com\/actualidad\/#organization","name":"La Gu\u00eda de Pamplona \/ Noticias","url":"https:\/\/www.laguiadepamplona.com\/actualidad\/","logo":{"@type":"ImageObject","inLanguage":"es","@id":"https:\/\/www.laguiadepamplona.com\/actualidad\/#\/schema\/logo\/image\/","url":"https:\/\/www.laguiadepamplona.com\/actualidad\/wp-content\/uploads\/2018\/11\/logo-laguiadepamplona18-web1.png","contentUrl":"https:\/\/www.laguiadepamplona.com\/actualidad\/wp-content\/uploads\/2018\/11\/logo-laguiadepamplona18-web1.png","width":600,"height":196,"caption":"La Gu\u00eda de Pamplona \/ Noticias"},"image":{"@id":"https:\/\/www.laguiadepamplona.com\/actualidad\/#\/schema\/logo\/image\/"},"sameAs":["https:\/\/www.facebook.com\/laguiadepamplonacom-133175176762273\/?ref=hl","https:\/\/x.com\/LaGuiadPamplona","https:\/\/www.instagram.com\/la_guia_de_pamplona\/","https:\/\/www.youtube.com\/user\/laguiadepamplona"]},{"@type":"Person","@id":"https:\/\/www.laguiadepamplona.com\/actualidad\/#\/schema\/person\/efe887376f0213d4657c93adc50b1fdb","name":"La Gu\u00eda de Pamplona","image":{"@type":"ImageObject","inLanguage":"es","@id":"https:\/\/secure.gravatar.com\/avatar\/b6992f131dc8d30ab0dff15446e9d346d9dbd95992de0fef795073f5ea83a81c?s=96&d=mm&r=g","url":"https:\/\/secure.gravatar.com\/avatar\/b6992f131dc8d30ab0dff15446e9d346d9dbd95992de0fef795073f5ea83a81c?s=96&d=mm&r=g","contentUrl":"https:\/\/secure.gravatar.com\/avatar\/b6992f131dc8d30ab0dff15446e9d346d9dbd95992de0fef795073f5ea83a81c?s=96&d=mm&r=g","caption":"La Gu\u00eda de Pamplona"}}]}},"post_mailing_queue_ids":[],"_links":{"self":[{"href":"https:\/\/www.laguiadepamplona.com\/actualidad\/wp-json\/wp\/v2\/posts\/41962","targetHints":{"allow":["GET"]}}],"collection":[{"href":"https:\/\/www.laguiadepamplona.com\/actualidad\/wp-json\/wp\/v2\/posts"}],"about":[{"href":"https:\/\/www.laguiadepamplona.com\/actualidad\/wp-json\/wp\/v2\/types\/post"}],"author":[{"embeddable":true,"href":"https:\/\/www.laguiadepamplona.com\/actualidad\/wp-json\/wp\/v2\/users\/1"}],"replies":[{"embeddable":true,"href":"https:\/\/www.laguiadepamplona.com\/actualidad\/wp-json\/wp\/v2\/comments?post=41962"}],"version-history":[{"count":0,"href":"https:\/\/www.laguiadepamplona.com\/actualidad\/wp-json\/wp\/v2\/posts\/41962\/revisions"}],"wp:featuredmedia":[{"embeddable":true,"href":"https:\/\/www.laguiadepamplona.com\/actualidad\/wp-json\/wp\/v2\/media\/41963"}],"wp:attachment":[{"href":"https:\/\/www.laguiadepamplona.com\/actualidad\/wp-json\/wp\/v2\/media?parent=41962"}],"wp:term":[{"taxonomy":"category","embeddable":true,"href":"https:\/\/www.laguiadepamplona.com\/actualidad\/wp-json\/wp\/v2\/categories?post=41962"},{"taxonomy":"post_tag","embeddable":true,"href":"https:\/\/www.laguiadepamplona.com\/actualidad\/wp-json\/wp\/v2\/tags?post=41962"}],"curies":[{"name":"wp","href":"https:\/\/api.w.org\/{rel}","templated":true}]}}