{"id":41960,"date":"2022-10-20T11:30:46","date_gmt":"2022-10-20T09:30:46","guid":{"rendered":"https:\/\/www.laguiadepamplona.com\/actualidad\/?p=41960"},"modified":"2023-04-11T11:47:42","modified_gmt":"2023-04-11T09:47:42","slug":"el-ayuntamiento-de-pamplona-recupera-menos-de-la-mitad-de-los-vasos-reutilizables-usados-en-las-fiestas-de-los-barrios-y-en-sanfermines","status":"publish","type":"post","link":"https:\/\/www.laguiadepamplona.com\/actualidad\/el-ayuntamiento-de-pamplona-recupera-menos-de-la-mitad-de-los-vasos-reutilizables-usados-en-las-fiestas-de-los-barrios-y-en-sanfermines\/","title":{"rendered":"El Ayuntamiento de Pamplona recupera menos de la mitad de los vasos reutilizables usados en las fiestas de los barrios y en Sanfermines"},"content":{"rendered":"<h5>De los 555.818 vasos repartidos en lo que va de a\u00f1o en distintos eventos festivos, se han usado 440.835 y, de estos, se han perdido 241.819<\/h5>\n<p><!--more--><\/p>\n<p>Una vez finalizados los principales eventos festivos de Pamplona, el Ayuntamiento ha hecho balance del uso y recuperaci\u00f3n de vasos reutilizables, distribuidos entre asociaciones, pe\u00f1as y locales privados para evitar la generaci\u00f3n de desperdicios. De ese balance se desprende que, de los 555.818 vasos distribuidos, se han usado 440.835, que representan el 79,3%, con lo que el resto ha quedado almacenado en sus cajas. Entre los que se han puesto en circulaci\u00f3n, apenas uno de cada dos ha sido devuelto. As\u00ed las cosas, se han perdido 241.819 unidades (el 54,8% de los usados), entre los vasos que acabaron directamente en contenedores y los que los usuarios se llevan a casa.<\/p>\n<p>Los datos de recuperaci\u00f3n son mayores en eventos de menor envergadura, como las fiestas de los barrios, en los que el Ayuntamiento ha recogido algo m\u00e1s del 52% de los vasos usados, mientras que en Sanfermines se han recuperado solo el 44,4%. Del total de vasos puestos en circulaci\u00f3n, en los barrios se perdieron m\u00e1s de 19.000 y en las fiestas de San Ferm\u00edn, 222.554.<br \/>\n<script async src=\"\/\/pagead2.googlesyndication.com\/pagead\/js\/adsbygoogle.js\"><\/script><br \/>\n<!-- Noticias La Guia de Pamplona --><br \/>\n<ins class=\"adsbygoogle\"\nstyle=\"display:block\"\ndata-ad-client=\"ca-pub-6943679897239327\"\ndata-ad-slot=\"7048180777\"\ndata-ad-format=\"auto\"><\/ins><br \/>\n<script>\n(adsbygoogle = window.adsbygoogle || []).push({});\n<\/script><\/p>\n<p>El grueso de los vasos se distribuy\u00f3 en Sanfermines, cuando se repartieron casi medio mill\u00f3n de vasos (497.574 exactamente). El vaso reutilizable estuvo disponible en 84 locales y espacios municipales. As\u00ed, se sumaron a la iniciativa 65 locales privados, 14 pe\u00f1as y asociaciones y 5 actividades de concesi\u00f3n municipal. Entre todos ellos, usaron 400.441 vasos, lo que representa el 80,4% de los repartidos. El porcentaje de retorno y recuperaci\u00f3n fue, durante las fiestas de San Ferm\u00edn, del 44,4%. Se recuperaron 177.887 vasos, y se perdieron 222.554.<\/p>\n<p>Las zonas que mayor uso hicieron del vaso reutilizable coincidieron con las de mayor afluencia de p\u00fablico en general. As\u00ed, por ejemplo, en la calle Jarauta, donde se concentran la mayor\u00eda de las pe\u00f1as de la ciudad, se repartieron uno de cada cuatro vasos (124.668); en la zona de Estafeta, Calderer\u00eda y Labrit, se entregaron 113.244 unidades; y en la Plaza del Castillo y plaza de los Burgos, 85.056 vasos. La recuperaci\u00f3n, no obstante, no fue de la mano de ese mayor reparto. De hecho, en Jarauta se perdieron el 59% de los vasos puestos en circulaci\u00f3n (se perdieron 64.284 de los 108.960 usados) y en Estafeta y Labrit, el 61%. En concreto, de los 103.633 vasos usados, no se retornaron 63.428. \u00a0En la Plaza del Castillo y de los Burgos la tasa de devoluci\u00f3n fue mayor, de forma que la p\u00e9rdida fue del 55,9% (de 59.964 usados, se extraviaron 33.522. No obstante, en esta zona el porcentaje de uso del vaso reutilizable fue menor, ya que solo se pusieron en circulaci\u00f3n el 70,5% de las unidades repartidas.<\/p>\n<p>El porcentaje de recuperaci\u00f3n fue a\u00fan mayor en espacios de concesi\u00f3n municipal como la Taconera donde se devolvieron el 68,4% de los vasos usados; un porcentaje similar a la Plaza de los Fueros (68,2%), si bien en esta \u00faltima ubicaci\u00f3n se usaron todos los vasos entregados (13.689 unidades), mientras que en la Taconera se usaron el 78%. Adem\u00e1s, en determinados espacios como Juego-Rejuego, en la Taconera; el espacio SportKids, en el Fort\u00edn de San Bartolom\u00e9, y en la Zona Joven, de la Plaza de los Fueros, se emplearon un total de 6.480 vasos reutilizables.<br \/>\n<script async src=\"\/\/pagead2.googlesyndication.com\/pagead\/js\/adsbygoogle.js\"><\/script><br \/>\n<!-- Noticias La Guia de Pamplona --><br \/>\n<ins class=\"adsbygoogle\"\nstyle=\"display:block\"\ndata-ad-client=\"ca-pub-6943679897239327\"\ndata-ad-slot=\"7048180777\"\ndata-ad-format=\"auto\"><\/ins><br \/>\n<script>\n(adsbygoogle = window.adsbygoogle || []).push({});\n<\/script><\/p>\n<p><strong>Eventos en barrios<\/strong><\/p>\n<p>Al margen de Sanfermines, el Ayuntamiento ha distribuido vasos reutilizables en doce eventos, la mayor\u00eda, fiestas de barrio, pero tambi\u00e9n en el D\u00eda de las Pe\u00f1as, por ejemplo. Para todas esas celebraciones, el Consistorio distribuy\u00f3 58.244 vasos. De todos ellos, se usaron 40.394 y se devolvieron 21.129 (52,3%). Por tanto, se perdieron 19.265.<\/p>\n<p>El evento en el que m\u00e1s vasos se perdieron fue el D\u00eda de las Pe\u00f1as, mientras que la mayor recuperaci\u00f3n se produjo en las fiestas de Lezkairu.<\/p>\n<p><strong>Adjudicaci\u00f3n del servicio<\/strong><\/p>\n<p>El Ayuntamiento cuenta con varios modelos de vasos reutilizables de propiedad municipal, unos de color verde, usados en Sanfermines, y otros dos modelos, uno con una gota y otro con Caravinagre, que se han distribuido en las fiestas y eventos en los barrios. El servicio de reparto, recogida y limpieza de los vasos reutilizables, que gestiona la Fundaci\u00f3n Varazdin por adjudicaci\u00f3n, es gratuito para las asociaciones responsables de los eventos. Se cobra un euro por cada vaso que se sirve a la clientela.<\/p>\n<p>La Fundaci\u00f3n Varazdin, de inserci\u00f3n laboral de personas con diversidad funcional en exclusi\u00f3n social, se encarga de su reparto, recuperar, limpiar y almacenar los vasos para futuros eventos. En el caso de Sanfermines, los locales compran el vaso al Ayuntamiento, y se los quedan en propiedad. Para su puesta en uso, cobran un euro en concepto de dep\u00f3sito a la clientela. Cuando \u00e9sta devuelve el vaso, recupera el euro de dep\u00f3sito. El servicio de reparto, recogida y limpieza es costeado por el Ayuntamiento de Pamplona, y para elaborar la factura, se tienen exclusivamente en cuenta los albaranes de reparto y recogida de vasos.<br \/>\n<script async src=\"\/\/pagead2.googlesyndication.com\/pagead\/js\/adsbygoogle.js\"><\/script><br \/>\n<!-- Noticias La Guia de Pamplona --><br \/>\n<ins class=\"adsbygoogle\"\nstyle=\"display:block\"\ndata-ad-client=\"ca-pub-6943679897239327\"\ndata-ad-slot=\"7048180777\"\ndata-ad-format=\"auto\"><\/ins><br \/>\n<script>\n(adsbygoogle = window.adsbygoogle || []).push({});\n<\/script><\/p>\n<p>En el caso de otros eventos festivos, el servicio es gratuito para las asociaciones responsables. Basta con que hagan una petici\u00f3n a trav\u00e9s de un formulario municipal, con los vasos que quieren. Para participar, deben firmar un documento de compromiso medioambiental. Se cobra un euro por cada vaso que se sirve a la clientela. Cuando finaliza el evento, se hace un recuento de los vasos que se van a devolver al Ayuntamiento. El Consistorio conserva la fianza de los vasos no devueltos.<\/p>\n<p>Una vez recuperados, los vasos se someten a un proceso de limpieza. El coste de recoger y limpiar asciende a 0,13 euros (m\u00e1s IVA) la unidad. En el caso de vasos recogidos sin usar o que est\u00e1n rotos y no se pueden reutilizar, el coste del servicio es de 0,08 euros (m\u00e1s IVA). Hasta la fecha actual, el coste de los eventos en barrios ha sido de 3.886,56 euros y los ingresos de 15.351 euros. En el caso de los Sanfermines, la recogida y limpieza de los vasos ha supuesto al Ayuntamiento un coste de 37.384 euros.<\/p>\n<p>La iniciativa del vaso reutilizable se enmarca dentro de la estrategia Go Green Pamplona, que re\u00fane las acciones que el Ayuntamiento de Pamplona lleva a cabo para luchar contra el cambio clim\u00e1tico.<\/p>\n","protected":false},"excerpt":{"rendered":"<p>De los 555.818 vasos repartidos en lo que va de a\u00f1o en distintos eventos festivos, se han usado 440.835 y, de estos, se han perdido 241.819<\/p>\n","protected":false},"author":1,"featured_media":39944,"comment_status":"open","ping_status":"closed","sticky":false,"template":"","format":"standard","meta":{"footnotes":""},"categories":[2],"tags":[],"class_list":["post-41960","post","type-post","status-publish","format-standard","has-post-thumbnail","hentry","category-ayuntamiento-pamplona"],"yoast_head":"<!-- This site is optimized with the Yoast SEO plugin v27.3 - https:\/\/yoast.com\/product\/yoast-seo-wordpress\/ -->\n<title>El Ayuntamiento de Pamplona recupera menos de la mitad de los vasos reutilizables usados en las fiestas de los barrios y en Sanfermines<\/title>\n<meta name=\"description\" content=\"De los 555.818 vasos repartidos en lo que va de a\u00f1o en distintos eventos festivos, se han usado 440.835 y, de estos, se han perdido 241.819\" \/>\n<meta name=\"robots\" content=\"index, follow, max-snippet:-1, max-image-preview:large, max-video-preview:-1\" \/>\n<link rel=\"canonical\" href=\"https:\/\/www.laguiadepamplona.com\/actualidad\/el-ayuntamiento-de-pamplona-recupera-menos-de-la-mitad-de-los-vasos-reutilizables-usados-en-las-fiestas-de-los-barrios-y-en-sanfermines\/\" \/>\n<meta property=\"og:locale\" content=\"es_ES\" \/>\n<meta property=\"og:type\" content=\"article\" \/>\n<meta property=\"og:title\" content=\"El Ayuntamiento de Pamplona recupera menos de la mitad de los vasos reutilizables usados en las fiestas de los barrios y en Sanfermines\" \/>\n<meta property=\"og:description\" content=\"De los 555.818 vasos repartidos en lo que va de a\u00f1o en distintos eventos festivos, se han usado 440.835 y, de estos, se han perdido 241.819\" \/>\n<meta property=\"og:url\" content=\"https:\/\/www.laguiadepamplona.com\/actualidad\/el-ayuntamiento-de-pamplona-recupera-menos-de-la-mitad-de-los-vasos-reutilizables-usados-en-las-fiestas-de-los-barrios-y-en-sanfermines\/\" \/>\n<meta property=\"og:site_name\" content=\"La Gu\u00eda de Pamplona\" \/>\n<meta property=\"article:publisher\" content=\"https:\/\/www.facebook.com\/laguiadepamplonacom-133175176762273\/?ref=hl\" \/>\n<meta property=\"article:published_time\" content=\"2022-10-20T09:30:46+00:00\" \/>\n<meta property=\"article:modified_time\" content=\"2023-04-11T09:47:42+00:00\" \/>\n<meta property=\"og:image\" content=\"https:\/\/www.laguiadepamplona.com\/actualidad\/wp-content\/uploads\/2022\/04\/vasos-reutilizables-san-fermin.jpg\" \/>\n\t<meta property=\"og:image:width\" content=\"1920\" \/>\n\t<meta property=\"og:image:height\" content=\"1440\" \/>\n\t<meta property=\"og:image:type\" content=\"image\/jpeg\" \/>\n<meta name=\"author\" content=\"La Gu\u00eda de Pamplona\" \/>\n<meta name=\"twitter:card\" content=\"summary_large_image\" \/>\n<meta name=\"twitter:creator\" content=\"@LaGuiadPamplona\" \/>\n<meta name=\"twitter:site\" content=\"@LaGuiadPamplona\" \/>\n<meta name=\"twitter:label1\" content=\"Escrito por\" \/>\n\t<meta name=\"twitter:data1\" content=\"La Gu\u00eda de Pamplona\" \/>\n\t<meta name=\"twitter:label2\" content=\"Tiempo de lectura\" \/>\n\t<meta name=\"twitter:data2\" content=\"5 minutos\" \/>\n<script type=\"application\/ld+json\" class=\"yoast-schema-graph\">{\"@context\":\"https:\\\/\\\/schema.org\",\"@graph\":[{\"@type\":\"Article\",\"@id\":\"https:\\\/\\\/www.laguiadepamplona.com\\\/actualidad\\\/el-ayuntamiento-de-pamplona-recupera-menos-de-la-mitad-de-los-vasos-reutilizables-usados-en-las-fiestas-de-los-barrios-y-en-sanfermines\\\/#article\",\"isPartOf\":{\"@id\":\"https:\\\/\\\/www.laguiadepamplona.com\\\/actualidad\\\/el-ayuntamiento-de-pamplona-recupera-menos-de-la-mitad-de-los-vasos-reutilizables-usados-en-las-fiestas-de-los-barrios-y-en-sanfermines\\\/\"},\"author\":{\"name\":\"La Gu\u00eda de Pamplona\",\"@id\":\"https:\\\/\\\/www.laguiadepamplona.com\\\/actualidad\\\/#\\\/schema\\\/person\\\/efe887376f0213d4657c93adc50b1fdb\"},\"headline\":\"El Ayuntamiento de Pamplona recupera menos de la mitad de los vasos reutilizables usados en las fiestas de los barrios y en Sanfermines\",\"datePublished\":\"2022-10-20T09:30:46+00:00\",\"dateModified\":\"2023-04-11T09:47:42+00:00\",\"mainEntityOfPage\":{\"@id\":\"https:\\\/\\\/www.laguiadepamplona.com\\\/actualidad\\\/el-ayuntamiento-de-pamplona-recupera-menos-de-la-mitad-de-los-vasos-reutilizables-usados-en-las-fiestas-de-los-barrios-y-en-sanfermines\\\/\"},\"wordCount\":1068,\"commentCount\":0,\"publisher\":{\"@id\":\"https:\\\/\\\/www.laguiadepamplona.com\\\/actualidad\\\/#organization\"},\"image\":{\"@id\":\"https:\\\/\\\/www.laguiadepamplona.com\\\/actualidad\\\/el-ayuntamiento-de-pamplona-recupera-menos-de-la-mitad-de-los-vasos-reutilizables-usados-en-las-fiestas-de-los-barrios-y-en-sanfermines\\\/#primaryimage\"},\"thumbnailUrl\":\"https:\\\/\\\/www.laguiadepamplona.com\\\/actualidad\\\/wp-content\\\/uploads\\\/2022\\\/04\\\/vasos-reutilizables-san-fermin.jpg\",\"articleSection\":[\"Ayto Pamplona\"],\"inLanguage\":\"es\",\"potentialAction\":[{\"@type\":\"CommentAction\",\"name\":\"Comment\",\"target\":[\"https:\\\/\\\/www.laguiadepamplona.com\\\/actualidad\\\/el-ayuntamiento-de-pamplona-recupera-menos-de-la-mitad-de-los-vasos-reutilizables-usados-en-las-fiestas-de-los-barrios-y-en-sanfermines\\\/#respond\"]}]},{\"@type\":\"WebPage\",\"@id\":\"https:\\\/\\\/www.laguiadepamplona.com\\\/actualidad\\\/el-ayuntamiento-de-pamplona-recupera-menos-de-la-mitad-de-los-vasos-reutilizables-usados-en-las-fiestas-de-los-barrios-y-en-sanfermines\\\/\",\"url\":\"https:\\\/\\\/www.laguiadepamplona.com\\\/actualidad\\\/el-ayuntamiento-de-pamplona-recupera-menos-de-la-mitad-de-los-vasos-reutilizables-usados-en-las-fiestas-de-los-barrios-y-en-sanfermines\\\/\",\"name\":\"El Ayuntamiento de Pamplona recupera menos de la mitad de los vasos reutilizables usados en las fiestas de los barrios y en Sanfermines\",\"isPartOf\":{\"@id\":\"https:\\\/\\\/www.laguiadepamplona.com\\\/actualidad\\\/#website\"},\"primaryImageOfPage\":{\"@id\":\"https:\\\/\\\/www.laguiadepamplona.com\\\/actualidad\\\/el-ayuntamiento-de-pamplona-recupera-menos-de-la-mitad-de-los-vasos-reutilizables-usados-en-las-fiestas-de-los-barrios-y-en-sanfermines\\\/#primaryimage\"},\"image\":{\"@id\":\"https:\\\/\\\/www.laguiadepamplona.com\\\/actualidad\\\/el-ayuntamiento-de-pamplona-recupera-menos-de-la-mitad-de-los-vasos-reutilizables-usados-en-las-fiestas-de-los-barrios-y-en-sanfermines\\\/#primaryimage\"},\"thumbnailUrl\":\"https:\\\/\\\/www.laguiadepamplona.com\\\/actualidad\\\/wp-content\\\/uploads\\\/2022\\\/04\\\/vasos-reutilizables-san-fermin.jpg\",\"datePublished\":\"2022-10-20T09:30:46+00:00\",\"dateModified\":\"2023-04-11T09:47:42+00:00\",\"description\":\"De los 555.818 vasos repartidos en lo que va de a\u00f1o en distintos eventos festivos, se han usado 440.835 y, de estos, se han perdido 241.819\",\"breadcrumb\":{\"@id\":\"https:\\\/\\\/www.laguiadepamplona.com\\\/actualidad\\\/el-ayuntamiento-de-pamplona-recupera-menos-de-la-mitad-de-los-vasos-reutilizables-usados-en-las-fiestas-de-los-barrios-y-en-sanfermines\\\/#breadcrumb\"},\"inLanguage\":\"es\",\"potentialAction\":[{\"@type\":\"ReadAction\",\"target\":[\"https:\\\/\\\/www.laguiadepamplona.com\\\/actualidad\\\/el-ayuntamiento-de-pamplona-recupera-menos-de-la-mitad-de-los-vasos-reutilizables-usados-en-las-fiestas-de-los-barrios-y-en-sanfermines\\\/\"]}]},{\"@type\":\"ImageObject\",\"inLanguage\":\"es\",\"@id\":\"https:\\\/\\\/www.laguiadepamplona.com\\\/actualidad\\\/el-ayuntamiento-de-pamplona-recupera-menos-de-la-mitad-de-los-vasos-reutilizables-usados-en-las-fiestas-de-los-barrios-y-en-sanfermines\\\/#primaryimage\",\"url\":\"https:\\\/\\\/www.laguiadepamplona.com\\\/actualidad\\\/wp-content\\\/uploads\\\/2022\\\/04\\\/vasos-reutilizables-san-fermin.jpg\",\"contentUrl\":\"https:\\\/\\\/www.laguiadepamplona.com\\\/actualidad\\\/wp-content\\\/uploads\\\/2022\\\/04\\\/vasos-reutilizables-san-fermin.jpg\",\"width\":1920,\"height\":1440,\"caption\":\"dav\"},{\"@type\":\"BreadcrumbList\",\"@id\":\"https:\\\/\\\/www.laguiadepamplona.com\\\/actualidad\\\/el-ayuntamiento-de-pamplona-recupera-menos-de-la-mitad-de-los-vasos-reutilizables-usados-en-las-fiestas-de-los-barrios-y-en-sanfermines\\\/#breadcrumb\",\"itemListElement\":[{\"@type\":\"ListItem\",\"position\":1,\"name\":\"Portada\",\"item\":\"https:\\\/\\\/www.laguiadepamplona.com\\\/actualidad\\\/\"},{\"@type\":\"ListItem\",\"position\":2,\"name\":\"El Ayuntamiento de Pamplona recupera menos de la mitad de los vasos reutilizables usados en las fiestas de los barrios y en Sanfermines\"}]},{\"@type\":\"WebSite\",\"@id\":\"https:\\\/\\\/www.laguiadepamplona.com\\\/actualidad\\\/#website\",\"url\":\"https:\\\/\\\/www.laguiadepamplona.com\\\/actualidad\\\/\",\"name\":\"La gu\u00eda de Pamplona\",\"description\":\"Noticias de Pamplona\",\"publisher\":{\"@id\":\"https:\\\/\\\/www.laguiadepamplona.com\\\/actualidad\\\/#organization\"},\"potentialAction\":[{\"@type\":\"SearchAction\",\"target\":{\"@type\":\"EntryPoint\",\"urlTemplate\":\"https:\\\/\\\/www.laguiadepamplona.com\\\/actualidad\\\/?s={search_term_string}\"},\"query-input\":{\"@type\":\"PropertyValueSpecification\",\"valueRequired\":true,\"valueName\":\"search_term_string\"}}],\"inLanguage\":\"es\"},{\"@type\":\"Organization\",\"@id\":\"https:\\\/\\\/www.laguiadepamplona.com\\\/actualidad\\\/#organization\",\"name\":\"La Gu\u00eda de Pamplona \\\/ Noticias\",\"url\":\"https:\\\/\\\/www.laguiadepamplona.com\\\/actualidad\\\/\",\"logo\":{\"@type\":\"ImageObject\",\"inLanguage\":\"es\",\"@id\":\"https:\\\/\\\/www.laguiadepamplona.com\\\/actualidad\\\/#\\\/schema\\\/logo\\\/image\\\/\",\"url\":\"https:\\\/\\\/www.laguiadepamplona.com\\\/actualidad\\\/wp-content\\\/uploads\\\/2018\\\/11\\\/logo-laguiadepamplona18-web1.png\",\"contentUrl\":\"https:\\\/\\\/www.laguiadepamplona.com\\\/actualidad\\\/wp-content\\\/uploads\\\/2018\\\/11\\\/logo-laguiadepamplona18-web1.png\",\"width\":600,\"height\":196,\"caption\":\"La Gu\u00eda de Pamplona \\\/ Noticias\"},\"image\":{\"@id\":\"https:\\\/\\\/www.laguiadepamplona.com\\\/actualidad\\\/#\\\/schema\\\/logo\\\/image\\\/\"},\"sameAs\":[\"https:\\\/\\\/www.facebook.com\\\/laguiadepamplonacom-133175176762273\\\/?ref=hl\",\"https:\\\/\\\/x.com\\\/LaGuiadPamplona\",\"https:\\\/\\\/www.instagram.com\\\/la_guia_de_pamplona\\\/\",\"https:\\\/\\\/www.youtube.com\\\/user\\\/laguiadepamplona\"]},{\"@type\":\"Person\",\"@id\":\"https:\\\/\\\/www.laguiadepamplona.com\\\/actualidad\\\/#\\\/schema\\\/person\\\/efe887376f0213d4657c93adc50b1fdb\",\"name\":\"La Gu\u00eda de Pamplona\",\"image\":{\"@type\":\"ImageObject\",\"inLanguage\":\"es\",\"@id\":\"https:\\\/\\\/secure.gravatar.com\\\/avatar\\\/b6992f131dc8d30ab0dff15446e9d346d9dbd95992de0fef795073f5ea83a81c?s=96&d=mm&r=g\",\"url\":\"https:\\\/\\\/secure.gravatar.com\\\/avatar\\\/b6992f131dc8d30ab0dff15446e9d346d9dbd95992de0fef795073f5ea83a81c?s=96&d=mm&r=g\",\"contentUrl\":\"https:\\\/\\\/secure.gravatar.com\\\/avatar\\\/b6992f131dc8d30ab0dff15446e9d346d9dbd95992de0fef795073f5ea83a81c?s=96&d=mm&r=g\",\"caption\":\"La Gu\u00eda de Pamplona\"}}]}<\/script>\n<!-- \/ Yoast SEO plugin. -->","yoast_head_json":{"title":"El Ayuntamiento de Pamplona recupera menos de la mitad de los vasos reutilizables usados en las fiestas de los barrios y en Sanfermines","description":"De los 555.818 vasos repartidos en lo que va de a\u00f1o en distintos eventos festivos, se han usado 440.835 y, de estos, se han perdido 241.819","robots":{"index":"index","follow":"follow","max-snippet":"max-snippet:-1","max-image-preview":"max-image-preview:large","max-video-preview":"max-video-preview:-1"},"canonical":"https:\/\/www.laguiadepamplona.com\/actualidad\/el-ayuntamiento-de-pamplona-recupera-menos-de-la-mitad-de-los-vasos-reutilizables-usados-en-las-fiestas-de-los-barrios-y-en-sanfermines\/","og_locale":"es_ES","og_type":"article","og_title":"El Ayuntamiento de Pamplona recupera menos de la mitad de los vasos reutilizables usados en las fiestas de los barrios y en Sanfermines","og_description":"De los 555.818 vasos repartidos en lo que va de a\u00f1o en distintos eventos festivos, se han usado 440.835 y, de estos, se han perdido 241.819","og_url":"https:\/\/www.laguiadepamplona.com\/actualidad\/el-ayuntamiento-de-pamplona-recupera-menos-de-la-mitad-de-los-vasos-reutilizables-usados-en-las-fiestas-de-los-barrios-y-en-sanfermines\/","og_site_name":"La Gu\u00eda de Pamplona","article_publisher":"https:\/\/www.facebook.com\/laguiadepamplonacom-133175176762273\/?ref=hl","article_published_time":"2022-10-20T09:30:46+00:00","article_modified_time":"2023-04-11T09:47:42+00:00","og_image":[{"width":1920,"height":1440,"url":"https:\/\/www.laguiadepamplona.com\/actualidad\/wp-content\/uploads\/2022\/04\/vasos-reutilizables-san-fermin.jpg","type":"image\/jpeg"}],"author":"La Gu\u00eda de Pamplona","twitter_card":"summary_large_image","twitter_creator":"@LaGuiadPamplona","twitter_site":"@LaGuiadPamplona","twitter_misc":{"Escrito por":"La Gu\u00eda de Pamplona","Tiempo de lectura":"5 minutos"},"schema":{"@context":"https:\/\/schema.org","@graph":[{"@type":"Article","@id":"https:\/\/www.laguiadepamplona.com\/actualidad\/el-ayuntamiento-de-pamplona-recupera-menos-de-la-mitad-de-los-vasos-reutilizables-usados-en-las-fiestas-de-los-barrios-y-en-sanfermines\/#article","isPartOf":{"@id":"https:\/\/www.laguiadepamplona.com\/actualidad\/el-ayuntamiento-de-pamplona-recupera-menos-de-la-mitad-de-los-vasos-reutilizables-usados-en-las-fiestas-de-los-barrios-y-en-sanfermines\/"},"author":{"name":"La Gu\u00eda de Pamplona","@id":"https:\/\/www.laguiadepamplona.com\/actualidad\/#\/schema\/person\/efe887376f0213d4657c93adc50b1fdb"},"headline":"El Ayuntamiento de Pamplona recupera menos de la mitad de los vasos reutilizables usados en las fiestas de los barrios y en Sanfermines","datePublished":"2022-10-20T09:30:46+00:00","dateModified":"2023-04-11T09:47:42+00:00","mainEntityOfPage":{"@id":"https:\/\/www.laguiadepamplona.com\/actualidad\/el-ayuntamiento-de-pamplona-recupera-menos-de-la-mitad-de-los-vasos-reutilizables-usados-en-las-fiestas-de-los-barrios-y-en-sanfermines\/"},"wordCount":1068,"commentCount":0,"publisher":{"@id":"https:\/\/www.laguiadepamplona.com\/actualidad\/#organization"},"image":{"@id":"https:\/\/www.laguiadepamplona.com\/actualidad\/el-ayuntamiento-de-pamplona-recupera-menos-de-la-mitad-de-los-vasos-reutilizables-usados-en-las-fiestas-de-los-barrios-y-en-sanfermines\/#primaryimage"},"thumbnailUrl":"https:\/\/www.laguiadepamplona.com\/actualidad\/wp-content\/uploads\/2022\/04\/vasos-reutilizables-san-fermin.jpg","articleSection":["Ayto Pamplona"],"inLanguage":"es","potentialAction":[{"@type":"CommentAction","name":"Comment","target":["https:\/\/www.laguiadepamplona.com\/actualidad\/el-ayuntamiento-de-pamplona-recupera-menos-de-la-mitad-de-los-vasos-reutilizables-usados-en-las-fiestas-de-los-barrios-y-en-sanfermines\/#respond"]}]},{"@type":"WebPage","@id":"https:\/\/www.laguiadepamplona.com\/actualidad\/el-ayuntamiento-de-pamplona-recupera-menos-de-la-mitad-de-los-vasos-reutilizables-usados-en-las-fiestas-de-los-barrios-y-en-sanfermines\/","url":"https:\/\/www.laguiadepamplona.com\/actualidad\/el-ayuntamiento-de-pamplona-recupera-menos-de-la-mitad-de-los-vasos-reutilizables-usados-en-las-fiestas-de-los-barrios-y-en-sanfermines\/","name":"El Ayuntamiento de Pamplona recupera menos de la mitad de los vasos reutilizables usados en las fiestas de los barrios y en Sanfermines","isPartOf":{"@id":"https:\/\/www.laguiadepamplona.com\/actualidad\/#website"},"primaryImageOfPage":{"@id":"https:\/\/www.laguiadepamplona.com\/actualidad\/el-ayuntamiento-de-pamplona-recupera-menos-de-la-mitad-de-los-vasos-reutilizables-usados-en-las-fiestas-de-los-barrios-y-en-sanfermines\/#primaryimage"},"image":{"@id":"https:\/\/www.laguiadepamplona.com\/actualidad\/el-ayuntamiento-de-pamplona-recupera-menos-de-la-mitad-de-los-vasos-reutilizables-usados-en-las-fiestas-de-los-barrios-y-en-sanfermines\/#primaryimage"},"thumbnailUrl":"https:\/\/www.laguiadepamplona.com\/actualidad\/wp-content\/uploads\/2022\/04\/vasos-reutilizables-san-fermin.jpg","datePublished":"2022-10-20T09:30:46+00:00","dateModified":"2023-04-11T09:47:42+00:00","description":"De los 555.818 vasos repartidos en lo que va de a\u00f1o en distintos eventos festivos, se han usado 440.835 y, de estos, se han perdido 241.819","breadcrumb":{"@id":"https:\/\/www.laguiadepamplona.com\/actualidad\/el-ayuntamiento-de-pamplona-recupera-menos-de-la-mitad-de-los-vasos-reutilizables-usados-en-las-fiestas-de-los-barrios-y-en-sanfermines\/#breadcrumb"},"inLanguage":"es","potentialAction":[{"@type":"ReadAction","target":["https:\/\/www.laguiadepamplona.com\/actualidad\/el-ayuntamiento-de-pamplona-recupera-menos-de-la-mitad-de-los-vasos-reutilizables-usados-en-las-fiestas-de-los-barrios-y-en-sanfermines\/"]}]},{"@type":"ImageObject","inLanguage":"es","@id":"https:\/\/www.laguiadepamplona.com\/actualidad\/el-ayuntamiento-de-pamplona-recupera-menos-de-la-mitad-de-los-vasos-reutilizables-usados-en-las-fiestas-de-los-barrios-y-en-sanfermines\/#primaryimage","url":"https:\/\/www.laguiadepamplona.com\/actualidad\/wp-content\/uploads\/2022\/04\/vasos-reutilizables-san-fermin.jpg","contentUrl":"https:\/\/www.laguiadepamplona.com\/actualidad\/wp-content\/uploads\/2022\/04\/vasos-reutilizables-san-fermin.jpg","width":1920,"height":1440,"caption":"dav"},{"@type":"BreadcrumbList","@id":"https:\/\/www.laguiadepamplona.com\/actualidad\/el-ayuntamiento-de-pamplona-recupera-menos-de-la-mitad-de-los-vasos-reutilizables-usados-en-las-fiestas-de-los-barrios-y-en-sanfermines\/#breadcrumb","itemListElement":[{"@type":"ListItem","position":1,"name":"Portada","item":"https:\/\/www.laguiadepamplona.com\/actualidad\/"},{"@type":"ListItem","position":2,"name":"El Ayuntamiento de Pamplona recupera menos de la mitad de los vasos reutilizables usados en las fiestas de los barrios y en Sanfermines"}]},{"@type":"WebSite","@id":"https:\/\/www.laguiadepamplona.com\/actualidad\/#website","url":"https:\/\/www.laguiadepamplona.com\/actualidad\/","name":"La gu\u00eda de Pamplona","description":"Noticias de Pamplona","publisher":{"@id":"https:\/\/www.laguiadepamplona.com\/actualidad\/#organization"},"potentialAction":[{"@type":"SearchAction","target":{"@type":"EntryPoint","urlTemplate":"https:\/\/www.laguiadepamplona.com\/actualidad\/?s={search_term_string}"},"query-input":{"@type":"PropertyValueSpecification","valueRequired":true,"valueName":"search_term_string"}}],"inLanguage":"es"},{"@type":"Organization","@id":"https:\/\/www.laguiadepamplona.com\/actualidad\/#organization","name":"La Gu\u00eda de Pamplona \/ Noticias","url":"https:\/\/www.laguiadepamplona.com\/actualidad\/","logo":{"@type":"ImageObject","inLanguage":"es","@id":"https:\/\/www.laguiadepamplona.com\/actualidad\/#\/schema\/logo\/image\/","url":"https:\/\/www.laguiadepamplona.com\/actualidad\/wp-content\/uploads\/2018\/11\/logo-laguiadepamplona18-web1.png","contentUrl":"https:\/\/www.laguiadepamplona.com\/actualidad\/wp-content\/uploads\/2018\/11\/logo-laguiadepamplona18-web1.png","width":600,"height":196,"caption":"La Gu\u00eda de Pamplona \/ Noticias"},"image":{"@id":"https:\/\/www.laguiadepamplona.com\/actualidad\/#\/schema\/logo\/image\/"},"sameAs":["https:\/\/www.facebook.com\/laguiadepamplonacom-133175176762273\/?ref=hl","https:\/\/x.com\/LaGuiadPamplona","https:\/\/www.instagram.com\/la_guia_de_pamplona\/","https:\/\/www.youtube.com\/user\/laguiadepamplona"]},{"@type":"Person","@id":"https:\/\/www.laguiadepamplona.com\/actualidad\/#\/schema\/person\/efe887376f0213d4657c93adc50b1fdb","name":"La Gu\u00eda de Pamplona","image":{"@type":"ImageObject","inLanguage":"es","@id":"https:\/\/secure.gravatar.com\/avatar\/b6992f131dc8d30ab0dff15446e9d346d9dbd95992de0fef795073f5ea83a81c?s=96&d=mm&r=g","url":"https:\/\/secure.gravatar.com\/avatar\/b6992f131dc8d30ab0dff15446e9d346d9dbd95992de0fef795073f5ea83a81c?s=96&d=mm&r=g","contentUrl":"https:\/\/secure.gravatar.com\/avatar\/b6992f131dc8d30ab0dff15446e9d346d9dbd95992de0fef795073f5ea83a81c?s=96&d=mm&r=g","caption":"La Gu\u00eda de Pamplona"}}]}},"post_mailing_queue_ids":[],"_links":{"self":[{"href":"https:\/\/www.laguiadepamplona.com\/actualidad\/wp-json\/wp\/v2\/posts\/41960","targetHints":{"allow":["GET"]}}],"collection":[{"href":"https:\/\/www.laguiadepamplona.com\/actualidad\/wp-json\/wp\/v2\/posts"}],"about":[{"href":"https:\/\/www.laguiadepamplona.com\/actualidad\/wp-json\/wp\/v2\/types\/post"}],"author":[{"embeddable":true,"href":"https:\/\/www.laguiadepamplona.com\/actualidad\/wp-json\/wp\/v2\/users\/1"}],"replies":[{"embeddable":true,"href":"https:\/\/www.laguiadepamplona.com\/actualidad\/wp-json\/wp\/v2\/comments?post=41960"}],"version-history":[{"count":0,"href":"https:\/\/www.laguiadepamplona.com\/actualidad\/wp-json\/wp\/v2\/posts\/41960\/revisions"}],"wp:featuredmedia":[{"embeddable":true,"href":"https:\/\/www.laguiadepamplona.com\/actualidad\/wp-json\/wp\/v2\/media\/39944"}],"wp:attachment":[{"href":"https:\/\/www.laguiadepamplona.com\/actualidad\/wp-json\/wp\/v2\/media?parent=41960"}],"wp:term":[{"taxonomy":"category","embeddable":true,"href":"https:\/\/www.laguiadepamplona.com\/actualidad\/wp-json\/wp\/v2\/categories?post=41960"},{"taxonomy":"post_tag","embeddable":true,"href":"https:\/\/www.laguiadepamplona.com\/actualidad\/wp-json\/wp\/v2\/tags?post=41960"}],"curies":[{"name":"wp","href":"https:\/\/api.w.org\/{rel}","templated":true}]}}