{"id":41957,"date":"2022-10-19T18:29:15","date_gmt":"2022-10-19T16:29:15","guid":{"rendered":"https:\/\/www.laguiadepamplona.com\/actualidad\/?p=41957"},"modified":"2023-04-11T11:47:42","modified_gmt":"2023-04-11T09:47:42","slug":"el-ayuntamiento-de-pamplona-recoge-un-premio-por-su-programa-educativo-de-sostenibilidad-dirigido-a-colegios","status":"publish","type":"post","link":"https:\/\/www.laguiadepamplona.com\/actualidad\/el-ayuntamiento-de-pamplona-recoge-un-premio-por-su-programa-educativo-de-sostenibilidad-dirigido-a-colegios\/","title":{"rendered":"El Ayuntamiento de Pamplona recoge un premio por su programa educativo de Sostenibilidad dirigido a colegios"},"content":{"rendered":"<h5>El concejal delegado de Sostenibilidad ha recibido el galard\u00f3n en el #SustainabilityDay22, un foro con 600 directivos y profesionales del sector<\/h5>\n<p><!--more--><\/p>\n<p>El concejal delegado de Proyectos Estrat\u00e9gicos, Movilidad y Sostenibilidad, Ferm\u00edn Alonso, ha sido el encargado de recoger en el Museo Reina Sof\u00eda de Madrid el premio otorgado al Ayuntamiento de Pamplona por su programa de educaci\u00f3n ambiental destinado a los centros escolares de la ciudad <a href=\"https:\/\/educacionambiental.pamplona.es\/wp-content\/uploads\/2022\/09\/educandonos_sostenibilidad_22-23-1_v2.pdf\" target=\"_blank\" rel=\"noopener\">\u2018Educ\u00e1ndonos en Sostenibilidad\u2019<\/a>.<br \/>\n<script async src=\"\/\/pagead2.googlesyndication.com\/pagead\/js\/adsbygoogle.js\"><\/script><br \/>\n<!-- Noticias La Guia de Pamplona --><br \/>\n<ins class=\"adsbygoogle\"\nstyle=\"display:block\"\ndata-ad-client=\"ca-pub-6943679897239327\"\ndata-ad-slot=\"7048180777\"\ndata-ad-format=\"auto\"><\/ins><br \/>\n<script>\n(adsbygoogle = window.adsbygoogle || []).push({});\n<\/script><\/p>\n<p>El galard\u00f3n se conced\u00eda a la ciudad dentro del #SustainabilityDay22, un foro con 600 directivos y profesionales del sector bajo el lema Bajo el lema \u201cInspiring Actions for a Better World\u201d (\u201cAcciones inspiradoras para un mundo mejor\u201d). Es la segunda edici\u00f3n de este evento, organizado por CompromisoRSE y Equipos&amp;Talento en la que empresas, organizaciones, instituciones y startups, entre otras, se reun\u00edan en este evento para mostrar su compromiso con la sostenibilidad y compartir las mejores pr\u00e1cticas con el objetivo de cumplir con la Agenda 2030 y el reto de la descarbonizaci\u00f3n en Europa a 2050. El objetivo final:\u00a0 alcanzar un mundo m\u00e1s humano, sostenible y justo, sin dejar a nadie atr\u00e1s.<\/p>\n<p>El programa del Ayuntamiento de Pamplona entraba dentro de la categor\u00eda de galardones a la Administraci\u00f3n P\u00fablica; tambi\u00e9n ha habido premios a organizaciones, formaci\u00f3n y centros educativos, ONG y fundaciones, startups y empresas. A todos ellos se les reconoc\u00eda un enfoque m\u00e1s sostenible y humano al planeta.<\/p>\n<p>Para este curso \u2018Educ\u00e1ndonos en Sostenibilidad\u2019 ha programado 39 actividades y recursos para todas las etapas educativas, tanto obligatorias, como posobligatorias. Todas ellas pretenden acercar al alumnado de diferentes edades a la realidad de su entorno para su disfrute y conocimiento y para su puesta en valor y as\u00ed impulsar una relaci\u00f3n m\u00e1s respetuosa y cuidadosa con el medioambiente, siempre desde experiencias lo m\u00e1s vivenciales posibles.<br \/>\n<script async src=\"\/\/pagead2.googlesyndication.com\/pagead\/js\/adsbygoogle.js\"><\/script><br \/>\n<!-- Noticias La Guia de Pamplona --><br \/>\n<ins class=\"adsbygoogle\"\nstyle=\"display:block\"\ndata-ad-client=\"ca-pub-6943679897239327\"\ndata-ad-slot=\"7048180777\"\ndata-ad-format=\"auto\"><\/ins><br \/>\n<script>\n(adsbygoogle = window.adsbygoogle || []).push({});\n<\/script><\/p>\n<p>El programa acoge recursos <em>on line<\/em>, el Festival Internacional de Cine y Medio Ambiente Ecozine, el programa \u2018Haz tuyo el Museo\u2019 y las visitas a las exposiciones del Museo de Educaci\u00f3n Ambiental. Adem\u00e1s, acoge actividades guiadas, tanto en el Museo, como en el exterior y \u2018La maleta viajera\u2019, un conjunto de materiales prestables (juegos, aparatos de medida, fichas de actividades \u2026) de tem\u00e1tica variada. La novedad para este curso, es una maleta viajera sobre alimentaci\u00f3n, dirigida a las etapas de Infantil y Primaria.<\/p>\n<p>El Ayuntamiento de Pamplona trabaja de forma interdepartamental para implementar distintos esfuerzos coordinadamente dentro de la estrategia Go Green Pamplona, una estrategia que re\u00fane las iniciativas que Consistorio lleva a cabo para luchar contra el cambio clim\u00e1tico.<\/p>\n","protected":false},"excerpt":{"rendered":"<p>El concejal delegado de Sostenibilidad ha recibido el galard\u00f3n en el #SustainabilityDay22, un foro con 600 directivos y profesionales del sector<\/p>\n","protected":false},"author":1,"featured_media":41958,"comment_status":"open","ping_status":"closed","sticky":false,"template":"","format":"standard","meta":{"footnotes":""},"categories":[2],"tags":[],"class_list":["post-41957","post","type-post","status-publish","format-standard","has-post-thumbnail","hentry","category-ayuntamiento-pamplona"],"yoast_head":"<!-- This site is optimized with the Yoast SEO plugin v27.3 - https:\/\/yoast.com\/product\/yoast-seo-wordpress\/ -->\n<title>El Ayuntamiento de Pamplona recoge un premio por su programa educativo de Sostenibilidad dirigido a colegios<\/title>\n<meta name=\"description\" content=\"El concejal delegado de Sostenibilidad ha recibido el galard\u00f3n en el #SustainabilityDay22, un foro con 600 directivos y profesionales del sector\" \/>\n<meta name=\"robots\" content=\"index, follow, max-snippet:-1, max-image-preview:large, max-video-preview:-1\" \/>\n<link rel=\"canonical\" href=\"https:\/\/www.laguiadepamplona.com\/actualidad\/el-ayuntamiento-de-pamplona-recoge-un-premio-por-su-programa-educativo-de-sostenibilidad-dirigido-a-colegios\/\" \/>\n<meta property=\"og:locale\" content=\"es_ES\" \/>\n<meta property=\"og:type\" content=\"article\" \/>\n<meta property=\"og:title\" content=\"El Ayuntamiento de Pamplona recoge un premio por su programa educativo de Sostenibilidad dirigido a colegios\" \/>\n<meta property=\"og:description\" content=\"El concejal delegado de Sostenibilidad ha recibido el galard\u00f3n en el #SustainabilityDay22, un foro con 600 directivos y profesionales del sector\" \/>\n<meta property=\"og:url\" content=\"https:\/\/www.laguiadepamplona.com\/actualidad\/el-ayuntamiento-de-pamplona-recoge-un-premio-por-su-programa-educativo-de-sostenibilidad-dirigido-a-colegios\/\" \/>\n<meta property=\"og:site_name\" content=\"La Gu\u00eda de Pamplona\" \/>\n<meta property=\"article:publisher\" content=\"https:\/\/www.facebook.com\/laguiadepamplonacom-133175176762273\/?ref=hl\" \/>\n<meta property=\"article:published_time\" content=\"2022-10-19T16:29:15+00:00\" \/>\n<meta property=\"article:modified_time\" content=\"2023-04-11T09:47:42+00:00\" \/>\n<meta property=\"og:image\" content=\"https:\/\/www.laguiadepamplona.com\/actualidad\/wp-content\/uploads\/2022\/10\/premio-programa-educativo-ambiental.webp\" \/>\n\t<meta property=\"og:image:width\" content=\"1920\" \/>\n\t<meta property=\"og:image:height\" content=\"1280\" \/>\n\t<meta property=\"og:image:type\" content=\"image\/webp\" \/>\n<meta name=\"author\" content=\"La Gu\u00eda de Pamplona\" \/>\n<meta name=\"twitter:card\" content=\"summary_large_image\" \/>\n<meta name=\"twitter:creator\" content=\"@LaGuiadPamplona\" \/>\n<meta name=\"twitter:site\" content=\"@LaGuiadPamplona\" \/>\n<meta name=\"twitter:label1\" content=\"Escrito por\" \/>\n\t<meta name=\"twitter:data1\" content=\"La Gu\u00eda de Pamplona\" \/>\n\t<meta name=\"twitter:label2\" content=\"Tiempo de lectura\" \/>\n\t<meta name=\"twitter:data2\" content=\"2 minutos\" \/>\n<script type=\"application\/ld+json\" class=\"yoast-schema-graph\">{\"@context\":\"https:\\\/\\\/schema.org\",\"@graph\":[{\"@type\":\"Article\",\"@id\":\"https:\\\/\\\/www.laguiadepamplona.com\\\/actualidad\\\/el-ayuntamiento-de-pamplona-recoge-un-premio-por-su-programa-educativo-de-sostenibilidad-dirigido-a-colegios\\\/#article\",\"isPartOf\":{\"@id\":\"https:\\\/\\\/www.laguiadepamplona.com\\\/actualidad\\\/el-ayuntamiento-de-pamplona-recoge-un-premio-por-su-programa-educativo-de-sostenibilidad-dirigido-a-colegios\\\/\"},\"author\":{\"name\":\"La Gu\u00eda de Pamplona\",\"@id\":\"https:\\\/\\\/www.laguiadepamplona.com\\\/actualidad\\\/#\\\/schema\\\/person\\\/efe887376f0213d4657c93adc50b1fdb\"},\"headline\":\"El Ayuntamiento de Pamplona recoge un premio por su programa educativo de Sostenibilidad dirigido a colegios\",\"datePublished\":\"2022-10-19T16:29:15+00:00\",\"dateModified\":\"2023-04-11T09:47:42+00:00\",\"mainEntityOfPage\":{\"@id\":\"https:\\\/\\\/www.laguiadepamplona.com\\\/actualidad\\\/el-ayuntamiento-de-pamplona-recoge-un-premio-por-su-programa-educativo-de-sostenibilidad-dirigido-a-colegios\\\/\"},\"wordCount\":456,\"commentCount\":0,\"publisher\":{\"@id\":\"https:\\\/\\\/www.laguiadepamplona.com\\\/actualidad\\\/#organization\"},\"image\":{\"@id\":\"https:\\\/\\\/www.laguiadepamplona.com\\\/actualidad\\\/el-ayuntamiento-de-pamplona-recoge-un-premio-por-su-programa-educativo-de-sostenibilidad-dirigido-a-colegios\\\/#primaryimage\"},\"thumbnailUrl\":\"https:\\\/\\\/www.laguiadepamplona.com\\\/actualidad\\\/wp-content\\\/uploads\\\/2022\\\/10\\\/premio-programa-educativo-ambiental.webp\",\"articleSection\":[\"Ayto Pamplona\"],\"inLanguage\":\"es\",\"potentialAction\":[{\"@type\":\"CommentAction\",\"name\":\"Comment\",\"target\":[\"https:\\\/\\\/www.laguiadepamplona.com\\\/actualidad\\\/el-ayuntamiento-de-pamplona-recoge-un-premio-por-su-programa-educativo-de-sostenibilidad-dirigido-a-colegios\\\/#respond\"]}]},{\"@type\":\"WebPage\",\"@id\":\"https:\\\/\\\/www.laguiadepamplona.com\\\/actualidad\\\/el-ayuntamiento-de-pamplona-recoge-un-premio-por-su-programa-educativo-de-sostenibilidad-dirigido-a-colegios\\\/\",\"url\":\"https:\\\/\\\/www.laguiadepamplona.com\\\/actualidad\\\/el-ayuntamiento-de-pamplona-recoge-un-premio-por-su-programa-educativo-de-sostenibilidad-dirigido-a-colegios\\\/\",\"name\":\"El Ayuntamiento de Pamplona recoge un premio por su programa educativo de Sostenibilidad dirigido a colegios\",\"isPartOf\":{\"@id\":\"https:\\\/\\\/www.laguiadepamplona.com\\\/actualidad\\\/#website\"},\"primaryImageOfPage\":{\"@id\":\"https:\\\/\\\/www.laguiadepamplona.com\\\/actualidad\\\/el-ayuntamiento-de-pamplona-recoge-un-premio-por-su-programa-educativo-de-sostenibilidad-dirigido-a-colegios\\\/#primaryimage\"},\"image\":{\"@id\":\"https:\\\/\\\/www.laguiadepamplona.com\\\/actualidad\\\/el-ayuntamiento-de-pamplona-recoge-un-premio-por-su-programa-educativo-de-sostenibilidad-dirigido-a-colegios\\\/#primaryimage\"},\"thumbnailUrl\":\"https:\\\/\\\/www.laguiadepamplona.com\\\/actualidad\\\/wp-content\\\/uploads\\\/2022\\\/10\\\/premio-programa-educativo-ambiental.webp\",\"datePublished\":\"2022-10-19T16:29:15+00:00\",\"dateModified\":\"2023-04-11T09:47:42+00:00\",\"description\":\"El concejal delegado de Sostenibilidad ha recibido el galard\u00f3n en el #SustainabilityDay22, un foro con 600 directivos y profesionales del sector\",\"breadcrumb\":{\"@id\":\"https:\\\/\\\/www.laguiadepamplona.com\\\/actualidad\\\/el-ayuntamiento-de-pamplona-recoge-un-premio-por-su-programa-educativo-de-sostenibilidad-dirigido-a-colegios\\\/#breadcrumb\"},\"inLanguage\":\"es\",\"potentialAction\":[{\"@type\":\"ReadAction\",\"target\":[\"https:\\\/\\\/www.laguiadepamplona.com\\\/actualidad\\\/el-ayuntamiento-de-pamplona-recoge-un-premio-por-su-programa-educativo-de-sostenibilidad-dirigido-a-colegios\\\/\"]}]},{\"@type\":\"ImageObject\",\"inLanguage\":\"es\",\"@id\":\"https:\\\/\\\/www.laguiadepamplona.com\\\/actualidad\\\/el-ayuntamiento-de-pamplona-recoge-un-premio-por-su-programa-educativo-de-sostenibilidad-dirigido-a-colegios\\\/#primaryimage\",\"url\":\"https:\\\/\\\/www.laguiadepamplona.com\\\/actualidad\\\/wp-content\\\/uploads\\\/2022\\\/10\\\/premio-programa-educativo-ambiental.webp\",\"contentUrl\":\"https:\\\/\\\/www.laguiadepamplona.com\\\/actualidad\\\/wp-content\\\/uploads\\\/2022\\\/10\\\/premio-programa-educativo-ambiental.webp\",\"width\":1920,\"height\":1280,\"caption\":\"premio educacion ambiental\"},{\"@type\":\"BreadcrumbList\",\"@id\":\"https:\\\/\\\/www.laguiadepamplona.com\\\/actualidad\\\/el-ayuntamiento-de-pamplona-recoge-un-premio-por-su-programa-educativo-de-sostenibilidad-dirigido-a-colegios\\\/#breadcrumb\",\"itemListElement\":[{\"@type\":\"ListItem\",\"position\":1,\"name\":\"Portada\",\"item\":\"https:\\\/\\\/www.laguiadepamplona.com\\\/actualidad\\\/\"},{\"@type\":\"ListItem\",\"position\":2,\"name\":\"El Ayuntamiento de Pamplona recoge un premio por su programa educativo de Sostenibilidad dirigido a colegios\"}]},{\"@type\":\"WebSite\",\"@id\":\"https:\\\/\\\/www.laguiadepamplona.com\\\/actualidad\\\/#website\",\"url\":\"https:\\\/\\\/www.laguiadepamplona.com\\\/actualidad\\\/\",\"name\":\"La gu\u00eda de Pamplona\",\"description\":\"Noticias de Pamplona\",\"publisher\":{\"@id\":\"https:\\\/\\\/www.laguiadepamplona.com\\\/actualidad\\\/#organization\"},\"potentialAction\":[{\"@type\":\"SearchAction\",\"target\":{\"@type\":\"EntryPoint\",\"urlTemplate\":\"https:\\\/\\\/www.laguiadepamplona.com\\\/actualidad\\\/?s={search_term_string}\"},\"query-input\":{\"@type\":\"PropertyValueSpecification\",\"valueRequired\":true,\"valueName\":\"search_term_string\"}}],\"inLanguage\":\"es\"},{\"@type\":\"Organization\",\"@id\":\"https:\\\/\\\/www.laguiadepamplona.com\\\/actualidad\\\/#organization\",\"name\":\"La Gu\u00eda de Pamplona \\\/ Noticias\",\"url\":\"https:\\\/\\\/www.laguiadepamplona.com\\\/actualidad\\\/\",\"logo\":{\"@type\":\"ImageObject\",\"inLanguage\":\"es\",\"@id\":\"https:\\\/\\\/www.laguiadepamplona.com\\\/actualidad\\\/#\\\/schema\\\/logo\\\/image\\\/\",\"url\":\"https:\\\/\\\/www.laguiadepamplona.com\\\/actualidad\\\/wp-content\\\/uploads\\\/2018\\\/11\\\/logo-laguiadepamplona18-web1.png\",\"contentUrl\":\"https:\\\/\\\/www.laguiadepamplona.com\\\/actualidad\\\/wp-content\\\/uploads\\\/2018\\\/11\\\/logo-laguiadepamplona18-web1.png\",\"width\":600,\"height\":196,\"caption\":\"La Gu\u00eda de Pamplona \\\/ Noticias\"},\"image\":{\"@id\":\"https:\\\/\\\/www.laguiadepamplona.com\\\/actualidad\\\/#\\\/schema\\\/logo\\\/image\\\/\"},\"sameAs\":[\"https:\\\/\\\/www.facebook.com\\\/laguiadepamplonacom-133175176762273\\\/?ref=hl\",\"https:\\\/\\\/x.com\\\/LaGuiadPamplona\",\"https:\\\/\\\/www.instagram.com\\\/la_guia_de_pamplona\\\/\",\"https:\\\/\\\/www.youtube.com\\\/user\\\/laguiadepamplona\"]},{\"@type\":\"Person\",\"@id\":\"https:\\\/\\\/www.laguiadepamplona.com\\\/actualidad\\\/#\\\/schema\\\/person\\\/efe887376f0213d4657c93adc50b1fdb\",\"name\":\"La Gu\u00eda de Pamplona\",\"image\":{\"@type\":\"ImageObject\",\"inLanguage\":\"es\",\"@id\":\"https:\\\/\\\/secure.gravatar.com\\\/avatar\\\/b6992f131dc8d30ab0dff15446e9d346d9dbd95992de0fef795073f5ea83a81c?s=96&d=mm&r=g\",\"url\":\"https:\\\/\\\/secure.gravatar.com\\\/avatar\\\/b6992f131dc8d30ab0dff15446e9d346d9dbd95992de0fef795073f5ea83a81c?s=96&d=mm&r=g\",\"contentUrl\":\"https:\\\/\\\/secure.gravatar.com\\\/avatar\\\/b6992f131dc8d30ab0dff15446e9d346d9dbd95992de0fef795073f5ea83a81c?s=96&d=mm&r=g\",\"caption\":\"La Gu\u00eda de Pamplona\"}}]}<\/script>\n<!-- \/ Yoast SEO plugin. -->","yoast_head_json":{"title":"El Ayuntamiento de Pamplona recoge un premio por su programa educativo de Sostenibilidad dirigido a colegios","description":"El concejal delegado de Sostenibilidad ha recibido el galard\u00f3n en el #SustainabilityDay22, un foro con 600 directivos y profesionales del sector","robots":{"index":"index","follow":"follow","max-snippet":"max-snippet:-1","max-image-preview":"max-image-preview:large","max-video-preview":"max-video-preview:-1"},"canonical":"https:\/\/www.laguiadepamplona.com\/actualidad\/el-ayuntamiento-de-pamplona-recoge-un-premio-por-su-programa-educativo-de-sostenibilidad-dirigido-a-colegios\/","og_locale":"es_ES","og_type":"article","og_title":"El Ayuntamiento de Pamplona recoge un premio por su programa educativo de Sostenibilidad dirigido a colegios","og_description":"El concejal delegado de Sostenibilidad ha recibido el galard\u00f3n en el #SustainabilityDay22, un foro con 600 directivos y profesionales del sector","og_url":"https:\/\/www.laguiadepamplona.com\/actualidad\/el-ayuntamiento-de-pamplona-recoge-un-premio-por-su-programa-educativo-de-sostenibilidad-dirigido-a-colegios\/","og_site_name":"La Gu\u00eda de Pamplona","article_publisher":"https:\/\/www.facebook.com\/laguiadepamplonacom-133175176762273\/?ref=hl","article_published_time":"2022-10-19T16:29:15+00:00","article_modified_time":"2023-04-11T09:47:42+00:00","og_image":[{"width":1920,"height":1280,"url":"https:\/\/www.laguiadepamplona.com\/actualidad\/wp-content\/uploads\/2022\/10\/premio-programa-educativo-ambiental.webp","type":"image\/webp"}],"author":"La Gu\u00eda de Pamplona","twitter_card":"summary_large_image","twitter_creator":"@LaGuiadPamplona","twitter_site":"@LaGuiadPamplona","twitter_misc":{"Escrito por":"La Gu\u00eda de Pamplona","Tiempo de lectura":"2 minutos"},"schema":{"@context":"https:\/\/schema.org","@graph":[{"@type":"Article","@id":"https:\/\/www.laguiadepamplona.com\/actualidad\/el-ayuntamiento-de-pamplona-recoge-un-premio-por-su-programa-educativo-de-sostenibilidad-dirigido-a-colegios\/#article","isPartOf":{"@id":"https:\/\/www.laguiadepamplona.com\/actualidad\/el-ayuntamiento-de-pamplona-recoge-un-premio-por-su-programa-educativo-de-sostenibilidad-dirigido-a-colegios\/"},"author":{"name":"La Gu\u00eda de Pamplona","@id":"https:\/\/www.laguiadepamplona.com\/actualidad\/#\/schema\/person\/efe887376f0213d4657c93adc50b1fdb"},"headline":"El Ayuntamiento de Pamplona recoge un premio por su programa educativo de Sostenibilidad dirigido a colegios","datePublished":"2022-10-19T16:29:15+00:00","dateModified":"2023-04-11T09:47:42+00:00","mainEntityOfPage":{"@id":"https:\/\/www.laguiadepamplona.com\/actualidad\/el-ayuntamiento-de-pamplona-recoge-un-premio-por-su-programa-educativo-de-sostenibilidad-dirigido-a-colegios\/"},"wordCount":456,"commentCount":0,"publisher":{"@id":"https:\/\/www.laguiadepamplona.com\/actualidad\/#organization"},"image":{"@id":"https:\/\/www.laguiadepamplona.com\/actualidad\/el-ayuntamiento-de-pamplona-recoge-un-premio-por-su-programa-educativo-de-sostenibilidad-dirigido-a-colegios\/#primaryimage"},"thumbnailUrl":"https:\/\/www.laguiadepamplona.com\/actualidad\/wp-content\/uploads\/2022\/10\/premio-programa-educativo-ambiental.webp","articleSection":["Ayto Pamplona"],"inLanguage":"es","potentialAction":[{"@type":"CommentAction","name":"Comment","target":["https:\/\/www.laguiadepamplona.com\/actualidad\/el-ayuntamiento-de-pamplona-recoge-un-premio-por-su-programa-educativo-de-sostenibilidad-dirigido-a-colegios\/#respond"]}]},{"@type":"WebPage","@id":"https:\/\/www.laguiadepamplona.com\/actualidad\/el-ayuntamiento-de-pamplona-recoge-un-premio-por-su-programa-educativo-de-sostenibilidad-dirigido-a-colegios\/","url":"https:\/\/www.laguiadepamplona.com\/actualidad\/el-ayuntamiento-de-pamplona-recoge-un-premio-por-su-programa-educativo-de-sostenibilidad-dirigido-a-colegios\/","name":"El Ayuntamiento de Pamplona recoge un premio por su programa educativo de Sostenibilidad dirigido a colegios","isPartOf":{"@id":"https:\/\/www.laguiadepamplona.com\/actualidad\/#website"},"primaryImageOfPage":{"@id":"https:\/\/www.laguiadepamplona.com\/actualidad\/el-ayuntamiento-de-pamplona-recoge-un-premio-por-su-programa-educativo-de-sostenibilidad-dirigido-a-colegios\/#primaryimage"},"image":{"@id":"https:\/\/www.laguiadepamplona.com\/actualidad\/el-ayuntamiento-de-pamplona-recoge-un-premio-por-su-programa-educativo-de-sostenibilidad-dirigido-a-colegios\/#primaryimage"},"thumbnailUrl":"https:\/\/www.laguiadepamplona.com\/actualidad\/wp-content\/uploads\/2022\/10\/premio-programa-educativo-ambiental.webp","datePublished":"2022-10-19T16:29:15+00:00","dateModified":"2023-04-11T09:47:42+00:00","description":"El concejal delegado de Sostenibilidad ha recibido el galard\u00f3n en el #SustainabilityDay22, un foro con 600 directivos y profesionales del sector","breadcrumb":{"@id":"https:\/\/www.laguiadepamplona.com\/actualidad\/el-ayuntamiento-de-pamplona-recoge-un-premio-por-su-programa-educativo-de-sostenibilidad-dirigido-a-colegios\/#breadcrumb"},"inLanguage":"es","potentialAction":[{"@type":"ReadAction","target":["https:\/\/www.laguiadepamplona.com\/actualidad\/el-ayuntamiento-de-pamplona-recoge-un-premio-por-su-programa-educativo-de-sostenibilidad-dirigido-a-colegios\/"]}]},{"@type":"ImageObject","inLanguage":"es","@id":"https:\/\/www.laguiadepamplona.com\/actualidad\/el-ayuntamiento-de-pamplona-recoge-un-premio-por-su-programa-educativo-de-sostenibilidad-dirigido-a-colegios\/#primaryimage","url":"https:\/\/www.laguiadepamplona.com\/actualidad\/wp-content\/uploads\/2022\/10\/premio-programa-educativo-ambiental.webp","contentUrl":"https:\/\/www.laguiadepamplona.com\/actualidad\/wp-content\/uploads\/2022\/10\/premio-programa-educativo-ambiental.webp","width":1920,"height":1280,"caption":"premio educacion ambiental"},{"@type":"BreadcrumbList","@id":"https:\/\/www.laguiadepamplona.com\/actualidad\/el-ayuntamiento-de-pamplona-recoge-un-premio-por-su-programa-educativo-de-sostenibilidad-dirigido-a-colegios\/#breadcrumb","itemListElement":[{"@type":"ListItem","position":1,"name":"Portada","item":"https:\/\/www.laguiadepamplona.com\/actualidad\/"},{"@type":"ListItem","position":2,"name":"El Ayuntamiento de Pamplona recoge un premio por su programa educativo de Sostenibilidad dirigido a colegios"}]},{"@type":"WebSite","@id":"https:\/\/www.laguiadepamplona.com\/actualidad\/#website","url":"https:\/\/www.laguiadepamplona.com\/actualidad\/","name":"La gu\u00eda de Pamplona","description":"Noticias de Pamplona","publisher":{"@id":"https:\/\/www.laguiadepamplona.com\/actualidad\/#organization"},"potentialAction":[{"@type":"SearchAction","target":{"@type":"EntryPoint","urlTemplate":"https:\/\/www.laguiadepamplona.com\/actualidad\/?s={search_term_string}"},"query-input":{"@type":"PropertyValueSpecification","valueRequired":true,"valueName":"search_term_string"}}],"inLanguage":"es"},{"@type":"Organization","@id":"https:\/\/www.laguiadepamplona.com\/actualidad\/#organization","name":"La Gu\u00eda de Pamplona \/ Noticias","url":"https:\/\/www.laguiadepamplona.com\/actualidad\/","logo":{"@type":"ImageObject","inLanguage":"es","@id":"https:\/\/www.laguiadepamplona.com\/actualidad\/#\/schema\/logo\/image\/","url":"https:\/\/www.laguiadepamplona.com\/actualidad\/wp-content\/uploads\/2018\/11\/logo-laguiadepamplona18-web1.png","contentUrl":"https:\/\/www.laguiadepamplona.com\/actualidad\/wp-content\/uploads\/2018\/11\/logo-laguiadepamplona18-web1.png","width":600,"height":196,"caption":"La Gu\u00eda de Pamplona \/ Noticias"},"image":{"@id":"https:\/\/www.laguiadepamplona.com\/actualidad\/#\/schema\/logo\/image\/"},"sameAs":["https:\/\/www.facebook.com\/laguiadepamplonacom-133175176762273\/?ref=hl","https:\/\/x.com\/LaGuiadPamplona","https:\/\/www.instagram.com\/la_guia_de_pamplona\/","https:\/\/www.youtube.com\/user\/laguiadepamplona"]},{"@type":"Person","@id":"https:\/\/www.laguiadepamplona.com\/actualidad\/#\/schema\/person\/efe887376f0213d4657c93adc50b1fdb","name":"La Gu\u00eda de Pamplona","image":{"@type":"ImageObject","inLanguage":"es","@id":"https:\/\/secure.gravatar.com\/avatar\/b6992f131dc8d30ab0dff15446e9d346d9dbd95992de0fef795073f5ea83a81c?s=96&d=mm&r=g","url":"https:\/\/secure.gravatar.com\/avatar\/b6992f131dc8d30ab0dff15446e9d346d9dbd95992de0fef795073f5ea83a81c?s=96&d=mm&r=g","contentUrl":"https:\/\/secure.gravatar.com\/avatar\/b6992f131dc8d30ab0dff15446e9d346d9dbd95992de0fef795073f5ea83a81c?s=96&d=mm&r=g","caption":"La Gu\u00eda de Pamplona"}}]}},"post_mailing_queue_ids":[],"_links":{"self":[{"href":"https:\/\/www.laguiadepamplona.com\/actualidad\/wp-json\/wp\/v2\/posts\/41957","targetHints":{"allow":["GET"]}}],"collection":[{"href":"https:\/\/www.laguiadepamplona.com\/actualidad\/wp-json\/wp\/v2\/posts"}],"about":[{"href":"https:\/\/www.laguiadepamplona.com\/actualidad\/wp-json\/wp\/v2\/types\/post"}],"author":[{"embeddable":true,"href":"https:\/\/www.laguiadepamplona.com\/actualidad\/wp-json\/wp\/v2\/users\/1"}],"replies":[{"embeddable":true,"href":"https:\/\/www.laguiadepamplona.com\/actualidad\/wp-json\/wp\/v2\/comments?post=41957"}],"version-history":[{"count":0,"href":"https:\/\/www.laguiadepamplona.com\/actualidad\/wp-json\/wp\/v2\/posts\/41957\/revisions"}],"wp:featuredmedia":[{"embeddable":true,"href":"https:\/\/www.laguiadepamplona.com\/actualidad\/wp-json\/wp\/v2\/media\/41958"}],"wp:attachment":[{"href":"https:\/\/www.laguiadepamplona.com\/actualidad\/wp-json\/wp\/v2\/media?parent=41957"}],"wp:term":[{"taxonomy":"category","embeddable":true,"href":"https:\/\/www.laguiadepamplona.com\/actualidad\/wp-json\/wp\/v2\/categories?post=41957"},{"taxonomy":"post_tag","embeddable":true,"href":"https:\/\/www.laguiadepamplona.com\/actualidad\/wp-json\/wp\/v2\/tags?post=41957"}],"curies":[{"name":"wp","href":"https:\/\/api.w.org\/{rel}","templated":true}]}}