{"id":41949,"date":"2022-10-19T12:17:57","date_gmt":"2022-10-19T10:17:57","guid":{"rendered":"https:\/\/www.laguiadepamplona.com\/actualidad\/?p=41949"},"modified":"2023-04-11T11:47:42","modified_gmt":"2023-04-11T09:47:42","slug":"la-instalacion-artistica-embotellando-colores-con-3-200-botellas-recicladas-invita-a-la-reflexion-en-torno-al-uso-responsable-del-plastico-en-civivox-iturrama","status":"publish","type":"post","link":"https:\/\/www.laguiadepamplona.com\/actualidad\/la-instalacion-artistica-embotellando-colores-con-3-200-botellas-recicladas-invita-a-la-reflexion-en-torno-al-uso-responsable-del-plastico-en-civivox-iturrama\/","title":{"rendered":"La instalaci\u00f3n art\u00edstica \u2018Embotellando Colores\u2019, con 3.200 botellas recicladas, invita a la reflexi\u00f3n en torno al uso responsable del pl\u00e1stico en Civivox Iturrama"},"content":{"rendered":"<h5>El proyecto lo han creado personas con discapacidad del Centro Ocupacional de TASUBINSA, bajo la direcci\u00f3n de la artista Alicia Otaegui<\/h5>\n<p><!--more--><\/p>\n<p>Civivox Iturrama muestra en su fachada la instalaci\u00f3n art\u00edstica \u2018Embotellando Colores\u2019, creada por personas con discapacidad intelectual o de desarrollo del Centro Ocupacional de TASUBINSA, bajo la direcci\u00f3n de la artista navarra Alicia Otaegui. Para este proyecto se han utilizado 3.200 botellas de pl\u00e1stico estrujadas y bolsas de pl\u00e1stico del \u00e1mbito alimentario troceadas, con el doble objetivo de sensibilizar sobre el uso responsable del pl\u00e1stico y dar visibilidad a las tareas que pueden realizar las personas con discapacidad.<\/p>\n<p>En la inauguraci\u00f3n de la instalaci\u00f3n, han participado la concejala delegada de Cultura e Igualdad del Ayuntamiento de Pamplona, Mar\u00eda Garc\u00eda-Barberena; el presidente de TASUBINSA, Roberto P\u00e9rez Jord\u00e1n; y la artista Alicia Otaegui, creadora del proyecto, acompa\u00f1ados de dos de los participantes en la confecci\u00f3n de la instalaci\u00f3n: Xabier Santidrian e Irati Aizagar.<br \/>\n<script async src=\"\/\/pagead2.googlesyndication.com\/pagead\/js\/adsbygoogle.js\"><\/script><br \/>\n<!-- Noticias La Guia de Pamplona --><br \/>\n<ins class=\"adsbygoogle\"\nstyle=\"display:block\"\ndata-ad-client=\"ca-pub-6943679897239327\"\ndata-ad-slot=\"7048180777\"\ndata-ad-format=\"auto\"><\/ins><br \/>\n<script>\n(adsbygoogle = window.adsbygoogle || []).push({});\n<\/script><\/p>\n<p>El proyecto \u2018Embotellando Colores\u2019 se ha desarrollado entre los meses de enero y junio en la actividad de expresi\u00f3n creativa y reciclaje creativo del Centro Ocupacional de TASUBINSA, con dos horas por sesi\u00f3n. El trabajo de las personas participantes ha consistido en la selecci\u00f3n del material, su limpieza, troceado y recorte del mismo, la introducci\u00f3n en el interior de las botellas, el estrujado y la sujeci\u00f3n a la cuerda a trav\u00e9s del tap\u00f3n. Una vez terminados estos elementos, han colaborado en la instalaci\u00f3n final en la fachada de Civivox Iturrama, con la ayuda de la artista Alicia Otaegui.<\/p>\n<p>Se trata de una cortina de pl\u00e1stico de colores de gran formato, conformada con las botellas transparentes unidas por tiras de tres metros colgadas en vertical. Las personas con discapacidad intelectual o del desarrollo han aportado a este proyecto su compromiso y destreza manual, reivindicando el valor de su trabajo para la sociedad. Han participado usuarios y usuarias de los centros de TASUBINSA en Beri\u00e1in, Burlada, Elizondo, Lakuntza, Orkoien, San Adri\u00e1n, Sang\u00fcesa, Tafalla y Tudela.<\/p>\n<p>La instalaci\u00f3n busca as\u00ed mismo llamar la atenci\u00f3n sobre el cuidado del medio ambiente, puesto que la crisis sanitaria de la pandemia ha incrementado la utilizaci\u00f3n de envases de un solo uso y la proliferaci\u00f3n de las botellas de agua de pl\u00e1stico. La instalaci\u00f3n, que es ef\u00edmera y se reciclar\u00e1 cuando se desmonte, da un nuevo uso a esos materiales e invita a la concienciaci\u00f3n para reducir la producci\u00f3n de desechos.<br \/>\n<script async src=\"\/\/pagead2.googlesyndication.com\/pagead\/js\/adsbygoogle.js\"><\/script><br \/>\n<!-- Noticias La Guia de Pamplona --><br \/>\n<ins class=\"adsbygoogle\"\nstyle=\"display:block\"\ndata-ad-client=\"ca-pub-6943679897239327\"\ndata-ad-slot=\"7048180777\"\ndata-ad-format=\"auto\"><\/ins><br \/>\n<script>\n(adsbygoogle = window.adsbygoogle || []).push({});\n<\/script><\/p>\n<p>&nbsp;<\/p>\n<h3>\u2018Embotellando Colores\u2019. Instalaci\u00f3n en Civivox Iturrama<\/h3>\n<ul>\n<li>Desde el 19 de octubre de 2022 hasta el 31 de enero de 2023<\/li>\n<\/ul>\n","protected":false},"excerpt":{"rendered":"<p>El proyecto lo han creado personas con discapacidad del Centro Ocupacional de TASUBINSA, bajo la direcci\u00f3n de la artista Alicia Otaegui<\/p>\n","protected":false},"author":1,"featured_media":41950,"comment_status":"open","ping_status":"closed","sticky":false,"template":"","format":"standard","meta":{"footnotes":""},"categories":[2],"tags":[],"class_list":["post-41949","post","type-post","status-publish","format-standard","has-post-thumbnail","hentry","category-ayuntamiento-pamplona"],"yoast_head":"<!-- This site is optimized with the Yoast SEO plugin v27.3 - https:\/\/yoast.com\/product\/yoast-seo-wordpress\/ -->\n<title>La instalaci\u00f3n art\u00edstica \u2018Embotellando Colores\u2019, con 3.200 botellas recicladas, invita a la reflexi\u00f3n en torno al uso responsable del pl\u00e1stico en Civivox Iturrama<\/title>\n<meta name=\"description\" content=\"El proyecto lo han creado personas con discapacidad del Centro Ocupacional de TASUBINSA, bajo la direcci\u00f3n de la artista Alicia Otaegui\" \/>\n<meta name=\"robots\" content=\"index, follow, max-snippet:-1, max-image-preview:large, max-video-preview:-1\" \/>\n<link rel=\"canonical\" href=\"https:\/\/www.laguiadepamplona.com\/actualidad\/la-instalacion-artistica-embotellando-colores-con-3-200-botellas-recicladas-invita-a-la-reflexion-en-torno-al-uso-responsable-del-plastico-en-civivox-iturrama\/\" \/>\n<meta property=\"og:locale\" content=\"es_ES\" \/>\n<meta property=\"og:type\" content=\"article\" \/>\n<meta property=\"og:title\" content=\"La instalaci\u00f3n art\u00edstica \u2018Embotellando Colores\u2019, con 3.200 botellas recicladas, invita a la reflexi\u00f3n en torno al uso responsable del pl\u00e1stico en Civivox Iturrama\" \/>\n<meta property=\"og:description\" content=\"El proyecto lo han creado personas con discapacidad del Centro Ocupacional de TASUBINSA, bajo la direcci\u00f3n de la artista Alicia Otaegui\" \/>\n<meta property=\"og:url\" content=\"https:\/\/www.laguiadepamplona.com\/actualidad\/la-instalacion-artistica-embotellando-colores-con-3-200-botellas-recicladas-invita-a-la-reflexion-en-torno-al-uso-responsable-del-plastico-en-civivox-iturrama\/\" \/>\n<meta property=\"og:site_name\" content=\"La Gu\u00eda de Pamplona\" \/>\n<meta property=\"article:publisher\" content=\"https:\/\/www.facebook.com\/laguiadepamplonacom-133175176762273\/?ref=hl\" \/>\n<meta property=\"article:published_time\" content=\"2022-10-19T10:17:57+00:00\" \/>\n<meta property=\"article:modified_time\" content=\"2023-04-11T09:47:42+00:00\" \/>\n<meta property=\"og:image\" content=\"https:\/\/www.laguiadepamplona.com\/actualidad\/wp-content\/uploads\/2022\/10\/embotellando-colores.webp\" \/>\n\t<meta property=\"og:image:width\" content=\"1920\" \/>\n\t<meta property=\"og:image:height\" content=\"1281\" \/>\n\t<meta property=\"og:image:type\" content=\"image\/webp\" \/>\n<meta name=\"author\" content=\"La Gu\u00eda de Pamplona\" \/>\n<meta name=\"twitter:card\" content=\"summary_large_image\" \/>\n<meta name=\"twitter:creator\" content=\"@LaGuiadPamplona\" \/>\n<meta name=\"twitter:site\" content=\"@LaGuiadPamplona\" \/>\n<meta name=\"twitter:label1\" content=\"Escrito por\" \/>\n\t<meta name=\"twitter:data1\" content=\"La Gu\u00eda de Pamplona\" \/>\n\t<meta name=\"twitter:label2\" content=\"Tiempo de lectura\" \/>\n\t<meta name=\"twitter:data2\" content=\"2 minutos\" \/>\n<script type=\"application\/ld+json\" class=\"yoast-schema-graph\">{\"@context\":\"https:\\\/\\\/schema.org\",\"@graph\":[{\"@type\":\"Article\",\"@id\":\"https:\\\/\\\/www.laguiadepamplona.com\\\/actualidad\\\/la-instalacion-artistica-embotellando-colores-con-3-200-botellas-recicladas-invita-a-la-reflexion-en-torno-al-uso-responsable-del-plastico-en-civivox-iturrama\\\/#article\",\"isPartOf\":{\"@id\":\"https:\\\/\\\/www.laguiadepamplona.com\\\/actualidad\\\/la-instalacion-artistica-embotellando-colores-con-3-200-botellas-recicladas-invita-a-la-reflexion-en-torno-al-uso-responsable-del-plastico-en-civivox-iturrama\\\/\"},\"author\":{\"name\":\"La Gu\u00eda de Pamplona\",\"@id\":\"https:\\\/\\\/www.laguiadepamplona.com\\\/actualidad\\\/#\\\/schema\\\/person\\\/efe887376f0213d4657c93adc50b1fdb\"},\"headline\":\"La instalaci\u00f3n art\u00edstica \u2018Embotellando Colores\u2019, con 3.200 botellas recicladas, invita a la reflexi\u00f3n en torno al uso responsable del pl\u00e1stico en Civivox Iturrama\",\"datePublished\":\"2022-10-19T10:17:57+00:00\",\"dateModified\":\"2023-04-11T09:47:42+00:00\",\"mainEntityOfPage\":{\"@id\":\"https:\\\/\\\/www.laguiadepamplona.com\\\/actualidad\\\/la-instalacion-artistica-embotellando-colores-con-3-200-botellas-recicladas-invita-a-la-reflexion-en-torno-al-uso-responsable-del-plastico-en-civivox-iturrama\\\/\"},\"wordCount\":476,\"commentCount\":0,\"publisher\":{\"@id\":\"https:\\\/\\\/www.laguiadepamplona.com\\\/actualidad\\\/#organization\"},\"image\":{\"@id\":\"https:\\\/\\\/www.laguiadepamplona.com\\\/actualidad\\\/la-instalacion-artistica-embotellando-colores-con-3-200-botellas-recicladas-invita-a-la-reflexion-en-torno-al-uso-responsable-del-plastico-en-civivox-iturrama\\\/#primaryimage\"},\"thumbnailUrl\":\"https:\\\/\\\/www.laguiadepamplona.com\\\/actualidad\\\/wp-content\\\/uploads\\\/2022\\\/10\\\/embotellando-colores.webp\",\"articleSection\":[\"Ayto Pamplona\"],\"inLanguage\":\"es\",\"potentialAction\":[{\"@type\":\"CommentAction\",\"name\":\"Comment\",\"target\":[\"https:\\\/\\\/www.laguiadepamplona.com\\\/actualidad\\\/la-instalacion-artistica-embotellando-colores-con-3-200-botellas-recicladas-invita-a-la-reflexion-en-torno-al-uso-responsable-del-plastico-en-civivox-iturrama\\\/#respond\"]}]},{\"@type\":\"WebPage\",\"@id\":\"https:\\\/\\\/www.laguiadepamplona.com\\\/actualidad\\\/la-instalacion-artistica-embotellando-colores-con-3-200-botellas-recicladas-invita-a-la-reflexion-en-torno-al-uso-responsable-del-plastico-en-civivox-iturrama\\\/\",\"url\":\"https:\\\/\\\/www.laguiadepamplona.com\\\/actualidad\\\/la-instalacion-artistica-embotellando-colores-con-3-200-botellas-recicladas-invita-a-la-reflexion-en-torno-al-uso-responsable-del-plastico-en-civivox-iturrama\\\/\",\"name\":\"La instalaci\u00f3n art\u00edstica \u2018Embotellando Colores\u2019, con 3.200 botellas recicladas, invita a la reflexi\u00f3n en torno al uso responsable del pl\u00e1stico en Civivox Iturrama\",\"isPartOf\":{\"@id\":\"https:\\\/\\\/www.laguiadepamplona.com\\\/actualidad\\\/#website\"},\"primaryImageOfPage\":{\"@id\":\"https:\\\/\\\/www.laguiadepamplona.com\\\/actualidad\\\/la-instalacion-artistica-embotellando-colores-con-3-200-botellas-recicladas-invita-a-la-reflexion-en-torno-al-uso-responsable-del-plastico-en-civivox-iturrama\\\/#primaryimage\"},\"image\":{\"@id\":\"https:\\\/\\\/www.laguiadepamplona.com\\\/actualidad\\\/la-instalacion-artistica-embotellando-colores-con-3-200-botellas-recicladas-invita-a-la-reflexion-en-torno-al-uso-responsable-del-plastico-en-civivox-iturrama\\\/#primaryimage\"},\"thumbnailUrl\":\"https:\\\/\\\/www.laguiadepamplona.com\\\/actualidad\\\/wp-content\\\/uploads\\\/2022\\\/10\\\/embotellando-colores.webp\",\"datePublished\":\"2022-10-19T10:17:57+00:00\",\"dateModified\":\"2023-04-11T09:47:42+00:00\",\"description\":\"El proyecto lo han creado personas con discapacidad del Centro Ocupacional de TASUBINSA, bajo la direcci\u00f3n de la artista Alicia Otaegui\",\"breadcrumb\":{\"@id\":\"https:\\\/\\\/www.laguiadepamplona.com\\\/actualidad\\\/la-instalacion-artistica-embotellando-colores-con-3-200-botellas-recicladas-invita-a-la-reflexion-en-torno-al-uso-responsable-del-plastico-en-civivox-iturrama\\\/#breadcrumb\"},\"inLanguage\":\"es\",\"potentialAction\":[{\"@type\":\"ReadAction\",\"target\":[\"https:\\\/\\\/www.laguiadepamplona.com\\\/actualidad\\\/la-instalacion-artistica-embotellando-colores-con-3-200-botellas-recicladas-invita-a-la-reflexion-en-torno-al-uso-responsable-del-plastico-en-civivox-iturrama\\\/\"]}]},{\"@type\":\"ImageObject\",\"inLanguage\":\"es\",\"@id\":\"https:\\\/\\\/www.laguiadepamplona.com\\\/actualidad\\\/la-instalacion-artistica-embotellando-colores-con-3-200-botellas-recicladas-invita-a-la-reflexion-en-torno-al-uso-responsable-del-plastico-en-civivox-iturrama\\\/#primaryimage\",\"url\":\"https:\\\/\\\/www.laguiadepamplona.com\\\/actualidad\\\/wp-content\\\/uploads\\\/2022\\\/10\\\/embotellando-colores.webp\",\"contentUrl\":\"https:\\\/\\\/www.laguiadepamplona.com\\\/actualidad\\\/wp-content\\\/uploads\\\/2022\\\/10\\\/embotellando-colores.webp\",\"width\":1920,\"height\":1281},{\"@type\":\"BreadcrumbList\",\"@id\":\"https:\\\/\\\/www.laguiadepamplona.com\\\/actualidad\\\/la-instalacion-artistica-embotellando-colores-con-3-200-botellas-recicladas-invita-a-la-reflexion-en-torno-al-uso-responsable-del-plastico-en-civivox-iturrama\\\/#breadcrumb\",\"itemListElement\":[{\"@type\":\"ListItem\",\"position\":1,\"name\":\"Portada\",\"item\":\"https:\\\/\\\/www.laguiadepamplona.com\\\/actualidad\\\/\"},{\"@type\":\"ListItem\",\"position\":2,\"name\":\"La instalaci\u00f3n art\u00edstica \u2018Embotellando Colores\u2019, con 3.200 botellas recicladas, invita a la reflexi\u00f3n en torno al uso responsable del pl\u00e1stico en Civivox Iturrama\"}]},{\"@type\":\"WebSite\",\"@id\":\"https:\\\/\\\/www.laguiadepamplona.com\\\/actualidad\\\/#website\",\"url\":\"https:\\\/\\\/www.laguiadepamplona.com\\\/actualidad\\\/\",\"name\":\"La gu\u00eda de Pamplona\",\"description\":\"Noticias de Pamplona\",\"publisher\":{\"@id\":\"https:\\\/\\\/www.laguiadepamplona.com\\\/actualidad\\\/#organization\"},\"potentialAction\":[{\"@type\":\"SearchAction\",\"target\":{\"@type\":\"EntryPoint\",\"urlTemplate\":\"https:\\\/\\\/www.laguiadepamplona.com\\\/actualidad\\\/?s={search_term_string}\"},\"query-input\":{\"@type\":\"PropertyValueSpecification\",\"valueRequired\":true,\"valueName\":\"search_term_string\"}}],\"inLanguage\":\"es\"},{\"@type\":\"Organization\",\"@id\":\"https:\\\/\\\/www.laguiadepamplona.com\\\/actualidad\\\/#organization\",\"name\":\"La Gu\u00eda de Pamplona \\\/ Noticias\",\"url\":\"https:\\\/\\\/www.laguiadepamplona.com\\\/actualidad\\\/\",\"logo\":{\"@type\":\"ImageObject\",\"inLanguage\":\"es\",\"@id\":\"https:\\\/\\\/www.laguiadepamplona.com\\\/actualidad\\\/#\\\/schema\\\/logo\\\/image\\\/\",\"url\":\"https:\\\/\\\/www.laguiadepamplona.com\\\/actualidad\\\/wp-content\\\/uploads\\\/2018\\\/11\\\/logo-laguiadepamplona18-web1.png\",\"contentUrl\":\"https:\\\/\\\/www.laguiadepamplona.com\\\/actualidad\\\/wp-content\\\/uploads\\\/2018\\\/11\\\/logo-laguiadepamplona18-web1.png\",\"width\":600,\"height\":196,\"caption\":\"La Gu\u00eda de Pamplona \\\/ Noticias\"},\"image\":{\"@id\":\"https:\\\/\\\/www.laguiadepamplona.com\\\/actualidad\\\/#\\\/schema\\\/logo\\\/image\\\/\"},\"sameAs\":[\"https:\\\/\\\/www.facebook.com\\\/laguiadepamplonacom-133175176762273\\\/?ref=hl\",\"https:\\\/\\\/x.com\\\/LaGuiadPamplona\",\"https:\\\/\\\/www.instagram.com\\\/la_guia_de_pamplona\\\/\",\"https:\\\/\\\/www.youtube.com\\\/user\\\/laguiadepamplona\"]},{\"@type\":\"Person\",\"@id\":\"https:\\\/\\\/www.laguiadepamplona.com\\\/actualidad\\\/#\\\/schema\\\/person\\\/efe887376f0213d4657c93adc50b1fdb\",\"name\":\"La Gu\u00eda de Pamplona\",\"image\":{\"@type\":\"ImageObject\",\"inLanguage\":\"es\",\"@id\":\"https:\\\/\\\/secure.gravatar.com\\\/avatar\\\/b6992f131dc8d30ab0dff15446e9d346d9dbd95992de0fef795073f5ea83a81c?s=96&d=mm&r=g\",\"url\":\"https:\\\/\\\/secure.gravatar.com\\\/avatar\\\/b6992f131dc8d30ab0dff15446e9d346d9dbd95992de0fef795073f5ea83a81c?s=96&d=mm&r=g\",\"contentUrl\":\"https:\\\/\\\/secure.gravatar.com\\\/avatar\\\/b6992f131dc8d30ab0dff15446e9d346d9dbd95992de0fef795073f5ea83a81c?s=96&d=mm&r=g\",\"caption\":\"La Gu\u00eda de Pamplona\"}}]}<\/script>\n<!-- \/ Yoast SEO plugin. -->","yoast_head_json":{"title":"La instalaci\u00f3n art\u00edstica \u2018Embotellando Colores\u2019, con 3.200 botellas recicladas, invita a la reflexi\u00f3n en torno al uso responsable del pl\u00e1stico en Civivox Iturrama","description":"El proyecto lo han creado personas con discapacidad del Centro Ocupacional de TASUBINSA, bajo la direcci\u00f3n de la artista Alicia Otaegui","robots":{"index":"index","follow":"follow","max-snippet":"max-snippet:-1","max-image-preview":"max-image-preview:large","max-video-preview":"max-video-preview:-1"},"canonical":"https:\/\/www.laguiadepamplona.com\/actualidad\/la-instalacion-artistica-embotellando-colores-con-3-200-botellas-recicladas-invita-a-la-reflexion-en-torno-al-uso-responsable-del-plastico-en-civivox-iturrama\/","og_locale":"es_ES","og_type":"article","og_title":"La instalaci\u00f3n art\u00edstica \u2018Embotellando Colores\u2019, con 3.200 botellas recicladas, invita a la reflexi\u00f3n en torno al uso responsable del pl\u00e1stico en Civivox Iturrama","og_description":"El proyecto lo han creado personas con discapacidad del Centro Ocupacional de TASUBINSA, bajo la direcci\u00f3n de la artista Alicia Otaegui","og_url":"https:\/\/www.laguiadepamplona.com\/actualidad\/la-instalacion-artistica-embotellando-colores-con-3-200-botellas-recicladas-invita-a-la-reflexion-en-torno-al-uso-responsable-del-plastico-en-civivox-iturrama\/","og_site_name":"La Gu\u00eda de Pamplona","article_publisher":"https:\/\/www.facebook.com\/laguiadepamplonacom-133175176762273\/?ref=hl","article_published_time":"2022-10-19T10:17:57+00:00","article_modified_time":"2023-04-11T09:47:42+00:00","og_image":[{"width":1920,"height":1281,"url":"https:\/\/www.laguiadepamplona.com\/actualidad\/wp-content\/uploads\/2022\/10\/embotellando-colores.webp","type":"image\/webp"}],"author":"La Gu\u00eda de Pamplona","twitter_card":"summary_large_image","twitter_creator":"@LaGuiadPamplona","twitter_site":"@LaGuiadPamplona","twitter_misc":{"Escrito por":"La Gu\u00eda de Pamplona","Tiempo de lectura":"2 minutos"},"schema":{"@context":"https:\/\/schema.org","@graph":[{"@type":"Article","@id":"https:\/\/www.laguiadepamplona.com\/actualidad\/la-instalacion-artistica-embotellando-colores-con-3-200-botellas-recicladas-invita-a-la-reflexion-en-torno-al-uso-responsable-del-plastico-en-civivox-iturrama\/#article","isPartOf":{"@id":"https:\/\/www.laguiadepamplona.com\/actualidad\/la-instalacion-artistica-embotellando-colores-con-3-200-botellas-recicladas-invita-a-la-reflexion-en-torno-al-uso-responsable-del-plastico-en-civivox-iturrama\/"},"author":{"name":"La Gu\u00eda de Pamplona","@id":"https:\/\/www.laguiadepamplona.com\/actualidad\/#\/schema\/person\/efe887376f0213d4657c93adc50b1fdb"},"headline":"La instalaci\u00f3n art\u00edstica \u2018Embotellando Colores\u2019, con 3.200 botellas recicladas, invita a la reflexi\u00f3n en torno al uso responsable del pl\u00e1stico en Civivox Iturrama","datePublished":"2022-10-19T10:17:57+00:00","dateModified":"2023-04-11T09:47:42+00:00","mainEntityOfPage":{"@id":"https:\/\/www.laguiadepamplona.com\/actualidad\/la-instalacion-artistica-embotellando-colores-con-3-200-botellas-recicladas-invita-a-la-reflexion-en-torno-al-uso-responsable-del-plastico-en-civivox-iturrama\/"},"wordCount":476,"commentCount":0,"publisher":{"@id":"https:\/\/www.laguiadepamplona.com\/actualidad\/#organization"},"image":{"@id":"https:\/\/www.laguiadepamplona.com\/actualidad\/la-instalacion-artistica-embotellando-colores-con-3-200-botellas-recicladas-invita-a-la-reflexion-en-torno-al-uso-responsable-del-plastico-en-civivox-iturrama\/#primaryimage"},"thumbnailUrl":"https:\/\/www.laguiadepamplona.com\/actualidad\/wp-content\/uploads\/2022\/10\/embotellando-colores.webp","articleSection":["Ayto Pamplona"],"inLanguage":"es","potentialAction":[{"@type":"CommentAction","name":"Comment","target":["https:\/\/www.laguiadepamplona.com\/actualidad\/la-instalacion-artistica-embotellando-colores-con-3-200-botellas-recicladas-invita-a-la-reflexion-en-torno-al-uso-responsable-del-plastico-en-civivox-iturrama\/#respond"]}]},{"@type":"WebPage","@id":"https:\/\/www.laguiadepamplona.com\/actualidad\/la-instalacion-artistica-embotellando-colores-con-3-200-botellas-recicladas-invita-a-la-reflexion-en-torno-al-uso-responsable-del-plastico-en-civivox-iturrama\/","url":"https:\/\/www.laguiadepamplona.com\/actualidad\/la-instalacion-artistica-embotellando-colores-con-3-200-botellas-recicladas-invita-a-la-reflexion-en-torno-al-uso-responsable-del-plastico-en-civivox-iturrama\/","name":"La instalaci\u00f3n art\u00edstica \u2018Embotellando Colores\u2019, con 3.200 botellas recicladas, invita a la reflexi\u00f3n en torno al uso responsable del pl\u00e1stico en Civivox Iturrama","isPartOf":{"@id":"https:\/\/www.laguiadepamplona.com\/actualidad\/#website"},"primaryImageOfPage":{"@id":"https:\/\/www.laguiadepamplona.com\/actualidad\/la-instalacion-artistica-embotellando-colores-con-3-200-botellas-recicladas-invita-a-la-reflexion-en-torno-al-uso-responsable-del-plastico-en-civivox-iturrama\/#primaryimage"},"image":{"@id":"https:\/\/www.laguiadepamplona.com\/actualidad\/la-instalacion-artistica-embotellando-colores-con-3-200-botellas-recicladas-invita-a-la-reflexion-en-torno-al-uso-responsable-del-plastico-en-civivox-iturrama\/#primaryimage"},"thumbnailUrl":"https:\/\/www.laguiadepamplona.com\/actualidad\/wp-content\/uploads\/2022\/10\/embotellando-colores.webp","datePublished":"2022-10-19T10:17:57+00:00","dateModified":"2023-04-11T09:47:42+00:00","description":"El proyecto lo han creado personas con discapacidad del Centro Ocupacional de TASUBINSA, bajo la direcci\u00f3n de la artista Alicia Otaegui","breadcrumb":{"@id":"https:\/\/www.laguiadepamplona.com\/actualidad\/la-instalacion-artistica-embotellando-colores-con-3-200-botellas-recicladas-invita-a-la-reflexion-en-torno-al-uso-responsable-del-plastico-en-civivox-iturrama\/#breadcrumb"},"inLanguage":"es","potentialAction":[{"@type":"ReadAction","target":["https:\/\/www.laguiadepamplona.com\/actualidad\/la-instalacion-artistica-embotellando-colores-con-3-200-botellas-recicladas-invita-a-la-reflexion-en-torno-al-uso-responsable-del-plastico-en-civivox-iturrama\/"]}]},{"@type":"ImageObject","inLanguage":"es","@id":"https:\/\/www.laguiadepamplona.com\/actualidad\/la-instalacion-artistica-embotellando-colores-con-3-200-botellas-recicladas-invita-a-la-reflexion-en-torno-al-uso-responsable-del-plastico-en-civivox-iturrama\/#primaryimage","url":"https:\/\/www.laguiadepamplona.com\/actualidad\/wp-content\/uploads\/2022\/10\/embotellando-colores.webp","contentUrl":"https:\/\/www.laguiadepamplona.com\/actualidad\/wp-content\/uploads\/2022\/10\/embotellando-colores.webp","width":1920,"height":1281},{"@type":"BreadcrumbList","@id":"https:\/\/www.laguiadepamplona.com\/actualidad\/la-instalacion-artistica-embotellando-colores-con-3-200-botellas-recicladas-invita-a-la-reflexion-en-torno-al-uso-responsable-del-plastico-en-civivox-iturrama\/#breadcrumb","itemListElement":[{"@type":"ListItem","position":1,"name":"Portada","item":"https:\/\/www.laguiadepamplona.com\/actualidad\/"},{"@type":"ListItem","position":2,"name":"La instalaci\u00f3n art\u00edstica \u2018Embotellando Colores\u2019, con 3.200 botellas recicladas, invita a la reflexi\u00f3n en torno al uso responsable del pl\u00e1stico en Civivox Iturrama"}]},{"@type":"WebSite","@id":"https:\/\/www.laguiadepamplona.com\/actualidad\/#website","url":"https:\/\/www.laguiadepamplona.com\/actualidad\/","name":"La gu\u00eda de Pamplona","description":"Noticias de Pamplona","publisher":{"@id":"https:\/\/www.laguiadepamplona.com\/actualidad\/#organization"},"potentialAction":[{"@type":"SearchAction","target":{"@type":"EntryPoint","urlTemplate":"https:\/\/www.laguiadepamplona.com\/actualidad\/?s={search_term_string}"},"query-input":{"@type":"PropertyValueSpecification","valueRequired":true,"valueName":"search_term_string"}}],"inLanguage":"es"},{"@type":"Organization","@id":"https:\/\/www.laguiadepamplona.com\/actualidad\/#organization","name":"La Gu\u00eda de Pamplona \/ Noticias","url":"https:\/\/www.laguiadepamplona.com\/actualidad\/","logo":{"@type":"ImageObject","inLanguage":"es","@id":"https:\/\/www.laguiadepamplona.com\/actualidad\/#\/schema\/logo\/image\/","url":"https:\/\/www.laguiadepamplona.com\/actualidad\/wp-content\/uploads\/2018\/11\/logo-laguiadepamplona18-web1.png","contentUrl":"https:\/\/www.laguiadepamplona.com\/actualidad\/wp-content\/uploads\/2018\/11\/logo-laguiadepamplona18-web1.png","width":600,"height":196,"caption":"La Gu\u00eda de Pamplona \/ Noticias"},"image":{"@id":"https:\/\/www.laguiadepamplona.com\/actualidad\/#\/schema\/logo\/image\/"},"sameAs":["https:\/\/www.facebook.com\/laguiadepamplonacom-133175176762273\/?ref=hl","https:\/\/x.com\/LaGuiadPamplona","https:\/\/www.instagram.com\/la_guia_de_pamplona\/","https:\/\/www.youtube.com\/user\/laguiadepamplona"]},{"@type":"Person","@id":"https:\/\/www.laguiadepamplona.com\/actualidad\/#\/schema\/person\/efe887376f0213d4657c93adc50b1fdb","name":"La Gu\u00eda de Pamplona","image":{"@type":"ImageObject","inLanguage":"es","@id":"https:\/\/secure.gravatar.com\/avatar\/b6992f131dc8d30ab0dff15446e9d346d9dbd95992de0fef795073f5ea83a81c?s=96&d=mm&r=g","url":"https:\/\/secure.gravatar.com\/avatar\/b6992f131dc8d30ab0dff15446e9d346d9dbd95992de0fef795073f5ea83a81c?s=96&d=mm&r=g","contentUrl":"https:\/\/secure.gravatar.com\/avatar\/b6992f131dc8d30ab0dff15446e9d346d9dbd95992de0fef795073f5ea83a81c?s=96&d=mm&r=g","caption":"La Gu\u00eda de Pamplona"}}]}},"post_mailing_queue_ids":[],"_links":{"self":[{"href":"https:\/\/www.laguiadepamplona.com\/actualidad\/wp-json\/wp\/v2\/posts\/41949","targetHints":{"allow":["GET"]}}],"collection":[{"href":"https:\/\/www.laguiadepamplona.com\/actualidad\/wp-json\/wp\/v2\/posts"}],"about":[{"href":"https:\/\/www.laguiadepamplona.com\/actualidad\/wp-json\/wp\/v2\/types\/post"}],"author":[{"embeddable":true,"href":"https:\/\/www.laguiadepamplona.com\/actualidad\/wp-json\/wp\/v2\/users\/1"}],"replies":[{"embeddable":true,"href":"https:\/\/www.laguiadepamplona.com\/actualidad\/wp-json\/wp\/v2\/comments?post=41949"}],"version-history":[{"count":0,"href":"https:\/\/www.laguiadepamplona.com\/actualidad\/wp-json\/wp\/v2\/posts\/41949\/revisions"}],"wp:featuredmedia":[{"embeddable":true,"href":"https:\/\/www.laguiadepamplona.com\/actualidad\/wp-json\/wp\/v2\/media\/41950"}],"wp:attachment":[{"href":"https:\/\/www.laguiadepamplona.com\/actualidad\/wp-json\/wp\/v2\/media?parent=41949"}],"wp:term":[{"taxonomy":"category","embeddable":true,"href":"https:\/\/www.laguiadepamplona.com\/actualidad\/wp-json\/wp\/v2\/categories?post=41949"},{"taxonomy":"post_tag","embeddable":true,"href":"https:\/\/www.laguiadepamplona.com\/actualidad\/wp-json\/wp\/v2\/tags?post=41949"}],"curies":[{"name":"wp","href":"https:\/\/api.w.org\/{rel}","templated":true}]}}