{"id":41941,"date":"2022-10-18T16:54:29","date_gmt":"2022-10-18T14:54:29","guid":{"rendered":"https:\/\/www.laguiadepamplona.com\/actualidad\/?p=41941"},"modified":"2023-04-11T11:47:42","modified_gmt":"2023-04-11T09:47:42","slug":"el-ayuntamiento-de-pamplona-insiste-en-la-necesidad-de-contar-con-autorizacion-municipal-para-llevar-a-cabo-actividades-en-la-via-publica","status":"publish","type":"post","link":"https:\/\/www.laguiadepamplona.com\/actualidad\/el-ayuntamiento-de-pamplona-insiste-en-la-necesidad-de-contar-con-autorizacion-municipal-para-llevar-a-cabo-actividades-en-la-via-publica\/","title":{"rendered":"El Ayuntamiento de Pamplona insiste en la necesidad de contar con autorizaci\u00f3n municipal para llevar a cabo actividades en la v\u00eda p\u00fablica"},"content":{"rendered":"<h5>En los dos \u00faltimos fines de semana, la Polic\u00eda Municipal ha denunciado a dos charangas por tocar en las calles del Casco Antiguo sin autorizaci\u00f3n<\/h5>\n<p><!--more--><\/p>\n<p>Este pasado fin de semana, por segunda semana consecutiva, la Polic\u00eda Municipal denunci\u00f3 a una charanga por estar tocando por las calles del Casco Antiguo sin contar con la autorizaci\u00f3n pertinente del propio Ayuntamiento de Pamplona. Desde el Consistorio se quiere insistir en la necesidad de contar con autorizaci\u00f3n municipal para llevar a cabo actividades en la v\u00eda p\u00fablica.<br \/>\n<script async src=\"\/\/pagead2.googlesyndication.com\/pagead\/js\/adsbygoogle.js\"><\/script><br \/>\n<!-- Noticias La Guia de Pamplona --><br \/>\n<ins class=\"adsbygoogle\"\nstyle=\"display:block\"\ndata-ad-client=\"ca-pub-6943679897239327\"\ndata-ad-slot=\"7048180777\"\ndata-ad-format=\"auto\"><\/ins><br \/>\n<script>\n(adsbygoogle = window.adsbygoogle || []).push({});\n<\/script><\/p>\n<p>Las denuncias se han interpuesto calificando los hechos como graves, lo que equivale a sanciones que oscilan entre los 750 y los 1.500 euros. La semana pasada la denuncia se llev\u00f3 a cabo la noche del jueves al viernes por la m\u00fasica generada por una charanga que estuvo tocando en la calle del Carmen. La denuncia de este fin de semana ten\u00eda que ver con una charanga contratada para una despedida de soltero, que se excedi\u00f3 recorriendo la zona de Calderer\u00eda y Labrit con su m\u00fasica en un horario inadecuado.<\/p>\n<p>Estas situaciones denunciadas suponen un perjuicio principalmente del derecho al descanso de vecinos y vecinas de las calles por las que transitan estas charangas, m\u00e1s all\u00e1 del derecho al disfrute que tienen quienes acompa\u00f1an a esas formaciones. El uso abusivo que estas bandas y charangas est\u00e1n haciendo de la v\u00eda p\u00fablica no puede ser permitido por el Ayuntamiento de Pamplona, que seguir\u00e1 sancionar\u00e1 a quienes act\u00faen sin autorizaci\u00f3n.<\/p>\n","protected":false},"excerpt":{"rendered":"<p>En los dos \u00faltimos fines de semana, la Polic\u00eda Municipal ha denunciado a dos charangas por tocar en las calles del Casco Antiguo sin autorizaci\u00f3n<\/p>\n","protected":false},"author":1,"featured_media":41391,"comment_status":"open","ping_status":"closed","sticky":false,"template":"","format":"standard","meta":{"footnotes":""},"categories":[2],"tags":[],"class_list":["post-41941","post","type-post","status-publish","format-standard","has-post-thumbnail","hentry","category-ayuntamiento-pamplona"],"yoast_head":"<!-- This site is optimized with the Yoast SEO plugin v27.5 - https:\/\/yoast.com\/product\/yoast-seo-wordpress\/ -->\n<title>El Ayuntamiento de Pamplona insiste en la necesidad de contar con autorizaci\u00f3n municipal para llevar a cabo actividades en la v\u00eda p\u00fablica<\/title>\n<meta name=\"description\" content=\"En los dos \u00faltimos fines de semana, la Polic\u00eda Municipal ha denunciado a dos charangas por tocar en las calles del Casco Antiguo sin autorizaci\u00f3n\" \/>\n<meta name=\"robots\" content=\"index, follow, max-snippet:-1, max-image-preview:large, max-video-preview:-1\" \/>\n<link rel=\"canonical\" href=\"https:\/\/www.laguiadepamplona.com\/actualidad\/el-ayuntamiento-de-pamplona-insiste-en-la-necesidad-de-contar-con-autorizacion-municipal-para-llevar-a-cabo-actividades-en-la-via-publica\/\" \/>\n<meta property=\"og:locale\" content=\"es_ES\" \/>\n<meta property=\"og:type\" content=\"article\" \/>\n<meta property=\"og:title\" content=\"El Ayuntamiento de Pamplona insiste en la necesidad de contar con autorizaci\u00f3n municipal para llevar a cabo actividades en la v\u00eda p\u00fablica\" \/>\n<meta property=\"og:description\" content=\"En los dos \u00faltimos fines de semana, la Polic\u00eda Municipal ha denunciado a dos charangas por tocar en las calles del Casco Antiguo sin autorizaci\u00f3n\" \/>\n<meta property=\"og:url\" content=\"https:\/\/www.laguiadepamplona.com\/actualidad\/el-ayuntamiento-de-pamplona-insiste-en-la-necesidad-de-contar-con-autorizacion-municipal-para-llevar-a-cabo-actividades-en-la-via-publica\/\" \/>\n<meta property=\"og:site_name\" content=\"La Gu\u00eda de Pamplona\" \/>\n<meta property=\"article:publisher\" content=\"https:\/\/www.facebook.com\/laguiadepamplonacom-133175176762273\/?ref=hl\" \/>\n<meta property=\"article:published_time\" content=\"2022-10-18T14:54:29+00:00\" \/>\n<meta property=\"article:modified_time\" content=\"2023-04-11T09:47:42+00:00\" \/>\n<meta property=\"og:image\" content=\"https:\/\/www.laguiadepamplona.com\/actualidad\/wp-content\/uploads\/2022\/08\/reloj_ayuntamiento.webp\" \/>\n\t<meta property=\"og:image:width\" content=\"1920\" \/>\n\t<meta property=\"og:image:height\" content=\"1245\" \/>\n\t<meta property=\"og:image:type\" content=\"image\/webp\" \/>\n<meta name=\"author\" content=\"La Gu\u00eda de Pamplona\" \/>\n<meta name=\"twitter:card\" content=\"summary_large_image\" \/>\n<meta name=\"twitter:creator\" content=\"@LaGuiadPamplona\" \/>\n<meta name=\"twitter:site\" content=\"@LaGuiadPamplona\" \/>\n<meta name=\"twitter:label1\" content=\"Escrito por\" \/>\n\t<meta name=\"twitter:data1\" content=\"La Gu\u00eda de Pamplona\" \/>\n\t<meta name=\"twitter:label2\" content=\"Tiempo de lectura\" \/>\n\t<meta name=\"twitter:data2\" content=\"2 minutos\" \/>\n<script type=\"application\/ld+json\" class=\"yoast-schema-graph\">{\"@context\":\"https:\\\/\\\/schema.org\",\"@graph\":[{\"@type\":\"Article\",\"@id\":\"https:\\\/\\\/www.laguiadepamplona.com\\\/actualidad\\\/el-ayuntamiento-de-pamplona-insiste-en-la-necesidad-de-contar-con-autorizacion-municipal-para-llevar-a-cabo-actividades-en-la-via-publica\\\/#article\",\"isPartOf\":{\"@id\":\"https:\\\/\\\/www.laguiadepamplona.com\\\/actualidad\\\/el-ayuntamiento-de-pamplona-insiste-en-la-necesidad-de-contar-con-autorizacion-municipal-para-llevar-a-cabo-actividades-en-la-via-publica\\\/\"},\"author\":{\"name\":\"La Gu\u00eda de Pamplona\",\"@id\":\"https:\\\/\\\/www.laguiadepamplona.com\\\/actualidad\\\/#\\\/schema\\\/person\\\/efe887376f0213d4657c93adc50b1fdb\"},\"headline\":\"El Ayuntamiento de Pamplona insiste en la necesidad de contar con autorizaci\u00f3n municipal para llevar a cabo actividades en la v\u00eda p\u00fablica\",\"datePublished\":\"2022-10-18T14:54:29+00:00\",\"dateModified\":\"2023-04-11T09:47:42+00:00\",\"mainEntityOfPage\":{\"@id\":\"https:\\\/\\\/www.laguiadepamplona.com\\\/actualidad\\\/el-ayuntamiento-de-pamplona-insiste-en-la-necesidad-de-contar-con-autorizacion-municipal-para-llevar-a-cabo-actividades-en-la-via-publica\\\/\"},\"wordCount\":283,\"commentCount\":0,\"publisher\":{\"@id\":\"https:\\\/\\\/www.laguiadepamplona.com\\\/actualidad\\\/#organization\"},\"image\":{\"@id\":\"https:\\\/\\\/www.laguiadepamplona.com\\\/actualidad\\\/el-ayuntamiento-de-pamplona-insiste-en-la-necesidad-de-contar-con-autorizacion-municipal-para-llevar-a-cabo-actividades-en-la-via-publica\\\/#primaryimage\"},\"thumbnailUrl\":\"https:\\\/\\\/www.laguiadepamplona.com\\\/actualidad\\\/wp-content\\\/uploads\\\/2022\\\/08\\\/reloj_ayuntamiento.webp\",\"articleSection\":[\"Ayto Pamplona\"],\"inLanguage\":\"es\",\"potentialAction\":[{\"@type\":\"CommentAction\",\"name\":\"Comment\",\"target\":[\"https:\\\/\\\/www.laguiadepamplona.com\\\/actualidad\\\/el-ayuntamiento-de-pamplona-insiste-en-la-necesidad-de-contar-con-autorizacion-municipal-para-llevar-a-cabo-actividades-en-la-via-publica\\\/#respond\"]}]},{\"@type\":\"WebPage\",\"@id\":\"https:\\\/\\\/www.laguiadepamplona.com\\\/actualidad\\\/el-ayuntamiento-de-pamplona-insiste-en-la-necesidad-de-contar-con-autorizacion-municipal-para-llevar-a-cabo-actividades-en-la-via-publica\\\/\",\"url\":\"https:\\\/\\\/www.laguiadepamplona.com\\\/actualidad\\\/el-ayuntamiento-de-pamplona-insiste-en-la-necesidad-de-contar-con-autorizacion-municipal-para-llevar-a-cabo-actividades-en-la-via-publica\\\/\",\"name\":\"El Ayuntamiento de Pamplona insiste en la necesidad de contar con autorizaci\u00f3n municipal para llevar a cabo actividades en la v\u00eda p\u00fablica\",\"isPartOf\":{\"@id\":\"https:\\\/\\\/www.laguiadepamplona.com\\\/actualidad\\\/#website\"},\"primaryImageOfPage\":{\"@id\":\"https:\\\/\\\/www.laguiadepamplona.com\\\/actualidad\\\/el-ayuntamiento-de-pamplona-insiste-en-la-necesidad-de-contar-con-autorizacion-municipal-para-llevar-a-cabo-actividades-en-la-via-publica\\\/#primaryimage\"},\"image\":{\"@id\":\"https:\\\/\\\/www.laguiadepamplona.com\\\/actualidad\\\/el-ayuntamiento-de-pamplona-insiste-en-la-necesidad-de-contar-con-autorizacion-municipal-para-llevar-a-cabo-actividades-en-la-via-publica\\\/#primaryimage\"},\"thumbnailUrl\":\"https:\\\/\\\/www.laguiadepamplona.com\\\/actualidad\\\/wp-content\\\/uploads\\\/2022\\\/08\\\/reloj_ayuntamiento.webp\",\"datePublished\":\"2022-10-18T14:54:29+00:00\",\"dateModified\":\"2023-04-11T09:47:42+00:00\",\"description\":\"En los dos \u00faltimos fines de semana, la Polic\u00eda Municipal ha denunciado a dos charangas por tocar en las calles del Casco Antiguo sin autorizaci\u00f3n\",\"breadcrumb\":{\"@id\":\"https:\\\/\\\/www.laguiadepamplona.com\\\/actualidad\\\/el-ayuntamiento-de-pamplona-insiste-en-la-necesidad-de-contar-con-autorizacion-municipal-para-llevar-a-cabo-actividades-en-la-via-publica\\\/#breadcrumb\"},\"inLanguage\":\"es\",\"potentialAction\":[{\"@type\":\"ReadAction\",\"target\":[\"https:\\\/\\\/www.laguiadepamplona.com\\\/actualidad\\\/el-ayuntamiento-de-pamplona-insiste-en-la-necesidad-de-contar-con-autorizacion-municipal-para-llevar-a-cabo-actividades-en-la-via-publica\\\/\"]}]},{\"@type\":\"ImageObject\",\"inLanguage\":\"es\",\"@id\":\"https:\\\/\\\/www.laguiadepamplona.com\\\/actualidad\\\/el-ayuntamiento-de-pamplona-insiste-en-la-necesidad-de-contar-con-autorizacion-municipal-para-llevar-a-cabo-actividades-en-la-via-publica\\\/#primaryimage\",\"url\":\"https:\\\/\\\/www.laguiadepamplona.com\\\/actualidad\\\/wp-content\\\/uploads\\\/2022\\\/08\\\/reloj_ayuntamiento.webp\",\"contentUrl\":\"https:\\\/\\\/www.laguiadepamplona.com\\\/actualidad\\\/wp-content\\\/uploads\\\/2022\\\/08\\\/reloj_ayuntamiento.webp\",\"width\":1920,\"height\":1245,\"caption\":\"ayuntamiento\"},{\"@type\":\"BreadcrumbList\",\"@id\":\"https:\\\/\\\/www.laguiadepamplona.com\\\/actualidad\\\/el-ayuntamiento-de-pamplona-insiste-en-la-necesidad-de-contar-con-autorizacion-municipal-para-llevar-a-cabo-actividades-en-la-via-publica\\\/#breadcrumb\",\"itemListElement\":[{\"@type\":\"ListItem\",\"position\":1,\"name\":\"Portada\",\"item\":\"https:\\\/\\\/www.laguiadepamplona.com\\\/actualidad\\\/\"},{\"@type\":\"ListItem\",\"position\":2,\"name\":\"El Ayuntamiento de Pamplona insiste en la necesidad de contar con autorizaci\u00f3n municipal para llevar a cabo actividades en la v\u00eda p\u00fablica\"}]},{\"@type\":\"WebSite\",\"@id\":\"https:\\\/\\\/www.laguiadepamplona.com\\\/actualidad\\\/#website\",\"url\":\"https:\\\/\\\/www.laguiadepamplona.com\\\/actualidad\\\/\",\"name\":\"La gu\u00eda de Pamplona\",\"description\":\"Noticias de Pamplona\",\"publisher\":{\"@id\":\"https:\\\/\\\/www.laguiadepamplona.com\\\/actualidad\\\/#organization\"},\"potentialAction\":[{\"@type\":\"SearchAction\",\"target\":{\"@type\":\"EntryPoint\",\"urlTemplate\":\"https:\\\/\\\/www.laguiadepamplona.com\\\/actualidad\\\/?s={search_term_string}\"},\"query-input\":{\"@type\":\"PropertyValueSpecification\",\"valueRequired\":true,\"valueName\":\"search_term_string\"}}],\"inLanguage\":\"es\"},{\"@type\":\"Organization\",\"@id\":\"https:\\\/\\\/www.laguiadepamplona.com\\\/actualidad\\\/#organization\",\"name\":\"La Gu\u00eda de Pamplona \\\/ Noticias\",\"url\":\"https:\\\/\\\/www.laguiadepamplona.com\\\/actualidad\\\/\",\"logo\":{\"@type\":\"ImageObject\",\"inLanguage\":\"es\",\"@id\":\"https:\\\/\\\/www.laguiadepamplona.com\\\/actualidad\\\/#\\\/schema\\\/logo\\\/image\\\/\",\"url\":\"https:\\\/\\\/www.laguiadepamplona.com\\\/actualidad\\\/wp-content\\\/uploads\\\/2018\\\/11\\\/logo-laguiadepamplona18-web1.png\",\"contentUrl\":\"https:\\\/\\\/www.laguiadepamplona.com\\\/actualidad\\\/wp-content\\\/uploads\\\/2018\\\/11\\\/logo-laguiadepamplona18-web1.png\",\"width\":600,\"height\":196,\"caption\":\"La Gu\u00eda de Pamplona \\\/ Noticias\"},\"image\":{\"@id\":\"https:\\\/\\\/www.laguiadepamplona.com\\\/actualidad\\\/#\\\/schema\\\/logo\\\/image\\\/\"},\"sameAs\":[\"https:\\\/\\\/www.facebook.com\\\/laguiadepamplonacom-133175176762273\\\/?ref=hl\",\"https:\\\/\\\/x.com\\\/LaGuiadPamplona\",\"https:\\\/\\\/www.instagram.com\\\/la_guia_de_pamplona\\\/\",\"https:\\\/\\\/www.youtube.com\\\/user\\\/laguiadepamplona\"]},{\"@type\":\"Person\",\"@id\":\"https:\\\/\\\/www.laguiadepamplona.com\\\/actualidad\\\/#\\\/schema\\\/person\\\/efe887376f0213d4657c93adc50b1fdb\",\"name\":\"La Gu\u00eda de Pamplona\",\"image\":{\"@type\":\"ImageObject\",\"inLanguage\":\"es\",\"@id\":\"https:\\\/\\\/secure.gravatar.com\\\/avatar\\\/b6992f131dc8d30ab0dff15446e9d346d9dbd95992de0fef795073f5ea83a81c?s=96&d=mm&r=g\",\"url\":\"https:\\\/\\\/secure.gravatar.com\\\/avatar\\\/b6992f131dc8d30ab0dff15446e9d346d9dbd95992de0fef795073f5ea83a81c?s=96&d=mm&r=g\",\"contentUrl\":\"https:\\\/\\\/secure.gravatar.com\\\/avatar\\\/b6992f131dc8d30ab0dff15446e9d346d9dbd95992de0fef795073f5ea83a81c?s=96&d=mm&r=g\",\"caption\":\"La Gu\u00eda de Pamplona\"}}]}<\/script>\n<!-- \/ Yoast SEO plugin. -->","yoast_head_json":{"title":"El Ayuntamiento de Pamplona insiste en la necesidad de contar con autorizaci\u00f3n municipal para llevar a cabo actividades en la v\u00eda p\u00fablica","description":"En los dos \u00faltimos fines de semana, la Polic\u00eda Municipal ha denunciado a dos charangas por tocar en las calles del Casco Antiguo sin autorizaci\u00f3n","robots":{"index":"index","follow":"follow","max-snippet":"max-snippet:-1","max-image-preview":"max-image-preview:large","max-video-preview":"max-video-preview:-1"},"canonical":"https:\/\/www.laguiadepamplona.com\/actualidad\/el-ayuntamiento-de-pamplona-insiste-en-la-necesidad-de-contar-con-autorizacion-municipal-para-llevar-a-cabo-actividades-en-la-via-publica\/","og_locale":"es_ES","og_type":"article","og_title":"El Ayuntamiento de Pamplona insiste en la necesidad de contar con autorizaci\u00f3n municipal para llevar a cabo actividades en la v\u00eda p\u00fablica","og_description":"En los dos \u00faltimos fines de semana, la Polic\u00eda Municipal ha denunciado a dos charangas por tocar en las calles del Casco Antiguo sin autorizaci\u00f3n","og_url":"https:\/\/www.laguiadepamplona.com\/actualidad\/el-ayuntamiento-de-pamplona-insiste-en-la-necesidad-de-contar-con-autorizacion-municipal-para-llevar-a-cabo-actividades-en-la-via-publica\/","og_site_name":"La Gu\u00eda de Pamplona","article_publisher":"https:\/\/www.facebook.com\/laguiadepamplonacom-133175176762273\/?ref=hl","article_published_time":"2022-10-18T14:54:29+00:00","article_modified_time":"2023-04-11T09:47:42+00:00","og_image":[{"width":1920,"height":1245,"url":"https:\/\/www.laguiadepamplona.com\/actualidad\/wp-content\/uploads\/2022\/08\/reloj_ayuntamiento.webp","type":"image\/webp"}],"author":"La Gu\u00eda de Pamplona","twitter_card":"summary_large_image","twitter_creator":"@LaGuiadPamplona","twitter_site":"@LaGuiadPamplona","twitter_misc":{"Escrito por":"La Gu\u00eda de Pamplona","Tiempo de lectura":"2 minutos"},"schema":{"@context":"https:\/\/schema.org","@graph":[{"@type":"Article","@id":"https:\/\/www.laguiadepamplona.com\/actualidad\/el-ayuntamiento-de-pamplona-insiste-en-la-necesidad-de-contar-con-autorizacion-municipal-para-llevar-a-cabo-actividades-en-la-via-publica\/#article","isPartOf":{"@id":"https:\/\/www.laguiadepamplona.com\/actualidad\/el-ayuntamiento-de-pamplona-insiste-en-la-necesidad-de-contar-con-autorizacion-municipal-para-llevar-a-cabo-actividades-en-la-via-publica\/"},"author":{"name":"La Gu\u00eda de Pamplona","@id":"https:\/\/www.laguiadepamplona.com\/actualidad\/#\/schema\/person\/efe887376f0213d4657c93adc50b1fdb"},"headline":"El Ayuntamiento de Pamplona insiste en la necesidad de contar con autorizaci\u00f3n municipal para llevar a cabo actividades en la v\u00eda p\u00fablica","datePublished":"2022-10-18T14:54:29+00:00","dateModified":"2023-04-11T09:47:42+00:00","mainEntityOfPage":{"@id":"https:\/\/www.laguiadepamplona.com\/actualidad\/el-ayuntamiento-de-pamplona-insiste-en-la-necesidad-de-contar-con-autorizacion-municipal-para-llevar-a-cabo-actividades-en-la-via-publica\/"},"wordCount":283,"commentCount":0,"publisher":{"@id":"https:\/\/www.laguiadepamplona.com\/actualidad\/#organization"},"image":{"@id":"https:\/\/www.laguiadepamplona.com\/actualidad\/el-ayuntamiento-de-pamplona-insiste-en-la-necesidad-de-contar-con-autorizacion-municipal-para-llevar-a-cabo-actividades-en-la-via-publica\/#primaryimage"},"thumbnailUrl":"https:\/\/www.laguiadepamplona.com\/actualidad\/wp-content\/uploads\/2022\/08\/reloj_ayuntamiento.webp","articleSection":["Ayto Pamplona"],"inLanguage":"es","potentialAction":[{"@type":"CommentAction","name":"Comment","target":["https:\/\/www.laguiadepamplona.com\/actualidad\/el-ayuntamiento-de-pamplona-insiste-en-la-necesidad-de-contar-con-autorizacion-municipal-para-llevar-a-cabo-actividades-en-la-via-publica\/#respond"]}]},{"@type":"WebPage","@id":"https:\/\/www.laguiadepamplona.com\/actualidad\/el-ayuntamiento-de-pamplona-insiste-en-la-necesidad-de-contar-con-autorizacion-municipal-para-llevar-a-cabo-actividades-en-la-via-publica\/","url":"https:\/\/www.laguiadepamplona.com\/actualidad\/el-ayuntamiento-de-pamplona-insiste-en-la-necesidad-de-contar-con-autorizacion-municipal-para-llevar-a-cabo-actividades-en-la-via-publica\/","name":"El Ayuntamiento de Pamplona insiste en la necesidad de contar con autorizaci\u00f3n municipal para llevar a cabo actividades en la v\u00eda p\u00fablica","isPartOf":{"@id":"https:\/\/www.laguiadepamplona.com\/actualidad\/#website"},"primaryImageOfPage":{"@id":"https:\/\/www.laguiadepamplona.com\/actualidad\/el-ayuntamiento-de-pamplona-insiste-en-la-necesidad-de-contar-con-autorizacion-municipal-para-llevar-a-cabo-actividades-en-la-via-publica\/#primaryimage"},"image":{"@id":"https:\/\/www.laguiadepamplona.com\/actualidad\/el-ayuntamiento-de-pamplona-insiste-en-la-necesidad-de-contar-con-autorizacion-municipal-para-llevar-a-cabo-actividades-en-la-via-publica\/#primaryimage"},"thumbnailUrl":"https:\/\/www.laguiadepamplona.com\/actualidad\/wp-content\/uploads\/2022\/08\/reloj_ayuntamiento.webp","datePublished":"2022-10-18T14:54:29+00:00","dateModified":"2023-04-11T09:47:42+00:00","description":"En los dos \u00faltimos fines de semana, la Polic\u00eda Municipal ha denunciado a dos charangas por tocar en las calles del Casco Antiguo sin autorizaci\u00f3n","breadcrumb":{"@id":"https:\/\/www.laguiadepamplona.com\/actualidad\/el-ayuntamiento-de-pamplona-insiste-en-la-necesidad-de-contar-con-autorizacion-municipal-para-llevar-a-cabo-actividades-en-la-via-publica\/#breadcrumb"},"inLanguage":"es","potentialAction":[{"@type":"ReadAction","target":["https:\/\/www.laguiadepamplona.com\/actualidad\/el-ayuntamiento-de-pamplona-insiste-en-la-necesidad-de-contar-con-autorizacion-municipal-para-llevar-a-cabo-actividades-en-la-via-publica\/"]}]},{"@type":"ImageObject","inLanguage":"es","@id":"https:\/\/www.laguiadepamplona.com\/actualidad\/el-ayuntamiento-de-pamplona-insiste-en-la-necesidad-de-contar-con-autorizacion-municipal-para-llevar-a-cabo-actividades-en-la-via-publica\/#primaryimage","url":"https:\/\/www.laguiadepamplona.com\/actualidad\/wp-content\/uploads\/2022\/08\/reloj_ayuntamiento.webp","contentUrl":"https:\/\/www.laguiadepamplona.com\/actualidad\/wp-content\/uploads\/2022\/08\/reloj_ayuntamiento.webp","width":1920,"height":1245,"caption":"ayuntamiento"},{"@type":"BreadcrumbList","@id":"https:\/\/www.laguiadepamplona.com\/actualidad\/el-ayuntamiento-de-pamplona-insiste-en-la-necesidad-de-contar-con-autorizacion-municipal-para-llevar-a-cabo-actividades-en-la-via-publica\/#breadcrumb","itemListElement":[{"@type":"ListItem","position":1,"name":"Portada","item":"https:\/\/www.laguiadepamplona.com\/actualidad\/"},{"@type":"ListItem","position":2,"name":"El Ayuntamiento de Pamplona insiste en la necesidad de contar con autorizaci\u00f3n municipal para llevar a cabo actividades en la v\u00eda p\u00fablica"}]},{"@type":"WebSite","@id":"https:\/\/www.laguiadepamplona.com\/actualidad\/#website","url":"https:\/\/www.laguiadepamplona.com\/actualidad\/","name":"La gu\u00eda de Pamplona","description":"Noticias de Pamplona","publisher":{"@id":"https:\/\/www.laguiadepamplona.com\/actualidad\/#organization"},"potentialAction":[{"@type":"SearchAction","target":{"@type":"EntryPoint","urlTemplate":"https:\/\/www.laguiadepamplona.com\/actualidad\/?s={search_term_string}"},"query-input":{"@type":"PropertyValueSpecification","valueRequired":true,"valueName":"search_term_string"}}],"inLanguage":"es"},{"@type":"Organization","@id":"https:\/\/www.laguiadepamplona.com\/actualidad\/#organization","name":"La Gu\u00eda de Pamplona \/ Noticias","url":"https:\/\/www.laguiadepamplona.com\/actualidad\/","logo":{"@type":"ImageObject","inLanguage":"es","@id":"https:\/\/www.laguiadepamplona.com\/actualidad\/#\/schema\/logo\/image\/","url":"https:\/\/www.laguiadepamplona.com\/actualidad\/wp-content\/uploads\/2018\/11\/logo-laguiadepamplona18-web1.png","contentUrl":"https:\/\/www.laguiadepamplona.com\/actualidad\/wp-content\/uploads\/2018\/11\/logo-laguiadepamplona18-web1.png","width":600,"height":196,"caption":"La Gu\u00eda de Pamplona \/ Noticias"},"image":{"@id":"https:\/\/www.laguiadepamplona.com\/actualidad\/#\/schema\/logo\/image\/"},"sameAs":["https:\/\/www.facebook.com\/laguiadepamplonacom-133175176762273\/?ref=hl","https:\/\/x.com\/LaGuiadPamplona","https:\/\/www.instagram.com\/la_guia_de_pamplona\/","https:\/\/www.youtube.com\/user\/laguiadepamplona"]},{"@type":"Person","@id":"https:\/\/www.laguiadepamplona.com\/actualidad\/#\/schema\/person\/efe887376f0213d4657c93adc50b1fdb","name":"La Gu\u00eda de Pamplona","image":{"@type":"ImageObject","inLanguage":"es","@id":"https:\/\/secure.gravatar.com\/avatar\/b6992f131dc8d30ab0dff15446e9d346d9dbd95992de0fef795073f5ea83a81c?s=96&d=mm&r=g","url":"https:\/\/secure.gravatar.com\/avatar\/b6992f131dc8d30ab0dff15446e9d346d9dbd95992de0fef795073f5ea83a81c?s=96&d=mm&r=g","contentUrl":"https:\/\/secure.gravatar.com\/avatar\/b6992f131dc8d30ab0dff15446e9d346d9dbd95992de0fef795073f5ea83a81c?s=96&d=mm&r=g","caption":"La Gu\u00eda de Pamplona"}}]}},"post_mailing_queue_ids":[],"_links":{"self":[{"href":"https:\/\/www.laguiadepamplona.com\/actualidad\/wp-json\/wp\/v2\/posts\/41941","targetHints":{"allow":["GET"]}}],"collection":[{"href":"https:\/\/www.laguiadepamplona.com\/actualidad\/wp-json\/wp\/v2\/posts"}],"about":[{"href":"https:\/\/www.laguiadepamplona.com\/actualidad\/wp-json\/wp\/v2\/types\/post"}],"author":[{"embeddable":true,"href":"https:\/\/www.laguiadepamplona.com\/actualidad\/wp-json\/wp\/v2\/users\/1"}],"replies":[{"embeddable":true,"href":"https:\/\/www.laguiadepamplona.com\/actualidad\/wp-json\/wp\/v2\/comments?post=41941"}],"version-history":[{"count":0,"href":"https:\/\/www.laguiadepamplona.com\/actualidad\/wp-json\/wp\/v2\/posts\/41941\/revisions"}],"wp:featuredmedia":[{"embeddable":true,"href":"https:\/\/www.laguiadepamplona.com\/actualidad\/wp-json\/wp\/v2\/media\/41391"}],"wp:attachment":[{"href":"https:\/\/www.laguiadepamplona.com\/actualidad\/wp-json\/wp\/v2\/media?parent=41941"}],"wp:term":[{"taxonomy":"category","embeddable":true,"href":"https:\/\/www.laguiadepamplona.com\/actualidad\/wp-json\/wp\/v2\/categories?post=41941"},{"taxonomy":"post_tag","embeddable":true,"href":"https:\/\/www.laguiadepamplona.com\/actualidad\/wp-json\/wp\/v2\/tags?post=41941"}],"curies":[{"name":"wp","href":"https:\/\/api.w.org\/{rel}","templated":true}]}}