{"id":41936,"date":"2022-10-18T11:49:04","date_gmt":"2022-10-18T09:49:04","guid":{"rendered":"https:\/\/www.laguiadepamplona.com\/actualidad\/?p=41936"},"modified":"2023-04-11T11:47:42","modified_gmt":"2023-04-11T09:47:42","slug":"la-fachada-del-ayuntamiento-se-ilumina-en-color-rosa-el-miercoles-19-con-motivo-del-dia-internacional-de-la-lucha-contra-el-cancer-de-mama","status":"publish","type":"post","link":"https:\/\/www.laguiadepamplona.com\/actualidad\/la-fachada-del-ayuntamiento-se-ilumina-en-color-rosa-el-miercoles-19-con-motivo-del-dia-internacional-de-la-lucha-contra-el-cancer-de-mama\/","title":{"rendered":"La fachada del Ayuntamiento se ilumina en color rosa el mi\u00e9rcoles 19 con motivo del D\u00eda Internacional de la Lucha contra el C\u00e1ncer de Mama"},"content":{"rendered":"<h5>Las revisiones peri\u00f3dicas ayudan a la detecci\u00f3n precoz de la enfermedad, factor que mejora el \u00edndice de supervivencia junto a la investigaci\u00f3n<\/h5>\n<p><!--more--><\/p>\n<p>La fachada de la Casa Consistorial se ilumina en rosa el mi\u00e9rcoles 19 de octubre como apoyo a la conmemoraci\u00f3n del D\u00eda Internacional de la Lucha contra el C\u00e1ncer de Mama. La celebraci\u00f3n de esta jornada busca resaltar la importancia de las revisiones preventivas para la detecci\u00f3n precoz de la enfermedad, primera causa de muerte entre las mujeres. Un diagn\u00f3stico temprano incrementa los \u00edndices de supervivencia, puesto que el c\u00e1ncer es m\u00e1s f\u00e1cil de tratar en sus etapas iniciales.<br \/>\n<script async src=\"\/\/pagead2.googlesyndication.com\/pagead\/js\/adsbygoogle.js\"><\/script><br \/>\n<!-- Noticias La Guia de Pamplona --><br \/>\n<ins class=\"adsbygoogle\"\nstyle=\"display:block\"\ndata-ad-client=\"ca-pub-6943679897239327\"\ndata-ad-slot=\"7048180777\"\ndata-ad-format=\"auto\"><\/ins><br \/>\n<script>\n(adsbygoogle = window.adsbygoogle || []).push({});\n<\/script><\/p>\n<p>La Asociaci\u00f3n Navarra de C\u00e1ncer de Mama, Saray, promueve la atenci\u00f3n integral a las personas que sufren c\u00e1ncer de mama y su entorno, complementando la acci\u00f3n institucional sobre todo en el \u00e1mbito socio-sanitario, y apuesta por la investigaci\u00f3n, la informaci\u00f3n y la sensibilizaci\u00f3n de la sociedad en general. A esta sensibilizaci\u00f3n contribuye la celebraci\u00f3n del D\u00eda Internacional de la Lucha contra el C\u00e1ncer de Mama, que da a conocer las circunstancias que rodean a la enfermedad para combatirla m\u00e1s eficazmente.<\/p>\n<p>El c\u00e1ncer de mama se produce cuando las c\u00e9lulas del cuerpo se alteran y se multiplican sin control, creando un exceso de tejido que forma tumores. Los tumores benignos no invaden otros tejidos ni se extienden a otras partes del organismo, pero los malignos s\u00ed, e incluso pueden penetrar en la circulaci\u00f3n sangu\u00ednea o en el sistema linf\u00e1tico, formando tumores a distancia, que se denominan met\u00e1stasis. Hay distintos tipos de c\u00e1ncer de mama, que presenta mejor pron\u00f3stico que otros tumores malignos por la facilidad de su diagn\u00f3stico precoz. De ah\u00ed la importancia de que las mujeres realicen sus revisiones peri\u00f3dicas y participen en los programas de detecci\u00f3n precoz puestos en marcha en la actualidad.<\/p>\n","protected":false},"excerpt":{"rendered":"<p>Las revisiones peri\u00f3dicas ayudan a la detecci\u00f3n precoz de la enfermedad, factor que mejora el \u00edndice de supervivencia junto a la investigaci\u00f3n<\/p>\n","protected":false},"author":1,"featured_media":40303,"comment_status":"open","ping_status":"closed","sticky":false,"template":"","format":"standard","meta":{"footnotes":""},"categories":[2],"tags":[],"class_list":["post-41936","post","type-post","status-publish","format-standard","has-post-thumbnail","hentry","category-ayuntamiento-pamplona"],"yoast_head":"<!-- This site is optimized with the Yoast SEO plugin v27.3 - https:\/\/yoast.com\/product\/yoast-seo-wordpress\/ -->\n<title>La fachada del Ayuntamiento se ilumina en color rosa el mi\u00e9rcoles 19 con motivo del D\u00eda Internacional de la Lucha contra el C\u00e1ncer de Mama<\/title>\n<meta name=\"description\" content=\"Las revisiones peri\u00f3dicas ayudan a la detecci\u00f3n precoz de la enfermedad, factor que mejora el \u00edndice de supervivencia junto a la investigaci\u00f3n\" \/>\n<meta name=\"robots\" content=\"index, follow, max-snippet:-1, max-image-preview:large, max-video-preview:-1\" \/>\n<link rel=\"canonical\" href=\"https:\/\/www.laguiadepamplona.com\/actualidad\/la-fachada-del-ayuntamiento-se-ilumina-en-color-rosa-el-miercoles-19-con-motivo-del-dia-internacional-de-la-lucha-contra-el-cancer-de-mama\/\" \/>\n<meta property=\"og:locale\" content=\"es_ES\" \/>\n<meta property=\"og:type\" content=\"article\" \/>\n<meta property=\"og:title\" content=\"La fachada del Ayuntamiento se ilumina en color rosa el mi\u00e9rcoles 19 con motivo del D\u00eda Internacional de la Lucha contra el C\u00e1ncer de Mama\" \/>\n<meta property=\"og:description\" content=\"Las revisiones peri\u00f3dicas ayudan a la detecci\u00f3n precoz de la enfermedad, factor que mejora el \u00edndice de supervivencia junto a la investigaci\u00f3n\" \/>\n<meta property=\"og:url\" content=\"https:\/\/www.laguiadepamplona.com\/actualidad\/la-fachada-del-ayuntamiento-se-ilumina-en-color-rosa-el-miercoles-19-con-motivo-del-dia-internacional-de-la-lucha-contra-el-cancer-de-mama\/\" \/>\n<meta property=\"og:site_name\" content=\"La Gu\u00eda de Pamplona\" \/>\n<meta property=\"article:publisher\" content=\"https:\/\/www.facebook.com\/laguiadepamplonacom-133175176762273\/?ref=hl\" \/>\n<meta property=\"article:published_time\" content=\"2022-10-18T09:49:04+00:00\" \/>\n<meta property=\"article:modified_time\" content=\"2023-04-11T09:47:42+00:00\" \/>\n<meta property=\"og:image\" content=\"https:\/\/www.laguiadepamplona.com\/actualidad\/wp-content\/uploads\/2022\/05\/fachada-rosa-morada-copia.webp\" \/>\n\t<meta property=\"og:image:width\" content=\"1772\" \/>\n\t<meta property=\"og:image:height\" content=\"1181\" \/>\n\t<meta property=\"og:image:type\" content=\"image\/webp\" \/>\n<meta name=\"author\" content=\"La Gu\u00eda de Pamplona\" \/>\n<meta name=\"twitter:card\" content=\"summary_large_image\" \/>\n<meta name=\"twitter:creator\" content=\"@LaGuiadPamplona\" \/>\n<meta name=\"twitter:site\" content=\"@LaGuiadPamplona\" \/>\n<meta name=\"twitter:label1\" content=\"Escrito por\" \/>\n\t<meta name=\"twitter:data1\" content=\"La Gu\u00eda de Pamplona\" \/>\n\t<meta name=\"twitter:label2\" content=\"Tiempo de lectura\" \/>\n\t<meta name=\"twitter:data2\" content=\"2 minutos\" \/>\n<script type=\"application\/ld+json\" class=\"yoast-schema-graph\">{\"@context\":\"https:\\\/\\\/schema.org\",\"@graph\":[{\"@type\":\"Article\",\"@id\":\"https:\\\/\\\/www.laguiadepamplona.com\\\/actualidad\\\/la-fachada-del-ayuntamiento-se-ilumina-en-color-rosa-el-miercoles-19-con-motivo-del-dia-internacional-de-la-lucha-contra-el-cancer-de-mama\\\/#article\",\"isPartOf\":{\"@id\":\"https:\\\/\\\/www.laguiadepamplona.com\\\/actualidad\\\/la-fachada-del-ayuntamiento-se-ilumina-en-color-rosa-el-miercoles-19-con-motivo-del-dia-internacional-de-la-lucha-contra-el-cancer-de-mama\\\/\"},\"author\":{\"name\":\"La Gu\u00eda de Pamplona\",\"@id\":\"https:\\\/\\\/www.laguiadepamplona.com\\\/actualidad\\\/#\\\/schema\\\/person\\\/efe887376f0213d4657c93adc50b1fdb\"},\"headline\":\"La fachada del Ayuntamiento se ilumina en color rosa el mi\u00e9rcoles 19 con motivo del D\u00eda Internacional de la Lucha contra el C\u00e1ncer de Mama\",\"datePublished\":\"2022-10-18T09:49:04+00:00\",\"dateModified\":\"2023-04-11T09:47:42+00:00\",\"mainEntityOfPage\":{\"@id\":\"https:\\\/\\\/www.laguiadepamplona.com\\\/actualidad\\\/la-fachada-del-ayuntamiento-se-ilumina-en-color-rosa-el-miercoles-19-con-motivo-del-dia-internacional-de-la-lucha-contra-el-cancer-de-mama\\\/\"},\"wordCount\":358,\"commentCount\":0,\"publisher\":{\"@id\":\"https:\\\/\\\/www.laguiadepamplona.com\\\/actualidad\\\/#organization\"},\"image\":{\"@id\":\"https:\\\/\\\/www.laguiadepamplona.com\\\/actualidad\\\/la-fachada-del-ayuntamiento-se-ilumina-en-color-rosa-el-miercoles-19-con-motivo-del-dia-internacional-de-la-lucha-contra-el-cancer-de-mama\\\/#primaryimage\"},\"thumbnailUrl\":\"https:\\\/\\\/www.laguiadepamplona.com\\\/actualidad\\\/wp-content\\\/uploads\\\/2022\\\/05\\\/fachada-rosa-morada-copia.webp\",\"articleSection\":[\"Ayto Pamplona\"],\"inLanguage\":\"es\",\"potentialAction\":[{\"@type\":\"CommentAction\",\"name\":\"Comment\",\"target\":[\"https:\\\/\\\/www.laguiadepamplona.com\\\/actualidad\\\/la-fachada-del-ayuntamiento-se-ilumina-en-color-rosa-el-miercoles-19-con-motivo-del-dia-internacional-de-la-lucha-contra-el-cancer-de-mama\\\/#respond\"]}]},{\"@type\":\"WebPage\",\"@id\":\"https:\\\/\\\/www.laguiadepamplona.com\\\/actualidad\\\/la-fachada-del-ayuntamiento-se-ilumina-en-color-rosa-el-miercoles-19-con-motivo-del-dia-internacional-de-la-lucha-contra-el-cancer-de-mama\\\/\",\"url\":\"https:\\\/\\\/www.laguiadepamplona.com\\\/actualidad\\\/la-fachada-del-ayuntamiento-se-ilumina-en-color-rosa-el-miercoles-19-con-motivo-del-dia-internacional-de-la-lucha-contra-el-cancer-de-mama\\\/\",\"name\":\"La fachada del Ayuntamiento se ilumina en color rosa el mi\u00e9rcoles 19 con motivo del D\u00eda Internacional de la Lucha contra el C\u00e1ncer de Mama\",\"isPartOf\":{\"@id\":\"https:\\\/\\\/www.laguiadepamplona.com\\\/actualidad\\\/#website\"},\"primaryImageOfPage\":{\"@id\":\"https:\\\/\\\/www.laguiadepamplona.com\\\/actualidad\\\/la-fachada-del-ayuntamiento-se-ilumina-en-color-rosa-el-miercoles-19-con-motivo-del-dia-internacional-de-la-lucha-contra-el-cancer-de-mama\\\/#primaryimage\"},\"image\":{\"@id\":\"https:\\\/\\\/www.laguiadepamplona.com\\\/actualidad\\\/la-fachada-del-ayuntamiento-se-ilumina-en-color-rosa-el-miercoles-19-con-motivo-del-dia-internacional-de-la-lucha-contra-el-cancer-de-mama\\\/#primaryimage\"},\"thumbnailUrl\":\"https:\\\/\\\/www.laguiadepamplona.com\\\/actualidad\\\/wp-content\\\/uploads\\\/2022\\\/05\\\/fachada-rosa-morada-copia.webp\",\"datePublished\":\"2022-10-18T09:49:04+00:00\",\"dateModified\":\"2023-04-11T09:47:42+00:00\",\"description\":\"Las revisiones peri\u00f3dicas ayudan a la detecci\u00f3n precoz de la enfermedad, factor que mejora el \u00edndice de supervivencia junto a la investigaci\u00f3n\",\"breadcrumb\":{\"@id\":\"https:\\\/\\\/www.laguiadepamplona.com\\\/actualidad\\\/la-fachada-del-ayuntamiento-se-ilumina-en-color-rosa-el-miercoles-19-con-motivo-del-dia-internacional-de-la-lucha-contra-el-cancer-de-mama\\\/#breadcrumb\"},\"inLanguage\":\"es\",\"potentialAction\":[{\"@type\":\"ReadAction\",\"target\":[\"https:\\\/\\\/www.laguiadepamplona.com\\\/actualidad\\\/la-fachada-del-ayuntamiento-se-ilumina-en-color-rosa-el-miercoles-19-con-motivo-del-dia-internacional-de-la-lucha-contra-el-cancer-de-mama\\\/\"]}]},{\"@type\":\"ImageObject\",\"inLanguage\":\"es\",\"@id\":\"https:\\\/\\\/www.laguiadepamplona.com\\\/actualidad\\\/la-fachada-del-ayuntamiento-se-ilumina-en-color-rosa-el-miercoles-19-con-motivo-del-dia-internacional-de-la-lucha-contra-el-cancer-de-mama\\\/#primaryimage\",\"url\":\"https:\\\/\\\/www.laguiadepamplona.com\\\/actualidad\\\/wp-content\\\/uploads\\\/2022\\\/05\\\/fachada-rosa-morada-copia.webp\",\"contentUrl\":\"https:\\\/\\\/www.laguiadepamplona.com\\\/actualidad\\\/wp-content\\\/uploads\\\/2022\\\/05\\\/fachada-rosa-morada-copia.webp\",\"width\":1772,\"height\":1181,\"caption\":\"fachada rosa morado ayuntamiento\"},{\"@type\":\"BreadcrumbList\",\"@id\":\"https:\\\/\\\/www.laguiadepamplona.com\\\/actualidad\\\/la-fachada-del-ayuntamiento-se-ilumina-en-color-rosa-el-miercoles-19-con-motivo-del-dia-internacional-de-la-lucha-contra-el-cancer-de-mama\\\/#breadcrumb\",\"itemListElement\":[{\"@type\":\"ListItem\",\"position\":1,\"name\":\"Portada\",\"item\":\"https:\\\/\\\/www.laguiadepamplona.com\\\/actualidad\\\/\"},{\"@type\":\"ListItem\",\"position\":2,\"name\":\"La fachada del Ayuntamiento se ilumina en color rosa el mi\u00e9rcoles 19 con motivo del D\u00eda Internacional de la Lucha contra el C\u00e1ncer de Mama\"}]},{\"@type\":\"WebSite\",\"@id\":\"https:\\\/\\\/www.laguiadepamplona.com\\\/actualidad\\\/#website\",\"url\":\"https:\\\/\\\/www.laguiadepamplona.com\\\/actualidad\\\/\",\"name\":\"La gu\u00eda de Pamplona\",\"description\":\"Noticias de Pamplona\",\"publisher\":{\"@id\":\"https:\\\/\\\/www.laguiadepamplona.com\\\/actualidad\\\/#organization\"},\"potentialAction\":[{\"@type\":\"SearchAction\",\"target\":{\"@type\":\"EntryPoint\",\"urlTemplate\":\"https:\\\/\\\/www.laguiadepamplona.com\\\/actualidad\\\/?s={search_term_string}\"},\"query-input\":{\"@type\":\"PropertyValueSpecification\",\"valueRequired\":true,\"valueName\":\"search_term_string\"}}],\"inLanguage\":\"es\"},{\"@type\":\"Organization\",\"@id\":\"https:\\\/\\\/www.laguiadepamplona.com\\\/actualidad\\\/#organization\",\"name\":\"La Gu\u00eda de Pamplona \\\/ Noticias\",\"url\":\"https:\\\/\\\/www.laguiadepamplona.com\\\/actualidad\\\/\",\"logo\":{\"@type\":\"ImageObject\",\"inLanguage\":\"es\",\"@id\":\"https:\\\/\\\/www.laguiadepamplona.com\\\/actualidad\\\/#\\\/schema\\\/logo\\\/image\\\/\",\"url\":\"https:\\\/\\\/www.laguiadepamplona.com\\\/actualidad\\\/wp-content\\\/uploads\\\/2018\\\/11\\\/logo-laguiadepamplona18-web1.png\",\"contentUrl\":\"https:\\\/\\\/www.laguiadepamplona.com\\\/actualidad\\\/wp-content\\\/uploads\\\/2018\\\/11\\\/logo-laguiadepamplona18-web1.png\",\"width\":600,\"height\":196,\"caption\":\"La Gu\u00eda de Pamplona \\\/ Noticias\"},\"image\":{\"@id\":\"https:\\\/\\\/www.laguiadepamplona.com\\\/actualidad\\\/#\\\/schema\\\/logo\\\/image\\\/\"},\"sameAs\":[\"https:\\\/\\\/www.facebook.com\\\/laguiadepamplonacom-133175176762273\\\/?ref=hl\",\"https:\\\/\\\/x.com\\\/LaGuiadPamplona\",\"https:\\\/\\\/www.instagram.com\\\/la_guia_de_pamplona\\\/\",\"https:\\\/\\\/www.youtube.com\\\/user\\\/laguiadepamplona\"]},{\"@type\":\"Person\",\"@id\":\"https:\\\/\\\/www.laguiadepamplona.com\\\/actualidad\\\/#\\\/schema\\\/person\\\/efe887376f0213d4657c93adc50b1fdb\",\"name\":\"La Gu\u00eda de Pamplona\",\"image\":{\"@type\":\"ImageObject\",\"inLanguage\":\"es\",\"@id\":\"https:\\\/\\\/secure.gravatar.com\\\/avatar\\\/b6992f131dc8d30ab0dff15446e9d346d9dbd95992de0fef795073f5ea83a81c?s=96&d=mm&r=g\",\"url\":\"https:\\\/\\\/secure.gravatar.com\\\/avatar\\\/b6992f131dc8d30ab0dff15446e9d346d9dbd95992de0fef795073f5ea83a81c?s=96&d=mm&r=g\",\"contentUrl\":\"https:\\\/\\\/secure.gravatar.com\\\/avatar\\\/b6992f131dc8d30ab0dff15446e9d346d9dbd95992de0fef795073f5ea83a81c?s=96&d=mm&r=g\",\"caption\":\"La Gu\u00eda de Pamplona\"}}]}<\/script>\n<!-- \/ Yoast SEO plugin. -->","yoast_head_json":{"title":"La fachada del Ayuntamiento se ilumina en color rosa el mi\u00e9rcoles 19 con motivo del D\u00eda Internacional de la Lucha contra el C\u00e1ncer de Mama","description":"Las revisiones peri\u00f3dicas ayudan a la detecci\u00f3n precoz de la enfermedad, factor que mejora el \u00edndice de supervivencia junto a la investigaci\u00f3n","robots":{"index":"index","follow":"follow","max-snippet":"max-snippet:-1","max-image-preview":"max-image-preview:large","max-video-preview":"max-video-preview:-1"},"canonical":"https:\/\/www.laguiadepamplona.com\/actualidad\/la-fachada-del-ayuntamiento-se-ilumina-en-color-rosa-el-miercoles-19-con-motivo-del-dia-internacional-de-la-lucha-contra-el-cancer-de-mama\/","og_locale":"es_ES","og_type":"article","og_title":"La fachada del Ayuntamiento se ilumina en color rosa el mi\u00e9rcoles 19 con motivo del D\u00eda Internacional de la Lucha contra el C\u00e1ncer de Mama","og_description":"Las revisiones peri\u00f3dicas ayudan a la detecci\u00f3n precoz de la enfermedad, factor que mejora el \u00edndice de supervivencia junto a la investigaci\u00f3n","og_url":"https:\/\/www.laguiadepamplona.com\/actualidad\/la-fachada-del-ayuntamiento-se-ilumina-en-color-rosa-el-miercoles-19-con-motivo-del-dia-internacional-de-la-lucha-contra-el-cancer-de-mama\/","og_site_name":"La Gu\u00eda de Pamplona","article_publisher":"https:\/\/www.facebook.com\/laguiadepamplonacom-133175176762273\/?ref=hl","article_published_time":"2022-10-18T09:49:04+00:00","article_modified_time":"2023-04-11T09:47:42+00:00","og_image":[{"width":1772,"height":1181,"url":"https:\/\/www.laguiadepamplona.com\/actualidad\/wp-content\/uploads\/2022\/05\/fachada-rosa-morada-copia.webp","type":"image\/webp"}],"author":"La Gu\u00eda de Pamplona","twitter_card":"summary_large_image","twitter_creator":"@LaGuiadPamplona","twitter_site":"@LaGuiadPamplona","twitter_misc":{"Escrito por":"La Gu\u00eda de Pamplona","Tiempo de lectura":"2 minutos"},"schema":{"@context":"https:\/\/schema.org","@graph":[{"@type":"Article","@id":"https:\/\/www.laguiadepamplona.com\/actualidad\/la-fachada-del-ayuntamiento-se-ilumina-en-color-rosa-el-miercoles-19-con-motivo-del-dia-internacional-de-la-lucha-contra-el-cancer-de-mama\/#article","isPartOf":{"@id":"https:\/\/www.laguiadepamplona.com\/actualidad\/la-fachada-del-ayuntamiento-se-ilumina-en-color-rosa-el-miercoles-19-con-motivo-del-dia-internacional-de-la-lucha-contra-el-cancer-de-mama\/"},"author":{"name":"La Gu\u00eda de Pamplona","@id":"https:\/\/www.laguiadepamplona.com\/actualidad\/#\/schema\/person\/efe887376f0213d4657c93adc50b1fdb"},"headline":"La fachada del Ayuntamiento se ilumina en color rosa el mi\u00e9rcoles 19 con motivo del D\u00eda Internacional de la Lucha contra el C\u00e1ncer de Mama","datePublished":"2022-10-18T09:49:04+00:00","dateModified":"2023-04-11T09:47:42+00:00","mainEntityOfPage":{"@id":"https:\/\/www.laguiadepamplona.com\/actualidad\/la-fachada-del-ayuntamiento-se-ilumina-en-color-rosa-el-miercoles-19-con-motivo-del-dia-internacional-de-la-lucha-contra-el-cancer-de-mama\/"},"wordCount":358,"commentCount":0,"publisher":{"@id":"https:\/\/www.laguiadepamplona.com\/actualidad\/#organization"},"image":{"@id":"https:\/\/www.laguiadepamplona.com\/actualidad\/la-fachada-del-ayuntamiento-se-ilumina-en-color-rosa-el-miercoles-19-con-motivo-del-dia-internacional-de-la-lucha-contra-el-cancer-de-mama\/#primaryimage"},"thumbnailUrl":"https:\/\/www.laguiadepamplona.com\/actualidad\/wp-content\/uploads\/2022\/05\/fachada-rosa-morada-copia.webp","articleSection":["Ayto Pamplona"],"inLanguage":"es","potentialAction":[{"@type":"CommentAction","name":"Comment","target":["https:\/\/www.laguiadepamplona.com\/actualidad\/la-fachada-del-ayuntamiento-se-ilumina-en-color-rosa-el-miercoles-19-con-motivo-del-dia-internacional-de-la-lucha-contra-el-cancer-de-mama\/#respond"]}]},{"@type":"WebPage","@id":"https:\/\/www.laguiadepamplona.com\/actualidad\/la-fachada-del-ayuntamiento-se-ilumina-en-color-rosa-el-miercoles-19-con-motivo-del-dia-internacional-de-la-lucha-contra-el-cancer-de-mama\/","url":"https:\/\/www.laguiadepamplona.com\/actualidad\/la-fachada-del-ayuntamiento-se-ilumina-en-color-rosa-el-miercoles-19-con-motivo-del-dia-internacional-de-la-lucha-contra-el-cancer-de-mama\/","name":"La fachada del Ayuntamiento se ilumina en color rosa el mi\u00e9rcoles 19 con motivo del D\u00eda Internacional de la Lucha contra el C\u00e1ncer de Mama","isPartOf":{"@id":"https:\/\/www.laguiadepamplona.com\/actualidad\/#website"},"primaryImageOfPage":{"@id":"https:\/\/www.laguiadepamplona.com\/actualidad\/la-fachada-del-ayuntamiento-se-ilumina-en-color-rosa-el-miercoles-19-con-motivo-del-dia-internacional-de-la-lucha-contra-el-cancer-de-mama\/#primaryimage"},"image":{"@id":"https:\/\/www.laguiadepamplona.com\/actualidad\/la-fachada-del-ayuntamiento-se-ilumina-en-color-rosa-el-miercoles-19-con-motivo-del-dia-internacional-de-la-lucha-contra-el-cancer-de-mama\/#primaryimage"},"thumbnailUrl":"https:\/\/www.laguiadepamplona.com\/actualidad\/wp-content\/uploads\/2022\/05\/fachada-rosa-morada-copia.webp","datePublished":"2022-10-18T09:49:04+00:00","dateModified":"2023-04-11T09:47:42+00:00","description":"Las revisiones peri\u00f3dicas ayudan a la detecci\u00f3n precoz de la enfermedad, factor que mejora el \u00edndice de supervivencia junto a la investigaci\u00f3n","breadcrumb":{"@id":"https:\/\/www.laguiadepamplona.com\/actualidad\/la-fachada-del-ayuntamiento-se-ilumina-en-color-rosa-el-miercoles-19-con-motivo-del-dia-internacional-de-la-lucha-contra-el-cancer-de-mama\/#breadcrumb"},"inLanguage":"es","potentialAction":[{"@type":"ReadAction","target":["https:\/\/www.laguiadepamplona.com\/actualidad\/la-fachada-del-ayuntamiento-se-ilumina-en-color-rosa-el-miercoles-19-con-motivo-del-dia-internacional-de-la-lucha-contra-el-cancer-de-mama\/"]}]},{"@type":"ImageObject","inLanguage":"es","@id":"https:\/\/www.laguiadepamplona.com\/actualidad\/la-fachada-del-ayuntamiento-se-ilumina-en-color-rosa-el-miercoles-19-con-motivo-del-dia-internacional-de-la-lucha-contra-el-cancer-de-mama\/#primaryimage","url":"https:\/\/www.laguiadepamplona.com\/actualidad\/wp-content\/uploads\/2022\/05\/fachada-rosa-morada-copia.webp","contentUrl":"https:\/\/www.laguiadepamplona.com\/actualidad\/wp-content\/uploads\/2022\/05\/fachada-rosa-morada-copia.webp","width":1772,"height":1181,"caption":"fachada rosa morado ayuntamiento"},{"@type":"BreadcrumbList","@id":"https:\/\/www.laguiadepamplona.com\/actualidad\/la-fachada-del-ayuntamiento-se-ilumina-en-color-rosa-el-miercoles-19-con-motivo-del-dia-internacional-de-la-lucha-contra-el-cancer-de-mama\/#breadcrumb","itemListElement":[{"@type":"ListItem","position":1,"name":"Portada","item":"https:\/\/www.laguiadepamplona.com\/actualidad\/"},{"@type":"ListItem","position":2,"name":"La fachada del Ayuntamiento se ilumina en color rosa el mi\u00e9rcoles 19 con motivo del D\u00eda Internacional de la Lucha contra el C\u00e1ncer de Mama"}]},{"@type":"WebSite","@id":"https:\/\/www.laguiadepamplona.com\/actualidad\/#website","url":"https:\/\/www.laguiadepamplona.com\/actualidad\/","name":"La gu\u00eda de Pamplona","description":"Noticias de Pamplona","publisher":{"@id":"https:\/\/www.laguiadepamplona.com\/actualidad\/#organization"},"potentialAction":[{"@type":"SearchAction","target":{"@type":"EntryPoint","urlTemplate":"https:\/\/www.laguiadepamplona.com\/actualidad\/?s={search_term_string}"},"query-input":{"@type":"PropertyValueSpecification","valueRequired":true,"valueName":"search_term_string"}}],"inLanguage":"es"},{"@type":"Organization","@id":"https:\/\/www.laguiadepamplona.com\/actualidad\/#organization","name":"La Gu\u00eda de Pamplona \/ Noticias","url":"https:\/\/www.laguiadepamplona.com\/actualidad\/","logo":{"@type":"ImageObject","inLanguage":"es","@id":"https:\/\/www.laguiadepamplona.com\/actualidad\/#\/schema\/logo\/image\/","url":"https:\/\/www.laguiadepamplona.com\/actualidad\/wp-content\/uploads\/2018\/11\/logo-laguiadepamplona18-web1.png","contentUrl":"https:\/\/www.laguiadepamplona.com\/actualidad\/wp-content\/uploads\/2018\/11\/logo-laguiadepamplona18-web1.png","width":600,"height":196,"caption":"La Gu\u00eda de Pamplona \/ Noticias"},"image":{"@id":"https:\/\/www.laguiadepamplona.com\/actualidad\/#\/schema\/logo\/image\/"},"sameAs":["https:\/\/www.facebook.com\/laguiadepamplonacom-133175176762273\/?ref=hl","https:\/\/x.com\/LaGuiadPamplona","https:\/\/www.instagram.com\/la_guia_de_pamplona\/","https:\/\/www.youtube.com\/user\/laguiadepamplona"]},{"@type":"Person","@id":"https:\/\/www.laguiadepamplona.com\/actualidad\/#\/schema\/person\/efe887376f0213d4657c93adc50b1fdb","name":"La Gu\u00eda de Pamplona","image":{"@type":"ImageObject","inLanguage":"es","@id":"https:\/\/secure.gravatar.com\/avatar\/b6992f131dc8d30ab0dff15446e9d346d9dbd95992de0fef795073f5ea83a81c?s=96&d=mm&r=g","url":"https:\/\/secure.gravatar.com\/avatar\/b6992f131dc8d30ab0dff15446e9d346d9dbd95992de0fef795073f5ea83a81c?s=96&d=mm&r=g","contentUrl":"https:\/\/secure.gravatar.com\/avatar\/b6992f131dc8d30ab0dff15446e9d346d9dbd95992de0fef795073f5ea83a81c?s=96&d=mm&r=g","caption":"La Gu\u00eda de Pamplona"}}]}},"post_mailing_queue_ids":[],"_links":{"self":[{"href":"https:\/\/www.laguiadepamplona.com\/actualidad\/wp-json\/wp\/v2\/posts\/41936","targetHints":{"allow":["GET"]}}],"collection":[{"href":"https:\/\/www.laguiadepamplona.com\/actualidad\/wp-json\/wp\/v2\/posts"}],"about":[{"href":"https:\/\/www.laguiadepamplona.com\/actualidad\/wp-json\/wp\/v2\/types\/post"}],"author":[{"embeddable":true,"href":"https:\/\/www.laguiadepamplona.com\/actualidad\/wp-json\/wp\/v2\/users\/1"}],"replies":[{"embeddable":true,"href":"https:\/\/www.laguiadepamplona.com\/actualidad\/wp-json\/wp\/v2\/comments?post=41936"}],"version-history":[{"count":0,"href":"https:\/\/www.laguiadepamplona.com\/actualidad\/wp-json\/wp\/v2\/posts\/41936\/revisions"}],"wp:featuredmedia":[{"embeddable":true,"href":"https:\/\/www.laguiadepamplona.com\/actualidad\/wp-json\/wp\/v2\/media\/40303"}],"wp:attachment":[{"href":"https:\/\/www.laguiadepamplona.com\/actualidad\/wp-json\/wp\/v2\/media?parent=41936"}],"wp:term":[{"taxonomy":"category","embeddable":true,"href":"https:\/\/www.laguiadepamplona.com\/actualidad\/wp-json\/wp\/v2\/categories?post=41936"},{"taxonomy":"post_tag","embeddable":true,"href":"https:\/\/www.laguiadepamplona.com\/actualidad\/wp-json\/wp\/v2\/tags?post=41936"}],"curies":[{"name":"wp","href":"https:\/\/api.w.org\/{rel}","templated":true}]}}