{"id":41930,"date":"2022-10-18T11:43:07","date_gmt":"2022-10-18T09:43:07","guid":{"rendered":"https:\/\/www.laguiadepamplona.com\/actualidad\/?p=41930"},"modified":"2023-04-11T11:47:43","modified_gmt":"2023-04-11T09:47:43","slug":"el-alcalde-de-pamplona-da-la-bienvenida-a-las-representaciones-internacionales-del-proyecto-open-lab-que-se-encuentran-en-la-ciudad-por-su-asamblea-general","status":"publish","type":"post","link":"https:\/\/www.laguiadepamplona.com\/actualidad\/el-alcalde-de-pamplona-da-la-bienvenida-a-las-representaciones-internacionales-del-proyecto-open-lab-que-se-encuentran-en-la-ciudad-por-su-asamblea-general\/","title":{"rendered":"El alcalde de Pamplona da la bienvenida a las representaciones internacionales del proyecto oPEN Lab que se encuentran en la ciudad por su Asamblea General"},"content":{"rendered":"<h5>El Ayuntamiento y los socios locales con los que desarrolla este programa europeo en la Rochapea llevan ya un a\u00f1o trabajando<\/h5>\n<p><!--more--><\/p>\n<p>El alcalde de Pamplona, Enrique Maya, ha recibido esta ma\u00f1ana en la Casa Consistorial a un nutrido grupo de representantes de ayuntamientos, asociaciones, empresas e instituciones, como universidades o centros tecnol\u00f3gicos de siete pa\u00edses distintos: Espa\u00f1a, Estonia, B\u00e9lgica, Suiza, Pa\u00edses Bajos, Alemania, Grecia. Son agentes involucrados en el proyecto oPEN Lab, un programa que se realiza con fondos europeos y en el que Pamplona est\u00e1 participando como \u2018Living Lab\u2019 (demostradora).<\/p>\n<p>Todas estas personas se encuentran en la ciudad para participar, junto con quienes se unan a la convocatoria v\u00eda <em>on line<\/em>, en la tercera Asamblea General de un macroproyecto que tiene un presupuesto de casi 22 millones de euros y que fue uno de los tres seleccionados por la Uni\u00f3n Europea de entre las 115 propuestas presentadas. A lo largo del d\u00eda de hoy y del mi\u00e9rcoles 19 de octubre se presentar\u00e1n distintas ponencias y comunicaciones sobre el a\u00f1o de desarrollo que lleva Open Lab en Pamplona, a la localidad belga de Genk y a la ciudad estonia de Tartu.<\/p>\n<p>En este proyecto, de colaboraci\u00f3n p\u00fablico-privada, participan 32 socios de siete pa\u00edses europeos diferentes: B\u00e9lgica, Estonia, Grecia, Alemania, Pa\u00edses Bajos, Suiza y Espa\u00f1a. oPEN Lab busca reducir el consumo energ\u00e9tico en los edificios y en los barrios, aumentar la producci\u00f3n de energ\u00edas renovables y bajar costes aplicando soluciones de rehabilitaci\u00f3n. El proyecto oPEN Lab tiene una duraci\u00f3n prevista de cuatro a\u00f1os y medio y se inici\u00f3 el 1 de octubre de 2021. Desde entonces en Pamplona se ha estado trabajando en paralelo en los procesos de rehabilitaci\u00f3n de edificios, el dise\u00f1o de soluciones tecnol\u00f3gicas y digitales y en la movilizaci\u00f3n de la ciudadan\u00eda y a los agentes que tienen que colaborar de una u otra manera con el proyecto.<br \/>\n<script async src=\"\/\/pagead2.googlesyndication.com\/pagead\/js\/adsbygoogle.js\"><\/script><br \/>\n<!-- Noticias La Guia de Pamplona --><br \/>\n<ins class=\"adsbygoogle\"\nstyle=\"display:block\"\ndata-ad-client=\"ca-pub-6943679897239327\"\ndata-ad-slot=\"7048180777\"\ndata-ad-format=\"auto\"><\/ins><br \/>\n<script>\n(adsbygoogle = window.adsbygoogle || []).push({});\n<\/script><\/p>\n<p><strong>Soluciones tecnol\u00f3gicas adaptadas a 2 edificios<\/strong><\/p>\n<p>A lo largo de la primera anualidad de proyecto los socios locales del Living Lab Pamplona han colaborado en el dise\u00f1o de las rehabilitaciones de los dos sitios de demostraci\u00f3n, las llamadas Casas de San Pedro y el edificio IWER de Rochapea. De trata de asegurar altos est\u00e1ndares de eficiencia energ\u00e9tica y dotando a los edificios demostradores de sistemas de energ\u00eda avanzados que supongan la base de un futuro barrio de energ\u00eda positiva. Previo a las labores de dise\u00f1o la empresa AH Asociados ha llevado a cabo una campa\u00f1a de ensayos y monitorizaci\u00f3n de los edificios. Los estudios previos han hecho particular \u00e9nfasis en el levantamiento de la geometr\u00eda de los edificios utilizando tecnolog\u00eda de escaneo l\u00e1ser y modelado 3D para reducir la necesidad de posteriores ajustes en obra.<\/p>\n<p>A lo largo de este a\u00f1o, las entidades locales han colaborado estrechamente en el dise\u00f1o y optimizaci\u00f3n de soluciones constructivas integradas, como un sistema de rehabilitaci\u00f3n de cubierta que incluye una fotovoltaica integrada y una c\u00e1mara ventilada que hace posible aprovechar el aire calentado para la ventilaci\u00f3n. El Centro Nacional de Energ\u00edas Renovables, CENER, ha trabajado en el estudio detallado y simulaciones avanzadas sobre las posibilidades que ofrecen cada uno de los tejados de los 2 edificios.<\/p>\n<p>En el dise\u00f1o y dimensionamiento de los sistemas de energ\u00eda se incluyen instalaciones innovadoras como son las bombas de calor con bajo GWP (Global-Warming Potential o Potencial de Calentamiento Global), la generaci\u00f3n fotovoltaica integrada, la acumulaci\u00f3n el\u00e9ctrica y t\u00e9rmica y la recarga de veh\u00edculo el\u00e9ctrico; adem\u00e1s de interfaces de comunicaci\u00f3n que requieren un papel activo del usuario final. El sistema de energ\u00eda se articular\u00e1 en torno a un gestor integrado desarrollado por CENER, que coordinar\u00e1 y optimizar\u00e1 la acci\u00f3n de todos los recursos de los edificios, adem\u00e1s de generar incentivos para modificar los patrones de consumo de energ\u00eda de los usuarios; acercando el objetivo de un futuro Barrio Positivo de Energ\u00eda.<br \/>\n<script async src=\"\/\/pagead2.googlesyndication.com\/pagead\/js\/adsbygoogle.js\"><\/script><br \/>\n<!-- Noticias La Guia de Pamplona --><br \/>\n<ins class=\"adsbygoogle\"\nstyle=\"display:block\"\ndata-ad-client=\"ca-pub-6943679897239327\"\ndata-ad-slot=\"7048180777\"\ndata-ad-format=\"auto\"><\/ins><br \/>\n<script>\n(adsbygoogle = window.adsbygoogle || []).push({});\n<\/script><\/p>\n<p><strong>Las repercusiones sociales de la intervenci\u00f3n<\/strong><\/p>\n<p>Desde la Universidad P\u00fablica del Pa\u00eds Vasco (UPV) se ha estado trabajando en los procesos necesarios para incluir a la ciudadan\u00eda y a los diferentes agentes implicados en el barrio de Rochapea en el desarrollo del proyecto y de la generaci\u00f3n del Barrio de energ\u00eda positiva, de forma que pasen a un rol de consumidores a un rol de prosumidores.<\/p>\n<p>De esta forma se han iniciados las primeras sesiones participativas y se est\u00e1n preparando otro tipo de actividades que se van a llevar a cabo a lo largo de los \u00faltimos meses del 2022 y durante todo el 2023. El 25 de octubre tendr\u00e1 lugar el Foro de Barrio que organiza el Ayuntamiento de Pamplona y en noviembre se abrir\u00e1 el proceso de la creaci\u00f3n de la Comunidad Energ\u00e9tica local de Rochapea, con las primeras sesiones informativas y formativas. A inicios del 2023, est\u00e1 previsto que abra las puertas de la oficina de barrio (PEN office).<\/p>\n<p>Por su parte el Ayuntamiento, adem\u00e1s de trabajar en la modalidad inter\u00e1reas, ha elaborado el proyecto de rehabilitaci\u00f3n integral del edificio de San Pedro cuyo resultado ser\u00e1 alcanzar un est\u00e1ndar de consumo energ\u00e9tico casi nulo (NZEB) y ha trabajado y organizado el realojo de las personas y asociaciones residentes en ese bloque. Adem\u00e1s, desde el Consistorio se ha elaborado el proyecto de ingenier\u00eda del edificio para integrar todas las soluciones tecnol\u00f3gicas energ\u00e9ticas innovadoras en el proyecto de rehabilitaci\u00f3n y se ha realizado un proceso de co-creaci\u00f3n para la adecuaci\u00f3n del edificio como uso de apartamentos tutelados.<\/p>\n<p>Tambi\u00e9n se ha trabajado en actuaciones de comunicaci\u00f3n del proyecto en el barrio y de difusi\u00f3n entre las principales asociaciones y agentes; se ha iniciado el proceso de dise\u00f1o de la futura Comunidad Energ\u00e9tica del barrio; se ha contratado a la persona que gestionar\u00e1 la Oficina Energ\u00e9tica de Barrio y se han identificado las brechas tecnol\u00f3gicas para las futuras convocatorias \u201cOpen Calls\u201d.<\/p>\n","protected":false},"excerpt":{"rendered":"<p>El Ayuntamiento y los socios locales con los que desarrolla este programa europeo en la Rochapea llevan ya un a\u00f1o trabajando<\/p>\n","protected":false},"author":1,"featured_media":41931,"comment_status":"open","ping_status":"closed","sticky":false,"template":"","format":"standard","meta":{"footnotes":""},"categories":[2],"tags":[],"class_list":["post-41930","post","type-post","status-publish","format-standard","has-post-thumbnail","hentry","category-ayuntamiento-pamplona"],"yoast_head":"<!-- This site is optimized with the Yoast SEO plugin v27.3 - https:\/\/yoast.com\/product\/yoast-seo-wordpress\/ -->\n<title>El alcalde de Pamplona da la bienvenida a las representaciones internacionales del proyecto oPEN Lab que se encuentran en la ciudad por su Asamblea General<\/title>\n<meta name=\"description\" content=\"El Ayuntamiento y los socios locales con los que desarrolla este programa europeo en la Rochapea llevan ya un a\u00f1o trabajando\" \/>\n<meta name=\"robots\" content=\"index, follow, max-snippet:-1, max-image-preview:large, max-video-preview:-1\" \/>\n<link rel=\"canonical\" href=\"https:\/\/www.laguiadepamplona.com\/actualidad\/el-alcalde-de-pamplona-da-la-bienvenida-a-las-representaciones-internacionales-del-proyecto-open-lab-que-se-encuentran-en-la-ciudad-por-su-asamblea-general\/\" \/>\n<meta property=\"og:locale\" content=\"es_ES\" \/>\n<meta property=\"og:type\" content=\"article\" \/>\n<meta property=\"og:title\" content=\"El alcalde de Pamplona da la bienvenida a las representaciones internacionales del proyecto oPEN Lab que se encuentran en la ciudad por su Asamblea General\" \/>\n<meta property=\"og:description\" content=\"El Ayuntamiento y los socios locales con los que desarrolla este programa europeo en la Rochapea llevan ya un a\u00f1o trabajando\" \/>\n<meta property=\"og:url\" content=\"https:\/\/www.laguiadepamplona.com\/actualidad\/el-alcalde-de-pamplona-da-la-bienvenida-a-las-representaciones-internacionales-del-proyecto-open-lab-que-se-encuentran-en-la-ciudad-por-su-asamblea-general\/\" \/>\n<meta property=\"og:site_name\" content=\"La Gu\u00eda de Pamplona\" \/>\n<meta property=\"article:publisher\" content=\"https:\/\/www.facebook.com\/laguiadepamplonacom-133175176762273\/?ref=hl\" \/>\n<meta property=\"article:published_time\" content=\"2022-10-18T09:43:07+00:00\" \/>\n<meta property=\"article:modified_time\" content=\"2023-04-11T09:47:43+00:00\" \/>\n<meta property=\"og:image\" content=\"https:\/\/www.laguiadepamplona.com\/actualidad\/wp-content\/uploads\/2022\/10\/saludo-participantes-openlab-ee5a1101_1.webp\" \/>\n\t<meta property=\"og:image:width\" content=\"1920\" \/>\n\t<meta property=\"og:image:height\" content=\"1280\" \/>\n\t<meta property=\"og:image:type\" content=\"image\/webp\" \/>\n<meta name=\"author\" content=\"La Gu\u00eda de Pamplona\" \/>\n<meta name=\"twitter:card\" content=\"summary_large_image\" \/>\n<meta name=\"twitter:creator\" content=\"@LaGuiadPamplona\" \/>\n<meta name=\"twitter:site\" content=\"@LaGuiadPamplona\" \/>\n<meta name=\"twitter:label1\" content=\"Escrito por\" \/>\n\t<meta name=\"twitter:data1\" content=\"La Gu\u00eda de Pamplona\" \/>\n\t<meta name=\"twitter:label2\" content=\"Tiempo de lectura\" \/>\n\t<meta name=\"twitter:data2\" content=\"5 minutos\" \/>\n<script type=\"application\/ld+json\" class=\"yoast-schema-graph\">{\"@context\":\"https:\\\/\\\/schema.org\",\"@graph\":[{\"@type\":\"Article\",\"@id\":\"https:\\\/\\\/www.laguiadepamplona.com\\\/actualidad\\\/el-alcalde-de-pamplona-da-la-bienvenida-a-las-representaciones-internacionales-del-proyecto-open-lab-que-se-encuentran-en-la-ciudad-por-su-asamblea-general\\\/#article\",\"isPartOf\":{\"@id\":\"https:\\\/\\\/www.laguiadepamplona.com\\\/actualidad\\\/el-alcalde-de-pamplona-da-la-bienvenida-a-las-representaciones-internacionales-del-proyecto-open-lab-que-se-encuentran-en-la-ciudad-por-su-asamblea-general\\\/\"},\"author\":{\"name\":\"La Gu\u00eda de Pamplona\",\"@id\":\"https:\\\/\\\/www.laguiadepamplona.com\\\/actualidad\\\/#\\\/schema\\\/person\\\/efe887376f0213d4657c93adc50b1fdb\"},\"headline\":\"El alcalde de Pamplona da la bienvenida a las representaciones internacionales del proyecto oPEN Lab que se encuentran en la ciudad por su Asamblea General\",\"datePublished\":\"2022-10-18T09:43:07+00:00\",\"dateModified\":\"2023-04-11T09:47:43+00:00\",\"mainEntityOfPage\":{\"@id\":\"https:\\\/\\\/www.laguiadepamplona.com\\\/actualidad\\\/el-alcalde-de-pamplona-da-la-bienvenida-a-las-representaciones-internacionales-del-proyecto-open-lab-que-se-encuentran-en-la-ciudad-por-su-asamblea-general\\\/\"},\"wordCount\":1059,\"commentCount\":0,\"publisher\":{\"@id\":\"https:\\\/\\\/www.laguiadepamplona.com\\\/actualidad\\\/#organization\"},\"image\":{\"@id\":\"https:\\\/\\\/www.laguiadepamplona.com\\\/actualidad\\\/el-alcalde-de-pamplona-da-la-bienvenida-a-las-representaciones-internacionales-del-proyecto-open-lab-que-se-encuentran-en-la-ciudad-por-su-asamblea-general\\\/#primaryimage\"},\"thumbnailUrl\":\"https:\\\/\\\/www.laguiadepamplona.com\\\/actualidad\\\/wp-content\\\/uploads\\\/2022\\\/10\\\/saludo-participantes-openlab-ee5a1101_1.webp\",\"articleSection\":[\"Ayto Pamplona\"],\"inLanguage\":\"es\",\"potentialAction\":[{\"@type\":\"CommentAction\",\"name\":\"Comment\",\"target\":[\"https:\\\/\\\/www.laguiadepamplona.com\\\/actualidad\\\/el-alcalde-de-pamplona-da-la-bienvenida-a-las-representaciones-internacionales-del-proyecto-open-lab-que-se-encuentran-en-la-ciudad-por-su-asamblea-general\\\/#respond\"]}]},{\"@type\":\"WebPage\",\"@id\":\"https:\\\/\\\/www.laguiadepamplona.com\\\/actualidad\\\/el-alcalde-de-pamplona-da-la-bienvenida-a-las-representaciones-internacionales-del-proyecto-open-lab-que-se-encuentran-en-la-ciudad-por-su-asamblea-general\\\/\",\"url\":\"https:\\\/\\\/www.laguiadepamplona.com\\\/actualidad\\\/el-alcalde-de-pamplona-da-la-bienvenida-a-las-representaciones-internacionales-del-proyecto-open-lab-que-se-encuentran-en-la-ciudad-por-su-asamblea-general\\\/\",\"name\":\"El alcalde de Pamplona da la bienvenida a las representaciones internacionales del proyecto oPEN Lab que se encuentran en la ciudad por su Asamblea General\",\"isPartOf\":{\"@id\":\"https:\\\/\\\/www.laguiadepamplona.com\\\/actualidad\\\/#website\"},\"primaryImageOfPage\":{\"@id\":\"https:\\\/\\\/www.laguiadepamplona.com\\\/actualidad\\\/el-alcalde-de-pamplona-da-la-bienvenida-a-las-representaciones-internacionales-del-proyecto-open-lab-que-se-encuentran-en-la-ciudad-por-su-asamblea-general\\\/#primaryimage\"},\"image\":{\"@id\":\"https:\\\/\\\/www.laguiadepamplona.com\\\/actualidad\\\/el-alcalde-de-pamplona-da-la-bienvenida-a-las-representaciones-internacionales-del-proyecto-open-lab-que-se-encuentran-en-la-ciudad-por-su-asamblea-general\\\/#primaryimage\"},\"thumbnailUrl\":\"https:\\\/\\\/www.laguiadepamplona.com\\\/actualidad\\\/wp-content\\\/uploads\\\/2022\\\/10\\\/saludo-participantes-openlab-ee5a1101_1.webp\",\"datePublished\":\"2022-10-18T09:43:07+00:00\",\"dateModified\":\"2023-04-11T09:47:43+00:00\",\"description\":\"El Ayuntamiento y los socios locales con los que desarrolla este programa europeo en la Rochapea llevan ya un a\u00f1o trabajando\",\"breadcrumb\":{\"@id\":\"https:\\\/\\\/www.laguiadepamplona.com\\\/actualidad\\\/el-alcalde-de-pamplona-da-la-bienvenida-a-las-representaciones-internacionales-del-proyecto-open-lab-que-se-encuentran-en-la-ciudad-por-su-asamblea-general\\\/#breadcrumb\"},\"inLanguage\":\"es\",\"potentialAction\":[{\"@type\":\"ReadAction\",\"target\":[\"https:\\\/\\\/www.laguiadepamplona.com\\\/actualidad\\\/el-alcalde-de-pamplona-da-la-bienvenida-a-las-representaciones-internacionales-del-proyecto-open-lab-que-se-encuentran-en-la-ciudad-por-su-asamblea-general\\\/\"]}]},{\"@type\":\"ImageObject\",\"inLanguage\":\"es\",\"@id\":\"https:\\\/\\\/www.laguiadepamplona.com\\\/actualidad\\\/el-alcalde-de-pamplona-da-la-bienvenida-a-las-representaciones-internacionales-del-proyecto-open-lab-que-se-encuentran-en-la-ciudad-por-su-asamblea-general\\\/#primaryimage\",\"url\":\"https:\\\/\\\/www.laguiadepamplona.com\\\/actualidad\\\/wp-content\\\/uploads\\\/2022\\\/10\\\/saludo-participantes-openlab-ee5a1101_1.webp\",\"contentUrl\":\"https:\\\/\\\/www.laguiadepamplona.com\\\/actualidad\\\/wp-content\\\/uploads\\\/2022\\\/10\\\/saludo-participantes-openlab-ee5a1101_1.webp\",\"width\":1920,\"height\":1280,\"caption\":\"open lab\"},{\"@type\":\"BreadcrumbList\",\"@id\":\"https:\\\/\\\/www.laguiadepamplona.com\\\/actualidad\\\/el-alcalde-de-pamplona-da-la-bienvenida-a-las-representaciones-internacionales-del-proyecto-open-lab-que-se-encuentran-en-la-ciudad-por-su-asamblea-general\\\/#breadcrumb\",\"itemListElement\":[{\"@type\":\"ListItem\",\"position\":1,\"name\":\"Portada\",\"item\":\"https:\\\/\\\/www.laguiadepamplona.com\\\/actualidad\\\/\"},{\"@type\":\"ListItem\",\"position\":2,\"name\":\"El alcalde de Pamplona da la bienvenida a las representaciones internacionales del proyecto oPEN Lab que se encuentran en la ciudad por su Asamblea General\"}]},{\"@type\":\"WebSite\",\"@id\":\"https:\\\/\\\/www.laguiadepamplona.com\\\/actualidad\\\/#website\",\"url\":\"https:\\\/\\\/www.laguiadepamplona.com\\\/actualidad\\\/\",\"name\":\"La gu\u00eda de Pamplona\",\"description\":\"Noticias de Pamplona\",\"publisher\":{\"@id\":\"https:\\\/\\\/www.laguiadepamplona.com\\\/actualidad\\\/#organization\"},\"potentialAction\":[{\"@type\":\"SearchAction\",\"target\":{\"@type\":\"EntryPoint\",\"urlTemplate\":\"https:\\\/\\\/www.laguiadepamplona.com\\\/actualidad\\\/?s={search_term_string}\"},\"query-input\":{\"@type\":\"PropertyValueSpecification\",\"valueRequired\":true,\"valueName\":\"search_term_string\"}}],\"inLanguage\":\"es\"},{\"@type\":\"Organization\",\"@id\":\"https:\\\/\\\/www.laguiadepamplona.com\\\/actualidad\\\/#organization\",\"name\":\"La Gu\u00eda de Pamplona \\\/ Noticias\",\"url\":\"https:\\\/\\\/www.laguiadepamplona.com\\\/actualidad\\\/\",\"logo\":{\"@type\":\"ImageObject\",\"inLanguage\":\"es\",\"@id\":\"https:\\\/\\\/www.laguiadepamplona.com\\\/actualidad\\\/#\\\/schema\\\/logo\\\/image\\\/\",\"url\":\"https:\\\/\\\/www.laguiadepamplona.com\\\/actualidad\\\/wp-content\\\/uploads\\\/2018\\\/11\\\/logo-laguiadepamplona18-web1.png\",\"contentUrl\":\"https:\\\/\\\/www.laguiadepamplona.com\\\/actualidad\\\/wp-content\\\/uploads\\\/2018\\\/11\\\/logo-laguiadepamplona18-web1.png\",\"width\":600,\"height\":196,\"caption\":\"La Gu\u00eda de Pamplona \\\/ Noticias\"},\"image\":{\"@id\":\"https:\\\/\\\/www.laguiadepamplona.com\\\/actualidad\\\/#\\\/schema\\\/logo\\\/image\\\/\"},\"sameAs\":[\"https:\\\/\\\/www.facebook.com\\\/laguiadepamplonacom-133175176762273\\\/?ref=hl\",\"https:\\\/\\\/x.com\\\/LaGuiadPamplona\",\"https:\\\/\\\/www.instagram.com\\\/la_guia_de_pamplona\\\/\",\"https:\\\/\\\/www.youtube.com\\\/user\\\/laguiadepamplona\"]},{\"@type\":\"Person\",\"@id\":\"https:\\\/\\\/www.laguiadepamplona.com\\\/actualidad\\\/#\\\/schema\\\/person\\\/efe887376f0213d4657c93adc50b1fdb\",\"name\":\"La Gu\u00eda de Pamplona\",\"image\":{\"@type\":\"ImageObject\",\"inLanguage\":\"es\",\"@id\":\"https:\\\/\\\/secure.gravatar.com\\\/avatar\\\/b6992f131dc8d30ab0dff15446e9d346d9dbd95992de0fef795073f5ea83a81c?s=96&d=mm&r=g\",\"url\":\"https:\\\/\\\/secure.gravatar.com\\\/avatar\\\/b6992f131dc8d30ab0dff15446e9d346d9dbd95992de0fef795073f5ea83a81c?s=96&d=mm&r=g\",\"contentUrl\":\"https:\\\/\\\/secure.gravatar.com\\\/avatar\\\/b6992f131dc8d30ab0dff15446e9d346d9dbd95992de0fef795073f5ea83a81c?s=96&d=mm&r=g\",\"caption\":\"La Gu\u00eda de Pamplona\"}}]}<\/script>\n<!-- \/ Yoast SEO plugin. -->","yoast_head_json":{"title":"El alcalde de Pamplona da la bienvenida a las representaciones internacionales del proyecto oPEN Lab que se encuentran en la ciudad por su Asamblea General","description":"El Ayuntamiento y los socios locales con los que desarrolla este programa europeo en la Rochapea llevan ya un a\u00f1o trabajando","robots":{"index":"index","follow":"follow","max-snippet":"max-snippet:-1","max-image-preview":"max-image-preview:large","max-video-preview":"max-video-preview:-1"},"canonical":"https:\/\/www.laguiadepamplona.com\/actualidad\/el-alcalde-de-pamplona-da-la-bienvenida-a-las-representaciones-internacionales-del-proyecto-open-lab-que-se-encuentran-en-la-ciudad-por-su-asamblea-general\/","og_locale":"es_ES","og_type":"article","og_title":"El alcalde de Pamplona da la bienvenida a las representaciones internacionales del proyecto oPEN Lab que se encuentran en la ciudad por su Asamblea General","og_description":"El Ayuntamiento y los socios locales con los que desarrolla este programa europeo en la Rochapea llevan ya un a\u00f1o trabajando","og_url":"https:\/\/www.laguiadepamplona.com\/actualidad\/el-alcalde-de-pamplona-da-la-bienvenida-a-las-representaciones-internacionales-del-proyecto-open-lab-que-se-encuentran-en-la-ciudad-por-su-asamblea-general\/","og_site_name":"La Gu\u00eda de Pamplona","article_publisher":"https:\/\/www.facebook.com\/laguiadepamplonacom-133175176762273\/?ref=hl","article_published_time":"2022-10-18T09:43:07+00:00","article_modified_time":"2023-04-11T09:47:43+00:00","og_image":[{"width":1920,"height":1280,"url":"https:\/\/www.laguiadepamplona.com\/actualidad\/wp-content\/uploads\/2022\/10\/saludo-participantes-openlab-ee5a1101_1.webp","type":"image\/webp"}],"author":"La Gu\u00eda de Pamplona","twitter_card":"summary_large_image","twitter_creator":"@LaGuiadPamplona","twitter_site":"@LaGuiadPamplona","twitter_misc":{"Escrito por":"La Gu\u00eda de Pamplona","Tiempo de lectura":"5 minutos"},"schema":{"@context":"https:\/\/schema.org","@graph":[{"@type":"Article","@id":"https:\/\/www.laguiadepamplona.com\/actualidad\/el-alcalde-de-pamplona-da-la-bienvenida-a-las-representaciones-internacionales-del-proyecto-open-lab-que-se-encuentran-en-la-ciudad-por-su-asamblea-general\/#article","isPartOf":{"@id":"https:\/\/www.laguiadepamplona.com\/actualidad\/el-alcalde-de-pamplona-da-la-bienvenida-a-las-representaciones-internacionales-del-proyecto-open-lab-que-se-encuentran-en-la-ciudad-por-su-asamblea-general\/"},"author":{"name":"La Gu\u00eda de Pamplona","@id":"https:\/\/www.laguiadepamplona.com\/actualidad\/#\/schema\/person\/efe887376f0213d4657c93adc50b1fdb"},"headline":"El alcalde de Pamplona da la bienvenida a las representaciones internacionales del proyecto oPEN Lab que se encuentran en la ciudad por su Asamblea General","datePublished":"2022-10-18T09:43:07+00:00","dateModified":"2023-04-11T09:47:43+00:00","mainEntityOfPage":{"@id":"https:\/\/www.laguiadepamplona.com\/actualidad\/el-alcalde-de-pamplona-da-la-bienvenida-a-las-representaciones-internacionales-del-proyecto-open-lab-que-se-encuentran-en-la-ciudad-por-su-asamblea-general\/"},"wordCount":1059,"commentCount":0,"publisher":{"@id":"https:\/\/www.laguiadepamplona.com\/actualidad\/#organization"},"image":{"@id":"https:\/\/www.laguiadepamplona.com\/actualidad\/el-alcalde-de-pamplona-da-la-bienvenida-a-las-representaciones-internacionales-del-proyecto-open-lab-que-se-encuentran-en-la-ciudad-por-su-asamblea-general\/#primaryimage"},"thumbnailUrl":"https:\/\/www.laguiadepamplona.com\/actualidad\/wp-content\/uploads\/2022\/10\/saludo-participantes-openlab-ee5a1101_1.webp","articleSection":["Ayto Pamplona"],"inLanguage":"es","potentialAction":[{"@type":"CommentAction","name":"Comment","target":["https:\/\/www.laguiadepamplona.com\/actualidad\/el-alcalde-de-pamplona-da-la-bienvenida-a-las-representaciones-internacionales-del-proyecto-open-lab-que-se-encuentran-en-la-ciudad-por-su-asamblea-general\/#respond"]}]},{"@type":"WebPage","@id":"https:\/\/www.laguiadepamplona.com\/actualidad\/el-alcalde-de-pamplona-da-la-bienvenida-a-las-representaciones-internacionales-del-proyecto-open-lab-que-se-encuentran-en-la-ciudad-por-su-asamblea-general\/","url":"https:\/\/www.laguiadepamplona.com\/actualidad\/el-alcalde-de-pamplona-da-la-bienvenida-a-las-representaciones-internacionales-del-proyecto-open-lab-que-se-encuentran-en-la-ciudad-por-su-asamblea-general\/","name":"El alcalde de Pamplona da la bienvenida a las representaciones internacionales del proyecto oPEN Lab que se encuentran en la ciudad por su Asamblea General","isPartOf":{"@id":"https:\/\/www.laguiadepamplona.com\/actualidad\/#website"},"primaryImageOfPage":{"@id":"https:\/\/www.laguiadepamplona.com\/actualidad\/el-alcalde-de-pamplona-da-la-bienvenida-a-las-representaciones-internacionales-del-proyecto-open-lab-que-se-encuentran-en-la-ciudad-por-su-asamblea-general\/#primaryimage"},"image":{"@id":"https:\/\/www.laguiadepamplona.com\/actualidad\/el-alcalde-de-pamplona-da-la-bienvenida-a-las-representaciones-internacionales-del-proyecto-open-lab-que-se-encuentran-en-la-ciudad-por-su-asamblea-general\/#primaryimage"},"thumbnailUrl":"https:\/\/www.laguiadepamplona.com\/actualidad\/wp-content\/uploads\/2022\/10\/saludo-participantes-openlab-ee5a1101_1.webp","datePublished":"2022-10-18T09:43:07+00:00","dateModified":"2023-04-11T09:47:43+00:00","description":"El Ayuntamiento y los socios locales con los que desarrolla este programa europeo en la Rochapea llevan ya un a\u00f1o trabajando","breadcrumb":{"@id":"https:\/\/www.laguiadepamplona.com\/actualidad\/el-alcalde-de-pamplona-da-la-bienvenida-a-las-representaciones-internacionales-del-proyecto-open-lab-que-se-encuentran-en-la-ciudad-por-su-asamblea-general\/#breadcrumb"},"inLanguage":"es","potentialAction":[{"@type":"ReadAction","target":["https:\/\/www.laguiadepamplona.com\/actualidad\/el-alcalde-de-pamplona-da-la-bienvenida-a-las-representaciones-internacionales-del-proyecto-open-lab-que-se-encuentran-en-la-ciudad-por-su-asamblea-general\/"]}]},{"@type":"ImageObject","inLanguage":"es","@id":"https:\/\/www.laguiadepamplona.com\/actualidad\/el-alcalde-de-pamplona-da-la-bienvenida-a-las-representaciones-internacionales-del-proyecto-open-lab-que-se-encuentran-en-la-ciudad-por-su-asamblea-general\/#primaryimage","url":"https:\/\/www.laguiadepamplona.com\/actualidad\/wp-content\/uploads\/2022\/10\/saludo-participantes-openlab-ee5a1101_1.webp","contentUrl":"https:\/\/www.laguiadepamplona.com\/actualidad\/wp-content\/uploads\/2022\/10\/saludo-participantes-openlab-ee5a1101_1.webp","width":1920,"height":1280,"caption":"open lab"},{"@type":"BreadcrumbList","@id":"https:\/\/www.laguiadepamplona.com\/actualidad\/el-alcalde-de-pamplona-da-la-bienvenida-a-las-representaciones-internacionales-del-proyecto-open-lab-que-se-encuentran-en-la-ciudad-por-su-asamblea-general\/#breadcrumb","itemListElement":[{"@type":"ListItem","position":1,"name":"Portada","item":"https:\/\/www.laguiadepamplona.com\/actualidad\/"},{"@type":"ListItem","position":2,"name":"El alcalde de Pamplona da la bienvenida a las representaciones internacionales del proyecto oPEN Lab que se encuentran en la ciudad por su Asamblea General"}]},{"@type":"WebSite","@id":"https:\/\/www.laguiadepamplona.com\/actualidad\/#website","url":"https:\/\/www.laguiadepamplona.com\/actualidad\/","name":"La gu\u00eda de Pamplona","description":"Noticias de Pamplona","publisher":{"@id":"https:\/\/www.laguiadepamplona.com\/actualidad\/#organization"},"potentialAction":[{"@type":"SearchAction","target":{"@type":"EntryPoint","urlTemplate":"https:\/\/www.laguiadepamplona.com\/actualidad\/?s={search_term_string}"},"query-input":{"@type":"PropertyValueSpecification","valueRequired":true,"valueName":"search_term_string"}}],"inLanguage":"es"},{"@type":"Organization","@id":"https:\/\/www.laguiadepamplona.com\/actualidad\/#organization","name":"La Gu\u00eda de Pamplona \/ Noticias","url":"https:\/\/www.laguiadepamplona.com\/actualidad\/","logo":{"@type":"ImageObject","inLanguage":"es","@id":"https:\/\/www.laguiadepamplona.com\/actualidad\/#\/schema\/logo\/image\/","url":"https:\/\/www.laguiadepamplona.com\/actualidad\/wp-content\/uploads\/2018\/11\/logo-laguiadepamplona18-web1.png","contentUrl":"https:\/\/www.laguiadepamplona.com\/actualidad\/wp-content\/uploads\/2018\/11\/logo-laguiadepamplona18-web1.png","width":600,"height":196,"caption":"La Gu\u00eda de Pamplona \/ Noticias"},"image":{"@id":"https:\/\/www.laguiadepamplona.com\/actualidad\/#\/schema\/logo\/image\/"},"sameAs":["https:\/\/www.facebook.com\/laguiadepamplonacom-133175176762273\/?ref=hl","https:\/\/x.com\/LaGuiadPamplona","https:\/\/www.instagram.com\/la_guia_de_pamplona\/","https:\/\/www.youtube.com\/user\/laguiadepamplona"]},{"@type":"Person","@id":"https:\/\/www.laguiadepamplona.com\/actualidad\/#\/schema\/person\/efe887376f0213d4657c93adc50b1fdb","name":"La Gu\u00eda de Pamplona","image":{"@type":"ImageObject","inLanguage":"es","@id":"https:\/\/secure.gravatar.com\/avatar\/b6992f131dc8d30ab0dff15446e9d346d9dbd95992de0fef795073f5ea83a81c?s=96&d=mm&r=g","url":"https:\/\/secure.gravatar.com\/avatar\/b6992f131dc8d30ab0dff15446e9d346d9dbd95992de0fef795073f5ea83a81c?s=96&d=mm&r=g","contentUrl":"https:\/\/secure.gravatar.com\/avatar\/b6992f131dc8d30ab0dff15446e9d346d9dbd95992de0fef795073f5ea83a81c?s=96&d=mm&r=g","caption":"La Gu\u00eda de Pamplona"}}]}},"post_mailing_queue_ids":[],"_links":{"self":[{"href":"https:\/\/www.laguiadepamplona.com\/actualidad\/wp-json\/wp\/v2\/posts\/41930","targetHints":{"allow":["GET"]}}],"collection":[{"href":"https:\/\/www.laguiadepamplona.com\/actualidad\/wp-json\/wp\/v2\/posts"}],"about":[{"href":"https:\/\/www.laguiadepamplona.com\/actualidad\/wp-json\/wp\/v2\/types\/post"}],"author":[{"embeddable":true,"href":"https:\/\/www.laguiadepamplona.com\/actualidad\/wp-json\/wp\/v2\/users\/1"}],"replies":[{"embeddable":true,"href":"https:\/\/www.laguiadepamplona.com\/actualidad\/wp-json\/wp\/v2\/comments?post=41930"}],"version-history":[{"count":0,"href":"https:\/\/www.laguiadepamplona.com\/actualidad\/wp-json\/wp\/v2\/posts\/41930\/revisions"}],"wp:featuredmedia":[{"embeddable":true,"href":"https:\/\/www.laguiadepamplona.com\/actualidad\/wp-json\/wp\/v2\/media\/41931"}],"wp:attachment":[{"href":"https:\/\/www.laguiadepamplona.com\/actualidad\/wp-json\/wp\/v2\/media?parent=41930"}],"wp:term":[{"taxonomy":"category","embeddable":true,"href":"https:\/\/www.laguiadepamplona.com\/actualidad\/wp-json\/wp\/v2\/categories?post=41930"},{"taxonomy":"post_tag","embeddable":true,"href":"https:\/\/www.laguiadepamplona.com\/actualidad\/wp-json\/wp\/v2\/tags?post=41930"}],"curies":[{"name":"wp","href":"https:\/\/api.w.org\/{rel}","templated":true}]}}