{"id":41926,"date":"2022-10-17T17:35:53","date_gmt":"2022-10-17T15:35:53","guid":{"rendered":"https:\/\/www.laguiadepamplona.com\/actualidad\/?p=41926"},"modified":"2023-04-11T11:47:43","modified_gmt":"2023-04-11T09:47:43","slug":"el-cementerio-municipal-de-san-jose-contara-con-un-horno-crematorio-nuevo-en-el-primer-trimestre-de-2023","status":"publish","type":"post","link":"https:\/\/www.laguiadepamplona.com\/actualidad\/el-cementerio-municipal-de-san-jose-contara-con-un-horno-crematorio-nuevo-en-el-primer-trimestre-de-2023\/","title":{"rendered":"El cementerio municipal de San Jos\u00e9 contar\u00e1 con un horno crematorio nuevo en el primer trimestre de 2023"},"content":{"rendered":"<h5>Se han adjudicado la adquisici\u00f3n y las obras de instalaci\u00f3n por un importe de 297.600,13 euros<\/h5>\n<p><!--more--><\/p>\n<p>La Junta de Gobierno Local del Ayuntamiento de Pamplona ha acordado, en su sesi\u00f3n de hoy, adjudicar la adquisici\u00f3n y las obras de instalaci\u00f3n de un nuevo horno crematorio para el cementerio municipal de San Jos\u00e9 por un importe total de 297.600,13 euros. El objetivo es que este segundo horno est\u00e9 listo en el primer trimestre del pr\u00f3ximo a\u00f1o, de forma que se pueda duplicar el n\u00famero de cremaciones diarias.<br \/>\n<script async src=\"\/\/pagead2.googlesyndication.com\/pagead\/js\/adsbygoogle.js\"><\/script><br \/>\n<!-- Noticias La Guia de Pamplona --><br \/>\n<ins class=\"adsbygoogle\"\nstyle=\"display:block\"\ndata-ad-client=\"ca-pub-6943679897239327\"\ndata-ad-slot=\"7048180777\"\ndata-ad-format=\"auto\"><\/ins><br \/>\n<script>\n(adsbygoogle = window.adsbygoogle || []).push({});\n<\/script><\/p>\n<p>La adjudicaci\u00f3n se ha realizado con una rebaja de 540 euros con respecto al precio m\u00e1ximo de licitaci\u00f3n, fijado en 298.140,66 euros. La empresa adjudicataria, Erki Construcci\u00f3n Sostenible, ha sido la \u00fanica que present\u00f3 una oferta para esta obra, que pretende mejorar la eficiencia del servicio de cremaci\u00f3n del cementerio, ya que el horno que ahora se va a sustituir tiene ya casi 20 a\u00f1os.<\/p>\n<p>El horno actual fue adquirido en 2003, y ven\u00eda a complementar al primero que se instal\u00f3 en la ciudad, en el a\u00f1o 2000. Ambas instalaciones ten\u00edan una capacidad individual de 4 cuatro cremaciones diarias. El desgaste provocado por el uso, y la b\u00fasqueda de una mayor eficiencia energ\u00e9tica y capacidad, ya motiv\u00f3 la sustituci\u00f3n del primer horno a finales de 2021. Ahora se iniciar\u00e1n las obras para el segundo, de forma que, cuando est\u00e9 operativo, adem\u00e1s de aumentar la capacidad de cremaci\u00f3n si las circunstancias as\u00ed lo requieren, tambi\u00e9n mejorar\u00e1 la tecnolog\u00eda y se reducir\u00e1 la emisi\u00f3n de gases al exterior.<br \/>\n<script async src=\"\/\/pagead2.googlesyndication.com\/pagead\/js\/adsbygoogle.js\"><\/script><br \/>\n<!-- Noticias La Guia de Pamplona --><br \/>\n<ins class=\"adsbygoogle\"\nstyle=\"display:block\"\ndata-ad-client=\"ca-pub-6943679897239327\"\ndata-ad-slot=\"7048180777\"\ndata-ad-format=\"auto\"><\/ins><br \/>\n<script>\n(adsbygoogle = window.adsbygoogle || []).push({});\n<\/script><\/p>\n<p>Las tareas de sustituci\u00f3n del actual horno durar\u00e1n cuatro meses, de forma que podr\u00e1 estar listo para el primer trimestre del pr\u00f3ximo a\u00f1o. La empresa adjudicataria se encargar\u00e1, por un lado, del suministro del horno y, por otro, de la obra necesaria para su instalaci\u00f3n. Las obras que hay que acometer en el recinto incluyen, adem\u00e1s de las actuaciones para la recepci\u00f3n del horno, la reforma de la sala del antehorno, por la que se introducen los f\u00e9retros. Igualmente, se actuar\u00e1 en las instalaciones de gas y electricidad en ambas salas, para ajustarlo a la normativa vigente. Se calcula que la vida \u00fatil del nuevo horno rondar\u00e1 los 20 a\u00f1os.<\/p>\n","protected":false},"excerpt":{"rendered":"<p>Se han adjudicado la adquisici\u00f3n y las obras de instalaci\u00f3n por un importe de 297.600,13 euros<\/p>\n","protected":false},"author":1,"featured_media":35940,"comment_status":"open","ping_status":"closed","sticky":false,"template":"","format":"standard","meta":{"footnotes":""},"categories":[2],"tags":[],"class_list":["post-41926","post","type-post","status-publish","format-standard","has-post-thumbnail","hentry","category-ayuntamiento-pamplona"],"yoast_head":"<!-- This site is optimized with the Yoast SEO plugin v27.3 - https:\/\/yoast.com\/product\/yoast-seo-wordpress\/ -->\n<title>El cementerio municipal de San Jos\u00e9 contar\u00e1 con un horno crematorio nuevo en el primer trimestre de 2023<\/title>\n<meta name=\"description\" content=\"Se han adjudicado la adquisici\u00f3n y las obras de instalaci\u00f3n por un importe de 297.600,13 euros\" \/>\n<meta name=\"robots\" content=\"index, follow, max-snippet:-1, max-image-preview:large, max-video-preview:-1\" \/>\n<link rel=\"canonical\" href=\"https:\/\/www.laguiadepamplona.com\/actualidad\/el-cementerio-municipal-de-san-jose-contara-con-un-horno-crematorio-nuevo-en-el-primer-trimestre-de-2023\/\" \/>\n<meta property=\"og:locale\" content=\"es_ES\" \/>\n<meta property=\"og:type\" content=\"article\" \/>\n<meta property=\"og:title\" content=\"El cementerio municipal de San Jos\u00e9 contar\u00e1 con un horno crematorio nuevo en el primer trimestre de 2023\" \/>\n<meta property=\"og:description\" content=\"Se han adjudicado la adquisici\u00f3n y las obras de instalaci\u00f3n por un importe de 297.600,13 euros\" \/>\n<meta property=\"og:url\" content=\"https:\/\/www.laguiadepamplona.com\/actualidad\/el-cementerio-municipal-de-san-jose-contara-con-un-horno-crematorio-nuevo-en-el-primer-trimestre-de-2023\/\" \/>\n<meta property=\"og:site_name\" content=\"La Gu\u00eda de Pamplona\" \/>\n<meta property=\"article:publisher\" content=\"https:\/\/www.facebook.com\/laguiadepamplonacom-133175176762273\/?ref=hl\" \/>\n<meta property=\"article:published_time\" content=\"2022-10-17T15:35:53+00:00\" \/>\n<meta property=\"article:modified_time\" content=\"2023-04-11T09:47:43+00:00\" \/>\n<meta property=\"og:image\" content=\"https:\/\/www.laguiadepamplona.com\/actualidad\/wp-content\/uploads\/2021\/07\/cementerio_JMG4967.jpg\" \/>\n\t<meta property=\"og:image:width\" content=\"1920\" \/>\n\t<meta property=\"og:image:height\" content=\"1280\" \/>\n\t<meta property=\"og:image:type\" content=\"image\/jpeg\" \/>\n<meta name=\"author\" content=\"La Gu\u00eda de Pamplona\" \/>\n<meta name=\"twitter:card\" content=\"summary_large_image\" \/>\n<meta name=\"twitter:creator\" content=\"@LaGuiadPamplona\" \/>\n<meta name=\"twitter:site\" content=\"@LaGuiadPamplona\" \/>\n<meta name=\"twitter:label1\" content=\"Escrito por\" \/>\n\t<meta name=\"twitter:data1\" content=\"La Gu\u00eda de Pamplona\" \/>\n\t<meta name=\"twitter:label2\" content=\"Tiempo de lectura\" \/>\n\t<meta name=\"twitter:data2\" content=\"2 minutos\" \/>\n<script type=\"application\/ld+json\" class=\"yoast-schema-graph\">{\"@context\":\"https:\\\/\\\/schema.org\",\"@graph\":[{\"@type\":\"Article\",\"@id\":\"https:\\\/\\\/www.laguiadepamplona.com\\\/actualidad\\\/el-cementerio-municipal-de-san-jose-contara-con-un-horno-crematorio-nuevo-en-el-primer-trimestre-de-2023\\\/#article\",\"isPartOf\":{\"@id\":\"https:\\\/\\\/www.laguiadepamplona.com\\\/actualidad\\\/el-cementerio-municipal-de-san-jose-contara-con-un-horno-crematorio-nuevo-en-el-primer-trimestre-de-2023\\\/\"},\"author\":{\"name\":\"La Gu\u00eda de Pamplona\",\"@id\":\"https:\\\/\\\/www.laguiadepamplona.com\\\/actualidad\\\/#\\\/schema\\\/person\\\/efe887376f0213d4657c93adc50b1fdb\"},\"headline\":\"El cementerio municipal de San Jos\u00e9 contar\u00e1 con un horno crematorio nuevo en el primer trimestre de 2023\",\"datePublished\":\"2022-10-17T15:35:53+00:00\",\"dateModified\":\"2023-04-11T09:47:43+00:00\",\"mainEntityOfPage\":{\"@id\":\"https:\\\/\\\/www.laguiadepamplona.com\\\/actualidad\\\/el-cementerio-municipal-de-san-jose-contara-con-un-horno-crematorio-nuevo-en-el-primer-trimestre-de-2023\\\/\"},\"wordCount\":404,\"commentCount\":0,\"publisher\":{\"@id\":\"https:\\\/\\\/www.laguiadepamplona.com\\\/actualidad\\\/#organization\"},\"image\":{\"@id\":\"https:\\\/\\\/www.laguiadepamplona.com\\\/actualidad\\\/el-cementerio-municipal-de-san-jose-contara-con-un-horno-crematorio-nuevo-en-el-primer-trimestre-de-2023\\\/#primaryimage\"},\"thumbnailUrl\":\"https:\\\/\\\/www.laguiadepamplona.com\\\/actualidad\\\/wp-content\\\/uploads\\\/2021\\\/07\\\/cementerio_JMG4967.jpg\",\"articleSection\":[\"Ayto Pamplona\"],\"inLanguage\":\"es\",\"potentialAction\":[{\"@type\":\"CommentAction\",\"name\":\"Comment\",\"target\":[\"https:\\\/\\\/www.laguiadepamplona.com\\\/actualidad\\\/el-cementerio-municipal-de-san-jose-contara-con-un-horno-crematorio-nuevo-en-el-primer-trimestre-de-2023\\\/#respond\"]}]},{\"@type\":\"WebPage\",\"@id\":\"https:\\\/\\\/www.laguiadepamplona.com\\\/actualidad\\\/el-cementerio-municipal-de-san-jose-contara-con-un-horno-crematorio-nuevo-en-el-primer-trimestre-de-2023\\\/\",\"url\":\"https:\\\/\\\/www.laguiadepamplona.com\\\/actualidad\\\/el-cementerio-municipal-de-san-jose-contara-con-un-horno-crematorio-nuevo-en-el-primer-trimestre-de-2023\\\/\",\"name\":\"El cementerio municipal de San Jos\u00e9 contar\u00e1 con un horno crematorio nuevo en el primer trimestre de 2023\",\"isPartOf\":{\"@id\":\"https:\\\/\\\/www.laguiadepamplona.com\\\/actualidad\\\/#website\"},\"primaryImageOfPage\":{\"@id\":\"https:\\\/\\\/www.laguiadepamplona.com\\\/actualidad\\\/el-cementerio-municipal-de-san-jose-contara-con-un-horno-crematorio-nuevo-en-el-primer-trimestre-de-2023\\\/#primaryimage\"},\"image\":{\"@id\":\"https:\\\/\\\/www.laguiadepamplona.com\\\/actualidad\\\/el-cementerio-municipal-de-san-jose-contara-con-un-horno-crematorio-nuevo-en-el-primer-trimestre-de-2023\\\/#primaryimage\"},\"thumbnailUrl\":\"https:\\\/\\\/www.laguiadepamplona.com\\\/actualidad\\\/wp-content\\\/uploads\\\/2021\\\/07\\\/cementerio_JMG4967.jpg\",\"datePublished\":\"2022-10-17T15:35:53+00:00\",\"dateModified\":\"2023-04-11T09:47:43+00:00\",\"description\":\"Se han adjudicado la adquisici\u00f3n y las obras de instalaci\u00f3n por un importe de 297.600,13 euros\",\"breadcrumb\":{\"@id\":\"https:\\\/\\\/www.laguiadepamplona.com\\\/actualidad\\\/el-cementerio-municipal-de-san-jose-contara-con-un-horno-crematorio-nuevo-en-el-primer-trimestre-de-2023\\\/#breadcrumb\"},\"inLanguage\":\"es\",\"potentialAction\":[{\"@type\":\"ReadAction\",\"target\":[\"https:\\\/\\\/www.laguiadepamplona.com\\\/actualidad\\\/el-cementerio-municipal-de-san-jose-contara-con-un-horno-crematorio-nuevo-en-el-primer-trimestre-de-2023\\\/\"]}]},{\"@type\":\"ImageObject\",\"inLanguage\":\"es\",\"@id\":\"https:\\\/\\\/www.laguiadepamplona.com\\\/actualidad\\\/el-cementerio-municipal-de-san-jose-contara-con-un-horno-crematorio-nuevo-en-el-primer-trimestre-de-2023\\\/#primaryimage\",\"url\":\"https:\\\/\\\/www.laguiadepamplona.com\\\/actualidad\\\/wp-content\\\/uploads\\\/2021\\\/07\\\/cementerio_JMG4967.jpg\",\"contentUrl\":\"https:\\\/\\\/www.laguiadepamplona.com\\\/actualidad\\\/wp-content\\\/uploads\\\/2021\\\/07\\\/cementerio_JMG4967.jpg\",\"width\":1920,\"height\":1280,\"caption\":\"A* Jes\u00fas Garzaron F* 2020_10_27 T* Di\u00e1s previos al D\u00eda de todos los Santos. L* Cementerio de Pamplona\"},{\"@type\":\"BreadcrumbList\",\"@id\":\"https:\\\/\\\/www.laguiadepamplona.com\\\/actualidad\\\/el-cementerio-municipal-de-san-jose-contara-con-un-horno-crematorio-nuevo-en-el-primer-trimestre-de-2023\\\/#breadcrumb\",\"itemListElement\":[{\"@type\":\"ListItem\",\"position\":1,\"name\":\"Portada\",\"item\":\"https:\\\/\\\/www.laguiadepamplona.com\\\/actualidad\\\/\"},{\"@type\":\"ListItem\",\"position\":2,\"name\":\"El cementerio municipal de San Jos\u00e9 contar\u00e1 con un horno crematorio nuevo en el primer trimestre de 2023\"}]},{\"@type\":\"WebSite\",\"@id\":\"https:\\\/\\\/www.laguiadepamplona.com\\\/actualidad\\\/#website\",\"url\":\"https:\\\/\\\/www.laguiadepamplona.com\\\/actualidad\\\/\",\"name\":\"La gu\u00eda de Pamplona\",\"description\":\"Noticias de Pamplona\",\"publisher\":{\"@id\":\"https:\\\/\\\/www.laguiadepamplona.com\\\/actualidad\\\/#organization\"},\"potentialAction\":[{\"@type\":\"SearchAction\",\"target\":{\"@type\":\"EntryPoint\",\"urlTemplate\":\"https:\\\/\\\/www.laguiadepamplona.com\\\/actualidad\\\/?s={search_term_string}\"},\"query-input\":{\"@type\":\"PropertyValueSpecification\",\"valueRequired\":true,\"valueName\":\"search_term_string\"}}],\"inLanguage\":\"es\"},{\"@type\":\"Organization\",\"@id\":\"https:\\\/\\\/www.laguiadepamplona.com\\\/actualidad\\\/#organization\",\"name\":\"La Gu\u00eda de Pamplona \\\/ Noticias\",\"url\":\"https:\\\/\\\/www.laguiadepamplona.com\\\/actualidad\\\/\",\"logo\":{\"@type\":\"ImageObject\",\"inLanguage\":\"es\",\"@id\":\"https:\\\/\\\/www.laguiadepamplona.com\\\/actualidad\\\/#\\\/schema\\\/logo\\\/image\\\/\",\"url\":\"https:\\\/\\\/www.laguiadepamplona.com\\\/actualidad\\\/wp-content\\\/uploads\\\/2018\\\/11\\\/logo-laguiadepamplona18-web1.png\",\"contentUrl\":\"https:\\\/\\\/www.laguiadepamplona.com\\\/actualidad\\\/wp-content\\\/uploads\\\/2018\\\/11\\\/logo-laguiadepamplona18-web1.png\",\"width\":600,\"height\":196,\"caption\":\"La Gu\u00eda de Pamplona \\\/ Noticias\"},\"image\":{\"@id\":\"https:\\\/\\\/www.laguiadepamplona.com\\\/actualidad\\\/#\\\/schema\\\/logo\\\/image\\\/\"},\"sameAs\":[\"https:\\\/\\\/www.facebook.com\\\/laguiadepamplonacom-133175176762273\\\/?ref=hl\",\"https:\\\/\\\/x.com\\\/LaGuiadPamplona\",\"https:\\\/\\\/www.instagram.com\\\/la_guia_de_pamplona\\\/\",\"https:\\\/\\\/www.youtube.com\\\/user\\\/laguiadepamplona\"]},{\"@type\":\"Person\",\"@id\":\"https:\\\/\\\/www.laguiadepamplona.com\\\/actualidad\\\/#\\\/schema\\\/person\\\/efe887376f0213d4657c93adc50b1fdb\",\"name\":\"La Gu\u00eda de Pamplona\",\"image\":{\"@type\":\"ImageObject\",\"inLanguage\":\"es\",\"@id\":\"https:\\\/\\\/secure.gravatar.com\\\/avatar\\\/b6992f131dc8d30ab0dff15446e9d346d9dbd95992de0fef795073f5ea83a81c?s=96&d=mm&r=g\",\"url\":\"https:\\\/\\\/secure.gravatar.com\\\/avatar\\\/b6992f131dc8d30ab0dff15446e9d346d9dbd95992de0fef795073f5ea83a81c?s=96&d=mm&r=g\",\"contentUrl\":\"https:\\\/\\\/secure.gravatar.com\\\/avatar\\\/b6992f131dc8d30ab0dff15446e9d346d9dbd95992de0fef795073f5ea83a81c?s=96&d=mm&r=g\",\"caption\":\"La Gu\u00eda de Pamplona\"}}]}<\/script>\n<!-- \/ Yoast SEO plugin. -->","yoast_head_json":{"title":"El cementerio municipal de San Jos\u00e9 contar\u00e1 con un horno crematorio nuevo en el primer trimestre de 2023","description":"Se han adjudicado la adquisici\u00f3n y las obras de instalaci\u00f3n por un importe de 297.600,13 euros","robots":{"index":"index","follow":"follow","max-snippet":"max-snippet:-1","max-image-preview":"max-image-preview:large","max-video-preview":"max-video-preview:-1"},"canonical":"https:\/\/www.laguiadepamplona.com\/actualidad\/el-cementerio-municipal-de-san-jose-contara-con-un-horno-crematorio-nuevo-en-el-primer-trimestre-de-2023\/","og_locale":"es_ES","og_type":"article","og_title":"El cementerio municipal de San Jos\u00e9 contar\u00e1 con un horno crematorio nuevo en el primer trimestre de 2023","og_description":"Se han adjudicado la adquisici\u00f3n y las obras de instalaci\u00f3n por un importe de 297.600,13 euros","og_url":"https:\/\/www.laguiadepamplona.com\/actualidad\/el-cementerio-municipal-de-san-jose-contara-con-un-horno-crematorio-nuevo-en-el-primer-trimestre-de-2023\/","og_site_name":"La Gu\u00eda de Pamplona","article_publisher":"https:\/\/www.facebook.com\/laguiadepamplonacom-133175176762273\/?ref=hl","article_published_time":"2022-10-17T15:35:53+00:00","article_modified_time":"2023-04-11T09:47:43+00:00","og_image":[{"width":1920,"height":1280,"url":"https:\/\/www.laguiadepamplona.com\/actualidad\/wp-content\/uploads\/2021\/07\/cementerio_JMG4967.jpg","type":"image\/jpeg"}],"author":"La Gu\u00eda de Pamplona","twitter_card":"summary_large_image","twitter_creator":"@LaGuiadPamplona","twitter_site":"@LaGuiadPamplona","twitter_misc":{"Escrito por":"La Gu\u00eda de Pamplona","Tiempo de lectura":"2 minutos"},"schema":{"@context":"https:\/\/schema.org","@graph":[{"@type":"Article","@id":"https:\/\/www.laguiadepamplona.com\/actualidad\/el-cementerio-municipal-de-san-jose-contara-con-un-horno-crematorio-nuevo-en-el-primer-trimestre-de-2023\/#article","isPartOf":{"@id":"https:\/\/www.laguiadepamplona.com\/actualidad\/el-cementerio-municipal-de-san-jose-contara-con-un-horno-crematorio-nuevo-en-el-primer-trimestre-de-2023\/"},"author":{"name":"La Gu\u00eda de Pamplona","@id":"https:\/\/www.laguiadepamplona.com\/actualidad\/#\/schema\/person\/efe887376f0213d4657c93adc50b1fdb"},"headline":"El cementerio municipal de San Jos\u00e9 contar\u00e1 con un horno crematorio nuevo en el primer trimestre de 2023","datePublished":"2022-10-17T15:35:53+00:00","dateModified":"2023-04-11T09:47:43+00:00","mainEntityOfPage":{"@id":"https:\/\/www.laguiadepamplona.com\/actualidad\/el-cementerio-municipal-de-san-jose-contara-con-un-horno-crematorio-nuevo-en-el-primer-trimestre-de-2023\/"},"wordCount":404,"commentCount":0,"publisher":{"@id":"https:\/\/www.laguiadepamplona.com\/actualidad\/#organization"},"image":{"@id":"https:\/\/www.laguiadepamplona.com\/actualidad\/el-cementerio-municipal-de-san-jose-contara-con-un-horno-crematorio-nuevo-en-el-primer-trimestre-de-2023\/#primaryimage"},"thumbnailUrl":"https:\/\/www.laguiadepamplona.com\/actualidad\/wp-content\/uploads\/2021\/07\/cementerio_JMG4967.jpg","articleSection":["Ayto Pamplona"],"inLanguage":"es","potentialAction":[{"@type":"CommentAction","name":"Comment","target":["https:\/\/www.laguiadepamplona.com\/actualidad\/el-cementerio-municipal-de-san-jose-contara-con-un-horno-crematorio-nuevo-en-el-primer-trimestre-de-2023\/#respond"]}]},{"@type":"WebPage","@id":"https:\/\/www.laguiadepamplona.com\/actualidad\/el-cementerio-municipal-de-san-jose-contara-con-un-horno-crematorio-nuevo-en-el-primer-trimestre-de-2023\/","url":"https:\/\/www.laguiadepamplona.com\/actualidad\/el-cementerio-municipal-de-san-jose-contara-con-un-horno-crematorio-nuevo-en-el-primer-trimestre-de-2023\/","name":"El cementerio municipal de San Jos\u00e9 contar\u00e1 con un horno crematorio nuevo en el primer trimestre de 2023","isPartOf":{"@id":"https:\/\/www.laguiadepamplona.com\/actualidad\/#website"},"primaryImageOfPage":{"@id":"https:\/\/www.laguiadepamplona.com\/actualidad\/el-cementerio-municipal-de-san-jose-contara-con-un-horno-crematorio-nuevo-en-el-primer-trimestre-de-2023\/#primaryimage"},"image":{"@id":"https:\/\/www.laguiadepamplona.com\/actualidad\/el-cementerio-municipal-de-san-jose-contara-con-un-horno-crematorio-nuevo-en-el-primer-trimestre-de-2023\/#primaryimage"},"thumbnailUrl":"https:\/\/www.laguiadepamplona.com\/actualidad\/wp-content\/uploads\/2021\/07\/cementerio_JMG4967.jpg","datePublished":"2022-10-17T15:35:53+00:00","dateModified":"2023-04-11T09:47:43+00:00","description":"Se han adjudicado la adquisici\u00f3n y las obras de instalaci\u00f3n por un importe de 297.600,13 euros","breadcrumb":{"@id":"https:\/\/www.laguiadepamplona.com\/actualidad\/el-cementerio-municipal-de-san-jose-contara-con-un-horno-crematorio-nuevo-en-el-primer-trimestre-de-2023\/#breadcrumb"},"inLanguage":"es","potentialAction":[{"@type":"ReadAction","target":["https:\/\/www.laguiadepamplona.com\/actualidad\/el-cementerio-municipal-de-san-jose-contara-con-un-horno-crematorio-nuevo-en-el-primer-trimestre-de-2023\/"]}]},{"@type":"ImageObject","inLanguage":"es","@id":"https:\/\/www.laguiadepamplona.com\/actualidad\/el-cementerio-municipal-de-san-jose-contara-con-un-horno-crematorio-nuevo-en-el-primer-trimestre-de-2023\/#primaryimage","url":"https:\/\/www.laguiadepamplona.com\/actualidad\/wp-content\/uploads\/2021\/07\/cementerio_JMG4967.jpg","contentUrl":"https:\/\/www.laguiadepamplona.com\/actualidad\/wp-content\/uploads\/2021\/07\/cementerio_JMG4967.jpg","width":1920,"height":1280,"caption":"A* Jes\u00fas Garzaron F* 2020_10_27 T* Di\u00e1s previos al D\u00eda de todos los Santos. L* Cementerio de Pamplona"},{"@type":"BreadcrumbList","@id":"https:\/\/www.laguiadepamplona.com\/actualidad\/el-cementerio-municipal-de-san-jose-contara-con-un-horno-crematorio-nuevo-en-el-primer-trimestre-de-2023\/#breadcrumb","itemListElement":[{"@type":"ListItem","position":1,"name":"Portada","item":"https:\/\/www.laguiadepamplona.com\/actualidad\/"},{"@type":"ListItem","position":2,"name":"El cementerio municipal de San Jos\u00e9 contar\u00e1 con un horno crematorio nuevo en el primer trimestre de 2023"}]},{"@type":"WebSite","@id":"https:\/\/www.laguiadepamplona.com\/actualidad\/#website","url":"https:\/\/www.laguiadepamplona.com\/actualidad\/","name":"La gu\u00eda de Pamplona","description":"Noticias de Pamplona","publisher":{"@id":"https:\/\/www.laguiadepamplona.com\/actualidad\/#organization"},"potentialAction":[{"@type":"SearchAction","target":{"@type":"EntryPoint","urlTemplate":"https:\/\/www.laguiadepamplona.com\/actualidad\/?s={search_term_string}"},"query-input":{"@type":"PropertyValueSpecification","valueRequired":true,"valueName":"search_term_string"}}],"inLanguage":"es"},{"@type":"Organization","@id":"https:\/\/www.laguiadepamplona.com\/actualidad\/#organization","name":"La Gu\u00eda de Pamplona \/ Noticias","url":"https:\/\/www.laguiadepamplona.com\/actualidad\/","logo":{"@type":"ImageObject","inLanguage":"es","@id":"https:\/\/www.laguiadepamplona.com\/actualidad\/#\/schema\/logo\/image\/","url":"https:\/\/www.laguiadepamplona.com\/actualidad\/wp-content\/uploads\/2018\/11\/logo-laguiadepamplona18-web1.png","contentUrl":"https:\/\/www.laguiadepamplona.com\/actualidad\/wp-content\/uploads\/2018\/11\/logo-laguiadepamplona18-web1.png","width":600,"height":196,"caption":"La Gu\u00eda de Pamplona \/ Noticias"},"image":{"@id":"https:\/\/www.laguiadepamplona.com\/actualidad\/#\/schema\/logo\/image\/"},"sameAs":["https:\/\/www.facebook.com\/laguiadepamplonacom-133175176762273\/?ref=hl","https:\/\/x.com\/LaGuiadPamplona","https:\/\/www.instagram.com\/la_guia_de_pamplona\/","https:\/\/www.youtube.com\/user\/laguiadepamplona"]},{"@type":"Person","@id":"https:\/\/www.laguiadepamplona.com\/actualidad\/#\/schema\/person\/efe887376f0213d4657c93adc50b1fdb","name":"La Gu\u00eda de Pamplona","image":{"@type":"ImageObject","inLanguage":"es","@id":"https:\/\/secure.gravatar.com\/avatar\/b6992f131dc8d30ab0dff15446e9d346d9dbd95992de0fef795073f5ea83a81c?s=96&d=mm&r=g","url":"https:\/\/secure.gravatar.com\/avatar\/b6992f131dc8d30ab0dff15446e9d346d9dbd95992de0fef795073f5ea83a81c?s=96&d=mm&r=g","contentUrl":"https:\/\/secure.gravatar.com\/avatar\/b6992f131dc8d30ab0dff15446e9d346d9dbd95992de0fef795073f5ea83a81c?s=96&d=mm&r=g","caption":"La Gu\u00eda de Pamplona"}}]}},"post_mailing_queue_ids":[],"_links":{"self":[{"href":"https:\/\/www.laguiadepamplona.com\/actualidad\/wp-json\/wp\/v2\/posts\/41926","targetHints":{"allow":["GET"]}}],"collection":[{"href":"https:\/\/www.laguiadepamplona.com\/actualidad\/wp-json\/wp\/v2\/posts"}],"about":[{"href":"https:\/\/www.laguiadepamplona.com\/actualidad\/wp-json\/wp\/v2\/types\/post"}],"author":[{"embeddable":true,"href":"https:\/\/www.laguiadepamplona.com\/actualidad\/wp-json\/wp\/v2\/users\/1"}],"replies":[{"embeddable":true,"href":"https:\/\/www.laguiadepamplona.com\/actualidad\/wp-json\/wp\/v2\/comments?post=41926"}],"version-history":[{"count":0,"href":"https:\/\/www.laguiadepamplona.com\/actualidad\/wp-json\/wp\/v2\/posts\/41926\/revisions"}],"wp:featuredmedia":[{"embeddable":true,"href":"https:\/\/www.laguiadepamplona.com\/actualidad\/wp-json\/wp\/v2\/media\/35940"}],"wp:attachment":[{"href":"https:\/\/www.laguiadepamplona.com\/actualidad\/wp-json\/wp\/v2\/media?parent=41926"}],"wp:term":[{"taxonomy":"category","embeddable":true,"href":"https:\/\/www.laguiadepamplona.com\/actualidad\/wp-json\/wp\/v2\/categories?post=41926"},{"taxonomy":"post_tag","embeddable":true,"href":"https:\/\/www.laguiadepamplona.com\/actualidad\/wp-json\/wp\/v2\/tags?post=41926"}],"curies":[{"name":"wp","href":"https:\/\/api.w.org\/{rel}","templated":true}]}}