{"id":41923,"date":"2022-10-17T12:37:47","date_gmt":"2022-10-17T10:37:47","guid":{"rendered":"https:\/\/www.laguiadepamplona.com\/actualidad\/?p=41923"},"modified":"2023-04-11T11:47:43","modified_gmt":"2023-04-11T09:47:43","slug":"el-alcalde-de-pamplona-se-reune-con-un-diputado-regional-ucraniano-que-realiza-el-camino-de-santiago-para-recaudar-fondos-para-la-rehabilitacion-de-los-soldados-heridos","status":"publish","type":"post","link":"https:\/\/www.laguiadepamplona.com\/actualidad\/el-alcalde-de-pamplona-se-reune-con-un-diputado-regional-ucraniano-que-realiza-el-camino-de-santiago-para-recaudar-fondos-para-la-rehabilitacion-de-los-soldados-heridos\/","title":{"rendered":"El alcalde de Pamplona se re\u00fane con un diputado regional ucraniano, que realiza el Camino de Santiago para recaudar fondos para la rehabilitaci\u00f3n de los soldados heridos"},"content":{"rendered":"<p><!--more--><\/p>\n<p>El alcalde de Pamplona, Enrique Maya, se ha reunido esta ma\u00f1ana en su despacho de la Casa Consistorial con el diputado ucraniano del Consejo Regional de Lviv, Mykola Ishchuk. Ishchuk lleva semanas realizando el Camino de Santiago, desde Ucrania hasta Espa\u00f1a, con el objetivo de recaudar fondos para sufragar el tratamiento y la rehabilitaci\u00f3n de los soldados ucranianos heridos en la guerra.<br \/>\n<script async src=\"\/\/pagead2.googlesyndication.com\/pagead\/js\/adsbygoogle.js\"><\/script><br \/>\n<!-- Noticias La Guia de Pamplona --><br \/>\n<ins class=\"adsbygoogle\"\nstyle=\"display:block\"\ndata-ad-client=\"ca-pub-6943679897239327\"\ndata-ad-slot=\"7048180777\"\ndata-ad-format=\"auto\"><\/ins><br \/>\n<script>\n(adsbygoogle = window.adsbygoogle || []).push({});\n<\/script><\/p>\n<p>El diputado recorre la ruta jacobea con el apoyo de la Administraci\u00f3n Militar Regional de Lviv, el Consejo Regional, el BF \u2018Con un \u00e1ngel en el hombro\u2019 y el Hospital de Lviv, lugar en el que se trata al personal militar ucraniano. Adem\u00e1s de recaudar fondos, el camino tiene un sentido simb\u00f3lico con el que quiere demostrar a Europa los valores comunes que comparte con Ucrania, as\u00ed como agradecer el apoyo en estos tiempos de guerra.<\/p>\n<p>Mykola Ishchuk es diputado regional y portavoz de Derechos Sociales en el parlamento del \u00d3blast de Lviv, regi\u00f3n ubicada al oeste de Ucrania. Ese parlamento regional est\u00e1 compuesto por 84 parlamentarios que en 2020 fueron elegidos para un periodo de cinco a\u00f1os. La capital de la regi\u00f3n es Le\u00f3polis, la sexta ciudad m\u00e1s poblada del pa\u00eds.<br \/>\n<script async src=\"\/\/pagead2.googlesyndication.com\/pagead\/js\/adsbygoogle.js\"><\/script><br \/>\n<!-- Noticias La Guia de Pamplona --><br \/>\n<ins class=\"adsbygoogle\"\nstyle=\"display:block\"\ndata-ad-client=\"ca-pub-6943679897239327\"\ndata-ad-slot=\"7048180777\"\ndata-ad-format=\"auto\"><\/ins><br \/>\n<script>\n(adsbygoogle = window.adsbygoogle || []).push({});\n<\/script><\/p>\n<p>En este encuentro con el alcalde de Pamplona, el diputado regional ucraniano ha estado acompa\u00f1ado por personas voluntarias de la Fundaci\u00f3n Enfermer\u00eda de Navarra, que trabajan desde hace meses en labores humanitarias de ayuda de Ucrania.<\/p>\n","protected":false},"excerpt":{"rendered":"","protected":false},"author":1,"featured_media":41924,"comment_status":"open","ping_status":"closed","sticky":false,"template":"","format":"standard","meta":{"footnotes":""},"categories":[2],"tags":[],"class_list":["post-41923","post","type-post","status-publish","format-standard","has-post-thumbnail","hentry","category-ayuntamiento-pamplona"],"yoast_head":"<!-- This site is optimized with the Yoast SEO plugin v27.3 - https:\/\/yoast.com\/product\/yoast-seo-wordpress\/ -->\n<title>El alcalde de Pamplona se re\u00fane con un diputado regional ucraniano, que realiza el Camino de Santiago para recaudar fondos para la rehabilitaci\u00f3n de los soldados heridos<\/title>\n<meta name=\"description\" content=\"El diputado recorre la ruta jacobea con el apoyo de la Administraci\u00f3n Militar Regional de Lviv\" \/>\n<meta name=\"robots\" content=\"index, follow, max-snippet:-1, max-image-preview:large, max-video-preview:-1\" \/>\n<link rel=\"canonical\" href=\"https:\/\/www.laguiadepamplona.com\/actualidad\/el-alcalde-de-pamplona-se-reune-con-un-diputado-regional-ucraniano-que-realiza-el-camino-de-santiago-para-recaudar-fondos-para-la-rehabilitacion-de-los-soldados-heridos\/\" \/>\n<meta property=\"og:locale\" content=\"es_ES\" \/>\n<meta property=\"og:type\" content=\"article\" \/>\n<meta property=\"og:title\" content=\"El alcalde de Pamplona se re\u00fane con un diputado regional ucraniano, que realiza el Camino de Santiago para recaudar fondos para la rehabilitaci\u00f3n de los soldados heridos\" \/>\n<meta property=\"og:description\" content=\"El diputado recorre la ruta jacobea con el apoyo de la Administraci\u00f3n Militar Regional de Lviv\" \/>\n<meta property=\"og:url\" content=\"https:\/\/www.laguiadepamplona.com\/actualidad\/el-alcalde-de-pamplona-se-reune-con-un-diputado-regional-ucraniano-que-realiza-el-camino-de-santiago-para-recaudar-fondos-para-la-rehabilitacion-de-los-soldados-heridos\/\" \/>\n<meta property=\"og:site_name\" content=\"La Gu\u00eda de Pamplona\" \/>\n<meta property=\"article:publisher\" content=\"https:\/\/www.facebook.com\/laguiadepamplonacom-133175176762273\/?ref=hl\" \/>\n<meta property=\"article:published_time\" content=\"2022-10-17T10:37:47+00:00\" \/>\n<meta property=\"article:modified_time\" content=\"2023-04-11T09:47:43+00:00\" \/>\n<meta property=\"og:image\" content=\"https:\/\/www.laguiadepamplona.com\/actualidad\/wp-content\/uploads\/2022\/10\/q5a5736ucraniano22-10-17.webp\" \/>\n\t<meta property=\"og:image:width\" content=\"1920\" \/>\n\t<meta property=\"og:image:height\" content=\"1281\" \/>\n\t<meta property=\"og:image:type\" content=\"image\/webp\" \/>\n<meta name=\"author\" content=\"La Gu\u00eda de Pamplona\" \/>\n<meta name=\"twitter:card\" content=\"summary_large_image\" \/>\n<meta name=\"twitter:creator\" content=\"@LaGuiadPamplona\" \/>\n<meta name=\"twitter:site\" content=\"@LaGuiadPamplona\" \/>\n<meta name=\"twitter:label1\" content=\"Escrito por\" \/>\n\t<meta name=\"twitter:data1\" content=\"La Gu\u00eda de Pamplona\" \/>\n\t<meta name=\"twitter:label2\" content=\"Tiempo de lectura\" \/>\n\t<meta name=\"twitter:data2\" content=\"2 minutos\" \/>\n<script type=\"application\/ld+json\" class=\"yoast-schema-graph\">{\"@context\":\"https:\\\/\\\/schema.org\",\"@graph\":[{\"@type\":\"Article\",\"@id\":\"https:\\\/\\\/www.laguiadepamplona.com\\\/actualidad\\\/el-alcalde-de-pamplona-se-reune-con-un-diputado-regional-ucraniano-que-realiza-el-camino-de-santiago-para-recaudar-fondos-para-la-rehabilitacion-de-los-soldados-heridos\\\/#article\",\"isPartOf\":{\"@id\":\"https:\\\/\\\/www.laguiadepamplona.com\\\/actualidad\\\/el-alcalde-de-pamplona-se-reune-con-un-diputado-regional-ucraniano-que-realiza-el-camino-de-santiago-para-recaudar-fondos-para-la-rehabilitacion-de-los-soldados-heridos\\\/\"},\"author\":{\"name\":\"La Gu\u00eda de Pamplona\",\"@id\":\"https:\\\/\\\/www.laguiadepamplona.com\\\/actualidad\\\/#\\\/schema\\\/person\\\/efe887376f0213d4657c93adc50b1fdb\"},\"headline\":\"El alcalde de Pamplona se re\u00fane con un diputado regional ucraniano, que realiza el Camino de Santiago para recaudar fondos para la rehabilitaci\u00f3n de los soldados heridos\",\"datePublished\":\"2022-10-17T10:37:47+00:00\",\"dateModified\":\"2023-04-11T09:47:43+00:00\",\"mainEntityOfPage\":{\"@id\":\"https:\\\/\\\/www.laguiadepamplona.com\\\/actualidad\\\/el-alcalde-de-pamplona-se-reune-con-un-diputado-regional-ucraniano-que-realiza-el-camino-de-santiago-para-recaudar-fondos-para-la-rehabilitacion-de-los-soldados-heridos\\\/\"},\"wordCount\":272,\"commentCount\":0,\"publisher\":{\"@id\":\"https:\\\/\\\/www.laguiadepamplona.com\\\/actualidad\\\/#organization\"},\"image\":{\"@id\":\"https:\\\/\\\/www.laguiadepamplona.com\\\/actualidad\\\/el-alcalde-de-pamplona-se-reune-con-un-diputado-regional-ucraniano-que-realiza-el-camino-de-santiago-para-recaudar-fondos-para-la-rehabilitacion-de-los-soldados-heridos\\\/#primaryimage\"},\"thumbnailUrl\":\"https:\\\/\\\/www.laguiadepamplona.com\\\/actualidad\\\/wp-content\\\/uploads\\\/2022\\\/10\\\/q5a5736ucraniano22-10-17.webp\",\"articleSection\":[\"Ayto Pamplona\"],\"inLanguage\":\"es\",\"potentialAction\":[{\"@type\":\"CommentAction\",\"name\":\"Comment\",\"target\":[\"https:\\\/\\\/www.laguiadepamplona.com\\\/actualidad\\\/el-alcalde-de-pamplona-se-reune-con-un-diputado-regional-ucraniano-que-realiza-el-camino-de-santiago-para-recaudar-fondos-para-la-rehabilitacion-de-los-soldados-heridos\\\/#respond\"]}]},{\"@type\":\"WebPage\",\"@id\":\"https:\\\/\\\/www.laguiadepamplona.com\\\/actualidad\\\/el-alcalde-de-pamplona-se-reune-con-un-diputado-regional-ucraniano-que-realiza-el-camino-de-santiago-para-recaudar-fondos-para-la-rehabilitacion-de-los-soldados-heridos\\\/\",\"url\":\"https:\\\/\\\/www.laguiadepamplona.com\\\/actualidad\\\/el-alcalde-de-pamplona-se-reune-con-un-diputado-regional-ucraniano-que-realiza-el-camino-de-santiago-para-recaudar-fondos-para-la-rehabilitacion-de-los-soldados-heridos\\\/\",\"name\":\"El alcalde de Pamplona se re\u00fane con un diputado regional ucraniano, que realiza el Camino de Santiago para recaudar fondos para la rehabilitaci\u00f3n de los soldados heridos\",\"isPartOf\":{\"@id\":\"https:\\\/\\\/www.laguiadepamplona.com\\\/actualidad\\\/#website\"},\"primaryImageOfPage\":{\"@id\":\"https:\\\/\\\/www.laguiadepamplona.com\\\/actualidad\\\/el-alcalde-de-pamplona-se-reune-con-un-diputado-regional-ucraniano-que-realiza-el-camino-de-santiago-para-recaudar-fondos-para-la-rehabilitacion-de-los-soldados-heridos\\\/#primaryimage\"},\"image\":{\"@id\":\"https:\\\/\\\/www.laguiadepamplona.com\\\/actualidad\\\/el-alcalde-de-pamplona-se-reune-con-un-diputado-regional-ucraniano-que-realiza-el-camino-de-santiago-para-recaudar-fondos-para-la-rehabilitacion-de-los-soldados-heridos\\\/#primaryimage\"},\"thumbnailUrl\":\"https:\\\/\\\/www.laguiadepamplona.com\\\/actualidad\\\/wp-content\\\/uploads\\\/2022\\\/10\\\/q5a5736ucraniano22-10-17.webp\",\"datePublished\":\"2022-10-17T10:37:47+00:00\",\"dateModified\":\"2023-04-11T09:47:43+00:00\",\"description\":\"El diputado recorre la ruta jacobea con el apoyo de la Administraci\u00f3n Militar Regional de Lviv\",\"breadcrumb\":{\"@id\":\"https:\\\/\\\/www.laguiadepamplona.com\\\/actualidad\\\/el-alcalde-de-pamplona-se-reune-con-un-diputado-regional-ucraniano-que-realiza-el-camino-de-santiago-para-recaudar-fondos-para-la-rehabilitacion-de-los-soldados-heridos\\\/#breadcrumb\"},\"inLanguage\":\"es\",\"potentialAction\":[{\"@type\":\"ReadAction\",\"target\":[\"https:\\\/\\\/www.laguiadepamplona.com\\\/actualidad\\\/el-alcalde-de-pamplona-se-reune-con-un-diputado-regional-ucraniano-que-realiza-el-camino-de-santiago-para-recaudar-fondos-para-la-rehabilitacion-de-los-soldados-heridos\\\/\"]}]},{\"@type\":\"ImageObject\",\"inLanguage\":\"es\",\"@id\":\"https:\\\/\\\/www.laguiadepamplona.com\\\/actualidad\\\/el-alcalde-de-pamplona-se-reune-con-un-diputado-regional-ucraniano-que-realiza-el-camino-de-santiago-para-recaudar-fondos-para-la-rehabilitacion-de-los-soldados-heridos\\\/#primaryimage\",\"url\":\"https:\\\/\\\/www.laguiadepamplona.com\\\/actualidad\\\/wp-content\\\/uploads\\\/2022\\\/10\\\/q5a5736ucraniano22-10-17.webp\",\"contentUrl\":\"https:\\\/\\\/www.laguiadepamplona.com\\\/actualidad\\\/wp-content\\\/uploads\\\/2022\\\/10\\\/q5a5736ucraniano22-10-17.webp\",\"width\":1920,\"height\":1281},{\"@type\":\"BreadcrumbList\",\"@id\":\"https:\\\/\\\/www.laguiadepamplona.com\\\/actualidad\\\/el-alcalde-de-pamplona-se-reune-con-un-diputado-regional-ucraniano-que-realiza-el-camino-de-santiago-para-recaudar-fondos-para-la-rehabilitacion-de-los-soldados-heridos\\\/#breadcrumb\",\"itemListElement\":[{\"@type\":\"ListItem\",\"position\":1,\"name\":\"Portada\",\"item\":\"https:\\\/\\\/www.laguiadepamplona.com\\\/actualidad\\\/\"},{\"@type\":\"ListItem\",\"position\":2,\"name\":\"El alcalde de Pamplona se re\u00fane con un diputado regional ucraniano, que realiza el Camino de Santiago para recaudar fondos para la rehabilitaci\u00f3n de los soldados heridos\"}]},{\"@type\":\"WebSite\",\"@id\":\"https:\\\/\\\/www.laguiadepamplona.com\\\/actualidad\\\/#website\",\"url\":\"https:\\\/\\\/www.laguiadepamplona.com\\\/actualidad\\\/\",\"name\":\"La gu\u00eda de Pamplona\",\"description\":\"Noticias de Pamplona\",\"publisher\":{\"@id\":\"https:\\\/\\\/www.laguiadepamplona.com\\\/actualidad\\\/#organization\"},\"potentialAction\":[{\"@type\":\"SearchAction\",\"target\":{\"@type\":\"EntryPoint\",\"urlTemplate\":\"https:\\\/\\\/www.laguiadepamplona.com\\\/actualidad\\\/?s={search_term_string}\"},\"query-input\":{\"@type\":\"PropertyValueSpecification\",\"valueRequired\":true,\"valueName\":\"search_term_string\"}}],\"inLanguage\":\"es\"},{\"@type\":\"Organization\",\"@id\":\"https:\\\/\\\/www.laguiadepamplona.com\\\/actualidad\\\/#organization\",\"name\":\"La Gu\u00eda de Pamplona \\\/ Noticias\",\"url\":\"https:\\\/\\\/www.laguiadepamplona.com\\\/actualidad\\\/\",\"logo\":{\"@type\":\"ImageObject\",\"inLanguage\":\"es\",\"@id\":\"https:\\\/\\\/www.laguiadepamplona.com\\\/actualidad\\\/#\\\/schema\\\/logo\\\/image\\\/\",\"url\":\"https:\\\/\\\/www.laguiadepamplona.com\\\/actualidad\\\/wp-content\\\/uploads\\\/2018\\\/11\\\/logo-laguiadepamplona18-web1.png\",\"contentUrl\":\"https:\\\/\\\/www.laguiadepamplona.com\\\/actualidad\\\/wp-content\\\/uploads\\\/2018\\\/11\\\/logo-laguiadepamplona18-web1.png\",\"width\":600,\"height\":196,\"caption\":\"La Gu\u00eda de Pamplona \\\/ Noticias\"},\"image\":{\"@id\":\"https:\\\/\\\/www.laguiadepamplona.com\\\/actualidad\\\/#\\\/schema\\\/logo\\\/image\\\/\"},\"sameAs\":[\"https:\\\/\\\/www.facebook.com\\\/laguiadepamplonacom-133175176762273\\\/?ref=hl\",\"https:\\\/\\\/x.com\\\/LaGuiadPamplona\",\"https:\\\/\\\/www.instagram.com\\\/la_guia_de_pamplona\\\/\",\"https:\\\/\\\/www.youtube.com\\\/user\\\/laguiadepamplona\"]},{\"@type\":\"Person\",\"@id\":\"https:\\\/\\\/www.laguiadepamplona.com\\\/actualidad\\\/#\\\/schema\\\/person\\\/efe887376f0213d4657c93adc50b1fdb\",\"name\":\"La Gu\u00eda de Pamplona\",\"image\":{\"@type\":\"ImageObject\",\"inLanguage\":\"es\",\"@id\":\"https:\\\/\\\/secure.gravatar.com\\\/avatar\\\/b6992f131dc8d30ab0dff15446e9d346d9dbd95992de0fef795073f5ea83a81c?s=96&d=mm&r=g\",\"url\":\"https:\\\/\\\/secure.gravatar.com\\\/avatar\\\/b6992f131dc8d30ab0dff15446e9d346d9dbd95992de0fef795073f5ea83a81c?s=96&d=mm&r=g\",\"contentUrl\":\"https:\\\/\\\/secure.gravatar.com\\\/avatar\\\/b6992f131dc8d30ab0dff15446e9d346d9dbd95992de0fef795073f5ea83a81c?s=96&d=mm&r=g\",\"caption\":\"La Gu\u00eda de Pamplona\"}}]}<\/script>\n<!-- \/ Yoast SEO plugin. -->","yoast_head_json":{"title":"El alcalde de Pamplona se re\u00fane con un diputado regional ucraniano, que realiza el Camino de Santiago para recaudar fondos para la rehabilitaci\u00f3n de los soldados heridos","description":"El diputado recorre la ruta jacobea con el apoyo de la Administraci\u00f3n Militar Regional de Lviv","robots":{"index":"index","follow":"follow","max-snippet":"max-snippet:-1","max-image-preview":"max-image-preview:large","max-video-preview":"max-video-preview:-1"},"canonical":"https:\/\/www.laguiadepamplona.com\/actualidad\/el-alcalde-de-pamplona-se-reune-con-un-diputado-regional-ucraniano-que-realiza-el-camino-de-santiago-para-recaudar-fondos-para-la-rehabilitacion-de-los-soldados-heridos\/","og_locale":"es_ES","og_type":"article","og_title":"El alcalde de Pamplona se re\u00fane con un diputado regional ucraniano, que realiza el Camino de Santiago para recaudar fondos para la rehabilitaci\u00f3n de los soldados heridos","og_description":"El diputado recorre la ruta jacobea con el apoyo de la Administraci\u00f3n Militar Regional de Lviv","og_url":"https:\/\/www.laguiadepamplona.com\/actualidad\/el-alcalde-de-pamplona-se-reune-con-un-diputado-regional-ucraniano-que-realiza-el-camino-de-santiago-para-recaudar-fondos-para-la-rehabilitacion-de-los-soldados-heridos\/","og_site_name":"La Gu\u00eda de Pamplona","article_publisher":"https:\/\/www.facebook.com\/laguiadepamplonacom-133175176762273\/?ref=hl","article_published_time":"2022-10-17T10:37:47+00:00","article_modified_time":"2023-04-11T09:47:43+00:00","og_image":[{"width":1920,"height":1281,"url":"https:\/\/www.laguiadepamplona.com\/actualidad\/wp-content\/uploads\/2022\/10\/q5a5736ucraniano22-10-17.webp","type":"image\/webp"}],"author":"La Gu\u00eda de Pamplona","twitter_card":"summary_large_image","twitter_creator":"@LaGuiadPamplona","twitter_site":"@LaGuiadPamplona","twitter_misc":{"Escrito por":"La Gu\u00eda de Pamplona","Tiempo de lectura":"2 minutos"},"schema":{"@context":"https:\/\/schema.org","@graph":[{"@type":"Article","@id":"https:\/\/www.laguiadepamplona.com\/actualidad\/el-alcalde-de-pamplona-se-reune-con-un-diputado-regional-ucraniano-que-realiza-el-camino-de-santiago-para-recaudar-fondos-para-la-rehabilitacion-de-los-soldados-heridos\/#article","isPartOf":{"@id":"https:\/\/www.laguiadepamplona.com\/actualidad\/el-alcalde-de-pamplona-se-reune-con-un-diputado-regional-ucraniano-que-realiza-el-camino-de-santiago-para-recaudar-fondos-para-la-rehabilitacion-de-los-soldados-heridos\/"},"author":{"name":"La Gu\u00eda de Pamplona","@id":"https:\/\/www.laguiadepamplona.com\/actualidad\/#\/schema\/person\/efe887376f0213d4657c93adc50b1fdb"},"headline":"El alcalde de Pamplona se re\u00fane con un diputado regional ucraniano, que realiza el Camino de Santiago para recaudar fondos para la rehabilitaci\u00f3n de los soldados heridos","datePublished":"2022-10-17T10:37:47+00:00","dateModified":"2023-04-11T09:47:43+00:00","mainEntityOfPage":{"@id":"https:\/\/www.laguiadepamplona.com\/actualidad\/el-alcalde-de-pamplona-se-reune-con-un-diputado-regional-ucraniano-que-realiza-el-camino-de-santiago-para-recaudar-fondos-para-la-rehabilitacion-de-los-soldados-heridos\/"},"wordCount":272,"commentCount":0,"publisher":{"@id":"https:\/\/www.laguiadepamplona.com\/actualidad\/#organization"},"image":{"@id":"https:\/\/www.laguiadepamplona.com\/actualidad\/el-alcalde-de-pamplona-se-reune-con-un-diputado-regional-ucraniano-que-realiza-el-camino-de-santiago-para-recaudar-fondos-para-la-rehabilitacion-de-los-soldados-heridos\/#primaryimage"},"thumbnailUrl":"https:\/\/www.laguiadepamplona.com\/actualidad\/wp-content\/uploads\/2022\/10\/q5a5736ucraniano22-10-17.webp","articleSection":["Ayto Pamplona"],"inLanguage":"es","potentialAction":[{"@type":"CommentAction","name":"Comment","target":["https:\/\/www.laguiadepamplona.com\/actualidad\/el-alcalde-de-pamplona-se-reune-con-un-diputado-regional-ucraniano-que-realiza-el-camino-de-santiago-para-recaudar-fondos-para-la-rehabilitacion-de-los-soldados-heridos\/#respond"]}]},{"@type":"WebPage","@id":"https:\/\/www.laguiadepamplona.com\/actualidad\/el-alcalde-de-pamplona-se-reune-con-un-diputado-regional-ucraniano-que-realiza-el-camino-de-santiago-para-recaudar-fondos-para-la-rehabilitacion-de-los-soldados-heridos\/","url":"https:\/\/www.laguiadepamplona.com\/actualidad\/el-alcalde-de-pamplona-se-reune-con-un-diputado-regional-ucraniano-que-realiza-el-camino-de-santiago-para-recaudar-fondos-para-la-rehabilitacion-de-los-soldados-heridos\/","name":"El alcalde de Pamplona se re\u00fane con un diputado regional ucraniano, que realiza el Camino de Santiago para recaudar fondos para la rehabilitaci\u00f3n de los soldados heridos","isPartOf":{"@id":"https:\/\/www.laguiadepamplona.com\/actualidad\/#website"},"primaryImageOfPage":{"@id":"https:\/\/www.laguiadepamplona.com\/actualidad\/el-alcalde-de-pamplona-se-reune-con-un-diputado-regional-ucraniano-que-realiza-el-camino-de-santiago-para-recaudar-fondos-para-la-rehabilitacion-de-los-soldados-heridos\/#primaryimage"},"image":{"@id":"https:\/\/www.laguiadepamplona.com\/actualidad\/el-alcalde-de-pamplona-se-reune-con-un-diputado-regional-ucraniano-que-realiza-el-camino-de-santiago-para-recaudar-fondos-para-la-rehabilitacion-de-los-soldados-heridos\/#primaryimage"},"thumbnailUrl":"https:\/\/www.laguiadepamplona.com\/actualidad\/wp-content\/uploads\/2022\/10\/q5a5736ucraniano22-10-17.webp","datePublished":"2022-10-17T10:37:47+00:00","dateModified":"2023-04-11T09:47:43+00:00","description":"El diputado recorre la ruta jacobea con el apoyo de la Administraci\u00f3n Militar Regional de Lviv","breadcrumb":{"@id":"https:\/\/www.laguiadepamplona.com\/actualidad\/el-alcalde-de-pamplona-se-reune-con-un-diputado-regional-ucraniano-que-realiza-el-camino-de-santiago-para-recaudar-fondos-para-la-rehabilitacion-de-los-soldados-heridos\/#breadcrumb"},"inLanguage":"es","potentialAction":[{"@type":"ReadAction","target":["https:\/\/www.laguiadepamplona.com\/actualidad\/el-alcalde-de-pamplona-se-reune-con-un-diputado-regional-ucraniano-que-realiza-el-camino-de-santiago-para-recaudar-fondos-para-la-rehabilitacion-de-los-soldados-heridos\/"]}]},{"@type":"ImageObject","inLanguage":"es","@id":"https:\/\/www.laguiadepamplona.com\/actualidad\/el-alcalde-de-pamplona-se-reune-con-un-diputado-regional-ucraniano-que-realiza-el-camino-de-santiago-para-recaudar-fondos-para-la-rehabilitacion-de-los-soldados-heridos\/#primaryimage","url":"https:\/\/www.laguiadepamplona.com\/actualidad\/wp-content\/uploads\/2022\/10\/q5a5736ucraniano22-10-17.webp","contentUrl":"https:\/\/www.laguiadepamplona.com\/actualidad\/wp-content\/uploads\/2022\/10\/q5a5736ucraniano22-10-17.webp","width":1920,"height":1281},{"@type":"BreadcrumbList","@id":"https:\/\/www.laguiadepamplona.com\/actualidad\/el-alcalde-de-pamplona-se-reune-con-un-diputado-regional-ucraniano-que-realiza-el-camino-de-santiago-para-recaudar-fondos-para-la-rehabilitacion-de-los-soldados-heridos\/#breadcrumb","itemListElement":[{"@type":"ListItem","position":1,"name":"Portada","item":"https:\/\/www.laguiadepamplona.com\/actualidad\/"},{"@type":"ListItem","position":2,"name":"El alcalde de Pamplona se re\u00fane con un diputado regional ucraniano, que realiza el Camino de Santiago para recaudar fondos para la rehabilitaci\u00f3n de los soldados heridos"}]},{"@type":"WebSite","@id":"https:\/\/www.laguiadepamplona.com\/actualidad\/#website","url":"https:\/\/www.laguiadepamplona.com\/actualidad\/","name":"La gu\u00eda de Pamplona","description":"Noticias de Pamplona","publisher":{"@id":"https:\/\/www.laguiadepamplona.com\/actualidad\/#organization"},"potentialAction":[{"@type":"SearchAction","target":{"@type":"EntryPoint","urlTemplate":"https:\/\/www.laguiadepamplona.com\/actualidad\/?s={search_term_string}"},"query-input":{"@type":"PropertyValueSpecification","valueRequired":true,"valueName":"search_term_string"}}],"inLanguage":"es"},{"@type":"Organization","@id":"https:\/\/www.laguiadepamplona.com\/actualidad\/#organization","name":"La Gu\u00eda de Pamplona \/ Noticias","url":"https:\/\/www.laguiadepamplona.com\/actualidad\/","logo":{"@type":"ImageObject","inLanguage":"es","@id":"https:\/\/www.laguiadepamplona.com\/actualidad\/#\/schema\/logo\/image\/","url":"https:\/\/www.laguiadepamplona.com\/actualidad\/wp-content\/uploads\/2018\/11\/logo-laguiadepamplona18-web1.png","contentUrl":"https:\/\/www.laguiadepamplona.com\/actualidad\/wp-content\/uploads\/2018\/11\/logo-laguiadepamplona18-web1.png","width":600,"height":196,"caption":"La Gu\u00eda de Pamplona \/ Noticias"},"image":{"@id":"https:\/\/www.laguiadepamplona.com\/actualidad\/#\/schema\/logo\/image\/"},"sameAs":["https:\/\/www.facebook.com\/laguiadepamplonacom-133175176762273\/?ref=hl","https:\/\/x.com\/LaGuiadPamplona","https:\/\/www.instagram.com\/la_guia_de_pamplona\/","https:\/\/www.youtube.com\/user\/laguiadepamplona"]},{"@type":"Person","@id":"https:\/\/www.laguiadepamplona.com\/actualidad\/#\/schema\/person\/efe887376f0213d4657c93adc50b1fdb","name":"La Gu\u00eda de Pamplona","image":{"@type":"ImageObject","inLanguage":"es","@id":"https:\/\/secure.gravatar.com\/avatar\/b6992f131dc8d30ab0dff15446e9d346d9dbd95992de0fef795073f5ea83a81c?s=96&d=mm&r=g","url":"https:\/\/secure.gravatar.com\/avatar\/b6992f131dc8d30ab0dff15446e9d346d9dbd95992de0fef795073f5ea83a81c?s=96&d=mm&r=g","contentUrl":"https:\/\/secure.gravatar.com\/avatar\/b6992f131dc8d30ab0dff15446e9d346d9dbd95992de0fef795073f5ea83a81c?s=96&d=mm&r=g","caption":"La Gu\u00eda de Pamplona"}}]}},"post_mailing_queue_ids":[],"_links":{"self":[{"href":"https:\/\/www.laguiadepamplona.com\/actualidad\/wp-json\/wp\/v2\/posts\/41923","targetHints":{"allow":["GET"]}}],"collection":[{"href":"https:\/\/www.laguiadepamplona.com\/actualidad\/wp-json\/wp\/v2\/posts"}],"about":[{"href":"https:\/\/www.laguiadepamplona.com\/actualidad\/wp-json\/wp\/v2\/types\/post"}],"author":[{"embeddable":true,"href":"https:\/\/www.laguiadepamplona.com\/actualidad\/wp-json\/wp\/v2\/users\/1"}],"replies":[{"embeddable":true,"href":"https:\/\/www.laguiadepamplona.com\/actualidad\/wp-json\/wp\/v2\/comments?post=41923"}],"version-history":[{"count":0,"href":"https:\/\/www.laguiadepamplona.com\/actualidad\/wp-json\/wp\/v2\/posts\/41923\/revisions"}],"wp:featuredmedia":[{"embeddable":true,"href":"https:\/\/www.laguiadepamplona.com\/actualidad\/wp-json\/wp\/v2\/media\/41924"}],"wp:attachment":[{"href":"https:\/\/www.laguiadepamplona.com\/actualidad\/wp-json\/wp\/v2\/media?parent=41923"}],"wp:term":[{"taxonomy":"category","embeddable":true,"href":"https:\/\/www.laguiadepamplona.com\/actualidad\/wp-json\/wp\/v2\/categories?post=41923"},{"taxonomy":"post_tag","embeddable":true,"href":"https:\/\/www.laguiadepamplona.com\/actualidad\/wp-json\/wp\/v2\/tags?post=41923"}],"curies":[{"name":"wp","href":"https:\/\/api.w.org\/{rel}","templated":true}]}}