{"id":41920,"date":"2022-10-17T12:30:25","date_gmt":"2022-10-17T10:30:25","guid":{"rendered":"https:\/\/www.laguiadepamplona.com\/actualidad\/?p=41920"},"modified":"2023-04-11T11:47:43","modified_gmt":"2023-04-11T09:47:43","slug":"la-tercera-asamblea-general-del-proyecto-open-lab-que-involucra-a-pamplona-genk-belgica-y-tartu-estonia-se-reune-a-partir-de-manana-en-la-ciudad","status":"publish","type":"post","link":"https:\/\/www.laguiadepamplona.com\/actualidad\/la-tercera-asamblea-general-del-proyecto-open-lab-que-involucra-a-pamplona-genk-belgica-y-tartu-estonia-se-reune-a-partir-de-manana-en-la-ciudad\/","title":{"rendered":"La tercera Asamblea General del proyecto oPEN Lab que involucra a Pamplona, Genk (B\u00e9lgica) y Tartu (Estonia) se re\u00fane a partir de ma\u00f1ana en la ciudad"},"content":{"rendered":"<h5>Estas ciudades son campos de experiencia de proyectos de I+D+i H en obtenci\u00f3n y reparto de energ\u00eda limpias financiados por la Uni\u00f3n Europea<\/h5>\n<p><!--more--><\/p>\n<p>Los pr\u00f3ximos d\u00edas 18 y 19 de octubre el Museo de Educaci\u00f3n Ambiental del Ayuntamiento de Pamplona acoger\u00e1 la tercera Asamblea General del proyecto oPEN Lab, en el que se encuentra integrada esta ciudad. Este proyecto de I+D+i H2020\u2019, financiado por la Uni\u00f3n Europea, pretende identificar paquetes de soluciones replicables y comercialmente viables en relaci\u00f3n a la obtenci\u00f3n y reparto de energ\u00eda limpias. Busca conseguir barrios energ\u00e9ticamente positivos dentro de los contextos urbanos que se integran en el sistema energ\u00e9tico local partiendo de una colaboraci\u00f3n p\u00fablico-privada.<br \/>\n<script async src=\"\/\/pagead2.googlesyndication.com\/pagead\/js\/adsbygoogle.js\"><\/script><br \/>\n<!-- Noticias La Guia de Pamplona --><br \/>\n<ins class=\"adsbygoogle\"\nstyle=\"display:block\"\ndata-ad-client=\"ca-pub-6943679897239327\"\ndata-ad-slot=\"7048180777\"\ndata-ad-format=\"auto\"><\/ins><br \/>\n<script>\n(adsbygoogle = window.adsbygoogle || []).push({});\n<\/script><\/p>\n<p>Pamplona participa en este proyecto como \u2018living-lab (demostrador)\u2019 junto a la localidad belga de Genk y a la ciudad estonia de Tartu. De estas ciudades vendr\u00e1n representaciones, as\u00ed como personal de la Agencia Regional de la Energ\u00eda de Tartu. Habr\u00e1 tambi\u00e9n representantes asociaciones, empresas e instituciones, como universidades o centros tecnol\u00f3gicos hasta sumar alrededor de 65 asistentes de una treintena de entidades de siete pa\u00edses distintos: Espa\u00f1a, Estonia, B\u00e9lgica, Suiza, Pa\u00edses Bajos, Alemania, Grecia.<\/p>\n<p><u>La jornada comenzar\u00e1 ma\u00f1ana 18 de octubre a las 8.30 horas en la Casa Consistorial<\/u> con la bienvenida oficial a la ciudad por parte del alcalde <strong>Enrique Maya<\/strong>. <u>Luego, hacia las 9 horas, los presentes se desplazar\u00e1n a Monasterio Viejo de San Pedro s\/n para dar comienzo a la sesi\u00f3n plenaria<\/u> en la que se repasar\u00e1n los progresos, las pr\u00e1cticas innovadoras y los asuntos econ\u00f3micos vinculados. Por la ma\u00f1ana habr\u00e1 tambi\u00e9n ponencias sobre las ciudades innovadoras, la crisis energ\u00e9tica o de presentaciones.<\/p>\n<p>El presupuesto total del proyecto Open Lab se calcula que se situar\u00e1 en los 22 millones de euros. Las acciones que se llevar\u00e1n a cabo en Pamplona rondar\u00e1n los 5 millones, incluyendo ese importe a todos los socios locales que participan. As\u00ed las cosas, el presupuesto del proyecto para el Ayuntamiento de Pamplona podr\u00eda alcanzar los 1,5 millones de euros, que la Uni\u00f3n Europea financiar\u00eda pr\u00e1cticamente el 100% por tratarse de un proyecto clasificado como \u2018acci\u00f3n de innovaci\u00f3n\u2019 y llevarlo a cabo una entidad sin \u00e1nimo de lucro.<br \/>\n<script async src=\"\/\/pagead2.googlesyndication.com\/pagead\/js\/adsbygoogle.js\"><\/script><br \/>\n<!-- Noticias La Guia de Pamplona --><br \/>\n<ins class=\"adsbygoogle\"\nstyle=\"display:block\"\ndata-ad-client=\"ca-pub-6943679897239327\"\ndata-ad-slot=\"7048180777\"\ndata-ad-format=\"auto\"><\/ins><br \/>\n<script>\n(adsbygoogle = window.adsbygoogle || []).push({});\n<\/script><\/p>\n<p><strong>Visita de estudio a la IWER y a las viviendas de San Pedro<\/strong><\/p>\n<p>Por la tarde, de 15.30 a 17 horas y partiendo del Museo de Educaci\u00f3n Ambiental, se realizar\u00e1 una visita de estudio a la IWER y a las viviendas de San Pedro, espacio en el que Pamplona est\u00e1 implementando su propuesta de Distrito de Energ\u00eda verde\/ Bario de Energ\u00eda Positiva.<\/p>\n<p>Los tres proyectos subvencionados buscan poner en pr\u00e1cticas para enfrentarse al desaf\u00edo de la descarbonizaci\u00f3n de las ciudades, a trav\u00e9s de dos ejes que son el dise\u00f1o o rehabilitaci\u00f3n de edificios con criterios de cero emisiones \/ cero contaminantes y una transici\u00f3n hacia edificios de balance positivo de energ\u00eda, cubriendo la demanda mediante la generaci\u00f3n in situ basada en renovables. La interconexi\u00f3n energ\u00e9tica generar\u00e1 la creaci\u00f3n de vecindarios verdes, con variedad de tipos de edificios (vivienda social, escuelas, edificios p\u00fablicos\u2026) y con funcionalidades urbanas adicionales (puntos de recarga de veh\u00edculos el\u00e9ctricos, por ejemplo).<\/p>\n<p>El mi\u00e9rcoles 19 se realizar\u00e1n sesiones paralelas con dos encuentros por franja horaria (de 9 a 10.30 horas; de 11 a 12.30 horas y de 13.30 a 15 horas). Finalmente se realizar\u00e1 la sesi\u00f3n plenaria de clausura de 15.30 a 17 horas, d\u00e1ndose por concluido el encuentro.<br \/>\n<script async src=\"\/\/pagead2.googlesyndication.com\/pagead\/js\/adsbygoogle.js\"><\/script><br \/>\n<!-- Noticias La Guia de Pamplona --><br \/>\n<ins class=\"adsbygoogle\"\nstyle=\"display:block\"\ndata-ad-client=\"ca-pub-6943679897239327\"\ndata-ad-slot=\"7048180777\"\ndata-ad-format=\"auto\"><\/ins><br \/>\n<script>\n(adsbygoogle = window.adsbygoogle || []).push({});\n<\/script><\/p>\n<p>&nbsp;<\/p>\n<h3>Asistentes previstos<\/h3>\n<p><strong>Administraciones:<\/strong><\/p>\n<ul>\n<li>Ayuntamiento de Pamplona (Espa\u00f1a)<\/li>\n<li>Ayuntamiento de Tartu (Estonia)<\/li>\n<li>Agencia Regional de la Energ\u00eda de Tartu (Estonia)<\/li>\n<\/ul>\n<p><strong>Centros tecnol\u00f3gicos:<\/strong><\/p>\n<ul>\n<li>VITO (coordinador del proyecto OPEN LAB) de B\u00e9lgica<\/li>\n<li>CENER (Espa\u00f1a)<\/li>\n<li>Centro Interuniversitario de Microelectr\u00f3nica (B\u00e9lgica)<\/li>\n<\/ul>\n<p><strong>Universidades:<\/strong><\/p>\n<ul>\n<li>Universidad del Pa\u00eds Vasco (Espa\u00f1a)<\/li>\n<li>Universidad de Ciencias Aplicadas y Artes de Suiza Occidental (Suiza)<\/li>\n<li>Universidad KU Leuven (B\u00e9lgica)<\/li>\n<li>Universidad T\u00e9cnica de Tallin (Estonia)<\/li>\n<li>Universidad de Tartu (Estonia)<\/li>\n<\/ul>\n<p><strong>Empresas:<\/strong><\/p>\n<ul>\n<li>OBENASA (Espa\u00f1a)<\/li>\n<li>AH Asociados (Espa\u00f1a)<\/li>\n<li>Bax Innovation Consulting (Espa\u00f1a)<\/li>\n<li>Cast4All (B\u00e9lgica)<\/li>\n<li>Daikin (B\u00e9lgica)<\/li>\n<li>DCINergy (B\u00e9lgica)<\/li>\n<li>EESTI Energia (Estonia)<\/li>\n<li>Flux50 (B\u00e9lgica)<\/li>\n<li>Fortum (Estonia)<\/li>\n<li>FUTECH (B\u00e9lgica)<\/li>\n<li>HVDK (Pa\u00edses Bajos)<\/li>\n<li>LITOBOX (B\u00e9lgica)<\/li>\n<li>NIEUW DAK (B\u00e9lgica)<\/li>\n<li>Steinbeis Europa (Alemania)<\/li>\n<li>Sympraxis (Grecia)<\/li>\n<\/ul>\n<p><strong>Asociaciones:<\/strong><\/p>\n<ul>\n<li>BPIE (B\u00e9lgica)<\/li>\n<li>Asociaci\u00f3n Europea de Living Labs (B\u00e9lgica)<\/li>\n<li>Instituto de Estudios B\u00e1lticos (Estonia)<\/li>\n<li>Stebo (B\u00e9lgica)<\/li>\n<\/ul>\n","protected":false},"excerpt":{"rendered":"<p>Estas ciudades son campos de experiencia de proyectos de I+D+i H en obtenci\u00f3n y reparto de energ\u00eda limpias financiados por la Uni\u00f3n Europea<\/p>\n","protected":false},"author":1,"featured_media":41921,"comment_status":"open","ping_status":"closed","sticky":false,"template":"","format":"standard","meta":{"footnotes":""},"categories":[2],"tags":[],"class_list":["post-41920","post","type-post","status-publish","format-standard","has-post-thumbnail","hentry","category-ayuntamiento-pamplona"],"yoast_head":"<!-- This site is optimized with the Yoast SEO plugin v27.3 - https:\/\/yoast.com\/product\/yoast-seo-wordpress\/ -->\n<title>La tercera Asamblea General del proyecto oPEN Lab que involucra a Pamplona, Genk (B\u00e9lgica) y Tartu (Estonia) se re\u00fane a partir de ma\u00f1ana en la ciudad<\/title>\n<meta name=\"description\" content=\"Estas ciudades son campos de experiencia de proyectos de I+D+i H en obtenci\u00f3n y reparto de energ\u00eda limpias financiados por la Uni\u00f3n Europea\" \/>\n<meta name=\"robots\" content=\"index, follow, max-snippet:-1, max-image-preview:large, max-video-preview:-1\" \/>\n<link rel=\"canonical\" href=\"https:\/\/www.laguiadepamplona.com\/actualidad\/la-tercera-asamblea-general-del-proyecto-open-lab-que-involucra-a-pamplona-genk-belgica-y-tartu-estonia-se-reune-a-partir-de-manana-en-la-ciudad\/\" \/>\n<meta property=\"og:locale\" content=\"es_ES\" \/>\n<meta property=\"og:type\" content=\"article\" \/>\n<meta property=\"og:title\" content=\"La tercera Asamblea General del proyecto oPEN Lab que involucra a Pamplona, Genk (B\u00e9lgica) y Tartu (Estonia) se re\u00fane a partir de ma\u00f1ana en la ciudad\" \/>\n<meta property=\"og:description\" content=\"Estas ciudades son campos de experiencia de proyectos de I+D+i H en obtenci\u00f3n y reparto de energ\u00eda limpias financiados por la Uni\u00f3n Europea\" \/>\n<meta property=\"og:url\" content=\"https:\/\/www.laguiadepamplona.com\/actualidad\/la-tercera-asamblea-general-del-proyecto-open-lab-que-involucra-a-pamplona-genk-belgica-y-tartu-estonia-se-reune-a-partir-de-manana-en-la-ciudad\/\" \/>\n<meta property=\"og:site_name\" content=\"La Gu\u00eda de Pamplona\" \/>\n<meta property=\"article:publisher\" content=\"https:\/\/www.facebook.com\/laguiadepamplonacom-133175176762273\/?ref=hl\" \/>\n<meta property=\"article:published_time\" content=\"2022-10-17T10:30:25+00:00\" \/>\n<meta property=\"article:modified_time\" content=\"2023-04-11T09:47:43+00:00\" \/>\n<meta property=\"og:image\" content=\"https:\/\/www.laguiadepamplona.com\/actualidad\/wp-content\/uploads\/2022\/10\/museo_educacion_ambiental_puente.webp\" \/>\n\t<meta property=\"og:image:width\" content=\"1920\" \/>\n\t<meta property=\"og:image:height\" content=\"1280\" \/>\n\t<meta property=\"og:image:type\" content=\"image\/webp\" \/>\n<meta name=\"author\" content=\"La Gu\u00eda de Pamplona\" \/>\n<meta name=\"twitter:card\" content=\"summary_large_image\" \/>\n<meta name=\"twitter:creator\" content=\"@LaGuiadPamplona\" \/>\n<meta name=\"twitter:site\" content=\"@LaGuiadPamplona\" \/>\n<meta name=\"twitter:label1\" content=\"Escrito por\" \/>\n\t<meta name=\"twitter:data1\" content=\"La Gu\u00eda de Pamplona\" \/>\n\t<meta name=\"twitter:label2\" content=\"Tiempo de lectura\" \/>\n\t<meta name=\"twitter:data2\" content=\"4 minutos\" \/>\n<script type=\"application\/ld+json\" class=\"yoast-schema-graph\">{\"@context\":\"https:\\\/\\\/schema.org\",\"@graph\":[{\"@type\":\"Article\",\"@id\":\"https:\\\/\\\/www.laguiadepamplona.com\\\/actualidad\\\/la-tercera-asamblea-general-del-proyecto-open-lab-que-involucra-a-pamplona-genk-belgica-y-tartu-estonia-se-reune-a-partir-de-manana-en-la-ciudad\\\/#article\",\"isPartOf\":{\"@id\":\"https:\\\/\\\/www.laguiadepamplona.com\\\/actualidad\\\/la-tercera-asamblea-general-del-proyecto-open-lab-que-involucra-a-pamplona-genk-belgica-y-tartu-estonia-se-reune-a-partir-de-manana-en-la-ciudad\\\/\"},\"author\":{\"name\":\"La Gu\u00eda de Pamplona\",\"@id\":\"https:\\\/\\\/www.laguiadepamplona.com\\\/actualidad\\\/#\\\/schema\\\/person\\\/efe887376f0213d4657c93adc50b1fdb\"},\"headline\":\"La tercera Asamblea General del proyecto oPEN Lab que involucra a Pamplona, Genk (B\u00e9lgica) y Tartu (Estonia) se re\u00fane a partir de ma\u00f1ana en la ciudad\",\"datePublished\":\"2022-10-17T10:30:25+00:00\",\"dateModified\":\"2023-04-11T09:47:43+00:00\",\"mainEntityOfPage\":{\"@id\":\"https:\\\/\\\/www.laguiadepamplona.com\\\/actualidad\\\/la-tercera-asamblea-general-del-proyecto-open-lab-que-involucra-a-pamplona-genk-belgica-y-tartu-estonia-se-reune-a-partir-de-manana-en-la-ciudad\\\/\"},\"wordCount\":776,\"commentCount\":0,\"publisher\":{\"@id\":\"https:\\\/\\\/www.laguiadepamplona.com\\\/actualidad\\\/#organization\"},\"image\":{\"@id\":\"https:\\\/\\\/www.laguiadepamplona.com\\\/actualidad\\\/la-tercera-asamblea-general-del-proyecto-open-lab-que-involucra-a-pamplona-genk-belgica-y-tartu-estonia-se-reune-a-partir-de-manana-en-la-ciudad\\\/#primaryimage\"},\"thumbnailUrl\":\"https:\\\/\\\/www.laguiadepamplona.com\\\/actualidad\\\/wp-content\\\/uploads\\\/2022\\\/10\\\/museo_educacion_ambiental_puente.webp\",\"articleSection\":[\"Ayto Pamplona\"],\"inLanguage\":\"es\",\"potentialAction\":[{\"@type\":\"CommentAction\",\"name\":\"Comment\",\"target\":[\"https:\\\/\\\/www.laguiadepamplona.com\\\/actualidad\\\/la-tercera-asamblea-general-del-proyecto-open-lab-que-involucra-a-pamplona-genk-belgica-y-tartu-estonia-se-reune-a-partir-de-manana-en-la-ciudad\\\/#respond\"]}]},{\"@type\":\"WebPage\",\"@id\":\"https:\\\/\\\/www.laguiadepamplona.com\\\/actualidad\\\/la-tercera-asamblea-general-del-proyecto-open-lab-que-involucra-a-pamplona-genk-belgica-y-tartu-estonia-se-reune-a-partir-de-manana-en-la-ciudad\\\/\",\"url\":\"https:\\\/\\\/www.laguiadepamplona.com\\\/actualidad\\\/la-tercera-asamblea-general-del-proyecto-open-lab-que-involucra-a-pamplona-genk-belgica-y-tartu-estonia-se-reune-a-partir-de-manana-en-la-ciudad\\\/\",\"name\":\"La tercera Asamblea General del proyecto oPEN Lab que involucra a Pamplona, Genk (B\u00e9lgica) y Tartu (Estonia) se re\u00fane a partir de ma\u00f1ana en la ciudad\",\"isPartOf\":{\"@id\":\"https:\\\/\\\/www.laguiadepamplona.com\\\/actualidad\\\/#website\"},\"primaryImageOfPage\":{\"@id\":\"https:\\\/\\\/www.laguiadepamplona.com\\\/actualidad\\\/la-tercera-asamblea-general-del-proyecto-open-lab-que-involucra-a-pamplona-genk-belgica-y-tartu-estonia-se-reune-a-partir-de-manana-en-la-ciudad\\\/#primaryimage\"},\"image\":{\"@id\":\"https:\\\/\\\/www.laguiadepamplona.com\\\/actualidad\\\/la-tercera-asamblea-general-del-proyecto-open-lab-que-involucra-a-pamplona-genk-belgica-y-tartu-estonia-se-reune-a-partir-de-manana-en-la-ciudad\\\/#primaryimage\"},\"thumbnailUrl\":\"https:\\\/\\\/www.laguiadepamplona.com\\\/actualidad\\\/wp-content\\\/uploads\\\/2022\\\/10\\\/museo_educacion_ambiental_puente.webp\",\"datePublished\":\"2022-10-17T10:30:25+00:00\",\"dateModified\":\"2023-04-11T09:47:43+00:00\",\"description\":\"Estas ciudades son campos de experiencia de proyectos de I+D+i H en obtenci\u00f3n y reparto de energ\u00eda limpias financiados por la Uni\u00f3n Europea\",\"breadcrumb\":{\"@id\":\"https:\\\/\\\/www.laguiadepamplona.com\\\/actualidad\\\/la-tercera-asamblea-general-del-proyecto-open-lab-que-involucra-a-pamplona-genk-belgica-y-tartu-estonia-se-reune-a-partir-de-manana-en-la-ciudad\\\/#breadcrumb\"},\"inLanguage\":\"es\",\"potentialAction\":[{\"@type\":\"ReadAction\",\"target\":[\"https:\\\/\\\/www.laguiadepamplona.com\\\/actualidad\\\/la-tercera-asamblea-general-del-proyecto-open-lab-que-involucra-a-pamplona-genk-belgica-y-tartu-estonia-se-reune-a-partir-de-manana-en-la-ciudad\\\/\"]}]},{\"@type\":\"ImageObject\",\"inLanguage\":\"es\",\"@id\":\"https:\\\/\\\/www.laguiadepamplona.com\\\/actualidad\\\/la-tercera-asamblea-general-del-proyecto-open-lab-que-involucra-a-pamplona-genk-belgica-y-tartu-estonia-se-reune-a-partir-de-manana-en-la-ciudad\\\/#primaryimage\",\"url\":\"https:\\\/\\\/www.laguiadepamplona.com\\\/actualidad\\\/wp-content\\\/uploads\\\/2022\\\/10\\\/museo_educacion_ambiental_puente.webp\",\"contentUrl\":\"https:\\\/\\\/www.laguiadepamplona.com\\\/actualidad\\\/wp-content\\\/uploads\\\/2022\\\/10\\\/museo_educacion_ambiental_puente.webp\",\"width\":1920,\"height\":1280,\"caption\":\"museo\"},{\"@type\":\"BreadcrumbList\",\"@id\":\"https:\\\/\\\/www.laguiadepamplona.com\\\/actualidad\\\/la-tercera-asamblea-general-del-proyecto-open-lab-que-involucra-a-pamplona-genk-belgica-y-tartu-estonia-se-reune-a-partir-de-manana-en-la-ciudad\\\/#breadcrumb\",\"itemListElement\":[{\"@type\":\"ListItem\",\"position\":1,\"name\":\"Portada\",\"item\":\"https:\\\/\\\/www.laguiadepamplona.com\\\/actualidad\\\/\"},{\"@type\":\"ListItem\",\"position\":2,\"name\":\"La tercera Asamblea General del proyecto oPEN Lab que involucra a Pamplona, Genk (B\u00e9lgica) y Tartu (Estonia) se re\u00fane a partir de ma\u00f1ana en la ciudad\"}]},{\"@type\":\"WebSite\",\"@id\":\"https:\\\/\\\/www.laguiadepamplona.com\\\/actualidad\\\/#website\",\"url\":\"https:\\\/\\\/www.laguiadepamplona.com\\\/actualidad\\\/\",\"name\":\"La gu\u00eda de Pamplona\",\"description\":\"Noticias de Pamplona\",\"publisher\":{\"@id\":\"https:\\\/\\\/www.laguiadepamplona.com\\\/actualidad\\\/#organization\"},\"potentialAction\":[{\"@type\":\"SearchAction\",\"target\":{\"@type\":\"EntryPoint\",\"urlTemplate\":\"https:\\\/\\\/www.laguiadepamplona.com\\\/actualidad\\\/?s={search_term_string}\"},\"query-input\":{\"@type\":\"PropertyValueSpecification\",\"valueRequired\":true,\"valueName\":\"search_term_string\"}}],\"inLanguage\":\"es\"},{\"@type\":\"Organization\",\"@id\":\"https:\\\/\\\/www.laguiadepamplona.com\\\/actualidad\\\/#organization\",\"name\":\"La Gu\u00eda de Pamplona \\\/ Noticias\",\"url\":\"https:\\\/\\\/www.laguiadepamplona.com\\\/actualidad\\\/\",\"logo\":{\"@type\":\"ImageObject\",\"inLanguage\":\"es\",\"@id\":\"https:\\\/\\\/www.laguiadepamplona.com\\\/actualidad\\\/#\\\/schema\\\/logo\\\/image\\\/\",\"url\":\"https:\\\/\\\/www.laguiadepamplona.com\\\/actualidad\\\/wp-content\\\/uploads\\\/2018\\\/11\\\/logo-laguiadepamplona18-web1.png\",\"contentUrl\":\"https:\\\/\\\/www.laguiadepamplona.com\\\/actualidad\\\/wp-content\\\/uploads\\\/2018\\\/11\\\/logo-laguiadepamplona18-web1.png\",\"width\":600,\"height\":196,\"caption\":\"La Gu\u00eda de Pamplona \\\/ Noticias\"},\"image\":{\"@id\":\"https:\\\/\\\/www.laguiadepamplona.com\\\/actualidad\\\/#\\\/schema\\\/logo\\\/image\\\/\"},\"sameAs\":[\"https:\\\/\\\/www.facebook.com\\\/laguiadepamplonacom-133175176762273\\\/?ref=hl\",\"https:\\\/\\\/x.com\\\/LaGuiadPamplona\",\"https:\\\/\\\/www.instagram.com\\\/la_guia_de_pamplona\\\/\",\"https:\\\/\\\/www.youtube.com\\\/user\\\/laguiadepamplona\"]},{\"@type\":\"Person\",\"@id\":\"https:\\\/\\\/www.laguiadepamplona.com\\\/actualidad\\\/#\\\/schema\\\/person\\\/efe887376f0213d4657c93adc50b1fdb\",\"name\":\"La Gu\u00eda de Pamplona\",\"image\":{\"@type\":\"ImageObject\",\"inLanguage\":\"es\",\"@id\":\"https:\\\/\\\/secure.gravatar.com\\\/avatar\\\/b6992f131dc8d30ab0dff15446e9d346d9dbd95992de0fef795073f5ea83a81c?s=96&d=mm&r=g\",\"url\":\"https:\\\/\\\/secure.gravatar.com\\\/avatar\\\/b6992f131dc8d30ab0dff15446e9d346d9dbd95992de0fef795073f5ea83a81c?s=96&d=mm&r=g\",\"contentUrl\":\"https:\\\/\\\/secure.gravatar.com\\\/avatar\\\/b6992f131dc8d30ab0dff15446e9d346d9dbd95992de0fef795073f5ea83a81c?s=96&d=mm&r=g\",\"caption\":\"La Gu\u00eda de Pamplona\"}}]}<\/script>\n<!-- \/ Yoast SEO plugin. -->","yoast_head_json":{"title":"La tercera Asamblea General del proyecto oPEN Lab que involucra a Pamplona, Genk (B\u00e9lgica) y Tartu (Estonia) se re\u00fane a partir de ma\u00f1ana en la ciudad","description":"Estas ciudades son campos de experiencia de proyectos de I+D+i H en obtenci\u00f3n y reparto de energ\u00eda limpias financiados por la Uni\u00f3n Europea","robots":{"index":"index","follow":"follow","max-snippet":"max-snippet:-1","max-image-preview":"max-image-preview:large","max-video-preview":"max-video-preview:-1"},"canonical":"https:\/\/www.laguiadepamplona.com\/actualidad\/la-tercera-asamblea-general-del-proyecto-open-lab-que-involucra-a-pamplona-genk-belgica-y-tartu-estonia-se-reune-a-partir-de-manana-en-la-ciudad\/","og_locale":"es_ES","og_type":"article","og_title":"La tercera Asamblea General del proyecto oPEN Lab que involucra a Pamplona, Genk (B\u00e9lgica) y Tartu (Estonia) se re\u00fane a partir de ma\u00f1ana en la ciudad","og_description":"Estas ciudades son campos de experiencia de proyectos de I+D+i H en obtenci\u00f3n y reparto de energ\u00eda limpias financiados por la Uni\u00f3n Europea","og_url":"https:\/\/www.laguiadepamplona.com\/actualidad\/la-tercera-asamblea-general-del-proyecto-open-lab-que-involucra-a-pamplona-genk-belgica-y-tartu-estonia-se-reune-a-partir-de-manana-en-la-ciudad\/","og_site_name":"La Gu\u00eda de Pamplona","article_publisher":"https:\/\/www.facebook.com\/laguiadepamplonacom-133175176762273\/?ref=hl","article_published_time":"2022-10-17T10:30:25+00:00","article_modified_time":"2023-04-11T09:47:43+00:00","og_image":[{"width":1920,"height":1280,"url":"https:\/\/www.laguiadepamplona.com\/actualidad\/wp-content\/uploads\/2022\/10\/museo_educacion_ambiental_puente.webp","type":"image\/webp"}],"author":"La Gu\u00eda de Pamplona","twitter_card":"summary_large_image","twitter_creator":"@LaGuiadPamplona","twitter_site":"@LaGuiadPamplona","twitter_misc":{"Escrito por":"La Gu\u00eda de Pamplona","Tiempo de lectura":"4 minutos"},"schema":{"@context":"https:\/\/schema.org","@graph":[{"@type":"Article","@id":"https:\/\/www.laguiadepamplona.com\/actualidad\/la-tercera-asamblea-general-del-proyecto-open-lab-que-involucra-a-pamplona-genk-belgica-y-tartu-estonia-se-reune-a-partir-de-manana-en-la-ciudad\/#article","isPartOf":{"@id":"https:\/\/www.laguiadepamplona.com\/actualidad\/la-tercera-asamblea-general-del-proyecto-open-lab-que-involucra-a-pamplona-genk-belgica-y-tartu-estonia-se-reune-a-partir-de-manana-en-la-ciudad\/"},"author":{"name":"La Gu\u00eda de Pamplona","@id":"https:\/\/www.laguiadepamplona.com\/actualidad\/#\/schema\/person\/efe887376f0213d4657c93adc50b1fdb"},"headline":"La tercera Asamblea General del proyecto oPEN Lab que involucra a Pamplona, Genk (B\u00e9lgica) y Tartu (Estonia) se re\u00fane a partir de ma\u00f1ana en la ciudad","datePublished":"2022-10-17T10:30:25+00:00","dateModified":"2023-04-11T09:47:43+00:00","mainEntityOfPage":{"@id":"https:\/\/www.laguiadepamplona.com\/actualidad\/la-tercera-asamblea-general-del-proyecto-open-lab-que-involucra-a-pamplona-genk-belgica-y-tartu-estonia-se-reune-a-partir-de-manana-en-la-ciudad\/"},"wordCount":776,"commentCount":0,"publisher":{"@id":"https:\/\/www.laguiadepamplona.com\/actualidad\/#organization"},"image":{"@id":"https:\/\/www.laguiadepamplona.com\/actualidad\/la-tercera-asamblea-general-del-proyecto-open-lab-que-involucra-a-pamplona-genk-belgica-y-tartu-estonia-se-reune-a-partir-de-manana-en-la-ciudad\/#primaryimage"},"thumbnailUrl":"https:\/\/www.laguiadepamplona.com\/actualidad\/wp-content\/uploads\/2022\/10\/museo_educacion_ambiental_puente.webp","articleSection":["Ayto Pamplona"],"inLanguage":"es","potentialAction":[{"@type":"CommentAction","name":"Comment","target":["https:\/\/www.laguiadepamplona.com\/actualidad\/la-tercera-asamblea-general-del-proyecto-open-lab-que-involucra-a-pamplona-genk-belgica-y-tartu-estonia-se-reune-a-partir-de-manana-en-la-ciudad\/#respond"]}]},{"@type":"WebPage","@id":"https:\/\/www.laguiadepamplona.com\/actualidad\/la-tercera-asamblea-general-del-proyecto-open-lab-que-involucra-a-pamplona-genk-belgica-y-tartu-estonia-se-reune-a-partir-de-manana-en-la-ciudad\/","url":"https:\/\/www.laguiadepamplona.com\/actualidad\/la-tercera-asamblea-general-del-proyecto-open-lab-que-involucra-a-pamplona-genk-belgica-y-tartu-estonia-se-reune-a-partir-de-manana-en-la-ciudad\/","name":"La tercera Asamblea General del proyecto oPEN Lab que involucra a Pamplona, Genk (B\u00e9lgica) y Tartu (Estonia) se re\u00fane a partir de ma\u00f1ana en la ciudad","isPartOf":{"@id":"https:\/\/www.laguiadepamplona.com\/actualidad\/#website"},"primaryImageOfPage":{"@id":"https:\/\/www.laguiadepamplona.com\/actualidad\/la-tercera-asamblea-general-del-proyecto-open-lab-que-involucra-a-pamplona-genk-belgica-y-tartu-estonia-se-reune-a-partir-de-manana-en-la-ciudad\/#primaryimage"},"image":{"@id":"https:\/\/www.laguiadepamplona.com\/actualidad\/la-tercera-asamblea-general-del-proyecto-open-lab-que-involucra-a-pamplona-genk-belgica-y-tartu-estonia-se-reune-a-partir-de-manana-en-la-ciudad\/#primaryimage"},"thumbnailUrl":"https:\/\/www.laguiadepamplona.com\/actualidad\/wp-content\/uploads\/2022\/10\/museo_educacion_ambiental_puente.webp","datePublished":"2022-10-17T10:30:25+00:00","dateModified":"2023-04-11T09:47:43+00:00","description":"Estas ciudades son campos de experiencia de proyectos de I+D+i H en obtenci\u00f3n y reparto de energ\u00eda limpias financiados por la Uni\u00f3n Europea","breadcrumb":{"@id":"https:\/\/www.laguiadepamplona.com\/actualidad\/la-tercera-asamblea-general-del-proyecto-open-lab-que-involucra-a-pamplona-genk-belgica-y-tartu-estonia-se-reune-a-partir-de-manana-en-la-ciudad\/#breadcrumb"},"inLanguage":"es","potentialAction":[{"@type":"ReadAction","target":["https:\/\/www.laguiadepamplona.com\/actualidad\/la-tercera-asamblea-general-del-proyecto-open-lab-que-involucra-a-pamplona-genk-belgica-y-tartu-estonia-se-reune-a-partir-de-manana-en-la-ciudad\/"]}]},{"@type":"ImageObject","inLanguage":"es","@id":"https:\/\/www.laguiadepamplona.com\/actualidad\/la-tercera-asamblea-general-del-proyecto-open-lab-que-involucra-a-pamplona-genk-belgica-y-tartu-estonia-se-reune-a-partir-de-manana-en-la-ciudad\/#primaryimage","url":"https:\/\/www.laguiadepamplona.com\/actualidad\/wp-content\/uploads\/2022\/10\/museo_educacion_ambiental_puente.webp","contentUrl":"https:\/\/www.laguiadepamplona.com\/actualidad\/wp-content\/uploads\/2022\/10\/museo_educacion_ambiental_puente.webp","width":1920,"height":1280,"caption":"museo"},{"@type":"BreadcrumbList","@id":"https:\/\/www.laguiadepamplona.com\/actualidad\/la-tercera-asamblea-general-del-proyecto-open-lab-que-involucra-a-pamplona-genk-belgica-y-tartu-estonia-se-reune-a-partir-de-manana-en-la-ciudad\/#breadcrumb","itemListElement":[{"@type":"ListItem","position":1,"name":"Portada","item":"https:\/\/www.laguiadepamplona.com\/actualidad\/"},{"@type":"ListItem","position":2,"name":"La tercera Asamblea General del proyecto oPEN Lab que involucra a Pamplona, Genk (B\u00e9lgica) y Tartu (Estonia) se re\u00fane a partir de ma\u00f1ana en la ciudad"}]},{"@type":"WebSite","@id":"https:\/\/www.laguiadepamplona.com\/actualidad\/#website","url":"https:\/\/www.laguiadepamplona.com\/actualidad\/","name":"La gu\u00eda de Pamplona","description":"Noticias de Pamplona","publisher":{"@id":"https:\/\/www.laguiadepamplona.com\/actualidad\/#organization"},"potentialAction":[{"@type":"SearchAction","target":{"@type":"EntryPoint","urlTemplate":"https:\/\/www.laguiadepamplona.com\/actualidad\/?s={search_term_string}"},"query-input":{"@type":"PropertyValueSpecification","valueRequired":true,"valueName":"search_term_string"}}],"inLanguage":"es"},{"@type":"Organization","@id":"https:\/\/www.laguiadepamplona.com\/actualidad\/#organization","name":"La Gu\u00eda de Pamplona \/ Noticias","url":"https:\/\/www.laguiadepamplona.com\/actualidad\/","logo":{"@type":"ImageObject","inLanguage":"es","@id":"https:\/\/www.laguiadepamplona.com\/actualidad\/#\/schema\/logo\/image\/","url":"https:\/\/www.laguiadepamplona.com\/actualidad\/wp-content\/uploads\/2018\/11\/logo-laguiadepamplona18-web1.png","contentUrl":"https:\/\/www.laguiadepamplona.com\/actualidad\/wp-content\/uploads\/2018\/11\/logo-laguiadepamplona18-web1.png","width":600,"height":196,"caption":"La Gu\u00eda de Pamplona \/ Noticias"},"image":{"@id":"https:\/\/www.laguiadepamplona.com\/actualidad\/#\/schema\/logo\/image\/"},"sameAs":["https:\/\/www.facebook.com\/laguiadepamplonacom-133175176762273\/?ref=hl","https:\/\/x.com\/LaGuiadPamplona","https:\/\/www.instagram.com\/la_guia_de_pamplona\/","https:\/\/www.youtube.com\/user\/laguiadepamplona"]},{"@type":"Person","@id":"https:\/\/www.laguiadepamplona.com\/actualidad\/#\/schema\/person\/efe887376f0213d4657c93adc50b1fdb","name":"La Gu\u00eda de Pamplona","image":{"@type":"ImageObject","inLanguage":"es","@id":"https:\/\/secure.gravatar.com\/avatar\/b6992f131dc8d30ab0dff15446e9d346d9dbd95992de0fef795073f5ea83a81c?s=96&d=mm&r=g","url":"https:\/\/secure.gravatar.com\/avatar\/b6992f131dc8d30ab0dff15446e9d346d9dbd95992de0fef795073f5ea83a81c?s=96&d=mm&r=g","contentUrl":"https:\/\/secure.gravatar.com\/avatar\/b6992f131dc8d30ab0dff15446e9d346d9dbd95992de0fef795073f5ea83a81c?s=96&d=mm&r=g","caption":"La Gu\u00eda de Pamplona"}}]}},"post_mailing_queue_ids":[],"_links":{"self":[{"href":"https:\/\/www.laguiadepamplona.com\/actualidad\/wp-json\/wp\/v2\/posts\/41920","targetHints":{"allow":["GET"]}}],"collection":[{"href":"https:\/\/www.laguiadepamplona.com\/actualidad\/wp-json\/wp\/v2\/posts"}],"about":[{"href":"https:\/\/www.laguiadepamplona.com\/actualidad\/wp-json\/wp\/v2\/types\/post"}],"author":[{"embeddable":true,"href":"https:\/\/www.laguiadepamplona.com\/actualidad\/wp-json\/wp\/v2\/users\/1"}],"replies":[{"embeddable":true,"href":"https:\/\/www.laguiadepamplona.com\/actualidad\/wp-json\/wp\/v2\/comments?post=41920"}],"version-history":[{"count":0,"href":"https:\/\/www.laguiadepamplona.com\/actualidad\/wp-json\/wp\/v2\/posts\/41920\/revisions"}],"wp:featuredmedia":[{"embeddable":true,"href":"https:\/\/www.laguiadepamplona.com\/actualidad\/wp-json\/wp\/v2\/media\/41921"}],"wp:attachment":[{"href":"https:\/\/www.laguiadepamplona.com\/actualidad\/wp-json\/wp\/v2\/media?parent=41920"}],"wp:term":[{"taxonomy":"category","embeddable":true,"href":"https:\/\/www.laguiadepamplona.com\/actualidad\/wp-json\/wp\/v2\/categories?post=41920"},{"taxonomy":"post_tag","embeddable":true,"href":"https:\/\/www.laguiadepamplona.com\/actualidad\/wp-json\/wp\/v2\/tags?post=41920"}],"curies":[{"name":"wp","href":"https:\/\/api.w.org\/{rel}","templated":true}]}}