{"id":41918,"date":"2022-10-17T11:59:35","date_gmt":"2022-10-17T09:59:35","guid":{"rendered":"https:\/\/www.laguiadepamplona.com\/actualidad\/?p=41918"},"modified":"2023-04-11T11:47:43","modified_gmt":"2023-04-11T09:47:43","slug":"pamplona-licita-la-gestion-de-los-soportes-verticales-de-informacion-y-termometros-hora-de-la-ciudad-apostando-por-la-digitalizacion-para-modernizar-los-elementos-actuales","status":"publish","type":"post","link":"https:\/\/www.laguiadepamplona.com\/actualidad\/pamplona-licita-la-gestion-de-los-soportes-verticales-de-informacion-y-termometros-hora-de-la-ciudad-apostando-por-la-digitalizacion-para-modernizar-los-elementos-actuales\/","title":{"rendered":"Pamplona licita la gesti\u00f3n de los soportes verticales de informaci\u00f3n y term\u00f3metros hora de la ciudad, apostando por la digitalizaci\u00f3n para modernizar los elementos actuales"},"content":{"rendered":"<h5>La concesi\u00f3n administrativa se establece para 15 a\u00f1os, con un canon total a pagar por la empresa adjudicataria de 780.000 euros<\/h5>\n<p><!--more--><\/p>\n<p>La Junta de Gobierno Local del Ayuntamiento de Pamplona ha aprobado esta ma\u00f1ana la licitaci\u00f3n de la concesi\u00f3n administrativa de distintos soportes verticales con destino a su gesti\u00f3n y explotaci\u00f3n como espacios de informaci\u00f3n y de publicidad. En concreto, se trata de regular la gesti\u00f3n de 52 paneles informativos y publicitarios (mupis), 4 pantallas digitales ya instaladas y 39 relojes de hora y temperatura repartidos por la ciudad.<br \/>\n<script async src=\"\/\/pagead2.googlesyndication.com\/pagead\/js\/adsbygoogle.js\"><\/script><br \/>\n<!-- Noticias La Guia de Pamplona --><br \/>\n<ins class=\"adsbygoogle\"\nstyle=\"display:block\"\ndata-ad-client=\"ca-pub-6943679897239327\"\ndata-ad-slot=\"7048180777\"\ndata-ad-format=\"auto\"><\/ins><br \/>\n<script>\n(adsbygoogle = window.adsbygoogle || []).push({});\n<\/script><\/p>\n<p>El Ayuntamiento apuesta en esta concesi\u00f3n por la digitalizaci\u00f3n del mayor n\u00famero posible de estos elementos para modernizar estos soportes de informaci\u00f3n y publicidad y adecuarlos a la actual demanda de informaci\u00f3n con contenidos din\u00e1micos a pie de calle. La concesi\u00f3n establece la digitalizaci\u00f3n de al menos 30 de los 52 soportes que ahora son anal\u00f3gicos, es decir, con carteler\u00eda en papel, que ser\u00e1n sustituidos en una de sus caras por pantallas digitales. Se valorar\u00e1n con una mayor puntuaci\u00f3n las ofertas que propongan la digitalizaci\u00f3n de m\u00e1s mupis y, una vez digitalizados todos, tambi\u00e9n de los relojes de hora y temperatura.<\/p>\n<p>La licitaci\u00f3n de esta concesi\u00f3n administrativa se ha aprovechado tambi\u00e9n para incluir la reubicaci\u00f3n de algunos de los paneles informativos en nuevos desarrollos urban\u00edsticos de la ciudad, como Lezkairu o Erripaga\u00f1a, que hasta ahora no contaban con estos elementos instalados en 1994. Se incluye, asimismo, la gesti\u00f3n de los cuatro mupis digitales ya en funcionamiento en la Plaza del Castillo, el paseo de Anelier, la trasera de Civivox Iturrama y la plaza de Yamaguchi.<br \/>\n<script async src=\"\/\/pagead2.googlesyndication.com\/pagead\/js\/adsbygoogle.js\"><\/script><br \/>\n<!-- Noticias La Guia de Pamplona --><br \/>\n<ins class=\"adsbygoogle\"\nstyle=\"display:block\"\ndata-ad-client=\"ca-pub-6943679897239327\"\ndata-ad-slot=\"7048180777\"\ndata-ad-format=\"auto\"><\/ins><br \/>\n<script>\n(adsbygoogle = window.adsbygoogle || []).push({});\n<\/script><\/p>\n<p>La concesi\u00f3n administrativa se licita para 15 a\u00f1os, con un canon de 780.000 euros y el compromiso de llevar a cabo la digitalizaci\u00f3n de la oferta presentada en los tres primeros a\u00f1os. Adem\u00e1s de la digitalizaci\u00f3n de los elementos y del canon, el Ayuntamiento de Pamplona contar\u00e1 tambi\u00e9n con al menos 12 de pases de 15 minutos (3 horas al d\u00eda) en la programaci\u00f3n de los mupis digitales para poder difundir informaci\u00f3n y campa\u00f1as municipales de inter\u00e9s para la ciudadan\u00eda.<\/p>\n<p>La presentaci\u00f3n de ofertas comenzar\u00e1 una vez que se publique el anuncio en el Portal de Contrataci\u00f3n de Navarra. Para la adjudicaci\u00f3n se valorar\u00e1n aspectos como el plan de gesti\u00f3n y la memoria t\u00e9cnica presentada por las empresas que concurran, la digitalizaci\u00f3n de un mayor n\u00famero de elementos, la cesi\u00f3n de las caras anal\u00f3gicas de los 30 mupis digitales sustituidos o los criterios sociales.<\/p>\n","protected":false},"excerpt":{"rendered":"<p>La concesi\u00f3n administrativa se establece para 15 a\u00f1os, con un canon total a pagar por la empresa adjudicataria de 780.000 euros<\/p>\n","protected":false},"author":1,"featured_media":33434,"comment_status":"open","ping_status":"closed","sticky":false,"template":"","format":"standard","meta":{"footnotes":""},"categories":[2],"tags":[],"class_list":["post-41918","post","type-post","status-publish","format-standard","has-post-thumbnail","hentry","category-ayuntamiento-pamplona"],"yoast_head":"<!-- This site is optimized with the Yoast SEO plugin v27.3 - https:\/\/yoast.com\/product\/yoast-seo-wordpress\/ -->\n<title>Pamplona licita la gesti\u00f3n de los soportes verticales de informaci\u00f3n y term\u00f3metros hora de la ciudad, apostando por la digitalizaci\u00f3n para modernizar los elementos actuales<\/title>\n<meta name=\"description\" content=\"La concesi\u00f3n administrativa se establece para 15 a\u00f1os, con un canon total a pagar por la empresa adjudicataria de 780.000 euros\" \/>\n<meta name=\"robots\" content=\"index, follow, max-snippet:-1, max-image-preview:large, max-video-preview:-1\" \/>\n<link rel=\"canonical\" href=\"https:\/\/www.laguiadepamplona.com\/actualidad\/pamplona-licita-la-gestion-de-los-soportes-verticales-de-informacion-y-termometros-hora-de-la-ciudad-apostando-por-la-digitalizacion-para-modernizar-los-elementos-actuales\/\" \/>\n<meta property=\"og:locale\" content=\"es_ES\" \/>\n<meta property=\"og:type\" content=\"article\" \/>\n<meta property=\"og:title\" content=\"Pamplona licita la gesti\u00f3n de los soportes verticales de informaci\u00f3n y term\u00f3metros hora de la ciudad, apostando por la digitalizaci\u00f3n para modernizar los elementos actuales\" \/>\n<meta property=\"og:description\" content=\"La concesi\u00f3n administrativa se establece para 15 a\u00f1os, con un canon total a pagar por la empresa adjudicataria de 780.000 euros\" \/>\n<meta property=\"og:url\" content=\"https:\/\/www.laguiadepamplona.com\/actualidad\/pamplona-licita-la-gestion-de-los-soportes-verticales-de-informacion-y-termometros-hora-de-la-ciudad-apostando-por-la-digitalizacion-para-modernizar-los-elementos-actuales\/\" \/>\n<meta property=\"og:site_name\" content=\"La Gu\u00eda de Pamplona\" \/>\n<meta property=\"article:publisher\" content=\"https:\/\/www.facebook.com\/laguiadepamplonacom-133175176762273\/?ref=hl\" \/>\n<meta property=\"article:published_time\" content=\"2022-10-17T09:59:35+00:00\" \/>\n<meta property=\"article:modified_time\" content=\"2023-04-11T09:47:43+00:00\" \/>\n<meta property=\"og:image\" content=\"https:\/\/www.laguiadepamplona.com\/actualidad\/wp-content\/uploads\/2021\/02\/mupi_JGV8088b.jpg\" \/>\n\t<meta property=\"og:image:width\" content=\"1920\" \/>\n\t<meta property=\"og:image:height\" content=\"1280\" \/>\n\t<meta property=\"og:image:type\" content=\"image\/jpeg\" \/>\n<meta name=\"author\" content=\"La Gu\u00eda de Pamplona\" \/>\n<meta name=\"twitter:card\" content=\"summary_large_image\" \/>\n<meta name=\"twitter:creator\" content=\"@LaGuiadPamplona\" \/>\n<meta name=\"twitter:site\" content=\"@LaGuiadPamplona\" \/>\n<meta name=\"twitter:label1\" content=\"Escrito por\" \/>\n\t<meta name=\"twitter:data1\" content=\"La Gu\u00eda de Pamplona\" \/>\n\t<meta name=\"twitter:label2\" content=\"Tiempo de lectura\" \/>\n\t<meta name=\"twitter:data2\" content=\"2 minutos\" \/>\n<script type=\"application\/ld+json\" class=\"yoast-schema-graph\">{\"@context\":\"https:\\\/\\\/schema.org\",\"@graph\":[{\"@type\":\"Article\",\"@id\":\"https:\\\/\\\/www.laguiadepamplona.com\\\/actualidad\\\/pamplona-licita-la-gestion-de-los-soportes-verticales-de-informacion-y-termometros-hora-de-la-ciudad-apostando-por-la-digitalizacion-para-modernizar-los-elementos-actuales\\\/#article\",\"isPartOf\":{\"@id\":\"https:\\\/\\\/www.laguiadepamplona.com\\\/actualidad\\\/pamplona-licita-la-gestion-de-los-soportes-verticales-de-informacion-y-termometros-hora-de-la-ciudad-apostando-por-la-digitalizacion-para-modernizar-los-elementos-actuales\\\/\"},\"author\":{\"name\":\"La Gu\u00eda de Pamplona\",\"@id\":\"https:\\\/\\\/www.laguiadepamplona.com\\\/actualidad\\\/#\\\/schema\\\/person\\\/efe887376f0213d4657c93adc50b1fdb\"},\"headline\":\"Pamplona licita la gesti\u00f3n de los soportes verticales de informaci\u00f3n y term\u00f3metros hora de la ciudad, apostando por la digitalizaci\u00f3n para modernizar los elementos actuales\",\"datePublished\":\"2022-10-17T09:59:35+00:00\",\"dateModified\":\"2023-04-11T09:47:43+00:00\",\"mainEntityOfPage\":{\"@id\":\"https:\\\/\\\/www.laguiadepamplona.com\\\/actualidad\\\/pamplona-licita-la-gestion-de-los-soportes-verticales-de-informacion-y-termometros-hora-de-la-ciudad-apostando-por-la-digitalizacion-para-modernizar-los-elementos-actuales\\\/\"},\"wordCount\":478,\"commentCount\":0,\"publisher\":{\"@id\":\"https:\\\/\\\/www.laguiadepamplona.com\\\/actualidad\\\/#organization\"},\"image\":{\"@id\":\"https:\\\/\\\/www.laguiadepamplona.com\\\/actualidad\\\/pamplona-licita-la-gestion-de-los-soportes-verticales-de-informacion-y-termometros-hora-de-la-ciudad-apostando-por-la-digitalizacion-para-modernizar-los-elementos-actuales\\\/#primaryimage\"},\"thumbnailUrl\":\"https:\\\/\\\/www.laguiadepamplona.com\\\/actualidad\\\/wp-content\\\/uploads\\\/2021\\\/02\\\/mupi_JGV8088b.jpg\",\"articleSection\":[\"Ayto Pamplona\"],\"inLanguage\":\"es\",\"potentialAction\":[{\"@type\":\"CommentAction\",\"name\":\"Comment\",\"target\":[\"https:\\\/\\\/www.laguiadepamplona.com\\\/actualidad\\\/pamplona-licita-la-gestion-de-los-soportes-verticales-de-informacion-y-termometros-hora-de-la-ciudad-apostando-por-la-digitalizacion-para-modernizar-los-elementos-actuales\\\/#respond\"]}]},{\"@type\":\"WebPage\",\"@id\":\"https:\\\/\\\/www.laguiadepamplona.com\\\/actualidad\\\/pamplona-licita-la-gestion-de-los-soportes-verticales-de-informacion-y-termometros-hora-de-la-ciudad-apostando-por-la-digitalizacion-para-modernizar-los-elementos-actuales\\\/\",\"url\":\"https:\\\/\\\/www.laguiadepamplona.com\\\/actualidad\\\/pamplona-licita-la-gestion-de-los-soportes-verticales-de-informacion-y-termometros-hora-de-la-ciudad-apostando-por-la-digitalizacion-para-modernizar-los-elementos-actuales\\\/\",\"name\":\"Pamplona licita la gesti\u00f3n de los soportes verticales de informaci\u00f3n y term\u00f3metros hora de la ciudad, apostando por la digitalizaci\u00f3n para modernizar los elementos actuales\",\"isPartOf\":{\"@id\":\"https:\\\/\\\/www.laguiadepamplona.com\\\/actualidad\\\/#website\"},\"primaryImageOfPage\":{\"@id\":\"https:\\\/\\\/www.laguiadepamplona.com\\\/actualidad\\\/pamplona-licita-la-gestion-de-los-soportes-verticales-de-informacion-y-termometros-hora-de-la-ciudad-apostando-por-la-digitalizacion-para-modernizar-los-elementos-actuales\\\/#primaryimage\"},\"image\":{\"@id\":\"https:\\\/\\\/www.laguiadepamplona.com\\\/actualidad\\\/pamplona-licita-la-gestion-de-los-soportes-verticales-de-informacion-y-termometros-hora-de-la-ciudad-apostando-por-la-digitalizacion-para-modernizar-los-elementos-actuales\\\/#primaryimage\"},\"thumbnailUrl\":\"https:\\\/\\\/www.laguiadepamplona.com\\\/actualidad\\\/wp-content\\\/uploads\\\/2021\\\/02\\\/mupi_JGV8088b.jpg\",\"datePublished\":\"2022-10-17T09:59:35+00:00\",\"dateModified\":\"2023-04-11T09:47:43+00:00\",\"description\":\"La concesi\u00f3n administrativa se establece para 15 a\u00f1os, con un canon total a pagar por la empresa adjudicataria de 780.000 euros\",\"breadcrumb\":{\"@id\":\"https:\\\/\\\/www.laguiadepamplona.com\\\/actualidad\\\/pamplona-licita-la-gestion-de-los-soportes-verticales-de-informacion-y-termometros-hora-de-la-ciudad-apostando-por-la-digitalizacion-para-modernizar-los-elementos-actuales\\\/#breadcrumb\"},\"inLanguage\":\"es\",\"potentialAction\":[{\"@type\":\"ReadAction\",\"target\":[\"https:\\\/\\\/www.laguiadepamplona.com\\\/actualidad\\\/pamplona-licita-la-gestion-de-los-soportes-verticales-de-informacion-y-termometros-hora-de-la-ciudad-apostando-por-la-digitalizacion-para-modernizar-los-elementos-actuales\\\/\"]}]},{\"@type\":\"ImageObject\",\"inLanguage\":\"es\",\"@id\":\"https:\\\/\\\/www.laguiadepamplona.com\\\/actualidad\\\/pamplona-licita-la-gestion-de-los-soportes-verticales-de-informacion-y-termometros-hora-de-la-ciudad-apostando-por-la-digitalizacion-para-modernizar-los-elementos-actuales\\\/#primaryimage\",\"url\":\"https:\\\/\\\/www.laguiadepamplona.com\\\/actualidad\\\/wp-content\\\/uploads\\\/2021\\\/02\\\/mupi_JGV8088b.jpg\",\"contentUrl\":\"https:\\\/\\\/www.laguiadepamplona.com\\\/actualidad\\\/wp-content\\\/uploads\\\/2021\\\/02\\\/mupi_JGV8088b.jpg\",\"width\":1920,\"height\":1280,\"caption\":\"A* Jes\u00fas Garzaron F* 2021_02_25 T* Nuevo mupi electr\u00f3nico L* Plaza del Castillo, Pamplona\"},{\"@type\":\"BreadcrumbList\",\"@id\":\"https:\\\/\\\/www.laguiadepamplona.com\\\/actualidad\\\/pamplona-licita-la-gestion-de-los-soportes-verticales-de-informacion-y-termometros-hora-de-la-ciudad-apostando-por-la-digitalizacion-para-modernizar-los-elementos-actuales\\\/#breadcrumb\",\"itemListElement\":[{\"@type\":\"ListItem\",\"position\":1,\"name\":\"Portada\",\"item\":\"https:\\\/\\\/www.laguiadepamplona.com\\\/actualidad\\\/\"},{\"@type\":\"ListItem\",\"position\":2,\"name\":\"Pamplona licita la gesti\u00f3n de los soportes verticales de informaci\u00f3n y term\u00f3metros hora de la ciudad, apostando por la digitalizaci\u00f3n para modernizar los elementos actuales\"}]},{\"@type\":\"WebSite\",\"@id\":\"https:\\\/\\\/www.laguiadepamplona.com\\\/actualidad\\\/#website\",\"url\":\"https:\\\/\\\/www.laguiadepamplona.com\\\/actualidad\\\/\",\"name\":\"La gu\u00eda de Pamplona\",\"description\":\"Noticias de Pamplona\",\"publisher\":{\"@id\":\"https:\\\/\\\/www.laguiadepamplona.com\\\/actualidad\\\/#organization\"},\"potentialAction\":[{\"@type\":\"SearchAction\",\"target\":{\"@type\":\"EntryPoint\",\"urlTemplate\":\"https:\\\/\\\/www.laguiadepamplona.com\\\/actualidad\\\/?s={search_term_string}\"},\"query-input\":{\"@type\":\"PropertyValueSpecification\",\"valueRequired\":true,\"valueName\":\"search_term_string\"}}],\"inLanguage\":\"es\"},{\"@type\":\"Organization\",\"@id\":\"https:\\\/\\\/www.laguiadepamplona.com\\\/actualidad\\\/#organization\",\"name\":\"La Gu\u00eda de Pamplona \\\/ Noticias\",\"url\":\"https:\\\/\\\/www.laguiadepamplona.com\\\/actualidad\\\/\",\"logo\":{\"@type\":\"ImageObject\",\"inLanguage\":\"es\",\"@id\":\"https:\\\/\\\/www.laguiadepamplona.com\\\/actualidad\\\/#\\\/schema\\\/logo\\\/image\\\/\",\"url\":\"https:\\\/\\\/www.laguiadepamplona.com\\\/actualidad\\\/wp-content\\\/uploads\\\/2018\\\/11\\\/logo-laguiadepamplona18-web1.png\",\"contentUrl\":\"https:\\\/\\\/www.laguiadepamplona.com\\\/actualidad\\\/wp-content\\\/uploads\\\/2018\\\/11\\\/logo-laguiadepamplona18-web1.png\",\"width\":600,\"height\":196,\"caption\":\"La Gu\u00eda de Pamplona \\\/ Noticias\"},\"image\":{\"@id\":\"https:\\\/\\\/www.laguiadepamplona.com\\\/actualidad\\\/#\\\/schema\\\/logo\\\/image\\\/\"},\"sameAs\":[\"https:\\\/\\\/www.facebook.com\\\/laguiadepamplonacom-133175176762273\\\/?ref=hl\",\"https:\\\/\\\/x.com\\\/LaGuiadPamplona\",\"https:\\\/\\\/www.instagram.com\\\/la_guia_de_pamplona\\\/\",\"https:\\\/\\\/www.youtube.com\\\/user\\\/laguiadepamplona\"]},{\"@type\":\"Person\",\"@id\":\"https:\\\/\\\/www.laguiadepamplona.com\\\/actualidad\\\/#\\\/schema\\\/person\\\/efe887376f0213d4657c93adc50b1fdb\",\"name\":\"La Gu\u00eda de Pamplona\",\"image\":{\"@type\":\"ImageObject\",\"inLanguage\":\"es\",\"@id\":\"https:\\\/\\\/secure.gravatar.com\\\/avatar\\\/b6992f131dc8d30ab0dff15446e9d346d9dbd95992de0fef795073f5ea83a81c?s=96&d=mm&r=g\",\"url\":\"https:\\\/\\\/secure.gravatar.com\\\/avatar\\\/b6992f131dc8d30ab0dff15446e9d346d9dbd95992de0fef795073f5ea83a81c?s=96&d=mm&r=g\",\"contentUrl\":\"https:\\\/\\\/secure.gravatar.com\\\/avatar\\\/b6992f131dc8d30ab0dff15446e9d346d9dbd95992de0fef795073f5ea83a81c?s=96&d=mm&r=g\",\"caption\":\"La Gu\u00eda de Pamplona\"}}]}<\/script>\n<!-- \/ Yoast SEO plugin. -->","yoast_head_json":{"title":"Pamplona licita la gesti\u00f3n de los soportes verticales de informaci\u00f3n y term\u00f3metros hora de la ciudad, apostando por la digitalizaci\u00f3n para modernizar los elementos actuales","description":"La concesi\u00f3n administrativa se establece para 15 a\u00f1os, con un canon total a pagar por la empresa adjudicataria de 780.000 euros","robots":{"index":"index","follow":"follow","max-snippet":"max-snippet:-1","max-image-preview":"max-image-preview:large","max-video-preview":"max-video-preview:-1"},"canonical":"https:\/\/www.laguiadepamplona.com\/actualidad\/pamplona-licita-la-gestion-de-los-soportes-verticales-de-informacion-y-termometros-hora-de-la-ciudad-apostando-por-la-digitalizacion-para-modernizar-los-elementos-actuales\/","og_locale":"es_ES","og_type":"article","og_title":"Pamplona licita la gesti\u00f3n de los soportes verticales de informaci\u00f3n y term\u00f3metros hora de la ciudad, apostando por la digitalizaci\u00f3n para modernizar los elementos actuales","og_description":"La concesi\u00f3n administrativa se establece para 15 a\u00f1os, con un canon total a pagar por la empresa adjudicataria de 780.000 euros","og_url":"https:\/\/www.laguiadepamplona.com\/actualidad\/pamplona-licita-la-gestion-de-los-soportes-verticales-de-informacion-y-termometros-hora-de-la-ciudad-apostando-por-la-digitalizacion-para-modernizar-los-elementos-actuales\/","og_site_name":"La Gu\u00eda de Pamplona","article_publisher":"https:\/\/www.facebook.com\/laguiadepamplonacom-133175176762273\/?ref=hl","article_published_time":"2022-10-17T09:59:35+00:00","article_modified_time":"2023-04-11T09:47:43+00:00","og_image":[{"width":1920,"height":1280,"url":"https:\/\/www.laguiadepamplona.com\/actualidad\/wp-content\/uploads\/2021\/02\/mupi_JGV8088b.jpg","type":"image\/jpeg"}],"author":"La Gu\u00eda de Pamplona","twitter_card":"summary_large_image","twitter_creator":"@LaGuiadPamplona","twitter_site":"@LaGuiadPamplona","twitter_misc":{"Escrito por":"La Gu\u00eda de Pamplona","Tiempo de lectura":"2 minutos"},"schema":{"@context":"https:\/\/schema.org","@graph":[{"@type":"Article","@id":"https:\/\/www.laguiadepamplona.com\/actualidad\/pamplona-licita-la-gestion-de-los-soportes-verticales-de-informacion-y-termometros-hora-de-la-ciudad-apostando-por-la-digitalizacion-para-modernizar-los-elementos-actuales\/#article","isPartOf":{"@id":"https:\/\/www.laguiadepamplona.com\/actualidad\/pamplona-licita-la-gestion-de-los-soportes-verticales-de-informacion-y-termometros-hora-de-la-ciudad-apostando-por-la-digitalizacion-para-modernizar-los-elementos-actuales\/"},"author":{"name":"La Gu\u00eda de Pamplona","@id":"https:\/\/www.laguiadepamplona.com\/actualidad\/#\/schema\/person\/efe887376f0213d4657c93adc50b1fdb"},"headline":"Pamplona licita la gesti\u00f3n de los soportes verticales de informaci\u00f3n y term\u00f3metros hora de la ciudad, apostando por la digitalizaci\u00f3n para modernizar los elementos actuales","datePublished":"2022-10-17T09:59:35+00:00","dateModified":"2023-04-11T09:47:43+00:00","mainEntityOfPage":{"@id":"https:\/\/www.laguiadepamplona.com\/actualidad\/pamplona-licita-la-gestion-de-los-soportes-verticales-de-informacion-y-termometros-hora-de-la-ciudad-apostando-por-la-digitalizacion-para-modernizar-los-elementos-actuales\/"},"wordCount":478,"commentCount":0,"publisher":{"@id":"https:\/\/www.laguiadepamplona.com\/actualidad\/#organization"},"image":{"@id":"https:\/\/www.laguiadepamplona.com\/actualidad\/pamplona-licita-la-gestion-de-los-soportes-verticales-de-informacion-y-termometros-hora-de-la-ciudad-apostando-por-la-digitalizacion-para-modernizar-los-elementos-actuales\/#primaryimage"},"thumbnailUrl":"https:\/\/www.laguiadepamplona.com\/actualidad\/wp-content\/uploads\/2021\/02\/mupi_JGV8088b.jpg","articleSection":["Ayto Pamplona"],"inLanguage":"es","potentialAction":[{"@type":"CommentAction","name":"Comment","target":["https:\/\/www.laguiadepamplona.com\/actualidad\/pamplona-licita-la-gestion-de-los-soportes-verticales-de-informacion-y-termometros-hora-de-la-ciudad-apostando-por-la-digitalizacion-para-modernizar-los-elementos-actuales\/#respond"]}]},{"@type":"WebPage","@id":"https:\/\/www.laguiadepamplona.com\/actualidad\/pamplona-licita-la-gestion-de-los-soportes-verticales-de-informacion-y-termometros-hora-de-la-ciudad-apostando-por-la-digitalizacion-para-modernizar-los-elementos-actuales\/","url":"https:\/\/www.laguiadepamplona.com\/actualidad\/pamplona-licita-la-gestion-de-los-soportes-verticales-de-informacion-y-termometros-hora-de-la-ciudad-apostando-por-la-digitalizacion-para-modernizar-los-elementos-actuales\/","name":"Pamplona licita la gesti\u00f3n de los soportes verticales de informaci\u00f3n y term\u00f3metros hora de la ciudad, apostando por la digitalizaci\u00f3n para modernizar los elementos actuales","isPartOf":{"@id":"https:\/\/www.laguiadepamplona.com\/actualidad\/#website"},"primaryImageOfPage":{"@id":"https:\/\/www.laguiadepamplona.com\/actualidad\/pamplona-licita-la-gestion-de-los-soportes-verticales-de-informacion-y-termometros-hora-de-la-ciudad-apostando-por-la-digitalizacion-para-modernizar-los-elementos-actuales\/#primaryimage"},"image":{"@id":"https:\/\/www.laguiadepamplona.com\/actualidad\/pamplona-licita-la-gestion-de-los-soportes-verticales-de-informacion-y-termometros-hora-de-la-ciudad-apostando-por-la-digitalizacion-para-modernizar-los-elementos-actuales\/#primaryimage"},"thumbnailUrl":"https:\/\/www.laguiadepamplona.com\/actualidad\/wp-content\/uploads\/2021\/02\/mupi_JGV8088b.jpg","datePublished":"2022-10-17T09:59:35+00:00","dateModified":"2023-04-11T09:47:43+00:00","description":"La concesi\u00f3n administrativa se establece para 15 a\u00f1os, con un canon total a pagar por la empresa adjudicataria de 780.000 euros","breadcrumb":{"@id":"https:\/\/www.laguiadepamplona.com\/actualidad\/pamplona-licita-la-gestion-de-los-soportes-verticales-de-informacion-y-termometros-hora-de-la-ciudad-apostando-por-la-digitalizacion-para-modernizar-los-elementos-actuales\/#breadcrumb"},"inLanguage":"es","potentialAction":[{"@type":"ReadAction","target":["https:\/\/www.laguiadepamplona.com\/actualidad\/pamplona-licita-la-gestion-de-los-soportes-verticales-de-informacion-y-termometros-hora-de-la-ciudad-apostando-por-la-digitalizacion-para-modernizar-los-elementos-actuales\/"]}]},{"@type":"ImageObject","inLanguage":"es","@id":"https:\/\/www.laguiadepamplona.com\/actualidad\/pamplona-licita-la-gestion-de-los-soportes-verticales-de-informacion-y-termometros-hora-de-la-ciudad-apostando-por-la-digitalizacion-para-modernizar-los-elementos-actuales\/#primaryimage","url":"https:\/\/www.laguiadepamplona.com\/actualidad\/wp-content\/uploads\/2021\/02\/mupi_JGV8088b.jpg","contentUrl":"https:\/\/www.laguiadepamplona.com\/actualidad\/wp-content\/uploads\/2021\/02\/mupi_JGV8088b.jpg","width":1920,"height":1280,"caption":"A* Jes\u00fas Garzaron F* 2021_02_25 T* Nuevo mupi electr\u00f3nico L* Plaza del Castillo, Pamplona"},{"@type":"BreadcrumbList","@id":"https:\/\/www.laguiadepamplona.com\/actualidad\/pamplona-licita-la-gestion-de-los-soportes-verticales-de-informacion-y-termometros-hora-de-la-ciudad-apostando-por-la-digitalizacion-para-modernizar-los-elementos-actuales\/#breadcrumb","itemListElement":[{"@type":"ListItem","position":1,"name":"Portada","item":"https:\/\/www.laguiadepamplona.com\/actualidad\/"},{"@type":"ListItem","position":2,"name":"Pamplona licita la gesti\u00f3n de los soportes verticales de informaci\u00f3n y term\u00f3metros hora de la ciudad, apostando por la digitalizaci\u00f3n para modernizar los elementos actuales"}]},{"@type":"WebSite","@id":"https:\/\/www.laguiadepamplona.com\/actualidad\/#website","url":"https:\/\/www.laguiadepamplona.com\/actualidad\/","name":"La gu\u00eda de Pamplona","description":"Noticias de Pamplona","publisher":{"@id":"https:\/\/www.laguiadepamplona.com\/actualidad\/#organization"},"potentialAction":[{"@type":"SearchAction","target":{"@type":"EntryPoint","urlTemplate":"https:\/\/www.laguiadepamplona.com\/actualidad\/?s={search_term_string}"},"query-input":{"@type":"PropertyValueSpecification","valueRequired":true,"valueName":"search_term_string"}}],"inLanguage":"es"},{"@type":"Organization","@id":"https:\/\/www.laguiadepamplona.com\/actualidad\/#organization","name":"La Gu\u00eda de Pamplona \/ Noticias","url":"https:\/\/www.laguiadepamplona.com\/actualidad\/","logo":{"@type":"ImageObject","inLanguage":"es","@id":"https:\/\/www.laguiadepamplona.com\/actualidad\/#\/schema\/logo\/image\/","url":"https:\/\/www.laguiadepamplona.com\/actualidad\/wp-content\/uploads\/2018\/11\/logo-laguiadepamplona18-web1.png","contentUrl":"https:\/\/www.laguiadepamplona.com\/actualidad\/wp-content\/uploads\/2018\/11\/logo-laguiadepamplona18-web1.png","width":600,"height":196,"caption":"La Gu\u00eda de Pamplona \/ Noticias"},"image":{"@id":"https:\/\/www.laguiadepamplona.com\/actualidad\/#\/schema\/logo\/image\/"},"sameAs":["https:\/\/www.facebook.com\/laguiadepamplonacom-133175176762273\/?ref=hl","https:\/\/x.com\/LaGuiadPamplona","https:\/\/www.instagram.com\/la_guia_de_pamplona\/","https:\/\/www.youtube.com\/user\/laguiadepamplona"]},{"@type":"Person","@id":"https:\/\/www.laguiadepamplona.com\/actualidad\/#\/schema\/person\/efe887376f0213d4657c93adc50b1fdb","name":"La Gu\u00eda de Pamplona","image":{"@type":"ImageObject","inLanguage":"es","@id":"https:\/\/secure.gravatar.com\/avatar\/b6992f131dc8d30ab0dff15446e9d346d9dbd95992de0fef795073f5ea83a81c?s=96&d=mm&r=g","url":"https:\/\/secure.gravatar.com\/avatar\/b6992f131dc8d30ab0dff15446e9d346d9dbd95992de0fef795073f5ea83a81c?s=96&d=mm&r=g","contentUrl":"https:\/\/secure.gravatar.com\/avatar\/b6992f131dc8d30ab0dff15446e9d346d9dbd95992de0fef795073f5ea83a81c?s=96&d=mm&r=g","caption":"La Gu\u00eda de Pamplona"}}]}},"post_mailing_queue_ids":[],"_links":{"self":[{"href":"https:\/\/www.laguiadepamplona.com\/actualidad\/wp-json\/wp\/v2\/posts\/41918","targetHints":{"allow":["GET"]}}],"collection":[{"href":"https:\/\/www.laguiadepamplona.com\/actualidad\/wp-json\/wp\/v2\/posts"}],"about":[{"href":"https:\/\/www.laguiadepamplona.com\/actualidad\/wp-json\/wp\/v2\/types\/post"}],"author":[{"embeddable":true,"href":"https:\/\/www.laguiadepamplona.com\/actualidad\/wp-json\/wp\/v2\/users\/1"}],"replies":[{"embeddable":true,"href":"https:\/\/www.laguiadepamplona.com\/actualidad\/wp-json\/wp\/v2\/comments?post=41918"}],"version-history":[{"count":0,"href":"https:\/\/www.laguiadepamplona.com\/actualidad\/wp-json\/wp\/v2\/posts\/41918\/revisions"}],"wp:featuredmedia":[{"embeddable":true,"href":"https:\/\/www.laguiadepamplona.com\/actualidad\/wp-json\/wp\/v2\/media\/33434"}],"wp:attachment":[{"href":"https:\/\/www.laguiadepamplona.com\/actualidad\/wp-json\/wp\/v2\/media?parent=41918"}],"wp:term":[{"taxonomy":"category","embeddable":true,"href":"https:\/\/www.laguiadepamplona.com\/actualidad\/wp-json\/wp\/v2\/categories?post=41918"},{"taxonomy":"post_tag","embeddable":true,"href":"https:\/\/www.laguiadepamplona.com\/actualidad\/wp-json\/wp\/v2\/tags?post=41918"}],"curies":[{"name":"wp","href":"https:\/\/api.w.org\/{rel}","templated":true}]}}