{"id":41911,"date":"2022-10-14T13:53:35","date_gmt":"2022-10-14T11:53:35","guid":{"rendered":"https:\/\/www.laguiadepamplona.com\/actualidad\/?p=41911"},"modified":"2023-04-11T11:47:43","modified_gmt":"2023-04-11T09:47:43","slug":"el-programa-municipal-jueves-y-viernes-ociosos-cuenta-con-plazas-libres-en-varias-de-las-actividades-programadas-durante-este-proximo-trimestre","status":"publish","type":"post","link":"https:\/\/www.laguiadepamplona.com\/actualidad\/el-programa-municipal-jueves-y-viernes-ociosos-cuenta-con-plazas-libres-en-varias-de-las-actividades-programadas-durante-este-proximo-trimestre\/","title":{"rendered":"El programa municipal \u2018Jueves y viernes ociosos\u2019 cuenta con plazas libres en varias de las actividades programadas durante este pr\u00f3ximo trimestre"},"content":{"rendered":"<h5>Las inscripciones siguen abiertas en el tel\u00e9fono 010 \u2013 948 420 100, con un precio de 2,5 euros cada uno<\/h5>\n<p><!--more--><\/p>\n<p>El pr\u00f3ximo 20 de octubre comienza la programaci\u00f3n de los \u2018Jueves y viernes ociosos\u2019 organizada por el Ayuntamiento de Pamplona y dirig\u00eda a personas mayores de 65 a\u00f1os. M\u00e1s de una veintena de actividades, repartidas en los meses de octubre, noviembre y diciembre, que buscan prevenir del aislamiento y la soledad de las personas mayores y fomentar el ocio y las relaciones personales. Las inscripciones siguen abiertas en el tel\u00e9fono 010 \u2013 948 420 100.<br \/>\n<script async src=\"\/\/pagead2.googlesyndication.com\/pagead\/js\/adsbygoogle.js\"><\/script><br \/>\n<!-- Noticias La Guia de Pamplona --><br \/>\n<ins class=\"adsbygoogle\"\nstyle=\"display:block\"\ndata-ad-client=\"ca-pub-6943679897239327\"\ndata-ad-slot=\"7048180777\"\ndata-ad-format=\"auto\"><\/ins><br \/>\n<script>\n(adsbygoogle = window.adsbygoogle || []).push({});\n<\/script><\/p>\n<p>Cada actividad tiene un precio de 2,5 euros y se desarrollar\u00e1 en horario de ma\u00f1ana, habitualmente de 11 a 12.30 horas. La excepci\u00f3n son las sesiones de Aquagym, que tendr\u00e1n lugar de 9.30 a 11 horas en Aranzadi. Los \u2018Jueves y viernes ociosos\u2019 proponen actividades de envejecimiento activo que estimulan la realizaci\u00f3n de actividad f\u00edsica y que, a su vez, sirven de encuentro y forma de relacionarse. Asimismo, se buscan actividades de desarrollo personal (charlas-coloquios, creaci\u00f3n literaria, musicoterapia\u2026) sobre temas de inter\u00e9s para las personas mayores.<\/p>\n<p>Este mes de octubre las actividades comenzar\u00e1n el d\u00eda 20 con un jueves de ejercicio f\u00edsico en el Centro Comunitario Milagrosa. El viernes 21 habr\u00e1 un taller de memoria en Santa Mar\u00eda la Real y un cinef\u00f3rum sobre la m\u00fasica y el cine en Plazara. El 27 de octubre, tambi\u00e9n doble propuesta, con un taller de pintura en el Centro Comunitario Txantrea y un taller de espalda sana en Santa Mar\u00eda la Real. El \u00faltimo viernes de mes, como tambi\u00e9n en noviembre y diciembre, se ha programado una clase de Aquagym en el Complejo Deportivo Aranzadi.<br \/>\n<script async src=\"\/\/pagead2.googlesyndication.com\/pagead\/js\/adsbygoogle.js\"><\/script><br \/>\n<!-- Noticias La Guia de Pamplona --><br \/>\n<ins class=\"adsbygoogle\"\nstyle=\"display:block\"\ndata-ad-client=\"ca-pub-6943679897239327\"\ndata-ad-slot=\"7048180777\"\ndata-ad-format=\"auto\"><\/ins><br \/>\n<script>\n(adsbygoogle = window.adsbygoogle || []).push({});\n<\/script><\/p>\n<p>&nbsp;<\/p>\n<h3>Jueves y viernes ociosos. Octubre \u2013 noviembre \u2013 diciembre<\/h3>\n<ul>\n<li><strong>OCTUBRE<\/strong>\n<ul>\n<li>20 de octubre. Jueves de ejercicio f\u00edsico (Centro comunitario Milagrosa. Calle Blas de Laserna 61)<\/li>\n<li>21 de octubre.\u00a0 Taller de memoria en movimiento (Local Santa Mar\u00eda la Real, Calle Mutilva baja 16)<\/li>\n<li>21 de octubre. Cinef\u00f3rum: la m\u00fasica y el cine, los grandes musicales (Plazara! Calle Mayor, 31)<\/li>\n<li>27 de octubre. Taller de pintura (Centro comunitario Txantrea, C\/ Cuenca de Pamplona 24)<\/li>\n<li>27 de octubre.\u00a0 Taller de espalda sana (Local Santa Mar\u00eda la Real, Calle Mutilva baja 16)<\/li>\n<li>28 de octubre.\u00a0 Aquagym (Piscina de Aranzadi, Calle Vuelta de Aranzadi, s\/n) 9:30 a 11:00 horas<\/li>\n<\/ul>\n<\/li>\n<li><strong>NOVIEMBRE<\/strong>\n<ul>\n<li>3 noviembre. Taller de creaci\u00f3n literaria (Plazara! Calle Mayor, 31)<\/li>\n<li>4 de noviembre. Taller de relajaci\u00f3n y respiraci\u00f3n (Centro Convive Oskia, C\/ Virgen de Oskia, s\/n)<\/li>\n<li>10 de noviembre. Taller de alimentaci\u00f3n saludable (Centro San Juan Bosco 15, Calle San Juan Bosco 15)<\/li>\n<li>11 de noviembre. Taller de risoterapia (Centro comunitario Txantrea, C\/ Cuenca de Pamplona 24)<\/li>\n<li>17 de noviembre. Charla sobre herencias y testamentos (Centro comunitario Rochapea, calle Marcelo Celayeta 51)<\/li>\n<li>18 de noviembre.\u00a0 Taller de musicoterapia (San Juan, Centro Convive Oskia, C\/ Virgen de Oskia, s\/n)<\/li>\n<li>24 de noviembre. Bailes de sal\u00f3n (Centro San Juan Bosco, Calle San Juan Bosco 15)<\/li>\n<li>24 de noviembre. Taller de pintura (Centro comunitario Txantrea, C\/ Cuenca de Pamplona 24)<\/li>\n<li>25 de noviembre. \u00a0Aquagym (Piscina de Aranzadi, C. Vuelta de Aranzadi, s\/n) 9:30 a 11:00 horas<\/li>\n<\/ul>\n<\/li>\n<li><strong>DICIEMBRE<\/strong>\n<ul>\n<li>1 de diciembre. Mindfulness y bienestar personal (Local Santa Mar\u00eda la Real, Calle Mutilva baja 16)<\/li>\n<li>2 de diciembre. Charla prepar\u00e1ndonos para la jubilaci\u00f3n (San Juan, Club de mayores Oskia, C\/ Virgen de Oskia, s\/n)<\/li>\n<li>9 de diciembre Taller de pintura (Centro comunitario Txantrea, C\/ Cuenca de Pamplona 24)<\/li>\n<li>9 de diciembre. Taller de espalda sana (Centro comunitario Ermitaga\u00f1a, Calle Ermitaga\u00f1a 30-32)<\/li>\n<li>15 diciembre. Marcha n\u00f3rdica (Salida desde la Plaza de los Burgos)<\/li>\n<li>16 diciembre. Charla protecci\u00f3n ante robos y timos (Centro comunitario Txantrea, C\/ Cuenca de Pamplona 24)<\/li>\n<li>22 de diciembre. Encuentro: Almorcemos en compa\u00f1\u00eda (Local San Juan Bosco, Calle San Juan Bosco 15)<\/li>\n<li>23 diciembre. Aquagym (Piscina de Aranzadi, Vuelta de Aranzadi, s\/n) 9:30 a 11:00 horas<\/li>\n<\/ul>\n<\/li>\n<\/ul>\n<p>&nbsp;<br \/>\n[qodef_button size=\u00bblarge\u00bb type=\u00bb\u00bb text=\u00bbJueves Viernes ociosos.pdf\u00bb custom_class=\u00bb\u00bb icon_pack=\u00bbfont_elegant\u00bb fa_icon=\u00bbicon_download\u00bb link=\u00bbhttps:\/\/www.pamplona.es\/sites\/default\/files\/2022-10\/220419cartelesjuevesviernesociosos.pdf\u00bb target=\u00bb_blank\u00bb color=\u00bbffffff\u00bb hover_color=\u00bb\u00bb background_color=\u00bb\u00bb hover_background_color=\u00bb\u00bb border_color=\u00bb\u00bb hover_border_color=\u00bb\u00bb font_size=\u00bb\u00bb font_weight=\u00bb\u00bb margin=\u00bb\u00bb]\n&nbsp;<\/p>\n","protected":false},"excerpt":{"rendered":"<p>Las inscripciones siguen abiertas en el tel\u00e9fono 010 \u2013 948 420 100, con un precio de 2,5 euros cada uno<\/p>\n","protected":false},"author":1,"featured_media":41912,"comment_status":"open","ping_status":"closed","sticky":false,"template":"","format":"standard","meta":{"footnotes":""},"categories":[2],"tags":[],"class_list":["post-41911","post","type-post","status-publish","format-standard","has-post-thumbnail","hentry","category-ayuntamiento-pamplona"],"yoast_head":"<!-- This site is optimized with the Yoast SEO plugin v27.3 - https:\/\/yoast.com\/product\/yoast-seo-wordpress\/ -->\n<title>El programa municipal \u2018Jueves y viernes ociosos\u2019 cuenta con plazas libres en varias de las actividades programadas durante este pr\u00f3ximo trimestre<\/title>\n<meta name=\"description\" content=\"Las inscripciones siguen abiertas en el tel\u00e9fono 010 \u2013 948 420 100, con un precio de 2,5 euros cada uno\" \/>\n<meta name=\"robots\" content=\"index, follow, max-snippet:-1, max-image-preview:large, max-video-preview:-1\" \/>\n<link rel=\"canonical\" href=\"https:\/\/www.laguiadepamplona.com\/actualidad\/el-programa-municipal-jueves-y-viernes-ociosos-cuenta-con-plazas-libres-en-varias-de-las-actividades-programadas-durante-este-proximo-trimestre\/\" \/>\n<meta property=\"og:locale\" content=\"es_ES\" \/>\n<meta property=\"og:type\" content=\"article\" \/>\n<meta property=\"og:title\" content=\"El programa municipal \u2018Jueves y viernes ociosos\u2019 cuenta con plazas libres en varias de las actividades programadas durante este pr\u00f3ximo trimestre\" \/>\n<meta property=\"og:description\" content=\"Las inscripciones siguen abiertas en el tel\u00e9fono 010 \u2013 948 420 100, con un precio de 2,5 euros cada uno\" \/>\n<meta property=\"og:url\" content=\"https:\/\/www.laguiadepamplona.com\/actualidad\/el-programa-municipal-jueves-y-viernes-ociosos-cuenta-con-plazas-libres-en-varias-de-las-actividades-programadas-durante-este-proximo-trimestre\/\" \/>\n<meta property=\"og:site_name\" content=\"La Gu\u00eda de Pamplona\" \/>\n<meta property=\"article:publisher\" content=\"https:\/\/www.facebook.com\/laguiadepamplonacom-133175176762273\/?ref=hl\" \/>\n<meta property=\"article:published_time\" content=\"2022-10-14T11:53:35+00:00\" \/>\n<meta property=\"article:modified_time\" content=\"2023-04-11T09:47:43+00:00\" \/>\n<meta property=\"og:image\" content=\"https:\/\/www.laguiadepamplona.com\/actualidad\/wp-content\/uploads\/2022\/10\/personas-mayores_anciano_01_0.webp\" \/>\n\t<meta property=\"og:image:width\" content=\"1920\" \/>\n\t<meta property=\"og:image:height\" content=\"1194\" \/>\n\t<meta property=\"og:image:type\" content=\"image\/webp\" \/>\n<meta name=\"author\" content=\"La Gu\u00eda de Pamplona\" \/>\n<meta name=\"twitter:card\" content=\"summary_large_image\" \/>\n<meta name=\"twitter:creator\" content=\"@LaGuiadPamplona\" \/>\n<meta name=\"twitter:site\" content=\"@LaGuiadPamplona\" \/>\n<meta name=\"twitter:label1\" content=\"Escrito por\" \/>\n\t<meta name=\"twitter:data1\" content=\"La Gu\u00eda de Pamplona\" \/>\n\t<meta name=\"twitter:label2\" content=\"Tiempo de lectura\" \/>\n\t<meta name=\"twitter:data2\" content=\"3 minutos\" \/>\n<script type=\"application\/ld+json\" class=\"yoast-schema-graph\">{\"@context\":\"https:\\\/\\\/schema.org\",\"@graph\":[{\"@type\":\"Article\",\"@id\":\"https:\\\/\\\/www.laguiadepamplona.com\\\/actualidad\\\/el-programa-municipal-jueves-y-viernes-ociosos-cuenta-con-plazas-libres-en-varias-de-las-actividades-programadas-durante-este-proximo-trimestre\\\/#article\",\"isPartOf\":{\"@id\":\"https:\\\/\\\/www.laguiadepamplona.com\\\/actualidad\\\/el-programa-municipal-jueves-y-viernes-ociosos-cuenta-con-plazas-libres-en-varias-de-las-actividades-programadas-durante-este-proximo-trimestre\\\/\"},\"author\":{\"name\":\"La Gu\u00eda de Pamplona\",\"@id\":\"https:\\\/\\\/www.laguiadepamplona.com\\\/actualidad\\\/#\\\/schema\\\/person\\\/efe887376f0213d4657c93adc50b1fdb\"},\"headline\":\"El programa municipal \u2018Jueves y viernes ociosos\u2019 cuenta con plazas libres en varias de las actividades programadas durante este pr\u00f3ximo trimestre\",\"datePublished\":\"2022-10-14T11:53:35+00:00\",\"dateModified\":\"2023-04-11T09:47:43+00:00\",\"mainEntityOfPage\":{\"@id\":\"https:\\\/\\\/www.laguiadepamplona.com\\\/actualidad\\\/el-programa-municipal-jueves-y-viernes-ociosos-cuenta-con-plazas-libres-en-varias-de-las-actividades-programadas-durante-este-proximo-trimestre\\\/\"},\"wordCount\":691,\"commentCount\":0,\"publisher\":{\"@id\":\"https:\\\/\\\/www.laguiadepamplona.com\\\/actualidad\\\/#organization\"},\"image\":{\"@id\":\"https:\\\/\\\/www.laguiadepamplona.com\\\/actualidad\\\/el-programa-municipal-jueves-y-viernes-ociosos-cuenta-con-plazas-libres-en-varias-de-las-actividades-programadas-durante-este-proximo-trimestre\\\/#primaryimage\"},\"thumbnailUrl\":\"https:\\\/\\\/www.laguiadepamplona.com\\\/actualidad\\\/wp-content\\\/uploads\\\/2022\\\/10\\\/personas-mayores_anciano_01_0.webp\",\"articleSection\":[\"Ayto Pamplona\"],\"inLanguage\":\"es\",\"potentialAction\":[{\"@type\":\"CommentAction\",\"name\":\"Comment\",\"target\":[\"https:\\\/\\\/www.laguiadepamplona.com\\\/actualidad\\\/el-programa-municipal-jueves-y-viernes-ociosos-cuenta-con-plazas-libres-en-varias-de-las-actividades-programadas-durante-este-proximo-trimestre\\\/#respond\"]}]},{\"@type\":\"WebPage\",\"@id\":\"https:\\\/\\\/www.laguiadepamplona.com\\\/actualidad\\\/el-programa-municipal-jueves-y-viernes-ociosos-cuenta-con-plazas-libres-en-varias-de-las-actividades-programadas-durante-este-proximo-trimestre\\\/\",\"url\":\"https:\\\/\\\/www.laguiadepamplona.com\\\/actualidad\\\/el-programa-municipal-jueves-y-viernes-ociosos-cuenta-con-plazas-libres-en-varias-de-las-actividades-programadas-durante-este-proximo-trimestre\\\/\",\"name\":\"El programa municipal \u2018Jueves y viernes ociosos\u2019 cuenta con plazas libres en varias de las actividades programadas durante este pr\u00f3ximo trimestre\",\"isPartOf\":{\"@id\":\"https:\\\/\\\/www.laguiadepamplona.com\\\/actualidad\\\/#website\"},\"primaryImageOfPage\":{\"@id\":\"https:\\\/\\\/www.laguiadepamplona.com\\\/actualidad\\\/el-programa-municipal-jueves-y-viernes-ociosos-cuenta-con-plazas-libres-en-varias-de-las-actividades-programadas-durante-este-proximo-trimestre\\\/#primaryimage\"},\"image\":{\"@id\":\"https:\\\/\\\/www.laguiadepamplona.com\\\/actualidad\\\/el-programa-municipal-jueves-y-viernes-ociosos-cuenta-con-plazas-libres-en-varias-de-las-actividades-programadas-durante-este-proximo-trimestre\\\/#primaryimage\"},\"thumbnailUrl\":\"https:\\\/\\\/www.laguiadepamplona.com\\\/actualidad\\\/wp-content\\\/uploads\\\/2022\\\/10\\\/personas-mayores_anciano_01_0.webp\",\"datePublished\":\"2022-10-14T11:53:35+00:00\",\"dateModified\":\"2023-04-11T09:47:43+00:00\",\"description\":\"Las inscripciones siguen abiertas en el tel\u00e9fono 010 \u2013 948 420 100, con un precio de 2,5 euros cada uno\",\"breadcrumb\":{\"@id\":\"https:\\\/\\\/www.laguiadepamplona.com\\\/actualidad\\\/el-programa-municipal-jueves-y-viernes-ociosos-cuenta-con-plazas-libres-en-varias-de-las-actividades-programadas-durante-este-proximo-trimestre\\\/#breadcrumb\"},\"inLanguage\":\"es\",\"potentialAction\":[{\"@type\":\"ReadAction\",\"target\":[\"https:\\\/\\\/www.laguiadepamplona.com\\\/actualidad\\\/el-programa-municipal-jueves-y-viernes-ociosos-cuenta-con-plazas-libres-en-varias-de-las-actividades-programadas-durante-este-proximo-trimestre\\\/\"]}]},{\"@type\":\"ImageObject\",\"inLanguage\":\"es\",\"@id\":\"https:\\\/\\\/www.laguiadepamplona.com\\\/actualidad\\\/el-programa-municipal-jueves-y-viernes-ociosos-cuenta-con-plazas-libres-en-varias-de-las-actividades-programadas-durante-este-proximo-trimestre\\\/#primaryimage\",\"url\":\"https:\\\/\\\/www.laguiadepamplona.com\\\/actualidad\\\/wp-content\\\/uploads\\\/2022\\\/10\\\/personas-mayores_anciano_01_0.webp\",\"contentUrl\":\"https:\\\/\\\/www.laguiadepamplona.com\\\/actualidad\\\/wp-content\\\/uploads\\\/2022\\\/10\\\/personas-mayores_anciano_01_0.webp\",\"width\":1920,\"height\":1194},{\"@type\":\"BreadcrumbList\",\"@id\":\"https:\\\/\\\/www.laguiadepamplona.com\\\/actualidad\\\/el-programa-municipal-jueves-y-viernes-ociosos-cuenta-con-plazas-libres-en-varias-de-las-actividades-programadas-durante-este-proximo-trimestre\\\/#breadcrumb\",\"itemListElement\":[{\"@type\":\"ListItem\",\"position\":1,\"name\":\"Portada\",\"item\":\"https:\\\/\\\/www.laguiadepamplona.com\\\/actualidad\\\/\"},{\"@type\":\"ListItem\",\"position\":2,\"name\":\"El programa municipal \u2018Jueves y viernes ociosos\u2019 cuenta con plazas libres en varias de las actividades programadas durante este pr\u00f3ximo trimestre\"}]},{\"@type\":\"WebSite\",\"@id\":\"https:\\\/\\\/www.laguiadepamplona.com\\\/actualidad\\\/#website\",\"url\":\"https:\\\/\\\/www.laguiadepamplona.com\\\/actualidad\\\/\",\"name\":\"La gu\u00eda de Pamplona\",\"description\":\"Noticias de Pamplona\",\"publisher\":{\"@id\":\"https:\\\/\\\/www.laguiadepamplona.com\\\/actualidad\\\/#organization\"},\"potentialAction\":[{\"@type\":\"SearchAction\",\"target\":{\"@type\":\"EntryPoint\",\"urlTemplate\":\"https:\\\/\\\/www.laguiadepamplona.com\\\/actualidad\\\/?s={search_term_string}\"},\"query-input\":{\"@type\":\"PropertyValueSpecification\",\"valueRequired\":true,\"valueName\":\"search_term_string\"}}],\"inLanguage\":\"es\"},{\"@type\":\"Organization\",\"@id\":\"https:\\\/\\\/www.laguiadepamplona.com\\\/actualidad\\\/#organization\",\"name\":\"La Gu\u00eda de Pamplona \\\/ Noticias\",\"url\":\"https:\\\/\\\/www.laguiadepamplona.com\\\/actualidad\\\/\",\"logo\":{\"@type\":\"ImageObject\",\"inLanguage\":\"es\",\"@id\":\"https:\\\/\\\/www.laguiadepamplona.com\\\/actualidad\\\/#\\\/schema\\\/logo\\\/image\\\/\",\"url\":\"https:\\\/\\\/www.laguiadepamplona.com\\\/actualidad\\\/wp-content\\\/uploads\\\/2018\\\/11\\\/logo-laguiadepamplona18-web1.png\",\"contentUrl\":\"https:\\\/\\\/www.laguiadepamplona.com\\\/actualidad\\\/wp-content\\\/uploads\\\/2018\\\/11\\\/logo-laguiadepamplona18-web1.png\",\"width\":600,\"height\":196,\"caption\":\"La Gu\u00eda de Pamplona \\\/ Noticias\"},\"image\":{\"@id\":\"https:\\\/\\\/www.laguiadepamplona.com\\\/actualidad\\\/#\\\/schema\\\/logo\\\/image\\\/\"},\"sameAs\":[\"https:\\\/\\\/www.facebook.com\\\/laguiadepamplonacom-133175176762273\\\/?ref=hl\",\"https:\\\/\\\/x.com\\\/LaGuiadPamplona\",\"https:\\\/\\\/www.instagram.com\\\/la_guia_de_pamplona\\\/\",\"https:\\\/\\\/www.youtube.com\\\/user\\\/laguiadepamplona\"]},{\"@type\":\"Person\",\"@id\":\"https:\\\/\\\/www.laguiadepamplona.com\\\/actualidad\\\/#\\\/schema\\\/person\\\/efe887376f0213d4657c93adc50b1fdb\",\"name\":\"La Gu\u00eda de Pamplona\",\"image\":{\"@type\":\"ImageObject\",\"inLanguage\":\"es\",\"@id\":\"https:\\\/\\\/secure.gravatar.com\\\/avatar\\\/b6992f131dc8d30ab0dff15446e9d346d9dbd95992de0fef795073f5ea83a81c?s=96&d=mm&r=g\",\"url\":\"https:\\\/\\\/secure.gravatar.com\\\/avatar\\\/b6992f131dc8d30ab0dff15446e9d346d9dbd95992de0fef795073f5ea83a81c?s=96&d=mm&r=g\",\"contentUrl\":\"https:\\\/\\\/secure.gravatar.com\\\/avatar\\\/b6992f131dc8d30ab0dff15446e9d346d9dbd95992de0fef795073f5ea83a81c?s=96&d=mm&r=g\",\"caption\":\"La Gu\u00eda de Pamplona\"}}]}<\/script>\n<!-- \/ Yoast SEO plugin. -->","yoast_head_json":{"title":"El programa municipal \u2018Jueves y viernes ociosos\u2019 cuenta con plazas libres en varias de las actividades programadas durante este pr\u00f3ximo trimestre","description":"Las inscripciones siguen abiertas en el tel\u00e9fono 010 \u2013 948 420 100, con un precio de 2,5 euros cada uno","robots":{"index":"index","follow":"follow","max-snippet":"max-snippet:-1","max-image-preview":"max-image-preview:large","max-video-preview":"max-video-preview:-1"},"canonical":"https:\/\/www.laguiadepamplona.com\/actualidad\/el-programa-municipal-jueves-y-viernes-ociosos-cuenta-con-plazas-libres-en-varias-de-las-actividades-programadas-durante-este-proximo-trimestre\/","og_locale":"es_ES","og_type":"article","og_title":"El programa municipal \u2018Jueves y viernes ociosos\u2019 cuenta con plazas libres en varias de las actividades programadas durante este pr\u00f3ximo trimestre","og_description":"Las inscripciones siguen abiertas en el tel\u00e9fono 010 \u2013 948 420 100, con un precio de 2,5 euros cada uno","og_url":"https:\/\/www.laguiadepamplona.com\/actualidad\/el-programa-municipal-jueves-y-viernes-ociosos-cuenta-con-plazas-libres-en-varias-de-las-actividades-programadas-durante-este-proximo-trimestre\/","og_site_name":"La Gu\u00eda de Pamplona","article_publisher":"https:\/\/www.facebook.com\/laguiadepamplonacom-133175176762273\/?ref=hl","article_published_time":"2022-10-14T11:53:35+00:00","article_modified_time":"2023-04-11T09:47:43+00:00","og_image":[{"width":1920,"height":1194,"url":"https:\/\/www.laguiadepamplona.com\/actualidad\/wp-content\/uploads\/2022\/10\/personas-mayores_anciano_01_0.webp","type":"image\/webp"}],"author":"La Gu\u00eda de Pamplona","twitter_card":"summary_large_image","twitter_creator":"@LaGuiadPamplona","twitter_site":"@LaGuiadPamplona","twitter_misc":{"Escrito por":"La Gu\u00eda de Pamplona","Tiempo de lectura":"3 minutos"},"schema":{"@context":"https:\/\/schema.org","@graph":[{"@type":"Article","@id":"https:\/\/www.laguiadepamplona.com\/actualidad\/el-programa-municipal-jueves-y-viernes-ociosos-cuenta-con-plazas-libres-en-varias-de-las-actividades-programadas-durante-este-proximo-trimestre\/#article","isPartOf":{"@id":"https:\/\/www.laguiadepamplona.com\/actualidad\/el-programa-municipal-jueves-y-viernes-ociosos-cuenta-con-plazas-libres-en-varias-de-las-actividades-programadas-durante-este-proximo-trimestre\/"},"author":{"name":"La Gu\u00eda de Pamplona","@id":"https:\/\/www.laguiadepamplona.com\/actualidad\/#\/schema\/person\/efe887376f0213d4657c93adc50b1fdb"},"headline":"El programa municipal \u2018Jueves y viernes ociosos\u2019 cuenta con plazas libres en varias de las actividades programadas durante este pr\u00f3ximo trimestre","datePublished":"2022-10-14T11:53:35+00:00","dateModified":"2023-04-11T09:47:43+00:00","mainEntityOfPage":{"@id":"https:\/\/www.laguiadepamplona.com\/actualidad\/el-programa-municipal-jueves-y-viernes-ociosos-cuenta-con-plazas-libres-en-varias-de-las-actividades-programadas-durante-este-proximo-trimestre\/"},"wordCount":691,"commentCount":0,"publisher":{"@id":"https:\/\/www.laguiadepamplona.com\/actualidad\/#organization"},"image":{"@id":"https:\/\/www.laguiadepamplona.com\/actualidad\/el-programa-municipal-jueves-y-viernes-ociosos-cuenta-con-plazas-libres-en-varias-de-las-actividades-programadas-durante-este-proximo-trimestre\/#primaryimage"},"thumbnailUrl":"https:\/\/www.laguiadepamplona.com\/actualidad\/wp-content\/uploads\/2022\/10\/personas-mayores_anciano_01_0.webp","articleSection":["Ayto Pamplona"],"inLanguage":"es","potentialAction":[{"@type":"CommentAction","name":"Comment","target":["https:\/\/www.laguiadepamplona.com\/actualidad\/el-programa-municipal-jueves-y-viernes-ociosos-cuenta-con-plazas-libres-en-varias-de-las-actividades-programadas-durante-este-proximo-trimestre\/#respond"]}]},{"@type":"WebPage","@id":"https:\/\/www.laguiadepamplona.com\/actualidad\/el-programa-municipal-jueves-y-viernes-ociosos-cuenta-con-plazas-libres-en-varias-de-las-actividades-programadas-durante-este-proximo-trimestre\/","url":"https:\/\/www.laguiadepamplona.com\/actualidad\/el-programa-municipal-jueves-y-viernes-ociosos-cuenta-con-plazas-libres-en-varias-de-las-actividades-programadas-durante-este-proximo-trimestre\/","name":"El programa municipal \u2018Jueves y viernes ociosos\u2019 cuenta con plazas libres en varias de las actividades programadas durante este pr\u00f3ximo trimestre","isPartOf":{"@id":"https:\/\/www.laguiadepamplona.com\/actualidad\/#website"},"primaryImageOfPage":{"@id":"https:\/\/www.laguiadepamplona.com\/actualidad\/el-programa-municipal-jueves-y-viernes-ociosos-cuenta-con-plazas-libres-en-varias-de-las-actividades-programadas-durante-este-proximo-trimestre\/#primaryimage"},"image":{"@id":"https:\/\/www.laguiadepamplona.com\/actualidad\/el-programa-municipal-jueves-y-viernes-ociosos-cuenta-con-plazas-libres-en-varias-de-las-actividades-programadas-durante-este-proximo-trimestre\/#primaryimage"},"thumbnailUrl":"https:\/\/www.laguiadepamplona.com\/actualidad\/wp-content\/uploads\/2022\/10\/personas-mayores_anciano_01_0.webp","datePublished":"2022-10-14T11:53:35+00:00","dateModified":"2023-04-11T09:47:43+00:00","description":"Las inscripciones siguen abiertas en el tel\u00e9fono 010 \u2013 948 420 100, con un precio de 2,5 euros cada uno","breadcrumb":{"@id":"https:\/\/www.laguiadepamplona.com\/actualidad\/el-programa-municipal-jueves-y-viernes-ociosos-cuenta-con-plazas-libres-en-varias-de-las-actividades-programadas-durante-este-proximo-trimestre\/#breadcrumb"},"inLanguage":"es","potentialAction":[{"@type":"ReadAction","target":["https:\/\/www.laguiadepamplona.com\/actualidad\/el-programa-municipal-jueves-y-viernes-ociosos-cuenta-con-plazas-libres-en-varias-de-las-actividades-programadas-durante-este-proximo-trimestre\/"]}]},{"@type":"ImageObject","inLanguage":"es","@id":"https:\/\/www.laguiadepamplona.com\/actualidad\/el-programa-municipal-jueves-y-viernes-ociosos-cuenta-con-plazas-libres-en-varias-de-las-actividades-programadas-durante-este-proximo-trimestre\/#primaryimage","url":"https:\/\/www.laguiadepamplona.com\/actualidad\/wp-content\/uploads\/2022\/10\/personas-mayores_anciano_01_0.webp","contentUrl":"https:\/\/www.laguiadepamplona.com\/actualidad\/wp-content\/uploads\/2022\/10\/personas-mayores_anciano_01_0.webp","width":1920,"height":1194},{"@type":"BreadcrumbList","@id":"https:\/\/www.laguiadepamplona.com\/actualidad\/el-programa-municipal-jueves-y-viernes-ociosos-cuenta-con-plazas-libres-en-varias-de-las-actividades-programadas-durante-este-proximo-trimestre\/#breadcrumb","itemListElement":[{"@type":"ListItem","position":1,"name":"Portada","item":"https:\/\/www.laguiadepamplona.com\/actualidad\/"},{"@type":"ListItem","position":2,"name":"El programa municipal \u2018Jueves y viernes ociosos\u2019 cuenta con plazas libres en varias de las actividades programadas durante este pr\u00f3ximo trimestre"}]},{"@type":"WebSite","@id":"https:\/\/www.laguiadepamplona.com\/actualidad\/#website","url":"https:\/\/www.laguiadepamplona.com\/actualidad\/","name":"La gu\u00eda de Pamplona","description":"Noticias de Pamplona","publisher":{"@id":"https:\/\/www.laguiadepamplona.com\/actualidad\/#organization"},"potentialAction":[{"@type":"SearchAction","target":{"@type":"EntryPoint","urlTemplate":"https:\/\/www.laguiadepamplona.com\/actualidad\/?s={search_term_string}"},"query-input":{"@type":"PropertyValueSpecification","valueRequired":true,"valueName":"search_term_string"}}],"inLanguage":"es"},{"@type":"Organization","@id":"https:\/\/www.laguiadepamplona.com\/actualidad\/#organization","name":"La Gu\u00eda de Pamplona \/ Noticias","url":"https:\/\/www.laguiadepamplona.com\/actualidad\/","logo":{"@type":"ImageObject","inLanguage":"es","@id":"https:\/\/www.laguiadepamplona.com\/actualidad\/#\/schema\/logo\/image\/","url":"https:\/\/www.laguiadepamplona.com\/actualidad\/wp-content\/uploads\/2018\/11\/logo-laguiadepamplona18-web1.png","contentUrl":"https:\/\/www.laguiadepamplona.com\/actualidad\/wp-content\/uploads\/2018\/11\/logo-laguiadepamplona18-web1.png","width":600,"height":196,"caption":"La Gu\u00eda de Pamplona \/ Noticias"},"image":{"@id":"https:\/\/www.laguiadepamplona.com\/actualidad\/#\/schema\/logo\/image\/"},"sameAs":["https:\/\/www.facebook.com\/laguiadepamplonacom-133175176762273\/?ref=hl","https:\/\/x.com\/LaGuiadPamplona","https:\/\/www.instagram.com\/la_guia_de_pamplona\/","https:\/\/www.youtube.com\/user\/laguiadepamplona"]},{"@type":"Person","@id":"https:\/\/www.laguiadepamplona.com\/actualidad\/#\/schema\/person\/efe887376f0213d4657c93adc50b1fdb","name":"La Gu\u00eda de Pamplona","image":{"@type":"ImageObject","inLanguage":"es","@id":"https:\/\/secure.gravatar.com\/avatar\/b6992f131dc8d30ab0dff15446e9d346d9dbd95992de0fef795073f5ea83a81c?s=96&d=mm&r=g","url":"https:\/\/secure.gravatar.com\/avatar\/b6992f131dc8d30ab0dff15446e9d346d9dbd95992de0fef795073f5ea83a81c?s=96&d=mm&r=g","contentUrl":"https:\/\/secure.gravatar.com\/avatar\/b6992f131dc8d30ab0dff15446e9d346d9dbd95992de0fef795073f5ea83a81c?s=96&d=mm&r=g","caption":"La Gu\u00eda de Pamplona"}}]}},"post_mailing_queue_ids":[],"_links":{"self":[{"href":"https:\/\/www.laguiadepamplona.com\/actualidad\/wp-json\/wp\/v2\/posts\/41911","targetHints":{"allow":["GET"]}}],"collection":[{"href":"https:\/\/www.laguiadepamplona.com\/actualidad\/wp-json\/wp\/v2\/posts"}],"about":[{"href":"https:\/\/www.laguiadepamplona.com\/actualidad\/wp-json\/wp\/v2\/types\/post"}],"author":[{"embeddable":true,"href":"https:\/\/www.laguiadepamplona.com\/actualidad\/wp-json\/wp\/v2\/users\/1"}],"replies":[{"embeddable":true,"href":"https:\/\/www.laguiadepamplona.com\/actualidad\/wp-json\/wp\/v2\/comments?post=41911"}],"version-history":[{"count":0,"href":"https:\/\/www.laguiadepamplona.com\/actualidad\/wp-json\/wp\/v2\/posts\/41911\/revisions"}],"wp:featuredmedia":[{"embeddable":true,"href":"https:\/\/www.laguiadepamplona.com\/actualidad\/wp-json\/wp\/v2\/media\/41912"}],"wp:attachment":[{"href":"https:\/\/www.laguiadepamplona.com\/actualidad\/wp-json\/wp\/v2\/media?parent=41911"}],"wp:term":[{"taxonomy":"category","embeddable":true,"href":"https:\/\/www.laguiadepamplona.com\/actualidad\/wp-json\/wp\/v2\/categories?post=41911"},{"taxonomy":"post_tag","embeddable":true,"href":"https:\/\/www.laguiadepamplona.com\/actualidad\/wp-json\/wp\/v2\/tags?post=41911"}],"curies":[{"name":"wp","href":"https:\/\/api.w.org\/{rel}","templated":true}]}}