{"id":41908,"date":"2022-10-14T13:51:23","date_gmt":"2022-10-14T11:51:23","guid":{"rendered":"https:\/\/www.laguiadepamplona.com\/actualidad\/?p=41908"},"modified":"2023-04-11T11:47:43","modified_gmt":"2023-04-11T09:47:43","slug":"el-ayuntamiento-de-pamplona-recibe-a-trece-asociaciones-que-trabajan-en-el-ambito-de-la-diversidad-cultural-para-conmemorar-el-dia-de-la-hispanidad","status":"publish","type":"post","link":"https:\/\/www.laguiadepamplona.com\/actualidad\/el-ayuntamiento-de-pamplona-recibe-a-trece-asociaciones-que-trabajan-en-el-ambito-de-la-diversidad-cultural-para-conmemorar-el-dia-de-la-hispanidad\/","title":{"rendered":"El Ayuntamiento de Pamplona recibe a trece asociaciones que trabajan en el \u00e1mbito de la diversidad cultural para conmemorar el D\u00eda de la Hispanidad"},"content":{"rendered":"<h5>Han asistido representantes de asociaciones de migrantes procedentes de Chile, Colombia, Bolivia, Venezuela, Argentina, Ecuador y Cuba<\/h5>\n<p><!--more--><\/p>\n<p>El Ayuntamiento de Pamplona ha celebrado este viernes el D\u00eda de la Hispanidad con una recepci\u00f3n institucional en la que han participado trece asociaciones que trabajan en el \u00e1mbito de la diversidad cultural. El alcalde de Pamplona, Enrique Maya, y miembros de la Corporaci\u00f3n municipal han asistido a un acto, que naci\u00f3 en 2020 en plena pandemia ante la imposibilidad de celebrar otras actividades, y que cumple ya su tercera edici\u00f3n.<br \/>\n<script async src=\"\/\/pagead2.googlesyndication.com\/pagead\/js\/adsbygoogle.js\"><\/script><br \/>\n<!-- Noticias La Guia de Pamplona --><br \/>\n<ins class=\"adsbygoogle\"\nstyle=\"display:block\"\ndata-ad-client=\"ca-pub-6943679897239327\"\ndata-ad-slot=\"7048180777\"\ndata-ad-format=\"auto\"><\/ins><br \/>\n<script>\n(adsbygoogle = window.adsbygoogle || []).push({});\n<\/script><\/p>\n<p>A la invitaci\u00f3n municipal para participar en esta recepci\u00f3n han acudido asociaciones de personas afincadas en Pamplona procedentes de Chile, Colombia, Bolivia, Argentina, Ecuador, Venezuela y Cuba, adem\u00e1s de la Asociaci\u00f3n de Latinoamericanos en Navarra (ASOLATINA) y la Federaci\u00f3n de la Asociaci\u00f3n de Inmigrantes (FAIN). El alcalde de Pamplona ha destacado que \u201csiempre queda camino por recorrer, siempre hay cosas que mejorar, pero lo cierto es que las personas de otras nacionalidades cada vez est\u00e1is m\u00e1s y mejor integradas en la sociedad pamplonesa\u201d. Tambi\u00e9n ha intervenido la Evelyn Trujillo, de Casa Chile, en representaci\u00f3n de las asociaciones presentes, que ha agradecido el acto y ha apostado por la colaboraci\u00f3n para seguir trabajando en la diversidad cultural en la ciudad.<\/p>\n<p>Durante la recepci\u00f3n, como muestra de la diversidad cultural de la ciudad, la asociaci\u00f3n Tinkus San Sim\u00f3n ha realizado un baile tinku tradicional de Bolivia. El tinku es un ritual y una danza folkl\u00f3rica que se realiza en el Departamento de Norte de Potos\u00ed. Tinku significa encuentro en lengua quecha y aymara. La Fraternidad Folkl\u00f3rica y Cultura Tinkus San Sim\u00f3n filial Navarra lleva tres a\u00f1os demostrando su danza en todo su esplendor con sus Gu\u00edas, Bloque Mixto, Rompemonteras, Julas y Mamalas, Miskis, Chaskas y Machutinku. Ya se les pudo ver p\u00fablicamente con ocasi\u00f3n de la \u2018Kalejira de las Culturas\u2019 que, dentro del programa de San Fermin, llen\u00f3 de color las calles del Casco Antiguo el pasado 14 de julio.<br \/>\n<script async src=\"\/\/pagead2.googlesyndication.com\/pagead\/js\/adsbygoogle.js\"><\/script><br \/>\n<!-- Noticias La Guia de Pamplona --><br \/>\n<ins class=\"adsbygoogle\"\nstyle=\"display:block\"\ndata-ad-client=\"ca-pub-6943679897239327\"\ndata-ad-slot=\"7048180777\"\ndata-ad-format=\"auto\"><\/ins><br \/>\n<script>\n(adsbygoogle = window.adsbygoogle || []).push({});\n<\/script><\/p>\n<p>&nbsp;<\/p>\n<h3>Asociaciones participantes en la recepci\u00f3n<\/h3>\n<ul>\n<li>ASOCOLON (Colombia)<\/li>\n<li>Asociaci\u00f3n Cubana de Navarra (Cuba)<\/li>\n<li>Tinkus San Sim\u00f3n (Bolivia)<\/li>\n<li>Asociaci\u00f3n cultural Munata Folkor Boliviano (Bolivia)<\/li>\n<li>Casa Chile (Chile)<\/li>\n<li>Asociaci\u00f3n Alpargatika &#8211; ASVENA Asociaci\u00f3n Venezolana de Navarra (Venezuela)<\/li>\n<li>APROENA Asociaci\u00f3n de Ecuatorianos de Navarra (Ecuador)<\/li>\n<li>Morenada Central Cocani (Bolivia)<\/li>\n<li>Morenada Los Andes (Bolivia)<\/li>\n<li>Centro Argentino Navarro (Argentina)<\/li>\n<li>Grupo Cultural Rebelde (Bolivia)<\/li>\n<li>FAIN<\/li>\n<li>ASOLATINA (Asociaci\u00f3n de Latinoamericanos de Navarra)<\/li>\n<\/ul>\n","protected":false},"excerpt":{"rendered":"<p>Han asistido representantes de asociaciones de migrantes procedentes de Chile, Colombia, Bolivia, Venezuela, Argentina, Ecuador y Cuba<\/p>\n","protected":false},"author":1,"featured_media":41909,"comment_status":"open","ping_status":"closed","sticky":false,"template":"","format":"standard","meta":{"footnotes":""},"categories":[2],"tags":[],"class_list":["post-41908","post","type-post","status-publish","format-standard","has-post-thumbnail","hentry","category-ayuntamiento-pamplona"],"yoast_head":"<!-- This site is optimized with the Yoast SEO plugin v27.5 - https:\/\/yoast.com\/product\/yoast-seo-wordpress\/ -->\n<title>El Ayuntamiento de Pamplona recibe a trece asociaciones que trabajan en el \u00e1mbito de la diversidad cultural para conmemorar el D\u00eda de la Hispanidad<\/title>\n<meta name=\"description\" content=\"Han asistido representantes de asociaciones de migrantes procedentes de Chile, Colombia, Bolivia, Venezuela, Argentina, Ecuador y Cuba\" \/>\n<meta name=\"robots\" content=\"index, follow, max-snippet:-1, max-image-preview:large, max-video-preview:-1\" \/>\n<link rel=\"canonical\" href=\"https:\/\/www.laguiadepamplona.com\/actualidad\/el-ayuntamiento-de-pamplona-recibe-a-trece-asociaciones-que-trabajan-en-el-ambito-de-la-diversidad-cultural-para-conmemorar-el-dia-de-la-hispanidad\/\" \/>\n<meta property=\"og:locale\" content=\"es_ES\" \/>\n<meta property=\"og:type\" content=\"article\" \/>\n<meta property=\"og:title\" content=\"El Ayuntamiento de Pamplona recibe a trece asociaciones que trabajan en el \u00e1mbito de la diversidad cultural para conmemorar el D\u00eda de la Hispanidad\" \/>\n<meta property=\"og:description\" content=\"Han asistido representantes de asociaciones de migrantes procedentes de Chile, Colombia, Bolivia, Venezuela, Argentina, Ecuador y Cuba\" \/>\n<meta property=\"og:url\" content=\"https:\/\/www.laguiadepamplona.com\/actualidad\/el-ayuntamiento-de-pamplona-recibe-a-trece-asociaciones-que-trabajan-en-el-ambito-de-la-diversidad-cultural-para-conmemorar-el-dia-de-la-hispanidad\/\" \/>\n<meta property=\"og:site_name\" content=\"La Gu\u00eda de Pamplona\" \/>\n<meta property=\"article:publisher\" content=\"https:\/\/www.facebook.com\/laguiadepamplonacom-133175176762273\/?ref=hl\" \/>\n<meta property=\"article:published_time\" content=\"2022-10-14T11:51:23+00:00\" \/>\n<meta property=\"article:modified_time\" content=\"2023-04-11T09:47:43+00:00\" \/>\n<meta property=\"og:image\" content=\"https:\/\/www.laguiadepamplona.com\/actualidad\/wp-content\/uploads\/2022\/10\/q5a4032fain22-10-14_0.webp\" \/>\n\t<meta property=\"og:image:width\" content=\"1920\" \/>\n\t<meta property=\"og:image:height\" content=\"1281\" \/>\n\t<meta property=\"og:image:type\" content=\"image\/webp\" \/>\n<meta name=\"author\" content=\"La Gu\u00eda de Pamplona\" \/>\n<meta name=\"twitter:card\" content=\"summary_large_image\" \/>\n<meta name=\"twitter:creator\" content=\"@LaGuiadPamplona\" \/>\n<meta name=\"twitter:site\" content=\"@LaGuiadPamplona\" \/>\n<meta name=\"twitter:label1\" content=\"Escrito por\" \/>\n\t<meta name=\"twitter:data1\" content=\"La Gu\u00eda de Pamplona\" \/>\n\t<meta name=\"twitter:label2\" content=\"Tiempo de lectura\" \/>\n\t<meta name=\"twitter:data2\" content=\"2 minutos\" \/>\n<script type=\"application\/ld+json\" class=\"yoast-schema-graph\">{\"@context\":\"https:\\\/\\\/schema.org\",\"@graph\":[{\"@type\":\"Article\",\"@id\":\"https:\\\/\\\/www.laguiadepamplona.com\\\/actualidad\\\/el-ayuntamiento-de-pamplona-recibe-a-trece-asociaciones-que-trabajan-en-el-ambito-de-la-diversidad-cultural-para-conmemorar-el-dia-de-la-hispanidad\\\/#article\",\"isPartOf\":{\"@id\":\"https:\\\/\\\/www.laguiadepamplona.com\\\/actualidad\\\/el-ayuntamiento-de-pamplona-recibe-a-trece-asociaciones-que-trabajan-en-el-ambito-de-la-diversidad-cultural-para-conmemorar-el-dia-de-la-hispanidad\\\/\"},\"author\":{\"name\":\"La Gu\u00eda de Pamplona\",\"@id\":\"https:\\\/\\\/www.laguiadepamplona.com\\\/actualidad\\\/#\\\/schema\\\/person\\\/efe887376f0213d4657c93adc50b1fdb\"},\"headline\":\"El Ayuntamiento de Pamplona recibe a trece asociaciones que trabajan en el \u00e1mbito de la diversidad cultural para conmemorar el D\u00eda de la Hispanidad\",\"datePublished\":\"2022-10-14T11:51:23+00:00\",\"dateModified\":\"2023-04-11T09:47:43+00:00\",\"mainEntityOfPage\":{\"@id\":\"https:\\\/\\\/www.laguiadepamplona.com\\\/actualidad\\\/el-ayuntamiento-de-pamplona-recibe-a-trece-asociaciones-que-trabajan-en-el-ambito-de-la-diversidad-cultural-para-conmemorar-el-dia-de-la-hispanidad\\\/\"},\"wordCount\":447,\"commentCount\":0,\"publisher\":{\"@id\":\"https:\\\/\\\/www.laguiadepamplona.com\\\/actualidad\\\/#organization\"},\"image\":{\"@id\":\"https:\\\/\\\/www.laguiadepamplona.com\\\/actualidad\\\/el-ayuntamiento-de-pamplona-recibe-a-trece-asociaciones-que-trabajan-en-el-ambito-de-la-diversidad-cultural-para-conmemorar-el-dia-de-la-hispanidad\\\/#primaryimage\"},\"thumbnailUrl\":\"https:\\\/\\\/www.laguiadepamplona.com\\\/actualidad\\\/wp-content\\\/uploads\\\/2022\\\/10\\\/q5a4032fain22-10-14_0.webp\",\"articleSection\":[\"Ayto Pamplona\"],\"inLanguage\":\"es\",\"potentialAction\":[{\"@type\":\"CommentAction\",\"name\":\"Comment\",\"target\":[\"https:\\\/\\\/www.laguiadepamplona.com\\\/actualidad\\\/el-ayuntamiento-de-pamplona-recibe-a-trece-asociaciones-que-trabajan-en-el-ambito-de-la-diversidad-cultural-para-conmemorar-el-dia-de-la-hispanidad\\\/#respond\"]}]},{\"@type\":\"WebPage\",\"@id\":\"https:\\\/\\\/www.laguiadepamplona.com\\\/actualidad\\\/el-ayuntamiento-de-pamplona-recibe-a-trece-asociaciones-que-trabajan-en-el-ambito-de-la-diversidad-cultural-para-conmemorar-el-dia-de-la-hispanidad\\\/\",\"url\":\"https:\\\/\\\/www.laguiadepamplona.com\\\/actualidad\\\/el-ayuntamiento-de-pamplona-recibe-a-trece-asociaciones-que-trabajan-en-el-ambito-de-la-diversidad-cultural-para-conmemorar-el-dia-de-la-hispanidad\\\/\",\"name\":\"El Ayuntamiento de Pamplona recibe a trece asociaciones que trabajan en el \u00e1mbito de la diversidad cultural para conmemorar el D\u00eda de la Hispanidad\",\"isPartOf\":{\"@id\":\"https:\\\/\\\/www.laguiadepamplona.com\\\/actualidad\\\/#website\"},\"primaryImageOfPage\":{\"@id\":\"https:\\\/\\\/www.laguiadepamplona.com\\\/actualidad\\\/el-ayuntamiento-de-pamplona-recibe-a-trece-asociaciones-que-trabajan-en-el-ambito-de-la-diversidad-cultural-para-conmemorar-el-dia-de-la-hispanidad\\\/#primaryimage\"},\"image\":{\"@id\":\"https:\\\/\\\/www.laguiadepamplona.com\\\/actualidad\\\/el-ayuntamiento-de-pamplona-recibe-a-trece-asociaciones-que-trabajan-en-el-ambito-de-la-diversidad-cultural-para-conmemorar-el-dia-de-la-hispanidad\\\/#primaryimage\"},\"thumbnailUrl\":\"https:\\\/\\\/www.laguiadepamplona.com\\\/actualidad\\\/wp-content\\\/uploads\\\/2022\\\/10\\\/q5a4032fain22-10-14_0.webp\",\"datePublished\":\"2022-10-14T11:51:23+00:00\",\"dateModified\":\"2023-04-11T09:47:43+00:00\",\"description\":\"Han asistido representantes de asociaciones de migrantes procedentes de Chile, Colombia, Bolivia, Venezuela, Argentina, Ecuador y Cuba\",\"breadcrumb\":{\"@id\":\"https:\\\/\\\/www.laguiadepamplona.com\\\/actualidad\\\/el-ayuntamiento-de-pamplona-recibe-a-trece-asociaciones-que-trabajan-en-el-ambito-de-la-diversidad-cultural-para-conmemorar-el-dia-de-la-hispanidad\\\/#breadcrumb\"},\"inLanguage\":\"es\",\"potentialAction\":[{\"@type\":\"ReadAction\",\"target\":[\"https:\\\/\\\/www.laguiadepamplona.com\\\/actualidad\\\/el-ayuntamiento-de-pamplona-recibe-a-trece-asociaciones-que-trabajan-en-el-ambito-de-la-diversidad-cultural-para-conmemorar-el-dia-de-la-hispanidad\\\/\"]}]},{\"@type\":\"ImageObject\",\"inLanguage\":\"es\",\"@id\":\"https:\\\/\\\/www.laguiadepamplona.com\\\/actualidad\\\/el-ayuntamiento-de-pamplona-recibe-a-trece-asociaciones-que-trabajan-en-el-ambito-de-la-diversidad-cultural-para-conmemorar-el-dia-de-la-hispanidad\\\/#primaryimage\",\"url\":\"https:\\\/\\\/www.laguiadepamplona.com\\\/actualidad\\\/wp-content\\\/uploads\\\/2022\\\/10\\\/q5a4032fain22-10-14_0.webp\",\"contentUrl\":\"https:\\\/\\\/www.laguiadepamplona.com\\\/actualidad\\\/wp-content\\\/uploads\\\/2022\\\/10\\\/q5a4032fain22-10-14_0.webp\",\"width\":1920,\"height\":1281},{\"@type\":\"BreadcrumbList\",\"@id\":\"https:\\\/\\\/www.laguiadepamplona.com\\\/actualidad\\\/el-ayuntamiento-de-pamplona-recibe-a-trece-asociaciones-que-trabajan-en-el-ambito-de-la-diversidad-cultural-para-conmemorar-el-dia-de-la-hispanidad\\\/#breadcrumb\",\"itemListElement\":[{\"@type\":\"ListItem\",\"position\":1,\"name\":\"Portada\",\"item\":\"https:\\\/\\\/www.laguiadepamplona.com\\\/actualidad\\\/\"},{\"@type\":\"ListItem\",\"position\":2,\"name\":\"El Ayuntamiento de Pamplona recibe a trece asociaciones que trabajan en el \u00e1mbito de la diversidad cultural para conmemorar el D\u00eda de la Hispanidad\"}]},{\"@type\":\"WebSite\",\"@id\":\"https:\\\/\\\/www.laguiadepamplona.com\\\/actualidad\\\/#website\",\"url\":\"https:\\\/\\\/www.laguiadepamplona.com\\\/actualidad\\\/\",\"name\":\"La gu\u00eda de Pamplona\",\"description\":\"Noticias de Pamplona\",\"publisher\":{\"@id\":\"https:\\\/\\\/www.laguiadepamplona.com\\\/actualidad\\\/#organization\"},\"potentialAction\":[{\"@type\":\"SearchAction\",\"target\":{\"@type\":\"EntryPoint\",\"urlTemplate\":\"https:\\\/\\\/www.laguiadepamplona.com\\\/actualidad\\\/?s={search_term_string}\"},\"query-input\":{\"@type\":\"PropertyValueSpecification\",\"valueRequired\":true,\"valueName\":\"search_term_string\"}}],\"inLanguage\":\"es\"},{\"@type\":\"Organization\",\"@id\":\"https:\\\/\\\/www.laguiadepamplona.com\\\/actualidad\\\/#organization\",\"name\":\"La Gu\u00eda de Pamplona \\\/ Noticias\",\"url\":\"https:\\\/\\\/www.laguiadepamplona.com\\\/actualidad\\\/\",\"logo\":{\"@type\":\"ImageObject\",\"inLanguage\":\"es\",\"@id\":\"https:\\\/\\\/www.laguiadepamplona.com\\\/actualidad\\\/#\\\/schema\\\/logo\\\/image\\\/\",\"url\":\"https:\\\/\\\/www.laguiadepamplona.com\\\/actualidad\\\/wp-content\\\/uploads\\\/2018\\\/11\\\/logo-laguiadepamplona18-web1.png\",\"contentUrl\":\"https:\\\/\\\/www.laguiadepamplona.com\\\/actualidad\\\/wp-content\\\/uploads\\\/2018\\\/11\\\/logo-laguiadepamplona18-web1.png\",\"width\":600,\"height\":196,\"caption\":\"La Gu\u00eda de Pamplona \\\/ Noticias\"},\"image\":{\"@id\":\"https:\\\/\\\/www.laguiadepamplona.com\\\/actualidad\\\/#\\\/schema\\\/logo\\\/image\\\/\"},\"sameAs\":[\"https:\\\/\\\/www.facebook.com\\\/laguiadepamplonacom-133175176762273\\\/?ref=hl\",\"https:\\\/\\\/x.com\\\/LaGuiadPamplona\",\"https:\\\/\\\/www.instagram.com\\\/la_guia_de_pamplona\\\/\",\"https:\\\/\\\/www.youtube.com\\\/user\\\/laguiadepamplona\"]},{\"@type\":\"Person\",\"@id\":\"https:\\\/\\\/www.laguiadepamplona.com\\\/actualidad\\\/#\\\/schema\\\/person\\\/efe887376f0213d4657c93adc50b1fdb\",\"name\":\"La Gu\u00eda de Pamplona\",\"image\":{\"@type\":\"ImageObject\",\"inLanguage\":\"es\",\"@id\":\"https:\\\/\\\/secure.gravatar.com\\\/avatar\\\/b6992f131dc8d30ab0dff15446e9d346d9dbd95992de0fef795073f5ea83a81c?s=96&d=mm&r=g\",\"url\":\"https:\\\/\\\/secure.gravatar.com\\\/avatar\\\/b6992f131dc8d30ab0dff15446e9d346d9dbd95992de0fef795073f5ea83a81c?s=96&d=mm&r=g\",\"contentUrl\":\"https:\\\/\\\/secure.gravatar.com\\\/avatar\\\/b6992f131dc8d30ab0dff15446e9d346d9dbd95992de0fef795073f5ea83a81c?s=96&d=mm&r=g\",\"caption\":\"La Gu\u00eda de Pamplona\"}}]}<\/script>\n<!-- \/ Yoast SEO plugin. -->","yoast_head_json":{"title":"El Ayuntamiento de Pamplona recibe a trece asociaciones que trabajan en el \u00e1mbito de la diversidad cultural para conmemorar el D\u00eda de la Hispanidad","description":"Han asistido representantes de asociaciones de migrantes procedentes de Chile, Colombia, Bolivia, Venezuela, Argentina, Ecuador y Cuba","robots":{"index":"index","follow":"follow","max-snippet":"max-snippet:-1","max-image-preview":"max-image-preview:large","max-video-preview":"max-video-preview:-1"},"canonical":"https:\/\/www.laguiadepamplona.com\/actualidad\/el-ayuntamiento-de-pamplona-recibe-a-trece-asociaciones-que-trabajan-en-el-ambito-de-la-diversidad-cultural-para-conmemorar-el-dia-de-la-hispanidad\/","og_locale":"es_ES","og_type":"article","og_title":"El Ayuntamiento de Pamplona recibe a trece asociaciones que trabajan en el \u00e1mbito de la diversidad cultural para conmemorar el D\u00eda de la Hispanidad","og_description":"Han asistido representantes de asociaciones de migrantes procedentes de Chile, Colombia, Bolivia, Venezuela, Argentina, Ecuador y Cuba","og_url":"https:\/\/www.laguiadepamplona.com\/actualidad\/el-ayuntamiento-de-pamplona-recibe-a-trece-asociaciones-que-trabajan-en-el-ambito-de-la-diversidad-cultural-para-conmemorar-el-dia-de-la-hispanidad\/","og_site_name":"La Gu\u00eda de Pamplona","article_publisher":"https:\/\/www.facebook.com\/laguiadepamplonacom-133175176762273\/?ref=hl","article_published_time":"2022-10-14T11:51:23+00:00","article_modified_time":"2023-04-11T09:47:43+00:00","og_image":[{"width":1920,"height":1281,"url":"https:\/\/www.laguiadepamplona.com\/actualidad\/wp-content\/uploads\/2022\/10\/q5a4032fain22-10-14_0.webp","type":"image\/webp"}],"author":"La Gu\u00eda de Pamplona","twitter_card":"summary_large_image","twitter_creator":"@LaGuiadPamplona","twitter_site":"@LaGuiadPamplona","twitter_misc":{"Escrito por":"La Gu\u00eda de Pamplona","Tiempo de lectura":"2 minutos"},"schema":{"@context":"https:\/\/schema.org","@graph":[{"@type":"Article","@id":"https:\/\/www.laguiadepamplona.com\/actualidad\/el-ayuntamiento-de-pamplona-recibe-a-trece-asociaciones-que-trabajan-en-el-ambito-de-la-diversidad-cultural-para-conmemorar-el-dia-de-la-hispanidad\/#article","isPartOf":{"@id":"https:\/\/www.laguiadepamplona.com\/actualidad\/el-ayuntamiento-de-pamplona-recibe-a-trece-asociaciones-que-trabajan-en-el-ambito-de-la-diversidad-cultural-para-conmemorar-el-dia-de-la-hispanidad\/"},"author":{"name":"La Gu\u00eda de Pamplona","@id":"https:\/\/www.laguiadepamplona.com\/actualidad\/#\/schema\/person\/efe887376f0213d4657c93adc50b1fdb"},"headline":"El Ayuntamiento de Pamplona recibe a trece asociaciones que trabajan en el \u00e1mbito de la diversidad cultural para conmemorar el D\u00eda de la Hispanidad","datePublished":"2022-10-14T11:51:23+00:00","dateModified":"2023-04-11T09:47:43+00:00","mainEntityOfPage":{"@id":"https:\/\/www.laguiadepamplona.com\/actualidad\/el-ayuntamiento-de-pamplona-recibe-a-trece-asociaciones-que-trabajan-en-el-ambito-de-la-diversidad-cultural-para-conmemorar-el-dia-de-la-hispanidad\/"},"wordCount":447,"commentCount":0,"publisher":{"@id":"https:\/\/www.laguiadepamplona.com\/actualidad\/#organization"},"image":{"@id":"https:\/\/www.laguiadepamplona.com\/actualidad\/el-ayuntamiento-de-pamplona-recibe-a-trece-asociaciones-que-trabajan-en-el-ambito-de-la-diversidad-cultural-para-conmemorar-el-dia-de-la-hispanidad\/#primaryimage"},"thumbnailUrl":"https:\/\/www.laguiadepamplona.com\/actualidad\/wp-content\/uploads\/2022\/10\/q5a4032fain22-10-14_0.webp","articleSection":["Ayto Pamplona"],"inLanguage":"es","potentialAction":[{"@type":"CommentAction","name":"Comment","target":["https:\/\/www.laguiadepamplona.com\/actualidad\/el-ayuntamiento-de-pamplona-recibe-a-trece-asociaciones-que-trabajan-en-el-ambito-de-la-diversidad-cultural-para-conmemorar-el-dia-de-la-hispanidad\/#respond"]}]},{"@type":"WebPage","@id":"https:\/\/www.laguiadepamplona.com\/actualidad\/el-ayuntamiento-de-pamplona-recibe-a-trece-asociaciones-que-trabajan-en-el-ambito-de-la-diversidad-cultural-para-conmemorar-el-dia-de-la-hispanidad\/","url":"https:\/\/www.laguiadepamplona.com\/actualidad\/el-ayuntamiento-de-pamplona-recibe-a-trece-asociaciones-que-trabajan-en-el-ambito-de-la-diversidad-cultural-para-conmemorar-el-dia-de-la-hispanidad\/","name":"El Ayuntamiento de Pamplona recibe a trece asociaciones que trabajan en el \u00e1mbito de la diversidad cultural para conmemorar el D\u00eda de la Hispanidad","isPartOf":{"@id":"https:\/\/www.laguiadepamplona.com\/actualidad\/#website"},"primaryImageOfPage":{"@id":"https:\/\/www.laguiadepamplona.com\/actualidad\/el-ayuntamiento-de-pamplona-recibe-a-trece-asociaciones-que-trabajan-en-el-ambito-de-la-diversidad-cultural-para-conmemorar-el-dia-de-la-hispanidad\/#primaryimage"},"image":{"@id":"https:\/\/www.laguiadepamplona.com\/actualidad\/el-ayuntamiento-de-pamplona-recibe-a-trece-asociaciones-que-trabajan-en-el-ambito-de-la-diversidad-cultural-para-conmemorar-el-dia-de-la-hispanidad\/#primaryimage"},"thumbnailUrl":"https:\/\/www.laguiadepamplona.com\/actualidad\/wp-content\/uploads\/2022\/10\/q5a4032fain22-10-14_0.webp","datePublished":"2022-10-14T11:51:23+00:00","dateModified":"2023-04-11T09:47:43+00:00","description":"Han asistido representantes de asociaciones de migrantes procedentes de Chile, Colombia, Bolivia, Venezuela, Argentina, Ecuador y Cuba","breadcrumb":{"@id":"https:\/\/www.laguiadepamplona.com\/actualidad\/el-ayuntamiento-de-pamplona-recibe-a-trece-asociaciones-que-trabajan-en-el-ambito-de-la-diversidad-cultural-para-conmemorar-el-dia-de-la-hispanidad\/#breadcrumb"},"inLanguage":"es","potentialAction":[{"@type":"ReadAction","target":["https:\/\/www.laguiadepamplona.com\/actualidad\/el-ayuntamiento-de-pamplona-recibe-a-trece-asociaciones-que-trabajan-en-el-ambito-de-la-diversidad-cultural-para-conmemorar-el-dia-de-la-hispanidad\/"]}]},{"@type":"ImageObject","inLanguage":"es","@id":"https:\/\/www.laguiadepamplona.com\/actualidad\/el-ayuntamiento-de-pamplona-recibe-a-trece-asociaciones-que-trabajan-en-el-ambito-de-la-diversidad-cultural-para-conmemorar-el-dia-de-la-hispanidad\/#primaryimage","url":"https:\/\/www.laguiadepamplona.com\/actualidad\/wp-content\/uploads\/2022\/10\/q5a4032fain22-10-14_0.webp","contentUrl":"https:\/\/www.laguiadepamplona.com\/actualidad\/wp-content\/uploads\/2022\/10\/q5a4032fain22-10-14_0.webp","width":1920,"height":1281},{"@type":"BreadcrumbList","@id":"https:\/\/www.laguiadepamplona.com\/actualidad\/el-ayuntamiento-de-pamplona-recibe-a-trece-asociaciones-que-trabajan-en-el-ambito-de-la-diversidad-cultural-para-conmemorar-el-dia-de-la-hispanidad\/#breadcrumb","itemListElement":[{"@type":"ListItem","position":1,"name":"Portada","item":"https:\/\/www.laguiadepamplona.com\/actualidad\/"},{"@type":"ListItem","position":2,"name":"El Ayuntamiento de Pamplona recibe a trece asociaciones que trabajan en el \u00e1mbito de la diversidad cultural para conmemorar el D\u00eda de la Hispanidad"}]},{"@type":"WebSite","@id":"https:\/\/www.laguiadepamplona.com\/actualidad\/#website","url":"https:\/\/www.laguiadepamplona.com\/actualidad\/","name":"La gu\u00eda de Pamplona","description":"Noticias de Pamplona","publisher":{"@id":"https:\/\/www.laguiadepamplona.com\/actualidad\/#organization"},"potentialAction":[{"@type":"SearchAction","target":{"@type":"EntryPoint","urlTemplate":"https:\/\/www.laguiadepamplona.com\/actualidad\/?s={search_term_string}"},"query-input":{"@type":"PropertyValueSpecification","valueRequired":true,"valueName":"search_term_string"}}],"inLanguage":"es"},{"@type":"Organization","@id":"https:\/\/www.laguiadepamplona.com\/actualidad\/#organization","name":"La Gu\u00eda de Pamplona \/ Noticias","url":"https:\/\/www.laguiadepamplona.com\/actualidad\/","logo":{"@type":"ImageObject","inLanguage":"es","@id":"https:\/\/www.laguiadepamplona.com\/actualidad\/#\/schema\/logo\/image\/","url":"https:\/\/www.laguiadepamplona.com\/actualidad\/wp-content\/uploads\/2018\/11\/logo-laguiadepamplona18-web1.png","contentUrl":"https:\/\/www.laguiadepamplona.com\/actualidad\/wp-content\/uploads\/2018\/11\/logo-laguiadepamplona18-web1.png","width":600,"height":196,"caption":"La Gu\u00eda de Pamplona \/ Noticias"},"image":{"@id":"https:\/\/www.laguiadepamplona.com\/actualidad\/#\/schema\/logo\/image\/"},"sameAs":["https:\/\/www.facebook.com\/laguiadepamplonacom-133175176762273\/?ref=hl","https:\/\/x.com\/LaGuiadPamplona","https:\/\/www.instagram.com\/la_guia_de_pamplona\/","https:\/\/www.youtube.com\/user\/laguiadepamplona"]},{"@type":"Person","@id":"https:\/\/www.laguiadepamplona.com\/actualidad\/#\/schema\/person\/efe887376f0213d4657c93adc50b1fdb","name":"La Gu\u00eda de Pamplona","image":{"@type":"ImageObject","inLanguage":"es","@id":"https:\/\/secure.gravatar.com\/avatar\/b6992f131dc8d30ab0dff15446e9d346d9dbd95992de0fef795073f5ea83a81c?s=96&d=mm&r=g","url":"https:\/\/secure.gravatar.com\/avatar\/b6992f131dc8d30ab0dff15446e9d346d9dbd95992de0fef795073f5ea83a81c?s=96&d=mm&r=g","contentUrl":"https:\/\/secure.gravatar.com\/avatar\/b6992f131dc8d30ab0dff15446e9d346d9dbd95992de0fef795073f5ea83a81c?s=96&d=mm&r=g","caption":"La Gu\u00eda de Pamplona"}}]}},"post_mailing_queue_ids":[],"_links":{"self":[{"href":"https:\/\/www.laguiadepamplona.com\/actualidad\/wp-json\/wp\/v2\/posts\/41908","targetHints":{"allow":["GET"]}}],"collection":[{"href":"https:\/\/www.laguiadepamplona.com\/actualidad\/wp-json\/wp\/v2\/posts"}],"about":[{"href":"https:\/\/www.laguiadepamplona.com\/actualidad\/wp-json\/wp\/v2\/types\/post"}],"author":[{"embeddable":true,"href":"https:\/\/www.laguiadepamplona.com\/actualidad\/wp-json\/wp\/v2\/users\/1"}],"replies":[{"embeddable":true,"href":"https:\/\/www.laguiadepamplona.com\/actualidad\/wp-json\/wp\/v2\/comments?post=41908"}],"version-history":[{"count":0,"href":"https:\/\/www.laguiadepamplona.com\/actualidad\/wp-json\/wp\/v2\/posts\/41908\/revisions"}],"wp:featuredmedia":[{"embeddable":true,"href":"https:\/\/www.laguiadepamplona.com\/actualidad\/wp-json\/wp\/v2\/media\/41909"}],"wp:attachment":[{"href":"https:\/\/www.laguiadepamplona.com\/actualidad\/wp-json\/wp\/v2\/media?parent=41908"}],"wp:term":[{"taxonomy":"category","embeddable":true,"href":"https:\/\/www.laguiadepamplona.com\/actualidad\/wp-json\/wp\/v2\/categories?post=41908"},{"taxonomy":"post_tag","embeddable":true,"href":"https:\/\/www.laguiadepamplona.com\/actualidad\/wp-json\/wp\/v2\/tags?post=41908"}],"curies":[{"name":"wp","href":"https:\/\/api.w.org\/{rel}","templated":true}]}}