{"id":41903,"date":"2022-10-14T13:46:18","date_gmt":"2022-10-14T11:46:18","guid":{"rendered":"https:\/\/www.laguiadepamplona.com\/actualidad\/?p=41903"},"modified":"2023-04-11T11:47:43","modified_gmt":"2023-04-11T09:47:43","slug":"el-ayuntamiento-ilumina-su-fachada-en-rosa-y-azul-el-sabado-15-en-el-dia-mundial-por-la-concienciacion-del-duelo-gestacional-perinatal-y-neonatal","status":"publish","type":"post","link":"https:\/\/www.laguiadepamplona.com\/actualidad\/el-ayuntamiento-ilumina-su-fachada-en-rosa-y-azul-el-sabado-15-en-el-dia-mundial-por-la-concienciacion-del-duelo-gestacional-perinatal-y-neonatal\/","title":{"rendered":"El Ayuntamiento ilumina su fachada en rosa y azul el s\u00e1bado 15 en el D\u00eda Mundial por la Concienciaci\u00f3n del duelo gestacional, perinatal y neonatal"},"content":{"rendered":"<h5>En el mundo se registran cada d\u00eda millones de estas p\u00e9rdidas con impacto directo en las familias, su entorno y en los profesionales sanitarios<\/h5>\n<p><!--more--><\/p>\n<p>La fachada del Ayuntamiento de Pamplona se ilumina en rosa y azul el s\u00e1bado 15 con motivo de la celebraci\u00f3n del D\u00eda Mundial por la Concienciaci\u00f3n del duelo gestacional, perinatal y neonatal. La iluminaci\u00f3n se realiza en colaboraci\u00f3n con Esku Hutsik, asociaci\u00f3n de duelo gestacional, perinatal y neonatal en Euskadi y Navarra. El duelo perinatal corresponde al ocasionado por las p\u00e9rdidas que ocurren en cualquier momento de la gestaci\u00f3n, parto o postparto. Existen muchas casu\u00edsticas y nomenclaturas: muerte intrauterina temprana o tard\u00eda, muerte intraparto, aborto espont\u00e1neo, interrupci\u00f3n del embarazo, muerte de un mellizo o gemelo, muerte gestacional, perinatal o neonata. Incluso se habla de este tipo de duelo en casos de infertilidad.<br \/>\n<script async src=\"\/\/pagead2.googlesyndication.com\/pagead\/js\/adsbygoogle.js\"><\/script><br \/>\n<!-- Noticias La Guia de Pamplona --><br \/>\n<ins class=\"adsbygoogle\"\nstyle=\"display:block\"\ndata-ad-client=\"ca-pub-6943679897239327\"\ndata-ad-slot=\"7048180777\"\ndata-ad-format=\"auto\"><\/ins><br \/>\n<script>\n(adsbygoogle = window.adsbygoogle || []).push({});\n<\/script><\/p>\n<p>En el mundo se registran cada d\u00eda millones de estas p\u00e9rdidas y a nivel estatal, mueren en periodo perinatal, desde la semana 22 de gestaci\u00f3n hasta los 28 d\u00edas de vida, alrededor de 2.500 beb\u00e9s al a\u00f1o, con un impacto directo en las familias y su entorno, y en los profesionales sanitarios que las atienden. En estos datos no se tienen en cuenta ni las muertes neonatales a partir del d\u00eda 28 de vida, ni las interrupciones voluntarias y legales del embarazo, ni las muertes gestacionales en embarazos del primer y del segundo trimestre, cuyas cifras son mucho m\u00e1s elevadas. Entre el 10 y 20% de los embarazos confirmados terminan durante el primer trimestre del embarazo y, en total, el 25% de los embarazos, uno de cada cuatro, no termina con un beb\u00e9 en brazos.<\/p>\n<p>El duelo gestacional sigue siendo un tema tab\u00fa en la sociedad y, de hecho, es un proceso que tiende a ser invisibilizado y desautorizado, ya que quienes lo sufren no reciben permiso social para sentirlo y expresarlo de forma abierta, y, por tanto, no reciben el apoyo debido en el \u00e1mbito social y sanitario. Si no se reconoce la muerte, tampoco el correspondiente duelo de los progenitores. Asociaciones como Esku Hutsik ofrecen apoyo, informaci\u00f3n y recursos para las familias, defienden la humanizaci\u00f3n de la atenci\u00f3n sanitaria y proporcionan formaci\u00f3n a profesionales sanitarios y dem\u00e1s personas que trabajen con una familia en duelo.<\/p>\n","protected":false},"excerpt":{"rendered":"<p>En el mundo se registran cada d\u00eda millones de estas p\u00e9rdidas con impacto directo en las familias, su entorno y en los profesionales sanitarios<\/p>\n","protected":false},"author":1,"featured_media":41287,"comment_status":"open","ping_status":"closed","sticky":false,"template":"","format":"standard","meta":{"footnotes":""},"categories":[2],"tags":[],"class_list":["post-41903","post","type-post","status-publish","format-standard","has-post-thumbnail","hentry","category-ayuntamiento-pamplona"],"yoast_head":"<!-- This site is optimized with the Yoast SEO plugin v27.5 - https:\/\/yoast.com\/product\/yoast-seo-wordpress\/ -->\n<title>El Ayuntamiento ilumina su fachada en rosa y azul el s\u00e1bado 15 en el D\u00eda Mundial por la Concienciaci\u00f3n del duelo gestacional, perinatal y neonatal<\/title>\n<meta name=\"description\" content=\"En el mundo se registran cada d\u00eda millones de estas p\u00e9rdidas con impacto directo en las familias, su entorno y en los profesionales sanitarios\" \/>\n<meta name=\"robots\" content=\"index, follow, max-snippet:-1, max-image-preview:large, max-video-preview:-1\" \/>\n<link rel=\"canonical\" href=\"https:\/\/www.laguiadepamplona.com\/actualidad\/el-ayuntamiento-ilumina-su-fachada-en-rosa-y-azul-el-sabado-15-en-el-dia-mundial-por-la-concienciacion-del-duelo-gestacional-perinatal-y-neonatal\/\" \/>\n<meta property=\"og:locale\" content=\"es_ES\" \/>\n<meta property=\"og:type\" content=\"article\" \/>\n<meta property=\"og:title\" content=\"El Ayuntamiento ilumina su fachada en rosa y azul el s\u00e1bado 15 en el D\u00eda Mundial por la Concienciaci\u00f3n del duelo gestacional, perinatal y neonatal\" \/>\n<meta property=\"og:description\" content=\"En el mundo se registran cada d\u00eda millones de estas p\u00e9rdidas con impacto directo en las familias, su entorno y en los profesionales sanitarios\" \/>\n<meta property=\"og:url\" content=\"https:\/\/www.laguiadepamplona.com\/actualidad\/el-ayuntamiento-ilumina-su-fachada-en-rosa-y-azul-el-sabado-15-en-el-dia-mundial-por-la-concienciacion-del-duelo-gestacional-perinatal-y-neonatal\/\" \/>\n<meta property=\"og:site_name\" content=\"La Gu\u00eda de Pamplona\" \/>\n<meta property=\"article:publisher\" content=\"https:\/\/www.facebook.com\/laguiadepamplonacom-133175176762273\/?ref=hl\" \/>\n<meta property=\"article:published_time\" content=\"2022-10-14T11:46:18+00:00\" \/>\n<meta property=\"article:modified_time\" content=\"2023-04-11T09:47:43+00:00\" \/>\n<meta property=\"og:image\" content=\"https:\/\/www.laguiadepamplona.com\/actualidad\/wp-content\/uploads\/2022\/08\/fachadaazulverde7956.webp\" \/>\n\t<meta property=\"og:image:width\" content=\"1920\" \/>\n\t<meta property=\"og:image:height\" content=\"1280\" \/>\n\t<meta property=\"og:image:type\" content=\"image\/webp\" \/>\n<meta name=\"author\" content=\"La Gu\u00eda de Pamplona\" \/>\n<meta name=\"twitter:card\" content=\"summary_large_image\" \/>\n<meta name=\"twitter:creator\" content=\"@LaGuiadPamplona\" \/>\n<meta name=\"twitter:site\" content=\"@LaGuiadPamplona\" \/>\n<meta name=\"twitter:label1\" content=\"Escrito por\" \/>\n\t<meta name=\"twitter:data1\" content=\"La Gu\u00eda de Pamplona\" \/>\n\t<meta name=\"twitter:label2\" content=\"Tiempo de lectura\" \/>\n\t<meta name=\"twitter:data2\" content=\"2 minutos\" \/>\n<script type=\"application\/ld+json\" class=\"yoast-schema-graph\">{\"@context\":\"https:\\\/\\\/schema.org\",\"@graph\":[{\"@type\":\"Article\",\"@id\":\"https:\\\/\\\/www.laguiadepamplona.com\\\/actualidad\\\/el-ayuntamiento-ilumina-su-fachada-en-rosa-y-azul-el-sabado-15-en-el-dia-mundial-por-la-concienciacion-del-duelo-gestacional-perinatal-y-neonatal\\\/#article\",\"isPartOf\":{\"@id\":\"https:\\\/\\\/www.laguiadepamplona.com\\\/actualidad\\\/el-ayuntamiento-ilumina-su-fachada-en-rosa-y-azul-el-sabado-15-en-el-dia-mundial-por-la-concienciacion-del-duelo-gestacional-perinatal-y-neonatal\\\/\"},\"author\":{\"name\":\"La Gu\u00eda de Pamplona\",\"@id\":\"https:\\\/\\\/www.laguiadepamplona.com\\\/actualidad\\\/#\\\/schema\\\/person\\\/efe887376f0213d4657c93adc50b1fdb\"},\"headline\":\"El Ayuntamiento ilumina su fachada en rosa y azul el s\u00e1bado 15 en el D\u00eda Mundial por la Concienciaci\u00f3n del duelo gestacional, perinatal y neonatal\",\"datePublished\":\"2022-10-14T11:46:18+00:00\",\"dateModified\":\"2023-04-11T09:47:43+00:00\",\"mainEntityOfPage\":{\"@id\":\"https:\\\/\\\/www.laguiadepamplona.com\\\/actualidad\\\/el-ayuntamiento-ilumina-su-fachada-en-rosa-y-azul-el-sabado-15-en-el-dia-mundial-por-la-concienciacion-del-duelo-gestacional-perinatal-y-neonatal\\\/\"},\"wordCount\":420,\"commentCount\":0,\"publisher\":{\"@id\":\"https:\\\/\\\/www.laguiadepamplona.com\\\/actualidad\\\/#organization\"},\"image\":{\"@id\":\"https:\\\/\\\/www.laguiadepamplona.com\\\/actualidad\\\/el-ayuntamiento-ilumina-su-fachada-en-rosa-y-azul-el-sabado-15-en-el-dia-mundial-por-la-concienciacion-del-duelo-gestacional-perinatal-y-neonatal\\\/#primaryimage\"},\"thumbnailUrl\":\"https:\\\/\\\/www.laguiadepamplona.com\\\/actualidad\\\/wp-content\\\/uploads\\\/2022\\\/08\\\/fachadaazulverde7956.webp\",\"articleSection\":[\"Ayto Pamplona\"],\"inLanguage\":\"es\",\"potentialAction\":[{\"@type\":\"CommentAction\",\"name\":\"Comment\",\"target\":[\"https:\\\/\\\/www.laguiadepamplona.com\\\/actualidad\\\/el-ayuntamiento-ilumina-su-fachada-en-rosa-y-azul-el-sabado-15-en-el-dia-mundial-por-la-concienciacion-del-duelo-gestacional-perinatal-y-neonatal\\\/#respond\"]}]},{\"@type\":\"WebPage\",\"@id\":\"https:\\\/\\\/www.laguiadepamplona.com\\\/actualidad\\\/el-ayuntamiento-ilumina-su-fachada-en-rosa-y-azul-el-sabado-15-en-el-dia-mundial-por-la-concienciacion-del-duelo-gestacional-perinatal-y-neonatal\\\/\",\"url\":\"https:\\\/\\\/www.laguiadepamplona.com\\\/actualidad\\\/el-ayuntamiento-ilumina-su-fachada-en-rosa-y-azul-el-sabado-15-en-el-dia-mundial-por-la-concienciacion-del-duelo-gestacional-perinatal-y-neonatal\\\/\",\"name\":\"El Ayuntamiento ilumina su fachada en rosa y azul el s\u00e1bado 15 en el D\u00eda Mundial por la Concienciaci\u00f3n del duelo gestacional, perinatal y neonatal\",\"isPartOf\":{\"@id\":\"https:\\\/\\\/www.laguiadepamplona.com\\\/actualidad\\\/#website\"},\"primaryImageOfPage\":{\"@id\":\"https:\\\/\\\/www.laguiadepamplona.com\\\/actualidad\\\/el-ayuntamiento-ilumina-su-fachada-en-rosa-y-azul-el-sabado-15-en-el-dia-mundial-por-la-concienciacion-del-duelo-gestacional-perinatal-y-neonatal\\\/#primaryimage\"},\"image\":{\"@id\":\"https:\\\/\\\/www.laguiadepamplona.com\\\/actualidad\\\/el-ayuntamiento-ilumina-su-fachada-en-rosa-y-azul-el-sabado-15-en-el-dia-mundial-por-la-concienciacion-del-duelo-gestacional-perinatal-y-neonatal\\\/#primaryimage\"},\"thumbnailUrl\":\"https:\\\/\\\/www.laguiadepamplona.com\\\/actualidad\\\/wp-content\\\/uploads\\\/2022\\\/08\\\/fachadaazulverde7956.webp\",\"datePublished\":\"2022-10-14T11:46:18+00:00\",\"dateModified\":\"2023-04-11T09:47:43+00:00\",\"description\":\"En el mundo se registran cada d\u00eda millones de estas p\u00e9rdidas con impacto directo en las familias, su entorno y en los profesionales sanitarios\",\"breadcrumb\":{\"@id\":\"https:\\\/\\\/www.laguiadepamplona.com\\\/actualidad\\\/el-ayuntamiento-ilumina-su-fachada-en-rosa-y-azul-el-sabado-15-en-el-dia-mundial-por-la-concienciacion-del-duelo-gestacional-perinatal-y-neonatal\\\/#breadcrumb\"},\"inLanguage\":\"es\",\"potentialAction\":[{\"@type\":\"ReadAction\",\"target\":[\"https:\\\/\\\/www.laguiadepamplona.com\\\/actualidad\\\/el-ayuntamiento-ilumina-su-fachada-en-rosa-y-azul-el-sabado-15-en-el-dia-mundial-por-la-concienciacion-del-duelo-gestacional-perinatal-y-neonatal\\\/\"]}]},{\"@type\":\"ImageObject\",\"inLanguage\":\"es\",\"@id\":\"https:\\\/\\\/www.laguiadepamplona.com\\\/actualidad\\\/el-ayuntamiento-ilumina-su-fachada-en-rosa-y-azul-el-sabado-15-en-el-dia-mundial-por-la-concienciacion-del-duelo-gestacional-perinatal-y-neonatal\\\/#primaryimage\",\"url\":\"https:\\\/\\\/www.laguiadepamplona.com\\\/actualidad\\\/wp-content\\\/uploads\\\/2022\\\/08\\\/fachadaazulverde7956.webp\",\"contentUrl\":\"https:\\\/\\\/www.laguiadepamplona.com\\\/actualidad\\\/wp-content\\\/uploads\\\/2022\\\/08\\\/fachadaazulverde7956.webp\",\"width\":1920,\"height\":1280},{\"@type\":\"BreadcrumbList\",\"@id\":\"https:\\\/\\\/www.laguiadepamplona.com\\\/actualidad\\\/el-ayuntamiento-ilumina-su-fachada-en-rosa-y-azul-el-sabado-15-en-el-dia-mundial-por-la-concienciacion-del-duelo-gestacional-perinatal-y-neonatal\\\/#breadcrumb\",\"itemListElement\":[{\"@type\":\"ListItem\",\"position\":1,\"name\":\"Portada\",\"item\":\"https:\\\/\\\/www.laguiadepamplona.com\\\/actualidad\\\/\"},{\"@type\":\"ListItem\",\"position\":2,\"name\":\"El Ayuntamiento ilumina su fachada en rosa y azul el s\u00e1bado 15 en el D\u00eda Mundial por la Concienciaci\u00f3n del duelo gestacional, perinatal y neonatal\"}]},{\"@type\":\"WebSite\",\"@id\":\"https:\\\/\\\/www.laguiadepamplona.com\\\/actualidad\\\/#website\",\"url\":\"https:\\\/\\\/www.laguiadepamplona.com\\\/actualidad\\\/\",\"name\":\"La gu\u00eda de Pamplona\",\"description\":\"Noticias de Pamplona\",\"publisher\":{\"@id\":\"https:\\\/\\\/www.laguiadepamplona.com\\\/actualidad\\\/#organization\"},\"potentialAction\":[{\"@type\":\"SearchAction\",\"target\":{\"@type\":\"EntryPoint\",\"urlTemplate\":\"https:\\\/\\\/www.laguiadepamplona.com\\\/actualidad\\\/?s={search_term_string}\"},\"query-input\":{\"@type\":\"PropertyValueSpecification\",\"valueRequired\":true,\"valueName\":\"search_term_string\"}}],\"inLanguage\":\"es\"},{\"@type\":\"Organization\",\"@id\":\"https:\\\/\\\/www.laguiadepamplona.com\\\/actualidad\\\/#organization\",\"name\":\"La Gu\u00eda de Pamplona \\\/ Noticias\",\"url\":\"https:\\\/\\\/www.laguiadepamplona.com\\\/actualidad\\\/\",\"logo\":{\"@type\":\"ImageObject\",\"inLanguage\":\"es\",\"@id\":\"https:\\\/\\\/www.laguiadepamplona.com\\\/actualidad\\\/#\\\/schema\\\/logo\\\/image\\\/\",\"url\":\"https:\\\/\\\/www.laguiadepamplona.com\\\/actualidad\\\/wp-content\\\/uploads\\\/2018\\\/11\\\/logo-laguiadepamplona18-web1.png\",\"contentUrl\":\"https:\\\/\\\/www.laguiadepamplona.com\\\/actualidad\\\/wp-content\\\/uploads\\\/2018\\\/11\\\/logo-laguiadepamplona18-web1.png\",\"width\":600,\"height\":196,\"caption\":\"La Gu\u00eda de Pamplona \\\/ Noticias\"},\"image\":{\"@id\":\"https:\\\/\\\/www.laguiadepamplona.com\\\/actualidad\\\/#\\\/schema\\\/logo\\\/image\\\/\"},\"sameAs\":[\"https:\\\/\\\/www.facebook.com\\\/laguiadepamplonacom-133175176762273\\\/?ref=hl\",\"https:\\\/\\\/x.com\\\/LaGuiadPamplona\",\"https:\\\/\\\/www.instagram.com\\\/la_guia_de_pamplona\\\/\",\"https:\\\/\\\/www.youtube.com\\\/user\\\/laguiadepamplona\"]},{\"@type\":\"Person\",\"@id\":\"https:\\\/\\\/www.laguiadepamplona.com\\\/actualidad\\\/#\\\/schema\\\/person\\\/efe887376f0213d4657c93adc50b1fdb\",\"name\":\"La Gu\u00eda de Pamplona\",\"image\":{\"@type\":\"ImageObject\",\"inLanguage\":\"es\",\"@id\":\"https:\\\/\\\/secure.gravatar.com\\\/avatar\\\/b6992f131dc8d30ab0dff15446e9d346d9dbd95992de0fef795073f5ea83a81c?s=96&d=mm&r=g\",\"url\":\"https:\\\/\\\/secure.gravatar.com\\\/avatar\\\/b6992f131dc8d30ab0dff15446e9d346d9dbd95992de0fef795073f5ea83a81c?s=96&d=mm&r=g\",\"contentUrl\":\"https:\\\/\\\/secure.gravatar.com\\\/avatar\\\/b6992f131dc8d30ab0dff15446e9d346d9dbd95992de0fef795073f5ea83a81c?s=96&d=mm&r=g\",\"caption\":\"La Gu\u00eda de Pamplona\"}}]}<\/script>\n<!-- \/ Yoast SEO plugin. -->","yoast_head_json":{"title":"El Ayuntamiento ilumina su fachada en rosa y azul el s\u00e1bado 15 en el D\u00eda Mundial por la Concienciaci\u00f3n del duelo gestacional, perinatal y neonatal","description":"En el mundo se registran cada d\u00eda millones de estas p\u00e9rdidas con impacto directo en las familias, su entorno y en los profesionales sanitarios","robots":{"index":"index","follow":"follow","max-snippet":"max-snippet:-1","max-image-preview":"max-image-preview:large","max-video-preview":"max-video-preview:-1"},"canonical":"https:\/\/www.laguiadepamplona.com\/actualidad\/el-ayuntamiento-ilumina-su-fachada-en-rosa-y-azul-el-sabado-15-en-el-dia-mundial-por-la-concienciacion-del-duelo-gestacional-perinatal-y-neonatal\/","og_locale":"es_ES","og_type":"article","og_title":"El Ayuntamiento ilumina su fachada en rosa y azul el s\u00e1bado 15 en el D\u00eda Mundial por la Concienciaci\u00f3n del duelo gestacional, perinatal y neonatal","og_description":"En el mundo se registran cada d\u00eda millones de estas p\u00e9rdidas con impacto directo en las familias, su entorno y en los profesionales sanitarios","og_url":"https:\/\/www.laguiadepamplona.com\/actualidad\/el-ayuntamiento-ilumina-su-fachada-en-rosa-y-azul-el-sabado-15-en-el-dia-mundial-por-la-concienciacion-del-duelo-gestacional-perinatal-y-neonatal\/","og_site_name":"La Gu\u00eda de Pamplona","article_publisher":"https:\/\/www.facebook.com\/laguiadepamplonacom-133175176762273\/?ref=hl","article_published_time":"2022-10-14T11:46:18+00:00","article_modified_time":"2023-04-11T09:47:43+00:00","og_image":[{"width":1920,"height":1280,"url":"https:\/\/www.laguiadepamplona.com\/actualidad\/wp-content\/uploads\/2022\/08\/fachadaazulverde7956.webp","type":"image\/webp"}],"author":"La Gu\u00eda de Pamplona","twitter_card":"summary_large_image","twitter_creator":"@LaGuiadPamplona","twitter_site":"@LaGuiadPamplona","twitter_misc":{"Escrito por":"La Gu\u00eda de Pamplona","Tiempo de lectura":"2 minutos"},"schema":{"@context":"https:\/\/schema.org","@graph":[{"@type":"Article","@id":"https:\/\/www.laguiadepamplona.com\/actualidad\/el-ayuntamiento-ilumina-su-fachada-en-rosa-y-azul-el-sabado-15-en-el-dia-mundial-por-la-concienciacion-del-duelo-gestacional-perinatal-y-neonatal\/#article","isPartOf":{"@id":"https:\/\/www.laguiadepamplona.com\/actualidad\/el-ayuntamiento-ilumina-su-fachada-en-rosa-y-azul-el-sabado-15-en-el-dia-mundial-por-la-concienciacion-del-duelo-gestacional-perinatal-y-neonatal\/"},"author":{"name":"La Gu\u00eda de Pamplona","@id":"https:\/\/www.laguiadepamplona.com\/actualidad\/#\/schema\/person\/efe887376f0213d4657c93adc50b1fdb"},"headline":"El Ayuntamiento ilumina su fachada en rosa y azul el s\u00e1bado 15 en el D\u00eda Mundial por la Concienciaci\u00f3n del duelo gestacional, perinatal y neonatal","datePublished":"2022-10-14T11:46:18+00:00","dateModified":"2023-04-11T09:47:43+00:00","mainEntityOfPage":{"@id":"https:\/\/www.laguiadepamplona.com\/actualidad\/el-ayuntamiento-ilumina-su-fachada-en-rosa-y-azul-el-sabado-15-en-el-dia-mundial-por-la-concienciacion-del-duelo-gestacional-perinatal-y-neonatal\/"},"wordCount":420,"commentCount":0,"publisher":{"@id":"https:\/\/www.laguiadepamplona.com\/actualidad\/#organization"},"image":{"@id":"https:\/\/www.laguiadepamplona.com\/actualidad\/el-ayuntamiento-ilumina-su-fachada-en-rosa-y-azul-el-sabado-15-en-el-dia-mundial-por-la-concienciacion-del-duelo-gestacional-perinatal-y-neonatal\/#primaryimage"},"thumbnailUrl":"https:\/\/www.laguiadepamplona.com\/actualidad\/wp-content\/uploads\/2022\/08\/fachadaazulverde7956.webp","articleSection":["Ayto Pamplona"],"inLanguage":"es","potentialAction":[{"@type":"CommentAction","name":"Comment","target":["https:\/\/www.laguiadepamplona.com\/actualidad\/el-ayuntamiento-ilumina-su-fachada-en-rosa-y-azul-el-sabado-15-en-el-dia-mundial-por-la-concienciacion-del-duelo-gestacional-perinatal-y-neonatal\/#respond"]}]},{"@type":"WebPage","@id":"https:\/\/www.laguiadepamplona.com\/actualidad\/el-ayuntamiento-ilumina-su-fachada-en-rosa-y-azul-el-sabado-15-en-el-dia-mundial-por-la-concienciacion-del-duelo-gestacional-perinatal-y-neonatal\/","url":"https:\/\/www.laguiadepamplona.com\/actualidad\/el-ayuntamiento-ilumina-su-fachada-en-rosa-y-azul-el-sabado-15-en-el-dia-mundial-por-la-concienciacion-del-duelo-gestacional-perinatal-y-neonatal\/","name":"El Ayuntamiento ilumina su fachada en rosa y azul el s\u00e1bado 15 en el D\u00eda Mundial por la Concienciaci\u00f3n del duelo gestacional, perinatal y neonatal","isPartOf":{"@id":"https:\/\/www.laguiadepamplona.com\/actualidad\/#website"},"primaryImageOfPage":{"@id":"https:\/\/www.laguiadepamplona.com\/actualidad\/el-ayuntamiento-ilumina-su-fachada-en-rosa-y-azul-el-sabado-15-en-el-dia-mundial-por-la-concienciacion-del-duelo-gestacional-perinatal-y-neonatal\/#primaryimage"},"image":{"@id":"https:\/\/www.laguiadepamplona.com\/actualidad\/el-ayuntamiento-ilumina-su-fachada-en-rosa-y-azul-el-sabado-15-en-el-dia-mundial-por-la-concienciacion-del-duelo-gestacional-perinatal-y-neonatal\/#primaryimage"},"thumbnailUrl":"https:\/\/www.laguiadepamplona.com\/actualidad\/wp-content\/uploads\/2022\/08\/fachadaazulverde7956.webp","datePublished":"2022-10-14T11:46:18+00:00","dateModified":"2023-04-11T09:47:43+00:00","description":"En el mundo se registran cada d\u00eda millones de estas p\u00e9rdidas con impacto directo en las familias, su entorno y en los profesionales sanitarios","breadcrumb":{"@id":"https:\/\/www.laguiadepamplona.com\/actualidad\/el-ayuntamiento-ilumina-su-fachada-en-rosa-y-azul-el-sabado-15-en-el-dia-mundial-por-la-concienciacion-del-duelo-gestacional-perinatal-y-neonatal\/#breadcrumb"},"inLanguage":"es","potentialAction":[{"@type":"ReadAction","target":["https:\/\/www.laguiadepamplona.com\/actualidad\/el-ayuntamiento-ilumina-su-fachada-en-rosa-y-azul-el-sabado-15-en-el-dia-mundial-por-la-concienciacion-del-duelo-gestacional-perinatal-y-neonatal\/"]}]},{"@type":"ImageObject","inLanguage":"es","@id":"https:\/\/www.laguiadepamplona.com\/actualidad\/el-ayuntamiento-ilumina-su-fachada-en-rosa-y-azul-el-sabado-15-en-el-dia-mundial-por-la-concienciacion-del-duelo-gestacional-perinatal-y-neonatal\/#primaryimage","url":"https:\/\/www.laguiadepamplona.com\/actualidad\/wp-content\/uploads\/2022\/08\/fachadaazulverde7956.webp","contentUrl":"https:\/\/www.laguiadepamplona.com\/actualidad\/wp-content\/uploads\/2022\/08\/fachadaazulverde7956.webp","width":1920,"height":1280},{"@type":"BreadcrumbList","@id":"https:\/\/www.laguiadepamplona.com\/actualidad\/el-ayuntamiento-ilumina-su-fachada-en-rosa-y-azul-el-sabado-15-en-el-dia-mundial-por-la-concienciacion-del-duelo-gestacional-perinatal-y-neonatal\/#breadcrumb","itemListElement":[{"@type":"ListItem","position":1,"name":"Portada","item":"https:\/\/www.laguiadepamplona.com\/actualidad\/"},{"@type":"ListItem","position":2,"name":"El Ayuntamiento ilumina su fachada en rosa y azul el s\u00e1bado 15 en el D\u00eda Mundial por la Concienciaci\u00f3n del duelo gestacional, perinatal y neonatal"}]},{"@type":"WebSite","@id":"https:\/\/www.laguiadepamplona.com\/actualidad\/#website","url":"https:\/\/www.laguiadepamplona.com\/actualidad\/","name":"La gu\u00eda de Pamplona","description":"Noticias de Pamplona","publisher":{"@id":"https:\/\/www.laguiadepamplona.com\/actualidad\/#organization"},"potentialAction":[{"@type":"SearchAction","target":{"@type":"EntryPoint","urlTemplate":"https:\/\/www.laguiadepamplona.com\/actualidad\/?s={search_term_string}"},"query-input":{"@type":"PropertyValueSpecification","valueRequired":true,"valueName":"search_term_string"}}],"inLanguage":"es"},{"@type":"Organization","@id":"https:\/\/www.laguiadepamplona.com\/actualidad\/#organization","name":"La Gu\u00eda de Pamplona \/ Noticias","url":"https:\/\/www.laguiadepamplona.com\/actualidad\/","logo":{"@type":"ImageObject","inLanguage":"es","@id":"https:\/\/www.laguiadepamplona.com\/actualidad\/#\/schema\/logo\/image\/","url":"https:\/\/www.laguiadepamplona.com\/actualidad\/wp-content\/uploads\/2018\/11\/logo-laguiadepamplona18-web1.png","contentUrl":"https:\/\/www.laguiadepamplona.com\/actualidad\/wp-content\/uploads\/2018\/11\/logo-laguiadepamplona18-web1.png","width":600,"height":196,"caption":"La Gu\u00eda de Pamplona \/ Noticias"},"image":{"@id":"https:\/\/www.laguiadepamplona.com\/actualidad\/#\/schema\/logo\/image\/"},"sameAs":["https:\/\/www.facebook.com\/laguiadepamplonacom-133175176762273\/?ref=hl","https:\/\/x.com\/LaGuiadPamplona","https:\/\/www.instagram.com\/la_guia_de_pamplona\/","https:\/\/www.youtube.com\/user\/laguiadepamplona"]},{"@type":"Person","@id":"https:\/\/www.laguiadepamplona.com\/actualidad\/#\/schema\/person\/efe887376f0213d4657c93adc50b1fdb","name":"La Gu\u00eda de Pamplona","image":{"@type":"ImageObject","inLanguage":"es","@id":"https:\/\/secure.gravatar.com\/avatar\/b6992f131dc8d30ab0dff15446e9d346d9dbd95992de0fef795073f5ea83a81c?s=96&d=mm&r=g","url":"https:\/\/secure.gravatar.com\/avatar\/b6992f131dc8d30ab0dff15446e9d346d9dbd95992de0fef795073f5ea83a81c?s=96&d=mm&r=g","contentUrl":"https:\/\/secure.gravatar.com\/avatar\/b6992f131dc8d30ab0dff15446e9d346d9dbd95992de0fef795073f5ea83a81c?s=96&d=mm&r=g","caption":"La Gu\u00eda de Pamplona"}}]}},"post_mailing_queue_ids":[],"_links":{"self":[{"href":"https:\/\/www.laguiadepamplona.com\/actualidad\/wp-json\/wp\/v2\/posts\/41903","targetHints":{"allow":["GET"]}}],"collection":[{"href":"https:\/\/www.laguiadepamplona.com\/actualidad\/wp-json\/wp\/v2\/posts"}],"about":[{"href":"https:\/\/www.laguiadepamplona.com\/actualidad\/wp-json\/wp\/v2\/types\/post"}],"author":[{"embeddable":true,"href":"https:\/\/www.laguiadepamplona.com\/actualidad\/wp-json\/wp\/v2\/users\/1"}],"replies":[{"embeddable":true,"href":"https:\/\/www.laguiadepamplona.com\/actualidad\/wp-json\/wp\/v2\/comments?post=41903"}],"version-history":[{"count":0,"href":"https:\/\/www.laguiadepamplona.com\/actualidad\/wp-json\/wp\/v2\/posts\/41903\/revisions"}],"wp:featuredmedia":[{"embeddable":true,"href":"https:\/\/www.laguiadepamplona.com\/actualidad\/wp-json\/wp\/v2\/media\/41287"}],"wp:attachment":[{"href":"https:\/\/www.laguiadepamplona.com\/actualidad\/wp-json\/wp\/v2\/media?parent=41903"}],"wp:term":[{"taxonomy":"category","embeddable":true,"href":"https:\/\/www.laguiadepamplona.com\/actualidad\/wp-json\/wp\/v2\/categories?post=41903"},{"taxonomy":"post_tag","embeddable":true,"href":"https:\/\/www.laguiadepamplona.com\/actualidad\/wp-json\/wp\/v2\/tags?post=41903"}],"curies":[{"name":"wp","href":"https:\/\/api.w.org\/{rel}","templated":true}]}}