{"id":41900,"date":"2022-10-14T13:44:43","date_gmt":"2022-10-14T11:44:43","guid":{"rendered":"https:\/\/www.laguiadepamplona.com\/actualidad\/?p=41900"},"modified":"2023-04-11T11:47:43","modified_gmt":"2023-04-11T09:47:43","slug":"pamplona-anima-a-la-ciudadania-a-plantar-el-resto-del-bosque-de-absorcion-del-poligono-de-agustinos","status":"publish","type":"post","link":"https:\/\/www.laguiadepamplona.com\/actualidad\/pamplona-anima-a-la-ciudadania-a-plantar-el-resto-del-bosque-de-absorcion-del-poligono-de-agustinos\/","title":{"rendered":"Pamplona anima a la ciudadan\u00eda a plantar el resto del bosque de absorci\u00f3n del pol\u00edgono de Agustinos"},"content":{"rendered":"<h5>Este lunes 17 de octubre se abre el plazo de inscripci\u00f3n para las dos jornadas de voluntariado que ser\u00e1n el 5 y el 12 de noviembre<\/h5>\n<p><!--more--><\/p>\n<p>Este oto\u00f1o el Consistorio contin\u00faa con la plantaci\u00f3n de los \u00e1rboles y arbustos que crear\u00e1n un bosque aut\u00f3ctono en el pol\u00edgono de Agustinos (Comarca 1). Si el pasado a\u00f1o total se plantaron 620 ejemplares (100 de ellos en acciones de voluntariado) y 200 arbustos en una de las tres hect\u00e1reas del futuro \u2018bosque de absorci\u00f3n\u2019, los d\u00edas 5 y 12 de noviembre el Ayuntamiento de Pamplona volver\u00e1 a requerir voluntariado que quiera implicarse en este desarrollo de ciudad que ya tiene los sellos \u2018Calculo\u2019 y \u2018Compenso\u2019, reconocimientos que definen aquellos proyectos que realizan absorci\u00f3n de di\u00f3xido de carbono en la lucha contra el cambio clim\u00e1tico.<br \/>\n<script async src=\"\/\/pagead2.googlesyndication.com\/pagead\/js\/adsbygoogle.js\"><\/script><br \/>\n<!-- Noticias La Guia de Pamplona --><br \/>\n<ins class=\"adsbygoogle\"\nstyle=\"display:block\"\ndata-ad-client=\"ca-pub-6943679897239327\"\ndata-ad-slot=\"7048180777\"\ndata-ad-format=\"auto\"><\/ins><br \/>\n<script>\n(adsbygoogle = window.adsbygoogle || []).push({});\n<\/script><\/p>\n<p>Este pr\u00f3ximo lunes se abren inscripciones para las dos convocatorias previstas. 50 personas de todas las edades podr\u00e1n participar en cada jornada de forma que, a finales de mes, la ciudadan\u00eda haya participado en la plantaci\u00f3n de aproximadamente 100 \u00e1rboles en otra hect\u00e1rea del terreno. A lo largo del invierno la Escuela Taller de Jardiner\u00eda plantar\u00e1 otros 1.700 ejemplares de roble pubescente, encinas, pino, arces, abedules, nogales y serbales, entre otras especies arb\u00f3reas y 200 arbustos, dando por terminada la plantaci\u00f3n del bosque de absorci\u00f3n.<\/p>\n<p>Esta nueva zona arbolada, dise\u00f1ada en una parcela municipal, permitir\u00e1 a la ciudad compensar una parte de las emisiones de CO<sub>2 <\/sub>que produce, mejorando su situaci\u00f3n ante el llamado efecto invernadero y luchando contra el cambio clim\u00e1tico. Adem\u00e1s, mejorar\u00e1 la calidad de vida de la ciudadan\u00eda y aumentar\u00e1 la biodiversidad rehabilitando un \u00e1rea sin uso, reduciendo la erosi\u00f3n de suelos y consiguiendo la recuperaci\u00f3n paisaj\u00edstica del entorno. La creaci\u00f3n del bosque y la consiguiente reducci\u00f3n de las emisiones de Gases de Efecto Invernadero (GEI) se enmarca dentro de la iniciativa \u2018Go Green Pamplona\u2019 y la Estrategia de Transici\u00f3n Energ\u00e9tica y Cambio Clim\u00e1tico 2030, que persigue un modelo de ciudad sostenible y descarbonizada.<\/p>\n<p>Este bosque contribuir\u00e1 tambi\u00e9n a situar Pamplona como \u2018Ciudad verde\u2019, ayudando a su imagen de ciudad sostenible, de forma que adem\u00e1s de mejorar la calidad de vida de la ciudadan\u00eda, aumente tambi\u00e9n su atractivo de cara al exterior.<br \/>\n<script async src=\"\/\/pagead2.googlesyndication.com\/pagead\/js\/adsbygoogle.js\"><\/script><br \/>\n<!-- Noticias La Guia de Pamplona --><br \/>\n<ins class=\"adsbygoogle\"\nstyle=\"display:block\"\ndata-ad-client=\"ca-pub-6943679897239327\"\ndata-ad-slot=\"7048180777\"\ndata-ad-format=\"auto\"><\/ins><br \/>\n<script>\n(adsbygoogle = window.adsbygoogle || []).push({});\n<\/script><\/p>\n<p><strong>Como apuntarse<\/strong><\/p>\n<p>Los beneficios del nuevo bosque se extender\u00e1n a toda la ciudadan\u00eda y por ello, y para que los pamploneses conozcan de primera mano el proyecto y puedan participar en su puesta en marcha, el Ayuntamiento ha organizado dos ma\u00f1anas de plantaci\u00f3n los d\u00edas 5 y 12 de noviembre. Ambas acciones se desarrollar\u00e1 de 10 a 12 horas y para participar \u00fanicamente hay que inscribirse a trav\u00e9s de un <a href=\"https:\/\/forms.office.com\/r\/bqzC6G1hag\" target=\"_blank\" rel=\"noopener\">formulario digital<\/a>, bien de forma individual, bien por grupos de hasta 5 personas.<\/p>\n<p>Las 50 plazas de cada jornada se completar\u00e1n en orden de inscripci\u00f3n. El Ayuntamiento de Pamplona proporcionar\u00e1 a las personas participantes la plantas, azadas, cubos y palas necesarias y la tierra estar\u00e1 previamente removida por medios mec\u00e1nicos para aligerar el trabajo. Quienes se animen a construir un bosque solo deber\u00e1n llevar guantes de trabajo, el agua y almuerzo que vayan a consumir y ropa adecuada para la tarea al aire libre. La jornada contar\u00e1 con la colaboraci\u00f3n de alumnado del CIE Agroforestal para dirigir la actividad.<\/p>\n<p>Para llegar al espacio de plantaci\u00f3n se puede usar la l\u00ednea 10 del transporte Urbano Comarcal (Beloso Alto-Orkoien) o bien la l\u00ednea 17 (Berriozar-Mutilva). En ambos casos desde la parada hay un corto trayecto a pie. Desde la calle Rafael Alberti de Orkoien se deber\u00e1 coger un camino peatonal de aproximadamente un kil\u00f3metro de longitud. Las personas inscritas recibir\u00e1n un correo con las instrucciones para llegar hasta la parcela de plantaci\u00f3n.<br \/>\n<script async src=\"\/\/pagead2.googlesyndication.com\/pagead\/js\/adsbygoogle.js\"><\/script><br \/>\n<!-- Noticias La Guia de Pamplona --><br \/>\n<ins class=\"adsbygoogle\"\nstyle=\"display:block\"\ndata-ad-client=\"ca-pub-6943679897239327\"\ndata-ad-slot=\"7048180777\"\ndata-ad-format=\"auto\"><\/ins><br \/>\n<script>\n(adsbygoogle = window.adsbygoogle || []).push({});\n<\/script><\/p>\n<p><strong>Un bosque \u201ccolaborativo\u201d<\/strong><\/p>\n<p>En un plazo de tres a\u00f1os el bosque permitir\u00e1 incrementar la absorci\u00f3n de di\u00f3xido de carbono en la ciudad, equilibrando la emisi\u00f3n de gases de efecto invernadero, lo que se conoce como \u2018huella de carbono\u2019. La primera hect\u00e1rea plantada ha compensado 15 toneladas de CO<sub>2<\/sub> de las emisiones, en un c\u00e1lculo conservador porque que solo tiene en cuenta el 20% del CO<sub>2<\/sub> absorbido por la plantaci\u00f3n y el 70% de los \u00e1rboles plantados, aunque la cifra se puede revisar al alza dependiendo de la evoluci\u00f3n del bosque. Con los resultados de las pr\u00f3ximas plantaciones la ciudad podr\u00e1 optar al tercer y \u00faltimo sello, el \u2018Reduzco\u2019, que reconoce la trayectoria de reducci\u00f3n de emisiones tras cuatro a\u00f1os de c\u00e1lculo.<\/p>\n<p>Atendiendo a los requisitos del proyecto de compensaci\u00f3n de emisiones este bosque est\u00e1 dotado de su propio plan de gesti\u00f3n forestal realizado con el apoyo t\u00e9cnico de la Federaci\u00f3n Espa\u00f1ola de Municipios y Provincias.<\/p>\n<p>Tambi\u00e9n trabajan en su creaci\u00f3n otros servicios y recursos municipales. Como ejemplo las 17 personas que componen el alumnado de la Escuela Taller de Jardiner\u00eda Aranzadi se han encargado estos d\u00edas de preparar las hoyas de plantaci\u00f3n para las pr\u00f3ximas jornadas, adem\u00e1s de realizar suministro de compost, el conteo y la reposici\u00f3n de marras, as\u00ed como la colocaci\u00f3n de una manta antigerminaci\u00f3n que adem\u00e1s \u2018evita\u2019 la evaporaci\u00f3n del agua del suelo. Ser\u00e1 esta escuela la que, dentro del periodo de \u2018obra social\u2019 y como parte de su aprendizaje de un oficio, se encargue de completar las dos \u00faltimas hect\u00e1reas. De esta forma al final del proceso el nuevo bosque de Pamplona bosque tendr\u00e1 aproximadamente 2.325 \u00e1rboles y 400 arbustos.<\/p>\n","protected":false},"excerpt":{"rendered":"<p>Este lunes 17 de octubre se abre el plazo de inscripci\u00f3n para las dos jornadas de voluntariado que ser\u00e1n el 5 y el 12 de noviembre<\/p>\n","protected":false},"author":1,"featured_media":41901,"comment_status":"open","ping_status":"closed","sticky":false,"template":"","format":"standard","meta":{"footnotes":""},"categories":[2],"tags":[],"class_list":["post-41900","post","type-post","status-publish","format-standard","has-post-thumbnail","hentry","category-ayuntamiento-pamplona"],"yoast_head":"<!-- This site is optimized with the Yoast SEO plugin v27.3 - https:\/\/yoast.com\/product\/yoast-seo-wordpress\/ -->\n<title>Pamplona anima a la ciudadan\u00eda a plantar el resto del bosque de absorci\u00f3n del pol\u00edgono de Agustinos<\/title>\n<meta name=\"description\" content=\"Este lunes 17 de octubre se abre el plazo de inscripci\u00f3n para las dos jornadas de voluntariado que ser\u00e1n el 5 y el 12 de noviembre\" \/>\n<meta name=\"robots\" content=\"index, follow, max-snippet:-1, max-image-preview:large, max-video-preview:-1\" \/>\n<link rel=\"canonical\" href=\"https:\/\/www.laguiadepamplona.com\/actualidad\/pamplona-anima-a-la-ciudadania-a-plantar-el-resto-del-bosque-de-absorcion-del-poligono-de-agustinos\/\" \/>\n<meta property=\"og:locale\" content=\"es_ES\" \/>\n<meta property=\"og:type\" content=\"article\" \/>\n<meta property=\"og:title\" content=\"Pamplona anima a la ciudadan\u00eda a plantar el resto del bosque de absorci\u00f3n del pol\u00edgono de Agustinos\" \/>\n<meta property=\"og:description\" content=\"Este lunes 17 de octubre se abre el plazo de inscripci\u00f3n para las dos jornadas de voluntariado que ser\u00e1n el 5 y el 12 de noviembre\" \/>\n<meta property=\"og:url\" content=\"https:\/\/www.laguiadepamplona.com\/actualidad\/pamplona-anima-a-la-ciudadania-a-plantar-el-resto-del-bosque-de-absorcion-del-poligono-de-agustinos\/\" \/>\n<meta property=\"og:site_name\" content=\"La Gu\u00eda de Pamplona\" \/>\n<meta property=\"article:publisher\" content=\"https:\/\/www.facebook.com\/laguiadepamplonacom-133175176762273\/?ref=hl\" \/>\n<meta property=\"article:published_time\" content=\"2022-10-14T11:44:43+00:00\" \/>\n<meta property=\"article:modified_time\" content=\"2023-04-11T09:47:43+00:00\" \/>\n<meta property=\"og:image\" content=\"https:\/\/www.laguiadepamplona.com\/actualidad\/wp-content\/uploads\/2022\/10\/bosque3_2-copia.webp\" \/>\n\t<meta property=\"og:image:width\" content=\"1151\" \/>\n\t<meta property=\"og:image:height\" content=\"844\" \/>\n\t<meta property=\"og:image:type\" content=\"image\/webp\" \/>\n<meta name=\"author\" content=\"La Gu\u00eda de Pamplona\" \/>\n<meta name=\"twitter:card\" content=\"summary_large_image\" \/>\n<meta name=\"twitter:creator\" content=\"@LaGuiadPamplona\" \/>\n<meta name=\"twitter:site\" content=\"@LaGuiadPamplona\" \/>\n<meta name=\"twitter:label1\" content=\"Escrito por\" \/>\n\t<meta name=\"twitter:data1\" content=\"La Gu\u00eda de Pamplona\" \/>\n\t<meta name=\"twitter:label2\" content=\"Tiempo de lectura\" \/>\n\t<meta name=\"twitter:data2\" content=\"5 minutos\" \/>\n<script type=\"application\/ld+json\" class=\"yoast-schema-graph\">{\"@context\":\"https:\\\/\\\/schema.org\",\"@graph\":[{\"@type\":\"Article\",\"@id\":\"https:\\\/\\\/www.laguiadepamplona.com\\\/actualidad\\\/pamplona-anima-a-la-ciudadania-a-plantar-el-resto-del-bosque-de-absorcion-del-poligono-de-agustinos\\\/#article\",\"isPartOf\":{\"@id\":\"https:\\\/\\\/www.laguiadepamplona.com\\\/actualidad\\\/pamplona-anima-a-la-ciudadania-a-plantar-el-resto-del-bosque-de-absorcion-del-poligono-de-agustinos\\\/\"},\"author\":{\"name\":\"La Gu\u00eda de Pamplona\",\"@id\":\"https:\\\/\\\/www.laguiadepamplona.com\\\/actualidad\\\/#\\\/schema\\\/person\\\/efe887376f0213d4657c93adc50b1fdb\"},\"headline\":\"Pamplona anima a la ciudadan\u00eda a plantar el resto del bosque de absorci\u00f3n del pol\u00edgono de Agustinos\",\"datePublished\":\"2022-10-14T11:44:43+00:00\",\"dateModified\":\"2023-04-11T09:47:43+00:00\",\"mainEntityOfPage\":{\"@id\":\"https:\\\/\\\/www.laguiadepamplona.com\\\/actualidad\\\/pamplona-anima-a-la-ciudadania-a-plantar-el-resto-del-bosque-de-absorcion-del-poligono-de-agustinos\\\/\"},\"wordCount\":960,\"commentCount\":0,\"publisher\":{\"@id\":\"https:\\\/\\\/www.laguiadepamplona.com\\\/actualidad\\\/#organization\"},\"image\":{\"@id\":\"https:\\\/\\\/www.laguiadepamplona.com\\\/actualidad\\\/pamplona-anima-a-la-ciudadania-a-plantar-el-resto-del-bosque-de-absorcion-del-poligono-de-agustinos\\\/#primaryimage\"},\"thumbnailUrl\":\"https:\\\/\\\/www.laguiadepamplona.com\\\/actualidad\\\/wp-content\\\/uploads\\\/2022\\\/10\\\/bosque3_2-copia.webp\",\"articleSection\":[\"Ayto Pamplona\"],\"inLanguage\":\"es\",\"potentialAction\":[{\"@type\":\"CommentAction\",\"name\":\"Comment\",\"target\":[\"https:\\\/\\\/www.laguiadepamplona.com\\\/actualidad\\\/pamplona-anima-a-la-ciudadania-a-plantar-el-resto-del-bosque-de-absorcion-del-poligono-de-agustinos\\\/#respond\"]}]},{\"@type\":\"WebPage\",\"@id\":\"https:\\\/\\\/www.laguiadepamplona.com\\\/actualidad\\\/pamplona-anima-a-la-ciudadania-a-plantar-el-resto-del-bosque-de-absorcion-del-poligono-de-agustinos\\\/\",\"url\":\"https:\\\/\\\/www.laguiadepamplona.com\\\/actualidad\\\/pamplona-anima-a-la-ciudadania-a-plantar-el-resto-del-bosque-de-absorcion-del-poligono-de-agustinos\\\/\",\"name\":\"Pamplona anima a la ciudadan\u00eda a plantar el resto del bosque de absorci\u00f3n del pol\u00edgono de Agustinos\",\"isPartOf\":{\"@id\":\"https:\\\/\\\/www.laguiadepamplona.com\\\/actualidad\\\/#website\"},\"primaryImageOfPage\":{\"@id\":\"https:\\\/\\\/www.laguiadepamplona.com\\\/actualidad\\\/pamplona-anima-a-la-ciudadania-a-plantar-el-resto-del-bosque-de-absorcion-del-poligono-de-agustinos\\\/#primaryimage\"},\"image\":{\"@id\":\"https:\\\/\\\/www.laguiadepamplona.com\\\/actualidad\\\/pamplona-anima-a-la-ciudadania-a-plantar-el-resto-del-bosque-de-absorcion-del-poligono-de-agustinos\\\/#primaryimage\"},\"thumbnailUrl\":\"https:\\\/\\\/www.laguiadepamplona.com\\\/actualidad\\\/wp-content\\\/uploads\\\/2022\\\/10\\\/bosque3_2-copia.webp\",\"datePublished\":\"2022-10-14T11:44:43+00:00\",\"dateModified\":\"2023-04-11T09:47:43+00:00\",\"description\":\"Este lunes 17 de octubre se abre el plazo de inscripci\u00f3n para las dos jornadas de voluntariado que ser\u00e1n el 5 y el 12 de noviembre\",\"breadcrumb\":{\"@id\":\"https:\\\/\\\/www.laguiadepamplona.com\\\/actualidad\\\/pamplona-anima-a-la-ciudadania-a-plantar-el-resto-del-bosque-de-absorcion-del-poligono-de-agustinos\\\/#breadcrumb\"},\"inLanguage\":\"es\",\"potentialAction\":[{\"@type\":\"ReadAction\",\"target\":[\"https:\\\/\\\/www.laguiadepamplona.com\\\/actualidad\\\/pamplona-anima-a-la-ciudadania-a-plantar-el-resto-del-bosque-de-absorcion-del-poligono-de-agustinos\\\/\"]}]},{\"@type\":\"ImageObject\",\"inLanguage\":\"es\",\"@id\":\"https:\\\/\\\/www.laguiadepamplona.com\\\/actualidad\\\/pamplona-anima-a-la-ciudadania-a-plantar-el-resto-del-bosque-de-absorcion-del-poligono-de-agustinos\\\/#primaryimage\",\"url\":\"https:\\\/\\\/www.laguiadepamplona.com\\\/actualidad\\\/wp-content\\\/uploads\\\/2022\\\/10\\\/bosque3_2-copia.webp\",\"contentUrl\":\"https:\\\/\\\/www.laguiadepamplona.com\\\/actualidad\\\/wp-content\\\/uploads\\\/2022\\\/10\\\/bosque3_2-copia.webp\",\"width\":1151,\"height\":844},{\"@type\":\"BreadcrumbList\",\"@id\":\"https:\\\/\\\/www.laguiadepamplona.com\\\/actualidad\\\/pamplona-anima-a-la-ciudadania-a-plantar-el-resto-del-bosque-de-absorcion-del-poligono-de-agustinos\\\/#breadcrumb\",\"itemListElement\":[{\"@type\":\"ListItem\",\"position\":1,\"name\":\"Portada\",\"item\":\"https:\\\/\\\/www.laguiadepamplona.com\\\/actualidad\\\/\"},{\"@type\":\"ListItem\",\"position\":2,\"name\":\"Pamplona anima a la ciudadan\u00eda a plantar el resto del bosque de absorci\u00f3n del pol\u00edgono de Agustinos\"}]},{\"@type\":\"WebSite\",\"@id\":\"https:\\\/\\\/www.laguiadepamplona.com\\\/actualidad\\\/#website\",\"url\":\"https:\\\/\\\/www.laguiadepamplona.com\\\/actualidad\\\/\",\"name\":\"La gu\u00eda de Pamplona\",\"description\":\"Noticias de Pamplona\",\"publisher\":{\"@id\":\"https:\\\/\\\/www.laguiadepamplona.com\\\/actualidad\\\/#organization\"},\"potentialAction\":[{\"@type\":\"SearchAction\",\"target\":{\"@type\":\"EntryPoint\",\"urlTemplate\":\"https:\\\/\\\/www.laguiadepamplona.com\\\/actualidad\\\/?s={search_term_string}\"},\"query-input\":{\"@type\":\"PropertyValueSpecification\",\"valueRequired\":true,\"valueName\":\"search_term_string\"}}],\"inLanguage\":\"es\"},{\"@type\":\"Organization\",\"@id\":\"https:\\\/\\\/www.laguiadepamplona.com\\\/actualidad\\\/#organization\",\"name\":\"La Gu\u00eda de Pamplona \\\/ Noticias\",\"url\":\"https:\\\/\\\/www.laguiadepamplona.com\\\/actualidad\\\/\",\"logo\":{\"@type\":\"ImageObject\",\"inLanguage\":\"es\",\"@id\":\"https:\\\/\\\/www.laguiadepamplona.com\\\/actualidad\\\/#\\\/schema\\\/logo\\\/image\\\/\",\"url\":\"https:\\\/\\\/www.laguiadepamplona.com\\\/actualidad\\\/wp-content\\\/uploads\\\/2018\\\/11\\\/logo-laguiadepamplona18-web1.png\",\"contentUrl\":\"https:\\\/\\\/www.laguiadepamplona.com\\\/actualidad\\\/wp-content\\\/uploads\\\/2018\\\/11\\\/logo-laguiadepamplona18-web1.png\",\"width\":600,\"height\":196,\"caption\":\"La Gu\u00eda de Pamplona \\\/ Noticias\"},\"image\":{\"@id\":\"https:\\\/\\\/www.laguiadepamplona.com\\\/actualidad\\\/#\\\/schema\\\/logo\\\/image\\\/\"},\"sameAs\":[\"https:\\\/\\\/www.facebook.com\\\/laguiadepamplonacom-133175176762273\\\/?ref=hl\",\"https:\\\/\\\/x.com\\\/LaGuiadPamplona\",\"https:\\\/\\\/www.instagram.com\\\/la_guia_de_pamplona\\\/\",\"https:\\\/\\\/www.youtube.com\\\/user\\\/laguiadepamplona\"]},{\"@type\":\"Person\",\"@id\":\"https:\\\/\\\/www.laguiadepamplona.com\\\/actualidad\\\/#\\\/schema\\\/person\\\/efe887376f0213d4657c93adc50b1fdb\",\"name\":\"La Gu\u00eda de Pamplona\",\"image\":{\"@type\":\"ImageObject\",\"inLanguage\":\"es\",\"@id\":\"https:\\\/\\\/secure.gravatar.com\\\/avatar\\\/b6992f131dc8d30ab0dff15446e9d346d9dbd95992de0fef795073f5ea83a81c?s=96&d=mm&r=g\",\"url\":\"https:\\\/\\\/secure.gravatar.com\\\/avatar\\\/b6992f131dc8d30ab0dff15446e9d346d9dbd95992de0fef795073f5ea83a81c?s=96&d=mm&r=g\",\"contentUrl\":\"https:\\\/\\\/secure.gravatar.com\\\/avatar\\\/b6992f131dc8d30ab0dff15446e9d346d9dbd95992de0fef795073f5ea83a81c?s=96&d=mm&r=g\",\"caption\":\"La Gu\u00eda de Pamplona\"}}]}<\/script>\n<!-- \/ Yoast SEO plugin. -->","yoast_head_json":{"title":"Pamplona anima a la ciudadan\u00eda a plantar el resto del bosque de absorci\u00f3n del pol\u00edgono de Agustinos","description":"Este lunes 17 de octubre se abre el plazo de inscripci\u00f3n para las dos jornadas de voluntariado que ser\u00e1n el 5 y el 12 de noviembre","robots":{"index":"index","follow":"follow","max-snippet":"max-snippet:-1","max-image-preview":"max-image-preview:large","max-video-preview":"max-video-preview:-1"},"canonical":"https:\/\/www.laguiadepamplona.com\/actualidad\/pamplona-anima-a-la-ciudadania-a-plantar-el-resto-del-bosque-de-absorcion-del-poligono-de-agustinos\/","og_locale":"es_ES","og_type":"article","og_title":"Pamplona anima a la ciudadan\u00eda a plantar el resto del bosque de absorci\u00f3n del pol\u00edgono de Agustinos","og_description":"Este lunes 17 de octubre se abre el plazo de inscripci\u00f3n para las dos jornadas de voluntariado que ser\u00e1n el 5 y el 12 de noviembre","og_url":"https:\/\/www.laguiadepamplona.com\/actualidad\/pamplona-anima-a-la-ciudadania-a-plantar-el-resto-del-bosque-de-absorcion-del-poligono-de-agustinos\/","og_site_name":"La Gu\u00eda de Pamplona","article_publisher":"https:\/\/www.facebook.com\/laguiadepamplonacom-133175176762273\/?ref=hl","article_published_time":"2022-10-14T11:44:43+00:00","article_modified_time":"2023-04-11T09:47:43+00:00","og_image":[{"width":1151,"height":844,"url":"https:\/\/www.laguiadepamplona.com\/actualidad\/wp-content\/uploads\/2022\/10\/bosque3_2-copia.webp","type":"image\/webp"}],"author":"La Gu\u00eda de Pamplona","twitter_card":"summary_large_image","twitter_creator":"@LaGuiadPamplona","twitter_site":"@LaGuiadPamplona","twitter_misc":{"Escrito por":"La Gu\u00eda de Pamplona","Tiempo de lectura":"5 minutos"},"schema":{"@context":"https:\/\/schema.org","@graph":[{"@type":"Article","@id":"https:\/\/www.laguiadepamplona.com\/actualidad\/pamplona-anima-a-la-ciudadania-a-plantar-el-resto-del-bosque-de-absorcion-del-poligono-de-agustinos\/#article","isPartOf":{"@id":"https:\/\/www.laguiadepamplona.com\/actualidad\/pamplona-anima-a-la-ciudadania-a-plantar-el-resto-del-bosque-de-absorcion-del-poligono-de-agustinos\/"},"author":{"name":"La Gu\u00eda de Pamplona","@id":"https:\/\/www.laguiadepamplona.com\/actualidad\/#\/schema\/person\/efe887376f0213d4657c93adc50b1fdb"},"headline":"Pamplona anima a la ciudadan\u00eda a plantar el resto del bosque de absorci\u00f3n del pol\u00edgono de Agustinos","datePublished":"2022-10-14T11:44:43+00:00","dateModified":"2023-04-11T09:47:43+00:00","mainEntityOfPage":{"@id":"https:\/\/www.laguiadepamplona.com\/actualidad\/pamplona-anima-a-la-ciudadania-a-plantar-el-resto-del-bosque-de-absorcion-del-poligono-de-agustinos\/"},"wordCount":960,"commentCount":0,"publisher":{"@id":"https:\/\/www.laguiadepamplona.com\/actualidad\/#organization"},"image":{"@id":"https:\/\/www.laguiadepamplona.com\/actualidad\/pamplona-anima-a-la-ciudadania-a-plantar-el-resto-del-bosque-de-absorcion-del-poligono-de-agustinos\/#primaryimage"},"thumbnailUrl":"https:\/\/www.laguiadepamplona.com\/actualidad\/wp-content\/uploads\/2022\/10\/bosque3_2-copia.webp","articleSection":["Ayto Pamplona"],"inLanguage":"es","potentialAction":[{"@type":"CommentAction","name":"Comment","target":["https:\/\/www.laguiadepamplona.com\/actualidad\/pamplona-anima-a-la-ciudadania-a-plantar-el-resto-del-bosque-de-absorcion-del-poligono-de-agustinos\/#respond"]}]},{"@type":"WebPage","@id":"https:\/\/www.laguiadepamplona.com\/actualidad\/pamplona-anima-a-la-ciudadania-a-plantar-el-resto-del-bosque-de-absorcion-del-poligono-de-agustinos\/","url":"https:\/\/www.laguiadepamplona.com\/actualidad\/pamplona-anima-a-la-ciudadania-a-plantar-el-resto-del-bosque-de-absorcion-del-poligono-de-agustinos\/","name":"Pamplona anima a la ciudadan\u00eda a plantar el resto del bosque de absorci\u00f3n del pol\u00edgono de Agustinos","isPartOf":{"@id":"https:\/\/www.laguiadepamplona.com\/actualidad\/#website"},"primaryImageOfPage":{"@id":"https:\/\/www.laguiadepamplona.com\/actualidad\/pamplona-anima-a-la-ciudadania-a-plantar-el-resto-del-bosque-de-absorcion-del-poligono-de-agustinos\/#primaryimage"},"image":{"@id":"https:\/\/www.laguiadepamplona.com\/actualidad\/pamplona-anima-a-la-ciudadania-a-plantar-el-resto-del-bosque-de-absorcion-del-poligono-de-agustinos\/#primaryimage"},"thumbnailUrl":"https:\/\/www.laguiadepamplona.com\/actualidad\/wp-content\/uploads\/2022\/10\/bosque3_2-copia.webp","datePublished":"2022-10-14T11:44:43+00:00","dateModified":"2023-04-11T09:47:43+00:00","description":"Este lunes 17 de octubre se abre el plazo de inscripci\u00f3n para las dos jornadas de voluntariado que ser\u00e1n el 5 y el 12 de noviembre","breadcrumb":{"@id":"https:\/\/www.laguiadepamplona.com\/actualidad\/pamplona-anima-a-la-ciudadania-a-plantar-el-resto-del-bosque-de-absorcion-del-poligono-de-agustinos\/#breadcrumb"},"inLanguage":"es","potentialAction":[{"@type":"ReadAction","target":["https:\/\/www.laguiadepamplona.com\/actualidad\/pamplona-anima-a-la-ciudadania-a-plantar-el-resto-del-bosque-de-absorcion-del-poligono-de-agustinos\/"]}]},{"@type":"ImageObject","inLanguage":"es","@id":"https:\/\/www.laguiadepamplona.com\/actualidad\/pamplona-anima-a-la-ciudadania-a-plantar-el-resto-del-bosque-de-absorcion-del-poligono-de-agustinos\/#primaryimage","url":"https:\/\/www.laguiadepamplona.com\/actualidad\/wp-content\/uploads\/2022\/10\/bosque3_2-copia.webp","contentUrl":"https:\/\/www.laguiadepamplona.com\/actualidad\/wp-content\/uploads\/2022\/10\/bosque3_2-copia.webp","width":1151,"height":844},{"@type":"BreadcrumbList","@id":"https:\/\/www.laguiadepamplona.com\/actualidad\/pamplona-anima-a-la-ciudadania-a-plantar-el-resto-del-bosque-de-absorcion-del-poligono-de-agustinos\/#breadcrumb","itemListElement":[{"@type":"ListItem","position":1,"name":"Portada","item":"https:\/\/www.laguiadepamplona.com\/actualidad\/"},{"@type":"ListItem","position":2,"name":"Pamplona anima a la ciudadan\u00eda a plantar el resto del bosque de absorci\u00f3n del pol\u00edgono de Agustinos"}]},{"@type":"WebSite","@id":"https:\/\/www.laguiadepamplona.com\/actualidad\/#website","url":"https:\/\/www.laguiadepamplona.com\/actualidad\/","name":"La gu\u00eda de Pamplona","description":"Noticias de Pamplona","publisher":{"@id":"https:\/\/www.laguiadepamplona.com\/actualidad\/#organization"},"potentialAction":[{"@type":"SearchAction","target":{"@type":"EntryPoint","urlTemplate":"https:\/\/www.laguiadepamplona.com\/actualidad\/?s={search_term_string}"},"query-input":{"@type":"PropertyValueSpecification","valueRequired":true,"valueName":"search_term_string"}}],"inLanguage":"es"},{"@type":"Organization","@id":"https:\/\/www.laguiadepamplona.com\/actualidad\/#organization","name":"La Gu\u00eda de Pamplona \/ Noticias","url":"https:\/\/www.laguiadepamplona.com\/actualidad\/","logo":{"@type":"ImageObject","inLanguage":"es","@id":"https:\/\/www.laguiadepamplona.com\/actualidad\/#\/schema\/logo\/image\/","url":"https:\/\/www.laguiadepamplona.com\/actualidad\/wp-content\/uploads\/2018\/11\/logo-laguiadepamplona18-web1.png","contentUrl":"https:\/\/www.laguiadepamplona.com\/actualidad\/wp-content\/uploads\/2018\/11\/logo-laguiadepamplona18-web1.png","width":600,"height":196,"caption":"La Gu\u00eda de Pamplona \/ Noticias"},"image":{"@id":"https:\/\/www.laguiadepamplona.com\/actualidad\/#\/schema\/logo\/image\/"},"sameAs":["https:\/\/www.facebook.com\/laguiadepamplonacom-133175176762273\/?ref=hl","https:\/\/x.com\/LaGuiadPamplona","https:\/\/www.instagram.com\/la_guia_de_pamplona\/","https:\/\/www.youtube.com\/user\/laguiadepamplona"]},{"@type":"Person","@id":"https:\/\/www.laguiadepamplona.com\/actualidad\/#\/schema\/person\/efe887376f0213d4657c93adc50b1fdb","name":"La Gu\u00eda de Pamplona","image":{"@type":"ImageObject","inLanguage":"es","@id":"https:\/\/secure.gravatar.com\/avatar\/b6992f131dc8d30ab0dff15446e9d346d9dbd95992de0fef795073f5ea83a81c?s=96&d=mm&r=g","url":"https:\/\/secure.gravatar.com\/avatar\/b6992f131dc8d30ab0dff15446e9d346d9dbd95992de0fef795073f5ea83a81c?s=96&d=mm&r=g","contentUrl":"https:\/\/secure.gravatar.com\/avatar\/b6992f131dc8d30ab0dff15446e9d346d9dbd95992de0fef795073f5ea83a81c?s=96&d=mm&r=g","caption":"La Gu\u00eda de Pamplona"}}]}},"post_mailing_queue_ids":[],"_links":{"self":[{"href":"https:\/\/www.laguiadepamplona.com\/actualidad\/wp-json\/wp\/v2\/posts\/41900","targetHints":{"allow":["GET"]}}],"collection":[{"href":"https:\/\/www.laguiadepamplona.com\/actualidad\/wp-json\/wp\/v2\/posts"}],"about":[{"href":"https:\/\/www.laguiadepamplona.com\/actualidad\/wp-json\/wp\/v2\/types\/post"}],"author":[{"embeddable":true,"href":"https:\/\/www.laguiadepamplona.com\/actualidad\/wp-json\/wp\/v2\/users\/1"}],"replies":[{"embeddable":true,"href":"https:\/\/www.laguiadepamplona.com\/actualidad\/wp-json\/wp\/v2\/comments?post=41900"}],"version-history":[{"count":0,"href":"https:\/\/www.laguiadepamplona.com\/actualidad\/wp-json\/wp\/v2\/posts\/41900\/revisions"}],"wp:featuredmedia":[{"embeddable":true,"href":"https:\/\/www.laguiadepamplona.com\/actualidad\/wp-json\/wp\/v2\/media\/41901"}],"wp:attachment":[{"href":"https:\/\/www.laguiadepamplona.com\/actualidad\/wp-json\/wp\/v2\/media?parent=41900"}],"wp:term":[{"taxonomy":"category","embeddable":true,"href":"https:\/\/www.laguiadepamplona.com\/actualidad\/wp-json\/wp\/v2\/categories?post=41900"},{"taxonomy":"post_tag","embeddable":true,"href":"https:\/\/www.laguiadepamplona.com\/actualidad\/wp-json\/wp\/v2\/tags?post=41900"}],"curies":[{"name":"wp","href":"https:\/\/api.w.org\/{rel}","templated":true}]}}