{"id":419,"date":"2014-02-12T13:21:20","date_gmt":"2014-02-12T12:21:20","guid":{"rendered":"http:\/\/laguiadepamplona.es\/noticias\/?p=419"},"modified":"2014-02-12T13:21:20","modified_gmt":"2014-02-12T12:21:20","slug":"%ef%bb%bfla-compania-atikus-teatro-se-sube-manana-al-escenario-de-civivox-iturrama-con-el-montaje-teatral-el-pobre-de-mi-tio-vania-basado-en-una-obra-de-chejov","status":"publish","type":"post","link":"https:\/\/www.laguiadepamplona.com\/actualidad\/%ef%bb%bfla-compania-atikus-teatro-se-sube-manana-al-escenario-de-civivox-iturrama-con-el-montaje-teatral-el-pobre-de-mi-tio-vania-basado-en-una-obra-de-chejov\/","title":{"rendered":"\ufeffLa compa\u00f1\u00eda Atikus Teatro se sube ma\u00f1ana al escenario de Civivox Iturrama con el montaje teatral \u2018El pobre de m\u00ed, T\u00edo Vania\u2019, basado en una obra de Ch\u00e9jov"},"content":{"rendered":"<h6>El espect\u00e1culo, que se enmarca en el ciclo \u2018Teatreves. Tardes de teatro\u2019, comenzar\u00e1 a las siete y media de la tarde y las entradas cuestan 6 euros<\/h6>\n<p><a href=\"http:\/\/laguiadepamplona.es\/noticias\/wp-content\/uploads\/2014\/02\/teatreves_atikus.jpg\"><img loading=\"lazy\" decoding=\"async\" class=\"alignleft size-medium wp-image-420\" alt=\"teatreves_atikus\" src=\"http:\/\/laguiadepamplona.es\/noticias\/wp-content\/uploads\/2014\/02\/teatreves_atikus-300x200.jpg\" width=\"300\" height=\"200\" \/><\/a>La compa\u00f1\u00eda Atikus Teatro pone en escena ma\u00f1ana jueves en Civivox Iturrama la obra \u2018El pobre de m\u00ed, T\u00edo Vania\u2019, un montaje basado en el texto \u2018T\u00edo Vania\u2019 del dramaturgo ruso Ant\u00f3n Ch\u00e9jov. Se trata del segundo espect\u00e1culo del ciclo \u2018Teatreves. Tardes de teatro\u2019, un espacio abierto al teatro profesional navarro en el que se mezclan diversi\u00f3n, cr\u00edtica social y vanguardia. La obra podr\u00e1 verse en el centro municipal a partir de las siete y media de la tarde y las entradas cuestan 6 euros.<\/p>\n<p>Dirigida por \u00c1ngel Sag\u00fc\u00e9s, la obra tiene como tel\u00f3n de fondo los Sanfermines, fundamentalmente el 14 de julio, d\u00eda del pobre de m\u00ed. En ese contexto, la llegada de un viejo profesor y su joven y bella mujer altera la aparente tranquilidad de una casa y la rutina de las personas que viven en ella, provocando situaciones tragic\u00f3micas de deseo, envidia, frustraci\u00f3n y vac\u00edo. Se trata de una versi\u00f3n moderna de la obra de Ch\u00e9jov, con lenguaje y situaciones reconocibles para todos (paro, desahucios, falta de escr\u00fapulos&#8230;), pero con la misma tem\u00e1tica de fondo: los seres humanos y su transformaci\u00f3n en el tiempo. En ambas obras el final es un grito de esperanza, un clamor hacia un futuro incierto pero que ofrece la posibilidad de mejorar.<\/p>\n<p>El proyecto, financiado por el Gobierno de Navarra y llevado a cabo con la colaboraci\u00f3n del teatro Gayarre, est\u00e1 adaptado a personas con dificultad auditiva mediante subt\u00edtulos. El reparto lo componen Ram\u00f3n Marco, Izaskun Mujika, Virginia Cervera, Javier Ib\u00e1\u00f1ez, Sergio de Andr\u00e9s, Nanna S\u00e1nchez y Asun Abad.<\/p>\n<p>El ciclo \u2018Teatreves\u2019 continuar\u00e1 el pr\u00f3ximo jueves d\u00eda 20 en Civivox San Jorge con \u2018El mono sabio\u2019, protagonizado por Ion Barbarin, para finalizar el jueves 27 con \u2018OnirO\u2019, obra que interpretar\u00e1 la compa\u00f1\u00eda Circus Tanzia de nuevo en Civivox Iturrama. Ambas representaciones se celebrar\u00e1n tambi\u00e9n a las siete y media de la tarde a un precio de 6 euros.<\/p>\n<div>\n<p><strong>Ciclo \u2018Teatreves. Tardes de teatro\u2019<\/strong><\/p>\n<\/div>\n<ul>\n<li><b>\u00a0\u2018El pobre de m\u00ed, T\u00edo Vania\u2019. Atikus Teatro<\/b>\n<ul>\n<li>Accesible a personas con dificultada auditiva (subt\u00edtulos)<\/li>\n<li>Jueves 13 de febrero. 19.30 horas. Civivox Iturrama<\/li>\n<\/ul>\n<\/li>\n<li><b>\u2018El mono sabio\u2019. Ion Barbarin<\/b>\n<ul>\n<li>Jueves 20 de febrero. 19.30 horas. Civivox San Jorge<\/li>\n<\/ul>\n<\/li>\n<li><b>\u2018OnirO\u2019. Circus Tanzia<\/b>\n<ul>\n<li>Jueves 27 de febrero. 19.30 horas. Civivox Iturrama<\/li>\n<\/ul>\n<\/li>\n<\/ul>\n<p>&nbsp;<\/p>\n","protected":false},"excerpt":{"rendered":"<p>El espect\u00e1culo, que se enmarca en el ciclo \u2018Teatreves. Tardes de teatro\u2019, comenzar\u00e1 a las siete y media de la tarde y las entradas cuestan 6 euros La compa\u00f1\u00eda Atikus&#8230;<\/p>\n","protected":false},"author":1,"featured_media":420,"comment_status":"open","ping_status":"open","sticky":false,"template":"","format":"standard","meta":{"footnotes":""},"categories":[2],"tags":[5,6,64,246,247,8,9,248],"class_list":["post-419","post","type-post","status-publish","format-standard","has-post-thumbnail","hentry","category-ayuntamiento-pamplona","tag-actualidad","tag-ayto-pamplona","tag-civivox-iturrama","tag-compania-atikus-teatro","tag-el-pobre-de-mi","tag-noticias","tag-pamplona","tag-tio-vania"],"yoast_head":"<!-- This site is optimized with the Yoast SEO plugin v27.5 - https:\/\/yoast.com\/product\/yoast-seo-wordpress\/ -->\n<title>\ufeffLa compa\u00f1\u00eda Atikus Teatro se sube ma\u00f1ana al escenario de Civivox Iturrama con el montaje teatral \u2018El pobre de m\u00ed, T\u00edo Vania\u2019, basado en una obra de Ch\u00e9jov<\/title>\n<meta name=\"robots\" content=\"index, follow, max-snippet:-1, max-image-preview:large, max-video-preview:-1\" \/>\n<link rel=\"canonical\" href=\"https:\/\/www.laguiadepamplona.com\/actualidad\/\ufeffla-compania-atikus-teatro-se-sube-manana-al-escenario-de-civivox-iturrama-con-el-montaje-teatral-el-pobre-de-mi-tio-vania-basado-en-una-obra-de-chejov\/\" \/>\n<meta property=\"og:locale\" content=\"es_ES\" \/>\n<meta property=\"og:type\" content=\"article\" \/>\n<meta property=\"og:title\" content=\"\ufeffLa compa\u00f1\u00eda Atikus Teatro se sube ma\u00f1ana al escenario de Civivox Iturrama con el montaje teatral \u2018El pobre de m\u00ed, T\u00edo Vania\u2019, basado en una obra de Ch\u00e9jov\" \/>\n<meta property=\"og:description\" content=\"El espect\u00e1culo, que se enmarca en el ciclo \u2018Teatreves. Tardes de teatro\u2019, comenzar\u00e1 a las siete y media de la tarde y las entradas cuestan 6 euros La compa\u00f1\u00eda Atikus...\" \/>\n<meta property=\"og:url\" content=\"https:\/\/www.laguiadepamplona.com\/actualidad\/\ufeffla-compania-atikus-teatro-se-sube-manana-al-escenario-de-civivox-iturrama-con-el-montaje-teatral-el-pobre-de-mi-tio-vania-basado-en-una-obra-de-chejov\/\" \/>\n<meta property=\"og:site_name\" content=\"La Gu\u00eda de Pamplona\" \/>\n<meta property=\"article:publisher\" content=\"https:\/\/www.facebook.com\/laguiadepamplonacom-133175176762273\/?ref=hl\" \/>\n<meta property=\"article:published_time\" content=\"2014-02-12T12:21:20+00:00\" \/>\n<meta name=\"author\" content=\"La Gu\u00eda de Pamplona\" \/>\n<meta name=\"twitter:card\" content=\"summary_large_image\" \/>\n<meta name=\"twitter:creator\" content=\"@LaGuiadPamplona\" \/>\n<meta name=\"twitter:site\" content=\"@LaGuiadPamplona\" \/>\n<meta name=\"twitter:label1\" content=\"Escrito por\" \/>\n\t<meta name=\"twitter:data1\" content=\"La Gu\u00eda de Pamplona\" \/>\n\t<meta name=\"twitter:label2\" content=\"Tiempo de lectura\" \/>\n\t<meta name=\"twitter:data2\" content=\"2 minutos\" \/>\n<script type=\"application\/ld+json\" class=\"yoast-schema-graph\">{\"@context\":\"https:\\\/\\\/schema.org\",\"@graph\":[{\"@type\":\"Article\",\"@id\":\"https:\\\/\\\/www.laguiadepamplona.com\\\/actualidad\\\/%ef%bb%bfla-compania-atikus-teatro-se-sube-manana-al-escenario-de-civivox-iturrama-con-el-montaje-teatral-el-pobre-de-mi-tio-vania-basado-en-una-obra-de-chejov\\\/#article\",\"isPartOf\":{\"@id\":\"https:\\\/\\\/www.laguiadepamplona.com\\\/actualidad\\\/%ef%bb%bfla-compania-atikus-teatro-se-sube-manana-al-escenario-de-civivox-iturrama-con-el-montaje-teatral-el-pobre-de-mi-tio-vania-basado-en-una-obra-de-chejov\\\/\"},\"author\":{\"name\":\"La Gu\u00eda de Pamplona\",\"@id\":\"https:\\\/\\\/www.laguiadepamplona.com\\\/actualidad\\\/#\\\/schema\\\/person\\\/efe887376f0213d4657c93adc50b1fdb\"},\"headline\":\"\ufeffLa compa\u00f1\u00eda Atikus Teatro se sube ma\u00f1ana al escenario de Civivox Iturrama con el montaje teatral \u2018El pobre de m\u00ed, T\u00edo Vania\u2019, basado en una obra de Ch\u00e9jov\",\"datePublished\":\"2014-02-12T12:21:20+00:00\",\"mainEntityOfPage\":{\"@id\":\"https:\\\/\\\/www.laguiadepamplona.com\\\/actualidad\\\/%ef%bb%bfla-compania-atikus-teatro-se-sube-manana-al-escenario-de-civivox-iturrama-con-el-montaje-teatral-el-pobre-de-mi-tio-vania-basado-en-una-obra-de-chejov\\\/\"},\"wordCount\":452,\"commentCount\":0,\"publisher\":{\"@id\":\"https:\\\/\\\/www.laguiadepamplona.com\\\/actualidad\\\/#organization\"},\"image\":{\"@id\":\"https:\\\/\\\/www.laguiadepamplona.com\\\/actualidad\\\/%ef%bb%bfla-compania-atikus-teatro-se-sube-manana-al-escenario-de-civivox-iturrama-con-el-montaje-teatral-el-pobre-de-mi-tio-vania-basado-en-una-obra-de-chejov\\\/#primaryimage\"},\"thumbnailUrl\":\"\",\"keywords\":[\"actualidad\",\"ayto pamplona\",\"civivox iturrama\",\"compa\u00f1\u00eda Atikus Teatro\",\"El pobre de m\u00ed\",\"noticias\",\"pamplona\",\"T\u00edo Vania\"],\"articleSection\":[\"Ayto Pamplona\"],\"inLanguage\":\"es\",\"potentialAction\":[{\"@type\":\"CommentAction\",\"name\":\"Comment\",\"target\":[\"https:\\\/\\\/www.laguiadepamplona.com\\\/actualidad\\\/%ef%bb%bfla-compania-atikus-teatro-se-sube-manana-al-escenario-de-civivox-iturrama-con-el-montaje-teatral-el-pobre-de-mi-tio-vania-basado-en-una-obra-de-chejov\\\/#respond\"]}]},{\"@type\":\"WebPage\",\"@id\":\"https:\\\/\\\/www.laguiadepamplona.com\\\/actualidad\\\/%ef%bb%bfla-compania-atikus-teatro-se-sube-manana-al-escenario-de-civivox-iturrama-con-el-montaje-teatral-el-pobre-de-mi-tio-vania-basado-en-una-obra-de-chejov\\\/\",\"url\":\"https:\\\/\\\/www.laguiadepamplona.com\\\/actualidad\\\/%ef%bb%bfla-compania-atikus-teatro-se-sube-manana-al-escenario-de-civivox-iturrama-con-el-montaje-teatral-el-pobre-de-mi-tio-vania-basado-en-una-obra-de-chejov\\\/\",\"name\":\"\ufeffLa compa\u00f1\u00eda Atikus Teatro se sube ma\u00f1ana al escenario de Civivox Iturrama con el montaje teatral \u2018El pobre de m\u00ed, T\u00edo Vania\u2019, basado en una obra de Ch\u00e9jov\",\"isPartOf\":{\"@id\":\"https:\\\/\\\/www.laguiadepamplona.com\\\/actualidad\\\/#website\"},\"primaryImageOfPage\":{\"@id\":\"https:\\\/\\\/www.laguiadepamplona.com\\\/actualidad\\\/%ef%bb%bfla-compania-atikus-teatro-se-sube-manana-al-escenario-de-civivox-iturrama-con-el-montaje-teatral-el-pobre-de-mi-tio-vania-basado-en-una-obra-de-chejov\\\/#primaryimage\"},\"image\":{\"@id\":\"https:\\\/\\\/www.laguiadepamplona.com\\\/actualidad\\\/%ef%bb%bfla-compania-atikus-teatro-se-sube-manana-al-escenario-de-civivox-iturrama-con-el-montaje-teatral-el-pobre-de-mi-tio-vania-basado-en-una-obra-de-chejov\\\/#primaryimage\"},\"thumbnailUrl\":\"\",\"datePublished\":\"2014-02-12T12:21:20+00:00\",\"breadcrumb\":{\"@id\":\"https:\\\/\\\/www.laguiadepamplona.com\\\/actualidad\\\/%ef%bb%bfla-compania-atikus-teatro-se-sube-manana-al-escenario-de-civivox-iturrama-con-el-montaje-teatral-el-pobre-de-mi-tio-vania-basado-en-una-obra-de-chejov\\\/#breadcrumb\"},\"inLanguage\":\"es\",\"potentialAction\":[{\"@type\":\"ReadAction\",\"target\":[\"https:\\\/\\\/www.laguiadepamplona.com\\\/actualidad\\\/%ef%bb%bfla-compania-atikus-teatro-se-sube-manana-al-escenario-de-civivox-iturrama-con-el-montaje-teatral-el-pobre-de-mi-tio-vania-basado-en-una-obra-de-chejov\\\/\"]}]},{\"@type\":\"ImageObject\",\"inLanguage\":\"es\",\"@id\":\"https:\\\/\\\/www.laguiadepamplona.com\\\/actualidad\\\/%ef%bb%bfla-compania-atikus-teatro-se-sube-manana-al-escenario-de-civivox-iturrama-con-el-montaje-teatral-el-pobre-de-mi-tio-vania-basado-en-una-obra-de-chejov\\\/#primaryimage\",\"url\":\"\",\"contentUrl\":\"\"},{\"@type\":\"BreadcrumbList\",\"@id\":\"https:\\\/\\\/www.laguiadepamplona.com\\\/actualidad\\\/%ef%bb%bfla-compania-atikus-teatro-se-sube-manana-al-escenario-de-civivox-iturrama-con-el-montaje-teatral-el-pobre-de-mi-tio-vania-basado-en-una-obra-de-chejov\\\/#breadcrumb\",\"itemListElement\":[{\"@type\":\"ListItem\",\"position\":1,\"name\":\"Portada\",\"item\":\"https:\\\/\\\/www.laguiadepamplona.com\\\/actualidad\\\/\"},{\"@type\":\"ListItem\",\"position\":2,\"name\":\"\ufeffLa compa\u00f1\u00eda Atikus Teatro se sube ma\u00f1ana al escenario de Civivox Iturrama con el montaje teatral \u2018El pobre de m\u00ed, T\u00edo Vania\u2019, basado en una obra de Ch\u00e9jov\"}]},{\"@type\":\"WebSite\",\"@id\":\"https:\\\/\\\/www.laguiadepamplona.com\\\/actualidad\\\/#website\",\"url\":\"https:\\\/\\\/www.laguiadepamplona.com\\\/actualidad\\\/\",\"name\":\"La gu\u00eda de Pamplona\",\"description\":\"Noticias de Pamplona\",\"publisher\":{\"@id\":\"https:\\\/\\\/www.laguiadepamplona.com\\\/actualidad\\\/#organization\"},\"potentialAction\":[{\"@type\":\"SearchAction\",\"target\":{\"@type\":\"EntryPoint\",\"urlTemplate\":\"https:\\\/\\\/www.laguiadepamplona.com\\\/actualidad\\\/?s={search_term_string}\"},\"query-input\":{\"@type\":\"PropertyValueSpecification\",\"valueRequired\":true,\"valueName\":\"search_term_string\"}}],\"inLanguage\":\"es\"},{\"@type\":\"Organization\",\"@id\":\"https:\\\/\\\/www.laguiadepamplona.com\\\/actualidad\\\/#organization\",\"name\":\"La Gu\u00eda de Pamplona \\\/ Noticias\",\"url\":\"https:\\\/\\\/www.laguiadepamplona.com\\\/actualidad\\\/\",\"logo\":{\"@type\":\"ImageObject\",\"inLanguage\":\"es\",\"@id\":\"https:\\\/\\\/www.laguiadepamplona.com\\\/actualidad\\\/#\\\/schema\\\/logo\\\/image\\\/\",\"url\":\"https:\\\/\\\/www.laguiadepamplona.com\\\/actualidad\\\/wp-content\\\/uploads\\\/2018\\\/11\\\/logo-laguiadepamplona18-web1.png\",\"contentUrl\":\"https:\\\/\\\/www.laguiadepamplona.com\\\/actualidad\\\/wp-content\\\/uploads\\\/2018\\\/11\\\/logo-laguiadepamplona18-web1.png\",\"width\":600,\"height\":196,\"caption\":\"La Gu\u00eda de Pamplona \\\/ Noticias\"},\"image\":{\"@id\":\"https:\\\/\\\/www.laguiadepamplona.com\\\/actualidad\\\/#\\\/schema\\\/logo\\\/image\\\/\"},\"sameAs\":[\"https:\\\/\\\/www.facebook.com\\\/laguiadepamplonacom-133175176762273\\\/?ref=hl\",\"https:\\\/\\\/x.com\\\/LaGuiadPamplona\",\"https:\\\/\\\/www.instagram.com\\\/la_guia_de_pamplona\\\/\",\"https:\\\/\\\/www.youtube.com\\\/user\\\/laguiadepamplona\"]},{\"@type\":\"Person\",\"@id\":\"https:\\\/\\\/www.laguiadepamplona.com\\\/actualidad\\\/#\\\/schema\\\/person\\\/efe887376f0213d4657c93adc50b1fdb\",\"name\":\"La Gu\u00eda de Pamplona\",\"image\":{\"@type\":\"ImageObject\",\"inLanguage\":\"es\",\"@id\":\"https:\\\/\\\/secure.gravatar.com\\\/avatar\\\/b6992f131dc8d30ab0dff15446e9d346d9dbd95992de0fef795073f5ea83a81c?s=96&d=mm&r=g\",\"url\":\"https:\\\/\\\/secure.gravatar.com\\\/avatar\\\/b6992f131dc8d30ab0dff15446e9d346d9dbd95992de0fef795073f5ea83a81c?s=96&d=mm&r=g\",\"contentUrl\":\"https:\\\/\\\/secure.gravatar.com\\\/avatar\\\/b6992f131dc8d30ab0dff15446e9d346d9dbd95992de0fef795073f5ea83a81c?s=96&d=mm&r=g\",\"caption\":\"La Gu\u00eda de Pamplona\"}}]}<\/script>\n<!-- \/ Yoast SEO plugin. -->","yoast_head_json":{"title":"\ufeffLa compa\u00f1\u00eda Atikus Teatro se sube ma\u00f1ana al escenario de Civivox Iturrama con el montaje teatral \u2018El pobre de m\u00ed, T\u00edo Vania\u2019, basado en una obra de Ch\u00e9jov","robots":{"index":"index","follow":"follow","max-snippet":"max-snippet:-1","max-image-preview":"max-image-preview:large","max-video-preview":"max-video-preview:-1"},"canonical":"https:\/\/www.laguiadepamplona.com\/actualidad\/\ufeffla-compania-atikus-teatro-se-sube-manana-al-escenario-de-civivox-iturrama-con-el-montaje-teatral-el-pobre-de-mi-tio-vania-basado-en-una-obra-de-chejov\/","og_locale":"es_ES","og_type":"article","og_title":"\ufeffLa compa\u00f1\u00eda Atikus Teatro se sube ma\u00f1ana al escenario de Civivox Iturrama con el montaje teatral \u2018El pobre de m\u00ed, T\u00edo Vania\u2019, basado en una obra de Ch\u00e9jov","og_description":"El espect\u00e1culo, que se enmarca en el ciclo \u2018Teatreves. Tardes de teatro\u2019, comenzar\u00e1 a las siete y media de la tarde y las entradas cuestan 6 euros La compa\u00f1\u00eda Atikus...","og_url":"https:\/\/www.laguiadepamplona.com\/actualidad\/\ufeffla-compania-atikus-teatro-se-sube-manana-al-escenario-de-civivox-iturrama-con-el-montaje-teatral-el-pobre-de-mi-tio-vania-basado-en-una-obra-de-chejov\/","og_site_name":"La Gu\u00eda de Pamplona","article_publisher":"https:\/\/www.facebook.com\/laguiadepamplonacom-133175176762273\/?ref=hl","article_published_time":"2014-02-12T12:21:20+00:00","author":"La Gu\u00eda de Pamplona","twitter_card":"summary_large_image","twitter_creator":"@LaGuiadPamplona","twitter_site":"@LaGuiadPamplona","twitter_misc":{"Escrito por":"La Gu\u00eda de Pamplona","Tiempo de lectura":"2 minutos"},"schema":{"@context":"https:\/\/schema.org","@graph":[{"@type":"Article","@id":"https:\/\/www.laguiadepamplona.com\/actualidad\/%ef%bb%bfla-compania-atikus-teatro-se-sube-manana-al-escenario-de-civivox-iturrama-con-el-montaje-teatral-el-pobre-de-mi-tio-vania-basado-en-una-obra-de-chejov\/#article","isPartOf":{"@id":"https:\/\/www.laguiadepamplona.com\/actualidad\/%ef%bb%bfla-compania-atikus-teatro-se-sube-manana-al-escenario-de-civivox-iturrama-con-el-montaje-teatral-el-pobre-de-mi-tio-vania-basado-en-una-obra-de-chejov\/"},"author":{"name":"La Gu\u00eda de Pamplona","@id":"https:\/\/www.laguiadepamplona.com\/actualidad\/#\/schema\/person\/efe887376f0213d4657c93adc50b1fdb"},"headline":"\ufeffLa compa\u00f1\u00eda Atikus Teatro se sube ma\u00f1ana al escenario de Civivox Iturrama con el montaje teatral \u2018El pobre de m\u00ed, T\u00edo Vania\u2019, basado en una obra de Ch\u00e9jov","datePublished":"2014-02-12T12:21:20+00:00","mainEntityOfPage":{"@id":"https:\/\/www.laguiadepamplona.com\/actualidad\/%ef%bb%bfla-compania-atikus-teatro-se-sube-manana-al-escenario-de-civivox-iturrama-con-el-montaje-teatral-el-pobre-de-mi-tio-vania-basado-en-una-obra-de-chejov\/"},"wordCount":452,"commentCount":0,"publisher":{"@id":"https:\/\/www.laguiadepamplona.com\/actualidad\/#organization"},"image":{"@id":"https:\/\/www.laguiadepamplona.com\/actualidad\/%ef%bb%bfla-compania-atikus-teatro-se-sube-manana-al-escenario-de-civivox-iturrama-con-el-montaje-teatral-el-pobre-de-mi-tio-vania-basado-en-una-obra-de-chejov\/#primaryimage"},"thumbnailUrl":"","keywords":["actualidad","ayto pamplona","civivox iturrama","compa\u00f1\u00eda Atikus Teatro","El pobre de m\u00ed","noticias","pamplona","T\u00edo Vania"],"articleSection":["Ayto Pamplona"],"inLanguage":"es","potentialAction":[{"@type":"CommentAction","name":"Comment","target":["https:\/\/www.laguiadepamplona.com\/actualidad\/%ef%bb%bfla-compania-atikus-teatro-se-sube-manana-al-escenario-de-civivox-iturrama-con-el-montaje-teatral-el-pobre-de-mi-tio-vania-basado-en-una-obra-de-chejov\/#respond"]}]},{"@type":"WebPage","@id":"https:\/\/www.laguiadepamplona.com\/actualidad\/%ef%bb%bfla-compania-atikus-teatro-se-sube-manana-al-escenario-de-civivox-iturrama-con-el-montaje-teatral-el-pobre-de-mi-tio-vania-basado-en-una-obra-de-chejov\/","url":"https:\/\/www.laguiadepamplona.com\/actualidad\/%ef%bb%bfla-compania-atikus-teatro-se-sube-manana-al-escenario-de-civivox-iturrama-con-el-montaje-teatral-el-pobre-de-mi-tio-vania-basado-en-una-obra-de-chejov\/","name":"\ufeffLa compa\u00f1\u00eda Atikus Teatro se sube ma\u00f1ana al escenario de Civivox Iturrama con el montaje teatral \u2018El pobre de m\u00ed, T\u00edo Vania\u2019, basado en una obra de Ch\u00e9jov","isPartOf":{"@id":"https:\/\/www.laguiadepamplona.com\/actualidad\/#website"},"primaryImageOfPage":{"@id":"https:\/\/www.laguiadepamplona.com\/actualidad\/%ef%bb%bfla-compania-atikus-teatro-se-sube-manana-al-escenario-de-civivox-iturrama-con-el-montaje-teatral-el-pobre-de-mi-tio-vania-basado-en-una-obra-de-chejov\/#primaryimage"},"image":{"@id":"https:\/\/www.laguiadepamplona.com\/actualidad\/%ef%bb%bfla-compania-atikus-teatro-se-sube-manana-al-escenario-de-civivox-iturrama-con-el-montaje-teatral-el-pobre-de-mi-tio-vania-basado-en-una-obra-de-chejov\/#primaryimage"},"thumbnailUrl":"","datePublished":"2014-02-12T12:21:20+00:00","breadcrumb":{"@id":"https:\/\/www.laguiadepamplona.com\/actualidad\/%ef%bb%bfla-compania-atikus-teatro-se-sube-manana-al-escenario-de-civivox-iturrama-con-el-montaje-teatral-el-pobre-de-mi-tio-vania-basado-en-una-obra-de-chejov\/#breadcrumb"},"inLanguage":"es","potentialAction":[{"@type":"ReadAction","target":["https:\/\/www.laguiadepamplona.com\/actualidad\/%ef%bb%bfla-compania-atikus-teatro-se-sube-manana-al-escenario-de-civivox-iturrama-con-el-montaje-teatral-el-pobre-de-mi-tio-vania-basado-en-una-obra-de-chejov\/"]}]},{"@type":"ImageObject","inLanguage":"es","@id":"https:\/\/www.laguiadepamplona.com\/actualidad\/%ef%bb%bfla-compania-atikus-teatro-se-sube-manana-al-escenario-de-civivox-iturrama-con-el-montaje-teatral-el-pobre-de-mi-tio-vania-basado-en-una-obra-de-chejov\/#primaryimage","url":"","contentUrl":""},{"@type":"BreadcrumbList","@id":"https:\/\/www.laguiadepamplona.com\/actualidad\/%ef%bb%bfla-compania-atikus-teatro-se-sube-manana-al-escenario-de-civivox-iturrama-con-el-montaje-teatral-el-pobre-de-mi-tio-vania-basado-en-una-obra-de-chejov\/#breadcrumb","itemListElement":[{"@type":"ListItem","position":1,"name":"Portada","item":"https:\/\/www.laguiadepamplona.com\/actualidad\/"},{"@type":"ListItem","position":2,"name":"\ufeffLa compa\u00f1\u00eda Atikus Teatro se sube ma\u00f1ana al escenario de Civivox Iturrama con el montaje teatral \u2018El pobre de m\u00ed, T\u00edo Vania\u2019, basado en una obra de Ch\u00e9jov"}]},{"@type":"WebSite","@id":"https:\/\/www.laguiadepamplona.com\/actualidad\/#website","url":"https:\/\/www.laguiadepamplona.com\/actualidad\/","name":"La gu\u00eda de Pamplona","description":"Noticias de Pamplona","publisher":{"@id":"https:\/\/www.laguiadepamplona.com\/actualidad\/#organization"},"potentialAction":[{"@type":"SearchAction","target":{"@type":"EntryPoint","urlTemplate":"https:\/\/www.laguiadepamplona.com\/actualidad\/?s={search_term_string}"},"query-input":{"@type":"PropertyValueSpecification","valueRequired":true,"valueName":"search_term_string"}}],"inLanguage":"es"},{"@type":"Organization","@id":"https:\/\/www.laguiadepamplona.com\/actualidad\/#organization","name":"La Gu\u00eda de Pamplona \/ Noticias","url":"https:\/\/www.laguiadepamplona.com\/actualidad\/","logo":{"@type":"ImageObject","inLanguage":"es","@id":"https:\/\/www.laguiadepamplona.com\/actualidad\/#\/schema\/logo\/image\/","url":"https:\/\/www.laguiadepamplona.com\/actualidad\/wp-content\/uploads\/2018\/11\/logo-laguiadepamplona18-web1.png","contentUrl":"https:\/\/www.laguiadepamplona.com\/actualidad\/wp-content\/uploads\/2018\/11\/logo-laguiadepamplona18-web1.png","width":600,"height":196,"caption":"La Gu\u00eda de Pamplona \/ Noticias"},"image":{"@id":"https:\/\/www.laguiadepamplona.com\/actualidad\/#\/schema\/logo\/image\/"},"sameAs":["https:\/\/www.facebook.com\/laguiadepamplonacom-133175176762273\/?ref=hl","https:\/\/x.com\/LaGuiadPamplona","https:\/\/www.instagram.com\/la_guia_de_pamplona\/","https:\/\/www.youtube.com\/user\/laguiadepamplona"]},{"@type":"Person","@id":"https:\/\/www.laguiadepamplona.com\/actualidad\/#\/schema\/person\/efe887376f0213d4657c93adc50b1fdb","name":"La Gu\u00eda de Pamplona","image":{"@type":"ImageObject","inLanguage":"es","@id":"https:\/\/secure.gravatar.com\/avatar\/b6992f131dc8d30ab0dff15446e9d346d9dbd95992de0fef795073f5ea83a81c?s=96&d=mm&r=g","url":"https:\/\/secure.gravatar.com\/avatar\/b6992f131dc8d30ab0dff15446e9d346d9dbd95992de0fef795073f5ea83a81c?s=96&d=mm&r=g","contentUrl":"https:\/\/secure.gravatar.com\/avatar\/b6992f131dc8d30ab0dff15446e9d346d9dbd95992de0fef795073f5ea83a81c?s=96&d=mm&r=g","caption":"La Gu\u00eda de Pamplona"}}]}},"post_mailing_queue_ids":[],"_links":{"self":[{"href":"https:\/\/www.laguiadepamplona.com\/actualidad\/wp-json\/wp\/v2\/posts\/419","targetHints":{"allow":["GET"]}}],"collection":[{"href":"https:\/\/www.laguiadepamplona.com\/actualidad\/wp-json\/wp\/v2\/posts"}],"about":[{"href":"https:\/\/www.laguiadepamplona.com\/actualidad\/wp-json\/wp\/v2\/types\/post"}],"author":[{"embeddable":true,"href":"https:\/\/www.laguiadepamplona.com\/actualidad\/wp-json\/wp\/v2\/users\/1"}],"replies":[{"embeddable":true,"href":"https:\/\/www.laguiadepamplona.com\/actualidad\/wp-json\/wp\/v2\/comments?post=419"}],"version-history":[{"count":0,"href":"https:\/\/www.laguiadepamplona.com\/actualidad\/wp-json\/wp\/v2\/posts\/419\/revisions"}],"wp:featuredmedia":[{"embeddable":true,"href":"https:\/\/www.laguiadepamplona.com\/actualidad\/wp-json\/"}],"wp:attachment":[{"href":"https:\/\/www.laguiadepamplona.com\/actualidad\/wp-json\/wp\/v2\/media?parent=419"}],"wp:term":[{"taxonomy":"category","embeddable":true,"href":"https:\/\/www.laguiadepamplona.com\/actualidad\/wp-json\/wp\/v2\/categories?post=419"},{"taxonomy":"post_tag","embeddable":true,"href":"https:\/\/www.laguiadepamplona.com\/actualidad\/wp-json\/wp\/v2\/tags?post=419"}],"curies":[{"name":"wp","href":"https:\/\/api.w.org\/{rel}","templated":true}]}}