{"id":41889,"date":"2022-10-13T12:03:21","date_gmt":"2022-10-13T10:03:21","guid":{"rendered":"https:\/\/www.laguiadepamplona.com\/actualidad\/?p=41889"},"modified":"2023-04-11T11:47:44","modified_gmt":"2023-04-11T09:47:44","slug":"la-fachada-del-ayuntamiento-se-ilumina-este-jueves-dia-13-en-azul-verde-amarillo-y-rosa-para-dar-visibilidad-al-dia-mundial-del-cancer-de-mama-metastasico","status":"publish","type":"post","link":"https:\/\/www.laguiadepamplona.com\/actualidad\/la-fachada-del-ayuntamiento-se-ilumina-este-jueves-dia-13-en-azul-verde-amarillo-y-rosa-para-dar-visibilidad-al-dia-mundial-del-cancer-de-mama-metastasico\/","title":{"rendered":"La fachada del Ayuntamiento se ilumina este jueves d\u00eda 13 en azul, verde, amarillo y rosa para dar visibilidad al D\u00eda Mundial del C\u00e1ncer de Mama Metast\u00e1sico"},"content":{"rendered":"<h5>Esta celebraci\u00f3n busca incrementar la investigaci\u00f3n y la financiaci\u00f3n de nuevos f\u00e1rmacos que mejoren la calidad de vida de las personas afectadas<\/h5>\n<p><!--more--><\/p>\n<p>La fachada del Ayuntamiento se ilumina este jueves d\u00eda 13 en los colores azul, verde, amarillo y rosa para contribuir a dar mayor visibilidad al c\u00e1ncer de mama metast\u00e1sico. Con motivo de la celebraci\u00f3n del d\u00eda mundial de este tipo de c\u00e1ncer, la Asociaci\u00f3n de C\u00e1ncer de Mama Metast\u00e1sico ha lanzado una campa\u00f1a para concienciar a la sociedad de las dificultades que implica vivir con esta enfermedad, primera causa de muerte de mujeres entre 35 y 50 a\u00f1os. La mayor\u00eda de las personas afectadas son mujeres, aunque tambi\u00e9n se dan casos en hombres.<br \/>\n<script async src=\"\/\/pagead2.googlesyndication.com\/pagead\/js\/adsbygoogle.js\"><\/script><br \/>\n<!-- Noticias La Guia de Pamplona --><br \/>\n<ins class=\"adsbygoogle\"\nstyle=\"display:block\"\ndata-ad-client=\"ca-pub-6943679897239327\"\ndata-ad-slot=\"7048180777\"\ndata-ad-format=\"auto\"><\/ins><br \/>\n<script>\n(adsbygoogle = window.adsbygoogle || []).push({});\n<\/script><\/p>\n<p>Para revertir esa situaci\u00f3n, la asociaci\u00f3n destaca la necesidad de fomentar la investigaci\u00f3n y la financiaci\u00f3n de nuevos f\u00e1rmacos que mejoren la calidad de vida de las personas afectadas. Los avances en los tratamientos han permitido en los \u00faltimos a\u00f1os afrontar la enfermedad en mejores condiciones y prolongar los a\u00f1os de vida. Por este motivo, las asociaciones reivindican que se incremente la financiaci\u00f3n de la investigaci\u00f3n.<\/p>\n<p>Los colores elegidos en esta campa\u00f1a son el verde, como tono de la esperanza y el triunfo de la vida; el azul turquesa, en representaci\u00f3n de la curaci\u00f3n y la espiritualidad; el amarillo, que es el color del sol y las ganas de vivir; y el rosa, color con el que se representa el origen de este tipo de c\u00e1ncer de mama. En las redes sociales, la campa\u00f1a se mueve con el hashtag #M\u00e1sInvestigaci\u00f3nParaM\u00e1sVida.<br \/>\n<script async src=\"\/\/pagead2.googlesyndication.com\/pagead\/js\/adsbygoogle.js\"><\/script><br \/>\n<!-- Noticias La Guia de Pamplona --><br \/>\n<ins class=\"adsbygoogle\"\nstyle=\"display:block\"\ndata-ad-client=\"ca-pub-6943679897239327\"\ndata-ad-slot=\"7048180777\"\ndata-ad-format=\"auto\"><\/ins><br \/>\n<script>\n(adsbygoogle = window.adsbygoogle || []).push({});\n<\/script><\/p>\n<p>La Asociaci\u00f3n Espa\u00f1ola C\u00e1ncer de Mama Metast\u00e1sico surgi\u00f3 a iniciativa de un grupo de personas afectadas por la enfermedad para dar visibilidad a su dolencia, empoderar a las pacientes con informaci\u00f3n y fomentar la investigaci\u00f3n para lograr la cronificaci\u00f3n y la curaci\u00f3n de este tipo de c\u00e1ncer.<\/p>\n","protected":false},"excerpt":{"rendered":"<p>Esta celebraci\u00f3n busca incrementar la investigaci\u00f3n y la financiaci\u00f3n de nuevos f\u00e1rmacos que mejoren la calidad de vida de las personas afectadas<\/p>\n","protected":false},"author":1,"featured_media":41287,"comment_status":"open","ping_status":"closed","sticky":false,"template":"","format":"standard","meta":{"footnotes":""},"categories":[2],"tags":[],"class_list":["post-41889","post","type-post","status-publish","format-standard","has-post-thumbnail","hentry","category-ayuntamiento-pamplona"],"yoast_head":"<!-- This site is optimized with the Yoast SEO plugin v27.3 - https:\/\/yoast.com\/product\/yoast-seo-wordpress\/ -->\n<title>La fachada del Ayuntamiento se ilumina este jueves d\u00eda 13 en azul, verde, amarillo y rosa para dar visibilidad al D\u00eda Mundial del C\u00e1ncer de Mama Metast\u00e1sico<\/title>\n<meta name=\"description\" content=\"Esta celebraci\u00f3n busca incrementar la investigaci\u00f3n y la financiaci\u00f3n de nuevos f\u00e1rmacos que mejoren la calidad de vida de las personas afectadas\" \/>\n<meta name=\"robots\" content=\"index, follow, max-snippet:-1, max-image-preview:large, max-video-preview:-1\" \/>\n<link rel=\"canonical\" href=\"https:\/\/www.laguiadepamplona.com\/actualidad\/la-fachada-del-ayuntamiento-se-ilumina-este-jueves-dia-13-en-azul-verde-amarillo-y-rosa-para-dar-visibilidad-al-dia-mundial-del-cancer-de-mama-metastasico\/\" \/>\n<meta property=\"og:locale\" content=\"es_ES\" \/>\n<meta property=\"og:type\" content=\"article\" \/>\n<meta property=\"og:title\" content=\"La fachada del Ayuntamiento se ilumina este jueves d\u00eda 13 en azul, verde, amarillo y rosa para dar visibilidad al D\u00eda Mundial del C\u00e1ncer de Mama Metast\u00e1sico\" \/>\n<meta property=\"og:description\" content=\"Esta celebraci\u00f3n busca incrementar la investigaci\u00f3n y la financiaci\u00f3n de nuevos f\u00e1rmacos que mejoren la calidad de vida de las personas afectadas\" \/>\n<meta property=\"og:url\" content=\"https:\/\/www.laguiadepamplona.com\/actualidad\/la-fachada-del-ayuntamiento-se-ilumina-este-jueves-dia-13-en-azul-verde-amarillo-y-rosa-para-dar-visibilidad-al-dia-mundial-del-cancer-de-mama-metastasico\/\" \/>\n<meta property=\"og:site_name\" content=\"La Gu\u00eda de Pamplona\" \/>\n<meta property=\"article:publisher\" content=\"https:\/\/www.facebook.com\/laguiadepamplonacom-133175176762273\/?ref=hl\" \/>\n<meta property=\"article:published_time\" content=\"2022-10-13T10:03:21+00:00\" \/>\n<meta property=\"article:modified_time\" content=\"2023-04-11T09:47:44+00:00\" \/>\n<meta property=\"og:image\" content=\"https:\/\/www.laguiadepamplona.com\/actualidad\/wp-content\/uploads\/2022\/08\/fachadaazulverde7956.webp\" \/>\n\t<meta property=\"og:image:width\" content=\"1920\" \/>\n\t<meta property=\"og:image:height\" content=\"1280\" \/>\n\t<meta property=\"og:image:type\" content=\"image\/webp\" \/>\n<meta name=\"author\" content=\"La Gu\u00eda de Pamplona\" \/>\n<meta name=\"twitter:card\" content=\"summary_large_image\" \/>\n<meta name=\"twitter:creator\" content=\"@LaGuiadPamplona\" \/>\n<meta name=\"twitter:site\" content=\"@LaGuiadPamplona\" \/>\n<meta name=\"twitter:label1\" content=\"Escrito por\" \/>\n\t<meta name=\"twitter:data1\" content=\"La Gu\u00eda de Pamplona\" \/>\n\t<meta name=\"twitter:label2\" content=\"Tiempo de lectura\" \/>\n\t<meta name=\"twitter:data2\" content=\"2 minutos\" \/>\n<script type=\"application\/ld+json\" class=\"yoast-schema-graph\">{\"@context\":\"https:\\\/\\\/schema.org\",\"@graph\":[{\"@type\":\"Article\",\"@id\":\"https:\\\/\\\/www.laguiadepamplona.com\\\/actualidad\\\/la-fachada-del-ayuntamiento-se-ilumina-este-jueves-dia-13-en-azul-verde-amarillo-y-rosa-para-dar-visibilidad-al-dia-mundial-del-cancer-de-mama-metastasico\\\/#article\",\"isPartOf\":{\"@id\":\"https:\\\/\\\/www.laguiadepamplona.com\\\/actualidad\\\/la-fachada-del-ayuntamiento-se-ilumina-este-jueves-dia-13-en-azul-verde-amarillo-y-rosa-para-dar-visibilidad-al-dia-mundial-del-cancer-de-mama-metastasico\\\/\"},\"author\":{\"name\":\"La Gu\u00eda de Pamplona\",\"@id\":\"https:\\\/\\\/www.laguiadepamplona.com\\\/actualidad\\\/#\\\/schema\\\/person\\\/efe887376f0213d4657c93adc50b1fdb\"},\"headline\":\"La fachada del Ayuntamiento se ilumina este jueves d\u00eda 13 en azul, verde, amarillo y rosa para dar visibilidad al D\u00eda Mundial del C\u00e1ncer de Mama Metast\u00e1sico\",\"datePublished\":\"2022-10-13T10:03:21+00:00\",\"dateModified\":\"2023-04-11T09:47:44+00:00\",\"mainEntityOfPage\":{\"@id\":\"https:\\\/\\\/www.laguiadepamplona.com\\\/actualidad\\\/la-fachada-del-ayuntamiento-se-ilumina-este-jueves-dia-13-en-azul-verde-amarillo-y-rosa-para-dar-visibilidad-al-dia-mundial-del-cancer-de-mama-metastasico\\\/\"},\"wordCount\":372,\"commentCount\":0,\"publisher\":{\"@id\":\"https:\\\/\\\/www.laguiadepamplona.com\\\/actualidad\\\/#organization\"},\"image\":{\"@id\":\"https:\\\/\\\/www.laguiadepamplona.com\\\/actualidad\\\/la-fachada-del-ayuntamiento-se-ilumina-este-jueves-dia-13-en-azul-verde-amarillo-y-rosa-para-dar-visibilidad-al-dia-mundial-del-cancer-de-mama-metastasico\\\/#primaryimage\"},\"thumbnailUrl\":\"https:\\\/\\\/www.laguiadepamplona.com\\\/actualidad\\\/wp-content\\\/uploads\\\/2022\\\/08\\\/fachadaazulverde7956.webp\",\"articleSection\":[\"Ayto Pamplona\"],\"inLanguage\":\"es\",\"potentialAction\":[{\"@type\":\"CommentAction\",\"name\":\"Comment\",\"target\":[\"https:\\\/\\\/www.laguiadepamplona.com\\\/actualidad\\\/la-fachada-del-ayuntamiento-se-ilumina-este-jueves-dia-13-en-azul-verde-amarillo-y-rosa-para-dar-visibilidad-al-dia-mundial-del-cancer-de-mama-metastasico\\\/#respond\"]}]},{\"@type\":\"WebPage\",\"@id\":\"https:\\\/\\\/www.laguiadepamplona.com\\\/actualidad\\\/la-fachada-del-ayuntamiento-se-ilumina-este-jueves-dia-13-en-azul-verde-amarillo-y-rosa-para-dar-visibilidad-al-dia-mundial-del-cancer-de-mama-metastasico\\\/\",\"url\":\"https:\\\/\\\/www.laguiadepamplona.com\\\/actualidad\\\/la-fachada-del-ayuntamiento-se-ilumina-este-jueves-dia-13-en-azul-verde-amarillo-y-rosa-para-dar-visibilidad-al-dia-mundial-del-cancer-de-mama-metastasico\\\/\",\"name\":\"La fachada del Ayuntamiento se ilumina este jueves d\u00eda 13 en azul, verde, amarillo y rosa para dar visibilidad al D\u00eda Mundial del C\u00e1ncer de Mama Metast\u00e1sico\",\"isPartOf\":{\"@id\":\"https:\\\/\\\/www.laguiadepamplona.com\\\/actualidad\\\/#website\"},\"primaryImageOfPage\":{\"@id\":\"https:\\\/\\\/www.laguiadepamplona.com\\\/actualidad\\\/la-fachada-del-ayuntamiento-se-ilumina-este-jueves-dia-13-en-azul-verde-amarillo-y-rosa-para-dar-visibilidad-al-dia-mundial-del-cancer-de-mama-metastasico\\\/#primaryimage\"},\"image\":{\"@id\":\"https:\\\/\\\/www.laguiadepamplona.com\\\/actualidad\\\/la-fachada-del-ayuntamiento-se-ilumina-este-jueves-dia-13-en-azul-verde-amarillo-y-rosa-para-dar-visibilidad-al-dia-mundial-del-cancer-de-mama-metastasico\\\/#primaryimage\"},\"thumbnailUrl\":\"https:\\\/\\\/www.laguiadepamplona.com\\\/actualidad\\\/wp-content\\\/uploads\\\/2022\\\/08\\\/fachadaazulverde7956.webp\",\"datePublished\":\"2022-10-13T10:03:21+00:00\",\"dateModified\":\"2023-04-11T09:47:44+00:00\",\"description\":\"Esta celebraci\u00f3n busca incrementar la investigaci\u00f3n y la financiaci\u00f3n de nuevos f\u00e1rmacos que mejoren la calidad de vida de las personas afectadas\",\"breadcrumb\":{\"@id\":\"https:\\\/\\\/www.laguiadepamplona.com\\\/actualidad\\\/la-fachada-del-ayuntamiento-se-ilumina-este-jueves-dia-13-en-azul-verde-amarillo-y-rosa-para-dar-visibilidad-al-dia-mundial-del-cancer-de-mama-metastasico\\\/#breadcrumb\"},\"inLanguage\":\"es\",\"potentialAction\":[{\"@type\":\"ReadAction\",\"target\":[\"https:\\\/\\\/www.laguiadepamplona.com\\\/actualidad\\\/la-fachada-del-ayuntamiento-se-ilumina-este-jueves-dia-13-en-azul-verde-amarillo-y-rosa-para-dar-visibilidad-al-dia-mundial-del-cancer-de-mama-metastasico\\\/\"]}]},{\"@type\":\"ImageObject\",\"inLanguage\":\"es\",\"@id\":\"https:\\\/\\\/www.laguiadepamplona.com\\\/actualidad\\\/la-fachada-del-ayuntamiento-se-ilumina-este-jueves-dia-13-en-azul-verde-amarillo-y-rosa-para-dar-visibilidad-al-dia-mundial-del-cancer-de-mama-metastasico\\\/#primaryimage\",\"url\":\"https:\\\/\\\/www.laguiadepamplona.com\\\/actualidad\\\/wp-content\\\/uploads\\\/2022\\\/08\\\/fachadaazulverde7956.webp\",\"contentUrl\":\"https:\\\/\\\/www.laguiadepamplona.com\\\/actualidad\\\/wp-content\\\/uploads\\\/2022\\\/08\\\/fachadaazulverde7956.webp\",\"width\":1920,\"height\":1280},{\"@type\":\"BreadcrumbList\",\"@id\":\"https:\\\/\\\/www.laguiadepamplona.com\\\/actualidad\\\/la-fachada-del-ayuntamiento-se-ilumina-este-jueves-dia-13-en-azul-verde-amarillo-y-rosa-para-dar-visibilidad-al-dia-mundial-del-cancer-de-mama-metastasico\\\/#breadcrumb\",\"itemListElement\":[{\"@type\":\"ListItem\",\"position\":1,\"name\":\"Portada\",\"item\":\"https:\\\/\\\/www.laguiadepamplona.com\\\/actualidad\\\/\"},{\"@type\":\"ListItem\",\"position\":2,\"name\":\"La fachada del Ayuntamiento se ilumina este jueves d\u00eda 13 en azul, verde, amarillo y rosa para dar visibilidad al D\u00eda Mundial del C\u00e1ncer de Mama Metast\u00e1sico\"}]},{\"@type\":\"WebSite\",\"@id\":\"https:\\\/\\\/www.laguiadepamplona.com\\\/actualidad\\\/#website\",\"url\":\"https:\\\/\\\/www.laguiadepamplona.com\\\/actualidad\\\/\",\"name\":\"La gu\u00eda de Pamplona\",\"description\":\"Noticias de Pamplona\",\"publisher\":{\"@id\":\"https:\\\/\\\/www.laguiadepamplona.com\\\/actualidad\\\/#organization\"},\"potentialAction\":[{\"@type\":\"SearchAction\",\"target\":{\"@type\":\"EntryPoint\",\"urlTemplate\":\"https:\\\/\\\/www.laguiadepamplona.com\\\/actualidad\\\/?s={search_term_string}\"},\"query-input\":{\"@type\":\"PropertyValueSpecification\",\"valueRequired\":true,\"valueName\":\"search_term_string\"}}],\"inLanguage\":\"es\"},{\"@type\":\"Organization\",\"@id\":\"https:\\\/\\\/www.laguiadepamplona.com\\\/actualidad\\\/#organization\",\"name\":\"La Gu\u00eda de Pamplona \\\/ Noticias\",\"url\":\"https:\\\/\\\/www.laguiadepamplona.com\\\/actualidad\\\/\",\"logo\":{\"@type\":\"ImageObject\",\"inLanguage\":\"es\",\"@id\":\"https:\\\/\\\/www.laguiadepamplona.com\\\/actualidad\\\/#\\\/schema\\\/logo\\\/image\\\/\",\"url\":\"https:\\\/\\\/www.laguiadepamplona.com\\\/actualidad\\\/wp-content\\\/uploads\\\/2018\\\/11\\\/logo-laguiadepamplona18-web1.png\",\"contentUrl\":\"https:\\\/\\\/www.laguiadepamplona.com\\\/actualidad\\\/wp-content\\\/uploads\\\/2018\\\/11\\\/logo-laguiadepamplona18-web1.png\",\"width\":600,\"height\":196,\"caption\":\"La Gu\u00eda de Pamplona \\\/ Noticias\"},\"image\":{\"@id\":\"https:\\\/\\\/www.laguiadepamplona.com\\\/actualidad\\\/#\\\/schema\\\/logo\\\/image\\\/\"},\"sameAs\":[\"https:\\\/\\\/www.facebook.com\\\/laguiadepamplonacom-133175176762273\\\/?ref=hl\",\"https:\\\/\\\/x.com\\\/LaGuiadPamplona\",\"https:\\\/\\\/www.instagram.com\\\/la_guia_de_pamplona\\\/\",\"https:\\\/\\\/www.youtube.com\\\/user\\\/laguiadepamplona\"]},{\"@type\":\"Person\",\"@id\":\"https:\\\/\\\/www.laguiadepamplona.com\\\/actualidad\\\/#\\\/schema\\\/person\\\/efe887376f0213d4657c93adc50b1fdb\",\"name\":\"La Gu\u00eda de Pamplona\",\"image\":{\"@type\":\"ImageObject\",\"inLanguage\":\"es\",\"@id\":\"https:\\\/\\\/secure.gravatar.com\\\/avatar\\\/b6992f131dc8d30ab0dff15446e9d346d9dbd95992de0fef795073f5ea83a81c?s=96&d=mm&r=g\",\"url\":\"https:\\\/\\\/secure.gravatar.com\\\/avatar\\\/b6992f131dc8d30ab0dff15446e9d346d9dbd95992de0fef795073f5ea83a81c?s=96&d=mm&r=g\",\"contentUrl\":\"https:\\\/\\\/secure.gravatar.com\\\/avatar\\\/b6992f131dc8d30ab0dff15446e9d346d9dbd95992de0fef795073f5ea83a81c?s=96&d=mm&r=g\",\"caption\":\"La Gu\u00eda de Pamplona\"}}]}<\/script>\n<!-- \/ Yoast SEO plugin. -->","yoast_head_json":{"title":"La fachada del Ayuntamiento se ilumina este jueves d\u00eda 13 en azul, verde, amarillo y rosa para dar visibilidad al D\u00eda Mundial del C\u00e1ncer de Mama Metast\u00e1sico","description":"Esta celebraci\u00f3n busca incrementar la investigaci\u00f3n y la financiaci\u00f3n de nuevos f\u00e1rmacos que mejoren la calidad de vida de las personas afectadas","robots":{"index":"index","follow":"follow","max-snippet":"max-snippet:-1","max-image-preview":"max-image-preview:large","max-video-preview":"max-video-preview:-1"},"canonical":"https:\/\/www.laguiadepamplona.com\/actualidad\/la-fachada-del-ayuntamiento-se-ilumina-este-jueves-dia-13-en-azul-verde-amarillo-y-rosa-para-dar-visibilidad-al-dia-mundial-del-cancer-de-mama-metastasico\/","og_locale":"es_ES","og_type":"article","og_title":"La fachada del Ayuntamiento se ilumina este jueves d\u00eda 13 en azul, verde, amarillo y rosa para dar visibilidad al D\u00eda Mundial del C\u00e1ncer de Mama Metast\u00e1sico","og_description":"Esta celebraci\u00f3n busca incrementar la investigaci\u00f3n y la financiaci\u00f3n de nuevos f\u00e1rmacos que mejoren la calidad de vida de las personas afectadas","og_url":"https:\/\/www.laguiadepamplona.com\/actualidad\/la-fachada-del-ayuntamiento-se-ilumina-este-jueves-dia-13-en-azul-verde-amarillo-y-rosa-para-dar-visibilidad-al-dia-mundial-del-cancer-de-mama-metastasico\/","og_site_name":"La Gu\u00eda de Pamplona","article_publisher":"https:\/\/www.facebook.com\/laguiadepamplonacom-133175176762273\/?ref=hl","article_published_time":"2022-10-13T10:03:21+00:00","article_modified_time":"2023-04-11T09:47:44+00:00","og_image":[{"width":1920,"height":1280,"url":"https:\/\/www.laguiadepamplona.com\/actualidad\/wp-content\/uploads\/2022\/08\/fachadaazulverde7956.webp","type":"image\/webp"}],"author":"La Gu\u00eda de Pamplona","twitter_card":"summary_large_image","twitter_creator":"@LaGuiadPamplona","twitter_site":"@LaGuiadPamplona","twitter_misc":{"Escrito por":"La Gu\u00eda de Pamplona","Tiempo de lectura":"2 minutos"},"schema":{"@context":"https:\/\/schema.org","@graph":[{"@type":"Article","@id":"https:\/\/www.laguiadepamplona.com\/actualidad\/la-fachada-del-ayuntamiento-se-ilumina-este-jueves-dia-13-en-azul-verde-amarillo-y-rosa-para-dar-visibilidad-al-dia-mundial-del-cancer-de-mama-metastasico\/#article","isPartOf":{"@id":"https:\/\/www.laguiadepamplona.com\/actualidad\/la-fachada-del-ayuntamiento-se-ilumina-este-jueves-dia-13-en-azul-verde-amarillo-y-rosa-para-dar-visibilidad-al-dia-mundial-del-cancer-de-mama-metastasico\/"},"author":{"name":"La Gu\u00eda de Pamplona","@id":"https:\/\/www.laguiadepamplona.com\/actualidad\/#\/schema\/person\/efe887376f0213d4657c93adc50b1fdb"},"headline":"La fachada del Ayuntamiento se ilumina este jueves d\u00eda 13 en azul, verde, amarillo y rosa para dar visibilidad al D\u00eda Mundial del C\u00e1ncer de Mama Metast\u00e1sico","datePublished":"2022-10-13T10:03:21+00:00","dateModified":"2023-04-11T09:47:44+00:00","mainEntityOfPage":{"@id":"https:\/\/www.laguiadepamplona.com\/actualidad\/la-fachada-del-ayuntamiento-se-ilumina-este-jueves-dia-13-en-azul-verde-amarillo-y-rosa-para-dar-visibilidad-al-dia-mundial-del-cancer-de-mama-metastasico\/"},"wordCount":372,"commentCount":0,"publisher":{"@id":"https:\/\/www.laguiadepamplona.com\/actualidad\/#organization"},"image":{"@id":"https:\/\/www.laguiadepamplona.com\/actualidad\/la-fachada-del-ayuntamiento-se-ilumina-este-jueves-dia-13-en-azul-verde-amarillo-y-rosa-para-dar-visibilidad-al-dia-mundial-del-cancer-de-mama-metastasico\/#primaryimage"},"thumbnailUrl":"https:\/\/www.laguiadepamplona.com\/actualidad\/wp-content\/uploads\/2022\/08\/fachadaazulverde7956.webp","articleSection":["Ayto Pamplona"],"inLanguage":"es","potentialAction":[{"@type":"CommentAction","name":"Comment","target":["https:\/\/www.laguiadepamplona.com\/actualidad\/la-fachada-del-ayuntamiento-se-ilumina-este-jueves-dia-13-en-azul-verde-amarillo-y-rosa-para-dar-visibilidad-al-dia-mundial-del-cancer-de-mama-metastasico\/#respond"]}]},{"@type":"WebPage","@id":"https:\/\/www.laguiadepamplona.com\/actualidad\/la-fachada-del-ayuntamiento-se-ilumina-este-jueves-dia-13-en-azul-verde-amarillo-y-rosa-para-dar-visibilidad-al-dia-mundial-del-cancer-de-mama-metastasico\/","url":"https:\/\/www.laguiadepamplona.com\/actualidad\/la-fachada-del-ayuntamiento-se-ilumina-este-jueves-dia-13-en-azul-verde-amarillo-y-rosa-para-dar-visibilidad-al-dia-mundial-del-cancer-de-mama-metastasico\/","name":"La fachada del Ayuntamiento se ilumina este jueves d\u00eda 13 en azul, verde, amarillo y rosa para dar visibilidad al D\u00eda Mundial del C\u00e1ncer de Mama Metast\u00e1sico","isPartOf":{"@id":"https:\/\/www.laguiadepamplona.com\/actualidad\/#website"},"primaryImageOfPage":{"@id":"https:\/\/www.laguiadepamplona.com\/actualidad\/la-fachada-del-ayuntamiento-se-ilumina-este-jueves-dia-13-en-azul-verde-amarillo-y-rosa-para-dar-visibilidad-al-dia-mundial-del-cancer-de-mama-metastasico\/#primaryimage"},"image":{"@id":"https:\/\/www.laguiadepamplona.com\/actualidad\/la-fachada-del-ayuntamiento-se-ilumina-este-jueves-dia-13-en-azul-verde-amarillo-y-rosa-para-dar-visibilidad-al-dia-mundial-del-cancer-de-mama-metastasico\/#primaryimage"},"thumbnailUrl":"https:\/\/www.laguiadepamplona.com\/actualidad\/wp-content\/uploads\/2022\/08\/fachadaazulverde7956.webp","datePublished":"2022-10-13T10:03:21+00:00","dateModified":"2023-04-11T09:47:44+00:00","description":"Esta celebraci\u00f3n busca incrementar la investigaci\u00f3n y la financiaci\u00f3n de nuevos f\u00e1rmacos que mejoren la calidad de vida de las personas afectadas","breadcrumb":{"@id":"https:\/\/www.laguiadepamplona.com\/actualidad\/la-fachada-del-ayuntamiento-se-ilumina-este-jueves-dia-13-en-azul-verde-amarillo-y-rosa-para-dar-visibilidad-al-dia-mundial-del-cancer-de-mama-metastasico\/#breadcrumb"},"inLanguage":"es","potentialAction":[{"@type":"ReadAction","target":["https:\/\/www.laguiadepamplona.com\/actualidad\/la-fachada-del-ayuntamiento-se-ilumina-este-jueves-dia-13-en-azul-verde-amarillo-y-rosa-para-dar-visibilidad-al-dia-mundial-del-cancer-de-mama-metastasico\/"]}]},{"@type":"ImageObject","inLanguage":"es","@id":"https:\/\/www.laguiadepamplona.com\/actualidad\/la-fachada-del-ayuntamiento-se-ilumina-este-jueves-dia-13-en-azul-verde-amarillo-y-rosa-para-dar-visibilidad-al-dia-mundial-del-cancer-de-mama-metastasico\/#primaryimage","url":"https:\/\/www.laguiadepamplona.com\/actualidad\/wp-content\/uploads\/2022\/08\/fachadaazulverde7956.webp","contentUrl":"https:\/\/www.laguiadepamplona.com\/actualidad\/wp-content\/uploads\/2022\/08\/fachadaazulverde7956.webp","width":1920,"height":1280},{"@type":"BreadcrumbList","@id":"https:\/\/www.laguiadepamplona.com\/actualidad\/la-fachada-del-ayuntamiento-se-ilumina-este-jueves-dia-13-en-azul-verde-amarillo-y-rosa-para-dar-visibilidad-al-dia-mundial-del-cancer-de-mama-metastasico\/#breadcrumb","itemListElement":[{"@type":"ListItem","position":1,"name":"Portada","item":"https:\/\/www.laguiadepamplona.com\/actualidad\/"},{"@type":"ListItem","position":2,"name":"La fachada del Ayuntamiento se ilumina este jueves d\u00eda 13 en azul, verde, amarillo y rosa para dar visibilidad al D\u00eda Mundial del C\u00e1ncer de Mama Metast\u00e1sico"}]},{"@type":"WebSite","@id":"https:\/\/www.laguiadepamplona.com\/actualidad\/#website","url":"https:\/\/www.laguiadepamplona.com\/actualidad\/","name":"La gu\u00eda de Pamplona","description":"Noticias de Pamplona","publisher":{"@id":"https:\/\/www.laguiadepamplona.com\/actualidad\/#organization"},"potentialAction":[{"@type":"SearchAction","target":{"@type":"EntryPoint","urlTemplate":"https:\/\/www.laguiadepamplona.com\/actualidad\/?s={search_term_string}"},"query-input":{"@type":"PropertyValueSpecification","valueRequired":true,"valueName":"search_term_string"}}],"inLanguage":"es"},{"@type":"Organization","@id":"https:\/\/www.laguiadepamplona.com\/actualidad\/#organization","name":"La Gu\u00eda de Pamplona \/ Noticias","url":"https:\/\/www.laguiadepamplona.com\/actualidad\/","logo":{"@type":"ImageObject","inLanguage":"es","@id":"https:\/\/www.laguiadepamplona.com\/actualidad\/#\/schema\/logo\/image\/","url":"https:\/\/www.laguiadepamplona.com\/actualidad\/wp-content\/uploads\/2018\/11\/logo-laguiadepamplona18-web1.png","contentUrl":"https:\/\/www.laguiadepamplona.com\/actualidad\/wp-content\/uploads\/2018\/11\/logo-laguiadepamplona18-web1.png","width":600,"height":196,"caption":"La Gu\u00eda de Pamplona \/ Noticias"},"image":{"@id":"https:\/\/www.laguiadepamplona.com\/actualidad\/#\/schema\/logo\/image\/"},"sameAs":["https:\/\/www.facebook.com\/laguiadepamplonacom-133175176762273\/?ref=hl","https:\/\/x.com\/LaGuiadPamplona","https:\/\/www.instagram.com\/la_guia_de_pamplona\/","https:\/\/www.youtube.com\/user\/laguiadepamplona"]},{"@type":"Person","@id":"https:\/\/www.laguiadepamplona.com\/actualidad\/#\/schema\/person\/efe887376f0213d4657c93adc50b1fdb","name":"La Gu\u00eda de Pamplona","image":{"@type":"ImageObject","inLanguage":"es","@id":"https:\/\/secure.gravatar.com\/avatar\/b6992f131dc8d30ab0dff15446e9d346d9dbd95992de0fef795073f5ea83a81c?s=96&d=mm&r=g","url":"https:\/\/secure.gravatar.com\/avatar\/b6992f131dc8d30ab0dff15446e9d346d9dbd95992de0fef795073f5ea83a81c?s=96&d=mm&r=g","contentUrl":"https:\/\/secure.gravatar.com\/avatar\/b6992f131dc8d30ab0dff15446e9d346d9dbd95992de0fef795073f5ea83a81c?s=96&d=mm&r=g","caption":"La Gu\u00eda de Pamplona"}}]}},"post_mailing_queue_ids":[],"_links":{"self":[{"href":"https:\/\/www.laguiadepamplona.com\/actualidad\/wp-json\/wp\/v2\/posts\/41889","targetHints":{"allow":["GET"]}}],"collection":[{"href":"https:\/\/www.laguiadepamplona.com\/actualidad\/wp-json\/wp\/v2\/posts"}],"about":[{"href":"https:\/\/www.laguiadepamplona.com\/actualidad\/wp-json\/wp\/v2\/types\/post"}],"author":[{"embeddable":true,"href":"https:\/\/www.laguiadepamplona.com\/actualidad\/wp-json\/wp\/v2\/users\/1"}],"replies":[{"embeddable":true,"href":"https:\/\/www.laguiadepamplona.com\/actualidad\/wp-json\/wp\/v2\/comments?post=41889"}],"version-history":[{"count":0,"href":"https:\/\/www.laguiadepamplona.com\/actualidad\/wp-json\/wp\/v2\/posts\/41889\/revisions"}],"wp:featuredmedia":[{"embeddable":true,"href":"https:\/\/www.laguiadepamplona.com\/actualidad\/wp-json\/wp\/v2\/media\/41287"}],"wp:attachment":[{"href":"https:\/\/www.laguiadepamplona.com\/actualidad\/wp-json\/wp\/v2\/media?parent=41889"}],"wp:term":[{"taxonomy":"category","embeddable":true,"href":"https:\/\/www.laguiadepamplona.com\/actualidad\/wp-json\/wp\/v2\/categories?post=41889"},{"taxonomy":"post_tag","embeddable":true,"href":"https:\/\/www.laguiadepamplona.com\/actualidad\/wp-json\/wp\/v2\/tags?post=41889"}],"curies":[{"name":"wp","href":"https:\/\/api.w.org\/{rel}","templated":true}]}}