{"id":41884,"date":"2022-10-13T11:57:32","date_gmt":"2022-10-13T09:57:32","guid":{"rendered":"https:\/\/www.laguiadepamplona.com\/actualidad\/?p=41884"},"modified":"2023-04-11T11:47:44","modified_gmt":"2023-04-11T09:47:44","slug":"aprobada-la-licitacion-de-un-acuerdo-marco-para-impartir-acciones-formativas-especificas-a-personas-usuarias-de-los-programas-municipales-de-servicios-sociales","status":"publish","type":"post","link":"https:\/\/www.laguiadepamplona.com\/actualidad\/aprobada-la-licitacion-de-un-acuerdo-marco-para-impartir-acciones-formativas-especificas-a-personas-usuarias-de-los-programas-municipales-de-servicios-sociales\/","title":{"rendered":"Aprobada la licitaci\u00f3n de un acuerdo marco para impartir acciones formativas espec\u00edficas a personas usuarias de los programas municipales de servicios sociales"},"content":{"rendered":"<h5>Se prev\u00e9 un gasto anual de 84.337 euros y un m\u00e1ximo de 1.394 horas de formaci\u00f3n<\/h5>\n<p><!--more--><\/p>\n<p>La Junta de Gobierno Local ha aprobado la licitaci\u00f3n de un acuerdo marco para la selecci\u00f3n de una empresa que imparta las acciones formativas espec\u00edficas dirigidas a personas que se encuentren en procesos de intervenci\u00f3n o de participaci\u00f3n activa en los diferentes programas del \u00e1rea de Servicios Sociales. El presupuesto destinado a este acuerdo marco asciende a 84.337 euros, con vigencia para 2023 y con opci\u00f3n a tres pr\u00f3rrogas anuales m\u00e1s.<br \/>\n<script async src=\"\/\/pagead2.googlesyndication.com\/pagead\/js\/adsbygoogle.js\"><\/script><br \/>\n<!-- Noticias La Guia de Pamplona --><br \/>\n<ins class=\"adsbygoogle\"\nstyle=\"display:block\"\ndata-ad-client=\"ca-pub-6943679897239327\"\ndata-ad-slot=\"7048180777\"\ndata-ad-format=\"auto\"><\/ins><br \/>\n<script>\n(adsbygoogle = window.adsbygoogle || []).push({});\n<\/script><\/p>\n<p>En muchos de los procesos de intervenci\u00f3n que desarrollan los servicios sociales municipales se requiere la movilizaci\u00f3n de recursos formativos concretos a favor de aquellas personas usuarias que requieren mejorar en uno o m\u00e1s \u00e1mbitos de su trayectoria sociopersonal. El Ayuntamiento de Pamplona, a trav\u00e9s del \u00e1rea de Servicios Sociales, Acci\u00f3n Comunitaria y Deporte, precisa contar con la capacidad de prever y generar prestaciones formativas espec\u00edficas como recurso de apoyo al acompa\u00f1amiento de itinerarios de promoci\u00f3n y mejora.<\/p>\n<p>En ese contexto se plantea esta contrataci\u00f3n externa de m\u00f3dulos socioformativos grupales como refuerzo de las estructuras propias de asistencia a la poblaci\u00f3n atendida que superen la respuesta individual a determinadas carencias compartidas. Se estima que se impartir\u00e1n un m\u00e1ximo de 1.394 horas anuales La formaci\u00f3n propuesta puede recoger aspectos de muy diversa \u00edndole estando condicionada a las necesidades de los propios servicios.<br \/>\n<script async src=\"\/\/pagead2.googlesyndication.com\/pagead\/js\/adsbygoogle.js\"><\/script><br \/>\n<!-- Noticias La Guia de Pamplona --><br \/>\n<ins class=\"adsbygoogle\"\nstyle=\"display:block\"\ndata-ad-client=\"ca-pub-6943679897239327\"\ndata-ad-slot=\"7048180777\"\ndata-ad-format=\"auto\"><\/ins><br \/>\n<script>\n(adsbygoogle = window.adsbygoogle || []).push({});\n<\/script><br \/>\n<strong>Contenidos de las acciones<\/strong><\/p>\n<p>El acuerdo marco incluye la impartici\u00f3n directa de formaci\u00f3n. En ella, se puede incidir en la capacitaci\u00f3n personal; la adquisici\u00f3n y mejora de habilidades sociales; la capacitaci\u00f3n prelaboral, laboral y\/u orientaci\u00f3n para la inserci\u00f3n en el mercado de trabajo; la capacitaci\u00f3n social; la activaci\u00f3n de contextos de ocio y dinamizaci\u00f3n en tercera edad en el marco del programa de autonom\u00eda personal; as\u00ed como otras acciones que le sean encomendadas para el mejor funcionamiento de los programas del \u00e1rea de Servicios Sociales, Acci\u00f3n Comunitaria y Deporte del Ayuntamiento de Pamplona.<\/p>\n<p>Otro aspecto de los contenidos tiene que ver con actividades complementarias dirigidas al trabajo en red mediante la coordinaci\u00f3n con los equipos de los programas municipales implicados en el encargo formativo (nivel interprofesional). Dentro de este \u00e1mbito, se pueden desarrollar, entre otras, acciones de colaboraci\u00f3n en el dise\u00f1o, programaci\u00f3n y evaluaci\u00f3n conjunta con cado uno de los programas municipales de las acciones formativas a realizar; la participaci\u00f3n en la organizaci\u00f3n de los grupos formativos; la interacci\u00f3n con las figuras t\u00e9cnicas municipales para la coordinaci\u00f3n y traslado de incidencias de cada actividad formativa; y el desarrollo de tareas de preparaci\u00f3n, coordinaci\u00f3n, valoraci\u00f3n y realizaci\u00f3n de informes o memorias de actividades.<\/p>\n","protected":false},"excerpt":{"rendered":"<p>Se prev\u00e9 un gasto anual de 84.337 euros y un m\u00e1ximo de 1.394 horas de formaci\u00f3n<\/p>\n","protected":false},"author":1,"featured_media":41391,"comment_status":"open","ping_status":"closed","sticky":false,"template":"","format":"standard","meta":{"footnotes":""},"categories":[2],"tags":[],"class_list":["post-41884","post","type-post","status-publish","format-standard","has-post-thumbnail","hentry","category-ayuntamiento-pamplona"],"yoast_head":"<!-- This site is optimized with the Yoast SEO plugin v27.3 - https:\/\/yoast.com\/product\/yoast-seo-wordpress\/ -->\n<title>Aprobada la licitaci\u00f3n de un acuerdo marco para impartir acciones formativas espec\u00edficas a personas usuarias de los programas municipales de servicios sociales<\/title>\n<meta name=\"description\" content=\"Se prev\u00e9 un gasto anual de 84.337 euros y un m\u00e1ximo de 1.394 horas de formaci\u00f3n\" \/>\n<meta name=\"robots\" content=\"index, follow, max-snippet:-1, max-image-preview:large, max-video-preview:-1\" \/>\n<link rel=\"canonical\" href=\"https:\/\/www.laguiadepamplona.com\/actualidad\/aprobada-la-licitacion-de-un-acuerdo-marco-para-impartir-acciones-formativas-especificas-a-personas-usuarias-de-los-programas-municipales-de-servicios-sociales\/\" \/>\n<meta property=\"og:locale\" content=\"es_ES\" \/>\n<meta property=\"og:type\" content=\"article\" \/>\n<meta property=\"og:title\" content=\"Aprobada la licitaci\u00f3n de un acuerdo marco para impartir acciones formativas espec\u00edficas a personas usuarias de los programas municipales de servicios sociales\" \/>\n<meta property=\"og:description\" content=\"Se prev\u00e9 un gasto anual de 84.337 euros y un m\u00e1ximo de 1.394 horas de formaci\u00f3n\" \/>\n<meta property=\"og:url\" content=\"https:\/\/www.laguiadepamplona.com\/actualidad\/aprobada-la-licitacion-de-un-acuerdo-marco-para-impartir-acciones-formativas-especificas-a-personas-usuarias-de-los-programas-municipales-de-servicios-sociales\/\" \/>\n<meta property=\"og:site_name\" content=\"La Gu\u00eda de Pamplona\" \/>\n<meta property=\"article:publisher\" content=\"https:\/\/www.facebook.com\/laguiadepamplonacom-133175176762273\/?ref=hl\" \/>\n<meta property=\"article:published_time\" content=\"2022-10-13T09:57:32+00:00\" \/>\n<meta property=\"article:modified_time\" content=\"2023-04-11T09:47:44+00:00\" \/>\n<meta property=\"og:image\" content=\"https:\/\/www.laguiadepamplona.com\/actualidad\/wp-content\/uploads\/2022\/08\/reloj_ayuntamiento.webp\" \/>\n\t<meta property=\"og:image:width\" content=\"1920\" \/>\n\t<meta property=\"og:image:height\" content=\"1245\" \/>\n\t<meta property=\"og:image:type\" content=\"image\/webp\" \/>\n<meta name=\"author\" content=\"La Gu\u00eda de Pamplona\" \/>\n<meta name=\"twitter:card\" content=\"summary_large_image\" \/>\n<meta name=\"twitter:creator\" content=\"@LaGuiadPamplona\" \/>\n<meta name=\"twitter:site\" content=\"@LaGuiadPamplona\" \/>\n<meta name=\"twitter:label1\" content=\"Escrito por\" \/>\n\t<meta name=\"twitter:data1\" content=\"La Gu\u00eda de Pamplona\" \/>\n\t<meta name=\"twitter:label2\" content=\"Tiempo de lectura\" \/>\n\t<meta name=\"twitter:data2\" content=\"2 minutos\" \/>\n<script type=\"application\/ld+json\" class=\"yoast-schema-graph\">{\"@context\":\"https:\\\/\\\/schema.org\",\"@graph\":[{\"@type\":\"Article\",\"@id\":\"https:\\\/\\\/www.laguiadepamplona.com\\\/actualidad\\\/aprobada-la-licitacion-de-un-acuerdo-marco-para-impartir-acciones-formativas-especificas-a-personas-usuarias-de-los-programas-municipales-de-servicios-sociales\\\/#article\",\"isPartOf\":{\"@id\":\"https:\\\/\\\/www.laguiadepamplona.com\\\/actualidad\\\/aprobada-la-licitacion-de-un-acuerdo-marco-para-impartir-acciones-formativas-especificas-a-personas-usuarias-de-los-programas-municipales-de-servicios-sociales\\\/\"},\"author\":{\"name\":\"La Gu\u00eda de Pamplona\",\"@id\":\"https:\\\/\\\/www.laguiadepamplona.com\\\/actualidad\\\/#\\\/schema\\\/person\\\/efe887376f0213d4657c93adc50b1fdb\"},\"headline\":\"Aprobada la licitaci\u00f3n de un acuerdo marco para impartir acciones formativas espec\u00edficas a personas usuarias de los programas municipales de servicios sociales\",\"datePublished\":\"2022-10-13T09:57:32+00:00\",\"dateModified\":\"2023-04-11T09:47:44+00:00\",\"mainEntityOfPage\":{\"@id\":\"https:\\\/\\\/www.laguiadepamplona.com\\\/actualidad\\\/aprobada-la-licitacion-de-un-acuerdo-marco-para-impartir-acciones-formativas-especificas-a-personas-usuarias-de-los-programas-municipales-de-servicios-sociales\\\/\"},\"wordCount\":500,\"commentCount\":0,\"publisher\":{\"@id\":\"https:\\\/\\\/www.laguiadepamplona.com\\\/actualidad\\\/#organization\"},\"image\":{\"@id\":\"https:\\\/\\\/www.laguiadepamplona.com\\\/actualidad\\\/aprobada-la-licitacion-de-un-acuerdo-marco-para-impartir-acciones-formativas-especificas-a-personas-usuarias-de-los-programas-municipales-de-servicios-sociales\\\/#primaryimage\"},\"thumbnailUrl\":\"https:\\\/\\\/www.laguiadepamplona.com\\\/actualidad\\\/wp-content\\\/uploads\\\/2022\\\/08\\\/reloj_ayuntamiento.webp\",\"articleSection\":[\"Ayto Pamplona\"],\"inLanguage\":\"es\",\"potentialAction\":[{\"@type\":\"CommentAction\",\"name\":\"Comment\",\"target\":[\"https:\\\/\\\/www.laguiadepamplona.com\\\/actualidad\\\/aprobada-la-licitacion-de-un-acuerdo-marco-para-impartir-acciones-formativas-especificas-a-personas-usuarias-de-los-programas-municipales-de-servicios-sociales\\\/#respond\"]}]},{\"@type\":\"WebPage\",\"@id\":\"https:\\\/\\\/www.laguiadepamplona.com\\\/actualidad\\\/aprobada-la-licitacion-de-un-acuerdo-marco-para-impartir-acciones-formativas-especificas-a-personas-usuarias-de-los-programas-municipales-de-servicios-sociales\\\/\",\"url\":\"https:\\\/\\\/www.laguiadepamplona.com\\\/actualidad\\\/aprobada-la-licitacion-de-un-acuerdo-marco-para-impartir-acciones-formativas-especificas-a-personas-usuarias-de-los-programas-municipales-de-servicios-sociales\\\/\",\"name\":\"Aprobada la licitaci\u00f3n de un acuerdo marco para impartir acciones formativas espec\u00edficas a personas usuarias de los programas municipales de servicios sociales\",\"isPartOf\":{\"@id\":\"https:\\\/\\\/www.laguiadepamplona.com\\\/actualidad\\\/#website\"},\"primaryImageOfPage\":{\"@id\":\"https:\\\/\\\/www.laguiadepamplona.com\\\/actualidad\\\/aprobada-la-licitacion-de-un-acuerdo-marco-para-impartir-acciones-formativas-especificas-a-personas-usuarias-de-los-programas-municipales-de-servicios-sociales\\\/#primaryimage\"},\"image\":{\"@id\":\"https:\\\/\\\/www.laguiadepamplona.com\\\/actualidad\\\/aprobada-la-licitacion-de-un-acuerdo-marco-para-impartir-acciones-formativas-especificas-a-personas-usuarias-de-los-programas-municipales-de-servicios-sociales\\\/#primaryimage\"},\"thumbnailUrl\":\"https:\\\/\\\/www.laguiadepamplona.com\\\/actualidad\\\/wp-content\\\/uploads\\\/2022\\\/08\\\/reloj_ayuntamiento.webp\",\"datePublished\":\"2022-10-13T09:57:32+00:00\",\"dateModified\":\"2023-04-11T09:47:44+00:00\",\"description\":\"Se prev\u00e9 un gasto anual de 84.337 euros y un m\u00e1ximo de 1.394 horas de formaci\u00f3n\",\"breadcrumb\":{\"@id\":\"https:\\\/\\\/www.laguiadepamplona.com\\\/actualidad\\\/aprobada-la-licitacion-de-un-acuerdo-marco-para-impartir-acciones-formativas-especificas-a-personas-usuarias-de-los-programas-municipales-de-servicios-sociales\\\/#breadcrumb\"},\"inLanguage\":\"es\",\"potentialAction\":[{\"@type\":\"ReadAction\",\"target\":[\"https:\\\/\\\/www.laguiadepamplona.com\\\/actualidad\\\/aprobada-la-licitacion-de-un-acuerdo-marco-para-impartir-acciones-formativas-especificas-a-personas-usuarias-de-los-programas-municipales-de-servicios-sociales\\\/\"]}]},{\"@type\":\"ImageObject\",\"inLanguage\":\"es\",\"@id\":\"https:\\\/\\\/www.laguiadepamplona.com\\\/actualidad\\\/aprobada-la-licitacion-de-un-acuerdo-marco-para-impartir-acciones-formativas-especificas-a-personas-usuarias-de-los-programas-municipales-de-servicios-sociales\\\/#primaryimage\",\"url\":\"https:\\\/\\\/www.laguiadepamplona.com\\\/actualidad\\\/wp-content\\\/uploads\\\/2022\\\/08\\\/reloj_ayuntamiento.webp\",\"contentUrl\":\"https:\\\/\\\/www.laguiadepamplona.com\\\/actualidad\\\/wp-content\\\/uploads\\\/2022\\\/08\\\/reloj_ayuntamiento.webp\",\"width\":1920,\"height\":1245,\"caption\":\"ayuntamiento\"},{\"@type\":\"BreadcrumbList\",\"@id\":\"https:\\\/\\\/www.laguiadepamplona.com\\\/actualidad\\\/aprobada-la-licitacion-de-un-acuerdo-marco-para-impartir-acciones-formativas-especificas-a-personas-usuarias-de-los-programas-municipales-de-servicios-sociales\\\/#breadcrumb\",\"itemListElement\":[{\"@type\":\"ListItem\",\"position\":1,\"name\":\"Portada\",\"item\":\"https:\\\/\\\/www.laguiadepamplona.com\\\/actualidad\\\/\"},{\"@type\":\"ListItem\",\"position\":2,\"name\":\"Aprobada la licitaci\u00f3n de un acuerdo marco para impartir acciones formativas espec\u00edficas a personas usuarias de los programas municipales de servicios sociales\"}]},{\"@type\":\"WebSite\",\"@id\":\"https:\\\/\\\/www.laguiadepamplona.com\\\/actualidad\\\/#website\",\"url\":\"https:\\\/\\\/www.laguiadepamplona.com\\\/actualidad\\\/\",\"name\":\"La gu\u00eda de Pamplona\",\"description\":\"Noticias de Pamplona\",\"publisher\":{\"@id\":\"https:\\\/\\\/www.laguiadepamplona.com\\\/actualidad\\\/#organization\"},\"potentialAction\":[{\"@type\":\"SearchAction\",\"target\":{\"@type\":\"EntryPoint\",\"urlTemplate\":\"https:\\\/\\\/www.laguiadepamplona.com\\\/actualidad\\\/?s={search_term_string}\"},\"query-input\":{\"@type\":\"PropertyValueSpecification\",\"valueRequired\":true,\"valueName\":\"search_term_string\"}}],\"inLanguage\":\"es\"},{\"@type\":\"Organization\",\"@id\":\"https:\\\/\\\/www.laguiadepamplona.com\\\/actualidad\\\/#organization\",\"name\":\"La Gu\u00eda de Pamplona \\\/ Noticias\",\"url\":\"https:\\\/\\\/www.laguiadepamplona.com\\\/actualidad\\\/\",\"logo\":{\"@type\":\"ImageObject\",\"inLanguage\":\"es\",\"@id\":\"https:\\\/\\\/www.laguiadepamplona.com\\\/actualidad\\\/#\\\/schema\\\/logo\\\/image\\\/\",\"url\":\"https:\\\/\\\/www.laguiadepamplona.com\\\/actualidad\\\/wp-content\\\/uploads\\\/2018\\\/11\\\/logo-laguiadepamplona18-web1.png\",\"contentUrl\":\"https:\\\/\\\/www.laguiadepamplona.com\\\/actualidad\\\/wp-content\\\/uploads\\\/2018\\\/11\\\/logo-laguiadepamplona18-web1.png\",\"width\":600,\"height\":196,\"caption\":\"La Gu\u00eda de Pamplona \\\/ Noticias\"},\"image\":{\"@id\":\"https:\\\/\\\/www.laguiadepamplona.com\\\/actualidad\\\/#\\\/schema\\\/logo\\\/image\\\/\"},\"sameAs\":[\"https:\\\/\\\/www.facebook.com\\\/laguiadepamplonacom-133175176762273\\\/?ref=hl\",\"https:\\\/\\\/x.com\\\/LaGuiadPamplona\",\"https:\\\/\\\/www.instagram.com\\\/la_guia_de_pamplona\\\/\",\"https:\\\/\\\/www.youtube.com\\\/user\\\/laguiadepamplona\"]},{\"@type\":\"Person\",\"@id\":\"https:\\\/\\\/www.laguiadepamplona.com\\\/actualidad\\\/#\\\/schema\\\/person\\\/efe887376f0213d4657c93adc50b1fdb\",\"name\":\"La Gu\u00eda de Pamplona\",\"image\":{\"@type\":\"ImageObject\",\"inLanguage\":\"es\",\"@id\":\"https:\\\/\\\/secure.gravatar.com\\\/avatar\\\/b6992f131dc8d30ab0dff15446e9d346d9dbd95992de0fef795073f5ea83a81c?s=96&d=mm&r=g\",\"url\":\"https:\\\/\\\/secure.gravatar.com\\\/avatar\\\/b6992f131dc8d30ab0dff15446e9d346d9dbd95992de0fef795073f5ea83a81c?s=96&d=mm&r=g\",\"contentUrl\":\"https:\\\/\\\/secure.gravatar.com\\\/avatar\\\/b6992f131dc8d30ab0dff15446e9d346d9dbd95992de0fef795073f5ea83a81c?s=96&d=mm&r=g\",\"caption\":\"La Gu\u00eda de Pamplona\"}}]}<\/script>\n<!-- \/ Yoast SEO plugin. -->","yoast_head_json":{"title":"Aprobada la licitaci\u00f3n de un acuerdo marco para impartir acciones formativas espec\u00edficas a personas usuarias de los programas municipales de servicios sociales","description":"Se prev\u00e9 un gasto anual de 84.337 euros y un m\u00e1ximo de 1.394 horas de formaci\u00f3n","robots":{"index":"index","follow":"follow","max-snippet":"max-snippet:-1","max-image-preview":"max-image-preview:large","max-video-preview":"max-video-preview:-1"},"canonical":"https:\/\/www.laguiadepamplona.com\/actualidad\/aprobada-la-licitacion-de-un-acuerdo-marco-para-impartir-acciones-formativas-especificas-a-personas-usuarias-de-los-programas-municipales-de-servicios-sociales\/","og_locale":"es_ES","og_type":"article","og_title":"Aprobada la licitaci\u00f3n de un acuerdo marco para impartir acciones formativas espec\u00edficas a personas usuarias de los programas municipales de servicios sociales","og_description":"Se prev\u00e9 un gasto anual de 84.337 euros y un m\u00e1ximo de 1.394 horas de formaci\u00f3n","og_url":"https:\/\/www.laguiadepamplona.com\/actualidad\/aprobada-la-licitacion-de-un-acuerdo-marco-para-impartir-acciones-formativas-especificas-a-personas-usuarias-de-los-programas-municipales-de-servicios-sociales\/","og_site_name":"La Gu\u00eda de Pamplona","article_publisher":"https:\/\/www.facebook.com\/laguiadepamplonacom-133175176762273\/?ref=hl","article_published_time":"2022-10-13T09:57:32+00:00","article_modified_time":"2023-04-11T09:47:44+00:00","og_image":[{"width":1920,"height":1245,"url":"https:\/\/www.laguiadepamplona.com\/actualidad\/wp-content\/uploads\/2022\/08\/reloj_ayuntamiento.webp","type":"image\/webp"}],"author":"La Gu\u00eda de Pamplona","twitter_card":"summary_large_image","twitter_creator":"@LaGuiadPamplona","twitter_site":"@LaGuiadPamplona","twitter_misc":{"Escrito por":"La Gu\u00eda de Pamplona","Tiempo de lectura":"2 minutos"},"schema":{"@context":"https:\/\/schema.org","@graph":[{"@type":"Article","@id":"https:\/\/www.laguiadepamplona.com\/actualidad\/aprobada-la-licitacion-de-un-acuerdo-marco-para-impartir-acciones-formativas-especificas-a-personas-usuarias-de-los-programas-municipales-de-servicios-sociales\/#article","isPartOf":{"@id":"https:\/\/www.laguiadepamplona.com\/actualidad\/aprobada-la-licitacion-de-un-acuerdo-marco-para-impartir-acciones-formativas-especificas-a-personas-usuarias-de-los-programas-municipales-de-servicios-sociales\/"},"author":{"name":"La Gu\u00eda de Pamplona","@id":"https:\/\/www.laguiadepamplona.com\/actualidad\/#\/schema\/person\/efe887376f0213d4657c93adc50b1fdb"},"headline":"Aprobada la licitaci\u00f3n de un acuerdo marco para impartir acciones formativas espec\u00edficas a personas usuarias de los programas municipales de servicios sociales","datePublished":"2022-10-13T09:57:32+00:00","dateModified":"2023-04-11T09:47:44+00:00","mainEntityOfPage":{"@id":"https:\/\/www.laguiadepamplona.com\/actualidad\/aprobada-la-licitacion-de-un-acuerdo-marco-para-impartir-acciones-formativas-especificas-a-personas-usuarias-de-los-programas-municipales-de-servicios-sociales\/"},"wordCount":500,"commentCount":0,"publisher":{"@id":"https:\/\/www.laguiadepamplona.com\/actualidad\/#organization"},"image":{"@id":"https:\/\/www.laguiadepamplona.com\/actualidad\/aprobada-la-licitacion-de-un-acuerdo-marco-para-impartir-acciones-formativas-especificas-a-personas-usuarias-de-los-programas-municipales-de-servicios-sociales\/#primaryimage"},"thumbnailUrl":"https:\/\/www.laguiadepamplona.com\/actualidad\/wp-content\/uploads\/2022\/08\/reloj_ayuntamiento.webp","articleSection":["Ayto Pamplona"],"inLanguage":"es","potentialAction":[{"@type":"CommentAction","name":"Comment","target":["https:\/\/www.laguiadepamplona.com\/actualidad\/aprobada-la-licitacion-de-un-acuerdo-marco-para-impartir-acciones-formativas-especificas-a-personas-usuarias-de-los-programas-municipales-de-servicios-sociales\/#respond"]}]},{"@type":"WebPage","@id":"https:\/\/www.laguiadepamplona.com\/actualidad\/aprobada-la-licitacion-de-un-acuerdo-marco-para-impartir-acciones-formativas-especificas-a-personas-usuarias-de-los-programas-municipales-de-servicios-sociales\/","url":"https:\/\/www.laguiadepamplona.com\/actualidad\/aprobada-la-licitacion-de-un-acuerdo-marco-para-impartir-acciones-formativas-especificas-a-personas-usuarias-de-los-programas-municipales-de-servicios-sociales\/","name":"Aprobada la licitaci\u00f3n de un acuerdo marco para impartir acciones formativas espec\u00edficas a personas usuarias de los programas municipales de servicios sociales","isPartOf":{"@id":"https:\/\/www.laguiadepamplona.com\/actualidad\/#website"},"primaryImageOfPage":{"@id":"https:\/\/www.laguiadepamplona.com\/actualidad\/aprobada-la-licitacion-de-un-acuerdo-marco-para-impartir-acciones-formativas-especificas-a-personas-usuarias-de-los-programas-municipales-de-servicios-sociales\/#primaryimage"},"image":{"@id":"https:\/\/www.laguiadepamplona.com\/actualidad\/aprobada-la-licitacion-de-un-acuerdo-marco-para-impartir-acciones-formativas-especificas-a-personas-usuarias-de-los-programas-municipales-de-servicios-sociales\/#primaryimage"},"thumbnailUrl":"https:\/\/www.laguiadepamplona.com\/actualidad\/wp-content\/uploads\/2022\/08\/reloj_ayuntamiento.webp","datePublished":"2022-10-13T09:57:32+00:00","dateModified":"2023-04-11T09:47:44+00:00","description":"Se prev\u00e9 un gasto anual de 84.337 euros y un m\u00e1ximo de 1.394 horas de formaci\u00f3n","breadcrumb":{"@id":"https:\/\/www.laguiadepamplona.com\/actualidad\/aprobada-la-licitacion-de-un-acuerdo-marco-para-impartir-acciones-formativas-especificas-a-personas-usuarias-de-los-programas-municipales-de-servicios-sociales\/#breadcrumb"},"inLanguage":"es","potentialAction":[{"@type":"ReadAction","target":["https:\/\/www.laguiadepamplona.com\/actualidad\/aprobada-la-licitacion-de-un-acuerdo-marco-para-impartir-acciones-formativas-especificas-a-personas-usuarias-de-los-programas-municipales-de-servicios-sociales\/"]}]},{"@type":"ImageObject","inLanguage":"es","@id":"https:\/\/www.laguiadepamplona.com\/actualidad\/aprobada-la-licitacion-de-un-acuerdo-marco-para-impartir-acciones-formativas-especificas-a-personas-usuarias-de-los-programas-municipales-de-servicios-sociales\/#primaryimage","url":"https:\/\/www.laguiadepamplona.com\/actualidad\/wp-content\/uploads\/2022\/08\/reloj_ayuntamiento.webp","contentUrl":"https:\/\/www.laguiadepamplona.com\/actualidad\/wp-content\/uploads\/2022\/08\/reloj_ayuntamiento.webp","width":1920,"height":1245,"caption":"ayuntamiento"},{"@type":"BreadcrumbList","@id":"https:\/\/www.laguiadepamplona.com\/actualidad\/aprobada-la-licitacion-de-un-acuerdo-marco-para-impartir-acciones-formativas-especificas-a-personas-usuarias-de-los-programas-municipales-de-servicios-sociales\/#breadcrumb","itemListElement":[{"@type":"ListItem","position":1,"name":"Portada","item":"https:\/\/www.laguiadepamplona.com\/actualidad\/"},{"@type":"ListItem","position":2,"name":"Aprobada la licitaci\u00f3n de un acuerdo marco para impartir acciones formativas espec\u00edficas a personas usuarias de los programas municipales de servicios sociales"}]},{"@type":"WebSite","@id":"https:\/\/www.laguiadepamplona.com\/actualidad\/#website","url":"https:\/\/www.laguiadepamplona.com\/actualidad\/","name":"La gu\u00eda de Pamplona","description":"Noticias de Pamplona","publisher":{"@id":"https:\/\/www.laguiadepamplona.com\/actualidad\/#organization"},"potentialAction":[{"@type":"SearchAction","target":{"@type":"EntryPoint","urlTemplate":"https:\/\/www.laguiadepamplona.com\/actualidad\/?s={search_term_string}"},"query-input":{"@type":"PropertyValueSpecification","valueRequired":true,"valueName":"search_term_string"}}],"inLanguage":"es"},{"@type":"Organization","@id":"https:\/\/www.laguiadepamplona.com\/actualidad\/#organization","name":"La Gu\u00eda de Pamplona \/ Noticias","url":"https:\/\/www.laguiadepamplona.com\/actualidad\/","logo":{"@type":"ImageObject","inLanguage":"es","@id":"https:\/\/www.laguiadepamplona.com\/actualidad\/#\/schema\/logo\/image\/","url":"https:\/\/www.laguiadepamplona.com\/actualidad\/wp-content\/uploads\/2018\/11\/logo-laguiadepamplona18-web1.png","contentUrl":"https:\/\/www.laguiadepamplona.com\/actualidad\/wp-content\/uploads\/2018\/11\/logo-laguiadepamplona18-web1.png","width":600,"height":196,"caption":"La Gu\u00eda de Pamplona \/ Noticias"},"image":{"@id":"https:\/\/www.laguiadepamplona.com\/actualidad\/#\/schema\/logo\/image\/"},"sameAs":["https:\/\/www.facebook.com\/laguiadepamplonacom-133175176762273\/?ref=hl","https:\/\/x.com\/LaGuiadPamplona","https:\/\/www.instagram.com\/la_guia_de_pamplona\/","https:\/\/www.youtube.com\/user\/laguiadepamplona"]},{"@type":"Person","@id":"https:\/\/www.laguiadepamplona.com\/actualidad\/#\/schema\/person\/efe887376f0213d4657c93adc50b1fdb","name":"La Gu\u00eda de Pamplona","image":{"@type":"ImageObject","inLanguage":"es","@id":"https:\/\/secure.gravatar.com\/avatar\/b6992f131dc8d30ab0dff15446e9d346d9dbd95992de0fef795073f5ea83a81c?s=96&d=mm&r=g","url":"https:\/\/secure.gravatar.com\/avatar\/b6992f131dc8d30ab0dff15446e9d346d9dbd95992de0fef795073f5ea83a81c?s=96&d=mm&r=g","contentUrl":"https:\/\/secure.gravatar.com\/avatar\/b6992f131dc8d30ab0dff15446e9d346d9dbd95992de0fef795073f5ea83a81c?s=96&d=mm&r=g","caption":"La Gu\u00eda de Pamplona"}}]}},"post_mailing_queue_ids":[],"_links":{"self":[{"href":"https:\/\/www.laguiadepamplona.com\/actualidad\/wp-json\/wp\/v2\/posts\/41884","targetHints":{"allow":["GET"]}}],"collection":[{"href":"https:\/\/www.laguiadepamplona.com\/actualidad\/wp-json\/wp\/v2\/posts"}],"about":[{"href":"https:\/\/www.laguiadepamplona.com\/actualidad\/wp-json\/wp\/v2\/types\/post"}],"author":[{"embeddable":true,"href":"https:\/\/www.laguiadepamplona.com\/actualidad\/wp-json\/wp\/v2\/users\/1"}],"replies":[{"embeddable":true,"href":"https:\/\/www.laguiadepamplona.com\/actualidad\/wp-json\/wp\/v2\/comments?post=41884"}],"version-history":[{"count":0,"href":"https:\/\/www.laguiadepamplona.com\/actualidad\/wp-json\/wp\/v2\/posts\/41884\/revisions"}],"wp:featuredmedia":[{"embeddable":true,"href":"https:\/\/www.laguiadepamplona.com\/actualidad\/wp-json\/wp\/v2\/media\/41391"}],"wp:attachment":[{"href":"https:\/\/www.laguiadepamplona.com\/actualidad\/wp-json\/wp\/v2\/media?parent=41884"}],"wp:term":[{"taxonomy":"category","embeddable":true,"href":"https:\/\/www.laguiadepamplona.com\/actualidad\/wp-json\/wp\/v2\/categories?post=41884"},{"taxonomy":"post_tag","embeddable":true,"href":"https:\/\/www.laguiadepamplona.com\/actualidad\/wp-json\/wp\/v2\/tags?post=41884"}],"curies":[{"name":"wp","href":"https:\/\/api.w.org\/{rel}","templated":true}]}}