{"id":41881,"date":"2022-10-11T19:11:40","date_gmt":"2022-10-11T17:11:40","guid":{"rendered":"https:\/\/www.laguiadepamplona.com\/actualidad\/?p=41881"},"modified":"2023-04-11T11:47:44","modified_gmt":"2023-04-11T09:47:44","slug":"pamplona-contara-con-un-circuito-de-prueba-para-el-desarrollo-y-la-investigacion-de-tecnologias-de-movilidad-con-el-objetivo-de-la-mejora-de-la-gestion-del-trafico","status":"publish","type":"post","link":"https:\/\/www.laguiadepamplona.com\/actualidad\/pamplona-contara-con-un-circuito-de-prueba-para-el-desarrollo-y-la-investigacion-de-tecnologias-de-movilidad-con-el-objetivo-de-la-mejora-de-la-gestion-del-trafico\/","title":{"rendered":"Pamplona contar\u00e1 con un circuito de prueba para el desarrollo y la investigaci\u00f3n de tecnolog\u00edas de movilidad con el objetivo de la mejora de la gesti\u00f3n del tr\u00e1fico"},"content":{"rendered":"<h5>El alcalde de Pamplona ha visitado esta ma\u00f1ana NAITEC, centro tecnol\u00f3gico que impulsa esta iniciativa<\/h5>\n<p><!--more--><\/p>\n<p>El alcalde de Pamplona, Enrique Maya, y la directora general de Innovaci\u00f3n del Gobierno de Navarra, Agurtzane Mart\u00ednez, han participado esta ma\u00f1ana en la presentaci\u00f3n de un circuito urbano desarrollado por el Centro de Innovaci\u00f3n Tecnol\u00f3gica de Automoci\u00f3n de Navarra (NAITEC) en la ciudad. El objetivo de esta iniciativa es la creaci\u00f3n de un entorno de referencia que permita dise\u00f1ar, ensayar y desplegar las diferentes tecnolog\u00edas asociadas al Veh\u00edculo El\u00e9ctrico, Aut\u00f3nomo y Conectado (VEAC).<br \/>\n<script async src=\"\/\/pagead2.googlesyndication.com\/pagead\/js\/adsbygoogle.js\"><\/script><br \/>\n<!-- Noticias La Guia de Pamplona --><br \/>\n<ins class=\"adsbygoogle\"\nstyle=\"display:block\"\ndata-ad-client=\"ca-pub-6943679897239327\"\ndata-ad-slot=\"7048180777\"\ndata-ad-format=\"auto\"><\/ins><br \/>\n<script>\n(adsbygoogle = window.adsbygoogle || []).push({});\n<\/script><\/p>\n<p>El circuito urbano cuenta con un recorrido de aproximadamente 2,3 kil\u00f3metros que discurre por las inmediaciones de NAITEC, entre las calles Catalu\u00f1a, Tajonar y Sadar, en el entorno del campus de la UPNA, donde se ubica el centro tecnol\u00f3gico. Para su puesta en marcha ha sido necesaria la firma de un convenio marco de actuaci\u00f3n entre el centro tecnol\u00f3gico y el Ayuntamiento de Pamplona, que ha posibilitado la instalaci\u00f3n de diferentes sensores claves para la obtenci\u00f3n de datos. De forma paralela, se ha desarrollado una plataforma para la gesti\u00f3n de esos datos, se han implementado modelos computacionales para la obtenci\u00f3n de patrones y simuladores del flujo del tr\u00e1fico y se ha trabajo en la creaci\u00f3n de una aplicaci\u00f3n espec\u00edfica para el veh\u00edculo aut\u00f3nomo a trav\u00e9s de la plataforma Pixkit.<\/p>\n<p>Esta acci\u00f3n, financiada con 600.000 euros, se enmarca dentro del proyecto NaVEAC Drive \u2013 Lab, dotado en su totalidad con 4,5 millones de euros procedentes de los fondos REACT &#8211; EU a trav\u00e9s del programa operativo FEDER 2015 \u2013 2020, cuya misi\u00f3n es la de desarrollar infraestructuras tecnol\u00f3gicas de testeo para impulsar la movilidad sostenible. Entre las funcionalidades de este circuito se encuentran aquellas relacionadas con el desarrollo de tecnolog\u00edas enmarcadas en los veh\u00edculos, las asociadas a las nuevas infraestructuras de carreteras inteligentes y conectadas, las nuevas necesidades de las <em>smart cities<\/em> o la creaci\u00f3n de novedosos sistemas de gesti\u00f3n de la informaci\u00f3n en v\u00edas o entornos.<br \/>\n<script async src=\"\/\/pagead2.googlesyndication.com\/pagead\/js\/adsbygoogle.js\"><\/script><br \/>\n<!-- Noticias La Guia de Pamplona --><br \/>\n<ins class=\"adsbygoogle\"\nstyle=\"display:block\"\ndata-ad-client=\"ca-pub-6943679897239327\"\ndata-ad-slot=\"7048180777\"\ndata-ad-format=\"auto\"><\/ins><br \/>\n<script>\n(adsbygoogle = window.adsbygoogle || []).push({});\n<\/script><\/p>\n<p>El acto de esta ma\u00f1ana, que ha incluido una visita al centro de control del circuito, ha contado tambi\u00e9n con la presencia de la directora general de NAITEC, Est\u00edbaliz Erauzquin, el director de Negocio y Operaciones de NAITEC, Kristian Kujaw, la concejala delegada de Gobierno Estrat\u00e9gico, Comercio y Turismo, Ana Elizalde, y la directora del servicio de Proyectos Estrat\u00e9gico de la S3 del Departamento de Desarrollo Econ\u00f3mico y Empresarial del Gobierno de Navarra, Delia Sola, as\u00ed como personal t\u00e9cnico involucrado en el proyecto.<\/p>\n","protected":false},"excerpt":{"rendered":"<p>El alcalde de Pamplona ha visitado esta ma\u00f1ana NAITEC, centro tecnol\u00f3gico que impulsa esta iniciativa<\/p>\n","protected":false},"author":1,"featured_media":41882,"comment_status":"open","ping_status":"closed","sticky":false,"template":"","format":"standard","meta":{"footnotes":""},"categories":[2],"tags":[],"class_list":["post-41881","post","type-post","status-publish","format-standard","has-post-thumbnail","hentry","category-ayuntamiento-pamplona"],"yoast_head":"<!-- This site is optimized with the Yoast SEO plugin v27.3 - https:\/\/yoast.com\/product\/yoast-seo-wordpress\/ -->\n<title>Pamplona contar\u00e1 con un circuito de prueba para el desarrollo y la investigaci\u00f3n de tecnolog\u00edas de movilidad con el objetivo de la mejora de la gesti\u00f3n del tr\u00e1fico<\/title>\n<meta name=\"description\" content=\"El alcalde de Pamplona ha visitado esta ma\u00f1ana NAITEC, centro tecnol\u00f3gico que impulsa esta iniciativa\" \/>\n<meta name=\"robots\" content=\"index, follow, max-snippet:-1, max-image-preview:large, max-video-preview:-1\" \/>\n<link rel=\"canonical\" href=\"https:\/\/www.laguiadepamplona.com\/actualidad\/pamplona-contara-con-un-circuito-de-prueba-para-el-desarrollo-y-la-investigacion-de-tecnologias-de-movilidad-con-el-objetivo-de-la-mejora-de-la-gestion-del-trafico\/\" \/>\n<meta property=\"og:locale\" content=\"es_ES\" \/>\n<meta property=\"og:type\" content=\"article\" \/>\n<meta property=\"og:title\" content=\"Pamplona contar\u00e1 con un circuito de prueba para el desarrollo y la investigaci\u00f3n de tecnolog\u00edas de movilidad con el objetivo de la mejora de la gesti\u00f3n del tr\u00e1fico\" \/>\n<meta property=\"og:description\" content=\"El alcalde de Pamplona ha visitado esta ma\u00f1ana NAITEC, centro tecnol\u00f3gico que impulsa esta iniciativa\" \/>\n<meta property=\"og:url\" content=\"https:\/\/www.laguiadepamplona.com\/actualidad\/pamplona-contara-con-un-circuito-de-prueba-para-el-desarrollo-y-la-investigacion-de-tecnologias-de-movilidad-con-el-objetivo-de-la-mejora-de-la-gestion-del-trafico\/\" \/>\n<meta property=\"og:site_name\" content=\"La Gu\u00eda de Pamplona\" \/>\n<meta property=\"article:publisher\" content=\"https:\/\/www.facebook.com\/laguiadepamplonacom-133175176762273\/?ref=hl\" \/>\n<meta property=\"article:published_time\" content=\"2022-10-11T17:11:40+00:00\" \/>\n<meta property=\"article:modified_time\" content=\"2023-04-11T09:47:44+00:00\" \/>\n<meta property=\"og:image\" content=\"https:\/\/www.laguiadepamplona.com\/actualidad\/wp-content\/uploads\/2022\/10\/circuito-prueba-desarrollo-investigacion-tecnologias-movilidad.webp\" \/>\n\t<meta property=\"og:image:width\" content=\"1920\" \/>\n\t<meta property=\"og:image:height\" content=\"1082\" \/>\n\t<meta property=\"og:image:type\" content=\"image\/webp\" \/>\n<meta name=\"author\" content=\"La Gu\u00eda de Pamplona\" \/>\n<meta name=\"twitter:card\" content=\"summary_large_image\" \/>\n<meta name=\"twitter:creator\" content=\"@LaGuiadPamplona\" \/>\n<meta name=\"twitter:site\" content=\"@LaGuiadPamplona\" \/>\n<meta name=\"twitter:label1\" content=\"Escrito por\" \/>\n\t<meta name=\"twitter:data1\" content=\"La Gu\u00eda de Pamplona\" \/>\n\t<meta name=\"twitter:label2\" content=\"Tiempo de lectura\" \/>\n\t<meta name=\"twitter:data2\" content=\"2 minutos\" \/>\n<script type=\"application\/ld+json\" class=\"yoast-schema-graph\">{\"@context\":\"https:\\\/\\\/schema.org\",\"@graph\":[{\"@type\":\"Article\",\"@id\":\"https:\\\/\\\/www.laguiadepamplona.com\\\/actualidad\\\/pamplona-contara-con-un-circuito-de-prueba-para-el-desarrollo-y-la-investigacion-de-tecnologias-de-movilidad-con-el-objetivo-de-la-mejora-de-la-gestion-del-trafico\\\/#article\",\"isPartOf\":{\"@id\":\"https:\\\/\\\/www.laguiadepamplona.com\\\/actualidad\\\/pamplona-contara-con-un-circuito-de-prueba-para-el-desarrollo-y-la-investigacion-de-tecnologias-de-movilidad-con-el-objetivo-de-la-mejora-de-la-gestion-del-trafico\\\/\"},\"author\":{\"name\":\"La Gu\u00eda de Pamplona\",\"@id\":\"https:\\\/\\\/www.laguiadepamplona.com\\\/actualidad\\\/#\\\/schema\\\/person\\\/efe887376f0213d4657c93adc50b1fdb\"},\"headline\":\"Pamplona contar\u00e1 con un circuito de prueba para el desarrollo y la investigaci\u00f3n de tecnolog\u00edas de movilidad con el objetivo de la mejora de la gesti\u00f3n del tr\u00e1fico\",\"datePublished\":\"2022-10-11T17:11:40+00:00\",\"dateModified\":\"2023-04-11T09:47:44+00:00\",\"mainEntityOfPage\":{\"@id\":\"https:\\\/\\\/www.laguiadepamplona.com\\\/actualidad\\\/pamplona-contara-con-un-circuito-de-prueba-para-el-desarrollo-y-la-investigacion-de-tecnologias-de-movilidad-con-el-objetivo-de-la-mejora-de-la-gestion-del-trafico\\\/\"},\"wordCount\":481,\"commentCount\":0,\"publisher\":{\"@id\":\"https:\\\/\\\/www.laguiadepamplona.com\\\/actualidad\\\/#organization\"},\"image\":{\"@id\":\"https:\\\/\\\/www.laguiadepamplona.com\\\/actualidad\\\/pamplona-contara-con-un-circuito-de-prueba-para-el-desarrollo-y-la-investigacion-de-tecnologias-de-movilidad-con-el-objetivo-de-la-mejora-de-la-gestion-del-trafico\\\/#primaryimage\"},\"thumbnailUrl\":\"https:\\\/\\\/www.laguiadepamplona.com\\\/actualidad\\\/wp-content\\\/uploads\\\/2022\\\/10\\\/circuito-prueba-desarrollo-investigacion-tecnologias-movilidad.webp\",\"articleSection\":[\"Ayto Pamplona\"],\"inLanguage\":\"es\",\"potentialAction\":[{\"@type\":\"CommentAction\",\"name\":\"Comment\",\"target\":[\"https:\\\/\\\/www.laguiadepamplona.com\\\/actualidad\\\/pamplona-contara-con-un-circuito-de-prueba-para-el-desarrollo-y-la-investigacion-de-tecnologias-de-movilidad-con-el-objetivo-de-la-mejora-de-la-gestion-del-trafico\\\/#respond\"]}]},{\"@type\":\"WebPage\",\"@id\":\"https:\\\/\\\/www.laguiadepamplona.com\\\/actualidad\\\/pamplona-contara-con-un-circuito-de-prueba-para-el-desarrollo-y-la-investigacion-de-tecnologias-de-movilidad-con-el-objetivo-de-la-mejora-de-la-gestion-del-trafico\\\/\",\"url\":\"https:\\\/\\\/www.laguiadepamplona.com\\\/actualidad\\\/pamplona-contara-con-un-circuito-de-prueba-para-el-desarrollo-y-la-investigacion-de-tecnologias-de-movilidad-con-el-objetivo-de-la-mejora-de-la-gestion-del-trafico\\\/\",\"name\":\"Pamplona contar\u00e1 con un circuito de prueba para el desarrollo y la investigaci\u00f3n de tecnolog\u00edas de movilidad con el objetivo de la mejora de la gesti\u00f3n del tr\u00e1fico\",\"isPartOf\":{\"@id\":\"https:\\\/\\\/www.laguiadepamplona.com\\\/actualidad\\\/#website\"},\"primaryImageOfPage\":{\"@id\":\"https:\\\/\\\/www.laguiadepamplona.com\\\/actualidad\\\/pamplona-contara-con-un-circuito-de-prueba-para-el-desarrollo-y-la-investigacion-de-tecnologias-de-movilidad-con-el-objetivo-de-la-mejora-de-la-gestion-del-trafico\\\/#primaryimage\"},\"image\":{\"@id\":\"https:\\\/\\\/www.laguiadepamplona.com\\\/actualidad\\\/pamplona-contara-con-un-circuito-de-prueba-para-el-desarrollo-y-la-investigacion-de-tecnologias-de-movilidad-con-el-objetivo-de-la-mejora-de-la-gestion-del-trafico\\\/#primaryimage\"},\"thumbnailUrl\":\"https:\\\/\\\/www.laguiadepamplona.com\\\/actualidad\\\/wp-content\\\/uploads\\\/2022\\\/10\\\/circuito-prueba-desarrollo-investigacion-tecnologias-movilidad.webp\",\"datePublished\":\"2022-10-11T17:11:40+00:00\",\"dateModified\":\"2023-04-11T09:47:44+00:00\",\"description\":\"El alcalde de Pamplona ha visitado esta ma\u00f1ana NAITEC, centro tecnol\u00f3gico que impulsa esta iniciativa\",\"breadcrumb\":{\"@id\":\"https:\\\/\\\/www.laguiadepamplona.com\\\/actualidad\\\/pamplona-contara-con-un-circuito-de-prueba-para-el-desarrollo-y-la-investigacion-de-tecnologias-de-movilidad-con-el-objetivo-de-la-mejora-de-la-gestion-del-trafico\\\/#breadcrumb\"},\"inLanguage\":\"es\",\"potentialAction\":[{\"@type\":\"ReadAction\",\"target\":[\"https:\\\/\\\/www.laguiadepamplona.com\\\/actualidad\\\/pamplona-contara-con-un-circuito-de-prueba-para-el-desarrollo-y-la-investigacion-de-tecnologias-de-movilidad-con-el-objetivo-de-la-mejora-de-la-gestion-del-trafico\\\/\"]}]},{\"@type\":\"ImageObject\",\"inLanguage\":\"es\",\"@id\":\"https:\\\/\\\/www.laguiadepamplona.com\\\/actualidad\\\/pamplona-contara-con-un-circuito-de-prueba-para-el-desarrollo-y-la-investigacion-de-tecnologias-de-movilidad-con-el-objetivo-de-la-mejora-de-la-gestion-del-trafico\\\/#primaryimage\",\"url\":\"https:\\\/\\\/www.laguiadepamplona.com\\\/actualidad\\\/wp-content\\\/uploads\\\/2022\\\/10\\\/circuito-prueba-desarrollo-investigacion-tecnologias-movilidad.webp\",\"contentUrl\":\"https:\\\/\\\/www.laguiadepamplona.com\\\/actualidad\\\/wp-content\\\/uploads\\\/2022\\\/10\\\/circuito-prueba-desarrollo-investigacion-tecnologias-movilidad.webp\",\"width\":1920,\"height\":1082},{\"@type\":\"BreadcrumbList\",\"@id\":\"https:\\\/\\\/www.laguiadepamplona.com\\\/actualidad\\\/pamplona-contara-con-un-circuito-de-prueba-para-el-desarrollo-y-la-investigacion-de-tecnologias-de-movilidad-con-el-objetivo-de-la-mejora-de-la-gestion-del-trafico\\\/#breadcrumb\",\"itemListElement\":[{\"@type\":\"ListItem\",\"position\":1,\"name\":\"Portada\",\"item\":\"https:\\\/\\\/www.laguiadepamplona.com\\\/actualidad\\\/\"},{\"@type\":\"ListItem\",\"position\":2,\"name\":\"Pamplona contar\u00e1 con un circuito de prueba para el desarrollo y la investigaci\u00f3n de tecnolog\u00edas de movilidad con el objetivo de la mejora de la gesti\u00f3n del tr\u00e1fico\"}]},{\"@type\":\"WebSite\",\"@id\":\"https:\\\/\\\/www.laguiadepamplona.com\\\/actualidad\\\/#website\",\"url\":\"https:\\\/\\\/www.laguiadepamplona.com\\\/actualidad\\\/\",\"name\":\"La gu\u00eda de Pamplona\",\"description\":\"Noticias de Pamplona\",\"publisher\":{\"@id\":\"https:\\\/\\\/www.laguiadepamplona.com\\\/actualidad\\\/#organization\"},\"potentialAction\":[{\"@type\":\"SearchAction\",\"target\":{\"@type\":\"EntryPoint\",\"urlTemplate\":\"https:\\\/\\\/www.laguiadepamplona.com\\\/actualidad\\\/?s={search_term_string}\"},\"query-input\":{\"@type\":\"PropertyValueSpecification\",\"valueRequired\":true,\"valueName\":\"search_term_string\"}}],\"inLanguage\":\"es\"},{\"@type\":\"Organization\",\"@id\":\"https:\\\/\\\/www.laguiadepamplona.com\\\/actualidad\\\/#organization\",\"name\":\"La Gu\u00eda de Pamplona \\\/ Noticias\",\"url\":\"https:\\\/\\\/www.laguiadepamplona.com\\\/actualidad\\\/\",\"logo\":{\"@type\":\"ImageObject\",\"inLanguage\":\"es\",\"@id\":\"https:\\\/\\\/www.laguiadepamplona.com\\\/actualidad\\\/#\\\/schema\\\/logo\\\/image\\\/\",\"url\":\"https:\\\/\\\/www.laguiadepamplona.com\\\/actualidad\\\/wp-content\\\/uploads\\\/2018\\\/11\\\/logo-laguiadepamplona18-web1.png\",\"contentUrl\":\"https:\\\/\\\/www.laguiadepamplona.com\\\/actualidad\\\/wp-content\\\/uploads\\\/2018\\\/11\\\/logo-laguiadepamplona18-web1.png\",\"width\":600,\"height\":196,\"caption\":\"La Gu\u00eda de Pamplona \\\/ Noticias\"},\"image\":{\"@id\":\"https:\\\/\\\/www.laguiadepamplona.com\\\/actualidad\\\/#\\\/schema\\\/logo\\\/image\\\/\"},\"sameAs\":[\"https:\\\/\\\/www.facebook.com\\\/laguiadepamplonacom-133175176762273\\\/?ref=hl\",\"https:\\\/\\\/x.com\\\/LaGuiadPamplona\",\"https:\\\/\\\/www.instagram.com\\\/la_guia_de_pamplona\\\/\",\"https:\\\/\\\/www.youtube.com\\\/user\\\/laguiadepamplona\"]},{\"@type\":\"Person\",\"@id\":\"https:\\\/\\\/www.laguiadepamplona.com\\\/actualidad\\\/#\\\/schema\\\/person\\\/efe887376f0213d4657c93adc50b1fdb\",\"name\":\"La Gu\u00eda de Pamplona\",\"image\":{\"@type\":\"ImageObject\",\"inLanguage\":\"es\",\"@id\":\"https:\\\/\\\/secure.gravatar.com\\\/avatar\\\/b6992f131dc8d30ab0dff15446e9d346d9dbd95992de0fef795073f5ea83a81c?s=96&d=mm&r=g\",\"url\":\"https:\\\/\\\/secure.gravatar.com\\\/avatar\\\/b6992f131dc8d30ab0dff15446e9d346d9dbd95992de0fef795073f5ea83a81c?s=96&d=mm&r=g\",\"contentUrl\":\"https:\\\/\\\/secure.gravatar.com\\\/avatar\\\/b6992f131dc8d30ab0dff15446e9d346d9dbd95992de0fef795073f5ea83a81c?s=96&d=mm&r=g\",\"caption\":\"La Gu\u00eda de Pamplona\"}}]}<\/script>\n<!-- \/ Yoast SEO plugin. -->","yoast_head_json":{"title":"Pamplona contar\u00e1 con un circuito de prueba para el desarrollo y la investigaci\u00f3n de tecnolog\u00edas de movilidad con el objetivo de la mejora de la gesti\u00f3n del tr\u00e1fico","description":"El alcalde de Pamplona ha visitado esta ma\u00f1ana NAITEC, centro tecnol\u00f3gico que impulsa esta iniciativa","robots":{"index":"index","follow":"follow","max-snippet":"max-snippet:-1","max-image-preview":"max-image-preview:large","max-video-preview":"max-video-preview:-1"},"canonical":"https:\/\/www.laguiadepamplona.com\/actualidad\/pamplona-contara-con-un-circuito-de-prueba-para-el-desarrollo-y-la-investigacion-de-tecnologias-de-movilidad-con-el-objetivo-de-la-mejora-de-la-gestion-del-trafico\/","og_locale":"es_ES","og_type":"article","og_title":"Pamplona contar\u00e1 con un circuito de prueba para el desarrollo y la investigaci\u00f3n de tecnolog\u00edas de movilidad con el objetivo de la mejora de la gesti\u00f3n del tr\u00e1fico","og_description":"El alcalde de Pamplona ha visitado esta ma\u00f1ana NAITEC, centro tecnol\u00f3gico que impulsa esta iniciativa","og_url":"https:\/\/www.laguiadepamplona.com\/actualidad\/pamplona-contara-con-un-circuito-de-prueba-para-el-desarrollo-y-la-investigacion-de-tecnologias-de-movilidad-con-el-objetivo-de-la-mejora-de-la-gestion-del-trafico\/","og_site_name":"La Gu\u00eda de Pamplona","article_publisher":"https:\/\/www.facebook.com\/laguiadepamplonacom-133175176762273\/?ref=hl","article_published_time":"2022-10-11T17:11:40+00:00","article_modified_time":"2023-04-11T09:47:44+00:00","og_image":[{"width":1920,"height":1082,"url":"https:\/\/www.laguiadepamplona.com\/actualidad\/wp-content\/uploads\/2022\/10\/circuito-prueba-desarrollo-investigacion-tecnologias-movilidad.webp","type":"image\/webp"}],"author":"La Gu\u00eda de Pamplona","twitter_card":"summary_large_image","twitter_creator":"@LaGuiadPamplona","twitter_site":"@LaGuiadPamplona","twitter_misc":{"Escrito por":"La Gu\u00eda de Pamplona","Tiempo de lectura":"2 minutos"},"schema":{"@context":"https:\/\/schema.org","@graph":[{"@type":"Article","@id":"https:\/\/www.laguiadepamplona.com\/actualidad\/pamplona-contara-con-un-circuito-de-prueba-para-el-desarrollo-y-la-investigacion-de-tecnologias-de-movilidad-con-el-objetivo-de-la-mejora-de-la-gestion-del-trafico\/#article","isPartOf":{"@id":"https:\/\/www.laguiadepamplona.com\/actualidad\/pamplona-contara-con-un-circuito-de-prueba-para-el-desarrollo-y-la-investigacion-de-tecnologias-de-movilidad-con-el-objetivo-de-la-mejora-de-la-gestion-del-trafico\/"},"author":{"name":"La Gu\u00eda de Pamplona","@id":"https:\/\/www.laguiadepamplona.com\/actualidad\/#\/schema\/person\/efe887376f0213d4657c93adc50b1fdb"},"headline":"Pamplona contar\u00e1 con un circuito de prueba para el desarrollo y la investigaci\u00f3n de tecnolog\u00edas de movilidad con el objetivo de la mejora de la gesti\u00f3n del tr\u00e1fico","datePublished":"2022-10-11T17:11:40+00:00","dateModified":"2023-04-11T09:47:44+00:00","mainEntityOfPage":{"@id":"https:\/\/www.laguiadepamplona.com\/actualidad\/pamplona-contara-con-un-circuito-de-prueba-para-el-desarrollo-y-la-investigacion-de-tecnologias-de-movilidad-con-el-objetivo-de-la-mejora-de-la-gestion-del-trafico\/"},"wordCount":481,"commentCount":0,"publisher":{"@id":"https:\/\/www.laguiadepamplona.com\/actualidad\/#organization"},"image":{"@id":"https:\/\/www.laguiadepamplona.com\/actualidad\/pamplona-contara-con-un-circuito-de-prueba-para-el-desarrollo-y-la-investigacion-de-tecnologias-de-movilidad-con-el-objetivo-de-la-mejora-de-la-gestion-del-trafico\/#primaryimage"},"thumbnailUrl":"https:\/\/www.laguiadepamplona.com\/actualidad\/wp-content\/uploads\/2022\/10\/circuito-prueba-desarrollo-investigacion-tecnologias-movilidad.webp","articleSection":["Ayto Pamplona"],"inLanguage":"es","potentialAction":[{"@type":"CommentAction","name":"Comment","target":["https:\/\/www.laguiadepamplona.com\/actualidad\/pamplona-contara-con-un-circuito-de-prueba-para-el-desarrollo-y-la-investigacion-de-tecnologias-de-movilidad-con-el-objetivo-de-la-mejora-de-la-gestion-del-trafico\/#respond"]}]},{"@type":"WebPage","@id":"https:\/\/www.laguiadepamplona.com\/actualidad\/pamplona-contara-con-un-circuito-de-prueba-para-el-desarrollo-y-la-investigacion-de-tecnologias-de-movilidad-con-el-objetivo-de-la-mejora-de-la-gestion-del-trafico\/","url":"https:\/\/www.laguiadepamplona.com\/actualidad\/pamplona-contara-con-un-circuito-de-prueba-para-el-desarrollo-y-la-investigacion-de-tecnologias-de-movilidad-con-el-objetivo-de-la-mejora-de-la-gestion-del-trafico\/","name":"Pamplona contar\u00e1 con un circuito de prueba para el desarrollo y la investigaci\u00f3n de tecnolog\u00edas de movilidad con el objetivo de la mejora de la gesti\u00f3n del tr\u00e1fico","isPartOf":{"@id":"https:\/\/www.laguiadepamplona.com\/actualidad\/#website"},"primaryImageOfPage":{"@id":"https:\/\/www.laguiadepamplona.com\/actualidad\/pamplona-contara-con-un-circuito-de-prueba-para-el-desarrollo-y-la-investigacion-de-tecnologias-de-movilidad-con-el-objetivo-de-la-mejora-de-la-gestion-del-trafico\/#primaryimage"},"image":{"@id":"https:\/\/www.laguiadepamplona.com\/actualidad\/pamplona-contara-con-un-circuito-de-prueba-para-el-desarrollo-y-la-investigacion-de-tecnologias-de-movilidad-con-el-objetivo-de-la-mejora-de-la-gestion-del-trafico\/#primaryimage"},"thumbnailUrl":"https:\/\/www.laguiadepamplona.com\/actualidad\/wp-content\/uploads\/2022\/10\/circuito-prueba-desarrollo-investigacion-tecnologias-movilidad.webp","datePublished":"2022-10-11T17:11:40+00:00","dateModified":"2023-04-11T09:47:44+00:00","description":"El alcalde de Pamplona ha visitado esta ma\u00f1ana NAITEC, centro tecnol\u00f3gico que impulsa esta iniciativa","breadcrumb":{"@id":"https:\/\/www.laguiadepamplona.com\/actualidad\/pamplona-contara-con-un-circuito-de-prueba-para-el-desarrollo-y-la-investigacion-de-tecnologias-de-movilidad-con-el-objetivo-de-la-mejora-de-la-gestion-del-trafico\/#breadcrumb"},"inLanguage":"es","potentialAction":[{"@type":"ReadAction","target":["https:\/\/www.laguiadepamplona.com\/actualidad\/pamplona-contara-con-un-circuito-de-prueba-para-el-desarrollo-y-la-investigacion-de-tecnologias-de-movilidad-con-el-objetivo-de-la-mejora-de-la-gestion-del-trafico\/"]}]},{"@type":"ImageObject","inLanguage":"es","@id":"https:\/\/www.laguiadepamplona.com\/actualidad\/pamplona-contara-con-un-circuito-de-prueba-para-el-desarrollo-y-la-investigacion-de-tecnologias-de-movilidad-con-el-objetivo-de-la-mejora-de-la-gestion-del-trafico\/#primaryimage","url":"https:\/\/www.laguiadepamplona.com\/actualidad\/wp-content\/uploads\/2022\/10\/circuito-prueba-desarrollo-investigacion-tecnologias-movilidad.webp","contentUrl":"https:\/\/www.laguiadepamplona.com\/actualidad\/wp-content\/uploads\/2022\/10\/circuito-prueba-desarrollo-investigacion-tecnologias-movilidad.webp","width":1920,"height":1082},{"@type":"BreadcrumbList","@id":"https:\/\/www.laguiadepamplona.com\/actualidad\/pamplona-contara-con-un-circuito-de-prueba-para-el-desarrollo-y-la-investigacion-de-tecnologias-de-movilidad-con-el-objetivo-de-la-mejora-de-la-gestion-del-trafico\/#breadcrumb","itemListElement":[{"@type":"ListItem","position":1,"name":"Portada","item":"https:\/\/www.laguiadepamplona.com\/actualidad\/"},{"@type":"ListItem","position":2,"name":"Pamplona contar\u00e1 con un circuito de prueba para el desarrollo y la investigaci\u00f3n de tecnolog\u00edas de movilidad con el objetivo de la mejora de la gesti\u00f3n del tr\u00e1fico"}]},{"@type":"WebSite","@id":"https:\/\/www.laguiadepamplona.com\/actualidad\/#website","url":"https:\/\/www.laguiadepamplona.com\/actualidad\/","name":"La gu\u00eda de Pamplona","description":"Noticias de Pamplona","publisher":{"@id":"https:\/\/www.laguiadepamplona.com\/actualidad\/#organization"},"potentialAction":[{"@type":"SearchAction","target":{"@type":"EntryPoint","urlTemplate":"https:\/\/www.laguiadepamplona.com\/actualidad\/?s={search_term_string}"},"query-input":{"@type":"PropertyValueSpecification","valueRequired":true,"valueName":"search_term_string"}}],"inLanguage":"es"},{"@type":"Organization","@id":"https:\/\/www.laguiadepamplona.com\/actualidad\/#organization","name":"La Gu\u00eda de Pamplona \/ Noticias","url":"https:\/\/www.laguiadepamplona.com\/actualidad\/","logo":{"@type":"ImageObject","inLanguage":"es","@id":"https:\/\/www.laguiadepamplona.com\/actualidad\/#\/schema\/logo\/image\/","url":"https:\/\/www.laguiadepamplona.com\/actualidad\/wp-content\/uploads\/2018\/11\/logo-laguiadepamplona18-web1.png","contentUrl":"https:\/\/www.laguiadepamplona.com\/actualidad\/wp-content\/uploads\/2018\/11\/logo-laguiadepamplona18-web1.png","width":600,"height":196,"caption":"La Gu\u00eda de Pamplona \/ Noticias"},"image":{"@id":"https:\/\/www.laguiadepamplona.com\/actualidad\/#\/schema\/logo\/image\/"},"sameAs":["https:\/\/www.facebook.com\/laguiadepamplonacom-133175176762273\/?ref=hl","https:\/\/x.com\/LaGuiadPamplona","https:\/\/www.instagram.com\/la_guia_de_pamplona\/","https:\/\/www.youtube.com\/user\/laguiadepamplona"]},{"@type":"Person","@id":"https:\/\/www.laguiadepamplona.com\/actualidad\/#\/schema\/person\/efe887376f0213d4657c93adc50b1fdb","name":"La Gu\u00eda de Pamplona","image":{"@type":"ImageObject","inLanguage":"es","@id":"https:\/\/secure.gravatar.com\/avatar\/b6992f131dc8d30ab0dff15446e9d346d9dbd95992de0fef795073f5ea83a81c?s=96&d=mm&r=g","url":"https:\/\/secure.gravatar.com\/avatar\/b6992f131dc8d30ab0dff15446e9d346d9dbd95992de0fef795073f5ea83a81c?s=96&d=mm&r=g","contentUrl":"https:\/\/secure.gravatar.com\/avatar\/b6992f131dc8d30ab0dff15446e9d346d9dbd95992de0fef795073f5ea83a81c?s=96&d=mm&r=g","caption":"La Gu\u00eda de Pamplona"}}]}},"post_mailing_queue_ids":[],"_links":{"self":[{"href":"https:\/\/www.laguiadepamplona.com\/actualidad\/wp-json\/wp\/v2\/posts\/41881","targetHints":{"allow":["GET"]}}],"collection":[{"href":"https:\/\/www.laguiadepamplona.com\/actualidad\/wp-json\/wp\/v2\/posts"}],"about":[{"href":"https:\/\/www.laguiadepamplona.com\/actualidad\/wp-json\/wp\/v2\/types\/post"}],"author":[{"embeddable":true,"href":"https:\/\/www.laguiadepamplona.com\/actualidad\/wp-json\/wp\/v2\/users\/1"}],"replies":[{"embeddable":true,"href":"https:\/\/www.laguiadepamplona.com\/actualidad\/wp-json\/wp\/v2\/comments?post=41881"}],"version-history":[{"count":0,"href":"https:\/\/www.laguiadepamplona.com\/actualidad\/wp-json\/wp\/v2\/posts\/41881\/revisions"}],"wp:featuredmedia":[{"embeddable":true,"href":"https:\/\/www.laguiadepamplona.com\/actualidad\/wp-json\/wp\/v2\/media\/41882"}],"wp:attachment":[{"href":"https:\/\/www.laguiadepamplona.com\/actualidad\/wp-json\/wp\/v2\/media?parent=41881"}],"wp:term":[{"taxonomy":"category","embeddable":true,"href":"https:\/\/www.laguiadepamplona.com\/actualidad\/wp-json\/wp\/v2\/categories?post=41881"},{"taxonomy":"post_tag","embeddable":true,"href":"https:\/\/www.laguiadepamplona.com\/actualidad\/wp-json\/wp\/v2\/tags?post=41881"}],"curies":[{"name":"wp","href":"https:\/\/api.w.org\/{rel}","templated":true}]}}